{"id":159948,"date":"2019-01-17T09:44:48","date_gmt":"2019-01-17T12:44:48","guid":{"rendered":"https:\/\/www.estrategiaconcursos.com.br\/blog\/?p=159948"},"modified":"2019-01-19T19:27:42","modified_gmt":"2019-01-19T22:27:42","slug":"retificacao-prf-cespe-retifica-conteudo-de-legislacao-penal","status":"publish","type":"post","link":"https:\/\/www.estrategiaconcursos.com.br\/blog\/retificacao-prf-cespe-retifica-conteudo-de-legislacao-penal\/","title":{"rendered":"Retifica\u00e7\u00e3o PRF: Cespe retifica conte\u00fado de Legisla\u00e7\u00e3o Penal"},"content":{"rendered":"\n<p>Ol\u00e1 pessoal! No dia 16 de janeiro o Cespe divulgou nova retifica\u00e7\u00e3o do edital da PRF. Nesta retifica\u00e7\u00e3o PRF o Cespe resolveu um problema que existia no conte\u00fado referente ao Estatuto da Crian\u00e7a e do Adolescente, detalhando de maneira mais adequada os dispositivos que realmente ser\u00e3o cobrados em prova.<\/p>\n\n\n\n<p>Veja como era a reda\u00e7\u00e3o anterior e como ficou a nova reda\u00e7\u00e3o:<\/p>\n\n\n\n<p><em>5 Lei n\u00ba 8.069\/1990 e suas altera\u00e7\u00f5es (Estatuto da Crian\u00e7a e do Adolescente): T\u00edtulo II, Cap\u00edtulos I e II, T\u00edtulo III, Cap\u00edtulo II, Se\u00e7\u00e3o III, T\u00edtulo V e T\u00edtulo VII <\/em><\/p>\n\n\n\n<p><em>5 Lei n\u00ba 8.069\/1990 e suas altera\u00e7\u00f5es (Estatuto da Crian\u00e7a e do Adolescente): T\u00edtulo III (Da preven\u00e7\u00e3o), Cap\u00edtulo II (Da preven\u00e7\u00e3o especial), Se\u00e7\u00e3o III (arts. 83 a 85), T\u00edtulo II (Das medidas de prote\u00e7\u00e3o), Cap\u00edtulo I (art. 98) e Cap\u00edtulo II (arts. 99 a 102), T\u00edtulo V (arts. 131 a 140) e T\u00edtulo VII (arts. 225 a 258-C).<\/em> <\/p>\n\n\n\n<p> A forma como o edital original foi publicado gerou bastante confus\u00e3o, pois o Cespe n\u00e3o indicou especificamente os artigos que seriam cobrados, e nem indicou os nomes dos t\u00edtulos, mas na retifica\u00e7\u00e3o PRF o Cespe trouxe um maior detalhamento, indicando os nomes dos t\u00edtulos (at\u00e9 porque existem t\u00edtulos com a mesma numera\u00e7\u00e3o na parte geral e na parte especial) e agora passou a indicar especificamente a numera\u00e7\u00e3o dos dispositivos que ser\u00e3o cobrados.<\/p>\n\n\n\n<p>No v\u00eddeo a seguir explico detalhadamente quais foram as altera\u00e7\u00f5es feitas na retifica\u00e7\u00e3o PRF e qual o impacto que isso causa na sua prepara\u00e7\u00e3o nesta reta final.<\/p>\n\n\n<figure class=\"wp-block-embed-youtube wp-block-embed is-type-video is-provider-youtube wp-embed-aspect-16-9 wp-has-aspect-ratio\"><div class=\"lyte-wrapper\" style=\"width:853px;max-width:100%;margin:5px;\"><div class=\"lyMe\" id=\"WYL_FK6ecPjGmHM\"><div id=\"lyte_FK6ecPjGmHM\" data-src=\"\/\/i.ytimg.com\/vi\/FK6ecPjGmHM\/hqdefault.jpg\" class=\"pL\"><div class=\"tC\"><div class=\"tT\"><\/div><\/div><div class=\"play\"><\/div><div class=\"ctrl\"><div class=\"Lctrl\"><\/div><div class=\"Rctrl\"><\/div><\/div><\/div><noscript><a href=\"https:\/\/youtu.be\/FK6ecPjGmHM\" rel=\"nofollow\"><img loading=\"lazy\" decoding=\"async\" src=\"https:\/\/i.ytimg.com\/vi\/FK6ecPjGmHM\/0.jpg\" alt=\"YouTube video thumbnail\" width=\"853\" height=\"460\" \/><br \/>Assista a este v\u00eddeo no YouTube<\/a><\/noscript><\/div><\/div><div class=\"lL\" style=\"max-width:100%;width:853px;margin:5px;\"><\/div><figcaption><\/figcaption><\/figure>\n\n\n<p>Se tiver alguma d\u00favida sobre a retifica\u00e7\u00e3o PRF deixe aqui seu coment\u00e1rio ou me manda uma mensagem l\u00e1 no instagram.<\/p>\n\n\n\n<p>Bons estudos!<\/p>\n","protected":false},"excerpt":{"rendered":"<p>Ol\u00e1 pessoal! No dia 16 de janeiro o Cespe divulgou nova retifica\u00e7\u00e3o do edital da PRF. Nesta retifica\u00e7\u00e3o PRF o Cespe resolveu um problema que existia no conte\u00fado referente ao Estatuto da Crian\u00e7a e do Adolescente, detalhando de maneira mais adequada os dispositivos que realmente ser\u00e3o cobrados em prova. Veja como era a reda\u00e7\u00e3o anterior [&hellip;]<\/p>\n","protected":false},"author":99,"featured_media":0,"comment_status":"open","ping_status":"closed","sticky":false,"template":"","format":"standard","meta":{"post_tipo":"article","footnotes":""},"categories":[1,1988],"tags":[],"tax_estado":[],"class_list":["post-159948","post","type-post","status-publish","format-standard","hentry","category-cursos-e-concursos","category-policia"],"acf":[],"yoast_head":"<!-- This site is optimized with the Yoast SEO Premium plugin v27.2 (Yoast SEO v27.2) - https:\/\/yoast.com\/product\/yoast-seo-premium-wordpress\/ -->\n<title>Retifica\u00e7\u00e3o PRF: Cespe retifica conte\u00fado de Legisla\u00e7\u00e3o Penal<\/title>\n<meta name=\"description\" content=\"O Prof. Paulo Guimar\u00e3es explica a retifica\u00e7\u00e3o PRF em rela\u00e7\u00e3o ao conte\u00fado do Estatuto da Crian\u00e7a e do Adolescente cobrado no edital.\" \/>\n<meta name=\"robots\" content=\"index, follow, max-snippet:-1, max-image-preview:large, max-video-preview:-1\" \/>\n<link rel=\"canonical\" href=\"https:\/\/www.estrategiaconcursos.com.br\/blog\/retificacao-prf-cespe-retifica-conteudo-de-legislacao-penal\/\" \/>\n<meta property=\"og:locale\" content=\"pt_BR\" \/>\n<meta property=\"og:type\" content=\"article\" \/>\n<meta property=\"og:title\" content=\"Retifica\u00e7\u00e3o PRF: Cespe retifica conte\u00fado de Legisla\u00e7\u00e3o Penal\" \/>\n<meta property=\"og:description\" content=\"O Prof. Paulo Guimar\u00e3es explica a retifica\u00e7\u00e3o PRF em rela\u00e7\u00e3o ao conte\u00fado do Estatuto da Crian\u00e7a e do Adolescente cobrado no edital.\" \/>\n<meta property=\"og:url\" content=\"https:\/\/www.estrategiaconcursos.com.br\/blog\/retificacao-prf-cespe-retifica-conteudo-de-legislacao-penal\/\" \/>\n<meta property=\"og:site_name\" content=\"Estrat\u00e9gia Concursos\" \/>\n<meta property=\"article:published_time\" content=\"2019-01-17T12:44:48+00:00\" \/>\n<meta property=\"article:modified_time\" content=\"2019-01-19T22:27:42+00:00\" \/>\n<meta name=\"author\" content=\"Paulo Guimar\u00e3es\" \/>\n<meta name=\"twitter:card\" content=\"summary_large_image\" \/>\n<meta name=\"twitter:creator\" content=\"@EstratConcursos\" \/>\n<meta name=\"twitter:site\" content=\"@EstratConcursos\" \/>\n<meta name=\"twitter:label1\" content=\"Escrito por\" \/>\n\t<meta name=\"twitter:data1\" content=\"Paulo Guimar\u00e3es\" \/>\n\t<meta name=\"twitter:label2\" content=\"Est. tempo de leitura\" \/>\n\t<meta name=\"twitter:data2\" content=\"2 minutos\" \/>\n<script type=\"application\/ld+json\" class=\"yoast-schema-graph\">{\"@context\":\"https:\/\/schema.org\",\"@graph\":[{\"@type\":\"NewsArticle\",\"@id\":\"https:\/\/www.estrategiaconcursos.com.br\/blog\/retificacao-prf-cespe-retifica-conteudo-de-legislacao-penal\/#article\",\"isPartOf\":{\"@id\":\"https:\/\/www.estrategiaconcursos.com.br\/blog\/retificacao-prf-cespe-retifica-conteudo-de-legislacao-penal\/\"},\"author\":{\"name\":\"Paulo Guimar\u00e3es\",\"@id\":\"https:\/\/www.estrategiaconcursos.com.br\/blog\/#\/schema\/person\/80ff9f9f52e43a90b6efd99f2869d22b\"},\"headline\":\"Retifica\u00e7\u00e3o PRF: Cespe retifica conte\u00fado de Legisla\u00e7\u00e3o Penal\",\"datePublished\":\"2019-01-17T12:44:48+00:00\",\"dateModified\":\"2019-01-19T22:27:42+00:00\",\"mainEntityOfPage\":{\"@id\":\"https:\/\/www.estrategiaconcursos.com.br\/blog\/retificacao-prf-cespe-retifica-conteudo-de-legislacao-penal\/\"},\"wordCount\":318,\"commentCount\":4,\"publisher\":{\"@id\":\"https:\/\/www.estrategiaconcursos.com.br\/blog\/#organization\"},\"articleSection\":[\"Concursos P\u00fablicos\",\"Policial (Agente, Escriv\u00e3o e Investigador)\"],\"inLanguage\":\"pt-BR\",\"potentialAction\":[{\"@type\":\"CommentAction\",\"name\":\"Comment\",\"target\":[\"https:\/\/www.estrategiaconcursos.com.br\/blog\/retificacao-prf-cespe-retifica-conteudo-de-legislacao-penal\/#respond\"]}],\"copyrightYear\":\"2019\",\"copyrightHolder\":{\"@id\":\"https:\/\/www.estrategiaconcursos.com.br\/blog\/#organization\"}},{\"@type\":\"WebPage\",\"@id\":\"https:\/\/www.estrategiaconcursos.com.br\/blog\/retificacao-prf-cespe-retifica-conteudo-de-legislacao-penal\/\",\"url\":\"https:\/\/www.estrategiaconcursos.com.br\/blog\/retificacao-prf-cespe-retifica-conteudo-de-legislacao-penal\/\",\"name\":\"Retifica\u00e7\u00e3o PRF: Cespe retifica conte\u00fado de Legisla\u00e7\u00e3o Penal\",\"isPartOf\":{\"@id\":\"https:\/\/www.estrategiaconcursos.com.br\/blog\/#website\"},\"datePublished\":\"2019-01-17T12:44:48+00:00\",\"dateModified\":\"2019-01-19T22:27:42+00:00\",\"description\":\"O Prof. Paulo Guimar\u00e3es explica a retifica\u00e7\u00e3o PRF em rela\u00e7\u00e3o ao conte\u00fado do Estatuto da Crian\u00e7a e do Adolescente cobrado no edital.\",\"breadcrumb\":{\"@id\":\"https:\/\/www.estrategiaconcursos.com.br\/blog\/retificacao-prf-cespe-retifica-conteudo-de-legislacao-penal\/#breadcrumb\"},\"inLanguage\":\"pt-BR\",\"potentialAction\":[{\"@type\":\"ReadAction\",\"target\":[\"https:\/\/www.estrategiaconcursos.com.br\/blog\/retificacao-prf-cespe-retifica-conteudo-de-legislacao-penal\/\"]}]},{\"@type\":\"BreadcrumbList\",\"@id\":\"https:\/\/www.estrategiaconcursos.com.br\/blog\/retificacao-prf-cespe-retifica-conteudo-de-legislacao-penal\/#breadcrumb\",\"itemListElement\":[{\"@type\":\"ListItem\",\"position\":1,\"name\":\"In\u00edcio\",\"item\":\"https:\/\/www.estrategiaconcursos.com.br\/blog\/\"},{\"@type\":\"ListItem\",\"position\":2,\"name\":\"Retifica\u00e7\u00e3o PRF: Cespe retifica conte\u00fado de Legisla\u00e7\u00e3o Penal\"}]},{\"@type\":\"WebSite\",\"@id\":\"https:\/\/www.estrategiaconcursos.com.br\/blog\/#website\",\"url\":\"https:\/\/www.estrategiaconcursos.com.br\/blog\/\",\"name\":\"Estrat\u00e9gia Concursos\",\"description\":\"O blog da Estrat\u00e9gia Concursos traz not\u00edcias sobre concursos e artigos de professores oferecendo cursos para concursos (pdf + videaulas) no site.\",\"publisher\":{\"@id\":\"https:\/\/www.estrategiaconcursos.com.br\/blog\/#organization\"},\"potentialAction\":[{\"@type\":\"SearchAction\",\"target\":{\"@type\":\"EntryPoint\",\"urlTemplate\":\"https:\/\/www.estrategiaconcursos.com.br\/blog\/?s={search_term_string}\"},\"query-input\":{\"@type\":\"PropertyValueSpecification\",\"valueRequired\":true,\"valueName\":\"search_term_string\"}}],\"inLanguage\":\"pt-BR\"},{\"@type\":\"Organization\",\"@id\":\"https:\/\/www.estrategiaconcursos.com.br\/blog\/#organization\",\"name\":\"Estrat\u00e9gia Concursos\",\"url\":\"https:\/\/www.estrategiaconcursos.com.br\/blog\/\",\"logo\":{\"@type\":\"ImageObject\",\"inLanguage\":\"pt-BR\",\"@id\":\"https:\/\/www.estrategiaconcursos.com.br\/blog\/#\/schema\/logo\/image\/\",\"url\":\"https:\/\/dhg1h5j42swfq.cloudfront.net\/2025\/06\/03203428\/logo_concursos-1.jpg\",\"contentUrl\":\"https:\/\/dhg1h5j42swfq.cloudfront.net\/2025\/06\/03203428\/logo_concursos-1.jpg\",\"width\":230,\"height\":60,\"caption\":\"Estrat\u00e9gia Concursos\"},\"image\":{\"@id\":\"https:\/\/www.estrategiaconcursos.com.br\/blog\/#\/schema\/logo\/image\/\"},\"sameAs\":[\"https:\/\/x.com\/EstratConcursos\"]},{\"@type\":\"Person\",\"@id\":\"https:\/\/www.estrategiaconcursos.com.br\/blog\/#\/schema\/person\/80ff9f9f52e43a90b6efd99f2869d22b\",\"name\":\"Paulo Guimar\u00e3es\",\"image\":{\"@type\":\"ImageObject\",\"inLanguage\":\"pt-BR\",\"@id\":\"https:\/\/secure.gravatar.com\/avatar\/08d24bbaa2d103a1d6aba72ee81baa1680267436588d5d9cfb8d32c3aa4ca278?s=96&d=mm&r=g\",\"url\":\"https:\/\/secure.gravatar.com\/avatar\/08d24bbaa2d103a1d6aba72ee81baa1680267436588d5d9cfb8d32c3aa4ca278?s=96&d=mm&r=g\",\"contentUrl\":\"https:\/\/secure.gravatar.com\/avatar\/08d24bbaa2d103a1d6aba72ee81baa1680267436588d5d9cfb8d32c3aa4ca278?s=96&d=mm&r=g\",\"caption\":\"Paulo Guimar\u00e3es\"},\"url\":\"https:\/\/www.estrategiaconcursos.com.br\/blog\/author\/pauloguimaraesestrategiaconcursos-com-br\/\"}]}<\/script>\n<!-- \/ Yoast SEO Premium plugin. -->","yoast_head_json":{"title":"Retifica\u00e7\u00e3o PRF: Cespe retifica conte\u00fado de Legisla\u00e7\u00e3o Penal","description":"O Prof. Paulo Guimar\u00e3es explica a retifica\u00e7\u00e3o PRF em rela\u00e7\u00e3o ao conte\u00fado do Estatuto da Crian\u00e7a e do Adolescente cobrado no edital.","robots":{"index":"index","follow":"follow","max-snippet":"max-snippet:-1","max-image-preview":"max-image-preview:large","max-video-preview":"max-video-preview:-1"},"canonical":"https:\/\/www.estrategiaconcursos.com.br\/blog\/retificacao-prf-cespe-retifica-conteudo-de-legislacao-penal\/","og_locale":"pt_BR","og_type":"article","og_title":"Retifica\u00e7\u00e3o PRF: Cespe retifica conte\u00fado de Legisla\u00e7\u00e3o Penal","og_description":"O Prof. Paulo Guimar\u00e3es explica a retifica\u00e7\u00e3o PRF em rela\u00e7\u00e3o ao conte\u00fado do Estatuto da Crian\u00e7a e do Adolescente cobrado no edital.","og_url":"https:\/\/www.estrategiaconcursos.com.br\/blog\/retificacao-prf-cespe-retifica-conteudo-de-legislacao-penal\/","og_site_name":"Estrat\u00e9gia Concursos","article_published_time":"2019-01-17T12:44:48+00:00","article_modified_time":"2019-01-19T22:27:42+00:00","author":"Paulo Guimar\u00e3es","twitter_card":"summary_large_image","twitter_creator":"@EstratConcursos","twitter_site":"@EstratConcursos","twitter_misc":{"Escrito por":"Paulo Guimar\u00e3es","Est. tempo de leitura":"2 minutos"},"schema":{"@context":"https:\/\/schema.org","@graph":[{"@type":"NewsArticle","@id":"https:\/\/www.estrategiaconcursos.com.br\/blog\/retificacao-prf-cespe-retifica-conteudo-de-legislacao-penal\/#article","isPartOf":{"@id":"https:\/\/www.estrategiaconcursos.com.br\/blog\/retificacao-prf-cespe-retifica-conteudo-de-legislacao-penal\/"},"author":{"name":"Paulo Guimar\u00e3es","@id":"https:\/\/www.estrategiaconcursos.com.br\/blog\/#\/schema\/person\/80ff9f9f52e43a90b6efd99f2869d22b"},"headline":"Retifica\u00e7\u00e3o PRF: Cespe retifica conte\u00fado de Legisla\u00e7\u00e3o Penal","datePublished":"2019-01-17T12:44:48+00:00","dateModified":"2019-01-19T22:27:42+00:00","mainEntityOfPage":{"@id":"https:\/\/www.estrategiaconcursos.com.br\/blog\/retificacao-prf-cespe-retifica-conteudo-de-legislacao-penal\/"},"wordCount":318,"commentCount":4,"publisher":{"@id":"https:\/\/www.estrategiaconcursos.com.br\/blog\/#organization"},"articleSection":["Concursos P\u00fablicos","Policial (Agente, Escriv\u00e3o e Investigador)"],"inLanguage":"pt-BR","potentialAction":[{"@type":"CommentAction","name":"Comment","target":["https:\/\/www.estrategiaconcursos.com.br\/blog\/retificacao-prf-cespe-retifica-conteudo-de-legislacao-penal\/#respond"]}],"copyrightYear":"2019","copyrightHolder":{"@id":"https:\/\/www.estrategiaconcursos.com.br\/blog\/#organization"}},{"@type":"WebPage","@id":"https:\/\/www.estrategiaconcursos.com.br\/blog\/retificacao-prf-cespe-retifica-conteudo-de-legislacao-penal\/","url":"https:\/\/www.estrategiaconcursos.com.br\/blog\/retificacao-prf-cespe-retifica-conteudo-de-legislacao-penal\/","name":"Retifica\u00e7\u00e3o PRF: Cespe retifica conte\u00fado de Legisla\u00e7\u00e3o Penal","isPartOf":{"@id":"https:\/\/www.estrategiaconcursos.com.br\/blog\/#website"},"datePublished":"2019-01-17T12:44:48+00:00","dateModified":"2019-01-19T22:27:42+00:00","description":"O Prof. Paulo Guimar\u00e3es explica a retifica\u00e7\u00e3o PRF em rela\u00e7\u00e3o ao conte\u00fado do Estatuto da Crian\u00e7a e do Adolescente cobrado no edital.","breadcrumb":{"@id":"https:\/\/www.estrategiaconcursos.com.br\/blog\/retificacao-prf-cespe-retifica-conteudo-de-legislacao-penal\/#breadcrumb"},"inLanguage":"pt-BR","potentialAction":[{"@type":"ReadAction","target":["https:\/\/www.estrategiaconcursos.com.br\/blog\/retificacao-prf-cespe-retifica-conteudo-de-legislacao-penal\/"]}]},{"@type":"BreadcrumbList","@id":"https:\/\/www.estrategiaconcursos.com.br\/blog\/retificacao-prf-cespe-retifica-conteudo-de-legislacao-penal\/#breadcrumb","itemListElement":[{"@type":"ListItem","position":1,"name":"In\u00edcio","item":"https:\/\/www.estrategiaconcursos.com.br\/blog\/"},{"@type":"ListItem","position":2,"name":"Retifica\u00e7\u00e3o PRF: Cespe retifica conte\u00fado de Legisla\u00e7\u00e3o Penal"}]},{"@type":"WebSite","@id":"https:\/\/www.estrategiaconcursos.com.br\/blog\/#website","url":"https:\/\/www.estrategiaconcursos.com.br\/blog\/","name":"Estrat\u00e9gia Concursos","description":"O blog da Estrat\u00e9gia Concursos traz not\u00edcias sobre concursos e artigos de professores oferecendo cursos para concursos (pdf + videaulas) no site.","publisher":{"@id":"https:\/\/www.estrategiaconcursos.com.br\/blog\/#organization"},"potentialAction":[{"@type":"SearchAction","target":{"@type":"EntryPoint","urlTemplate":"https:\/\/www.estrategiaconcursos.com.br\/blog\/?s={search_term_string}"},"query-input":{"@type":"PropertyValueSpecification","valueRequired":true,"valueName":"search_term_string"}}],"inLanguage":"pt-BR"},{"@type":"Organization","@id":"https:\/\/www.estrategiaconcursos.com.br\/blog\/#organization","name":"Estrat\u00e9gia Concursos","url":"https:\/\/www.estrategiaconcursos.com.br\/blog\/","logo":{"@type":"ImageObject","inLanguage":"pt-BR","@id":"https:\/\/www.estrategiaconcursos.com.br\/blog\/#\/schema\/logo\/image\/","url":"https:\/\/dhg1h5j42swfq.cloudfront.net\/2025\/06\/03203428\/logo_concursos-1.jpg","contentUrl":"https:\/\/dhg1h5j42swfq.cloudfront.net\/2025\/06\/03203428\/logo_concursos-1.jpg","width":230,"height":60,"caption":"Estrat\u00e9gia Concursos"},"image":{"@id":"https:\/\/www.estrategiaconcursos.com.br\/blog\/#\/schema\/logo\/image\/"},"sameAs":["https:\/\/x.com\/EstratConcursos"]},{"@type":"Person","@id":"https:\/\/www.estrategiaconcursos.com.br\/blog\/#\/schema\/person\/80ff9f9f52e43a90b6efd99f2869d22b","name":"Paulo Guimar\u00e3es","image":{"@type":"ImageObject","inLanguage":"pt-BR","@id":"https:\/\/secure.gravatar.com\/avatar\/08d24bbaa2d103a1d6aba72ee81baa1680267436588d5d9cfb8d32c3aa4ca278?s=96&d=mm&r=g","url":"https:\/\/secure.gravatar.com\/avatar\/08d24bbaa2d103a1d6aba72ee81baa1680267436588d5d9cfb8d32c3aa4ca278?s=96&d=mm&r=g","contentUrl":"https:\/\/secure.gravatar.com\/avatar\/08d24bbaa2d103a1d6aba72ee81baa1680267436588d5d9cfb8d32c3aa4ca278?s=96&d=mm&r=g","caption":"Paulo Guimar\u00e3es"},"url":"https:\/\/www.estrategiaconcursos.com.br\/blog\/author\/pauloguimaraesestrategiaconcursos-com-br\/"}]}},"_links":{"self":[{"href":"https:\/\/www.estrategiaconcursos.com.br\/blog\/wp-json\/wp\/v2\/posts\/159948","targetHints":{"allow":["GET"]}}],"collection":[{"href":"https:\/\/www.estrategiaconcursos.com.br\/blog\/wp-json\/wp\/v2\/posts"}],"about":[{"href":"https:\/\/www.estrategiaconcursos.com.br\/blog\/wp-json\/wp\/v2\/types\/post"}],"author":[{"embeddable":true,"href":"https:\/\/www.estrategiaconcursos.com.br\/blog\/wp-json\/wp\/v2\/users\/99"}],"replies":[{"embeddable":true,"href":"https:\/\/www.estrategiaconcursos.com.br\/blog\/wp-json\/wp\/v2\/comments?post=159948"}],"version-history":[{"count":3,"href":"https:\/\/www.estrategiaconcursos.com.br\/blog\/wp-json\/wp\/v2\/posts\/159948\/revisions"}],"predecessor-version":[{"id":159953,"href":"https:\/\/www.estrategiaconcursos.com.br\/blog\/wp-json\/wp\/v2\/posts\/159948\/revisions\/159953"}],"wp:attachment":[{"href":"https:\/\/www.estrategiaconcursos.com.br\/blog\/wp-json\/wp\/v2\/media?parent=159948"}],"wp:term":[{"taxonomy":"category","embeddable":true,"href":"https:\/\/www.estrategiaconcursos.com.br\/blog\/wp-json\/wp\/v2\/categories?post=159948"},{"taxonomy":"post_tag","embeddable":true,"href":"https:\/\/www.estrategiaconcursos.com.br\/blog\/wp-json\/wp\/v2\/tags?post=159948"},{"taxonomy":"tax_estado","embeddable":true,"href":"https:\/\/www.estrategiaconcursos.com.br\/blog\/wp-json\/wp\/v2\/tax_estado?post=159948"}],"curies":[{"name":"wp","href":"https:\/\/api.w.org\/{rel}","templated":true}]}}