{"id":159837,"date":"2019-01-16T15:36:49","date_gmt":"2019-01-16T18:36:49","guid":{"rendered":"https:\/\/www.estrategiaconcursos.com.br\/blog\/?p=159837"},"modified":"2019-01-19T19:29:19","modified_gmt":"2019-01-19T22:29:19","slug":"novo-decreto-que-facilita-a-posse-de-armas-entenda-o-que-mudou","status":"publish","type":"post","link":"https:\/\/www.estrategiaconcursos.com.br\/blog\/novo-decreto-que-facilita-a-posse-de-armas-entenda-o-que-mudou\/","title":{"rendered":"Novo Decreto que facilita a posse de armas: Entenda o que mudou"},"content":{"rendered":"\n<h2 class=\"wp-block-heading\">Introdu\u00e7\u00e3o<\/h2>\n\n\n\n<p>O Presidente da Rep\u00fablica publicou ontem o Decreto 9.685\/2019, que\nalterou diversos dispositivos que regulamentam os requisitos para a aquisi\u00e7\u00e3o e\nregistro de armas de fogo. Ao faz\u00ea-lo, levou a cabo uma das promessas mais\npropagadas durante a campanha eleitoral. <\/p>\n\n\n\n<p>Neste artigo, o professor Michael Procopio e eu faremos breves\ncoment\u00e1rios sobre esse novo ato normativo. Na primeira parte do nosso artigo, comentaremos\nas quatro altera\u00e7\u00f5es principais que foram promovidas. Na segunda parte, falaremos\nsobre alguns erros comuns que se t\u00eam incorrido ao interpretar o decreto.\nTrata-se de um tema que se encontra cercado de fake news. Na terceira parte,\nfaremos breves coment\u00e1rios sobre a possibilidade de o decreto ter a sua\nlegalidade ou constitucionalidade questionada. &nbsp;<\/p>\n\n\n\n<h2 class=\"wp-block-heading\"> <br \/>PARTE I: O que mudou? <\/h2>\n\n\n\n<p>A Lei 10.826\/2003, conhecido como Estatuto do Desarmamento, disp\u00f5e\nsobre o registro, a posse e a comercializa\u00e7\u00e3o de armas de fogo e muni\u00e7\u00e3o.&nbsp; De modo bastante geral, podemos dizer que\nessa lei estabelece os requisitos b\u00e1sicos que devem ser preenchidos para que\nalgu\u00e9m possua uma arma de fogo ou porte uma arma de fogo. &nbsp;A <em>posse<\/em>\nautoriza que o propriet\u00e1rio da arma a mantenha em sua resid\u00eancia ou no seu\nlocal de trabalho; o <em>porte<\/em>, como o\nnome j\u00e1 indica, permite que a pessoa a leve consigo.&nbsp; Em quaisquer das duas hip\u00f3teses, deve o\npropriet\u00e1rio <em>registrar<\/em> a arma de fogo\nno \u00f3rg\u00e3o competente e promover a renova\u00e7\u00e3o do registro periodicamente. <\/p>\n\n\n\n<p>Embora a lei estabele\u00e7a esses requisitos, o fato \u00e9 que ela n\u00e3o\ndesceu a min\u00facias. O legislador deixou ao Poder Executivo uma margem\nconsider\u00e1vel para atua\u00e7\u00e3o. E foi dessa forma, aproveitando-se desse espa\u00e7o, que\no Presidente da Rep\u00fablica editou o Decreto 9.685\/2019, o qual promoveu\naltera\u00e7\u00f5es significativas no Decreto n\u00ba 5.123\/2004, que regulamenta o Estatuto\ndo Desarmamento. Dentre as inova\u00e7\u00f5es, destacam-se quatro: a) altera\u00e7\u00e3o das\nregras que regulamentam a aquisi\u00e7\u00e3o de armas de fogo de uso permitido; b)\naumento do prazo de validade dos registros de armas de fogo de uso permitido;\nc) aumento do prazo de validade dos registros de armas de fogo de uso restrito;\nd) renova\u00e7\u00e3o autom\u00e1tica da validade dos certificados expedidos at\u00e9 a data da\nsua publica\u00e7\u00e3o. <\/p>\n\n\n\n<p>A primeira novidade \u00e9 a mais importante, porque concerne ao\ndireito da aquisi\u00e7\u00e3o de uma arma de fogo. <\/p>\n\n\n\n<p>Sobre o tema, disp\u00f5e o artigo 4\u00ba da Lei 10.826\/2003:<\/p>\n\n\n\n<blockquote class=\"wp-block-quote is-layout-flow wp-block-quote-is-layout-flow\"><p><em>Art. 4o Para adquirir arma de fogo de uso permitido o interessado dever\u00e1, al\u00e9m de declarar a efetiva necessidade, atender aos seguintes requisitos:<\/em><\/p><\/blockquote>\n\n\n\n<blockquote class=\"wp-block-quote is-layout-flow wp-block-quote-is-layout-flow\"><p><em>I &#8211; comprova\u00e7\u00e3o de idoneidade, com a apresenta\u00e7\u00e3o de certid\u00f5es negativas de antecedentes criminais fornecidas pela Justi\u00e7a Federal, Estadual, Militar e Eleitoral e de n\u00e3o estar respondendo a inqu\u00e9rito policial ou a processo criminal, que poder\u00e3o ser fornecidas por meios eletr\u00f4nicos; (Reda\u00e7\u00e3o dada pela Lei n\u00ba 11.706, de 2008)<\/em><\/p><p><em>II \u2013 apresenta\u00e7\u00e3o de documento comprobat\u00f3rio de ocupa\u00e7\u00e3o l\u00edcita e de resid\u00eancia certa;<\/em><\/p><\/blockquote>\n\n\n\n<blockquote class=\"wp-block-quote is-layout-flow wp-block-quote-is-layout-flow\"><p><em>III \u2013 comprova\u00e7\u00e3o de capacidade t\u00e9cnica e de aptid\u00e3o psicol\u00f3gica para o manuseio de arma de fogo, atestadas na forma disposta no regulamento desta Lei.<\/em><\/p><\/blockquote>\n\n\n\n<p>Como se pode observar, al\u00e9m dos requisitos enumerados pelos incisos\nI, II e III, a lei exige a demonstra\u00e7\u00e3o da efetiva necessidade da\naquisi\u00e7\u00e3o da arma de fogo.&nbsp; Assim, n\u00e3o\nbasta ter aptid\u00e3o t\u00e9cnica, psicol\u00f3gica, e n\u00e3o possuir antecedentes. O\ninteressado precisa demonstrar que <em>necessita<\/em>\ndo artefato. <\/p>\n\n\n\n<p>At\u00e9 a data de ontem, a regulamenta\u00e7\u00e3o do dispositivo dava \u00e0\nPol\u00edcia Federal uma relativa discricionariedade na avalia\u00e7\u00e3o desse requisito.\nE, em raz\u00e3o disso, havia rigor nessa an\u00e1lise, porque\nargumentos gen\u00e9ricos, que se aplicam ao conjunto da popula\u00e7\u00e3o \u2013 como viol\u00eancia\nurbana \u2013 n\u00e3o eram considerados motivos id\u00f4neos para justificar a autoriza\u00e7\u00e3o de\ncompra de uma arma de fogo. Seria necess\u00e1rio demonstrar a necessidade concreta,\ne n\u00e3o meramente abstrata, do artefato. <\/p>\n\n\n\n<p>Foi isso que mudou consideravelmente com a edi\u00e7\u00e3o do Decreto 9.685\/2019,\nque reduziu a densidade normativa da cl\u00e1usula da <em>efetiva necessidade<\/em> atrav\u00e9s de duas frentes. Pela primeira, o novo\ndecreto trouxe a presun\u00e7\u00e3o de veracidade dos fatos elencados pelo requerente<a href=\"#_ftn1\">[1]<\/a>.\n&nbsp;Assim, se o interessado afirmou que\nnecessita da arma de fogo porque foi amea\u00e7ado, a Pol\u00edcia Federal, ao analisar o\npedido, deve considerar como verdadeiro esse fato, dispensando a comprova\u00e7\u00e3o da\nefetiva amea\u00e7a. Pela segunda, o Decreto elencou diversas circunst\u00e2ncias em que\nse considera presente a efetiva necessidade, independentemente de qualquer\noutro argumento adicional. Transcrevemos o dispositivo:<\/p>\n\n\n\n<blockquote class=\"wp-block-quote is-layout-flow wp-block-quote-is-layout-flow\"><p><em>Art. 12. Para adquirir arma de fogo de uso permitido o interessado dever\u00e1:<\/em><\/p><p><em>I &#8211; declarar efetiva necessidade; [&#8230;]<\/em><\/p><p><em>\u00a7 7\u00ba&nbsp; Para a aquisi\u00e7\u00e3o de armas de fogo de uso permitido, considera-se presente a efetiva necessidade nas seguintes hip\u00f3teses:<\/em><\/p><p><em>I &#8211; agentes p\u00fablicos, inclusive os inativos:<\/em><\/p><p><em>a) da \u00e1rea de seguran\u00e7a p\u00fablica;<\/em><\/p><p><em>b) integrantes das carreiras da Ag\u00eancia Brasileira de Intelig\u00eancia;<\/em><\/p><p><em>c) da administra\u00e7\u00e3o penitenci\u00e1ria;<\/em><\/p><p><em>d) do sistema socioeducativo, desde que lotados nas unidades de interna\u00e7\u00e3o a que se refere o inciso VI do caput do art. 112 da Lei n\u00ba 8.069, de 13 de julho de 1990; e<\/em><\/p><p><em>e) envolvidos no exerc\u00edcio de atividades de poder de pol\u00edcia administrativa ou de correi\u00e7\u00e3o em car\u00e1ter permanente;<\/em><\/p><p><em>II &#8211; militares ativos e inativos;<\/em><\/p><p><em>III &#8211; residentes em \u00e1rea rural;<\/em><\/p><p><em>IV &#8211; residentes em \u00e1reas urbanas com elevados \u00edndices de viol\u00eancia, assim consideradas aquelas localizadas em unidades federativas com \u00edndices anuais de mais de dez homic\u00eddios por cem mil habitantes, no ano de 2016, conforme os dados do Atlas da Viol\u00eancia 2018, produzido pelo Instituto de Pesquisa Econ\u00f4mica Aplicada e pelo F\u00f3rum Brasileiro de Seguran\u00e7a P\u00fablica;<\/em><\/p><p><em>V &#8211; titulares ou respons\u00e1veis legais de estabelecimentos comerciais ou industriais; e<\/em><\/p><p><em>VI &#8211; colecionadores, atiradores e ca\u00e7adores, devidamente registrados no Comando do Ex\u00e9rcito.<\/em><\/p><\/blockquote>\n\n\n\n<p>Observem que o inciso I \u00e9 bastante amplo, porque abrange todos os\nservidores&nbsp; \u201cenvolvidos no exerc\u00edcio de\natividades de poder de pol\u00edcia administrativa ou correi\u00e7\u00e3o em car\u00e1ter\npermanente\u201d. Assim, enquadram-se nesse dispositivo os auditores fiscais,\nagentes da vigil\u00e2ncia sanit\u00e1ria, fiscais do IBAMA, etc. <\/p>\n\n\n\n<p>O inciso II concerne aos militares, incluindo os inativos. <\/p>\n\n\n\n<p>O inciso III faz presumir a efetiva necessidade da arma de fogo\npara os residentes em \u00e1reas rurais, independentemente de qualquer argumenta\u00e7\u00e3o\nadicional.&nbsp; O inciso IV, para os\nresidentes em \u00e1reas urbanas com mais de dez mil homic\u00eddios por cem mil\nhabitantes no ano de 2016. Todos os Estados enquadram-se nesse requisito<a href=\"#_ftn2\">[2]<\/a>.\n<\/p>\n\n\n\n<p>O inciso V concerne aos titulares ou respons\u00e1veis legais de\nestabelecimentos comerciais ou industriais. Portanto, o dono de uma padaria, o\npropriet\u00e1rio de um restaurante, o titular de uma mec\u00e2nica, dentre outros, podem\nmanter uma arma de fogo no estabelecimento. <\/p>\n\n\n\n<p>Por fim, o inciso VI presume a efetiva necessidade aos\ncolecionadores, atiradores e ca\u00e7adores registrados no Comando do Ex\u00e9rcito. <\/p>\n\n\n\n<p>Na pr\u00e1tica, com a edi\u00e7\u00e3o desse Decreto, a efetiva necessidade caiu\npor terra. Todos preenchem esse requisito. Quem mora na zona rural, basta\nalegar o inciso III. Quem mora na zona urbana, o inciso IV. <\/p>\n\n\n\n<p>As outras inova\u00e7\u00f5es do Decreto dizem respeito ao registro da arma\nde fogo. <\/p>\n\n\n\n<p>Como j\u00e1 mencionamos, a Lei 10.826\/20003 exige que o certificado\nseja renovado periodicamente, mas n\u00e3o estabelece qualquer prazo, deixando para\no regulamento a fixa\u00e7\u00e3o.&nbsp; At\u00e9 ontem, o\nprazo de renova\u00e7\u00e3o para as armas de uso permitido era de cinco anos. Passou a\nser de dez anos. Para as armas de uso restrito, o prazo de renova\u00e7\u00e3o era de\ntr\u00eas anos, e passou a ser tamb\u00e9m de dez anos. <\/p>\n\n\n\n<p>Por fim, o Decreto renovou automaticamente os certificados de arma\nde fogo expedidos antes da sua publica\u00e7\u00e3o<a href=\"#_ftn3\">[3]<\/a>.\n<\/p>\n\n\n\n<h2 class=\"wp-block-heading\">PARTE II \u2013 Combatendo FAKE NEWS<\/h2>\n\n\n\n<p>Viralizaram postagens afirmando que, a partir de agora, todos\npodemos sair \u00e0s ruas utilizando armas de fogo. Nada mais equivocado.&nbsp; Como vimos ao longo do texto, o decreto\nfacilitou a posse de arma de fogo, n\u00e3o tendo trazido qualquer flexibiliza\u00e7\u00e3o no\nque tange&nbsp; ao porte de armas. Portanto,\naqueles que obtiverem o direito \u00e0 posse e, por conseguinte, adquirirem uma\narma, devem mant\u00ea-la em seu domic\u00edlio ou no local do seu trabalho.&nbsp; Caso contr\u00e1rio, n\u00e3o s\u00f3 cometem uma\nilegalidade, mas um crime, cuja tipifica\u00e7\u00e3o se encontra no artigo 14 da Lei\n10.826\/2003. <a href=\"#_ftn4\">[4]<\/a><\/p>\n\n\n\n<h2 class=\"wp-block-heading\">PARTE III \u2013 O Decreto \u00e9 Legal?<\/h2>\n\n\n\n<p>Como mencionamos, a Lei 10.826\/2003 deixou um espa\u00e7o razo\u00e1vel para atua\u00e7\u00e3o do Poder Executivo na regulamenta\u00e7\u00e3o dos seus dispositivos. Assim, nada impediria que o Presidente da Rep\u00fablica flexibilizasse alguns dos requisitos previstos no Decreto anterior. <\/p>\n\n\n\n<p>No entanto, pode existir certa plausibilidade<a href=\"#_ftn5\">[5]<\/a>\nna alega\u00e7\u00e3o de que o Decreto 9.685\/2019 foi longe demais na altera\u00e7\u00e3o das regras\npara aquisi\u00e7\u00e3o de armas de fogo. Explicamo-nos. <\/p>\n\n\n\n<p>O artigo 4\u00ba, caput, da Lei 10.826\/2003, exige que o interessado\ndeclare possuir efetiva necessidade na aquisi\u00e7\u00e3o da arma de fogo. Embora a\nexpress\u00e3o seja um tanto indeterminada, \u00e9 certo que ela possui algum grau de\ndetermina\u00e7\u00e3o. N\u00e3o se trata de uma frase com grau zero de sentido.<\/p>\n\n\n\n<p>O novo decreto, no entanto, embora tenha mantido a exig\u00eancia da\ndemonstra\u00e7\u00e3o da efetiva necessidade, na pr\u00e1tica acabou por torn\u00e1-la uma mera\nformalidade.&nbsp; De um modo ou de outro,\ntodos conseguem se enquadrar nos novos crit\u00e9rios que foram estabelecidos. <\/p>\n\n\n\n<p>Assim, \u00e9 poss\u00edvel argumentar que, ainda que por via transversa, o\nnovo Decreto ofendeu o conte\u00fado da lei, retirando um dos requisitos exigidos\npor ela para aquisi\u00e7\u00e3o do direito \u00e0 posse de uma arma de fogo. Trata-se de uma\nquest\u00e3o que possivelmente o Poder Judici\u00e1rio ser\u00e1 instado a se manifestar. <\/p>\n\n\n\n<h2 class=\"wp-block-heading\">Considera\u00e7\u00f5es Finais<\/h2>\n\n\n\n<p>Por fim, colocamo-nos \u00e0 disposi\u00e7\u00e3o de voc\u00eas.<\/p>\n\n\n\n<p>Sigam-nos no Instagram:<\/p>\n\n\n\n<p>@prof.pontalti<\/p>\n\n\n\n<p>@professor.procopio<br \/><\/p>\n\n\n\n<hr class=\"wp-block-separator\" \/>\n\n\n\n<p><a href=\"#_ftnref1\">[1]<\/a>\nArt. 12. Para adquirir arma de fogo de uso permitido o interessado dever\u00e1:<\/p>\n\n\n\n<p>I &#8211; declarar efetiva\nnecessidade; [&#8230;]<\/p>\n\n\n\n<p>\u00a7 1\u00ba&nbsp; Presume-se a veracidade dos fatos e das\ncircunst\u00e2ncias afirmadas na declara\u00e7\u00e3o de efetiva necessidade a que se refere o\ninciso I do caput, a qual ser\u00e1 examinada pela Pol\u00edcia Federal nos termos deste\nartigo.<\/p>\n\n\n\n<p><a href=\"#_ftnref2\">[2]<\/a> http:\/\/www.ipea.gov.br\/portal\/images\/stories\/PDFs\/relatorio_institucional\/180604_atlas_da_violencia_2018.pdf<\/p>\n\n\n\n<p><a href=\"#_ftnref3\">[3]<\/a> Art.\n2\u00ba&nbsp; Os Certificados de Registro de Arma\nde Fogo expedidos antes da data de publica\u00e7\u00e3o deste Decreto ficam\nautomaticamente renovados pelo prazo a que se refere o \u00a7 2\u00ba do art. 16 do\nDecreto n\u00ba 5.123, de 2004.<\/p>\n\n\n\n<p><a href=\"#_ftnref4\">[4]<\/a>&nbsp;&nbsp;&nbsp; Porte ilegal de arma de fogo de uso\npermitido<\/p>\n\n\n\n<p>&nbsp; Art. 14.\nPortar, deter, adquirir, fornecer, receber, ter em dep\u00f3sito, transportar,\nceder, ainda que gratuitamente, emprestar, remeter, empregar, manter sob guarda\nou ocultar arma de fogo, acess\u00f3rio ou muni\u00e7\u00e3o, de uso permitido, sem\nautoriza\u00e7\u00e3o e em desacordo com determina\u00e7\u00e3o legal ou regulamentar:<\/p>\n\n\n\n<p>Pena \u2013 reclus\u00e3o, de 2 (dois) a 4 (quatro) anos, e\nmulta.<\/p>\n\n\n\n<p><a href=\"#_ftnref5\">[5]<\/a> N\u00e3o estamos assumindo nenhuma\nposi\u00e7\u00e3o, mas t\u00e3o somente compartilhando algumas teses que podem ser invocadas. <\/p>\n\n\n\n<p><\/p>\n","protected":false},"excerpt":{"rendered":"<p>Introdu\u00e7\u00e3o O Presidente da Rep\u00fablica publicou ontem o Decreto 9.685\/2019, que alterou diversos dispositivos que regulamentam os requisitos para a aquisi\u00e7\u00e3o e registro de armas de fogo. Ao faz\u00ea-lo, levou a cabo uma das promessas mais propagadas durante a campanha eleitoral. Neste artigo, o professor Michael Procopio e eu faremos breves coment\u00e1rios sobre esse novo [&hellip;]<\/p>\n","protected":false},"author":495,"featured_media":159847,"comment_status":"open","ping_status":"closed","sticky":false,"template":"","format":"standard","meta":{"post_tipo":"article","footnotes":""},"categories":[1,2185,1988,1984],"tags":[],"tax_estado":[],"class_list":["post-159837","post","type-post","status-publish","format-standard","has-post-thumbnail","hentry","category-cursos-e-concursos","category-carreiras-juridicas","category-policia","category-tribunais"],"acf":[],"yoast_head":"<!-- This site is optimized with the Yoast SEO Premium plugin v27.2 (Yoast SEO v27.2) - https:\/\/yoast.com\/product\/yoast-seo-premium-wordpress\/ -->\n<title>Novo Decreto que facilita a posse de armas: Entenda o que mudou<\/title>\n<meta name=\"description\" content=\"Novo Decreto que facilita a posse de armas: o prof. Mateus Pontalti explica os desdobramewntos do novo decreto assinado pelo Presidente Bolsonaro.\" \/>\n<meta name=\"robots\" content=\"index, follow, max-snippet:-1, max-image-preview:large, max-video-preview:-1\" \/>\n<link rel=\"canonical\" href=\"https:\/\/www.estrategiaconcursos.com.br\/blog\/novo-decreto-que-facilita-a-posse-de-armas-entenda-o-que-mudou\/\" \/>\n<meta property=\"og:locale\" content=\"pt_BR\" \/>\n<meta property=\"og:type\" content=\"article\" \/>\n<meta property=\"og:title\" content=\"Novo Decreto que facilita a posse de armas: Entenda o que mudou\" \/>\n<meta property=\"og:description\" content=\"Novo Decreto que facilita a posse de armas: o prof. Mateus Pontalti explica os desdobramewntos do novo decreto assinado pelo Presidente Bolsonaro.\" \/>\n<meta property=\"og:url\" content=\"https:\/\/www.estrategiaconcursos.com.br\/blog\/novo-decreto-que-facilita-a-posse-de-armas-entenda-o-que-mudou\/\" \/>\n<meta property=\"og:site_name\" content=\"Estrat\u00e9gia Concursos\" \/>\n<meta property=\"article:published_time\" content=\"2019-01-16T18:36:49+00:00\" \/>\n<meta property=\"article:modified_time\" content=\"2019-01-19T22:29:19+00:00\" \/>\n<meta property=\"og:image\" content=\"https:\/\/dhg1h5j42swfq.cloudfront.net\/2019\/01\/16154457\/novo-decreto.jpg\" \/>\n\t<meta property=\"og:image:width\" content=\"1920\" \/>\n\t<meta property=\"og:image:height\" content=\"1231\" \/>\n\t<meta property=\"og:image:type\" content=\"image\/jpeg\" \/>\n<meta name=\"author\" content=\"Mateus Pontalti\" \/>\n<meta name=\"twitter:card\" content=\"summary_large_image\" \/>\n<meta name=\"twitter:creator\" content=\"@EstratConcursos\" \/>\n<meta name=\"twitter:site\" content=\"@EstratConcursos\" \/>\n<meta name=\"twitter:label1\" content=\"Escrito por\" \/>\n\t<meta name=\"twitter:data1\" content=\"Mateus Pontalti\" \/>\n\t<meta name=\"twitter:label2\" content=\"Est. tempo de leitura\" \/>\n\t<meta name=\"twitter:data2\" content=\"9 minutos\" \/>\n<script type=\"application\/ld+json\" class=\"yoast-schema-graph\">{\"@context\":\"https:\/\/schema.org\",\"@graph\":[{\"@type\":\"NewsArticle\",\"@id\":\"https:\/\/www.estrategiaconcursos.com.br\/blog\/novo-decreto-que-facilita-a-posse-de-armas-entenda-o-que-mudou\/#article\",\"isPartOf\":{\"@id\":\"https:\/\/www.estrategiaconcursos.com.br\/blog\/novo-decreto-que-facilita-a-posse-de-armas-entenda-o-que-mudou\/\"},\"author\":{\"name\":\"Mateus Pontalti\",\"@id\":\"https:\/\/www.estrategiaconcursos.com.br\/blog\/#\/schema\/person\/15f93cdb1e2b647ff267328ed928db2e\"},\"headline\":\"Novo Decreto que facilita a posse de armas: Entenda o que mudou\",\"datePublished\":\"2019-01-16T18:36:49+00:00\",\"dateModified\":\"2019-01-19T22:29:19+00:00\",\"mainEntityOfPage\":{\"@id\":\"https:\/\/www.estrategiaconcursos.com.br\/blog\/novo-decreto-que-facilita-a-posse-de-armas-entenda-o-que-mudou\/\"},\"wordCount\":1868,\"commentCount\":15,\"publisher\":{\"@id\":\"https:\/\/www.estrategiaconcursos.com.br\/blog\/#organization\"},\"image\":{\"@id\":\"https:\/\/www.estrategiaconcursos.com.br\/blog\/novo-decreto-que-facilita-a-posse-de-armas-entenda-o-que-mudou\/#primaryimage\"},\"thumbnailUrl\":\"https:\/\/dhg1h5j42swfq.cloudfront.net\/2019\/01\/16154457\/novo-decreto.jpg\",\"articleSection\":[\"Concursos P\u00fablicos\",\"Jur\u00eddico\",\"Policial (Agente, Escriv\u00e3o e Investigador)\",\"Tribunais\"],\"inLanguage\":\"pt-BR\",\"potentialAction\":[{\"@type\":\"CommentAction\",\"name\":\"Comment\",\"target\":[\"https:\/\/www.estrategiaconcursos.com.br\/blog\/novo-decreto-que-facilita-a-posse-de-armas-entenda-o-que-mudou\/#respond\"]}],\"copyrightYear\":\"2019\",\"copyrightHolder\":{\"@id\":\"https:\/\/www.estrategiaconcursos.com.br\/blog\/#organization\"}},{\"@type\":\"WebPage\",\"@id\":\"https:\/\/www.estrategiaconcursos.com.br\/blog\/novo-decreto-que-facilita-a-posse-de-armas-entenda-o-que-mudou\/\",\"url\":\"https:\/\/www.estrategiaconcursos.com.br\/blog\/novo-decreto-que-facilita-a-posse-de-armas-entenda-o-que-mudou\/\",\"name\":\"Novo Decreto que facilita a posse de armas: Entenda o que mudou\",\"isPartOf\":{\"@id\":\"https:\/\/www.estrategiaconcursos.com.br\/blog\/#website\"},\"primaryImageOfPage\":{\"@id\":\"https:\/\/www.estrategiaconcursos.com.br\/blog\/novo-decreto-que-facilita-a-posse-de-armas-entenda-o-que-mudou\/#primaryimage\"},\"image\":{\"@id\":\"https:\/\/www.estrategiaconcursos.com.br\/blog\/novo-decreto-que-facilita-a-posse-de-armas-entenda-o-que-mudou\/#primaryimage\"},\"thumbnailUrl\":\"https:\/\/dhg1h5j42swfq.cloudfront.net\/2019\/01\/16154457\/novo-decreto.jpg\",\"datePublished\":\"2019-01-16T18:36:49+00:00\",\"dateModified\":\"2019-01-19T22:29:19+00:00\",\"description\":\"Novo Decreto que facilita a posse de armas: o prof. Mateus Pontalti explica os desdobramewntos do novo decreto assinado pelo Presidente Bolsonaro.\",\"breadcrumb\":{\"@id\":\"https:\/\/www.estrategiaconcursos.com.br\/blog\/novo-decreto-que-facilita-a-posse-de-armas-entenda-o-que-mudou\/#breadcrumb\"},\"inLanguage\":\"pt-BR\",\"potentialAction\":[{\"@type\":\"ReadAction\",\"target\":[\"https:\/\/www.estrategiaconcursos.com.br\/blog\/novo-decreto-que-facilita-a-posse-de-armas-entenda-o-que-mudou\/\"]}]},{\"@type\":\"ImageObject\",\"inLanguage\":\"pt-BR\",\"@id\":\"https:\/\/www.estrategiaconcursos.com.br\/blog\/novo-decreto-que-facilita-a-posse-de-armas-entenda-o-que-mudou\/#primaryimage\",\"url\":\"https:\/\/dhg1h5j42swfq.cloudfront.net\/2019\/01\/16154457\/novo-decreto.jpg\",\"contentUrl\":\"https:\/\/dhg1h5j42swfq.cloudfront.net\/2019\/01\/16154457\/novo-decreto.jpg\",\"width\":1920,\"height\":1231,\"caption\":\"novo decreto armas\"},{\"@type\":\"BreadcrumbList\",\"@id\":\"https:\/\/www.estrategiaconcursos.com.br\/blog\/novo-decreto-que-facilita-a-posse-de-armas-entenda-o-que-mudou\/#breadcrumb\",\"itemListElement\":[{\"@type\":\"ListItem\",\"position\":1,\"name\":\"In\u00edcio\",\"item\":\"https:\/\/www.estrategiaconcursos.com.br\/blog\/\"},{\"@type\":\"ListItem\",\"position\":2,\"name\":\"Novo Decreto que facilita a posse de armas: Entenda o que mudou\"}]},{\"@type\":\"WebSite\",\"@id\":\"https:\/\/www.estrategiaconcursos.com.br\/blog\/#website\",\"url\":\"https:\/\/www.estrategiaconcursos.com.br\/blog\/\",\"name\":\"Estrat\u00e9gia Concursos\",\"description\":\"O blog da Estrat\u00e9gia Concursos traz not\u00edcias sobre concursos e artigos de professores oferecendo cursos para concursos (pdf + videaulas) no site.\",\"publisher\":{\"@id\":\"https:\/\/www.estrategiaconcursos.com.br\/blog\/#organization\"},\"potentialAction\":[{\"@type\":\"SearchAction\",\"target\":{\"@type\":\"EntryPoint\",\"urlTemplate\":\"https:\/\/www.estrategiaconcursos.com.br\/blog\/?s={search_term_string}\"},\"query-input\":{\"@type\":\"PropertyValueSpecification\",\"valueRequired\":true,\"valueName\":\"search_term_string\"}}],\"inLanguage\":\"pt-BR\"},{\"@type\":\"Organization\",\"@id\":\"https:\/\/www.estrategiaconcursos.com.br\/blog\/#organization\",\"name\":\"Estrat\u00e9gia Concursos\",\"url\":\"https:\/\/www.estrategiaconcursos.com.br\/blog\/\",\"logo\":{\"@type\":\"ImageObject\",\"inLanguage\":\"pt-BR\",\"@id\":\"https:\/\/www.estrategiaconcursos.com.br\/blog\/#\/schema\/logo\/image\/\",\"url\":\"https:\/\/dhg1h5j42swfq.cloudfront.net\/2025\/06\/03203428\/logo_concursos-1.jpg\",\"contentUrl\":\"https:\/\/dhg1h5j42swfq.cloudfront.net\/2025\/06\/03203428\/logo_concursos-1.jpg\",\"width\":230,\"height\":60,\"caption\":\"Estrat\u00e9gia Concursos\"},\"image\":{\"@id\":\"https:\/\/www.estrategiaconcursos.com.br\/blog\/#\/schema\/logo\/image\/\"},\"sameAs\":[\"https:\/\/x.com\/EstratConcursos\"]},{\"@type\":\"Person\",\"@id\":\"https:\/\/www.estrategiaconcursos.com.br\/blog\/#\/schema\/person\/15f93cdb1e2b647ff267328ed928db2e\",\"name\":\"Mateus Pontalti\",\"image\":{\"@type\":\"ImageObject\",\"inLanguage\":\"pt-BR\",\"@id\":\"https:\/\/secure.gravatar.com\/avatar\/e49c7395e4308c1f5cd9f655e77a02e0744aec0093427633542091ea9e1a9d9e?s=96&d=mm&r=g\",\"url\":\"https:\/\/secure.gravatar.com\/avatar\/e49c7395e4308c1f5cd9f655e77a02e0744aec0093427633542091ea9e1a9d9e?s=96&d=mm&r=g\",\"contentUrl\":\"https:\/\/secure.gravatar.com\/avatar\/e49c7395e4308c1f5cd9f655e77a02e0744aec0093427633542091ea9e1a9d9e?s=96&d=mm&r=g\",\"caption\":\"Mateus Pontalti\"},\"url\":\"https:\/\/www.estrategiaconcursos.com.br\/blog\/author\/mateus_pontaltihotmail-com\/\"}]}<\/script>\n<!-- \/ Yoast SEO Premium plugin. -->","yoast_head_json":{"title":"Novo Decreto que facilita a posse de armas: Entenda o que mudou","description":"Novo Decreto que facilita a posse de armas: o prof. Mateus Pontalti explica os desdobramewntos do novo decreto assinado pelo Presidente Bolsonaro.","robots":{"index":"index","follow":"follow","max-snippet":"max-snippet:-1","max-image-preview":"max-image-preview:large","max-video-preview":"max-video-preview:-1"},"canonical":"https:\/\/www.estrategiaconcursos.com.br\/blog\/novo-decreto-que-facilita-a-posse-de-armas-entenda-o-que-mudou\/","og_locale":"pt_BR","og_type":"article","og_title":"Novo Decreto que facilita a posse de armas: Entenda o que mudou","og_description":"Novo Decreto que facilita a posse de armas: o prof. Mateus Pontalti explica os desdobramewntos do novo decreto assinado pelo Presidente Bolsonaro.","og_url":"https:\/\/www.estrategiaconcursos.com.br\/blog\/novo-decreto-que-facilita-a-posse-de-armas-entenda-o-que-mudou\/","og_site_name":"Estrat\u00e9gia Concursos","article_published_time":"2019-01-16T18:36:49+00:00","article_modified_time":"2019-01-19T22:29:19+00:00","og_image":[{"width":1920,"height":1231,"url":"https:\/\/dhg1h5j42swfq.cloudfront.net\/2019\/01\/16154457\/novo-decreto.jpg","type":"image\/jpeg"}],"author":"Mateus Pontalti","twitter_card":"summary_large_image","twitter_creator":"@EstratConcursos","twitter_site":"@EstratConcursos","twitter_misc":{"Escrito por":"Mateus Pontalti","Est. tempo de leitura":"9 minutos"},"schema":{"@context":"https:\/\/schema.org","@graph":[{"@type":"NewsArticle","@id":"https:\/\/www.estrategiaconcursos.com.br\/blog\/novo-decreto-que-facilita-a-posse-de-armas-entenda-o-que-mudou\/#article","isPartOf":{"@id":"https:\/\/www.estrategiaconcursos.com.br\/blog\/novo-decreto-que-facilita-a-posse-de-armas-entenda-o-que-mudou\/"},"author":{"name":"Mateus Pontalti","@id":"https:\/\/www.estrategiaconcursos.com.br\/blog\/#\/schema\/person\/15f93cdb1e2b647ff267328ed928db2e"},"headline":"Novo Decreto que facilita a posse de armas: Entenda o que mudou","datePublished":"2019-01-16T18:36:49+00:00","dateModified":"2019-01-19T22:29:19+00:00","mainEntityOfPage":{"@id":"https:\/\/www.estrategiaconcursos.com.br\/blog\/novo-decreto-que-facilita-a-posse-de-armas-entenda-o-que-mudou\/"},"wordCount":1868,"commentCount":15,"publisher":{"@id":"https:\/\/www.estrategiaconcursos.com.br\/blog\/#organization"},"image":{"@id":"https:\/\/www.estrategiaconcursos.com.br\/blog\/novo-decreto-que-facilita-a-posse-de-armas-entenda-o-que-mudou\/#primaryimage"},"thumbnailUrl":"https:\/\/dhg1h5j42swfq.cloudfront.net\/2019\/01\/16154457\/novo-decreto.jpg","articleSection":["Concursos P\u00fablicos","Jur\u00eddico","Policial (Agente, Escriv\u00e3o e Investigador)","Tribunais"],"inLanguage":"pt-BR","potentialAction":[{"@type":"CommentAction","name":"Comment","target":["https:\/\/www.estrategiaconcursos.com.br\/blog\/novo-decreto-que-facilita-a-posse-de-armas-entenda-o-que-mudou\/#respond"]}],"copyrightYear":"2019","copyrightHolder":{"@id":"https:\/\/www.estrategiaconcursos.com.br\/blog\/#organization"}},{"@type":"WebPage","@id":"https:\/\/www.estrategiaconcursos.com.br\/blog\/novo-decreto-que-facilita-a-posse-de-armas-entenda-o-que-mudou\/","url":"https:\/\/www.estrategiaconcursos.com.br\/blog\/novo-decreto-que-facilita-a-posse-de-armas-entenda-o-que-mudou\/","name":"Novo Decreto que facilita a posse de armas: Entenda o que mudou","isPartOf":{"@id":"https:\/\/www.estrategiaconcursos.com.br\/blog\/#website"},"primaryImageOfPage":{"@id":"https:\/\/www.estrategiaconcursos.com.br\/blog\/novo-decreto-que-facilita-a-posse-de-armas-entenda-o-que-mudou\/#primaryimage"},"image":{"@id":"https:\/\/www.estrategiaconcursos.com.br\/blog\/novo-decreto-que-facilita-a-posse-de-armas-entenda-o-que-mudou\/#primaryimage"},"thumbnailUrl":"https:\/\/dhg1h5j42swfq.cloudfront.net\/2019\/01\/16154457\/novo-decreto.jpg","datePublished":"2019-01-16T18:36:49+00:00","dateModified":"2019-01-19T22:29:19+00:00","description":"Novo Decreto que facilita a posse de armas: o prof. Mateus Pontalti explica os desdobramewntos do novo decreto assinado pelo Presidente Bolsonaro.","breadcrumb":{"@id":"https:\/\/www.estrategiaconcursos.com.br\/blog\/novo-decreto-que-facilita-a-posse-de-armas-entenda-o-que-mudou\/#breadcrumb"},"inLanguage":"pt-BR","potentialAction":[{"@type":"ReadAction","target":["https:\/\/www.estrategiaconcursos.com.br\/blog\/novo-decreto-que-facilita-a-posse-de-armas-entenda-o-que-mudou\/"]}]},{"@type":"ImageObject","inLanguage":"pt-BR","@id":"https:\/\/www.estrategiaconcursos.com.br\/blog\/novo-decreto-que-facilita-a-posse-de-armas-entenda-o-que-mudou\/#primaryimage","url":"https:\/\/dhg1h5j42swfq.cloudfront.net\/2019\/01\/16154457\/novo-decreto.jpg","contentUrl":"https:\/\/dhg1h5j42swfq.cloudfront.net\/2019\/01\/16154457\/novo-decreto.jpg","width":1920,"height":1231,"caption":"novo decreto armas"},{"@type":"BreadcrumbList","@id":"https:\/\/www.estrategiaconcursos.com.br\/blog\/novo-decreto-que-facilita-a-posse-de-armas-entenda-o-que-mudou\/#breadcrumb","itemListElement":[{"@type":"ListItem","position":1,"name":"In\u00edcio","item":"https:\/\/www.estrategiaconcursos.com.br\/blog\/"},{"@type":"ListItem","position":2,"name":"Novo Decreto que facilita a posse de armas: Entenda o que mudou"}]},{"@type":"WebSite","@id":"https:\/\/www.estrategiaconcursos.com.br\/blog\/#website","url":"https:\/\/www.estrategiaconcursos.com.br\/blog\/","name":"Estrat\u00e9gia Concursos","description":"O blog da Estrat\u00e9gia Concursos traz not\u00edcias sobre concursos e artigos de professores oferecendo cursos para concursos (pdf + videaulas) no site.","publisher":{"@id":"https:\/\/www.estrategiaconcursos.com.br\/blog\/#organization"},"potentialAction":[{"@type":"SearchAction","target":{"@type":"EntryPoint","urlTemplate":"https:\/\/www.estrategiaconcursos.com.br\/blog\/?s={search_term_string}"},"query-input":{"@type":"PropertyValueSpecification","valueRequired":true,"valueName":"search_term_string"}}],"inLanguage":"pt-BR"},{"@type":"Organization","@id":"https:\/\/www.estrategiaconcursos.com.br\/blog\/#organization","name":"Estrat\u00e9gia Concursos","url":"https:\/\/www.estrategiaconcursos.com.br\/blog\/","logo":{"@type":"ImageObject","inLanguage":"pt-BR","@id":"https:\/\/www.estrategiaconcursos.com.br\/blog\/#\/schema\/logo\/image\/","url":"https:\/\/dhg1h5j42swfq.cloudfront.net\/2025\/06\/03203428\/logo_concursos-1.jpg","contentUrl":"https:\/\/dhg1h5j42swfq.cloudfront.net\/2025\/06\/03203428\/logo_concursos-1.jpg","width":230,"height":60,"caption":"Estrat\u00e9gia Concursos"},"image":{"@id":"https:\/\/www.estrategiaconcursos.com.br\/blog\/#\/schema\/logo\/image\/"},"sameAs":["https:\/\/x.com\/EstratConcursos"]},{"@type":"Person","@id":"https:\/\/www.estrategiaconcursos.com.br\/blog\/#\/schema\/person\/15f93cdb1e2b647ff267328ed928db2e","name":"Mateus Pontalti","image":{"@type":"ImageObject","inLanguage":"pt-BR","@id":"https:\/\/secure.gravatar.com\/avatar\/e49c7395e4308c1f5cd9f655e77a02e0744aec0093427633542091ea9e1a9d9e?s=96&d=mm&r=g","url":"https:\/\/secure.gravatar.com\/avatar\/e49c7395e4308c1f5cd9f655e77a02e0744aec0093427633542091ea9e1a9d9e?s=96&d=mm&r=g","contentUrl":"https:\/\/secure.gravatar.com\/avatar\/e49c7395e4308c1f5cd9f655e77a02e0744aec0093427633542091ea9e1a9d9e?s=96&d=mm&r=g","caption":"Mateus Pontalti"},"url":"https:\/\/www.estrategiaconcursos.com.br\/blog\/author\/mateus_pontaltihotmail-com\/"}]}},"_links":{"self":[{"href":"https:\/\/www.estrategiaconcursos.com.br\/blog\/wp-json\/wp\/v2\/posts\/159837","targetHints":{"allow":["GET"]}}],"collection":[{"href":"https:\/\/www.estrategiaconcursos.com.br\/blog\/wp-json\/wp\/v2\/posts"}],"about":[{"href":"https:\/\/www.estrategiaconcursos.com.br\/blog\/wp-json\/wp\/v2\/types\/post"}],"author":[{"embeddable":true,"href":"https:\/\/www.estrategiaconcursos.com.br\/blog\/wp-json\/wp\/v2\/users\/495"}],"replies":[{"embeddable":true,"href":"https:\/\/www.estrategiaconcursos.com.br\/blog\/wp-json\/wp\/v2\/comments?post=159837"}],"version-history":[{"count":3,"href":"https:\/\/www.estrategiaconcursos.com.br\/blog\/wp-json\/wp\/v2\/posts\/159837\/revisions"}],"predecessor-version":[{"id":159901,"href":"https:\/\/www.estrategiaconcursos.com.br\/blog\/wp-json\/wp\/v2\/posts\/159837\/revisions\/159901"}],"wp:featuredmedia":[{"embeddable":true,"href":"https:\/\/www.estrategiaconcursos.com.br\/blog\/wp-json\/wp\/v2\/media\/159847"}],"wp:attachment":[{"href":"https:\/\/www.estrategiaconcursos.com.br\/blog\/wp-json\/wp\/v2\/media?parent=159837"}],"wp:term":[{"taxonomy":"category","embeddable":true,"href":"https:\/\/www.estrategiaconcursos.com.br\/blog\/wp-json\/wp\/v2\/categories?post=159837"},{"taxonomy":"post_tag","embeddable":true,"href":"https:\/\/www.estrategiaconcursos.com.br\/blog\/wp-json\/wp\/v2\/tags?post=159837"},{"taxonomy":"tax_estado","embeddable":true,"href":"https:\/\/www.estrategiaconcursos.com.br\/blog\/wp-json\/wp\/v2\/tax_estado?post=159837"}],"curies":[{"name":"wp","href":"https:\/\/api.w.org\/{rel}","templated":true}]}}