{"id":1597792,"date":"2025-06-28T10:07:41","date_gmt":"2025-06-28T13:07:41","guid":{"rendered":"https:\/\/www.estrategiaconcursos.com.br\/blog\/?p=1597792"},"modified":"2025-06-28T11:59:44","modified_gmt":"2025-06-28T14:59:44","slug":"concursos-df-pl-nota-menor-cotistas","status":"publish","type":"post","link":"https:\/\/www.estrategiaconcursos.com.br\/blog\/concursos-df-pl-nota-menor-cotistas\/","title":{"rendered":"Concursos DF: PL quer nota menor para cotistas. Confira!"},"content":{"rendered":"\n<p class=\"has-medium-font-size\"><strong><em>Candidatos poder\u00e3o ser aprovados com nota 20% inferior nos concursos p\u00fablicos do DF!<\/em><\/strong><\/p>\n\n\n\n<p>Um novo projeto de lei (PL) quer <strong>reduzir a nota m\u00ednima para aprova\u00e7\u00e3o de cotistas<\/strong> nos concursos p\u00fablicos do<strong> Distrito Federal<\/strong> (DF).<\/p>\n\n\n\n<ul class=\"wp-block-list\">\n<li><a href=\"https:\/\/dhg1h5j42swfq.cloudfront.net\/2025\/06\/28093312\/projeto-de-lei-289167-cotas-joao-cardoso.pdf\" target=\"_blank\" rel=\"noreferrer noopener nofollow\">Projeto de Lei &#8211; redu\u00e7\u00e3o de notas<\/a><\/li>\n<\/ul>\n\n\n\n<p>De autoria do deputado Jo\u00e3o Cardoso,&nbsp;a proposta prev\u00ea que a <strong>nota m\u00ednima exigida dos candidatos \u00e0s vagas reservadas deve ser 20% inferior \u00e0 exigida para os da ampla concorr\u00eancia<\/strong>, para que eles sejam admitidos nas fases subsequentes. <\/p>\n\n\n\n<p>O deputado justifica a proposta para <strong>garantir aos cotistas a possibilidade de acesso aos cargos p\u00fablicos<\/strong> e impedir que regras legais ou edital\u00edcias esvaziem o objetivo.  Para isso, duas solu\u00e7\u00f5es s\u00e3o apresentadas:<\/p>\n\n\n\n<ul class=\"wp-block-list\">\n<li><strong>1\u00aa<\/strong> &#8211; redu\u00e7\u00e3o da nota m\u00ednima necess\u00e1ria \u00e0 aprova\u00e7\u00e3o dos candidatos concorrentes \u00e0s vagas reservadas, para que sejam admitidos nas fases subsequentes. Isso porque n\u00e3o se pode atribuir id\u00eantica exig\u00eancia a candidatos em situa\u00e7\u00e3o de desigualdade, sob pena de se contrariar a pr\u00f3pria ess\u00eancia do sistema de reserva de vagas, al\u00e9m de se violar o princ\u00edpio da igualdade material;<\/li>\n\n\n\n<li><strong>2\u00aa<\/strong> &#8211; previs\u00e3o de que os procedimentos de avalia\u00e7\u00e3o biopsicossocial e de heteroidentica\u00e7\u00e3o n\u00e3o podem importar em redu\u00e7\u00e3o da quantidade de nomea\u00e7\u00f5es para vagas reservadas. Assim, busca-se garantir que os candidatos que efetivamente fa\u00e7am jus ao sistema de cotas n\u00e3o sejam prejudicados pela autodeclara\u00e7\u00e3o equivocada de outros candidatos.<\/li>\n<\/ul>\n\n\n\n<div class=\"container\" id=\"boxes\">\r\n  <div class=\"row\">\r\n\r\n    <div class=\"col-sm\">\r\n      <div class=\"banner-estrat-corj\" id=\"box-assinatura\">\r\n        <h2 class=\"titulo-assinatura\">Cursos para concursos DF<\/h2>\r\n        <p class=\"subtitulo-assinatura\">Prepara\u00e7\u00e3o completa para os Concursos do DF<\/p>\r\n        <div class=\"box-botao\">\r\n          <a class=\"btn-assinatura\" target=\"_blank\" href=\"https:\/\/www.estrategiaconcursos.com.br\/cursos\/regiao\/?estado=DF\" role=\"button\" rel=\"noopener noreferrer\">INICIAR AGORA<\/a>\r\n        <\/div>\r\n      <\/div>\r\n     \r\n    <\/div>\r\n\r\n  <\/div>\r\n<\/div>\n\n\n\n<h2 class=\"wp-block-heading\" id=\"h-aumento-do-percentual-de-cotas-raciais-no-df\">Aumento do percentual de cotas raciais no DF<\/h2>\n\n\n\n<p>Outro projeto de lei prev\u00ea a amplia\u00e7\u00e3o da reserva de 20% para 30% das vagas para candidatos pretos e pardos, ind\u00edgenas e quilombolas oferecidas em concursos p\u00fablicos no DF. <\/p>\n\n\n\n<ul class=\"wp-block-list\">\n<li><a href=\"https:\/\/dhg1h5j42swfq.cloudfront.net\/2025\/06\/28095551\/projeto-de-lei-303169-cotas-magno.pdf\" target=\"_blank\" rel=\"noreferrer noopener\">Projeto de Lei &#8211; aumento das cotas raciais<\/a><\/li>\n<\/ul>\n\n\n\n<p>De autoria do deputado Jo\u00e3o Cardoso, a proposta visa promover a adequa\u00e7\u00e3o da Lei n\u00ba 4.949\/2012 aos par\u00e2metros estabelecidos pela recente Lei Federal n\u00ba 15.142\/2025, de 3 de junho de 2025, que refor\u00e7a a pol\u00edtica de a\u00e7\u00f5es afirmativas e de repara\u00e7\u00e3o. <\/p>\n\n\n\n<p>&#8220;<em><strong>Segundo dados do Censo 2022 do IBGE, pessoas pretas e pardas representam mais de 50% da popula\u00e7\u00e3o brasileira, percentual que se reflete tamb\u00e9m no Distrito Federal. A atual reserva de 20% das vagas revela-se, portanto, insuficiente para promover a representatividade proporcional desses grupos no servi\u00e7o p\u00fablico, perpetuando estruturas de exclus\u00e3o que contradizem os princ\u00edpios constitucionais da igualdade e da dignidade humana. <br \/>A inclus\u00e3o de ind\u00edgenas e quilombolas entre os benefici\u00e1rios das a\u00e7\u00f5es afirmativas representa corre\u00e7\u00e3o de uma lacuna inadmiss\u00edvel na legisla\u00e7\u00e3o distrital. Esses povos, guardi\u00f5es de saberes ancestrais e protagonistas da forma\u00e7\u00e3o cultural brasileira, enfrentaram s\u00e9culos de marginaliza\u00e7\u00e3o, genoc\u00eddio e epistemic\u00eddio. Sua aus\u00eancia nos quadros do servi\u00e7o p\u00fablico n\u00e3o apenas priva a administra\u00e7\u00e3o p\u00fablica de perspectivas \u00fanicas e conhecimentos tradicionais, mas tamb\u00e9m perpetua a invisibiliza\u00e7\u00e3o hist\u00f3rica desses grupos<\/strong><\/em>&#8220;, diz um trecho da justificativa do projeto de lei. <\/p>\n\n\n\n<p class=\"has-text-align-center\"><em>Para mais informa\u00e7\u00f5es dos concursos DF, acesse os links abaixo. O Estrat\u00e9gia Concursos preparou um artigo completo e exclusivo para voc\u00ea!<\/em><\/p>\n\n\n\n<p class=\"has-text-align-center has-cyan-bluish-gray-background-color has-background has-medium-font-size\"><strong>Saiba mais: <a href=\"https:\/\/www.estrategiaconcursos.com.br\/blog\/concursos-df\/\" target=\"_blank\" rel=\"noreferrer noopener\">concursos DF<\/a><\/strong><\/p>\n\n\n\n<h2 class=\"wp-block-heading has-text-align-center\" id=\"h-leia-tambem\">Leia tamb\u00e9m:<\/h2>\n\n\n\n<ul class=\"wp-block-list\">\n<li><a href=\"https:\/\/www.estrategiaconcursos.com.br\/blog\/concursos-abertos\/\" target=\"_blank\" rel=\"noreferrer noopener\">Concursos abertos<\/a><\/li>\n\n\n\n<li><a href=\"https:\/\/www.estrategiaconcursos.com.br\/blog\/concursos-centro-oeste\/\" target=\"_blank\" rel=\"noreferrer noopener\">Concursos centro-oeste<\/a><\/li>\n\n\n\n<li><a href=\"https:\/\/www.estrategiaconcursos.com.br\/blog\/concursos-2025\/\" target=\"_blank\" rel=\"noreferrer noopener\">Concursos 2025<\/a><\/li>\n\n\n\n<li><a href=\"https:\/\/www.estrategiaconcursos.com.br\/blog\/concursos-2026\/\" target=\"_blank\" rel=\"noreferrer noopener\">Concursos 2026<\/a><\/li>\n<\/ul>\n\n\n\n<div class=\"container\" id=\"boxes\">\n  <div class=\"row\">\n\n    <div class=\"col-sm\">\n      <div class=\"estrategia\" id=\"box-assinatura\">\n        <h3 class=\"titulo-assinatura\">Assinatura Concursos<\/h3>\n        <p class=\"subtitulo-assinatura\">Assinatura de 1 ano ou 2 anos<\/p>\n        <div class=\"box-botao\">\n          <a class=\"btn-assinatura\" target=\"_blank\" href=\"https:\/\/www.estrategiaconcursos.com.br\/assinaturas\/\" role=\"button\" rel=\"noopener noreferrer\">ASSINE AGORA<\/a>\n        <\/div>\n      <\/div>\n     \n    <\/div><\/div><\/div>\n","protected":false},"excerpt":{"rendered":"<p>Candidatos poder\u00e3o ser aprovados com nota 20% inferior nos concursos p\u00fablicos do DF! Um novo projeto de lei (PL) quer reduzir a nota m\u00ednima para aprova\u00e7\u00e3o de cotistas nos concursos p\u00fablicos do Distrito Federal (DF). De autoria do deputado Jo\u00e3o Cardoso,&nbsp;a proposta prev\u00ea que a nota m\u00ednima exigida dos candidatos \u00e0s vagas reservadas deve ser [&hellip;]<\/p>\n","protected":false},"author":1483,"featured_media":703168,"comment_status":"open","ping_status":"closed","sticky":false,"template":"","format":"standard","meta":{"post_tipo":"news","footnotes":""},"categories":[1,220219],"tags":[],"tax_estado":[219970],"class_list":["post-1597792","post","type-post","status-publish","format-standard","has-post-thumbnail","hentry","category-cursos-e-concursos","category-noticias","tax_estado-df"],"acf":[],"yoast_head":"<!-- This site is optimized with the Yoast SEO Premium plugin v27.2 (Yoast SEO v27.2) - https:\/\/yoast.com\/product\/yoast-seo-premium-wordpress\/ -->\n<title>Concursos DF: PL quer nota menor para cotistas. Confira!<\/title>\n<meta name=\"description\" content=\"Projeto de lei visa nota menor para aprova\u00e7\u00e3o de cotistas nos concursos DF. Acesse o site e veja os detalhes!\" \/>\n<meta name=\"robots\" content=\"index, follow, max-snippet:-1, max-image-preview:large, max-video-preview:-1\" \/>\n<link rel=\"canonical\" href=\"https:\/\/www.estrategiaconcursos.com.br\/blog\/concursos-df-pl-nota-menor-cotistas\/\" \/>\n<meta property=\"og:locale\" content=\"pt_BR\" \/>\n<meta property=\"og:type\" content=\"article\" \/>\n<meta property=\"og:title\" content=\"Concursos DF: PL quer nota menor para cotistas. Confira!\" \/>\n<meta property=\"og:description\" content=\"Projeto de lei visa nota menor para aprova\u00e7\u00e3o de cotistas nos concursos DF. Acesse o site e veja os detalhes!\" \/>\n<meta property=\"og:url\" content=\"https:\/\/www.estrategiaconcursos.com.br\/blog\/concursos-df-pl-nota-menor-cotistas\/\" \/>\n<meta property=\"og:site_name\" content=\"Estrat\u00e9gia Concursos\" \/>\n<meta property=\"article:published_time\" content=\"2025-06-28T13:07:41+00:00\" \/>\n<meta property=\"article:modified_time\" content=\"2025-06-28T14:59:44+00:00\" \/>\n<meta property=\"og:image\" content=\"https:\/\/dhg1h5j42swfq.cloudfront.net\/2021\/03\/29090926\/concursos-df.jpg\" \/>\n\t<meta property=\"og:image:width\" content=\"1200\" \/>\n\t<meta property=\"og:image:height\" content=\"628\" \/>\n\t<meta property=\"og:image:type\" content=\"image\/jpeg\" \/>\n<meta name=\"author\" content=\"Diogo Mendes\" \/>\n<meta name=\"twitter:card\" content=\"summary_large_image\" \/>\n<meta name=\"twitter:creator\" content=\"@EstratConcursos\" \/>\n<meta name=\"twitter:site\" content=\"@EstratConcursos\" \/>\n<meta name=\"twitter:label1\" content=\"Escrito por\" \/>\n\t<meta name=\"twitter:data1\" content=\"Diogo Mendes\" \/>\n\t<meta name=\"twitter:label2\" content=\"Est. tempo de leitura\" \/>\n\t<meta name=\"twitter:data2\" content=\"3 minutos\" \/>\n<script type=\"application\/ld+json\" class=\"yoast-schema-graph\">{\"@context\":\"https:\/\/schema.org\",\"@graph\":[{\"@type\":\"NewsArticle\",\"@id\":\"https:\/\/www.estrategiaconcursos.com.br\/blog\/concursos-df-pl-nota-menor-cotistas\/#article\",\"isPartOf\":{\"@id\":\"https:\/\/www.estrategiaconcursos.com.br\/blog\/concursos-df-pl-nota-menor-cotistas\/\"},\"author\":{\"name\":\"Diogo Mendes\",\"@id\":\"https:\/\/www.estrategiaconcursos.com.br\/blog\/#\/schema\/person\/cc9e76173880338ce9f656c88664a1f6\"},\"headline\":\"Concursos DF: PL quer nota menor para cotistas. Confira!\",\"datePublished\":\"2025-06-28T13:07:41+00:00\",\"dateModified\":\"2025-06-28T14:59:44+00:00\",\"mainEntityOfPage\":{\"@id\":\"https:\/\/www.estrategiaconcursos.com.br\/blog\/concursos-df-pl-nota-menor-cotistas\/\"},\"wordCount\":568,\"commentCount\":0,\"publisher\":{\"@id\":\"https:\/\/www.estrategiaconcursos.com.br\/blog\/#organization\"},\"image\":{\"@id\":\"https:\/\/www.estrategiaconcursos.com.br\/blog\/concursos-df-pl-nota-menor-cotistas\/#primaryimage\"},\"thumbnailUrl\":\"https:\/\/dhg1h5j42swfq.cloudfront.net\/2021\/03\/29090926\/concursos-df.jpg\",\"articleSection\":[\"Concursos P\u00fablicos\",\"\u00daltimas not\u00edcias\"],\"inLanguage\":\"pt-BR\",\"potentialAction\":[{\"@type\":\"CommentAction\",\"name\":\"Comment\",\"target\":[\"https:\/\/www.estrategiaconcursos.com.br\/blog\/concursos-df-pl-nota-menor-cotistas\/#respond\"]}],\"copyrightYear\":\"2025\",\"copyrightHolder\":{\"@id\":\"https:\/\/www.estrategiaconcursos.com.br\/blog\/#organization\"}},{\"@type\":\"WebPage\",\"@id\":\"https:\/\/www.estrategiaconcursos.com.br\/blog\/concursos-df-pl-nota-menor-cotistas\/\",\"url\":\"https:\/\/www.estrategiaconcursos.com.br\/blog\/concursos-df-pl-nota-menor-cotistas\/\",\"name\":\"Concursos DF: PL quer nota menor para cotistas. Confira!\",\"isPartOf\":{\"@id\":\"https:\/\/www.estrategiaconcursos.com.br\/blog\/#website\"},\"primaryImageOfPage\":{\"@id\":\"https:\/\/www.estrategiaconcursos.com.br\/blog\/concursos-df-pl-nota-menor-cotistas\/#primaryimage\"},\"image\":{\"@id\":\"https:\/\/www.estrategiaconcursos.com.br\/blog\/concursos-df-pl-nota-menor-cotistas\/#primaryimage\"},\"thumbnailUrl\":\"https:\/\/dhg1h5j42swfq.cloudfront.net\/2021\/03\/29090926\/concursos-df.jpg\",\"datePublished\":\"2025-06-28T13:07:41+00:00\",\"dateModified\":\"2025-06-28T14:59:44+00:00\",\"description\":\"Projeto de lei visa nota menor para aprova\u00e7\u00e3o de cotistas nos concursos DF. Acesse o site e veja os detalhes!\",\"breadcrumb\":{\"@id\":\"https:\/\/www.estrategiaconcursos.com.br\/blog\/concursos-df-pl-nota-menor-cotistas\/#breadcrumb\"},\"inLanguage\":\"pt-BR\",\"potentialAction\":[{\"@type\":\"ReadAction\",\"target\":[\"https:\/\/www.estrategiaconcursos.com.br\/blog\/concursos-df-pl-nota-menor-cotistas\/\"]}]},{\"@type\":\"ImageObject\",\"inLanguage\":\"pt-BR\",\"@id\":\"https:\/\/www.estrategiaconcursos.com.br\/blog\/concursos-df-pl-nota-menor-cotistas\/#primaryimage\",\"url\":\"https:\/\/dhg1h5j42swfq.cloudfront.net\/2021\/03\/29090926\/concursos-df.jpg\",\"contentUrl\":\"https:\/\/dhg1h5j42swfq.cloudfront.net\/2021\/03\/29090926\/concursos-df.jpg\",\"width\":1200,\"height\":628,\"caption\":\"Concursos DF\"},{\"@type\":\"BreadcrumbList\",\"@id\":\"https:\/\/www.estrategiaconcursos.com.br\/blog\/concursos-df-pl-nota-menor-cotistas\/#breadcrumb\",\"itemListElement\":[{\"@type\":\"ListItem\",\"position\":1,\"name\":\"In\u00edcio\",\"item\":\"https:\/\/www.estrategiaconcursos.com.br\/blog\/\"},{\"@type\":\"ListItem\",\"position\":2,\"name\":\"Concursos DF: PL quer nota menor para cotistas. Confira!\"}]},{\"@type\":\"WebSite\",\"@id\":\"https:\/\/www.estrategiaconcursos.com.br\/blog\/#website\",\"url\":\"https:\/\/www.estrategiaconcursos.com.br\/blog\/\",\"name\":\"Estrat\u00e9gia Concursos\",\"description\":\"O blog da Estrat\u00e9gia Concursos traz not\u00edcias sobre concursos e artigos de professores oferecendo cursos para concursos (pdf + videaulas) no site.\",\"publisher\":{\"@id\":\"https:\/\/www.estrategiaconcursos.com.br\/blog\/#organization\"},\"potentialAction\":[{\"@type\":\"SearchAction\",\"target\":{\"@type\":\"EntryPoint\",\"urlTemplate\":\"https:\/\/www.estrategiaconcursos.com.br\/blog\/?s={search_term_string}\"},\"query-input\":{\"@type\":\"PropertyValueSpecification\",\"valueRequired\":true,\"valueName\":\"search_term_string\"}}],\"inLanguage\":\"pt-BR\"},{\"@type\":\"Organization\",\"@id\":\"https:\/\/www.estrategiaconcursos.com.br\/blog\/#organization\",\"name\":\"Estrat\u00e9gia Concursos\",\"url\":\"https:\/\/www.estrategiaconcursos.com.br\/blog\/\",\"logo\":{\"@type\":\"ImageObject\",\"inLanguage\":\"pt-BR\",\"@id\":\"https:\/\/www.estrategiaconcursos.com.br\/blog\/#\/schema\/logo\/image\/\",\"url\":\"https:\/\/dhg1h5j42swfq.cloudfront.net\/2025\/06\/03203428\/logo_concursos-1.jpg\",\"contentUrl\":\"https:\/\/dhg1h5j42swfq.cloudfront.net\/2025\/06\/03203428\/logo_concursos-1.jpg\",\"width\":230,\"height\":60,\"caption\":\"Estrat\u00e9gia Concursos\"},\"image\":{\"@id\":\"https:\/\/www.estrategiaconcursos.com.br\/blog\/#\/schema\/logo\/image\/\"},\"sameAs\":[\"https:\/\/x.com\/EstratConcursos\"]},{\"@type\":\"Person\",\"@id\":\"https:\/\/www.estrategiaconcursos.com.br\/blog\/#\/schema\/person\/cc9e76173880338ce9f656c88664a1f6\",\"name\":\"Diogo Mendes\",\"image\":{\"@type\":\"ImageObject\",\"inLanguage\":\"pt-BR\",\"@id\":\"https:\/\/secure.gravatar.com\/avatar\/9754d6777d460a45ef4067b586b94c32005cc2345a0404b8d96adc620cf63806?s=96&d=mm&r=g\",\"url\":\"https:\/\/secure.gravatar.com\/avatar\/9754d6777d460a45ef4067b586b94c32005cc2345a0404b8d96adc620cf63806?s=96&d=mm&r=g\",\"contentUrl\":\"https:\/\/secure.gravatar.com\/avatar\/9754d6777d460a45ef4067b586b94c32005cc2345a0404b8d96adc620cf63806?s=96&d=mm&r=g\",\"caption\":\"Diogo Mendes\"},\"description\":\"Diogo Mendes \u00e9 jornalista formado pela Universidade Paulista, com experi\u00eancia em reda\u00e7\u00f5es de diversos ve\u00edculos e na produ\u00e7\u00e3o de conte\u00fados especializados em concursos p\u00fablicos. Desde 2019, atua no Estrat\u00e9gia Concursos como Jornalista e Analista de Conte\u00fado, com foco na apura\u00e7\u00e3o de informa\u00e7\u00f5es junto a \u00f3rg\u00e3os e fontes oficiais. Dedica-se especialmente \u00e0 produ\u00e7\u00e3o de not\u00edcias e reportagens sobre Concursos Legislativos, al\u00e9m de acompanhar diariamente os concursos policiais, banc\u00e1rios e da \u00e1rea da sa\u00fade.\",\"url\":\"https:\/\/www.estrategiaconcursos.com.br\/blog\/author\/diogo-mendesestrategiaconcursos-com-br\/\"}]}<\/script>\n<!-- \/ Yoast SEO Premium plugin. -->","yoast_head_json":{"title":"Concursos DF: PL quer nota menor para cotistas. Confira!","description":"Projeto de lei visa nota menor para aprova\u00e7\u00e3o de cotistas nos concursos DF. Acesse o site e veja os detalhes!","robots":{"index":"index","follow":"follow","max-snippet":"max-snippet:-1","max-image-preview":"max-image-preview:large","max-video-preview":"max-video-preview:-1"},"canonical":"https:\/\/www.estrategiaconcursos.com.br\/blog\/concursos-df-pl-nota-menor-cotistas\/","og_locale":"pt_BR","og_type":"article","og_title":"Concursos DF: PL quer nota menor para cotistas. Confira!","og_description":"Projeto de lei visa nota menor para aprova\u00e7\u00e3o de cotistas nos concursos DF. Acesse o site e veja os detalhes!","og_url":"https:\/\/www.estrategiaconcursos.com.br\/blog\/concursos-df-pl-nota-menor-cotistas\/","og_site_name":"Estrat\u00e9gia Concursos","article_published_time":"2025-06-28T13:07:41+00:00","article_modified_time":"2025-06-28T14:59:44+00:00","og_image":[{"width":1200,"height":628,"url":"https:\/\/dhg1h5j42swfq.cloudfront.net\/2021\/03\/29090926\/concursos-df.jpg","type":"image\/jpeg"}],"author":"Diogo Mendes","twitter_card":"summary_large_image","twitter_creator":"@EstratConcursos","twitter_site":"@EstratConcursos","twitter_misc":{"Escrito por":"Diogo Mendes","Est. tempo de leitura":"3 minutos"},"schema":{"@context":"https:\/\/schema.org","@graph":[{"@type":"NewsArticle","@id":"https:\/\/www.estrategiaconcursos.com.br\/blog\/concursos-df-pl-nota-menor-cotistas\/#article","isPartOf":{"@id":"https:\/\/www.estrategiaconcursos.com.br\/blog\/concursos-df-pl-nota-menor-cotistas\/"},"author":{"name":"Diogo Mendes","@id":"https:\/\/www.estrategiaconcursos.com.br\/blog\/#\/schema\/person\/cc9e76173880338ce9f656c88664a1f6"},"headline":"Concursos DF: PL quer nota menor para cotistas. Confira!","datePublished":"2025-06-28T13:07:41+00:00","dateModified":"2025-06-28T14:59:44+00:00","mainEntityOfPage":{"@id":"https:\/\/www.estrategiaconcursos.com.br\/blog\/concursos-df-pl-nota-menor-cotistas\/"},"wordCount":568,"commentCount":0,"publisher":{"@id":"https:\/\/www.estrategiaconcursos.com.br\/blog\/#organization"},"image":{"@id":"https:\/\/www.estrategiaconcursos.com.br\/blog\/concursos-df-pl-nota-menor-cotistas\/#primaryimage"},"thumbnailUrl":"https:\/\/dhg1h5j42swfq.cloudfront.net\/2021\/03\/29090926\/concursos-df.jpg","articleSection":["Concursos P\u00fablicos","\u00daltimas not\u00edcias"],"inLanguage":"pt-BR","potentialAction":[{"@type":"CommentAction","name":"Comment","target":["https:\/\/www.estrategiaconcursos.com.br\/blog\/concursos-df-pl-nota-menor-cotistas\/#respond"]}],"copyrightYear":"2025","copyrightHolder":{"@id":"https:\/\/www.estrategiaconcursos.com.br\/blog\/#organization"}},{"@type":"WebPage","@id":"https:\/\/www.estrategiaconcursos.com.br\/blog\/concursos-df-pl-nota-menor-cotistas\/","url":"https:\/\/www.estrategiaconcursos.com.br\/blog\/concursos-df-pl-nota-menor-cotistas\/","name":"Concursos DF: PL quer nota menor para cotistas. Confira!","isPartOf":{"@id":"https:\/\/www.estrategiaconcursos.com.br\/blog\/#website"},"primaryImageOfPage":{"@id":"https:\/\/www.estrategiaconcursos.com.br\/blog\/concursos-df-pl-nota-menor-cotistas\/#primaryimage"},"image":{"@id":"https:\/\/www.estrategiaconcursos.com.br\/blog\/concursos-df-pl-nota-menor-cotistas\/#primaryimage"},"thumbnailUrl":"https:\/\/dhg1h5j42swfq.cloudfront.net\/2021\/03\/29090926\/concursos-df.jpg","datePublished":"2025-06-28T13:07:41+00:00","dateModified":"2025-06-28T14:59:44+00:00","description":"Projeto de lei visa nota menor para aprova\u00e7\u00e3o de cotistas nos concursos DF. Acesse o site e veja os detalhes!","breadcrumb":{"@id":"https:\/\/www.estrategiaconcursos.com.br\/blog\/concursos-df-pl-nota-menor-cotistas\/#breadcrumb"},"inLanguage":"pt-BR","potentialAction":[{"@type":"ReadAction","target":["https:\/\/www.estrategiaconcursos.com.br\/blog\/concursos-df-pl-nota-menor-cotistas\/"]}]},{"@type":"ImageObject","inLanguage":"pt-BR","@id":"https:\/\/www.estrategiaconcursos.com.br\/blog\/concursos-df-pl-nota-menor-cotistas\/#primaryimage","url":"https:\/\/dhg1h5j42swfq.cloudfront.net\/2021\/03\/29090926\/concursos-df.jpg","contentUrl":"https:\/\/dhg1h5j42swfq.cloudfront.net\/2021\/03\/29090926\/concursos-df.jpg","width":1200,"height":628,"caption":"Concursos DF"},{"@type":"BreadcrumbList","@id":"https:\/\/www.estrategiaconcursos.com.br\/blog\/concursos-df-pl-nota-menor-cotistas\/#breadcrumb","itemListElement":[{"@type":"ListItem","position":1,"name":"In\u00edcio","item":"https:\/\/www.estrategiaconcursos.com.br\/blog\/"},{"@type":"ListItem","position":2,"name":"Concursos DF: PL quer nota menor para cotistas. Confira!"}]},{"@type":"WebSite","@id":"https:\/\/www.estrategiaconcursos.com.br\/blog\/#website","url":"https:\/\/www.estrategiaconcursos.com.br\/blog\/","name":"Estrat\u00e9gia Concursos","description":"O blog da Estrat\u00e9gia Concursos traz not\u00edcias sobre concursos e artigos de professores oferecendo cursos para concursos (pdf + videaulas) no site.","publisher":{"@id":"https:\/\/www.estrategiaconcursos.com.br\/blog\/#organization"},"potentialAction":[{"@type":"SearchAction","target":{"@type":"EntryPoint","urlTemplate":"https:\/\/www.estrategiaconcursos.com.br\/blog\/?s={search_term_string}"},"query-input":{"@type":"PropertyValueSpecification","valueRequired":true,"valueName":"search_term_string"}}],"inLanguage":"pt-BR"},{"@type":"Organization","@id":"https:\/\/www.estrategiaconcursos.com.br\/blog\/#organization","name":"Estrat\u00e9gia Concursos","url":"https:\/\/www.estrategiaconcursos.com.br\/blog\/","logo":{"@type":"ImageObject","inLanguage":"pt-BR","@id":"https:\/\/www.estrategiaconcursos.com.br\/blog\/#\/schema\/logo\/image\/","url":"https:\/\/dhg1h5j42swfq.cloudfront.net\/2025\/06\/03203428\/logo_concursos-1.jpg","contentUrl":"https:\/\/dhg1h5j42swfq.cloudfront.net\/2025\/06\/03203428\/logo_concursos-1.jpg","width":230,"height":60,"caption":"Estrat\u00e9gia Concursos"},"image":{"@id":"https:\/\/www.estrategiaconcursos.com.br\/blog\/#\/schema\/logo\/image\/"},"sameAs":["https:\/\/x.com\/EstratConcursos"]},{"@type":"Person","@id":"https:\/\/www.estrategiaconcursos.com.br\/blog\/#\/schema\/person\/cc9e76173880338ce9f656c88664a1f6","name":"Diogo Mendes","image":{"@type":"ImageObject","inLanguage":"pt-BR","@id":"https:\/\/secure.gravatar.com\/avatar\/9754d6777d460a45ef4067b586b94c32005cc2345a0404b8d96adc620cf63806?s=96&d=mm&r=g","url":"https:\/\/secure.gravatar.com\/avatar\/9754d6777d460a45ef4067b586b94c32005cc2345a0404b8d96adc620cf63806?s=96&d=mm&r=g","contentUrl":"https:\/\/secure.gravatar.com\/avatar\/9754d6777d460a45ef4067b586b94c32005cc2345a0404b8d96adc620cf63806?s=96&d=mm&r=g","caption":"Diogo Mendes"},"description":"Diogo Mendes \u00e9 jornalista formado pela Universidade Paulista, com experi\u00eancia em reda\u00e7\u00f5es de diversos ve\u00edculos e na produ\u00e7\u00e3o de conte\u00fados especializados em concursos p\u00fablicos. Desde 2019, atua no Estrat\u00e9gia Concursos como Jornalista e Analista de Conte\u00fado, com foco na apura\u00e7\u00e3o de informa\u00e7\u00f5es junto a \u00f3rg\u00e3os e fontes oficiais. Dedica-se especialmente \u00e0 produ\u00e7\u00e3o de not\u00edcias e reportagens sobre Concursos Legislativos, al\u00e9m de acompanhar diariamente os concursos policiais, banc\u00e1rios e da \u00e1rea da sa\u00fade.","url":"https:\/\/www.estrategiaconcursos.com.br\/blog\/author\/diogo-mendesestrategiaconcursos-com-br\/"}]}},"_links":{"self":[{"href":"https:\/\/www.estrategiaconcursos.com.br\/blog\/wp-json\/wp\/v2\/posts\/1597792","targetHints":{"allow":["GET"]}}],"collection":[{"href":"https:\/\/www.estrategiaconcursos.com.br\/blog\/wp-json\/wp\/v2\/posts"}],"about":[{"href":"https:\/\/www.estrategiaconcursos.com.br\/blog\/wp-json\/wp\/v2\/types\/post"}],"author":[{"embeddable":true,"href":"https:\/\/www.estrategiaconcursos.com.br\/blog\/wp-json\/wp\/v2\/users\/1483"}],"replies":[{"embeddable":true,"href":"https:\/\/www.estrategiaconcursos.com.br\/blog\/wp-json\/wp\/v2\/comments?post=1597792"}],"version-history":[{"count":6,"href":"https:\/\/www.estrategiaconcursos.com.br\/blog\/wp-json\/wp\/v2\/posts\/1597792\/revisions"}],"predecessor-version":[{"id":1597875,"href":"https:\/\/www.estrategiaconcursos.com.br\/blog\/wp-json\/wp\/v2\/posts\/1597792\/revisions\/1597875"}],"wp:featuredmedia":[{"embeddable":true,"href":"https:\/\/www.estrategiaconcursos.com.br\/blog\/wp-json\/wp\/v2\/media\/703168"}],"wp:attachment":[{"href":"https:\/\/www.estrategiaconcursos.com.br\/blog\/wp-json\/wp\/v2\/media?parent=1597792"}],"wp:term":[{"taxonomy":"category","embeddable":true,"href":"https:\/\/www.estrategiaconcursos.com.br\/blog\/wp-json\/wp\/v2\/categories?post=1597792"},{"taxonomy":"post_tag","embeddable":true,"href":"https:\/\/www.estrategiaconcursos.com.br\/blog\/wp-json\/wp\/v2\/tags?post=1597792"},{"taxonomy":"tax_estado","embeddable":true,"href":"https:\/\/www.estrategiaconcursos.com.br\/blog\/wp-json\/wp\/v2\/tax_estado?post=1597792"}],"curies":[{"name":"wp","href":"https:\/\/api.w.org\/{rel}","templated":true}]}}