{"id":159613,"date":"2019-01-19T05:40:33","date_gmt":"2019-01-19T08:40:33","guid":{"rendered":"https:\/\/www.estrategiaconcursos.com.br\/blog\/?p=159613"},"modified":"2019-05-03T12:19:36","modified_gmt":"2019-05-03T15:19:36","slug":"revisao-oab-2a-fase-2","status":"publish","type":"post","link":"https:\/\/www.estrategiaconcursos.com.br\/blog\/revisao-oab-2a-fase-2\/","title":{"rendered":"Revis\u00e3o OAB: participe do aul\u00e3o de v\u00e9spera para a 2\u00aa fase do XXVII Exame de Ordem"},"content":{"rendered":"\n<p style=\"font-size:24px\"><em>Hoje tem revis\u00e3o OAB 2\u00aa fase ao vivo: um dia inteiro de aulas gratuitas<\/em><\/p>\n\n\n\n<p>A 2\u00aa fase do XXVII Exame de Ordem est\u00e1 pr\u00f3xima: neste domingo,&nbsp;<strong>20 de janeiro<\/strong>, milhares de examinandos em todo pa\u00eds ir\u00e3o enfrentar o \u00faltimo desafio para ingressar nos quadros da advocacia: a temida prova pr\u00e1tico-profissional.<\/p>\n\n\n\n<p>O Estrat\u00e9gia OAB esteve a seu lado durante todo esse percurso, da prepara\u00e7\u00e3o para a 1\u00aa fase \u00e0 maratona intensa que caracteriza o estudo para a 2\u00aa fase. Na v\u00e9spera da prova n\u00e3o poderia ser diferente!<\/p>\n\n\n\n<p>Hoje, <strong>19 de janeiro<\/strong>, a partir das&nbsp;<strong>8h:30<\/strong>, nosso time de professores estar\u00e1 ao vivo em transmiss\u00f5es focadas nas \u00e1reas profissionais da prova. Teremos revis\u00e3o de&nbsp;<strong>Direito Civil, Direito Constitucional, Direito do Trabalho, Direito Penal&nbsp;<\/strong>e&nbsp;<strong>Direito Tribut\u00e1rio.<\/strong><\/p>\n\n\n\n<p>Ser\u00e1 uma excelente oportunidade para que voc\u00ea possa revisar a estrutura das principais pe\u00e7as processuais que poder\u00e3o ser cobradas, como estruturar adequadamente suas respostas \u00e0s quest\u00f5es discursivas, controle de tempo, leitura estrat\u00e9gica do enunciado e muito treino.<\/p>\n\n\n\n<p>\u00c9 o \u00faltimo dia antes da prova decisiva: aproveite cada minuto, assim voc\u00ea chegar\u00e1 \u00e0 prova em condi\u00e7\u00f5es de enfrent\u00e1-la com a tranquilidade de quem deu seu m\u00e1ximo.<\/p>\n\n\n\n<p style=\"font-size:25px\"><em><a href=\"https:\/\/www.youtube.com\/channel\/UC7rgrKTSF5aOrBGWOw60ovw\/videos?flow=grid&amp;view=2\" target=\"_blank\" rel=\"noreferrer noopener\" aria-label=\"Clique aqui para acompanhar a Revis\u00e3o OAB 2\u00ba fase (opens in a new tab)\">Clique aqui para acompanhar a Revis\u00e3o OAB 2\u00ba fase<\/a><\/em><\/p>\n\n\n\n<h2 class=\"wp-block-heading\">Corre\u00e7\u00e3o OAB<\/h2>\n\n\n\n<p>No dia <strong>20&nbsp;de&nbsp;janeiro<\/strong>, a partir das <strong>18h<\/strong> nosso time de professores vai estar a postos para a <strong>corre\u00e7\u00e3o&nbsp;comentada<\/strong> da prova da 2\u00aa fase do XXVII Exame de Ordem. <\/p>\n\n\n\n<p>Voc\u00ea vai poder saber em primeira m\u00e3o a resolu\u00e7\u00e3o das quest\u00f5es discursivas e o espelho extraoficial da pe\u00e7a profissional.<\/p>\n\n\n\n<p>N\u00e3o perca! Clique no <em>link<\/em> abaixo e se inscreva!<\/p>\n\n\n\n<p style=\"font-size:23px;text-align:center\"><em><a href=\"https:\/\/www.estrategiaoab.com.br\/gratis\/curso-intensivo-de-2a-fase-xxvii\/\" target=\"_blank\" rel=\"noreferrer noopener\" aria-label=\"Inscreva-se gr\u00e1tis (opens in a new tab)\">Inscreva-se gr\u00e1tis<\/a><\/em><\/p>\n\n\n\n<p><\/p>\n","protected":false},"excerpt":{"rendered":"<p>Hoje tem revis\u00e3o OAB 2\u00aa fase ao vivo: um dia inteiro de aulas gratuitas A 2\u00aa fase do XXVII Exame de Ordem est\u00e1 pr\u00f3xima: neste domingo,&nbsp;20 de janeiro, milhares de examinandos em todo pa\u00eds ir\u00e3o enfrentar o \u00faltimo desafio para ingressar nos quadros da advocacia: a temida prova pr\u00e1tico-profissional. O Estrat\u00e9gia OAB esteve a seu [&hellip;]<\/p>\n","protected":false},"author":180,"featured_media":140524,"comment_status":"open","ping_status":"closed","sticky":false,"template":"","format":"standard","meta":{"post_tipo":"article","footnotes":""},"categories":[1],"tags":[],"tax_estado":[],"class_list":["post-159613","post","type-post","status-publish","format-standard","has-post-thumbnail","hentry","category-cursos-e-concursos"],"acf":[],"yoast_head":"<!-- This site is optimized with the Yoast SEO Premium plugin v27.2 (Yoast SEO v27.2) - https:\/\/yoast.com\/product\/yoast-seo-premium-wordpress\/ -->\n<title>Revis\u00e3o OAB 2\u00aa Fase: participe do aul\u00e3o de v\u00e9spera para o XXVII Exame de Ordem<\/title>\n<meta name=\"description\" content=\"Revis\u00e3o OAB 2\u00aa Fase: s\u00e1bado tem aul\u00e3o de v\u00e9spera focado nas \u00e1reas profissionais da 2\u00aa fase do XXVII Exame de Ordem. N\u00e3o deixe de se inscrever!\" \/>\n<meta name=\"robots\" content=\"index, follow, max-snippet:-1, max-image-preview:large, max-video-preview:-1\" \/>\n<link rel=\"canonical\" href=\"https:\/\/www.estrategiaconcursos.com.br\/blog\/revisao-oab-2a-fase-2\/\" \/>\n<meta property=\"og:locale\" content=\"pt_BR\" \/>\n<meta property=\"og:type\" content=\"article\" \/>\n<meta property=\"og:title\" content=\"Revis\u00e3o OAB: participe do aul\u00e3o de v\u00e9spera para a 2\u00aa fase do XXVII Exame de Ordem\" \/>\n<meta property=\"og:description\" content=\"Revis\u00e3o OAB 2\u00aa Fase: s\u00e1bado tem aul\u00e3o de v\u00e9spera focado nas \u00e1reas profissionais da 2\u00aa fase do XXVII Exame de Ordem. N\u00e3o deixe de se inscrever!\" \/>\n<meta property=\"og:url\" content=\"https:\/\/www.estrategiaconcursos.com.br\/blog\/revisao-oab-2a-fase-2\/\" \/>\n<meta property=\"og:site_name\" content=\"Estrat\u00e9gia Concursos\" \/>\n<meta property=\"article:author\" content=\"https:\/\/www.facebook.com\/ricardo.s.torques\" \/>\n<meta property=\"article:published_time\" content=\"2019-01-19T08:40:33+00:00\" \/>\n<meta property=\"article:modified_time\" content=\"2019-05-03T15:19:36+00:00\" \/>\n<meta property=\"og:image\" content=\"https:\/\/dhg1h5j42swfq.cloudfront.net\/2018\/09\/14095742\/carteira-oab-e1536929877445.png\" \/>\n\t<meta property=\"og:image:width\" content=\"400\" \/>\n\t<meta property=\"og:image:height\" content=\"227\" \/>\n\t<meta property=\"og:image:type\" content=\"image\/png\" \/>\n<meta name=\"author\" content=\"Ricardo Torques\" \/>\n<meta name=\"twitter:card\" content=\"summary_large_image\" \/>\n<meta name=\"twitter:creator\" content=\"@EstratConcursos\" \/>\n<meta name=\"twitter:site\" content=\"@EstratConcursos\" \/>\n<meta name=\"twitter:label1\" content=\"Escrito por\" \/>\n\t<meta name=\"twitter:data1\" content=\"Ricardo Torques\" \/>\n\t<meta name=\"twitter:label2\" content=\"Est. tempo de leitura\" \/>\n\t<meta name=\"twitter:data2\" content=\"1 minuto\" \/>\n<script type=\"application\/ld+json\" class=\"yoast-schema-graph\">{\"@context\":\"https:\/\/schema.org\",\"@graph\":[{\"@type\":\"NewsArticle\",\"@id\":\"https:\/\/www.estrategiaconcursos.com.br\/blog\/revisao-oab-2a-fase-2\/#article\",\"isPartOf\":{\"@id\":\"https:\/\/www.estrategiaconcursos.com.br\/blog\/revisao-oab-2a-fase-2\/\"},\"author\":{\"name\":\"Ricardo Torques\",\"@id\":\"https:\/\/www.estrategiaconcursos.com.br\/blog\/#\/schema\/person\/aa39cf5ddb518e5bdce27c35788405e2\"},\"headline\":\"Revis\u00e3o OAB: participe do aul\u00e3o de v\u00e9spera para a 2\u00aa fase do XXVII Exame de Ordem\",\"datePublished\":\"2019-01-19T08:40:33+00:00\",\"dateModified\":\"2019-05-03T15:19:36+00:00\",\"mainEntityOfPage\":{\"@id\":\"https:\/\/www.estrategiaconcursos.com.br\/blog\/revisao-oab-2a-fase-2\/\"},\"wordCount\":303,\"commentCount\":0,\"publisher\":{\"@id\":\"https:\/\/www.estrategiaconcursos.com.br\/blog\/#organization\"},\"image\":{\"@id\":\"https:\/\/www.estrategiaconcursos.com.br\/blog\/revisao-oab-2a-fase-2\/#primaryimage\"},\"thumbnailUrl\":\"https:\/\/dhg1h5j42swfq.cloudfront.net\/2018\/09\/14095742\/carteira-oab-e1536929877445.png\",\"articleSection\":[\"Concursos P\u00fablicos\"],\"inLanguage\":\"pt-BR\",\"potentialAction\":[{\"@type\":\"CommentAction\",\"name\":\"Comment\",\"target\":[\"https:\/\/www.estrategiaconcursos.com.br\/blog\/revisao-oab-2a-fase-2\/#respond\"]}],\"copyrightYear\":\"2019\",\"copyrightHolder\":{\"@id\":\"https:\/\/www.estrategiaconcursos.com.br\/blog\/#organization\"}},{\"@type\":\"WebPage\",\"@id\":\"https:\/\/www.estrategiaconcursos.com.br\/blog\/revisao-oab-2a-fase-2\/\",\"url\":\"https:\/\/www.estrategiaconcursos.com.br\/blog\/revisao-oab-2a-fase-2\/\",\"name\":\"Revis\u00e3o OAB 2\u00aa Fase: participe do aul\u00e3o de v\u00e9spera para o XXVII Exame de Ordem\",\"isPartOf\":{\"@id\":\"https:\/\/www.estrategiaconcursos.com.br\/blog\/#website\"},\"primaryImageOfPage\":{\"@id\":\"https:\/\/www.estrategiaconcursos.com.br\/blog\/revisao-oab-2a-fase-2\/#primaryimage\"},\"image\":{\"@id\":\"https:\/\/www.estrategiaconcursos.com.br\/blog\/revisao-oab-2a-fase-2\/#primaryimage\"},\"thumbnailUrl\":\"https:\/\/dhg1h5j42swfq.cloudfront.net\/2018\/09\/14095742\/carteira-oab-e1536929877445.png\",\"datePublished\":\"2019-01-19T08:40:33+00:00\",\"dateModified\":\"2019-05-03T15:19:36+00:00\",\"description\":\"Revis\u00e3o OAB 2\u00aa Fase: s\u00e1bado tem aul\u00e3o de v\u00e9spera focado nas \u00e1reas profissionais da 2\u00aa fase do XXVII Exame de Ordem. N\u00e3o deixe de se inscrever!\",\"breadcrumb\":{\"@id\":\"https:\/\/www.estrategiaconcursos.com.br\/blog\/revisao-oab-2a-fase-2\/#breadcrumb\"},\"inLanguage\":\"pt-BR\",\"potentialAction\":[{\"@type\":\"ReadAction\",\"target\":[\"https:\/\/www.estrategiaconcursos.com.br\/blog\/revisao-oab-2a-fase-2\/\"]}]},{\"@type\":\"ImageObject\",\"inLanguage\":\"pt-BR\",\"@id\":\"https:\/\/www.estrategiaconcursos.com.br\/blog\/revisao-oab-2a-fase-2\/#primaryimage\",\"url\":\"https:\/\/dhg1h5j42swfq.cloudfront.net\/2018\/09\/14095742\/carteira-oab-e1536929877445.png\",\"contentUrl\":\"https:\/\/dhg1h5j42swfq.cloudfront.net\/2018\/09\/14095742\/carteira-oab-e1536929877445.png\",\"width\":400,\"height\":227,\"caption\":\"senten\u00e7a penal para oab\"},{\"@type\":\"BreadcrumbList\",\"@id\":\"https:\/\/www.estrategiaconcursos.com.br\/blog\/revisao-oab-2a-fase-2\/#breadcrumb\",\"itemListElement\":[{\"@type\":\"ListItem\",\"position\":1,\"name\":\"In\u00edcio\",\"item\":\"https:\/\/www.estrategiaconcursos.com.br\/blog\/\"},{\"@type\":\"ListItem\",\"position\":2,\"name\":\"Revis\u00e3o OAB: participe do aul\u00e3o de v\u00e9spera para a 2\u00aa fase do XXVII Exame de Ordem\"}]},{\"@type\":\"WebSite\",\"@id\":\"https:\/\/www.estrategiaconcursos.com.br\/blog\/#website\",\"url\":\"https:\/\/www.estrategiaconcursos.com.br\/blog\/\",\"name\":\"Estrat\u00e9gia Concursos\",\"description\":\"O blog da Estrat\u00e9gia Concursos traz not\u00edcias sobre concursos e artigos de professores oferecendo cursos para concursos (pdf + videaulas) no site.\",\"publisher\":{\"@id\":\"https:\/\/www.estrategiaconcursos.com.br\/blog\/#organization\"},\"potentialAction\":[{\"@type\":\"SearchAction\",\"target\":{\"@type\":\"EntryPoint\",\"urlTemplate\":\"https:\/\/www.estrategiaconcursos.com.br\/blog\/?s={search_term_string}\"},\"query-input\":{\"@type\":\"PropertyValueSpecification\",\"valueRequired\":true,\"valueName\":\"search_term_string\"}}],\"inLanguage\":\"pt-BR\"},{\"@type\":\"Organization\",\"@id\":\"https:\/\/www.estrategiaconcursos.com.br\/blog\/#organization\",\"name\":\"Estrat\u00e9gia Concursos\",\"url\":\"https:\/\/www.estrategiaconcursos.com.br\/blog\/\",\"logo\":{\"@type\":\"ImageObject\",\"inLanguage\":\"pt-BR\",\"@id\":\"https:\/\/www.estrategiaconcursos.com.br\/blog\/#\/schema\/logo\/image\/\",\"url\":\"https:\/\/dhg1h5j42swfq.cloudfront.net\/2025\/06\/03203428\/logo_concursos-1.jpg\",\"contentUrl\":\"https:\/\/dhg1h5j42swfq.cloudfront.net\/2025\/06\/03203428\/logo_concursos-1.jpg\",\"width\":230,\"height\":60,\"caption\":\"Estrat\u00e9gia Concursos\"},\"image\":{\"@id\":\"https:\/\/www.estrategiaconcursos.com.br\/blog\/#\/schema\/logo\/image\/\"},\"sameAs\":[\"https:\/\/x.com\/EstratConcursos\"]},{\"@type\":\"Person\",\"@id\":\"https:\/\/www.estrategiaconcursos.com.br\/blog\/#\/schema\/person\/aa39cf5ddb518e5bdce27c35788405e2\",\"name\":\"Ricardo Torques\",\"image\":{\"@type\":\"ImageObject\",\"inLanguage\":\"pt-BR\",\"@id\":\"https:\/\/secure.gravatar.com\/avatar\/ce9ac6c3cff25fe86d15ed568ebc64d1724baf5c0693133bcb1f6073f712f92a?s=96&d=mm&r=g\",\"url\":\"https:\/\/secure.gravatar.com\/avatar\/ce9ac6c3cff25fe86d15ed568ebc64d1724baf5c0693133bcb1f6073f712f92a?s=96&d=mm&r=g\",\"contentUrl\":\"https:\/\/secure.gravatar.com\/avatar\/ce9ac6c3cff25fe86d15ed568ebc64d1724baf5c0693133bcb1f6073f712f92a?s=96&d=mm&r=g\",\"caption\":\"Ricardo Torques\"},\"sameAs\":[\"https:\/\/www.facebook.com\/ricardo.s.torques\"],\"url\":\"https:\/\/www.estrategiaconcursos.com.br\/blog\/author\/ricardotorquesestrategiaconcursos-com-br\/\"}]}<\/script>\n<!-- \/ Yoast SEO Premium plugin. -->","yoast_head_json":{"title":"Revis\u00e3o OAB 2\u00aa Fase: participe do aul\u00e3o de v\u00e9spera para o XXVII Exame de Ordem","description":"Revis\u00e3o OAB 2\u00aa Fase: s\u00e1bado tem aul\u00e3o de v\u00e9spera focado nas \u00e1reas profissionais da 2\u00aa fase do XXVII Exame de Ordem. N\u00e3o deixe de se inscrever!","robots":{"index":"index","follow":"follow","max-snippet":"max-snippet:-1","max-image-preview":"max-image-preview:large","max-video-preview":"max-video-preview:-1"},"canonical":"https:\/\/www.estrategiaconcursos.com.br\/blog\/revisao-oab-2a-fase-2\/","og_locale":"pt_BR","og_type":"article","og_title":"Revis\u00e3o OAB: participe do aul\u00e3o de v\u00e9spera para a 2\u00aa fase do XXVII Exame de Ordem","og_description":"Revis\u00e3o OAB 2\u00aa Fase: s\u00e1bado tem aul\u00e3o de v\u00e9spera focado nas \u00e1reas profissionais da 2\u00aa fase do XXVII Exame de Ordem. N\u00e3o deixe de se inscrever!","og_url":"https:\/\/www.estrategiaconcursos.com.br\/blog\/revisao-oab-2a-fase-2\/","og_site_name":"Estrat\u00e9gia Concursos","article_author":"https:\/\/www.facebook.com\/ricardo.s.torques","article_published_time":"2019-01-19T08:40:33+00:00","article_modified_time":"2019-05-03T15:19:36+00:00","og_image":[{"width":400,"height":227,"url":"https:\/\/dhg1h5j42swfq.cloudfront.net\/2018\/09\/14095742\/carteira-oab-e1536929877445.png","type":"image\/png"}],"author":"Ricardo Torques","twitter_card":"summary_large_image","twitter_creator":"@EstratConcursos","twitter_site":"@EstratConcursos","twitter_misc":{"Escrito por":"Ricardo Torques","Est. tempo de leitura":"1 minuto"},"schema":{"@context":"https:\/\/schema.org","@graph":[{"@type":"NewsArticle","@id":"https:\/\/www.estrategiaconcursos.com.br\/blog\/revisao-oab-2a-fase-2\/#article","isPartOf":{"@id":"https:\/\/www.estrategiaconcursos.com.br\/blog\/revisao-oab-2a-fase-2\/"},"author":{"name":"Ricardo Torques","@id":"https:\/\/www.estrategiaconcursos.com.br\/blog\/#\/schema\/person\/aa39cf5ddb518e5bdce27c35788405e2"},"headline":"Revis\u00e3o OAB: participe do aul\u00e3o de v\u00e9spera para a 2\u00aa fase do XXVII Exame de Ordem","datePublished":"2019-01-19T08:40:33+00:00","dateModified":"2019-05-03T15:19:36+00:00","mainEntityOfPage":{"@id":"https:\/\/www.estrategiaconcursos.com.br\/blog\/revisao-oab-2a-fase-2\/"},"wordCount":303,"commentCount":0,"publisher":{"@id":"https:\/\/www.estrategiaconcursos.com.br\/blog\/#organization"},"image":{"@id":"https:\/\/www.estrategiaconcursos.com.br\/blog\/revisao-oab-2a-fase-2\/#primaryimage"},"thumbnailUrl":"https:\/\/dhg1h5j42swfq.cloudfront.net\/2018\/09\/14095742\/carteira-oab-e1536929877445.png","articleSection":["Concursos P\u00fablicos"],"inLanguage":"pt-BR","potentialAction":[{"@type":"CommentAction","name":"Comment","target":["https:\/\/www.estrategiaconcursos.com.br\/blog\/revisao-oab-2a-fase-2\/#respond"]}],"copyrightYear":"2019","copyrightHolder":{"@id":"https:\/\/www.estrategiaconcursos.com.br\/blog\/#organization"}},{"@type":"WebPage","@id":"https:\/\/www.estrategiaconcursos.com.br\/blog\/revisao-oab-2a-fase-2\/","url":"https:\/\/www.estrategiaconcursos.com.br\/blog\/revisao-oab-2a-fase-2\/","name":"Revis\u00e3o OAB 2\u00aa Fase: participe do aul\u00e3o de v\u00e9spera para o XXVII Exame de Ordem","isPartOf":{"@id":"https:\/\/www.estrategiaconcursos.com.br\/blog\/#website"},"primaryImageOfPage":{"@id":"https:\/\/www.estrategiaconcursos.com.br\/blog\/revisao-oab-2a-fase-2\/#primaryimage"},"image":{"@id":"https:\/\/www.estrategiaconcursos.com.br\/blog\/revisao-oab-2a-fase-2\/#primaryimage"},"thumbnailUrl":"https:\/\/dhg1h5j42swfq.cloudfront.net\/2018\/09\/14095742\/carteira-oab-e1536929877445.png","datePublished":"2019-01-19T08:40:33+00:00","dateModified":"2019-05-03T15:19:36+00:00","description":"Revis\u00e3o OAB 2\u00aa Fase: s\u00e1bado tem aul\u00e3o de v\u00e9spera focado nas \u00e1reas profissionais da 2\u00aa fase do XXVII Exame de Ordem. N\u00e3o deixe de se inscrever!","breadcrumb":{"@id":"https:\/\/www.estrategiaconcursos.com.br\/blog\/revisao-oab-2a-fase-2\/#breadcrumb"},"inLanguage":"pt-BR","potentialAction":[{"@type":"ReadAction","target":["https:\/\/www.estrategiaconcursos.com.br\/blog\/revisao-oab-2a-fase-2\/"]}]},{"@type":"ImageObject","inLanguage":"pt-BR","@id":"https:\/\/www.estrategiaconcursos.com.br\/blog\/revisao-oab-2a-fase-2\/#primaryimage","url":"https:\/\/dhg1h5j42swfq.cloudfront.net\/2018\/09\/14095742\/carteira-oab-e1536929877445.png","contentUrl":"https:\/\/dhg1h5j42swfq.cloudfront.net\/2018\/09\/14095742\/carteira-oab-e1536929877445.png","width":400,"height":227,"caption":"senten\u00e7a penal para oab"},{"@type":"BreadcrumbList","@id":"https:\/\/www.estrategiaconcursos.com.br\/blog\/revisao-oab-2a-fase-2\/#breadcrumb","itemListElement":[{"@type":"ListItem","position":1,"name":"In\u00edcio","item":"https:\/\/www.estrategiaconcursos.com.br\/blog\/"},{"@type":"ListItem","position":2,"name":"Revis\u00e3o OAB: participe do aul\u00e3o de v\u00e9spera para a 2\u00aa fase do XXVII Exame de Ordem"}]},{"@type":"WebSite","@id":"https:\/\/www.estrategiaconcursos.com.br\/blog\/#website","url":"https:\/\/www.estrategiaconcursos.com.br\/blog\/","name":"Estrat\u00e9gia Concursos","description":"O blog da Estrat\u00e9gia Concursos traz not\u00edcias sobre concursos e artigos de professores oferecendo cursos para concursos (pdf + videaulas) no site.","publisher":{"@id":"https:\/\/www.estrategiaconcursos.com.br\/blog\/#organization"},"potentialAction":[{"@type":"SearchAction","target":{"@type":"EntryPoint","urlTemplate":"https:\/\/www.estrategiaconcursos.com.br\/blog\/?s={search_term_string}"},"query-input":{"@type":"PropertyValueSpecification","valueRequired":true,"valueName":"search_term_string"}}],"inLanguage":"pt-BR"},{"@type":"Organization","@id":"https:\/\/www.estrategiaconcursos.com.br\/blog\/#organization","name":"Estrat\u00e9gia Concursos","url":"https:\/\/www.estrategiaconcursos.com.br\/blog\/","logo":{"@type":"ImageObject","inLanguage":"pt-BR","@id":"https:\/\/www.estrategiaconcursos.com.br\/blog\/#\/schema\/logo\/image\/","url":"https:\/\/dhg1h5j42swfq.cloudfront.net\/2025\/06\/03203428\/logo_concursos-1.jpg","contentUrl":"https:\/\/dhg1h5j42swfq.cloudfront.net\/2025\/06\/03203428\/logo_concursos-1.jpg","width":230,"height":60,"caption":"Estrat\u00e9gia Concursos"},"image":{"@id":"https:\/\/www.estrategiaconcursos.com.br\/blog\/#\/schema\/logo\/image\/"},"sameAs":["https:\/\/x.com\/EstratConcursos"]},{"@type":"Person","@id":"https:\/\/www.estrategiaconcursos.com.br\/blog\/#\/schema\/person\/aa39cf5ddb518e5bdce27c35788405e2","name":"Ricardo Torques","image":{"@type":"ImageObject","inLanguage":"pt-BR","@id":"https:\/\/secure.gravatar.com\/avatar\/ce9ac6c3cff25fe86d15ed568ebc64d1724baf5c0693133bcb1f6073f712f92a?s=96&d=mm&r=g","url":"https:\/\/secure.gravatar.com\/avatar\/ce9ac6c3cff25fe86d15ed568ebc64d1724baf5c0693133bcb1f6073f712f92a?s=96&d=mm&r=g","contentUrl":"https:\/\/secure.gravatar.com\/avatar\/ce9ac6c3cff25fe86d15ed568ebc64d1724baf5c0693133bcb1f6073f712f92a?s=96&d=mm&r=g","caption":"Ricardo Torques"},"sameAs":["https:\/\/www.facebook.com\/ricardo.s.torques"],"url":"https:\/\/www.estrategiaconcursos.com.br\/blog\/author\/ricardotorquesestrategiaconcursos-com-br\/"}]}},"_links":{"self":[{"href":"https:\/\/www.estrategiaconcursos.com.br\/blog\/wp-json\/wp\/v2\/posts\/159613","targetHints":{"allow":["GET"]}}],"collection":[{"href":"https:\/\/www.estrategiaconcursos.com.br\/blog\/wp-json\/wp\/v2\/posts"}],"about":[{"href":"https:\/\/www.estrategiaconcursos.com.br\/blog\/wp-json\/wp\/v2\/types\/post"}],"author":[{"embeddable":true,"href":"https:\/\/www.estrategiaconcursos.com.br\/blog\/wp-json\/wp\/v2\/users\/180"}],"replies":[{"embeddable":true,"href":"https:\/\/www.estrategiaconcursos.com.br\/blog\/wp-json\/wp\/v2\/comments?post=159613"}],"version-history":[{"count":7,"href":"https:\/\/www.estrategiaconcursos.com.br\/blog\/wp-json\/wp\/v2\/posts\/159613\/revisions"}],"predecessor-version":[{"id":370656,"href":"https:\/\/www.estrategiaconcursos.com.br\/blog\/wp-json\/wp\/v2\/posts\/159613\/revisions\/370656"}],"wp:featuredmedia":[{"embeddable":true,"href":"https:\/\/www.estrategiaconcursos.com.br\/blog\/wp-json\/wp\/v2\/media\/140524"}],"wp:attachment":[{"href":"https:\/\/www.estrategiaconcursos.com.br\/blog\/wp-json\/wp\/v2\/media?parent=159613"}],"wp:term":[{"taxonomy":"category","embeddable":true,"href":"https:\/\/www.estrategiaconcursos.com.br\/blog\/wp-json\/wp\/v2\/categories?post=159613"},{"taxonomy":"post_tag","embeddable":true,"href":"https:\/\/www.estrategiaconcursos.com.br\/blog\/wp-json\/wp\/v2\/tags?post=159613"},{"taxonomy":"tax_estado","embeddable":true,"href":"https:\/\/www.estrategiaconcursos.com.br\/blog\/wp-json\/wp\/v2\/tax_estado?post=159613"}],"curies":[{"name":"wp","href":"https:\/\/api.w.org\/{rel}","templated":true}]}}