{"id":159581,"date":"2019-01-15T21:18:17","date_gmt":"2019-01-16T00:18:17","guid":{"rendered":"https:\/\/www.estrategiaconcursos.com.br\/blog\/?p=159581"},"modified":"2019-04-15T21:26:42","modified_gmt":"2019-04-16T00:26:42","slug":"direito-administrativo-prefeitura-de-recife-gabarito-e-recursos","status":"publish","type":"post","link":"https:\/\/www.estrategiaconcursos.com.br\/blog\/direito-administrativo-prefeitura-de-recife-gabarito-e-recursos\/","title":{"rendered":"Direito Administrativo Prefeitura de Recife &#8211; Gabarito e recursos"},"content":{"rendered":"\n<p><\/p>\n\n\n\n<p>Ol\u00e1 pessoal! Aqui \u00e9 o Herbert Almeida e, hoje, vamos fazer o coment\u00e1rio da primeira prova de 2019. N\u00f3s vamos comentar a prova da Prefeitura de Recife, para o cargo de Analista de Gest\u00e3o Administrativa. S\u00e3o 22 quest\u00f5es de Direito Administrativo, v\u00e1rias delas sobre licita\u00e7\u00f5es e contratos administrativos.<\/p>\n\n\n\n<p>Ademais, vislumbro a possibilidade de recurso em tr\u00eas quest\u00f5es, conforme analisaremos no v\u00eddeo. As quest\u00f5es pass\u00edveis de recurso s\u00e3o, em rela\u00e7\u00e3o ao caderno Tipo 5, as quest\u00f5es: 52, 63 e 65.<\/p>\n\n\n\n<p>Exclusivamente nesta prova, faremos o coment\u00e1rio apenas em v\u00eddeo.<\/p>\n\n\n<figure class=\"wp-block-embed-youtube wp-block-embed is-type-video is-provider-youtube wp-embed-aspect-16-9 wp-has-aspect-ratio\"><div class=\"lyte-wrapper\" style=\"width:853px;max-width:100%;margin:5px;\"><div class=\"lyMe\" id=\"WYL_4z6McJJG2vw\"><div id=\"lyte_4z6McJJG2vw\" data-src=\"\/\/i.ytimg.com\/vi\/4z6McJJG2vw\/hqdefault.jpg\" class=\"pL\"><div class=\"tC\"><div class=\"tT\"><\/div><\/div><div class=\"play\"><\/div><div class=\"ctrl\"><div class=\"Lctrl\"><\/div><div class=\"Rctrl\"><\/div><\/div><\/div><noscript><a href=\"https:\/\/youtu.be\/4z6McJJG2vw\" rel=\"nofollow\"><img loading=\"lazy\" decoding=\"async\" src=\"https:\/\/i.ytimg.com\/vi\/4z6McJJG2vw\/0.jpg\" alt=\"YouTube video thumbnail\" width=\"853\" height=\"460\" \/><br \/>Assista a este v\u00eddeo no YouTube<\/a><\/noscript><\/div><\/div><div class=\"lL\" style=\"max-width:100%;width:853px;margin:5px;\"><\/div><figcaption><\/figcaption><\/figure>\n\n\n<p>Para nos seguir no instagram, basta escanear a tag a seguir:<\/p>\n\n\n\n<div class=\"wp-block-image\"><figure class=\"aligncenter is-resized\"><a href=\"https:\/\/www.instagram.com\/profherbertalmeida\/\" target=\"_blank\" rel=\"noreferrer noopener\"><img loading=\"lazy\" decoding=\"async\" src=\"https:\/\/dhg1h5j42swfq.cloudfront.net\/2018\/01\/29210516\/tag-instagram-profherbertalmeida.jpeg\" alt=\"\" class=\"wp-image-149376\" width=\"301\" height=\"312\" srcset=\"https:\/\/dhg1h5j42swfq.cloudfront.net\/2018\/01\/29210516\/tag-instagram-profherbertalmeida.jpeg 743w, https:\/\/dhg1h5j42swfq.cloudfront.net\/2018\/01\/29210516\/tag-instagram-profherbertalmeida.jpeg 289w, https:\/\/dhg1h5j42swfq.cloudfront.net\/2018\/01\/29210516\/tag-instagram-profherbertalmeida.jpeg 610w\" sizes=\"auto, (max-width: 301px) 100vw, 301px\" \/><\/a><\/figure><\/div>\n\n\n\n<p>Para se inscrever no nosso canal no Youtube, basta escanear o QRCODE abaixo:<\/p>\n\n\n\n<div class=\"wp-block-image\"><figure class=\"aligncenter is-resized\"><a href=\"https:\/\/www.youtube.com\/profherbertalmeida\" target=\"_blank\" rel=\"noreferrer noopener\"><img loading=\"lazy\" decoding=\"async\" src=\"https:\/\/dhg1h5j42swfq.cloudfront.net\/2018\/10\/30182004\/qr-code.png\" alt=\"\" class=\"wp-image-149561\" width=\"296\" height=\"296\" srcset=\"https:\/\/dhg1h5j42swfq.cloudfront.net\/2018\/10\/30182004\/qr-code.png 1148w, https:\/\/dhg1h5j42swfq.cloudfront.net\/2018\/10\/30182004\/qr-code.png 150w, https:\/\/dhg1h5j42swfq.cloudfront.net\/2018\/10\/30182004\/qr-code.png 300w, https:\/\/dhg1h5j42swfq.cloudfront.net\/2018\/10\/30182004\/qr-code.png 768w, https:\/\/dhg1h5j42swfq.cloudfront.net\/2018\/10\/30182004\/qr-code.png 1024w, https:\/\/dhg1h5j42swfq.cloudfront.net\/2018\/10\/30182004\/qr-code.png 610w\" sizes=\"auto, (max-width: 296px) 100vw, 296px\" \/><\/a><\/figure><\/div>\n\n\n\n<p>Ou se preferir, pode fazer pelo modo tradicional:<\/p>\n\n\n\n<p><a href=\"http:\/\/www.youtube.com\/profherbertalmeida\" target=\"_blank\" rel=\"noreferrer noopener\" aria-label=\"www.youtube.com\/profherbertalmeida (opens in a new tab)\">www.youtube.com\/profherbertalmeida<\/a><\/p>\n\n\n\n<p><a rel=\"noreferrer noopener\" aria-label=\"www.instagram\/profherbertalmeida (opens in a new tab)\" href=\"http:\/\/www.instagram\/profherbertalmeida\" target=\"_blank\">www.instagram\/profherbertalmeida<\/a><\/p>\n\n\n\n<p><a rel=\"noreferrer noopener\" aria-label=\"www.facebook.com\/profherbertalmeida (opens in a new tab)\" href=\"http:\/\/www.facebook.com\/profherbertalmeida\" target=\"_blank\">www.facebook.com\/profherbertalmeida<\/a><\/p>\n\n\n\n<p>Um grande abra\u00e7o e at\u00e9 a pr\u00f3xima!<\/p>\n\n\n\n<p>Herbert Almeida<\/p>\n","protected":false},"excerpt":{"rendered":"<p>Ol\u00e1 pessoal! Aqui \u00e9 o Herbert Almeida e, hoje, vamos fazer o coment\u00e1rio da primeira prova de 2019. N\u00f3s vamos comentar a prova da Prefeitura de Recife, para o cargo de Analista de Gest\u00e3o Administrativa. S\u00e3o 22 quest\u00f5es de Direito Administrativo, v\u00e1rias delas sobre licita\u00e7\u00f5es e contratos administrativos. Ademais, vislumbro a possibilidade de recurso em [&hellip;]<\/p>\n","protected":false},"author":129,"featured_media":0,"comment_status":"open","ping_status":"closed","sticky":false,"template":"","format":"standard","meta":{"post_tipo":"article","footnotes":""},"categories":[1],"tags":[],"tax_estado":[],"class_list":["post-159581","post","type-post","status-publish","format-standard","hentry","category-cursos-e-concursos"],"acf":[],"yoast_head":"<!-- This site is optimized with the Yoast SEO Premium plugin v27.2 (Yoast SEO v27.2) - https:\/\/yoast.com\/product\/yoast-seo-premium-wordpress\/ -->\n<title>Direito Administrativo Prefeitura de Recife - Gabarito e recursos<\/title>\n<meta name=\"description\" content=\"Coment\u00e1rio, gabarito e recursos da prova de Analista de Gest\u00e3o Administrativa do concurso da Prefeitura de Recite. 22 quest\u00f5es da FCC de 2019 comentadas.\" \/>\n<meta name=\"robots\" content=\"index, follow, max-snippet:-1, max-image-preview:large, max-video-preview:-1\" \/>\n<link rel=\"canonical\" href=\"https:\/\/www.estrategiaconcursos.com.br\/blog\/direito-administrativo-prefeitura-de-recife-gabarito-e-recursos\/\" \/>\n<meta property=\"og:locale\" content=\"pt_BR\" \/>\n<meta property=\"og:type\" content=\"article\" \/>\n<meta property=\"og:title\" content=\"Direito Administrativo Prefeitura de Recife - Gabarito e recursos\" \/>\n<meta property=\"og:description\" content=\"Coment\u00e1rio, gabarito e recursos da prova de Analista de Gest\u00e3o Administrativa do concurso da Prefeitura de Recite. 22 quest\u00f5es da FCC de 2019 comentadas.\" \/>\n<meta property=\"og:url\" content=\"https:\/\/www.estrategiaconcursos.com.br\/blog\/direito-administrativo-prefeitura-de-recife-gabarito-e-recursos\/\" \/>\n<meta property=\"og:site_name\" content=\"Estrat\u00e9gia Concursos\" \/>\n<meta property=\"article:published_time\" content=\"2019-01-16T00:18:17+00:00\" \/>\n<meta property=\"article:modified_time\" content=\"2019-04-16T00:26:42+00:00\" \/>\n<meta property=\"og:image\" content=\"https:\/\/www.estrategiaconcursos.com.br\/blog\/wp-content\/uploads\/2018\/01\/tag-instagram-profherbertalmeida.jpeg\" \/>\n<meta name=\"author\" content=\"Herbert Almeida\" \/>\n<meta name=\"twitter:card\" content=\"summary_large_image\" \/>\n<meta name=\"twitter:creator\" content=\"@EstratConcursos\" \/>\n<meta name=\"twitter:site\" content=\"@EstratConcursos\" \/>\n<meta name=\"twitter:label1\" content=\"Escrito por\" \/>\n\t<meta name=\"twitter:data1\" content=\"Herbert Almeida\" \/>\n\t<meta name=\"twitter:label2\" content=\"Est. tempo de leitura\" \/>\n\t<meta name=\"twitter:data2\" content=\"1 minuto\" \/>\n<script type=\"application\/ld+json\" class=\"yoast-schema-graph\">{\"@context\":\"https:\/\/schema.org\",\"@graph\":[{\"@type\":\"NewsArticle\",\"@id\":\"https:\/\/www.estrategiaconcursos.com.br\/blog\/direito-administrativo-prefeitura-de-recife-gabarito-e-recursos\/#article\",\"isPartOf\":{\"@id\":\"https:\/\/www.estrategiaconcursos.com.br\/blog\/direito-administrativo-prefeitura-de-recife-gabarito-e-recursos\/\"},\"author\":{\"name\":\"Herbert Almeida\",\"@id\":\"https:\/\/www.estrategiaconcursos.com.br\/blog\/#\/schema\/person\/59717c75350fa01aa0fd68a52a8d02e0\"},\"headline\":\"Direito Administrativo Prefeitura de Recife &#8211; Gabarito e recursos\",\"datePublished\":\"2019-01-16T00:18:17+00:00\",\"dateModified\":\"2019-04-16T00:26:42+00:00\",\"mainEntityOfPage\":{\"@id\":\"https:\/\/www.estrategiaconcursos.com.br\/blog\/direito-administrativo-prefeitura-de-recife-gabarito-e-recursos\/\"},\"wordCount\":170,\"commentCount\":0,\"publisher\":{\"@id\":\"https:\/\/www.estrategiaconcursos.com.br\/blog\/#organization\"},\"image\":{\"@id\":\"https:\/\/www.estrategiaconcursos.com.br\/blog\/direito-administrativo-prefeitura-de-recife-gabarito-e-recursos\/#primaryimage\"},\"thumbnailUrl\":\"https:\/\/www.estrategiaconcursos.com.br\/blog\/wp-content\/uploads\/2018\/01\/tag-instagram-profherbertalmeida.jpeg\",\"articleSection\":[\"Concursos P\u00fablicos\"],\"inLanguage\":\"pt-BR\",\"potentialAction\":[{\"@type\":\"CommentAction\",\"name\":\"Comment\",\"target\":[\"https:\/\/www.estrategiaconcursos.com.br\/blog\/direito-administrativo-prefeitura-de-recife-gabarito-e-recursos\/#respond\"]}],\"copyrightYear\":\"2019\",\"copyrightHolder\":{\"@id\":\"https:\/\/www.estrategiaconcursos.com.br\/blog\/#organization\"}},{\"@type\":\"WebPage\",\"@id\":\"https:\/\/www.estrategiaconcursos.com.br\/blog\/direito-administrativo-prefeitura-de-recife-gabarito-e-recursos\/\",\"url\":\"https:\/\/www.estrategiaconcursos.com.br\/blog\/direito-administrativo-prefeitura-de-recife-gabarito-e-recursos\/\",\"name\":\"Direito Administrativo Prefeitura de Recife - Gabarito e recursos\",\"isPartOf\":{\"@id\":\"https:\/\/www.estrategiaconcursos.com.br\/blog\/#website\"},\"primaryImageOfPage\":{\"@id\":\"https:\/\/www.estrategiaconcursos.com.br\/blog\/direito-administrativo-prefeitura-de-recife-gabarito-e-recursos\/#primaryimage\"},\"image\":{\"@id\":\"https:\/\/www.estrategiaconcursos.com.br\/blog\/direito-administrativo-prefeitura-de-recife-gabarito-e-recursos\/#primaryimage\"},\"thumbnailUrl\":\"https:\/\/www.estrategiaconcursos.com.br\/blog\/wp-content\/uploads\/2018\/01\/tag-instagram-profherbertalmeida.jpeg\",\"datePublished\":\"2019-01-16T00:18:17+00:00\",\"dateModified\":\"2019-04-16T00:26:42+00:00\",\"description\":\"Coment\u00e1rio, gabarito e recursos da prova de Analista de Gest\u00e3o Administrativa do concurso da Prefeitura de Recite. 22 quest\u00f5es da FCC de 2019 comentadas.\",\"breadcrumb\":{\"@id\":\"https:\/\/www.estrategiaconcursos.com.br\/blog\/direito-administrativo-prefeitura-de-recife-gabarito-e-recursos\/#breadcrumb\"},\"inLanguage\":\"pt-BR\",\"potentialAction\":[{\"@type\":\"ReadAction\",\"target\":[\"https:\/\/www.estrategiaconcursos.com.br\/blog\/direito-administrativo-prefeitura-de-recife-gabarito-e-recursos\/\"]}]},{\"@type\":\"ImageObject\",\"inLanguage\":\"pt-BR\",\"@id\":\"https:\/\/www.estrategiaconcursos.com.br\/blog\/direito-administrativo-prefeitura-de-recife-gabarito-e-recursos\/#primaryimage\",\"url\":\"https:\/\/dhg1h5j42swfq.cloudfront.net\/2018\/01\/29210516\/tag-instagram-profherbertalmeida.jpeg\",\"contentUrl\":\"https:\/\/dhg1h5j42swfq.cloudfront.net\/2018\/01\/29210516\/tag-instagram-profherbertalmeida.jpeg\",\"width\":743,\"height\":772},{\"@type\":\"BreadcrumbList\",\"@id\":\"https:\/\/www.estrategiaconcursos.com.br\/blog\/direito-administrativo-prefeitura-de-recife-gabarito-e-recursos\/#breadcrumb\",\"itemListElement\":[{\"@type\":\"ListItem\",\"position\":1,\"name\":\"In\u00edcio\",\"item\":\"https:\/\/www.estrategiaconcursos.com.br\/blog\/\"},{\"@type\":\"ListItem\",\"position\":2,\"name\":\"Direito Administrativo Prefeitura de Recife &#8211; Gabarito e recursos\"}]},{\"@type\":\"WebSite\",\"@id\":\"https:\/\/www.estrategiaconcursos.com.br\/blog\/#website\",\"url\":\"https:\/\/www.estrategiaconcursos.com.br\/blog\/\",\"name\":\"Estrat\u00e9gia Concursos\",\"description\":\"O blog da Estrat\u00e9gia Concursos traz not\u00edcias sobre concursos e artigos de professores oferecendo cursos para concursos (pdf + videaulas) no site.\",\"publisher\":{\"@id\":\"https:\/\/www.estrategiaconcursos.com.br\/blog\/#organization\"},\"potentialAction\":[{\"@type\":\"SearchAction\",\"target\":{\"@type\":\"EntryPoint\",\"urlTemplate\":\"https:\/\/www.estrategiaconcursos.com.br\/blog\/?s={search_term_string}\"},\"query-input\":{\"@type\":\"PropertyValueSpecification\",\"valueRequired\":true,\"valueName\":\"search_term_string\"}}],\"inLanguage\":\"pt-BR\"},{\"@type\":\"Organization\",\"@id\":\"https:\/\/www.estrategiaconcursos.com.br\/blog\/#organization\",\"name\":\"Estrat\u00e9gia Concursos\",\"url\":\"https:\/\/www.estrategiaconcursos.com.br\/blog\/\",\"logo\":{\"@type\":\"ImageObject\",\"inLanguage\":\"pt-BR\",\"@id\":\"https:\/\/www.estrategiaconcursos.com.br\/blog\/#\/schema\/logo\/image\/\",\"url\":\"https:\/\/dhg1h5j42swfq.cloudfront.net\/2025\/06\/03203428\/logo_concursos-1.jpg\",\"contentUrl\":\"https:\/\/dhg1h5j42swfq.cloudfront.net\/2025\/06\/03203428\/logo_concursos-1.jpg\",\"width\":230,\"height\":60,\"caption\":\"Estrat\u00e9gia Concursos\"},\"image\":{\"@id\":\"https:\/\/www.estrategiaconcursos.com.br\/blog\/#\/schema\/logo\/image\/\"},\"sameAs\":[\"https:\/\/x.com\/EstratConcursos\"]},{\"@type\":\"Person\",\"@id\":\"https:\/\/www.estrategiaconcursos.com.br\/blog\/#\/schema\/person\/59717c75350fa01aa0fd68a52a8d02e0\",\"name\":\"Herbert Almeida\",\"image\":{\"@type\":\"ImageObject\",\"inLanguage\":\"pt-BR\",\"@id\":\"https:\/\/secure.gravatar.com\/avatar\/b6461a43893c24d5fc91efc433971ffec025c84c0341129f4578034d77f9a536?s=96&d=mm&r=g\",\"url\":\"https:\/\/secure.gravatar.com\/avatar\/b6461a43893c24d5fc91efc433971ffec025c84c0341129f4578034d77f9a536?s=96&d=mm&r=g\",\"contentUrl\":\"https:\/\/secure.gravatar.com\/avatar\/b6461a43893c24d5fc91efc433971ffec025c84c0341129f4578034d77f9a536?s=96&d=mm&r=g\",\"caption\":\"Herbert Almeida\"},\"url\":\"https:\/\/www.estrategiaconcursos.com.br\/blog\/author\/herbertestrategiaconcursos-com-br\/\"}]}<\/script>\n<!-- \/ Yoast SEO Premium plugin. -->","yoast_head_json":{"title":"Direito Administrativo Prefeitura de Recife - Gabarito e recursos","description":"Coment\u00e1rio, gabarito e recursos da prova de Analista de Gest\u00e3o Administrativa do concurso da Prefeitura de Recite. 22 quest\u00f5es da FCC de 2019 comentadas.","robots":{"index":"index","follow":"follow","max-snippet":"max-snippet:-1","max-image-preview":"max-image-preview:large","max-video-preview":"max-video-preview:-1"},"canonical":"https:\/\/www.estrategiaconcursos.com.br\/blog\/direito-administrativo-prefeitura-de-recife-gabarito-e-recursos\/","og_locale":"pt_BR","og_type":"article","og_title":"Direito Administrativo Prefeitura de Recife - Gabarito e recursos","og_description":"Coment\u00e1rio, gabarito e recursos da prova de Analista de Gest\u00e3o Administrativa do concurso da Prefeitura de Recite. 22 quest\u00f5es da FCC de 2019 comentadas.","og_url":"https:\/\/www.estrategiaconcursos.com.br\/blog\/direito-administrativo-prefeitura-de-recife-gabarito-e-recursos\/","og_site_name":"Estrat\u00e9gia Concursos","article_published_time":"2019-01-16T00:18:17+00:00","article_modified_time":"2019-04-16T00:26:42+00:00","og_image":[{"url":"https:\/\/www.estrategiaconcursos.com.br\/blog\/wp-content\/uploads\/2018\/01\/tag-instagram-profherbertalmeida.jpeg","type":"","width":"","height":""}],"author":"Herbert Almeida","twitter_card":"summary_large_image","twitter_creator":"@EstratConcursos","twitter_site":"@EstratConcursos","twitter_misc":{"Escrito por":"Herbert Almeida","Est. tempo de leitura":"1 minuto"},"schema":{"@context":"https:\/\/schema.org","@graph":[{"@type":"NewsArticle","@id":"https:\/\/www.estrategiaconcursos.com.br\/blog\/direito-administrativo-prefeitura-de-recife-gabarito-e-recursos\/#article","isPartOf":{"@id":"https:\/\/www.estrategiaconcursos.com.br\/blog\/direito-administrativo-prefeitura-de-recife-gabarito-e-recursos\/"},"author":{"name":"Herbert Almeida","@id":"https:\/\/www.estrategiaconcursos.com.br\/blog\/#\/schema\/person\/59717c75350fa01aa0fd68a52a8d02e0"},"headline":"Direito Administrativo Prefeitura de Recife &#8211; Gabarito e recursos","datePublished":"2019-01-16T00:18:17+00:00","dateModified":"2019-04-16T00:26:42+00:00","mainEntityOfPage":{"@id":"https:\/\/www.estrategiaconcursos.com.br\/blog\/direito-administrativo-prefeitura-de-recife-gabarito-e-recursos\/"},"wordCount":170,"commentCount":0,"publisher":{"@id":"https:\/\/www.estrategiaconcursos.com.br\/blog\/#organization"},"image":{"@id":"https:\/\/www.estrategiaconcursos.com.br\/blog\/direito-administrativo-prefeitura-de-recife-gabarito-e-recursos\/#primaryimage"},"thumbnailUrl":"https:\/\/www.estrategiaconcursos.com.br\/blog\/wp-content\/uploads\/2018\/01\/tag-instagram-profherbertalmeida.jpeg","articleSection":["Concursos P\u00fablicos"],"inLanguage":"pt-BR","potentialAction":[{"@type":"CommentAction","name":"Comment","target":["https:\/\/www.estrategiaconcursos.com.br\/blog\/direito-administrativo-prefeitura-de-recife-gabarito-e-recursos\/#respond"]}],"copyrightYear":"2019","copyrightHolder":{"@id":"https:\/\/www.estrategiaconcursos.com.br\/blog\/#organization"}},{"@type":"WebPage","@id":"https:\/\/www.estrategiaconcursos.com.br\/blog\/direito-administrativo-prefeitura-de-recife-gabarito-e-recursos\/","url":"https:\/\/www.estrategiaconcursos.com.br\/blog\/direito-administrativo-prefeitura-de-recife-gabarito-e-recursos\/","name":"Direito Administrativo Prefeitura de Recife - Gabarito e recursos","isPartOf":{"@id":"https:\/\/www.estrategiaconcursos.com.br\/blog\/#website"},"primaryImageOfPage":{"@id":"https:\/\/www.estrategiaconcursos.com.br\/blog\/direito-administrativo-prefeitura-de-recife-gabarito-e-recursos\/#primaryimage"},"image":{"@id":"https:\/\/www.estrategiaconcursos.com.br\/blog\/direito-administrativo-prefeitura-de-recife-gabarito-e-recursos\/#primaryimage"},"thumbnailUrl":"https:\/\/www.estrategiaconcursos.com.br\/blog\/wp-content\/uploads\/2018\/01\/tag-instagram-profherbertalmeida.jpeg","datePublished":"2019-01-16T00:18:17+00:00","dateModified":"2019-04-16T00:26:42+00:00","description":"Coment\u00e1rio, gabarito e recursos da prova de Analista de Gest\u00e3o Administrativa do concurso da Prefeitura de Recite. 22 quest\u00f5es da FCC de 2019 comentadas.","breadcrumb":{"@id":"https:\/\/www.estrategiaconcursos.com.br\/blog\/direito-administrativo-prefeitura-de-recife-gabarito-e-recursos\/#breadcrumb"},"inLanguage":"pt-BR","potentialAction":[{"@type":"ReadAction","target":["https:\/\/www.estrategiaconcursos.com.br\/blog\/direito-administrativo-prefeitura-de-recife-gabarito-e-recursos\/"]}]},{"@type":"ImageObject","inLanguage":"pt-BR","@id":"https:\/\/www.estrategiaconcursos.com.br\/blog\/direito-administrativo-prefeitura-de-recife-gabarito-e-recursos\/#primaryimage","url":"https:\/\/dhg1h5j42swfq.cloudfront.net\/2018\/01\/29210516\/tag-instagram-profherbertalmeida.jpeg","contentUrl":"https:\/\/dhg1h5j42swfq.cloudfront.net\/2018\/01\/29210516\/tag-instagram-profherbertalmeida.jpeg","width":743,"height":772},{"@type":"BreadcrumbList","@id":"https:\/\/www.estrategiaconcursos.com.br\/blog\/direito-administrativo-prefeitura-de-recife-gabarito-e-recursos\/#breadcrumb","itemListElement":[{"@type":"ListItem","position":1,"name":"In\u00edcio","item":"https:\/\/www.estrategiaconcursos.com.br\/blog\/"},{"@type":"ListItem","position":2,"name":"Direito Administrativo Prefeitura de Recife &#8211; Gabarito e recursos"}]},{"@type":"WebSite","@id":"https:\/\/www.estrategiaconcursos.com.br\/blog\/#website","url":"https:\/\/www.estrategiaconcursos.com.br\/blog\/","name":"Estrat\u00e9gia Concursos","description":"O blog da Estrat\u00e9gia Concursos traz not\u00edcias sobre concursos e artigos de professores oferecendo cursos para concursos (pdf + videaulas) no site.","publisher":{"@id":"https:\/\/www.estrategiaconcursos.com.br\/blog\/#organization"},"potentialAction":[{"@type":"SearchAction","target":{"@type":"EntryPoint","urlTemplate":"https:\/\/www.estrategiaconcursos.com.br\/blog\/?s={search_term_string}"},"query-input":{"@type":"PropertyValueSpecification","valueRequired":true,"valueName":"search_term_string"}}],"inLanguage":"pt-BR"},{"@type":"Organization","@id":"https:\/\/www.estrategiaconcursos.com.br\/blog\/#organization","name":"Estrat\u00e9gia Concursos","url":"https:\/\/www.estrategiaconcursos.com.br\/blog\/","logo":{"@type":"ImageObject","inLanguage":"pt-BR","@id":"https:\/\/www.estrategiaconcursos.com.br\/blog\/#\/schema\/logo\/image\/","url":"https:\/\/dhg1h5j42swfq.cloudfront.net\/2025\/06\/03203428\/logo_concursos-1.jpg","contentUrl":"https:\/\/dhg1h5j42swfq.cloudfront.net\/2025\/06\/03203428\/logo_concursos-1.jpg","width":230,"height":60,"caption":"Estrat\u00e9gia Concursos"},"image":{"@id":"https:\/\/www.estrategiaconcursos.com.br\/blog\/#\/schema\/logo\/image\/"},"sameAs":["https:\/\/x.com\/EstratConcursos"]},{"@type":"Person","@id":"https:\/\/www.estrategiaconcursos.com.br\/blog\/#\/schema\/person\/59717c75350fa01aa0fd68a52a8d02e0","name":"Herbert Almeida","image":{"@type":"ImageObject","inLanguage":"pt-BR","@id":"https:\/\/secure.gravatar.com\/avatar\/b6461a43893c24d5fc91efc433971ffec025c84c0341129f4578034d77f9a536?s=96&d=mm&r=g","url":"https:\/\/secure.gravatar.com\/avatar\/b6461a43893c24d5fc91efc433971ffec025c84c0341129f4578034d77f9a536?s=96&d=mm&r=g","contentUrl":"https:\/\/secure.gravatar.com\/avatar\/b6461a43893c24d5fc91efc433971ffec025c84c0341129f4578034d77f9a536?s=96&d=mm&r=g","caption":"Herbert Almeida"},"url":"https:\/\/www.estrategiaconcursos.com.br\/blog\/author\/herbertestrategiaconcursos-com-br\/"}]}},"_links":{"self":[{"href":"https:\/\/www.estrategiaconcursos.com.br\/blog\/wp-json\/wp\/v2\/posts\/159581","targetHints":{"allow":["GET"]}}],"collection":[{"href":"https:\/\/www.estrategiaconcursos.com.br\/blog\/wp-json\/wp\/v2\/posts"}],"about":[{"href":"https:\/\/www.estrategiaconcursos.com.br\/blog\/wp-json\/wp\/v2\/types\/post"}],"author":[{"embeddable":true,"href":"https:\/\/www.estrategiaconcursos.com.br\/blog\/wp-json\/wp\/v2\/users\/129"}],"replies":[{"embeddable":true,"href":"https:\/\/www.estrategiaconcursos.com.br\/blog\/wp-json\/wp\/v2\/comments?post=159581"}],"version-history":[{"count":2,"href":"https:\/\/www.estrategiaconcursos.com.br\/blog\/wp-json\/wp\/v2\/posts\/159581\/revisions"}],"predecessor-version":[{"id":159590,"href":"https:\/\/www.estrategiaconcursos.com.br\/blog\/wp-json\/wp\/v2\/posts\/159581\/revisions\/159590"}],"wp:attachment":[{"href":"https:\/\/www.estrategiaconcursos.com.br\/blog\/wp-json\/wp\/v2\/media?parent=159581"}],"wp:term":[{"taxonomy":"category","embeddable":true,"href":"https:\/\/www.estrategiaconcursos.com.br\/blog\/wp-json\/wp\/v2\/categories?post=159581"},{"taxonomy":"post_tag","embeddable":true,"href":"https:\/\/www.estrategiaconcursos.com.br\/blog\/wp-json\/wp\/v2\/tags?post=159581"},{"taxonomy":"tax_estado","embeddable":true,"href":"https:\/\/www.estrategiaconcursos.com.br\/blog\/wp-json\/wp\/v2\/tax_estado?post=159581"}],"curies":[{"name":"wp","href":"https:\/\/api.w.org\/{rel}","templated":true}]}}