{"id":15897,"date":"2014-05-23T11:35:54","date_gmt":"2014-05-23T14:35:54","guid":{"rendered":"https:\/\/www.estrategiaconcursos.com.br\/blog\/?post_type=noticia&#038;p=15897"},"modified":"2016-09-26T10:52:11","modified_gmt":"2016-09-26T13:52:11","slug":"concurso-tjpr","status":"publish","type":"post","link":"https:\/\/www.estrategiaconcursos.com.br\/blog\/concurso-tjpr\/","title":{"rendered":"Minist\u00e9rio P\u00fablico do Paran\u00e1 investiga den\u00fancias de irregularidades no concurso TJPR"},"content":{"rendered":"<p class=\"entry-title\" style=\"text-align: justify;\"><span style=\"color: #000000;\">Foi encaminhado a Promotoria de Direitos Constitucionais as den\u00fancias de irregularidades no\u00a0concurso p\u00fablico para o cargo de t\u00e9cnico judici\u00e1rio do Tribunal de Justi\u00e7a do Paran\u00e1 (TJPR), realizado no \u00faltimo domingo (18).\u00a0Entre as supostas irregularidades, est\u00e1 a viola\u00e7\u00e3o dos envelopes das provas para deficientes auditivos.\u00a0<\/span><\/p>\n<p><span style=\"color: #000000;\">Confira mais informa\u00e7\u00f5es na mat\u00e9ria divulgada pelo portal G1:<\/span><\/p>\n<blockquote>\n<h1 class=\"entry-title\" style=\"text-align: center;\"><strong><span style=\"color: #000000;\">MP investiga viola\u00e7\u00e3o de envelope de provas de concurso p\u00fablico do TJ-PR<\/span><\/strong><\/h1>\n<p>&nbsp;<\/p>\n<div class=\"foto componente_materia midia-largura-300\" style=\"color: #000000;\">\n<div style=\"width: 310px\" class=\"wp-caption alignnone\"><img loading=\"lazy\" decoding=\"async\" title=\"Concurso Tribunal de Justi\u00e7a do Paran\u00e1\" src=\"http:\/\/s2.glbimg.com\/NH6K-1s1erX8f01586OmdxaPQpU=\/s.glbimg.com\/jo\/g1\/f\/original\/2014\/05\/22\/bo.jpg\" alt=\"Concurso Tribunal de Justi\u00e7a do Paran\u00e1\" width=\"300\" height=\"400\" \/><p class=\"wp-caption-text\"><span style=\"color: #000000;\">Candidato registrou Boletim de Ocorr\u00eancia sobre viola\u00e7\u00e3o de envelopes de provas (Foto: arquivo pessoal\/G1)<\/span><\/p><\/div>\n<\/div>\n<p style=\"text-align: justify;\"><span style=\"color: #000000;\">O Minist\u00e9rio P\u00fablico do Paran\u00e1 (MP-PR) investiga den\u00fancias de irregularidades no concurso p\u00fablico para o cargo de t\u00e9cnico judici\u00e1rio do Tribunal de Justi\u00e7a do Paran\u00e1 (TJ-PR) realizado no domingo (18). Nesta quinta-feira (22), o caso foi encaminhado para a Promotoria de Direitos Constitucionais. Entre as supostas irregularidades, est\u00e1 a viola\u00e7\u00e3o dos envelopes das provas para deficientes auditivos. Em uma sala do Campus Agr\u00e1rias da Universidade Federal do Paran\u00e1 (UFPR), que foi um dos locais de aplica\u00e7\u00e3o da prova, por exemplo, os cadernos estavam em cima da mesa dos fiscais \u2013 prontos para serem distribu\u00eddos.<\/span><\/p>\n<p style=\"text-align: justify;\"><span style=\"color: #000000;\">Segundo o presidente da Comiss\u00e3o Gest\u00e3o P\u00fablica e Controle da Administra\u00e7\u00e3o da se\u00e7\u00e3o paranaense da Ordem dos Advogados do Brasil (OAB-PR), Luciano Elias Reis, a situa\u00e7\u00e3o afronta princ\u00edpios legais da Administra\u00e7\u00e3o P\u00fablica como moralidade, publicidade, efici\u00eancia e impessoalidade. Al\u00e9m disso, o concurso fica sujeito a uma anula\u00e7\u00e3o. \u201cEm um concurso p\u00fablico, \u00e9 indispens\u00e1vel que as provas estejam lacradas e s\u00f3 sejam abertas no momento em que todos estejam presentes e no hor\u00e1rio determinado por edital. Se comprovada uma irregularidade neste sentido, \u00e9 plenamente cab\u00edvel, no meu ponto de vista, a anula\u00e7\u00e3o do concurso p\u00fablico. Ser\u00e1 que algu\u00e9m n\u00e3o teve acesso a essa prova antes de ela chegar \u00e0 sala de aula? Ser\u00e1 que algu\u00e9m, por ventura, n\u00e3o tomou conhecimento de uma quest\u00e3o? Todas essas variantes prejudicam a igualdade de participa\u00e7\u00e3o entre os candidatos\u201d, avalia Reis.<\/span><\/p>\n<p style=\"text-align: justify;\"><span style=\"color: #000000;\">Um dos candidatos, que tem anacusia unilateral (surdez de um ouvido), registrou Boletim de Ocorr\u00eancia e procurou o Minist\u00e9rio P\u00fablico e a Ouvidoria do TJ-PR. Ao questionar as fiscais da sala, o candidato foi informado que as provas chegaram ao local fora de envelopes. Diante dos diversos questionamentos dos demais candidatos, uma coordenadora foi chamada. \u201cEla falou que, em virtude das provas serem de portadores de necessidades especiais, eles tiveram que violar as provas para separar e que n\u00e3o tiveram um tempo h\u00e1bil para fazer isso antes\u201d, relatou.<\/span><\/p>\n<p style=\"text-align: justify;\"><span style=\"color: #000000;\">Al\u00e9m disso, o candidato disse que ao ler as instru\u00e7\u00f5es iniciais as fiscais mencionaram a regra de que dois candidatos devem acompanhar a abertura dos envelopes. \u201cDepois de ferir alguns princ\u00edpios constitucionais como lisura e transpar\u00eancia, eu acredito que todo o certame fica inv\u00e1lido, fica desacreditado\u201d, disse o candidato. O conflito foi presenciado por dois policiais federais.<\/span><\/p>\n<p style=\"text-align: justify;\"><span style=\"color: #000000;\">A UFPR \u00e9 a respons\u00e1vel pela elabora\u00e7\u00e3o e coordena\u00e7\u00e3o do concurso. A intitui\u00e7\u00e3o reconheceu, \u00e0 uma candidata que registrou uma reclama\u00e7\u00e3o no N\u00facleo de Concurso, que os envelopes foram abertos previamente. &#8220;Para que n\u00e3o ocorressem atrasos na emiss\u00e3o do comprovante de ensalamento, os candidatos com Necessidades Especiais auditivas, foram todos alocados na biblioteca do Campus Agr\u00e1rias para posterior remanejamento. As provas foram abertas pelos inspetores do local de prova e acompanhados por agentes da Pol\u00edcia Federal, ficando as provas dos candidatos que fariam a prova na biblioteca no local e as demais encaminhadas para o pr\u00e9dio Marcos Henriette, no mesmo Campus. Este procedimento foi necess\u00e1rio para agilizar o procedimento evitando atrasos no in\u00edcio das provas&#8221;, diz trecho da resposta encaminhada pela UFPR \u00e0 candidata.<\/span><\/p>\n<p style=\"text-align: justify;\"><span style=\"color: #000000;\">Por meio da assessoria de imprensa, a universidade afirmou ainda que n\u00e3o foi respons\u00e1vel pela inscri\u00e7\u00e3o dos candidatos &#8211; ficando a cargo do TJ-PR &#8211; e que isso impactou na identifica\u00e7\u00e3o das reais necessidades especiais de cada candidato. A UFPR\u00a0 considera que a quest\u00e3o n\u00e3o afetou a lisura do concurso p\u00fablico porque tudo ocorreu dentro do campus da universidade.<\/span><\/p>\n<h1 style=\"text-align: justify;\"><span style=\"color: #000000;\"><strong>Veja a resposta da UFPR na \u00edntegra<\/strong><\/span><\/h1>\n<p style=\"text-align: justify;\"><span style=\"color: #000000;\"><em>Informamos que as planilhas dos candidatos que solicitaram atendimento especial ou que concorriam nas vagas reservadas para Portadores de Necessidades Especiais, foram entregues com atraso ao N\u00facleo de Concursos, oque impossibilitou a aloca\u00e7\u00e3o destes candidatos de forma adequada.<\/em><\/span><\/p>\n<p style=\"text-align: justify;\"><span style=\"color: #000000;\"><em>Para que n\u00e3o ocorressem atrasos na emiss\u00e3o do comprovante de ensalamento, os candidatos com Necessidades Especiais auditivas, foram todos alocados na biblioteca do Campus Agr\u00e1rias para posterior remanejamento.<\/em><\/span><\/p>\n<p style=\"text-align: justify;\"><span style=\"color: #000000;\"><em>As provas foram abertas pelos inspetores do local de prova e acompanhados por agentes da Pol\u00edcia Federal, ficando as provas dos candidatos que fariam a prova na biblioteca no local e as demais encaminhadas para o pr\u00e9dio Marcos Henriette, no mesmo Campus.<\/em><\/span><\/p>\n<p style=\"text-align: justify;\"><span style=\"color: #000000;\"><em>Este procedimento foi necess\u00e1rio para agilizar o procedimento evitando atrasos no in\u00edcio das provas.<\/em><\/span><\/p>\n<p style=\"text-align: justify;\"><span style=\"color: #000000;\"><em>As provas s\u00e3o semelhantes para todos os candidatos no que diz respeito aos conte\u00fados para candidatos PNE ou n\u00e3o.<\/em><\/span><\/p>\n<p style=\"text-align: justify;\"><span style=\"color: #000000;\"><em>Atenciosamente,<br \/>\nCentral de Atendimento &#8211; Grupo de Atendimento Executivo &#8211; GAE<br \/>\nNC \/ Pr\u00f3-Reitoria de Gradua\u00e7\u00e3o \/ UFPR<br \/>\nTel.: 41 3313.8800 \/ Fax: 41 3313.8831<\/em><\/span><\/p>\n<\/blockquote>\n<p style=\"text-align: justify;\"><span style=\"color: #000000;\">Assessoria de Comunica\u00e7\u00e3o<\/span><\/p>\n","protected":false},"excerpt":{"rendered":"<p>Foi encaminhado a Promotoria de Direitos Constitucionais as den\u00fancias de irregularidades no\u00a0concurso p\u00fablico para o cargo de t\u00e9cnico judici\u00e1rio do Tribunal de Justi\u00e7a do Paran\u00e1 (TJPR), realizado no \u00faltimo domingo (18).\u00a0Entre as supostas irregularidades, est\u00e1 a viola\u00e7\u00e3o dos envelopes das provas para deficientes auditivos.\u00a0 Confira mais informa\u00e7\u00f5es na mat\u00e9ria divulgada pelo portal G1: MP investiga [&hellip;]<\/p>\n","protected":false},"author":1,"featured_media":0,"comment_status":"closed","ping_status":"closed","sticky":false,"template":"","format":"standard","meta":{"post_tipo":"news","footnotes":""},"categories":[1],"tags":[],"tax_estado":[],"class_list":["post-15897","post","type-post","status-publish","format-standard","hentry","category-cursos-e-concursos"],"acf":[],"yoast_head":"<!-- This site is optimized with the Yoast SEO Premium plugin v27.2 (Yoast SEO v27.2) - https:\/\/yoast.com\/product\/yoast-seo-premium-wordpress\/ -->\n<title>MP investiga concurso TJPR por suspeita de irregularidades<\/title>\n<meta name=\"description\" content=\"Entre as supostas irregularidades no concurso TJPR, est\u00e1 a viola\u00e7\u00e3o dos envelopes das provas para deficientes auditivos.\" \/>\n<meta name=\"robots\" content=\"index, follow, max-snippet:-1, max-image-preview:large, max-video-preview:-1\" \/>\n<link rel=\"canonical\" href=\"https:\/\/www.estrategiaconcursos.com.br\/blog\/concurso-tjpr\/\" \/>\n<meta property=\"og:locale\" content=\"pt_BR\" \/>\n<meta property=\"og:type\" content=\"article\" \/>\n<meta property=\"og:title\" content=\"Minist\u00e9rio P\u00fablico do Paran\u00e1 investiga den\u00fancias de irregularidades no concurso TJPR\" \/>\n<meta property=\"og:description\" content=\"Entre as supostas irregularidades no concurso TJPR, est\u00e1 a viola\u00e7\u00e3o dos envelopes das provas para deficientes auditivos.\" \/>\n<meta property=\"og:url\" content=\"https:\/\/www.estrategiaconcursos.com.br\/blog\/concurso-tjpr\/\" \/>\n<meta property=\"og:site_name\" content=\"Estrat\u00e9gia Concursos\" \/>\n<meta property=\"article:author\" content=\"https:\/\/www.facebook.com\/EstrategiaConcursos\" \/>\n<meta property=\"article:published_time\" content=\"2014-05-23T14:35:54+00:00\" \/>\n<meta property=\"article:modified_time\" content=\"2016-09-26T13:52:11+00:00\" \/>\n<meta property=\"og:image\" content=\"http:\/\/s2.glbimg.com\/NH6K-1s1erX8f01586OmdxaPQpU=\/s.glbimg.com\/jo\/g1\/f\/original\/2014\/05\/22\/bo.jpg\" \/>\n<meta name=\"author\" content=\"Coordena\u00e7\u00e3o\" \/>\n<meta name=\"twitter:card\" content=\"summary_large_image\" \/>\n<meta name=\"twitter:creator\" content=\"@EstratConcursos\" \/>\n<meta name=\"twitter:site\" content=\"@EstratConcursos\" \/>\n<meta name=\"twitter:label1\" content=\"Escrito por\" \/>\n\t<meta name=\"twitter:data1\" content=\"Coordena\u00e7\u00e3o\" \/>\n\t<meta name=\"twitter:label2\" content=\"Est. tempo de leitura\" \/>\n\t<meta name=\"twitter:data2\" content=\"4 minutos\" \/>\n<script type=\"application\/ld+json\" class=\"yoast-schema-graph\">{\"@context\":\"https:\/\/schema.org\",\"@graph\":[{\"@type\":\"NewsArticle\",\"@id\":\"https:\/\/www.estrategiaconcursos.com.br\/blog\/concurso-tjpr\/#article\",\"isPartOf\":{\"@id\":\"https:\/\/www.estrategiaconcursos.com.br\/blog\/concurso-tjpr\/\"},\"author\":{\"name\":\"Coordena\u00e7\u00e3o\",\"@id\":\"https:\/\/www.estrategiaconcursos.com.br\/blog\/#\/schema\/person\/b4a388c97673c5f483d72185668afa1f\"},\"headline\":\"Minist\u00e9rio P\u00fablico do Paran\u00e1 investiga den\u00fancias de irregularidades no concurso TJPR\",\"datePublished\":\"2014-05-23T14:35:54+00:00\",\"dateModified\":\"2016-09-26T13:52:11+00:00\",\"mainEntityOfPage\":{\"@id\":\"https:\/\/www.estrategiaconcursos.com.br\/blog\/concurso-tjpr\/\"},\"wordCount\":911,\"publisher\":{\"@id\":\"https:\/\/www.estrategiaconcursos.com.br\/blog\/#organization\"},\"image\":{\"@id\":\"https:\/\/www.estrategiaconcursos.com.br\/blog\/concurso-tjpr\/#primaryimage\"},\"thumbnailUrl\":\"http:\/\/s2.glbimg.com\/NH6K-1s1erX8f01586OmdxaPQpU=\/s.glbimg.com\/jo\/g1\/f\/original\/2014\/05\/22\/bo.jpg\",\"articleSection\":[\"Concursos P\u00fablicos\"],\"inLanguage\":\"pt-BR\",\"copyrightYear\":\"2014\",\"copyrightHolder\":{\"@id\":\"https:\/\/www.estrategiaconcursos.com.br\/blog\/#organization\"}},{\"@type\":\"WebPage\",\"@id\":\"https:\/\/www.estrategiaconcursos.com.br\/blog\/concurso-tjpr\/\",\"url\":\"https:\/\/www.estrategiaconcursos.com.br\/blog\/concurso-tjpr\/\",\"name\":\"MP investiga concurso TJPR por suspeita de irregularidades\",\"isPartOf\":{\"@id\":\"https:\/\/www.estrategiaconcursos.com.br\/blog\/#website\"},\"primaryImageOfPage\":{\"@id\":\"https:\/\/www.estrategiaconcursos.com.br\/blog\/concurso-tjpr\/#primaryimage\"},\"image\":{\"@id\":\"https:\/\/www.estrategiaconcursos.com.br\/blog\/concurso-tjpr\/#primaryimage\"},\"thumbnailUrl\":\"http:\/\/s2.glbimg.com\/NH6K-1s1erX8f01586OmdxaPQpU=\/s.glbimg.com\/jo\/g1\/f\/original\/2014\/05\/22\/bo.jpg\",\"datePublished\":\"2014-05-23T14:35:54+00:00\",\"dateModified\":\"2016-09-26T13:52:11+00:00\",\"description\":\"Entre as supostas irregularidades no concurso TJPR, est\u00e1 a viola\u00e7\u00e3o dos envelopes das provas para deficientes auditivos.\",\"breadcrumb\":{\"@id\":\"https:\/\/www.estrategiaconcursos.com.br\/blog\/concurso-tjpr\/#breadcrumb\"},\"inLanguage\":\"pt-BR\",\"potentialAction\":[{\"@type\":\"ReadAction\",\"target\":[\"https:\/\/www.estrategiaconcursos.com.br\/blog\/concurso-tjpr\/\"]}]},{\"@type\":\"ImageObject\",\"inLanguage\":\"pt-BR\",\"@id\":\"https:\/\/www.estrategiaconcursos.com.br\/blog\/concurso-tjpr\/#primaryimage\",\"url\":\"http:\/\/s2.glbimg.com\/NH6K-1s1erX8f01586OmdxaPQpU=\/s.glbimg.com\/jo\/g1\/f\/original\/2014\/05\/22\/bo.jpg\",\"contentUrl\":\"http:\/\/s2.glbimg.com\/NH6K-1s1erX8f01586OmdxaPQpU=\/s.glbimg.com\/jo\/g1\/f\/original\/2014\/05\/22\/bo.jpg\"},{\"@type\":\"BreadcrumbList\",\"@id\":\"https:\/\/www.estrategiaconcursos.com.br\/blog\/concurso-tjpr\/#breadcrumb\",\"itemListElement\":[{\"@type\":\"ListItem\",\"position\":1,\"name\":\"In\u00edcio\",\"item\":\"https:\/\/www.estrategiaconcursos.com.br\/blog\/\"},{\"@type\":\"ListItem\",\"position\":2,\"name\":\"Minist\u00e9rio P\u00fablico do Paran\u00e1 investiga den\u00fancias de irregularidades no concurso TJPR\"}]},{\"@type\":\"WebSite\",\"@id\":\"https:\/\/www.estrategiaconcursos.com.br\/blog\/#website\",\"url\":\"https:\/\/www.estrategiaconcursos.com.br\/blog\/\",\"name\":\"Estrat\u00e9gia Concursos\",\"description\":\"O blog da Estrat\u00e9gia Concursos traz not\u00edcias sobre concursos e artigos de professores oferecendo cursos para concursos (pdf + videaulas) no site.\",\"publisher\":{\"@id\":\"https:\/\/www.estrategiaconcursos.com.br\/blog\/#organization\"},\"potentialAction\":[{\"@type\":\"SearchAction\",\"target\":{\"@type\":\"EntryPoint\",\"urlTemplate\":\"https:\/\/www.estrategiaconcursos.com.br\/blog\/?s={search_term_string}\"},\"query-input\":{\"@type\":\"PropertyValueSpecification\",\"valueRequired\":true,\"valueName\":\"search_term_string\"}}],\"inLanguage\":\"pt-BR\"},{\"@type\":\"Organization\",\"@id\":\"https:\/\/www.estrategiaconcursos.com.br\/blog\/#organization\",\"name\":\"Estrat\u00e9gia Concursos\",\"url\":\"https:\/\/www.estrategiaconcursos.com.br\/blog\/\",\"logo\":{\"@type\":\"ImageObject\",\"inLanguage\":\"pt-BR\",\"@id\":\"https:\/\/www.estrategiaconcursos.com.br\/blog\/#\/schema\/logo\/image\/\",\"url\":\"https:\/\/dhg1h5j42swfq.cloudfront.net\/2025\/06\/03203428\/logo_concursos-1.jpg\",\"contentUrl\":\"https:\/\/dhg1h5j42swfq.cloudfront.net\/2025\/06\/03203428\/logo_concursos-1.jpg\",\"width\":230,\"height\":60,\"caption\":\"Estrat\u00e9gia Concursos\"},\"image\":{\"@id\":\"https:\/\/www.estrategiaconcursos.com.br\/blog\/#\/schema\/logo\/image\/\"},\"sameAs\":[\"https:\/\/x.com\/EstratConcursos\"]},{\"@type\":\"Person\",\"@id\":\"https:\/\/www.estrategiaconcursos.com.br\/blog\/#\/schema\/person\/b4a388c97673c5f483d72185668afa1f\",\"name\":\"Coordena\u00e7\u00e3o\",\"image\":{\"@type\":\"ImageObject\",\"inLanguage\":\"pt-BR\",\"@id\":\"https:\/\/secure.gravatar.com\/avatar\/b720319e4c9a967eb58678d110f4fe35452fc5d5f97b202bac7b8acceb18c6ad?s=96&d=mm&r=g\",\"url\":\"https:\/\/secure.gravatar.com\/avatar\/b720319e4c9a967eb58678d110f4fe35452fc5d5f97b202bac7b8acceb18c6ad?s=96&d=mm&r=g\",\"contentUrl\":\"https:\/\/secure.gravatar.com\/avatar\/b720319e4c9a967eb58678d110f4fe35452fc5d5f97b202bac7b8acceb18c6ad?s=96&d=mm&r=g\",\"caption\":\"Coordena\u00e7\u00e3o\"},\"sameAs\":[\"https:\/\/www.facebook.com\/EstrategiaConcursos\",\"https:\/\/x.com\/EstratConcursos\"],\"url\":\"https:\/\/www.estrategiaconcursos.com.br\/blog\/author\/estrategia2013\/\"}]}<\/script>\n<!-- \/ Yoast SEO Premium plugin. -->","yoast_head_json":{"title":"MP investiga concurso TJPR por suspeita de irregularidades","description":"Entre as supostas irregularidades no concurso TJPR, est\u00e1 a viola\u00e7\u00e3o dos envelopes das provas para deficientes auditivos.","robots":{"index":"index","follow":"follow","max-snippet":"max-snippet:-1","max-image-preview":"max-image-preview:large","max-video-preview":"max-video-preview:-1"},"canonical":"https:\/\/www.estrategiaconcursos.com.br\/blog\/concurso-tjpr\/","og_locale":"pt_BR","og_type":"article","og_title":"Minist\u00e9rio P\u00fablico do Paran\u00e1 investiga den\u00fancias de irregularidades no concurso TJPR","og_description":"Entre as supostas irregularidades no concurso TJPR, est\u00e1 a viola\u00e7\u00e3o dos envelopes das provas para deficientes auditivos.","og_url":"https:\/\/www.estrategiaconcursos.com.br\/blog\/concurso-tjpr\/","og_site_name":"Estrat\u00e9gia Concursos","article_author":"https:\/\/www.facebook.com\/EstrategiaConcursos","article_published_time":"2014-05-23T14:35:54+00:00","article_modified_time":"2016-09-26T13:52:11+00:00","og_image":[{"url":"http:\/\/s2.glbimg.com\/NH6K-1s1erX8f01586OmdxaPQpU=\/s.glbimg.com\/jo\/g1\/f\/original\/2014\/05\/22\/bo.jpg","type":"","width":"","height":""}],"author":"Coordena\u00e7\u00e3o","twitter_card":"summary_large_image","twitter_creator":"@EstratConcursos","twitter_site":"@EstratConcursos","twitter_misc":{"Escrito por":"Coordena\u00e7\u00e3o","Est. tempo de leitura":"4 minutos"},"schema":{"@context":"https:\/\/schema.org","@graph":[{"@type":"NewsArticle","@id":"https:\/\/www.estrategiaconcursos.com.br\/blog\/concurso-tjpr\/#article","isPartOf":{"@id":"https:\/\/www.estrategiaconcursos.com.br\/blog\/concurso-tjpr\/"},"author":{"name":"Coordena\u00e7\u00e3o","@id":"https:\/\/www.estrategiaconcursos.com.br\/blog\/#\/schema\/person\/b4a388c97673c5f483d72185668afa1f"},"headline":"Minist\u00e9rio P\u00fablico do Paran\u00e1 investiga den\u00fancias de irregularidades no concurso TJPR","datePublished":"2014-05-23T14:35:54+00:00","dateModified":"2016-09-26T13:52:11+00:00","mainEntityOfPage":{"@id":"https:\/\/www.estrategiaconcursos.com.br\/blog\/concurso-tjpr\/"},"wordCount":911,"publisher":{"@id":"https:\/\/www.estrategiaconcursos.com.br\/blog\/#organization"},"image":{"@id":"https:\/\/www.estrategiaconcursos.com.br\/blog\/concurso-tjpr\/#primaryimage"},"thumbnailUrl":"http:\/\/s2.glbimg.com\/NH6K-1s1erX8f01586OmdxaPQpU=\/s.glbimg.com\/jo\/g1\/f\/original\/2014\/05\/22\/bo.jpg","articleSection":["Concursos P\u00fablicos"],"inLanguage":"pt-BR","copyrightYear":"2014","copyrightHolder":{"@id":"https:\/\/www.estrategiaconcursos.com.br\/blog\/#organization"}},{"@type":"WebPage","@id":"https:\/\/www.estrategiaconcursos.com.br\/blog\/concurso-tjpr\/","url":"https:\/\/www.estrategiaconcursos.com.br\/blog\/concurso-tjpr\/","name":"MP investiga concurso TJPR por suspeita de irregularidades","isPartOf":{"@id":"https:\/\/www.estrategiaconcursos.com.br\/blog\/#website"},"primaryImageOfPage":{"@id":"https:\/\/www.estrategiaconcursos.com.br\/blog\/concurso-tjpr\/#primaryimage"},"image":{"@id":"https:\/\/www.estrategiaconcursos.com.br\/blog\/concurso-tjpr\/#primaryimage"},"thumbnailUrl":"http:\/\/s2.glbimg.com\/NH6K-1s1erX8f01586OmdxaPQpU=\/s.glbimg.com\/jo\/g1\/f\/original\/2014\/05\/22\/bo.jpg","datePublished":"2014-05-23T14:35:54+00:00","dateModified":"2016-09-26T13:52:11+00:00","description":"Entre as supostas irregularidades no concurso TJPR, est\u00e1 a viola\u00e7\u00e3o dos envelopes das provas para deficientes auditivos.","breadcrumb":{"@id":"https:\/\/www.estrategiaconcursos.com.br\/blog\/concurso-tjpr\/#breadcrumb"},"inLanguage":"pt-BR","potentialAction":[{"@type":"ReadAction","target":["https:\/\/www.estrategiaconcursos.com.br\/blog\/concurso-tjpr\/"]}]},{"@type":"ImageObject","inLanguage":"pt-BR","@id":"https:\/\/www.estrategiaconcursos.com.br\/blog\/concurso-tjpr\/#primaryimage","url":"http:\/\/s2.glbimg.com\/NH6K-1s1erX8f01586OmdxaPQpU=\/s.glbimg.com\/jo\/g1\/f\/original\/2014\/05\/22\/bo.jpg","contentUrl":"http:\/\/s2.glbimg.com\/NH6K-1s1erX8f01586OmdxaPQpU=\/s.glbimg.com\/jo\/g1\/f\/original\/2014\/05\/22\/bo.jpg"},{"@type":"BreadcrumbList","@id":"https:\/\/www.estrategiaconcursos.com.br\/blog\/concurso-tjpr\/#breadcrumb","itemListElement":[{"@type":"ListItem","position":1,"name":"In\u00edcio","item":"https:\/\/www.estrategiaconcursos.com.br\/blog\/"},{"@type":"ListItem","position":2,"name":"Minist\u00e9rio P\u00fablico do Paran\u00e1 investiga den\u00fancias de irregularidades no concurso TJPR"}]},{"@type":"WebSite","@id":"https:\/\/www.estrategiaconcursos.com.br\/blog\/#website","url":"https:\/\/www.estrategiaconcursos.com.br\/blog\/","name":"Estrat\u00e9gia Concursos","description":"O blog da Estrat\u00e9gia Concursos traz not\u00edcias sobre concursos e artigos de professores oferecendo cursos para concursos (pdf + videaulas) no site.","publisher":{"@id":"https:\/\/www.estrategiaconcursos.com.br\/blog\/#organization"},"potentialAction":[{"@type":"SearchAction","target":{"@type":"EntryPoint","urlTemplate":"https:\/\/www.estrategiaconcursos.com.br\/blog\/?s={search_term_string}"},"query-input":{"@type":"PropertyValueSpecification","valueRequired":true,"valueName":"search_term_string"}}],"inLanguage":"pt-BR"},{"@type":"Organization","@id":"https:\/\/www.estrategiaconcursos.com.br\/blog\/#organization","name":"Estrat\u00e9gia Concursos","url":"https:\/\/www.estrategiaconcursos.com.br\/blog\/","logo":{"@type":"ImageObject","inLanguage":"pt-BR","@id":"https:\/\/www.estrategiaconcursos.com.br\/blog\/#\/schema\/logo\/image\/","url":"https:\/\/dhg1h5j42swfq.cloudfront.net\/2025\/06\/03203428\/logo_concursos-1.jpg","contentUrl":"https:\/\/dhg1h5j42swfq.cloudfront.net\/2025\/06\/03203428\/logo_concursos-1.jpg","width":230,"height":60,"caption":"Estrat\u00e9gia Concursos"},"image":{"@id":"https:\/\/www.estrategiaconcursos.com.br\/blog\/#\/schema\/logo\/image\/"},"sameAs":["https:\/\/x.com\/EstratConcursos"]},{"@type":"Person","@id":"https:\/\/www.estrategiaconcursos.com.br\/blog\/#\/schema\/person\/b4a388c97673c5f483d72185668afa1f","name":"Coordena\u00e7\u00e3o","image":{"@type":"ImageObject","inLanguage":"pt-BR","@id":"https:\/\/secure.gravatar.com\/avatar\/b720319e4c9a967eb58678d110f4fe35452fc5d5f97b202bac7b8acceb18c6ad?s=96&d=mm&r=g","url":"https:\/\/secure.gravatar.com\/avatar\/b720319e4c9a967eb58678d110f4fe35452fc5d5f97b202bac7b8acceb18c6ad?s=96&d=mm&r=g","contentUrl":"https:\/\/secure.gravatar.com\/avatar\/b720319e4c9a967eb58678d110f4fe35452fc5d5f97b202bac7b8acceb18c6ad?s=96&d=mm&r=g","caption":"Coordena\u00e7\u00e3o"},"sameAs":["https:\/\/www.facebook.com\/EstrategiaConcursos","https:\/\/x.com\/EstratConcursos"],"url":"https:\/\/www.estrategiaconcursos.com.br\/blog\/author\/estrategia2013\/"}]}},"_links":{"self":[{"href":"https:\/\/www.estrategiaconcursos.com.br\/blog\/wp-json\/wp\/v2\/posts\/15897","targetHints":{"allow":["GET"]}}],"collection":[{"href":"https:\/\/www.estrategiaconcursos.com.br\/blog\/wp-json\/wp\/v2\/posts"}],"about":[{"href":"https:\/\/www.estrategiaconcursos.com.br\/blog\/wp-json\/wp\/v2\/types\/post"}],"author":[{"embeddable":true,"href":"https:\/\/www.estrategiaconcursos.com.br\/blog\/wp-json\/wp\/v2\/users\/1"}],"replies":[{"embeddable":true,"href":"https:\/\/www.estrategiaconcursos.com.br\/blog\/wp-json\/wp\/v2\/comments?post=15897"}],"version-history":[{"count":1,"href":"https:\/\/www.estrategiaconcursos.com.br\/blog\/wp-json\/wp\/v2\/posts\/15897\/revisions"}],"predecessor-version":[{"id":50629,"href":"https:\/\/www.estrategiaconcursos.com.br\/blog\/wp-json\/wp\/v2\/posts\/15897\/revisions\/50629"}],"wp:attachment":[{"href":"https:\/\/www.estrategiaconcursos.com.br\/blog\/wp-json\/wp\/v2\/media?parent=15897"}],"wp:term":[{"taxonomy":"category","embeddable":true,"href":"https:\/\/www.estrategiaconcursos.com.br\/blog\/wp-json\/wp\/v2\/categories?post=15897"},{"taxonomy":"post_tag","embeddable":true,"href":"https:\/\/www.estrategiaconcursos.com.br\/blog\/wp-json\/wp\/v2\/tags?post=15897"},{"taxonomy":"tax_estado","embeddable":true,"href":"https:\/\/www.estrategiaconcursos.com.br\/blog\/wp-json\/wp\/v2\/tax_estado?post=15897"}],"curies":[{"name":"wp","href":"https:\/\/api.w.org\/{rel}","templated":true}]}}