{"id":1588330,"date":"2025-06-09T13:40:44","date_gmt":"2025-06-09T16:40:44","guid":{"rendered":"https:\/\/www.estrategiaconcursos.com.br\/blog\/?p=1588330"},"modified":"2025-06-09T16:52:20","modified_gmt":"2025-06-09T19:52:20","slug":"concurso-ebserh-primeiras-convocacoes-este-mes","status":"publish","type":"post","link":"https:\/\/www.estrategiaconcursos.com.br\/blog\/concurso-ebserh-primeiras-convocacoes-este-mes\/","title":{"rendered":"Concurso EBSERH: primeiras convoca\u00e7\u00f5es ainda este m\u00eas!"},"content":{"rendered":"\n<p class=\"has-medium-font-size\"><em><strong>Editais do concurso EBSERH t\u00eam 545 vagas imediatas e forma\u00e7\u00e3o de cadastro de reserva!<\/strong><\/em><\/p>\n\n\n\n<p>Aten\u00e7\u00e3o, corujas: as primeiras convoca\u00e7\u00f5es do <strong>concurso EBSERH<\/strong> (<a href=\"https:\/\/www.estrategiaconcursos.com.br\/cursosPorConcurso\/ebserh-107\/\" target=\"_blank\" rel=\"noreferrer noopener\">Empresa Brasileira de Servi\u00e7os Hospitalares<\/a>) devem ainda no m\u00eas de junho. As informa\u00e7\u00f5es foram confirmadas pela assessoria de imprensa. <\/p>\n\n\n\n<p>Inclusive, a contrata\u00e7\u00e3o desses primeiros aprovados ser\u00e1 \u00e9 prevista para ser iniciada a partir do m\u00eas julho. Veja abaixo os detalhes!<\/p>\n\n\n\n<figure class=\"wp-block-image aligncenter size-full\"><img loading=\"lazy\" decoding=\"async\" width=\"772\" height=\"303\" src=\"https:\/\/dhg1h5j42swfq.cloudfront.net\/2025\/06\/09133551\/image-5-1.png\" alt=\"Convoca\u00e7\u00e3o dos aprovados no concurso EBSERH ter\u00e1 in\u00edcio em junho de 2025\" class=\"wp-image-1588359\" srcset=\"https:\/\/dhg1h5j42swfq.cloudfront.net\/2025\/06\/09133551\/image-5-1.png 772w, https:\/\/dhg1h5j42swfq.cloudfront.net\/2025\/06\/09133551\/image-5-1-300x118.png 300w, https:\/\/dhg1h5j42swfq.cloudfront.net\/2025\/06\/09133551\/image-5-1-768x301.png 768w, https:\/\/dhg1h5j42swfq.cloudfront.net\/2025\/06\/09133551\/image-5-1-150x59.png 150w\" sizes=\"auto, (max-width: 772px) 100vw, 772px\" \/><figcaption class=\"wp-element-caption\">Convoca\u00e7\u00e3o dos aprovados no concurso EBSERH ter\u00e1 in\u00edcio em junho de 2025<\/figcaption><\/figure>\n\n\n\n<div class=\"container\" id=\"boxes\">\n  <div class=\"row\">\n\n    <div class=\"col-sm\">\n      <div class=\"banner-residencia-medica\" id=\"box-assinatura\">\n        <h3 class=\"titulo-assinatura\">Concurso EBSERH<\/h3>\n        <p class=\"subtitulo-assinatura\">Prepare-se para sua carreira na EBSERH!<\/p>\n        <div class=\"box-botao\">\n          <a class=\"btn-assinatura\" target=\"_blank\" href=\"https:\/\/www.estrategiaconcursos.com.br\/cursosPorConcurso\/ebserh-107\/\" role=\"button\" rel=\"noopener noreferrer\">VER CURSOS<\/a>\n        <\/div>\n      <\/div>\n     \n    <\/div>\n\n  <\/div>\n<\/div>\n\n\n\n<p>Recentemente, foram divulgados os resultados preliminares do certame. Agora, o prazo para interposi\u00e7\u00e3o de recursos ficar\u00e1 aberto entre os dias 9 e 10 de junho, no site da banca organizadora, FGV.<\/p>\n\n\n\n<ul class=\"wp-block-list\">\n<li><a href=\"https:\/\/dhg1h5j42swfq.cloudfront.net\/2025\/06\/06223906\/r_resultado_ordem_classificacao-748_ebserh-assistencial-resultado-preliminar-do-concurso-pontuacao-e-classificacao-2025-06-05.pdf\" target=\"_blank\" rel=\"noreferrer noopener nofollow\">Resultado preliminar &#8211; \u00e1rea assistencial<\/a><\/li>\n\n\n\n<li><a href=\"https:\/\/dhg1h5j42swfq.cloudfront.net\/2025\/06\/06223918\/r_resultado_ordem_classificacao-734_ebserh-area-medica-resultado-preliminar-do-concurso-pontuacao-e-classificacao.pdf\" target=\"_blank\" rel=\"noreferrer noopener nofollow\">Resultado preliminar &#8211; \u00e1rea m\u00e9dica<\/a><\/li>\n\n\n\n<li><a href=\"https:\/\/dhg1h5j42swfq.cloudfront.net\/2025\/06\/06223901\/r_resultado_ordem_classificacao-682_ebserh-administrativo-resultado-preliminar-do-concurso-pontuacao-e-classificacao.pdf\" target=\"_blank\" rel=\"noreferrer noopener nofollow\">Resultado preliminar &#8211; \u00e1rea administrativa<\/a><\/li>\n<\/ul>\n\n\n\n<p>Ao todo, s\u00e3o ofertadas <strong>545 vagas imediatas e forma\u00e7\u00e3o de cadastro de reserva<\/strong> em diferentes lota\u00e7\u00f5es, distribu\u00eddas entre diversos cargos de n\u00edveis m\u00e9dio e superior, nas \u00e1reas Assistencial, M\u00e9dica e Administrativa.<\/p>\n\n\n\n<p>Os <strong>sal\u00e1rios iniciais dos aprovados parte de R$ 3.057,56 a R$ 17.978,62<\/strong>, conforme a fun\u00e7\u00e3o deseada.<\/p>\n\n\n\n<p>Para mais informa\u00e7\u00f5es do concurso EBSERH, cujas primeiras convoca\u00e7\u00f5es ser\u00e3o realizadas este m\u00eas, acesse o link abaixo. Preparamos um artigo exclusivo para voc\u00ea!<\/p>\n\n\n\n<p class=\"has-text-align-center has-cyan-bluish-gray-background-color has-background has-medium-font-size\"><strong> Saiba mais: <a href=\"https:\/\/www.estrategiaconcursos.com.br\/blog\/concurso-ebserh\/\" target=\"_blank\" rel=\"noreferrer noopener\">concurso EBSERH<\/a><\/strong><\/p>\n\n\n\n<h2 class=\"wp-block-heading has-text-align-center\" id=\"h-quer-saber-tudo-sobre-concursos-previstos-confira-nossos-artigos\">Quer saber tudo sobre concursos previstos?<br \/>Confira nossos artigos!<\/h2>\n\n\n\n<ul class=\"wp-block-list\">\n<li><a href=\"https:\/\/www.estrategiaconcursos.com.br\/blog\/concursos-abertos\/\" target=\"_blank\" rel=\"noreferrer noopener\">Concursos abertos<\/a><\/li>\n\n\n\n<li><a href=\"https:\/\/www.estrategiaconcursos.com.br\/blog\/concursos-area-da-saude\/\" target=\"_blank\" rel=\"noreferrer noopener\">Concursos sa\u00fade<\/a><\/li>\n\n\n\n<li><a href=\"https:\/\/www.estrategiaconcursos.com.br\/blog\/concursos-2025\" target=\"_blank\" rel=\"noreferrer noopener\">Concursos 2025<\/a><\/li>\n\n\n\n<li><a href=\"https:\/\/www.estrategiaconcursos.com.br\/blog\/concursos-2026\/\" target=\"_blank\" rel=\"noreferrer noopener\">Concursos 2026<\/a><\/li>\n<\/ul>\n\n\n\n<h2 class=\"wp-block-heading has-text-align-center\" id=\"cursos\">Quer estudar para o concurso EBSERH?<\/h2>\n\n\n\n<div class=\"container\" id=\"boxes\">\n  <div class=\"row\">\n\n    <div class=\"col-sm\">\n      <div class=\"estrategia\" id=\"box-assinatura\">\n        <h3 class=\"titulo-assinatura\">Assinatura de Concursos<\/h3>\n        <p class=\"subtitulo-assinatura\">Assinatura de 1 ano ou 2 anos<\/p>\n        <div class=\"box-botao\">\n          <a class=\"btn-assinatura\" target=\"_blank\" href=\"https:\/\/www.estrategiaconcursos.com.br\/assinaturas\/\" role=\"button\" rel=\"noopener noreferrer\">ASSINE AGORA<\/a>\n        <\/div>\n      <\/div><\/div><\/div><\/div>\n\n\n\n<p><\/p>\n","protected":false},"excerpt":{"rendered":"<p>Editais do concurso EBSERH t\u00eam 545 vagas imediatas e forma\u00e7\u00e3o de cadastro de reserva! Aten\u00e7\u00e3o, corujas: as primeiras convoca\u00e7\u00f5es do concurso EBSERH (Empresa Brasileira de Servi\u00e7os Hospitalares) devem ainda no m\u00eas de junho. As informa\u00e7\u00f5es foram confirmadas pela assessoria de imprensa. Inclusive, a contrata\u00e7\u00e3o desses primeiros aprovados ser\u00e1 \u00e9 prevista para ser iniciada a partir [&hellip;]<\/p>\n","protected":false},"author":1483,"featured_media":827667,"comment_status":"open","ping_status":"closed","sticky":false,"template":"","format":"standard","meta":{"post_tipo":"news","footnotes":""},"categories":[1981,220219],"tags":[508,2563],"tax_estado":[219963],"class_list":["post-1588330","post","type-post","status-publish","format-standard","has-post-thumbnail","hentry","category-saude","category-noticias","tag-ebserh","tag-nomeacoes","tax_estado-concursos-federais"],"acf":[],"yoast_head":"<!-- This site is optimized with the Yoast SEO Premium plugin v27.2 (Yoast SEO v27.2) - https:\/\/yoast.com\/product\/yoast-seo-premium-wordpress\/ -->\n<title>Concurso EBSERH: primeiras convoca\u00e7\u00f5es ainda este m\u00eas!<\/title>\n<meta name=\"description\" content=\"As primeiras nomea\u00e7\u00f5es do concurso EBSERH ser\u00e3o realizadas ainda no m\u00eas de junho. Acesse o site e veja os detalhes!\" \/>\n<meta name=\"robots\" content=\"index, follow, max-snippet:-1, max-image-preview:large, max-video-preview:-1\" \/>\n<link rel=\"canonical\" href=\"https:\/\/www.estrategiaconcursos.com.br\/blog\/concurso-ebserh-primeiras-convocacoes-este-mes\/\" \/>\n<meta property=\"og:locale\" content=\"pt_BR\" \/>\n<meta property=\"og:type\" content=\"article\" \/>\n<meta property=\"og:title\" content=\"Concurso EBSERH: primeiras convoca\u00e7\u00f5es ainda este m\u00eas!\" \/>\n<meta property=\"og:description\" content=\"As primeiras nomea\u00e7\u00f5es do concurso EBSERH ser\u00e3o realizadas ainda no m\u00eas de junho. Acesse o site e veja os detalhes!\" \/>\n<meta property=\"og:url\" content=\"https:\/\/www.estrategiaconcursos.com.br\/blog\/concurso-ebserh-primeiras-convocacoes-este-mes\/\" \/>\n<meta property=\"og:site_name\" content=\"Estrat\u00e9gia Concursos\" \/>\n<meta property=\"article:published_time\" content=\"2025-06-09T16:40:44+00:00\" \/>\n<meta property=\"article:modified_time\" content=\"2025-06-09T19:52:20+00:00\" \/>\n<meta property=\"og:image\" content=\"https:\/\/dhg1h5j42swfq.cloudfront.net\/2021\/04\/03111718\/ebserh.jpeg\" \/>\n\t<meta property=\"og:image:width\" content=\"768\" \/>\n\t<meta property=\"og:image:height\" content=\"432\" \/>\n\t<meta property=\"og:image:type\" content=\"image\/jpeg\" \/>\n<meta name=\"author\" content=\"Diogo Mendes\" \/>\n<meta name=\"twitter:card\" content=\"summary_large_image\" \/>\n<meta name=\"twitter:creator\" content=\"@EstratConcursos\" \/>\n<meta name=\"twitter:site\" content=\"@EstratConcursos\" \/>\n<meta name=\"twitter:label1\" content=\"Escrito por\" \/>\n\t<meta name=\"twitter:data1\" content=\"Diogo Mendes\" \/>\n\t<meta name=\"twitter:label2\" content=\"Est. tempo de leitura\" \/>\n\t<meta name=\"twitter:data2\" content=\"1 minuto\" \/>\n<script type=\"application\/ld+json\" class=\"yoast-schema-graph\">{\"@context\":\"https:\/\/schema.org\",\"@graph\":[{\"@type\":\"NewsArticle\",\"@id\":\"https:\/\/www.estrategiaconcursos.com.br\/blog\/concurso-ebserh-primeiras-convocacoes-este-mes\/#article\",\"isPartOf\":{\"@id\":\"https:\/\/www.estrategiaconcursos.com.br\/blog\/concurso-ebserh-primeiras-convocacoes-este-mes\/\"},\"author\":{\"name\":\"Diogo Mendes\",\"@id\":\"https:\/\/www.estrategiaconcursos.com.br\/blog\/#\/schema\/person\/cc9e76173880338ce9f656c88664a1f6\"},\"headline\":\"Concurso EBSERH: primeiras convoca\u00e7\u00f5es ainda este m\u00eas!\",\"datePublished\":\"2025-06-09T16:40:44+00:00\",\"dateModified\":\"2025-06-09T19:52:20+00:00\",\"mainEntityOfPage\":{\"@id\":\"https:\/\/www.estrategiaconcursos.com.br\/blog\/concurso-ebserh-primeiras-convocacoes-este-mes\/\"},\"wordCount\":263,\"commentCount\":0,\"publisher\":{\"@id\":\"https:\/\/www.estrategiaconcursos.com.br\/blog\/#organization\"},\"image\":{\"@id\":\"https:\/\/www.estrategiaconcursos.com.br\/blog\/concurso-ebserh-primeiras-convocacoes-este-mes\/#primaryimage\"},\"thumbnailUrl\":\"https:\/\/dhg1h5j42swfq.cloudfront.net\/2021\/04\/03111718\/ebserh.jpeg\",\"keywords\":[\"EBSERH\",\"nomea\u00e7\u00f5es\"],\"articleSection\":[\"Sa\u00fade\",\"\u00daltimas not\u00edcias\"],\"inLanguage\":\"pt-BR\",\"potentialAction\":[{\"@type\":\"CommentAction\",\"name\":\"Comment\",\"target\":[\"https:\/\/www.estrategiaconcursos.com.br\/blog\/concurso-ebserh-primeiras-convocacoes-este-mes\/#respond\"]}],\"copyrightYear\":\"2025\",\"copyrightHolder\":{\"@id\":\"https:\/\/www.estrategiaconcursos.com.br\/blog\/#organization\"}},{\"@type\":\"WebPage\",\"@id\":\"https:\/\/www.estrategiaconcursos.com.br\/blog\/concurso-ebserh-primeiras-convocacoes-este-mes\/\",\"url\":\"https:\/\/www.estrategiaconcursos.com.br\/blog\/concurso-ebserh-primeiras-convocacoes-este-mes\/\",\"name\":\"Concurso EBSERH: primeiras convoca\u00e7\u00f5es ainda este m\u00eas!\",\"isPartOf\":{\"@id\":\"https:\/\/www.estrategiaconcursos.com.br\/blog\/#website\"},\"primaryImageOfPage\":{\"@id\":\"https:\/\/www.estrategiaconcursos.com.br\/blog\/concurso-ebserh-primeiras-convocacoes-este-mes\/#primaryimage\"},\"image\":{\"@id\":\"https:\/\/www.estrategiaconcursos.com.br\/blog\/concurso-ebserh-primeiras-convocacoes-este-mes\/#primaryimage\"},\"thumbnailUrl\":\"https:\/\/dhg1h5j42swfq.cloudfront.net\/2021\/04\/03111718\/ebserh.jpeg\",\"datePublished\":\"2025-06-09T16:40:44+00:00\",\"dateModified\":\"2025-06-09T19:52:20+00:00\",\"description\":\"As primeiras nomea\u00e7\u00f5es do concurso EBSERH ser\u00e3o realizadas ainda no m\u00eas de junho. Acesse o site e veja os detalhes!\",\"breadcrumb\":{\"@id\":\"https:\/\/www.estrategiaconcursos.com.br\/blog\/concurso-ebserh-primeiras-convocacoes-este-mes\/#breadcrumb\"},\"inLanguage\":\"pt-BR\",\"potentialAction\":[{\"@type\":\"ReadAction\",\"target\":[\"https:\/\/www.estrategiaconcursos.com.br\/blog\/concurso-ebserh-primeiras-convocacoes-este-mes\/\"]}]},{\"@type\":\"ImageObject\",\"inLanguage\":\"pt-BR\",\"@id\":\"https:\/\/www.estrategiaconcursos.com.br\/blog\/concurso-ebserh-primeiras-convocacoes-este-mes\/#primaryimage\",\"url\":\"https:\/\/dhg1h5j42swfq.cloudfront.net\/2021\/04\/03111718\/ebserh.jpeg\",\"contentUrl\":\"https:\/\/dhg1h5j42swfq.cloudfront.net\/2021\/04\/03111718\/ebserh.jpeg\",\"width\":768,\"height\":432,\"caption\":\"Concurso EBSERH\"},{\"@type\":\"BreadcrumbList\",\"@id\":\"https:\/\/www.estrategiaconcursos.com.br\/blog\/concurso-ebserh-primeiras-convocacoes-este-mes\/#breadcrumb\",\"itemListElement\":[{\"@type\":\"ListItem\",\"position\":1,\"name\":\"In\u00edcio\",\"item\":\"https:\/\/www.estrategiaconcursos.com.br\/blog\/\"},{\"@type\":\"ListItem\",\"position\":2,\"name\":\"Concurso EBSERH: primeiras convoca\u00e7\u00f5es ainda este m\u00eas!\"}]},{\"@type\":\"WebSite\",\"@id\":\"https:\/\/www.estrategiaconcursos.com.br\/blog\/#website\",\"url\":\"https:\/\/www.estrategiaconcursos.com.br\/blog\/\",\"name\":\"Estrat\u00e9gia Concursos\",\"description\":\"O blog da Estrat\u00e9gia Concursos traz not\u00edcias sobre concursos e artigos de professores oferecendo cursos para concursos (pdf + videaulas) no site.\",\"publisher\":{\"@id\":\"https:\/\/www.estrategiaconcursos.com.br\/blog\/#organization\"},\"potentialAction\":[{\"@type\":\"SearchAction\",\"target\":{\"@type\":\"EntryPoint\",\"urlTemplate\":\"https:\/\/www.estrategiaconcursos.com.br\/blog\/?s={search_term_string}\"},\"query-input\":{\"@type\":\"PropertyValueSpecification\",\"valueRequired\":true,\"valueName\":\"search_term_string\"}}],\"inLanguage\":\"pt-BR\"},{\"@type\":\"Organization\",\"@id\":\"https:\/\/www.estrategiaconcursos.com.br\/blog\/#organization\",\"name\":\"Estrat\u00e9gia Concursos\",\"url\":\"https:\/\/www.estrategiaconcursos.com.br\/blog\/\",\"logo\":{\"@type\":\"ImageObject\",\"inLanguage\":\"pt-BR\",\"@id\":\"https:\/\/www.estrategiaconcursos.com.br\/blog\/#\/schema\/logo\/image\/\",\"url\":\"https:\/\/dhg1h5j42swfq.cloudfront.net\/2025\/06\/03203428\/logo_concursos-1.jpg\",\"contentUrl\":\"https:\/\/dhg1h5j42swfq.cloudfront.net\/2025\/06\/03203428\/logo_concursos-1.jpg\",\"width\":230,\"height\":60,\"caption\":\"Estrat\u00e9gia Concursos\"},\"image\":{\"@id\":\"https:\/\/www.estrategiaconcursos.com.br\/blog\/#\/schema\/logo\/image\/\"},\"sameAs\":[\"https:\/\/x.com\/EstratConcursos\"]},{\"@type\":\"Person\",\"@id\":\"https:\/\/www.estrategiaconcursos.com.br\/blog\/#\/schema\/person\/cc9e76173880338ce9f656c88664a1f6\",\"name\":\"Diogo Mendes\",\"image\":{\"@type\":\"ImageObject\",\"inLanguage\":\"pt-BR\",\"@id\":\"https:\/\/secure.gravatar.com\/avatar\/9754d6777d460a45ef4067b586b94c32005cc2345a0404b8d96adc620cf63806?s=96&d=mm&r=g\",\"url\":\"https:\/\/secure.gravatar.com\/avatar\/9754d6777d460a45ef4067b586b94c32005cc2345a0404b8d96adc620cf63806?s=96&d=mm&r=g\",\"contentUrl\":\"https:\/\/secure.gravatar.com\/avatar\/9754d6777d460a45ef4067b586b94c32005cc2345a0404b8d96adc620cf63806?s=96&d=mm&r=g\",\"caption\":\"Diogo Mendes\"},\"description\":\"Diogo Mendes \u00e9 jornalista formado pela Universidade Paulista, com experi\u00eancia em reda\u00e7\u00f5es de diversos ve\u00edculos e na produ\u00e7\u00e3o de conte\u00fados especializados em concursos p\u00fablicos. Desde 2019, atua no Estrat\u00e9gia Concursos como Jornalista e Analista de Conte\u00fado, com foco na apura\u00e7\u00e3o de informa\u00e7\u00f5es junto a \u00f3rg\u00e3os e fontes oficiais. Dedica-se especialmente \u00e0 produ\u00e7\u00e3o de not\u00edcias e reportagens sobre Concursos Legislativos, al\u00e9m de acompanhar diariamente os concursos policiais, banc\u00e1rios e da \u00e1rea da sa\u00fade.\",\"url\":\"https:\/\/www.estrategiaconcursos.com.br\/blog\/author\/diogo-mendesestrategiaconcursos-com-br\/\"}]}<\/script>\n<!-- \/ Yoast SEO Premium plugin. -->","yoast_head_json":{"title":"Concurso EBSERH: primeiras convoca\u00e7\u00f5es ainda este m\u00eas!","description":"As primeiras nomea\u00e7\u00f5es do concurso EBSERH ser\u00e3o realizadas ainda no m\u00eas de junho. Acesse o site e veja os detalhes!","robots":{"index":"index","follow":"follow","max-snippet":"max-snippet:-1","max-image-preview":"max-image-preview:large","max-video-preview":"max-video-preview:-1"},"canonical":"https:\/\/www.estrategiaconcursos.com.br\/blog\/concurso-ebserh-primeiras-convocacoes-este-mes\/","og_locale":"pt_BR","og_type":"article","og_title":"Concurso EBSERH: primeiras convoca\u00e7\u00f5es ainda este m\u00eas!","og_description":"As primeiras nomea\u00e7\u00f5es do concurso EBSERH ser\u00e3o realizadas ainda no m\u00eas de junho. Acesse o site e veja os detalhes!","og_url":"https:\/\/www.estrategiaconcursos.com.br\/blog\/concurso-ebserh-primeiras-convocacoes-este-mes\/","og_site_name":"Estrat\u00e9gia Concursos","article_published_time":"2025-06-09T16:40:44+00:00","article_modified_time":"2025-06-09T19:52:20+00:00","og_image":[{"width":768,"height":432,"url":"https:\/\/dhg1h5j42swfq.cloudfront.net\/2021\/04\/03111718\/ebserh.jpeg","type":"image\/jpeg"}],"author":"Diogo Mendes","twitter_card":"summary_large_image","twitter_creator":"@EstratConcursos","twitter_site":"@EstratConcursos","twitter_misc":{"Escrito por":"Diogo Mendes","Est. tempo de leitura":"1 minuto"},"schema":{"@context":"https:\/\/schema.org","@graph":[{"@type":"NewsArticle","@id":"https:\/\/www.estrategiaconcursos.com.br\/blog\/concurso-ebserh-primeiras-convocacoes-este-mes\/#article","isPartOf":{"@id":"https:\/\/www.estrategiaconcursos.com.br\/blog\/concurso-ebserh-primeiras-convocacoes-este-mes\/"},"author":{"name":"Diogo Mendes","@id":"https:\/\/www.estrategiaconcursos.com.br\/blog\/#\/schema\/person\/cc9e76173880338ce9f656c88664a1f6"},"headline":"Concurso EBSERH: primeiras convoca\u00e7\u00f5es ainda este m\u00eas!","datePublished":"2025-06-09T16:40:44+00:00","dateModified":"2025-06-09T19:52:20+00:00","mainEntityOfPage":{"@id":"https:\/\/www.estrategiaconcursos.com.br\/blog\/concurso-ebserh-primeiras-convocacoes-este-mes\/"},"wordCount":263,"commentCount":0,"publisher":{"@id":"https:\/\/www.estrategiaconcursos.com.br\/blog\/#organization"},"image":{"@id":"https:\/\/www.estrategiaconcursos.com.br\/blog\/concurso-ebserh-primeiras-convocacoes-este-mes\/#primaryimage"},"thumbnailUrl":"https:\/\/dhg1h5j42swfq.cloudfront.net\/2021\/04\/03111718\/ebserh.jpeg","keywords":["EBSERH","nomea\u00e7\u00f5es"],"articleSection":["Sa\u00fade","\u00daltimas not\u00edcias"],"inLanguage":"pt-BR","potentialAction":[{"@type":"CommentAction","name":"Comment","target":["https:\/\/www.estrategiaconcursos.com.br\/blog\/concurso-ebserh-primeiras-convocacoes-este-mes\/#respond"]}],"copyrightYear":"2025","copyrightHolder":{"@id":"https:\/\/www.estrategiaconcursos.com.br\/blog\/#organization"}},{"@type":"WebPage","@id":"https:\/\/www.estrategiaconcursos.com.br\/blog\/concurso-ebserh-primeiras-convocacoes-este-mes\/","url":"https:\/\/www.estrategiaconcursos.com.br\/blog\/concurso-ebserh-primeiras-convocacoes-este-mes\/","name":"Concurso EBSERH: primeiras convoca\u00e7\u00f5es ainda este m\u00eas!","isPartOf":{"@id":"https:\/\/www.estrategiaconcursos.com.br\/blog\/#website"},"primaryImageOfPage":{"@id":"https:\/\/www.estrategiaconcursos.com.br\/blog\/concurso-ebserh-primeiras-convocacoes-este-mes\/#primaryimage"},"image":{"@id":"https:\/\/www.estrategiaconcursos.com.br\/blog\/concurso-ebserh-primeiras-convocacoes-este-mes\/#primaryimage"},"thumbnailUrl":"https:\/\/dhg1h5j42swfq.cloudfront.net\/2021\/04\/03111718\/ebserh.jpeg","datePublished":"2025-06-09T16:40:44+00:00","dateModified":"2025-06-09T19:52:20+00:00","description":"As primeiras nomea\u00e7\u00f5es do concurso EBSERH ser\u00e3o realizadas ainda no m\u00eas de junho. Acesse o site e veja os detalhes!","breadcrumb":{"@id":"https:\/\/www.estrategiaconcursos.com.br\/blog\/concurso-ebserh-primeiras-convocacoes-este-mes\/#breadcrumb"},"inLanguage":"pt-BR","potentialAction":[{"@type":"ReadAction","target":["https:\/\/www.estrategiaconcursos.com.br\/blog\/concurso-ebserh-primeiras-convocacoes-este-mes\/"]}]},{"@type":"ImageObject","inLanguage":"pt-BR","@id":"https:\/\/www.estrategiaconcursos.com.br\/blog\/concurso-ebserh-primeiras-convocacoes-este-mes\/#primaryimage","url":"https:\/\/dhg1h5j42swfq.cloudfront.net\/2021\/04\/03111718\/ebserh.jpeg","contentUrl":"https:\/\/dhg1h5j42swfq.cloudfront.net\/2021\/04\/03111718\/ebserh.jpeg","width":768,"height":432,"caption":"Concurso EBSERH"},{"@type":"BreadcrumbList","@id":"https:\/\/www.estrategiaconcursos.com.br\/blog\/concurso-ebserh-primeiras-convocacoes-este-mes\/#breadcrumb","itemListElement":[{"@type":"ListItem","position":1,"name":"In\u00edcio","item":"https:\/\/www.estrategiaconcursos.com.br\/blog\/"},{"@type":"ListItem","position":2,"name":"Concurso EBSERH: primeiras convoca\u00e7\u00f5es ainda este m\u00eas!"}]},{"@type":"WebSite","@id":"https:\/\/www.estrategiaconcursos.com.br\/blog\/#website","url":"https:\/\/www.estrategiaconcursos.com.br\/blog\/","name":"Estrat\u00e9gia Concursos","description":"O blog da Estrat\u00e9gia Concursos traz not\u00edcias sobre concursos e artigos de professores oferecendo cursos para concursos (pdf + videaulas) no site.","publisher":{"@id":"https:\/\/www.estrategiaconcursos.com.br\/blog\/#organization"},"potentialAction":[{"@type":"SearchAction","target":{"@type":"EntryPoint","urlTemplate":"https:\/\/www.estrategiaconcursos.com.br\/blog\/?s={search_term_string}"},"query-input":{"@type":"PropertyValueSpecification","valueRequired":true,"valueName":"search_term_string"}}],"inLanguage":"pt-BR"},{"@type":"Organization","@id":"https:\/\/www.estrategiaconcursos.com.br\/blog\/#organization","name":"Estrat\u00e9gia Concursos","url":"https:\/\/www.estrategiaconcursos.com.br\/blog\/","logo":{"@type":"ImageObject","inLanguage":"pt-BR","@id":"https:\/\/www.estrategiaconcursos.com.br\/blog\/#\/schema\/logo\/image\/","url":"https:\/\/dhg1h5j42swfq.cloudfront.net\/2025\/06\/03203428\/logo_concursos-1.jpg","contentUrl":"https:\/\/dhg1h5j42swfq.cloudfront.net\/2025\/06\/03203428\/logo_concursos-1.jpg","width":230,"height":60,"caption":"Estrat\u00e9gia Concursos"},"image":{"@id":"https:\/\/www.estrategiaconcursos.com.br\/blog\/#\/schema\/logo\/image\/"},"sameAs":["https:\/\/x.com\/EstratConcursos"]},{"@type":"Person","@id":"https:\/\/www.estrategiaconcursos.com.br\/blog\/#\/schema\/person\/cc9e76173880338ce9f656c88664a1f6","name":"Diogo Mendes","image":{"@type":"ImageObject","inLanguage":"pt-BR","@id":"https:\/\/secure.gravatar.com\/avatar\/9754d6777d460a45ef4067b586b94c32005cc2345a0404b8d96adc620cf63806?s=96&d=mm&r=g","url":"https:\/\/secure.gravatar.com\/avatar\/9754d6777d460a45ef4067b586b94c32005cc2345a0404b8d96adc620cf63806?s=96&d=mm&r=g","contentUrl":"https:\/\/secure.gravatar.com\/avatar\/9754d6777d460a45ef4067b586b94c32005cc2345a0404b8d96adc620cf63806?s=96&d=mm&r=g","caption":"Diogo Mendes"},"description":"Diogo Mendes \u00e9 jornalista formado pela Universidade Paulista, com experi\u00eancia em reda\u00e7\u00f5es de diversos ve\u00edculos e na produ\u00e7\u00e3o de conte\u00fados especializados em concursos p\u00fablicos. Desde 2019, atua no Estrat\u00e9gia Concursos como Jornalista e Analista de Conte\u00fado, com foco na apura\u00e7\u00e3o de informa\u00e7\u00f5es junto a \u00f3rg\u00e3os e fontes oficiais. Dedica-se especialmente \u00e0 produ\u00e7\u00e3o de not\u00edcias e reportagens sobre Concursos Legislativos, al\u00e9m de acompanhar diariamente os concursos policiais, banc\u00e1rios e da \u00e1rea da sa\u00fade.","url":"https:\/\/www.estrategiaconcursos.com.br\/blog\/author\/diogo-mendesestrategiaconcursos-com-br\/"}]}},"_links":{"self":[{"href":"https:\/\/www.estrategiaconcursos.com.br\/blog\/wp-json\/wp\/v2\/posts\/1588330","targetHints":{"allow":["GET"]}}],"collection":[{"href":"https:\/\/www.estrategiaconcursos.com.br\/blog\/wp-json\/wp\/v2\/posts"}],"about":[{"href":"https:\/\/www.estrategiaconcursos.com.br\/blog\/wp-json\/wp\/v2\/types\/post"}],"author":[{"embeddable":true,"href":"https:\/\/www.estrategiaconcursos.com.br\/blog\/wp-json\/wp\/v2\/users\/1483"}],"replies":[{"embeddable":true,"href":"https:\/\/www.estrategiaconcursos.com.br\/blog\/wp-json\/wp\/v2\/comments?post=1588330"}],"version-history":[{"count":5,"href":"https:\/\/www.estrategiaconcursos.com.br\/blog\/wp-json\/wp\/v2\/posts\/1588330\/revisions"}],"predecessor-version":[{"id":1588556,"href":"https:\/\/www.estrategiaconcursos.com.br\/blog\/wp-json\/wp\/v2\/posts\/1588330\/revisions\/1588556"}],"wp:featuredmedia":[{"embeddable":true,"href":"https:\/\/www.estrategiaconcursos.com.br\/blog\/wp-json\/wp\/v2\/media\/827667"}],"wp:attachment":[{"href":"https:\/\/www.estrategiaconcursos.com.br\/blog\/wp-json\/wp\/v2\/media?parent=1588330"}],"wp:term":[{"taxonomy":"category","embeddable":true,"href":"https:\/\/www.estrategiaconcursos.com.br\/blog\/wp-json\/wp\/v2\/categories?post=1588330"},{"taxonomy":"post_tag","embeddable":true,"href":"https:\/\/www.estrategiaconcursos.com.br\/blog\/wp-json\/wp\/v2\/tags?post=1588330"},{"taxonomy":"tax_estado","embeddable":true,"href":"https:\/\/www.estrategiaconcursos.com.br\/blog\/wp-json\/wp\/v2\/tax_estado?post=1588330"}],"curies":[{"name":"wp","href":"https:\/\/api.w.org\/{rel}","templated":true}]}}