{"id":1584527,"date":"2025-06-06T18:00:00","date_gmt":"2025-06-06T21:00:00","guid":{"rendered":"https:\/\/www.estrategiaconcursos.com.br\/blog\/?p=1584527"},"modified":"2025-06-09T16:43:59","modified_gmt":"2025-06-09T19:43:59","slug":"concurso-editais-semana-02-a-06-06","status":"publish","type":"post","link":"https:\/\/www.estrategiaconcursos.com.br\/blog\/concurso-editais-semana-02-a-06-06\/","title":{"rendered":"Concursos P\u00fablicos: 32 editais esta semana; 1,2 mil vagas"},"content":{"rendered":"\n<p>Mais uma semana no mundo dos concursos finalmente chegou ao fim e, com ela, diversos novos editais!<\/p>\n\n\n\n<p>Ao todo, foram publicados 32 novos concursos p\u00fablicos, com um total de 1.274 vagas imediatas e em cadastro de reserva.<\/p>\n\n\n\n<p>Esta semana, houve um crescente n\u00famero de certames da \u00e1rea legislativa, abrangendo editais de diversas c\u00e2maras municipais.<\/p>\n\n\n\n<p>Entre elas, consta a de <strong>Campos do Jord\u00e3o<\/strong>, uma das cidades paulistas mais visitadas em per\u00edodos de frio. <em><a href=\"#jordao\">Saiba mais detalhes sobre a disputa!<\/a><\/em><\/p>\n\n\n\n<p>Al\u00e9m dele, Po\u00e7os de Caldas, um dos maiores munic\u00edpios de Minas Gerais, abriu oportunidades para <strong>Guarda Civil Municipal<\/strong>. S\u00e3o 50 vagas e sal\u00e1rio de R$ 2.094,75.<\/p>\n\n\n\n<p>Quer ficar informado sobre TODOS os novos editais de concursos publicados na \u00faltima semana? <em><strong>Confira mais informa\u00e7\u00f5es ao longo deste artigo!<\/strong><\/em><\/p>\n\n\n\n<div class=\"container\" id=\"boxes\">\n  <div class=\"row\">\n\n    <div class=\"col-sm\">\n      <div class=\"banner-estrat-corj\" id=\"box-assinatura\">\n        <h3 class=\"titulo-assinatura\" style=\"text-align: left;\">Cursos para Concursos<\/h3>\n        <p class=\"subtitulo-assinatura\" style=\"text-align: left;\">Conhe\u00e7a os cursos<\/p>\n        <div class=\"box-botao\" style=\"text-align: left;\">\n          <a class=\"btn-assinatura\" target=\"_blank\" href=\"https:\/\/www.estrategiaconcursos.com.br\/cursos\/concurso\/\" role=\"button\" rel=\"noopener noreferrer\">CLIQUE AQUI<\/a>\n        <\/div>\n      <\/div><\/div><\/div><\/div>\n\n\n\n<ul id=\"indice\" class=\"wp-block-list\">\n<li><a href=\"#seguranca\">Seguran\u00e7a p\u00fablica<\/a><\/li>\n\n\n\n<li><a href=\"#camaras\">\u00c1rea Legislativa<\/a><\/li>\n\n\n\n<li><a href=\"#educacao\">Educa\u00e7\u00e3o<\/a><\/li>\n\n\n\n<li><a href=\"#controle\">Controle<\/a><\/li>\n\n\n\n<li><a href=\"#saude\">Sa\u00fade<\/a><\/li>\n\n\n\n<li><a href=\"#fiscal\">Fiscal<\/a><\/li>\n\n\n\n<li><a href=\"#outras\">Oportunidades em outras \u00e1reas<\/a><\/li>\n\n\n\n<li><a href=\"#prefeituras\">Prefeituras Municipais<\/a><\/li>\n<\/ul>\n\n\n\n<h3 class=\"wp-block-heading has-text-align-center has-background\" id=\"camaras\" style=\"background-color:#e1eaf2\">\u00c1rea legislativa<\/h3>\n\n\n\n<h3 class=\"wp-block-heading\" id=\"h-camara-de-tatui-sp\"><a href=\"https:\/\/www.estrategiaconcursos.com.br\/blog\/concurso-camara-de-tatui-sp\/\" target=\"_blank\" rel=\"noreferrer noopener\">C\u00e2mara de Tatu\u00ed<\/a> (SP)<\/h3>\n\n\n\n<ul class=\"wp-block-list\">\n<li><strong>Banca:<\/strong> Funda\u00e7\u00e3o Vunesp<\/li>\n\n\n\n<li><strong>Per\u00edodo de inscri\u00e7\u00f5es:<\/strong> at\u00e9 08\/07<\/li>\n\n\n\n<li><strong>Data da prova<\/strong>: 31\/08<\/li>\n\n\n\n<li><strong>Vagas:<\/strong> 09<\/li>\n\n\n\n<li><strong>Sal\u00e1rio inicial:<\/strong> R$ 3.955,36 a R$ 11.289,97<\/li>\n\n\n\n<li><strong>Edital:<\/strong> <a href=\"https:\/\/dhg1h5j42swfq.cloudfront.net\/2025\/06\/02092106\/edital-camara-de-tatui-sp-2025.pdf\" target=\"_blank\" rel=\"noreferrer noopener nofollow\">C\u00e2mara de Tatu\u00ed SP-2025<\/a><\/li>\n<\/ul>\n\n\n\n<h3 class=\"wp-block-heading\" id=\"h-camara-de-teixeira-de-freitas-ba\"><a href=\"https:\/\/www.estrategiaconcursos.com.br\/blog\/concurso-camara-de-teixeira-de-freitas-ba\/\" target=\"_blank\" rel=\"noreferrer noopener\">C\u00e2mara de Teixeira de Freitas<\/a> (BA)<\/h3>\n\n\n\n<ul class=\"wp-block-list\">\n<li><strong>Banca:<\/strong> Instituto Bahia<\/li>\n\n\n\n<li><strong>Per\u00edodo de inscri\u00e7\u00f5es:<\/strong> at\u00e9 02\/07<\/li>\n\n\n\n<li><strong>Data da prova<\/strong>: 03\/08<\/li>\n\n\n\n<li><strong>Vagas:<\/strong> 16 + 17 CR<\/li>\n\n\n\n<li><strong>Sal\u00e1rio inicial:<\/strong> R$ 2.201,05 a R$ 10.000,00<\/li>\n\n\n\n<li><strong>Edital:<\/strong> <a href=\"https:\/\/dhg1h5j42swfq.cloudfront.net\/2025\/06\/03112532\/edital-camara-teixeira-de-freitas-ba-2025.pdf\" target=\"_blank\" rel=\"noreferrer noopener nofollow\">CM Teixeira de Freitas BA-2025<\/a><\/li>\n<\/ul>\n\n\n\n<h3 class=\"wp-block-heading\" id=\"h-camara-de-serra-do-salitre-mg\"><a href=\"https:\/\/www.estrategiaconcursos.com.br\/blog\/concurso-camara-serra-do-salitre-mg\/\" target=\"_blank\" rel=\"noreferrer noopener\">C\u00e2mara de Serra do Salitre<\/a> (MG)<\/h3>\n\n\n\n<ul class=\"wp-block-list\">\n<li><strong>Banca:<\/strong> IBGP Concursos<\/li>\n\n\n\n<li><strong>Per\u00edodo de inscri\u00e7\u00f5es:<\/strong> 31\/07 a 29\/08<\/li>\n\n\n\n<li><strong>Data da prova<\/strong>: 28\/09<\/li>\n\n\n\n<li><strong>Vagas:<\/strong> 6<\/li>\n\n\n\n<li><strong>Sal\u00e1rio inicial:<\/strong> R$ 2.300,00 a R$ 6.500,00<\/li>\n\n\n\n<li><strong>Edital:<\/strong> <a href=\"https:\/\/dhg1h5j42swfq.cloudfront.net\/2025\/06\/02234735\/edital-camara-serra-do-salitre-mg.pdf\" target=\"_blank\" rel=\"noreferrer noopener nofollow\">C\u00e2mara Serra do Salitre MG-2025<\/a><\/li>\n<\/ul>\n\n\n\n<h3 class=\"wp-block-heading\" id=\"h-camara-de-mario-campos-mg\"><a href=\"https:\/\/www.estrategiaconcursos.com.br\/blog\/concurso-camara-de-mario-campos-mg\/\" target=\"_blank\" rel=\"noreferrer noopener\">C\u00e2mara de M\u00e1rio Campos<\/a> (MG)<\/h3>\n\n\n\n<ul class=\"wp-block-list\">\n<li><strong>Banca:<\/strong> IBGP<\/li>\n\n\n\n<li><strong>Per\u00edodo de inscri\u00e7\u00f5es:<\/strong> 11\/08 a 18\/09<\/li>\n\n\n\n<li><strong>Data da prova<\/strong>: 23\/11<\/li>\n\n\n\n<li><strong>Vagas:<\/strong> 10<\/li>\n\n\n\n<li><strong>Sal\u00e1rio inicial:<\/strong> R$ 1.500,00 a R$ 3.626,02<\/li>\n\n\n\n<li><strong>Edital:<\/strong> <a href=\"https:\/\/dhg1h5j42swfq.cloudfront.net\/2025\/06\/04120437\/ilovepdf_merged-1.pdf\" target=\"_blank\" rel=\"noreferrer noopener nofollow\">C\u00e2mara de M\u00e1rio Campos MG 2025<\/a><\/li>\n<\/ul>\n\n\n\n<h3 class=\"wp-block-heading\" id=\"h-camara-de-cacapava-sp\"><a href=\"https:\/\/www.estrategiaconcursos.com.br\/blog\/concurso-camara-de-cacapava-sp\/\" target=\"_blank\" rel=\"noreferrer noopener\">C\u00e2mara de Ca\u00e7apava<\/a> (SP)<\/h3>\n\n\n\n<ul class=\"wp-block-list\">\n<li><strong>Banca:<\/strong> Avan\u00e7a SP<\/li>\n\n\n\n<li><strong>Per\u00edodo de inscri\u00e7\u00f5es:<\/strong> at\u00e9 07\/07<\/li>\n\n\n\n<li><strong>Data da prova<\/strong>: 17\/08<\/li>\n\n\n\n<li><strong>Vagas:<\/strong> 05 + CR<\/li>\n\n\n\n<li><strong>Sal\u00e1rio inicial:<\/strong> R$ 2.305,93 a R$ 9.140,29<\/li>\n\n\n\n<li><strong>Edital:<\/strong> <a href=\"https:\/\/dhg1h5j42swfq.cloudfront.net\/2025\/06\/06152020\/edital-camara-de-cacapava-sp-2025.pdf\" target=\"_blank\" rel=\"noreferrer noopener nofollow\">CM Ca\u00e7apava SP-2025<\/a><\/li>\n<\/ul>\n\n\n\n<h3 class=\"wp-block-heading\" id=\"h-camara-de-candoi-pr\"><a href=\"https:\/\/www.estrategiaconcursos.com.br\/blog\/concurso-camara-de-candoi-pr\/\" target=\"_blank\" rel=\"noreferrer noopener\">C\u00e2mara de Cand\u00f3i<\/a> (PR)<\/h3>\n\n\n\n<ul class=\"wp-block-list\">\n<li><strong>Banca:<\/strong> FAFIPA<\/li>\n\n\n\n<li><strong>Per\u00edodo de inscri\u00e7\u00f5es:<\/strong> 09\/06 a 06\/07<\/li>\n\n\n\n<li><strong>Data da prova<\/strong>: 20\/07<\/li>\n\n\n\n<li><strong>Vagas:<\/strong> 02 + CR<\/li>\n\n\n\n<li><strong>Sal\u00e1rio inicial:<\/strong> <strong>:<\/strong>&nbsp;R$ 2.378,32 a R$ 6.640,53<\/li>\n\n\n\n<li><strong>Edital:<\/strong> <a href=\"https:\/\/dhg1h5j42swfq.cloudfront.net\/2025\/06\/06133348\/84717da5-94ff-4328-afe3-44769d26bb45-1.pdf\" target=\"_blank\" rel=\"noreferrer noopener nofollow\">C\u00e2mara de Cand\u00f3i PR 2025<\/a><\/li>\n<\/ul>\n\n\n\n<h3 class=\"wp-block-heading\" id=\"h-camara-de-piedade-de-caratinga-mg\"><a href=\"https:\/\/www.estrategiaconcursos.com.br\/blog\/concurso-camara-piedade-de-caratinga-mg\/\" target=\"_blank\" rel=\"noreferrer noopener\">C\u00e2mara de Piedade de Caratinga<\/a> (MG)<\/h3>\n\n\n\n<ul class=\"wp-block-list\">\n<li><strong>Banca:<\/strong> Exame<\/li>\n\n\n\n<li><strong>Per\u00edodo de inscri\u00e7\u00f5es:<\/strong> at\u00e9 24\/06<\/li>\n\n\n\n<li><strong>Data da prova<\/strong>: 20\/07<\/li>\n\n\n\n<li><strong>Vagas:<\/strong> 9<\/li>\n\n\n\n<li><strong>Sal\u00e1rio inicial:<\/strong> R$ 1.518,00 a R$ 4.713,78<\/li>\n\n\n\n<li><strong>Edital:<\/strong> <strong><a href=\"https:\/\/dhg1h5j42swfq.cloudfront.net\/2025\/06\/06141849\/a9f0d282-3fd0-4208-b3dd-c710aaf13f1b.pdf\" target=\"_blank\" rel=\"noreferrer noopener nofollow\">C\u00e2mara Piedade de Caratinga 2025<\/a><\/strong><\/li>\n<\/ul>\n\n\n\n<h3 class=\"wp-block-heading\" id=\"jordao\"><a href=\"https:\/\/www.estrategiaconcursos.com.br\/blog\/concurso-camara-campos-do-jordao\/\" target=\"_blank\" rel=\"noreferrer noopener\">C\u00e2mara de Campos do Jord\u00e3o<\/a> (SP)<\/h3>\n\n\n\n<ul class=\"wp-block-list\">\n<li><strong>Banca:<\/strong> Instituto Omni<\/li>\n\n\n\n<li><strong>Per\u00edodo de inscri\u00e7\u00f5es:<\/strong> 06\/06 a 07\/07<\/li>\n\n\n\n<li><strong>Data da prova<\/strong>: 03\/08<\/li>\n\n\n\n<li><strong>Vagas:<\/strong> 01<\/li>\n\n\n\n<li><strong>Sal\u00e1rio inicial:<\/strong> <strong>:<\/strong>&nbsp;R$ 5.265,41<\/li>\n\n\n\n<li><strong>Edital:<\/strong> <a href=\"https:\/\/dhg1h5j42swfq.cloudfront.net\/2025\/06\/06100509\/1721e7f3-b369-43bc-999c-5b555590d5d9-1.pdf\" target=\"_blank\" rel=\"noreferrer noopener nofollow\">C\u00e2mara de Campos do Jord\u00e3o 2025<\/a><\/li>\n<\/ul>\n\n\n\n<h3 class=\"wp-block-heading has-text-align-center has-background\" id=\"educacao\" style=\"background-color:#e1eaf2\">Educa\u00e7\u00e3o<\/h3>\n\n\n\n<h3 class=\"wp-block-heading\" id=\"h-unifal-mg\"><a href=\"https:\/\/www.estrategiaconcursos.com.br\/blog\/concurso-unifal-mg\/\" target=\"_blank\" rel=\"noreferrer noopener\">UNIFAL<\/a> (MG)<\/h3>\n\n\n\n<ul class=\"wp-block-list\">\n<li><strong>Banca:<\/strong> comiss\u00e3o pr\u00f3pria<\/li>\n\n\n\n<li><strong>Per\u00edodo de inscri\u00e7\u00f5es:<\/strong> at\u00e9 07\/07<\/li>\n\n\n\n<li><strong>Data da prova<\/strong>: nao informado<\/li>\n\n\n\n<li><strong>Vagas:<\/strong> 7 <\/li>\n\n\n\n<li><strong>Sal\u00e1rio inicial:<\/strong> R$ 8.692,32<\/li>\n\n\n\n<li><strong>Edital:<\/strong> <a href=\"https:\/\/www.in.gov.br\/web\/dou\/-\/portaria-mgi-n-4.410-de-4-de-junho-de-2025-634669018\" target=\"_blank\" rel=\"noreferrer noopener nofollow\">UNIFAL 2025 \u2013 TAE<\/a><\/li>\n<\/ul>\n\n\n\n<h3 class=\"wp-block-heading has-text-align-center has-background\" id=\"outras\" style=\"background-color:#e1eaf2\">Outras oportunidades<\/h3>\n\n\n\n<h3 class=\"wp-block-heading\" id=\"h-creci-sc\"><a href=\"https:\/\/www.estrategiaconcursos.com.br\/blog\/concurso-creci-sc\/\" target=\"_blank\" rel=\"noreferrer noopener\">Creci SC<\/a><\/h3>\n\n\n\n<ul class=\"wp-block-list\">\n<li><strong>Banca:<\/strong> Instituto Ibest<\/li>\n\n\n\n<li><strong>Per\u00edodo de inscri\u00e7\u00f5es:<\/strong> at\u00e9 30\/06<\/li>\n\n\n\n<li><strong>Data da prova<\/strong>: 17\/08<\/li>\n\n\n\n<li><strong>Vagas:<\/strong> 10 + CR<\/li>\n\n\n\n<li><strong>Sal\u00e1rio inicial:<\/strong> at\u00e9 R$ 3.798,24<\/li>\n\n\n\n<li><strong>Edital:<\/strong> <a href=\"https:\/\/anexos.cdn.selecao.net.br\/uploads\/729\/concursos\/41\/anexos\/be271a3a-1e32-4545-8437-1962ea2baf81.pdf\" target=\"_blank\" rel=\"noreferrer noopener nofollow\">CRECI SC 2025<\/a><\/li>\n<\/ul>\n\n\n\n<h3 class=\"wp-block-heading\" id=\"h-crbm-1-sp-ms-es-e-rj\"><a href=\"https:\/\/www.estrategiaconcursos.com.br\/blog\/concurso-crbm1\/\" target=\"_blank\" rel=\"noreferrer noopener\">CRBM 1<\/a> (SP, MS, ES e<strong> <\/strong>RJ)<\/h3>\n\n\n\n<ul class=\"wp-block-list\">\n<li><strong>Banca:<\/strong> ABC Concurssos<\/li>\n\n\n\n<li><strong>Per\u00edodo de inscri\u00e7\u00f5es:<\/strong> at\u00e9 21\/07<\/li>\n\n\n\n<li><strong>Data da prova<\/strong>: 17\/08<\/li>\n\n\n\n<li><strong>Vagas:<\/strong> 09 + CR<\/li>\n\n\n\n<li><strong>Sal\u00e1rio inicial:<\/strong> R$ 10.520,83<\/li>\n\n\n\n<li><strong>Edital:<\/strong> <a href=\"https:\/\/anexos.cdn.selecao.net.br\/uploads\/567\/concursos\/2794\/anexos\/38c1a781-1f4f-43ec-a11a-8d4cfb22bc32.pdf\" target=\"_blank\" rel=\"noreferrer noopener nofollow\">CRBM 2025<\/a><\/li>\n<\/ul>\n\n\n\n<h3 class=\"wp-block-heading\" id=\"h-crefito-1-rn-pb-pe-e-al\"><a href=\"https:\/\/www.estrategiaconcursos.com.br\/blog\/concurso-crefito-1\/\" target=\"_blank\" rel=\"noreferrer noopener\">Crefito 1<\/a> (RN, PB, PE e AL)<\/h3>\n\n\n\n<ul class=\"wp-block-list\">\n<li><strong>Banca:<\/strong> Instituto Consulplan<\/li>\n\n\n\n<li><strong>Per\u00edodo de inscri\u00e7\u00f5es:<\/strong> 09\/06 a 16\/07<\/li>\n\n\n\n<li><strong>Data da prova<\/strong>: 14\/09<\/li>\n\n\n\n<li><strong>Vagas:<\/strong> 5 + 124 CR<\/li>\n\n\n\n<li><strong>Sal\u00e1rio inicial:<\/strong>&nbsp;at\u00e9 R$ 7.872,91<\/li>\n\n\n\n<li><strong>Edital:<\/strong> <a href=\"https:\/\/d676e6gwpn3ec.cloudfront.net\/concursos\/1245\/2_507142.pdf\" target=\"_blank\" rel=\"noreferrer noopener nofollow\">CREFITO 1 \u2013 2025<\/a><\/li>\n<\/ul>\n\n\n\n<h3 class=\"wp-block-heading\" id=\"h-ciop-presidente-prudente-sp\"><a href=\"https:\/\/www.estrategiaconcursos.com.br\/blog\/concurso-ciop-presidente-prudente\/\" target=\"_blank\" rel=\"noreferrer noopener\">CIOP Presidente Prudente<\/a> (SP)<\/h3>\n\n\n\n<ul class=\"wp-block-list\">\n<li><strong>Banca:<\/strong> Consesp<\/li>\n\n\n\n<li><strong>Per\u00edodo de inscri\u00e7\u00f5es:<\/strong> at\u00e9 22\/06<\/li>\n\n\n\n<li><strong>Data da prova<\/strong>: 0607<\/li>\n\n\n\n<li><strong>Vagas:<\/strong> 61 + CR<\/li>\n\n\n\n<li><strong>Sal\u00e1rio inicial:<\/strong> R$ 1.520,00 a R$ 3.504,51<\/li>\n\n\n\n<li><strong>Edital:<\/strong> <a href=\"https:\/\/dhg1h5j42swfq.cloudfront.net\/2025\/03\/06094429\/4625_presidenteprudenteciopcp0022025.pdf\" target=\"_blank\" rel=\"noreferrer noopener nofollow\">CIOP 2025<\/a><\/li>\n<\/ul>\n\n\n\n<h3 class=\"wp-block-heading has-text-align-center has-background\" id=\"prefeituras\" style=\"background-color:#e1eaf2\">Prefeituras Municipais<\/h3>\n\n\n\n<h3 class=\"wp-block-heading\" id=\"h-prefeitura-de-alambari-sp\"><a href=\"https:\/\/www.estrategiaconcursos.com.br\/blog\/concurso-prefeitura-alambari\/\" target=\"_blank\" rel=\"noreferrer noopener\">Prefeitura de Alambari<\/a> (SP)<\/h3>\n\n\n\n<ul class=\"wp-block-list\">\n<li><strong>Banca:<\/strong> Publiconsult<\/li>\n\n\n\n<li><strong>Per\u00edodo de inscri\u00e7\u00f5es:<\/strong> at\u00e9 04\/07<\/li>\n\n\n\n<li><strong>Data da prova<\/strong>: 27\/07<\/li>\n\n\n\n<li><strong>Vagas:<\/strong> 07 + CR<\/li>\n\n\n\n<li><strong>Sal\u00e1rio inicial:<\/strong> R$ 1.672,71 a R$ 3.844,83<\/li>\n\n\n\n<li><strong>Edital:<\/strong> <a href=\"https:\/\/dhg1h5j42swfq.cloudfront.net\/2025\/06\/02144730\/alambari-edital-de-abertura-de-inscricoes.pdf\" target=\"_blank\" rel=\"noreferrer noopener nofollow\">Edital Alambari<\/a><\/li>\n<\/ul>\n\n\n\n<h3 class=\"wp-block-heading\" id=\"h-prefeitura-de-sao-valentim-do-sul-rs\"><a href=\"https:\/\/www.estrategiaconcursos.com.br\/blog\/concurso-prefeitura-sao-valentim-do-sul\/\" target=\"_blank\" rel=\"noreferrer noopener\">Prefeitura de S\u00e3o Valentim do Sul<\/a> (RS)<\/h3>\n\n\n\n<ul class=\"wp-block-list\">\n<li><strong>Banca:<\/strong> Legalle Concursos<\/li>\n\n\n\n<li><strong>Per\u00edodo de inscri\u00e7\u00f5es:<\/strong> at\u00e9 02\/07<\/li>\n\n\n\n<li><strong>Data da prova<\/strong>: 03\/08<\/li>\n\n\n\n<li><strong>Vagas:<\/strong> 12 + CR<\/li>\n\n\n\n<li><strong>Sal\u00e1rio inicial:<\/strong> R$ 1.986,00 a R$ 4.989,95<\/li>\n\n\n\n<li><strong>Edital:<\/strong> <a href=\"https:\/\/dhg1h5j42swfq.cloudfront.net\/2025\/06\/03153501\/68f411d33148ef836492cb9f19ed6b68-1.pdf\" target=\"_blank\" rel=\"noreferrer noopener nofollow\">S\u00e3o Valentim do Sul 2025<\/a><\/li>\n<\/ul>\n\n\n\n<h3 class=\"wp-block-heading\" id=\"h-prefeitura-de-marinopolis-sp\"><a href=\"https:\/\/www.estrategiaconcursos.com.br\/blog\/concurso-prefeitura-marinopolis\/\" target=\"_blank\" rel=\"noreferrer noopener\">Prefeitura de Marin\u00f3polis<\/a> (SP)<\/h3>\n\n\n\n<ul class=\"wp-block-list\">\n<li><strong>Banca:<\/strong> Inepam<\/li>\n\n\n\n<li><strong>Per\u00edodo de inscri\u00e7\u00f5es:<\/strong> 17\/06 a 17\/07<\/li>\n\n\n\n<li><strong>Data da prova<\/strong>: 17\/08<\/li>\n\n\n\n<li><strong>Vagas:<\/strong> 22<\/li>\n\n\n\n<li><strong>Sal\u00e1rio inicial:<\/strong> R$ 1.552,34 a R$ 4.526,11<\/li>\n\n\n\n<li><strong>Edital:<\/strong> <a href=\"https:\/\/dhg1h5j42swfq.cloudfront.net\/2025\/06\/03105425\/documento-3.pdf\" target=\"_blank\" rel=\"noreferrer noopener nofollow\">Edital Marin\u00f3polis 2025<\/a><\/li>\n<\/ul>\n\n\n\n<h3 class=\"wp-block-heading\" id=\"h-prefeitura-de-guararapes-sp\"><a href=\"https:\/\/www.estrategiaconcursos.com.br\/blog\/concurso-prefeitura-guararapes\/\" target=\"_blank\" rel=\"noreferrer noopener\">Prefeitura de Guararapes<\/a> (SP)<\/h3>\n\n\n\n<ul class=\"wp-block-list\">\n<li><strong>Banca:<\/strong> Vunesp<\/li>\n\n\n\n<li><strong>Per\u00edodo de inscri\u00e7\u00f5es:<\/strong> 099\/06 a 08\/07<\/li>\n\n\n\n<li><strong>Data da prova<\/strong>: 07\/09<\/li>\n\n\n\n<li><strong>Vagas:<\/strong> 14<\/li>\n\n\n\n<li><strong>Sal\u00e1rio inicial:<\/strong> R$ 1.805,21 a R$ 6.683,38<\/li>\n\n\n\n<li><strong>Edital:<\/strong> <a href=\"https:\/\/dhg1h5j42swfq.cloudfront.net\/2025\/06\/03140235\/pgar2501_224_20250603112445-pdf.pdf\" target=\"_blank\" rel=\"noreferrer noopener nofollow\">Guararapes 2025<\/a><\/li>\n<\/ul>\n\n\n\n<h3 class=\"wp-block-heading\" id=\"h-prefeitura-de-bom-jardim-pe\"><a href=\"https:\/\/www.estrategiaconcursos.com.br\/blog\/concurso-prefeitura-bom-jardim\/\" target=\"_blank\" rel=\"noreferrer noopener\">Prefeitura de Bom Jardim<\/a> (PE)<\/h3>\n\n\n\n<ul class=\"wp-block-list\">\n<li><strong>Banca:<\/strong> FACET<\/li>\n\n\n\n<li><strong>Per\u00edodo de inscri\u00e7\u00f5es:<\/strong> at\u00e9 04\/07<\/li>\n\n\n\n<li><strong>Data da prova<\/strong>: 03\/08<\/li>\n\n\n\n<li><strong>Vagas:<\/strong> 454<\/li>\n\n\n\n<li><strong>Sal\u00e1rio inicial:<\/strong> R$ 1.518,00 a R$ 8.000,00<\/li>\n\n\n\n<li><strong>Edital:<\/strong> <a href=\"https:\/\/dhg1h5j42swfq.cloudfront.net\/2025\/06\/03112134\/bo-mjardim.pdf\" target=\"_blank\" rel=\"noreferrer noopener nofollow\">Edital&nbsp;<strong>Bom Jardim<\/strong><\/a><\/li>\n<\/ul>\n\n\n\n<h3 class=\"wp-block-heading\" id=\"h-prefeitura-de-ico-ce\"><a href=\"https:\/\/www.estrategiaconcursos.com.br\/blog\/concurso-prefeitura-ico\/\" target=\"_blank\" rel=\"noreferrer noopener\">Prefeitura de Ic\u00f3<\/a> (CE)<\/h3>\n\n\n\n<ul class=\"wp-block-list\">\n<li><strong>Banca:<\/strong> Universidade Patativa do Assar\u00e9<\/li>\n\n\n\n<li><strong>Per\u00edodo de inscri\u00e7\u00f5es:<\/strong> at\u00e9 29\/06<\/li>\n\n\n\n<li><strong>Data da prova<\/strong>: 20 e 27\/07<\/li>\n\n\n\n<li><strong>Vagas:<\/strong> 88<\/li>\n\n\n\n<li><strong>Sal\u00e1rio inicial:<\/strong> R$ 1.518,00 a R$ 6.000,00<\/li>\n\n\n\n<li><strong>Edital:<\/strong> <a href=\"https:\/\/dhg1h5j42swfq.cloudfront.net\/2025\/06\/02163749\/ico-1.pdf\" target=\"_blank\" rel=\"noreferrer noopener nofollow\">edital 1<\/a>&nbsp;\u2013&nbsp;<a href=\"https:\/\/dhg1h5j42swfq.cloudfront.net\/2025\/06\/02163745\/ico-2.pdf\" target=\"_blank\" rel=\"noreferrer noopener nofollow\">edital 2<\/a><\/li>\n<\/ul>\n\n\n\n<h3 class=\"wp-block-heading\" id=\"h-prefeitura-de-sapucai-mirim-mg\"><a href=\"https:\/\/www.estrategiaconcursos.com.br\/blog\/concurso-prefeitura-sapucai-mirim\/\" target=\"_blank\" rel=\"noreferrer noopener\">Prefeitura de Sapuca\u00ed-Mirim<\/a> (MG)<\/h3>\n\n\n\n<ul class=\"wp-block-list\">\n<li><strong>Banca:<\/strong> Recrutamento Brasil<\/li>\n\n\n\n<li><strong>Per\u00edodo de inscri\u00e7\u00f5es:<\/strong> 04\/08 a 04\/09<\/li>\n\n\n\n<li><strong>Data da prova<\/strong>: 21\/09<\/li>\n\n\n\n<li><strong>Vagas:<\/strong> 18<\/li>\n\n\n\n<li><strong>Sal\u00e1rio inicial:<\/strong> R$ 1.606,62 a R$ 5.393.97<\/li>\n\n\n\n<li><strong>Edital:<\/strong> <a href=\"https:\/\/dhg1h5j42swfq.cloudfront.net\/2025\/06\/04160102\/sapucai-mirim.pdf\" target=\"_blank\" rel=\"noreferrer noopener\">Edital Sapuca\u00ed-Mirim 2025<\/a><\/li>\n<\/ul>\n\n\n\n<h3 class=\"wp-block-heading\" id=\"h-prefeitura-de-pedra-mole-se\"><a href=\"https:\/\/www.estrategiaconcursos.com.br\/blog\/concurso-prefeitura-pedra-mole\/\" target=\"_blank\" rel=\"noreferrer noopener\">Prefeitura de Pedra Mole<\/a> (SE)<\/h3>\n\n\n\n<ul class=\"wp-block-list\">\n<li><strong>Banca:<\/strong> IBPTEC<\/li>\n\n\n\n<li><strong>Per\u00edodo de inscri\u00e7\u00f5es:<\/strong> at\u00e9 06\/07<\/li>\n\n\n\n<li><strong>Data da prova<\/strong>: 24\/08<\/li>\n\n\n\n<li><strong>Vagas:<\/strong> 41<\/li>\n\n\n\n<li><strong>Sal\u00e1rio inicial:<\/strong> R$ 1.518,00 a R$ 2.940,00<\/li>\n\n\n\n<li><strong>Edital:<\/strong> <a href=\"https:\/\/dhg1h5j42swfq.cloudfront.net\/2025\/06\/04134200\/pedra-1.pdf\" target=\"_blank\" rel=\"noreferrer noopener nofollow\">Edital 1 (geral)<\/a>&nbsp;\u2013&nbsp;<a href=\"https:\/\/dhg1h5j42swfq.cloudfront.net\/2025\/06\/04134220\/pedra-2.pdf\" target=\"_blank\" rel=\"noreferrer noopener nofollow\">Edital 2 (advogado)<\/a>&nbsp;\u2013&nbsp;<a href=\"https:\/\/dhg1h5j42swfq.cloudfront.net\/2025\/06\/04134246\/pedra-3.pdf\" target=\"_blank\" rel=\"noreferrer noopener nofollow\">Edital 3 (guarda)<\/a><\/li>\n<\/ul>\n\n\n\n<h3 class=\"wp-block-heading\" id=\"h-prefeitura-de-dionisio-cerqueira-sc\"><a href=\"https:\/\/www.estrategiaconcursos.com.br\/blog\/concurso-prefeitura-dionisio-cerqueira\/\" target=\"_blank\" rel=\"noreferrer noopener\">Prefeitura de Dion\u00edsio Cerqueira<\/a> (SC)<\/h3>\n\n\n\n<ul class=\"wp-block-list\">\n<li><strong>Banca:<\/strong> AMEOSC<\/li>\n\n\n\n<li><strong>Per\u00edodo de inscri\u00e7\u00f5es:<\/strong> at\u00e9 02\/07<\/li>\n\n\n\n<li><strong>Data da prova<\/strong>: 20\/07<\/li>\n\n\n\n<li><strong>Vagas:<\/strong> CR<\/li>\n\n\n\n<li><strong>Sal\u00e1rio inicial:<\/strong> R$ 1.886,49 a R$ 6.717,00<\/li>\n\n\n\n<li><strong>Edital:<\/strong> <a href=\"https:\/\/dhg1h5j42swfq.cloudfront.net\/2025\/06\/04093817\/b3f61f9e-7ca6-4bb6-96e6-d00beb731899.pdf\" target=\"_blank\" rel=\"noreferrer noopener nofollow\">Edital Dion\u00edsio Cerqueira 2025<\/a><\/li>\n<\/ul>\n\n\n\n<h3 class=\"wp-block-heading\" id=\"h-prefeitura-de-peritiba-sc\"><a href=\"https:\/\/www.estrategiaconcursos.com.br\/blog\/concurso-prefeitura-peritiba\/\" target=\"_blank\" rel=\"noreferrer noopener\">Prefeitura de Peritiba<\/a> (SC)<\/h3>\n\n\n\n<ul class=\"wp-block-list\">\n<li><strong>Banca:<\/strong> HC Assessoria<\/li>\n\n\n\n<li><strong>Per\u00edodo de inscri\u00e7\u00f5es:<\/strong> at\u00e9 03\/07<\/li>\n\n\n\n<li><strong>Data da prova<\/strong>: 13\/07<\/li>\n\n\n\n<li><strong>Vagas:<\/strong> 02 + CR<\/li>\n\n\n\n<li><strong>Sal\u00e1rio inicial:<\/strong> R$ 2.002,25 a R$ 6.569,81<\/li>\n\n\n\n<li><strong>Edital:<\/strong> &nbsp;<a href=\"https:\/\/dhg1h5j42swfq.cloudfront.net\/2025\/06\/04104755\/561585d877814c79ef6ae520946628ee.pdf\" target=\"_blank\" rel=\"noreferrer noopener nofollow\">Peritiba 2025<\/a><\/li>\n<\/ul>\n\n\n\n<h3 class=\"wp-block-heading\" id=\"h-pref-eitura-de-boa-ventura-de-sao-roque-pr\"><a href=\"https:\/\/www.estrategiaconcursos.com.br\/blog\/concurso-prefeitura-boa-ventura-de-sao-roque\/\" target=\"_blank\" rel=\"noreferrer noopener\">Pref<\/a><a href=\"https:\/\/www.estrategiaconcursos.com.br\/blog\/concurso-prefeitura-boa-ventura-de-sao-roque\/\">eitura de Boa Ventura de S\u00e3o Roque<\/a> (PR)<\/h3>\n\n\n\n<ul class=\"wp-block-list\">\n<li><strong>Banca:<\/strong> Instituto Unifil<\/li>\n\n\n\n<li><strong>Per\u00edodo de inscri\u00e7\u00f5es:<\/strong> 09\/06 a 03\/07<\/li>\n\n\n\n<li><strong>Data da prova<\/strong>: 27\/07<\/li>\n\n\n\n<li><strong>Vagas:<\/strong> 57 + CR<\/li>\n\n\n\n<li><strong>Sal\u00e1rio inicial:<\/strong> R$ 1.550,81 a R$ 22.371,51<\/li>\n\n\n\n<li><strong>Edital:<\/strong> <a href=\"https:\/\/dhg1h5j42swfq.cloudfront.net\/2025\/06\/06100956\/1749153791237.pdf\" target=\"_blank\" rel=\"noreferrer noopener nofollow\">Edital Prefeitura<\/a>&nbsp;|&nbsp;<a href=\"https:\/\/dhg1h5j42swfq.cloudfront.net\/2025\/06\/06100949\/1749153744986.pdf\" target=\"_blank\" rel=\"noreferrer noopener nofollow\">Edital SAMAE<\/a><\/li>\n<\/ul>\n\n\n\n<h3 class=\"wp-block-heading\" id=\"h-prefeitura-de-mococa-sp\"><a href=\"https:\/\/www.estrategiaconcursos.com.br\/blog\/concurso-prefeitura-mococa\/\" target=\"_blank\" rel=\"noreferrer noopener\">Prefeitura de Mococa<\/a> (SP)<\/h3>\n\n\n\n<ul class=\"wp-block-list\">\n<li><strong>Banca:<\/strong> Indepac<\/li>\n\n\n\n<li><strong>Per\u00edodo de inscri\u00e7\u00f5es:<\/strong> 09\/06 a 11\/07<\/li>\n\n\n\n<li><strong>Data da prova<\/strong>: 03 e 10\/08<\/li>\n\n\n\n<li><strong>Vagas:<\/strong> 23 + CR<\/li>\n\n\n\n<li><strong>Sal\u00e1rio inicial:<\/strong> R$ 1.576,00 e R$ 13.662,00<\/li>\n\n\n\n<li><strong>Edital:<\/strong> <a href=\"https:\/\/dhg1h5j42swfq.cloudfront.net\/2025\/06\/05104417\/mococa-2025.pdf\" target=\"_blank\" rel=\"noreferrer noopener nofollow\">Prefeitura Mococa 2025<\/a><\/li>\n<\/ul>\n\n\n\n<h3 class=\"wp-block-heading\" id=\"h-prefeitura-de-apiai-sp\"><a href=\"https:\/\/www.estrategiaconcursos.com.br\/blog\/concurso-prefeitura-apiai\/\" target=\"_blank\" rel=\"noreferrer noopener\">Prefeitura de Apia\u00ed<\/a> (SP)<\/h3>\n\n\n\n<ul class=\"wp-block-list\">\n<li><strong>Banca:<\/strong> Instituto ACCESS<\/li>\n\n\n\n<li><strong>Per\u00edodo de inscri\u00e7\u00f5es:<\/strong> at\u00e9 06\/07<\/li>\n\n\n\n<li><strong>Data da prova<\/strong>: 03\/08<\/li>\n\n\n\n<li><strong>Vagas:<\/strong> 158<\/li>\n\n\n\n<li><strong>Sal\u00e1rio inicial:<\/strong> R$ 1.617,62 a R$ 3.922,54<\/li>\n\n\n\n<li><strong>Edital:<\/strong> <a href=\"https:\/\/dhg1h5j42swfq.cloudfront.net\/2025\/06\/05133329\/apiai.pdf\" target=\"_blank\" rel=\"noreferrer noopener nofollow\">Edital Apia\u00ed 2025<\/a><\/li>\n<\/ul>\n\n\n\n<h3 class=\"wp-block-heading\" id=\"h-prefeitura-de-serra-nova-dourada-mt\"><a href=\"https:\/\/www.estrategiaconcursos.com.br\/blog\/concurso-prefeitura-serra-nova-dourada\" target=\"_blank\" rel=\"noreferrer noopener\">Prefeitura de Serra Nova Dourada<\/a> (MT)<\/h3>\n\n\n\n<ul class=\"wp-block-list\">\n<li><strong>Banca:<\/strong> Imp\u00e9rio Assessoria<\/li>\n\n\n\n<li><strong>Per\u00edodo de inscri\u00e7\u00f5es:<\/strong> at\u00e9 07\/07<\/li>\n\n\n\n<li><strong>Data da prova<\/strong>: 03\/08<\/li>\n\n\n\n<li><strong>Vagas:<\/strong> 37 + CR<\/li>\n\n\n\n<li><strong>Sal\u00e1rio inicial:<\/strong> R$ 1.518,00 a R$ 5.365,85<\/li>\n\n\n\n<li><strong>Edital:<\/strong> <a href=\"https:\/\/dhg1h5j42swfq.cloudfront.net\/2025\/06\/06163118\/be1cd263c6c67bb928ac44ee256ecac3-1.pdf\" target=\"_blank\" rel=\"noreferrer noopener nofollow\">S<\/a><a href=\"https:\/\/dhg1h5j42swfq.cloudfront.net\/2025\/06\/06163118\/be1cd263c6c67bb928ac44ee256ecac3-1.pdf\">erra Nova Dourada 2025<\/a><\/li>\n<\/ul>\n\n\n\n<h3 class=\"wp-block-heading has-text-align-center\" id=\"h-quer-ficar-por-dentro-de-mais-informacoes-sobre-o-mundo-dos-concursos-alem-dos-editais-da-semana-entao-confira-as-principais-noticias-do-dia\"><em>Quer ficar por dentro de mais informa\u00e7\u00f5es sobre o mundo dos concursos, al\u00e9m dos editais da semana? Ent\u00e3o confira as principais not\u00edcias do dia!<\/em><\/h3>\n\n\n\n<p class=\"has-text-align-center has-background\" style=\"background-color:#ededed;font-size:clamp(14.642px, 0.915rem + ((1vw - 3.2px) * 0.721), 22px);px\"><strong><a href=\"https:\/\/www.estrategiaconcursos.com.br\/blog\/principais-noticias-do-dia\/\" target=\"_blank\" rel=\"noreferrer noopener\">Principais not\u00edcias do dia<\/a><\/strong><\/p>\n\n\n\n<div class=\"container\" id=\"boxes\">\r\n  <div class=\"row\">\r\n\r\n    <div class=\"col-sm\">\r\n      <div class=\"estrategia\" id=\"box-assinatura\">\r\n        <h3 class=\"titulo-assinatura\">Assinatura Concursos<\/h3>\r\n        <p class=\"subtitulo-assinatura\">Assinatura de 1 ano ou 2 anos<\/p>\r\n        <div class=\"box-botao\">\r\n          <a class=\"btn-assinatura\" target=\"_blank\" href=\"https:\/\/www.estrategiaconcursos.com.br\/assinaturas\/\" role=\"button\" rel=\"noopener noreferrer\">ASSINE AGORA<\/a>\r\n        <\/div>\r\n      <\/div><\/div><\/div><\/div>\n\n\n\n<h2 class=\"wp-block-heading has-text-align-center\" id=\"h-quer-saber-tudo-sobre-concursos-previstos-e-editais-da-semana-confira-os-nossos-artigos\">Quer saber tudo sobre concursos previstos e editais da semana?<br \/>Confira os nossos artigos!<\/h2>\n\n\n\n<ul class=\"wp-block-list\">\n<li><a href=\"https:\/\/www.estrategiaconcursos.com.br\/blog\/concursos-abertos\/\" target=\"_blank\" rel=\"noreferrer noopener\">Concursos Abertos<\/a><\/li>\n\n\n\n<li><a href=\"https:\/\/www.estrategiaconcursos.com.br\/blog\/concursos-prefeitura\/\" target=\"_blank\" rel=\"noreferrer noopener\">Concursos Abertos Prefeitura<\/a><\/li>\n\n\n\n<li><a href=\"https:\/\/www.estrategiaconcursos.com.br\/blog\/concursos-2025\/\" target=\"_blank\" rel=\"noreferrer noopener\">Concursos 2025<\/a><\/li>\n\n\n\n<li><a href=\"https:\/\/www.estrategiaconcursos.com.br\/blog\/concursos-2026\/\" target=\"_blank\" rel=\"noreferrer noopener\">Concursos 2026<\/a><\/li>\n<\/ul>\n","protected":false},"excerpt":{"rendered":"<p>Mais uma semana no mundo dos concursos finalmente chegou ao fim e, com ela, diversos novos editais! Ao todo, foram publicados 32 novos concursos p\u00fablicos, com um total de 1.274 vagas imediatas e em cadastro de reserva. Esta semana, houve um crescente n\u00famero de certames da \u00e1rea legislativa, abrangendo editais de diversas c\u00e2maras municipais. Entre [&hellip;]<\/p>\n","protected":false},"author":2692,"featured_media":1445265,"comment_status":"open","ping_status":"closed","sticky":false,"template":"","format":"standard","meta":{"post_tipo":"news","footnotes":""},"categories":[1,220219],"tags":[],"tax_estado":[219963],"class_list":["post-1584527","post","type-post","status-publish","format-standard","has-post-thumbnail","hentry","category-cursos-e-concursos","category-noticias","tax_estado-concursos-federais"],"acf":[],"yoast_head":"<!-- This site is optimized with the Yoast SEO Premium plugin v27.2 (Yoast SEO v27.2) - https:\/\/yoast.com\/product\/yoast-seo-premium-wordpress\/ -->\n<title>Concursos P\u00fablicos: 32 editais esta semana; 1,2 mil vagas<\/title>\n<meta name=\"description\" content=\"Concurso P\u00fablico 2025: 32 editais sa\u00edram ao longo desta semana (02 a 06\/06). Confira o n\u00famero de oportunidades, remunera\u00e7\u00e3o e datas.\" \/>\n<meta name=\"robots\" content=\"index, follow, max-snippet:-1, max-image-preview:large, max-video-preview:-1\" \/>\n<link rel=\"canonical\" href=\"https:\/\/www.estrategiaconcursos.com.br\/blog\/concurso-editais-semana-02-a-06-06\/\" \/>\n<meta property=\"og:locale\" content=\"pt_BR\" \/>\n<meta property=\"og:type\" content=\"article\" \/>\n<meta property=\"og:title\" content=\"Concursos P\u00fablicos: 32 editais esta semana; 1,2 mil vagas\" \/>\n<meta property=\"og:description\" content=\"Concurso P\u00fablico 2025: 32 editais sa\u00edram ao longo desta semana (02 a 06\/06). Confira o n\u00famero de oportunidades, remunera\u00e7\u00e3o e datas.\" \/>\n<meta property=\"og:url\" content=\"https:\/\/www.estrategiaconcursos.com.br\/blog\/concurso-editais-semana-02-a-06-06\/\" \/>\n<meta property=\"og:site_name\" content=\"Estrat\u00e9gia Concursos\" \/>\n<meta property=\"article:published_time\" content=\"2025-06-06T21:00:00+00:00\" \/>\n<meta property=\"article:modified_time\" content=\"2025-06-09T19:43:59+00:00\" \/>\n<meta property=\"og:image\" content=\"https:\/\/dhg1h5j42swfq.cloudfront.net\/2024\/08\/14120803\/concursos-2025-1.png\" \/>\n\t<meta property=\"og:image:width\" content=\"692\" \/>\n\t<meta property=\"og:image:height\" content=\"393\" \/>\n\t<meta property=\"og:image:type\" content=\"image\/png\" \/>\n<meta name=\"author\" content=\"Ronaldo Scanavini Neto\" \/>\n<meta name=\"twitter:card\" content=\"summary_large_image\" \/>\n<meta name=\"twitter:creator\" content=\"@EstratConcursos\" \/>\n<meta name=\"twitter:site\" content=\"@EstratConcursos\" \/>\n<meta name=\"twitter:label1\" content=\"Escrito por\" \/>\n\t<meta name=\"twitter:data1\" content=\"Ronaldo Scanavini Neto\" \/>\n\t<meta name=\"twitter:label2\" content=\"Est. tempo de leitura\" \/>\n\t<meta name=\"twitter:data2\" content=\"5 minutos\" \/>\n<script type=\"application\/ld+json\" class=\"yoast-schema-graph\">{\"@context\":\"https:\/\/schema.org\",\"@graph\":[{\"@type\":\"NewsArticle\",\"@id\":\"https:\/\/www.estrategiaconcursos.com.br\/blog\/concurso-editais-semana-02-a-06-06\/#article\",\"isPartOf\":{\"@id\":\"https:\/\/www.estrategiaconcursos.com.br\/blog\/concurso-editais-semana-02-a-06-06\/\"},\"author\":{\"name\":\"Ronaldo Scanavini Neto\",\"@id\":\"https:\/\/www.estrategiaconcursos.com.br\/blog\/#\/schema\/person\/70c2ad4297aa24ff8815b08215b23a76\"},\"headline\":\"Concursos P\u00fablicos: 32 editais esta semana; 1,2 mil vagas\",\"datePublished\":\"2025-06-06T21:00:00+00:00\",\"dateModified\":\"2025-06-09T19:43:59+00:00\",\"mainEntityOfPage\":{\"@id\":\"https:\/\/www.estrategiaconcursos.com.br\/blog\/concurso-editais-semana-02-a-06-06\/\"},\"wordCount\":1038,\"commentCount\":0,\"publisher\":{\"@id\":\"https:\/\/www.estrategiaconcursos.com.br\/blog\/#organization\"},\"image\":{\"@id\":\"https:\/\/www.estrategiaconcursos.com.br\/blog\/concurso-editais-semana-02-a-06-06\/#primaryimage\"},\"thumbnailUrl\":\"https:\/\/dhg1h5j42swfq.cloudfront.net\/2024\/08\/14120803\/concursos-2025-1.png\",\"articleSection\":[\"Concursos P\u00fablicos\",\"\u00daltimas not\u00edcias\"],\"inLanguage\":\"pt-BR\",\"potentialAction\":[{\"@type\":\"CommentAction\",\"name\":\"Comment\",\"target\":[\"https:\/\/www.estrategiaconcursos.com.br\/blog\/concurso-editais-semana-02-a-06-06\/#respond\"]}],\"copyrightYear\":\"2025\",\"copyrightHolder\":{\"@id\":\"https:\/\/www.estrategiaconcursos.com.br\/blog\/#organization\"}},{\"@type\":\"WebPage\",\"@id\":\"https:\/\/www.estrategiaconcursos.com.br\/blog\/concurso-editais-semana-02-a-06-06\/\",\"url\":\"https:\/\/www.estrategiaconcursos.com.br\/blog\/concurso-editais-semana-02-a-06-06\/\",\"name\":\"Concursos P\u00fablicos: 32 editais esta semana; 1,2 mil vagas\",\"isPartOf\":{\"@id\":\"https:\/\/www.estrategiaconcursos.com.br\/blog\/#website\"},\"primaryImageOfPage\":{\"@id\":\"https:\/\/www.estrategiaconcursos.com.br\/blog\/concurso-editais-semana-02-a-06-06\/#primaryimage\"},\"image\":{\"@id\":\"https:\/\/www.estrategiaconcursos.com.br\/blog\/concurso-editais-semana-02-a-06-06\/#primaryimage\"},\"thumbnailUrl\":\"https:\/\/dhg1h5j42swfq.cloudfront.net\/2024\/08\/14120803\/concursos-2025-1.png\",\"datePublished\":\"2025-06-06T21:00:00+00:00\",\"dateModified\":\"2025-06-09T19:43:59+00:00\",\"description\":\"Concurso P\u00fablico 2025: 32 editais sa\u00edram ao longo desta semana (02 a 06\/06). Confira o n\u00famero de oportunidades, remunera\u00e7\u00e3o e datas.\",\"breadcrumb\":{\"@id\":\"https:\/\/www.estrategiaconcursos.com.br\/blog\/concurso-editais-semana-02-a-06-06\/#breadcrumb\"},\"inLanguage\":\"pt-BR\",\"potentialAction\":[{\"@type\":\"ReadAction\",\"target\":[\"https:\/\/www.estrategiaconcursos.com.br\/blog\/concurso-editais-semana-02-a-06-06\/\"]}]},{\"@type\":\"ImageObject\",\"inLanguage\":\"pt-BR\",\"@id\":\"https:\/\/www.estrategiaconcursos.com.br\/blog\/concurso-editais-semana-02-a-06-06\/#primaryimage\",\"url\":\"https:\/\/dhg1h5j42swfq.cloudfront.net\/2024\/08\/14120803\/concursos-2025-1.png\",\"contentUrl\":\"https:\/\/dhg1h5j42swfq.cloudfront.net\/2024\/08\/14120803\/concursos-2025-1.png\",\"width\":692,\"height\":393,\"caption\":\"concursos 2025\"},{\"@type\":\"BreadcrumbList\",\"@id\":\"https:\/\/www.estrategiaconcursos.com.br\/blog\/concurso-editais-semana-02-a-06-06\/#breadcrumb\",\"itemListElement\":[{\"@type\":\"ListItem\",\"position\":1,\"name\":\"In\u00edcio\",\"item\":\"https:\/\/www.estrategiaconcursos.com.br\/blog\/\"},{\"@type\":\"ListItem\",\"position\":2,\"name\":\"Concursos P\u00fablicos: 32 editais esta semana; 1,2 mil vagas\"}]},{\"@type\":\"WebSite\",\"@id\":\"https:\/\/www.estrategiaconcursos.com.br\/blog\/#website\",\"url\":\"https:\/\/www.estrategiaconcursos.com.br\/blog\/\",\"name\":\"Estrat\u00e9gia Concursos\",\"description\":\"O blog da Estrat\u00e9gia Concursos traz not\u00edcias sobre concursos e artigos de professores oferecendo cursos para concursos (pdf + videaulas) no site.\",\"publisher\":{\"@id\":\"https:\/\/www.estrategiaconcursos.com.br\/blog\/#organization\"},\"potentialAction\":[{\"@type\":\"SearchAction\",\"target\":{\"@type\":\"EntryPoint\",\"urlTemplate\":\"https:\/\/www.estrategiaconcursos.com.br\/blog\/?s={search_term_string}\"},\"query-input\":{\"@type\":\"PropertyValueSpecification\",\"valueRequired\":true,\"valueName\":\"search_term_string\"}}],\"inLanguage\":\"pt-BR\"},{\"@type\":\"Organization\",\"@id\":\"https:\/\/www.estrategiaconcursos.com.br\/blog\/#organization\",\"name\":\"Estrat\u00e9gia Concursos\",\"url\":\"https:\/\/www.estrategiaconcursos.com.br\/blog\/\",\"logo\":{\"@type\":\"ImageObject\",\"inLanguage\":\"pt-BR\",\"@id\":\"https:\/\/www.estrategiaconcursos.com.br\/blog\/#\/schema\/logo\/image\/\",\"url\":\"https:\/\/dhg1h5j42swfq.cloudfront.net\/2025\/06\/03203428\/logo_concursos-1.jpg\",\"contentUrl\":\"https:\/\/dhg1h5j42swfq.cloudfront.net\/2025\/06\/03203428\/logo_concursos-1.jpg\",\"width\":230,\"height\":60,\"caption\":\"Estrat\u00e9gia Concursos\"},\"image\":{\"@id\":\"https:\/\/www.estrategiaconcursos.com.br\/blog\/#\/schema\/logo\/image\/\"},\"sameAs\":[\"https:\/\/x.com\/EstratConcursos\"]},{\"@type\":\"Person\",\"@id\":\"https:\/\/www.estrategiaconcursos.com.br\/blog\/#\/schema\/person\/70c2ad4297aa24ff8815b08215b23a76\",\"name\":\"Ronaldo Scanavini Neto\",\"image\":{\"@type\":\"ImageObject\",\"inLanguage\":\"pt-BR\",\"@id\":\"https:\/\/secure.gravatar.com\/avatar\/f93d8e56fe264596e94aee6b3feb737d98ad0fc5bac7eb0a245f04723c5c8f21?s=96&d=mm&r=g\",\"url\":\"https:\/\/secure.gravatar.com\/avatar\/f93d8e56fe264596e94aee6b3feb737d98ad0fc5bac7eb0a245f04723c5c8f21?s=96&d=mm&r=g\",\"contentUrl\":\"https:\/\/secure.gravatar.com\/avatar\/f93d8e56fe264596e94aee6b3feb737d98ad0fc5bac7eb0a245f04723c5c8f21?s=96&d=mm&r=g\",\"caption\":\"Ronaldo Scanavini Neto\"},\"description\":\"Graduando em Comunica\u00e7\u00e3o Social \u2013 Jornalismo pela Universidade Federal de Vi\u00e7osa (UFV). Integra a equipe de jornalismo do Estrat\u00e9gia Concursos desde 2023, atuando com \u00eanfase na cobertura da \u00e1rea fiscal. Tamb\u00e9m realiza a apura\u00e7\u00e3o e produ\u00e7\u00e3o de not\u00edcias sobre concursos federais, \u00f3rg\u00e3os participantes do CNU e das \u00e1reas de controle, gest\u00e3o, engenharia, Exame CFC, comunica\u00e7\u00e3o social TI e \u00e1rea de concursos administrativos.\",\"url\":\"https:\/\/www.estrategiaconcursos.com.br\/blog\/author\/ronaldo-netoestrategia-com\/\"}]}<\/script>\n<!-- \/ Yoast SEO Premium plugin. -->","yoast_head_json":{"title":"Concursos P\u00fablicos: 32 editais esta semana; 1,2 mil vagas","description":"Concurso P\u00fablico 2025: 32 editais sa\u00edram ao longo desta semana (02 a 06\/06). Confira o n\u00famero de oportunidades, remunera\u00e7\u00e3o e datas.","robots":{"index":"index","follow":"follow","max-snippet":"max-snippet:-1","max-image-preview":"max-image-preview:large","max-video-preview":"max-video-preview:-1"},"canonical":"https:\/\/www.estrategiaconcursos.com.br\/blog\/concurso-editais-semana-02-a-06-06\/","og_locale":"pt_BR","og_type":"article","og_title":"Concursos P\u00fablicos: 32 editais esta semana; 1,2 mil vagas","og_description":"Concurso P\u00fablico 2025: 32 editais sa\u00edram ao longo desta semana (02 a 06\/06). Confira o n\u00famero de oportunidades, remunera\u00e7\u00e3o e datas.","og_url":"https:\/\/www.estrategiaconcursos.com.br\/blog\/concurso-editais-semana-02-a-06-06\/","og_site_name":"Estrat\u00e9gia Concursos","article_published_time":"2025-06-06T21:00:00+00:00","article_modified_time":"2025-06-09T19:43:59+00:00","og_image":[{"width":692,"height":393,"url":"https:\/\/dhg1h5j42swfq.cloudfront.net\/2024\/08\/14120803\/concursos-2025-1.png","type":"image\/png"}],"author":"Ronaldo Scanavini Neto","twitter_card":"summary_large_image","twitter_creator":"@EstratConcursos","twitter_site":"@EstratConcursos","twitter_misc":{"Escrito por":"Ronaldo Scanavini Neto","Est. tempo de leitura":"5 minutos"},"schema":{"@context":"https:\/\/schema.org","@graph":[{"@type":"NewsArticle","@id":"https:\/\/www.estrategiaconcursos.com.br\/blog\/concurso-editais-semana-02-a-06-06\/#article","isPartOf":{"@id":"https:\/\/www.estrategiaconcursos.com.br\/blog\/concurso-editais-semana-02-a-06-06\/"},"author":{"name":"Ronaldo Scanavini Neto","@id":"https:\/\/www.estrategiaconcursos.com.br\/blog\/#\/schema\/person\/70c2ad4297aa24ff8815b08215b23a76"},"headline":"Concursos P\u00fablicos: 32 editais esta semana; 1,2 mil vagas","datePublished":"2025-06-06T21:00:00+00:00","dateModified":"2025-06-09T19:43:59+00:00","mainEntityOfPage":{"@id":"https:\/\/www.estrategiaconcursos.com.br\/blog\/concurso-editais-semana-02-a-06-06\/"},"wordCount":1038,"commentCount":0,"publisher":{"@id":"https:\/\/www.estrategiaconcursos.com.br\/blog\/#organization"},"image":{"@id":"https:\/\/www.estrategiaconcursos.com.br\/blog\/concurso-editais-semana-02-a-06-06\/#primaryimage"},"thumbnailUrl":"https:\/\/dhg1h5j42swfq.cloudfront.net\/2024\/08\/14120803\/concursos-2025-1.png","articleSection":["Concursos P\u00fablicos","\u00daltimas not\u00edcias"],"inLanguage":"pt-BR","potentialAction":[{"@type":"CommentAction","name":"Comment","target":["https:\/\/www.estrategiaconcursos.com.br\/blog\/concurso-editais-semana-02-a-06-06\/#respond"]}],"copyrightYear":"2025","copyrightHolder":{"@id":"https:\/\/www.estrategiaconcursos.com.br\/blog\/#organization"}},{"@type":"WebPage","@id":"https:\/\/www.estrategiaconcursos.com.br\/blog\/concurso-editais-semana-02-a-06-06\/","url":"https:\/\/www.estrategiaconcursos.com.br\/blog\/concurso-editais-semana-02-a-06-06\/","name":"Concursos P\u00fablicos: 32 editais esta semana; 1,2 mil vagas","isPartOf":{"@id":"https:\/\/www.estrategiaconcursos.com.br\/blog\/#website"},"primaryImageOfPage":{"@id":"https:\/\/www.estrategiaconcursos.com.br\/blog\/concurso-editais-semana-02-a-06-06\/#primaryimage"},"image":{"@id":"https:\/\/www.estrategiaconcursos.com.br\/blog\/concurso-editais-semana-02-a-06-06\/#primaryimage"},"thumbnailUrl":"https:\/\/dhg1h5j42swfq.cloudfront.net\/2024\/08\/14120803\/concursos-2025-1.png","datePublished":"2025-06-06T21:00:00+00:00","dateModified":"2025-06-09T19:43:59+00:00","description":"Concurso P\u00fablico 2025: 32 editais sa\u00edram ao longo desta semana (02 a 06\/06). Confira o n\u00famero de oportunidades, remunera\u00e7\u00e3o e datas.","breadcrumb":{"@id":"https:\/\/www.estrategiaconcursos.com.br\/blog\/concurso-editais-semana-02-a-06-06\/#breadcrumb"},"inLanguage":"pt-BR","potentialAction":[{"@type":"ReadAction","target":["https:\/\/www.estrategiaconcursos.com.br\/blog\/concurso-editais-semana-02-a-06-06\/"]}]},{"@type":"ImageObject","inLanguage":"pt-BR","@id":"https:\/\/www.estrategiaconcursos.com.br\/blog\/concurso-editais-semana-02-a-06-06\/#primaryimage","url":"https:\/\/dhg1h5j42swfq.cloudfront.net\/2024\/08\/14120803\/concursos-2025-1.png","contentUrl":"https:\/\/dhg1h5j42swfq.cloudfront.net\/2024\/08\/14120803\/concursos-2025-1.png","width":692,"height":393,"caption":"concursos 2025"},{"@type":"BreadcrumbList","@id":"https:\/\/www.estrategiaconcursos.com.br\/blog\/concurso-editais-semana-02-a-06-06\/#breadcrumb","itemListElement":[{"@type":"ListItem","position":1,"name":"In\u00edcio","item":"https:\/\/www.estrategiaconcursos.com.br\/blog\/"},{"@type":"ListItem","position":2,"name":"Concursos P\u00fablicos: 32 editais esta semana; 1,2 mil vagas"}]},{"@type":"WebSite","@id":"https:\/\/www.estrategiaconcursos.com.br\/blog\/#website","url":"https:\/\/www.estrategiaconcursos.com.br\/blog\/","name":"Estrat\u00e9gia Concursos","description":"O blog da Estrat\u00e9gia Concursos traz not\u00edcias sobre concursos e artigos de professores oferecendo cursos para concursos (pdf + videaulas) no site.","publisher":{"@id":"https:\/\/www.estrategiaconcursos.com.br\/blog\/#organization"},"potentialAction":[{"@type":"SearchAction","target":{"@type":"EntryPoint","urlTemplate":"https:\/\/www.estrategiaconcursos.com.br\/blog\/?s={search_term_string}"},"query-input":{"@type":"PropertyValueSpecification","valueRequired":true,"valueName":"search_term_string"}}],"inLanguage":"pt-BR"},{"@type":"Organization","@id":"https:\/\/www.estrategiaconcursos.com.br\/blog\/#organization","name":"Estrat\u00e9gia Concursos","url":"https:\/\/www.estrategiaconcursos.com.br\/blog\/","logo":{"@type":"ImageObject","inLanguage":"pt-BR","@id":"https:\/\/www.estrategiaconcursos.com.br\/blog\/#\/schema\/logo\/image\/","url":"https:\/\/dhg1h5j42swfq.cloudfront.net\/2025\/06\/03203428\/logo_concursos-1.jpg","contentUrl":"https:\/\/dhg1h5j42swfq.cloudfront.net\/2025\/06\/03203428\/logo_concursos-1.jpg","width":230,"height":60,"caption":"Estrat\u00e9gia Concursos"},"image":{"@id":"https:\/\/www.estrategiaconcursos.com.br\/blog\/#\/schema\/logo\/image\/"},"sameAs":["https:\/\/x.com\/EstratConcursos"]},{"@type":"Person","@id":"https:\/\/www.estrategiaconcursos.com.br\/blog\/#\/schema\/person\/70c2ad4297aa24ff8815b08215b23a76","name":"Ronaldo Scanavini Neto","image":{"@type":"ImageObject","inLanguage":"pt-BR","@id":"https:\/\/secure.gravatar.com\/avatar\/f93d8e56fe264596e94aee6b3feb737d98ad0fc5bac7eb0a245f04723c5c8f21?s=96&d=mm&r=g","url":"https:\/\/secure.gravatar.com\/avatar\/f93d8e56fe264596e94aee6b3feb737d98ad0fc5bac7eb0a245f04723c5c8f21?s=96&d=mm&r=g","contentUrl":"https:\/\/secure.gravatar.com\/avatar\/f93d8e56fe264596e94aee6b3feb737d98ad0fc5bac7eb0a245f04723c5c8f21?s=96&d=mm&r=g","caption":"Ronaldo Scanavini Neto"},"description":"Graduando em Comunica\u00e7\u00e3o Social \u2013 Jornalismo pela Universidade Federal de Vi\u00e7osa (UFV). Integra a equipe de jornalismo do Estrat\u00e9gia Concursos desde 2023, atuando com \u00eanfase na cobertura da \u00e1rea fiscal. Tamb\u00e9m realiza a apura\u00e7\u00e3o e produ\u00e7\u00e3o de not\u00edcias sobre concursos federais, \u00f3rg\u00e3os participantes do CNU e das \u00e1reas de controle, gest\u00e3o, engenharia, Exame CFC, comunica\u00e7\u00e3o social TI e \u00e1rea de concursos administrativos.","url":"https:\/\/www.estrategiaconcursos.com.br\/blog\/author\/ronaldo-netoestrategia-com\/"}]}},"_links":{"self":[{"href":"https:\/\/www.estrategiaconcursos.com.br\/blog\/wp-json\/wp\/v2\/posts\/1584527","targetHints":{"allow":["GET"]}}],"collection":[{"href":"https:\/\/www.estrategiaconcursos.com.br\/blog\/wp-json\/wp\/v2\/posts"}],"about":[{"href":"https:\/\/www.estrategiaconcursos.com.br\/blog\/wp-json\/wp\/v2\/types\/post"}],"author":[{"embeddable":true,"href":"https:\/\/www.estrategiaconcursos.com.br\/blog\/wp-json\/wp\/v2\/users\/2692"}],"replies":[{"embeddable":true,"href":"https:\/\/www.estrategiaconcursos.com.br\/blog\/wp-json\/wp\/v2\/comments?post=1584527"}],"version-history":[{"count":10,"href":"https:\/\/www.estrategiaconcursos.com.br\/blog\/wp-json\/wp\/v2\/posts\/1584527\/revisions"}],"predecessor-version":[{"id":1588538,"href":"https:\/\/www.estrategiaconcursos.com.br\/blog\/wp-json\/wp\/v2\/posts\/1584527\/revisions\/1588538"}],"wp:featuredmedia":[{"embeddable":true,"href":"https:\/\/www.estrategiaconcursos.com.br\/blog\/wp-json\/wp\/v2\/media\/1445265"}],"wp:attachment":[{"href":"https:\/\/www.estrategiaconcursos.com.br\/blog\/wp-json\/wp\/v2\/media?parent=1584527"}],"wp:term":[{"taxonomy":"category","embeddable":true,"href":"https:\/\/www.estrategiaconcursos.com.br\/blog\/wp-json\/wp\/v2\/categories?post=1584527"},{"taxonomy":"post_tag","embeddable":true,"href":"https:\/\/www.estrategiaconcursos.com.br\/blog\/wp-json\/wp\/v2\/tags?post=1584527"},{"taxonomy":"tax_estado","embeddable":true,"href":"https:\/\/www.estrategiaconcursos.com.br\/blog\/wp-json\/wp\/v2\/tax_estado?post=1584527"}],"curies":[{"name":"wp","href":"https:\/\/api.w.org\/{rel}","templated":true}]}}