{"id":1584483,"date":"2025-06-04T16:30:00","date_gmt":"2025-06-04T19:30:00","guid":{"rendered":"https:\/\/www.estrategiaconcursos.com.br\/blog\/?p=1584483"},"modified":"2025-06-04T17:30:40","modified_gmt":"2025-06-04T20:30:40","slug":"concurso-stm-recursos-ajaj","status":"publish","type":"post","link":"https:\/\/www.estrategiaconcursos.com.br\/blog\/concurso-stm-recursos-ajaj\/","title":{"rendered":"STM: recursos para Analista Judici\u00e1rio \u00c1rea Judici\u00e1ria (AJAJ)"},"content":{"rendered":"\n<p>O <strong>concurso STM (<\/strong><strong>Superior Tribunal Militar<\/strong>) teve suas provas aplicadas no \u00faltimo domingo, 1\u00ba. Inclusive, os gabaritos preliminares da etapa j\u00e1 foram divulgados.<\/p>\n\n\n\n<p>Com isso, aos interessados, o prazo para interposi\u00e7\u00e3o de recursos ficar\u00e1 aberto entre os dias 4 e 5 de junho, diretamente na \u00e1rea do candidato no site da <a href=\"https:\/\/www.cebraspe.org.br\/concursos\/stm_25\" target=\"_blank\" rel=\"noreferrer noopener\">Cebraspe<\/a>.<\/p>\n\n\n\n<p>E para te ajudar, assim como na <a href=\"https:\/\/www.estrategiaconcursos.com.br\/blog\/gabarito-extraoficial-stm-analista-judiciario-area-judiciaria\/\" target=\"_blank\" rel=\"noreferrer noopener\">corre\u00e7\u00e3o extraoficial<\/a>, nossos professores identificaram algumas possibilidades de recursos para <strong><\/strong><strong>Analista Judici\u00e1rio \u2013 \u00c1rea Judici\u00e1ria<\/strong>.<\/p>\n\n\n\n<figure class=\"wp-block-embed aligncenter is-type-video is-provider-youtube wp-block-embed-youtube wp-embed-aspect-16-9 wp-has-aspect-ratio\"><div class=\"wp-block-embed__wrapper\">\n<div class=\"lyte-wrapper\" style=\"width:853px;max-width:100%;margin:5px;\"><div class=\"lyMe\" id=\"WYL_MWXBrpRZDw8\"><div id=\"lyte_MWXBrpRZDw8\" data-src=\"\/\/i.ytimg.com\/vi\/MWXBrpRZDw8\/hqdefault.jpg\" class=\"pL\"><div class=\"tC\"><div class=\"tT\"><\/div><\/div><div class=\"play\"><\/div><div class=\"ctrl\"><div class=\"Lctrl\"><\/div><div class=\"Rctrl\"><\/div><\/div><\/div><noscript><a href=\"https:\/\/youtu.be\/MWXBrpRZDw8\" rel=\"nofollow\"><img loading=\"lazy\" decoding=\"async\" src=\"https:\/\/i.ytimg.com\/vi\/MWXBrpRZDw8\/0.jpg\" alt=\"YouTube video thumbnail\" width=\"853\" height=\"460\" \/><br \/>Assista a este v\u00eddeo no YouTube<\/a><\/noscript><\/div><\/div><div class=\"lL\" style=\"max-width:100%;width:853px;margin:5px;\"><\/div>\n<\/div><\/figure>\n\n\n\n<h2 class=\"wp-block-heading has-very-light-gray-to-cyan-bluish-gray-gradient-background has-background\" id=\"ingles\">Concurso STM: recursos Analista &#8211; AJAJ<\/h2>\n\n\n\n<p class=\"has-vivid-purple-color has-text-color has-link-color wp-elements-2013fe0367454f0c4b6d98166faf5a7f\"><strong>QUEST\u00c3O 57<\/strong><\/p>\n\n\n\n<p>Prof. Murilo Marques \u2013 RECURSO DIREITO PENAL MILITAR<\/p>\n\n\n\n<p>A alternativa traz que \u201cNo caso do crime de insubmiss\u00e3o previsto no CPM, a pena de impedimento poder\u00e1 ser aplicada a civil\u201d e o gabarito preliminar foi dado como CERTO, por\u00e9m, pelos motivos que se seguem, o item deve ter seu &nbsp;gabarito alterado para ERRADO &#8211; pelos motivos que se seguem.<\/p>\n\n\n\n<p>O crime de insubmiss\u00e3o est\u00e1 previsto no art. 183 do C\u00f3digo Penal Militar, o qual traz que a pena para esse delito \u00e9 de impedimento de tr\u00eas messes a um ano. O tipo penal realmente estabelece que ocorre o crime ao &nbsp;\u201cDeixar de apresentar-se o convocado \u00e0 incorpora\u00e7\u00e3o, dentro do prazo que lhe foi marcado, ou, apresentando-se, ausentar-se antes do ato oficial de incorpora\u00e7\u00e3o (&#8230;)\u201d, o que sujeitaria o condenado a tal pena.<\/p>\n\n\n\n<p>No entanto, entende-se, conforme a doutrina, que o crime de insubmiss\u00e3o seria o \u00fanico crime propriamente militar cometido por civil, no entanto, mesmo sendo comedido por civil, para que a pena seja imposta, o agente deve ser incorporado \u00e0 institui\u00e7\u00e3o militar, tornando-se militar para que a pena seja imposta. Por conseguinte, a pena n\u00e3o \u00e9 imposta a civil, conforme descreve o item, e sim imposta a um militar que, quando cometera o crime, ainda possu\u00eda a condi\u00e7\u00e3o de civil, o que \u00e9 corroborado pela doutrina, legisla\u00e7\u00e3o castrense e jurisprud\u00eancia do pr\u00f3prio STM.<\/p>\n\n\n\n<p>Vejamos o que diz a doutrina, conforme C\u00edcero Robson Coimbra Neves e Marcelo Streifinger, na obra Manual de Direito penal Militar, p. 1121, 2012:<\/p>\n\n\n\n<p><strong>\u201cCrime propriamente militar: <\/strong>uma observa\u00e7\u00e3o deve ser trazida \u00e0<\/p>\n\n\n\n<p>an\u00e1lise do leitor. A teoria cl\u00e1ssica, ao classificar os delitos militares em pr\u00f3prios e<\/p>\n\n\n\n<p>impr\u00f3prios, v\u00ea na insubmiss\u00e3o uma exce\u00e7\u00e3o, por ser o \u00fanico crime militar que<\/p>\n\n\n\n<p>somente o civil pode cometer. Justifica-se essa exce\u00e7\u00e3o pelo fato de que, apesar<\/p>\n\n\n\n<p>de ser praticado por um civil, a incorpora\u00e7\u00e3o do faltoso, portanto a condi\u00e7\u00e3o de<\/p>\n\n\n\n<p>militar, \u00e9 condi\u00e7\u00e3o de punibilidade ou de procedibilidade, nos termos do art. 464,<\/p>\n\n\n\n<p>\u00a7 2 o , do CPPM. Vale dizer que, antes de adquirir a qualidade de militar, com<\/p>\n\n\n\n<p>sua inclus\u00e3o nas For\u00e7as Armadas, n\u00e3o cabe a\u00e7\u00e3o penal contra o insubmisso.\u201d<\/p>\n\n\n\n<p>Tenhamos aten\u00e7\u00e3o ao trecho que salienta que, para que seja punido, ou seja, a pena ser aplicada, o agente deve assumir a condi\u00e7\u00e3o de militar, isto \u00e9, deve ser inclu\u00eddo para que possa ser processado e, se for o caso, condenado, o que corrobora com o art. 464, \u00a7 2\u00ba, do CPPM:<\/p>\n\n\n\n<p class=\"has-text-align-right\">\u201c<a><\/a>\u00a7 2\u00ba Inclu\u00eddo o insubmisso, o comandante da unidade, ou autoridade correspondente, providenciar\u00e1, com urg\u00eancia, a remessa \u00e0 auditoria de c\u00f3pia do ato de inclus\u00e3o. O Juiz-Auditor determinar\u00e1 sua juntada aos autos e deles dar\u00e1 vista, por cinco dias, ao procurador, que poder\u00e1 requerer o arquivamento, ou o que for de direito, ou oferecer den\u00fancia, se nenhuma formalidade tiver sido omitida ou ap\u00f3s o cumprimento das dilig\u00eancias requerida\u201d<\/p>\n\n\n\n<p>Na mesma vertente, o pr\u00f3prio STM sumula tal obrigatoriedade de inclus\u00e3o do agente, vejamos:<\/p>\n\n\n\n<p><strong>S\u00daMULA N\u00ba 8 &#8211;&nbsp;(DJ 1 N\u00ba 77, de 24\/04\/95)<\/strong><\/p>\n\n\n\n<p>&#8220;O desertor sem estabilidade e o insubmisso que, por apresenta\u00e7\u00e3o volunt\u00e1ria ou em raz\u00e3o&nbsp;de captura, forem julgados em inspe\u00e7\u00e3o de sa\u00fade, para fins de reinclus\u00e3o ou incorpora\u00e7\u00e3o, incapazes&nbsp;para o Servi\u00e7o Militar, podem ser isentos do processo, ap\u00f3s o pronunciamento do representante do&nbsp;Minist\u00e9rio P\u00fablico.&#8221;<\/p>\n\n\n\n<p>&nbsp;&nbsp;&nbsp;&nbsp;&nbsp;&nbsp;&nbsp;&nbsp;&nbsp;&nbsp;&nbsp;&nbsp;&nbsp;&nbsp;&nbsp; Assim, o STM deixa claro que o insubmisso que for considerado incapaz de ser inclu\u00eddo \u00e0 institui\u00e7\u00e3o ser\u00e1 isento do processo, haja vista n\u00e3o ter se tornado militar.<\/p>\n\n\n\n<p>&nbsp;&nbsp;&nbsp;&nbsp;&nbsp;&nbsp;&nbsp;&nbsp;&nbsp;&nbsp;&nbsp;&nbsp;&nbsp;&nbsp;&nbsp; Isso posto, contr\u00e1rio do que dito na quest\u00e3o, o civil n\u00e3o pode ser punido com a pena de insubmiss\u00e3o, haja vista que, mesmo cometendo o delito na condi\u00e7\u00e3o de civil, por ser um crime propriamente militar, para que seja punido e receba pena de insubmiss\u00e3o, prevista no art. 183 do C\u00f3digo Castrense, o agente deve passar a ser militar, ou seja, inclu\u00eddo \u00e0 For\u00e7a Armada.<\/p>\n\n\n\n<hr class=\"wp-block-separator has-alpha-channel-opacity is-style-dots\"\/>\n\n\n\n<p class=\"has-vivid-purple-color has-text-color has-link-color wp-elements-54ce82a723dc1ada71d3be5904d47370\"><strong>QUEST\u00c3O 59<\/strong><\/p>\n\n\n\n<p>Ol\u00e1, pessoal? Tudo bem com voc\u00eas?<\/p>\n\n\n\n<p>Sou <strong>Antonio Pequeno, professor de Direito Penal Militar, Processo Penal Militar e Legisla\u00e7\u00e3o Penal Especial do Estrat\u00e9gia Concursos<\/strong>, e nessa oportunidade vou tecer coment\u00e1rios e apresentar fundamento para a quest\u00e3o abaixo aplicada no certame para Analista Judici\u00e1rio \u00c1rea Judici\u00e1ria-STM, qual seja:<\/p>\n\n\n\n<p>A quest\u00e3o de n\u00ba 59 sobre o assistente de acusa\u00e7\u00e3o, abaixo:<\/p>\n\n\n\n<figure class=\"wp-block-image aligncenter size-full\"><img loading=\"lazy\" decoding=\"async\" width=\"567\" height=\"134\" src=\"https:\/\/dhg1h5j42swfq.cloudfront.net\/2025\/06\/03110909\/image-27.png\" alt=\"STM: recursos para Analista Judici\u00e1rio \u00c1rea Judici\u00e1ria (AJAJ) - QUEST\u00c3O 59\" class=\"wp-image-1585022\" srcset=\"https:\/\/dhg1h5j42swfq.cloudfront.net\/2025\/06\/03110909\/image-27.png 567w, https:\/\/dhg1h5j42swfq.cloudfront.net\/2025\/06\/03110909\/image-27-300x71.png 300w, https:\/\/dhg1h5j42swfq.cloudfront.net\/2025\/06\/03110909\/image-27-150x35.png 150w\" sizes=\"auto, (max-width: 567px) 100vw, 567px\" \/><\/figure>\n\n\n\n<p>O gabarito pela Banca traz a quest\u00e3o como correta, com fundamento que o assistente de acusa\u00e7\u00e3o pode propor meios de prova, interpor recursos e participar do debate oral.<\/p>\n\n\n\n<p>Ocorre que, conforme expressamente previsto no art. 65 do C\u00f3digo de Processo Penal Militar, o assistente pode arrazoar os recursos interpostos pelo Minist\u00e9rio P\u00fablico, abaixo:<\/p>\n\n\n\n<p>Art. 65. Ao assistente ser\u00e1 permitido, com aquiesc\u00eancia do juiz e ouvido o Minist\u00e9rio P\u00fablico:<\/p>\n\n\n\n<ul class=\"wp-block-list\">\n<li>a) propor meios de prova;<\/li>\n\n\n\n<li>b) requerer perguntas \u00e0s testemunhas, fazendo-o depois do procurador;<\/li>\n\n\n\n<li>c) apresentar quesitos em per\u00edcia determinada pelo juiz ou requerida pelo Minist\u00e9rio P\u00fablico;<\/li>\n\n\n\n<li>d) juntar documentos;<\/li>\n\n\n\n<li><strong>e) arrazoar os recursos interpostos pelo Minist\u00e9rio P\u00fablico;<\/strong><\/li>\n\n\n\n<li>f) participar do debate oral.<\/li>\n<\/ul>\n\n\n\n<p><strong>Para corroborar que o assistente n\u00e3o poder\u00e1 interpor recursos, como regra, colaciono abaixo o art. 65, \u00a7 1\u00ba, do CPPM:<\/strong><\/p>\n\n\n\n<p><strong>&nbsp;&nbsp;&nbsp;&nbsp;&nbsp;&nbsp;&nbsp;&nbsp;<\/strong>ART. 65, <a><\/a>\u00a7 1\u00ba N\u00e3o poder\u00e1 arrolar testemunhas, exceto requerer o depoimento das que forem referidas, nem requerer a expedi\u00e7\u00e3o de precat\u00f3ria ou rogat\u00f3ria, ou dilig\u00eancia que retarde o curso do processo, salvo, a crit\u00e9rio do juiz e com audi\u00eancia do Minist\u00e9rio P\u00fablico, em se tratando de apura\u00e7\u00e3o de fato do qual dependa o esclarecimento do crime. <strong>N\u00e3o poder\u00e1, igualmente, impetrar recursos,<\/strong> salvo de despacho que indeferir o pedido de assist\u00eancia.<\/p>\n\n\n\n<p>Por fim, a regra \u00e9 que o assistente n\u00e3o poder\u00e1 interpor recurso, apenas excepcionalmente quando o despacho indeferir o pedido de assist\u00eancia.<\/p>\n\n\n\n<p><strong>Pelo exposto, em sede de recurso \u00e0 quest\u00e3o, tendo em vista que o gabarito dado pela Cebraspe para a quest\u00e3o de n\u00ba 59 contraria dispositivo expresso do C\u00f3digo de Processo Penal Militar, &nbsp;requer o candidato que seja alterado o gabarito pela Banca para que a quest\u00e3o conste como errada no gabarito definitivo.<\/strong><\/p>\n\n\n\n<hr class=\"wp-block-separator has-alpha-channel-opacity is-style-dots\"\/>\n\n\n\n<p class=\"has-vivid-purple-color has-text-color has-link-color wp-elements-d10ebedba58f572c627ebdd101de822f\"><strong>QUEST\u00c3O 66<\/strong><\/p>\n\n\n\n<p>Ol\u00e1, pessoal? Tudo bem com voc\u00eas?<\/p>\n\n\n\n<p>Sou Antonio Pequeno, professor de Direito Penal Militar, Processo Penal Militar e Legisla\u00e7\u00e3o Penal Especial do Estrat\u00e9gia Concursos, e nessa oportunidade vou tecer coment\u00e1rios e apresentar fundamento para a quest\u00e3o abaixo aplicada no certame para Analista Judici\u00e1rio \u2013 \u00c1rea Judici\u00e1ria (STM), qual seja:<\/p>\n\n\n\n<p>A quest\u00e3o de n\u00ba 66 sobre o entendimento do STM sobre a aplica\u00e7\u00e3o de medida de tratamento ambulatorial, abaixo:<\/p>\n\n\n\n<figure class=\"wp-block-image aligncenter size-full is-resized\"><img loading=\"lazy\" decoding=\"async\" width=\"831\" height=\"92\" src=\"https:\/\/dhg1h5j42swfq.cloudfront.net\/2025\/06\/04083446\/image-39.png\" alt=\"\" class=\"wp-image-1585666\" style=\"width:529px;height:auto\" srcset=\"https:\/\/dhg1h5j42swfq.cloudfront.net\/2025\/06\/04083446\/image-39.png 831w, https:\/\/dhg1h5j42swfq.cloudfront.net\/2025\/06\/04083446\/image-39-300x33.png 300w, https:\/\/dhg1h5j42swfq.cloudfront.net\/2025\/06\/04083446\/image-39-768x85.png 768w, https:\/\/dhg1h5j42swfq.cloudfront.net\/2025\/06\/04083446\/image-39-150x17.png 150w\" sizes=\"auto, (max-width: 831px) 100vw, 831px\" \/><\/figure>\n\n\n\n<figure class=\"wp-block-image aligncenter size-full\"><img loading=\"lazy\" decoding=\"async\" width=\"539\" height=\"78\" src=\"https:\/\/dhg1h5j42swfq.cloudfront.net\/2025\/06\/04083422\/image-38.png\" alt=\"\" class=\"wp-image-1585663\" srcset=\"https:\/\/dhg1h5j42swfq.cloudfront.net\/2025\/06\/04083422\/image-38.png 539w, https:\/\/dhg1h5j42swfq.cloudfront.net\/2025\/06\/04083422\/image-38.png 300w, https:\/\/dhg1h5j42swfq.cloudfront.net\/2025\/06\/04083422\/image-38-150x22.png 150w\" sizes=\"auto, (max-width: 539px) 100vw, 539px\" \/><\/figure>\n\n\n\n<p>O gabarito pela Banca traz a quest\u00e3o como correta, com fundamento no entendimento supracitado.<\/p>\n\n\n\n<p>Ocorre que, com o advento da Lei n\u00ba 14.688\/2023, a medida de tratamento ambulatorial passou a constar, expressamente, no C\u00f3digo Penal Militar como uma esp\u00e9cie de medida de seguran\u00e7a pessoal, classificada como n\u00e3o detentiva, de acordo com art.110, II, do CPM, abaixo:<\/p>\n\n\n\n<p class=\"has-text-align-right\">Art. 110.As medidas de seguran\u00e7a s\u00e3o pessoais ou patrimoniais.&nbsp;&nbsp;&nbsp;&nbsp;<br \/><a href=\"https:\/\/www.planalto.gov.br\/ccivil_03\/_Ato2023-2026\/2023\/Lei\/L14688.htm#art2\">(Reda\u00e7\u00e3o dada pela Lei n\u00ba 14.688, de 2023)<\/a><\/p>\n\n\n\n<p class=\"has-text-align-right\">II \u2013 n\u00e3o detentivas: compreendem o tratamento ambulatorial, a interdi\u00e7\u00e3o de licen\u00e7a para dire\u00e7\u00e3o de ve\u00edculos motorizados, o ex\u00edlio local e a proibi\u00e7\u00e3o de frequentar determinados lugares.<br \/><a href=\"https:\/\/www.planalto.gov.br\/ccivil_03\/_Ato2023-2026\/2023\/Lei\/L14688.htm#art2\">(Inclu\u00eddo pela Lei n\u00ba 14.688, de 2023)<\/a><\/p>\n\n\n\n<p>Por isso, o entendimento do Superior Tribunal Militar, trazido pela Banca, se encontra superado, tendo em vista que j\u00e1 tem um dispositivo tratando sobre o assunto.<\/p>\n\n\n\n<p><strong>Pelo exposto, em sede de recurso \u00e0 quest\u00e3o, tendo em vista que o gabarito dado pela Cebraspe para a quest\u00e3o de n\u00famero 66 encontra-se embasado em um entendimento do STM j\u00e1 ultrapassado, requer o candidato que seja anulada a quest\u00e3o.<\/strong><\/p>\n\n\n\n<hr class=\"wp-block-separator has-alpha-channel-opacity is-style-dots\"\/>\n\n\n\n<p class=\"has-vivid-purple-color has-text-color has-link-color wp-elements-9ff89ed994c15106b8c1c9306f14729e\"><strong>QUEST\u00c3O 92<\/strong><\/p>\n\n\n\n<p><strong>Item analisado: Jazidas de min\u00e9rios valiosos existentes em terras tradicionalmente ocupadas por povos ind\u00edgenas devem destinar-se ao usufruto exclusivo desses povos.<\/strong><\/p>\n\n\n\n<p><strong>Sugest\u00e3o de recurso:<\/strong><\/p>\n\n\n\n<p>A banca considerou o item correto, por\u00e9m, com todo respeito, tal afirmativa est\u00e1 equivocada, conforme fundamenta\u00e7\u00e3o abaixo.<\/p>\n\n\n\n<p>Nos termos do artigo 231,&nbsp; \u00a7 2\u00ba , da Constitui\u00e7\u00e3o Federal, \u201cas terras tradicionalmente ocupadas pelos \u00edndios destinam-se a sua posse permanente, cabendo-lhes o usufruto exclusivo das riquezas do <strong>solo<\/strong>, dos rios e dos lagos nelas existentes.\u201d A Lei Maior n\u00e3o assegura aos povos ind\u00edgenas o direito de usufruto exclusivo das riquezas do subsolo ( e sim do solo).<\/p>\n\n\n\n<p>Conforme par\u00e1grafo 3\u00ba do mesmo artigo 231, a pesquisa e a lavra das riquezas minerais em terras ind\u00edgenas s\u00f3 podem ser efetivadas com autoriza\u00e7\u00e3o do Congresso Nacional, ouvidas as comunidades afetadas, ficando-lhes assegurada <strong>participa\u00e7\u00e3o nos resultados da lavra<\/strong>, na forma da lei.<\/p>\n\n\n\n<p>\u00c9 de se notar facilmente que os povos ind\u00edgenas n\u00e3o t\u00eam exclusividade no usufruto de jazidas de min\u00e9rios valiosos existentes em terras tradicionalmente por eles ocupadas, a exclusividade \u00e9 em rela\u00e7\u00e3o \u00e0s riquezas do solo e n\u00e3o do subsolo. As jazidas minerais est\u00e3o no subsolo.<\/p>\n\n\n\n<p>A respeito das jazidas de min\u00e9rios valiosos, a Constitui\u00e7\u00e3o Federal assegura aos povos ind\u00edgenas duas coisas: 1) a pesquisa e a lavra dependem de autoriza\u00e7\u00e3o do congresso Nacional, ouvida a comunidade ind\u00edgena afetada; 2) participa\u00e7\u00e3o nos resultados da lavra (e n\u00e3o exclusividade de usufruto).<\/p>\n\n\n\n<p><strong>Assim, a resposta do item deve ser alterada de certo para errado.<\/strong><\/p>\n\n\n\n<hr class=\"wp-block-separator has-alpha-channel-opacity is-style-dots\"\/>\n\n\n\n<p class=\"has-vivid-purple-color has-text-color has-link-color wp-elements-9958182e6e404052f6328a0a763738d6\"><strong>QUEST\u00c3O 111<\/strong><\/p>\n\n\n\n<p>A quest\u00e3o 111 traz:<\/p>\n\n\n\n<p class=\"has-text-align-right\"><em>\u00c9 cab\u00edvel o ajuizamento da a\u00e7\u00e3o popular para a defesa de interesses individuais homog\u00eaneos de natureza tribut\u00e1ria, desde que a demanda esteja fundamentada na ocorr\u00eancia de les\u00e3o ao patrim\u00f4nio p\u00fablico.<\/em><\/p>\n\n\n\n<p>A a\u00e7\u00e3o popular se presta a defesa contra les\u00e3o ao patrim\u00f4nio p\u00fablico.&nbsp;<\/p>\n\n\n\n<p>Por outro lado, a a\u00e7\u00e3o civil p\u00fablica n\u00e3o pode ser utilizada como recurso para defesa de direitos individuais homog\u00eaneos. H\u00e1 outra a\u00e7\u00e3o constitucional para isso, a a\u00e7\u00e3o civil p\u00fablica, com legitimados espec\u00edficos.&nbsp;<\/p>\n\n\n\n<p>O item torna-se problem\u00e1tico quando une ambas informa\u00e7\u00f5es.<\/p>\n\n\n\n<p>Se na defesa do patrim\u00f4nio p\u00fablico, cidad\u00e3o ajuiza a\u00e7\u00e3o popular e, em senten\u00e7a, ao julg\u00e1-la procedente o ju\u00edzo reconhece que houve &#8211; por consequ\u00eancia &#8211; viola\u00e7\u00e3o a direitos individuais homog\u00eaneos, n\u00e3o caberia a execu\u00e7\u00e3o individual? O interessado deveria propor demanda de conhecimento? N\u00e3o faz sentido, ainda mais considerando que a a\u00e7\u00e3o popular faz parte do microssistema de direito coletivo. O art. 17, da LAP, prev\u00ea a possibilidade da execu\u00e7\u00e3o individual.<\/p>\n\n\n\n<p>Se o item parasse na primeira v\u00edrgula e se restringisse a: <em>\u00e9 cab\u00edvel o ajuizamento da a\u00e7\u00e3o popular para a defesa de interesses individuais homog\u00eaneos de natureza tribut\u00e1ria<\/em>, estaria equivocada.<\/p>\n\n\n\n<p>Quando traz para o contexto do item uma condi\u00e7\u00e3o: <em>desde que haja les\u00e3o a patrim\u00f4nio p\u00fablico<\/em>, o examinador corrige a quest\u00e3o, traz o procedimento para dentro do escopo da a\u00e7\u00e3o popular.<\/p>\n\n\n\n<p>Se dito de \u201ctraz para frente\u201d, estaria correto sem gerar d\u00favidas, por exemplo: \u00c9 cab\u00edvel ajuizamento de a\u00e7\u00e3o popular para a defesa do patrim\u00f4nio p\u00fablico, ainda que haja repercuss\u00e3o aos direitos individuais homog\u00eaneos, os quais podem ser executados individualmente,&nbsp;<\/p>\n\n\n\n<p>Note que o cidad\u00e3o &#8211; legitimado e substituto processual &#8211; atua no caso em prol da defesa do patrim\u00f4nio p\u00fablico e mesmo havendo repercuss\u00e3o individual, ela \u00e9 homog\u00eanea, \u00e9 coletiva. Talvez nem o afete, talvez sim, pouco importa. O cidad\u00e3o n\u00e3o se valor da demanda para defender interesse pr\u00f3prio, individual, atuou como substituto e, por consequ\u00eancia, gerou repercuss\u00e3o na esfera individual de uma coletividade.<\/p>\n\n\n\n<p>Infere-se que o examinador ao tentar dificultar o conte\u00fado do item, trazendo a condicionante \u201cdesde que\u201d, incorreu em erro para abrir espa\u00e7o para se considerar o item correto.&nbsp;<\/p>\n\n\n\n<p>Em face do exposto, melhor caminho ser\u00e1 anular a quest\u00e3o e, subsidiariamente, alterar o gabarito para correto.<\/p>\n\n\n\n<p class=\"has-text-align-center has-background has-medium-font-size\" style=\"background-color:#abb7c229\"><strong>Saiba mais:&nbsp;<a href=\"https:\/\/www.estrategiaconcursos.com.br\/blog\/concurso-stm\/\" target=\"_blank\" rel=\"noreferrer noopener\">Concurso STM<\/a><\/strong><\/p>\n\n\n\n<div class=\"container\" id=\"boxes\">\r\n  <div class=\"row\">\r\n\r\n    <div class=\"col-sm\">\r\n      <div class=\"banner-tribunal\" id=\"box-assinatura\">\r\n        <h3 class=\"titulo-assinatura\">Curso STM<\/h3>\r\n        <p class=\"subtitulo-assinatura\">Conhe\u00e7a os cursos<\/p>\r\n        <div class=\"box-botao\">\r\n          <a class=\"btn-assinatura\" target=\"_blank\" href=\"https:\/\/www.estrategiaconcursos.com.br\/cursosPorConcurso\/superior-tribunal-militar-stm\/\" role=\"button\" rel=\"noopener noreferrer\">Conhe\u00e7a mais<\/a>\r\n        <\/div>\r\n      <\/div>\r\n      <p class=\"texto-auxiliar\">Prepare-se com o melhor material e com quem mais aprova em Concursos P\u00fablicos em todo o pa\u00eds.<\/p>\r\n    <\/div>\r\n\r\n  <\/div>\r\n<\/div>\n\n\n\n<div class=\"container\" id=\"boxes\">\r\n  <div class=\"row\">\r\n\r\n    <div class=\"col-sm\">\r\n      <div class=\"estrategia\" id=\"box-assinatura\">\r\n        <h3 class=\"titulo-assinatura\"> Concursos P\u00fablicos\r\n        <p class=\"subtitulo-assinatura\">Assinatura de 1 ano ou 2 anos<\/p>\r\n        <div class=\"box-botao\">\r\n          <a class=\"btn-assinatura\" target=\"_blank\" href=\"https:\/\/www.estrategiaconcursos.com.br\/assinaturas\/\" role=\"button\" rel=\"noopener noreferrer\">ASSINE AGORA<\/a>\r\n        <\/div>\r\n      <\/h3><\/div><\/div><\/div><\/div>\n\n\n\n<h2 class=\"wp-block-heading has-text-align-center\" id=\"h-quer-saber-tudo-sobre-concursos-previstos-confira-nossos-artigos\">Quer saber tudo sobre concursos previstos?<br \/>Confira nossos artigos!<\/h2>\n\n\n\n<ul class=\"wp-block-list\">\n<li><a href=\"https:\/\/www.estrategiaconcursos.com.br\/blog\/concursos-abertos\/\" target=\"_blank\" rel=\"noreferrer noopener\">Concursos Abertos<\/a><\/li>\n\n\n\n<li><a href=\"https:\/\/www.estrategiaconcursos.com.br\/blog\/concursos-federais\/\" target=\"_blank\" rel=\"noreferrer noopener\">Concursos Federais<\/a><\/li>\n\n\n\n<li><a href=\"https:\/\/www.estrategiaconcursos.com.br\/blog\/concursos-2025\/\" target=\"_blank\" rel=\"noreferrer noopener\">Concursos 2025<\/a><\/li>\n\n\n\n<li><a href=\"https:\/\/www.estrategiaconcursos.com.br\/blog\/concursos-2026\/\" target=\"_blank\" rel=\"noreferrer noopener\">Concursos 2026<\/a><\/li>\n<\/ul>\n","protected":false},"excerpt":{"rendered":"<p>O concurso STM (Superior Tribunal Militar) teve suas provas aplicadas no \u00faltimo domingo, 1\u00ba. Inclusive, os gabaritos preliminares da etapa j\u00e1 foram divulgados. Com isso, aos interessados, o prazo para interposi\u00e7\u00e3o de recursos ficar\u00e1 aberto entre os dias 4 e 5 de junho, diretamente na \u00e1rea do candidato no site da Cebraspe. E para te [&hellip;]<\/p>\n","protected":false},"author":659,"featured_media":1238914,"comment_status":"open","ping_status":"closed","sticky":false,"template":"","format":"standard","meta":{"post_tipo":"news","footnotes":""},"categories":[1984,220219],"tags":[867,8],"tax_estado":[219963],"class_list":["post-1584483","post","type-post","status-publish","format-standard","has-post-thumbnail","hentry","category-tribunais","category-noticias","tag-prova-comentada","tag-recurso","tax_estado-concursos-federais"],"acf":[],"yoast_head":"<!-- This site is optimized with the Yoast SEO Premium plugin v27.2 (Yoast SEO v27.2) - https:\/\/yoast.com\/product\/yoast-seo-premium-wordpress\/ -->\n<title>STM: recursos para Analista Judici\u00e1rio \u00c1rea Judici\u00e1ria (AJAJ)<\/title>\n<meta name=\"description\" content=\"Confira neste artigo as quest\u00f5es que s\u00e3o pass\u00edveis de recursos do concurso STM para o cargo de Analista Judici\u00e1rio \u00c1rea Judici\u00e1ria (AJAJ)\" \/>\n<meta name=\"robots\" content=\"index, follow, max-snippet:-1, max-image-preview:large, max-video-preview:-1\" \/>\n<link rel=\"canonical\" href=\"https:\/\/www.estrategiaconcursos.com.br\/blog\/concurso-stm-recursos-ajaj\/\" \/>\n<meta property=\"og:locale\" content=\"pt_BR\" \/>\n<meta property=\"og:type\" content=\"article\" \/>\n<meta property=\"og:title\" content=\"STM: recursos para Analista Judici\u00e1rio \u00c1rea Judici\u00e1ria (AJAJ)\" \/>\n<meta property=\"og:description\" content=\"Confira neste artigo as quest\u00f5es que s\u00e3o pass\u00edveis de recursos do concurso STM para o cargo de Analista Judici\u00e1rio \u00c1rea Judici\u00e1ria (AJAJ)\" \/>\n<meta property=\"og:url\" content=\"https:\/\/www.estrategiaconcursos.com.br\/blog\/concurso-stm-recursos-ajaj\/\" \/>\n<meta property=\"og:site_name\" content=\"Estrat\u00e9gia Concursos\" \/>\n<meta property=\"article:published_time\" content=\"2025-06-04T19:30:00+00:00\" \/>\n<meta property=\"article:modified_time\" content=\"2025-06-04T20:30:40+00:00\" \/>\n<meta property=\"og:image\" content=\"https:\/\/dhg1h5j42swfq.cloudfront.net\/2023\/06\/26134255\/concurso-stm.jpg\" \/>\n\t<meta property=\"og:image:width\" content=\"768\" \/>\n\t<meta property=\"og:image:height\" content=\"432\" \/>\n\t<meta property=\"og:image:type\" content=\"image\/jpeg\" \/>\n<meta name=\"author\" content=\"Camila Leite\" \/>\n<meta name=\"twitter:card\" content=\"summary_large_image\" \/>\n<meta name=\"twitter:creator\" content=\"@EstratConcursos\" \/>\n<meta name=\"twitter:site\" content=\"@EstratConcursos\" \/>\n<meta name=\"twitter:label1\" content=\"Escrito por\" \/>\n\t<meta name=\"twitter:data1\" content=\"Camila Leite\" \/>\n\t<meta name=\"twitter:label2\" content=\"Est. tempo de leitura\" \/>\n\t<meta name=\"twitter:data2\" content=\"11 minutos\" \/>\n<script type=\"application\/ld+json\" class=\"yoast-schema-graph\">{\"@context\":\"https:\/\/schema.org\",\"@graph\":[{\"@type\":\"NewsArticle\",\"@id\":\"https:\/\/www.estrategiaconcursos.com.br\/blog\/concurso-stm-recursos-ajaj\/#article\",\"isPartOf\":{\"@id\":\"https:\/\/www.estrategiaconcursos.com.br\/blog\/concurso-stm-recursos-ajaj\/\"},\"author\":{\"name\":\"Camila Leite\",\"@id\":\"https:\/\/www.estrategiaconcursos.com.br\/blog\/#\/schema\/person\/84ecdc6eb58d3cf1689bf76c5cd8fb38\"},\"headline\":\"STM: recursos para Analista Judici\u00e1rio \u00c1rea Judici\u00e1ria (AJAJ)\",\"datePublished\":\"2025-06-04T19:30:00+00:00\",\"dateModified\":\"2025-06-04T20:30:40+00:00\",\"mainEntityOfPage\":{\"@id\":\"https:\/\/www.estrategiaconcursos.com.br\/blog\/concurso-stm-recursos-ajaj\/\"},\"wordCount\":2199,\"commentCount\":0,\"publisher\":{\"@id\":\"https:\/\/www.estrategiaconcursos.com.br\/blog\/#organization\"},\"image\":{\"@id\":\"https:\/\/www.estrategiaconcursos.com.br\/blog\/concurso-stm-recursos-ajaj\/#primaryimage\"},\"thumbnailUrl\":\"https:\/\/dhg1h5j42swfq.cloudfront.net\/2023\/06\/26134255\/concurso-stm.jpg\",\"keywords\":[\"prova comentada\",\"Recurso\"],\"articleSection\":[\"Tribunais\",\"\u00daltimas not\u00edcias\"],\"inLanguage\":\"pt-BR\",\"potentialAction\":[{\"@type\":\"CommentAction\",\"name\":\"Comment\",\"target\":[\"https:\/\/www.estrategiaconcursos.com.br\/blog\/concurso-stm-recursos-ajaj\/#respond\"]}],\"copyrightYear\":\"2025\",\"copyrightHolder\":{\"@id\":\"https:\/\/www.estrategiaconcursos.com.br\/blog\/#organization\"}},{\"@type\":\"WebPage\",\"@id\":\"https:\/\/www.estrategiaconcursos.com.br\/blog\/concurso-stm-recursos-ajaj\/\",\"url\":\"https:\/\/www.estrategiaconcursos.com.br\/blog\/concurso-stm-recursos-ajaj\/\",\"name\":\"STM: recursos para Analista Judici\u00e1rio \u00c1rea Judici\u00e1ria (AJAJ)\",\"isPartOf\":{\"@id\":\"https:\/\/www.estrategiaconcursos.com.br\/blog\/#website\"},\"primaryImageOfPage\":{\"@id\":\"https:\/\/www.estrategiaconcursos.com.br\/blog\/concurso-stm-recursos-ajaj\/#primaryimage\"},\"image\":{\"@id\":\"https:\/\/www.estrategiaconcursos.com.br\/blog\/concurso-stm-recursos-ajaj\/#primaryimage\"},\"thumbnailUrl\":\"https:\/\/dhg1h5j42swfq.cloudfront.net\/2023\/06\/26134255\/concurso-stm.jpg\",\"datePublished\":\"2025-06-04T19:30:00+00:00\",\"dateModified\":\"2025-06-04T20:30:40+00:00\",\"description\":\"Confira neste artigo as quest\u00f5es que s\u00e3o pass\u00edveis de recursos do concurso STM para o cargo de Analista Judici\u00e1rio \u00c1rea Judici\u00e1ria (AJAJ)\",\"breadcrumb\":{\"@id\":\"https:\/\/www.estrategiaconcursos.com.br\/blog\/concurso-stm-recursos-ajaj\/#breadcrumb\"},\"inLanguage\":\"pt-BR\",\"potentialAction\":[{\"@type\":\"ReadAction\",\"target\":[\"https:\/\/www.estrategiaconcursos.com.br\/blog\/concurso-stm-recursos-ajaj\/\"]}]},{\"@type\":\"ImageObject\",\"inLanguage\":\"pt-BR\",\"@id\":\"https:\/\/www.estrategiaconcursos.com.br\/blog\/concurso-stm-recursos-ajaj\/#primaryimage\",\"url\":\"https:\/\/dhg1h5j42swfq.cloudfront.net\/2023\/06\/26134255\/concurso-stm.jpg\",\"contentUrl\":\"https:\/\/dhg1h5j42swfq.cloudfront.net\/2023\/06\/26134255\/concurso-stm.jpg\",\"width\":768,\"height\":432,\"caption\":\"concurso stm nomea\u00e7\u00f5es\"},{\"@type\":\"BreadcrumbList\",\"@id\":\"https:\/\/www.estrategiaconcursos.com.br\/blog\/concurso-stm-recursos-ajaj\/#breadcrumb\",\"itemListElement\":[{\"@type\":\"ListItem\",\"position\":1,\"name\":\"In\u00edcio\",\"item\":\"https:\/\/www.estrategiaconcursos.com.br\/blog\/\"},{\"@type\":\"ListItem\",\"position\":2,\"name\":\"STM: recursos para Analista Judici\u00e1rio \u00c1rea Judici\u00e1ria (AJAJ)\"}]},{\"@type\":\"WebSite\",\"@id\":\"https:\/\/www.estrategiaconcursos.com.br\/blog\/#website\",\"url\":\"https:\/\/www.estrategiaconcursos.com.br\/blog\/\",\"name\":\"Estrat\u00e9gia Concursos\",\"description\":\"O blog da Estrat\u00e9gia Concursos traz not\u00edcias sobre concursos e artigos de professores oferecendo cursos para concursos (pdf + videaulas) no site.\",\"publisher\":{\"@id\":\"https:\/\/www.estrategiaconcursos.com.br\/blog\/#organization\"},\"potentialAction\":[{\"@type\":\"SearchAction\",\"target\":{\"@type\":\"EntryPoint\",\"urlTemplate\":\"https:\/\/www.estrategiaconcursos.com.br\/blog\/?s={search_term_string}\"},\"query-input\":{\"@type\":\"PropertyValueSpecification\",\"valueRequired\":true,\"valueName\":\"search_term_string\"}}],\"inLanguage\":\"pt-BR\"},{\"@type\":\"Organization\",\"@id\":\"https:\/\/www.estrategiaconcursos.com.br\/blog\/#organization\",\"name\":\"Estrat\u00e9gia Concursos\",\"url\":\"https:\/\/www.estrategiaconcursos.com.br\/blog\/\",\"logo\":{\"@type\":\"ImageObject\",\"inLanguage\":\"pt-BR\",\"@id\":\"https:\/\/www.estrategiaconcursos.com.br\/blog\/#\/schema\/logo\/image\/\",\"url\":\"https:\/\/dhg1h5j42swfq.cloudfront.net\/2025\/06\/03203428\/logo_concursos-1.jpg\",\"contentUrl\":\"https:\/\/dhg1h5j42swfq.cloudfront.net\/2025\/06\/03203428\/logo_concursos-1.jpg\",\"width\":230,\"height\":60,\"caption\":\"Estrat\u00e9gia Concursos\"},\"image\":{\"@id\":\"https:\/\/www.estrategiaconcursos.com.br\/blog\/#\/schema\/logo\/image\/\"},\"sameAs\":[\"https:\/\/x.com\/EstratConcursos\"]},{\"@type\":\"Person\",\"@id\":\"https:\/\/www.estrategiaconcursos.com.br\/blog\/#\/schema\/person\/84ecdc6eb58d3cf1689bf76c5cd8fb38\",\"name\":\"Camila Leite\",\"image\":{\"@type\":\"ImageObject\",\"inLanguage\":\"pt-BR\",\"@id\":\"https:\/\/secure.gravatar.com\/avatar\/f2f8faef639c8a2bfb7fb909912a56917f4c3a0aed064500168e2fb8ea55cf61?s=96&d=mm&r=g\",\"url\":\"https:\/\/secure.gravatar.com\/avatar\/f2f8faef639c8a2bfb7fb909912a56917f4c3a0aed064500168e2fb8ea55cf61?s=96&d=mm&r=g\",\"contentUrl\":\"https:\/\/secure.gravatar.com\/avatar\/f2f8faef639c8a2bfb7fb909912a56917f4c3a0aed064500168e2fb8ea55cf61?s=96&d=mm&r=g\",\"caption\":\"Camila Leite\"},\"description\":\"Formada em Design Gr\u00e1fico e em Propaganda e Marketing pela UNIP, integra a equipe de jornalismo do Estrat\u00e9gia Concursos desde 2018. Ao longo dos anos, construiu uma s\u00f3lida experi\u00eancia na produ\u00e7\u00e3o de conte\u00fado informativo e relevante para concurseiros. Desde 2020, atua na cobertura das \u00e1reas Fiscal \u2014 com \u00eanfase nas Secretarias de Fazenda (Sefaz) das regi\u00f5es Sul e Sudeste \u2014, al\u00e9m da cobertura de concursos federais, como CNU, Petrobras, CGU, Receita Federal, ag\u00eancias reguladoras (Anvisa, ANAC, entre outras) e INSS. Mant\u00e9m contato direto com os principais \u00f3rg\u00e3os p\u00fablicos, acompanhando editais, atualiza\u00e7\u00f5es e movimenta\u00e7\u00f5es importantes para os candidatos.\",\"sameAs\":[\"https:\/\/www.linkedin.com\/in\/camila-pinheiro-leite-9ba135b6\/\"],\"url\":\"https:\/\/www.estrategiaconcursos.com.br\/blog\/author\/camila-leiteestrategiaconcursos-com-br\/\"}]}<\/script>\n<!-- \/ Yoast SEO Premium plugin. -->","yoast_head_json":{"title":"STM: recursos para Analista Judici\u00e1rio \u00c1rea Judici\u00e1ria (AJAJ)","description":"Confira neste artigo as quest\u00f5es que s\u00e3o pass\u00edveis de recursos do concurso STM para o cargo de Analista Judici\u00e1rio \u00c1rea Judici\u00e1ria (AJAJ)","robots":{"index":"index","follow":"follow","max-snippet":"max-snippet:-1","max-image-preview":"max-image-preview:large","max-video-preview":"max-video-preview:-1"},"canonical":"https:\/\/www.estrategiaconcursos.com.br\/blog\/concurso-stm-recursos-ajaj\/","og_locale":"pt_BR","og_type":"article","og_title":"STM: recursos para Analista Judici\u00e1rio \u00c1rea Judici\u00e1ria (AJAJ)","og_description":"Confira neste artigo as quest\u00f5es que s\u00e3o pass\u00edveis de recursos do concurso STM para o cargo de Analista Judici\u00e1rio \u00c1rea Judici\u00e1ria (AJAJ)","og_url":"https:\/\/www.estrategiaconcursos.com.br\/blog\/concurso-stm-recursos-ajaj\/","og_site_name":"Estrat\u00e9gia Concursos","article_published_time":"2025-06-04T19:30:00+00:00","article_modified_time":"2025-06-04T20:30:40+00:00","og_image":[{"width":768,"height":432,"url":"https:\/\/dhg1h5j42swfq.cloudfront.net\/2023\/06\/26134255\/concurso-stm.jpg","type":"image\/jpeg"}],"author":"Camila Leite","twitter_card":"summary_large_image","twitter_creator":"@EstratConcursos","twitter_site":"@EstratConcursos","twitter_misc":{"Escrito por":"Camila Leite","Est. tempo de leitura":"11 minutos"},"schema":{"@context":"https:\/\/schema.org","@graph":[{"@type":"NewsArticle","@id":"https:\/\/www.estrategiaconcursos.com.br\/blog\/concurso-stm-recursos-ajaj\/#article","isPartOf":{"@id":"https:\/\/www.estrategiaconcursos.com.br\/blog\/concurso-stm-recursos-ajaj\/"},"author":{"name":"Camila Leite","@id":"https:\/\/www.estrategiaconcursos.com.br\/blog\/#\/schema\/person\/84ecdc6eb58d3cf1689bf76c5cd8fb38"},"headline":"STM: recursos para Analista Judici\u00e1rio \u00c1rea Judici\u00e1ria (AJAJ)","datePublished":"2025-06-04T19:30:00+00:00","dateModified":"2025-06-04T20:30:40+00:00","mainEntityOfPage":{"@id":"https:\/\/www.estrategiaconcursos.com.br\/blog\/concurso-stm-recursos-ajaj\/"},"wordCount":2199,"commentCount":0,"publisher":{"@id":"https:\/\/www.estrategiaconcursos.com.br\/blog\/#organization"},"image":{"@id":"https:\/\/www.estrategiaconcursos.com.br\/blog\/concurso-stm-recursos-ajaj\/#primaryimage"},"thumbnailUrl":"https:\/\/dhg1h5j42swfq.cloudfront.net\/2023\/06\/26134255\/concurso-stm.jpg","keywords":["prova comentada","Recurso"],"articleSection":["Tribunais","\u00daltimas not\u00edcias"],"inLanguage":"pt-BR","potentialAction":[{"@type":"CommentAction","name":"Comment","target":["https:\/\/www.estrategiaconcursos.com.br\/blog\/concurso-stm-recursos-ajaj\/#respond"]}],"copyrightYear":"2025","copyrightHolder":{"@id":"https:\/\/www.estrategiaconcursos.com.br\/blog\/#organization"}},{"@type":"WebPage","@id":"https:\/\/www.estrategiaconcursos.com.br\/blog\/concurso-stm-recursos-ajaj\/","url":"https:\/\/www.estrategiaconcursos.com.br\/blog\/concurso-stm-recursos-ajaj\/","name":"STM: recursos para Analista Judici\u00e1rio \u00c1rea Judici\u00e1ria (AJAJ)","isPartOf":{"@id":"https:\/\/www.estrategiaconcursos.com.br\/blog\/#website"},"primaryImageOfPage":{"@id":"https:\/\/www.estrategiaconcursos.com.br\/blog\/concurso-stm-recursos-ajaj\/#primaryimage"},"image":{"@id":"https:\/\/www.estrategiaconcursos.com.br\/blog\/concurso-stm-recursos-ajaj\/#primaryimage"},"thumbnailUrl":"https:\/\/dhg1h5j42swfq.cloudfront.net\/2023\/06\/26134255\/concurso-stm.jpg","datePublished":"2025-06-04T19:30:00+00:00","dateModified":"2025-06-04T20:30:40+00:00","description":"Confira neste artigo as quest\u00f5es que s\u00e3o pass\u00edveis de recursos do concurso STM para o cargo de Analista Judici\u00e1rio \u00c1rea Judici\u00e1ria (AJAJ)","breadcrumb":{"@id":"https:\/\/www.estrategiaconcursos.com.br\/blog\/concurso-stm-recursos-ajaj\/#breadcrumb"},"inLanguage":"pt-BR","potentialAction":[{"@type":"ReadAction","target":["https:\/\/www.estrategiaconcursos.com.br\/blog\/concurso-stm-recursos-ajaj\/"]}]},{"@type":"ImageObject","inLanguage":"pt-BR","@id":"https:\/\/www.estrategiaconcursos.com.br\/blog\/concurso-stm-recursos-ajaj\/#primaryimage","url":"https:\/\/dhg1h5j42swfq.cloudfront.net\/2023\/06\/26134255\/concurso-stm.jpg","contentUrl":"https:\/\/dhg1h5j42swfq.cloudfront.net\/2023\/06\/26134255\/concurso-stm.jpg","width":768,"height":432,"caption":"concurso stm nomea\u00e7\u00f5es"},{"@type":"BreadcrumbList","@id":"https:\/\/www.estrategiaconcursos.com.br\/blog\/concurso-stm-recursos-ajaj\/#breadcrumb","itemListElement":[{"@type":"ListItem","position":1,"name":"In\u00edcio","item":"https:\/\/www.estrategiaconcursos.com.br\/blog\/"},{"@type":"ListItem","position":2,"name":"STM: recursos para Analista Judici\u00e1rio \u00c1rea Judici\u00e1ria (AJAJ)"}]},{"@type":"WebSite","@id":"https:\/\/www.estrategiaconcursos.com.br\/blog\/#website","url":"https:\/\/www.estrategiaconcursos.com.br\/blog\/","name":"Estrat\u00e9gia Concursos","description":"O blog da Estrat\u00e9gia Concursos traz not\u00edcias sobre concursos e artigos de professores oferecendo cursos para concursos (pdf + videaulas) no site.","publisher":{"@id":"https:\/\/www.estrategiaconcursos.com.br\/blog\/#organization"},"potentialAction":[{"@type":"SearchAction","target":{"@type":"EntryPoint","urlTemplate":"https:\/\/www.estrategiaconcursos.com.br\/blog\/?s={search_term_string}"},"query-input":{"@type":"PropertyValueSpecification","valueRequired":true,"valueName":"search_term_string"}}],"inLanguage":"pt-BR"},{"@type":"Organization","@id":"https:\/\/www.estrategiaconcursos.com.br\/blog\/#organization","name":"Estrat\u00e9gia Concursos","url":"https:\/\/www.estrategiaconcursos.com.br\/blog\/","logo":{"@type":"ImageObject","inLanguage":"pt-BR","@id":"https:\/\/www.estrategiaconcursos.com.br\/blog\/#\/schema\/logo\/image\/","url":"https:\/\/dhg1h5j42swfq.cloudfront.net\/2025\/06\/03203428\/logo_concursos-1.jpg","contentUrl":"https:\/\/dhg1h5j42swfq.cloudfront.net\/2025\/06\/03203428\/logo_concursos-1.jpg","width":230,"height":60,"caption":"Estrat\u00e9gia Concursos"},"image":{"@id":"https:\/\/www.estrategiaconcursos.com.br\/blog\/#\/schema\/logo\/image\/"},"sameAs":["https:\/\/x.com\/EstratConcursos"]},{"@type":"Person","@id":"https:\/\/www.estrategiaconcursos.com.br\/blog\/#\/schema\/person\/84ecdc6eb58d3cf1689bf76c5cd8fb38","name":"Camila Leite","image":{"@type":"ImageObject","inLanguage":"pt-BR","@id":"https:\/\/secure.gravatar.com\/avatar\/f2f8faef639c8a2bfb7fb909912a56917f4c3a0aed064500168e2fb8ea55cf61?s=96&d=mm&r=g","url":"https:\/\/secure.gravatar.com\/avatar\/f2f8faef639c8a2bfb7fb909912a56917f4c3a0aed064500168e2fb8ea55cf61?s=96&d=mm&r=g","contentUrl":"https:\/\/secure.gravatar.com\/avatar\/f2f8faef639c8a2bfb7fb909912a56917f4c3a0aed064500168e2fb8ea55cf61?s=96&d=mm&r=g","caption":"Camila Leite"},"description":"Formada em Design Gr\u00e1fico e em Propaganda e Marketing pela UNIP, integra a equipe de jornalismo do Estrat\u00e9gia Concursos desde 2018. Ao longo dos anos, construiu uma s\u00f3lida experi\u00eancia na produ\u00e7\u00e3o de conte\u00fado informativo e relevante para concurseiros. Desde 2020, atua na cobertura das \u00e1reas Fiscal \u2014 com \u00eanfase nas Secretarias de Fazenda (Sefaz) das regi\u00f5es Sul e Sudeste \u2014, al\u00e9m da cobertura de concursos federais, como CNU, Petrobras, CGU, Receita Federal, ag\u00eancias reguladoras (Anvisa, ANAC, entre outras) e INSS. Mant\u00e9m contato direto com os principais \u00f3rg\u00e3os p\u00fablicos, acompanhando editais, atualiza\u00e7\u00f5es e movimenta\u00e7\u00f5es importantes para os candidatos.","sameAs":["https:\/\/www.linkedin.com\/in\/camila-pinheiro-leite-9ba135b6\/"],"url":"https:\/\/www.estrategiaconcursos.com.br\/blog\/author\/camila-leiteestrategiaconcursos-com-br\/"}]}},"_links":{"self":[{"href":"https:\/\/www.estrategiaconcursos.com.br\/blog\/wp-json\/wp\/v2\/posts\/1584483","targetHints":{"allow":["GET"]}}],"collection":[{"href":"https:\/\/www.estrategiaconcursos.com.br\/blog\/wp-json\/wp\/v2\/posts"}],"about":[{"href":"https:\/\/www.estrategiaconcursos.com.br\/blog\/wp-json\/wp\/v2\/types\/post"}],"author":[{"embeddable":true,"href":"https:\/\/www.estrategiaconcursos.com.br\/blog\/wp-json\/wp\/v2\/users\/659"}],"replies":[{"embeddable":true,"href":"https:\/\/www.estrategiaconcursos.com.br\/blog\/wp-json\/wp\/v2\/comments?post=1584483"}],"version-history":[{"count":9,"href":"https:\/\/www.estrategiaconcursos.com.br\/blog\/wp-json\/wp\/v2\/posts\/1584483\/revisions"}],"predecessor-version":[{"id":1586287,"href":"https:\/\/www.estrategiaconcursos.com.br\/blog\/wp-json\/wp\/v2\/posts\/1584483\/revisions\/1586287"}],"wp:featuredmedia":[{"embeddable":true,"href":"https:\/\/www.estrategiaconcursos.com.br\/blog\/wp-json\/wp\/v2\/media\/1238914"}],"wp:attachment":[{"href":"https:\/\/www.estrategiaconcursos.com.br\/blog\/wp-json\/wp\/v2\/media?parent=1584483"}],"wp:term":[{"taxonomy":"category","embeddable":true,"href":"https:\/\/www.estrategiaconcursos.com.br\/blog\/wp-json\/wp\/v2\/categories?post=1584483"},{"taxonomy":"post_tag","embeddable":true,"href":"https:\/\/www.estrategiaconcursos.com.br\/blog\/wp-json\/wp\/v2\/tags?post=1584483"},{"taxonomy":"tax_estado","embeddable":true,"href":"https:\/\/www.estrategiaconcursos.com.br\/blog\/wp-json\/wp\/v2\/tax_estado?post=1584483"}],"curies":[{"name":"wp","href":"https:\/\/api.w.org\/{rel}","templated":true}]}}