{"id":158313,"date":"2023-05-15T16:32:07","date_gmt":"2023-05-15T19:32:07","guid":{"rendered":"https:\/\/www.estrategiaconcursos.com.br\/blog\/?p=158313"},"modified":"2023-11-13T18:04:33","modified_gmt":"2023-11-13T21:04:33","slug":"concurso-policia-penal-sc","status":"publish","type":"post","link":"https:\/\/www.estrategiaconcursos.com.br\/blog\/concurso-policia-penal-sc\/","title":{"rendered":"Concurso Pol\u00edcia Penal SC: novas nomea\u00e7\u00f5es s\u00e3o divulgadas!"},"content":{"rendered":"\n<p>Foram divulgadas novas nomea\u00e7\u00f5es dos candidatos aprovados no <strong>concurso Pol\u00edcia Penal SC<\/strong>, realizado em 2019 (antigo DEAP SC).<\/p>\n\n\n\n<ul class=\"wp-block-list\">\n<li><a href=\"https:\/\/dhg1h5j42swfq.cloudfront.net\/2023\/05\/15161837\/diariooficial-5-1-3-1.pdf\" target=\"_blank\" rel=\"noreferrer noopener nofollow\">Confira as nomea\u00e7\u00f5es<\/a><\/li>\n<\/ul>\n\n\n\n<p>Conv\u00e9m lembrar que, recentemente, foi publicada no Di\u00e1rio da ALESC a <a href=\"https:\/\/dhg1h5j42swfq.cloudfront.net\/2021\/10\/29151938\/7965diaicp-1.pdf\" target=\"_blank\" rel=\"noreferrer noopener\">reda\u00e7\u00e3o final<\/a> do Projeto de Lei Complementar n\u00ba 018\/2021, que disp\u00f5e sobre o Estatuto da Pol\u00edcia Penal do estado.<\/p>\n\n\n\n<p>No documento consta a descri\u00e7\u00e3o do cargo, os principais requisitos, as atribui\u00e7\u00f5es, a estrutura organizacional, a jornada de trabalho, a remunera\u00e7\u00e3o, al\u00e9m de outros detalhes acerca da carreira.<\/p>\n\n\n\n<p>Conforme o Estatuto, a remunera\u00e7\u00e3o inicial do cargo de Policial Penal poder\u00e1 chegar a R$16.000,00 (no topo da carreira), com <strong>inicial de R$6.000,00<\/strong> e jornada de trabalho de 40 horas semanais. Al\u00e9m disso, \u00e9 exigido diploma de gradua\u00e7\u00e3o em licenciatura ou bacharelado reconhecido pelo MEC.<\/p>\n\n\n\n<ul class=\"has-very-light-gray-to-cyan-bluish-gray-gradient-background has-background wp-block-list\">\n<li><strong>Concurso Pol\u00edcia Penal SC<\/strong><\/li>\n\n\n\n<li><strong>Status<\/strong>: novas nomea\u00e7\u00f5es<\/li>\n\n\n\n<li><strong>Cargo<\/strong>: Policial Penal (antigo Agente Penitenci\u00e1rio)<\/li>\n\n\n\n<li><strong>Vagas<\/strong>: 600<\/li>\n\n\n\n<li><strong>Sal\u00e1rio<\/strong>: R$ 3.993,82 [\u00faltimo edital]<\/li>\n\n\n\n<li><strong>Edital<\/strong>: <a href=\"https:\/\/dhg1h5j42swfq.cloudfront.net\/2019\/10\/09192352\/2019_SAP_Edital_11.pdf\" target=\"_blank\" rel=\"noreferrer noopener\">Antigo Deap-SC 2019<\/a><\/li>\n<\/ul>\n\n\n\n<p>Confira, no decorrer deste artigo, todas as informa\u00e7\u00f5es concernentes ao concurso Pol\u00edcia Penal SC (antigo DEAP SC).<\/p>\n\n\n\n<div class=\"container\" id=\"boxes\">\n  <div class=\"row\">\n\n    <div class=\"col-sm\">\n      <div class=\"banner-policia-penal\" id=\"box-assinatura\">\n        <h3 class=\"titulo-assinatura\">Curso Pol\u00edcia Penal SC<\/h3>\n        <p class=\"subtitulo-assinatura\">Conhe\u00e7a os cursos<\/p>\n        <div class=\"box-botao\">\n          <a class=\"btn-assinatura\" target=\"_blank\" href=\"https:\/\/www.estrategiaconcursos.com.br\/cursosPorConcurso\/cursos-para-concursos-policiais\/\" role=\"button\" rel=\"noopener noreferrer\">Conhe\u00e7a mais<\/a>\n        <\/div>\n      <\/div>\n      <p class=\"texto-auxiliar\"><\/p>\n    <\/div>\n\n  <\/div>\n<\/div>\n\n\n\n<ul class=\"wp-block-list\" id=\"indice\">\n<li><a href=\"#estatuto\">Estatuto da Pol\u00edcia Penal SC<\/a><\/li>\n\n\n\n<li><a href=\"#ultimo\">\u00daltimo concurso<\/a>\n<ul class=\"wp-block-list\">\n<li><a href=\"#requisitos\">Requisitos<\/a><\/li>\n\n\n\n<li><a href=\"#remuneracao\">Remunera\u00e7\u00e3o<\/a><\/li>\n\n\n\n<li><a href=\"https:\/\/www.estrategiaconcursos.com.br\/blog\/wp-admin\/post.php?action=edit&amp;post=158313#etapas\">Etapas do concurso<\/a><span style=\"color: initial;\"> <\/span>\n<ul class=\"wp-block-list\">\n<li><a href=\"#provas\">Provas Objetivas<\/a><\/li>\n\n\n\n<li><a href=\"#teste\">Teste de aptid\u00e3o f\u00edsica<\/a><\/li>\n<\/ul>\n<\/li>\n\n\n\n<li><a href=\"#nomeacoes\">Nomea\u00e7\u00f5es<\/a><\/li>\n<\/ul>\n<\/li>\n\n\n\n<li><a href=\"#estrategico\">Edital Estrat\u00e9gico &#8211; Planejamento de estudos<\/a><\/li>\n\n\n\n<li><a href=\"#cursos-assinatura\">Cursos e Assinatura ilimitada<\/a><\/li>\n\n\n\n<li><a href=\"#ficha-tecnica\">Ficha t\u00e9cnica<\/a><\/li>\n<\/ul>\n\n\n\n<h2 class=\"wp-block-heading\" id=\"estatuto\">Estatuto da Pol\u00edcia Penal SC<\/h2>\n\n\n\n<p>Foi publicada, em outubro de 2021, no Di\u00e1rio da ALESC, a reda\u00e7\u00e3o final do Projeto de Lei Complementar n\u00ba 018\/2021, que disp\u00f5e sobre o Estatuto da Pol\u00edcia Penal do estado.<\/p>\n\n\n\n<p>No documento consta a descri\u00e7\u00e3o do cargo, os principais requisitos, atribui\u00e7\u00f5es, estrutura organizacional, jornada de trabalho, remunera\u00e7\u00e3o, al\u00e9m de outros detalhes acerca da carreira.<\/p>\n\n\n\n<p>Conforme o Estatuto, a remunera\u00e7\u00e3o inicial do cargo de Policial Penal poder\u00e1 chegar a R$16.000,00 (no topo da carreira), com inicial de R$6.000,00 e jornada de trabalho de 40 horas semanais. Al\u00e9m disso, \u00e9 exigido diploma de gradua\u00e7\u00e3o em licenciatura ou bacharelado reconhecido pelo MEC.<\/p>\n\n\n\n<ul class=\"has-very-light-gray-to-cyan-bluish-gray-gradient-background has-background wp-block-list\">\n<li class=\"has-medium-font-size\"><a href=\"https:\/\/dhg1h5j42swfq.cloudfront.net\/2021\/10\/29151938\/7965diaicp-1.pdf\" target=\"_blank\" rel=\"noreferrer noopener nofollow\">Confira na \u00edntegra o Estatuto da Pol\u00edcia Penal de SC!<\/a><\/li>\n<\/ul>\n\n\n\n<h2 class=\"wp-block-heading\" id=\"ultimo\">Sobre o \u00faltimo concurso Pol\u00edcia Penal SC <\/h2>\n\n\n\n<p>Sob organiza\u00e7\u00e3o da banca FEPESE,  \u00faltimo concurso da Pol\u00edcia Penal SC (antigo DEAP SC), publicado em <strong>2019<\/strong>, ofertou o total de <strong>600 vagas<\/strong> para Agente Penitenci\u00e1rio (atual Policial Penal).<\/p>\n\n\n\n<h3 class=\"wp-block-heading\" id=\"requisitos\">Requisitos<\/h3>\n\n\n\n<p>Para ingressar na carreira era necess\u00e1rio possuir diploma de <strong>n\u00edvel superior<\/strong> em qualquer \u00e1rea de forma\u00e7\u00e3o e possuir Carteira Nacional de Habilita\u00e7\u00e3o categoria B, sem restri\u00e7\u00f5es.<\/p>\n\n\n\n<h3 class=\"wp-block-heading\" id=\"remuneracao\">Sal\u00e1rios Pol\u00edcia Penal SC<\/h3>\n\n\n\n<p><strong>Quanto Ganha um Policial Penal?<\/strong><\/p>\n\n\n\n<p>O vencimento mensal ofertado no edital foi de<strong> R$3.993,82<\/strong> (somados vencimento, gratifica\u00e7\u00e3o fixa e aux\u00edlio alimenta\u00e7\u00e3o) para uma jornada de trabalho de <strong>40 horas semanais<\/strong>. <\/p>\n\n\n\n<h3 class=\"wp-block-heading\">Vencimento b\u00e1sico<\/h3>\n\n\n\n<figure class=\"wp-block-table is-style-stripes\"><table class=\"has-cyan-bluish-gray-background-color has-background has-fixed-layout\"><tbody><tr><td><strong>CLASSE<\/strong><\/td><td><strong>VALOR<\/strong><\/td><\/tr><tr><td>I<\/td><td>R$ 1.157,43<\/td><\/tr><tr><td>II<\/td><td>R$ 1.225,51<\/td><\/tr><tr><td>III<\/td><td>R$ 1.361,69<\/td><\/tr><tr><td>IV<\/td><td>R$ 1.601,99<\/td><\/tr><tr><td>V<\/td><td>R$ 1.884,69<\/td><\/tr><tr><td>VI<\/td><td>R$ 2.217,28<\/td><\/tr><tr><td>VII<\/td><td>R$ 2.608,57<\/td><\/tr><tr><td>VIII<\/td><td>R$ 3.298,68<\/td><\/tr><\/tbody><\/table><figcaption class=\"wp-element-caption\">Tabela de vencimentos de acordo com a classe do cargo.<\/figcaption><\/figure>\n\n\n\n<h3 class=\"wp-block-heading\">Adicionais e gratifica\u00e7\u00f5es<\/h3>\n\n\n\n<ul class=\"wp-block-list\">\n<li><strong>Adicional de Atividade Penitenci\u00e1ria<\/strong>\n<ul class=\"wp-block-list\">\n<li><strong>222% do vencimento b\u00e1sico<\/strong> para os servidores lotados na Secretaria de Estado da Justi\u00e7a e Cidadania ou na Diretoria de Assist\u00eancia Social da Secretaria de Estado da Assist\u00eancia Social, Trabalho e Habita\u00e7\u00e3o, e em exerc\u00edcio nas suas respectivas unidades<\/li>\n\n\n\n<li><strong>100% do vencimento b\u00e1sico<\/strong> para os servidores lotados fora da Secretaria de Estado da Justi\u00e7a e Cidadania e da Diretoria de Assist\u00eancia Social da Secretaria de Estado da Assist\u00eancia Social, Trabalho e Habita\u00e7\u00e3o<\/li>\n<\/ul>\n<\/li>\n\n\n\n<li><strong>Gratifica\u00e7\u00e3o por hora extraordin\u00e1ria<\/strong>\n<ul class=\"wp-block-list\">\n<li>1 hora  normal de trabalho + 50%<\/li>\n<\/ul>\n<\/li>\n\n\n\n<li><strong>Adicional noturno<\/strong>\n<ul class=\"wp-block-list\">\n<li>+ 25% do valor da hora normal de trabalho (das 22h \u00e0s 6h)<\/li>\n<\/ul>\n<\/li>\n<\/ul>\n\n\n\n<h3 class=\"wp-block-heading\">Exemplos de remunera\u00e7\u00e3o<\/h3>\n\n\n\n<figure class=\"wp-block-image aligncenter is-resized\"><img loading=\"lazy\" decoding=\"async\" width=\"673\" height=\"653\" src=\"https:\/\/dhg1h5j42swfq.cloudfront.net\/2019\/05\/21153222\/image180.png\" alt=\"Tabela com sal\u00e1rios de exemplo do Concurso Pol\u00edcia Penal SC.\" class=\"wp-image-376176\" style=\"width:546px;height:529px\" srcset=\"https:\/\/dhg1h5j42swfq.cloudfront.net\/2019\/05\/21153222\/image180.png 673w, https:\/\/dhg1h5j42swfq.cloudfront.net\/2019\/05\/21153222\/image180.png 300w, https:\/\/dhg1h5j42swfq.cloudfront.net\/2019\/05\/21153222\/image180.png 610w\" sizes=\"auto, (max-width: 673px) 100vw, 673px\" \/><figcaption class=\"wp-element-caption\">Concurso Pol\u00edcia Penal SC: exemplos de remunera\u00e7\u00e3o<\/figcaption><\/figure>\n\n\n\n<h3 class=\"wp-block-heading\" id=\"etapas\">Etapas do concurso Pol\u00edcia Penal SC<\/h3>\n\n\n\n<ul class=\"wp-block-list\">\n<li><strong>Prova objetiva<\/strong>, de car\u00e1ter eliminat\u00f3rio e classificat\u00f3rio<\/li>\n\n\n\n<li><strong>Prova de capacidade f\u00edsica<\/strong>, de car\u00e1ter eliminat\u00f3rio<\/li>\n\n\n\n<li><strong>Prova de aptid\u00e3o psicol\u00f3gica vocacionada<\/strong>, de car\u00e1ter eliminat\u00f3rio<\/li>\n\n\n\n<li><strong>Exame toxicol\u00f3gico<\/strong>, de car\u00e1ter eliminat\u00f3rio<\/li>\n\n\n\n<li><strong>Investiga\u00e7\u00e3o social <\/strong>para verifica\u00e7\u00e3o de antecedentes pessoais, de car\u00e1ter eliminat\u00f3rio<\/li>\n<\/ul>\n\n\n\n<h4 class=\"wp-block-heading\">Prova Objetiva<\/h4>\n\n\n\n<p>Os candidatos foram submetidos \u00e0 uma <strong>prova objetiva<\/strong> que contou com um total de 100 quest\u00f5es, distribu\u00eddas entre as seguintes disciplinas:<\/p>\n\n\n\n<ul class=\"has-white-background-color has-background wp-block-list\">\n<li>L\u00edngua Portuguesa &#8211; 15<\/li>\n\n\n\n<li>Racioc\u00ednio L\u00f3gico &#8211; 10<\/li>\n\n\n\n<li>Direitos Humanos &#8211; 15<\/li>\n\n\n\n<li>Direito Constitucional &#8211; 5<\/li>\n\n\n\n<li>Administra\u00e7\u00e3o P\u00fablica &#8211; 5<\/li>\n\n\n\n<li>Direito Penal &#8211; 5<\/li>\n\n\n\n<li>Direito Processual Penal &#8211; 5<\/li>\n\n\n\n<li>Legisla\u00e7\u00e3o Especial &#8211; 10<\/li>\n\n\n\n<li>Legisla\u00e7\u00e3o Estadual &#8211; 10<\/li>\n\n\n\n<li>Lei de Execu\u00e7\u00e3o Penal &#8211; 10<\/li>\n\n\n\n<li>Sociologia Aplicada  -10<\/li>\n<\/ul>\n\n\n\n<h3 class=\"wp-block-heading\" id=\"teste\">Teste de Aptid\u00e3o F\u00edsica<\/h3>\n\n\n\n<h4 class=\"wp-block-heading\"><em><strong>Impuls\u00e3o horizontal<\/strong><\/em><\/h4>\n\n\n\n<figure class=\"wp-block-table is-style-stripes\"><table class=\"has-cyan-bluish-gray-background-color has-background has-fixed-layout\"><tbody><tr><td class=\"has-text-align-center\" data-align=\"center\">\n  <strong>TESTE<\/strong>\n  <\/td><td class=\"has-text-align-center\" data-align=\"center\">\n  <strong>DIST\u00c2NCIA<\/strong>\n  <\/td><\/tr><tr><td class=\"has-text-align-center\" data-align=\"center\">Impuls\u00e3o horizontal (masculino)   <\/td><td class=\"has-text-align-center\" data-align=\"center\">   1 metro e 80 cent\u00edmetros   <\/td><\/tr><tr><td class=\"has-text-align-center\" data-align=\"center\">Impuls\u00e3o horizontal (feminino)      <\/td><td class=\"has-text-align-center\" data-align=\"center\">   1 metro e 30 cent\u00edmetros      <\/td><\/tr><\/tbody><\/table><figcaption class=\"wp-element-caption\">Tabela do TAF do exerc\u00edcio de impuls\u00e3o horizontal.<\/figcaption><\/figure>\n\n\n\n<h4 class=\"wp-block-heading\"><em><strong>Flex\u00e3o abdominal<\/strong><\/em><\/h4>\n\n\n\n<figure class=\"wp-block-table is-style-stripes\"><table class=\"has-cyan-bluish-gray-background-color has-background has-fixed-layout\"><tbody><tr><td class=\"has-text-align-center\" data-align=\"center\">\n  <strong>TESTE<\/strong>\n  <\/td><td class=\"has-text-align-center\" data-align=\"center\">\n  <strong>N\u00ba DE REPETI\u00c7\u00d5ES<\/strong>\n  <\/td><\/tr><tr><td class=\"has-text-align-center\" data-align=\"center\">Flex\u00e3o Abdominal em 01 minuto (masculino)   <\/td><td class=\"has-text-align-center\" data-align=\"center\">   35    <\/td><\/tr><tr><td class=\"has-text-align-center\" data-align=\"center\">Flex\u00e3o Abdominal em 01 minuto (feminino)   <\/td><td class=\"has-text-align-center\" data-align=\"center\">   20    <\/td><\/tr><\/tbody><\/table><figcaption class=\"wp-element-caption\">Tabela do TAF do exerc\u00edcio de flex\u00e3o abdominal.<\/figcaption><\/figure>\n\n\n\n<h4 class=\"wp-block-heading\"><em><strong>Barra fixa<\/strong><\/em><\/h4>\n\n\n\n<figure class=\"wp-block-table is-style-stripes\"><table class=\"has-cyan-bluish-gray-background-color has-background has-fixed-layout\"><tbody><tr><td class=\"has-text-align-center\" data-align=\"center\">\n  <strong>TESTE<\/strong>\n  <\/td><td class=\"has-text-align-center\" data-align=\"center\">\n  <strong>DESEMPENHO M\u00cdNIMO<\/strong>\n  <\/td><\/tr><tr><td class=\"has-text-align-center\" data-align=\"center\">Flex\u00e3o em Barra Fixa (masculino)   <\/td><td class=\"has-text-align-center\" data-align=\"center\">   05     <\/td><\/tr><tr><td class=\"has-text-align-center\" data-align=\"center\">Sustenta\u00e7\u00e3o em Barra Fixa (feminino)<\/td><td class=\"has-text-align-center\" data-align=\"center\">   10 segundos   <\/td><\/tr><\/tbody><\/table><figcaption class=\"wp-element-caption\">Tabela do TAF do exerc\u00edcio de barra fixa.<\/figcaption><\/figure>\n\n\n\n<h4 class=\"wp-block-heading\"><br \/><em><strong>Corrida de 12 minutos<\/strong><\/em><\/h4>\n\n\n\n<figure class=\"wp-block-table is-style-stripes\"><table class=\"has-cyan-bluish-gray-background-color has-background has-fixed-layout\"><tbody><tr><td>\n  <strong>TESTE<\/strong>\n  <\/td><td class=\"has-text-align-center\" data-align=\"center\">\n  <strong>DESEMPENHO M\u00cdNIMO<\/strong>\n  <\/td><\/tr><tr><td>Corrida de 12 minutos (masculino)   <\/td><td class=\"has-text-align-center\" data-align=\"center\">   2.400 metros      <\/td><\/tr><tr><td>Corrida de 12 minutos (feminino)   <\/td><td class=\"has-text-align-center\" data-align=\"center\">   2.000 metros   <\/td><\/tr><\/tbody><\/table><figcaption class=\"wp-element-caption\">Tabela do TAF do exerc\u00edcio de corrida de 12 minutos.<\/figcaption><\/figure>\n\n\n\n<h3 class=\"wp-block-heading\">Nomea\u00e7\u00f5es<\/h3>\n\n\n\n<p>Ao longo da validade do concurso Pol\u00edcia Penal SC (antigo DEAP SC), foram divulgadas as nomea\u00e7\u00f5es dos candidatos aprovados. Confira abaixo os documentos na \u00edntegra:<\/p>\n\n\n\n<ul class=\"wp-block-list\">\n<li><a href=\"https:\/\/dhg1h5j42swfq.cloudfront.net\/2023\/05\/15161837\/diariooficial-5-1-3-1.pdf\" target=\"_blank\" rel=\"noreferrer noopener nofollow\">Nomea\u00e7\u00f5es &#8211; Maio\/2023<\/a><\/li>\n\n\n\n<li><a href=\"https:\/\/dhg1h5j42swfq.cloudfront.net\/2023\/05\/15161436\/policia-penal-sc-nomeacoes-1.pdf\" target=\"_blank\" rel=\"noreferrer noopener nofollow\">Nomea\u00e7\u00f5es &#8211; Novembro\/2021<\/a><\/li>\n\n\n\n<li><a href=\"https:\/\/dhg1h5j42swfq.cloudfront.net\/2023\/05\/15161422\/p779863.pdf\" target=\"_blank\" rel=\"noreferrer noopener nofollow\">Nomea\u00e7\u00f5es &#8211; Novembro\/2021<\/a><\/li>\n<\/ul>\n\n\n\n<h2 class=\"wp-block-heading\" id=\"estrategico\">Edital Estrat\u00e9gico concurso Pol\u00edcia Penal SC \u2013 baixe gratuitamente<\/h2>\n\n\n\n<p>Para ajudar a refor\u00e7ar sua prepara\u00e7\u00e3o, a equipe de professores do Estrat\u00e9gia Concursos desenvolveu o&nbsp;<strong>Edital Estrat\u00e9gico<\/strong>. S\u00e3o planilhas personalizadas, focadas no edital do concurso, com recursos para ajud\u00e1-los no registro das diferentes tarefas de estudo: teoria, revis\u00e3o e exerc\u00edcios.<\/p>\n\n\n\n<p>O registro de cada tarefa ser\u00e1 feito para cada assunto exigido no conte\u00fado program\u00e1tico do edital. A partir das informa\u00e7\u00f5es preenchidas pelo aluno, uma \u201caba\u201d do Edital Estrat\u00e9gico ir\u00e1 demonstrar a progress\u00e3o em cada tarefa e assunto. A edi\u00e7\u00e3o poder\u00e1 ser realizada apenas na 3\u00aa aba, relativa ao preenchimento do progresso nas disciplinas. C<\/p>\n\n\n\n<p>Caso voc\u00ea queira fazer outras modifica\u00e7\u00f5es no arquivo, \u00e9 s\u00f3 usar a&nbsp;senha \u201cadmin\u201d&nbsp;na op\u00e7\u00e3o&nbsp;<em><strong>desproteger<\/strong><\/em>&nbsp;planilha do Excel.<\/p>\n\n\n\n<p class=\"has-text-align-center has-cyan-bluish-gray-background-color has-background has-medium-font-size\"><a href=\"https:\/\/drive.google.com\/file\/d\/0B9ZvqIbaLYTFWDkwTHBock00ZjBfRHZvTVJPSk8wbXdNU0lR\/view\" target=\"_blank\" rel=\"noreferrer noopener\"><strong>Edital Estrat\u00e9gico Pol\u00edcia Penal SC<\/strong><\/a><\/p>\n\n\n\n<p><strong>IMPORTANTE<\/strong>: Ao clicar no link acima, ser\u00e1 aberta uma janela do Google Drive que tentar\u00e1 carregar a visualiza\u00e7\u00e3o da planilha no seu navegador. N\u00e3o h\u00e1 necessidade de esperar essa visualiza\u00e7\u00e3o (talvez at\u00e9 nem carregue, j\u00e1 que os arquivos s\u00e3o pesados).<\/p>\n\n\n\n<p>Fa\u00e7a o download clicando na seta para baixo no canto superior direito da janela do Google Drive que vai ser aberta ao clicar nos links acima.<\/p>\n\n\n\n<p>Todos os arquivos foram testados em diferentes computadores e celulares e est\u00e3o ok. Talvez alguma incompatibilidade (ou mensagem de erro, como \u201carquivo inv\u00e1lido\u201d) ocorra em virtude do seu pr\u00f3prio computador ou do tamanho dos arquivos que possuem mais conte\u00fado.<\/p>\n\n\n\n<h2 class=\"wp-block-heading has-text-align-center\" id=\"h-quer-saber-tudo-sobre-concursos-previstos-confira-nossos-artigos\">Quer saber tudo sobre concursos previstos?<br \/>Confira nossos artigos!<\/h2>\n\n\n\n<ul class=\"wp-block-list\">\n<li><a href=\"https:\/\/www.estrategiaconcursos.com.br\/blog\/concursos-abertos\/\" target=\"_blank\" rel=\"noreferrer noopener\">Concursos abertos<\/a><\/li>\n\n\n\n<li><a href=\"https:\/\/www.estrategiaconcursos.com.br\/blog\/concursos-2024\" target=\"_blank\" rel=\"noreferrer noopener\">Concursos 2024<\/a><\/li>\n<\/ul>\n\n\n\n<h2 class=\"wp-block-heading has-text-align-center\" id=\"cursos-assinatura\">Quer estudar para o concurso Pol\u00edcia Penal SC?<\/h2>\n\n\n\n<div class=\"container\" id=\"boxes\">\n  <div class=\"row\">\n\n    <div class=\"col-sm\">\n      <div class=\"banner-policia-penal\" id=\"box-assinatura\">\n        <h3 class=\"titulo-assinatura\">Curso Pol\u00edcia Penal SC<\/h3>\n        <p class=\"subtitulo-assinatura\">Conhe\u00e7a os cursos<\/p>\n        <div class=\"box-botao\">\n          <a class=\"btn-assinatura\" target=\"_blank\" href=\"https:\/\/www.estrategiaconcursos.com.br\/cursosPorConcurso\/cursos-para-concursos-policiais\/\" role=\"button\" rel=\"noopener noreferrer\">Conhe\u00e7a mais<\/a>\n        <\/div>\n      <\/div>\n      <p class=\"texto-auxiliar\"><\/p>\n    <\/div>\n\n  <\/div>\n<\/div>\n\n\n\n<div class=\"container\" id=\"boxes\">\n  <div class=\"row\">\n\n    <div class=\"col-sm\">\n      <div class=\"estrategia\" id=\"box-assinatura\">\n        <h3 class=\"titulo-assinatura\">Assinatura Concursos<\/h3>\n        <p class=\"subtitulo-assinatura\">Assinatura de 1 ano ou 2 anos<\/p>\n        <div class=\"box-botao\">\n          <a class=\"btn-assinatura\" target=\"_blank\" href=\"https:\/\/www.estrategiaconcursos.com.br\/assinaturas\/\" role=\"button\" rel=\"noopener noreferrer\">ASSINE AGORA<\/a>\n        <\/div>\n      <\/div>\n     \n    <\/div><\/div><\/div>\n\n\n\n<figure class=\"wp-block-image size-large is-resized\"><img loading=\"lazy\" decoding=\"async\" width=\"1024\" height=\"632\" src=\"https:\/\/dhg1h5j42swfq.cloudfront.net\/2021\/08\/18151931\/ficha-tecnica-3-1024x632.png\" alt=\"\" class=\"wp-image-839757\" style=\"width:229px;height:141px\" srcset=\"https:\/\/dhg1h5j42swfq.cloudfront.net\/2021\/08\/18151931\/ficha-tecnica-3-1024x632.png 1024w, https:\/\/dhg1h5j42swfq.cloudfront.net\/2021\/08\/18151931\/ficha-tecnica-3-300x185.png 300w, https:\/\/dhg1h5j42swfq.cloudfront.net\/2021\/08\/18151931\/ficha-tecnica-3-768x474.png 768w, https:\/\/dhg1h5j42swfq.cloudfront.net\/2021\/08\/18151931\/ficha-tecnica-3-1536x948.png 1536w, https:\/\/dhg1h5j42swfq.cloudfront.net\/2021\/08\/18151931\/ficha-tecnica-3-610x377.png 610w, https:\/\/dhg1h5j42swfq.cloudfront.net\/2021\/08\/18151931\/ficha-tecnica-3.png 1571w\" sizes=\"auto, (max-width: 1024px) 100vw, 1024px\" \/><\/figure>\n\n\n\n<h3 class=\"wp-block-heading\" id=\"ficha-tecnica\">Informa\u00e7\u00f5es do \u00faltimo concurso Pol\u00edcia Penal SC<\/h3>\n\n\n\n<p>\u25ba<strong>Data<\/strong>: 2019<br \/>\u25ba<strong>Vagas<\/strong>: 600<br \/>\u25ba<strong>Cargos<\/strong>:&nbsp;Policial Penal (antigo Agente Penitenci\u00e1rio)<br \/>\u25ba<strong>Lota\u00e7\u00f5es<\/strong>: Santa Catarina<br \/>\u25ba<strong>Banca<\/strong>:&nbsp;FEPESE<br \/>\u25ba<strong>Escolaridade:<\/strong><a aria-label=\" N\u00edvel superior (abre numa nova aba)\" href=\"https:\/\/dhg1h5j42swfq.cloudfront.net\/2019\/10\/09192352\/2019_SAP_Edital_11.pdf\" target=\"_blank\" rel=\"noreferrer noopener\"><strong> N\u00edvel superior<\/strong><\/a><\/p>\n\n\n\n<p><br \/><\/p>\n","protected":false},"excerpt":{"rendered":"<p>Foram divulgadas novas nomea\u00e7\u00f5es dos candidatos aprovados no concurso Pol\u00edcia Penal SC, realizado em 2019 (antigo DEAP SC). Conv\u00e9m lembrar que, recentemente, foi publicada no Di\u00e1rio da ALESC a reda\u00e7\u00e3o final do Projeto de Lei Complementar n\u00ba 018\/2021, que disp\u00f5e sobre o Estatuto da Pol\u00edcia Penal do estado. No documento consta a descri\u00e7\u00e3o do cargo, [&hellip;]<\/p>\n","protected":false},"author":1,"featured_media":379443,"comment_status":"open","ping_status":"closed","sticky":false,"template":"","format":"standard","meta":{"post_tipo":"news_page","footnotes":""},"categories":[220188],"tags":[],"tax_estado":[219987],"class_list":["post-158313","post","type-post","status-publish","format-standard","has-post-thumbnail","hentry","category-policial-agente-penitenciario","tax_estado-sc"],"acf":[],"yoast_head":"<!-- This site is optimized with the Yoast SEO Premium plugin v27.2 (Yoast SEO v27.2) - https:\/\/yoast.com\/product\/yoast-seo-premium-wordpress\/ -->\n<title>Concurso Pol\u00edcia Penal SC: novas nomea\u00e7\u00f5es s\u00e3o divulgadas!<\/title>\n<meta name=\"description\" content=\"Concurso Pol\u00edcia Penal SC: novas nomea\u00e7\u00f5es dos aprovados s\u00e3o divulgados. Edital foi publicado em 2019 com oferta de 600 vagas! Confira!\" \/>\n<meta name=\"robots\" content=\"index, follow, max-snippet:-1, max-image-preview:large, max-video-preview:-1\" \/>\n<link rel=\"canonical\" href=\"https:\/\/www.estrategiaconcursos.com.br\/blog\/concurso-policia-penal-sc\/\" \/>\n<meta property=\"og:locale\" content=\"pt_BR\" \/>\n<meta property=\"og:type\" content=\"article\" \/>\n<meta property=\"og:title\" content=\"Concurso Pol\u00edcia Penal SC: novas nomea\u00e7\u00f5es s\u00e3o divulgadas!\" \/>\n<meta property=\"og:description\" content=\"Concurso Pol\u00edcia Penal SC: novas nomea\u00e7\u00f5es dos aprovados s\u00e3o divulgados. Edital foi publicado em 2019 com oferta de 600 vagas! Confira!\" \/>\n<meta property=\"og:url\" content=\"https:\/\/www.estrategiaconcursos.com.br\/blog\/concurso-policia-penal-sc\/\" \/>\n<meta property=\"og:site_name\" content=\"Estrat\u00e9gia Concursos\" \/>\n<meta property=\"article:author\" content=\"https:\/\/www.facebook.com\/EstrategiaConcursos\" \/>\n<meta property=\"article:published_time\" content=\"2023-05-15T19:32:07+00:00\" \/>\n<meta property=\"article:modified_time\" content=\"2023-11-13T21:04:33+00:00\" \/>\n<meta property=\"og:image\" content=\"https:\/\/dhg1h5j42swfq.cloudfront.net\/2019\/05\/28160322\/deap-sc.jpg\" \/>\n\t<meta property=\"og:image:width\" content=\"400\" \/>\n\t<meta property=\"og:image:height\" content=\"209\" \/>\n\t<meta property=\"og:image:type\" content=\"image\/jpeg\" \/>\n<meta name=\"author\" content=\"Coordena\u00e7\u00e3o\" \/>\n<meta name=\"twitter:card\" content=\"summary_large_image\" \/>\n<meta name=\"twitter:creator\" content=\"@EstratConcursos\" \/>\n<meta name=\"twitter:site\" content=\"@EstratConcursos\" \/>\n<meta name=\"twitter:label1\" content=\"Escrito por\" \/>\n\t<meta name=\"twitter:data1\" content=\"Coordena\u00e7\u00e3o\" \/>\n\t<meta name=\"twitter:label2\" content=\"Est. tempo de leitura\" \/>\n\t<meta name=\"twitter:data2\" content=\"6 minutos\" \/>\n<script type=\"application\/ld+json\" class=\"yoast-schema-graph\">{\"@context\":\"https:\/\/schema.org\",\"@graph\":[{\"@type\":\"NewsArticle\",\"@id\":\"https:\/\/www.estrategiaconcursos.com.br\/blog\/concurso-policia-penal-sc\/#article\",\"isPartOf\":{\"@id\":\"https:\/\/www.estrategiaconcursos.com.br\/blog\/concurso-policia-penal-sc\/\"},\"author\":{\"name\":\"Coordena\u00e7\u00e3o\",\"@id\":\"https:\/\/www.estrategiaconcursos.com.br\/blog\/#\/schema\/person\/b4a388c97673c5f483d72185668afa1f\"},\"headline\":\"Concurso Pol\u00edcia Penal SC: novas nomea\u00e7\u00f5es s\u00e3o divulgadas!\",\"datePublished\":\"2023-05-15T19:32:07+00:00\",\"dateModified\":\"2023-11-13T21:04:33+00:00\",\"mainEntityOfPage\":{\"@id\":\"https:\/\/www.estrategiaconcursos.com.br\/blog\/concurso-policia-penal-sc\/\"},\"wordCount\":1256,\"commentCount\":11,\"publisher\":{\"@id\":\"https:\/\/www.estrategiaconcursos.com.br\/blog\/#organization\"},\"image\":{\"@id\":\"https:\/\/www.estrategiaconcursos.com.br\/blog\/concurso-policia-penal-sc\/#primaryimage\"},\"thumbnailUrl\":\"https:\/\/dhg1h5j42swfq.cloudfront.net\/2019\/05\/28160322\/deap-sc.jpg\",\"articleSection\":[\"Policial (Agente Penitenci\u00e1rio)\"],\"inLanguage\":\"pt-BR\",\"potentialAction\":[{\"@type\":\"CommentAction\",\"name\":\"Comment\",\"target\":[\"https:\/\/www.estrategiaconcursos.com.br\/blog\/concurso-policia-penal-sc\/#respond\"]}],\"copyrightYear\":\"2023\",\"copyrightHolder\":{\"@id\":\"https:\/\/www.estrategiaconcursos.com.br\/blog\/#organization\"}},{\"@type\":\"WebPage\",\"@id\":\"https:\/\/www.estrategiaconcursos.com.br\/blog\/concurso-policia-penal-sc\/\",\"url\":\"https:\/\/www.estrategiaconcursos.com.br\/blog\/concurso-policia-penal-sc\/\",\"name\":\"Concurso Pol\u00edcia Penal SC: novas nomea\u00e7\u00f5es s\u00e3o divulgadas!\",\"isPartOf\":{\"@id\":\"https:\/\/www.estrategiaconcursos.com.br\/blog\/#website\"},\"primaryImageOfPage\":{\"@id\":\"https:\/\/www.estrategiaconcursos.com.br\/blog\/concurso-policia-penal-sc\/#primaryimage\"},\"image\":{\"@id\":\"https:\/\/www.estrategiaconcursos.com.br\/blog\/concurso-policia-penal-sc\/#primaryimage\"},\"thumbnailUrl\":\"https:\/\/dhg1h5j42swfq.cloudfront.net\/2019\/05\/28160322\/deap-sc.jpg\",\"datePublished\":\"2023-05-15T19:32:07+00:00\",\"dateModified\":\"2023-11-13T21:04:33+00:00\",\"description\":\"Concurso Pol\u00edcia Penal SC: novas nomea\u00e7\u00f5es dos aprovados s\u00e3o divulgados. Edital foi publicado em 2019 com oferta de 600 vagas! Confira!\",\"breadcrumb\":{\"@id\":\"https:\/\/www.estrategiaconcursos.com.br\/blog\/concurso-policia-penal-sc\/#breadcrumb\"},\"inLanguage\":\"pt-BR\",\"potentialAction\":[{\"@type\":\"ReadAction\",\"target\":[\"https:\/\/www.estrategiaconcursos.com.br\/blog\/concurso-policia-penal-sc\/\"]}]},{\"@type\":\"ImageObject\",\"inLanguage\":\"pt-BR\",\"@id\":\"https:\/\/www.estrategiaconcursos.com.br\/blog\/concurso-policia-penal-sc\/#primaryimage\",\"url\":\"https:\/\/dhg1h5j42swfq.cloudfront.net\/2019\/05\/28160322\/deap-sc.jpg\",\"contentUrl\":\"https:\/\/dhg1h5j42swfq.cloudfront.net\/2019\/05\/28160322\/deap-sc.jpg\",\"width\":400,\"height\":209,\"caption\":\"concurso deap sc\"},{\"@type\":\"BreadcrumbList\",\"@id\":\"https:\/\/www.estrategiaconcursos.com.br\/blog\/concurso-policia-penal-sc\/#breadcrumb\",\"itemListElement\":[{\"@type\":\"ListItem\",\"position\":1,\"name\":\"In\u00edcio\",\"item\":\"https:\/\/www.estrategiaconcursos.com.br\/blog\/\"},{\"@type\":\"ListItem\",\"position\":2,\"name\":\"Concurso Pol\u00edcia Penal SC: novas nomea\u00e7\u00f5es s\u00e3o divulgadas!\"}]},{\"@type\":\"WebSite\",\"@id\":\"https:\/\/www.estrategiaconcursos.com.br\/blog\/#website\",\"url\":\"https:\/\/www.estrategiaconcursos.com.br\/blog\/\",\"name\":\"Estrat\u00e9gia Concursos\",\"description\":\"O blog da Estrat\u00e9gia Concursos traz not\u00edcias sobre concursos e artigos de professores oferecendo cursos para concursos (pdf + videaulas) no site.\",\"publisher\":{\"@id\":\"https:\/\/www.estrategiaconcursos.com.br\/blog\/#organization\"},\"potentialAction\":[{\"@type\":\"SearchAction\",\"target\":{\"@type\":\"EntryPoint\",\"urlTemplate\":\"https:\/\/www.estrategiaconcursos.com.br\/blog\/?s={search_term_string}\"},\"query-input\":{\"@type\":\"PropertyValueSpecification\",\"valueRequired\":true,\"valueName\":\"search_term_string\"}}],\"inLanguage\":\"pt-BR\"},{\"@type\":\"Organization\",\"@id\":\"https:\/\/www.estrategiaconcursos.com.br\/blog\/#organization\",\"name\":\"Estrat\u00e9gia Concursos\",\"url\":\"https:\/\/www.estrategiaconcursos.com.br\/blog\/\",\"logo\":{\"@type\":\"ImageObject\",\"inLanguage\":\"pt-BR\",\"@id\":\"https:\/\/www.estrategiaconcursos.com.br\/blog\/#\/schema\/logo\/image\/\",\"url\":\"https:\/\/dhg1h5j42swfq.cloudfront.net\/2025\/06\/03203428\/logo_concursos-1.jpg\",\"contentUrl\":\"https:\/\/dhg1h5j42swfq.cloudfront.net\/2025\/06\/03203428\/logo_concursos-1.jpg\",\"width\":230,\"height\":60,\"caption\":\"Estrat\u00e9gia Concursos\"},\"image\":{\"@id\":\"https:\/\/www.estrategiaconcursos.com.br\/blog\/#\/schema\/logo\/image\/\"},\"sameAs\":[\"https:\/\/x.com\/EstratConcursos\"]},{\"@type\":\"Person\",\"@id\":\"https:\/\/www.estrategiaconcursos.com.br\/blog\/#\/schema\/person\/b4a388c97673c5f483d72185668afa1f\",\"name\":\"Coordena\u00e7\u00e3o\",\"image\":{\"@type\":\"ImageObject\",\"inLanguage\":\"pt-BR\",\"@id\":\"https:\/\/secure.gravatar.com\/avatar\/b720319e4c9a967eb58678d110f4fe35452fc5d5f97b202bac7b8acceb18c6ad?s=96&d=mm&r=g\",\"url\":\"https:\/\/secure.gravatar.com\/avatar\/b720319e4c9a967eb58678d110f4fe35452fc5d5f97b202bac7b8acceb18c6ad?s=96&d=mm&r=g\",\"contentUrl\":\"https:\/\/secure.gravatar.com\/avatar\/b720319e4c9a967eb58678d110f4fe35452fc5d5f97b202bac7b8acceb18c6ad?s=96&d=mm&r=g\",\"caption\":\"Coordena\u00e7\u00e3o\"},\"sameAs\":[\"https:\/\/www.facebook.com\/EstrategiaConcursos\",\"https:\/\/x.com\/EstratConcursos\"],\"url\":\"https:\/\/www.estrategiaconcursos.com.br\/blog\/author\/estrategia2013\/\"}]}<\/script>\n<!-- \/ Yoast SEO Premium plugin. -->","yoast_head_json":{"title":"Concurso Pol\u00edcia Penal SC: novas nomea\u00e7\u00f5es s\u00e3o divulgadas!","description":"Concurso Pol\u00edcia Penal SC: novas nomea\u00e7\u00f5es dos aprovados s\u00e3o divulgados. Edital foi publicado em 2019 com oferta de 600 vagas! Confira!","robots":{"index":"index","follow":"follow","max-snippet":"max-snippet:-1","max-image-preview":"max-image-preview:large","max-video-preview":"max-video-preview:-1"},"canonical":"https:\/\/www.estrategiaconcursos.com.br\/blog\/concurso-policia-penal-sc\/","og_locale":"pt_BR","og_type":"article","og_title":"Concurso Pol\u00edcia Penal SC: novas nomea\u00e7\u00f5es s\u00e3o divulgadas!","og_description":"Concurso Pol\u00edcia Penal SC: novas nomea\u00e7\u00f5es dos aprovados s\u00e3o divulgados. Edital foi publicado em 2019 com oferta de 600 vagas! Confira!","og_url":"https:\/\/www.estrategiaconcursos.com.br\/blog\/concurso-policia-penal-sc\/","og_site_name":"Estrat\u00e9gia Concursos","article_author":"https:\/\/www.facebook.com\/EstrategiaConcursos","article_published_time":"2023-05-15T19:32:07+00:00","article_modified_time":"2023-11-13T21:04:33+00:00","og_image":[{"width":400,"height":209,"url":"https:\/\/dhg1h5j42swfq.cloudfront.net\/2019\/05\/28160322\/deap-sc.jpg","type":"image\/jpeg"}],"author":"Coordena\u00e7\u00e3o","twitter_card":"summary_large_image","twitter_creator":"@EstratConcursos","twitter_site":"@EstratConcursos","twitter_misc":{"Escrito por":"Coordena\u00e7\u00e3o","Est. tempo de leitura":"6 minutos"},"schema":{"@context":"https:\/\/schema.org","@graph":[{"@type":"NewsArticle","@id":"https:\/\/www.estrategiaconcursos.com.br\/blog\/concurso-policia-penal-sc\/#article","isPartOf":{"@id":"https:\/\/www.estrategiaconcursos.com.br\/blog\/concurso-policia-penal-sc\/"},"author":{"name":"Coordena\u00e7\u00e3o","@id":"https:\/\/www.estrategiaconcursos.com.br\/blog\/#\/schema\/person\/b4a388c97673c5f483d72185668afa1f"},"headline":"Concurso Pol\u00edcia Penal SC: novas nomea\u00e7\u00f5es s\u00e3o divulgadas!","datePublished":"2023-05-15T19:32:07+00:00","dateModified":"2023-11-13T21:04:33+00:00","mainEntityOfPage":{"@id":"https:\/\/www.estrategiaconcursos.com.br\/blog\/concurso-policia-penal-sc\/"},"wordCount":1256,"commentCount":11,"publisher":{"@id":"https:\/\/www.estrategiaconcursos.com.br\/blog\/#organization"},"image":{"@id":"https:\/\/www.estrategiaconcursos.com.br\/blog\/concurso-policia-penal-sc\/#primaryimage"},"thumbnailUrl":"https:\/\/dhg1h5j42swfq.cloudfront.net\/2019\/05\/28160322\/deap-sc.jpg","articleSection":["Policial (Agente Penitenci\u00e1rio)"],"inLanguage":"pt-BR","potentialAction":[{"@type":"CommentAction","name":"Comment","target":["https:\/\/www.estrategiaconcursos.com.br\/blog\/concurso-policia-penal-sc\/#respond"]}],"copyrightYear":"2023","copyrightHolder":{"@id":"https:\/\/www.estrategiaconcursos.com.br\/blog\/#organization"}},{"@type":"WebPage","@id":"https:\/\/www.estrategiaconcursos.com.br\/blog\/concurso-policia-penal-sc\/","url":"https:\/\/www.estrategiaconcursos.com.br\/blog\/concurso-policia-penal-sc\/","name":"Concurso Pol\u00edcia Penal SC: novas nomea\u00e7\u00f5es s\u00e3o divulgadas!","isPartOf":{"@id":"https:\/\/www.estrategiaconcursos.com.br\/blog\/#website"},"primaryImageOfPage":{"@id":"https:\/\/www.estrategiaconcursos.com.br\/blog\/concurso-policia-penal-sc\/#primaryimage"},"image":{"@id":"https:\/\/www.estrategiaconcursos.com.br\/blog\/concurso-policia-penal-sc\/#primaryimage"},"thumbnailUrl":"https:\/\/dhg1h5j42swfq.cloudfront.net\/2019\/05\/28160322\/deap-sc.jpg","datePublished":"2023-05-15T19:32:07+00:00","dateModified":"2023-11-13T21:04:33+00:00","description":"Concurso Pol\u00edcia Penal SC: novas nomea\u00e7\u00f5es dos aprovados s\u00e3o divulgados. Edital foi publicado em 2019 com oferta de 600 vagas! Confira!","breadcrumb":{"@id":"https:\/\/www.estrategiaconcursos.com.br\/blog\/concurso-policia-penal-sc\/#breadcrumb"},"inLanguage":"pt-BR","potentialAction":[{"@type":"ReadAction","target":["https:\/\/www.estrategiaconcursos.com.br\/blog\/concurso-policia-penal-sc\/"]}]},{"@type":"ImageObject","inLanguage":"pt-BR","@id":"https:\/\/www.estrategiaconcursos.com.br\/blog\/concurso-policia-penal-sc\/#primaryimage","url":"https:\/\/dhg1h5j42swfq.cloudfront.net\/2019\/05\/28160322\/deap-sc.jpg","contentUrl":"https:\/\/dhg1h5j42swfq.cloudfront.net\/2019\/05\/28160322\/deap-sc.jpg","width":400,"height":209,"caption":"concurso deap sc"},{"@type":"BreadcrumbList","@id":"https:\/\/www.estrategiaconcursos.com.br\/blog\/concurso-policia-penal-sc\/#breadcrumb","itemListElement":[{"@type":"ListItem","position":1,"name":"In\u00edcio","item":"https:\/\/www.estrategiaconcursos.com.br\/blog\/"},{"@type":"ListItem","position":2,"name":"Concurso Pol\u00edcia Penal SC: novas nomea\u00e7\u00f5es s\u00e3o divulgadas!"}]},{"@type":"WebSite","@id":"https:\/\/www.estrategiaconcursos.com.br\/blog\/#website","url":"https:\/\/www.estrategiaconcursos.com.br\/blog\/","name":"Estrat\u00e9gia Concursos","description":"O blog da Estrat\u00e9gia Concursos traz not\u00edcias sobre concursos e artigos de professores oferecendo cursos para concursos (pdf + videaulas) no site.","publisher":{"@id":"https:\/\/www.estrategiaconcursos.com.br\/blog\/#organization"},"potentialAction":[{"@type":"SearchAction","target":{"@type":"EntryPoint","urlTemplate":"https:\/\/www.estrategiaconcursos.com.br\/blog\/?s={search_term_string}"},"query-input":{"@type":"PropertyValueSpecification","valueRequired":true,"valueName":"search_term_string"}}],"inLanguage":"pt-BR"},{"@type":"Organization","@id":"https:\/\/www.estrategiaconcursos.com.br\/blog\/#organization","name":"Estrat\u00e9gia Concursos","url":"https:\/\/www.estrategiaconcursos.com.br\/blog\/","logo":{"@type":"ImageObject","inLanguage":"pt-BR","@id":"https:\/\/www.estrategiaconcursos.com.br\/blog\/#\/schema\/logo\/image\/","url":"https:\/\/dhg1h5j42swfq.cloudfront.net\/2025\/06\/03203428\/logo_concursos-1.jpg","contentUrl":"https:\/\/dhg1h5j42swfq.cloudfront.net\/2025\/06\/03203428\/logo_concursos-1.jpg","width":230,"height":60,"caption":"Estrat\u00e9gia Concursos"},"image":{"@id":"https:\/\/www.estrategiaconcursos.com.br\/blog\/#\/schema\/logo\/image\/"},"sameAs":["https:\/\/x.com\/EstratConcursos"]},{"@type":"Person","@id":"https:\/\/www.estrategiaconcursos.com.br\/blog\/#\/schema\/person\/b4a388c97673c5f483d72185668afa1f","name":"Coordena\u00e7\u00e3o","image":{"@type":"ImageObject","inLanguage":"pt-BR","@id":"https:\/\/secure.gravatar.com\/avatar\/b720319e4c9a967eb58678d110f4fe35452fc5d5f97b202bac7b8acceb18c6ad?s=96&d=mm&r=g","url":"https:\/\/secure.gravatar.com\/avatar\/b720319e4c9a967eb58678d110f4fe35452fc5d5f97b202bac7b8acceb18c6ad?s=96&d=mm&r=g","contentUrl":"https:\/\/secure.gravatar.com\/avatar\/b720319e4c9a967eb58678d110f4fe35452fc5d5f97b202bac7b8acceb18c6ad?s=96&d=mm&r=g","caption":"Coordena\u00e7\u00e3o"},"sameAs":["https:\/\/www.facebook.com\/EstrategiaConcursos","https:\/\/x.com\/EstratConcursos"],"url":"https:\/\/www.estrategiaconcursos.com.br\/blog\/author\/estrategia2013\/"}]}},"_links":{"self":[{"href":"https:\/\/www.estrategiaconcursos.com.br\/blog\/wp-json\/wp\/v2\/posts\/158313","targetHints":{"allow":["GET"]}}],"collection":[{"href":"https:\/\/www.estrategiaconcursos.com.br\/blog\/wp-json\/wp\/v2\/posts"}],"about":[{"href":"https:\/\/www.estrategiaconcursos.com.br\/blog\/wp-json\/wp\/v2\/types\/post"}],"author":[{"embeddable":true,"href":"https:\/\/www.estrategiaconcursos.com.br\/blog\/wp-json\/wp\/v2\/users\/1"}],"replies":[{"embeddable":true,"href":"https:\/\/www.estrategiaconcursos.com.br\/blog\/wp-json\/wp\/v2\/comments?post=158313"}],"version-history":[{"count":63,"href":"https:\/\/www.estrategiaconcursos.com.br\/blog\/wp-json\/wp\/v2\/posts\/158313\/revisions"}],"predecessor-version":[{"id":1306280,"href":"https:\/\/www.estrategiaconcursos.com.br\/blog\/wp-json\/wp\/v2\/posts\/158313\/revisions\/1306280"}],"wp:featuredmedia":[{"embeddable":true,"href":"https:\/\/www.estrategiaconcursos.com.br\/blog\/wp-json\/wp\/v2\/media\/379443"}],"wp:attachment":[{"href":"https:\/\/www.estrategiaconcursos.com.br\/blog\/wp-json\/wp\/v2\/media?parent=158313"}],"wp:term":[{"taxonomy":"category","embeddable":true,"href":"https:\/\/www.estrategiaconcursos.com.br\/blog\/wp-json\/wp\/v2\/categories?post=158313"},{"taxonomy":"post_tag","embeddable":true,"href":"https:\/\/www.estrategiaconcursos.com.br\/blog\/wp-json\/wp\/v2\/tags?post=158313"},{"taxonomy":"tax_estado","embeddable":true,"href":"https:\/\/www.estrategiaconcursos.com.br\/blog\/wp-json\/wp\/v2\/tax_estado?post=158313"}],"curies":[{"name":"wp","href":"https:\/\/api.w.org\/{rel}","templated":true}]}}