{"id":1581167,"date":"2025-05-30T18:00:00","date_gmt":"2025-05-30T21:00:00","guid":{"rendered":"https:\/\/www.estrategiaconcursos.com.br\/blog\/?p=1581167"},"modified":"2025-06-02T16:49:49","modified_gmt":"2025-06-02T19:49:49","slug":"concurso-editais-semana-26-a-30-05","status":"publish","type":"post","link":"https:\/\/www.estrategiaconcursos.com.br\/blog\/concurso-editais-semana-26-a-30-05\/","title":{"rendered":"Concursos P\u00fablicos: 32 editais esta semana; 1,1 esta semana!"},"content":{"rendered":"\n<p>Esta semana foi palco da abertura de <strong>32 editais<\/strong> para <strong>concursos<\/strong> p\u00fablicos, mas o quantitativo real de <strong>vagas<\/strong> parece um pouco menor do que o acostumado por muitos concurseiros.<\/p>\n\n\n\n<p>Ainda que as oportunidades estejam em n\u00famero inferior, as carreiras de prest\u00edgio de grande interesse chegaram \u00e0 pra\u00e7a!<\/p>\n\n\n\n<p>Estamos falando, por exemplo, do <strong>concurso TJ PR<\/strong>, que oferta 60 vagas imediatas para o cargo de T\u00e9cnico Judici\u00e1rio, cujo sal\u00e1rio inicial \u00e9 de R$ 9.582,99.<\/p>\n\n\n\n<p>Al\u00e9m dele, diversos outros certames chegaram no mundo dos concursos e voc\u00ea n\u00e3o pode deixar de conferir quais s\u00e3o!<\/p>\n\n\n\n<p>Quer ficar informado sobre TODOS os novos editais de concursos publicados na \u00faltima semana? <em><strong>Confira mais informa\u00e7\u00f5es ao longo deste artigo!<\/strong><\/em><\/p>\n\n\n\n<div class=\"container\" id=\"boxes\">\n  <div class=\"row\">\n\n    <div class=\"col-sm\">\n      <div class=\"banner-estrat-corj\" id=\"box-assinatura\">\n        <h3 class=\"titulo-assinatura\" style=\"text-align: left;\">Cursos para Concursos<\/h3>\n        <p class=\"subtitulo-assinatura\" style=\"text-align: left;\">Conhe\u00e7a os cursos<\/p>\n        <div class=\"box-botao\" style=\"text-align: left;\">\n          <a class=\"btn-assinatura\" target=\"_blank\" href=\"https:\/\/www.estrategiaconcursos.com.br\/cursos\/concurso\/\" role=\"button\" rel=\"noopener noreferrer\">CLIQUE AQUI<\/a>\n        <\/div>\n      <\/div><\/div><\/div><\/div>\n\n\n\n<ul id=\"indice\" class=\"wp-block-list\">\n<li><a href=\"#tribunais\">Tribunais<\/a><\/li>\n\n\n\n<li><a href=\"#camaras\">\u00c1rea Legislativa<\/a><\/li>\n\n\n\n<li><a href=\"#juridicas\">Carreiras Jur\u00eddicas<\/a><\/li>\n\n\n\n<li><a href=\"#outras\">Oportunidades em outras \u00e1reas<\/a><\/li>\n\n\n\n<li><a href=\"#prefeituras\">Prefeituras Municipais<\/a><\/li>\n<\/ul>\n\n\n\n<h3 class=\"wp-block-heading has-text-align-center has-background\" id=\"tribunais\" style=\"background-color:#e1eaf2\">Tribunais\/Procuradorias\/Minist\u00e9rios P\u00fablicos<\/h3>\n\n\n\n<h3 class=\"wp-block-heading\" id=\"h-tribunal-de-justica-do-parana-tj-pr\"><a href=\"https:\/\/www.estrategiaconcursos.com.br\/blog\/concurso-tj-pr-2025-edital-publicado\/\" target=\"_blank\" rel=\"noreferrer noopener\">Tribunal de Justi\u00e7a do Paran\u00e1<\/a> (TJ PR)<\/h3>\n\n\n\n<ul class=\"wp-block-list\">\n<li><strong>Banca:<\/strong> Instituto AOCP<\/li>\n\n\n\n<li><strong>Per\u00edodo de inscri\u00e7\u00f5es:<\/strong> at\u00e9 07\/07<\/li>\n\n\n\n<li><strong>Data da prova<\/strong>: 24\/08<\/li>\n\n\n\n<li><strong>Vagas:<\/strong> 60<\/li>\n\n\n\n<li><strong>Sal\u00e1rio inicial:<\/strong> R$ 9.582,99<\/li>\n\n\n\n<li><strong>Edital:<\/strong> <a href=\"https:\/\/dhg1h5j42swfq.cloudfront.net\/2025\/03\/27083147\/edital-concurso-tj-pr-2025.pdf\" target=\"_blank\" rel=\"noreferrer noopener nofollow\">TJ PR 2025 T\u00e9cnico<\/a><\/li>\n<\/ul>\n\n\n\n<h3 class=\"wp-block-heading has-text-align-center has-background\" id=\"camaras\" style=\"background-color:#e1eaf2\">\u00c1rea legislativa<\/h3>\n\n\n\n<h3 class=\"wp-block-heading\" id=\"h-camara-de-tres-passos-rs\"><a href=\"https:\/\/www.estrategiaconcursos.com.br\/blog\/concurso-camara-de-tres-passos-rs\/\" target=\"_blank\" rel=\"noreferrer noopener\">C\u00e2mara de Tr\u00eas Passos<\/a> (RS)<\/h3>\n\n\n\n<ul class=\"wp-block-list\">\n<li><strong>Banca:<\/strong> Legalle Concursos<\/li>\n\n\n\n<li><strong>Per\u00edodo de inscri\u00e7\u00f5es:<\/strong> at\u00e9 22\/06<\/li>\n\n\n\n<li><strong>Data da prova<\/strong>: 14\/09<\/li>\n\n\n\n<li><strong>Vagas:<\/strong> 01 + CR<\/li>\n\n\n\n<li><strong>Sal\u00e1rio inicial:<\/strong> R$ 4.630,94<\/li>\n\n\n\n<li><strong>Edital:<\/strong> <a href=\"https:\/\/dhg1h5j42swfq.cloudfront.net\/2025\/05\/27105605\/edital-camara-tres-passos-rs-2025.pdf\" target=\"_blank\" rel=\"noreferrer noopener nofollow\">C\u00e2mara de Tr\u00eas Passos RS 2025<\/a><\/li>\n<\/ul>\n\n\n\n<h3 class=\"wp-block-heading\" id=\"h-camara-de-porangatu-go\"><a href=\"https:\/\/www.estrategiaconcursos.com.br\/blog\/concurso-camara-de-porangatu-go\/\" target=\"_blank\" rel=\"noreferrer noopener\">C\u00e2mara de Porangatu<\/a> (GO)<\/h3>\n\n\n\n<ul class=\"wp-block-list\">\n<li><strong>Banca:<\/strong> Instituto Verbena<\/li>\n\n\n\n<li><strong>Per\u00edodo de inscri\u00e7\u00f5es:<\/strong> 24\/06 a 23\/07<\/li>\n\n\n\n<li><strong>Data da prova<\/strong>: 17\/08<\/li>\n\n\n\n<li><strong>Vagas:<\/strong> 15 + 45 CR<\/li>\n\n\n\n<li><strong>Sal\u00e1rio inicial:<\/strong> R$ 1.540,00 a R$ 3.110,00<\/li>\n\n\n\n<li><strong>Edital:<\/strong> <a href=\"https:\/\/dhg1h5j42swfq.cloudfront.net\/2025\/05\/27112850\/edital_consolidado_camara_porangatu.pdf\" target=\"_blank\" rel=\"noreferrer noopener nofollow\">C\u00e2mara de Porangatu 2025<\/a><\/li>\n<\/ul>\n\n\n\n<h3 class=\"wp-block-heading\" id=\"h-camara-de-barroso-mg\"><a href=\"https:\/\/www.estrategiaconcursos.com.br\/blog\/concurso-camara-de-barroso-mg\/\" target=\"_blank\" rel=\"noreferrer noopener\">C\u00e2mara de Barroso<\/a> (MG)<\/h3>\n\n\n\n<ul class=\"wp-block-list\">\n<li><strong>Banca:<\/strong> Exame Consultores<\/li>\n\n\n\n<li><strong>Per\u00edodo de inscri\u00e7\u00f5es:<\/strong> 30\/07 a 28\/08<\/li>\n\n\n\n<li><strong>Data da prova<\/strong>: 21\/09<\/li>\n\n\n\n<li><strong>Vagas:<\/strong> 01 + CR<\/li>\n\n\n\n<li><strong>Sal\u00e1rio inicial:<\/strong> R$ 2.730,31 a R$ 4.066,41<\/li>\n\n\n\n<li><strong>Edital:<\/strong> <a href=\"https:\/\/dhg1h5j42swfq.cloudfront.net\/2025\/05\/30085400\/332492ef-7cc6-4625-a78d-0a8dc952c5be.pdf\" target=\"_blank\" rel=\"noreferrer noopener nofollow\">C\u00e2mara de Barroso MG 2025<\/a><\/li>\n<\/ul>\n\n\n\n<h3 class=\"wp-block-heading has-text-align-center has-background\" id=\"juridicas\" style=\"background-color:#e1eaf2\">Carreiras Jur\u00eddicas<\/h3>\n\n\n\n<h3 class=\"wp-block-heading\" id=\"h-residencia-juridica-tj-pi\"><a href=\"https:\/\/cj.estrategia.com\/portal\/residencia-juridica-tj-pi\/\" target=\"_blank\" rel=\"noreferrer noopener\">Resid\u00eancia Jur\u00eddica TJ PI<\/a><\/h3>\n\n\n\n<ul class=\"wp-block-list\">\n<li><strong>Banca:<\/strong> TJPI<\/li>\n\n\n\n<li><strong>Per\u00edodo de inscri\u00e7\u00f5es:<\/strong> at\u00e9 10\/06<\/li>\n\n\n\n<li><strong>Data da prova<\/strong>: 20\/07<\/li>\n\n\n\n<li><strong>Vagas:<\/strong> 20 + CR<\/li>\n\n\n\n<li><strong>Sal\u00e1rio inicial:<\/strong>&nbsp;R$ 3.060,00<\/li>\n\n\n\n<li><strong>Edital:<\/strong> <a href=\"https:\/\/cj.estrategia.com\/portal\/wp-content\/uploads\/2025\/05\/26210928\/dj250523_10060.pdf\" target=\"_blank\" rel=\"noreferrer noopener nofollow\">Edital TJ PI \u2013 Resid\u00eancia Jur\u00eddica<\/a><\/li>\n<\/ul>\n\n\n\n<h3 class=\"wp-block-heading\" id=\"h-residencia-juridica-tjdft\"><a href=\"https:\/\/cj.estrategia.com\/portal\/residencia-juridica-tjdft\/\" target=\"_blank\" rel=\"noreferrer noopener\">Resid\u00eancia Jur\u00eddica TJDFT<\/a><\/h3>\n\n\n\n<ul class=\"wp-block-list\">\n<li><strong>Banca:<\/strong> Super Est\u00e1gios<\/li>\n\n\n\n<li><strong>Per\u00edodo de inscri\u00e7\u00f5es:<\/strong> at\u00e9 09\/06<\/li>\n\n\n\n<li><strong>Data da prova<\/strong>: 15\/06<\/li>\n\n\n\n<li><strong>Vagas:<\/strong> 68 + CR<\/li>\n\n\n\n<li><strong>Sal\u00e1rio inicial:<\/strong> R$ 3.100,00<\/li>\n\n\n\n<li><strong>Edital:<\/strong> <a href=\"https:\/\/cj.estrategia.com\/portal\/wp-content\/uploads\/2025\/05\/26214354\/225-1.pdf\" target=\"_blank\" rel=\"noreferrer noopener nofollow\">Edital TJDFT \u2013 Resid\u00eancia Jur\u00eddica<\/a><\/li>\n<\/ul>\n\n\n\n<h3 class=\"wp-block-heading has-text-align-center has-background\" id=\"educacao\" style=\"background-color:#e1eaf2\">Educa\u00e7\u00e3o<\/h3>\n\n\n\n<h3 class=\"wp-block-heading\" id=\"h-sme-itaitinga-ce\"><a href=\"https:\/\/www.estrategiaconcursos.com.br\/blog\/concurso-sme-itaitinga-ce\/\" target=\"_blank\" rel=\"noreferrer noopener\">SME Itaitinga<\/a> (CE)<\/h3>\n\n\n\n<ul class=\"wp-block-list\">\n<li><strong>Banca:<\/strong> Consulpam<\/li>\n\n\n\n<li><strong>Per\u00edodo de inscri\u00e7\u00f5es:<\/strong> at\u00e9 22\/06<\/li>\n\n\n\n<li><strong>Data da prova<\/strong>: 27\/07<\/li>\n\n\n\n<li><strong>Vagas:<\/strong> 290<\/li>\n\n\n\n<li><strong>Sal\u00e1rio inicial:<\/strong> at\u00e9 R$ 4.580,57<\/li>\n\n\n\n<li><strong>Edital:<\/strong> <a href=\"https:\/\/dhg1h5j42swfq.cloudfront.net\/2025\/05\/28091531\/20250527_172204_edital-001-2025-prefeitura-municipal-de-itaitinga-magisterio_27-05-2025-1.pdf\" target=\"_blank\" rel=\"noreferrer noopener nofollow\">SME Itaitinga 2025<\/a><\/li>\n<\/ul>\n\n\n\n<h3 class=\"wp-block-heading\" id=\"h-santos-educacao-sp\"><a href=\"https:\/\/www.estrategiaconcursos.com.br\/blog\/concurso-santos-sp-educacao\/\" target=\"_blank\" rel=\"noreferrer noopener\">Santos Educa\u00e7\u00e3o<\/a> (SP)<\/h3>\n\n\n\n<ul class=\"wp-block-list\">\n<li><strong>Banca:<\/strong> IBAM<\/li>\n\n\n\n<li><strong>Per\u00edodo de inscri\u00e7\u00f5es:<\/strong> at\u00e9 30\/06<\/li>\n\n\n\n<li><strong>Data da prova<\/strong>: 03\/08<\/li>\n\n\n\n<li><strong>Vagas:<\/strong> 52<\/li>\n\n\n\n<li><strong>Sal\u00e1rio inicial:<\/strong> R$ 3.203,38<\/li>\n\n\n\n<li><strong>Edital:<\/strong> <a href=\"https:\/\/dhg1h5j42swfq.cloudfront.net\/2025\/04\/29150525\/educacao-santos.pdf\" target=\"_blank\" rel=\"noreferrer noopener nofollow\">Santos Educa\u00e7\u00e3o<\/a><\/li>\n<\/ul>\n\n\n\n<h3 class=\"wp-block-heading\" id=\"h-sme-belo-jardim-pe\"><a href=\"https:\/\/www.estrategiaconcursos.com.br\/blog\/concurso-sme-belo-jardim-pe\/\" target=\"_blank\" rel=\"noreferrer noopener\">SME Belo Jardim<\/a> (PE)<\/h3>\n\n\n\n<ul class=\"wp-block-list\">\n<li><strong>Banca:<\/strong> Funda\u00e7\u00e3o Vale do Piau\u00ed<\/li>\n\n\n\n<li><strong>Per\u00edodo de inscri\u00e7\u00f5es:<\/strong> 09\/06 a 09\/07<\/li>\n\n\n\n<li><strong>Data da prova<\/strong>: 20\/07<\/li>\n\n\n\n<li><strong>Vagas:<\/strong> 100<\/li>\n\n\n\n<li><strong>Sal\u00e1rio inicial:<\/strong> at\u00e9 R$ 4.867,77<\/li>\n\n\n\n<li><strong>Edital:<\/strong> <a href=\"https:\/\/dhg1h5j42swfq.cloudfront.net\/2025\/05\/30075102\/edital-concurso-publico-belo-jardim-republicado-ok1-1-1.pdf\" target=\"_blank\" rel=\"noreferrer noopener nofollow\">SME Belo Jardim<\/a><\/li>\n<\/ul>\n\n\n\n<h3 class=\"wp-block-heading has-text-align-center has-background\" id=\"outras\" style=\"background-color:#e1eaf2\">Outras oportunidades<\/h3>\n\n\n\n<h3 class=\"wp-block-heading\" id=\"h-instituto-militar-de-engenharia-ime-cfrm-0\"><a href=\"https:\/\/www.estrategiaconcursos.com.br\/blog\/concurso-ime-cfrm-2025-edital-publicado\/\" target=\"_blank\" rel=\"noreferrer noopener\">Instituto Militar de Engenharia<\/a> (IME CFrm)<\/h3>\n\n\n\n<ul class=\"wp-block-list\">\n<li><strong>Banca:<\/strong> organiza\u00e7\u00e3o pr\u00f3pria<\/li>\n\n\n\n<li><strong>Per\u00edodo de inscri\u00e7\u00f5es:<\/strong> at\u00e9 09\/07<\/li>\n\n\n\n<li><strong>Data da prova<\/strong>: 25 e 26\/10<\/li>\n\n\n\n<li><strong>Vagas:<\/strong> 35<\/li>\n\n\n\n<li><strong>Sal\u00e1rio inicial:<\/strong>&nbsp;R$ 8.245,00<\/li>\n\n\n\n<li><strong>Edital:<\/strong> <a href=\"https:\/\/dhg1h5j42swfq.cloudfront.net\/2025\/05\/27061155\/edital-concurso-ime-2025.pdf\" target=\"_blank\" rel=\"noreferrer noopener nofollow\">IME CFrm 2025<\/a><\/li>\n<\/ul>\n\n\n\n<h3 class=\"wp-block-heading\" id=\"h-cremego-go\"><a href=\"https:\/\/www.estrategiaconcursos.com.br\/blog\/concurso-cremego\/\" target=\"_blank\" rel=\"noreferrer noopener\">CREMEGO<\/a> (GO)<\/h3>\n\n\n\n<ul class=\"wp-block-list\">\n<li><strong>Banca:<\/strong> Ibest<\/li>\n\n\n\n<li><strong>Per\u00edodo de inscri\u00e7\u00f5es:<\/strong> at\u00e9 26\/06<\/li>\n\n\n\n<li><strong>Data da prova<\/strong>: 27\/07<\/li>\n\n\n\n<li><strong>Vagas:<\/strong> 02 + CR<\/li>\n\n\n\n<li><strong>Sal\u00e1rio inicial:<\/strong> at\u00e9 R$ 6.158,43<\/li>\n\n\n\n<li><strong>Edital:<\/strong> <a href=\"https:\/\/anexos.cdn.selecao.net.br\/uploads\/567\/concursos\/2760\/anexos\/ixWig1vXl6uuvIoNT8FAY926m1eyPwroN3PuhySz.pdf\" target=\"_blank\" rel=\"noreferrer noopener nofollow\">CREMEGO 2024<\/a><\/li>\n<\/ul>\n\n\n\n<h3 class=\"wp-block-heading\" id=\"h-sao-joao-prev-sp\"><a href=\"https:\/\/www.estrategiaconcursos.com.br\/blog\/concurso-sao-joao-prev\/\" target=\"_blank\" rel=\"noreferrer noopener\">S\u00e3o Jo\u00e3o Prev<\/a> (SP)<\/h3>\n\n\n\n<ul class=\"wp-block-list\">\n<li><strong>Banca:<\/strong> Funda\u00e7\u00e3o Fafipa<\/li>\n\n\n\n<li><strong>Per\u00edodo de inscri\u00e7\u00f5es:<\/strong> 02\/06 a 02\/07<\/li>\n\n\n\n<li><strong>Data da prova<\/strong>: 27\/07<\/li>\n\n\n\n<li><strong>Vagas:<\/strong> CR<\/li>\n\n\n\n<li><strong>Sal\u00e1rio inicial:<\/strong> R$ 2.388,59 a R$ 7.278,08<\/li>\n\n\n\n<li><strong>Edital:<\/strong> <a href=\"https:\/\/dhg1h5j42swfq.cloudfront.net\/2025\/05\/27094456\/ac648b6b-0fd4-4296-838a-f2a4657c15e9.pdf\" target=\"_blank\" rel=\"noreferrer noopener nofollow\">Edital S\u00e3o Jo\u00e3o Prev<\/a><\/li>\n<\/ul>\n\n\n\n<h3 class=\"wp-block-heading\" id=\"h-conrerp-2-sp-e-pr\"><a href=\"https:\/\/www.estrategiaconcursos.com.br\/blog\/concurso-conrerp-sp-pr\/\" target=\"_blank\" rel=\"noreferrer noopener\">Conrerp 2<\/a> (SP e PR)<\/h3>\n\n\n\n<ul class=\"wp-block-list\">\n<li><strong>Banca:<\/strong> Instituto Quadrix<\/li>\n\n\n\n<li><strong>Per\u00edodo de inscri\u00e7\u00f5es:<\/strong> at\u00e9 07\/07<\/li>\n\n\n\n<li><strong>Data da prova<\/strong>: 03\/08<\/li>\n\n\n\n<li><strong>Vagas:<\/strong> 1 + 59 CR<\/li>\n\n\n\n<li><strong>Sal\u00e1rio inicial:<\/strong> at\u00e9 R$ 3.200,00<\/li>\n\n\n\n<li><strong>Edital:<\/strong> <a href=\"https:\/\/dhg1h5j42swfq.cloudfront.net\/2025\/05\/28110117\/1_conrerp-2-_concurso_publico_2025_edital_1_abertura.pdf\" target=\"_blank\" rel=\"noreferrer noopener nofollow\">Conrerp 2<\/a><\/li>\n<\/ul>\n\n\n\n<h3 class=\"wp-block-heading has-text-align-center has-background\" id=\"prefeituras\" style=\"background-color:#e1eaf2\">Prefeituras Municipais<\/h3>\n\n\n\n<h3 class=\"wp-block-heading\" id=\"h-prefeitura-de-tiete-sp\"><a href=\"https:\/\/www.estrategiaconcursos.com.br\/blog\/concurso-prefeitura-tiete\/\" target=\"_blank\" rel=\"noreferrer noopener\">Prefeitura de Tiet\u00ea<\/a> (SP)<\/h3>\n\n\n\n<ul class=\"wp-block-list\">\n<li><strong>Banca:<\/strong> Instituto Mais<\/li>\n\n\n\n<li><strong>Per\u00edodo de inscri\u00e7\u00f5es:<\/strong> 02\/06 a 07\/07 | a 10\/07 <\/li>\n\n\n\n<li><strong>Data da prova<\/strong>: 03, 17 e 24\/08<\/li>\n\n\n\n<li><strong>Vagas:<\/strong> 39 + CR<\/li>\n\n\n\n<li><strong>Sal\u00e1rio inicial:<\/strong> <\/li>\n\n\n\n<li><strong>Edital:<\/strong> <a href=\"https:\/\/dhg1h5j42swfq.cloudfront.net\/2025\/05\/26083631\/2-10.pdf\" target=\"_blank\" rel=\"noreferrer noopener nofollow\">Edital 02<\/a>&nbsp;|&nbsp;<a href=\"https:\/\/dhg1h5j42swfq.cloudfront.net\/2025\/05\/26083626\/3-6.pdf\" target=\"_blank\" rel=\"noreferrer noopener nofollow\">Edital 03<\/a>&nbsp;|&nbsp;<a href=\"https:\/\/dhg1h5j42swfq.cloudfront.net\/2025\/05\/26083622\/4-2.pdf\" target=\"_blank\" rel=\"noreferrer noopener nofollow\">Edital 04<\/a><\/li>\n<\/ul>\n\n\n\n<h3 class=\"wp-block-heading\" id=\"h-prefeitura-de-formosa-do-oeste-pr\"><a href=\"https:\/\/www.estrategiaconcursos.com.br\/blog\/concurso-prefeitura-formosa-oeste\/\" target=\"_blank\" rel=\"noreferrer noopener\">Prefeitura de Formosa do Oeste<\/a> (PR)<\/h3>\n\n\n\n<ul class=\"wp-block-list\">\n<li><strong>Banca:<\/strong> FADEC<\/li>\n\n\n\n<li><strong>Per\u00edodo de inscri\u00e7\u00f5es:<\/strong> 29\/05 a 17\/06<\/li>\n\n\n\n<li><strong>Data da prova<\/strong>: 06\/07<\/li>\n\n\n\n<li><strong>Vagas:<\/strong> 29<\/li>\n\n\n\n<li><strong>Sal\u00e1rio inicial:<\/strong> R$ 1.787,22 a R$ 7.363,23<\/li>\n\n\n\n<li><strong>Edital:<\/strong> <a href=\"https:\/\/dhg1h5j42swfq.cloudfront.net\/2025\/05\/26140844\/formosa-do-oeste.pdf\" target=\"_blank\" rel=\"noreferrer noopener nofollow\">Formosa do Oeste 2025<\/a><\/li>\n<\/ul>\n\n\n\n<h3 class=\"wp-block-heading\" id=\"h-prefeitura-de-lajeado-rs\"><a href=\"https:\/\/www.estrategiaconcursos.com.br\/blog\/concurso-prefeitura-lajeado-rs\/\" target=\"_blank\" rel=\"noreferrer noopener\">Prefeitura de Lajeado<\/a> (RS)<\/h3>\n\n\n\n<ul class=\"wp-block-list\">\n<li><strong>Banca:<\/strong> Fundatec<\/li>\n\n\n\n<li><strong>Per\u00edodo de inscri\u00e7\u00f5es:<\/strong> at\u00e9 26\/06<\/li>\n\n\n\n<li><strong>Data da prova<\/strong>: 27\/07<\/li>\n\n\n\n<li><strong>Vagas:<\/strong> 40 + CR<\/li>\n\n\n\n<li><strong>Sal\u00e1rio inicial:<\/strong> R$ 1.955,33 a R$ 8.489,12<\/li>\n\n\n\n<li><strong>Edital:<\/strong> <a href=\"https:\/\/dhg1h5j42swfq.cloudfront.net\/2025\/05\/26135218\/edital_2_68345ddec720a.pdf\" target=\"_blank\" rel=\"noreferrer noopener nofollow\">Lajeado 2025<\/a><\/li>\n<\/ul>\n\n\n\n<h3 class=\"wp-block-heading\" id=\"h-prefeitura-de-sao-pedro-do-turvo-sp\"><a href=\"https:\/\/www.estrategiaconcursos.com.br\/blog\/concurso-prefeitura-sao-pedro-do-turvo\/\" target=\"_blank\" rel=\"noreferrer noopener\">Prefeitura de S\u00e3o Pedro do Turvo<\/a> (SP)<\/h3>\n\n\n\n<ul class=\"wp-block-list\">\n<li><strong>Banca:<\/strong> Imp\u00e9rio<\/li>\n\n\n\n<li><strong>Per\u00edodo de inscri\u00e7\u00f5es:<\/strong> at\u00e9 09\/06<\/li>\n\n\n\n<li><strong>Data da prova<\/strong>: 22\/06<\/li>\n\n\n\n<li><strong>Vagas:<\/strong> 06<\/li>\n\n\n\n<li><strong>Sal\u00e1rio inicial:<\/strong> &nbsp;R$ 2.001,51 a R$ 5.662,99<\/li>\n\n\n\n<li><strong>Edital:<\/strong> <a href=\"https:\/\/dhg1h5j42swfq.cloudfront.net\/2025\/05\/26164111\/turvo.pdf\" target=\"_blank\" rel=\"noreferrer noopener nofollow\">S\u00e3o Pedro do Turvo 2025<\/a><\/li>\n<\/ul>\n\n\n\n<h3 class=\"wp-block-heading\" id=\"h-prefeitura-de-santa-cruz-de-minas-mg\"><a href=\"https:\/\/www.estrategiaconcursos.com.br\/blog\/concurso-prefeitura-santa-cruz-de-minas\/\" target=\"_blank\" rel=\"noreferrer noopener\">Prefeitura de Santa Cruz de Minas<\/a> (MG)<\/h3>\n\n\n\n<ul class=\"wp-block-list\">\n<li><strong>Banca:<\/strong> JCM Consultoria<\/li>\n\n\n\n<li><strong>Per\u00edodo de inscri\u00e7\u00f5es:<\/strong> 11\/08 a 10\/09<\/li>\n\n\n\n<li><strong>Data da prova<\/strong>: 19\/10<\/li>\n\n\n\n<li><strong>Vagas:<\/strong> 54<\/li>\n\n\n\n<li><strong>Sal\u00e1rio inicial:<\/strong> R$ 1.553,20 a R$ 8.977,99<\/li>\n\n\n\n<li><strong>Edital:<\/strong> <strong><a href=\"https:\/\/dhg1h5j42swfq.cloudfront.net\/2025\/05\/27144627\/santa-cruz-de-minas.pdf\" target=\"_blank\" rel=\"noreferrer noopener nofollow\">Santa Cruz de Minas 2025<\/a><\/strong><\/li>\n<\/ul>\n\n\n\n<h3 class=\"wp-block-heading\" id=\"h-prefeitura-de-sarapui-sp\"><a href=\"https:\/\/www.estrategiaconcursos.com.br\/blog\/concurso-prefeitura-sarapui\/\" target=\"_blank\" rel=\"noreferrer noopener\">Prefeitura de Sarapu\u00ed<\/a> (SP)<\/h3>\n\n\n\n<ul class=\"wp-block-list\">\n<li><strong>Banca:<\/strong> Publiconsult<\/li>\n\n\n\n<li><strong>Per\u00edodo de inscri\u00e7\u00f5es:<\/strong> at\u00e9 13\/06<\/li>\n\n\n\n<li><strong>Data da prova<\/strong>: 29\/06<\/li>\n\n\n\n<li><strong>Vagas:<\/strong> 02<\/li>\n\n\n\n<li><strong>Sal\u00e1rio inicial:<\/strong> R$ 1.709,99 a R$ 2.011,70<\/li>\n\n\n\n<li><strong>Edital:<\/strong> <a href=\"https:\/\/dhg1h5j42swfq.cloudfront.net\/2025\/05\/27105031\/pm-sarapui-cp-04-2025-edital-de-abertura-de-inscricoes.pdf\" target=\"_blank\" rel=\"noreferrer noopener nofollow\">Prefeitura de Sarapu\u00ed 2025<\/a><\/li>\n<\/ul>\n\n\n\n<h3 class=\"wp-block-heading\" id=\"h-prefeitura-de-piraju-sp\"><a href=\"https:\/\/www.estrategiaconcursos.com.br\/blog\/concurso-prefeitura-piraju\/\" target=\"_blank\" rel=\"noreferrer noopener\">Prefeitura de Piraju<\/a> (SP)<\/h3>\n\n\n\n<ul class=\"wp-block-list\">\n<li><strong>Banca:<\/strong> Fronte<\/li>\n\n\n\n<li><strong>Per\u00edodo de inscri\u00e7\u00f5es:<\/strong> at\u00e9 25\/06<\/li>\n\n\n\n<li><strong>Data da prova<\/strong>: 27\/07<\/li>\n\n\n\n<li><strong>Vagas:<\/strong> 44<\/li>\n\n\n\n<li><strong>Sal\u00e1rio inicial:<\/strong> R$ 5.326,20 a R$ 5.425,65<\/li>\n\n\n\n<li><strong>Edital:<\/strong> <a href=\"https:\/\/dhg1h5j42swfq.cloudfront.net\/2025\/05\/27112500\/edital-piraju.pdf\" target=\"_blank\" rel=\"noreferrer noopener nofollow\">Piraju&nbsp;2025<\/a><\/li>\n<\/ul>\n\n\n\n<h3 class=\"wp-block-heading\" id=\"h-prefeitura-de-itaiopolis-sc\"><a href=\"https:\/\/www.estrategiaconcursos.com.br\/blog\/concurso-prefeitura-itaiopolis\/\" target=\"_blank\" rel=\"noreferrer noopener\">Prefeitura de Itai\u00f3polis<\/a> (SC)<\/h3>\n\n\n\n<ul class=\"wp-block-list\">\n<li><strong>Banca:<\/strong> Instituto Tupy<\/li>\n\n\n\n<li><strong>Per\u00edodo de inscri\u00e7\u00f5es:<\/strong> at\u00e9 30\/06<\/li>\n\n\n\n<li><strong>Data da prova<\/strong>: 03\/08<\/li>\n\n\n\n<li><strong>Vagas:<\/strong> 15 + CR<\/li>\n\n\n\n<li><strong>Sal\u00e1rio inicial:<\/strong> R$ 2.254,01 a R$ 15.823,15<\/li>\n\n\n\n<li><strong>Edital:<\/strong>&nbsp;<a href=\"https:\/\/dhg1h5j42swfq.cloudfront.net\/2025\/05\/28084200\/1-11.pdf\" target=\"_blank\" rel=\"noreferrer noopener nofollow\">Edital 1<\/a>&nbsp;|&nbsp;<a href=\"https:\/\/dhg1h5j42swfq.cloudfront.net\/2025\/05\/28084148\/2-13.pdf\" target=\"_blank\" rel=\"noreferrer noopener nofollow\">Edital 2<\/a>&nbsp;|&nbsp;<a href=\"https:\/\/dhg1h5j42swfq.cloudfront.net\/2025\/05\/28084152\/3-8.pdf\" target=\"_blank\" rel=\"noreferrer noopener nofollow\">Edital 3<\/a>&nbsp;|&nbsp;<a href=\"https:\/\/dhg1h5j42swfq.cloudfront.net\/2025\/05\/28084156\/4-3.pdf\" target=\"_blank\" rel=\"noreferrer noopener nofollow\">Edital 4<\/a><\/li>\n<\/ul>\n\n\n\n<h3 class=\"wp-block-heading\" id=\"h-prefeitura-de-dionisio-mg\"><a href=\"https:\/\/www.estrategiaconcursos.com.br\/blog\/concurso-prefeitura-dionisio\/\" target=\"_blank\" rel=\"noreferrer noopener\">Prefeitura de Dion\u00edsio<\/a> (MG)<\/h3>\n\n\n\n<ul class=\"wp-block-list\">\n<li><strong>Banca:<\/strong> Exame<\/li>\n\n\n\n<li><strong>Per\u00edodo de inscri\u00e7\u00f5es:<\/strong> 30\/07 a 28\/08<\/li>\n\n\n\n<li><strong>Data da prova<\/strong>: 21\/09<\/li>\n\n\n\n<li><strong>Vagas:<\/strong> 72<\/li>\n\n\n\n<li><strong>Sal\u00e1rio inicial:<\/strong> R$ 1.518,00 a R$ 2.980,69<\/li>\n\n\n\n<li><strong>Edital:<\/strong> <a href=\"https:\/\/dhg1h5j42swfq.cloudfront.net\/2025\/05\/28114732\/dionisio-1.pdf\" target=\"_blank\" rel=\"noreferrer noopener nofollow\">Dion\u00edsio 2025<\/a><\/li>\n<\/ul>\n\n\n\n<h3 class=\"wp-block-heading\" id=\"h-prefeitu-ra-de-nonoai-rs\"><a href=\"https:\/\/www.estrategiaconcursos.com.br\/blog\/concurso-prefeitura-nonoai\/\" target=\"_blank\" rel=\"noreferrer noopener\">Prefeitu<\/a><a href=\"https:\/\/www.estrategiaconcursos.com.br\/blog\/concurso-prefeitura-nonoai\/\">ra de Nonoai<\/a> (RS)<\/h3>\n\n\n\n<ul class=\"wp-block-list\">\n<li><strong>Banca:<\/strong> Objetiva<\/li>\n\n\n\n<li><strong>Per\u00edodo de inscri\u00e7\u00f5es:<\/strong> 04\/06 a 04\/07<\/li>\n\n\n\n<li><strong>Data da prova<\/strong>: 26 e 27\/07<\/li>\n\n\n\n<li><strong>Vagas:<\/strong> CR<\/li>\n\n\n\n<li><strong>Sal\u00e1rio inicial:<\/strong> R$ 1.734,54 a R$ 6.345,92<\/li>\n\n\n\n<li><strong>Edital:<\/strong> <a href=\"https:\/\/dhg1h5j42swfq.cloudfront.net\/2025\/05\/30150643\/nonoai.pdf\" target=\"_blank\" rel=\"noreferrer noopener nofollow\">Edital Nonoai<\/a><\/li>\n<\/ul>\n\n\n\n<h3 class=\"wp-block-heading\" id=\"h-prefeitura-de-santa-izabel-do-oeste-pr\"><a href=\"https:\/\/www.estrategiaconcursos.com.br\/blog\/concurso-prefeitura-santa-izabel-do-oeste\/\" target=\"_blank\" rel=\"noreferrer noopener\">Prefeitura de Santa Izabel do Oeste<\/a> (PR)<\/h3>\n\n\n\n<ul class=\"wp-block-list\">\n<li><strong>Banca:<\/strong> Funtef<\/li>\n\n\n\n<li><strong>Per\u00edodo de inscri\u00e7\u00f5es:<\/strong> 09\/06 a 10\/07<\/li>\n\n\n\n<li><strong>Data da prova<\/strong>: 17\/08<\/li>\n\n\n\n<li><strong>Vagas:<\/strong> 24<\/li>\n\n\n\n<li><strong>Sal\u00e1rio inicial:<\/strong> R$ 1.791,07 a R$ 15.245,78<\/li>\n\n\n\n<li><strong>Edital:<\/strong> <a href=\"https:\/\/dhg1h5j42swfq.cloudfront.net\/2025\/05\/30120851\/edital-1.pdf\" target=\"_blank\" rel=\"noreferrer noopener nofollow\">Edital 1<\/a>&nbsp;\u2013&nbsp;<a href=\"https:\/\/dhg1h5j42swfq.cloudfront.net\/2025\/05\/30120854\/edital-2.pdf\" target=\"_blank\" rel=\"noreferrer noopener nofollow\">Edital 2<\/a><\/li>\n<\/ul>\n\n\n\n<h3 class=\"wp-block-heading\" id=\"h-prefeitura-de-porangaba-sp\"><a href=\"https:\/\/www.estrategiaconcursos.com.br\/blog\/concurso-prefeitura-porangaba\/\" target=\"_blank\" rel=\"noreferrer noopener\">Prefeitura de Porangaba<\/a> (SP)<\/h3>\n\n\n\n<ul class=\"wp-block-list\">\n<li><strong>Banca:<\/strong> Nosso Rumo<\/li>\n\n\n\n<li><strong>Per\u00edodo de inscri\u00e7\u00f5es:<\/strong> 04\/06 a 03\/07<\/li>\n\n\n\n<li><strong>Data da prova<\/strong>: 03\/08<\/li>\n\n\n\n<li><strong>Vagas:<\/strong> 09 + CR<\/li>\n\n\n\n<li><strong>Sal\u00e1rio inicial:<\/strong> R$ 1.760,41 e R$ 5.243,64<\/li>\n\n\n\n<li><strong>Edital:<\/strong> <a href=\"https:\/\/dhg1h5j42swfq.cloudfront.net\/2025\/05\/29130616\/edital-de-abertura.pdf\" target=\"_blank\" rel=\"noreferrer noopener\">Edital 1<\/a>&nbsp;\u2013&nbsp;<a href=\"https:\/\/dhg1h5j42swfq.cloudfront.net\/2025\/05\/29130612\/edital-de-abertura-2.pdf\" target=\"_blank\" rel=\"noreferrer noopener\">Edital 2<\/a><\/li>\n<\/ul>\n\n\n\n<h3 class=\"wp-block-heading\" id=\"h-prefeitura-de-recreio-mg\"><a href=\"https:\/\/www.estrategiaconcursos.com.br\/blog\/concurso-prefeitura-recreio\/\">Prefeitura de Recreio<\/a> (MG)<\/h3>\n\n\n\n<ul class=\"wp-block-list\">\n<li><strong>Banca:<\/strong> Instituto Refer\u00eancia<\/li>\n\n\n\n<li><strong>Per\u00edodo de inscri\u00e7\u00f5es:<\/strong> 01 a 29\/08<\/li>\n\n\n\n<li><strong>Data da prova<\/strong>: 26\/10<\/li>\n\n\n\n<li><strong>Vagas:<\/strong> 34<\/li>\n\n\n\n<li><strong>Sal\u00e1rio inicial:<\/strong> R$ 1.518,00 e R$ 10.500,00<\/li>\n\n\n\n<li><strong>Edital:<\/strong> <a href=\"https:\/\/dhg1h5j42swfq.cloudfront.net\/2025\/05\/30161305\/ffa8f43a-7cad-4346-af3b-dbe36fffc0aa.pdf\" target=\"_blank\" rel=\"noreferrer noopener nofollow\">Recreio 2025<\/a><\/li>\n<\/ul>\n\n\n\n<h3 class=\"wp-block-heading has-text-align-center\" id=\"h-quer-ficar-por-dentro-de-mais-informacoes-sobre-o-mundo-dos-concursos-alem-dos-editais-da-semana-entao-confira-as-principais-noticias-do-dia\"><em>Quer ficar por dentro de mais informa\u00e7\u00f5es sobre o mundo dos concursos, al\u00e9m dos editais da semana? Ent\u00e3o confira as principais not\u00edcias do dia!<\/em><\/h3>\n\n\n\n<p class=\"has-text-align-center has-background\" style=\"background-color:#ededed;font-size:clamp(14.642px, 0.915rem + ((1vw - 3.2px) * 0.721), 22px);px\"><strong><a href=\"https:\/\/www.estrategiaconcursos.com.br\/blog\/principais-noticias-do-dia\/\" target=\"_blank\" rel=\"noreferrer noopener\">Principais not\u00edcias do dia<\/a><\/strong><\/p>\n\n\n\n<div class=\"container\" id=\"boxes\">\r\n  <div class=\"row\">\r\n\r\n    <div class=\"col-sm\">\r\n      <div class=\"estrategia\" id=\"box-assinatura\">\r\n        <h3 class=\"titulo-assinatura\">Assinatura Concursos<\/h3>\r\n        <p class=\"subtitulo-assinatura\">Assinatura de 1 ano ou 2 anos<\/p>\r\n        <div class=\"box-botao\">\r\n          <a class=\"btn-assinatura\" target=\"_blank\" href=\"https:\/\/www.estrategiaconcursos.com.br\/assinaturas\/\" role=\"button\" rel=\"noopener noreferrer\">ASSINE AGORA<\/a>\r\n        <\/div>\r\n      <\/div><\/div><\/div><\/div>\n\n\n\n<h2 class=\"wp-block-heading has-text-align-center\" id=\"h-quer-saber-tudo-sobre-concursos-previstos-e-editais-da-semana-confira-os-nossos-artigos\">Quer saber tudo sobre concursos previstos e editais da semana?<br \/>Confira os nossos artigos!<\/h2>\n\n\n\n<ul class=\"wp-block-list\">\n<li><a href=\"https:\/\/www.estrategiaconcursos.com.br\/blog\/concursos-abertos\/\" target=\"_blank\" rel=\"noreferrer noopener\">Concursos Abertos<\/a><\/li>\n\n\n\n<li><a href=\"https:\/\/www.estrategiaconcursos.com.br\/blog\/concursos-prefeitura\/\" target=\"_blank\" rel=\"noreferrer noopener\">Concursos Abertos Prefeitura<\/a><\/li>\n\n\n\n<li><a href=\"https:\/\/www.estrategiaconcursos.com.br\/blog\/concursos-2025\/\" target=\"_blank\" rel=\"noreferrer noopener\">Concursos 2025<\/a><\/li>\n\n\n\n<li><a href=\"https:\/\/www.estrategiaconcursos.com.br\/blog\/concursos-2026\/\" target=\"_blank\" rel=\"noreferrer noopener\">Concursos 2026<\/a><\/li>\n<\/ul>\n","protected":false},"excerpt":{"rendered":"<p>Esta semana foi palco da abertura de 32 editais para concursos p\u00fablicos, mas o quantitativo real de vagas parece um pouco menor do que o acostumado por muitos concurseiros. Ainda que as oportunidades estejam em n\u00famero inferior, as carreiras de prest\u00edgio de grande interesse chegaram \u00e0 pra\u00e7a! Estamos falando, por exemplo, do concurso TJ PR, [&hellip;]<\/p>\n","protected":false},"author":2692,"featured_media":1445265,"comment_status":"open","ping_status":"closed","sticky":false,"template":"","format":"standard","meta":{"post_tipo":"news","footnotes":""},"categories":[1,220219],"tags":[],"tax_estado":[219963],"class_list":["post-1581167","post","type-post","status-publish","format-standard","has-post-thumbnail","hentry","category-cursos-e-concursos","category-noticias","tax_estado-concursos-federais"],"acf":[],"yoast_head":"<!-- This site is optimized with the Yoast SEO Premium plugin v27.2 (Yoast SEO v27.2) - https:\/\/yoast.com\/product\/yoast-seo-premium-wordpress\/ -->\n<title>Concursos P\u00fablicos: 32 editais esta semana; 1,1 esta semana!<\/title>\n<meta name=\"description\" content=\"Concurso P\u00fablico 2025: 32 editais sa\u00edram ao longo desta semana (26 a 30\/05). Confira o n\u00famero de oportunidades, remunera\u00e7\u00e3o e datas.\" \/>\n<meta name=\"robots\" content=\"index, follow, max-snippet:-1, max-image-preview:large, max-video-preview:-1\" \/>\n<link rel=\"canonical\" href=\"https:\/\/www.estrategiaconcursos.com.br\/blog\/concurso-editais-semana-26-a-30-05\/\" \/>\n<meta property=\"og:locale\" content=\"pt_BR\" \/>\n<meta property=\"og:type\" content=\"article\" \/>\n<meta property=\"og:title\" content=\"Concursos P\u00fablicos: 32 editais esta semana; 1,1 esta semana!\" \/>\n<meta property=\"og:description\" content=\"Concurso P\u00fablico 2025: 32 editais sa\u00edram ao longo desta semana (26 a 30\/05). Confira o n\u00famero de oportunidades, remunera\u00e7\u00e3o e datas.\" \/>\n<meta property=\"og:url\" content=\"https:\/\/www.estrategiaconcursos.com.br\/blog\/concurso-editais-semana-26-a-30-05\/\" \/>\n<meta property=\"og:site_name\" content=\"Estrat\u00e9gia Concursos\" \/>\n<meta property=\"article:published_time\" content=\"2025-05-30T21:00:00+00:00\" \/>\n<meta property=\"article:modified_time\" content=\"2025-06-02T19:49:49+00:00\" \/>\n<meta property=\"og:image\" content=\"https:\/\/dhg1h5j42swfq.cloudfront.net\/2024\/08\/14120803\/concursos-2025-1.png\" \/>\n\t<meta property=\"og:image:width\" content=\"692\" \/>\n\t<meta property=\"og:image:height\" content=\"393\" \/>\n\t<meta property=\"og:image:type\" content=\"image\/png\" \/>\n<meta name=\"author\" content=\"Ronaldo Scanavini Neto\" \/>\n<meta name=\"twitter:card\" content=\"summary_large_image\" \/>\n<meta name=\"twitter:creator\" content=\"@EstratConcursos\" \/>\n<meta name=\"twitter:site\" content=\"@EstratConcursos\" \/>\n<meta name=\"twitter:label1\" content=\"Escrito por\" \/>\n\t<meta name=\"twitter:data1\" content=\"Ronaldo Scanavini Neto\" \/>\n\t<meta name=\"twitter:label2\" content=\"Est. tempo de leitura\" \/>\n\t<meta name=\"twitter:data2\" content=\"5 minutos\" \/>\n<script type=\"application\/ld+json\" class=\"yoast-schema-graph\">{\"@context\":\"https:\/\/schema.org\",\"@graph\":[{\"@type\":\"NewsArticle\",\"@id\":\"https:\/\/www.estrategiaconcursos.com.br\/blog\/concurso-editais-semana-26-a-30-05\/#article\",\"isPartOf\":{\"@id\":\"https:\/\/www.estrategiaconcursos.com.br\/blog\/concurso-editais-semana-26-a-30-05\/\"},\"author\":{\"name\":\"Ronaldo Scanavini Neto\",\"@id\":\"https:\/\/www.estrategiaconcursos.com.br\/blog\/#\/schema\/person\/70c2ad4297aa24ff8815b08215b23a76\"},\"headline\":\"Concursos P\u00fablicos: 32 editais esta semana; 1,1 esta semana!\",\"datePublished\":\"2025-05-30T21:00:00+00:00\",\"dateModified\":\"2025-06-02T19:49:49+00:00\",\"mainEntityOfPage\":{\"@id\":\"https:\/\/www.estrategiaconcursos.com.br\/blog\/concurso-editais-semana-26-a-30-05\/\"},\"wordCount\":978,\"commentCount\":0,\"publisher\":{\"@id\":\"https:\/\/www.estrategiaconcursos.com.br\/blog\/#organization\"},\"image\":{\"@id\":\"https:\/\/www.estrategiaconcursos.com.br\/blog\/concurso-editais-semana-26-a-30-05\/#primaryimage\"},\"thumbnailUrl\":\"https:\/\/dhg1h5j42swfq.cloudfront.net\/2024\/08\/14120803\/concursos-2025-1.png\",\"articleSection\":[\"Concursos P\u00fablicos\",\"\u00daltimas not\u00edcias\"],\"inLanguage\":\"pt-BR\",\"potentialAction\":[{\"@type\":\"CommentAction\",\"name\":\"Comment\",\"target\":[\"https:\/\/www.estrategiaconcursos.com.br\/blog\/concurso-editais-semana-26-a-30-05\/#respond\"]}],\"copyrightYear\":\"2025\",\"copyrightHolder\":{\"@id\":\"https:\/\/www.estrategiaconcursos.com.br\/blog\/#organization\"}},{\"@type\":\"WebPage\",\"@id\":\"https:\/\/www.estrategiaconcursos.com.br\/blog\/concurso-editais-semana-26-a-30-05\/\",\"url\":\"https:\/\/www.estrategiaconcursos.com.br\/blog\/concurso-editais-semana-26-a-30-05\/\",\"name\":\"Concursos P\u00fablicos: 32 editais esta semana; 1,1 esta semana!\",\"isPartOf\":{\"@id\":\"https:\/\/www.estrategiaconcursos.com.br\/blog\/#website\"},\"primaryImageOfPage\":{\"@id\":\"https:\/\/www.estrategiaconcursos.com.br\/blog\/concurso-editais-semana-26-a-30-05\/#primaryimage\"},\"image\":{\"@id\":\"https:\/\/www.estrategiaconcursos.com.br\/blog\/concurso-editais-semana-26-a-30-05\/#primaryimage\"},\"thumbnailUrl\":\"https:\/\/dhg1h5j42swfq.cloudfront.net\/2024\/08\/14120803\/concursos-2025-1.png\",\"datePublished\":\"2025-05-30T21:00:00+00:00\",\"dateModified\":\"2025-06-02T19:49:49+00:00\",\"description\":\"Concurso P\u00fablico 2025: 32 editais sa\u00edram ao longo desta semana (26 a 30\/05). Confira o n\u00famero de oportunidades, remunera\u00e7\u00e3o e datas.\",\"breadcrumb\":{\"@id\":\"https:\/\/www.estrategiaconcursos.com.br\/blog\/concurso-editais-semana-26-a-30-05\/#breadcrumb\"},\"inLanguage\":\"pt-BR\",\"potentialAction\":[{\"@type\":\"ReadAction\",\"target\":[\"https:\/\/www.estrategiaconcursos.com.br\/blog\/concurso-editais-semana-26-a-30-05\/\"]}]},{\"@type\":\"ImageObject\",\"inLanguage\":\"pt-BR\",\"@id\":\"https:\/\/www.estrategiaconcursos.com.br\/blog\/concurso-editais-semana-26-a-30-05\/#primaryimage\",\"url\":\"https:\/\/dhg1h5j42swfq.cloudfront.net\/2024\/08\/14120803\/concursos-2025-1.png\",\"contentUrl\":\"https:\/\/dhg1h5j42swfq.cloudfront.net\/2024\/08\/14120803\/concursos-2025-1.png\",\"width\":692,\"height\":393,\"caption\":\"concursos 2025\"},{\"@type\":\"BreadcrumbList\",\"@id\":\"https:\/\/www.estrategiaconcursos.com.br\/blog\/concurso-editais-semana-26-a-30-05\/#breadcrumb\",\"itemListElement\":[{\"@type\":\"ListItem\",\"position\":1,\"name\":\"In\u00edcio\",\"item\":\"https:\/\/www.estrategiaconcursos.com.br\/blog\/\"},{\"@type\":\"ListItem\",\"position\":2,\"name\":\"Concursos P\u00fablicos: 32 editais esta semana; 1,1 esta semana!\"}]},{\"@type\":\"WebSite\",\"@id\":\"https:\/\/www.estrategiaconcursos.com.br\/blog\/#website\",\"url\":\"https:\/\/www.estrategiaconcursos.com.br\/blog\/\",\"name\":\"Estrat\u00e9gia Concursos\",\"description\":\"O blog da Estrat\u00e9gia Concursos traz not\u00edcias sobre concursos e artigos de professores oferecendo cursos para concursos (pdf + videaulas) no site.\",\"publisher\":{\"@id\":\"https:\/\/www.estrategiaconcursos.com.br\/blog\/#organization\"},\"potentialAction\":[{\"@type\":\"SearchAction\",\"target\":{\"@type\":\"EntryPoint\",\"urlTemplate\":\"https:\/\/www.estrategiaconcursos.com.br\/blog\/?s={search_term_string}\"},\"query-input\":{\"@type\":\"PropertyValueSpecification\",\"valueRequired\":true,\"valueName\":\"search_term_string\"}}],\"inLanguage\":\"pt-BR\"},{\"@type\":\"Organization\",\"@id\":\"https:\/\/www.estrategiaconcursos.com.br\/blog\/#organization\",\"name\":\"Estrat\u00e9gia Concursos\",\"url\":\"https:\/\/www.estrategiaconcursos.com.br\/blog\/\",\"logo\":{\"@type\":\"ImageObject\",\"inLanguage\":\"pt-BR\",\"@id\":\"https:\/\/www.estrategiaconcursos.com.br\/blog\/#\/schema\/logo\/image\/\",\"url\":\"https:\/\/dhg1h5j42swfq.cloudfront.net\/2025\/06\/03203428\/logo_concursos-1.jpg\",\"contentUrl\":\"https:\/\/dhg1h5j42swfq.cloudfront.net\/2025\/06\/03203428\/logo_concursos-1.jpg\",\"width\":230,\"height\":60,\"caption\":\"Estrat\u00e9gia Concursos\"},\"image\":{\"@id\":\"https:\/\/www.estrategiaconcursos.com.br\/blog\/#\/schema\/logo\/image\/\"},\"sameAs\":[\"https:\/\/x.com\/EstratConcursos\"]},{\"@type\":\"Person\",\"@id\":\"https:\/\/www.estrategiaconcursos.com.br\/blog\/#\/schema\/person\/70c2ad4297aa24ff8815b08215b23a76\",\"name\":\"Ronaldo Scanavini Neto\",\"image\":{\"@type\":\"ImageObject\",\"inLanguage\":\"pt-BR\",\"@id\":\"https:\/\/secure.gravatar.com\/avatar\/f93d8e56fe264596e94aee6b3feb737d98ad0fc5bac7eb0a245f04723c5c8f21?s=96&d=mm&r=g\",\"url\":\"https:\/\/secure.gravatar.com\/avatar\/f93d8e56fe264596e94aee6b3feb737d98ad0fc5bac7eb0a245f04723c5c8f21?s=96&d=mm&r=g\",\"contentUrl\":\"https:\/\/secure.gravatar.com\/avatar\/f93d8e56fe264596e94aee6b3feb737d98ad0fc5bac7eb0a245f04723c5c8f21?s=96&d=mm&r=g\",\"caption\":\"Ronaldo Scanavini Neto\"},\"description\":\"Graduando em Comunica\u00e7\u00e3o Social \u2013 Jornalismo pela Universidade Federal de Vi\u00e7osa (UFV). Integra a equipe de jornalismo do Estrat\u00e9gia Concursos desde 2023, atuando com \u00eanfase na cobertura da \u00e1rea fiscal. Tamb\u00e9m realiza a apura\u00e7\u00e3o e produ\u00e7\u00e3o de not\u00edcias sobre concursos federais, \u00f3rg\u00e3os participantes do CNU e das \u00e1reas de controle, gest\u00e3o, engenharia, Exame CFC, comunica\u00e7\u00e3o social TI e \u00e1rea de concursos administrativos.\",\"url\":\"https:\/\/www.estrategiaconcursos.com.br\/blog\/author\/ronaldo-netoestrategia-com\/\"}]}<\/script>\n<!-- \/ Yoast SEO Premium plugin. -->","yoast_head_json":{"title":"Concursos P\u00fablicos: 32 editais esta semana; 1,1 esta semana!","description":"Concurso P\u00fablico 2025: 32 editais sa\u00edram ao longo desta semana (26 a 30\/05). Confira o n\u00famero de oportunidades, remunera\u00e7\u00e3o e datas.","robots":{"index":"index","follow":"follow","max-snippet":"max-snippet:-1","max-image-preview":"max-image-preview:large","max-video-preview":"max-video-preview:-1"},"canonical":"https:\/\/www.estrategiaconcursos.com.br\/blog\/concurso-editais-semana-26-a-30-05\/","og_locale":"pt_BR","og_type":"article","og_title":"Concursos P\u00fablicos: 32 editais esta semana; 1,1 esta semana!","og_description":"Concurso P\u00fablico 2025: 32 editais sa\u00edram ao longo desta semana (26 a 30\/05). Confira o n\u00famero de oportunidades, remunera\u00e7\u00e3o e datas.","og_url":"https:\/\/www.estrategiaconcursos.com.br\/blog\/concurso-editais-semana-26-a-30-05\/","og_site_name":"Estrat\u00e9gia Concursos","article_published_time":"2025-05-30T21:00:00+00:00","article_modified_time":"2025-06-02T19:49:49+00:00","og_image":[{"width":692,"height":393,"url":"https:\/\/dhg1h5j42swfq.cloudfront.net\/2024\/08\/14120803\/concursos-2025-1.png","type":"image\/png"}],"author":"Ronaldo Scanavini Neto","twitter_card":"summary_large_image","twitter_creator":"@EstratConcursos","twitter_site":"@EstratConcursos","twitter_misc":{"Escrito por":"Ronaldo Scanavini Neto","Est. tempo de leitura":"5 minutos"},"schema":{"@context":"https:\/\/schema.org","@graph":[{"@type":"NewsArticle","@id":"https:\/\/www.estrategiaconcursos.com.br\/blog\/concurso-editais-semana-26-a-30-05\/#article","isPartOf":{"@id":"https:\/\/www.estrategiaconcursos.com.br\/blog\/concurso-editais-semana-26-a-30-05\/"},"author":{"name":"Ronaldo Scanavini Neto","@id":"https:\/\/www.estrategiaconcursos.com.br\/blog\/#\/schema\/person\/70c2ad4297aa24ff8815b08215b23a76"},"headline":"Concursos P\u00fablicos: 32 editais esta semana; 1,1 esta semana!","datePublished":"2025-05-30T21:00:00+00:00","dateModified":"2025-06-02T19:49:49+00:00","mainEntityOfPage":{"@id":"https:\/\/www.estrategiaconcursos.com.br\/blog\/concurso-editais-semana-26-a-30-05\/"},"wordCount":978,"commentCount":0,"publisher":{"@id":"https:\/\/www.estrategiaconcursos.com.br\/blog\/#organization"},"image":{"@id":"https:\/\/www.estrategiaconcursos.com.br\/blog\/concurso-editais-semana-26-a-30-05\/#primaryimage"},"thumbnailUrl":"https:\/\/dhg1h5j42swfq.cloudfront.net\/2024\/08\/14120803\/concursos-2025-1.png","articleSection":["Concursos P\u00fablicos","\u00daltimas not\u00edcias"],"inLanguage":"pt-BR","potentialAction":[{"@type":"CommentAction","name":"Comment","target":["https:\/\/www.estrategiaconcursos.com.br\/blog\/concurso-editais-semana-26-a-30-05\/#respond"]}],"copyrightYear":"2025","copyrightHolder":{"@id":"https:\/\/www.estrategiaconcursos.com.br\/blog\/#organization"}},{"@type":"WebPage","@id":"https:\/\/www.estrategiaconcursos.com.br\/blog\/concurso-editais-semana-26-a-30-05\/","url":"https:\/\/www.estrategiaconcursos.com.br\/blog\/concurso-editais-semana-26-a-30-05\/","name":"Concursos P\u00fablicos: 32 editais esta semana; 1,1 esta semana!","isPartOf":{"@id":"https:\/\/www.estrategiaconcursos.com.br\/blog\/#website"},"primaryImageOfPage":{"@id":"https:\/\/www.estrategiaconcursos.com.br\/blog\/concurso-editais-semana-26-a-30-05\/#primaryimage"},"image":{"@id":"https:\/\/www.estrategiaconcursos.com.br\/blog\/concurso-editais-semana-26-a-30-05\/#primaryimage"},"thumbnailUrl":"https:\/\/dhg1h5j42swfq.cloudfront.net\/2024\/08\/14120803\/concursos-2025-1.png","datePublished":"2025-05-30T21:00:00+00:00","dateModified":"2025-06-02T19:49:49+00:00","description":"Concurso P\u00fablico 2025: 32 editais sa\u00edram ao longo desta semana (26 a 30\/05). Confira o n\u00famero de oportunidades, remunera\u00e7\u00e3o e datas.","breadcrumb":{"@id":"https:\/\/www.estrategiaconcursos.com.br\/blog\/concurso-editais-semana-26-a-30-05\/#breadcrumb"},"inLanguage":"pt-BR","potentialAction":[{"@type":"ReadAction","target":["https:\/\/www.estrategiaconcursos.com.br\/blog\/concurso-editais-semana-26-a-30-05\/"]}]},{"@type":"ImageObject","inLanguage":"pt-BR","@id":"https:\/\/www.estrategiaconcursos.com.br\/blog\/concurso-editais-semana-26-a-30-05\/#primaryimage","url":"https:\/\/dhg1h5j42swfq.cloudfront.net\/2024\/08\/14120803\/concursos-2025-1.png","contentUrl":"https:\/\/dhg1h5j42swfq.cloudfront.net\/2024\/08\/14120803\/concursos-2025-1.png","width":692,"height":393,"caption":"concursos 2025"},{"@type":"BreadcrumbList","@id":"https:\/\/www.estrategiaconcursos.com.br\/blog\/concurso-editais-semana-26-a-30-05\/#breadcrumb","itemListElement":[{"@type":"ListItem","position":1,"name":"In\u00edcio","item":"https:\/\/www.estrategiaconcursos.com.br\/blog\/"},{"@type":"ListItem","position":2,"name":"Concursos P\u00fablicos: 32 editais esta semana; 1,1 esta semana!"}]},{"@type":"WebSite","@id":"https:\/\/www.estrategiaconcursos.com.br\/blog\/#website","url":"https:\/\/www.estrategiaconcursos.com.br\/blog\/","name":"Estrat\u00e9gia Concursos","description":"O blog da Estrat\u00e9gia Concursos traz not\u00edcias sobre concursos e artigos de professores oferecendo cursos para concursos (pdf + videaulas) no site.","publisher":{"@id":"https:\/\/www.estrategiaconcursos.com.br\/blog\/#organization"},"potentialAction":[{"@type":"SearchAction","target":{"@type":"EntryPoint","urlTemplate":"https:\/\/www.estrategiaconcursos.com.br\/blog\/?s={search_term_string}"},"query-input":{"@type":"PropertyValueSpecification","valueRequired":true,"valueName":"search_term_string"}}],"inLanguage":"pt-BR"},{"@type":"Organization","@id":"https:\/\/www.estrategiaconcursos.com.br\/blog\/#organization","name":"Estrat\u00e9gia Concursos","url":"https:\/\/www.estrategiaconcursos.com.br\/blog\/","logo":{"@type":"ImageObject","inLanguage":"pt-BR","@id":"https:\/\/www.estrategiaconcursos.com.br\/blog\/#\/schema\/logo\/image\/","url":"https:\/\/dhg1h5j42swfq.cloudfront.net\/2025\/06\/03203428\/logo_concursos-1.jpg","contentUrl":"https:\/\/dhg1h5j42swfq.cloudfront.net\/2025\/06\/03203428\/logo_concursos-1.jpg","width":230,"height":60,"caption":"Estrat\u00e9gia Concursos"},"image":{"@id":"https:\/\/www.estrategiaconcursos.com.br\/blog\/#\/schema\/logo\/image\/"},"sameAs":["https:\/\/x.com\/EstratConcursos"]},{"@type":"Person","@id":"https:\/\/www.estrategiaconcursos.com.br\/blog\/#\/schema\/person\/70c2ad4297aa24ff8815b08215b23a76","name":"Ronaldo Scanavini Neto","image":{"@type":"ImageObject","inLanguage":"pt-BR","@id":"https:\/\/secure.gravatar.com\/avatar\/f93d8e56fe264596e94aee6b3feb737d98ad0fc5bac7eb0a245f04723c5c8f21?s=96&d=mm&r=g","url":"https:\/\/secure.gravatar.com\/avatar\/f93d8e56fe264596e94aee6b3feb737d98ad0fc5bac7eb0a245f04723c5c8f21?s=96&d=mm&r=g","contentUrl":"https:\/\/secure.gravatar.com\/avatar\/f93d8e56fe264596e94aee6b3feb737d98ad0fc5bac7eb0a245f04723c5c8f21?s=96&d=mm&r=g","caption":"Ronaldo Scanavini Neto"},"description":"Graduando em Comunica\u00e7\u00e3o Social \u2013 Jornalismo pela Universidade Federal de Vi\u00e7osa (UFV). Integra a equipe de jornalismo do Estrat\u00e9gia Concursos desde 2023, atuando com \u00eanfase na cobertura da \u00e1rea fiscal. Tamb\u00e9m realiza a apura\u00e7\u00e3o e produ\u00e7\u00e3o de not\u00edcias sobre concursos federais, \u00f3rg\u00e3os participantes do CNU e das \u00e1reas de controle, gest\u00e3o, engenharia, Exame CFC, comunica\u00e7\u00e3o social TI e \u00e1rea de concursos administrativos.","url":"https:\/\/www.estrategiaconcursos.com.br\/blog\/author\/ronaldo-netoestrategia-com\/"}]}},"_links":{"self":[{"href":"https:\/\/www.estrategiaconcursos.com.br\/blog\/wp-json\/wp\/v2\/posts\/1581167","targetHints":{"allow":["GET"]}}],"collection":[{"href":"https:\/\/www.estrategiaconcursos.com.br\/blog\/wp-json\/wp\/v2\/posts"}],"about":[{"href":"https:\/\/www.estrategiaconcursos.com.br\/blog\/wp-json\/wp\/v2\/types\/post"}],"author":[{"embeddable":true,"href":"https:\/\/www.estrategiaconcursos.com.br\/blog\/wp-json\/wp\/v2\/users\/2692"}],"replies":[{"embeddable":true,"href":"https:\/\/www.estrategiaconcursos.com.br\/blog\/wp-json\/wp\/v2\/comments?post=1581167"}],"version-history":[{"count":10,"href":"https:\/\/www.estrategiaconcursos.com.br\/blog\/wp-json\/wp\/v2\/posts\/1581167\/revisions"}],"predecessor-version":[{"id":1583573,"href":"https:\/\/www.estrategiaconcursos.com.br\/blog\/wp-json\/wp\/v2\/posts\/1581167\/revisions\/1583573"}],"wp:featuredmedia":[{"embeddable":true,"href":"https:\/\/www.estrategiaconcursos.com.br\/blog\/wp-json\/wp\/v2\/media\/1445265"}],"wp:attachment":[{"href":"https:\/\/www.estrategiaconcursos.com.br\/blog\/wp-json\/wp\/v2\/media?parent=1581167"}],"wp:term":[{"taxonomy":"category","embeddable":true,"href":"https:\/\/www.estrategiaconcursos.com.br\/blog\/wp-json\/wp\/v2\/categories?post=1581167"},{"taxonomy":"post_tag","embeddable":true,"href":"https:\/\/www.estrategiaconcursos.com.br\/blog\/wp-json\/wp\/v2\/tags?post=1581167"},{"taxonomy":"tax_estado","embeddable":true,"href":"https:\/\/www.estrategiaconcursos.com.br\/blog\/wp-json\/wp\/v2\/tax_estado?post=1581167"}],"curies":[{"name":"wp","href":"https:\/\/api.w.org\/{rel}","templated":true}]}}