{"id":1581148,"date":"2025-05-26T16:03:18","date_gmt":"2025-05-26T19:03:18","guid":{"rendered":"https:\/\/www.estrategiaconcursos.com.br\/blog\/?p=1581148"},"modified":"2025-05-26T16:03:21","modified_gmt":"2025-05-26T19:03:21","slug":"concurso-bombeiro-pr-cadete-etapas-novo-edital","status":"publish","type":"post","link":"https:\/\/www.estrategiaconcursos.com.br\/blog\/concurso-bombeiro-pr-cadete-etapas-novo-edital\/","title":{"rendered":"Concurso Bombeiro PR Cadete: veja as etapas do novo edital"},"content":{"rendered":"\n<p>Voc\u00ea que vai participar do novo <strong>concurso Bombeiro PR<\/strong> (<a href=\"https:\/\/www.estrategiaconcursos.com.br\/cursosPorConcurso\/pm-pr\" target=\"_blank\" rel=\"noreferrer noopener\">Corpo de Bombeiros do Estado do Paran\u00e1<\/a>), para o cargo de Cadete, j\u00e1 conferiu as etapas previstas no edital?<\/p>\n\n\n\n<p>O edital est\u00e1 na pra\u00e7a, corujas! Ao todo, s\u00e3o ofertadas <strong>20 vagas para Cadete<\/strong>. Os aprovados receber\u00e3o sal\u00e1rio inicial de R$ 14.566,35 (2\u00ba Tenente).<\/p>\n\n\n\n<div class=\"container\" id=\"boxes\">\n  <div class=\"row\">\n\n    <div class=\"col-sm\">\n      <div class=\"banner-bombeiros-ec\" id=\"box-assinatura\">\n        <h3 class=\"titulo-assinatura\">Concurso Bombeiro PR<\/h3>\n        <p class=\"subtitulo-assinatura\">Domine o Concurso Bombeiro PR! \u2728<\/p>\n        <div class=\"box-botao\">\n          <a class=\"btn-assinatura\" target=\"_blank\" href=\"https:\/\/www.estrategiaconcursos.com.br\/pesquisa\/?q=cbm+pr\" role=\"button\" rel=\"noopener noreferrer\">VER CURSOS<\/a>\n        <\/div>\n      <\/div>\n     \n    <\/div>\n\n  <\/div>\n<\/div>\n\n\n\n<h2 class=\"wp-block-heading\" id=\"h-quais-sao-as-etapas-do-concurso-bombeiro-pr-cadete\">Quais s\u00e3o as etapas do concurso Bombeiro PR Cadete?<\/h2>\n\n\n\n<p>Os candidatos do concurso Bombeiro PR ser\u00e3o avaliados mediante aplica\u00e7\u00e3o da seguintes etapas:<\/p>\n\n\n\n<ol class=\"wp-block-list\">\n<li>Prova Preambular Objetiva \u2013 car\u00e1ter Eliminat\u00f3rio e Classificat\u00f3rio;<\/li>\n\n\n\n<li>Prova Discursiva \u2013 car\u00e1ter Eliminat\u00f3rio e Classificat\u00f3rio;<\/li>\n\n\n\n<li>Prova de T\u00edtulos e Experi\u00eancia Profissional \u2013 car\u00e1ter Classificat\u00f3rio;<\/li>\n\n\n\n<li>Exame de Capacidade F\u00edsica \u2013 car\u00e1ter Eliminat\u00f3rio;<\/li>\n\n\n\n<li>Avalia\u00e7\u00e3o Psicol\u00f3gica \u2013 car\u00e1ter Eliminat\u00f3rio;<\/li>\n\n\n\n<li>Exame de Sanidade F\u00edsica \u2013 car\u00e1ter Eliminat\u00f3rio;<\/li>\n\n\n\n<li>Investiga\u00e7\u00e3o Social \u2013 car\u00e1ter Eliminat\u00f3rio.<\/li>\n<\/ol>\n\n\n\n<p>As Provas Objetiva e Discursiva ser\u00e3o realizadas nas cidades de Curitiba, Ponta Grossa, Londrina, Maring\u00e1 e Cascavel, no estado do Paran\u00e1.<\/p>\n\n\n\n<p>O Exame de Capacidade F\u00edsica, a Avalia\u00e7\u00e3o Psicol\u00f3gica e o Exame de Sanidade F\u00edsica ser\u00e3o realizados na cidade de Curitiba e\/ou na sua Regi\u00e3o Metropolitana, no Estado do Paran\u00e1, e poder\u00e3o ocorrer em dias \u00fateis, aos finais de semana ou feriados.<\/p>\n\n\n\n<h4 class=\"wp-block-heading\" id=\"objetiva\">Provas Objetivas<\/h4>\n\n\n\n<p>A Prova Objetiva ser\u00e1 constitu\u00edda de 70 quest\u00f5es de m\u00faltipla escolha (cinco alternativas), avaliada na escala de 0 a 70 pontos, considerando-se aprovado o candidato que alcan\u00e7ar, no m\u00ednimo, 35 pontos do total da etapa.<\/p>\n\n\n\n<ul class=\"wp-block-list\">\n<li>L\u00edngua Portuguesa &#8211; 7 <\/li>\n\n\n\n<li>Matem\u00e1tica &#8211; 7 <\/li>\n\n\n\n<li>F\u00edsica &#8211; 7 <\/li>\n\n\n\n<li>Qu\u00edmica &#8211; 7 <\/li>\n\n\n\n<li>L\u00edngua Inglesa &#8211; 5 <\/li>\n\n\n\n<li>Direito Administrativo &#8211; 3 <\/li>\n\n\n\n<li>Direito Constitucional &#8211; 3 <\/li>\n\n\n\n<li>Direitos Humanos &#8211; 3 <\/li>\n\n\n\n<li>Legisla\u00e7\u00e3o Aplicada ao CBMPR &#8211; 3 <\/li>\n\n\n\n<li>Administra\u00e7\u00e3o P\u00fablica &#8211; 5 <\/li>\n\n\n\n<li>Hist\u00f3ria &#8211; 3 <\/li>\n\n\n\n<li>Geografia &#8211; 3<\/li>\n\n\n\n<li>Primeiros Socorros &#8211; 4 <\/li>\n\n\n\n<li>Seguran\u00e7a Contra Inc\u00eandio e P\u00e2nico &#8211; 4 <\/li>\n\n\n\n<li>Combate a Inc\u00eandio &#8211; 4 <\/li>\n\n\n\n<li>Estatuto da Crian\u00e7a e do Adolescente &#8211; 2<\/li>\n<\/ul>\n\n\n\n<h4 class=\"wp-block-heading\" id=\"discursiva\">Prova Discursiva<\/h4>\n\n\n\n<p>A Prova Discursiva ter\u00e1 car\u00e1ter eliminat\u00f3rio e classificat\u00f3rio, sendo avaliada na escala de 0 a 20 pontos, considerando-se habilitado o candidato que nela obtiver nota igual ou superior a 10 pontos em cada uma.<\/p>\n\n\n\n<p>A avalia\u00e7\u00e3o ser\u00e1 realizada na mesma data da prova objetiva e constituir-se-\u00e1 de duas disserta\u00e7\u00f5es que versem sobre temas da atualidade e de relev\u00e2ncia para a institui\u00e7\u00e3o, devendo conter de 15 a 30 linhas, observando os crit\u00e9rios de corre\u00e7\u00e3o estabelecidos abaixo:<\/p>\n\n\n\n<figure class=\"wp-block-image aligncenter size-large\"><img loading=\"lazy\" decoding=\"async\" width=\"1024\" height=\"147\" src=\"https:\/\/dhg1h5j42swfq.cloudfront.net\/2025\/05\/21090237\/image-215-1024x147.png\" alt=\"Crit\u00e9rios da prova discursiva do edital Bombeiro PR Cadete\" class=\"wp-image-1578873\" srcset=\"https:\/\/dhg1h5j42swfq.cloudfront.net\/2025\/05\/21090237\/image-215-1024x147.png 1024w, https:\/\/dhg1h5j42swfq.cloudfront.net\/2025\/05\/21090237\/image-215-300x43.png 300w, https:\/\/dhg1h5j42swfq.cloudfront.net\/2025\/05\/21090237\/image-215-768x111.png 768w, https:\/\/dhg1h5j42swfq.cloudfront.net\/2025\/05\/21090237\/image-215-150x22.png 150w, https:\/\/dhg1h5j42swfq.cloudfront.net\/2025\/05\/21090237\/image-215.png 1125w\" sizes=\"auto, (max-width: 1024px) 100vw, 1024px\" \/><figcaption class=\"wp-element-caption\">Crit\u00e9rios da prova discursiva do concurso Bombeiro PR Cadete<\/figcaption><\/figure>\n\n\n\n<h4 class=\"wp-block-heading\" id=\"h-prova-de-titulos-e-experiencia-profissional\">Prova de T\u00edtulos e Experi\u00eancia Profissional<\/h4>\n\n\n\n<p>A Prova de T\u00edtulos e Experi\u00eancia Profissional ser\u00e1 avaliada na escala de 0 a 20 pontos e ter\u00e1 a atribui\u00e7\u00e3o de pontua\u00e7\u00e3o para cada titula\u00e7\u00e3o e para o tempo de experi\u00eancia profissional conforme composi\u00e7\u00e3o a seguir:<\/p>\n\n\n\n<figure class=\"wp-block-image aligncenter size-large\"><img loading=\"lazy\" decoding=\"async\" width=\"1024\" height=\"308\" src=\"https:\/\/dhg1h5j42swfq.cloudfront.net\/2025\/05\/21090418\/image-216-1024x308.png\" alt=\"Prova de t\u00edtulos do concurso Bombeiro PR Cadete\" class=\"wp-image-1578875\" srcset=\"https:\/\/dhg1h5j42swfq.cloudfront.net\/2025\/05\/21090418\/image-216-1024x308.png 1024w, https:\/\/dhg1h5j42swfq.cloudfront.net\/2025\/05\/21090418\/image-216-300x90.png 300w, https:\/\/dhg1h5j42swfq.cloudfront.net\/2025\/05\/21090418\/image-216-768x231.png 768w, https:\/\/dhg1h5j42swfq.cloudfront.net\/2025\/05\/21090418\/image-216-150x45.png 150w, https:\/\/dhg1h5j42swfq.cloudfront.net\/2025\/05\/21090418\/image-216.png 1407w\" sizes=\"auto, (max-width: 1024px) 100vw, 1024px\" \/><figcaption class=\"wp-element-caption\">Prova de t\u00edtulos do concurso Bombeiro PR Cadete<\/figcaption><\/figure>\n\n\n\n<h4 class=\"wp-block-heading\" id=\"h-teste-de-aptidao-fisica\">Teste de Aptid\u00e3o F\u00edsica<\/h4>\n\n\n\n<p>O Exame de Capacidade F\u00edsica (ECAFI) do concurso Bombeiro PR ser\u00e1 realizado em dois dias e consistir\u00e1 na execu\u00e7\u00e3o dos testes, conforme quadro a seguir:<\/p>\n\n\n\n<ul class=\"wp-block-list\">\n<li><strong>1\u00ba dia:<\/strong><\/li>\n<\/ul>\n\n\n\n<figure class=\"wp-block-table is-style-stripes\"><table class=\"has-very-light-gray-to-cyan-bluish-gray-gradient-background has-background has-fixed-layout\"><thead><tr><th class=\"has-text-align-center\" data-align=\"center\">Testes<\/th><th class=\"has-text-align-center\" data-align=\"center\">Masculino<\/th><th class=\"has-text-align-center\" data-align=\"center\">Feminino<\/th><\/tr><\/thead><tbody><tr><td class=\"has-text-align-center\" data-align=\"center\">Barra Fixa<\/td><td class=\"has-text-align-center\" data-align=\"center\">06 repeti\u00e7\u00f5es de flex\u00e3o<\/td><td class=\"has-text-align-center\" data-align=\"center\">15 segundos em isometria<\/td><\/tr><tr><td class=\"has-text-align-center\" data-align=\"center\">Abdominal<\/td><td class=\"has-text-align-center\" data-align=\"center\">31 repeti\u00e7\u00f5es<\/td><td class=\"has-text-align-center\" data-align=\"center\">26 repeti\u00e7\u00f5es<\/td><\/tr><tr><td class=\"has-text-align-center\" data-align=\"center\">Corrida \u2013 300 metros<\/td><td class=\"has-text-align-center\" data-align=\"center\">56 segundos<\/td><td class=\"has-text-align-center\" data-align=\"center\">64 segundos<\/td><\/tr><tr><td class=\"has-text-align-center\" data-align=\"center\">Corrida \u2013 2.400 metros<\/td><td class=\"has-text-align-center\" data-align=\"center\">11min. e 58seg.<\/td><td class=\"has-text-align-center\" data-align=\"center\">14min. e 07seg.<\/td><\/tr><\/tbody><\/table><\/figure>\n\n\n\n<ul class=\"wp-block-list\">\n<li><strong>2\u00ba dia:<\/strong><\/li>\n<\/ul>\n\n\n\n<figure class=\"wp-block-table is-style-stripes\"><table class=\"has-very-light-gray-to-cyan-bluish-gray-gradient-background has-background has-fixed-layout\"><thead><tr><th class=\"has-text-align-center\" data-align=\"center\">Testes<\/th><th class=\"has-text-align-center\" data-align=\"center\">Masculino<\/th><th class=\"has-text-align-center\" data-align=\"center\">Feminino<\/th><\/tr><\/thead><tbody><tr><td class=\"has-text-align-center\" data-align=\"center\">Simula\u00e7\u00e3o de Resgate<\/td><td class=\"has-text-align-center\" data-align=\"center\">4min. e 15seg<\/td><td class=\"has-text-align-center\" data-align=\"center\">4min. e 15seg<\/td><\/tr><tr><td class=\"has-text-align-center\" data-align=\"center\">Deslocamento em meio l\u00edquido<\/td><td class=\"has-text-align-center\" data-align=\"center\">2min. e 20seg<\/td><td class=\"has-text-align-center\" data-align=\"center\">2min. e 20seg<\/td><\/tr><\/tbody><\/table><\/figure>\n\n\n\n<p class=\"has-text-align-center\"><em>Topa encarar mais este desafio? Acesse o link abaixo e confira um artigo completo e exclusivo preparado pelo Estrat\u00e9gia Concursos!<\/em><\/p>\n\n\n\n<p class=\"has-text-align-center has-cyan-bluish-gray-background-color has-background\" style=\"font-size:clamp(14.642px, 0.915rem + ((1vw - 3.2px) * 0.721), 22px);\"><strong>Saiba mais: <a href=\"https:\/\/www.estrategiaconcursos.com.br\/blog\/concurso-bombeiro-pr\/\" target=\"_blank\" rel=\"noreferrer noopener\">concurso Bombeiro PR<\/a><\/strong><\/p>\n\n\n\n<h2 class=\"wp-block-heading has-text-align-center\" id=\"cursos\">Quer saber tudo sobre concursos previstos? <br \/>Confira nossos artigos!<\/h2>\n\n\n\n<ul class=\"wp-block-list\">\n<li><a href=\"https:\/\/www.estrategiaconcursos.com.br\/blog\/concursos-bombeiros\/\" target=\"_blank\" rel=\"noreferrer noopener\">Concursos bombeiros<\/a><\/li>\n\n\n\n<li><a href=\"https:\/\/www.estrategiaconcursos.com.br\/blog\/concursos-abertos\/\">Concursos abertos<\/a><\/li>\n\n\n\n<li><a href=\"https:\/\/www.estrategiaconcursos.com.br\/blog\/concursos-2025\/\" target=\"_blank\" rel=\"noreferrer noopener\">Concursos 2025<\/a><\/li>\n\n\n\n<li><a href=\"https:\/\/www.estrategiaconcursos.com.br\/blog\/concursos-2026\/\" target=\"_blank\" rel=\"noreferrer noopener\">Concursos 2026<\/a><\/li>\n<\/ul>\n\n\n\n<div class=\"container\" id=\"boxes\">\n  <div class=\"row\">\n\n    <div class=\"col-sm\">\n      <div class=\"estrategia\" id=\"box-assinatura\">\n        <h3 class=\"titulo-assinatura\">Assinatura de Concursos<\/h3>\n        <p class=\"subtitulo-assinatura\">Assinatura de 1 ou 2 anos<\/p>\n        <div class=\"box-botao\">\n          <a class=\"btn-assinatura\" target=\"_blank\" href=\"https:\/\/www.estrategiaconcursos.com.br\/assinaturas\/\" role=\"button\" rel=\"noopener noreferrer\">ASSINE AGORA<\/a>\n        <\/div>\n      <\/div>\n      <p class=\"texto-auxiliar\"><\/p>\n    <\/div><\/div><\/div>\n\n\n\n<p><\/p>\n","protected":false},"excerpt":{"rendered":"<p>Voc\u00ea que vai participar do novo concurso Bombeiro PR (Corpo de Bombeiros do Estado do Paran\u00e1), para o cargo de Cadete, j\u00e1 conferiu as etapas previstas no edital? O edital est\u00e1 na pra\u00e7a, corujas! Ao todo, s\u00e3o ofertadas 20 vagas para Cadete. Os aprovados receber\u00e3o sal\u00e1rio inicial de R$ 14.566,35 (2\u00ba Tenente). Concurso Bombeiro PR [&hellip;]<\/p>\n","protected":false},"author":1483,"featured_media":1094572,"comment_status":"open","ping_status":"closed","sticky":false,"template":"","format":"standard","meta":{"post_tipo":"news","footnotes":""},"categories":[220186,220219],"tags":[222081,2348,631,48],"tax_estado":[219981],"class_list":["post-1581148","post","type-post","status-publish","format-standard","has-post-thumbnail","hentry","category-policial-oficial","category-noticias","tag-bombeiro-pr","tag-cadete","tag-concurso-publico","tag-edital","tax_estado-pr"],"acf":[],"yoast_head":"<!-- This site is optimized with the Yoast SEO Premium plugin v27.2 (Yoast SEO v27.2) - https:\/\/yoast.com\/product\/yoast-seo-premium-wordpress\/ -->\n<title>Concurso Bombeiro PR Cadete: veja as etapas do novo edital<\/title>\n<meta name=\"description\" content=\"Quais s\u00e3o as etapas previstas no novo edital do concurso Bombeiro PR? Acesse o site do Estrat\u00e9gia e veja os detalhes!\" \/>\n<meta name=\"robots\" content=\"index, follow, max-snippet:-1, max-image-preview:large, max-video-preview:-1\" \/>\n<link rel=\"canonical\" href=\"https:\/\/www.estrategiaconcursos.com.br\/blog\/concurso-bombeiro-pr-cadete-etapas-novo-edital\/\" \/>\n<meta property=\"og:locale\" content=\"pt_BR\" \/>\n<meta property=\"og:type\" content=\"article\" \/>\n<meta property=\"og:title\" content=\"Concurso Bombeiro PR Cadete: veja as etapas do novo edital\" \/>\n<meta property=\"og:description\" content=\"Quais s\u00e3o as etapas previstas no novo edital do concurso Bombeiro PR? Acesse o site do Estrat\u00e9gia e veja os detalhes!\" \/>\n<meta property=\"og:url\" content=\"https:\/\/www.estrategiaconcursos.com.br\/blog\/concurso-bombeiro-pr-cadete-etapas-novo-edital\/\" \/>\n<meta property=\"og:site_name\" content=\"Estrat\u00e9gia Concursos\" \/>\n<meta property=\"article:published_time\" content=\"2025-05-26T19:03:18+00:00\" \/>\n<meta property=\"article:modified_time\" content=\"2025-05-26T19:03:21+00:00\" \/>\n<meta property=\"og:image\" content=\"https:\/\/dhg1h5j42swfq.cloudfront.net\/2022\/09\/14143142\/bombeiro_pr.jpg\" \/>\n\t<meta property=\"og:image:width\" content=\"768\" \/>\n\t<meta property=\"og:image:height\" content=\"432\" \/>\n\t<meta property=\"og:image:type\" content=\"image\/jpeg\" \/>\n<meta name=\"author\" content=\"Diogo Mendes\" \/>\n<meta name=\"twitter:card\" content=\"summary_large_image\" \/>\n<meta name=\"twitter:creator\" content=\"@EstratConcursos\" \/>\n<meta name=\"twitter:site\" content=\"@EstratConcursos\" \/>\n<meta name=\"twitter:label1\" content=\"Escrito por\" \/>\n\t<meta name=\"twitter:data1\" content=\"Diogo Mendes\" \/>\n\t<meta name=\"twitter:label2\" content=\"Est. tempo de leitura\" \/>\n\t<meta name=\"twitter:data2\" content=\"3 minutos\" \/>\n<script type=\"application\/ld+json\" class=\"yoast-schema-graph\">{\"@context\":\"https:\/\/schema.org\",\"@graph\":[{\"@type\":\"NewsArticle\",\"@id\":\"https:\/\/www.estrategiaconcursos.com.br\/blog\/concurso-bombeiro-pr-cadete-etapas-novo-edital\/#article\",\"isPartOf\":{\"@id\":\"https:\/\/www.estrategiaconcursos.com.br\/blog\/concurso-bombeiro-pr-cadete-etapas-novo-edital\/\"},\"author\":{\"name\":\"Diogo Mendes\",\"@id\":\"https:\/\/www.estrategiaconcursos.com.br\/blog\/#\/schema\/person\/cc9e76173880338ce9f656c88664a1f6\"},\"headline\":\"Concurso Bombeiro PR Cadete: veja as etapas do novo edital\",\"datePublished\":\"2025-05-26T19:03:18+00:00\",\"dateModified\":\"2025-05-26T19:03:21+00:00\",\"mainEntityOfPage\":{\"@id\":\"https:\/\/www.estrategiaconcursos.com.br\/blog\/concurso-bombeiro-pr-cadete-etapas-novo-edital\/\"},\"wordCount\":626,\"commentCount\":0,\"publisher\":{\"@id\":\"https:\/\/www.estrategiaconcursos.com.br\/blog\/#organization\"},\"image\":{\"@id\":\"https:\/\/www.estrategiaconcursos.com.br\/blog\/concurso-bombeiro-pr-cadete-etapas-novo-edital\/#primaryimage\"},\"thumbnailUrl\":\"https:\/\/dhg1h5j42swfq.cloudfront.net\/2022\/09\/14143142\/bombeiro_pr.jpg\",\"keywords\":[\"Bombeiro PR\",\"cadete\",\"concurso p\u00fablico\",\"edital\"],\"articleSection\":[\"Policial (PM\/BM - Oficial)\",\"\u00daltimas not\u00edcias\"],\"inLanguage\":\"pt-BR\",\"potentialAction\":[{\"@type\":\"CommentAction\",\"name\":\"Comment\",\"target\":[\"https:\/\/www.estrategiaconcursos.com.br\/blog\/concurso-bombeiro-pr-cadete-etapas-novo-edital\/#respond\"]}],\"copyrightYear\":\"2025\",\"copyrightHolder\":{\"@id\":\"https:\/\/www.estrategiaconcursos.com.br\/blog\/#organization\"}},{\"@type\":\"WebPage\",\"@id\":\"https:\/\/www.estrategiaconcursos.com.br\/blog\/concurso-bombeiro-pr-cadete-etapas-novo-edital\/\",\"url\":\"https:\/\/www.estrategiaconcursos.com.br\/blog\/concurso-bombeiro-pr-cadete-etapas-novo-edital\/\",\"name\":\"Concurso Bombeiro PR Cadete: veja as etapas do novo edital\",\"isPartOf\":{\"@id\":\"https:\/\/www.estrategiaconcursos.com.br\/blog\/#website\"},\"primaryImageOfPage\":{\"@id\":\"https:\/\/www.estrategiaconcursos.com.br\/blog\/concurso-bombeiro-pr-cadete-etapas-novo-edital\/#primaryimage\"},\"image\":{\"@id\":\"https:\/\/www.estrategiaconcursos.com.br\/blog\/concurso-bombeiro-pr-cadete-etapas-novo-edital\/#primaryimage\"},\"thumbnailUrl\":\"https:\/\/dhg1h5j42swfq.cloudfront.net\/2022\/09\/14143142\/bombeiro_pr.jpg\",\"datePublished\":\"2025-05-26T19:03:18+00:00\",\"dateModified\":\"2025-05-26T19:03:21+00:00\",\"description\":\"Quais s\u00e3o as etapas previstas no novo edital do concurso Bombeiro PR? Acesse o site do Estrat\u00e9gia e veja os detalhes!\",\"breadcrumb\":{\"@id\":\"https:\/\/www.estrategiaconcursos.com.br\/blog\/concurso-bombeiro-pr-cadete-etapas-novo-edital\/#breadcrumb\"},\"inLanguage\":\"pt-BR\",\"potentialAction\":[{\"@type\":\"ReadAction\",\"target\":[\"https:\/\/www.estrategiaconcursos.com.br\/blog\/concurso-bombeiro-pr-cadete-etapas-novo-edital\/\"]}]},{\"@type\":\"ImageObject\",\"inLanguage\":\"pt-BR\",\"@id\":\"https:\/\/www.estrategiaconcursos.com.br\/blog\/concurso-bombeiro-pr-cadete-etapas-novo-edital\/#primaryimage\",\"url\":\"https:\/\/dhg1h5j42swfq.cloudfront.net\/2022\/09\/14143142\/bombeiro_pr.jpg\",\"contentUrl\":\"https:\/\/dhg1h5j42swfq.cloudfront.net\/2022\/09\/14143142\/bombeiro_pr.jpg\",\"width\":768,\"height\":432,\"caption\":\"concurso bombeiro pr\"},{\"@type\":\"BreadcrumbList\",\"@id\":\"https:\/\/www.estrategiaconcursos.com.br\/blog\/concurso-bombeiro-pr-cadete-etapas-novo-edital\/#breadcrumb\",\"itemListElement\":[{\"@type\":\"ListItem\",\"position\":1,\"name\":\"In\u00edcio\",\"item\":\"https:\/\/www.estrategiaconcursos.com.br\/blog\/\"},{\"@type\":\"ListItem\",\"position\":2,\"name\":\"Concurso Bombeiro PR Cadete: veja as etapas do novo edital\"}]},{\"@type\":\"WebSite\",\"@id\":\"https:\/\/www.estrategiaconcursos.com.br\/blog\/#website\",\"url\":\"https:\/\/www.estrategiaconcursos.com.br\/blog\/\",\"name\":\"Estrat\u00e9gia Concursos\",\"description\":\"O blog da Estrat\u00e9gia Concursos traz not\u00edcias sobre concursos e artigos de professores oferecendo cursos para concursos (pdf + videaulas) no site.\",\"publisher\":{\"@id\":\"https:\/\/www.estrategiaconcursos.com.br\/blog\/#organization\"},\"potentialAction\":[{\"@type\":\"SearchAction\",\"target\":{\"@type\":\"EntryPoint\",\"urlTemplate\":\"https:\/\/www.estrategiaconcursos.com.br\/blog\/?s={search_term_string}\"},\"query-input\":{\"@type\":\"PropertyValueSpecification\",\"valueRequired\":true,\"valueName\":\"search_term_string\"}}],\"inLanguage\":\"pt-BR\"},{\"@type\":\"Organization\",\"@id\":\"https:\/\/www.estrategiaconcursos.com.br\/blog\/#organization\",\"name\":\"Estrat\u00e9gia Concursos\",\"url\":\"https:\/\/www.estrategiaconcursos.com.br\/blog\/\",\"logo\":{\"@type\":\"ImageObject\",\"inLanguage\":\"pt-BR\",\"@id\":\"https:\/\/www.estrategiaconcursos.com.br\/blog\/#\/schema\/logo\/image\/\",\"url\":\"https:\/\/dhg1h5j42swfq.cloudfront.net\/2025\/06\/03203428\/logo_concursos-1.jpg\",\"contentUrl\":\"https:\/\/dhg1h5j42swfq.cloudfront.net\/2025\/06\/03203428\/logo_concursos-1.jpg\",\"width\":230,\"height\":60,\"caption\":\"Estrat\u00e9gia Concursos\"},\"image\":{\"@id\":\"https:\/\/www.estrategiaconcursos.com.br\/blog\/#\/schema\/logo\/image\/\"},\"sameAs\":[\"https:\/\/x.com\/EstratConcursos\"]},{\"@type\":\"Person\",\"@id\":\"https:\/\/www.estrategiaconcursos.com.br\/blog\/#\/schema\/person\/cc9e76173880338ce9f656c88664a1f6\",\"name\":\"Diogo Mendes\",\"image\":{\"@type\":\"ImageObject\",\"inLanguage\":\"pt-BR\",\"@id\":\"https:\/\/secure.gravatar.com\/avatar\/9754d6777d460a45ef4067b586b94c32005cc2345a0404b8d96adc620cf63806?s=96&d=mm&r=g\",\"url\":\"https:\/\/secure.gravatar.com\/avatar\/9754d6777d460a45ef4067b586b94c32005cc2345a0404b8d96adc620cf63806?s=96&d=mm&r=g\",\"contentUrl\":\"https:\/\/secure.gravatar.com\/avatar\/9754d6777d460a45ef4067b586b94c32005cc2345a0404b8d96adc620cf63806?s=96&d=mm&r=g\",\"caption\":\"Diogo Mendes\"},\"description\":\"Diogo Mendes \u00e9 jornalista formado pela Universidade Paulista, com experi\u00eancia em reda\u00e7\u00f5es de diversos ve\u00edculos e na produ\u00e7\u00e3o de conte\u00fados especializados em concursos p\u00fablicos. Desde 2019, atua no Estrat\u00e9gia Concursos como Jornalista e Analista de Conte\u00fado, com foco na apura\u00e7\u00e3o de informa\u00e7\u00f5es junto a \u00f3rg\u00e3os e fontes oficiais. Dedica-se especialmente \u00e0 produ\u00e7\u00e3o de not\u00edcias e reportagens sobre Concursos Legislativos, al\u00e9m de acompanhar diariamente os concursos policiais, banc\u00e1rios e da \u00e1rea da sa\u00fade.\",\"url\":\"https:\/\/www.estrategiaconcursos.com.br\/blog\/author\/diogo-mendesestrategiaconcursos-com-br\/\"}]}<\/script>\n<!-- \/ Yoast SEO Premium plugin. -->","yoast_head_json":{"title":"Concurso Bombeiro PR Cadete: veja as etapas do novo edital","description":"Quais s\u00e3o as etapas previstas no novo edital do concurso Bombeiro PR? Acesse o site do Estrat\u00e9gia e veja os detalhes!","robots":{"index":"index","follow":"follow","max-snippet":"max-snippet:-1","max-image-preview":"max-image-preview:large","max-video-preview":"max-video-preview:-1"},"canonical":"https:\/\/www.estrategiaconcursos.com.br\/blog\/concurso-bombeiro-pr-cadete-etapas-novo-edital\/","og_locale":"pt_BR","og_type":"article","og_title":"Concurso Bombeiro PR Cadete: veja as etapas do novo edital","og_description":"Quais s\u00e3o as etapas previstas no novo edital do concurso Bombeiro PR? Acesse o site do Estrat\u00e9gia e veja os detalhes!","og_url":"https:\/\/www.estrategiaconcursos.com.br\/blog\/concurso-bombeiro-pr-cadete-etapas-novo-edital\/","og_site_name":"Estrat\u00e9gia Concursos","article_published_time":"2025-05-26T19:03:18+00:00","article_modified_time":"2025-05-26T19:03:21+00:00","og_image":[{"width":768,"height":432,"url":"https:\/\/dhg1h5j42swfq.cloudfront.net\/2022\/09\/14143142\/bombeiro_pr.jpg","type":"image\/jpeg"}],"author":"Diogo Mendes","twitter_card":"summary_large_image","twitter_creator":"@EstratConcursos","twitter_site":"@EstratConcursos","twitter_misc":{"Escrito por":"Diogo Mendes","Est. tempo de leitura":"3 minutos"},"schema":{"@context":"https:\/\/schema.org","@graph":[{"@type":"NewsArticle","@id":"https:\/\/www.estrategiaconcursos.com.br\/blog\/concurso-bombeiro-pr-cadete-etapas-novo-edital\/#article","isPartOf":{"@id":"https:\/\/www.estrategiaconcursos.com.br\/blog\/concurso-bombeiro-pr-cadete-etapas-novo-edital\/"},"author":{"name":"Diogo Mendes","@id":"https:\/\/www.estrategiaconcursos.com.br\/blog\/#\/schema\/person\/cc9e76173880338ce9f656c88664a1f6"},"headline":"Concurso Bombeiro PR Cadete: veja as etapas do novo edital","datePublished":"2025-05-26T19:03:18+00:00","dateModified":"2025-05-26T19:03:21+00:00","mainEntityOfPage":{"@id":"https:\/\/www.estrategiaconcursos.com.br\/blog\/concurso-bombeiro-pr-cadete-etapas-novo-edital\/"},"wordCount":626,"commentCount":0,"publisher":{"@id":"https:\/\/www.estrategiaconcursos.com.br\/blog\/#organization"},"image":{"@id":"https:\/\/www.estrategiaconcursos.com.br\/blog\/concurso-bombeiro-pr-cadete-etapas-novo-edital\/#primaryimage"},"thumbnailUrl":"https:\/\/dhg1h5j42swfq.cloudfront.net\/2022\/09\/14143142\/bombeiro_pr.jpg","keywords":["Bombeiro PR","cadete","concurso p\u00fablico","edital"],"articleSection":["Policial (PM\/BM - Oficial)","\u00daltimas not\u00edcias"],"inLanguage":"pt-BR","potentialAction":[{"@type":"CommentAction","name":"Comment","target":["https:\/\/www.estrategiaconcursos.com.br\/blog\/concurso-bombeiro-pr-cadete-etapas-novo-edital\/#respond"]}],"copyrightYear":"2025","copyrightHolder":{"@id":"https:\/\/www.estrategiaconcursos.com.br\/blog\/#organization"}},{"@type":"WebPage","@id":"https:\/\/www.estrategiaconcursos.com.br\/blog\/concurso-bombeiro-pr-cadete-etapas-novo-edital\/","url":"https:\/\/www.estrategiaconcursos.com.br\/blog\/concurso-bombeiro-pr-cadete-etapas-novo-edital\/","name":"Concurso Bombeiro PR Cadete: veja as etapas do novo edital","isPartOf":{"@id":"https:\/\/www.estrategiaconcursos.com.br\/blog\/#website"},"primaryImageOfPage":{"@id":"https:\/\/www.estrategiaconcursos.com.br\/blog\/concurso-bombeiro-pr-cadete-etapas-novo-edital\/#primaryimage"},"image":{"@id":"https:\/\/www.estrategiaconcursos.com.br\/blog\/concurso-bombeiro-pr-cadete-etapas-novo-edital\/#primaryimage"},"thumbnailUrl":"https:\/\/dhg1h5j42swfq.cloudfront.net\/2022\/09\/14143142\/bombeiro_pr.jpg","datePublished":"2025-05-26T19:03:18+00:00","dateModified":"2025-05-26T19:03:21+00:00","description":"Quais s\u00e3o as etapas previstas no novo edital do concurso Bombeiro PR? Acesse o site do Estrat\u00e9gia e veja os detalhes!","breadcrumb":{"@id":"https:\/\/www.estrategiaconcursos.com.br\/blog\/concurso-bombeiro-pr-cadete-etapas-novo-edital\/#breadcrumb"},"inLanguage":"pt-BR","potentialAction":[{"@type":"ReadAction","target":["https:\/\/www.estrategiaconcursos.com.br\/blog\/concurso-bombeiro-pr-cadete-etapas-novo-edital\/"]}]},{"@type":"ImageObject","inLanguage":"pt-BR","@id":"https:\/\/www.estrategiaconcursos.com.br\/blog\/concurso-bombeiro-pr-cadete-etapas-novo-edital\/#primaryimage","url":"https:\/\/dhg1h5j42swfq.cloudfront.net\/2022\/09\/14143142\/bombeiro_pr.jpg","contentUrl":"https:\/\/dhg1h5j42swfq.cloudfront.net\/2022\/09\/14143142\/bombeiro_pr.jpg","width":768,"height":432,"caption":"concurso bombeiro pr"},{"@type":"BreadcrumbList","@id":"https:\/\/www.estrategiaconcursos.com.br\/blog\/concurso-bombeiro-pr-cadete-etapas-novo-edital\/#breadcrumb","itemListElement":[{"@type":"ListItem","position":1,"name":"In\u00edcio","item":"https:\/\/www.estrategiaconcursos.com.br\/blog\/"},{"@type":"ListItem","position":2,"name":"Concurso Bombeiro PR Cadete: veja as etapas do novo edital"}]},{"@type":"WebSite","@id":"https:\/\/www.estrategiaconcursos.com.br\/blog\/#website","url":"https:\/\/www.estrategiaconcursos.com.br\/blog\/","name":"Estrat\u00e9gia Concursos","description":"O blog da Estrat\u00e9gia Concursos traz not\u00edcias sobre concursos e artigos de professores oferecendo cursos para concursos (pdf + videaulas) no site.","publisher":{"@id":"https:\/\/www.estrategiaconcursos.com.br\/blog\/#organization"},"potentialAction":[{"@type":"SearchAction","target":{"@type":"EntryPoint","urlTemplate":"https:\/\/www.estrategiaconcursos.com.br\/blog\/?s={search_term_string}"},"query-input":{"@type":"PropertyValueSpecification","valueRequired":true,"valueName":"search_term_string"}}],"inLanguage":"pt-BR"},{"@type":"Organization","@id":"https:\/\/www.estrategiaconcursos.com.br\/blog\/#organization","name":"Estrat\u00e9gia Concursos","url":"https:\/\/www.estrategiaconcursos.com.br\/blog\/","logo":{"@type":"ImageObject","inLanguage":"pt-BR","@id":"https:\/\/www.estrategiaconcursos.com.br\/blog\/#\/schema\/logo\/image\/","url":"https:\/\/dhg1h5j42swfq.cloudfront.net\/2025\/06\/03203428\/logo_concursos-1.jpg","contentUrl":"https:\/\/dhg1h5j42swfq.cloudfront.net\/2025\/06\/03203428\/logo_concursos-1.jpg","width":230,"height":60,"caption":"Estrat\u00e9gia Concursos"},"image":{"@id":"https:\/\/www.estrategiaconcursos.com.br\/blog\/#\/schema\/logo\/image\/"},"sameAs":["https:\/\/x.com\/EstratConcursos"]},{"@type":"Person","@id":"https:\/\/www.estrategiaconcursos.com.br\/blog\/#\/schema\/person\/cc9e76173880338ce9f656c88664a1f6","name":"Diogo Mendes","image":{"@type":"ImageObject","inLanguage":"pt-BR","@id":"https:\/\/secure.gravatar.com\/avatar\/9754d6777d460a45ef4067b586b94c32005cc2345a0404b8d96adc620cf63806?s=96&d=mm&r=g","url":"https:\/\/secure.gravatar.com\/avatar\/9754d6777d460a45ef4067b586b94c32005cc2345a0404b8d96adc620cf63806?s=96&d=mm&r=g","contentUrl":"https:\/\/secure.gravatar.com\/avatar\/9754d6777d460a45ef4067b586b94c32005cc2345a0404b8d96adc620cf63806?s=96&d=mm&r=g","caption":"Diogo Mendes"},"description":"Diogo Mendes \u00e9 jornalista formado pela Universidade Paulista, com experi\u00eancia em reda\u00e7\u00f5es de diversos ve\u00edculos e na produ\u00e7\u00e3o de conte\u00fados especializados em concursos p\u00fablicos. Desde 2019, atua no Estrat\u00e9gia Concursos como Jornalista e Analista de Conte\u00fado, com foco na apura\u00e7\u00e3o de informa\u00e7\u00f5es junto a \u00f3rg\u00e3os e fontes oficiais. Dedica-se especialmente \u00e0 produ\u00e7\u00e3o de not\u00edcias e reportagens sobre Concursos Legislativos, al\u00e9m de acompanhar diariamente os concursos policiais, banc\u00e1rios e da \u00e1rea da sa\u00fade.","url":"https:\/\/www.estrategiaconcursos.com.br\/blog\/author\/diogo-mendesestrategiaconcursos-com-br\/"}]}},"_links":{"self":[{"href":"https:\/\/www.estrategiaconcursos.com.br\/blog\/wp-json\/wp\/v2\/posts\/1581148","targetHints":{"allow":["GET"]}}],"collection":[{"href":"https:\/\/www.estrategiaconcursos.com.br\/blog\/wp-json\/wp\/v2\/posts"}],"about":[{"href":"https:\/\/www.estrategiaconcursos.com.br\/blog\/wp-json\/wp\/v2\/types\/post"}],"author":[{"embeddable":true,"href":"https:\/\/www.estrategiaconcursos.com.br\/blog\/wp-json\/wp\/v2\/users\/1483"}],"replies":[{"embeddable":true,"href":"https:\/\/www.estrategiaconcursos.com.br\/blog\/wp-json\/wp\/v2\/comments?post=1581148"}],"version-history":[{"count":3,"href":"https:\/\/www.estrategiaconcursos.com.br\/blog\/wp-json\/wp\/v2\/posts\/1581148\/revisions"}],"predecessor-version":[{"id":1581153,"href":"https:\/\/www.estrategiaconcursos.com.br\/blog\/wp-json\/wp\/v2\/posts\/1581148\/revisions\/1581153"}],"wp:featuredmedia":[{"embeddable":true,"href":"https:\/\/www.estrategiaconcursos.com.br\/blog\/wp-json\/wp\/v2\/media\/1094572"}],"wp:attachment":[{"href":"https:\/\/www.estrategiaconcursos.com.br\/blog\/wp-json\/wp\/v2\/media?parent=1581148"}],"wp:term":[{"taxonomy":"category","embeddable":true,"href":"https:\/\/www.estrategiaconcursos.com.br\/blog\/wp-json\/wp\/v2\/categories?post=1581148"},{"taxonomy":"post_tag","embeddable":true,"href":"https:\/\/www.estrategiaconcursos.com.br\/blog\/wp-json\/wp\/v2\/tags?post=1581148"},{"taxonomy":"tax_estado","embeddable":true,"href":"https:\/\/www.estrategiaconcursos.com.br\/blog\/wp-json\/wp\/v2\/tax_estado?post=1581148"}],"curies":[{"name":"wp","href":"https:\/\/api.w.org\/{rel}","templated":true}]}}