{"id":15810,"date":"2026-04-08T11:35:00","date_gmt":"2026-04-08T14:35:00","guid":{"rendered":"https:\/\/www.estrategiaconcursos.com.br\/blog\/?post_type=noticia&#038;p=15810"},"modified":"2026-04-08T11:35:29","modified_gmt":"2026-04-08T14:35:29","slug":"concurso-receita-federal","status":"publish","type":"post","link":"https:\/\/www.estrategiaconcursos.com.br\/blog\/concurso-receita-federal\/","title":{"rendered":"Concurso Receita Federal: autoriza\u00e7\u00e3o prevista para 2026!"},"content":{"rendered":"\n<p style=\"font-size:clamp(15.747px, 0.984rem + ((1vw - 3.2px) * 0.809), 24px);\"><span><em style=\"font-weight: bold;\">\u00daltimo Concurso Receita Federal est\u00e1 com sua validade encerrada<\/em><\/span><\/p>\n\n\n\n<center><a id=\"cta-icon\" href=\"https:\/\/sndflw.com\/i\/receita-federal-grupo\" target=\"_blank\" style=\"background:#29a61a; display:inline-flex; align-items:center; padding:10px 15px; border-radius:6px; color:#fff; text-decoration:none; font-weight:500; font-size:15px;\"><img decoding=\"async\" src=\"https:\/\/dhg1h5j42swfq.cloudfront.net\/2023\/12\/07154107\/whatsapp_13851.png\" alt=\"\" style=\"width:20px; height:20px; margin-right:8px;\"><span>Acesse agora o Grupo de Estudos para o Concurso Receita Federal<\/span><\/a><\/center>\n\n\n\n<div style=\"height:24px\" aria-hidden=\"true\" class=\"wp-block-spacer\"><\/div>\n\n\n\n<p>A <strong><a href=\"https:\/\/www.estrategiaconcursos.com.br\/cursosPorConcurso\/receita-federal-auditor-fiscal-7\/\" target=\"_blank\" rel=\"noreferrer noopener\">Receita Federal do Brasil<\/a><\/strong> est\u00e1 buscando uma <strong><a href=\"https:\/\/www.estrategiaconcursos.com.br\/blog\/concursos-federais-novas-autorizacoes-em-2026\/\" target=\"_blank\" rel=\"noreferrer noopener\">autoriza\u00e7\u00e3o<\/a> <\/strong>para o seu novo concurso p\u00fablico. <strong>A expectativa \u00e9 que o aval seja concedido neste ano de 2026, para que o certame seja aberto em 2027.<\/strong><\/p>\n\n\n\n<p>A informa\u00e7\u00e3o foi confirmada em novembro do ano passado pelo Auditor Fiscal da Receita, Mario de Marco, por meio <a href=\"https:\/\/www.estrategiaconcursos.com.br\/blog\/concurso-receita-federal-em-2027\/\" target=\"_blank\" rel=\"noreferrer noopener\">de suas redes sociais<\/a>.<\/p>\n\n\n\n<p>Al\u00e9m disso, fomos informados de que um novo pedido de autoriza\u00e7\u00e3o de concurso ser\u00e1 protocolado em breve. <\/p>\n\n\n\n<p>Vale ressaltar que o n\u00famero de vagas e os cargos que ser\u00e3o solicitados ainda n\u00e3o foram divulgados. Entretanto, espera-se que seja para&nbsp;<strong>Auditor Fiscal e Analista Tribut\u00e1rio<\/strong>, como de costume.&nbsp;<\/p>\n\n\n\n<figure class=\"wp-block-image aligncenter size-full\"><img loading=\"lazy\" decoding=\"async\" width=\"585\" height=\"353\" src=\"https:\/\/dhg1h5j42swfq.cloudfront.net\/2026\/02\/25113917\/rfb-e-sic-2026-1.jpg\" alt=\"Resposta obtida via e-sic acerca de novo pedido de concurso p\u00fablico para a receita federal em 2026\" class=\"wp-image-1720972\" srcset=\"https:\/\/dhg1h5j42swfq.cloudfront.net\/2026\/02\/25113917\/rfb-e-sic-2026-1.jpg 585w, https:\/\/dhg1h5j42swfq.cloudfront.net\/2026\/02\/25113917\/rfb-e-sic-2026-1-300x181.jpg 300w, https:\/\/dhg1h5j42swfq.cloudfront.net\/2026\/02\/25113917\/rfb-e-sic-2026-1-150x91.jpg 150w\" sizes=\"auto, (max-width: 585px) 100vw, 585px\" \/><\/figure>\n\n\n\n<p>Atualmente, o \u00f3rg\u00e3o possui mais de <strong>22,7 mil cargos vagos<\/strong>, evidenciando a necessidade de um novo concurso para reposi\u00e7\u00e3o de pessoal.<\/p>\n\n\n\n<p>Ademais, o \u00faltimo Concurso da Receita teve sua <strong>validade expirada<\/strong> no final de 2025, sem prorroga\u00e7\u00e3o, uma vez que toda a lista de aprovados foi zerada.<\/p>\n\n\n\n<ul class=\"wp-block-list has-very-light-gray-to-cyan-bluish-gray-gradient-background has-background\">\n<li><strong>Receita Federal<\/strong>&nbsp;<strong>do Brasil &#8211; RFB<\/strong><\/li>\n\n\n\n<li><strong>Status:<\/strong> previsto para 2026\/2027<\/li>\n\n\n\n<li><strong>Banca<\/strong>: a definir<\/li>\n\n\n\n<li><strong>Vagas:&nbsp;<\/strong>a definir<\/li>\n\n\n\n<li><strong>Sal\u00e1rio inicial:<\/strong> R$ 12.735,99 e R$ 22.921,71 <strong>+<\/strong> b\u00f4nus e benef\u00edcios<\/li>\n\n\n\n<li><strong>\u00daltimo edital:<\/strong> <a href=\"https:\/\/dhg1h5j42swfq.cloudfront.net\/2022\/12\/05102238\/minuta_edital_rfb_revisado_1_12_-_final_limpa.pdf\" target=\"_blank\" rel=\"noreferrer noopener\">RFB 2022<\/a><\/li>\n<\/ul>\n\n\n\n<p>Ao longo deste artigo voc\u00ea confere as principais informa\u00e7\u00f5es do concurso Receita Federal:<\/p>\n\n\n\n<ul id=\"indice\" class=\"wp-block-list\">\n<li><strong><a href=\"#atual\">Situa\u00e7\u00e3o atual<\/a><\/strong>\n<ul class=\"wp-block-list\">\n<li><a href=\"#loa\">LOA 2026<\/a><\/li>\n<\/ul>\n<\/li>\n\n\n\n<li><strong><a href=\"#carreira\">Carreira de Auditor e Analista<\/a><\/strong>\n<ul class=\"wp-block-list\">\n<li><a href=\"#requisitos\">Requisitos<\/a><\/li>\n\n\n\n<li><a href=\"#remuneracao\">Remunera\u00e7\u00e3o<\/a>\n<ul class=\"wp-block-list\">\n<li><a href=\"#beneficios\">Benef\u00edcios<\/a><\/li>\n\n\n\n<li><a href=\"#real\">Remunera\u00e7\u00e3o real<\/a> (portal da transpar\u00eancia)<\/li>\n<\/ul>\n<\/li>\n\n\n\n<li><a href=\"#atribuicoes\">Atribui\u00e7\u00f5es<\/a><\/li>\n\n\n\n<li><a href=\"#vagos\">Cargos vagos<\/a><\/li>\n<\/ul>\n<\/li>\n\n\n\n<li><strong><a href=\"#datas\">\u00daltimo concurso<\/a><\/strong> (2022)\n<ul class=\"wp-block-list\">\n<li><a href=\"#linha\">Linha do tempo<\/a><\/li>\n\n\n\n<li><a href=\"#vagas\">Distribui\u00e7\u00e3o das vagas<\/a>\n<ul class=\"wp-block-list\">\n<li><a href=\"#inscritos\">Demanda de inscritos<\/a><\/li>\n<\/ul>\n<\/li>\n\n\n\n<li><a href=\"#etapas\">Etapas de avalia\u00e7\u00e3o<\/a>\n<ul class=\"wp-block-list\">\n<li><a href=\"#objetiva\">Prova objetiva<\/a><\/li>\n\n\n\n<li><a href=\"#discursiva\">Prova discursiva<\/a><\/li>\n\n\n\n<li><a href=\"#curso\">Curso de forma\u00e7\u00e3o<\/a><\/li>\n<\/ul>\n<\/li>\n<\/ul>\n<\/li>\n\n\n\n<li><strong><a href=\"#ultimo\">Concursos anteriores<\/a><\/strong>\n<ul class=\"wp-block-list\">\n<li><a href=\"#nomeacoes\">Nomea\u00e7\u00f5es<\/a><\/li>\n\n\n\n<li><a href=\"#nota-corte\">Nota de corte<\/a><\/li>\n\n\n\n<li><a href=\"#materiais\">Cadernos de provas<\/a><\/li>\n<\/ul>\n<\/li>\n\n\n\n<li><strong><a href=\"#cursos\">Assinatura e cursos<\/a><\/strong><\/li>\n\n\n\n<li><strong><span style=\"text-decoration: underline;\"><a href=\"#ficha\">Ficha T\u00e9cnica<\/a><\/span><\/strong><\/li>\n<\/ul>\n\n\n\n<div class=\"container\" id=\"boxes\">\n  <div class=\"row\">\n\n    <div class=\"col-sm\">\n      <div class=\"banner-receita-federal-ec\" id=\"box-assinatura\">\n        <h2 class=\"titulo-assinatura\">Concurso Receita Federal<\/h2>\n        <p class=\"subtitulo-assinatura\">Tudo o que precisa para ser aprovado na RFB!<\/p>\n        <div class=\"box-botao\">\n          <a class=\"btn-assinatura\" target=\"_blank\" href=\"https:\/\/www.estrategiaconcursos.com.br\/cursosPorConcurso\/receita-federal-auditor-fiscal-7\/\" role=\"button\" rel=\"noopener noreferrer\">VER CURSOS<\/a>\n        <\/div>\n      <\/div>\n      \n    <\/div>\n\n  <\/div>\n<\/div>\n\n\n\n<h2 class=\"wp-block-heading has-background\" id=\"atual\" style=\"background-color:#f4f4f5\">Situa\u00e7\u00e3o atual do Concurso Receita Federal<\/h2>\n\n\n\n<p>Conforme mencionado no in\u00edcio do artigo, a Receita Federal teve seu \u00faltimo concurso encerrado em 19 de dezembro de 2025. Com toda a lista de aprovados zerada, n\u00e3o houve prorroga\u00e7\u00e3o de validade.<\/p>\n\n\n\n<p>Junto a isso, a Receita ir\u00e1 protocolar, em breve, um novo pedido de concurso p\u00fablico, que dever\u00e1 ser analisado pelo Minist\u00e9rio da Gest\u00e3o e da Inova\u00e7\u00e3o.<\/p>\n\n\n\n<p>A expectativa do \u00f3rg\u00e3o \u00e9 de obter a autoriza\u00e7\u00e3o em 2026, a fim de lan\u00e7ar o edital de abertura para provimento de novas vagas em 2027.<\/p>\n\n\n\n<h3 class=\"wp-block-heading\" id=\"loa\">LOA 2026<\/h3>\n\n\n\n<p>A&nbsp;<strong><a href=\"https:\/\/www.estrategiaconcursos.com.br\/blog\/loa-2026-e-sancionada-163-mil-vagas\/\" target=\"_blank\" rel=\"noreferrer noopener\">Lei Or\u00e7ament\u00e1ria Anual<\/a>&nbsp;(LOA)<\/strong>&nbsp;do ano de 2026 foi sancionada pelo presidente Lula, prevendo<strong>&nbsp;<\/strong>cerca de&nbsp;<strong>155 mil vagas para cria\u00e7\u00e3o e provimento no Poder Executivo<\/strong>.<\/p>\n\n\n\n<p>Dessas, <strong>11.382 ser\u00e3o para cargos efetivos vagos<\/strong>. Vale ressaltar que o documento <span style=\"text-decoration: underline;\">n\u00e3o<\/span> traz o detalhamento de quais \u00f3rg\u00e3os poder\u00e3o ser contemplados nesse quantitativo.<\/p>\n\n\n\n<figure class=\"wp-block-image aligncenter size-full\"><img loading=\"lazy\" decoding=\"async\" width=\"722\" height=\"298\" src=\"https:\/\/dhg1h5j42swfq.cloudfront.net\/2026\/01\/15091052\/image-168.png\" alt=\"Receita Federal: LOA 2026 prev\u00ea 155 mil vagas no Executivo\" class=\"wp-image-1699628\" srcset=\"https:\/\/dhg1h5j42swfq.cloudfront.net\/2026\/01\/15091052\/image-168.png 722w, https:\/\/dhg1h5j42swfq.cloudfront.net\/2026\/01\/15091052\/image-168-300x124.png 300w, https:\/\/dhg1h5j42swfq.cloudfront.net\/2026\/01\/15091052\/image-168-150x62.png 150w\" sizes=\"auto, (max-width: 722px) 100vw, 722px\" \/><figcaption class=\"wp-element-caption\">Concurso Receita Federal: LOA 2026 prev\u00ea 155 mil vagas no Executivo<\/figcaption><\/figure>\n\n\n\n<p><a href=\"https:\/\/dhg1h5j42swfq.cloudfront.net\/2026\/01\/15000831\/loa-2026.pdf?utm_source=google&amp;utm_medium=cpc&amp;utm_campaign=ec-tri-vd-gsh-guiatjrj-semesp-260525\" target=\"_blank\" rel=\"noreferrer noopener nofollow\">A Lei<\/a> demonstra a expectativa do governo federal para <strong>contrata\u00e7\u00e3o de novos servidores<\/strong>, por\u00e9m, conforme mencionado, n\u00e3o especifica para quais \u00f3rg\u00e3os.<\/p>\n\n\n\n<p>Esse n\u00famero engloba as\u00a0<strong>nomea\u00e7\u00f5es\u00a0<\/strong>de candidatos aprovados em concursos p\u00fablicos recentemente finalizados ou que ser\u00e3o realizados em breve, assim como poss\u00edveis <strong>autoriza\u00e7\u00f5es <\/strong>para este ano de 2026.<\/p>\n\n\n\n<h2 class=\"wp-block-heading has-background\" id=\"carreira\" style=\"background-color:#f4f4f5\">Carreira na Receita Federal<\/h2>\n\n\n\n<h3 class=\"wp-block-heading\" id=\"requisitos\">Quais s\u00e3o os requisitos dos cargos da RFB?<\/h3>\n\n\n\n<ul class=\"wp-block-list\">\n<li><strong>Auditor Fiscal: <\/strong>diploma de conclus\u00e3o de curso superior, em n\u00edvel de gradua\u00e7\u00e3o, devidamente registrado, fornecido por institui\u00e7\u00e3o de ensino reconhecida pelo Minist\u00e9rio da Educa\u00e7\u00e3o; <\/li>\n\n\n\n<li><strong>Analista Tribut\u00e1rio: <\/strong>diploma de conclus\u00e3o de curso superior, em n\u00edvel de gradua\u00e7\u00e3o, devidamente registrado, fornecido por institui\u00e7\u00e3o de ensino reconhecida pelo Minist\u00e9rio da Educa\u00e7\u00e3o.<\/li>\n<\/ul>\n\n\n\n<h3 class=\"wp-block-heading\" id=\"remuneracao\">Quanto ganha um Auditor Fiscal? E um Analista Tribut\u00e1rio?<\/h3>\n\n\n\n<p>A remunera\u00e7\u00e3o inicial \u00e9 de <strong>R$ 12.735,99<\/strong> para Analista Tribut\u00e1rio e <strong>R$ 22.921,71<\/strong> para Auditor Fiscal.<\/p>\n\n\n\n<figure class=\"wp-block-table is-style-stripes\"><table class=\"has-fixed-layout\"><thead><tr><th class=\"has-text-align-center\" data-align=\"center\">Cargos<\/th><th class=\"has-text-align-center\" data-align=\"center\">Remunera\u00e7\u00e3o inicial<\/th><th class=\"has-text-align-center\" data-align=\"center\">Remunera\u00e7\u00e3o Final<\/th><\/tr><\/thead><tbody><tr><td class=\"has-text-align-center\" data-align=\"center\">Auditor Fiscal<\/td><td class=\"has-text-align-center\" data-align=\"center\">R$ 22.921,71<\/td><td class=\"has-text-align-center\" data-align=\"center\">R$ 32.504,91<\/td><\/tr><tr><td class=\"has-text-align-center\" data-align=\"center\">Analista Tribut\u00e1rio<\/td><td class=\"has-text-align-center\" data-align=\"center\">R$ 12.735,99<\/td><td class=\"has-text-align-center\" data-align=\"center\">R$ 19.376,60<\/td><\/tr><\/tbody><\/table><figcaption class=\"wp-element-caption\">Estrutura remunerat\u00f3ria por cargo<\/figcaption><\/figure>\n\n\n\n<p>Mas na realidade, esses valores podem ser ainda maiores. Isso porque, foi aprovada a mudan\u00e7a na implementa\u00e7\u00e3o do decreto do&nbsp;<strong><a href=\"https:\/\/www.estrategiaconcursos.com.br\/blog\/receita-federal-bonus-de-eficiencia\/\" target=\"_blank\" rel=\"noreferrer noopener\">b\u00f4nus de efici\u00eancia<\/a><\/strong>, atualmente em R$ 6,9 mil para Analista e R$ 11,5 mil para Auditor:<\/p>\n\n\n\n<p><strong>Auditor Fiscal:<\/strong><\/p>\n\n\n\n<figure class=\"wp-block-table is-style-stripes\"><table class=\"has-fixed-layout\"><thead><tr><td class=\"has-text-align-center\" data-align=\"center\"><strong>CLASSE<\/strong><\/td><td class=\"has-text-align-center\" data-align=\"center\"><strong>PADR\u00c3O<\/strong><\/td><td class=\"has-text-align-center\" data-align=\"center\"><strong>Vencimento B\u00e1sico (A)<\/strong><\/td><td class=\"has-text-align-center\" data-align=\"center\"><strong>B\u00f4nus (BEP) (B)<\/strong><\/td><td class=\"has-text-align-center\" data-align=\"center\"><strong>TOTAL (A+B)<\/strong><\/td><\/tr><\/thead><tbody><tr><td class=\"has-text-align-center\" data-align=\"center\"><strong>ESPECIAL<\/strong><\/td><td class=\"has-text-align-center\" data-align=\"center\">III<\/td><td class=\"has-text-align-center\" data-align=\"center\">R$ 32.504,91<\/td><td class=\"has-text-align-center\" data-align=\"center\">R$ 11.500,00<\/td><td class=\"has-text-align-center\" data-align=\"center\"><strong>R$ 44.004,91<\/strong><\/td><\/tr><tr><td class=\"has-text-align-center\" data-align=\"center\"><\/td><td class=\"has-text-align-center\" data-align=\"center\">II<\/td><td class=\"has-text-align-center\" data-align=\"center\">R$ 31.601,86<\/td><td class=\"has-text-align-center\" data-align=\"center\">R$ 11.500,00<\/td><td class=\"has-text-align-center\" data-align=\"center\"><strong>R$ 43.101,86<\/strong><\/td><\/tr><tr><td class=\"has-text-align-center\" data-align=\"center\"><\/td><td class=\"has-text-align-center\" data-align=\"center\">I<\/td><td class=\"has-text-align-center\" data-align=\"center\">R$ 31.043,08<\/td><td class=\"has-text-align-center\" data-align=\"center\">R$ 11.500,00<\/td><td class=\"has-text-align-center\" data-align=\"center\"><strong>R$ 42.543,08<\/strong><\/td><\/tr><tr><td class=\"has-text-align-center\" data-align=\"center\"><strong>PRIMEIRA<\/strong><\/td><td class=\"has-text-align-center\" data-align=\"center\">III<\/td><td class=\"has-text-align-center\" data-align=\"center\">R$ 26.846,11<\/td><td class=\"has-text-align-center\" data-align=\"center\">R$ 11.500,00<\/td><td class=\"has-text-align-center\" data-align=\"center\"><strong>R$ 38.346,11<\/strong><\/td><\/tr><tr><td class=\"has-text-align-center\" data-align=\"center\"><\/td><td class=\"has-text-align-center\" data-align=\"center\">II<\/td><td class=\"has-text-align-center\" data-align=\"center\">R$ 26.319,73<\/td><td class=\"has-text-align-center\" data-align=\"center\">R$ 11.500,00<\/td><td class=\"has-text-align-center\" data-align=\"center\"><strong>R$ 37.819,73<\/strong><\/td><\/tr><tr><td class=\"has-text-align-center\" data-align=\"center\"><\/td><td class=\"has-text-align-center\" data-align=\"center\">I<\/td><td class=\"has-text-align-center\" data-align=\"center\">R$ 25.297,70<\/td><td class=\"has-text-align-center\" data-align=\"center\">R$<strong> <\/strong>11.500,00<\/td><td class=\"has-text-align-center\" data-align=\"center\"><strong>R$ 36.797,70<\/strong><\/td><\/tr><tr><td class=\"has-text-align-center\" data-align=\"center\"><strong>SEGUNDA<\/strong><\/td><td class=\"has-text-align-center\" data-align=\"center\">III<\/td><td class=\"has-text-align-center\" data-align=\"center\">R$ 24.324,71<\/td><td class=\"has-text-align-center\" data-align=\"center\">R$ 11.500,00<\/td><td class=\"has-text-align-center\" data-align=\"center\"><strong>R$ 35.824,71<\/strong><\/td><\/tr><tr><td class=\"has-text-align-center\" data-align=\"center\"><\/td><td class=\"has-text-align-center\" data-align=\"center\">II<\/td><td class=\"has-text-align-center\" data-align=\"center\">R$ 23.847,76<\/td><td class=\"has-text-align-center\" data-align=\"center\">R$ 11.500,00<\/td><td class=\"has-text-align-center\" data-align=\"center\"><strong>R$ 35.347,76<\/strong><\/td><\/tr><tr><td class=\"has-text-align-center\" data-align=\"center\"><\/td><td class=\"has-text-align-center\" data-align=\"center\">I<\/td><td class=\"has-text-align-center\" data-align=\"center\">R$ 22.921,71<\/td><td class=\"has-text-align-center\" data-align=\"center\">R$ 11.500,00<\/td><td class=\"has-text-align-center\" data-align=\"center\"><strong>R$ 34.421,71<\/strong><\/td><\/tr><\/tbody><\/table><figcaption class=\"wp-element-caption\">Estrutura remunerat\u00f3ria do cargo de Auditor Fiscal<\/figcaption><\/figure>\n\n\n\n<p><strong>Analista Tribut\u00e1rio:<\/strong><\/p>\n\n\n\n<figure class=\"wp-block-table is-style-stripes\"><table class=\"has-fixed-layout\"><thead><tr><td class=\"has-text-align-center\" data-align=\"center\"><strong>CLASSE<\/strong><\/td><td class=\"has-text-align-center\" data-align=\"center\"><strong>PADR\u00c3O<\/strong><\/td><td class=\"has-text-align-center\" data-align=\"center\"><strong>Vencimento B\u00e1sico (A)<\/strong><\/td><td class=\"has-text-align-center\" data-align=\"center\"><strong>B\u00f4nus (BEP) (B)<\/strong><\/td><td class=\"has-text-align-center\" data-align=\"center\"><strong>TOTAL (A+B)<\/strong><\/td><\/tr><\/thead><tbody><tr><td class=\"has-text-align-center\" data-align=\"center\"><strong>ESPECIAL<\/strong><\/td><td class=\"has-text-align-center\" data-align=\"center\">III<\/td><td class=\"has-text-align-center\" data-align=\"center\">R$ 19.376,60<\/td><td class=\"has-text-align-center\" data-align=\"center\"><strong>R$ 6.900,00<\/strong><\/td><td class=\"has-text-align-center\" data-align=\"center\"><strong>R$ 26.276,60<\/strong><\/td><\/tr><tr><td class=\"has-text-align-center\" data-align=\"center\"><\/td><td class=\"has-text-align-center\" data-align=\"center\">II<\/td><td class=\"has-text-align-center\" data-align=\"center\">R$ 18.685,39<\/td><td class=\"has-text-align-center\" data-align=\"center\"><strong>R$ 6.900,00<\/strong><\/td><td class=\"has-text-align-center\" data-align=\"center\"><strong>R$<\/strong> <strong>25.585,39<\/strong><\/td><\/tr><tr><td class=\"has-text-align-center\" data-align=\"center\"><\/td><td class=\"has-text-align-center\" data-align=\"center\">I<\/td><td class=\"has-text-align-center\" data-align=\"center\">R$ 18.319,01<\/td><td class=\"has-text-align-center\" data-align=\"center\"><strong>R$ 6.900,00<\/strong><\/td><td class=\"has-text-align-center\" data-align=\"center\"><strong>R$ 25.219,01<\/strong><\/td><\/tr><tr><td class=\"has-text-align-center\" data-align=\"center\"><strong>PRIMEIRA<\/strong><\/td><td class=\"has-text-align-center\" data-align=\"center\">III<\/td><td class=\"has-text-align-center\" data-align=\"center\">R$ 15.811,26<\/td><td class=\"has-text-align-center\" data-align=\"center\"><strong>R$ 6.900,00<\/strong><\/td><td class=\"has-text-align-center\" data-align=\"center\"><strong>R$ 22.711,26<\/strong><\/td><\/tr><tr><td class=\"has-text-align-center\" data-align=\"center\"><\/td><td class=\"has-text-align-center\" data-align=\"center\">II<\/td><td class=\"has-text-align-center\" data-align=\"center\">R$ 15.203,13<\/td><td class=\"has-text-align-center\" data-align=\"center\"><strong>R$ 6.900,00<\/strong><\/td><td class=\"has-text-align-center\" data-align=\"center\"><strong>R$ 22.103,13<\/strong><\/td><\/tr><tr><td class=\"has-text-align-center\" data-align=\"center\"><\/td><td class=\"has-text-align-center\" data-align=\"center\">I<\/td><td class=\"has-text-align-center\" data-align=\"center\">R$ 14.056,15<\/td><td class=\"has-text-align-center\" data-align=\"center\"><strong>R$ 6.900,00<\/strong><\/td><td class=\"has-text-align-center\" data-align=\"center\"><strong>R$ 20.956,15<\/strong><\/td><\/tr><tr><td class=\"has-text-align-center\" data-align=\"center\"><strong>SEGUNDA<\/strong><\/td><td class=\"has-text-align-center\" data-align=\"center\">III<\/td><td class=\"has-text-align-center\" data-align=\"center\">R$ 13.515,52<\/td><td class=\"has-text-align-center\" data-align=\"center\"><strong>R$ 6.900,00<\/strong><\/td><td class=\"has-text-align-center\" data-align=\"center\"><strong>R$ 20.415,52<\/strong><\/td><\/tr><tr><td class=\"has-text-align-center\" data-align=\"center\"><\/td><td class=\"has-text-align-center\" data-align=\"center\">II<\/td><td class=\"has-text-align-center\" data-align=\"center\">R$ 13.250,52<\/td><td class=\"has-text-align-center\" data-align=\"center\"><strong>R$ 6.900,00<\/strong><\/td><td class=\"has-text-align-center\" data-align=\"center\"><strong>R$ 20.150,52<\/strong><\/td><\/tr><tr><td class=\"has-text-align-center\" data-align=\"center\"><\/td><td class=\"has-text-align-center\" data-align=\"center\">I<\/td><td class=\"has-text-align-center\" data-align=\"center\">R$ 12.735,99<\/td><td class=\"has-text-align-center\" data-align=\"center\"><strong>R$ 6.900,00<\/strong><\/td><td class=\"has-text-align-center\" data-align=\"center\"><strong>R$ 19.635,99<\/strong><\/td><\/tr><\/tbody><\/table><figcaption class=\"wp-element-caption\">Estrutura remunerat\u00f3ria do cargo de Analista Tribut\u00e1rio <\/figcaption><\/figure>\n\n\n\n<h4 class=\"wp-block-heading\" id=\"beneficios\">Benef\u00edcios oferecidos para servidores federais<\/h4>\n\n\n\n<p>Em mar\u00e7o de 2026, o MGI e entidades sindicais dos servidores federais definiram o <a href=\"https:\/\/www.estrategiaconcursos.com.br\/blog\/concursos-federais-reajuste-em-beneficios\/\" target=\"_blank\" rel=\"noreferrer noopener\">reajuste de alguns benef\u00edcios dos servidores federais<\/a>:<\/p>\n\n\n\n<ul class=\"wp-block-list\">\n<li>Aux\u00edlio-alimenta\u00e7\u00e3o:<strong>\u00a0R$ 1.192<\/strong>;<\/li>\n\n\n\n<li>Aux\u00edlio-sa\u00fade:<strong>\u00a0at\u00e9 R$ 464,89<\/strong>;<\/li>\n\n\n\n<li>Aux\u00edlio pr\u00e9-escolar:<strong>\u00a0R$ 526,64<\/strong>;<\/li>\n\n\n\n<li>Adicional de qualifica\u00e7\u00e3o;<\/li>\n\n\n\n<li>Adicional de fronteira (em \u00e1reas espec\u00edficas);<\/li>\n\n\n\n<li>Adicional noturno (quando aplic\u00e1vel); e<\/li>\n\n\n\n<li>Estabilidade ap\u00f3s o est\u00e1gio probat\u00f3rio.<\/li>\n<\/ul>\n\n\n\n<h4 class=\"wp-block-heading\" id=\"real\">Remunera\u00e7\u00e3o real (Portal da Transpar\u00eancia)<\/h4>\n\n\n\n<p>Para exemplificar ainda melhor, trouxemos abaixo o valor real recebido por <strong>servidores admitidos no \u00faltimo concurso<\/strong> (2022). Conforme o detalhamento, o sal\u00e1rio ap\u00f3s os descontos obrigat\u00f3rios \u00e9 de&nbsp;<strong>R$ 11,3 mil<\/strong> para Analista e <strong>R$ 20 mil<\/strong> para Auditor:<\/p>\n\n\n\n<figure class=\"wp-block-image aligncenter size-large\"><img loading=\"lazy\" decoding=\"async\" width=\"1024\" height=\"296\" src=\"https:\/\/dhg1h5j42swfq.cloudfront.net\/2025\/10\/08092044\/image-109-1024x296.png\" alt=\"Quadro do portal da transpar\u00eancia de remunera\u00e7\u00e3o real do concurso Receita Federal para o cargo de Analista Tribut\u00e1rio.\" class=\"wp-image-1670034\" srcset=\"https:\/\/dhg1h5j42swfq.cloudfront.net\/2025\/10\/08092044\/image-109-1024x296.png 1024w, https:\/\/dhg1h5j42swfq.cloudfront.net\/2025\/10\/08092044\/image-109-300x87.png 300w, https:\/\/dhg1h5j42swfq.cloudfront.net\/2025\/10\/08092044\/image-109-768x222.png 768w, https:\/\/dhg1h5j42swfq.cloudfront.net\/2025\/10\/08092044\/image-109-150x43.png 150w, https:\/\/dhg1h5j42swfq.cloudfront.net\/2025\/10\/08092044\/image-109.png 1056w\" sizes=\"auto, (max-width: 1024px) 100vw, 1024px\" \/><figcaption class=\"wp-element-caption\">Analista Tribut\u00e1rio (remunera\u00e7\u00e3o real)<\/figcaption><\/figure>\n\n\n\n<figure class=\"wp-block-image aligncenter size-large\"><img loading=\"lazy\" decoding=\"async\" width=\"1024\" height=\"302\" src=\"https:\/\/dhg1h5j42swfq.cloudfront.net\/2025\/10\/13121658\/audi-1024x302.jpg\" alt=\"Quadro do portal da transpar\u00eancia de remunera\u00e7\u00e3o real de um Auditor Fiscal do concurso Receita Federal.\" class=\"wp-image-1670038\" srcset=\"https:\/\/dhg1h5j42swfq.cloudfront.net\/2025\/10\/13121658\/audi-1024x302.jpg 1024w, https:\/\/dhg1h5j42swfq.cloudfront.net\/2025\/10\/13121658\/audi-300x88.jpg 300w, https:\/\/dhg1h5j42swfq.cloudfront.net\/2025\/10\/13121658\/audi-768x226.jpg 768w, https:\/\/dhg1h5j42swfq.cloudfront.net\/2025\/10\/13121658\/audi-150x44.jpg 150w, https:\/\/dhg1h5j42swfq.cloudfront.net\/2025\/10\/13121658\/audi.jpg 1055w\" sizes=\"auto, (max-width: 1024px) 100vw, 1024px\" \/><figcaption class=\"wp-element-caption\">Auditor Fiscal (remunera\u00e7\u00e3o real)<\/figcaption><\/figure>\n\n\n\n<p class=\"has-background\" style=\"background-color:#f0f1f4\">>>><strong><a href=\"https:\/\/portaldatransparencia.gov.br\/servidores\/consulta?paginacaoSimples=true&amp;tamanhoPagina=&amp;offset=&amp;direcaoOrdenacao=asc&amp;palavraChave=receita+federal+do+brasil&amp;colunasSelecionadas=detalhar%2Ctipo%2Ccpf%2Cnome%2CorgaoServidorLotacao%2Cmatricula%2Csituacao%2Cfuncao%2Ccargo%2Cquantidade&amp;t=7egZPrzFT0QTsQr8ljhA\" target=\"_blank\" rel=\"noreferrer noopener nofollow\">Confira no Portal da Transpar\u00eancia do Governo Federal a remunera\u00e7\u00e3o real dos servidores da RFB<\/a><\/strong><\/p>\n\n\n\n<h3 class=\"wp-block-heading\" id=\"atribuicoes\">Quais s\u00e3o as atribui\u00e7\u00f5es do cargos da Receita?<\/h3>\n\n\n\n<p>O <strong>Analista Tribut\u00e1rio<\/strong> da RFB possui a incumb\u00eancia de exercer atividades de natureza t\u00e9cnica, acess\u00f3rias ou preparat\u00f3rias ao exerc\u00edcio das atribui\u00e7\u00f5es privativas do Auditor-Fiscal da RFB, bem como atuar no exame de mat\u00e9rias e processos administrativos, ressalvada a compet\u00eancia do Auditor-Fiscal para elaborar e proferir decis\u00f5es em mat\u00e9ria tribut\u00e1ria.<\/p>\n\n\n\n<p>Presta, assim, relevante servi\u00e7o \u00e0 Administra\u00e7\u00e3o Tribut\u00e1ria e Aduaneira da Uni\u00e3o, com a execu\u00e7\u00e3o de atividades especializadas visando conferir apoio operacional \u00e0s atribui\u00e7\u00f5es da Secretaria da RFB e suas autoridades.<\/p>\n\n\n\n<ul class=\"wp-block-list\">\n<li><strong>Veja tamb\u00e9m:<\/strong> <a href=\"https:\/\/www.estrategiaconcursos.com.br\/blog\/o-que-faz-auditor-fiscal\/\" target=\"_blank\" rel=\"noreferrer noopener\"><em>O que faz um Auditor Fiscal?<\/em><\/a><\/li>\n<\/ul>\n\n\n\n<h3 class=\"wp-block-heading\" id=\"vagos\">A Receita Federal tem quantos cargos vagos?<\/h3>\n\n\n\n<p>Conforme \u00faltimo levantamento dispon\u00edvel (fevereiro\/2026), a Receita Federal possui <span style=\"text-decoration: underline;\">12.704 cargos vagos de Auditor Fiscal<\/span> e <span style=\"text-decoration: underline;\">10.049 cargos vagos de Analista Tribut\u00e1rio<\/span>. Somando-se esses n\u00fameros, o \u00f3rg\u00e3o conta com <strong>22.753 cargos vagos<\/strong> entre Auditores e Analistas.<\/p>\n\n\n\n<h2 class=\"wp-block-heading has-background\" id=\"datas\" style=\"background-color:#f4f4f5\">\u00daltimo Concurso Receita Federal (2022)<\/h2>\n\n\n\n<p>O \u00faltimo concurso p\u00fablico da Receita Federal foi publicado em <strong>2022<\/strong>. Com organiza\u00e7\u00e3o da <strong>FGV<\/strong>, foram ofertadas <strong>699 vagas<\/strong>, sendo 230 para Auditor e 469 para Analista.<\/p>\n\n\n\n<p>Al\u00e9m das vagas imediatas, foi autorizado posteriormente o chamamento de excedentes, zerando toda a lista de aprovados. No total, foram <strong>1.217 convocados<\/strong>.<\/p>\n\n\n\n<h3 class=\"wp-block-heading\" id=\"linha\">Linha do tempo do concurso<\/h3>\n\n\n\n<ul class=\"wp-block-list\">\n<li><strong style=\"color: initial;\">13 de junho 2022: <\/strong><span style=\"color: initial;\">concurso autorizado<\/span>;<\/li>\n\n\n\n<li><strong style=\"color: initial;\">23 de agosto de 2022: <\/strong><span style=\"color: initial;\">dispensa de licita\u00e7\u00e3o publicada;<\/span><\/li>\n\n\n\n<li><strong style=\"color: initial;\">18 de outubro de 2022: <\/strong><span style=\"color: initial;\">extrato de contrato publicado;<\/span><\/li>\n\n\n\n<li><strong style=\"color: initial;\">05 de dezembro de 2022: <\/strong><span style=\"color: initial;\">edital de abertura publicado;<\/span><\/li>\n\n\n\n<li><strong style=\"color: initial;\">19 de mar\u00e7o de 2023: <\/strong><span style=\"color: initial;\">aplica\u00e7\u00e3o das provas objetivas<\/span>; <\/li>\n\n\n\n<li><strong>24 de abril de 2023: <\/strong>resultado preliminar da prova objetiva;<\/li>\n\n\n\n<li><strong>17 de maio de 2023: <\/strong>resultado definitivo da prova objetiva (Analista);<\/li>\n\n\n\n<li><strong>26 de maio de 2023: <\/strong>resultado definitivo da prova objetiva (Auditor);<\/li>\n\n\n\n<li><strong>26 de junho de 2023:<\/strong> resultado preliminar da prova discursiva;<\/li>\n\n\n\n<li><strong>07 de agosto de 2023:<\/strong> resultado definitivo da discursiva;<\/li>\n\n\n\n<li><strong>22 de setembro de 2023<\/strong>: resultado final da 1\u00aa etapa;<\/li>\n\n\n\n<li><strong>22 de setembro de 2023<\/strong>: editais de convoca\u00e7\u00e3o do curso de forma\u00e7\u00e3o &#8211; Auditor;<\/li>\n\n\n\n<li><strong>25 de setembro de 2023<\/strong>: editais de convoca\u00e7\u00e3o do curso de forma\u00e7\u00e3o &#8211; Analista;<\/li>\n\n\n\n<li><strong>12 de outubro de 2023<\/strong>: Justi\u00e7a Federal determina suspens\u00e3o;<\/li>\n\n\n\n<li><strong>25 de outubro de 2023<\/strong>: concurso retomado;<\/li>\n\n\n\n<li><strong>19 de dezembro de 2023: <\/strong>resultado final divulgado;<\/li>\n\n\n\n<li><strong>29 de dezembro de 2023: <\/strong>nomea\u00e7\u00f5es divulgadas;<\/li>\n\n\n\n<li><strong>13 de mar\u00e7o de 2024: <\/strong>autorizada nomea\u00e7\u00e3o de 25% dos excedentes;<\/li>\n\n\n\n<li><strong>24 de setembro de 2024: <\/strong>an\u00fancio da convoca\u00e7\u00e3o de todos os aprovados;<\/li>\n\n\n\n<li><strong>05 de dezembro de 2024<\/strong>: autoriza\u00e7\u00e3o convoca\u00e7\u00e3o de mais 520 aprovados;<\/li>\n\n\n\n<li><strong>28 de fevereiro de 2025: <\/strong>convoca\u00e7\u00e3o para o 2\u00ba CFP (candidatos excedentes);<\/li>\n\n\n\n<li><strong>13 de maio de 2025: <\/strong>resultado preliminar do 2\u00ba CFP;<\/li>\n\n\n\n<li><strong>26 de maio de 2025: <\/strong>resultado definitivo do 2\u00ba CFP;<\/li>\n\n\n\n<li><strong>04 de julho de 2025: <\/strong>retifica\u00e7\u00e3o no resultado definitivo do 2\u00ba CFP;<\/li>\n\n\n\n<li><strong>1\u00ba de agosto de 2025:<\/strong> listas de nomea\u00e7\u00f5es.<\/li>\n\n\n\n<li><strong>19 de dezembro de 2025: <\/strong>validade encerrada sem prorroga\u00e7\u00e3o.<\/li>\n<\/ul>\n\n\n\n<h3 class=\"wp-block-heading has-background\" id=\"vagas\" style=\"background-color:#f4f4f5\">Concurso Receita Federal: como foram distribu\u00eddas as vagas?<\/h3>\n\n\n\n<figure class=\"wp-block-table is-style-stripes\"><table class=\"has-fixed-layout\"><thead><tr><th class=\"has-text-align-center\" data-align=\"center\">Cargo<\/th><th class=\"has-text-align-center\" data-align=\"center\">AC<\/th><th class=\"has-text-align-center\" data-align=\"center\">PcD (5%)<\/th><th class=\"has-text-align-center\" data-align=\"center\">Negros (20%)<\/th><th class=\"has-text-align-center\" data-align=\"center\">Total<\/th><\/tr><\/thead><tbody><tr><td class=\"has-text-align-center\" data-align=\"center\">Auditor Fiscal<\/td><td class=\"has-text-align-center\" data-align=\"center\">172<\/td><td class=\"has-text-align-center\" data-align=\"center\">12<\/td><td class=\"has-text-align-center\" data-align=\"center\">46<\/td><td class=\"has-text-align-center\" data-align=\"center\">230<\/td><\/tr><tr><td class=\"has-text-align-center\" data-align=\"center\">Analista Tribut\u00e1rio<\/td><td class=\"has-text-align-center\" data-align=\"center\">351<\/td><td class=\"has-text-align-center\" data-align=\"center\">24<\/td><td class=\"has-text-align-center\" data-align=\"center\">94<\/td><td class=\"has-text-align-center\" data-align=\"center\">469<\/td><\/tr><\/tbody><\/table><figcaption class=\"wp-element-caption\">Tabela de distribui\u00e7\u00e3o das vagas ofertadas<\/figcaption><\/figure>\n\n\n\n<h4 class=\"wp-block-heading\" id=\"inscritos\">Demanda de inscritos<\/h4>\n\n\n\n<p>O cargo com maior n\u00famero de inscritos no certame foi o de analista, com 102.856 candidaturas. J\u00e1 a fun\u00e7\u00e3o de auditor reuniu, ao todo, 53.517 inscri\u00e7\u00f5es. Confira a demanda de candidato por vaga:<\/p>\n\n\n\n<figure class=\"wp-block-table is-style-stripes\"><table class=\"has-fixed-layout\"><thead><tr><th class=\"has-text-align-center\" data-align=\"center\">Cargo<\/th><th class=\"has-text-align-center\" data-align=\"center\">Vagas<\/th><th class=\"has-text-align-center\" data-align=\"center\">Cand.<\/th><th class=\"has-text-align-center\" data-align=\"center\">Cand.\/Vaga<\/th><\/tr><\/thead><tbody><tr><td class=\"has-text-align-center\" data-align=\"center\">Auditor Fiscal<\/td><td class=\"has-text-align-center\" data-align=\"center\">469<\/td><td class=\"has-text-align-center\" data-align=\"center\">102.856<\/td><td class=\"has-text-align-center\" data-align=\"center\">219,31<\/td><\/tr><tr><td class=\"has-text-align-center\" data-align=\"center\">Analista Tribut\u00e1rio<\/td><td class=\"has-text-align-center\" data-align=\"center\">230<\/td><td class=\"has-text-align-center\" data-align=\"center\">53.517<\/td><td class=\"has-text-align-center\" data-align=\"center\">232,68<\/td><\/tr><\/tbody><\/table><figcaption class=\"wp-element-caption\">Tabela com a demanda de inscritos por cargo<\/figcaption><\/figure>\n\n\n\n<h3 class=\"wp-block-heading has-background\" id=\"etapas\" style=\"background-color:#f4f4f5\">Concurso Receita Federal: quais foram as etapas de prova?<\/h3>\n\n\n\n<p>O concurso Receita Federal foi realizado mediante duas etapas, sendo:<\/p>\n\n\n\n<ul class=\"wp-block-list\">\n<li><strong>A 1\u00aa etapa constou de:<\/strong>\n<ul class=\"wp-block-list\">\n<li>Primeira Fase: Prova Objetiva, de car\u00e1ter eliminat\u00f3rio e classificat\u00f3rio; <\/li>\n\n\n\n<li>Segunda Fase: Prova Discursiva, de car\u00e1ter eliminat\u00f3rio e classificat\u00f3rio; e<\/li>\n\n\n\n<li>Terceira Fase: Pesquisa de Vida Pregressa, de car\u00e1ter eliminat\u00f3rio.<\/li>\n<\/ul>\n<\/li>\n\n\n\n<li><strong>A 2\u00aa etapa constou de: <\/strong>\n<ul class=\"wp-block-list\">\n<li>Curso de Forma\u00e7\u00e3o Profissional, de car\u00e1ter eliminat\u00f3rio.<\/li>\n<\/ul>\n<\/li>\n<\/ul>\n\n\n\n<p>A Primeira Etapa do concurso foi realizada em todas as capitais do Pa\u00eds, com exce\u00e7\u00e3o da Pesquisa de Vida Pregressa, que foi realizada online.<\/p>\n\n\n\n<p>A Segunda Etapa foi desenvolvida na modalidade online s\u00edncrona e ass\u00edncrona, Ensino a Dist\u00e2ncia (EAD), com provas realizadas online e presencialmente, em at\u00e9 cinco polos: <\/p>\n\n\n\n<ul class=\"wp-block-list\">\n<li>Bras\u00edlia\/DF; <\/li>\n\n\n\n<li>Manaus\/AM; <\/li>\n\n\n\n<li>Recife\/PE; <\/li>\n\n\n\n<li>S\u00e3o Paulo\/SP; e <\/li>\n\n\n\n<li>Curitiba\/PR.<\/li>\n<\/ul>\n\n\n\n<h4 class=\"wp-block-heading\" id=\"objetiva\">Prova Objetiva<\/h4>\n\n\n\n<p>As Provas Objetiva e a Discursiva foram realizadas em todas as capitais do pa\u00eds. As provas foram aplicadas em dois turnos, sendo:<\/p>\n\n\n\n<ul class=\"wp-block-list\">\n<li>No turno da manh\u00e3 (de 8h \u00e0s 12h30): Prova Objetiva de conhecimentos b\u00e1sicos; e <\/li>\n\n\n\n<li>No turno da tarde (de 15h \u00e0s 19h30): Prova Objetiva de conhecimentos espec\u00edficos e Prova Discursiva.<\/li>\n<\/ul>\n\n\n\n<p>Para ambos os cargos, a etapa foi composta de quest\u00f5es de m\u00faltipla escolha, com cinco alternativas cada e apenas uma considerada correta, nas seguintes disciplinas:<\/p>\n\n\n\n<p class=\"has-medium-font-size\"><span style=\"text-decoration: underline;\"><strong>Auditor Fiscal<\/strong><\/span><\/p>\n\n\n\n<ul class=\"wp-block-list\">\n<li><strong>M\u00f3dulo I &#8211; Conhecimentos B\u00e1sicos &#8211; Manh\u00e3<\/strong>\n<ul class=\"wp-block-list\">\n<li>L\u00edngua Portuguesa &#8211; 10 quest\u00f5es;<\/li>\n\n\n\n<li>L\u00edngua Inglesa &#8211; 08 quest\u00f5es;<\/li>\n\n\n\n<li>Racioc\u00ednio L\u00f3gico-Matem\u00e1tico &#8211; 08 quest\u00f5es;<\/li>\n\n\n\n<li>Estat\u00edstica &#8211; 06 quest\u00f5es;<\/li>\n\n\n\n<li>Economia e Finan\u00e7as P\u00fablicas &#8211; 06 quest\u00f5es;<\/li>\n\n\n\n<li>Administra\u00e7\u00e3o Geral &#8211; 08 quest\u00f5es;<\/li>\n\n\n\n<li>Administra\u00e7\u00e3o P\u00fablica &#8211; 08 quest\u00f5es;<\/li>\n\n\n\n<li>Auditoria &#8211; 08 quest\u00f5es;<\/li>\n\n\n\n<li>Contabilidade Geral e P\u00fablica &#8211; 08 quest\u00f5es;<\/li>\n\n\n\n<li>Flu\u00eancia em Dados &#8211; 10 quest\u00f5es.<\/li>\n\n\n\n<li><strong>TOTAL: 80 quest\u00f5es<\/strong><\/li>\n<\/ul>\n<\/li>\n<\/ul>\n\n\n\n<ul class=\"wp-block-list\">\n<li><strong>M\u00f3dulo II &#8211; Conhecimentos Espec\u00edficos &#8211; Tarde<\/strong>\n<ul class=\"wp-block-list\">\n<li>Direito Administrativo <span style=\"color: initial;\">&#8211; 08 quest\u00f5es<\/span>;<\/li>\n\n\n\n<li>Direito Constitucional <span style=\"color: initial;\">&#8211; 08 quest\u00f5es<\/span>;<\/li>\n\n\n\n<li>Direito Previdenci\u00e1rio <span style=\"color: initial;\">&#8211; 08 quest\u00f5es<\/span>;<\/li>\n\n\n\n<li>Direito Tribut\u00e1rio <span style=\"color: initial;\">&#8211; 10 quest\u00f5es<\/span>;<\/li>\n\n\n\n<li>Legisla\u00e7\u00e3o Tribut\u00e1ria <span style=\"color: initial;\">&#8211; 08 quest\u00f5es;<\/span><\/li>\n\n\n\n<li>Com\u00e9rcio Internacional &#8211; 08 quest\u00f5es;<\/li>\n\n\n\n<li>Legisla\u00e7\u00e3o Aduaneira <span style=\"color: initial;\">&#8211; 10 quest\u00f5es<\/span>.<\/li>\n\n\n\n<li><strong>TOTAL: 60 quest\u00f5es<\/strong><\/li>\n<\/ul>\n<\/li>\n<\/ul>\n\n\n\n<p class=\"has-medium-font-size\"><span style=\"text-decoration: underline;\"><strong>Analista Tribut\u00e1rio<\/strong><\/span><\/p>\n\n\n\n<ul class=\"wp-block-list\">\n<li><strong>M\u00f3dulo I &#8211; Conhecimentos B\u00e1sicos &#8211; Manh\u00e3<\/strong>\n<ul class=\"wp-block-list\">\n<li>L\u00edngua Portuguesa &#8211; 15 quest\u00f5es;<\/li>\n\n\n\n<li>L\u00edngua Inglesa &#8211; 10 quest\u00f5es;<\/li>\n\n\n\n<li>Racioc\u00ednio L\u00f3gico-Matem\u00e1tico &#8211; 10 quest\u00f5es;<\/li>\n\n\n\n<li>Contabilidade Geral &#8211; 10 quest\u00f5es;<\/li>\n\n\n\n<li>Administra\u00e7\u00e3o Geral e P\u00fablica &#8211; 10 quest\u00f5es;<\/li>\n\n\n\n<li>Flu\u00eancia em Dados &#8211; 15 quest\u00f5es.<\/li>\n\n\n\n<li><strong>TOTAL: 70 quest\u00f5es<\/strong><\/li>\n<\/ul>\n<\/li>\n<\/ul>\n\n\n\n<ul class=\"wp-block-list\">\n<li><strong>M\u00f3dulo II &#8211; Conhecimentos Espec\u00edficos &#8211; Tarde<\/strong><ul><li>Direito Constitucional <span style=\"color: initial;\">&#8211; 14 quest\u00f5es<\/span>;<\/li><\/ul><\/li>\n\n\n\n<li><ul><li>Direito Administrativo <span style=\"color: initial;\">&#8211; 12 quest\u00f5es<\/span>;<\/li><\/ul>\n<ul class=\"wp-block-list\">\n<li>Direito Tribut\u00e1rio <span style=\"color: initial;\">&#8211; 16 quest\u00f5e<\/span>s;<\/li>\n\n\n\n<li>Legisla\u00e7\u00e3o Tribut\u00e1ria <span style=\"color: initial;\">&#8211; 14 quest\u00f5es<\/span>;<\/li>\n\n\n\n<li>Legisla\u00e7\u00e3o Aduaneira <span style=\"color: initial;\">&#8211; 14 quest\u00f5es<\/span>.<\/li>\n\n\n\n<li><strong>TOTAL: 70 quest\u00f5es<\/strong><\/li>\n<\/ul>\n<\/li>\n<\/ul>\n\n\n\n<p>Foi considerado aprovado na Prova Objetiva o candidato que, cumulativamente: <\/p>\n\n\n\n<ul class=\"wp-block-list\">\n<li>Obtivesse 50% de acertos em Conhecimentos B\u00e1sicos; <\/li>\n\n\n\n<li>Obtivesse 50% de acertos em Conhecimentos Espec\u00edficos; e<\/li>\n\n\n\n<li>N\u00e3o obtivesse nota igual a 0 em nenhuma das disciplinas.<\/li>\n<\/ul>\n\n\n\n<h4 class=\"wp-block-heading\" id=\"discursiva\">Prova Discursiva<\/h4>\n\n\n\n<p>Para o cargo de Auditor Fiscal, a Prova Discursiva foi constitu\u00edda de <strong>2 quest\u00f5es<\/strong>. J\u00e1 para o cargo de Analista Tribut\u00e1rio, a etapa foi constitu\u00edda de <strong>1 quest\u00e3o<\/strong> discursiva, ambas valendo 30 pontos.<\/p>\n\n\n\n<p>Foram considerados os acertos das respostas dadas, o grau de conhecimento do tema demonstrado pelo candidato e a flu\u00eancia e a coer\u00eancia da exposi\u00e7\u00e3o. Importante destacar que n\u00e3o foi admitida consulta de qualquer natureza.<\/p>\n\n\n\n<h4 class=\"wp-block-heading\" id=\"curso\">Curso de forma\u00e7\u00e3o<\/h4>\n\n\n\n<p>O Curso de Forma\u00e7\u00e3o Profissional, de car\u00e1ter eliminat\u00f3rio, teve a dura\u00e7\u00e3o de 240 horas, incluindo o tempo de 4 horas reservado para a realiza\u00e7\u00e3o da Prova Objetiva Final.<\/p>\n\n\n\n<p>O Curso foi desenvolvido na modalidade online, <strong>Ensino a Dist\u00e2ncia (EAD)<\/strong>, com provas realizadas presencialmente em at\u00e9 cinco polos, sendo:<\/p>\n\n\n\n<ul class=\"wp-block-list\">\n<li>Bras\u00edlia\/DF;<\/li>\n\n\n\n<li>Manaus\/AM;<\/li>\n\n\n\n<li>Recife\/PE;<\/li>\n\n\n\n<li>S\u00e3o Paulo\/SP; e<\/li>\n\n\n\n<li>Curitiba\/PR.<\/li>\n<\/ul>\n\n\n\n<p>Foi considerado aprovado no Curso de Forma\u00e7\u00e3o Profissional o candidato que, cumulativamente, obtivesse, no m\u00ednimo:<\/p>\n\n\n\n<ul class=\"wp-block-list\">\n<li>50% do total da Prova Objetiva Final; e<\/li>\n\n\n\n<li>75% de frequ\u00eancia durante o Curso de Forma\u00e7\u00e3o Profissional.<\/li>\n<\/ul>\n\n\n\n<h2 class=\"wp-block-heading has-background\" id=\"ultimo\" style=\"background-color:#f4f4f5\">Concurso Receita Federal: como foram os \u00faltimos editais?<\/h2>\n\n\n\n<h3 class=\"wp-block-heading\" id=\"nomeacoes\">Nomea\u00e7\u00f5es dos \u00faltimos concursos<\/h3>\n\n\n\n<p>Os \u00faltimos concursos da Receita Federal aconteceram em <a href=\"https:\/\/dhg1h5j42swfq.cloudfront.net\/2019\/03\/11115032\/Edital-Receita-Federal-2014-Auditor-Fiscal.pdf\" target=\"_blank\" rel=\"noreferrer noopener nofollow\">2014 (Auditor)<\/a> e <a href=\"https:\/\/dhg1h5j42swfq.cloudfront.net\/2019\/03\/11122233\/Edital-Receita-Federal-2014-Analista-Tribut%C3%A1rio.pdf\" target=\"_blank\" rel=\"noreferrer noopener nofollow\">2012 (Analista)<\/a>, ambos organizados pela <strong>ESAF<\/strong>, ofertando 278 vagas e 750 vagas, respectivamente. Como \u00e9 poss\u00edvel ver na imagem abaixo, historicamente a RFB convoca aprovados al\u00e9m do n\u00famero de vagas!<\/p>\n\n\n\n<figure class=\"wp-block-image aligncenter size-large\"><img loading=\"lazy\" decoding=\"async\" width=\"1024\" height=\"687\" src=\"https:\/\/dhg1h5j42swfq.cloudfront.net\/2022\/10\/14100242\/image-140-1024x687.png\" alt=\"Nomea\u00e7\u00f5es dos concursos da Receita Federal realizados em 2009, 2012 e 2014\" class=\"wp-image-1110017\" srcset=\"https:\/\/dhg1h5j42swfq.cloudfront.net\/2022\/10\/14100242\/image-140-1024x687.png 1024w, https:\/\/dhg1h5j42swfq.cloudfront.net\/2022\/10\/14100242\/image-140-300x201.png 300w, https:\/\/dhg1h5j42swfq.cloudfront.net\/2022\/10\/14100242\/image-140-768x515.png 768w, https:\/\/dhg1h5j42swfq.cloudfront.net\/2022\/10\/14100242\/image-140-610x409.png 610w, https:\/\/dhg1h5j42swfq.cloudfront.net\/2022\/10\/14100242\/image-140-150x101.png 150w, https:\/\/dhg1h5j42swfq.cloudfront.net\/2022\/10\/14100242\/image-140.png 1144w\" sizes=\"auto, (max-width: 1024px) 100vw, 1024px\" \/><\/figure>\n\n\n\n<ul class=\"wp-block-list\">\n<li><a href=\"https:\/\/www.estrategiaconcursos.com.br\/blog\/notas-corte-rfb-nomeados\/\" target=\"_blank\" rel=\"noreferrer noopener\"><strong>Confira mais detalhes das nomea\u00e7\u00f5es<\/strong><\/a><\/li>\n<\/ul>\n\n\n\n<h3 class=\"wp-block-heading\" id=\"nota-corte\">Nota de corte<\/h3>\n\n\n\n<p>Como voc\u00ea deve imaginar, a <a href=\"https:\/\/www.estrategiaconcursos.com.br\/blog\/receita-federal-nota-corte\/\" target=\"_blank\" rel=\"noreferrer noopener\">nota de corte<\/a> varia bastante de um concurso para outro.&nbsp;Afinal de contas, o n\u00edvel de dificuldade da prova varia tamb\u00e9m. Nas tabelas abaixo \u00e9 poss\u00edvel conferir a evolu\u00e7\u00e3o das notas dos aprovados nos <strong>tr\u00eas \u00faltimos concursos da Receita Federal<\/strong>:<\/p>\n\n\n\n<figure class=\"wp-block-image aligncenter size-full\"><img loading=\"lazy\" decoding=\"async\" width=\"852\" height=\"566\" src=\"https:\/\/dhg1h5j42swfq.cloudfront.net\/2022\/10\/14093706\/image-139.png\" alt=\"Nota de corte dos concursos da Receita Federal de 2009, 2012 e 2014\" class=\"wp-image-1109999\" srcset=\"https:\/\/dhg1h5j42swfq.cloudfront.net\/2022\/10\/14093706\/image-139.png 852w, https:\/\/dhg1h5j42swfq.cloudfront.net\/2022\/10\/14093706\/image-139-300x199.png 300w, https:\/\/dhg1h5j42swfq.cloudfront.net\/2022\/10\/14093706\/image-139-768x510.png 768w, https:\/\/dhg1h5j42swfq.cloudfront.net\/2022\/10\/14093706\/image-139-610x405.png 610w, https:\/\/dhg1h5j42swfq.cloudfront.net\/2022\/10\/14093706\/image-139-150x100.png 150w\" sizes=\"auto, (max-width: 852px) 100vw, 852px\" \/><\/figure>\n\n\n\n<h3 class=\"wp-block-heading\" id=\"materiais\">Cadernos de provas<\/h3>\n\n\n\n<ul class=\"wp-block-list\">\n<li><strong>Auditor Fiscal (FGV &#8211; 2022\/2023)<\/strong>\n<ul class=\"wp-block-list\">\n<li><a href=\"https:\/\/dhg1h5j42swfq.cloudfront.net\/2023\/03\/21092732\/auditor-manha.pdf\" target=\"_blank\" rel=\"noreferrer noopener nofollow\">Conhecimentos Gerais<\/a><\/li>\n\n\n\n<li><a href=\"https:\/\/dhg1h5j42swfq.cloudfront.net\/2023\/03\/21092725\/auditor-tarde.pdf\" target=\"_blank\" rel=\"noreferrer noopener nofollow\">Conhecimentos Espec\u00edficos<\/a><\/li>\n\n\n\n<li><em><a href=\"https:\/\/dhg1h5j42swfq.cloudfront.net\/2023\/03\/21061825\/serfb-01-gabaritos-para-publicacao-20230320.pdf\" target=\"_blank\" rel=\"noreferrer noopener nofollow\">Gabaritos preliminares<\/a><\/em><\/li>\n<\/ul>\n<\/li>\n<\/ul>\n\n\n\n<ul class=\"wp-block-list\">\n<li><strong>Analista Tribut\u00e1rio (FGV &#8211; 2022\/2023)<\/strong>\n<ul class=\"wp-block-list\">\n<li><a href=\"https:\/\/dhg1h5j42swfq.cloudfront.net\/2023\/03\/21092721\/analista-manha.pdf\" target=\"_blank\" rel=\"noreferrer noopener nofollow\">Conhecimentos Gerais<\/a><\/li>\n\n\n\n<li><a href=\"https:\/\/dhg1h5j42swfq.cloudfront.net\/2023\/03\/21092716\/analista-tarde.pdf\" target=\"_blank\" rel=\"noreferrer noopener nofollow\">Conhecimentos Espec\u00edficos<\/a><\/li>\n\n\n\n<li><em><a href=\"https:\/\/dhg1h5j42swfq.cloudfront.net\/2023\/03\/21061825\/serfb-01-gabaritos-para-publicacao-20230320.pdf\" target=\"_blank\" rel=\"noreferrer noopener nofollow\">Gabaritos preliminares<\/a><\/em><\/li>\n<\/ul>\n<\/li>\n<\/ul>\n\n\n\n<ul class=\"wp-block-list\">\n<li><strong>Auditor Fiscal (ESAF &#8211; 2014)<\/strong>\n<ul class=\"wp-block-list\">\n<li><a href=\"https:\/\/dhg1h5j42swfq.cloudfront.net\/2020\/02\/13131114\/Aditor-RFB-Gerais.pdf\" target=\"_blank\" rel=\"noreferrer noopener nofollow\">Conhecimentos Gerais<\/a><\/li>\n\n\n\n<li><a href=\"https:\/\/dhg1h5j42swfq.cloudfront.net\/2020\/02\/13131111\/Auditor-RFB-Espec%C3%ADficos.pdf\" target=\"_blank\" rel=\"noreferrer noopener nofollow\">Conhecimentos Espec\u00edficos<\/a><\/li>\n\n\n\n<li><em><a href=\"https:\/\/dhg1h5j42swfq.cloudfront.net\/2020\/02\/19142211\/gabarito_apos_recursos.pdf\" target=\"_blank\" rel=\"noreferrer noopener nofollow\">Gabaritos<\/a><\/em><\/li>\n<\/ul>\n<\/li>\n<\/ul>\n\n\n\n<ul class=\"wp-block-list\">\n<li><strong>Auditor Fiscal (ESAF &#8211; 2012)<\/strong>\n<ul class=\"wp-block-list\">\n<li><a href=\"https:\/\/dhg1h5j42swfq.cloudfront.net\/2020\/07\/23165109\/PROVA-ESPANHOL.pdf\" target=\"_blank\" rel=\"noreferrer noopener nofollow\">Conhecimentos Gerais (com Espanhol)<\/a><\/li>\n\n\n\n<li><a href=\"https:\/\/dhg1h5j42swfq.cloudfront.net\/2020\/07\/23165104\/CONHECIMENTOS-GERAIS.pdf\" target=\"_blank\" rel=\"noreferrer noopener nofollow\">Conhecimentos Gerais (com Ingl\u00eas)<\/a><\/li>\n\n\n\n<li><a href=\"https:\/\/dhg1h5j42swfq.cloudfront.net\/2020\/07\/23165059\/CONHECIMENTOS-ESPEC%C3%8DFICOS-I.pdf\" target=\"_blank\" rel=\"noreferrer noopener nofollow\">Conhecimentos Espec\u00edficos I<\/a><\/li>\n\n\n\n<li><a href=\"https:\/\/dhg1h5j42swfq.cloudfront.net\/2020\/07\/23165102\/CONHECIMENTOS-ESPEC%C3%8DFICOS-II.pdf\" target=\"_blank\" rel=\"noreferrer noopener nofollow\">Conhecimentos Espec\u00edficos II<\/a><\/li>\n\n\n\n<li><em><a href=\"https:\/\/dhg1h5j42swfq.cloudfront.net\/2020\/07\/23165107\/GABARITO.pdf\" target=\"_blank\" rel=\"noreferrer noopener nofollow\">Gabaritos<\/a><\/em><\/li>\n<\/ul>\n<\/li>\n<\/ul>\n\n\n\n<ul class=\"wp-block-list\">\n<li><strong>Analista Tribut\u00e1rio (ESAF &#8211; 2012)<\/strong>\n<ul class=\"wp-block-list\">\n<li><a href=\"https:\/\/dhg1h5j42swfq.cloudfront.net\/2020\/02\/13131503\/analista_tributario_da_receita_area_conhecimentos_gerais.pdf\" target=\"_blank\" rel=\"noreferrer noopener nofollow\">Conhecimentos Gerais<\/a><\/li>\n\n\n\n<li><a href=\"https:\/\/dhg1h5j42swfq.cloudfront.net\/2020\/02\/13131507\/analista_tributario_da_receita_area_geral.pdf\" target=\"_blank\" rel=\"noreferrer noopener nofollow\">Conhecimentos Espec\u00edficos (Geral)<\/a><\/li>\n\n\n\n<li><a href=\"https:\/\/dhg1h5j42swfq.cloudfront.net\/2020\/02\/13131500\/analista_tributario_da_receita_federal_area_informatica.pdf\" target=\"_blank\" rel=\"noreferrer noopener nofollow\">Conhecimentos Espec\u00edficos (Inform\u00e1tica)<\/a><\/li>\n\n\n\n<li><em><a href=\"https:\/\/dhg1h5j42swfq.cloudfront.net\/2020\/02\/19142642\/gabaritos_antes_recursos_atrfb_2012.pdf\" target=\"_blank\" rel=\"noreferrer noopener nofollow\">Gabaritos<\/a><\/em><\/li>\n<\/ul>\n<\/li>\n<\/ul>\n\n\n\n<ul class=\"wp-block-list\">\n<li><strong>T\u00e9cnico da Receita Federal (ESAF &#8211; 2006)<\/strong>\n<ul class=\"wp-block-list\">\n<li><a href=\"https:\/\/dhg1h5j42swfq.cloudfront.net\/2020\/02\/13133404\/prova1_tributaria_aduaneira-convertido.pdf\" target=\"_blank\" rel=\"noreferrer noopener nofollow\">Tribut\u00e1ria e Aduaneira (Gerais)<\/a><\/li>\n\n\n\n<li><a href=\"https:\/\/dhg1h5j42swfq.cloudfront.net\/2020\/02\/13133408\/prova2_tributaria_aduaneira_gabarito_1-convertido.pdf\" target=\"_blank\" rel=\"noreferrer noopener nofollow\">Tribut\u00e1ria e Aduaneira (Espec\u00edficos)<\/a><\/li>\n\n\n\n<li><a href=\"https:\/\/dhg1h5j42swfq.cloudfront.net\/2020\/02\/13134418\/prova1_tecnologia_informacao-convertido.pdf\" target=\"_blank\" rel=\"noreferrer noopener nofollow\">Tecnologia da Informa\u00e7\u00e3o (Gerais)<\/a><\/li>\n\n\n\n<li><a href=\"https:\/\/dhg1h5j42swfq.cloudfront.net\/2020\/02\/13134415\/prova2_tecnologia_informacao_gabarito_1-convertido.pdf\" target=\"_blank\" rel=\"noreferrer noopener nofollow\">Tecnologia da Informa\u00e7\u00e3o (Espec\u00edficos)<\/a><\/li>\n<\/ul>\n<\/li>\n<\/ul>\n\n\n\n<hr class=\"wp-block-separator has-css-opacity\"\/>\n\n\n\n<p class=\"has-text-align-center has-x-large-font-size\" id=\"cursos\"><strong>Assinatura para o Concurso Receita Federal:<\/strong><\/p>\n\n\n\n<div class=\"container\" id=\"boxes\">\n  <div class=\"row\">\n\n    <div class=\"col-sm\">\n      <div class=\"banner-receita-federal-ec\" id=\"box-assinatura\">\n        <h3 class=\"titulo-assinatura\">Cursos para Receita Federal<\/h3>\n        <p class=\"subtitulo-assinatura\">Prepara\u00e7\u00e3o completa para a RFB!<\/p>\n        <div class=\"box-botao\">\n          <a class=\"btn-assinatura\" target=\"_blank\" href=\"https:\/\/www.estrategiaconcursos.com.br\/cursosPorConcurso\/receita-federal-auditor-fiscal-7\/\" role=\"button\" rel=\"noopener noreferrer\">VER CURSOS<\/a>\n        <\/div>\n      <\/div>\n     \n    <\/div>\n\n  <\/div>\n<\/div>\n\n\n\n<div class=\"container\" id=\"boxes\">\n  <div class=\"row\">\n\n    <div class=\"col-sm\">\n      <div class=\"estrategia\" id=\"box-assinatura\">\n        <h3 class=\"titulo-assinatura\">Assinatura Concursos<\/h3>\n        <p class=\"subtitulo-assinatura\">Assinatura de 1 ano ou 2 anos<\/p>\n        <div class=\"box-botao\">\n          <a class=\"btn-assinatura\" target=\"_blank\" href=\"https:\/\/www.estrategiaconcursos.com.br\/assinaturas\/\" role=\"button\" rel=\"noopener noreferrer\">ASSINE AGORA<\/a>\n        <\/div>\n      <\/div><\/div><\/div><\/div>\n\n\n\n<p class=\"has-text-align-center has-x-large-font-size\" id=\"cursos\"><strong>Quer saber tudo sobre concursos previstos?  Confira nossos artigos!<\/strong><\/p>\n\n\n\n<ul class=\"wp-block-list\">\n<li><a href=\"https:\/\/www.estrategiaconcursos.com.br\/blog\/concursos-abertos\/\" target=\"_blank\" rel=\"noreferrer noopener\">Concursos Abertos<\/a><\/li>\n\n\n\n<li><a href=\"https:\/\/www.estrategiaconcursos.com.br\/blog\/concursos-fiscais\/\" target=\"_blank\" rel=\"noreferrer noopener\">Concursos Fiscais<\/a><\/li>\n\n\n\n<li><a href=\"https:\/\/www.estrategiaconcursos.com.br\/blog\/concursos-federais\/\" target=\"_blank\" rel=\"noreferrer noopener\">Concursos Federais<\/a><\/li>\n\n\n\n<li><a href=\"https:\/\/www.estrategiaconcursos.com.br\/blog\/concursos-2026\/\" target=\"_blank\" rel=\"noreferrer noopener\">Concursos 2026<\/a><\/li>\n<\/ul>\n\n\n\n<figure class=\"wp-block-image size-large is-resized\"><img loading=\"lazy\" decoding=\"async\" width=\"300\" height=\"185\" src=\"https:\/\/dhg1h5j42swfq.cloudfront.net\/2021\/04\/06153925\/ficha-tecnica-1-300x185-1-2.png\" alt=\"Ficha t\u00e9cnica do Concurso Receita Federal do Brasil\" class=\"wp-image-708667\" style=\"width:278px;height:171px\"\/><\/figure>\n\n\n\n<h2 class=\"wp-block-heading\" id=\"ficha\">Informa\u00e7\u00f5es do \u00faltimo Concurso Receita Federal<\/h2>\n\n\n\n<ul class=\"wp-block-list\">\n<li><strong>Ano:<\/strong> 2022\/2023<\/li>\n\n\n\n<li><strong>Vagas: <\/strong>699 <\/li>\n\n\n\n<li><strong>Cargos<\/strong>: Analista Tribut\u00e1rio e Auditor Fiscal<\/li>\n\n\n\n<li><strong>Banca<\/strong>: FGV<\/li>\n\n\n\n<li><strong>Escolaridade<\/strong>: N\u00edvel superior em qualquer \u00e1rea<\/li>\n\n\n\n<li><strong>Edital:<\/strong> <a href=\"https:\/\/dhg1h5j42swfq.cloudfront.net\/2022\/12\/05102238\/minuta_edital_rfb_revisado_1_12_-_final_limpa.pdf\" target=\"_blank\" rel=\"noreferrer noopener nofollow\">Edital RFB 2022<\/a> <\/li>\n\n\n\n<li><strong>Retifica\u00e7\u00f5es: <\/strong><a href=\"https:\/\/dhg1h5j42swfq.cloudfront.net\/2022\/12\/27134838\/1.pdf\" target=\"_blank\" rel=\"noreferrer noopener nofollow\">Retifica\u00e7\u00e3o 1<\/a> | <a href=\"https:\/\/dhg1h5j42swfq.cloudfront.net\/2022\/12\/27134832\/2.pdf\" target=\"_blank\" rel=\"noreferrer noopener nofollow\">Retifica\u00e7\u00e3o 2<\/a> | <a href=\"https:\/\/dhg1h5j42swfq.cloudfront.net\/2023\/01\/19162751\/3a_retificacao_edital_rfb_-_final-1.pdf\" target=\"_blank\" rel=\"noreferrer noopener nofollow\">Retifica\u00e7\u00e3o 3<\/a> <\/li>\n<\/ul>\n\n\n\n<div class=\"schema-faq wp-block-yoast-faq-block\"><div class=\"schema-faq-section\" id=\"faq-question-1753796302280\"><strong class=\"schema-faq-question\">Quando ser\u00e1 o pr\u00f3ximo Concurso da Receita Federal?<\/strong> <p class=\"schema-faq-answer\">Segundo informa\u00e7\u00f5es do Auditor Fiscal Mario de Marco, o planejamento da RFB visa buscar a autoriza\u00e7\u00e3o de um novo concurso p\u00fablico em 2026, para sua realiza\u00e7\u00e3o no ano seguinte (2027). <\/p> <\/div> <div class=\"schema-faq-section\" id=\"faq-question-1753797739972\"><strong class=\"schema-faq-question\">Quanto ganha um Auditor Fiscal da Receita Federal?<\/strong> <p class=\"schema-faq-answer\">O sal\u00e1rio inicial de um Auditor Fiscal da Receita Federal \u00e9 de R$ 22.921,71, mais R$ 1.175,00 de aux\u00edlio-alimenta\u00e7\u00e3o. Com o b\u00f4nus de efici\u00eancia de R$ 11,5 mil, o valor pode chegar a R$ 35.596,71. <\/p> <\/div> <\/div>\n","protected":false},"excerpt":{"rendered":"<p>Concurso Receita Federal: as expectativas para um novo certame ganham for\u00e7a com o encerramento da validade da \u00faltima sele\u00e7\u00e3o no final de 2025. Sem possibilidade de prorroga\u00e7\u00e3o e com a lista de aprovados zerada, a Receita Federal do Brasil j\u00e1 trabalha na articula\u00e7\u00e3o de um novo processo seletivo.<\/p>\n","protected":false},"author":656,"featured_media":698463,"comment_status":"closed","ping_status":"closed","sticky":false,"template":"","format":"standard","meta":{"post_tipo":"news_page","footnotes":""},"categories":[220182],"tags":[59477,59476,874,59475],"tax_estado":[219963],"class_list":["post-15810","post","type-post","status-publish","format-standard","has-post-thumbnail","hentry","category-fiscal-federal","tag-concurso-analista-rfb","tag-concurso-auditor-rfb","tag-concurso-receita-federal","tag-concurso-rfb","tax_estado-concursos-federais"],"acf":[],"yoast_head":"<!-- This site is optimized with the Yoast SEO Premium plugin v27.2 (Yoast SEO v27.2) - https:\/\/yoast.com\/product\/yoast-seo-premium-wordpress\/ -->\n<title>Concurso Receita Federal: autoriza\u00e7\u00e3o prevista para 2026!<\/title>\n<meta name=\"description\" content=\"Concurso Receita Federal: validade do \u00faltimo edital expirou e novo pedido para 2026\/2027 ser\u00e1 protocolado em breve. Confira!\" \/>\n<meta name=\"robots\" content=\"index, follow, max-snippet:-1, max-image-preview:large, max-video-preview:-1\" \/>\n<link rel=\"canonical\" href=\"https:\/\/www.estrategiaconcursos.com.br\/blog\/concurso-receita-federal\/\" \/>\n<meta property=\"og:locale\" content=\"pt_BR\" \/>\n<meta property=\"og:type\" content=\"article\" \/>\n<meta property=\"og:title\" content=\"Concurso Receita Federal: autoriza\u00e7\u00e3o prevista para 2026!\" \/>\n<meta property=\"og:description\" content=\"Concurso Receita Federal: validade do \u00faltimo edital expirou e novo pedido para 2026\/2027 ser\u00e1 protocolado em breve. Confira!\" \/>\n<meta property=\"og:url\" content=\"https:\/\/www.estrategiaconcursos.com.br\/blog\/concurso-receita-federal\/\" \/>\n<meta property=\"og:site_name\" content=\"Estrat\u00e9gia Concursos\" \/>\n<meta property=\"article:published_time\" content=\"2026-04-08T14:35:00+00:00\" \/>\n<meta property=\"article:modified_time\" content=\"2026-04-08T14:35:29+00:00\" \/>\n<meta property=\"og:image\" content=\"https:\/\/dhg1h5j42swfq.cloudfront.net\/2021\/03\/22153002\/concurso-receita-federal.jpg\" \/>\n\t<meta property=\"og:image:width\" content=\"1200\" \/>\n\t<meta property=\"og:image:height\" content=\"628\" \/>\n\t<meta property=\"og:image:type\" content=\"image\/jpeg\" \/>\n<meta name=\"author\" content=\"F\u00e1bio Scaldelai\" \/>\n<meta name=\"twitter:card\" content=\"summary_large_image\" \/>\n<meta name=\"twitter:creator\" content=\"@EstratConcursos\" \/>\n<meta name=\"twitter:site\" content=\"@EstratConcursos\" \/>\n<meta name=\"twitter:label1\" content=\"Escrito por\" \/>\n\t<meta name=\"twitter:data1\" content=\"F\u00e1bio Scaldelai\" \/>\n\t<meta name=\"twitter:label2\" content=\"Est. tempo de leitura\" \/>\n\t<meta name=\"twitter:data2\" content=\"11 minutos\" \/>\n<script type=\"application\/ld+json\" class=\"yoast-schema-graph\">{\"@context\":\"https:\/\/schema.org\",\"@graph\":[{\"@type\":\"NewsArticle\",\"@id\":\"https:\/\/www.estrategiaconcursos.com.br\/blog\/concurso-receita-federal\/#article\",\"isPartOf\":{\"@id\":\"https:\/\/www.estrategiaconcursos.com.br\/blog\/concurso-receita-federal\/\"},\"author\":{\"name\":\"F\u00e1bio Scaldelai\",\"@id\":\"https:\/\/www.estrategiaconcursos.com.br\/blog\/#\/schema\/person\/e3b6b7ce0192dd4ad270655969d61750\"},\"headline\":\"Concurso Receita Federal: autoriza\u00e7\u00e3o prevista para 2026!\",\"datePublished\":\"2026-04-08T14:35:00+00:00\",\"dateModified\":\"2026-04-08T14:35:29+00:00\",\"mainEntityOfPage\":{\"@id\":\"https:\/\/www.estrategiaconcursos.com.br\/blog\/concurso-receita-federal\/\"},\"wordCount\":2547,\"publisher\":{\"@id\":\"https:\/\/www.estrategiaconcursos.com.br\/blog\/#organization\"},\"image\":{\"@id\":\"https:\/\/www.estrategiaconcursos.com.br\/blog\/concurso-receita-federal\/#primaryimage\"},\"thumbnailUrl\":\"https:\/\/dhg1h5j42swfq.cloudfront.net\/2021\/03\/22153002\/concurso-receita-federal.jpg\",\"keywords\":[\"Concurso Analista RFB\",\"Concurso Auditor RFB\",\"concurso receita federal\",\"Concurso RFB\"],\"articleSection\":[\"Fiscal - Federal (RFB e AFT)\"],\"inLanguage\":\"pt-BR\",\"copyrightYear\":\"2026\",\"copyrightHolder\":{\"@id\":\"https:\/\/www.estrategiaconcursos.com.br\/blog\/#organization\"}},{\"@type\":[\"WebPage\",\"FAQPage\"],\"@id\":\"https:\/\/www.estrategiaconcursos.com.br\/blog\/concurso-receita-federal\/\",\"url\":\"https:\/\/www.estrategiaconcursos.com.br\/blog\/concurso-receita-federal\/\",\"name\":\"Concurso Receita Federal: autoriza\u00e7\u00e3o prevista para 2026!\",\"isPartOf\":{\"@id\":\"https:\/\/www.estrategiaconcursos.com.br\/blog\/#website\"},\"primaryImageOfPage\":{\"@id\":\"https:\/\/www.estrategiaconcursos.com.br\/blog\/concurso-receita-federal\/#primaryimage\"},\"image\":{\"@id\":\"https:\/\/www.estrategiaconcursos.com.br\/blog\/concurso-receita-federal\/#primaryimage\"},\"thumbnailUrl\":\"https:\/\/dhg1h5j42swfq.cloudfront.net\/2021\/03\/22153002\/concurso-receita-federal.jpg\",\"datePublished\":\"2026-04-08T14:35:00+00:00\",\"dateModified\":\"2026-04-08T14:35:29+00:00\",\"description\":\"Concurso Receita Federal: validade do \u00faltimo edital expirou e novo pedido para 2026\/2027 ser\u00e1 protocolado em breve. Confira!\",\"breadcrumb\":{\"@id\":\"https:\/\/www.estrategiaconcursos.com.br\/blog\/concurso-receita-federal\/#breadcrumb\"},\"mainEntity\":[{\"@id\":\"https:\/\/www.estrategiaconcursos.com.br\/blog\/concurso-receita-federal\/#faq-question-1753796302280\"},{\"@id\":\"https:\/\/www.estrategiaconcursos.com.br\/blog\/concurso-receita-federal\/#faq-question-1753797739972\"}],\"inLanguage\":\"pt-BR\",\"potentialAction\":[{\"@type\":\"ReadAction\",\"target\":[\"https:\/\/www.estrategiaconcursos.com.br\/blog\/concurso-receita-federal\/\"]}]},{\"@type\":\"ImageObject\",\"inLanguage\":\"pt-BR\",\"@id\":\"https:\/\/www.estrategiaconcursos.com.br\/blog\/concurso-receita-federal\/#primaryimage\",\"url\":\"https:\/\/dhg1h5j42swfq.cloudfront.net\/2021\/03\/22153002\/concurso-receita-federal.jpg\",\"contentUrl\":\"https:\/\/dhg1h5j42swfq.cloudfront.net\/2021\/03\/22153002\/concurso-receita-federal.jpg\",\"width\":1200,\"height\":628,\"caption\":\"concurso Receita federal cronograma\"},{\"@type\":\"BreadcrumbList\",\"@id\":\"https:\/\/www.estrategiaconcursos.com.br\/blog\/concurso-receita-federal\/#breadcrumb\",\"itemListElement\":[{\"@type\":\"ListItem\",\"position\":1,\"name\":\"In\u00edcio\",\"item\":\"https:\/\/www.estrategiaconcursos.com.br\/blog\/\"},{\"@type\":\"ListItem\",\"position\":2,\"name\":\"Concurso Receita Federal: autoriza\u00e7\u00e3o prevista para 2026!\"}]},{\"@type\":\"WebSite\",\"@id\":\"https:\/\/www.estrategiaconcursos.com.br\/blog\/#website\",\"url\":\"https:\/\/www.estrategiaconcursos.com.br\/blog\/\",\"name\":\"Estrat\u00e9gia Concursos\",\"description\":\"O blog da Estrat\u00e9gia Concursos traz not\u00edcias sobre concursos e artigos de professores oferecendo cursos para concursos (pdf + videaulas) no site.\",\"publisher\":{\"@id\":\"https:\/\/www.estrategiaconcursos.com.br\/blog\/#organization\"},\"potentialAction\":[{\"@type\":\"SearchAction\",\"target\":{\"@type\":\"EntryPoint\",\"urlTemplate\":\"https:\/\/www.estrategiaconcursos.com.br\/blog\/?s={search_term_string}\"},\"query-input\":{\"@type\":\"PropertyValueSpecification\",\"valueRequired\":true,\"valueName\":\"search_term_string\"}}],\"inLanguage\":\"pt-BR\"},{\"@type\":\"Organization\",\"@id\":\"https:\/\/www.estrategiaconcursos.com.br\/blog\/#organization\",\"name\":\"Estrat\u00e9gia Concursos\",\"url\":\"https:\/\/www.estrategiaconcursos.com.br\/blog\/\",\"logo\":{\"@type\":\"ImageObject\",\"inLanguage\":\"pt-BR\",\"@id\":\"https:\/\/www.estrategiaconcursos.com.br\/blog\/#\/schema\/logo\/image\/\",\"url\":\"https:\/\/dhg1h5j42swfq.cloudfront.net\/2025\/06\/03203428\/logo_concursos-1.jpg\",\"contentUrl\":\"https:\/\/dhg1h5j42swfq.cloudfront.net\/2025\/06\/03203428\/logo_concursos-1.jpg\",\"width\":230,\"height\":60,\"caption\":\"Estrat\u00e9gia Concursos\"},\"image\":{\"@id\":\"https:\/\/www.estrategiaconcursos.com.br\/blog\/#\/schema\/logo\/image\/\"},\"sameAs\":[\"https:\/\/x.com\/EstratConcursos\"]},{\"@type\":\"Person\",\"@id\":\"https:\/\/www.estrategiaconcursos.com.br\/blog\/#\/schema\/person\/e3b6b7ce0192dd4ad270655969d61750\",\"name\":\"F\u00e1bio Scaldelai\",\"image\":{\"@type\":\"ImageObject\",\"inLanguage\":\"pt-BR\",\"@id\":\"https:\/\/secure.gravatar.com\/avatar\/8ed7492c4d88d8495bc0cb24cda6847b8ae23eec459a919e08e77d0ca0fd79ec?s=96&d=mm&r=g\",\"url\":\"https:\/\/secure.gravatar.com\/avatar\/8ed7492c4d88d8495bc0cb24cda6847b8ae23eec459a919e08e77d0ca0fd79ec?s=96&d=mm&r=g\",\"contentUrl\":\"https:\/\/secure.gravatar.com\/avatar\/8ed7492c4d88d8495bc0cb24cda6847b8ae23eec459a919e08e77d0ca0fd79ec?s=96&d=mm&r=g\",\"caption\":\"F\u00e1bio Scaldelai\"},\"description\":\"Jornalista no Estrat\u00e9gia Concursos e Produtor de Televis\u00e3o, formado em Jornalismo, R\u00e1dio e TV pela Faculdade Integrada Rio Branco, com especializa\u00e7\u00f5es em Gest\u00e3o Empresarial e Marketing pelo M\u00f3dulo. Atuou como produtor no SBT, TV Bandeirantes e R\u00e1dio Band FM, al\u00e9m de acumular tr\u00eas anos de experi\u00eancia no setor de concursos p\u00fablicos pela LFG (Luiz Fl\u00e1vio Gomes). No Estrat\u00e9gia Concursos, atua na apura\u00e7\u00e3o de not\u00edcias da \u00e1rea fiscal, al\u00e9m de coberturas sobre concursos das \u00e1reas de controle (TCU, TCE, etc), concurso AFT, \u00e1rea de gest\u00e3o e administrativa, bem como dos \u00f3rg\u00e3os participantes do CNU. Tamb\u00e9m possui experi\u00eancia em link building e an\u00e1lise de m\u00eddia, adquirida durante sua atua\u00e7\u00e3o na ag\u00eancia SEO Marketing.\",\"url\":\"https:\/\/www.estrategiaconcursos.com.br\/blog\/author\/fabio-scaldelaiestrategiaconcursos-com-br\/\"},{\"@type\":\"Question\",\"@id\":\"https:\/\/www.estrategiaconcursos.com.br\/blog\/concurso-receita-federal\/#faq-question-1753796302280\",\"position\":1,\"url\":\"https:\/\/www.estrategiaconcursos.com.br\/blog\/concurso-receita-federal\/#faq-question-1753796302280\",\"name\":\"Quando ser\u00e1 o pr\u00f3ximo Concurso da Receita Federal?\",\"answerCount\":1,\"acceptedAnswer\":{\"@type\":\"Answer\",\"text\":\"Segundo informa\u00e7\u00f5es do Auditor Fiscal Mario de Marco, o planejamento da RFB visa buscar a autoriza\u00e7\u00e3o de um novo concurso p\u00fablico em 2026, para sua realiza\u00e7\u00e3o no ano seguinte (2027). \",\"inLanguage\":\"pt-BR\"},\"inLanguage\":\"pt-BR\"},{\"@type\":\"Question\",\"@id\":\"https:\/\/www.estrategiaconcursos.com.br\/blog\/concurso-receita-federal\/#faq-question-1753797739972\",\"position\":2,\"url\":\"https:\/\/www.estrategiaconcursos.com.br\/blog\/concurso-receita-federal\/#faq-question-1753797739972\",\"name\":\"Quanto ganha um Auditor Fiscal da Receita Federal?\",\"answerCount\":1,\"acceptedAnswer\":{\"@type\":\"Answer\",\"text\":\"O sal\u00e1rio inicial de um Auditor Fiscal da Receita Federal \u00e9 de R$ 22.921,71, mais R$ 1.175,00 de aux\u00edlio-alimenta\u00e7\u00e3o. Com o b\u00f4nus de efici\u00eancia de R$ 11,5 mil, o valor pode chegar a R$ 35.596,71. \",\"inLanguage\":\"pt-BR\"},\"inLanguage\":\"pt-BR\"}]}<\/script>\n<!-- \/ Yoast SEO Premium plugin. -->","yoast_head_json":{"title":"Concurso Receita Federal: autoriza\u00e7\u00e3o prevista para 2026!","description":"Concurso Receita Federal: validade do \u00faltimo edital expirou e novo pedido para 2026\/2027 ser\u00e1 protocolado em breve. Confira!","robots":{"index":"index","follow":"follow","max-snippet":"max-snippet:-1","max-image-preview":"max-image-preview:large","max-video-preview":"max-video-preview:-1"},"canonical":"https:\/\/www.estrategiaconcursos.com.br\/blog\/concurso-receita-federal\/","og_locale":"pt_BR","og_type":"article","og_title":"Concurso Receita Federal: autoriza\u00e7\u00e3o prevista para 2026!","og_description":"Concurso Receita Federal: validade do \u00faltimo edital expirou e novo pedido para 2026\/2027 ser\u00e1 protocolado em breve. Confira!","og_url":"https:\/\/www.estrategiaconcursos.com.br\/blog\/concurso-receita-federal\/","og_site_name":"Estrat\u00e9gia Concursos","article_published_time":"2026-04-08T14:35:00+00:00","article_modified_time":"2026-04-08T14:35:29+00:00","og_image":[{"width":1200,"height":628,"url":"https:\/\/dhg1h5j42swfq.cloudfront.net\/2021\/03\/22153002\/concurso-receita-federal.jpg","type":"image\/jpeg"}],"author":"F\u00e1bio Scaldelai","twitter_card":"summary_large_image","twitter_creator":"@EstratConcursos","twitter_site":"@EstratConcursos","twitter_misc":{"Escrito por":"F\u00e1bio Scaldelai","Est. tempo de leitura":"11 minutos"},"schema":{"@context":"https:\/\/schema.org","@graph":[{"@type":"NewsArticle","@id":"https:\/\/www.estrategiaconcursos.com.br\/blog\/concurso-receita-federal\/#article","isPartOf":{"@id":"https:\/\/www.estrategiaconcursos.com.br\/blog\/concurso-receita-federal\/"},"author":{"name":"F\u00e1bio Scaldelai","@id":"https:\/\/www.estrategiaconcursos.com.br\/blog\/#\/schema\/person\/e3b6b7ce0192dd4ad270655969d61750"},"headline":"Concurso Receita Federal: autoriza\u00e7\u00e3o prevista para 2026!","datePublished":"2026-04-08T14:35:00+00:00","dateModified":"2026-04-08T14:35:29+00:00","mainEntityOfPage":{"@id":"https:\/\/www.estrategiaconcursos.com.br\/blog\/concurso-receita-federal\/"},"wordCount":2547,"publisher":{"@id":"https:\/\/www.estrategiaconcursos.com.br\/blog\/#organization"},"image":{"@id":"https:\/\/www.estrategiaconcursos.com.br\/blog\/concurso-receita-federal\/#primaryimage"},"thumbnailUrl":"https:\/\/dhg1h5j42swfq.cloudfront.net\/2021\/03\/22153002\/concurso-receita-federal.jpg","keywords":["Concurso Analista RFB","Concurso Auditor RFB","concurso receita federal","Concurso RFB"],"articleSection":["Fiscal - Federal (RFB e AFT)"],"inLanguage":"pt-BR","copyrightYear":"2026","copyrightHolder":{"@id":"https:\/\/www.estrategiaconcursos.com.br\/blog\/#organization"}},{"@type":["WebPage","FAQPage"],"@id":"https:\/\/www.estrategiaconcursos.com.br\/blog\/concurso-receita-federal\/","url":"https:\/\/www.estrategiaconcursos.com.br\/blog\/concurso-receita-federal\/","name":"Concurso Receita Federal: autoriza\u00e7\u00e3o prevista para 2026!","isPartOf":{"@id":"https:\/\/www.estrategiaconcursos.com.br\/blog\/#website"},"primaryImageOfPage":{"@id":"https:\/\/www.estrategiaconcursos.com.br\/blog\/concurso-receita-federal\/#primaryimage"},"image":{"@id":"https:\/\/www.estrategiaconcursos.com.br\/blog\/concurso-receita-federal\/#primaryimage"},"thumbnailUrl":"https:\/\/dhg1h5j42swfq.cloudfront.net\/2021\/03\/22153002\/concurso-receita-federal.jpg","datePublished":"2026-04-08T14:35:00+00:00","dateModified":"2026-04-08T14:35:29+00:00","description":"Concurso Receita Federal: validade do \u00faltimo edital expirou e novo pedido para 2026\/2027 ser\u00e1 protocolado em breve. Confira!","breadcrumb":{"@id":"https:\/\/www.estrategiaconcursos.com.br\/blog\/concurso-receita-federal\/#breadcrumb"},"mainEntity":[{"@id":"https:\/\/www.estrategiaconcursos.com.br\/blog\/concurso-receita-federal\/#faq-question-1753796302280"},{"@id":"https:\/\/www.estrategiaconcursos.com.br\/blog\/concurso-receita-federal\/#faq-question-1753797739972"}],"inLanguage":"pt-BR","potentialAction":[{"@type":"ReadAction","target":["https:\/\/www.estrategiaconcursos.com.br\/blog\/concurso-receita-federal\/"]}]},{"@type":"ImageObject","inLanguage":"pt-BR","@id":"https:\/\/www.estrategiaconcursos.com.br\/blog\/concurso-receita-federal\/#primaryimage","url":"https:\/\/dhg1h5j42swfq.cloudfront.net\/2021\/03\/22153002\/concurso-receita-federal.jpg","contentUrl":"https:\/\/dhg1h5j42swfq.cloudfront.net\/2021\/03\/22153002\/concurso-receita-federal.jpg","width":1200,"height":628,"caption":"concurso Receita federal cronograma"},{"@type":"BreadcrumbList","@id":"https:\/\/www.estrategiaconcursos.com.br\/blog\/concurso-receita-federal\/#breadcrumb","itemListElement":[{"@type":"ListItem","position":1,"name":"In\u00edcio","item":"https:\/\/www.estrategiaconcursos.com.br\/blog\/"},{"@type":"ListItem","position":2,"name":"Concurso Receita Federal: autoriza\u00e7\u00e3o prevista para 2026!"}]},{"@type":"WebSite","@id":"https:\/\/www.estrategiaconcursos.com.br\/blog\/#website","url":"https:\/\/www.estrategiaconcursos.com.br\/blog\/","name":"Estrat\u00e9gia Concursos","description":"O blog da Estrat\u00e9gia Concursos traz not\u00edcias sobre concursos e artigos de professores oferecendo cursos para concursos (pdf + videaulas) no site.","publisher":{"@id":"https:\/\/www.estrategiaconcursos.com.br\/blog\/#organization"},"potentialAction":[{"@type":"SearchAction","target":{"@type":"EntryPoint","urlTemplate":"https:\/\/www.estrategiaconcursos.com.br\/blog\/?s={search_term_string}"},"query-input":{"@type":"PropertyValueSpecification","valueRequired":true,"valueName":"search_term_string"}}],"inLanguage":"pt-BR"},{"@type":"Organization","@id":"https:\/\/www.estrategiaconcursos.com.br\/blog\/#organization","name":"Estrat\u00e9gia Concursos","url":"https:\/\/www.estrategiaconcursos.com.br\/blog\/","logo":{"@type":"ImageObject","inLanguage":"pt-BR","@id":"https:\/\/www.estrategiaconcursos.com.br\/blog\/#\/schema\/logo\/image\/","url":"https:\/\/dhg1h5j42swfq.cloudfront.net\/2025\/06\/03203428\/logo_concursos-1.jpg","contentUrl":"https:\/\/dhg1h5j42swfq.cloudfront.net\/2025\/06\/03203428\/logo_concursos-1.jpg","width":230,"height":60,"caption":"Estrat\u00e9gia Concursos"},"image":{"@id":"https:\/\/www.estrategiaconcursos.com.br\/blog\/#\/schema\/logo\/image\/"},"sameAs":["https:\/\/x.com\/EstratConcursos"]},{"@type":"Person","@id":"https:\/\/www.estrategiaconcursos.com.br\/blog\/#\/schema\/person\/e3b6b7ce0192dd4ad270655969d61750","name":"F\u00e1bio Scaldelai","image":{"@type":"ImageObject","inLanguage":"pt-BR","@id":"https:\/\/secure.gravatar.com\/avatar\/8ed7492c4d88d8495bc0cb24cda6847b8ae23eec459a919e08e77d0ca0fd79ec?s=96&d=mm&r=g","url":"https:\/\/secure.gravatar.com\/avatar\/8ed7492c4d88d8495bc0cb24cda6847b8ae23eec459a919e08e77d0ca0fd79ec?s=96&d=mm&r=g","contentUrl":"https:\/\/secure.gravatar.com\/avatar\/8ed7492c4d88d8495bc0cb24cda6847b8ae23eec459a919e08e77d0ca0fd79ec?s=96&d=mm&r=g","caption":"F\u00e1bio Scaldelai"},"description":"Jornalista no Estrat\u00e9gia Concursos e Produtor de Televis\u00e3o, formado em Jornalismo, R\u00e1dio e TV pela Faculdade Integrada Rio Branco, com especializa\u00e7\u00f5es em Gest\u00e3o Empresarial e Marketing pelo M\u00f3dulo. Atuou como produtor no SBT, TV Bandeirantes e R\u00e1dio Band FM, al\u00e9m de acumular tr\u00eas anos de experi\u00eancia no setor de concursos p\u00fablicos pela LFG (Luiz Fl\u00e1vio Gomes). No Estrat\u00e9gia Concursos, atua na apura\u00e7\u00e3o de not\u00edcias da \u00e1rea fiscal, al\u00e9m de coberturas sobre concursos das \u00e1reas de controle (TCU, TCE, etc), concurso AFT, \u00e1rea de gest\u00e3o e administrativa, bem como dos \u00f3rg\u00e3os participantes do CNU. Tamb\u00e9m possui experi\u00eancia em link building e an\u00e1lise de m\u00eddia, adquirida durante sua atua\u00e7\u00e3o na ag\u00eancia SEO Marketing.","url":"https:\/\/www.estrategiaconcursos.com.br\/blog\/author\/fabio-scaldelaiestrategiaconcursos-com-br\/"},{"@type":"Question","@id":"https:\/\/www.estrategiaconcursos.com.br\/blog\/concurso-receita-federal\/#faq-question-1753796302280","position":1,"url":"https:\/\/www.estrategiaconcursos.com.br\/blog\/concurso-receita-federal\/#faq-question-1753796302280","name":"Quando ser\u00e1 o pr\u00f3ximo Concurso da Receita Federal?","answerCount":1,"acceptedAnswer":{"@type":"Answer","text":"Segundo informa\u00e7\u00f5es do Auditor Fiscal Mario de Marco, o planejamento da RFB visa buscar a autoriza\u00e7\u00e3o de um novo concurso p\u00fablico em 2026, para sua realiza\u00e7\u00e3o no ano seguinte (2027). ","inLanguage":"pt-BR"},"inLanguage":"pt-BR"},{"@type":"Question","@id":"https:\/\/www.estrategiaconcursos.com.br\/blog\/concurso-receita-federal\/#faq-question-1753797739972","position":2,"url":"https:\/\/www.estrategiaconcursos.com.br\/blog\/concurso-receita-federal\/#faq-question-1753797739972","name":"Quanto ganha um Auditor Fiscal da Receita Federal?","answerCount":1,"acceptedAnswer":{"@type":"Answer","text":"O sal\u00e1rio inicial de um Auditor Fiscal da Receita Federal \u00e9 de R$ 22.921,71, mais R$ 1.175,00 de aux\u00edlio-alimenta\u00e7\u00e3o. Com o b\u00f4nus de efici\u00eancia de R$ 11,5 mil, o valor pode chegar a R$ 35.596,71. ","inLanguage":"pt-BR"},"inLanguage":"pt-BR"}]}},"_links":{"self":[{"href":"https:\/\/www.estrategiaconcursos.com.br\/blog\/wp-json\/wp\/v2\/posts\/15810","targetHints":{"allow":["GET"]}}],"collection":[{"href":"https:\/\/www.estrategiaconcursos.com.br\/blog\/wp-json\/wp\/v2\/posts"}],"about":[{"href":"https:\/\/www.estrategiaconcursos.com.br\/blog\/wp-json\/wp\/v2\/types\/post"}],"author":[{"embeddable":true,"href":"https:\/\/www.estrategiaconcursos.com.br\/blog\/wp-json\/wp\/v2\/users\/656"}],"replies":[{"embeddable":true,"href":"https:\/\/www.estrategiaconcursos.com.br\/blog\/wp-json\/wp\/v2\/comments?post=15810"}],"version-history":[{"count":1472,"href":"https:\/\/www.estrategiaconcursos.com.br\/blog\/wp-json\/wp\/v2\/posts\/15810\/revisions"}],"predecessor-version":[{"id":1750293,"href":"https:\/\/www.estrategiaconcursos.com.br\/blog\/wp-json\/wp\/v2\/posts\/15810\/revisions\/1750293"}],"wp:featuredmedia":[{"embeddable":true,"href":"https:\/\/www.estrategiaconcursos.com.br\/blog\/wp-json\/wp\/v2\/media\/698463"}],"wp:attachment":[{"href":"https:\/\/www.estrategiaconcursos.com.br\/blog\/wp-json\/wp\/v2\/media?parent=15810"}],"wp:term":[{"taxonomy":"category","embeddable":true,"href":"https:\/\/www.estrategiaconcursos.com.br\/blog\/wp-json\/wp\/v2\/categories?post=15810"},{"taxonomy":"post_tag","embeddable":true,"href":"https:\/\/www.estrategiaconcursos.com.br\/blog\/wp-json\/wp\/v2\/tags?post=15810"},{"taxonomy":"tax_estado","embeddable":true,"href":"https:\/\/www.estrategiaconcursos.com.br\/blog\/wp-json\/wp\/v2\/tax_estado?post=15810"}],"curies":[{"name":"wp","href":"https:\/\/api.w.org\/{rel}","templated":true}]}}