{"id":1580929,"date":"2025-05-26T12:20:30","date_gmt":"2025-05-26T15:20:30","guid":{"rendered":"https:\/\/www.estrategiaconcursos.com.br\/blog\/?p=1580929"},"modified":"2025-06-03T16:51:47","modified_gmt":"2025-06-03T19:51:47","slug":"cnu-mpf-quer-nova-avaliacao-para-candidatos-negros","status":"publish","type":"post","link":"https:\/\/www.estrategiaconcursos.com.br\/blog\/cnu-mpf-quer-nova-avaliacao-para-candidatos-negros\/","title":{"rendered":"CNU: MPF quer nova avalia\u00e7\u00e3o para candidatos negros"},"content":{"rendered":"\n<p style=\"font-size:clamp(15.747px, 0.984rem + ((1vw - 3.2px) * 0.809), 24px);\"><em><strong>Medida abrange candidatos exclu\u00eddos por irregularidades no sistema de cotas do CNU!<\/strong><\/em><\/p>\n\n\n\n<p>O Minist\u00e9rio P\u00fablico Federal (<strong>MPF<\/strong>) informou que solicitar\u00e1 na Justi\u00e7a nova aplica\u00e7\u00e3o da etapa de Heteroidentifica\u00e7\u00e3o do<strong> Concurcurso Nacional Unificado (CNU)<\/strong> para <span style=\"text-decoration: underline;\">candidatos negros<\/span>, ap\u00f3s a constata\u00e7\u00e3o de irregularidades no sistema de cotas raciais. <\/p>\n\n\n\n<p>O \u00f3rg\u00e3o identificou que, pelo menos, <strong>145 candidatos pretos foram exclu\u00eddos das cotas raciais de maneira irregular<\/strong>, sem justificativas claras ou possibilidade de defesa, segundo informado pelo site &#8220;Metr\u00f3poles&#8221;. <\/p>\n\n\n\n<p>Agora, o MPF solicita que a Justi\u00e7a garanta uma nova avalia\u00e7\u00e3o para esses candidatos. O objetivo, inclusive, \u00e9 assegurar o reprocessamento das an\u00e1lises de <strong>heteroidentifica\u00e7\u00e3o <\/strong>&#8211; processo que verifica se o candidato se enquadra no perfil racial exigido para cotas.<\/p>\n\n\n\n<div class=\"container\" id=\"boxes\">\n  <div class=\"row\">\n\n    <div class=\"col-sm\">\n      <div class=\"banner-federais\" id=\"box-assinatura\">\n        <h2 class=\"titulo-assinatura\" style=\"text-align: left;\">Cursos para o CNU<\/h2>\n        <p class=\"subtitulo-assinatura\" style=\"text-align: left;\">Prepare-se para o &#8220;Enem dos Concursos&#8221;!<\/p>\n        <div class=\"box-botao\" style=\"text-align: left;\">\n          <a class=\"btn-assinatura\" target=\"_blank\" href=\"https:\/\/www.estrategiaconcursos.com.br\/cursosPorConcurso\/concurso-nacional-unificado-cnu\/\" role=\"button\" rel=\"noopener noreferrer\">Confira os pacotes!<\/a>\n        <\/div>\n      <\/div><\/div><\/div><\/div>\n\n\n\n<h2 class=\"wp-block-heading\" id=\"h-cnu-denuncias-e-irregularidades\">CNU: den\u00fancias e irregularidades<\/h2>\n\n\n\n<p>De acordo com os documentos obtidos pelo <a href=\"https:\/\/www.metropoles.com\/brasil\/cotas-no-cnu-mpf-quer-acao-judicial-para-candidatos-pretos-excluidos\" target=\"_blank\" rel=\"noreferrer noopener\">site<\/a> jornal\u00edstico, os problemas no concurso v\u00e3o al\u00e9m de erros pontuais. O MPF aponta um cen\u00e1rio preocupante de <strong>viola\u00e7\u00f5es aos direitos dos candidatos e ao pr\u00f3prio esp\u00edrito da Lei de Cotas<\/strong>. <\/p>\n\n\n\n<p>Uma das den\u00fancias mais graves envolve um suposto direcionamento das bancas por parte de um alto membro do Minist\u00e9rio da Gest\u00e3o e da Inova\u00e7\u00e3o (MGI) para excluir candidatos negros de pele n\u00e3o retinta &#8211; conduta que contraria diretamente a legisla\u00e7\u00e3o.<\/p>\n\n\n\n<h2 class=\"wp-block-heading\" id=\"h-por-que-a-justica-podera-ser-acionada\">Por que a Justi\u00e7a poder\u00e1 ser acionada?<\/h2>\n\n\n\n<p>O MPF j\u00e1 havia recomendado, em janeiro deste ano, a <strong>suspens\u00e3o dos resultados do concurso diante dos ind\u00edcios de irregularidades<\/strong>. A recomenda\u00e7\u00e3o, no entanto, foi ignorada tanto pelo MGI quanto pela <strong>Funda\u00e7\u00e3o Cesgranrio<\/strong>, organizadora do certame.<\/p>\n\n\n\n<p>Agora, com base nos pr\u00f3prios dados fornecidos pelo MGI, o MPF refor\u00e7a a necessidade de reavaliar as exclus\u00f5es. O principal argumento \u00e9 que as decis\u00f5es das bancas foram gen\u00e9ricas e sem motiva\u00e7\u00e3o, usando apenas express\u00f5es vagas como \u201cn\u00e3o enquadrado\u201d. <\/p>\n\n\n\n<p>Al\u00e9m disso, os candidatos desclassificados n\u00e3o tiveram acesso ao parecer nem puderam recorrer adequadamente, o que comprometeu o direito \u00e0 ampla defesa.<\/p>\n\n\n\n<h2 class=\"wp-block-heading\" id=\"h-falhas-que-comprometem-a-legalidade-do-cnu\">Falhas que comprometem a legalidade do CNU<\/h2>\n\n\n\n<p>Ainda de acordo com o portal de not\u00edcias, a investiga\u00e7\u00e3o apontou uma s\u00e9rie de <strong>falhas estruturais no processo de heteroidentifica\u00e7\u00e3o do CNU<\/strong>, sendo eles:<\/p>\n\n\n\n<ul class=\"wp-block-list\">\n<li><strong>Falta de transpar\u00eancia<\/strong>: os nomes e curr\u00edculos dos avaliadores s\u00f3 foram divulgados ap\u00f3s a realiza\u00e7\u00e3o das sess\u00f5es, o que impediu a contesta\u00e7\u00e3o de poss\u00edveis conflitos de interesse.<\/li>\n\n\n\n<li><strong>Crit\u00e9rios inconsistentes:<\/strong> a aus\u00eancia de um padr\u00e3o nacional para avalia\u00e7\u00e3o fenot\u00edpica levou a decis\u00f5es contradit\u00f3rias entre bancas diferentes.<\/li>\n\n\n\n<li><strong>Aus\u00eancia de motiva\u00e7\u00e3o: <\/strong>os pareceres de exclus\u00e3o n\u00e3o explicam os motivos que levaram \u00e0 desclassifica\u00e7\u00e3o dos candidatos pretos.<\/li>\n\n\n\n<li><strong>Viola\u00e7\u00e3o de direitos fundamentais:<\/strong> os princ\u00edpios da legalidade, publicidade, motiva\u00e7\u00e3o e efici\u00eancia &#8211; previstos na Constitui\u00e7\u00e3o e na Lei n\u00ba 9.784\/1999 &#8211; foram ignorados pelas bancas.<\/li>\n<\/ul>\n\n\n\n<h2 class=\"wp-block-heading\">Pr\u00f3ximos passos<\/h2>\n\n\n\n<p>O <strong>MPF agora aguarda uma resposta do Judici\u00e1rio<\/strong>. Caso a a\u00e7\u00e3o seja acatada, o concurso poder\u00e1 passar por uma <strong>rean\u00e1lise criteriosa das 145 exclus\u00f5es questionadas<\/strong>. <\/p>\n\n\n\n<p>A medida pretende garantir que a pol\u00edtica de a\u00e7\u00f5es afirmativas seja efetivamente respeitada e que nenhum candidato apto seja deixado de fora por conta de arbitrariedades ou preconceito institucional.<\/p>\n\n\n\n<p class=\"has-text-align-center\"><em>Para mais informa\u00e7\u00f5es sobre o Concurso Nacional Unificado, em que o MPF quer nova avalia\u00e7\u00e3o para candidatos negros, acesse abaixo!<\/em><\/p>\n\n\n\n<p class=\"has-text-align-center has-very-light-gray-to-cyan-bluish-gray-gradient-background has-background has-medium-font-size\"><strong>Saiba mais: <a href=\"https:\/\/www.estrategiaconcursos.com.br\/blog\/concurso-nacional-unificado\/\" target=\"_blank\" rel=\"noreferrer noopener\">CNU<\/a><\/strong><\/p>\n\n\n\n<hr class=\"wp-block-separator has-alpha-channel-opacity\"\/>\n\n\n\n<h2 class=\"wp-block-heading has-text-align-center\" id=\"h-quer-saber-tudo-sobre-concursos-previstos-confira-os-nossos-artigos\">Quer saber tudo sobre concursos previstos?<br \/>Confira os nossos artigos!<\/h2>\n\n\n\n<div class=\"container\" id=\"boxes\">\r\n  <div class=\"row\">\r\n\r\n    <div class=\"col-sm\">\r\n      <div class=\"estrategia\" id=\"box-assinatura\">\r\n        <h3 class=\"titulo-assinatura\">Assinatura Concursos<\/h3>\r\n        <p class=\"subtitulo-assinatura\">Assinatura de 1 ano ou 2 anos<\/p>\r\n        <div class=\"box-botao\">\r\n          <a class=\"btn-assinatura\" target=\"_blank\" href=\"https:\/\/www.estrategiaconcursos.com.br\/assinaturas\/\" role=\"button\" rel=\"noopener noreferrer\">ASSINE AGORA<\/a>\r\n        <\/div>\r\n      <\/div><\/div><\/div><\/div>\n\n\n\n<ul class=\"wp-block-list\">\n<li><a href=\"https:\/\/www.estrategiaconcursos.com.br\/blog\/concursos-abertos\/\" target=\"_blank\" rel=\"noreferrer noopener\">Concursos Abertos<\/a><\/li>\n\n\n\n<li><a href=\"https:\/\/www.estrategiaconcursos.com.br\/blog\/concursos-federais\/\" target=\"_blank\" rel=\"noreferrer noopener\">Concursos Federais<\/a><\/li>\n\n\n\n<li><a href=\"https:\/\/www.estrategiaconcursos.com.br\/blog\/concursos-2025\/\" target=\"_blank\" rel=\"noreferrer noopener\">Concursos 2025<\/a><\/li>\n\n\n\n<li><a href=\"https:\/\/www.estrategiaconcursos.com.br\/blog\/concursos-2026\/\" target=\"_blank\" rel=\"noreferrer noopener\">Concursos 2026<\/a><\/li>\n<\/ul>\n","protected":false},"excerpt":{"rendered":"<p>Medida abrange candidatos exclu\u00eddos por irregularidades no sistema de cotas do CNU! O Minist\u00e9rio P\u00fablico Federal (MPF) informou que solicitar\u00e1 na Justi\u00e7a nova aplica\u00e7\u00e3o da etapa de Heteroidentifica\u00e7\u00e3o do Concurcurso Nacional Unificado (CNU) para candidatos negros, ap\u00f3s a constata\u00e7\u00e3o de irregularidades no sistema de cotas raciais. O \u00f3rg\u00e3o identificou que, pelo menos, 145 candidatos pretos [&hellip;]<\/p>\n","protected":false},"author":2018,"featured_media":1270513,"comment_status":"open","ping_status":"closed","sticky":false,"template":"","format":"standard","meta":{"post_tipo":"news","footnotes":""},"categories":[214992,220219],"tags":[],"tax_estado":[219963],"class_list":["post-1580929","post","type-post","status-publish","format-standard","has-post-thumbnail","hentry","category-concursos-administrativos","category-noticias","tax_estado-concursos-federais"],"acf":[],"yoast_head":"<!-- This site is optimized with the Yoast SEO Premium plugin v27.2 (Yoast SEO v27.2) - https:\/\/yoast.com\/product\/yoast-seo-premium-wordpress\/ -->\n<title>CNU: MPF quer nova avalia\u00e7\u00e3o para candidatos negros<\/title>\n<meta name=\"description\" content=\"MPF solicitar\u00e1 na Justi\u00e7a nova aplica\u00e7\u00e3o da Heteroidentifica\u00e7\u00e3o do CNU para candidatos negros, ap\u00f3s constata\u00e7\u00e3o de irregularidades.\" \/>\n<meta name=\"robots\" content=\"index, follow, max-snippet:-1, max-image-preview:large, max-video-preview:-1\" \/>\n<link rel=\"canonical\" href=\"https:\/\/www.estrategiaconcursos.com.br\/blog\/cnu-mpf-quer-nova-avaliacao-para-candidatos-negros\/\" \/>\n<meta property=\"og:locale\" content=\"pt_BR\" \/>\n<meta property=\"og:type\" content=\"article\" \/>\n<meta property=\"og:title\" content=\"CNU: MPF quer nova avalia\u00e7\u00e3o para candidatos negros\" \/>\n<meta property=\"og:description\" content=\"MPF solicitar\u00e1 na Justi\u00e7a nova aplica\u00e7\u00e3o da Heteroidentifica\u00e7\u00e3o do CNU para candidatos negros, ap\u00f3s constata\u00e7\u00e3o de irregularidades.\" \/>\n<meta property=\"og:url\" content=\"https:\/\/www.estrategiaconcursos.com.br\/blog\/cnu-mpf-quer-nova-avaliacao-para-candidatos-negros\/\" \/>\n<meta property=\"og:site_name\" content=\"Estrat\u00e9gia Concursos\" \/>\n<meta property=\"article:published_time\" content=\"2025-05-26T15:20:30+00:00\" \/>\n<meta property=\"article:modified_time\" content=\"2025-06-03T19:51:47+00:00\" \/>\n<meta property=\"og:image\" content=\"https:\/\/dhg1h5j42swfq.cloudfront.net\/2023\/08\/29075651\/concurso-nacional-unificado.jpg\" \/>\n\t<meta property=\"og:image:width\" content=\"768\" \/>\n\t<meta property=\"og:image:height\" content=\"432\" \/>\n\t<meta property=\"og:image:type\" content=\"image\/jpeg\" \/>\n<meta name=\"author\" content=\"B\u00e1rbara Carvalho Santos\" \/>\n<meta name=\"twitter:card\" content=\"summary_large_image\" \/>\n<meta name=\"twitter:creator\" content=\"@EstratConcursos\" \/>\n<meta name=\"twitter:site\" content=\"@EstratConcursos\" \/>\n<meta name=\"twitter:label1\" content=\"Escrito por\" \/>\n\t<meta name=\"twitter:data1\" content=\"B\u00e1rbara Carvalho Santos\" \/>\n\t<meta name=\"twitter:label2\" content=\"Est. tempo de leitura\" \/>\n\t<meta name=\"twitter:data2\" content=\"3 minutos\" \/>\n<script type=\"application\/ld+json\" class=\"yoast-schema-graph\">{\"@context\":\"https:\/\/schema.org\",\"@graph\":[{\"@type\":\"NewsArticle\",\"@id\":\"https:\/\/www.estrategiaconcursos.com.br\/blog\/cnu-mpf-quer-nova-avaliacao-para-candidatos-negros\/#article\",\"isPartOf\":{\"@id\":\"https:\/\/www.estrategiaconcursos.com.br\/blog\/cnu-mpf-quer-nova-avaliacao-para-candidatos-negros\/\"},\"author\":{\"name\":\"B\u00e1rbara Carvalho Santos\",\"@id\":\"https:\/\/www.estrategiaconcursos.com.br\/blog\/#\/schema\/person\/e3882259fa157d54c44c21f4ee4e0e60\"},\"headline\":\"CNU: MPF quer nova avalia\u00e7\u00e3o para candidatos negros\",\"datePublished\":\"2025-05-26T15:20:30+00:00\",\"dateModified\":\"2025-06-03T19:51:47+00:00\",\"mainEntityOfPage\":{\"@id\":\"https:\/\/www.estrategiaconcursos.com.br\/blog\/cnu-mpf-quer-nova-avaliacao-para-candidatos-negros\/\"},\"wordCount\":621,\"commentCount\":0,\"publisher\":{\"@id\":\"https:\/\/www.estrategiaconcursos.com.br\/blog\/#organization\"},\"image\":{\"@id\":\"https:\/\/www.estrategiaconcursos.com.br\/blog\/cnu-mpf-quer-nova-avaliacao-para-candidatos-negros\/#primaryimage\"},\"thumbnailUrl\":\"https:\/\/dhg1h5j42swfq.cloudfront.net\/2023\/08\/29075651\/concurso-nacional-unificado.jpg\",\"articleSection\":[\"Executivo (Administrativa)\",\"\u00daltimas not\u00edcias\"],\"inLanguage\":\"pt-BR\",\"potentialAction\":[{\"@type\":\"CommentAction\",\"name\":\"Comment\",\"target\":[\"https:\/\/www.estrategiaconcursos.com.br\/blog\/cnu-mpf-quer-nova-avaliacao-para-candidatos-negros\/#respond\"]}],\"copyrightYear\":\"2025\",\"copyrightHolder\":{\"@id\":\"https:\/\/www.estrategiaconcursos.com.br\/blog\/#organization\"}},{\"@type\":\"WebPage\",\"@id\":\"https:\/\/www.estrategiaconcursos.com.br\/blog\/cnu-mpf-quer-nova-avaliacao-para-candidatos-negros\/\",\"url\":\"https:\/\/www.estrategiaconcursos.com.br\/blog\/cnu-mpf-quer-nova-avaliacao-para-candidatos-negros\/\",\"name\":\"CNU: MPF quer nova avalia\u00e7\u00e3o para candidatos negros\",\"isPartOf\":{\"@id\":\"https:\/\/www.estrategiaconcursos.com.br\/blog\/#website\"},\"primaryImageOfPage\":{\"@id\":\"https:\/\/www.estrategiaconcursos.com.br\/blog\/cnu-mpf-quer-nova-avaliacao-para-candidatos-negros\/#primaryimage\"},\"image\":{\"@id\":\"https:\/\/www.estrategiaconcursos.com.br\/blog\/cnu-mpf-quer-nova-avaliacao-para-candidatos-negros\/#primaryimage\"},\"thumbnailUrl\":\"https:\/\/dhg1h5j42swfq.cloudfront.net\/2023\/08\/29075651\/concurso-nacional-unificado.jpg\",\"datePublished\":\"2025-05-26T15:20:30+00:00\",\"dateModified\":\"2025-06-03T19:51:47+00:00\",\"description\":\"MPF solicitar\u00e1 na Justi\u00e7a nova aplica\u00e7\u00e3o da Heteroidentifica\u00e7\u00e3o do CNU para candidatos negros, ap\u00f3s constata\u00e7\u00e3o de irregularidades.\",\"breadcrumb\":{\"@id\":\"https:\/\/www.estrategiaconcursos.com.br\/blog\/cnu-mpf-quer-nova-avaliacao-para-candidatos-negros\/#breadcrumb\"},\"inLanguage\":\"pt-BR\",\"potentialAction\":[{\"@type\":\"ReadAction\",\"target\":[\"https:\/\/www.estrategiaconcursos.com.br\/blog\/cnu-mpf-quer-nova-avaliacao-para-candidatos-negros\/\"]}]},{\"@type\":\"ImageObject\",\"inLanguage\":\"pt-BR\",\"@id\":\"https:\/\/www.estrategiaconcursos.com.br\/blog\/cnu-mpf-quer-nova-avaliacao-para-candidatos-negros\/#primaryimage\",\"url\":\"https:\/\/dhg1h5j42swfq.cloudfront.net\/2023\/08\/29075651\/concurso-nacional-unificado.jpg\",\"contentUrl\":\"https:\/\/dhg1h5j42swfq.cloudfront.net\/2023\/08\/29075651\/concurso-nacional-unificado.jpg\",\"width\":768,\"height\":432,\"caption\":\"CNU nomea\u00e7\u00f5es maio\"},{\"@type\":\"BreadcrumbList\",\"@id\":\"https:\/\/www.estrategiaconcursos.com.br\/blog\/cnu-mpf-quer-nova-avaliacao-para-candidatos-negros\/#breadcrumb\",\"itemListElement\":[{\"@type\":\"ListItem\",\"position\":1,\"name\":\"In\u00edcio\",\"item\":\"https:\/\/www.estrategiaconcursos.com.br\/blog\/\"},{\"@type\":\"ListItem\",\"position\":2,\"name\":\"CNU: MPF quer nova avalia\u00e7\u00e3o para candidatos negros\"}]},{\"@type\":\"WebSite\",\"@id\":\"https:\/\/www.estrategiaconcursos.com.br\/blog\/#website\",\"url\":\"https:\/\/www.estrategiaconcursos.com.br\/blog\/\",\"name\":\"Estrat\u00e9gia Concursos\",\"description\":\"O blog da Estrat\u00e9gia Concursos traz not\u00edcias sobre concursos e artigos de professores oferecendo cursos para concursos (pdf + videaulas) no site.\",\"publisher\":{\"@id\":\"https:\/\/www.estrategiaconcursos.com.br\/blog\/#organization\"},\"potentialAction\":[{\"@type\":\"SearchAction\",\"target\":{\"@type\":\"EntryPoint\",\"urlTemplate\":\"https:\/\/www.estrategiaconcursos.com.br\/blog\/?s={search_term_string}\"},\"query-input\":{\"@type\":\"PropertyValueSpecification\",\"valueRequired\":true,\"valueName\":\"search_term_string\"}}],\"inLanguage\":\"pt-BR\"},{\"@type\":\"Organization\",\"@id\":\"https:\/\/www.estrategiaconcursos.com.br\/blog\/#organization\",\"name\":\"Estrat\u00e9gia Concursos\",\"url\":\"https:\/\/www.estrategiaconcursos.com.br\/blog\/\",\"logo\":{\"@type\":\"ImageObject\",\"inLanguage\":\"pt-BR\",\"@id\":\"https:\/\/www.estrategiaconcursos.com.br\/blog\/#\/schema\/logo\/image\/\",\"url\":\"https:\/\/dhg1h5j42swfq.cloudfront.net\/2025\/06\/03203428\/logo_concursos-1.jpg\",\"contentUrl\":\"https:\/\/dhg1h5j42swfq.cloudfront.net\/2025\/06\/03203428\/logo_concursos-1.jpg\",\"width\":230,\"height\":60,\"caption\":\"Estrat\u00e9gia Concursos\"},\"image\":{\"@id\":\"https:\/\/www.estrategiaconcursos.com.br\/blog\/#\/schema\/logo\/image\/\"},\"sameAs\":[\"https:\/\/x.com\/EstratConcursos\"]},{\"@type\":\"Person\",\"@id\":\"https:\/\/www.estrategiaconcursos.com.br\/blog\/#\/schema\/person\/e3882259fa157d54c44c21f4ee4e0e60\",\"name\":\"B\u00e1rbara Carvalho Santos\",\"image\":{\"@type\":\"ImageObject\",\"inLanguage\":\"pt-BR\",\"@id\":\"https:\/\/secure.gravatar.com\/avatar\/353300f73140f779692b9be2b39f434d1341e4e34c7f55bd5a990fe29ef352eb?s=96&d=mm&r=g\",\"url\":\"https:\/\/secure.gravatar.com\/avatar\/353300f73140f779692b9be2b39f434d1341e4e34c7f55bd5a990fe29ef352eb?s=96&d=mm&r=g\",\"contentUrl\":\"https:\/\/secure.gravatar.com\/avatar\/353300f73140f779692b9be2b39f434d1341e4e34c7f55bd5a990fe29ef352eb?s=96&d=mm&r=g\",\"caption\":\"B\u00e1rbara Carvalho Santos\"},\"description\":\"M\u00e3e e jornalista formada pela UNIP, possui ampla experi\u00eancia na cobertura de entretenimento em grandes ve\u00edculos, como o site da CNN, RedeTV! e Estrat\u00e9gia Educacional. Atuou tamb\u00e9m em ag\u00eancias de marketing, produtoras musicais e assessorias de imprensa, com foco especial no trabalho com personalidades p\u00fablicas. Atualmente, integra a equipe do Estrat\u00e9gia Concursos, onde \u00e9 respons\u00e1vel pela produ\u00e7\u00e3o de conte\u00fados estrat\u00e9gicos voltados para o setor de concursos p\u00fablicos, com destaque para a \u00e1rea fiscal, gest\u00e3o, controle, concursos administrativos e Minist\u00e9rios participantes do CNU, al\u00e9m de diversos \u00f3rg\u00e3os federais. Tem como miss\u00e3o transformar informa\u00e7\u00f5es complexas em conte\u00fados acess\u00edveis, relevantes e de alto valor para quem sonha com uma carreira no servi\u00e7o p\u00fablico.\",\"url\":\"https:\/\/www.estrategiaconcursos.com.br\/blog\/author\/barbara-santos\/\"}]}<\/script>\n<!-- \/ Yoast SEO Premium plugin. -->","yoast_head_json":{"title":"CNU: MPF quer nova avalia\u00e7\u00e3o para candidatos negros","description":"MPF solicitar\u00e1 na Justi\u00e7a nova aplica\u00e7\u00e3o da Heteroidentifica\u00e7\u00e3o do CNU para candidatos negros, ap\u00f3s constata\u00e7\u00e3o de irregularidades.","robots":{"index":"index","follow":"follow","max-snippet":"max-snippet:-1","max-image-preview":"max-image-preview:large","max-video-preview":"max-video-preview:-1"},"canonical":"https:\/\/www.estrategiaconcursos.com.br\/blog\/cnu-mpf-quer-nova-avaliacao-para-candidatos-negros\/","og_locale":"pt_BR","og_type":"article","og_title":"CNU: MPF quer nova avalia\u00e7\u00e3o para candidatos negros","og_description":"MPF solicitar\u00e1 na Justi\u00e7a nova aplica\u00e7\u00e3o da Heteroidentifica\u00e7\u00e3o do CNU para candidatos negros, ap\u00f3s constata\u00e7\u00e3o de irregularidades.","og_url":"https:\/\/www.estrategiaconcursos.com.br\/blog\/cnu-mpf-quer-nova-avaliacao-para-candidatos-negros\/","og_site_name":"Estrat\u00e9gia Concursos","article_published_time":"2025-05-26T15:20:30+00:00","article_modified_time":"2025-06-03T19:51:47+00:00","og_image":[{"width":768,"height":432,"url":"https:\/\/dhg1h5j42swfq.cloudfront.net\/2023\/08\/29075651\/concurso-nacional-unificado.jpg","type":"image\/jpeg"}],"author":"B\u00e1rbara Carvalho Santos","twitter_card":"summary_large_image","twitter_creator":"@EstratConcursos","twitter_site":"@EstratConcursos","twitter_misc":{"Escrito por":"B\u00e1rbara Carvalho Santos","Est. tempo de leitura":"3 minutos"},"schema":{"@context":"https:\/\/schema.org","@graph":[{"@type":"NewsArticle","@id":"https:\/\/www.estrategiaconcursos.com.br\/blog\/cnu-mpf-quer-nova-avaliacao-para-candidatos-negros\/#article","isPartOf":{"@id":"https:\/\/www.estrategiaconcursos.com.br\/blog\/cnu-mpf-quer-nova-avaliacao-para-candidatos-negros\/"},"author":{"name":"B\u00e1rbara Carvalho Santos","@id":"https:\/\/www.estrategiaconcursos.com.br\/blog\/#\/schema\/person\/e3882259fa157d54c44c21f4ee4e0e60"},"headline":"CNU: MPF quer nova avalia\u00e7\u00e3o para candidatos negros","datePublished":"2025-05-26T15:20:30+00:00","dateModified":"2025-06-03T19:51:47+00:00","mainEntityOfPage":{"@id":"https:\/\/www.estrategiaconcursos.com.br\/blog\/cnu-mpf-quer-nova-avaliacao-para-candidatos-negros\/"},"wordCount":621,"commentCount":0,"publisher":{"@id":"https:\/\/www.estrategiaconcursos.com.br\/blog\/#organization"},"image":{"@id":"https:\/\/www.estrategiaconcursos.com.br\/blog\/cnu-mpf-quer-nova-avaliacao-para-candidatos-negros\/#primaryimage"},"thumbnailUrl":"https:\/\/dhg1h5j42swfq.cloudfront.net\/2023\/08\/29075651\/concurso-nacional-unificado.jpg","articleSection":["Executivo (Administrativa)","\u00daltimas not\u00edcias"],"inLanguage":"pt-BR","potentialAction":[{"@type":"CommentAction","name":"Comment","target":["https:\/\/www.estrategiaconcursos.com.br\/blog\/cnu-mpf-quer-nova-avaliacao-para-candidatos-negros\/#respond"]}],"copyrightYear":"2025","copyrightHolder":{"@id":"https:\/\/www.estrategiaconcursos.com.br\/blog\/#organization"}},{"@type":"WebPage","@id":"https:\/\/www.estrategiaconcursos.com.br\/blog\/cnu-mpf-quer-nova-avaliacao-para-candidatos-negros\/","url":"https:\/\/www.estrategiaconcursos.com.br\/blog\/cnu-mpf-quer-nova-avaliacao-para-candidatos-negros\/","name":"CNU: MPF quer nova avalia\u00e7\u00e3o para candidatos negros","isPartOf":{"@id":"https:\/\/www.estrategiaconcursos.com.br\/blog\/#website"},"primaryImageOfPage":{"@id":"https:\/\/www.estrategiaconcursos.com.br\/blog\/cnu-mpf-quer-nova-avaliacao-para-candidatos-negros\/#primaryimage"},"image":{"@id":"https:\/\/www.estrategiaconcursos.com.br\/blog\/cnu-mpf-quer-nova-avaliacao-para-candidatos-negros\/#primaryimage"},"thumbnailUrl":"https:\/\/dhg1h5j42swfq.cloudfront.net\/2023\/08\/29075651\/concurso-nacional-unificado.jpg","datePublished":"2025-05-26T15:20:30+00:00","dateModified":"2025-06-03T19:51:47+00:00","description":"MPF solicitar\u00e1 na Justi\u00e7a nova aplica\u00e7\u00e3o da Heteroidentifica\u00e7\u00e3o do CNU para candidatos negros, ap\u00f3s constata\u00e7\u00e3o de irregularidades.","breadcrumb":{"@id":"https:\/\/www.estrategiaconcursos.com.br\/blog\/cnu-mpf-quer-nova-avaliacao-para-candidatos-negros\/#breadcrumb"},"inLanguage":"pt-BR","potentialAction":[{"@type":"ReadAction","target":["https:\/\/www.estrategiaconcursos.com.br\/blog\/cnu-mpf-quer-nova-avaliacao-para-candidatos-negros\/"]}]},{"@type":"ImageObject","inLanguage":"pt-BR","@id":"https:\/\/www.estrategiaconcursos.com.br\/blog\/cnu-mpf-quer-nova-avaliacao-para-candidatos-negros\/#primaryimage","url":"https:\/\/dhg1h5j42swfq.cloudfront.net\/2023\/08\/29075651\/concurso-nacional-unificado.jpg","contentUrl":"https:\/\/dhg1h5j42swfq.cloudfront.net\/2023\/08\/29075651\/concurso-nacional-unificado.jpg","width":768,"height":432,"caption":"CNU nomea\u00e7\u00f5es maio"},{"@type":"BreadcrumbList","@id":"https:\/\/www.estrategiaconcursos.com.br\/blog\/cnu-mpf-quer-nova-avaliacao-para-candidatos-negros\/#breadcrumb","itemListElement":[{"@type":"ListItem","position":1,"name":"In\u00edcio","item":"https:\/\/www.estrategiaconcursos.com.br\/blog\/"},{"@type":"ListItem","position":2,"name":"CNU: MPF quer nova avalia\u00e7\u00e3o para candidatos negros"}]},{"@type":"WebSite","@id":"https:\/\/www.estrategiaconcursos.com.br\/blog\/#website","url":"https:\/\/www.estrategiaconcursos.com.br\/blog\/","name":"Estrat\u00e9gia Concursos","description":"O blog da Estrat\u00e9gia Concursos traz not\u00edcias sobre concursos e artigos de professores oferecendo cursos para concursos (pdf + videaulas) no site.","publisher":{"@id":"https:\/\/www.estrategiaconcursos.com.br\/blog\/#organization"},"potentialAction":[{"@type":"SearchAction","target":{"@type":"EntryPoint","urlTemplate":"https:\/\/www.estrategiaconcursos.com.br\/blog\/?s={search_term_string}"},"query-input":{"@type":"PropertyValueSpecification","valueRequired":true,"valueName":"search_term_string"}}],"inLanguage":"pt-BR"},{"@type":"Organization","@id":"https:\/\/www.estrategiaconcursos.com.br\/blog\/#organization","name":"Estrat\u00e9gia Concursos","url":"https:\/\/www.estrategiaconcursos.com.br\/blog\/","logo":{"@type":"ImageObject","inLanguage":"pt-BR","@id":"https:\/\/www.estrategiaconcursos.com.br\/blog\/#\/schema\/logo\/image\/","url":"https:\/\/dhg1h5j42swfq.cloudfront.net\/2025\/06\/03203428\/logo_concursos-1.jpg","contentUrl":"https:\/\/dhg1h5j42swfq.cloudfront.net\/2025\/06\/03203428\/logo_concursos-1.jpg","width":230,"height":60,"caption":"Estrat\u00e9gia Concursos"},"image":{"@id":"https:\/\/www.estrategiaconcursos.com.br\/blog\/#\/schema\/logo\/image\/"},"sameAs":["https:\/\/x.com\/EstratConcursos"]},{"@type":"Person","@id":"https:\/\/www.estrategiaconcursos.com.br\/blog\/#\/schema\/person\/e3882259fa157d54c44c21f4ee4e0e60","name":"B\u00e1rbara Carvalho Santos","image":{"@type":"ImageObject","inLanguage":"pt-BR","@id":"https:\/\/secure.gravatar.com\/avatar\/353300f73140f779692b9be2b39f434d1341e4e34c7f55bd5a990fe29ef352eb?s=96&d=mm&r=g","url":"https:\/\/secure.gravatar.com\/avatar\/353300f73140f779692b9be2b39f434d1341e4e34c7f55bd5a990fe29ef352eb?s=96&d=mm&r=g","contentUrl":"https:\/\/secure.gravatar.com\/avatar\/353300f73140f779692b9be2b39f434d1341e4e34c7f55bd5a990fe29ef352eb?s=96&d=mm&r=g","caption":"B\u00e1rbara Carvalho Santos"},"description":"M\u00e3e e jornalista formada pela UNIP, possui ampla experi\u00eancia na cobertura de entretenimento em grandes ve\u00edculos, como o site da CNN, RedeTV! e Estrat\u00e9gia Educacional. Atuou tamb\u00e9m em ag\u00eancias de marketing, produtoras musicais e assessorias de imprensa, com foco especial no trabalho com personalidades p\u00fablicas. Atualmente, integra a equipe do Estrat\u00e9gia Concursos, onde \u00e9 respons\u00e1vel pela produ\u00e7\u00e3o de conte\u00fados estrat\u00e9gicos voltados para o setor de concursos p\u00fablicos, com destaque para a \u00e1rea fiscal, gest\u00e3o, controle, concursos administrativos e Minist\u00e9rios participantes do CNU, al\u00e9m de diversos \u00f3rg\u00e3os federais. Tem como miss\u00e3o transformar informa\u00e7\u00f5es complexas em conte\u00fados acess\u00edveis, relevantes e de alto valor para quem sonha com uma carreira no servi\u00e7o p\u00fablico.","url":"https:\/\/www.estrategiaconcursos.com.br\/blog\/author\/barbara-santos\/"}]}},"_links":{"self":[{"href":"https:\/\/www.estrategiaconcursos.com.br\/blog\/wp-json\/wp\/v2\/posts\/1580929","targetHints":{"allow":["GET"]}}],"collection":[{"href":"https:\/\/www.estrategiaconcursos.com.br\/blog\/wp-json\/wp\/v2\/posts"}],"about":[{"href":"https:\/\/www.estrategiaconcursos.com.br\/blog\/wp-json\/wp\/v2\/types\/post"}],"author":[{"embeddable":true,"href":"https:\/\/www.estrategiaconcursos.com.br\/blog\/wp-json\/wp\/v2\/users\/2018"}],"replies":[{"embeddable":true,"href":"https:\/\/www.estrategiaconcursos.com.br\/blog\/wp-json\/wp\/v2\/comments?post=1580929"}],"version-history":[{"count":6,"href":"https:\/\/www.estrategiaconcursos.com.br\/blog\/wp-json\/wp\/v2\/posts\/1580929\/revisions"}],"predecessor-version":[{"id":1585431,"href":"https:\/\/www.estrategiaconcursos.com.br\/blog\/wp-json\/wp\/v2\/posts\/1580929\/revisions\/1585431"}],"wp:featuredmedia":[{"embeddable":true,"href":"https:\/\/www.estrategiaconcursos.com.br\/blog\/wp-json\/wp\/v2\/media\/1270513"}],"wp:attachment":[{"href":"https:\/\/www.estrategiaconcursos.com.br\/blog\/wp-json\/wp\/v2\/media?parent=1580929"}],"wp:term":[{"taxonomy":"category","embeddable":true,"href":"https:\/\/www.estrategiaconcursos.com.br\/blog\/wp-json\/wp\/v2\/categories?post=1580929"},{"taxonomy":"post_tag","embeddable":true,"href":"https:\/\/www.estrategiaconcursos.com.br\/blog\/wp-json\/wp\/v2\/tags?post=1580929"},{"taxonomy":"tax_estado","embeddable":true,"href":"https:\/\/www.estrategiaconcursos.com.br\/blog\/wp-json\/wp\/v2\/tax_estado?post=1580929"}],"curies":[{"name":"wp","href":"https:\/\/api.w.org\/{rel}","templated":true}]}}