{"id":1579734,"date":"2025-05-26T09:00:00","date_gmt":"2025-05-26T12:00:00","guid":{"rendered":"https:\/\/www.estrategiaconcursos.com.br\/blog\/?p=1579734"},"modified":"2025-06-03T08:21:30","modified_gmt":"2025-06-03T11:21:30","slug":"carta-aos-assinantes-239","status":"publish","type":"post","link":"https:\/\/www.estrategiaconcursos.com.br\/blog\/carta-aos-assinantes-239\/","title":{"rendered":"Carta aos Assinantes do Estrat\u00e9gia Concursos &#8211; 239"},"content":{"rendered":"\n<p class=\"has-text-align-right has-luminous-vivid-amber-background-color has-background\"><em>Confira, em nossa <strong>ducent\u00e9sima trig\u00e9sima nona <\/strong>carta aos assinantes, a nossa programa\u00e7\u00e3o semanal, as novidades do nosso Sistema de Quest\u00f5es e as principais movimenta\u00e7\u00f5es de concursos.<\/em><\/p>\n\n\n\n<p>Ol\u00e1, pessoal. Tudo bem?<\/p>\n\n\n\n<p>Aqui \u00e9 o<strong>&nbsp;Prof. Diego Cerqueira&nbsp;<\/strong>em nossa <strong>ducent\u00e9sima trig\u00e9sima nona <\/strong>carta aos Assinantes do Estrat\u00e9gia Concursos.<\/p>\n\n\n\n<p>Est\u00e1 na pra\u00e7a o aguardado <a href=\"https:\/\/www.estrategiaconcursos.com.br\/blog\/concurso-policia-federal\/\" target=\"_blank\" rel=\"noreferrer noopener\"><strong>concurso p\u00fablico para a Pol\u00edcia Federal 2025<\/strong><\/a>! E para conquistar uma das 1.000 vagas em jogo e ganhar sal\u00e1rio de at\u00e9 R$ 26,8 mil, \u00e9 necess\u00e1rio se preparar com estrat\u00e9gia.<\/p>\n\n\n\n<p>Por isso, preparamos uma promo\u00e7\u00e3o imperd\u00edvel para voc\u00ea: <strong>Pacotes Completos com at\u00e9 30% OFF<\/strong> &#8211; al\u00e9m de b\u00f4nus especial &#8211; e <strong>Assinatura Premium com 20% OFF<\/strong>. <a href=\"https:\/\/mkt.estrategia.com\/concursos\/vendas-policia-federal-90-em-5\/?utm_source=banner&amp;utm_medium=banner&amp;utm_campaign=ec-pol-vd-banner-pfedital-semesp-60525\" target=\"_blank\" rel=\"noreferrer noopener\">Confira aqui nossos valores e seja aprovado na PF<\/a>!<\/p>\n\n\n\n<p>E para os concurseiros da \u00e1rea de tribunais, aten\u00e7\u00e3o: a partir do dia 26\/05, iniciaremos a nossa <strong>Guia da Aprova\u00e7\u00e3o TJ RJ<\/strong>. <a href=\"https:\/\/mkt.estrategia.com\/concursos\/guia-da-aprovacao-tj-rj\/?utm_source=banner&amp;utm_medium=banner&amp;utm_campaign=ec-tri-ld-banner-guiatjrj-semesp-260525\" target=\"_blank\" rel=\"noreferrer noopener\">Inscreva-se aqui e aprenda a estrat\u00e9gia de 90% dos aprovados<\/a>!<\/p>\n\n\n\n<h2 class=\"wp-block-heading\" id=\"h-sistema-de-questoes-do-estrategia\">Sistema de Quest\u00f5es do Estrat\u00e9gia<\/h2>\n\n\n\n<p>Na \u00faltima semana, a nossa equipe do Sistema de Quest\u00f5es&nbsp;<strong>criou&nbsp;<\/strong>os seguintes&nbsp;<strong>Cadernos de Quest\u00f5es<\/strong>:<\/p>\n\n\n\n<ul class=\"wp-block-list\">\n<li>Reta Final SEFAZ GO (<a href=\"https:\/\/www.estrategiaconcursos.com.br\/blog\/?p=1578203\" target=\"_blank\" rel=\"noreferrer noopener\">clique aqui<\/a>)<\/li>\n\n\n\n<li>Reta Final ISS Flores de Goi\u00e1s (<a href=\"https:\/\/www.estrategiaconcursos.com.br\/blog\/cadernos-de-reta-final-iss-flores-de-goias\/\" target=\"_blank\" rel=\"noreferrer noopener\">clique aqui<\/a>)<\/li>\n\n\n\n<li>Reta Final C\u00e2mara de Potim SP (<a href=\"https:\/\/www.estrategiaconcursos.com.br\/blog\/cadernos-reta-final-concurso-camara-de-potim-sp\/\" target=\"_blank\" rel=\"noreferrer noopener\">clique aqui<\/a>)<\/li>\n\n\n\n<li>Reta Final TRT 2 (<a href=\"https:\/\/www.estrategiaconcursos.com.br\/blog\/cadernos-de-reta-final-trt-sp\/\" target=\"_blank\" rel=\"noreferrer noopener\">clique aqui<\/a>)<\/li>\n<\/ul>\n\n\n\n<p>Al\u00e9m disso, tamb\u00e9m foram <strong>atualizados&nbsp;<\/strong>os seguintes&nbsp;<strong>Cadernos de Quest\u00f5es<\/strong>:<\/p>\n\n\n\n<ul class=\"wp-block-list\">\n<li>Quest\u00f5es In\u00e9ditas STM (<a href=\"https:\/\/www.estrategiaconcursos.com.br\/blog\/cadernos-de-questoes-ineditas-para-o-concurso-stm\/\" target=\"_blank\" rel=\"noreferrer noopener\">clique aqui<\/a>)<\/li>\n\n\n\n<li>Reta Final C\u00e2mara Municipal Praia Grande SP (<a href=\"https:\/\/www.estrategiaconcursos.com.br\/blog\/cadernos-questoes-camara-praia-grande-sp\/\" target=\"_blank\" rel=\"noreferrer noopener\">clique aqui<\/a>)<\/li>\n\n\n\n<li>Quest\u00f5es In\u00e9ditas SEFAZ GO (<a href=\"https:\/\/www.estrategiaconcursos.com.br\/blog\/cadernos-de-questoes-ineditas-sefaz-go\/\" target=\"_blank\" rel=\"noreferrer noopener\">clique aqui<\/a>)<\/li>\n<\/ul>\n\n\n\n<h2 class=\"wp-block-heading\" id=\"h-agora-vamos-ver-as-principais-movimentacoes-de-concursos-da-ultima-semana\">Agora, vamos ver as principais movimenta\u00e7\u00f5es de concursos da \u00faltima semana?<\/h2>\n\n\n\n<ul class=\"wp-block-list\">\n<li><a href=\"https:\/\/www.estrategiaconcursos.com.br\/blog\/novo-edital-mprs-publicado\/\" target=\"_blank\" rel=\"noreferrer noopener\"><strong>MP RS<\/strong><\/a>: O novo edital do Minist\u00e9rio P\u00fablico do Rio Grande do Sul (edital MP RS) foi <strong>publicado<\/strong>! S\u00e3o ofertadas 69 vagas para os cargos de Analista e T\u00e9cnico. As inscri\u00e7\u00f5es poder\u00e3o ser realizadas no site da banca, Instituto AOCP, at\u00e9 o dia 20 de junho. As provas est\u00e3o previstas para o dia 17 de agosto, no per\u00edodo da manh\u00e3, e os cargos recebem remunera\u00e7\u00e3o inicial de R$ 4.843,65 e R$ 9.226,03.<\/li>\n<\/ul>\n\n\n\n<ul class=\"wp-block-list\">\n<li><a href=\"https:\/\/www.estrategiaconcursos.com.br\/blog\/concurso-trt-sp-inscricoes-prorrogadas\/\" target=\"_blank\" rel=\"noreferrer noopener\"><strong>TRT SP<\/strong><\/a>: O edital do TRT de S\u00e3o Paulo teve as suas <strong>inscri\u00e7\u00f5es prorrogadas<\/strong> at\u00e9 26 de maio. O edital oferece 2 vagas imediatas e forma\u00e7\u00e3o de cadastro de reserva distribu\u00eddas entre os cargos de t\u00e9cnico e analista judici\u00e1rios, em v\u00e1rias especialidades. As oportunidades s\u00e3o para n\u00edvel superior de forma\u00e7\u00e3o. Os sal\u00e1rios iniciais chegam at\u00e9 R$ 17.018,67.<\/li>\n<\/ul>\n\n\n\n<ul class=\"wp-block-list\">\n<li><strong><a href=\"https:\/\/www.estrategiaconcursos.com.br\/blog\/concurso-policia-federal\/\" target=\"_blank\" rel=\"noreferrer noopener\">PF<\/a><\/strong>: Est\u00e1 <strong>na pra\u00e7a o novo edital <\/strong>do concurso PF! A Pol\u00edcia Federal oferece 1.000 vagas imediatas para os cargos de Agente, Escriv\u00e3o, Perito, Delegado e Papiloscopista. As oportunidades s\u00e3o distribu\u00eddas entre ampla concorr\u00eancia, candidatos negros e pessoas com defici\u00eancia. Os sal\u00e1rios iniciais variam de R$ 14.164,81 a R$ 26.800,00. Os interessados em participar da sele\u00e7\u00e3o devem realizar as inscri\u00e7\u00f5es no per\u00edodo de 26 de maio a 13 de junho, no site da banca organizadora, Cebraspe. A aplica\u00e7\u00e3o das provas \u00e9 prevista na data de 27 de julho.<\/li>\n<\/ul>\n\n\n\n<ul class=\"wp-block-list\">\n<li><strong><a href=\"https:\/\/www.estrategiaconcursos.com.br\/blog\/concurso-bombeiro-pr\/\" target=\"_blank\" rel=\"noreferrer noopener\">Bombeiro PR<\/a><\/strong>: Foi <strong>publicado o edital<\/strong> do concurso Bombeiro PR (Corpo de Bombeiros do Estado do Paran\u00e1) para o cargo de Cadete. S\u00e3o ofertadas 20 vagas imediatas e forma\u00e7\u00e3o de cadastro de reserva. As oportunidades exigem n\u00edvel superior de forma\u00e7\u00e3o e idade m\u00e1xima de 30 anos na data do primeiro dia da inscri\u00e7\u00e3o. Os aprovados receber\u00e3o remunera\u00e7\u00e3o inicial de R$ 14.566,35 (no posto de 2\u00ba Tenente). As inscri\u00e7\u00f5es podem ser realizadas no per\u00edodo de 21 de maio a 7 de julho de 2025, no site da banca organizadora, Instituto AOCP. As provas s\u00e3o previstas em 31 de agosto.<\/li>\n<\/ul>\n\n\n\n<ul class=\"wp-block-list\">\n<li><strong><a href=\"https:\/\/www.estrategiaconcursos.com.br\/blog\/concurso-policia-civil-pi\/\" target=\"_blank\" rel=\"noreferrer noopener\">PC PI<\/a><\/strong>: Segundo informa\u00e7\u00f5es do governador Rafael Fonteles, o novo edital do concurso para a Pol\u00edcia Civil do Piau\u00ed ser\u00e1<strong> publicado em 60 dias<\/strong>, ou seja, at\u00e9 julho. Sob organiza\u00e7\u00e3o da FGV, ser\u00e3o ofertadas 400 vagas para os cargos de Oficial Investigador de Pol\u00edcia, Perito e Delegado. Os sal\u00e1rios iniciais variam de R$ 7.472,28 a R$ 21.350,52.<\/li>\n<\/ul>\n\n\n\n<ul class=\"wp-block-list\">\n<li><strong><a href=\"https:\/\/www.estrategiaconcursos.com.br\/blog\/concurso-tcu\/\" target=\"_blank\" rel=\"noreferrer noopener\">TCU<\/a><\/strong>: Ap\u00f3s 10 anos de espera, foi finalmente <strong>publicado o novo edital<\/strong> do concurso do Tribunal de Contas da Uni\u00e3o \u2013 TCU para n\u00edvel m\u00e9dio! O documento apresenta 40 vagas imediatas e outras 20 para cadastro reserva, todas destinadas ao cargo de T\u00e9cnico Federal de Controle Externo. O sal\u00e1rio inicial \u00e9 de R$ 15.128,26. Sob organiza\u00e7\u00e3o da banca Cebraspe, as inscri\u00e7\u00f5es poder\u00e3o ser realizadas durante os dias 30 de maio e 17 de junho, ao custo de R$ 70,00. Os candidatos ser\u00e3o avaliados por meio de provas objetivas e discursivas, de car\u00e1ter eliminat\u00f3rio e classificat\u00f3rio, ambas previstas para serem aplicadas somente em Bras\u00edlia (DF), no dia 3 de agosto.<\/li>\n<\/ul>\n\n\n\n<ul class=\"wp-block-list\">\n<li><strong><a href=\"https:\/\/www.estrategiaconcursos.com.br\/blog\/concurso-inss\/\" target=\"_blank\" rel=\"noreferrer noopener\">INSS<\/a>: <\/strong>A realiza\u00e7\u00e3o de um novo concurso p\u00fablico para o INSS (Instituto Nacional do Seguro Social) ocorrer\u00e1 em 2025, sendo<strong> contemplado na pr\u00f3xima edi\u00e7\u00e3o do CNU<\/strong> (Concurso Nacional Unificado). Ao todo, ser\u00e3o 300 vagas para Analista do Seguro Social (n\u00edvel superior), nas especialidades de Fisioterapia, Psicologia, Servi\u00e7o Social, Terapia Ocupacional, entre outras ainda n\u00e3o reveladas. Lembrando que o ex-ministro Carlos Lupi havia afirmado que seriam 500 vagas para cargos de n\u00edvel superior. Anteriormente, o quantitativo previsto era de mil vagas. A previs\u00e3o \u00e9 que em junho seja contratada a banca organizadora do CNU, com publica\u00e7\u00e3o do edital em julho. J\u00e1 as provas objetivas e discursivas s\u00e3o previstas para 5 de outubro e 7 de dezembro, respectivamente.<\/li>\n<\/ul>\n\n\n\n<ul class=\"wp-block-list\">\n<li><strong><a href=\"https:\/\/www.estrategiaconcursos.com.br\/blog\/concurso-sefaz-se\/\" target=\"_blank\" rel=\"noreferrer noopener\">Sefaz SE<\/a><\/strong>: Agora \u00e9 oficial! O Cebraspe foi <strong>definido como a banca organizadora <\/strong>do pr\u00f3ximo concurso p\u00fablico da Sefaz SE (Secretaria de Estado da Fazenda de Sergipe). A informa\u00e7\u00e3o foi confirmada atrav\u00e9s das redes sociais da SEAD SE (Secretaria de Administra\u00e7\u00e3o): \u201cO edital completo ser\u00e1 divulgado em breve, ent\u00e3o \u00e9 hora de intensificar os estudos e se preparar!\u201d. Agora, o pr\u00f3ximo passo ser\u00e1 a contrata\u00e7\u00e3o da banca para que ent\u00e3o o edital possa ser publicado. A expectativa \u00e9 que isso aconte\u00e7a ainda neste primeiro semestre. Posteriormente, os candidatos ser\u00e3o avaliados por provas objetivas, dissertativas e avalia\u00e7\u00e3o de t\u00edtulos. Como n\u00e3o haver\u00e1 curso de forma\u00e7\u00e3o, os aprovados podem ser convocados ainda em 2025.<\/li>\n<\/ul>\n\n\n\n<ul class=\"wp-block-list\">\n<li><strong><a href=\"https:\/\/www.estrategiaconcursos.com.br\/blog\/concurso-iss-niteroi\/\" target=\"_blank\" rel=\"noreferrer noopener\">ISS Niter\u00f3i<\/a><\/strong>: Para aqueles que gostam de informa\u00e7\u00e3o fresquinha e em primeira m\u00e3o, obtivemos mais uma \u00f3tima novidade! O concurso p\u00fablico ISS Niter\u00f3i (RJ) j\u00e1 <strong>possui tr\u00eas cargos praticamente confirmados<\/strong>. A sele\u00e7\u00e3o deve contar com oportunidades para Auditor Fiscal (n\u00edvel superior), Agente Fazend\u00e1rio e Fiscal de Posturas (ambos de n\u00edvel m\u00e9dio). A informa\u00e7\u00e3o foi obtida com exclusividade por meio de contato com fontes internas do \u00f3rg\u00e3o. J\u00e1 o quantitativo de vagas ainda n\u00e3o foi definido, uma vez que a Secretaria Municipal ainda vai formar a comiss\u00e3o organizadora do certame. A expectativa internamente \u00e9 grande para a realiza\u00e7\u00e3o do concurso, com a possibilidade do edital sair no segundo semestre deste ano. Lembrando que a realiza\u00e7\u00e3o do concurso ISS Niter\u00f3i j\u00e1 constava na Lei Or\u00e7ament\u00e1ria (LOA) de 2025, conforme confirmado no in\u00edcio do ano.<\/li>\n<\/ul>\n\n\n\n<p>Espero que tenham gostado da Carta aos Assinantes. Desejo a todos uma excelente semana de estudos!<\/p>\n\n\n\n<p>Abra\u00e7os,<\/p>\n\n\n\n<p><strong>Prof. Diego Cerqueira<\/strong><\/p>\n","protected":false},"excerpt":{"rendered":"<p>Confira, em nossa ducent\u00e9sima trig\u00e9sima nona carta aos assinantes, a nossa programa\u00e7\u00e3o semanal, as novidades do nosso Sistema de Quest\u00f5es e as principais movimenta\u00e7\u00f5es de concursos. Ol\u00e1, pessoal. Tudo bem? Aqui \u00e9 o&nbsp;Prof. Diego Cerqueira&nbsp;em nossa ducent\u00e9sima trig\u00e9sima nona carta aos Assinantes do Estrat\u00e9gia Concursos. Est\u00e1 na pra\u00e7a o aguardado concurso p\u00fablico para a Pol\u00edcia [&hellip;]<\/p>\n","protected":false},"author":1789,"featured_media":1058143,"comment_status":"open","ping_status":"closed","sticky":false,"template":"","format":"standard","meta":{"post_tipo":"article","footnotes":""},"categories":[220219],"tags":[],"tax_estado":[219963],"class_list":["post-1579734","post","type-post","status-publish","format-standard","has-post-thumbnail","hentry","category-noticias","tax_estado-concursos-federais"],"acf":[],"yoast_head":"<!-- This site is optimized with the Yoast SEO Premium plugin v27.2 (Yoast SEO v27.2) - https:\/\/yoast.com\/product\/yoast-seo-premium-wordpress\/ -->\n<title>Carta aos Assinantes do Estrat\u00e9gia Concursos - 239<\/title>\n<meta name=\"description\" content=\"Confira em nossa 239\u00aa carta aos assinantes as novidades do nosso SQ e principais movimenta\u00e7\u00f5es de concursos.\" \/>\n<meta name=\"robots\" content=\"index, follow, max-snippet:-1, max-image-preview:large, max-video-preview:-1\" \/>\n<link rel=\"canonical\" href=\"https:\/\/www.estrategiaconcursos.com.br\/blog\/carta-aos-assinantes-239\/\" \/>\n<meta property=\"og:locale\" content=\"pt_BR\" \/>\n<meta property=\"og:type\" content=\"article\" \/>\n<meta property=\"og:title\" content=\"Carta aos Assinantes do Estrat\u00e9gia Concursos - 239\" \/>\n<meta property=\"og:description\" content=\"Confira em nossa 239\u00aa carta aos assinantes as novidades do nosso SQ e principais movimenta\u00e7\u00f5es de concursos.\" \/>\n<meta property=\"og:url\" content=\"https:\/\/www.estrategiaconcursos.com.br\/blog\/carta-aos-assinantes-239\/\" \/>\n<meta property=\"og:site_name\" content=\"Estrat\u00e9gia Concursos\" \/>\n<meta property=\"article:published_time\" content=\"2025-05-26T12:00:00+00:00\" \/>\n<meta property=\"article:modified_time\" content=\"2025-06-03T11:21:30+00:00\" \/>\n<meta property=\"og:image\" content=\"https:\/\/dhg1h5j42swfq.cloudfront.net\/2022\/07\/08165823\/imagem-carta-aos-assinantes-1.png\" \/>\n\t<meta property=\"og:image:width\" content=\"800\" \/>\n\t<meta property=\"og:image:height\" content=\"450\" \/>\n\t<meta property=\"og:image:type\" content=\"image\/png\" \/>\n<meta name=\"author\" content=\"Coordena\u00e7\u00e3o Estrat\u00e9gia\" \/>\n<meta name=\"twitter:card\" content=\"summary_large_image\" \/>\n<meta name=\"twitter:creator\" content=\"@EstratConcursos\" \/>\n<meta name=\"twitter:site\" content=\"@EstratConcursos\" \/>\n<meta name=\"twitter:label1\" content=\"Escrito por\" \/>\n\t<meta name=\"twitter:data1\" content=\"Coordena\u00e7\u00e3o Estrat\u00e9gia\" \/>\n\t<meta name=\"twitter:label2\" content=\"Est. tempo de leitura\" \/>\n\t<meta name=\"twitter:data2\" content=\"6 minutos\" \/>\n<script type=\"application\/ld+json\" class=\"yoast-schema-graph\">{\"@context\":\"https:\/\/schema.org\",\"@graph\":[{\"@type\":\"NewsArticle\",\"@id\":\"https:\/\/www.estrategiaconcursos.com.br\/blog\/carta-aos-assinantes-239\/#article\",\"isPartOf\":{\"@id\":\"https:\/\/www.estrategiaconcursos.com.br\/blog\/carta-aos-assinantes-239\/\"},\"author\":{\"name\":\"Coordena\u00e7\u00e3o Estrat\u00e9gia\",\"@id\":\"https:\/\/www.estrategiaconcursos.com.br\/blog\/#\/schema\/person\/ba5fab3b1fa4a358429e37bc50f74021\"},\"headline\":\"Carta aos Assinantes do Estrat\u00e9gia Concursos &#8211; 239\",\"datePublished\":\"2025-05-26T12:00:00+00:00\",\"dateModified\":\"2025-06-03T11:21:30+00:00\",\"mainEntityOfPage\":{\"@id\":\"https:\/\/www.estrategiaconcursos.com.br\/blog\/carta-aos-assinantes-239\/\"},\"wordCount\":1204,\"commentCount\":0,\"publisher\":{\"@id\":\"https:\/\/www.estrategiaconcursos.com.br\/blog\/#organization\"},\"image\":{\"@id\":\"https:\/\/www.estrategiaconcursos.com.br\/blog\/carta-aos-assinantes-239\/#primaryimage\"},\"thumbnailUrl\":\"https:\/\/dhg1h5j42swfq.cloudfront.net\/2022\/07\/08165823\/imagem-carta-aos-assinantes-1.png\",\"articleSection\":[\"\u00daltimas not\u00edcias\"],\"inLanguage\":\"pt-BR\",\"potentialAction\":[{\"@type\":\"CommentAction\",\"name\":\"Comment\",\"target\":[\"https:\/\/www.estrategiaconcursos.com.br\/blog\/carta-aos-assinantes-239\/#respond\"]}],\"copyrightYear\":\"2025\",\"copyrightHolder\":{\"@id\":\"https:\/\/www.estrategiaconcursos.com.br\/blog\/#organization\"}},{\"@type\":\"WebPage\",\"@id\":\"https:\/\/www.estrategiaconcursos.com.br\/blog\/carta-aos-assinantes-239\/\",\"url\":\"https:\/\/www.estrategiaconcursos.com.br\/blog\/carta-aos-assinantes-239\/\",\"name\":\"Carta aos Assinantes do Estrat\u00e9gia Concursos - 239\",\"isPartOf\":{\"@id\":\"https:\/\/www.estrategiaconcursos.com.br\/blog\/#website\"},\"primaryImageOfPage\":{\"@id\":\"https:\/\/www.estrategiaconcursos.com.br\/blog\/carta-aos-assinantes-239\/#primaryimage\"},\"image\":{\"@id\":\"https:\/\/www.estrategiaconcursos.com.br\/blog\/carta-aos-assinantes-239\/#primaryimage\"},\"thumbnailUrl\":\"https:\/\/dhg1h5j42swfq.cloudfront.net\/2022\/07\/08165823\/imagem-carta-aos-assinantes-1.png\",\"datePublished\":\"2025-05-26T12:00:00+00:00\",\"dateModified\":\"2025-06-03T11:21:30+00:00\",\"description\":\"Confira em nossa 239\u00aa carta aos assinantes as novidades do nosso SQ e principais movimenta\u00e7\u00f5es de concursos.\",\"breadcrumb\":{\"@id\":\"https:\/\/www.estrategiaconcursos.com.br\/blog\/carta-aos-assinantes-239\/#breadcrumb\"},\"inLanguage\":\"pt-BR\",\"potentialAction\":[{\"@type\":\"ReadAction\",\"target\":[\"https:\/\/www.estrategiaconcursos.com.br\/blog\/carta-aos-assinantes-239\/\"]}]},{\"@type\":\"ImageObject\",\"inLanguage\":\"pt-BR\",\"@id\":\"https:\/\/www.estrategiaconcursos.com.br\/blog\/carta-aos-assinantes-239\/#primaryimage\",\"url\":\"https:\/\/dhg1h5j42swfq.cloudfront.net\/2022\/07\/08165823\/imagem-carta-aos-assinantes-1.png\",\"contentUrl\":\"https:\/\/dhg1h5j42swfq.cloudfront.net\/2022\/07\/08165823\/imagem-carta-aos-assinantes-1.png\",\"width\":800,\"height\":450,\"caption\":\"Carta aos Assinantes\"},{\"@type\":\"BreadcrumbList\",\"@id\":\"https:\/\/www.estrategiaconcursos.com.br\/blog\/carta-aos-assinantes-239\/#breadcrumb\",\"itemListElement\":[{\"@type\":\"ListItem\",\"position\":1,\"name\":\"In\u00edcio\",\"item\":\"https:\/\/www.estrategiaconcursos.com.br\/blog\/\"},{\"@type\":\"ListItem\",\"position\":2,\"name\":\"Carta aos Assinantes do Estrat\u00e9gia Concursos &#8211; 239\"}]},{\"@type\":\"WebSite\",\"@id\":\"https:\/\/www.estrategiaconcursos.com.br\/blog\/#website\",\"url\":\"https:\/\/www.estrategiaconcursos.com.br\/blog\/\",\"name\":\"Estrat\u00e9gia Concursos\",\"description\":\"O blog da Estrat\u00e9gia Concursos traz not\u00edcias sobre concursos e artigos de professores oferecendo cursos para concursos (pdf + videaulas) no site.\",\"publisher\":{\"@id\":\"https:\/\/www.estrategiaconcursos.com.br\/blog\/#organization\"},\"potentialAction\":[{\"@type\":\"SearchAction\",\"target\":{\"@type\":\"EntryPoint\",\"urlTemplate\":\"https:\/\/www.estrategiaconcursos.com.br\/blog\/?s={search_term_string}\"},\"query-input\":{\"@type\":\"PropertyValueSpecification\",\"valueRequired\":true,\"valueName\":\"search_term_string\"}}],\"inLanguage\":\"pt-BR\"},{\"@type\":\"Organization\",\"@id\":\"https:\/\/www.estrategiaconcursos.com.br\/blog\/#organization\",\"name\":\"Estrat\u00e9gia Concursos\",\"url\":\"https:\/\/www.estrategiaconcursos.com.br\/blog\/\",\"logo\":{\"@type\":\"ImageObject\",\"inLanguage\":\"pt-BR\",\"@id\":\"https:\/\/www.estrategiaconcursos.com.br\/blog\/#\/schema\/logo\/image\/\",\"url\":\"https:\/\/dhg1h5j42swfq.cloudfront.net\/2025\/06\/03203428\/logo_concursos-1.jpg\",\"contentUrl\":\"https:\/\/dhg1h5j42swfq.cloudfront.net\/2025\/06\/03203428\/logo_concursos-1.jpg\",\"width\":230,\"height\":60,\"caption\":\"Estrat\u00e9gia Concursos\"},\"image\":{\"@id\":\"https:\/\/www.estrategiaconcursos.com.br\/blog\/#\/schema\/logo\/image\/\"},\"sameAs\":[\"https:\/\/x.com\/EstratConcursos\"]},{\"@type\":\"Person\",\"@id\":\"https:\/\/www.estrategiaconcursos.com.br\/blog\/#\/schema\/person\/ba5fab3b1fa4a358429e37bc50f74021\",\"name\":\"Coordena\u00e7\u00e3o Estrat\u00e9gia\",\"image\":{\"@type\":\"ImageObject\",\"inLanguage\":\"pt-BR\",\"@id\":\"https:\/\/secure.gravatar.com\/avatar\/adff33ff18541ba37c900dd2b1e82dbfb0fe33d873b92636b4827a8da462feb3?s=96&d=mm&r=g\",\"url\":\"https:\/\/secure.gravatar.com\/avatar\/adff33ff18541ba37c900dd2b1e82dbfb0fe33d873b92636b4827a8da462feb3?s=96&d=mm&r=g\",\"contentUrl\":\"https:\/\/secure.gravatar.com\/avatar\/adff33ff18541ba37c900dd2b1e82dbfb0fe33d873b92636b4827a8da462feb3?s=96&d=mm&r=g\",\"caption\":\"Coordena\u00e7\u00e3o Estrat\u00e9gia\"},\"url\":\"https:\/\/www.estrategiaconcursos.com.br\/blog\/author\/victor-tanakaaestrategiaconcursos-com-br\/\"}]}<\/script>\n<!-- \/ Yoast SEO Premium plugin. -->","yoast_head_json":{"title":"Carta aos Assinantes do Estrat\u00e9gia Concursos - 239","description":"Confira em nossa 239\u00aa carta aos assinantes as novidades do nosso SQ e principais movimenta\u00e7\u00f5es de concursos.","robots":{"index":"index","follow":"follow","max-snippet":"max-snippet:-1","max-image-preview":"max-image-preview:large","max-video-preview":"max-video-preview:-1"},"canonical":"https:\/\/www.estrategiaconcursos.com.br\/blog\/carta-aos-assinantes-239\/","og_locale":"pt_BR","og_type":"article","og_title":"Carta aos Assinantes do Estrat\u00e9gia Concursos - 239","og_description":"Confira em nossa 239\u00aa carta aos assinantes as novidades do nosso SQ e principais movimenta\u00e7\u00f5es de concursos.","og_url":"https:\/\/www.estrategiaconcursos.com.br\/blog\/carta-aos-assinantes-239\/","og_site_name":"Estrat\u00e9gia Concursos","article_published_time":"2025-05-26T12:00:00+00:00","article_modified_time":"2025-06-03T11:21:30+00:00","og_image":[{"width":800,"height":450,"url":"https:\/\/dhg1h5j42swfq.cloudfront.net\/2022\/07\/08165823\/imagem-carta-aos-assinantes-1.png","type":"image\/png"}],"author":"Coordena\u00e7\u00e3o Estrat\u00e9gia","twitter_card":"summary_large_image","twitter_creator":"@EstratConcursos","twitter_site":"@EstratConcursos","twitter_misc":{"Escrito por":"Coordena\u00e7\u00e3o Estrat\u00e9gia","Est. tempo de leitura":"6 minutos"},"schema":{"@context":"https:\/\/schema.org","@graph":[{"@type":"NewsArticle","@id":"https:\/\/www.estrategiaconcursos.com.br\/blog\/carta-aos-assinantes-239\/#article","isPartOf":{"@id":"https:\/\/www.estrategiaconcursos.com.br\/blog\/carta-aos-assinantes-239\/"},"author":{"name":"Coordena\u00e7\u00e3o Estrat\u00e9gia","@id":"https:\/\/www.estrategiaconcursos.com.br\/blog\/#\/schema\/person\/ba5fab3b1fa4a358429e37bc50f74021"},"headline":"Carta aos Assinantes do Estrat\u00e9gia Concursos &#8211; 239","datePublished":"2025-05-26T12:00:00+00:00","dateModified":"2025-06-03T11:21:30+00:00","mainEntityOfPage":{"@id":"https:\/\/www.estrategiaconcursos.com.br\/blog\/carta-aos-assinantes-239\/"},"wordCount":1204,"commentCount":0,"publisher":{"@id":"https:\/\/www.estrategiaconcursos.com.br\/blog\/#organization"},"image":{"@id":"https:\/\/www.estrategiaconcursos.com.br\/blog\/carta-aos-assinantes-239\/#primaryimage"},"thumbnailUrl":"https:\/\/dhg1h5j42swfq.cloudfront.net\/2022\/07\/08165823\/imagem-carta-aos-assinantes-1.png","articleSection":["\u00daltimas not\u00edcias"],"inLanguage":"pt-BR","potentialAction":[{"@type":"CommentAction","name":"Comment","target":["https:\/\/www.estrategiaconcursos.com.br\/blog\/carta-aos-assinantes-239\/#respond"]}],"copyrightYear":"2025","copyrightHolder":{"@id":"https:\/\/www.estrategiaconcursos.com.br\/blog\/#organization"}},{"@type":"WebPage","@id":"https:\/\/www.estrategiaconcursos.com.br\/blog\/carta-aos-assinantes-239\/","url":"https:\/\/www.estrategiaconcursos.com.br\/blog\/carta-aos-assinantes-239\/","name":"Carta aos Assinantes do Estrat\u00e9gia Concursos - 239","isPartOf":{"@id":"https:\/\/www.estrategiaconcursos.com.br\/blog\/#website"},"primaryImageOfPage":{"@id":"https:\/\/www.estrategiaconcursos.com.br\/blog\/carta-aos-assinantes-239\/#primaryimage"},"image":{"@id":"https:\/\/www.estrategiaconcursos.com.br\/blog\/carta-aos-assinantes-239\/#primaryimage"},"thumbnailUrl":"https:\/\/dhg1h5j42swfq.cloudfront.net\/2022\/07\/08165823\/imagem-carta-aos-assinantes-1.png","datePublished":"2025-05-26T12:00:00+00:00","dateModified":"2025-06-03T11:21:30+00:00","description":"Confira em nossa 239\u00aa carta aos assinantes as novidades do nosso SQ e principais movimenta\u00e7\u00f5es de concursos.","breadcrumb":{"@id":"https:\/\/www.estrategiaconcursos.com.br\/blog\/carta-aos-assinantes-239\/#breadcrumb"},"inLanguage":"pt-BR","potentialAction":[{"@type":"ReadAction","target":["https:\/\/www.estrategiaconcursos.com.br\/blog\/carta-aos-assinantes-239\/"]}]},{"@type":"ImageObject","inLanguage":"pt-BR","@id":"https:\/\/www.estrategiaconcursos.com.br\/blog\/carta-aos-assinantes-239\/#primaryimage","url":"https:\/\/dhg1h5j42swfq.cloudfront.net\/2022\/07\/08165823\/imagem-carta-aos-assinantes-1.png","contentUrl":"https:\/\/dhg1h5j42swfq.cloudfront.net\/2022\/07\/08165823\/imagem-carta-aos-assinantes-1.png","width":800,"height":450,"caption":"Carta aos Assinantes"},{"@type":"BreadcrumbList","@id":"https:\/\/www.estrategiaconcursos.com.br\/blog\/carta-aos-assinantes-239\/#breadcrumb","itemListElement":[{"@type":"ListItem","position":1,"name":"In\u00edcio","item":"https:\/\/www.estrategiaconcursos.com.br\/blog\/"},{"@type":"ListItem","position":2,"name":"Carta aos Assinantes do Estrat\u00e9gia Concursos &#8211; 239"}]},{"@type":"WebSite","@id":"https:\/\/www.estrategiaconcursos.com.br\/blog\/#website","url":"https:\/\/www.estrategiaconcursos.com.br\/blog\/","name":"Estrat\u00e9gia Concursos","description":"O blog da Estrat\u00e9gia Concursos traz not\u00edcias sobre concursos e artigos de professores oferecendo cursos para concursos (pdf + videaulas) no site.","publisher":{"@id":"https:\/\/www.estrategiaconcursos.com.br\/blog\/#organization"},"potentialAction":[{"@type":"SearchAction","target":{"@type":"EntryPoint","urlTemplate":"https:\/\/www.estrategiaconcursos.com.br\/blog\/?s={search_term_string}"},"query-input":{"@type":"PropertyValueSpecification","valueRequired":true,"valueName":"search_term_string"}}],"inLanguage":"pt-BR"},{"@type":"Organization","@id":"https:\/\/www.estrategiaconcursos.com.br\/blog\/#organization","name":"Estrat\u00e9gia Concursos","url":"https:\/\/www.estrategiaconcursos.com.br\/blog\/","logo":{"@type":"ImageObject","inLanguage":"pt-BR","@id":"https:\/\/www.estrategiaconcursos.com.br\/blog\/#\/schema\/logo\/image\/","url":"https:\/\/dhg1h5j42swfq.cloudfront.net\/2025\/06\/03203428\/logo_concursos-1.jpg","contentUrl":"https:\/\/dhg1h5j42swfq.cloudfront.net\/2025\/06\/03203428\/logo_concursos-1.jpg","width":230,"height":60,"caption":"Estrat\u00e9gia Concursos"},"image":{"@id":"https:\/\/www.estrategiaconcursos.com.br\/blog\/#\/schema\/logo\/image\/"},"sameAs":["https:\/\/x.com\/EstratConcursos"]},{"@type":"Person","@id":"https:\/\/www.estrategiaconcursos.com.br\/blog\/#\/schema\/person\/ba5fab3b1fa4a358429e37bc50f74021","name":"Coordena\u00e7\u00e3o Estrat\u00e9gia","image":{"@type":"ImageObject","inLanguage":"pt-BR","@id":"https:\/\/secure.gravatar.com\/avatar\/adff33ff18541ba37c900dd2b1e82dbfb0fe33d873b92636b4827a8da462feb3?s=96&d=mm&r=g","url":"https:\/\/secure.gravatar.com\/avatar\/adff33ff18541ba37c900dd2b1e82dbfb0fe33d873b92636b4827a8da462feb3?s=96&d=mm&r=g","contentUrl":"https:\/\/secure.gravatar.com\/avatar\/adff33ff18541ba37c900dd2b1e82dbfb0fe33d873b92636b4827a8da462feb3?s=96&d=mm&r=g","caption":"Coordena\u00e7\u00e3o Estrat\u00e9gia"},"url":"https:\/\/www.estrategiaconcursos.com.br\/blog\/author\/victor-tanakaaestrategiaconcursos-com-br\/"}]}},"_links":{"self":[{"href":"https:\/\/www.estrategiaconcursos.com.br\/blog\/wp-json\/wp\/v2\/posts\/1579734","targetHints":{"allow":["GET"]}}],"collection":[{"href":"https:\/\/www.estrategiaconcursos.com.br\/blog\/wp-json\/wp\/v2\/posts"}],"about":[{"href":"https:\/\/www.estrategiaconcursos.com.br\/blog\/wp-json\/wp\/v2\/types\/post"}],"author":[{"embeddable":true,"href":"https:\/\/www.estrategiaconcursos.com.br\/blog\/wp-json\/wp\/v2\/users\/1789"}],"replies":[{"embeddable":true,"href":"https:\/\/www.estrategiaconcursos.com.br\/blog\/wp-json\/wp\/v2\/comments?post=1579734"}],"version-history":[{"count":4,"href":"https:\/\/www.estrategiaconcursos.com.br\/blog\/wp-json\/wp\/v2\/posts\/1579734\/revisions"}],"predecessor-version":[{"id":1580425,"href":"https:\/\/www.estrategiaconcursos.com.br\/blog\/wp-json\/wp\/v2\/posts\/1579734\/revisions\/1580425"}],"wp:featuredmedia":[{"embeddable":true,"href":"https:\/\/www.estrategiaconcursos.com.br\/blog\/wp-json\/wp\/v2\/media\/1058143"}],"wp:attachment":[{"href":"https:\/\/www.estrategiaconcursos.com.br\/blog\/wp-json\/wp\/v2\/media?parent=1579734"}],"wp:term":[{"taxonomy":"category","embeddable":true,"href":"https:\/\/www.estrategiaconcursos.com.br\/blog\/wp-json\/wp\/v2\/categories?post=1579734"},{"taxonomy":"post_tag","embeddable":true,"href":"https:\/\/www.estrategiaconcursos.com.br\/blog\/wp-json\/wp\/v2\/tags?post=1579734"},{"taxonomy":"tax_estado","embeddable":true,"href":"https:\/\/www.estrategiaconcursos.com.br\/blog\/wp-json\/wp\/v2\/tax_estado?post=1579734"}],"curies":[{"name":"wp","href":"https:\/\/api.w.org\/{rel}","templated":true}]}}