{"id":1579626,"date":"2025-05-23T09:47:00","date_gmt":"2025-05-23T12:47:00","guid":{"rendered":"https:\/\/www.estrategiaconcursos.com.br\/blog\/?p=1579626"},"modified":"2025-05-22T15:24:55","modified_gmt":"2025-05-22T18:24:55","slug":"concurso-pf-2025-escrivao-detalhes","status":"publish","type":"post","link":"https:\/\/www.estrategiaconcursos.com.br\/blog\/concurso-pf-2025-escrivao-detalhes\/","title":{"rendered":"Concurso PF 2025: s\u00e3o 160 vagas para Escriv\u00e3o. Veja detalhes!"},"content":{"rendered":"\n<p style=\"font-size:clamp(15.197px, 0.95rem + ((1vw - 3.2px) * 0.765), 23px);\"><strong><em>O cargo de Escriv\u00e3o<\/em><\/strong> <strong><em>de Pol\u00edcia Federal possui um excelente n\u00famero de vagas do concurso PF 2025. Saiba tudo sobre a carreira!<\/em><\/strong><\/p>\n\n\n\n<hr class=\"wp-block-separator has-alpha-channel-opacity\"\/>\n\n\n\n<p>O <strong>concurso p\u00fablico da Pol\u00edcia Federal <\/strong>est\u00e1 com seu edital na pra\u00e7a para provimento de<strong> 1.000 vagas imediatas<\/strong> de n\u00edvel superior.<\/p>\n\n\n\n<p>As oportunidades se distribuem entre os cargos de Agente, Escriv\u00e3o, Perito, Papiloscopista e Delegado de Pol\u00edcia Federal. Os <strong>sal\u00e1rios iniciais variam de R$ 14.164,81 a R$ 26.800,00<\/strong>.<\/p>\n\n\n\n<div class=\"container\" id=\"boxes\">\n  <div class=\"row\">\n\n    <div class=\"col-sm\">\n      <div class=\"banner-policia-federal\" id=\"box-assinatura\">\n        <h2 class=\"titulo-assinatura\">Concurso Pol\u00edcia Federal<\/h2>\n        <p class=\"subtitulo-assinatura\">Trilhe o caminho rumo \u00e0 aprova\u00e7\u00e3o na PF!<\/p>\n        <div class=\"box-botao\">\n          <a class=\"btn-assinatura\" target=\"_blank\" href=\"https:\/\/www.estrategiaconcursos.com.br\/cursosPorConcurso\/cursos-para-policia-federal\/\" role=\"button\" rel=\"noopener noreferrer\">VER CURSOS<\/a>\n        <\/div>\n      <\/div>\n     \n    <\/div>\n\n  <\/div>\n<\/div>\n\n\n\n<h2 class=\"wp-block-heading\" id=\"h-confira-os-detalhes-do-cargo-de-escrivao-do-concurso-pf-202\">Confira os detalhes do cargo de Escriv\u00e3o do concurso PF 202<\/h2>\n\n\n\n<h3 class=\"wp-block-heading\" id=\"h-distribuicao-das-vagas\">\u25ba Distribui\u00e7\u00e3o das vagas<\/h3>\n\n\n\n<figure class=\"wp-block-table is-style-stripes\"><table class=\"has-very-light-gray-to-cyan-bluish-gray-gradient-background has-background has-fixed-layout\"><thead><tr><th class=\"has-text-align-center\" data-align=\"center\">AC<\/th><th class=\"has-text-align-center\" data-align=\"center\">PCD<\/th><th class=\"has-text-align-center\" data-align=\"center\">PPP<\/th><th class=\"has-text-align-center\" data-align=\"center\">Total<\/th><\/tr><\/thead><tbody><tr><td class=\"has-text-align-center\" data-align=\"center\">120<\/td><td class=\"has-text-align-center\" data-align=\"center\">8<\/td><td class=\"has-text-align-center\" data-align=\"center\">32<\/td><td class=\"has-text-align-center\" data-align=\"center\">160<\/td><\/tr><\/tbody><\/table><\/figure>\n\n\n\n<p style=\"font-size:14px\">AC: ampla concorr\u00eancia<br \/>PCD: pessoas com defici\u00eancia<br \/>PPP: pessoas pretas e pardas<\/p>\n\n\n\n<h3 class=\"wp-block-heading\" id=\"h-requisitos-de-escrivao-de-policia-federal\">\u25ba Requisitos de Escriv\u00e3o de Pol\u00edcia Federal<\/h3>\n\n\n\n<p>diploma, devidamente registrado, de conclus\u00e3o de qualquer curso de gradua\u00e7\u00e3o de n\u00edvel superior, fornecido por institui\u00e7\u00e3o de ensino superior reconhecida pelo MEC.<\/p>\n\n\n\n<h3 class=\"wp-block-heading\" id=\"h-salario-e-jornada-de-trabalho\">\u25ba Sal\u00e1rio e jornada de trabalho<\/h3>\n\n\n\n<p>A remunera\u00e7\u00e3o do cargo de Escriv\u00e3o do concurso PF \u00e9 de <strong>R$ 14.164,811<\/strong>, para uma jornada de 40 horas semanais. Al\u00e9m disso, os profissionais podem receber verbas indenizat\u00f3rias, conforme o caso:<\/p>\n\n\n\n<ul class=\"wp-block-list\">\n<li>Aux\u00edlio-sa\u00fade;<\/li>\n\n\n\n<li>Aux\u00edlio-alimenta\u00e7\u00e3o;<\/li>\n\n\n\n<li>Assist\u00eancia Pr\u00e9-escolar para dependentes at\u00e9 6 anos incompletos;<\/li>\n\n\n\n<li>Adicional de fronteira.<\/li>\n<\/ul>\n\n\n\n<h3 class=\"wp-block-heading\" id=\"h-principais-atribuicoes-do-cargo\">\u25ba Principais atribui\u00e7\u00f5es do cargo<\/h3>\n\n\n\n<ol style=\"list-style-type:upper-roman\" class=\"wp-block-list\">\n<li>dar cumprimento \u00e0s formalidades processuais, lavrar termos, autos e mandados, observando os prazos necess\u00e1rios ao preparo, \u00e0 ultima\u00e7\u00e3o e \u00e0 remessa de procedimentos policiais de investiga\u00e7\u00e3o; <\/li>\n\n\n\n<li>atuar nos procedimentos policiais de investiga\u00e7\u00e3o, acompanhar a autoridade policial, sempre que determinado, em dilig\u00eancias policiais; <\/li>\n\n\n\n<li>responsabilizar-se pelo valor das fian\u00e7as recebidas e pelos objetos de apreens\u00e3o; <\/li>\n\n\n\n<li>conduzir ve\u00edculos automotores; <\/li>\n\n\n\n<li>cumprir medidas de seguran\u00e7a org\u00e2nica; <\/li>\n\n\n\n<li>atuar nos procedimentos policiais de investiga\u00e7\u00e3o; <\/li>\n\n\n\n<li>desempenhar outras atividades de natureza policial e administrativa, bem como executar outras tarefas que lhe forem atribu\u00eddas.<\/li>\n<\/ol>\n\n\n\n<h3 class=\"wp-block-heading\" id=\"h-inscricoes-do-concurso-policia-federal\">\u25ba Inscri\u00e7\u00f5es do concurso Pol\u00edcia Federal<\/h3>\n\n\n\n<p>Os interessados em participar da sele\u00e7\u00e3o devem realizar as&nbsp;<strong>inscri\u00e7\u00f5es no per\u00edodo de 26 de maio a 13 de junho<\/strong>, no <a href=\"https:\/\/www.cebraspe.org.br\/concursos\/PF_25\" target=\"_blank\" rel=\"noreferrer noopener\">site da banca organizadora<\/a>, Cebraspe. A taxa foi fixada no valor de R$ 180,00 para o cargo de Escriv\u00e3o.<\/p>\n\n\n\n<ul class=\"wp-block-list\">\n<li><strong>Inscri\u00e7\u00f5es<\/strong>: 26 de maio a 13 de junho<\/li>\n\n\n\n<li><strong>Isen\u00e7\u00e3o da taxa<\/strong>: 26 de maio a 2 de junho<\/li>\n\n\n\n<li><strong>\u00daltimo dia para pagamento<\/strong>: 20 de junho<\/li>\n\n\n\n<li><strong>Prova<\/strong>: 27 de julho<\/li>\n<\/ul>\n\n\n\n<h3 class=\"wp-block-heading\" id=\"h-etapas-e-provas-do-concurso-pf-2025-para-escrivao\">\u25ba Etapas e provas do concurso PF 2025 para Escriv\u00e3o<\/h3>\n\n\n\n<ol class=\"wp-block-list\">\n<li><strong>Provas objetivas e discursivas<\/strong>, de car\u00e1ter eliminat\u00f3rio e classificat\u00f3rio;<\/li>\n\n\n\n<li><strong>Exame de Aptid\u00e3o F\u00edsica<\/strong>, de car\u00e1ter eliminat\u00f3rio;<\/li>\n\n\n\n<li><strong>Avalia\u00e7\u00e3o M\u00e9dica<\/strong>, de car\u00e1ter eliminat\u00f3rio;<\/li>\n\n\n\n<li><strong>Prova Oral<\/strong>, de car\u00e1ter eliminat\u00f3rio e classificat\u00f3rio \u2013 somente Delegado;<\/li>\n\n\n\n<li><strong>Avalia\u00e7\u00e3o de T\u00edtulos<\/strong>, de car\u00e1ter classificat\u00f3rio \u2013 somente Perito e Delegado;<\/li>\n\n\n\n<li><strong>Avalia\u00e7\u00e3o Psicol\u00f3gica<\/strong>, de car\u00e1ter eliminat\u00f3rio.<\/li>\n<\/ol>\n\n\n\n<p>A<strong> prova objetiva<\/strong> ser\u00e1 constitu\u00edda de&nbsp;120 quest\u00f5es de&nbsp;<strong>CERTO ou ERRADO<\/strong>. As disciplinas cobradas s\u00e3o: <\/p>\n\n\n\n<ul class=\"wp-block-list\">\n<li>L\u00edngua Portuguesa; No\u00e7\u00f5es de Direito Administrativo; No\u00e7\u00f5es de Direito Constitucional; No\u00e7\u00f5es de Direito Penal e de Direito Processual Penal; Direitos Humanos; Legisla\u00e7\u00e3o Especial; Estat\u00edstica; Racioc\u00ednio L\u00f3gico; Inform\u00e1tica; Contabilidade Geral.<\/li>\n<\/ul>\n\n\n\n<p>Ser\u00e1 reprovado na prova objetiva e eliminado do concurso p\u00fablico PF o candidato que se enquadrar em pelo menos um dos itens a seguir:<\/p>\n\n\n\n<ul class=\"wp-block-list\">\n<li>a) obtiver nota inferior a 6,00 pontos no bloco I da prova objetiva P1;<\/li>\n\n\n\n<li>b) obtiver nota inferior a 3,00 pontos no bloco II da prova objetiva P1;<\/li>\n\n\n\n<li>b) obtiver nota inferior a 2,00 pontos no bloco III da prova objetiva P1;<\/li>\n\n\n\n<li>c) obtiver nota inferior a 48,00 pontos no conjunto dos tr\u00eas blocos da prova objetiva P1.<\/li>\n<\/ul>\n\n\n\n<p>A <strong>prova discursiva <\/strong>valer\u00e1 20,00 pontos e consistir\u00e1 em reda\u00e7\u00e3o de texto dissertativo, de at\u00e9 30 linhas, com base em tema formulado pela banca examinadora. Ser\u00e1 aprovado aquele que obtiver nota final igual ou superior a 10,00 pontos.<\/p>\n\n\n\n<p class=\"has-text-align-center\"><em>Para saber mais sobre as vagas de Escriv\u00e3o<\/em> <em>e todos os detalhes do concurso PF 2025, acesse nosso artigo na \u00edntegra:<\/em><\/p>\n\n\n\n<p class=\"has-text-align-center has-very-light-gray-to-cyan-bluish-gray-gradient-background has-background has-medium-font-size\"><strong>Saiba mais: <a href=\"https:\/\/www.estrategiaconcursos.com.br\/blog\/concurso-policia-federal\/\" target=\"_blank\" rel=\"noreferrer noopener\">Concurso Pol\u00edcia Federal 2025<\/a><\/strong><\/p>\n\n\n\n<hr class=\"wp-block-separator has-alpha-channel-opacity\"\/>\n\n\n\n<h2 class=\"wp-block-heading has-text-align-center\" id=\"h-quer-saber-tudo-sobre-concursos-previstos-confira-nossos-artigos\">Quer saber tudo sobre concursos previstos?<br \/>Confira nossos artigos!<\/h2>\n\n\n\n<ul class=\"wp-block-list\">\n<li><a href=\"https:\/\/www.estrategiaconcursos.com.br\/blog\/concurso-pf-edital-publicado-2025\/\" target=\"_blank\" rel=\"noreferrer noopener\">Edital Pol\u00edcia Federal<\/a><\/li>\n\n\n\n<li><a href=\"https:\/\/www.estrategiaconcursos.com.br\/blog\/concurso-pf-administrativo\/\" target=\"_blank\" rel=\"noreferrer noopener\">Concurso PF Administrativo<\/a><\/li>\n\n\n\n<li><a href=\"https:\/\/www.estrategiaconcursos.com.br\/blog\/concurso-prf\/\" target=\"_blank\" rel=\"noreferrer noopener\">Concurso PRF<\/a><\/li>\n\n\n\n<li><a href=\"https:\/\/www.estrategiaconcursos.com.br\/blog\/concursos-2025\" target=\"_blank\" rel=\"noreferrer noopener\">Concursos 2025<\/a><\/li>\n\n\n\n<li><a href=\"https:\/\/www.estrategiaconcursos.com.br\/blog\/concursos-2026\/\" target=\"_blank\" rel=\"noreferrer noopener\">Concursos 2026<\/a><\/li>\n\n\n\n<li><a href=\"https:\/\/www.estrategiaconcursos.com.br\/blog\/concursos-de-policia\/\" target=\"_blank\" rel=\"noreferrer noopener\">Concursos policiais<\/a><\/li>\n<\/ul>\n\n\n\n<div class=\"container\" id=\"boxes\">\n  <div class=\"row\">\n\n    <div class=\"col-sm\">\n      <div class=\"estrategia\" id=\"box-assinatura\">\n        <h3 class=\"titulo-assinatura\">Assinatura de Concursos<\/h3>\n        <p class=\"subtitulo-assinatura\">Assinatura de 1 ano ou 2 anos<\/p>\n        <div class=\"box-botao\">\n          <a class=\"btn-assinatura\" target=\"_blank\" href=\"https:\/\/www.estrategiaconcursos.com.br\/assinaturas\/\" role=\"button\" rel=\"noopener noreferrer\">ASSINE AGORA<\/a>\n        <\/div>\n      <\/div>\n     \n    <\/div><\/div><\/div>\n","protected":false},"excerpt":{"rendered":"<p>O cargo de Escriv\u00e3o de Pol\u00edcia Federal possui um excelente n\u00famero de vagas do concurso PF 2025. Saiba tudo sobre a carreira! O concurso p\u00fablico da Pol\u00edcia Federal est\u00e1 com seu edital na pra\u00e7a para provimento de 1.000 vagas imediatas de n\u00edvel superior. As oportunidades se distribuem entre os cargos de Agente, Escriv\u00e3o, Perito, Papiloscopista [&hellip;]<\/p>\n","protected":false},"author":1206,"featured_media":1576619,"comment_status":"open","ping_status":"closed","sticky":false,"template":"","format":"standard","meta":{"post_tipo":"news","footnotes":""},"categories":[1988,220219],"tags":[],"tax_estado":[219963],"class_list":["post-1579626","post","type-post","status-publish","format-standard","has-post-thumbnail","hentry","category-policia","category-noticias","tax_estado-concursos-federais"],"acf":[],"yoast_head":"<!-- This site is optimized with the Yoast SEO Premium plugin v27.2 (Yoast SEO v27.2) - https:\/\/yoast.com\/product\/yoast-seo-premium-wordpress\/ -->\n<title>Concurso PF 2025: s\u00e3o 160 vagas para Escriv\u00e3o. Veja detalhes!<\/title>\n<meta name=\"description\" content=\"O cargo de Escriv\u00e3o de Pol\u00edcia Federal possui um excelente n\u00famero de vagas do concurso PF 2025. Saiba tudo sobre a carreira!\" \/>\n<meta name=\"robots\" content=\"index, follow, max-snippet:-1, max-image-preview:large, max-video-preview:-1\" \/>\n<link rel=\"canonical\" href=\"https:\/\/www.estrategiaconcursos.com.br\/blog\/concurso-pf-2025-escrivao-detalhes\/\" \/>\n<meta property=\"og:locale\" content=\"pt_BR\" \/>\n<meta property=\"og:type\" content=\"article\" \/>\n<meta property=\"og:title\" content=\"Concurso PF 2025: s\u00e3o 160 vagas para Escriv\u00e3o. Veja detalhes!\" \/>\n<meta property=\"og:description\" content=\"O cargo de Escriv\u00e3o de Pol\u00edcia Federal possui um excelente n\u00famero de vagas do concurso PF 2025. Saiba tudo sobre a carreira!\" \/>\n<meta property=\"og:url\" content=\"https:\/\/www.estrategiaconcursos.com.br\/blog\/concurso-pf-2025-escrivao-detalhes\/\" \/>\n<meta property=\"og:site_name\" content=\"Estrat\u00e9gia Concursos\" \/>\n<meta property=\"article:published_time\" content=\"2025-05-23T12:47:00+00:00\" \/>\n<meta property=\"og:image\" content=\"https:\/\/dhg1h5j42swfq.cloudfront.net\/2025\/05\/16014012\/escrivao-da-pf.jpg\" \/>\n\t<meta property=\"og:image:width\" content=\"768\" \/>\n\t<meta property=\"og:image:height\" content=\"432\" \/>\n\t<meta property=\"og:image:type\" content=\"image\/jpeg\" \/>\n<meta name=\"author\" content=\"Bruna de Andrade Fran\u00e7a\" \/>\n<meta name=\"twitter:card\" content=\"summary_large_image\" \/>\n<meta name=\"twitter:creator\" content=\"@EstratConcursos\" \/>\n<meta name=\"twitter:site\" content=\"@EstratConcursos\" \/>\n<meta name=\"twitter:label1\" content=\"Escrito por\" \/>\n\t<meta name=\"twitter:data1\" content=\"Bruna de Andrade Fran\u00e7a\" \/>\n\t<meta name=\"twitter:label2\" content=\"Est. tempo de leitura\" \/>\n\t<meta name=\"twitter:data2\" content=\"3 minutos\" \/>\n<script type=\"application\/ld+json\" class=\"yoast-schema-graph\">{\"@context\":\"https:\/\/schema.org\",\"@graph\":[{\"@type\":\"NewsArticle\",\"@id\":\"https:\/\/www.estrategiaconcursos.com.br\/blog\/concurso-pf-2025-escrivao-detalhes\/#article\",\"isPartOf\":{\"@id\":\"https:\/\/www.estrategiaconcursos.com.br\/blog\/concurso-pf-2025-escrivao-detalhes\/\"},\"author\":{\"name\":\"Bruna de Andrade Fran\u00e7a\",\"@id\":\"https:\/\/www.estrategiaconcursos.com.br\/blog\/#\/schema\/person\/6630f91134abc08115cca62ce6372855\"},\"headline\":\"Concurso PF 2025: s\u00e3o 160 vagas para Escriv\u00e3o. Veja detalhes!\",\"datePublished\":\"2025-05-23T12:47:00+00:00\",\"mainEntityOfPage\":{\"@id\":\"https:\/\/www.estrategiaconcursos.com.br\/blog\/concurso-pf-2025-escrivao-detalhes\/\"},\"wordCount\":703,\"commentCount\":0,\"publisher\":{\"@id\":\"https:\/\/www.estrategiaconcursos.com.br\/blog\/#organization\"},\"image\":{\"@id\":\"https:\/\/www.estrategiaconcursos.com.br\/blog\/concurso-pf-2025-escrivao-detalhes\/#primaryimage\"},\"thumbnailUrl\":\"https:\/\/dhg1h5j42swfq.cloudfront.net\/2025\/05\/16014012\/escrivao-da-pf.jpg\",\"articleSection\":[\"Policial (Agente, Escriv\u00e3o e Investigador)\",\"\u00daltimas not\u00edcias\"],\"inLanguage\":\"pt-BR\",\"potentialAction\":[{\"@type\":\"CommentAction\",\"name\":\"Comment\",\"target\":[\"https:\/\/www.estrategiaconcursos.com.br\/blog\/concurso-pf-2025-escrivao-detalhes\/#respond\"]}],\"copyrightYear\":\"2025\",\"copyrightHolder\":{\"@id\":\"https:\/\/www.estrategiaconcursos.com.br\/blog\/#organization\"}},{\"@type\":\"WebPage\",\"@id\":\"https:\/\/www.estrategiaconcursos.com.br\/blog\/concurso-pf-2025-escrivao-detalhes\/\",\"url\":\"https:\/\/www.estrategiaconcursos.com.br\/blog\/concurso-pf-2025-escrivao-detalhes\/\",\"name\":\"Concurso PF 2025: s\u00e3o 160 vagas para Escriv\u00e3o. Veja detalhes!\",\"isPartOf\":{\"@id\":\"https:\/\/www.estrategiaconcursos.com.br\/blog\/#website\"},\"primaryImageOfPage\":{\"@id\":\"https:\/\/www.estrategiaconcursos.com.br\/blog\/concurso-pf-2025-escrivao-detalhes\/#primaryimage\"},\"image\":{\"@id\":\"https:\/\/www.estrategiaconcursos.com.br\/blog\/concurso-pf-2025-escrivao-detalhes\/#primaryimage\"},\"thumbnailUrl\":\"https:\/\/dhg1h5j42swfq.cloudfront.net\/2025\/05\/16014012\/escrivao-da-pf.jpg\",\"datePublished\":\"2025-05-23T12:47:00+00:00\",\"description\":\"O cargo de Escriv\u00e3o de Pol\u00edcia Federal possui um excelente n\u00famero de vagas do concurso PF 2025. Saiba tudo sobre a carreira!\",\"breadcrumb\":{\"@id\":\"https:\/\/www.estrategiaconcursos.com.br\/blog\/concurso-pf-2025-escrivao-detalhes\/#breadcrumb\"},\"inLanguage\":\"pt-BR\",\"potentialAction\":[{\"@type\":\"ReadAction\",\"target\":[\"https:\/\/www.estrategiaconcursos.com.br\/blog\/concurso-pf-2025-escrivao-detalhes\/\"]}]},{\"@type\":\"ImageObject\",\"inLanguage\":\"pt-BR\",\"@id\":\"https:\/\/www.estrategiaconcursos.com.br\/blog\/concurso-pf-2025-escrivao-detalhes\/#primaryimage\",\"url\":\"https:\/\/dhg1h5j42swfq.cloudfront.net\/2025\/05\/16014012\/escrivao-da-pf.jpg\",\"contentUrl\":\"https:\/\/dhg1h5j42swfq.cloudfront.net\/2025\/05\/16014012\/escrivao-da-pf.jpg\",\"width\":768,\"height\":432,\"caption\":\"Escriva\u0303o da PF\"},{\"@type\":\"BreadcrumbList\",\"@id\":\"https:\/\/www.estrategiaconcursos.com.br\/blog\/concurso-pf-2025-escrivao-detalhes\/#breadcrumb\",\"itemListElement\":[{\"@type\":\"ListItem\",\"position\":1,\"name\":\"In\u00edcio\",\"item\":\"https:\/\/www.estrategiaconcursos.com.br\/blog\/\"},{\"@type\":\"ListItem\",\"position\":2,\"name\":\"Concurso PF 2025: s\u00e3o 160 vagas para Escriv\u00e3o. Veja detalhes!\"}]},{\"@type\":\"WebSite\",\"@id\":\"https:\/\/www.estrategiaconcursos.com.br\/blog\/#website\",\"url\":\"https:\/\/www.estrategiaconcursos.com.br\/blog\/\",\"name\":\"Estrat\u00e9gia Concursos\",\"description\":\"O blog da Estrat\u00e9gia Concursos traz not\u00edcias sobre concursos e artigos de professores oferecendo cursos para concursos (pdf + videaulas) no site.\",\"publisher\":{\"@id\":\"https:\/\/www.estrategiaconcursos.com.br\/blog\/#organization\"},\"potentialAction\":[{\"@type\":\"SearchAction\",\"target\":{\"@type\":\"EntryPoint\",\"urlTemplate\":\"https:\/\/www.estrategiaconcursos.com.br\/blog\/?s={search_term_string}\"},\"query-input\":{\"@type\":\"PropertyValueSpecification\",\"valueRequired\":true,\"valueName\":\"search_term_string\"}}],\"inLanguage\":\"pt-BR\"},{\"@type\":\"Organization\",\"@id\":\"https:\/\/www.estrategiaconcursos.com.br\/blog\/#organization\",\"name\":\"Estrat\u00e9gia Concursos\",\"url\":\"https:\/\/www.estrategiaconcursos.com.br\/blog\/\",\"logo\":{\"@type\":\"ImageObject\",\"inLanguage\":\"pt-BR\",\"@id\":\"https:\/\/www.estrategiaconcursos.com.br\/blog\/#\/schema\/logo\/image\/\",\"url\":\"https:\/\/dhg1h5j42swfq.cloudfront.net\/2025\/06\/03203428\/logo_concursos-1.jpg\",\"contentUrl\":\"https:\/\/dhg1h5j42swfq.cloudfront.net\/2025\/06\/03203428\/logo_concursos-1.jpg\",\"width\":230,\"height\":60,\"caption\":\"Estrat\u00e9gia Concursos\"},\"image\":{\"@id\":\"https:\/\/www.estrategiaconcursos.com.br\/blog\/#\/schema\/logo\/image\/\"},\"sameAs\":[\"https:\/\/x.com\/EstratConcursos\"]},{\"@type\":\"Person\",\"@id\":\"https:\/\/www.estrategiaconcursos.com.br\/blog\/#\/schema\/person\/6630f91134abc08115cca62ce6372855\",\"name\":\"Bruna de Andrade Fran\u00e7a\",\"image\":{\"@type\":\"ImageObject\",\"inLanguage\":\"pt-BR\",\"@id\":\"https:\/\/secure.gravatar.com\/avatar\/d6316d36d50cea0fadae28ed3015b8870cc90a2d3d8a95c37b44006af36a00e3?s=96&d=mm&r=g\",\"url\":\"https:\/\/secure.gravatar.com\/avatar\/d6316d36d50cea0fadae28ed3015b8870cc90a2d3d8a95c37b44006af36a00e3?s=96&d=mm&r=g\",\"contentUrl\":\"https:\/\/secure.gravatar.com\/avatar\/d6316d36d50cea0fadae28ed3015b8870cc90a2d3d8a95c37b44006af36a00e3?s=96&d=mm&r=g\",\"caption\":\"Bruna de Andrade Fran\u00e7a\"},\"description\":\"Bruna de Andrade Fran\u00e7a \u00e9 publicit\u00e1ria com p\u00f3s-gradua\u00e7\u00e3o em Marketing &amp; Growth, atuando h\u00e1 mais de 6 anos no universo dos concursos p\u00fablicos. Desde 2021, lidera no Blog do Estrat\u00e9gia Concursos a cobertura editorial especializada em Concursos Policiais (PF, PRF, PM, PC, etc.), al\u00e9m das frentes de concursos banc\u00e1rios, de sa\u00fade e da \u00e1rea legislativa. Especialista em reda\u00e7\u00e3o, com pr\u00e1ticas de SEO e Copywriting, possui tamb\u00e9m atua\u00e7\u00e3o pr\u00e1tica de contato direto com \u00f3rg\u00e3os p\u00fablicos respons\u00e1veis por editais, permitindo acesso antecipado a informa\u00e7\u00f5es, desdobramentos importantes e atualiza\u00e7\u00e3o eficiente dos concursos p\u00fablicos.\",\"url\":\"https:\/\/www.estrategiaconcursos.com.br\/blog\/author\/bruna-andrade\/\"}]}<\/script>\n<!-- \/ Yoast SEO Premium plugin. -->","yoast_head_json":{"title":"Concurso PF 2025: s\u00e3o 160 vagas para Escriv\u00e3o. Veja detalhes!","description":"O cargo de Escriv\u00e3o de Pol\u00edcia Federal possui um excelente n\u00famero de vagas do concurso PF 2025. Saiba tudo sobre a carreira!","robots":{"index":"index","follow":"follow","max-snippet":"max-snippet:-1","max-image-preview":"max-image-preview:large","max-video-preview":"max-video-preview:-1"},"canonical":"https:\/\/www.estrategiaconcursos.com.br\/blog\/concurso-pf-2025-escrivao-detalhes\/","og_locale":"pt_BR","og_type":"article","og_title":"Concurso PF 2025: s\u00e3o 160 vagas para Escriv\u00e3o. Veja detalhes!","og_description":"O cargo de Escriv\u00e3o de Pol\u00edcia Federal possui um excelente n\u00famero de vagas do concurso PF 2025. Saiba tudo sobre a carreira!","og_url":"https:\/\/www.estrategiaconcursos.com.br\/blog\/concurso-pf-2025-escrivao-detalhes\/","og_site_name":"Estrat\u00e9gia Concursos","article_published_time":"2025-05-23T12:47:00+00:00","og_image":[{"width":768,"height":432,"url":"https:\/\/dhg1h5j42swfq.cloudfront.net\/2025\/05\/16014012\/escrivao-da-pf.jpg","type":"image\/jpeg"}],"author":"Bruna de Andrade Fran\u00e7a","twitter_card":"summary_large_image","twitter_creator":"@EstratConcursos","twitter_site":"@EstratConcursos","twitter_misc":{"Escrito por":"Bruna de Andrade Fran\u00e7a","Est. tempo de leitura":"3 minutos"},"schema":{"@context":"https:\/\/schema.org","@graph":[{"@type":"NewsArticle","@id":"https:\/\/www.estrategiaconcursos.com.br\/blog\/concurso-pf-2025-escrivao-detalhes\/#article","isPartOf":{"@id":"https:\/\/www.estrategiaconcursos.com.br\/blog\/concurso-pf-2025-escrivao-detalhes\/"},"author":{"name":"Bruna de Andrade Fran\u00e7a","@id":"https:\/\/www.estrategiaconcursos.com.br\/blog\/#\/schema\/person\/6630f91134abc08115cca62ce6372855"},"headline":"Concurso PF 2025: s\u00e3o 160 vagas para Escriv\u00e3o. Veja detalhes!","datePublished":"2025-05-23T12:47:00+00:00","mainEntityOfPage":{"@id":"https:\/\/www.estrategiaconcursos.com.br\/blog\/concurso-pf-2025-escrivao-detalhes\/"},"wordCount":703,"commentCount":0,"publisher":{"@id":"https:\/\/www.estrategiaconcursos.com.br\/blog\/#organization"},"image":{"@id":"https:\/\/www.estrategiaconcursos.com.br\/blog\/concurso-pf-2025-escrivao-detalhes\/#primaryimage"},"thumbnailUrl":"https:\/\/dhg1h5j42swfq.cloudfront.net\/2025\/05\/16014012\/escrivao-da-pf.jpg","articleSection":["Policial (Agente, Escriv\u00e3o e Investigador)","\u00daltimas not\u00edcias"],"inLanguage":"pt-BR","potentialAction":[{"@type":"CommentAction","name":"Comment","target":["https:\/\/www.estrategiaconcursos.com.br\/blog\/concurso-pf-2025-escrivao-detalhes\/#respond"]}],"copyrightYear":"2025","copyrightHolder":{"@id":"https:\/\/www.estrategiaconcursos.com.br\/blog\/#organization"}},{"@type":"WebPage","@id":"https:\/\/www.estrategiaconcursos.com.br\/blog\/concurso-pf-2025-escrivao-detalhes\/","url":"https:\/\/www.estrategiaconcursos.com.br\/blog\/concurso-pf-2025-escrivao-detalhes\/","name":"Concurso PF 2025: s\u00e3o 160 vagas para Escriv\u00e3o. Veja detalhes!","isPartOf":{"@id":"https:\/\/www.estrategiaconcursos.com.br\/blog\/#website"},"primaryImageOfPage":{"@id":"https:\/\/www.estrategiaconcursos.com.br\/blog\/concurso-pf-2025-escrivao-detalhes\/#primaryimage"},"image":{"@id":"https:\/\/www.estrategiaconcursos.com.br\/blog\/concurso-pf-2025-escrivao-detalhes\/#primaryimage"},"thumbnailUrl":"https:\/\/dhg1h5j42swfq.cloudfront.net\/2025\/05\/16014012\/escrivao-da-pf.jpg","datePublished":"2025-05-23T12:47:00+00:00","description":"O cargo de Escriv\u00e3o de Pol\u00edcia Federal possui um excelente n\u00famero de vagas do concurso PF 2025. Saiba tudo sobre a carreira!","breadcrumb":{"@id":"https:\/\/www.estrategiaconcursos.com.br\/blog\/concurso-pf-2025-escrivao-detalhes\/#breadcrumb"},"inLanguage":"pt-BR","potentialAction":[{"@type":"ReadAction","target":["https:\/\/www.estrategiaconcursos.com.br\/blog\/concurso-pf-2025-escrivao-detalhes\/"]}]},{"@type":"ImageObject","inLanguage":"pt-BR","@id":"https:\/\/www.estrategiaconcursos.com.br\/blog\/concurso-pf-2025-escrivao-detalhes\/#primaryimage","url":"https:\/\/dhg1h5j42swfq.cloudfront.net\/2025\/05\/16014012\/escrivao-da-pf.jpg","contentUrl":"https:\/\/dhg1h5j42swfq.cloudfront.net\/2025\/05\/16014012\/escrivao-da-pf.jpg","width":768,"height":432,"caption":"Escriva\u0303o da PF"},{"@type":"BreadcrumbList","@id":"https:\/\/www.estrategiaconcursos.com.br\/blog\/concurso-pf-2025-escrivao-detalhes\/#breadcrumb","itemListElement":[{"@type":"ListItem","position":1,"name":"In\u00edcio","item":"https:\/\/www.estrategiaconcursos.com.br\/blog\/"},{"@type":"ListItem","position":2,"name":"Concurso PF 2025: s\u00e3o 160 vagas para Escriv\u00e3o. Veja detalhes!"}]},{"@type":"WebSite","@id":"https:\/\/www.estrategiaconcursos.com.br\/blog\/#website","url":"https:\/\/www.estrategiaconcursos.com.br\/blog\/","name":"Estrat\u00e9gia Concursos","description":"O blog da Estrat\u00e9gia Concursos traz not\u00edcias sobre concursos e artigos de professores oferecendo cursos para concursos (pdf + videaulas) no site.","publisher":{"@id":"https:\/\/www.estrategiaconcursos.com.br\/blog\/#organization"},"potentialAction":[{"@type":"SearchAction","target":{"@type":"EntryPoint","urlTemplate":"https:\/\/www.estrategiaconcursos.com.br\/blog\/?s={search_term_string}"},"query-input":{"@type":"PropertyValueSpecification","valueRequired":true,"valueName":"search_term_string"}}],"inLanguage":"pt-BR"},{"@type":"Organization","@id":"https:\/\/www.estrategiaconcursos.com.br\/blog\/#organization","name":"Estrat\u00e9gia Concursos","url":"https:\/\/www.estrategiaconcursos.com.br\/blog\/","logo":{"@type":"ImageObject","inLanguage":"pt-BR","@id":"https:\/\/www.estrategiaconcursos.com.br\/blog\/#\/schema\/logo\/image\/","url":"https:\/\/dhg1h5j42swfq.cloudfront.net\/2025\/06\/03203428\/logo_concursos-1.jpg","contentUrl":"https:\/\/dhg1h5j42swfq.cloudfront.net\/2025\/06\/03203428\/logo_concursos-1.jpg","width":230,"height":60,"caption":"Estrat\u00e9gia Concursos"},"image":{"@id":"https:\/\/www.estrategiaconcursos.com.br\/blog\/#\/schema\/logo\/image\/"},"sameAs":["https:\/\/x.com\/EstratConcursos"]},{"@type":"Person","@id":"https:\/\/www.estrategiaconcursos.com.br\/blog\/#\/schema\/person\/6630f91134abc08115cca62ce6372855","name":"Bruna de Andrade Fran\u00e7a","image":{"@type":"ImageObject","inLanguage":"pt-BR","@id":"https:\/\/secure.gravatar.com\/avatar\/d6316d36d50cea0fadae28ed3015b8870cc90a2d3d8a95c37b44006af36a00e3?s=96&d=mm&r=g","url":"https:\/\/secure.gravatar.com\/avatar\/d6316d36d50cea0fadae28ed3015b8870cc90a2d3d8a95c37b44006af36a00e3?s=96&d=mm&r=g","contentUrl":"https:\/\/secure.gravatar.com\/avatar\/d6316d36d50cea0fadae28ed3015b8870cc90a2d3d8a95c37b44006af36a00e3?s=96&d=mm&r=g","caption":"Bruna de Andrade Fran\u00e7a"},"description":"Bruna de Andrade Fran\u00e7a \u00e9 publicit\u00e1ria com p\u00f3s-gradua\u00e7\u00e3o em Marketing &amp; Growth, atuando h\u00e1 mais de 6 anos no universo dos concursos p\u00fablicos. Desde 2021, lidera no Blog do Estrat\u00e9gia Concursos a cobertura editorial especializada em Concursos Policiais (PF, PRF, PM, PC, etc.), al\u00e9m das frentes de concursos banc\u00e1rios, de sa\u00fade e da \u00e1rea legislativa. Especialista em reda\u00e7\u00e3o, com pr\u00e1ticas de SEO e Copywriting, possui tamb\u00e9m atua\u00e7\u00e3o pr\u00e1tica de contato direto com \u00f3rg\u00e3os p\u00fablicos respons\u00e1veis por editais, permitindo acesso antecipado a informa\u00e7\u00f5es, desdobramentos importantes e atualiza\u00e7\u00e3o eficiente dos concursos p\u00fablicos.","url":"https:\/\/www.estrategiaconcursos.com.br\/blog\/author\/bruna-andrade\/"}]}},"_links":{"self":[{"href":"https:\/\/www.estrategiaconcursos.com.br\/blog\/wp-json\/wp\/v2\/posts\/1579626","targetHints":{"allow":["GET"]}}],"collection":[{"href":"https:\/\/www.estrategiaconcursos.com.br\/blog\/wp-json\/wp\/v2\/posts"}],"about":[{"href":"https:\/\/www.estrategiaconcursos.com.br\/blog\/wp-json\/wp\/v2\/types\/post"}],"author":[{"embeddable":true,"href":"https:\/\/www.estrategiaconcursos.com.br\/blog\/wp-json\/wp\/v2\/users\/1206"}],"replies":[{"embeddable":true,"href":"https:\/\/www.estrategiaconcursos.com.br\/blog\/wp-json\/wp\/v2\/comments?post=1579626"}],"version-history":[{"count":3,"href":"https:\/\/www.estrategiaconcursos.com.br\/blog\/wp-json\/wp\/v2\/posts\/1579626\/revisions"}],"predecessor-version":[{"id":1579770,"href":"https:\/\/www.estrategiaconcursos.com.br\/blog\/wp-json\/wp\/v2\/posts\/1579626\/revisions\/1579770"}],"wp:featuredmedia":[{"embeddable":true,"href":"https:\/\/www.estrategiaconcursos.com.br\/blog\/wp-json\/wp\/v2\/media\/1576619"}],"wp:attachment":[{"href":"https:\/\/www.estrategiaconcursos.com.br\/blog\/wp-json\/wp\/v2\/media?parent=1579626"}],"wp:term":[{"taxonomy":"category","embeddable":true,"href":"https:\/\/www.estrategiaconcursos.com.br\/blog\/wp-json\/wp\/v2\/categories?post=1579626"},{"taxonomy":"post_tag","embeddable":true,"href":"https:\/\/www.estrategiaconcursos.com.br\/blog\/wp-json\/wp\/v2\/tags?post=1579626"},{"taxonomy":"tax_estado","embeddable":true,"href":"https:\/\/www.estrategiaconcursos.com.br\/blog\/wp-json\/wp\/v2\/tax_estado?post=1579626"}],"curies":[{"name":"wp","href":"https:\/\/api.w.org\/{rel}","templated":true}]}}