{"id":1574649,"date":"2025-12-12T15:30:00","date_gmt":"2025-12-12T18:30:00","guid":{"rendered":"https:\/\/www.estrategiaconcursos.com.br\/blog\/?p=1574649"},"modified":"2025-12-12T16:23:30","modified_gmt":"2025-12-12T19:23:30","slug":"concurso-sefaz-go-2026-cronograma","status":"publish","type":"post","link":"https:\/\/www.estrategiaconcursos.com.br\/blog\/concurso-sefaz-go-2026-cronograma\/","title":{"rendered":"Sefaz GO 2026: organize-se com o cronograma do concurso!"},"content":{"rendered":"\n<p>A <strong>Secretaria da Economia do Estado de Goi\u00e1s<\/strong> &#8211; <strong><a href=\"https:\/\/www.estrategiaconcursos.com.br\/curso\/sefaz-go-auditor-fiscal-pacote\/\" target=\"_blank\" rel=\"noreferrer noopener\">Sefaz GO<\/a><\/strong> republicou o seu edital de concurso p\u00fablico para o cargo de Auditor Fiscal da Receita Estadual, que se encontrava suspenso desde maio.<\/p>\n\n\n\n<p>Com o edital, tamb\u00e9m foi divulgado o novo <strong>cronograma <\/strong>do certame. Os candidatos interessados em participar devem ficar atentos \u00e0s datas para garantir uma melhor organiza\u00e7\u00e3o ao longo da prepara\u00e7\u00e3o.<\/p>\n\n\n\n<p>A primeira data que vale destacar \u00e9 o prazo de inscri\u00e7\u00e3o do concurso, que ter\u00e1 in\u00edcio em <strong>9 de fevereiro e seguir\u00e1 at\u00e9 12 de mar\u00e7o de 2026<\/strong>, pouco mais de um m\u00eas para que os candidatos possam se inscrever no site da <a href=\"https:\/\/www.concursosfcc.com.br\/concursos\/seego125\/index.html\" target=\"_blank\" rel=\"noreferrer noopener\">FCC<\/a>.<\/p>\n\n\n\n<p>Como parte do processo de inscri\u00e7\u00e3o, ser\u00e1 necess\u00e1rio o pagamento da DARE (Documento de Arrecada\u00e7\u00e3o de Receitas Estaduais) <strong>at\u00e9 o dia 13 de mar\u00e7o.<\/strong> O valor estabelecido \u00e9 de R$ 250,00.<\/p>\n\n\n\n<figure class=\"wp-block-image aligncenter size-full\"><img loading=\"lazy\" decoding=\"async\" width=\"209\" height=\"271\" src=\"https:\/\/dhg1h5j42swfq.cloudfront.net\/2025\/05\/12155548\/image-97.png\" alt=\"Sefaz GO: se organize com o cronograma do concurso\" class=\"wp-image-1574671\" srcset=\"https:\/\/dhg1h5j42swfq.cloudfront.net\/2025\/05\/12155548\/image-97.png 209w, https:\/\/dhg1h5j42swfq.cloudfront.net\/2025\/05\/12155548\/image-97-150x194.png 150w\" sizes=\"auto, (max-width: 209px) 100vw, 209px\" \/><\/figure>\n\n\n\n<p class=\"has-text-align-center\"><strong>ANOTE AS PRINCIPAIS DATAS DO CRONOGRAMA DO CONCURSO SEFAZ GO<\/strong><\/p>\n\n\n\n<figure class=\"wp-block-table is-style-stripes\"><table class=\"has-fixed-layout\"><thead><tr><th class=\"has-text-align-center\" data-align=\"center\"><strong>ETAPAS<\/strong><\/th><th class=\"has-text-align-center\" data-align=\"center\"><strong>DATAS<\/strong><\/th><\/tr><\/thead><tbody><tr><td class=\"has-text-align-center\" data-align=\"center\">Pedido de isen\u00e7\u00e3o da taxa de inscri\u00e7\u00e3o<\/td><td class=\"has-text-align-center\" data-align=\"center\">15\/01\/2026 a 19\/01\/2026<\/td><\/tr><tr><td class=\"has-text-align-center\" data-align=\"center\">Resultado dos pedidos de isen\u00e7\u00e3o<\/td><td class=\"has-text-align-center\" data-align=\"center\">27\/01\/2026<\/td><\/tr><tr><td class=\"has-text-align-center\" data-align=\"center\">Per\u00edodo de inscri\u00e7\u00f5es<\/td><td class=\"has-text-align-center\" data-align=\"center\">09\/02\/2026 a 12\/03\/2026<\/td><\/tr><tr><td class=\"has-text-align-center\" data-align=\"center\">\u00daltimo dia para pagamento da inscri\u00e7\u00e3o<\/td><td class=\"has-text-align-center\" data-align=\"center\">13\/03\/2026<\/td><\/tr><tr><td class=\"has-text-align-center\" data-align=\"center\">Divulga\u00e7\u00e3o das inscri\u00e7\u00f5es deferidas<\/td><td class=\"has-text-align-center\" data-align=\"center\">27\/03\/2026<\/td><\/tr><tr><td class=\"has-text-align-center\" data-align=\"center\">Provas Objetivas \u2013 <br \/>B\u00e1sicos (manh\u00e3) e Espec\u00edficos (tarde)<\/td><td class=\"has-text-align-center\" data-align=\"center\">17\/05\/2026<\/td><\/tr><tr><td class=\"has-text-align-center\" data-align=\"center\">Gabarito das Provas Objetivas<\/td><td class=\"has-text-align-center\" data-align=\"center\">18\/05\/2026<\/td><\/tr><tr><td class=\"has-text-align-center\" data-align=\"center\">Resultado Preliminar das Provas Objetivas<\/td><td class=\"has-text-align-center\" data-align=\"center\">09\/06\/2026<\/td><\/tr><tr><td class=\"has-text-align-center\" data-align=\"center\">Resultado Definitivo das Provas Objetivas<\/td><td class=\"has-text-align-center\" data-align=\"center\">26\/06\/2026<\/td><\/tr><tr><td class=\"has-text-align-center\" data-align=\"center\">Convoca\u00e7\u00e3o para Apresenta\u00e7\u00e3o de T\u00edtulos<\/td><td class=\"has-text-align-center\" data-align=\"center\">11\/08\/2026<\/td><\/tr><tr><td class=\"has-text-align-center\" data-align=\"center\">Envio dos T\u00edtulos<\/td><td class=\"has-text-align-center\" data-align=\"center\">14\/08\/2026 a 17\/08\/2026<\/td><\/tr><tr><td class=\"has-text-align-center\" data-align=\"center\">Resultado Preliminar da Avalia\u00e7\u00e3o de T\u00edtulos<\/td><td class=\"has-text-align-center\" data-align=\"center\">22\/09\/2026<\/td><\/tr><tr><td class=\"has-text-align-center\" data-align=\"center\">Resultado Final do Concurso<\/td><td class=\"has-text-align-center\" data-align=\"center\">14\/10\/2026<\/td><\/tr><\/tbody><\/table><figcaption class=\"wp-element-caption\">Cronograma com as principais datas do concurso Sefaz GO 2026<\/figcaption><\/figure>\n\n\n\n<h2 class=\"wp-block-heading\" id=\"h-concurso-sefaz-go-que-voce-precisa-fazer-agora\">Concurso Sefaz GO &#8211; que voc\u00ea precisa fazer agora:<\/h2>\n\n\n\n<blockquote class=\"wp-block-quote is-layout-flow wp-block-quote-is-layout-flow\">\n<p>Ap\u00f3s se organizar com as datas do cronograma do concurso Sefaz GO, \u00e9 necess\u00e1rio definir alguns pontos importantes para dar o pontap\u00e9 inicial nos estudos.<\/p>\n<\/blockquote>\n\n\n\n<ul class=\"wp-block-list\">\n<li>Ap\u00f3s marcar as datas do cronograma, adquira o seu curso o quanto antes;<\/li>\n\n\n\n<li>Organize seu plano de estudos com base no edital;<\/li>\n\n\n\n<li>Evite deixar para a \u00faltima hora, especialmente a inscri\u00e7\u00e3o e o pagamento da taxa!<\/li>\n<\/ul>\n\n\n\n<div class=\"container\" id=\"boxes\">\n  <div class=\"row\">\n\n    <div class=\"col-sm\">\n      <div class=\"banner-sefaz-ec\" id=\"box-assinatura\">\n        <h2 class=\"titulo-assinatura\">Concurso Sefaz GO<\/h2>\n        <p class=\"subtitulo-assinatura\">Cursos preparat\u00f3rios completos para a carreira! \u270d<\/p>\n        <div class=\"box-botao\">\n          <a class=\"btn-assinatura\" target=\"_blank\" href=\"https:\/\/www.estrategiaconcursos.com.br\/cursosPorConcurso\/sefaz-go\/\" role=\"button\" rel=\"noopener noreferrer\">VER CURSOS<\/a>\n        <\/div>\n      <\/div>\n     \n    <\/div>\n\n  <\/div>\n<\/div>\n\n\n\n<h2 class=\"wp-block-heading\" id=\"h-lembrete-o-que-eu-preciso-para-participar-do-concurso-sefaz-go\">Lembrete: o que eu preciso para participar do concurso Sefaz GO?<\/h2>\n\n\n\n<p>Os candidatos interessados no concurso devem possuir diploma ou certificado de conclus\u00e3o (com hist\u00f3rico escolar) de <strong>Curso Superior em qualquer \u00e1rea de forma\u00e7\u00e3o<\/strong>, devidamente registrado pelo <strong>Minist\u00e9rio da Educa\u00e7\u00e3o (MEC)<\/strong>.<\/p>\n\n\n\n<p><strong>Outros requisitos exigidos na posse:<\/strong><\/p>\n\n\n\n<ul class=\"wp-block-list\">\n<li>Ser <strong>brasileiro nato ou naturalizado<\/strong>, ou, se portugu\u00eas, estar amparado pelo <strong>estatuto de igualdade<\/strong> com reconhecimento de gozo dos direitos pol\u00edticos.<\/li>\n\n\n\n<li>Ter <strong>idade m\u00ednima de 18 anos<\/strong>.<\/li>\n\n\n\n<li>Estar <strong>em dia com as obriga\u00e7\u00f5es eleitorais<\/strong>.<\/li>\n\n\n\n<li>Estar <strong>em dia com o servi\u00e7o militar<\/strong>, se for do sexo masculino.<\/li>\n\n\n\n<li>Gozar de <strong>plenos direitos pol\u00edticos<\/strong>.<\/li>\n\n\n\n<li>Apresentar <strong>certid\u00f5es negativas de antecedentes criminais<\/strong> das Justi\u00e7as Federal, Eleitoral, Militar (estadual e federal) e Estadual.<\/li>\n\n\n\n<li>Ter <strong>aptid\u00e3o f\u00edsica e mental<\/strong> para o exerc\u00edcio do cargo.<\/li>\n\n\n\n<li>Apresentar todos os documentos comprobat\u00f3rios exigidos no edital.<\/li>\n<\/ul>\n\n\n\n<p class=\"has-text-align-center\"><em>Para saber outros detalhes do concurso Sefaz GO, al\u00e9m do cronograma e requisitos para participar, acesse agora mesmo o artigo completo que preparamos para voc\u00ea:<\/em><\/p>\n\n\n\n<p class=\"has-text-align-center has-background\" style=\"background-color:#f1f5fa;font-size:clamp(14.642px, 0.915rem + ((1vw - 3.2px) * 0.721), 22px);\"><strong>SAIBA TUDO SOBRE O\u00a0<\/strong><a href=\"https:\/\/www.estrategiaconcursos.com.br\/blog\/concurso-sefaz-go\/\" target=\"_blank\" rel=\"noreferrer noopener\"><strong>CONCURSO SEFAZ GO<\/strong><\/a><\/p>\n\n\n\n<hr class=\"wp-block-separator has-alpha-channel-opacity\"\/>\n\n\n\n<h2 class=\"wp-block-heading has-text-align-center\" id=\"assinatura-cursos\"><em>Quer estudar para o concurso Sefaz GO 2026?<\/em><\/h2>\n\n\n\n<div class=\"container\" id=\"boxes\">\r\n  <div class=\"row\">\r\n\r\n    <div class=\"col-sm\">\r\n      <div class=\"estrategia\" id=\"box-assinatura\">\r\n        <h3 class=\"titulo-assinatura\">Assinatura Concursos<\/h3>\r\n        <p class=\"subtitulo-assinatura\">Assinatura de 1 ano ou 2 anos<\/p>\r\n        <div class=\"box-botao\">\r\n          <a class=\"btn-assinatura\" target=\"_blank\" href=\"https:\/\/www.estrategiaconcursos.com.br\/assinaturas\/\" role=\"button\" rel=\"noopener noreferrer\">ASSINE AGORA<\/a>\r\n        <\/div>\r\n      <\/div><\/div><\/div><\/div>\n\n\n\n<h2 class=\"wp-block-heading has-text-align-center\" id=\"h-quer-saber-tudo-sobre-concursos-previstos-confira-nossos-artigos\">Quer saber tudo sobre concursos previstos?<br \/>Confira nossos artigos!<\/h2>\n\n\n\n<ul class=\"wp-block-list\">\n<li><a href=\"https:\/\/www.estrategiaconcursos.com.br\/blog\/concursos-abertos\/\" target=\"_blank\" rel=\"noreferrer noopener\">Concursos Abertos<\/a><\/li>\n\n\n\n<li><a href=\"https:\/\/www.estrategiaconcursos.com.br\/blog\/concursos-fiscais\/\" target=\"_blank\" rel=\"noreferrer noopener\">Concursos Fiscais<\/a><\/li>\n\n\n\n<li><a href=\"https:\/\/www.estrategiaconcursos.com.br\/blog\/concursos-2026\/\" target=\"_blank\" rel=\"noreferrer noopener\">Concursos 2026<\/a><\/li>\n<\/ul>\n","protected":false},"excerpt":{"rendered":"<p>A Secretaria da Economia do Estado de Goi\u00e1s &#8211; Sefaz GO republicou o seu edital de concurso p\u00fablico para o cargo de Auditor Fiscal da Receita Estadual, que se encontrava suspenso desde maio. Com o edital, tamb\u00e9m foi divulgado o novo cronograma do certame. Os candidatos interessados em participar devem ficar atentos \u00e0s datas para [&hellip;]<\/p>\n","protected":false},"author":656,"featured_media":889338,"comment_status":"open","ping_status":"closed","sticky":false,"template":"","format":"standard","meta":{"post_tipo":"news","footnotes":""},"categories":[1983,220219],"tags":[],"tax_estado":[219972],"class_list":["post-1574649","post","type-post","status-publish","format-standard","has-post-thumbnail","hentry","category-fiscal-estadual","category-noticias","tax_estado-go"],"acf":[],"yoast_head":"<!-- This site is optimized with the Yoast SEO Premium plugin v27.2 (Yoast SEO v27.2) - https:\/\/yoast.com\/product\/yoast-seo-premium-wordpress\/ -->\n<title>Sefaz GO 2026: organize-se com o cronograma do concurso!<\/title>\n<meta name=\"description\" content=\"Cronograma Concurso Sefaz GO: se organize com as principais datas e n\u00e3o perca nenhum prazo importante. Inscri\u00e7\u00f5es em junho!\" \/>\n<meta name=\"robots\" content=\"index, follow, max-snippet:-1, max-image-preview:large, max-video-preview:-1\" \/>\n<link rel=\"canonical\" href=\"https:\/\/www.estrategiaconcursos.com.br\/blog\/concurso-sefaz-go-2026-cronograma\/\" \/>\n<meta property=\"og:locale\" content=\"pt_BR\" \/>\n<meta property=\"og:type\" content=\"article\" \/>\n<meta property=\"og:title\" content=\"Sefaz GO 2026: organize-se com o cronograma do concurso!\" \/>\n<meta property=\"og:description\" content=\"Cronograma Concurso Sefaz GO: se organize com as principais datas e n\u00e3o perca nenhum prazo importante. Inscri\u00e7\u00f5es em junho!\" \/>\n<meta property=\"og:url\" content=\"https:\/\/www.estrategiaconcursos.com.br\/blog\/concurso-sefaz-go-2026-cronograma\/\" \/>\n<meta property=\"og:site_name\" content=\"Estrat\u00e9gia Concursos\" \/>\n<meta property=\"article:published_time\" content=\"2025-12-12T18:30:00+00:00\" \/>\n<meta property=\"article:modified_time\" content=\"2025-12-12T19:23:30+00:00\" \/>\n<meta property=\"og:image\" content=\"https:\/\/dhg1h5j42swfq.cloudfront.net\/2021\/10\/20144211\/sefaz-go.jpg\" \/>\n\t<meta property=\"og:image:width\" content=\"768\" \/>\n\t<meta property=\"og:image:height\" content=\"432\" \/>\n\t<meta property=\"og:image:type\" content=\"image\/jpeg\" \/>\n<meta name=\"author\" content=\"F\u00e1bio Scaldelai\" \/>\n<meta name=\"twitter:card\" content=\"summary_large_image\" \/>\n<meta name=\"twitter:creator\" content=\"@EstratConcursos\" \/>\n<meta name=\"twitter:site\" content=\"@EstratConcursos\" \/>\n<meta name=\"twitter:label1\" content=\"Escrito por\" \/>\n\t<meta name=\"twitter:data1\" content=\"F\u00e1bio Scaldelai\" \/>\n\t<meta name=\"twitter:label2\" content=\"Est. tempo de leitura\" \/>\n\t<meta name=\"twitter:data2\" content=\"3 minutos\" \/>\n<script type=\"application\/ld+json\" class=\"yoast-schema-graph\">{\"@context\":\"https:\/\/schema.org\",\"@graph\":[{\"@type\":\"NewsArticle\",\"@id\":\"https:\/\/www.estrategiaconcursos.com.br\/blog\/concurso-sefaz-go-2026-cronograma\/#article\",\"isPartOf\":{\"@id\":\"https:\/\/www.estrategiaconcursos.com.br\/blog\/concurso-sefaz-go-2026-cronograma\/\"},\"author\":{\"name\":\"F\u00e1bio Scaldelai\",\"@id\":\"https:\/\/www.estrategiaconcursos.com.br\/blog\/#\/schema\/person\/e3b6b7ce0192dd4ad270655969d61750\"},\"headline\":\"Sefaz GO 2026: organize-se com o cronograma do concurso!\",\"datePublished\":\"2025-12-12T18:30:00+00:00\",\"dateModified\":\"2025-12-12T19:23:30+00:00\",\"mainEntityOfPage\":{\"@id\":\"https:\/\/www.estrategiaconcursos.com.br\/blog\/concurso-sefaz-go-2026-cronograma\/\"},\"wordCount\":551,\"commentCount\":0,\"publisher\":{\"@id\":\"https:\/\/www.estrategiaconcursos.com.br\/blog\/#organization\"},\"image\":{\"@id\":\"https:\/\/www.estrategiaconcursos.com.br\/blog\/concurso-sefaz-go-2026-cronograma\/#primaryimage\"},\"thumbnailUrl\":\"https:\/\/dhg1h5j42swfq.cloudfront.net\/2021\/10\/20144211\/sefaz-go.jpg\",\"articleSection\":[\"Fiscal - Estadual (ICMS)\",\"\u00daltimas not\u00edcias\"],\"inLanguage\":\"pt-BR\",\"potentialAction\":[{\"@type\":\"CommentAction\",\"name\":\"Comment\",\"target\":[\"https:\/\/www.estrategiaconcursos.com.br\/blog\/concurso-sefaz-go-2026-cronograma\/#respond\"]}],\"copyrightYear\":\"2025\",\"copyrightHolder\":{\"@id\":\"https:\/\/www.estrategiaconcursos.com.br\/blog\/#organization\"}},{\"@type\":\"WebPage\",\"@id\":\"https:\/\/www.estrategiaconcursos.com.br\/blog\/concurso-sefaz-go-2026-cronograma\/\",\"url\":\"https:\/\/www.estrategiaconcursos.com.br\/blog\/concurso-sefaz-go-2026-cronograma\/\",\"name\":\"Sefaz GO 2026: organize-se com o cronograma do concurso!\",\"isPartOf\":{\"@id\":\"https:\/\/www.estrategiaconcursos.com.br\/blog\/#website\"},\"primaryImageOfPage\":{\"@id\":\"https:\/\/www.estrategiaconcursos.com.br\/blog\/concurso-sefaz-go-2026-cronograma\/#primaryimage\"},\"image\":{\"@id\":\"https:\/\/www.estrategiaconcursos.com.br\/blog\/concurso-sefaz-go-2026-cronograma\/#primaryimage\"},\"thumbnailUrl\":\"https:\/\/dhg1h5j42swfq.cloudfront.net\/2021\/10\/20144211\/sefaz-go.jpg\",\"datePublished\":\"2025-12-12T18:30:00+00:00\",\"dateModified\":\"2025-12-12T19:23:30+00:00\",\"description\":\"Cronograma Concurso Sefaz GO: se organize com as principais datas e n\u00e3o perca nenhum prazo importante. Inscri\u00e7\u00f5es em junho!\",\"breadcrumb\":{\"@id\":\"https:\/\/www.estrategiaconcursos.com.br\/blog\/concurso-sefaz-go-2026-cronograma\/#breadcrumb\"},\"inLanguage\":\"pt-BR\",\"potentialAction\":[{\"@type\":\"ReadAction\",\"target\":[\"https:\/\/www.estrategiaconcursos.com.br\/blog\/concurso-sefaz-go-2026-cronograma\/\"]}]},{\"@type\":\"ImageObject\",\"inLanguage\":\"pt-BR\",\"@id\":\"https:\/\/www.estrategiaconcursos.com.br\/blog\/concurso-sefaz-go-2026-cronograma\/#primaryimage\",\"url\":\"https:\/\/dhg1h5j42swfq.cloudfront.net\/2021\/10\/20144211\/sefaz-go.jpg\",\"contentUrl\":\"https:\/\/dhg1h5j42swfq.cloudfront.net\/2021\/10\/20144211\/sefaz-go.jpg\",\"width\":768,\"height\":432,\"caption\":\"Sefaz GO: se organize com o cronograma do concurso\"},{\"@type\":\"BreadcrumbList\",\"@id\":\"https:\/\/www.estrategiaconcursos.com.br\/blog\/concurso-sefaz-go-2026-cronograma\/#breadcrumb\",\"itemListElement\":[{\"@type\":\"ListItem\",\"position\":1,\"name\":\"In\u00edcio\",\"item\":\"https:\/\/www.estrategiaconcursos.com.br\/blog\/\"},{\"@type\":\"ListItem\",\"position\":2,\"name\":\"Sefaz GO 2026: organize-se com o cronograma do concurso!\"}]},{\"@type\":\"WebSite\",\"@id\":\"https:\/\/www.estrategiaconcursos.com.br\/blog\/#website\",\"url\":\"https:\/\/www.estrategiaconcursos.com.br\/blog\/\",\"name\":\"Estrat\u00e9gia Concursos\",\"description\":\"O blog da Estrat\u00e9gia Concursos traz not\u00edcias sobre concursos e artigos de professores oferecendo cursos para concursos (pdf + videaulas) no site.\",\"publisher\":{\"@id\":\"https:\/\/www.estrategiaconcursos.com.br\/blog\/#organization\"},\"potentialAction\":[{\"@type\":\"SearchAction\",\"target\":{\"@type\":\"EntryPoint\",\"urlTemplate\":\"https:\/\/www.estrategiaconcursos.com.br\/blog\/?s={search_term_string}\"},\"query-input\":{\"@type\":\"PropertyValueSpecification\",\"valueRequired\":true,\"valueName\":\"search_term_string\"}}],\"inLanguage\":\"pt-BR\"},{\"@type\":\"Organization\",\"@id\":\"https:\/\/www.estrategiaconcursos.com.br\/blog\/#organization\",\"name\":\"Estrat\u00e9gia Concursos\",\"url\":\"https:\/\/www.estrategiaconcursos.com.br\/blog\/\",\"logo\":{\"@type\":\"ImageObject\",\"inLanguage\":\"pt-BR\",\"@id\":\"https:\/\/www.estrategiaconcursos.com.br\/blog\/#\/schema\/logo\/image\/\",\"url\":\"https:\/\/dhg1h5j42swfq.cloudfront.net\/2025\/06\/03203428\/logo_concursos-1.jpg\",\"contentUrl\":\"https:\/\/dhg1h5j42swfq.cloudfront.net\/2025\/06\/03203428\/logo_concursos-1.jpg\",\"width\":230,\"height\":60,\"caption\":\"Estrat\u00e9gia Concursos\"},\"image\":{\"@id\":\"https:\/\/www.estrategiaconcursos.com.br\/blog\/#\/schema\/logo\/image\/\"},\"sameAs\":[\"https:\/\/x.com\/EstratConcursos\"]},{\"@type\":\"Person\",\"@id\":\"https:\/\/www.estrategiaconcursos.com.br\/blog\/#\/schema\/person\/e3b6b7ce0192dd4ad270655969d61750\",\"name\":\"F\u00e1bio Scaldelai\",\"image\":{\"@type\":\"ImageObject\",\"inLanguage\":\"pt-BR\",\"@id\":\"https:\/\/secure.gravatar.com\/avatar\/8ed7492c4d88d8495bc0cb24cda6847b8ae23eec459a919e08e77d0ca0fd79ec?s=96&d=mm&r=g\",\"url\":\"https:\/\/secure.gravatar.com\/avatar\/8ed7492c4d88d8495bc0cb24cda6847b8ae23eec459a919e08e77d0ca0fd79ec?s=96&d=mm&r=g\",\"contentUrl\":\"https:\/\/secure.gravatar.com\/avatar\/8ed7492c4d88d8495bc0cb24cda6847b8ae23eec459a919e08e77d0ca0fd79ec?s=96&d=mm&r=g\",\"caption\":\"F\u00e1bio Scaldelai\"},\"description\":\"Jornalista no Estrat\u00e9gia Concursos e Produtor de Televis\u00e3o, formado em Jornalismo, R\u00e1dio e TV pela Faculdade Integrada Rio Branco, com especializa\u00e7\u00f5es em Gest\u00e3o Empresarial e Marketing pelo M\u00f3dulo. Atuou como produtor no SBT, TV Bandeirantes e R\u00e1dio Band FM, al\u00e9m de acumular tr\u00eas anos de experi\u00eancia no setor de concursos p\u00fablicos pela LFG (Luiz Fl\u00e1vio Gomes). No Estrat\u00e9gia Concursos, atua na apura\u00e7\u00e3o de not\u00edcias da \u00e1rea fiscal, al\u00e9m de coberturas sobre concursos das \u00e1reas de controle (TCU, TCE, etc), concurso AFT, \u00e1rea de gest\u00e3o e administrativa, bem como dos \u00f3rg\u00e3os participantes do CNU. Tamb\u00e9m possui experi\u00eancia em link building e an\u00e1lise de m\u00eddia, adquirida durante sua atua\u00e7\u00e3o na ag\u00eancia SEO Marketing.\",\"url\":\"https:\/\/www.estrategiaconcursos.com.br\/blog\/author\/fabio-scaldelaiestrategiaconcursos-com-br\/\"}]}<\/script>\n<!-- \/ Yoast SEO Premium plugin. -->","yoast_head_json":{"title":"Sefaz GO 2026: organize-se com o cronograma do concurso!","description":"Cronograma Concurso Sefaz GO: se organize com as principais datas e n\u00e3o perca nenhum prazo importante. Inscri\u00e7\u00f5es em junho!","robots":{"index":"index","follow":"follow","max-snippet":"max-snippet:-1","max-image-preview":"max-image-preview:large","max-video-preview":"max-video-preview:-1"},"canonical":"https:\/\/www.estrategiaconcursos.com.br\/blog\/concurso-sefaz-go-2026-cronograma\/","og_locale":"pt_BR","og_type":"article","og_title":"Sefaz GO 2026: organize-se com o cronograma do concurso!","og_description":"Cronograma Concurso Sefaz GO: se organize com as principais datas e n\u00e3o perca nenhum prazo importante. Inscri\u00e7\u00f5es em junho!","og_url":"https:\/\/www.estrategiaconcursos.com.br\/blog\/concurso-sefaz-go-2026-cronograma\/","og_site_name":"Estrat\u00e9gia Concursos","article_published_time":"2025-12-12T18:30:00+00:00","article_modified_time":"2025-12-12T19:23:30+00:00","og_image":[{"width":768,"height":432,"url":"https:\/\/dhg1h5j42swfq.cloudfront.net\/2021\/10\/20144211\/sefaz-go.jpg","type":"image\/jpeg"}],"author":"F\u00e1bio Scaldelai","twitter_card":"summary_large_image","twitter_creator":"@EstratConcursos","twitter_site":"@EstratConcursos","twitter_misc":{"Escrito por":"F\u00e1bio Scaldelai","Est. tempo de leitura":"3 minutos"},"schema":{"@context":"https:\/\/schema.org","@graph":[{"@type":"NewsArticle","@id":"https:\/\/www.estrategiaconcursos.com.br\/blog\/concurso-sefaz-go-2026-cronograma\/#article","isPartOf":{"@id":"https:\/\/www.estrategiaconcursos.com.br\/blog\/concurso-sefaz-go-2026-cronograma\/"},"author":{"name":"F\u00e1bio Scaldelai","@id":"https:\/\/www.estrategiaconcursos.com.br\/blog\/#\/schema\/person\/e3b6b7ce0192dd4ad270655969d61750"},"headline":"Sefaz GO 2026: organize-se com o cronograma do concurso!","datePublished":"2025-12-12T18:30:00+00:00","dateModified":"2025-12-12T19:23:30+00:00","mainEntityOfPage":{"@id":"https:\/\/www.estrategiaconcursos.com.br\/blog\/concurso-sefaz-go-2026-cronograma\/"},"wordCount":551,"commentCount":0,"publisher":{"@id":"https:\/\/www.estrategiaconcursos.com.br\/blog\/#organization"},"image":{"@id":"https:\/\/www.estrategiaconcursos.com.br\/blog\/concurso-sefaz-go-2026-cronograma\/#primaryimage"},"thumbnailUrl":"https:\/\/dhg1h5j42swfq.cloudfront.net\/2021\/10\/20144211\/sefaz-go.jpg","articleSection":["Fiscal - Estadual (ICMS)","\u00daltimas not\u00edcias"],"inLanguage":"pt-BR","potentialAction":[{"@type":"CommentAction","name":"Comment","target":["https:\/\/www.estrategiaconcursos.com.br\/blog\/concurso-sefaz-go-2026-cronograma\/#respond"]}],"copyrightYear":"2025","copyrightHolder":{"@id":"https:\/\/www.estrategiaconcursos.com.br\/blog\/#organization"}},{"@type":"WebPage","@id":"https:\/\/www.estrategiaconcursos.com.br\/blog\/concurso-sefaz-go-2026-cronograma\/","url":"https:\/\/www.estrategiaconcursos.com.br\/blog\/concurso-sefaz-go-2026-cronograma\/","name":"Sefaz GO 2026: organize-se com o cronograma do concurso!","isPartOf":{"@id":"https:\/\/www.estrategiaconcursos.com.br\/blog\/#website"},"primaryImageOfPage":{"@id":"https:\/\/www.estrategiaconcursos.com.br\/blog\/concurso-sefaz-go-2026-cronograma\/#primaryimage"},"image":{"@id":"https:\/\/www.estrategiaconcursos.com.br\/blog\/concurso-sefaz-go-2026-cronograma\/#primaryimage"},"thumbnailUrl":"https:\/\/dhg1h5j42swfq.cloudfront.net\/2021\/10\/20144211\/sefaz-go.jpg","datePublished":"2025-12-12T18:30:00+00:00","dateModified":"2025-12-12T19:23:30+00:00","description":"Cronograma Concurso Sefaz GO: se organize com as principais datas e n\u00e3o perca nenhum prazo importante. Inscri\u00e7\u00f5es em junho!","breadcrumb":{"@id":"https:\/\/www.estrategiaconcursos.com.br\/blog\/concurso-sefaz-go-2026-cronograma\/#breadcrumb"},"inLanguage":"pt-BR","potentialAction":[{"@type":"ReadAction","target":["https:\/\/www.estrategiaconcursos.com.br\/blog\/concurso-sefaz-go-2026-cronograma\/"]}]},{"@type":"ImageObject","inLanguage":"pt-BR","@id":"https:\/\/www.estrategiaconcursos.com.br\/blog\/concurso-sefaz-go-2026-cronograma\/#primaryimage","url":"https:\/\/dhg1h5j42swfq.cloudfront.net\/2021\/10\/20144211\/sefaz-go.jpg","contentUrl":"https:\/\/dhg1h5j42swfq.cloudfront.net\/2021\/10\/20144211\/sefaz-go.jpg","width":768,"height":432,"caption":"Sefaz GO: se organize com o cronograma do concurso"},{"@type":"BreadcrumbList","@id":"https:\/\/www.estrategiaconcursos.com.br\/blog\/concurso-sefaz-go-2026-cronograma\/#breadcrumb","itemListElement":[{"@type":"ListItem","position":1,"name":"In\u00edcio","item":"https:\/\/www.estrategiaconcursos.com.br\/blog\/"},{"@type":"ListItem","position":2,"name":"Sefaz GO 2026: organize-se com o cronograma do concurso!"}]},{"@type":"WebSite","@id":"https:\/\/www.estrategiaconcursos.com.br\/blog\/#website","url":"https:\/\/www.estrategiaconcursos.com.br\/blog\/","name":"Estrat\u00e9gia Concursos","description":"O blog da Estrat\u00e9gia Concursos traz not\u00edcias sobre concursos e artigos de professores oferecendo cursos para concursos (pdf + videaulas) no site.","publisher":{"@id":"https:\/\/www.estrategiaconcursos.com.br\/blog\/#organization"},"potentialAction":[{"@type":"SearchAction","target":{"@type":"EntryPoint","urlTemplate":"https:\/\/www.estrategiaconcursos.com.br\/blog\/?s={search_term_string}"},"query-input":{"@type":"PropertyValueSpecification","valueRequired":true,"valueName":"search_term_string"}}],"inLanguage":"pt-BR"},{"@type":"Organization","@id":"https:\/\/www.estrategiaconcursos.com.br\/blog\/#organization","name":"Estrat\u00e9gia Concursos","url":"https:\/\/www.estrategiaconcursos.com.br\/blog\/","logo":{"@type":"ImageObject","inLanguage":"pt-BR","@id":"https:\/\/www.estrategiaconcursos.com.br\/blog\/#\/schema\/logo\/image\/","url":"https:\/\/dhg1h5j42swfq.cloudfront.net\/2025\/06\/03203428\/logo_concursos-1.jpg","contentUrl":"https:\/\/dhg1h5j42swfq.cloudfront.net\/2025\/06\/03203428\/logo_concursos-1.jpg","width":230,"height":60,"caption":"Estrat\u00e9gia Concursos"},"image":{"@id":"https:\/\/www.estrategiaconcursos.com.br\/blog\/#\/schema\/logo\/image\/"},"sameAs":["https:\/\/x.com\/EstratConcursos"]},{"@type":"Person","@id":"https:\/\/www.estrategiaconcursos.com.br\/blog\/#\/schema\/person\/e3b6b7ce0192dd4ad270655969d61750","name":"F\u00e1bio Scaldelai","image":{"@type":"ImageObject","inLanguage":"pt-BR","@id":"https:\/\/secure.gravatar.com\/avatar\/8ed7492c4d88d8495bc0cb24cda6847b8ae23eec459a919e08e77d0ca0fd79ec?s=96&d=mm&r=g","url":"https:\/\/secure.gravatar.com\/avatar\/8ed7492c4d88d8495bc0cb24cda6847b8ae23eec459a919e08e77d0ca0fd79ec?s=96&d=mm&r=g","contentUrl":"https:\/\/secure.gravatar.com\/avatar\/8ed7492c4d88d8495bc0cb24cda6847b8ae23eec459a919e08e77d0ca0fd79ec?s=96&d=mm&r=g","caption":"F\u00e1bio Scaldelai"},"description":"Jornalista no Estrat\u00e9gia Concursos e Produtor de Televis\u00e3o, formado em Jornalismo, R\u00e1dio e TV pela Faculdade Integrada Rio Branco, com especializa\u00e7\u00f5es em Gest\u00e3o Empresarial e Marketing pelo M\u00f3dulo. Atuou como produtor no SBT, TV Bandeirantes e R\u00e1dio Band FM, al\u00e9m de acumular tr\u00eas anos de experi\u00eancia no setor de concursos p\u00fablicos pela LFG (Luiz Fl\u00e1vio Gomes). No Estrat\u00e9gia Concursos, atua na apura\u00e7\u00e3o de not\u00edcias da \u00e1rea fiscal, al\u00e9m de coberturas sobre concursos das \u00e1reas de controle (TCU, TCE, etc), concurso AFT, \u00e1rea de gest\u00e3o e administrativa, bem como dos \u00f3rg\u00e3os participantes do CNU. Tamb\u00e9m possui experi\u00eancia em link building e an\u00e1lise de m\u00eddia, adquirida durante sua atua\u00e7\u00e3o na ag\u00eancia SEO Marketing.","url":"https:\/\/www.estrategiaconcursos.com.br\/blog\/author\/fabio-scaldelaiestrategiaconcursos-com-br\/"}]}},"_links":{"self":[{"href":"https:\/\/www.estrategiaconcursos.com.br\/blog\/wp-json\/wp\/v2\/posts\/1574649","targetHints":{"allow":["GET"]}}],"collection":[{"href":"https:\/\/www.estrategiaconcursos.com.br\/blog\/wp-json\/wp\/v2\/posts"}],"about":[{"href":"https:\/\/www.estrategiaconcursos.com.br\/blog\/wp-json\/wp\/v2\/types\/post"}],"author":[{"embeddable":true,"href":"https:\/\/www.estrategiaconcursos.com.br\/blog\/wp-json\/wp\/v2\/users\/656"}],"replies":[{"embeddable":true,"href":"https:\/\/www.estrategiaconcursos.com.br\/blog\/wp-json\/wp\/v2\/comments?post=1574649"}],"version-history":[{"count":17,"href":"https:\/\/www.estrategiaconcursos.com.br\/blog\/wp-json\/wp\/v2\/posts\/1574649\/revisions"}],"predecessor-version":[{"id":1684770,"href":"https:\/\/www.estrategiaconcursos.com.br\/blog\/wp-json\/wp\/v2\/posts\/1574649\/revisions\/1684770"}],"wp:featuredmedia":[{"embeddable":true,"href":"https:\/\/www.estrategiaconcursos.com.br\/blog\/wp-json\/wp\/v2\/media\/889338"}],"wp:attachment":[{"href":"https:\/\/www.estrategiaconcursos.com.br\/blog\/wp-json\/wp\/v2\/media?parent=1574649"}],"wp:term":[{"taxonomy":"category","embeddable":true,"href":"https:\/\/www.estrategiaconcursos.com.br\/blog\/wp-json\/wp\/v2\/categories?post=1574649"},{"taxonomy":"post_tag","embeddable":true,"href":"https:\/\/www.estrategiaconcursos.com.br\/blog\/wp-json\/wp\/v2\/tags?post=1574649"},{"taxonomy":"tax_estado","embeddable":true,"href":"https:\/\/www.estrategiaconcursos.com.br\/blog\/wp-json\/wp\/v2\/tax_estado?post=1574649"}],"curies":[{"name":"wp","href":"https:\/\/api.w.org\/{rel}","templated":true}]}}