{"id":1573344,"date":"2025-05-08T15:03:39","date_gmt":"2025-05-08T18:03:39","guid":{"rendered":"https:\/\/www.estrategiaconcursos.com.br\/blog\/?p=1573344"},"modified":"2025-05-08T16:53:13","modified_gmt":"2025-05-08T19:53:13","slug":"mpdft-pede-suspensao-concurso-pmdf","status":"publish","type":"post","link":"https:\/\/www.estrategiaconcursos.com.br\/blog\/mpdft-pede-suspensao-concurso-pmdf\/","title":{"rendered":"MPDFT pede a suspens\u00e3o do concurso PMDF. Entenda!"},"content":{"rendered":"\n<p class=\"has-medium-font-size\"><em><strong>\u00d3rg\u00e3o v\u00ea discrimina\u00e7\u00e3o e pede a reserva de vagas no concurso PMDF!<\/strong><\/em><\/p>\n\n\n\n<p>O Minist\u00e9rio P\u00fablico do Distrito Federal e dos Territ\u00f3rios (MPDFT) <strong>solicitou a suspens\u00e3o imediata<\/strong> das atividades do <strong>concurso PMDF<\/strong> (<a href=\"https:\/\/www.estrategiaconcursos.com.br\/cursosPorConcurso\/policia-militar-do-distrito-federal-pmdf\/\" target=\"_blank\" rel=\"noreferrer noopener\">Pol\u00edcia Militar do Distrito Federal<\/a>) para o cargo de <strong>Oficial<\/strong>.<\/p>\n\n\n\n<p>De acordo com o \u00f3rg\u00e3o, a medida ocorreu porque nenhuma das <strong>147 vagas<\/strong> no edital \u00e9 <strong>destinada aos concurseiros PcD<\/strong> (Pessoa com Defici\u00eancia).<\/p>\n\n\n\n<p>&#8220;<em>A n\u00e3o previs\u00e3o de reserva de vagas \u00e9 atitude discriminat\u00f3ria, preconceituosa e violadora dos direitos das pessoas com defici\u00eancia, o que deve ser corrigido pela via judicial<\/em>&#8220;, diz um trecho do documento.<\/p>\n\n\n\n<div class=\"container\" id=\"boxes\">\n  <div class=\"row\">\n\n    <div class=\"col-sm\">\n      <div class=\"banner-policia-militar\" id=\"box-assinatura\">\n        <h3 class=\"titulo-assinatura\">Concurso PMDF<\/h3>\n        <p class=\"subtitulo-assinatura\">Rumo \u00e0 carreira policial dos seus sonhos!<\/p>\n        <div class=\"box-botao\">\n          <a class=\"btn-assinatura\" target=\"_blank\" href=\"https:\/\/www.estrategiaconcursos.com.br\/cursosPorConcurso\/policia-militar-do-distrito-federal-pmdf\/\" role=\"button\" rel=\"noopener noreferrer\">EXPLORAR CURSOS<\/a>\n        <\/div>\n      <\/div>\n \n    <\/div>\n\n  <\/div>\n<\/div>\n\n\n\n<h2 class=\"wp-block-heading\" id=\"h-solicitacao-de-reserva-de-vagas-no-concurso-pmdf\">Solicita\u00e7\u00e3o de reserva de vagas no concurso PMDF<\/h2>\n\n\n\n<p>Por meio da Promotoria de Justi\u00e7a da Pessoa com Defici\u00eancia (PROPED), foi solicitada a reserva de 5% a 20% das vagas para estes candidatos. <\/p>\n\n\n\n<p>No pedido, a promotoria explica que eventuais desclassifica\u00e7\u00f5es de inscritos, por inaptid\u00e3o \u00e0s atividades relacionadas ao cargo, devem ser identificadas e executadas ao decorrer das etapas. <\/p>\n\n\n\n<p>\u201c<em>A exig\u00eancia de aptid\u00e3o plena para participa\u00e7\u00e3o em concurso p\u00fablico \u00e9 discriminat\u00f3ria, pois exclui genericamente todos os candidatos com defici\u00eancia. Certamente, existem defici\u00eancias compat\u00edveis com o exerc\u00edcio do cargo, e as incompatibilidades devem ser demonstradas motivadamente caso a caso<\/em>\u201d. <\/p>\n\n\n\n<h2 class=\"wp-block-heading\" id=\"h-edital-pmdf-em-andamento\">Edital PMDF em andamento<\/h2>\n\n\n\n<p>Vale lembrar que s\u00e3o ofertadas <strong>49 oportunidades para provimento imediato<\/strong> e <strong>98 destinadas ao cadastro de reserva<\/strong>. As vagas s\u00e3o para os sexos masculino e feminino, sem distin\u00e7\u00e3o de g\u00eanero, <a href=\"https:\/\/www.estrategiaconcursos.com.br\/blog\/concurso-pmdf-oficial-sem-restricao-genero\/\" target=\"_blank\" rel=\"noreferrer noopener\">conforme nova portaria<\/a>.<\/p>\n\n\n\n<p>Para ingressar na PMDF \u00e9 necess\u00e1rio possuir n\u00edvel superior, al\u00e9m de idades entre 18 e 30 anos. Os sal\u00e1rios iniciais s\u00e3o de <strong>R$ 8.007,76<\/strong> (Cadete do 1\u00ba ano), <strong>R$ 14.451,93<\/strong> (Aspirante-a-Oficial PM &#8211; ap\u00f3s a forma\u00e7\u00e3o) e <strong>R$ 17.034,85<\/strong> (2\u00ba Tenente).<\/p>\n\n\n\n<p class=\"has-text-align-center\"><em>Veja mais informa\u00e7\u00f5es no link abaixo. Preparamos um artigo exclusivo para voc\u00ea!<\/em><\/p>\n\n\n\n<p class=\"has-text-align-center has-cyan-bluish-gray-background-color has-background has-medium-font-size\"><strong>Saiba mais: <a href=\"https:\/\/www.estrategiaconcursos.com.br\/blog\/concurso-pmdf\/\" target=\"_blank\" rel=\"noreferrer noopener\">concurso PMDF<\/a><\/strong><\/p>\n\n\n\n<h2 class=\"wp-block-heading has-text-align-center\" id=\"cursos\">Quer saber tudo sobre concursos previstos?<br \/>Confira nossos artigos!<\/h2>\n\n\n\n<ul class=\"wp-block-list\">\n<li><a href=\"https:\/\/www.estrategiaconcursos.com.br\/blog\/concursos-de-policia\/\" target=\"_blank\" rel=\"noreferrer noopener\">Concursos policiais<\/a><\/li>\n\n\n\n<li><a href=\"https:\/\/www.estrategiaconcursos.com.br\/blog\/concursos-2025\/\" target=\"_blank\" rel=\"noreferrer noopener\">Concursos 2025<\/a><\/li>\n\n\n\n<li><a href=\"https:\/\/www.estrategiaconcursos.com.br\/blog\/concursos-abertos\/\" target=\"_blank\" rel=\"noreferrer noopener\">Concursos abertos<\/a><\/li>\n\n\n\n<li><a href=\"https:\/\/www.estrategiaconcursos.com.br\/blog\/concursos-df\/\" target=\"_blank\" rel=\"noreferrer noopener\">Concursos DF<\/a><\/li>\n<\/ul>\n\n\n\n<div class=\"container\" id=\"boxes\">\n  <div class=\"row\">\n\n    <div class=\"col-sm\">\n      <div class=\"estrategia\" id=\"box-assinatura\">\n        <h3 class=\"titulo-assinatura\">Assinatura de Concursos<\/h3>\n        <p class=\"subtitulo-assinatura\">Assinatura de 1 ano ou 2 anos<\/p>\n        <div class=\"box-botao\">\n          <a class=\"btn-assinatura\" target=\"_blank\" href=\"https:\/\/www.estrategiaconcursos.com.br\/assinaturas\/\" role=\"button\" rel=\"noopener noreferrer\">ASSINE AGORA<\/a>\n        <\/div>\n      <\/div>\n     \n    <\/div><\/div><\/div>\n\n\n\n<p><\/p>\n","protected":false},"excerpt":{"rendered":"<p>\u00d3rg\u00e3o v\u00ea discrimina\u00e7\u00e3o e pede a reserva de vagas no concurso PMDF! O Minist\u00e9rio P\u00fablico do Distrito Federal e dos Territ\u00f3rios (MPDFT) solicitou a suspens\u00e3o imediata das atividades do concurso PMDF (Pol\u00edcia Militar do Distrito Federal) para o cargo de Oficial. De acordo com o \u00f3rg\u00e3o, a medida ocorreu porque nenhuma das 147 vagas no [&hellip;]<\/p>\n","protected":false},"author":1483,"featured_media":1200554,"comment_status":"open","ping_status":"closed","sticky":false,"template":"","format":"standard","meta":{"post_tipo":"news","footnotes":""},"categories":[220186,220219],"tags":[40,222123,1322,2896,1332,752],"tax_estado":[219970],"class_list":["post-1573344","post","type-post","status-publish","format-standard","has-post-thumbnail","hentry","category-policial-oficial","category-noticias","tag-concurso","tag-mpdft","tag-oficial","tag-pcd","tag-pmdf","tag-suspensao","tax_estado-df"],"acf":[],"yoast_head":"<!-- This site is optimized with the Yoast SEO Premium plugin v27.2 (Yoast SEO v27.2) - https:\/\/yoast.com\/product\/yoast-seo-premium-wordpress\/ -->\n<title>MPDFT pede a suspens\u00e3o do concurso PMDF. Entenda!<\/title>\n<meta name=\"description\" content=\"O MPDFT pediu a suspens\u00e3o das atividades do concurso PMDF para o cargo de Oficial. Veja a motiva\u00e7\u00e3o no site do Estrat\u00e9gia!\" \/>\n<meta name=\"robots\" content=\"index, follow, max-snippet:-1, max-image-preview:large, max-video-preview:-1\" \/>\n<link rel=\"canonical\" href=\"https:\/\/www.estrategiaconcursos.com.br\/blog\/mpdft-pede-suspensao-concurso-pmdf\/\" \/>\n<meta property=\"og:locale\" content=\"pt_BR\" \/>\n<meta property=\"og:type\" content=\"article\" \/>\n<meta property=\"og:title\" content=\"MPDFT pede a suspens\u00e3o do concurso PMDF. Entenda!\" \/>\n<meta property=\"og:description\" content=\"O MPDFT pediu a suspens\u00e3o das atividades do concurso PMDF para o cargo de Oficial. Veja a motiva\u00e7\u00e3o no site do Estrat\u00e9gia!\" \/>\n<meta property=\"og:url\" content=\"https:\/\/www.estrategiaconcursos.com.br\/blog\/mpdft-pede-suspensao-concurso-pmdf\/\" \/>\n<meta property=\"og:site_name\" content=\"Estrat\u00e9gia Concursos\" \/>\n<meta property=\"article:published_time\" content=\"2025-05-08T18:03:39+00:00\" \/>\n<meta property=\"article:modified_time\" content=\"2025-05-08T19:53:13+00:00\" \/>\n<meta property=\"og:image\" content=\"https:\/\/dhg1h5j42swfq.cloudfront.net\/2023\/04\/12141349\/concurso-pmdf.jpg\" \/>\n\t<meta property=\"og:image:width\" content=\"768\" \/>\n\t<meta property=\"og:image:height\" content=\"432\" \/>\n\t<meta property=\"og:image:type\" content=\"image\/jpeg\" \/>\n<meta name=\"author\" content=\"Diogo Mendes\" \/>\n<meta name=\"twitter:card\" content=\"summary_large_image\" \/>\n<meta name=\"twitter:creator\" content=\"@EstratConcursos\" \/>\n<meta name=\"twitter:site\" content=\"@EstratConcursos\" \/>\n<meta name=\"twitter:label1\" content=\"Escrito por\" \/>\n\t<meta name=\"twitter:data1\" content=\"Diogo Mendes\" \/>\n\t<meta name=\"twitter:label2\" content=\"Est. tempo de leitura\" \/>\n\t<meta name=\"twitter:data2\" content=\"2 minutos\" \/>\n<script type=\"application\/ld+json\" class=\"yoast-schema-graph\">{\"@context\":\"https:\/\/schema.org\",\"@graph\":[{\"@type\":\"NewsArticle\",\"@id\":\"https:\/\/www.estrategiaconcursos.com.br\/blog\/mpdft-pede-suspensao-concurso-pmdf\/#article\",\"isPartOf\":{\"@id\":\"https:\/\/www.estrategiaconcursos.com.br\/blog\/mpdft-pede-suspensao-concurso-pmdf\/\"},\"author\":{\"name\":\"Diogo Mendes\",\"@id\":\"https:\/\/www.estrategiaconcursos.com.br\/blog\/#\/schema\/person\/cc9e76173880338ce9f656c88664a1f6\"},\"headline\":\"MPDFT pede a suspens\u00e3o do concurso PMDF. Entenda!\",\"datePublished\":\"2025-05-08T18:03:39+00:00\",\"dateModified\":\"2025-05-08T19:53:13+00:00\",\"mainEntityOfPage\":{\"@id\":\"https:\/\/www.estrategiaconcursos.com.br\/blog\/mpdft-pede-suspensao-concurso-pmdf\/\"},\"wordCount\":355,\"commentCount\":0,\"publisher\":{\"@id\":\"https:\/\/www.estrategiaconcursos.com.br\/blog\/#organization\"},\"image\":{\"@id\":\"https:\/\/www.estrategiaconcursos.com.br\/blog\/mpdft-pede-suspensao-concurso-pmdf\/#primaryimage\"},\"thumbnailUrl\":\"https:\/\/dhg1h5j42swfq.cloudfront.net\/2023\/04\/12141349\/concurso-pmdf.jpg\",\"keywords\":[\"Concurso\",\"MPDFT\",\"oficial\",\"PCD\",\"PMDF\",\"Suspens\u00e3o\"],\"articleSection\":[\"Policial (PM\/BM - Oficial)\",\"\u00daltimas not\u00edcias\"],\"inLanguage\":\"pt-BR\",\"potentialAction\":[{\"@type\":\"CommentAction\",\"name\":\"Comment\",\"target\":[\"https:\/\/www.estrategiaconcursos.com.br\/blog\/mpdft-pede-suspensao-concurso-pmdf\/#respond\"]}],\"copyrightYear\":\"2025\",\"copyrightHolder\":{\"@id\":\"https:\/\/www.estrategiaconcursos.com.br\/blog\/#organization\"}},{\"@type\":\"WebPage\",\"@id\":\"https:\/\/www.estrategiaconcursos.com.br\/blog\/mpdft-pede-suspensao-concurso-pmdf\/\",\"url\":\"https:\/\/www.estrategiaconcursos.com.br\/blog\/mpdft-pede-suspensao-concurso-pmdf\/\",\"name\":\"MPDFT pede a suspens\u00e3o do concurso PMDF. Entenda!\",\"isPartOf\":{\"@id\":\"https:\/\/www.estrategiaconcursos.com.br\/blog\/#website\"},\"primaryImageOfPage\":{\"@id\":\"https:\/\/www.estrategiaconcursos.com.br\/blog\/mpdft-pede-suspensao-concurso-pmdf\/#primaryimage\"},\"image\":{\"@id\":\"https:\/\/www.estrategiaconcursos.com.br\/blog\/mpdft-pede-suspensao-concurso-pmdf\/#primaryimage\"},\"thumbnailUrl\":\"https:\/\/dhg1h5j42swfq.cloudfront.net\/2023\/04\/12141349\/concurso-pmdf.jpg\",\"datePublished\":\"2025-05-08T18:03:39+00:00\",\"dateModified\":\"2025-05-08T19:53:13+00:00\",\"description\":\"O MPDFT pediu a suspens\u00e3o das atividades do concurso PMDF para o cargo de Oficial. Veja a motiva\u00e7\u00e3o no site do Estrat\u00e9gia!\",\"breadcrumb\":{\"@id\":\"https:\/\/www.estrategiaconcursos.com.br\/blog\/mpdft-pede-suspensao-concurso-pmdf\/#breadcrumb\"},\"inLanguage\":\"pt-BR\",\"potentialAction\":[{\"@type\":\"ReadAction\",\"target\":[\"https:\/\/www.estrategiaconcursos.com.br\/blog\/mpdft-pede-suspensao-concurso-pmdf\/\"]}]},{\"@type\":\"ImageObject\",\"inLanguage\":\"pt-BR\",\"@id\":\"https:\/\/www.estrategiaconcursos.com.br\/blog\/mpdft-pede-suspensao-concurso-pmdf\/#primaryimage\",\"url\":\"https:\/\/dhg1h5j42swfq.cloudfront.net\/2023\/04\/12141349\/concurso-pmdf.jpg\",\"contentUrl\":\"https:\/\/dhg1h5j42swfq.cloudfront.net\/2023\/04\/12141349\/concurso-pmdf.jpg\",\"width\":768,\"height\":432,\"caption\":\"concurso pmdf\"},{\"@type\":\"BreadcrumbList\",\"@id\":\"https:\/\/www.estrategiaconcursos.com.br\/blog\/mpdft-pede-suspensao-concurso-pmdf\/#breadcrumb\",\"itemListElement\":[{\"@type\":\"ListItem\",\"position\":1,\"name\":\"In\u00edcio\",\"item\":\"https:\/\/www.estrategiaconcursos.com.br\/blog\/\"},{\"@type\":\"ListItem\",\"position\":2,\"name\":\"MPDFT pede a suspens\u00e3o do concurso PMDF. Entenda!\"}]},{\"@type\":\"WebSite\",\"@id\":\"https:\/\/www.estrategiaconcursos.com.br\/blog\/#website\",\"url\":\"https:\/\/www.estrategiaconcursos.com.br\/blog\/\",\"name\":\"Estrat\u00e9gia Concursos\",\"description\":\"O blog da Estrat\u00e9gia Concursos traz not\u00edcias sobre concursos e artigos de professores oferecendo cursos para concursos (pdf + videaulas) no site.\",\"publisher\":{\"@id\":\"https:\/\/www.estrategiaconcursos.com.br\/blog\/#organization\"},\"potentialAction\":[{\"@type\":\"SearchAction\",\"target\":{\"@type\":\"EntryPoint\",\"urlTemplate\":\"https:\/\/www.estrategiaconcursos.com.br\/blog\/?s={search_term_string}\"},\"query-input\":{\"@type\":\"PropertyValueSpecification\",\"valueRequired\":true,\"valueName\":\"search_term_string\"}}],\"inLanguage\":\"pt-BR\"},{\"@type\":\"Organization\",\"@id\":\"https:\/\/www.estrategiaconcursos.com.br\/blog\/#organization\",\"name\":\"Estrat\u00e9gia Concursos\",\"url\":\"https:\/\/www.estrategiaconcursos.com.br\/blog\/\",\"logo\":{\"@type\":\"ImageObject\",\"inLanguage\":\"pt-BR\",\"@id\":\"https:\/\/www.estrategiaconcursos.com.br\/blog\/#\/schema\/logo\/image\/\",\"url\":\"https:\/\/dhg1h5j42swfq.cloudfront.net\/2025\/06\/03203428\/logo_concursos-1.jpg\",\"contentUrl\":\"https:\/\/dhg1h5j42swfq.cloudfront.net\/2025\/06\/03203428\/logo_concursos-1.jpg\",\"width\":230,\"height\":60,\"caption\":\"Estrat\u00e9gia Concursos\"},\"image\":{\"@id\":\"https:\/\/www.estrategiaconcursos.com.br\/blog\/#\/schema\/logo\/image\/\"},\"sameAs\":[\"https:\/\/x.com\/EstratConcursos\"]},{\"@type\":\"Person\",\"@id\":\"https:\/\/www.estrategiaconcursos.com.br\/blog\/#\/schema\/person\/cc9e76173880338ce9f656c88664a1f6\",\"name\":\"Diogo Mendes\",\"image\":{\"@type\":\"ImageObject\",\"inLanguage\":\"pt-BR\",\"@id\":\"https:\/\/secure.gravatar.com\/avatar\/9754d6777d460a45ef4067b586b94c32005cc2345a0404b8d96adc620cf63806?s=96&d=mm&r=g\",\"url\":\"https:\/\/secure.gravatar.com\/avatar\/9754d6777d460a45ef4067b586b94c32005cc2345a0404b8d96adc620cf63806?s=96&d=mm&r=g\",\"contentUrl\":\"https:\/\/secure.gravatar.com\/avatar\/9754d6777d460a45ef4067b586b94c32005cc2345a0404b8d96adc620cf63806?s=96&d=mm&r=g\",\"caption\":\"Diogo Mendes\"},\"description\":\"Diogo Mendes \u00e9 jornalista formado pela Universidade Paulista, com experi\u00eancia em reda\u00e7\u00f5es de diversos ve\u00edculos e na produ\u00e7\u00e3o de conte\u00fados especializados em concursos p\u00fablicos. Desde 2019, atua no Estrat\u00e9gia Concursos como Jornalista e Analista de Conte\u00fado, com foco na apura\u00e7\u00e3o de informa\u00e7\u00f5es junto a \u00f3rg\u00e3os e fontes oficiais. Dedica-se especialmente \u00e0 produ\u00e7\u00e3o de not\u00edcias e reportagens sobre Concursos Legislativos, al\u00e9m de acompanhar diariamente os concursos policiais, banc\u00e1rios e da \u00e1rea da sa\u00fade.\",\"url\":\"https:\/\/www.estrategiaconcursos.com.br\/blog\/author\/diogo-mendesestrategiaconcursos-com-br\/\"}]}<\/script>\n<!-- \/ Yoast SEO Premium plugin. -->","yoast_head_json":{"title":"MPDFT pede a suspens\u00e3o do concurso PMDF. Entenda!","description":"O MPDFT pediu a suspens\u00e3o das atividades do concurso PMDF para o cargo de Oficial. Veja a motiva\u00e7\u00e3o no site do Estrat\u00e9gia!","robots":{"index":"index","follow":"follow","max-snippet":"max-snippet:-1","max-image-preview":"max-image-preview:large","max-video-preview":"max-video-preview:-1"},"canonical":"https:\/\/www.estrategiaconcursos.com.br\/blog\/mpdft-pede-suspensao-concurso-pmdf\/","og_locale":"pt_BR","og_type":"article","og_title":"MPDFT pede a suspens\u00e3o do concurso PMDF. Entenda!","og_description":"O MPDFT pediu a suspens\u00e3o das atividades do concurso PMDF para o cargo de Oficial. Veja a motiva\u00e7\u00e3o no site do Estrat\u00e9gia!","og_url":"https:\/\/www.estrategiaconcursos.com.br\/blog\/mpdft-pede-suspensao-concurso-pmdf\/","og_site_name":"Estrat\u00e9gia Concursos","article_published_time":"2025-05-08T18:03:39+00:00","article_modified_time":"2025-05-08T19:53:13+00:00","og_image":[{"width":768,"height":432,"url":"https:\/\/dhg1h5j42swfq.cloudfront.net\/2023\/04\/12141349\/concurso-pmdf.jpg","type":"image\/jpeg"}],"author":"Diogo Mendes","twitter_card":"summary_large_image","twitter_creator":"@EstratConcursos","twitter_site":"@EstratConcursos","twitter_misc":{"Escrito por":"Diogo Mendes","Est. tempo de leitura":"2 minutos"},"schema":{"@context":"https:\/\/schema.org","@graph":[{"@type":"NewsArticle","@id":"https:\/\/www.estrategiaconcursos.com.br\/blog\/mpdft-pede-suspensao-concurso-pmdf\/#article","isPartOf":{"@id":"https:\/\/www.estrategiaconcursos.com.br\/blog\/mpdft-pede-suspensao-concurso-pmdf\/"},"author":{"name":"Diogo Mendes","@id":"https:\/\/www.estrategiaconcursos.com.br\/blog\/#\/schema\/person\/cc9e76173880338ce9f656c88664a1f6"},"headline":"MPDFT pede a suspens\u00e3o do concurso PMDF. Entenda!","datePublished":"2025-05-08T18:03:39+00:00","dateModified":"2025-05-08T19:53:13+00:00","mainEntityOfPage":{"@id":"https:\/\/www.estrategiaconcursos.com.br\/blog\/mpdft-pede-suspensao-concurso-pmdf\/"},"wordCount":355,"commentCount":0,"publisher":{"@id":"https:\/\/www.estrategiaconcursos.com.br\/blog\/#organization"},"image":{"@id":"https:\/\/www.estrategiaconcursos.com.br\/blog\/mpdft-pede-suspensao-concurso-pmdf\/#primaryimage"},"thumbnailUrl":"https:\/\/dhg1h5j42swfq.cloudfront.net\/2023\/04\/12141349\/concurso-pmdf.jpg","keywords":["Concurso","MPDFT","oficial","PCD","PMDF","Suspens\u00e3o"],"articleSection":["Policial (PM\/BM - Oficial)","\u00daltimas not\u00edcias"],"inLanguage":"pt-BR","potentialAction":[{"@type":"CommentAction","name":"Comment","target":["https:\/\/www.estrategiaconcursos.com.br\/blog\/mpdft-pede-suspensao-concurso-pmdf\/#respond"]}],"copyrightYear":"2025","copyrightHolder":{"@id":"https:\/\/www.estrategiaconcursos.com.br\/blog\/#organization"}},{"@type":"WebPage","@id":"https:\/\/www.estrategiaconcursos.com.br\/blog\/mpdft-pede-suspensao-concurso-pmdf\/","url":"https:\/\/www.estrategiaconcursos.com.br\/blog\/mpdft-pede-suspensao-concurso-pmdf\/","name":"MPDFT pede a suspens\u00e3o do concurso PMDF. Entenda!","isPartOf":{"@id":"https:\/\/www.estrategiaconcursos.com.br\/blog\/#website"},"primaryImageOfPage":{"@id":"https:\/\/www.estrategiaconcursos.com.br\/blog\/mpdft-pede-suspensao-concurso-pmdf\/#primaryimage"},"image":{"@id":"https:\/\/www.estrategiaconcursos.com.br\/blog\/mpdft-pede-suspensao-concurso-pmdf\/#primaryimage"},"thumbnailUrl":"https:\/\/dhg1h5j42swfq.cloudfront.net\/2023\/04\/12141349\/concurso-pmdf.jpg","datePublished":"2025-05-08T18:03:39+00:00","dateModified":"2025-05-08T19:53:13+00:00","description":"O MPDFT pediu a suspens\u00e3o das atividades do concurso PMDF para o cargo de Oficial. Veja a motiva\u00e7\u00e3o no site do Estrat\u00e9gia!","breadcrumb":{"@id":"https:\/\/www.estrategiaconcursos.com.br\/blog\/mpdft-pede-suspensao-concurso-pmdf\/#breadcrumb"},"inLanguage":"pt-BR","potentialAction":[{"@type":"ReadAction","target":["https:\/\/www.estrategiaconcursos.com.br\/blog\/mpdft-pede-suspensao-concurso-pmdf\/"]}]},{"@type":"ImageObject","inLanguage":"pt-BR","@id":"https:\/\/www.estrategiaconcursos.com.br\/blog\/mpdft-pede-suspensao-concurso-pmdf\/#primaryimage","url":"https:\/\/dhg1h5j42swfq.cloudfront.net\/2023\/04\/12141349\/concurso-pmdf.jpg","contentUrl":"https:\/\/dhg1h5j42swfq.cloudfront.net\/2023\/04\/12141349\/concurso-pmdf.jpg","width":768,"height":432,"caption":"concurso pmdf"},{"@type":"BreadcrumbList","@id":"https:\/\/www.estrategiaconcursos.com.br\/blog\/mpdft-pede-suspensao-concurso-pmdf\/#breadcrumb","itemListElement":[{"@type":"ListItem","position":1,"name":"In\u00edcio","item":"https:\/\/www.estrategiaconcursos.com.br\/blog\/"},{"@type":"ListItem","position":2,"name":"MPDFT pede a suspens\u00e3o do concurso PMDF. Entenda!"}]},{"@type":"WebSite","@id":"https:\/\/www.estrategiaconcursos.com.br\/blog\/#website","url":"https:\/\/www.estrategiaconcursos.com.br\/blog\/","name":"Estrat\u00e9gia Concursos","description":"O blog da Estrat\u00e9gia Concursos traz not\u00edcias sobre concursos e artigos de professores oferecendo cursos para concursos (pdf + videaulas) no site.","publisher":{"@id":"https:\/\/www.estrategiaconcursos.com.br\/blog\/#organization"},"potentialAction":[{"@type":"SearchAction","target":{"@type":"EntryPoint","urlTemplate":"https:\/\/www.estrategiaconcursos.com.br\/blog\/?s={search_term_string}"},"query-input":{"@type":"PropertyValueSpecification","valueRequired":true,"valueName":"search_term_string"}}],"inLanguage":"pt-BR"},{"@type":"Organization","@id":"https:\/\/www.estrategiaconcursos.com.br\/blog\/#organization","name":"Estrat\u00e9gia Concursos","url":"https:\/\/www.estrategiaconcursos.com.br\/blog\/","logo":{"@type":"ImageObject","inLanguage":"pt-BR","@id":"https:\/\/www.estrategiaconcursos.com.br\/blog\/#\/schema\/logo\/image\/","url":"https:\/\/dhg1h5j42swfq.cloudfront.net\/2025\/06\/03203428\/logo_concursos-1.jpg","contentUrl":"https:\/\/dhg1h5j42swfq.cloudfront.net\/2025\/06\/03203428\/logo_concursos-1.jpg","width":230,"height":60,"caption":"Estrat\u00e9gia Concursos"},"image":{"@id":"https:\/\/www.estrategiaconcursos.com.br\/blog\/#\/schema\/logo\/image\/"},"sameAs":["https:\/\/x.com\/EstratConcursos"]},{"@type":"Person","@id":"https:\/\/www.estrategiaconcursos.com.br\/blog\/#\/schema\/person\/cc9e76173880338ce9f656c88664a1f6","name":"Diogo Mendes","image":{"@type":"ImageObject","inLanguage":"pt-BR","@id":"https:\/\/secure.gravatar.com\/avatar\/9754d6777d460a45ef4067b586b94c32005cc2345a0404b8d96adc620cf63806?s=96&d=mm&r=g","url":"https:\/\/secure.gravatar.com\/avatar\/9754d6777d460a45ef4067b586b94c32005cc2345a0404b8d96adc620cf63806?s=96&d=mm&r=g","contentUrl":"https:\/\/secure.gravatar.com\/avatar\/9754d6777d460a45ef4067b586b94c32005cc2345a0404b8d96adc620cf63806?s=96&d=mm&r=g","caption":"Diogo Mendes"},"description":"Diogo Mendes \u00e9 jornalista formado pela Universidade Paulista, com experi\u00eancia em reda\u00e7\u00f5es de diversos ve\u00edculos e na produ\u00e7\u00e3o de conte\u00fados especializados em concursos p\u00fablicos. Desde 2019, atua no Estrat\u00e9gia Concursos como Jornalista e Analista de Conte\u00fado, com foco na apura\u00e7\u00e3o de informa\u00e7\u00f5es junto a \u00f3rg\u00e3os e fontes oficiais. Dedica-se especialmente \u00e0 produ\u00e7\u00e3o de not\u00edcias e reportagens sobre Concursos Legislativos, al\u00e9m de acompanhar diariamente os concursos policiais, banc\u00e1rios e da \u00e1rea da sa\u00fade.","url":"https:\/\/www.estrategiaconcursos.com.br\/blog\/author\/diogo-mendesestrategiaconcursos-com-br\/"}]}},"_links":{"self":[{"href":"https:\/\/www.estrategiaconcursos.com.br\/blog\/wp-json\/wp\/v2\/posts\/1573344","targetHints":{"allow":["GET"]}}],"collection":[{"href":"https:\/\/www.estrategiaconcursos.com.br\/blog\/wp-json\/wp\/v2\/posts"}],"about":[{"href":"https:\/\/www.estrategiaconcursos.com.br\/blog\/wp-json\/wp\/v2\/types\/post"}],"author":[{"embeddable":true,"href":"https:\/\/www.estrategiaconcursos.com.br\/blog\/wp-json\/wp\/v2\/users\/1483"}],"replies":[{"embeddable":true,"href":"https:\/\/www.estrategiaconcursos.com.br\/blog\/wp-json\/wp\/v2\/comments?post=1573344"}],"version-history":[{"count":4,"href":"https:\/\/www.estrategiaconcursos.com.br\/blog\/wp-json\/wp\/v2\/posts\/1573344\/revisions"}],"predecessor-version":[{"id":1573439,"href":"https:\/\/www.estrategiaconcursos.com.br\/blog\/wp-json\/wp\/v2\/posts\/1573344\/revisions\/1573439"}],"wp:featuredmedia":[{"embeddable":true,"href":"https:\/\/www.estrategiaconcursos.com.br\/blog\/wp-json\/wp\/v2\/media\/1200554"}],"wp:attachment":[{"href":"https:\/\/www.estrategiaconcursos.com.br\/blog\/wp-json\/wp\/v2\/media?parent=1573344"}],"wp:term":[{"taxonomy":"category","embeddable":true,"href":"https:\/\/www.estrategiaconcursos.com.br\/blog\/wp-json\/wp\/v2\/categories?post=1573344"},{"taxonomy":"post_tag","embeddable":true,"href":"https:\/\/www.estrategiaconcursos.com.br\/blog\/wp-json\/wp\/v2\/tags?post=1573344"},{"taxonomy":"tax_estado","embeddable":true,"href":"https:\/\/www.estrategiaconcursos.com.br\/blog\/wp-json\/wp\/v2\/tax_estado?post=1573344"}],"curies":[{"name":"wp","href":"https:\/\/api.w.org\/{rel}","templated":true}]}}