{"id":157317,"date":"2019-02-19T01:00:43","date_gmt":"2019-02-19T04:00:43","guid":{"rendered":"https:\/\/www.estrategiaconcursos.com.br\/blog\/?p=157317"},"modified":"2019-02-27T14:10:14","modified_gmt":"2019-02-27T17:10:14","slug":"concurso-ufsm-2019-saiu-edital-com-7-vagas-para-nivel-medio-e-superior","status":"publish","type":"post","link":"https:\/\/www.estrategiaconcursos.com.br\/blog\/concurso-ufsm-2019-saiu-edital-com-7-vagas-para-nivel-medio-e-superior\/","title":{"rendered":"Concurso UFSM 2019: inscri\u00e7\u00f5es encerradas para T\u00e9cnico em Educa\u00e7\u00e3o"},"content":{"rendered":"\n<p>J\u00e1 est\u00e3o encerradas as inscri\u00e7\u00f5es para o concurso da Universidade Federal de Santa Maria,<em><strong> Concurso UFSM<\/strong><\/em>, para o cargo de T\u00e9cnico Administrativo em Educa\u00e7\u00e3o, e oportunidades para N\u00edvel M\u00e9dio e N\u00edvel Superior. <\/p>\n\n\n\n<p>A prova objetiva do certame est\u00e1 prevista para ser aplicada em 28 de julho de 2019, na cidade de Santa Maria (RS). S\u00e3o ofertadas no total, 7 vagas distribu\u00eddas da seguinte forma:<\/p>\n\n\n\n<p><strong><em>N\u00edvel superior &#8211; E:<\/em><\/strong><br \/>Engenheiro Agr\u00f4nomo &#8211; 1 vaga<br \/>Nutricionista &#8211; 1 vaga<\/p>\n\n\n\n<p><strong><em>N\u00edvel M\u00e9dio &#8211; D:<\/em><\/strong><br \/>Editor de Imagem &#8211; 1 vaga<br \/>T\u00e9cnico de Laborat\u00f3rio\/ Biologia &#8211; 2 vagas<br \/>T\u00e9cnico em Eletrot\u00e9cnica &#8211; 1 vaga<br \/>T\u00e9cnico em Radiologia &#8211; 1 vaga<\/p>\n\n\n\n<h2 class=\"wp-block-heading\">Provas<\/h2>\n\n\n\n<p>Todos os candidatos se submeter\u00e3o a uma prova objetiva com 50 quest\u00f5es de m\u00faltipla escolha com cinco alternativas. Os candidatos ao cargo de Editor de Imagem ainda se submeter\u00e3o a uma prova pr\u00e1tica.<\/p>\n\n\n\n<p>A nota m\u00ednima para habilita\u00e7\u00e3o \u00e9 25 pontos (50% da prova). Abaixo voc\u00ea confere a distribui\u00e7\u00e3o de quest\u00f5es por disciplina: <\/p>\n\n\n\n<ul class=\"wp-block-list\"><li>L\u00edngua Portuguesa &#8211; 10 quest\u00f5es<\/li><li>Legisla\u00e7\u00e3o &#8211; 10 quest\u00f5es<\/li><li>Conhecimentos Espec\u00edficos &#8211; 30 quest\u00f5es<\/li><\/ul>\n\n\n\n<p><strong>PROVA&nbsp;PR\u00c1TICA<\/strong><\/p>\n\n\n\n<p>Os candidatos ao cargo de editor de imagem ser\u00e3o convocados ainda a uma prova pr\u00e1tica. Para ser habilitado, o candidato dever\u00e1 estar classificado dentro dos seguintes quantitativos:<\/p>\n\n\n\n<figure class=\"wp-block-image\"><img loading=\"lazy\" decoding=\"async\" width=\"1191\" height=\"97\" src=\"https:\/\/dhg1h5j42swfq.cloudfront.net\/2018\/12\/31073532\/concurso-ufsm-4.jpg\" alt=\"\" class=\"wp-image-157324\" srcset=\"https:\/\/dhg1h5j42swfq.cloudfront.net\/2018\/12\/31073532\/concurso-ufsm-4.jpg 1191w, https:\/\/dhg1h5j42swfq.cloudfront.net\/2018\/12\/31073532\/concurso-ufsm-4.jpg 300w, https:\/\/dhg1h5j42swfq.cloudfront.net\/2018\/12\/31073532\/concurso-ufsm-4.jpg 768w, https:\/\/dhg1h5j42swfq.cloudfront.net\/2018\/12\/31073532\/concurso-ufsm-4.jpg 1024w\" sizes=\"auto, (max-width: 1191px) 100vw, 1191px\" \/><\/figure>\n\n\n\n<h2 class=\"wp-block-heading\">Aprovados por cargo<\/h2>\n\n\n\n<p>Os candidatos que atingirem as pontua\u00e7\u00f5es m\u00ednimas ser\u00e3o classificados em ordem decrescente. Ser\u00e3o considerados aprovados os candidatos que se classificarem dentro dos seguintes quantitativos:<\/p>\n\n\n\n<figure class=\"wp-block-image\"><img loading=\"lazy\" decoding=\"async\" width=\"1191\" height=\"77\" src=\"https:\/\/dhg1h5j42swfq.cloudfront.net\/2018\/12\/31073732\/concurso-ufsm-3.jpg\" alt=\"\" class=\"wp-image-157325\" srcset=\"https:\/\/dhg1h5j42swfq.cloudfront.net\/2018\/12\/31073732\/concurso-ufsm-3.jpg 1191w, https:\/\/dhg1h5j42swfq.cloudfront.net\/2018\/12\/31073732\/concurso-ufsm-3.jpg 300w, https:\/\/dhg1h5j42swfq.cloudfront.net\/2018\/12\/31073732\/concurso-ufsm-3.jpg 768w, https:\/\/dhg1h5j42swfq.cloudfront.net\/2018\/12\/31073732\/concurso-ufsm-3.jpg 1024w\" sizes=\"auto, (max-width: 1191px) 100vw, 1191px\" \/><\/figure>\n\n\n\n<p style=\"font-size:18px;text-align:center\"><em><strong>Assinatura Anual Ilimitada*<\/strong><\/em><\/p>\n\n\n\n<p style=\"text-align:center\"><em>Prepare-se com o melhor material e com quem mais aprova em\u00a0Concursos P\u00fablicos de todo o pa\u00eds. Assine agora a nossa Assinatura Anual e tenha acesso ilimitado* a todos os nossos cursos.<\/em><\/p>\n\n\n\n<figure class=\"wp-block-image\"><a href=\"https:\/\/www.estrategiaconcursos.com.br\/assinaturas\" target=\"_blank\" rel=\"noreferrer noopener\"><img decoding=\"async\" src=\"https:\/\/www.estrategiaconcursos.com.br\/assets\/img\/banner-assinaturas.jpg\" alt=\"Assinatura Ilimitada\" class=\"wp-image-157836\"\/><\/a><\/figure>\n\n\n\n<figure class=\"wp-block-image\"><img loading=\"lazy\" decoding=\"async\" width=\"300\" height=\"102\" src=\"https:\/\/dhg1h5j42swfq.cloudfront.net\/2017\/03\/28152500\/coruja-ficha-tecnica-300x102.png\" alt=\"Ficha t\u00e9cnica concurso ufsm\" class=\"wp-image-68542\"\/><\/figure>\n\n\n\n<p><strong>Informa\u00e7\u00f5es do concurso UFSM\u00a02019<\/strong><\/p>\n\n\n\n<p>\u25ba<strong>Data prevista da prova<\/strong>: 28\/07\/2019<br \/>\u25ba<strong>Vagas<\/strong>: 7<br \/>\u25ba<strong>Cargos<\/strong>: T\u00e9cnico Administrativo em Educa\u00e7\u00e3o<br \/>\u25ba<strong>Lota\u00e7\u00f5es<\/strong>: Santa Maria<br \/>\u25ba<strong>Banca<\/strong>: UFSM<br \/>\u25ba<strong>Escolaridade<\/strong>: N\u00edvel M\u00e9dio, T\u00e9cnico e Superior<\/p>\n\n\n\n<p>\u25ba<strong>Cursos Estrat\u00e9gia Concursos<\/strong>:\u00a0Cursos Concurso UFSM 2019<br \/>\u25ba<strong>Edital<\/strong>:\u00a0<a href=\"https:\/\/dhg1h5j42swfq.cloudfront.net\/2019\/02\/27140434\/Edital-052.2018.pdf\" target=\"_blank\" rel=\"noreferrer noopener\" aria-label=\"Edital UFSM 2019 (opens in a new tab)\">Edital UFSM 2019<\/a><\/p>\n\n\n\n<p><em>Ricardo&nbsp;Brito<\/em><br \/><em>Ascom Estrat\u00e9gia<\/em><br \/>ascomestrategia@gmail.com<\/p>\n\n\n\n<p style=\"text-align:center\"><em><strong>Receba not\u00edcias de Concursos no seu WhatsApp e\/ou Telegram!<\/strong><\/em><\/p>\n\n\n\n<p style=\"text-align:center\"><em><strong>Cadastre-se clicando no \u00edcone abaixo<\/strong><\/em><\/p>\n\n\n\n<div class=\"wp-block-image\"><figure class=\"aligncenter\"><a href=\"https:\/\/www.estrategiaconcursos.com.br\/blog\/noticias-de-concursos-whatsapp-estrategia-concursos\/\" target=\"_blank\" rel=\"noreferrer noopener\"><img loading=\"lazy\" decoding=\"async\" width=\"320\" height=\"180\" src=\"https:\/\/dhg1h5j42swfq.cloudfront.net\/2018\/03\/22113932\/whatsapptelegram-e1548177162795.png\" alt=\"\" class=\"wp-image-112824\"\/><\/a><\/figure><\/div>\n\n\n\n<p style=\"text-align:center\"><a rel=\"noreferrer noopener\" href=\"https:\/\/www.estrategiaconcursos.com.br\/blog\/noticias-de-concursos-whatsapp-estrategia-concursos\/\" target=\"_blank\">Not\u00edcias de concursos no seu WhatsApp e\/ou Telegram<\/a><\/p>\n\n\n\n<p style=\"text-align:center\"><a href=\"https:\/\/www.estrategiaconcursos.com.br\/gratis\/cursos-extensivos\/\" target=\"_blank\" rel=\"noreferrer noopener\"><em><strong>Inscreva-se no Curso Online Gr\u00e1tis!<\/strong><\/em><\/a><\/p>\n\n\n\n<div class=\"wp-block-image\"><figure class=\"aligncenter\"><a href=\"https:\/\/www.estrategiaconcursos.com.br\/gratis\/cursos-extensivos\/\" target=\"_blank\" rel=\"noreferrer noopener\"><img loading=\"lazy\" decoding=\"async\" width=\"1200\" height=\"300\" src=\"https:\/\/dhg1h5j42swfq.cloudfront.net\/2017\/02\/07143618\/curso-online-gratis.jpg\" alt=\"curso online gratis\" class=\"wp-image-105661\" srcset=\"https:\/\/dhg1h5j42swfq.cloudfront.net\/2017\/02\/07143618\/curso-online-gratis.jpg 1200w, https:\/\/dhg1h5j42swfq.cloudfront.net\/2017\/02\/07143618\/curso-online-gratis.jpg 300w, https:\/\/dhg1h5j42swfq.cloudfront.net\/2017\/02\/07143618\/curso-online-gratis.jpg 768w, https:\/\/dhg1h5j42swfq.cloudfront.net\/2017\/02\/07143618\/curso-online-gratis.jpg 1024w, https:\/\/dhg1h5j42swfq.cloudfront.net\/2017\/02\/07143618\/curso-online-gratis.jpg 610w\" sizes=\"auto, (max-width: 1200px) 100vw, 1200px\" \/><\/a><\/figure><\/div>\n","protected":false},"excerpt":{"rendered":"<p>J\u00e1 est\u00e3o encerradas as inscri\u00e7\u00f5es para o concurso da Universidade Federal de Santa Maria, Concurso UFSM, para o cargo de T\u00e9cnico Administrativo em Educa\u00e7\u00e3o, e oportunidades para N\u00edvel M\u00e9dio e N\u00edvel Superior. A prova objetiva do certame est\u00e1 prevista para ser aplicada em 28 de julho de 2019, na cidade de Santa Maria (RS). S\u00e3o [&hellip;]<\/p>\n","protected":false},"author":1,"featured_media":0,"comment_status":"open","ping_status":"closed","sticky":false,"template":"","format":"standard","meta":{"post_tipo":"news","footnotes":""},"categories":[1],"tags":[],"tax_estado":[],"class_list":["post-157317","post","type-post","status-publish","format-standard","hentry","category-cursos-e-concursos"],"acf":[],"yoast_head":"<!-- This site is optimized with the Yoast SEO Premium plugin v27.2 (Yoast SEO v27.2) - https:\/\/yoast.com\/product\/yoast-seo-premium-wordpress\/ -->\n<title>Concurso UFSM 2019: inscri\u00e7\u00f5es encerradas para T\u00e9cnico em Educa\u00e7\u00e3o<\/title>\n<meta name=\"description\" content=\"Concurso UFSM 2019: inscri\u00e7\u00f5es encerradas para o concurso p\u00fablico da Universidade Federal de Santa Maria. Provas precistas para julho.\" \/>\n<meta name=\"robots\" content=\"index, follow, max-snippet:-1, max-image-preview:large, max-video-preview:-1\" \/>\n<link rel=\"canonical\" href=\"https:\/\/www.estrategiaconcursos.com.br\/blog\/concurso-ufsm-2019-saiu-edital-com-7-vagas-para-nivel-medio-e-superior\/\" \/>\n<meta property=\"og:locale\" content=\"pt_BR\" \/>\n<meta property=\"og:type\" content=\"article\" \/>\n<meta property=\"og:title\" content=\"Concurso UFSM 2019: inscri\u00e7\u00f5es encerradas para T\u00e9cnico em Educa\u00e7\u00e3o\" \/>\n<meta property=\"og:description\" content=\"Concurso UFSM 2019: inscri\u00e7\u00f5es encerradas para o concurso p\u00fablico da Universidade Federal de Santa Maria. Provas precistas para julho.\" \/>\n<meta property=\"og:url\" content=\"https:\/\/www.estrategiaconcursos.com.br\/blog\/concurso-ufsm-2019-saiu-edital-com-7-vagas-para-nivel-medio-e-superior\/\" \/>\n<meta property=\"og:site_name\" content=\"Estrat\u00e9gia Concursos\" \/>\n<meta property=\"article:author\" content=\"https:\/\/www.facebook.com\/EstrategiaConcursos\" \/>\n<meta property=\"article:published_time\" content=\"2019-02-19T04:00:43+00:00\" \/>\n<meta property=\"article:modified_time\" content=\"2019-02-27T17:10:14+00:00\" \/>\n<meta property=\"og:image\" content=\"https:\/\/www.estrategiaconcursos.com.br\/blog\/wp-content\/uploads\/2018\/12\/concurso-ufsm-4-1024x83.jpg\" \/>\n<meta name=\"author\" content=\"Coordena\u00e7\u00e3o\" \/>\n<meta name=\"twitter:card\" content=\"summary_large_image\" \/>\n<meta name=\"twitter:creator\" content=\"@EstratConcursos\" \/>\n<meta name=\"twitter:site\" content=\"@EstratConcursos\" \/>\n<meta name=\"twitter:label1\" content=\"Escrito por\" \/>\n\t<meta name=\"twitter:data1\" content=\"Coordena\u00e7\u00e3o\" \/>\n\t<meta name=\"twitter:label2\" content=\"Est. tempo de leitura\" \/>\n\t<meta name=\"twitter:data2\" content=\"2 minutos\" \/>\n<script type=\"application\/ld+json\" class=\"yoast-schema-graph\">{\"@context\":\"https:\/\/schema.org\",\"@graph\":[{\"@type\":\"NewsArticle\",\"@id\":\"https:\/\/www.estrategiaconcursos.com.br\/blog\/concurso-ufsm-2019-saiu-edital-com-7-vagas-para-nivel-medio-e-superior\/#article\",\"isPartOf\":{\"@id\":\"https:\/\/www.estrategiaconcursos.com.br\/blog\/concurso-ufsm-2019-saiu-edital-com-7-vagas-para-nivel-medio-e-superior\/\"},\"author\":{\"name\":\"Coordena\u00e7\u00e3o\",\"@id\":\"https:\/\/www.estrategiaconcursos.com.br\/blog\/#\/schema\/person\/b4a388c97673c5f483d72185668afa1f\"},\"headline\":\"Concurso UFSM 2019: inscri\u00e7\u00f5es encerradas para T\u00e9cnico em Educa\u00e7\u00e3o\",\"datePublished\":\"2019-02-19T04:00:43+00:00\",\"dateModified\":\"2019-02-27T17:10:14+00:00\",\"mainEntityOfPage\":{\"@id\":\"https:\/\/www.estrategiaconcursos.com.br\/blog\/concurso-ufsm-2019-saiu-edital-com-7-vagas-para-nivel-medio-e-superior\/\"},\"wordCount\":382,\"commentCount\":0,\"publisher\":{\"@id\":\"https:\/\/www.estrategiaconcursos.com.br\/blog\/#organization\"},\"image\":{\"@id\":\"https:\/\/www.estrategiaconcursos.com.br\/blog\/concurso-ufsm-2019-saiu-edital-com-7-vagas-para-nivel-medio-e-superior\/#primaryimage\"},\"thumbnailUrl\":\"https:\/\/www.estrategiaconcursos.com.br\/blog\/wp-content\/uploads\/2018\/12\/concurso-ufsm-4-1024x83.jpg\",\"articleSection\":[\"Concursos P\u00fablicos\"],\"inLanguage\":\"pt-BR\",\"potentialAction\":[{\"@type\":\"CommentAction\",\"name\":\"Comment\",\"target\":[\"https:\/\/www.estrategiaconcursos.com.br\/blog\/concurso-ufsm-2019-saiu-edital-com-7-vagas-para-nivel-medio-e-superior\/#respond\"]}],\"copyrightYear\":\"2019\",\"copyrightHolder\":{\"@id\":\"https:\/\/www.estrategiaconcursos.com.br\/blog\/#organization\"}},{\"@type\":\"WebPage\",\"@id\":\"https:\/\/www.estrategiaconcursos.com.br\/blog\/concurso-ufsm-2019-saiu-edital-com-7-vagas-para-nivel-medio-e-superior\/\",\"url\":\"https:\/\/www.estrategiaconcursos.com.br\/blog\/concurso-ufsm-2019-saiu-edital-com-7-vagas-para-nivel-medio-e-superior\/\",\"name\":\"Concurso UFSM 2019: inscri\u00e7\u00f5es encerradas para T\u00e9cnico em Educa\u00e7\u00e3o\",\"isPartOf\":{\"@id\":\"https:\/\/www.estrategiaconcursos.com.br\/blog\/#website\"},\"primaryImageOfPage\":{\"@id\":\"https:\/\/www.estrategiaconcursos.com.br\/blog\/concurso-ufsm-2019-saiu-edital-com-7-vagas-para-nivel-medio-e-superior\/#primaryimage\"},\"image\":{\"@id\":\"https:\/\/www.estrategiaconcursos.com.br\/blog\/concurso-ufsm-2019-saiu-edital-com-7-vagas-para-nivel-medio-e-superior\/#primaryimage\"},\"thumbnailUrl\":\"https:\/\/www.estrategiaconcursos.com.br\/blog\/wp-content\/uploads\/2018\/12\/concurso-ufsm-4-1024x83.jpg\",\"datePublished\":\"2019-02-19T04:00:43+00:00\",\"dateModified\":\"2019-02-27T17:10:14+00:00\",\"description\":\"Concurso UFSM 2019: inscri\u00e7\u00f5es encerradas para o concurso p\u00fablico da Universidade Federal de Santa Maria. Provas precistas para julho.\",\"breadcrumb\":{\"@id\":\"https:\/\/www.estrategiaconcursos.com.br\/blog\/concurso-ufsm-2019-saiu-edital-com-7-vagas-para-nivel-medio-e-superior\/#breadcrumb\"},\"inLanguage\":\"pt-BR\",\"potentialAction\":[{\"@type\":\"ReadAction\",\"target\":[\"https:\/\/www.estrategiaconcursos.com.br\/blog\/concurso-ufsm-2019-saiu-edital-com-7-vagas-para-nivel-medio-e-superior\/\"]}]},{\"@type\":\"ImageObject\",\"inLanguage\":\"pt-BR\",\"@id\":\"https:\/\/www.estrategiaconcursos.com.br\/blog\/concurso-ufsm-2019-saiu-edital-com-7-vagas-para-nivel-medio-e-superior\/#primaryimage\",\"url\":\"https:\/\/dhg1h5j42swfq.cloudfront.net\/2018\/12\/31073532\/concurso-ufsm-4.jpg\",\"contentUrl\":\"https:\/\/dhg1h5j42swfq.cloudfront.net\/2018\/12\/31073532\/concurso-ufsm-4.jpg\",\"width\":1191,\"height\":97},{\"@type\":\"BreadcrumbList\",\"@id\":\"https:\/\/www.estrategiaconcursos.com.br\/blog\/concurso-ufsm-2019-saiu-edital-com-7-vagas-para-nivel-medio-e-superior\/#breadcrumb\",\"itemListElement\":[{\"@type\":\"ListItem\",\"position\":1,\"name\":\"In\u00edcio\",\"item\":\"https:\/\/www.estrategiaconcursos.com.br\/blog\/\"},{\"@type\":\"ListItem\",\"position\":2,\"name\":\"Concurso UFSM 2019: inscri\u00e7\u00f5es encerradas para T\u00e9cnico em Educa\u00e7\u00e3o\"}]},{\"@type\":\"WebSite\",\"@id\":\"https:\/\/www.estrategiaconcursos.com.br\/blog\/#website\",\"url\":\"https:\/\/www.estrategiaconcursos.com.br\/blog\/\",\"name\":\"Estrat\u00e9gia Concursos\",\"description\":\"O blog da Estrat\u00e9gia Concursos traz not\u00edcias sobre concursos e artigos de professores oferecendo cursos para concursos (pdf + videaulas) no site.\",\"publisher\":{\"@id\":\"https:\/\/www.estrategiaconcursos.com.br\/blog\/#organization\"},\"potentialAction\":[{\"@type\":\"SearchAction\",\"target\":{\"@type\":\"EntryPoint\",\"urlTemplate\":\"https:\/\/www.estrategiaconcursos.com.br\/blog\/?s={search_term_string}\"},\"query-input\":{\"@type\":\"PropertyValueSpecification\",\"valueRequired\":true,\"valueName\":\"search_term_string\"}}],\"inLanguage\":\"pt-BR\"},{\"@type\":\"Organization\",\"@id\":\"https:\/\/www.estrategiaconcursos.com.br\/blog\/#organization\",\"name\":\"Estrat\u00e9gia Concursos\",\"url\":\"https:\/\/www.estrategiaconcursos.com.br\/blog\/\",\"logo\":{\"@type\":\"ImageObject\",\"inLanguage\":\"pt-BR\",\"@id\":\"https:\/\/www.estrategiaconcursos.com.br\/blog\/#\/schema\/logo\/image\/\",\"url\":\"https:\/\/dhg1h5j42swfq.cloudfront.net\/2025\/06\/03203428\/logo_concursos-1.jpg\",\"contentUrl\":\"https:\/\/dhg1h5j42swfq.cloudfront.net\/2025\/06\/03203428\/logo_concursos-1.jpg\",\"width\":230,\"height\":60,\"caption\":\"Estrat\u00e9gia Concursos\"},\"image\":{\"@id\":\"https:\/\/www.estrategiaconcursos.com.br\/blog\/#\/schema\/logo\/image\/\"},\"sameAs\":[\"https:\/\/x.com\/EstratConcursos\"]},{\"@type\":\"Person\",\"@id\":\"https:\/\/www.estrategiaconcursos.com.br\/blog\/#\/schema\/person\/b4a388c97673c5f483d72185668afa1f\",\"name\":\"Coordena\u00e7\u00e3o\",\"image\":{\"@type\":\"ImageObject\",\"inLanguage\":\"pt-BR\",\"@id\":\"https:\/\/secure.gravatar.com\/avatar\/b720319e4c9a967eb58678d110f4fe35452fc5d5f97b202bac7b8acceb18c6ad?s=96&d=mm&r=g\",\"url\":\"https:\/\/secure.gravatar.com\/avatar\/b720319e4c9a967eb58678d110f4fe35452fc5d5f97b202bac7b8acceb18c6ad?s=96&d=mm&r=g\",\"contentUrl\":\"https:\/\/secure.gravatar.com\/avatar\/b720319e4c9a967eb58678d110f4fe35452fc5d5f97b202bac7b8acceb18c6ad?s=96&d=mm&r=g\",\"caption\":\"Coordena\u00e7\u00e3o\"},\"sameAs\":[\"https:\/\/www.facebook.com\/EstrategiaConcursos\",\"https:\/\/x.com\/EstratConcursos\"],\"url\":\"https:\/\/www.estrategiaconcursos.com.br\/blog\/author\/estrategia2013\/\"}]}<\/script>\n<!-- \/ Yoast SEO Premium plugin. -->","yoast_head_json":{"title":"Concurso UFSM 2019: inscri\u00e7\u00f5es encerradas para T\u00e9cnico em Educa\u00e7\u00e3o","description":"Concurso UFSM 2019: inscri\u00e7\u00f5es encerradas para o concurso p\u00fablico da Universidade Federal de Santa Maria. Provas precistas para julho.","robots":{"index":"index","follow":"follow","max-snippet":"max-snippet:-1","max-image-preview":"max-image-preview:large","max-video-preview":"max-video-preview:-1"},"canonical":"https:\/\/www.estrategiaconcursos.com.br\/blog\/concurso-ufsm-2019-saiu-edital-com-7-vagas-para-nivel-medio-e-superior\/","og_locale":"pt_BR","og_type":"article","og_title":"Concurso UFSM 2019: inscri\u00e7\u00f5es encerradas para T\u00e9cnico em Educa\u00e7\u00e3o","og_description":"Concurso UFSM 2019: inscri\u00e7\u00f5es encerradas para o concurso p\u00fablico da Universidade Federal de Santa Maria. Provas precistas para julho.","og_url":"https:\/\/www.estrategiaconcursos.com.br\/blog\/concurso-ufsm-2019-saiu-edital-com-7-vagas-para-nivel-medio-e-superior\/","og_site_name":"Estrat\u00e9gia Concursos","article_author":"https:\/\/www.facebook.com\/EstrategiaConcursos","article_published_time":"2019-02-19T04:00:43+00:00","article_modified_time":"2019-02-27T17:10:14+00:00","og_image":[{"url":"https:\/\/www.estrategiaconcursos.com.br\/blog\/wp-content\/uploads\/2018\/12\/concurso-ufsm-4-1024x83.jpg","type":"","width":"","height":""}],"author":"Coordena\u00e7\u00e3o","twitter_card":"summary_large_image","twitter_creator":"@EstratConcursos","twitter_site":"@EstratConcursos","twitter_misc":{"Escrito por":"Coordena\u00e7\u00e3o","Est. tempo de leitura":"2 minutos"},"schema":{"@context":"https:\/\/schema.org","@graph":[{"@type":"NewsArticle","@id":"https:\/\/www.estrategiaconcursos.com.br\/blog\/concurso-ufsm-2019-saiu-edital-com-7-vagas-para-nivel-medio-e-superior\/#article","isPartOf":{"@id":"https:\/\/www.estrategiaconcursos.com.br\/blog\/concurso-ufsm-2019-saiu-edital-com-7-vagas-para-nivel-medio-e-superior\/"},"author":{"name":"Coordena\u00e7\u00e3o","@id":"https:\/\/www.estrategiaconcursos.com.br\/blog\/#\/schema\/person\/b4a388c97673c5f483d72185668afa1f"},"headline":"Concurso UFSM 2019: inscri\u00e7\u00f5es encerradas para T\u00e9cnico em Educa\u00e7\u00e3o","datePublished":"2019-02-19T04:00:43+00:00","dateModified":"2019-02-27T17:10:14+00:00","mainEntityOfPage":{"@id":"https:\/\/www.estrategiaconcursos.com.br\/blog\/concurso-ufsm-2019-saiu-edital-com-7-vagas-para-nivel-medio-e-superior\/"},"wordCount":382,"commentCount":0,"publisher":{"@id":"https:\/\/www.estrategiaconcursos.com.br\/blog\/#organization"},"image":{"@id":"https:\/\/www.estrategiaconcursos.com.br\/blog\/concurso-ufsm-2019-saiu-edital-com-7-vagas-para-nivel-medio-e-superior\/#primaryimage"},"thumbnailUrl":"https:\/\/www.estrategiaconcursos.com.br\/blog\/wp-content\/uploads\/2018\/12\/concurso-ufsm-4-1024x83.jpg","articleSection":["Concursos P\u00fablicos"],"inLanguage":"pt-BR","potentialAction":[{"@type":"CommentAction","name":"Comment","target":["https:\/\/www.estrategiaconcursos.com.br\/blog\/concurso-ufsm-2019-saiu-edital-com-7-vagas-para-nivel-medio-e-superior\/#respond"]}],"copyrightYear":"2019","copyrightHolder":{"@id":"https:\/\/www.estrategiaconcursos.com.br\/blog\/#organization"}},{"@type":"WebPage","@id":"https:\/\/www.estrategiaconcursos.com.br\/blog\/concurso-ufsm-2019-saiu-edital-com-7-vagas-para-nivel-medio-e-superior\/","url":"https:\/\/www.estrategiaconcursos.com.br\/blog\/concurso-ufsm-2019-saiu-edital-com-7-vagas-para-nivel-medio-e-superior\/","name":"Concurso UFSM 2019: inscri\u00e7\u00f5es encerradas para T\u00e9cnico em Educa\u00e7\u00e3o","isPartOf":{"@id":"https:\/\/www.estrategiaconcursos.com.br\/blog\/#website"},"primaryImageOfPage":{"@id":"https:\/\/www.estrategiaconcursos.com.br\/blog\/concurso-ufsm-2019-saiu-edital-com-7-vagas-para-nivel-medio-e-superior\/#primaryimage"},"image":{"@id":"https:\/\/www.estrategiaconcursos.com.br\/blog\/concurso-ufsm-2019-saiu-edital-com-7-vagas-para-nivel-medio-e-superior\/#primaryimage"},"thumbnailUrl":"https:\/\/www.estrategiaconcursos.com.br\/blog\/wp-content\/uploads\/2018\/12\/concurso-ufsm-4-1024x83.jpg","datePublished":"2019-02-19T04:00:43+00:00","dateModified":"2019-02-27T17:10:14+00:00","description":"Concurso UFSM 2019: inscri\u00e7\u00f5es encerradas para o concurso p\u00fablico da Universidade Federal de Santa Maria. Provas precistas para julho.","breadcrumb":{"@id":"https:\/\/www.estrategiaconcursos.com.br\/blog\/concurso-ufsm-2019-saiu-edital-com-7-vagas-para-nivel-medio-e-superior\/#breadcrumb"},"inLanguage":"pt-BR","potentialAction":[{"@type":"ReadAction","target":["https:\/\/www.estrategiaconcursos.com.br\/blog\/concurso-ufsm-2019-saiu-edital-com-7-vagas-para-nivel-medio-e-superior\/"]}]},{"@type":"ImageObject","inLanguage":"pt-BR","@id":"https:\/\/www.estrategiaconcursos.com.br\/blog\/concurso-ufsm-2019-saiu-edital-com-7-vagas-para-nivel-medio-e-superior\/#primaryimage","url":"https:\/\/dhg1h5j42swfq.cloudfront.net\/2018\/12\/31073532\/concurso-ufsm-4.jpg","contentUrl":"https:\/\/dhg1h5j42swfq.cloudfront.net\/2018\/12\/31073532\/concurso-ufsm-4.jpg","width":1191,"height":97},{"@type":"BreadcrumbList","@id":"https:\/\/www.estrategiaconcursos.com.br\/blog\/concurso-ufsm-2019-saiu-edital-com-7-vagas-para-nivel-medio-e-superior\/#breadcrumb","itemListElement":[{"@type":"ListItem","position":1,"name":"In\u00edcio","item":"https:\/\/www.estrategiaconcursos.com.br\/blog\/"},{"@type":"ListItem","position":2,"name":"Concurso UFSM 2019: inscri\u00e7\u00f5es encerradas para T\u00e9cnico em Educa\u00e7\u00e3o"}]},{"@type":"WebSite","@id":"https:\/\/www.estrategiaconcursos.com.br\/blog\/#website","url":"https:\/\/www.estrategiaconcursos.com.br\/blog\/","name":"Estrat\u00e9gia Concursos","description":"O blog da Estrat\u00e9gia Concursos traz not\u00edcias sobre concursos e artigos de professores oferecendo cursos para concursos (pdf + videaulas) no site.","publisher":{"@id":"https:\/\/www.estrategiaconcursos.com.br\/blog\/#organization"},"potentialAction":[{"@type":"SearchAction","target":{"@type":"EntryPoint","urlTemplate":"https:\/\/www.estrategiaconcursos.com.br\/blog\/?s={search_term_string}"},"query-input":{"@type":"PropertyValueSpecification","valueRequired":true,"valueName":"search_term_string"}}],"inLanguage":"pt-BR"},{"@type":"Organization","@id":"https:\/\/www.estrategiaconcursos.com.br\/blog\/#organization","name":"Estrat\u00e9gia Concursos","url":"https:\/\/www.estrategiaconcursos.com.br\/blog\/","logo":{"@type":"ImageObject","inLanguage":"pt-BR","@id":"https:\/\/www.estrategiaconcursos.com.br\/blog\/#\/schema\/logo\/image\/","url":"https:\/\/dhg1h5j42swfq.cloudfront.net\/2025\/06\/03203428\/logo_concursos-1.jpg","contentUrl":"https:\/\/dhg1h5j42swfq.cloudfront.net\/2025\/06\/03203428\/logo_concursos-1.jpg","width":230,"height":60,"caption":"Estrat\u00e9gia Concursos"},"image":{"@id":"https:\/\/www.estrategiaconcursos.com.br\/blog\/#\/schema\/logo\/image\/"},"sameAs":["https:\/\/x.com\/EstratConcursos"]},{"@type":"Person","@id":"https:\/\/www.estrategiaconcursos.com.br\/blog\/#\/schema\/person\/b4a388c97673c5f483d72185668afa1f","name":"Coordena\u00e7\u00e3o","image":{"@type":"ImageObject","inLanguage":"pt-BR","@id":"https:\/\/secure.gravatar.com\/avatar\/b720319e4c9a967eb58678d110f4fe35452fc5d5f97b202bac7b8acceb18c6ad?s=96&d=mm&r=g","url":"https:\/\/secure.gravatar.com\/avatar\/b720319e4c9a967eb58678d110f4fe35452fc5d5f97b202bac7b8acceb18c6ad?s=96&d=mm&r=g","contentUrl":"https:\/\/secure.gravatar.com\/avatar\/b720319e4c9a967eb58678d110f4fe35452fc5d5f97b202bac7b8acceb18c6ad?s=96&d=mm&r=g","caption":"Coordena\u00e7\u00e3o"},"sameAs":["https:\/\/www.facebook.com\/EstrategiaConcursos","https:\/\/x.com\/EstratConcursos"],"url":"https:\/\/www.estrategiaconcursos.com.br\/blog\/author\/estrategia2013\/"}]}},"_links":{"self":[{"href":"https:\/\/www.estrategiaconcursos.com.br\/blog\/wp-json\/wp\/v2\/posts\/157317","targetHints":{"allow":["GET"]}}],"collection":[{"href":"https:\/\/www.estrategiaconcursos.com.br\/blog\/wp-json\/wp\/v2\/posts"}],"about":[{"href":"https:\/\/www.estrategiaconcursos.com.br\/blog\/wp-json\/wp\/v2\/types\/post"}],"author":[{"embeddable":true,"href":"https:\/\/www.estrategiaconcursos.com.br\/blog\/wp-json\/wp\/v2\/users\/1"}],"replies":[{"embeddable":true,"href":"https:\/\/www.estrategiaconcursos.com.br\/blog\/wp-json\/wp\/v2\/comments?post=157317"}],"version-history":[{"count":7,"href":"https:\/\/www.estrategiaconcursos.com.br\/blog\/wp-json\/wp\/v2\/posts\/157317\/revisions"}],"predecessor-version":[{"id":168418,"href":"https:\/\/www.estrategiaconcursos.com.br\/blog\/wp-json\/wp\/v2\/posts\/157317\/revisions\/168418"}],"wp:attachment":[{"href":"https:\/\/www.estrategiaconcursos.com.br\/blog\/wp-json\/wp\/v2\/media?parent=157317"}],"wp:term":[{"taxonomy":"category","embeddable":true,"href":"https:\/\/www.estrategiaconcursos.com.br\/blog\/wp-json\/wp\/v2\/categories?post=157317"},{"taxonomy":"post_tag","embeddable":true,"href":"https:\/\/www.estrategiaconcursos.com.br\/blog\/wp-json\/wp\/v2\/tags?post=157317"},{"taxonomy":"tax_estado","embeddable":true,"href":"https:\/\/www.estrategiaconcursos.com.br\/blog\/wp-json\/wp\/v2\/tax_estado?post=157317"}],"curies":[{"name":"wp","href":"https:\/\/api.w.org\/{rel}","templated":true}]}}