{"id":157310,"date":"2019-01-15T02:00:57","date_gmt":"2019-01-15T05:00:57","guid":{"rendered":"https:\/\/www.estrategiaconcursos.com.br\/blog\/?p=157310"},"modified":"2021-12-16T15:34:49","modified_gmt":"2021-12-16T18:34:49","slug":"edital-concurso-ufms","status":"publish","type":"post","link":"https:\/\/www.estrategiaconcursos.com.br\/blog\/edital-concurso-ufms\/","title":{"rendered":"Concurso UFMS: est\u00e3o abertas as inscri\u00e7\u00f5es do certame com 7 vagas para N\u00edvel Superior"},"content":{"rendered":"\n<p>Est\u00e3o abertas as inscri\u00e7\u00f5es do concurso UFMS com 7 vagas para o cargo de T\u00e9cnico Administrativo em Educa\u00e7\u00e3o, com oportunidades para N\u00edvel Superior. <\/p>\n\n\n\n<p>\n\nAs inscri\u00e7\u00f5es devem ser feitas entre os dias 15 de janeiro e 17 de mar\u00e7o de 2019, no <em>site<\/em> da <strong>FAPEC<\/strong>, banca organizadora do certame. A taxa de inscri\u00e7\u00e3o \u00e9 de R$ 150,00.\n\n<\/p>\n\n\n\n<p>\n\nO certame contar\u00e1 com uma prova objetiva, prevista para o dia 28 de abril de 2019, em Campo Grande (MS).\n\n<\/p>\n\n\n\n<p><strong>Quadro de vagas<\/strong><\/p>\n\n\n\n<figure class=\"wp-block-image\"><img loading=\"lazy\" decoding=\"async\" width=\"1190\" height=\"238\" src=\"https:\/\/dhg1h5j42swfq.cloudfront.net\/2018\/12\/31070639\/concurso-ufms-1.jpg\" alt=\"concurso ufms\" class=\"wp-image-157311\" srcset=\"https:\/\/dhg1h5j42swfq.cloudfront.net\/2018\/12\/31070639\/concurso-ufms-1.jpg 1190w, https:\/\/dhg1h5j42swfq.cloudfront.net\/2018\/12\/31070639\/concurso-ufms-1.jpg 300w, https:\/\/dhg1h5j42swfq.cloudfront.net\/2018\/12\/31070639\/concurso-ufms-1.jpg 768w, https:\/\/dhg1h5j42swfq.cloudfront.net\/2018\/12\/31070639\/concurso-ufms-1.jpg 1024w\" sizes=\"auto, (max-width: 1190px) 100vw, 1190px\" \/><\/figure>\n\n\n\n<h2 class=\"wp-block-heading\">Provas<\/h2>\n\n\n\n<p>O certame contar\u00e1 com uma prova objetiva com 60 quest\u00f5es objetivas com 5 alternativas, com dura\u00e7\u00e3o total de 4 horas.<\/p>\n\n\n\n<p>Confira abaixo a distribui\u00e7\u00e3o de quest\u00f5es por disciplina:<\/p>\n\n\n\n<figure class=\"wp-block-image\"><img loading=\"lazy\" decoding=\"async\" width=\"1187\" height=\"107\" src=\"https:\/\/dhg1h5j42swfq.cloudfront.net\/2018\/12\/31071019\/concurso-ufms-2.jpg\" alt=\"concurso ufms\" class=\"wp-image-157312\" srcset=\"https:\/\/dhg1h5j42swfq.cloudfront.net\/2018\/12\/31071019\/concurso-ufms-2.jpg 1187w, https:\/\/dhg1h5j42swfq.cloudfront.net\/2018\/12\/31071019\/concurso-ufms-2.jpg 300w, https:\/\/dhg1h5j42swfq.cloudfront.net\/2018\/12\/31071019\/concurso-ufms-2.jpg 768w, https:\/\/dhg1h5j42swfq.cloudfront.net\/2018\/12\/31071019\/concurso-ufms-2.jpg 1024w\" sizes=\"auto, (max-width: 1187px) 100vw, 1187px\" \/><\/figure>\n\n\n\n<p>Para ser aprovado, \u00e9 necess\u00e1rio n\u00e3o zerar as pontua\u00e7\u00f5es de nenhuma disciplina e se classificar dentro dos quantitativos abaixo:<\/p>\n\n\n\n<figure class=\"wp-block-image\"><img loading=\"lazy\" decoding=\"async\" width=\"1193\" height=\"88\" src=\"https:\/\/dhg1h5j42swfq.cloudfront.net\/2018\/12\/31071212\/concurso-ufms-4.jpg\" alt=\"concurso ufms\" class=\"wp-image-157313\" srcset=\"https:\/\/dhg1h5j42swfq.cloudfront.net\/2018\/12\/31071212\/concurso-ufms-4.jpg 1193w, https:\/\/dhg1h5j42swfq.cloudfront.net\/2018\/12\/31071212\/concurso-ufms-4.jpg 300w, https:\/\/dhg1h5j42swfq.cloudfront.net\/2018\/12\/31071212\/concurso-ufms-4.jpg 768w, https:\/\/dhg1h5j42swfq.cloudfront.net\/2018\/12\/31071212\/concurso-ufms-4.jpg 1024w\" sizes=\"auto, (max-width: 1193px) 100vw, 1193px\" \/><\/figure>\n\n\n\n<p class=\"has-text-align-center\" style=\"font-size:clamp(14px, 0.875rem + ((1vw - 3.2px) * 0.392), 18px);px\"><em><strong>Assinatura Anual Ilimitada*<\/strong><\/em><\/p>\n\n\n\n<p class=\"has-text-align-center\"><em>Prepare-se com o melhor material e com quem mais aprova em&nbsp;Concursos P\u00fablicos de todo o pa\u00eds. Assine agora a nossa Assinatura Anual e tenha acesso ilimitado* a todos os nossos cursos.<\/em><\/p>\n\n\n\n<figure class=\"wp-block-image\"><a href=\"https:\/\/www.estrategiaconcursos.com.br\/assinaturas\" target=\"_blank\" rel=\"noreferrer noopener\"><img decoding=\"async\" src=\"https:\/\/www.estrategiaconcursos.com.br\/assets\/img\/banner-assinaturas.jpg\" alt=\"Assinatura Ilimitada\" class=\"wp-image-157836\"\/><\/a><\/figure>\n\n\n\n<figure class=\"wp-block-image\"><img loading=\"lazy\" decoding=\"async\" width=\"300\" height=\"102\" src=\"https:\/\/dhg1h5j42swfq.cloudfront.net\/2017\/03\/28152500\/coruja-ficha-tecnica-300x102.png\" alt=\"Ficha t\u00e9cnica concurso \" class=\"wp-image-68542\"\/><\/figure>\n\n\n\n<p><strong>\u25baInforma\u00e7\u00f5es sobre o concurso UFMS<\/strong><\/p>\n\n\n\n<p>\u25ba<strong>Data prevista para prova<\/strong>: 28 de abril<br \/>\u25ba<strong>Vagas<\/strong>: 7<br \/>\u25ba<strong>Cargos<\/strong>: T\u00e9cnico Administrativo em Educa\u00e7\u00e3o<br \/>\u25ba<strong>Lota\u00e7\u00f5es<\/strong>: Campo Grande (MS)<br \/>\u25ba<strong>Banca<\/strong>: FAPEC<br \/>\u25ba<strong>Escolaridade<\/strong>: N\u00edvel Superior<\/p>\n\n\n\n<p>\u25ba<strong>Cursos Estrat\u00e9gia Concursos<\/strong>:&nbsp;<a rel=\"noreferrer noopener\" aria-label=\"Cursos Concurso UFMS 2019 (opens in a new tab)\" href=\"https:\/\/www.estrategiaconcursos.com.br\/cursosPorConcurso\/universidade-federal-do-mato-grosso-do-sul-ufms\/\" target=\"_blank\">Cursos UFMS 2019<\/a><br \/>\u25ba<strong>Edital<\/strong>:&nbsp;<a rel=\"noreferrer noopener\" aria-label=\"Edital Concurso UFMS 2019 (opens in a new tab)\" href=\"https:\/\/dhg1h5j42swfq.cloudfront.net\/2018\/12\/31072745\/UFMS.pdf\" target=\"_blank\">Edital UFMS &#8211; 2019<\/a><\/p>\n\n\n\n<p><em>Ricardo Brito<\/em><br \/><em>Ascom Estrat\u00e9gia<\/em><br \/>ascomestrategia@gmail.com<\/p>\n\n\n\n<p class=\"has-text-align-center\"><em><strong>Receba not\u00edcias de Concursos no seu WhatsApp e\/ou Telegram!<\/strong><\/em><\/p>\n\n\n\n<p class=\"has-text-align-center\"><em><strong>Cadastre-se clicando no \u00edcone abaixo<\/strong><\/em><\/p>\n\n\n\n<div class=\"wp-block-image\"><figure class=\"aligncenter\"><a href=\"https:\/\/www.estrategiaconcursos.com.br\/blog\/noticias-de-concursos-whatsapp-estrategia-concursos\/\" target=\"_blank\" rel=\"noreferrer noopener\"><img loading=\"lazy\" decoding=\"async\" width=\"320\" height=\"180\" src=\"https:\/\/dhg1h5j42swfq.cloudfront.net\/2018\/03\/22113932\/whatsapptelegram-e1548177162795.png\" alt=\"\" class=\"wp-image-112824\"\/><\/a><\/figure><\/div>\n\n\n\n<p class=\"has-text-align-center\"><a rel=\"noreferrer noopener\" href=\"https:\/\/www.estrategiaconcursos.com.br\/blog\/noticias-de-concursos-whatsapp-estrategia-concursos\/\" target=\"_blank\">Not\u00edcias de concursos no seu WhatsApp e\/ou Telegram<\/a><\/p>\n\n\n\n<p class=\"has-text-align-center\"><a href=\"https:\/\/www.estrategiaconcursos.com.br\/gratis\/cursos-extensivos\/\" target=\"_blank\" rel=\"noreferrer noopener\"><em><strong>Inscreva-se no Curso Online Gr\u00e1tis!<\/strong><\/em><\/a><\/p>\n\n\n\n<div class=\"wp-block-image\"><figure class=\"aligncenter\"><a href=\"https:\/\/www.estrategiaconcursos.com.br\/gratis\/cursos-extensivos\/\" target=\"_blank\" rel=\"noreferrer noopener\"><img loading=\"lazy\" decoding=\"async\" width=\"1200\" height=\"300\" src=\"https:\/\/dhg1h5j42swfq.cloudfront.net\/2017\/02\/07143618\/curso-online-gratis.jpg\" alt=\"curso online gratis\" class=\"wp-image-105661\" srcset=\"https:\/\/dhg1h5j42swfq.cloudfront.net\/2017\/02\/07143618\/curso-online-gratis.jpg 1200w, https:\/\/dhg1h5j42swfq.cloudfront.net\/2017\/02\/07143618\/curso-online-gratis.jpg 300w, https:\/\/dhg1h5j42swfq.cloudfront.net\/2017\/02\/07143618\/curso-online-gratis.jpg 768w, https:\/\/dhg1h5j42swfq.cloudfront.net\/2017\/02\/07143618\/curso-online-gratis.jpg 1024w, https:\/\/dhg1h5j42swfq.cloudfront.net\/2017\/02\/07143618\/curso-online-gratis.jpg 610w\" sizes=\"auto, (max-width: 1200px) 100vw, 1200px\" \/><\/a><\/figure><\/div>\n","protected":false},"excerpt":{"rendered":"<p>Est\u00e3o abertas as inscri\u00e7\u00f5es do concurso UFMS com 7 vagas para o cargo de T\u00e9cnico Administrativo em Educa\u00e7\u00e3o, com oportunidades para N\u00edvel Superior. As inscri\u00e7\u00f5es devem ser feitas entre os dias 15 de janeiro e 17 de mar\u00e7o de 2019, no site da FAPEC, banca organizadora do certame. A taxa de inscri\u00e7\u00e3o \u00e9 de R$ [&hellip;]<\/p>\n","protected":false},"author":1,"featured_media":86322,"comment_status":"open","ping_status":"closed","sticky":false,"template":"","format":"standard","meta":{"post_tipo":"news","footnotes":""},"categories":[1,3766],"tags":[],"tax_estado":[],"class_list":["post-157310","post","type-post","status-publish","format-standard","has-post-thumbnail","hentry","category-cursos-e-concursos","category-educacional"],"acf":[],"yoast_head":"<!-- This site is optimized with the Yoast SEO Premium plugin v27.2 (Yoast SEO v27.2) - https:\/\/yoast.com\/product\/yoast-seo-premium-wordpress\/ -->\n<title>Concurso UFMS 2019:abertas as inscri\u00e7\u00f5es com 7 vagas para N\u00edvel Superior<\/title>\n<meta name=\"description\" content=\"Concurso UFMS: est\u00e3o abertas as inscri\u00e7\u00f5es do certame nesta ter\u00e7a-feira (15) de janeiro com 7 vagas para N\u00edvel Superior; Saiba mais!\" \/>\n<meta name=\"robots\" content=\"index, follow, max-snippet:-1, max-image-preview:large, max-video-preview:-1\" \/>\n<link rel=\"canonical\" href=\"https:\/\/www.estrategiaconcursos.com.br\/blog\/edital-concurso-ufms\/\" \/>\n<meta property=\"og:locale\" content=\"pt_BR\" \/>\n<meta property=\"og:type\" content=\"article\" \/>\n<meta property=\"og:title\" content=\"Concurso UFMS: est\u00e3o abertas as inscri\u00e7\u00f5es do certame com 7 vagas para N\u00edvel Superior\" \/>\n<meta property=\"og:description\" content=\"Concurso UFMS: est\u00e3o abertas as inscri\u00e7\u00f5es do certame nesta ter\u00e7a-feira (15) de janeiro com 7 vagas para N\u00edvel Superior; Saiba mais!\" \/>\n<meta property=\"og:url\" content=\"https:\/\/www.estrategiaconcursos.com.br\/blog\/edital-concurso-ufms\/\" \/>\n<meta property=\"og:site_name\" content=\"Estrat\u00e9gia Concursos\" \/>\n<meta property=\"article:author\" content=\"https:\/\/www.facebook.com\/EstrategiaConcursos\" \/>\n<meta property=\"article:published_time\" content=\"2019-01-15T05:00:57+00:00\" \/>\n<meta property=\"article:modified_time\" content=\"2021-12-16T18:34:49+00:00\" \/>\n<meta property=\"og:image\" content=\"https:\/\/dhg1h5j42swfq.cloudfront.net\/2017\/08\/22145117\/saiu-edital-ec-2-e1505903719246.jpg\" \/>\n\t<meta property=\"og:image:width\" content=\"400\" \/>\n\t<meta property=\"og:image:height\" content=\"209\" \/>\n\t<meta property=\"og:image:type\" content=\"image\/jpeg\" \/>\n<meta name=\"author\" content=\"Coordena\u00e7\u00e3o\" \/>\n<meta name=\"twitter:card\" content=\"summary_large_image\" \/>\n<meta name=\"twitter:creator\" content=\"@EstratConcursos\" \/>\n<meta name=\"twitter:site\" content=\"@EstratConcursos\" \/>\n<meta name=\"twitter:label1\" content=\"Escrito por\" \/>\n\t<meta name=\"twitter:data1\" content=\"Coordena\u00e7\u00e3o\" \/>\n\t<meta name=\"twitter:label2\" content=\"Est. tempo de leitura\" \/>\n\t<meta name=\"twitter:data2\" content=\"3 minutos\" \/>\n<script type=\"application\/ld+json\" class=\"yoast-schema-graph\">{\"@context\":\"https:\/\/schema.org\",\"@graph\":[{\"@type\":\"NewsArticle\",\"@id\":\"https:\/\/www.estrategiaconcursos.com.br\/blog\/edital-concurso-ufms\/#article\",\"isPartOf\":{\"@id\":\"https:\/\/www.estrategiaconcursos.com.br\/blog\/edital-concurso-ufms\/\"},\"author\":{\"name\":\"Coordena\u00e7\u00e3o\",\"@id\":\"https:\/\/www.estrategiaconcursos.com.br\/blog\/#\/schema\/person\/b4a388c97673c5f483d72185668afa1f\"},\"headline\":\"Concurso UFMS: est\u00e3o abertas as inscri\u00e7\u00f5es do certame com 7 vagas para N\u00edvel Superior\",\"datePublished\":\"2019-01-15T05:00:57+00:00\",\"dateModified\":\"2021-12-16T18:34:49+00:00\",\"mainEntityOfPage\":{\"@id\":\"https:\/\/www.estrategiaconcursos.com.br\/blog\/edital-concurso-ufms\/\"},\"wordCount\":267,\"commentCount\":2,\"publisher\":{\"@id\":\"https:\/\/www.estrategiaconcursos.com.br\/blog\/#organization\"},\"image\":{\"@id\":\"https:\/\/www.estrategiaconcursos.com.br\/blog\/edital-concurso-ufms\/#primaryimage\"},\"thumbnailUrl\":\"https:\/\/dhg1h5j42swfq.cloudfront.net\/2017\/08\/22145117\/saiu-edital-ec-2-e1505903719246.jpg\",\"articleSection\":[\"Concursos P\u00fablicos\",\"Educa\u00e7\u00e3o\"],\"inLanguage\":\"pt-BR\",\"potentialAction\":[{\"@type\":\"CommentAction\",\"name\":\"Comment\",\"target\":[\"https:\/\/www.estrategiaconcursos.com.br\/blog\/edital-concurso-ufms\/#respond\"]}],\"copyrightYear\":\"2019\",\"copyrightHolder\":{\"@id\":\"https:\/\/www.estrategiaconcursos.com.br\/blog\/#organization\"}},{\"@type\":\"WebPage\",\"@id\":\"https:\/\/www.estrategiaconcursos.com.br\/blog\/edital-concurso-ufms\/\",\"url\":\"https:\/\/www.estrategiaconcursos.com.br\/blog\/edital-concurso-ufms\/\",\"name\":\"Concurso UFMS 2019:abertas as inscri\u00e7\u00f5es com 7 vagas para N\u00edvel Superior\",\"isPartOf\":{\"@id\":\"https:\/\/www.estrategiaconcursos.com.br\/blog\/#website\"},\"primaryImageOfPage\":{\"@id\":\"https:\/\/www.estrategiaconcursos.com.br\/blog\/edital-concurso-ufms\/#primaryimage\"},\"image\":{\"@id\":\"https:\/\/www.estrategiaconcursos.com.br\/blog\/edital-concurso-ufms\/#primaryimage\"},\"thumbnailUrl\":\"https:\/\/dhg1h5j42swfq.cloudfront.net\/2017\/08\/22145117\/saiu-edital-ec-2-e1505903719246.jpg\",\"datePublished\":\"2019-01-15T05:00:57+00:00\",\"dateModified\":\"2021-12-16T18:34:49+00:00\",\"description\":\"Concurso UFMS: est\u00e3o abertas as inscri\u00e7\u00f5es do certame nesta ter\u00e7a-feira (15) de janeiro com 7 vagas para N\u00edvel Superior; Saiba mais!\",\"breadcrumb\":{\"@id\":\"https:\/\/www.estrategiaconcursos.com.br\/blog\/edital-concurso-ufms\/#breadcrumb\"},\"inLanguage\":\"pt-BR\",\"potentialAction\":[{\"@type\":\"ReadAction\",\"target\":[\"https:\/\/www.estrategiaconcursos.com.br\/blog\/edital-concurso-ufms\/\"]}]},{\"@type\":\"ImageObject\",\"inLanguage\":\"pt-BR\",\"@id\":\"https:\/\/www.estrategiaconcursos.com.br\/blog\/edital-concurso-ufms\/#primaryimage\",\"url\":\"https:\/\/dhg1h5j42swfq.cloudfront.net\/2017\/08\/22145117\/saiu-edital-ec-2-e1505903719246.jpg\",\"contentUrl\":\"https:\/\/dhg1h5j42swfq.cloudfront.net\/2017\/08\/22145117\/saiu-edital-ec-2-e1505903719246.jpg\",\"width\":400,\"height\":209,\"caption\":\"edital tj ce\"},{\"@type\":\"BreadcrumbList\",\"@id\":\"https:\/\/www.estrategiaconcursos.com.br\/blog\/edital-concurso-ufms\/#breadcrumb\",\"itemListElement\":[{\"@type\":\"ListItem\",\"position\":1,\"name\":\"In\u00edcio\",\"item\":\"https:\/\/www.estrategiaconcursos.com.br\/blog\/\"},{\"@type\":\"ListItem\",\"position\":2,\"name\":\"Concurso UFMS: est\u00e3o abertas as inscri\u00e7\u00f5es do certame com 7 vagas para N\u00edvel Superior\"}]},{\"@type\":\"WebSite\",\"@id\":\"https:\/\/www.estrategiaconcursos.com.br\/blog\/#website\",\"url\":\"https:\/\/www.estrategiaconcursos.com.br\/blog\/\",\"name\":\"Estrat\u00e9gia Concursos\",\"description\":\"O blog da Estrat\u00e9gia Concursos traz not\u00edcias sobre concursos e artigos de professores oferecendo cursos para concursos (pdf + videaulas) no site.\",\"publisher\":{\"@id\":\"https:\/\/www.estrategiaconcursos.com.br\/blog\/#organization\"},\"potentialAction\":[{\"@type\":\"SearchAction\",\"target\":{\"@type\":\"EntryPoint\",\"urlTemplate\":\"https:\/\/www.estrategiaconcursos.com.br\/blog\/?s={search_term_string}\"},\"query-input\":{\"@type\":\"PropertyValueSpecification\",\"valueRequired\":true,\"valueName\":\"search_term_string\"}}],\"inLanguage\":\"pt-BR\"},{\"@type\":\"Organization\",\"@id\":\"https:\/\/www.estrategiaconcursos.com.br\/blog\/#organization\",\"name\":\"Estrat\u00e9gia Concursos\",\"url\":\"https:\/\/www.estrategiaconcursos.com.br\/blog\/\",\"logo\":{\"@type\":\"ImageObject\",\"inLanguage\":\"pt-BR\",\"@id\":\"https:\/\/www.estrategiaconcursos.com.br\/blog\/#\/schema\/logo\/image\/\",\"url\":\"https:\/\/dhg1h5j42swfq.cloudfront.net\/2025\/06\/03203428\/logo_concursos-1.jpg\",\"contentUrl\":\"https:\/\/dhg1h5j42swfq.cloudfront.net\/2025\/06\/03203428\/logo_concursos-1.jpg\",\"width\":230,\"height\":60,\"caption\":\"Estrat\u00e9gia Concursos\"},\"image\":{\"@id\":\"https:\/\/www.estrategiaconcursos.com.br\/blog\/#\/schema\/logo\/image\/\"},\"sameAs\":[\"https:\/\/x.com\/EstratConcursos\"]},{\"@type\":\"Person\",\"@id\":\"https:\/\/www.estrategiaconcursos.com.br\/blog\/#\/schema\/person\/b4a388c97673c5f483d72185668afa1f\",\"name\":\"Coordena\u00e7\u00e3o\",\"image\":{\"@type\":\"ImageObject\",\"inLanguage\":\"pt-BR\",\"@id\":\"https:\/\/secure.gravatar.com\/avatar\/b720319e4c9a967eb58678d110f4fe35452fc5d5f97b202bac7b8acceb18c6ad?s=96&d=mm&r=g\",\"url\":\"https:\/\/secure.gravatar.com\/avatar\/b720319e4c9a967eb58678d110f4fe35452fc5d5f97b202bac7b8acceb18c6ad?s=96&d=mm&r=g\",\"contentUrl\":\"https:\/\/secure.gravatar.com\/avatar\/b720319e4c9a967eb58678d110f4fe35452fc5d5f97b202bac7b8acceb18c6ad?s=96&d=mm&r=g\",\"caption\":\"Coordena\u00e7\u00e3o\"},\"sameAs\":[\"https:\/\/www.facebook.com\/EstrategiaConcursos\",\"https:\/\/x.com\/EstratConcursos\"],\"url\":\"https:\/\/www.estrategiaconcursos.com.br\/blog\/author\/estrategia2013\/\"}]}<\/script>\n<!-- \/ Yoast SEO Premium plugin. -->","yoast_head_json":{"title":"Concurso UFMS 2019:abertas as inscri\u00e7\u00f5es com 7 vagas para N\u00edvel Superior","description":"Concurso UFMS: est\u00e3o abertas as inscri\u00e7\u00f5es do certame nesta ter\u00e7a-feira (15) de janeiro com 7 vagas para N\u00edvel Superior; Saiba mais!","robots":{"index":"index","follow":"follow","max-snippet":"max-snippet:-1","max-image-preview":"max-image-preview:large","max-video-preview":"max-video-preview:-1"},"canonical":"https:\/\/www.estrategiaconcursos.com.br\/blog\/edital-concurso-ufms\/","og_locale":"pt_BR","og_type":"article","og_title":"Concurso UFMS: est\u00e3o abertas as inscri\u00e7\u00f5es do certame com 7 vagas para N\u00edvel Superior","og_description":"Concurso UFMS: est\u00e3o abertas as inscri\u00e7\u00f5es do certame nesta ter\u00e7a-feira (15) de janeiro com 7 vagas para N\u00edvel Superior; Saiba mais!","og_url":"https:\/\/www.estrategiaconcursos.com.br\/blog\/edital-concurso-ufms\/","og_site_name":"Estrat\u00e9gia Concursos","article_author":"https:\/\/www.facebook.com\/EstrategiaConcursos","article_published_time":"2019-01-15T05:00:57+00:00","article_modified_time":"2021-12-16T18:34:49+00:00","og_image":[{"width":400,"height":209,"url":"https:\/\/dhg1h5j42swfq.cloudfront.net\/2017\/08\/22145117\/saiu-edital-ec-2-e1505903719246.jpg","type":"image\/jpeg"}],"author":"Coordena\u00e7\u00e3o","twitter_card":"summary_large_image","twitter_creator":"@EstratConcursos","twitter_site":"@EstratConcursos","twitter_misc":{"Escrito por":"Coordena\u00e7\u00e3o","Est. tempo de leitura":"3 minutos"},"schema":{"@context":"https:\/\/schema.org","@graph":[{"@type":"NewsArticle","@id":"https:\/\/www.estrategiaconcursos.com.br\/blog\/edital-concurso-ufms\/#article","isPartOf":{"@id":"https:\/\/www.estrategiaconcursos.com.br\/blog\/edital-concurso-ufms\/"},"author":{"name":"Coordena\u00e7\u00e3o","@id":"https:\/\/www.estrategiaconcursos.com.br\/blog\/#\/schema\/person\/b4a388c97673c5f483d72185668afa1f"},"headline":"Concurso UFMS: est\u00e3o abertas as inscri\u00e7\u00f5es do certame com 7 vagas para N\u00edvel Superior","datePublished":"2019-01-15T05:00:57+00:00","dateModified":"2021-12-16T18:34:49+00:00","mainEntityOfPage":{"@id":"https:\/\/www.estrategiaconcursos.com.br\/blog\/edital-concurso-ufms\/"},"wordCount":267,"commentCount":2,"publisher":{"@id":"https:\/\/www.estrategiaconcursos.com.br\/blog\/#organization"},"image":{"@id":"https:\/\/www.estrategiaconcursos.com.br\/blog\/edital-concurso-ufms\/#primaryimage"},"thumbnailUrl":"https:\/\/dhg1h5j42swfq.cloudfront.net\/2017\/08\/22145117\/saiu-edital-ec-2-e1505903719246.jpg","articleSection":["Concursos P\u00fablicos","Educa\u00e7\u00e3o"],"inLanguage":"pt-BR","potentialAction":[{"@type":"CommentAction","name":"Comment","target":["https:\/\/www.estrategiaconcursos.com.br\/blog\/edital-concurso-ufms\/#respond"]}],"copyrightYear":"2019","copyrightHolder":{"@id":"https:\/\/www.estrategiaconcursos.com.br\/blog\/#organization"}},{"@type":"WebPage","@id":"https:\/\/www.estrategiaconcursos.com.br\/blog\/edital-concurso-ufms\/","url":"https:\/\/www.estrategiaconcursos.com.br\/blog\/edital-concurso-ufms\/","name":"Concurso UFMS 2019:abertas as inscri\u00e7\u00f5es com 7 vagas para N\u00edvel Superior","isPartOf":{"@id":"https:\/\/www.estrategiaconcursos.com.br\/blog\/#website"},"primaryImageOfPage":{"@id":"https:\/\/www.estrategiaconcursos.com.br\/blog\/edital-concurso-ufms\/#primaryimage"},"image":{"@id":"https:\/\/www.estrategiaconcursos.com.br\/blog\/edital-concurso-ufms\/#primaryimage"},"thumbnailUrl":"https:\/\/dhg1h5j42swfq.cloudfront.net\/2017\/08\/22145117\/saiu-edital-ec-2-e1505903719246.jpg","datePublished":"2019-01-15T05:00:57+00:00","dateModified":"2021-12-16T18:34:49+00:00","description":"Concurso UFMS: est\u00e3o abertas as inscri\u00e7\u00f5es do certame nesta ter\u00e7a-feira (15) de janeiro com 7 vagas para N\u00edvel Superior; Saiba mais!","breadcrumb":{"@id":"https:\/\/www.estrategiaconcursos.com.br\/blog\/edital-concurso-ufms\/#breadcrumb"},"inLanguage":"pt-BR","potentialAction":[{"@type":"ReadAction","target":["https:\/\/www.estrategiaconcursos.com.br\/blog\/edital-concurso-ufms\/"]}]},{"@type":"ImageObject","inLanguage":"pt-BR","@id":"https:\/\/www.estrategiaconcursos.com.br\/blog\/edital-concurso-ufms\/#primaryimage","url":"https:\/\/dhg1h5j42swfq.cloudfront.net\/2017\/08\/22145117\/saiu-edital-ec-2-e1505903719246.jpg","contentUrl":"https:\/\/dhg1h5j42swfq.cloudfront.net\/2017\/08\/22145117\/saiu-edital-ec-2-e1505903719246.jpg","width":400,"height":209,"caption":"edital tj ce"},{"@type":"BreadcrumbList","@id":"https:\/\/www.estrategiaconcursos.com.br\/blog\/edital-concurso-ufms\/#breadcrumb","itemListElement":[{"@type":"ListItem","position":1,"name":"In\u00edcio","item":"https:\/\/www.estrategiaconcursos.com.br\/blog\/"},{"@type":"ListItem","position":2,"name":"Concurso UFMS: est\u00e3o abertas as inscri\u00e7\u00f5es do certame com 7 vagas para N\u00edvel Superior"}]},{"@type":"WebSite","@id":"https:\/\/www.estrategiaconcursos.com.br\/blog\/#website","url":"https:\/\/www.estrategiaconcursos.com.br\/blog\/","name":"Estrat\u00e9gia Concursos","description":"O blog da Estrat\u00e9gia Concursos traz not\u00edcias sobre concursos e artigos de professores oferecendo cursos para concursos (pdf + videaulas) no site.","publisher":{"@id":"https:\/\/www.estrategiaconcursos.com.br\/blog\/#organization"},"potentialAction":[{"@type":"SearchAction","target":{"@type":"EntryPoint","urlTemplate":"https:\/\/www.estrategiaconcursos.com.br\/blog\/?s={search_term_string}"},"query-input":{"@type":"PropertyValueSpecification","valueRequired":true,"valueName":"search_term_string"}}],"inLanguage":"pt-BR"},{"@type":"Organization","@id":"https:\/\/www.estrategiaconcursos.com.br\/blog\/#organization","name":"Estrat\u00e9gia Concursos","url":"https:\/\/www.estrategiaconcursos.com.br\/blog\/","logo":{"@type":"ImageObject","inLanguage":"pt-BR","@id":"https:\/\/www.estrategiaconcursos.com.br\/blog\/#\/schema\/logo\/image\/","url":"https:\/\/dhg1h5j42swfq.cloudfront.net\/2025\/06\/03203428\/logo_concursos-1.jpg","contentUrl":"https:\/\/dhg1h5j42swfq.cloudfront.net\/2025\/06\/03203428\/logo_concursos-1.jpg","width":230,"height":60,"caption":"Estrat\u00e9gia Concursos"},"image":{"@id":"https:\/\/www.estrategiaconcursos.com.br\/blog\/#\/schema\/logo\/image\/"},"sameAs":["https:\/\/x.com\/EstratConcursos"]},{"@type":"Person","@id":"https:\/\/www.estrategiaconcursos.com.br\/blog\/#\/schema\/person\/b4a388c97673c5f483d72185668afa1f","name":"Coordena\u00e7\u00e3o","image":{"@type":"ImageObject","inLanguage":"pt-BR","@id":"https:\/\/secure.gravatar.com\/avatar\/b720319e4c9a967eb58678d110f4fe35452fc5d5f97b202bac7b8acceb18c6ad?s=96&d=mm&r=g","url":"https:\/\/secure.gravatar.com\/avatar\/b720319e4c9a967eb58678d110f4fe35452fc5d5f97b202bac7b8acceb18c6ad?s=96&d=mm&r=g","contentUrl":"https:\/\/secure.gravatar.com\/avatar\/b720319e4c9a967eb58678d110f4fe35452fc5d5f97b202bac7b8acceb18c6ad?s=96&d=mm&r=g","caption":"Coordena\u00e7\u00e3o"},"sameAs":["https:\/\/www.facebook.com\/EstrategiaConcursos","https:\/\/x.com\/EstratConcursos"],"url":"https:\/\/www.estrategiaconcursos.com.br\/blog\/author\/estrategia2013\/"}]}},"_links":{"self":[{"href":"https:\/\/www.estrategiaconcursos.com.br\/blog\/wp-json\/wp\/v2\/posts\/157310","targetHints":{"allow":["GET"]}}],"collection":[{"href":"https:\/\/www.estrategiaconcursos.com.br\/blog\/wp-json\/wp\/v2\/posts"}],"about":[{"href":"https:\/\/www.estrategiaconcursos.com.br\/blog\/wp-json\/wp\/v2\/types\/post"}],"author":[{"embeddable":true,"href":"https:\/\/www.estrategiaconcursos.com.br\/blog\/wp-json\/wp\/v2\/users\/1"}],"replies":[{"embeddable":true,"href":"https:\/\/www.estrategiaconcursos.com.br\/blog\/wp-json\/wp\/v2\/comments?post=157310"}],"version-history":[{"count":9,"href":"https:\/\/www.estrategiaconcursos.com.br\/blog\/wp-json\/wp\/v2\/posts\/157310\/revisions"}],"predecessor-version":[{"id":930912,"href":"https:\/\/www.estrategiaconcursos.com.br\/blog\/wp-json\/wp\/v2\/posts\/157310\/revisions\/930912"}],"wp:featuredmedia":[{"embeddable":true,"href":"https:\/\/www.estrategiaconcursos.com.br\/blog\/wp-json\/wp\/v2\/media\/86322"}],"wp:attachment":[{"href":"https:\/\/www.estrategiaconcursos.com.br\/blog\/wp-json\/wp\/v2\/media?parent=157310"}],"wp:term":[{"taxonomy":"category","embeddable":true,"href":"https:\/\/www.estrategiaconcursos.com.br\/blog\/wp-json\/wp\/v2\/categories?post=157310"},{"taxonomy":"post_tag","embeddable":true,"href":"https:\/\/www.estrategiaconcursos.com.br\/blog\/wp-json\/wp\/v2\/tags?post=157310"},{"taxonomy":"tax_estado","embeddable":true,"href":"https:\/\/www.estrategiaconcursos.com.br\/blog\/wp-json\/wp\/v2\/tax_estado?post=157310"}],"curies":[{"name":"wp","href":"https:\/\/api.w.org\/{rel}","templated":true}]}}