{"id":1572268,"date":"2025-05-07T10:35:00","date_gmt":"2025-05-07T13:35:00","guid":{"rendered":"https:\/\/www.estrategiaconcursos.com.br\/blog\/?p=1572268"},"modified":"2025-05-08T12:14:13","modified_gmt":"2025-05-08T15:14:13","slug":"concurso-mpu-recursos-tecnico-administracao","status":"publish","type":"post","link":"https:\/\/www.estrategiaconcursos.com.br\/blog\/concurso-mpu-recursos-tecnico-administracao\/","title":{"rendered":"Concurso MPU: recursos de T\u00e9cnico &#8211; Administra\u00e7\u00e3o"},"content":{"rendered":"\n<p>O <strong>concurso MPU (Minist\u00e9rio P\u00fablico da Uni\u00e3o)<\/strong> teve suas provas aplicadas no \u00faltimo domingo, 04. Inclusive, os <a href=\"https:\/\/www.estrategiaconcursos.com.br\/blog\/concurso-mpu-gabarito-preliminar\/\" target=\"_blank\" rel=\"noreferrer noopener\">gabaritos preliminares<\/a> da etapa j\u00e1 foram divulgados.<\/p>\n\n\n\n<p>Com isso, aos interessados, o prazo para interposi\u00e7\u00e3o de recursos ficar\u00e1 aberto entre os dias 07 e 08 de maio, diretamente na \u00e1rea do candidato no site da <a href=\"https:\/\/conhecimento.fgv.br\/concursos\/mpu2025\" target=\"_blank\" rel=\"noreferrer noopener\">FGV<\/a>.<\/p>\n\n\n\n<p>E para te ajudar, assim como na <a href=\"https:\/\/www.estrategiaconcursos.com.br\/blog\/gabarito-extraoficial-mpu-tecnico-administracao\/\" target=\"_blank\" rel=\"noreferrer noopener\">corre\u00e7\u00e3o extraoficial<\/a>, nossos professores identificaram algumas possibilidades de recursos para <strong>T\u00e9cnico &#8211; Administra\u00e7\u00e3o.<\/strong> <\/p>\n\n\n<figure class=\"wp-block-embed-youtube wp-block-embed is-type-video is-provider-youtube wp-embed-aspect-16-9 wp-has-aspect-ratio lyte-align aligncenter\"><div class=\"lyte-wrapper\" style=\"width:853px;max-width:100%;margin:5px;\"><div class=\"lyMe\" id=\"WYL_t-QgV3267go\"><div id=\"lyte_t-QgV3267go\" data-src=\"\/\/i.ytimg.com\/vi\/t-QgV3267go\/hqdefault.jpg\" class=\"pL\"><div class=\"tC\"><div class=\"tT\"><\/div><\/div><div class=\"play\"><\/div><div class=\"ctrl\"><div class=\"Lctrl\"><\/div><div class=\"Rctrl\"><\/div><\/div><\/div><noscript><a href=\"https:\/\/youtu.be\/t-QgV3267go\" rel=\"nofollow\"><img loading=\"lazy\" decoding=\"async\" src=\"https:\/\/i.ytimg.com\/vi\/t-QgV3267go\/0.jpg\" alt=\"YouTube video thumbnail\" width=\"853\" height=\"460\" \/><br \/>Assista a este v\u00eddeo no YouTube<\/a><\/noscript><\/div><\/div><div class=\"lL\" style=\"max-width:100%;width:853px;margin:5px;\"><\/div><figcaption><\/figcaption><\/figure>\n\n\n<h2 class=\"wp-block-heading has-very-light-gray-to-cyan-bluish-gray-gradient-background has-background\" id=\"ingles\">Concurso MPU: recursos T\u00e9cnico &#8211; Administra\u00e7\u00e3o<\/h2>\n\n\n\n<h2 class=\"wp-block-heading has-vivid-green-cyan-color has-text-color has-link-color wp-elements-015a9df6fe83da5b7472dfd98912366b\" id=\"h-questao-13\">Quest\u00e3o 13<\/h2>\n\n\n\n<figure class=\"wp-block-image aligncenter size-full\"><img loading=\"lazy\" decoding=\"async\" width=\"567\" height=\"295\" src=\"https:\/\/dhg1h5j42swfq.cloudfront.net\/2025\/05\/07084158\/image-38.png\" alt=\"Concurso MPU: recursos de T\u00e9cnico - Administra\u00e7\u00e3o\" class=\"wp-image-1572400\" srcset=\"https:\/\/dhg1h5j42swfq.cloudfront.net\/2025\/05\/07084158\/image-38.png 567w, https:\/\/dhg1h5j42swfq.cloudfront.net\/2025\/05\/07084158\/image-38-300x156.png 300w, https:\/\/dhg1h5j42swfq.cloudfront.net\/2025\/05\/07084158\/image-38-150x78.png 150w\" sizes=\"auto, (max-width: 567px) 100vw, 567px\" \/><\/figure>\n\n\n\n<p><strong>GABARITO PRELIMINAR DA BANCA: A<\/strong>&nbsp;<\/p>\n\n\n\n<p><strong>GABARITO PRETENDIDO:\u202f\u202fB<\/strong>&nbsp;<\/p>\n\n\n\n<p><strong>FUNDAMENTA\u00c7\u00c3O:<\/strong><strong>\u202f<\/strong>&nbsp;<\/p>\n\n\n\n<p>A quest\u00e3o de n\u00famero 13 teve gabarito preliminar a alternativa A. Contudo, com todo o respeito \u00e0 Banca, nota-se um equ\u00edvoco, conforme fundamenta\u00e7\u00e3o que se segue.&nbsp;<\/p>\n\n\n\n<p>Na alternativa A, l\u00ea-se que o termo \u201c\u2019certamente\u2019 marca alta probabilidade e baixo grau de d\u00favida\u201d. Ocorre que, de acordo com Aulete (2011), o voc\u00e1bulo \u201ccertamente\u201d significa \u201cde modo indubit\u00e1vel; com certeza\u201d. Desse modo, a alternativa A torna-se inconsistente, visto que \u201cindubit\u00e1vel\u201d e \u201ccom certeza\u201d n\u00e3o encontram quaisquer proximidades sem\u00e2nticas com \u201c(alta) probabilidade\u201d e \u201cbaixo grau de d\u00favida\u201d. Em verdade, \u201calta probabilidade\u201d e \u201cbaixo grau de d\u00favida\u201d n\u00e3o podem ser inferidos da palavra \u201ccertamente\u201d, uma vez que subjaz a esse termo as ideias de \u201ccerteza\u201d e \u201cnenhuma d\u00favida\u201d.&nbsp;<\/p>\n\n\n\n<p>A alternativa B est\u00e1 correta, pois a forma verbal \u201cse iniciou\u201d seria corretamente grafada \u201ciniciou-se\u201d, de modo que a \u00eanclise \u00e9 igualmente poss\u00edvel. O termo invari\u00e1vel \u201ccertamente\u201d n\u00e3o atrai o termo \u201cse\u201d, porque est\u00e1 distante do pronome obl\u00edquo &#8211; h\u00e1 duas palavras vari\u00e1veis entre o adv\u00e9rbio \u201ccertamente\u201d e o pronome \u201cse\u201d: o artigo definido \u201ca\u201d e o substantivo \u201cci\u00eancia\u201d, ambos termos vari\u00e1veis e, portanto, n\u00e3o exercem atra\u00e7\u00e3o do pronome obl\u00edquo.&nbsp;<\/p>\n\n\n\n<p>Conforme est\u00e1 estruturada no enunciado, a forma procl\u00edtica \u201cse iniciou\u201d na frase \u201cCertamente a ci\u00eancia se iniciou num tempo muito anterior ao registro hist\u00f3rico e ao das artes das cavernas\u201d poderia estar na forma encl\u00edtica, visto que n\u00e3o h\u00e1 nela nenhum ind\u00edcio de obrigatoriedade seja de \u00eanclise, seja de pr\u00f3clise, conforme se l\u00ea em Bechara (2009), Cegalla (2020) e Cunha e Cintra (2021).&nbsp;<\/p>\n\n\n\n<p>Assim, est\u00e3o gramaticalmente corretas as constru\u00e7\u00f5es a seguir: \u201cCertamente a ci\u00eancia <strong>se iniciou<\/strong> num tempo muito anterior ao registro hist\u00f3rico e ao das artes das cavernas\u201d (pr\u00f3clise); \u201cCertamente a ci\u00eancia <strong>iniciou-se<\/strong> num tempo muito anterior ao registro hist\u00f3rico e ao das artes das cavernas\u201d (\u00eanclise).&nbsp;<\/p>\n\n\n\n<p>Com base no exposto acima, solicita-se respeitosamente a mudan\u00e7a de gabarito.&nbsp;<\/p>\n\n\n\n<p><strong>Refer\u00eancias bibliogr\u00e1ficas:&nbsp;<\/strong>&nbsp;<\/p>\n\n\n\n<p>AULETE, Caldas. <strong>Nov\u00edssimo Aulete<\/strong> &#8211; dicion\u00e1rio contempor\u00e2neo da l\u00edngua portuguesa. Rio de Janeiro: Lexikon, 2011.&nbsp;<\/p>\n\n\n\n<p>BECHARA, Evanildo. <strong>Moderna gram\u00e1tica portuguesa<\/strong>. 37. ed. rev.,&nbsp; ampl. e atual.&nbsp; conforme o novo Acordo Ortogr\u00e1fico. Rio de Janeiro: Nova Fronteira, 2009.&nbsp;<\/p>\n\n\n\n<p>CEGALLA, Domingos Paschoal. <strong>Nov\u00edssima gram\u00e1tica da l\u00edngua portuguesa<\/strong>. 49. ed. S\u00e3o Paulo: Companhia Editora Nacional, 2020.&nbsp;&nbsp;&nbsp;<\/p>\n\n\n\n<p>CINTRA, Celso; CINTRA, Lindley. <strong>Nova gram\u00e1tica do portugu\u00eas contempor\u00e2neo<\/strong>. 7. ed. Rio de Janeiro: Lexikon, 2021.&nbsp;<\/p>\n\n\n\n<hr class=\"wp-block-separator has-alpha-channel-opacity is-style-dots\"\/>\n\n\n\n<h3 class=\"wp-block-heading has-vivid-green-cyan-color has-text-color has-link-color wp-elements-8457dece7e6f5183e4403dba7eec6256\" id=\"h-questao-30-prova-1-questao-29-prova-2-questao-28-prova-3-questao-27-prova-4\">Quest\u00e3o 30 (Prova 1) | Quest\u00e3o 29 (Prova 2) | Quest\u00e3o 28 (Prova 3) | Quest\u00e3o 27 (Prova 4)<\/h3>\n\n\n\n<p><strong><em>\u201cEm 2004, o Decreto n\u00b0 5.296 foi promulgado para regulamentar a Lei n\u00b0 10.048\/2000, que confere atendimento priorit\u00e1rio a determinado grupo de pessoas, dentre elas, as pessoas com defici\u00eancia e com mobilidade reduzida, e a Lei n\u00ba 10.098\/2000, que estabelece normas gerais e crit\u00e9rios b\u00e1sicos para a promo\u00e7\u00e3o da acessibilidade \u00e0quele mesmo grupo de pessoas.<\/em><\/strong><\/p>\n\n\n\n<p><strong><em>Com base nesses atos normativos e na legisla\u00e7\u00e3o pertinente, \u00e9 correto afirmar que:<\/em><\/strong><\/p>\n\n\n\n<p><em>(A) o Decreto n\u00ba 5.296\/2004 estabelece que o atendimento imediato \u00e9 aquele prestado aos seus benefici\u00e1rios, antes de qualquer outra pessoa e antes mesmo de conclu\u00eddo o atendimento que estiver em andamento;<\/em><\/p>\n\n\n\n<p><em>(B) a prioridade fica condicionada \u00e0 avalia\u00e7\u00e3o m\u00e9dica, em face da gravidade dos casos a atender, apenas nos servi\u00e7os de emerg\u00eancia dos estabelecimentos p\u00fablicos de atendimento \u00e0 sa\u00fade; &#8211;<\/em><\/p>\n\n\n\n<p><em>(C) os sem\u00e1foros para pedestres instalados nas vias p\u00fablicas dever\u00e3o estar equipados com mecanismo que sirva de guia ou orienta\u00e7\u00e3o para a travessia de pessoa portadora de defici\u00eancia visual ou com mobilidade reduzida em todos os locais onde a intensidade do fluxo de ve\u00edculos ou de pessoas, ou a periculosidade na via, assim determinarem, bem como mediante solicita\u00e7\u00e3o dos interessados;<\/em><\/p>\n\n\n\n<p><em>(D) o tratamento diferenciado est\u00e1 especificado no Decreto n\u00ba 5.296\/2004 de forma exaustiva, ou seja, n\u00e3o pode ser interpretado de forma extensiva nem abarca outras hip\u00f3teses que porventura surjam;<\/em><\/p>\n\n\n\n<p><em>(E) o Decreto n\u00ba 5.296\/2004 conceitua como edifica\u00e7\u00f5es de uso p\u00fablico aquelas destinadas \u00e0s atividades de natureza hoteleira, cultural, esportiva, financeira, tur\u00edstica, social, religiosa, educacional, industrial e de sa\u00fade, inclusive as edifica\u00e7\u00f5es de presta\u00e7\u00e3o de servi\u00e7os de atividades da mesma natureza.\u201d.<\/em><\/p>\n\n\n\n<p><strong><span style=\"text-decoration: underline;\">Fundamentos para ANULA\u00c7\u00c3O DA QUEST\u00c3O:<\/span><\/strong><\/p>\n\n\n\n<p>A quest\u00e3o em tela exige o conhecimento do texto do Decreto n\u00ba 5.296\/04 N\u00c3O SE ENCONTRA PREVISTO PELO EDITAL DO CONCURSO. Desse modo, resta configurada ILEGALIDADE (art. 37, <em>caput<\/em>, CF\/88).<\/p>\n\n\n\n<p>Observa-se que a Lei n. 10.098\/00, que estabelece normas gerais e crit\u00e9rios b\u00e1sicos para a promo\u00e7\u00e3o da acessibilidade das pessoas portadoras de defici\u00eancia ou com mobilidade reduzida, resolveria apenas parte da quest\u00e3o, mas o candidato n\u00e3o conseguiria chegar a resposta correta sem que conhecesse do Decreto que a regulamenta. Com base no seu art. 9<sup>o<\/sup>&nbsp;da Lei n. 10.098\/00, tem-se que:<\/p>\n\n\n\n<p>Art. 9\u00ba. Os sem\u00e1foros para pedestres instalados nas vias p\u00fablicas dever\u00e3o estar equipados com mecanismo que emita sinal sonoro suave, intermitente e sem estrid\u00eancia, ou com mecanismo alternativo, que sirva de guia ou orienta\u00e7\u00e3o para a travessia de pessoas portadoras de defici\u00eancia visual, se a intensidade do fluxo de ve\u00edculos e a periculosidade da via assim determinarem.<\/p>\n\n\n\n<p><a><\/a>Par\u00e1grafo \u00fanico. <strong><u>Os sem\u00e1foros para pedestres instalados em vias p\u00fablicas de grande circula\u00e7\u00e3o, ou que deem acesso aos servi\u00e7os de reabilita\u00e7\u00e3o, devem obrigatoriamente estar equipados com mecanismo que emita sinal sonoro suave para orienta\u00e7\u00e3o do pedestre.<\/u><\/strong><strong><u><\/u><\/strong><\/p>\n\n\n\n<p>Contudo, apenas a partir do texto do <strong>Decreto n\u00ba 5.296\/04<\/strong>, em seu art. 17, \u00e9 que teremos a informa\u00e7\u00e3o que exige a quest\u00e3o para que o candidato marcasse a alternativa \u201cC\u201d, a correta. V\u00ea-se:<\/p>\n\n\n\n<p>Art.&nbsp;17.&nbsp;&nbsp;Os sem\u00e1foros para pedestres instalados nas vias p\u00fablicas dever\u00e3o estar equipados com mecanismo que sirva de guia ou orienta\u00e7\u00e3o para a travessia de pessoa portadora de defici\u00eancia visual ou com mobilidade reduzida em todos os locais onde a intensidade do fluxo de ve\u00edculos, de pessoas ou a periculosidade na via assim determinarem, <strong><u>bem como mediante solicita\u00e7\u00e3o dos interessados.<\/u><\/strong><strong><u><\/u><\/strong><\/p>\n\n\n\n<p><strong>Sendo assim, para que o candidato conseguisse resolver a quest\u00e3o precisaria do conhecimento estabelecido pelo texto do Decreto n\u00ba 5.296\/04, art. 17, que n\u00e3o est\u00e1 previsto no edital do concurso. <u>Desse modo, por n\u00e3o haver previs\u00e3o edital\u00edcia quanto ao mencionado Decreto, a quest\u00e3o merece ser anulada<\/u>.<\/strong> Sob tal tese, tem-se a seguinte posi\u00e7\u00e3o jurisprudencial:<\/p>\n\n\n\n<p><strong><u>Informativo 797, de dezembro de 2023, do STJ:<\/u><\/strong><\/p>\n\n\n\n<p><em>As regras edital\u00edcias nos concursos p\u00fablicos vinculam tanto a Administra\u00e7\u00e3o como os candidatos participantes.<\/em><\/p>\n\n\n\n<p>O Informativo baseia-se no <strong><u>AgInt no RMS 61.892\/MG<\/u><\/strong>, que define:<\/p>\n\n\n\n<p>&#8220;(&#8230;) III &#8211; O edital constitui a lei interna do concurso p\u00fablico, vinculando n\u00e3o apenas os candidatos, mas tamb\u00e9m a pr\u00f3pria Administra\u00e7\u00e3o, com regras dirigidas \u00e0 observ\u00e2ncia do princ\u00edpio da igualdade. (&#8230;)&#8221; (AgInt no RMS 61.892\/MG, relatora Ministra Regina Helena Costa, Primeira Turma, DJe 1\/7\/2021).<\/p>\n\n\n\n<p>O edital do concurso p\u00fablico deve ser observado para que se possa garantir os princ\u00edpios da legalidade (art. 37, caput, CF), da vincula\u00e7\u00e3o ao edital e da isonomia, de modo que o candidato n\u00e3o deve ser surpreendido por mat\u00e9ria n\u00e3o prevista pelo mesmo. Sempre que ocorrer tal inconformidade, a quest\u00e3o dever\u00e1 ser anulada. Tal entndimnto vem expresso em in\u00fameros julgados, assim:<\/p>\n\n\n\n<p>ADMINISTRATIVO. CONCURSO P\u00daBLICO.&nbsp;<strong>EDITAL<\/strong>&nbsp;N\u00ba 01\/2022\/ TJDFT. ANALISTA JUDICI\u00c1RIO. PRELIMINARES DE ILEGITIMIDADE PASSIVA DA UNI\u00c3O E DE LISTISCONS\u00d3RCIO PASSIVO NECESS\u00c1RIO AFASTADAS. PROVA OBJETIVA. ANULA\u00c7\u00c3O DE QUEST\u00c3O. EXCEPCIONAL POSSIBILIDADE. CONTE\u00daDO N\u00c3O PREVISTO&nbsp;<strong>NO EDITAL.<\/strong>&nbsp;SENTEN\u00c7A MANTIDA. 1. Apela\u00e7\u00f5es interpostas pela FGV e pela Uni\u00e3o contra senten\u00e7a pela qual o Ju\u00edzo a quo julgou procedente o pedido para declarar a nulidade da quest\u00e3o n. 06, da prova objetiva Tipo 04- Azul, do concurso para o cargo de Analista Judici\u00e1rio do TJDFT (<strong>Edital<\/strong>&nbsp;n\u00ba 01\/2022), garantindo \u00e0 parte autora a pontua\u00e7\u00e3o respectiva e consequente revis\u00e3o da sua nota, utilizando-se a nova avalia\u00e7\u00e3o para fins de corre\u00e7\u00e3o da prova subjetiva e, sendo o caso, participa\u00e7\u00e3o nas demais etapas do certame, inclusive nomea\u00e7\u00e3o e posse, respeitada a ordem de classifica\u00e7\u00e3o e demais requisitos a todos aplic\u00e1veis,&nbsp;<strong>nos<\/strong>&nbsp;termos do&nbsp;<strong>edital<\/strong>&nbsp;do certame. 2. Esta Corte decidiu que a Uni\u00e3o \u00e9 parte leg\u00edtima para figurar&nbsp;<strong>no<\/strong>&nbsp;polo passivo de a\u00e7\u00e3o em que se pretende anula\u00e7\u00e3o de quest\u00f5es de concurso p\u00fablico promovido por \u00f3rg\u00e3o integrante da sua estrutura administrativa (TRF1, AC 0008324-08.2010.4.01.3801\/MG, Desembargador Federal Kassio Nunes Marques, 6T, e-DJF1 10\/10\/2014). Preliminar de ilegitimidade passiva da Uni\u00e3o rejeitada. 3. N\u00e3o h\u00e1 que se falar em litiscons\u00f3rcio passivo necess\u00e1rio com os demais candidatos, pois estes n\u00e3o s\u00e3o titulares de direito \u00e0 nomea\u00e7\u00e3o, mas possuem, t\u00e3o somente, mera expectativa de direito, conforme entendimento jurisprudencial do Superior Tribunal de Justi\u00e7a. Preliminar rejeitada. 4. Controv\u00e9rsia afeta \u00e0 possibilidade de anula\u00e7\u00e3o de quest\u00e3o em prova objetiva para provimento do cargo de analista judici\u00e1rio do TJDFT. 5. A regra geral da impossibilidade de interfer\u00eancia do Poder Judici\u00e1rio&nbsp;<strong>nos<\/strong>&nbsp;crit\u00e9rios de avalia\u00e7\u00e3o estabelecidos pela banca examinadora de concurso p\u00fablico \u00e9 mitigada nas situa\u00e7\u00f5es em que o controle seja realizado pela perspectiva da legalidade do ato administrativo em causa. A cobran\u00e7a de conte\u00fado n\u00e3o previsto&nbsp;<strong>no edital<\/strong>&nbsp;propicia a realiza\u00e7\u00e3o do referido controle de legalidade. 6. Hip\u00f3tese em que a quest\u00e3o n. 06 da prova objetiva de L\u00edngua Portuguesa, Prova Azul Tipo 04, contemplou conte\u00fado que extrapola os limites do&nbsp;<strong>edital,<\/strong>&nbsp;ao exigir do candidato conhecimento sobre o tema &#8220;figuras de linguagem&#8221;. 7. Constata\u00e7\u00e3o de que, embora o&nbsp;<strong>edital<\/strong>&nbsp;em an\u00e1lise tivesse previsto como ponto de estudo o tema &#8220;sem\u00e2ntica&#8221;, dentro do qual estariam compreendidas as figuras de linguagem, tamb\u00e9m estabeleceu o detalhamento desse conte\u00fado em subitens distintos,&nbsp;<strong>nos<\/strong>&nbsp;quais a&nbsp;<strong>mat\u00e9ria<\/strong>&nbsp;controversa deixou de ser inclu\u00edda. 8. Apela\u00e7\u00f5es desprovidas. 9. Honor\u00e1rios majorados em dois pontos percentuais sobre a base de c\u00e1lculo fixada na origem (percentuais m\u00ednimos do \u00a73\u00ba do art. 85 do CPC),&nbsp;<strong>nos<\/strong>&nbsp;termos do art. 85, \u00a711, do CPC.<\/p>\n\n\n\n<p>Desse modo, requer-se que seja ANULADA a presente quest\u00e3o por exigir o conhecimento de assunto pertinente \u00e0 norma n\u00e3o prevista pelo edital do concurso.<\/p>\n\n\n\n<hr class=\"wp-block-separator has-alpha-channel-opacity is-style-dots\"\/>\n\n\n\n<h3 class=\"wp-block-heading has-vivid-green-cyan-color has-text-color has-link-color wp-elements-713af49d6a35fdc90377b797863225be\" id=\"h-questao-66-prova-tipo-1\">QUEST\u00c3O 66 (prova tipo 1)<\/h3>\n\n\n\n<p>O diretor da \u00e1rea de recursos humanos de certa organiza\u00e7\u00e3o afirmou que, em 2024, as principais atividades que realizou no trabalho foram: implementa\u00e7\u00e3o de pr\u00e1ticas de gest\u00e3o participativa na organiza\u00e7\u00e3o; melhoria das condi\u00e7\u00f5es de trabalho na organiza\u00e7\u00e3o; e atribui\u00e7\u00e3o de pr\u00eamios aos melhores funcion\u00e1rios de sua \u00e1rea. Essas atividades est\u00e3o relacionadas, respectivamente, \u00e0s seguintes fun\u00e7\u00f5es da administra\u00e7\u00e3o:<\/p>\n\n\n\n<p>a) dire\u00e7\u00e3o; dire\u00e7\u00e3o; dire\u00e7\u00e3o;<br \/>b) dire\u00e7\u00e3o; organiza\u00e7\u00e3o; dire\u00e7\u00e3o;<br \/>c) organiza\u00e7\u00e3o; organiza\u00e7\u00e3o; controle;<br \/>d) planejamento; dire\u00e7\u00e3o; dire\u00e7\u00e3o;<br \/>e) planejamento; organiza\u00e7\u00e3o; controle.<\/p>\n\n\n\n<p><strong>Gabarito preliminar: A<\/strong><\/p>\n\n\n\n<p><strong>Gabarito sugerido: B<\/strong><\/p>\n\n\n\n<p>Conforme explica Chiavenato, as fun\u00e7\u00f5es da administra\u00e7\u00e3o s\u00e3o: Planejamento, Organiza\u00e7\u00e3o, Dire\u00e7\u00e3o e Controle. (CHIAVENATO, Idalberto.&nbsp;<strong>Introdu\u00e7\u00e3o \u00e0 Teoria Geral da Administra\u00e7\u00e3o &#8211; Edi\u00e7\u00e3o Compacta<\/strong>. 5. ed. Rio de Janeiro: Atlas, 2021.&nbsp;<em>E-book.<\/em>&nbsp;p.114.)<\/p>\n\n\n\n<p>Nesse sentido, o autor explica que a fun\u00e7\u00e3o <strong>organiza\u00e7\u00e3o<\/strong> est\u00e1 relacionada \u00e0 aloca\u00e7\u00e3o de recursos, ao passo que a fun\u00e7\u00e3o <strong>dire\u00e7\u00e3o<\/strong> est\u00e1 relacionada \u00e0 condu\u00e7\u00e3o dos trabalhos, coordena\u00e7\u00e3o, comunica\u00e7\u00e3o, motiva\u00e7\u00e3o, lideran\u00e7a e orienta\u00e7\u00e3o.<\/p>\n\n\n\n<p>Vejamos as 03 principais atividades destacadas pelo enunciado da quest\u00e3o:<\/p>\n\n\n\n<p>1. implementa\u00e7\u00e3o de pr\u00e1ticas de gest\u00e3o participativa na organiza\u00e7\u00e3o. De fato, trata-se de atividade relacionada \u00e0 fun\u00e7\u00e3o <strong>dire\u00e7\u00e3o<\/strong>, uma vez que envolve condu\u00e7\u00e3o dos trabalhos, coordena\u00e7\u00e3o e motiva\u00e7\u00e3o.<\/p>\n\n\n\n<p>2. melhoria das condi\u00e7\u00f5es de trabalho na organiza\u00e7\u00e3o. Conforme explica Chiavenato, \u00e9 a fun\u00e7\u00e3o <strong>organiza\u00e7\u00e3o<\/strong> que tem foco em \u201c<strong>recursos<\/strong>\u201d. No mesmo sentido, Maximiano explica que \u201corganizar \u00e9 o processo de <strong>dispor qualquer cole\u00e7\u00e3o de recursos<\/strong> (ou conjunto de partes) em uma estrutura, classifica\u00e7\u00e3o ou ordem\u201d. O autor destaca, ainda, que a fun\u00e7\u00e3o tem como uma de suas atividades \u201cdesenhar a estrutura organizacional\u201d. (MAXIMIANO, Antonio Cesar A.&nbsp;<strong>Introdu\u00e7\u00e3o \u00e0 Administra\u00e7\u00e3o, 8\u00aa edi\u00e7\u00e3o<\/strong>. Rio de Janeiro: Atlas, 2012.&nbsp;<em>E-book.<\/em>&nbsp;pp. 180-181)<\/p>\n\n\n\n<p>Portanto, melhorar as condi\u00e7\u00f5es de trabalho na organiza\u00e7\u00e3o envolve alterar a disposi\u00e7\u00e3o dos recursos, ou seja, estruturar recursos de forma a melhorar as condi\u00e7\u00f5es de trabalho. Assim, \u201cmelhoria das condi\u00e7\u00f5es de trabalho na organiza\u00e7\u00e3o\u201d est\u00e1 relacionada \u00e0 fun\u00e7\u00e3o <strong>organiza\u00e7\u00e3o<\/strong>.<\/p>\n\n\n\n<p>3. atribui\u00e7\u00e3o de pr\u00eamios aos melhores funcion\u00e1rios de sua \u00e1rea. De fato, trata-se de atividade relacionada \u00e0 fun\u00e7\u00e3o <strong>dire\u00e7\u00e3o<\/strong>, uma vez que envolve a motiva\u00e7\u00e3o dos funcion\u00e1rios. Portanto, concorda-se com a banca.<\/p>\n\n\n\n<p><strong>Diante de todo o exposto, fica claro que a assertiva A n\u00e3o merece ser considerada o gabarito da quest\u00e3o, de tal forma que o gabarito deve ser alterado para letra B.<\/strong><\/p>\n\n\n\n<hr class=\"wp-block-separator has-alpha-channel-opacity is-style-dots\"\/>\n\n\n\n<h3 class=\"wp-block-heading has-vivid-green-cyan-color has-text-color has-link-color wp-elements-56cbbb5ce734ad9c3b0235ff9c83d3b4\" id=\"h-questao-72-prova-tipo-1\">QUEST\u00c3O 72 (prova tipo 1)<\/h3>\n\n\n\n<p>Certa organiza\u00e7\u00e3o p\u00fablica enfrentou, recentemente, problemas de redu\u00e7\u00e3o do n\u00famero de atendimentos acompanhada de aumento no consumo de materiais, bem como aus\u00eancia de informa\u00e7\u00f5es de atendimento. Preocupada com a situa\u00e7\u00e3o, a alta dire\u00e7\u00e3o quer adotar controles simult\u00e2neos, a fim de garantir o monitoramento das atividades e sua execu\u00e7\u00e3o de acordo com os padr\u00f5es de desempenho.<\/p>\n\n\n\n<p>S\u00e3o formas de controle preventivo:<\/p>\n\n\n\n<p>a) demonstrativos financeiros; formaliza\u00e7\u00e3o de autoridade e responsabilidade;<br \/>b) regras de uso de materiais de consumo; c\u00f3digo de \u00e9tica e disciplina;<br \/>c) supervis\u00e3o direta de desempenho; controle estat\u00edstico de processos;<br \/>d) testes de qualidade dos produtos; auditoria cont\u00e1bilfinanceira;<br \/>e) testes de sele\u00e7\u00e3o de recursos humanos; inspe\u00e7\u00e3o de mat\u00e9rias-primas.<\/p>\n\n\n\n<p><strong>Gabarito preliminar: C<\/strong><\/p>\n\n\n\n<p><strong>Gabarito sugerido: Anula\u00e7\u00e3o<\/strong><\/p>\n\n\n\n<p>Conforme explica Chiavenato, o controle <strong>preventivo<\/strong> \u00e9 aquele que ocorre <strong>antes<\/strong> da opera\u00e7\u00e3o e o controle <strong>simult\u00e2neo<\/strong> \u00e9 aquele que ocorre durante a <strong>opera\u00e7\u00e3o<\/strong>. (CHIAVENATO, Idalberto.&nbsp;<strong>Administra\u00e7\u00e3o nos Novos Tempos &#8211; Os Novos Horizontes em Administra\u00e7\u00e3o<\/strong>. 4. ed. Rio de Janeiro: Atlas, 2020.&nbsp;<em>E-book.<\/em>&nbsp;p.310).<\/p>\n\n\n\n<p>Primeiramente, nota-se que a quest\u00e3o padece de contradi\u00e7\u00e3o, uma vez que o enunciado diz que \u201ca alta dire\u00e7\u00e3o quer adotar controles <strong>simult\u00e2neos<\/strong>\u201d e o comando da quest\u00e3o pede que o candidato indique quais \u201cs\u00e3o formas de controle <strong>preventivo<\/strong>\u201d.<\/p>\n\n\n\n<p>Em seu gabarito preliminar, a banca indicou a <strong>letra C<\/strong>, que traz formas de controle <strong>simult\u00e2neo<\/strong> (supervis\u00e3o direta de desempenho; controle estat\u00edstico de processos).<\/p>\n\n\n\n<p>Contudo, o comando da quest\u00e3o \u00e9 claro, e pede a alternativa que traz \u201cformas de controle <strong>preventivo<\/strong>\u201d. Nesse sentido, existem duas alternativas corretas, uma vez que tanto a <strong>letra B<\/strong> (regras de uso de materiais de consumo; c\u00f3digo de \u00e9tica e disciplina) quanto a <strong>letra E<\/strong> (testes de sele\u00e7\u00e3o de recursos humanos; inspe\u00e7\u00e3o de mat\u00e9rias-primas) trazem formas de controle <strong>preventivo<\/strong>.<\/p>\n\n\n\n<p>Portanto, a quest\u00e3o merece ser anulada, uma vez que existem duas respostas corretas (letra B e letra E).<\/p>\n\n\n\n<p class=\"has-text-align-center has-background has-medium-font-size\" style=\"background-color:#abb7c229\"><strong>Saiba mais:&nbsp;<a href=\"https:\/\/www.estrategiaconcursos.com.br\/blog\/concurso-mpu\" target=\"_blank\" rel=\"noreferrer noopener\">Concurso MPU<\/a><\/strong><\/p>\n\n\n\n<div class=\"container\" id=\"boxes\">\r\n  <div class=\"row\">\r\n\r\n    <div class=\"col-sm\">\r\n      <div class=\"banner-mpu-ec\" id=\"box-assinatura\">\r\n        <h2 class=\"titulo-assinatura\">Curso para o MPU<\/h2>\r\n        <p class=\"subtitulo-assinatura\">Prepare-se para o Concurso MPU com o Estrat\u00e9gia!<\/p>\r\n        <div class=\"box-botao\">\r\n          <a class=\"btn-assinatura\" target=\"_blank\" href=\"https:\/\/www.estrategiaconcursos.com.br\/cursosPorConcurso\/mpu-ministerio-publico-da-uniao\/\" role=\"button\" rel=\"noopener noreferrer\">VER CURSOS<\/a>\r\n        <\/div>\r\n      <\/div>\r\n      <p class=\"texto-auxiliar\">Prepare-se com o melhor material e com quem mais aprova em Concursos P\u00fablicos em todo o pa\u00eds.<\/p>\r\n    <\/div>\r\n\r\n  <\/div>\r\n<\/div>\n\n\n\n<div class=\"container\" id=\"boxes\">\r\n  <div class=\"row\">\r\n\r\n    <div class=\"col-sm\">\r\n      <div class=\"estrategia\" id=\"box-assinatura\">\r\n        <h3 class=\"titulo-assinatura\"> Concursos P\u00fablicos\r\n        <p class=\"subtitulo-assinatura\">Assinatura de 1 ano ou 2 anos<\/p>\r\n        <div class=\"box-botao\">\r\n          <a class=\"btn-assinatura\" target=\"_blank\" href=\"https:\/\/www.estrategiaconcursos.com.br\/assinaturas\/\" role=\"button\" rel=\"noopener noreferrer\">ASSINE AGORA<\/a>\r\n        <\/div>\r\n      <\/h3><\/div><\/div><\/div><\/div>\n\n\n\n<h2 class=\"wp-block-heading has-text-align-center\" id=\"h-quer-saber-tudo-sobre-concursos-previstos-confira-nossos-artigos\">Quer saber tudo sobre concursos previstos?<br \/>Confira nossos artigos!<\/h2>\n\n\n\n<ul class=\"wp-block-list\">\n<li><a href=\"https:\/\/www.estrategiaconcursos.com.br\/blog\/concursos-abertos\/\" target=\"_blank\" rel=\"noreferrer noopener\">Concursos Abertos<\/a><\/li>\n\n\n\n<li><a href=\"https:\/\/www.estrategiaconcursos.com.br\/blog\/concursos-federais\/\" target=\"_blank\" rel=\"noreferrer noopener\">Concursos Federais<\/a><\/li>\n\n\n\n<li><a href=\"https:\/\/www.estrategiaconcursos.com.br\/blog\/concursos-2025\/\" target=\"_blank\" rel=\"noreferrer noopener\">Concursos 2025<\/a><\/li>\n<\/ul>\n","protected":false},"excerpt":{"rendered":"<p>O concurso MPU (Minist\u00e9rio P\u00fablico da Uni\u00e3o) teve suas provas aplicadas no \u00faltimo domingo, 04. Inclusive, os gabaritos preliminares da etapa j\u00e1 foram divulgados. Com isso, aos interessados, o prazo para interposi\u00e7\u00e3o de recursos ficar\u00e1 aberto entre os dias 07 e 08 de maio, diretamente na \u00e1rea do candidato no site da FGV. E para [&hellip;]<\/p>\n","protected":false},"author":659,"featured_media":846824,"comment_status":"open","ping_status":"closed","sticky":false,"template":"","format":"standard","meta":{"post_tipo":"news","footnotes":""},"categories":[1984,220219],"tags":[834,331,8],"tax_estado":[219963],"class_list":["post-1572268","post","type-post","status-publish","format-standard","has-post-thumbnail","hentry","category-tribunais","category-noticias","tag-coaching","tag-gabarito","tag-recurso","tax_estado-concursos-federais"],"acf":[],"yoast_head":"<!-- This site is optimized with the Yoast SEO Premium plugin v27.2 (Yoast SEO v27.2) - https:\/\/yoast.com\/product\/yoast-seo-premium-wordpress\/ -->\n<title>Concurso MPU: recursos de T\u00e9cnico - Administra\u00e7\u00e3o<\/title>\n<meta name=\"description\" content=\"Confira neste artigo quais s\u00e3o as quest\u00f5es s\u00e3o pass\u00edveis de recursos do concurso MPU para o cargo de T\u00e9cnico - Administra\u00e7\u00e3o!\" \/>\n<meta name=\"robots\" content=\"index, follow, max-snippet:-1, max-image-preview:large, max-video-preview:-1\" \/>\n<link rel=\"canonical\" href=\"https:\/\/www.estrategiaconcursos.com.br\/blog\/concurso-mpu-recursos-tecnico-administracao\/\" \/>\n<meta property=\"og:locale\" content=\"pt_BR\" \/>\n<meta property=\"og:type\" content=\"article\" \/>\n<meta property=\"og:title\" content=\"Concurso MPU: recursos de T\u00e9cnico - Administra\u00e7\u00e3o\" \/>\n<meta property=\"og:description\" content=\"Confira neste artigo quais s\u00e3o as quest\u00f5es s\u00e3o pass\u00edveis de recursos do concurso MPU para o cargo de T\u00e9cnico - Administra\u00e7\u00e3o!\" \/>\n<meta property=\"og:url\" content=\"https:\/\/www.estrategiaconcursos.com.br\/blog\/concurso-mpu-recursos-tecnico-administracao\/\" \/>\n<meta property=\"og:site_name\" content=\"Estrat\u00e9gia Concursos\" \/>\n<meta property=\"article:published_time\" content=\"2025-05-07T13:35:00+00:00\" \/>\n<meta property=\"article:modified_time\" content=\"2025-05-08T15:14:13+00:00\" \/>\n<meta property=\"og:image\" content=\"https:\/\/dhg1h5j42swfq.cloudfront.net\/2021\/08\/27001830\/mpu.jpeg\" \/>\n\t<meta property=\"og:image:width\" content=\"768\" \/>\n\t<meta property=\"og:image:height\" content=\"432\" \/>\n\t<meta property=\"og:image:type\" content=\"image\/jpeg\" \/>\n<meta name=\"author\" content=\"Camila Leite\" \/>\n<meta name=\"twitter:card\" content=\"summary_large_image\" \/>\n<meta name=\"twitter:creator\" content=\"@EstratConcursos\" \/>\n<meta name=\"twitter:site\" content=\"@EstratConcursos\" \/>\n<meta name=\"twitter:label1\" content=\"Escrito por\" \/>\n\t<meta name=\"twitter:data1\" content=\"Camila Leite\" \/>\n\t<meta name=\"twitter:label2\" content=\"Est. tempo de leitura\" \/>\n\t<meta name=\"twitter:data2\" content=\"14 minutos\" \/>\n<script type=\"application\/ld+json\" class=\"yoast-schema-graph\">{\"@context\":\"https:\/\/schema.org\",\"@graph\":[{\"@type\":\"NewsArticle\",\"@id\":\"https:\/\/www.estrategiaconcursos.com.br\/blog\/concurso-mpu-recursos-tecnico-administracao\/#article\",\"isPartOf\":{\"@id\":\"https:\/\/www.estrategiaconcursos.com.br\/blog\/concurso-mpu-recursos-tecnico-administracao\/\"},\"author\":{\"name\":\"Camila Leite\",\"@id\":\"https:\/\/www.estrategiaconcursos.com.br\/blog\/#\/schema\/person\/84ecdc6eb58d3cf1689bf76c5cd8fb38\"},\"headline\":\"Concurso MPU: recursos de T\u00e9cnico &#8211; Administra\u00e7\u00e3o\",\"datePublished\":\"2025-05-07T13:35:00+00:00\",\"dateModified\":\"2025-05-08T15:14:13+00:00\",\"mainEntityOfPage\":{\"@id\":\"https:\/\/www.estrategiaconcursos.com.br\/blog\/concurso-mpu-recursos-tecnico-administracao\/\"},\"wordCount\":2727,\"commentCount\":0,\"publisher\":{\"@id\":\"https:\/\/www.estrategiaconcursos.com.br\/blog\/#organization\"},\"image\":{\"@id\":\"https:\/\/www.estrategiaconcursos.com.br\/blog\/concurso-mpu-recursos-tecnico-administracao\/#primaryimage\"},\"thumbnailUrl\":\"https:\/\/dhg1h5j42swfq.cloudfront.net\/2021\/08\/27001830\/mpu.jpeg\",\"keywords\":[\"coaching\",\"Gabarito\",\"Recurso\"],\"articleSection\":[\"Tribunais\",\"\u00daltimas not\u00edcias\"],\"inLanguage\":\"pt-BR\",\"potentialAction\":[{\"@type\":\"CommentAction\",\"name\":\"Comment\",\"target\":[\"https:\/\/www.estrategiaconcursos.com.br\/blog\/concurso-mpu-recursos-tecnico-administracao\/#respond\"]}],\"copyrightYear\":\"2025\",\"copyrightHolder\":{\"@id\":\"https:\/\/www.estrategiaconcursos.com.br\/blog\/#organization\"}},{\"@type\":\"WebPage\",\"@id\":\"https:\/\/www.estrategiaconcursos.com.br\/blog\/concurso-mpu-recursos-tecnico-administracao\/\",\"url\":\"https:\/\/www.estrategiaconcursos.com.br\/blog\/concurso-mpu-recursos-tecnico-administracao\/\",\"name\":\"Concurso MPU: recursos de T\u00e9cnico - Administra\u00e7\u00e3o\",\"isPartOf\":{\"@id\":\"https:\/\/www.estrategiaconcursos.com.br\/blog\/#website\"},\"primaryImageOfPage\":{\"@id\":\"https:\/\/www.estrategiaconcursos.com.br\/blog\/concurso-mpu-recursos-tecnico-administracao\/#primaryimage\"},\"image\":{\"@id\":\"https:\/\/www.estrategiaconcursos.com.br\/blog\/concurso-mpu-recursos-tecnico-administracao\/#primaryimage\"},\"thumbnailUrl\":\"https:\/\/dhg1h5j42swfq.cloudfront.net\/2021\/08\/27001830\/mpu.jpeg\",\"datePublished\":\"2025-05-07T13:35:00+00:00\",\"dateModified\":\"2025-05-08T15:14:13+00:00\",\"description\":\"Confira neste artigo quais s\u00e3o as quest\u00f5es s\u00e3o pass\u00edveis de recursos do concurso MPU para o cargo de T\u00e9cnico - Administra\u00e7\u00e3o!\",\"breadcrumb\":{\"@id\":\"https:\/\/www.estrategiaconcursos.com.br\/blog\/concurso-mpu-recursos-tecnico-administracao\/#breadcrumb\"},\"inLanguage\":\"pt-BR\",\"potentialAction\":[{\"@type\":\"ReadAction\",\"target\":[\"https:\/\/www.estrategiaconcursos.com.br\/blog\/concurso-mpu-recursos-tecnico-administracao\/\"]}]},{\"@type\":\"ImageObject\",\"inLanguage\":\"pt-BR\",\"@id\":\"https:\/\/www.estrategiaconcursos.com.br\/blog\/concurso-mpu-recursos-tecnico-administracao\/#primaryimage\",\"url\":\"https:\/\/dhg1h5j42swfq.cloudfront.net\/2021\/08\/27001830\/mpu.jpeg\",\"contentUrl\":\"https:\/\/dhg1h5j42swfq.cloudfront.net\/2021\/08\/27001830\/mpu.jpeg\",\"width\":768,\"height\":432,\"caption\":\"Concurso Analista do MPU - Direito\"},{\"@type\":\"BreadcrumbList\",\"@id\":\"https:\/\/www.estrategiaconcursos.com.br\/blog\/concurso-mpu-recursos-tecnico-administracao\/#breadcrumb\",\"itemListElement\":[{\"@type\":\"ListItem\",\"position\":1,\"name\":\"In\u00edcio\",\"item\":\"https:\/\/www.estrategiaconcursos.com.br\/blog\/\"},{\"@type\":\"ListItem\",\"position\":2,\"name\":\"Concurso MPU: recursos de T\u00e9cnico &#8211; Administra\u00e7\u00e3o\"}]},{\"@type\":\"WebSite\",\"@id\":\"https:\/\/www.estrategiaconcursos.com.br\/blog\/#website\",\"url\":\"https:\/\/www.estrategiaconcursos.com.br\/blog\/\",\"name\":\"Estrat\u00e9gia Concursos\",\"description\":\"O blog da Estrat\u00e9gia Concursos traz not\u00edcias sobre concursos e artigos de professores oferecendo cursos para concursos (pdf + videaulas) no site.\",\"publisher\":{\"@id\":\"https:\/\/www.estrategiaconcursos.com.br\/blog\/#organization\"},\"potentialAction\":[{\"@type\":\"SearchAction\",\"target\":{\"@type\":\"EntryPoint\",\"urlTemplate\":\"https:\/\/www.estrategiaconcursos.com.br\/blog\/?s={search_term_string}\"},\"query-input\":{\"@type\":\"PropertyValueSpecification\",\"valueRequired\":true,\"valueName\":\"search_term_string\"}}],\"inLanguage\":\"pt-BR\"},{\"@type\":\"Organization\",\"@id\":\"https:\/\/www.estrategiaconcursos.com.br\/blog\/#organization\",\"name\":\"Estrat\u00e9gia Concursos\",\"url\":\"https:\/\/www.estrategiaconcursos.com.br\/blog\/\",\"logo\":{\"@type\":\"ImageObject\",\"inLanguage\":\"pt-BR\",\"@id\":\"https:\/\/www.estrategiaconcursos.com.br\/blog\/#\/schema\/logo\/image\/\",\"url\":\"https:\/\/dhg1h5j42swfq.cloudfront.net\/2025\/06\/03203428\/logo_concursos-1.jpg\",\"contentUrl\":\"https:\/\/dhg1h5j42swfq.cloudfront.net\/2025\/06\/03203428\/logo_concursos-1.jpg\",\"width\":230,\"height\":60,\"caption\":\"Estrat\u00e9gia Concursos\"},\"image\":{\"@id\":\"https:\/\/www.estrategiaconcursos.com.br\/blog\/#\/schema\/logo\/image\/\"},\"sameAs\":[\"https:\/\/x.com\/EstratConcursos\"]},{\"@type\":\"Person\",\"@id\":\"https:\/\/www.estrategiaconcursos.com.br\/blog\/#\/schema\/person\/84ecdc6eb58d3cf1689bf76c5cd8fb38\",\"name\":\"Camila Leite\",\"image\":{\"@type\":\"ImageObject\",\"inLanguage\":\"pt-BR\",\"@id\":\"https:\/\/secure.gravatar.com\/avatar\/f2f8faef639c8a2bfb7fb909912a56917f4c3a0aed064500168e2fb8ea55cf61?s=96&d=mm&r=g\",\"url\":\"https:\/\/secure.gravatar.com\/avatar\/f2f8faef639c8a2bfb7fb909912a56917f4c3a0aed064500168e2fb8ea55cf61?s=96&d=mm&r=g\",\"contentUrl\":\"https:\/\/secure.gravatar.com\/avatar\/f2f8faef639c8a2bfb7fb909912a56917f4c3a0aed064500168e2fb8ea55cf61?s=96&d=mm&r=g\",\"caption\":\"Camila Leite\"},\"description\":\"Formada em Design Gr\u00e1fico e em Propaganda e Marketing pela UNIP, integra a equipe de jornalismo do Estrat\u00e9gia Concursos desde 2018. Ao longo dos anos, construiu uma s\u00f3lida experi\u00eancia na produ\u00e7\u00e3o de conte\u00fado informativo e relevante para concurseiros. Desde 2020, atua na cobertura das \u00e1reas Fiscal \u2014 com \u00eanfase nas Secretarias de Fazenda (Sefaz) das regi\u00f5es Sul e Sudeste \u2014, al\u00e9m da cobertura de concursos federais, como CNU, Petrobras, CGU, Receita Federal, ag\u00eancias reguladoras (Anvisa, ANAC, entre outras) e INSS. Mant\u00e9m contato direto com os principais \u00f3rg\u00e3os p\u00fablicos, acompanhando editais, atualiza\u00e7\u00f5es e movimenta\u00e7\u00f5es importantes para os candidatos.\",\"sameAs\":[\"https:\/\/www.linkedin.com\/in\/camila-pinheiro-leite-9ba135b6\/\"],\"url\":\"https:\/\/www.estrategiaconcursos.com.br\/blog\/author\/camila-leiteestrategiaconcursos-com-br\/\"}]}<\/script>\n<!-- \/ Yoast SEO Premium plugin. -->","yoast_head_json":{"title":"Concurso MPU: recursos de T\u00e9cnico - Administra\u00e7\u00e3o","description":"Confira neste artigo quais s\u00e3o as quest\u00f5es s\u00e3o pass\u00edveis de recursos do concurso MPU para o cargo de T\u00e9cnico - Administra\u00e7\u00e3o!","robots":{"index":"index","follow":"follow","max-snippet":"max-snippet:-1","max-image-preview":"max-image-preview:large","max-video-preview":"max-video-preview:-1"},"canonical":"https:\/\/www.estrategiaconcursos.com.br\/blog\/concurso-mpu-recursos-tecnico-administracao\/","og_locale":"pt_BR","og_type":"article","og_title":"Concurso MPU: recursos de T\u00e9cnico - Administra\u00e7\u00e3o","og_description":"Confira neste artigo quais s\u00e3o as quest\u00f5es s\u00e3o pass\u00edveis de recursos do concurso MPU para o cargo de T\u00e9cnico - Administra\u00e7\u00e3o!","og_url":"https:\/\/www.estrategiaconcursos.com.br\/blog\/concurso-mpu-recursos-tecnico-administracao\/","og_site_name":"Estrat\u00e9gia Concursos","article_published_time":"2025-05-07T13:35:00+00:00","article_modified_time":"2025-05-08T15:14:13+00:00","og_image":[{"width":768,"height":432,"url":"https:\/\/dhg1h5j42swfq.cloudfront.net\/2021\/08\/27001830\/mpu.jpeg","type":"image\/jpeg"}],"author":"Camila Leite","twitter_card":"summary_large_image","twitter_creator":"@EstratConcursos","twitter_site":"@EstratConcursos","twitter_misc":{"Escrito por":"Camila Leite","Est. tempo de leitura":"14 minutos"},"schema":{"@context":"https:\/\/schema.org","@graph":[{"@type":"NewsArticle","@id":"https:\/\/www.estrategiaconcursos.com.br\/blog\/concurso-mpu-recursos-tecnico-administracao\/#article","isPartOf":{"@id":"https:\/\/www.estrategiaconcursos.com.br\/blog\/concurso-mpu-recursos-tecnico-administracao\/"},"author":{"name":"Camila Leite","@id":"https:\/\/www.estrategiaconcursos.com.br\/blog\/#\/schema\/person\/84ecdc6eb58d3cf1689bf76c5cd8fb38"},"headline":"Concurso MPU: recursos de T\u00e9cnico &#8211; Administra\u00e7\u00e3o","datePublished":"2025-05-07T13:35:00+00:00","dateModified":"2025-05-08T15:14:13+00:00","mainEntityOfPage":{"@id":"https:\/\/www.estrategiaconcursos.com.br\/blog\/concurso-mpu-recursos-tecnico-administracao\/"},"wordCount":2727,"commentCount":0,"publisher":{"@id":"https:\/\/www.estrategiaconcursos.com.br\/blog\/#organization"},"image":{"@id":"https:\/\/www.estrategiaconcursos.com.br\/blog\/concurso-mpu-recursos-tecnico-administracao\/#primaryimage"},"thumbnailUrl":"https:\/\/dhg1h5j42swfq.cloudfront.net\/2021\/08\/27001830\/mpu.jpeg","keywords":["coaching","Gabarito","Recurso"],"articleSection":["Tribunais","\u00daltimas not\u00edcias"],"inLanguage":"pt-BR","potentialAction":[{"@type":"CommentAction","name":"Comment","target":["https:\/\/www.estrategiaconcursos.com.br\/blog\/concurso-mpu-recursos-tecnico-administracao\/#respond"]}],"copyrightYear":"2025","copyrightHolder":{"@id":"https:\/\/www.estrategiaconcursos.com.br\/blog\/#organization"}},{"@type":"WebPage","@id":"https:\/\/www.estrategiaconcursos.com.br\/blog\/concurso-mpu-recursos-tecnico-administracao\/","url":"https:\/\/www.estrategiaconcursos.com.br\/blog\/concurso-mpu-recursos-tecnico-administracao\/","name":"Concurso MPU: recursos de T\u00e9cnico - Administra\u00e7\u00e3o","isPartOf":{"@id":"https:\/\/www.estrategiaconcursos.com.br\/blog\/#website"},"primaryImageOfPage":{"@id":"https:\/\/www.estrategiaconcursos.com.br\/blog\/concurso-mpu-recursos-tecnico-administracao\/#primaryimage"},"image":{"@id":"https:\/\/www.estrategiaconcursos.com.br\/blog\/concurso-mpu-recursos-tecnico-administracao\/#primaryimage"},"thumbnailUrl":"https:\/\/dhg1h5j42swfq.cloudfront.net\/2021\/08\/27001830\/mpu.jpeg","datePublished":"2025-05-07T13:35:00+00:00","dateModified":"2025-05-08T15:14:13+00:00","description":"Confira neste artigo quais s\u00e3o as quest\u00f5es s\u00e3o pass\u00edveis de recursos do concurso MPU para o cargo de T\u00e9cnico - Administra\u00e7\u00e3o!","breadcrumb":{"@id":"https:\/\/www.estrategiaconcursos.com.br\/blog\/concurso-mpu-recursos-tecnico-administracao\/#breadcrumb"},"inLanguage":"pt-BR","potentialAction":[{"@type":"ReadAction","target":["https:\/\/www.estrategiaconcursos.com.br\/blog\/concurso-mpu-recursos-tecnico-administracao\/"]}]},{"@type":"ImageObject","inLanguage":"pt-BR","@id":"https:\/\/www.estrategiaconcursos.com.br\/blog\/concurso-mpu-recursos-tecnico-administracao\/#primaryimage","url":"https:\/\/dhg1h5j42swfq.cloudfront.net\/2021\/08\/27001830\/mpu.jpeg","contentUrl":"https:\/\/dhg1h5j42swfq.cloudfront.net\/2021\/08\/27001830\/mpu.jpeg","width":768,"height":432,"caption":"Concurso Analista do MPU - Direito"},{"@type":"BreadcrumbList","@id":"https:\/\/www.estrategiaconcursos.com.br\/blog\/concurso-mpu-recursos-tecnico-administracao\/#breadcrumb","itemListElement":[{"@type":"ListItem","position":1,"name":"In\u00edcio","item":"https:\/\/www.estrategiaconcursos.com.br\/blog\/"},{"@type":"ListItem","position":2,"name":"Concurso MPU: recursos de T\u00e9cnico &#8211; Administra\u00e7\u00e3o"}]},{"@type":"WebSite","@id":"https:\/\/www.estrategiaconcursos.com.br\/blog\/#website","url":"https:\/\/www.estrategiaconcursos.com.br\/blog\/","name":"Estrat\u00e9gia Concursos","description":"O blog da Estrat\u00e9gia Concursos traz not\u00edcias sobre concursos e artigos de professores oferecendo cursos para concursos (pdf + videaulas) no site.","publisher":{"@id":"https:\/\/www.estrategiaconcursos.com.br\/blog\/#organization"},"potentialAction":[{"@type":"SearchAction","target":{"@type":"EntryPoint","urlTemplate":"https:\/\/www.estrategiaconcursos.com.br\/blog\/?s={search_term_string}"},"query-input":{"@type":"PropertyValueSpecification","valueRequired":true,"valueName":"search_term_string"}}],"inLanguage":"pt-BR"},{"@type":"Organization","@id":"https:\/\/www.estrategiaconcursos.com.br\/blog\/#organization","name":"Estrat\u00e9gia Concursos","url":"https:\/\/www.estrategiaconcursos.com.br\/blog\/","logo":{"@type":"ImageObject","inLanguage":"pt-BR","@id":"https:\/\/www.estrategiaconcursos.com.br\/blog\/#\/schema\/logo\/image\/","url":"https:\/\/dhg1h5j42swfq.cloudfront.net\/2025\/06\/03203428\/logo_concursos-1.jpg","contentUrl":"https:\/\/dhg1h5j42swfq.cloudfront.net\/2025\/06\/03203428\/logo_concursos-1.jpg","width":230,"height":60,"caption":"Estrat\u00e9gia Concursos"},"image":{"@id":"https:\/\/www.estrategiaconcursos.com.br\/blog\/#\/schema\/logo\/image\/"},"sameAs":["https:\/\/x.com\/EstratConcursos"]},{"@type":"Person","@id":"https:\/\/www.estrategiaconcursos.com.br\/blog\/#\/schema\/person\/84ecdc6eb58d3cf1689bf76c5cd8fb38","name":"Camila Leite","image":{"@type":"ImageObject","inLanguage":"pt-BR","@id":"https:\/\/secure.gravatar.com\/avatar\/f2f8faef639c8a2bfb7fb909912a56917f4c3a0aed064500168e2fb8ea55cf61?s=96&d=mm&r=g","url":"https:\/\/secure.gravatar.com\/avatar\/f2f8faef639c8a2bfb7fb909912a56917f4c3a0aed064500168e2fb8ea55cf61?s=96&d=mm&r=g","contentUrl":"https:\/\/secure.gravatar.com\/avatar\/f2f8faef639c8a2bfb7fb909912a56917f4c3a0aed064500168e2fb8ea55cf61?s=96&d=mm&r=g","caption":"Camila Leite"},"description":"Formada em Design Gr\u00e1fico e em Propaganda e Marketing pela UNIP, integra a equipe de jornalismo do Estrat\u00e9gia Concursos desde 2018. Ao longo dos anos, construiu uma s\u00f3lida experi\u00eancia na produ\u00e7\u00e3o de conte\u00fado informativo e relevante para concurseiros. Desde 2020, atua na cobertura das \u00e1reas Fiscal \u2014 com \u00eanfase nas Secretarias de Fazenda (Sefaz) das regi\u00f5es Sul e Sudeste \u2014, al\u00e9m da cobertura de concursos federais, como CNU, Petrobras, CGU, Receita Federal, ag\u00eancias reguladoras (Anvisa, ANAC, entre outras) e INSS. Mant\u00e9m contato direto com os principais \u00f3rg\u00e3os p\u00fablicos, acompanhando editais, atualiza\u00e7\u00f5es e movimenta\u00e7\u00f5es importantes para os candidatos.","sameAs":["https:\/\/www.linkedin.com\/in\/camila-pinheiro-leite-9ba135b6\/"],"url":"https:\/\/www.estrategiaconcursos.com.br\/blog\/author\/camila-leiteestrategiaconcursos-com-br\/"}]}},"_links":{"self":[{"href":"https:\/\/www.estrategiaconcursos.com.br\/blog\/wp-json\/wp\/v2\/posts\/1572268","targetHints":{"allow":["GET"]}}],"collection":[{"href":"https:\/\/www.estrategiaconcursos.com.br\/blog\/wp-json\/wp\/v2\/posts"}],"about":[{"href":"https:\/\/www.estrategiaconcursos.com.br\/blog\/wp-json\/wp\/v2\/types\/post"}],"author":[{"embeddable":true,"href":"https:\/\/www.estrategiaconcursos.com.br\/blog\/wp-json\/wp\/v2\/users\/659"}],"replies":[{"embeddable":true,"href":"https:\/\/www.estrategiaconcursos.com.br\/blog\/wp-json\/wp\/v2\/comments?post=1572268"}],"version-history":[{"count":12,"href":"https:\/\/www.estrategiaconcursos.com.br\/blog\/wp-json\/wp\/v2\/posts\/1572268\/revisions"}],"predecessor-version":[{"id":1573269,"href":"https:\/\/www.estrategiaconcursos.com.br\/blog\/wp-json\/wp\/v2\/posts\/1572268\/revisions\/1573269"}],"wp:featuredmedia":[{"embeddable":true,"href":"https:\/\/www.estrategiaconcursos.com.br\/blog\/wp-json\/wp\/v2\/media\/846824"}],"wp:attachment":[{"href":"https:\/\/www.estrategiaconcursos.com.br\/blog\/wp-json\/wp\/v2\/media?parent=1572268"}],"wp:term":[{"taxonomy":"category","embeddable":true,"href":"https:\/\/www.estrategiaconcursos.com.br\/blog\/wp-json\/wp\/v2\/categories?post=1572268"},{"taxonomy":"post_tag","embeddable":true,"href":"https:\/\/www.estrategiaconcursos.com.br\/blog\/wp-json\/wp\/v2\/tags?post=1572268"},{"taxonomy":"tax_estado","embeddable":true,"href":"https:\/\/www.estrategiaconcursos.com.br\/blog\/wp-json\/wp\/v2\/tax_estado?post=1572268"}],"curies":[{"name":"wp","href":"https:\/\/api.w.org\/{rel}","templated":true}]}}