{"id":1571580,"date":"2025-05-05T14:51:30","date_gmt":"2025-05-05T17:51:30","guid":{"rendered":"https:\/\/www.estrategiaconcursos.com.br\/blog\/?p=1571580"},"modified":"2025-05-05T15:50:43","modified_gmt":"2025-05-05T18:50:43","slug":"pss-ministerio-da-saude-escolha-da-banca-tem-inicio","status":"publish","type":"post","link":"https:\/\/www.estrategiaconcursos.com.br\/blog\/pss-ministerio-da-saude-escolha-da-banca-tem-inicio\/","title":{"rendered":"PSS Minist\u00e9rio da Sa\u00fade: escolha da banca tem in\u00edcio!"},"content":{"rendered":"\n<p>Ap\u00f3s a divulga\u00e7\u00e3o do Estudo T\u00e9cnico Preliminar, no Portal Nacional de Contrata\u00e7\u00f5es P\u00fablicas, teve in\u00edcio o processo de escolha da banca organizadora do pr\u00f3ximo processo seletivo simplificado (PSS) do <strong>Minist\u00e9rio da Sa\u00fade<\/strong>.<\/p>\n\n\n\n<figure class=\"wp-block-image aligncenter size-large\"><img loading=\"lazy\" decoding=\"async\" width=\"1024\" height=\"387\" src=\"https:\/\/dhg1h5j42swfq.cloudfront.net\/2025\/05\/05154802\/image-28-1024x387.png\" alt=\"Aviso de contrata\u00e7\u00e3o da banca confirma o recebimento de propostas at\u00e9 09 de maio\" class=\"wp-image-1571632\" srcset=\"https:\/\/dhg1h5j42swfq.cloudfront.net\/2025\/05\/05154802\/image-28-1024x387.png 1024w, https:\/\/dhg1h5j42swfq.cloudfront.net\/2025\/05\/05154802\/image-28-300x113.png 300w, https:\/\/dhg1h5j42swfq.cloudfront.net\/2025\/05\/05154802\/image-28-768x290.png 768w, https:\/\/dhg1h5j42swfq.cloudfront.net\/2025\/05\/05154802\/image-28-150x57.png 150w, https:\/\/dhg1h5j42swfq.cloudfront.net\/2025\/05\/05154802\/image-28.png 1311w\" sizes=\"auto, (max-width: 1024px) 100vw, 1024px\" \/><figcaption class=\"wp-element-caption\">Aviso de contrata\u00e7\u00e3o da banca confirma o recebimento de propostas at\u00e9 09 de maio<\/figcaption><\/figure>\n\n\n\n<p>De acordo com o documento, ser\u00e3o <strong>759 vagas tempor\u00e1rias<\/strong>, sendo 300 para preenchimento imediato e 459 para cadastro de reserva. <\/p>\n\n\n\n<ul class=\"wp-block-list\">\n<li><a href=\"https:\/\/dhg1h5j42swfq.cloudfront.net\/2025\/05\/05144209\/comprasnettretpavisocontcontrato.pdf\" target=\"_blank\" rel=\"noreferrer noopener nofollow\">Estudo T\u00e9cnico Preliminar<\/a><\/li>\n<\/ul>\n\n\n\n<p>Ainda segundo o Estudo T\u00e9cnico Preliminar, as oportunidades ser\u00e3o para os <strong>cargos de Analista e T\u00e9cnico<\/strong>. Veja as especialidades e requisitos de cada fun\u00e7\u00e3o!<\/p>\n\n\n\n<figure class=\"wp-block-image aligncenter size-full\"><img loading=\"lazy\" decoding=\"async\" width=\"1004\" height=\"658\" src=\"https:\/\/dhg1h5j42swfq.cloudfront.net\/2025\/05\/05144318\/image-27.png\" alt=\"Especialidades e requisitos dos cargos do novo processo seletivo simplificado do Minist\u00e9rio da Sa\u00fade\" class=\"wp-image-1571591\" srcset=\"https:\/\/dhg1h5j42swfq.cloudfront.net\/2025\/05\/05144318\/image-27.png 1004w, https:\/\/dhg1h5j42swfq.cloudfront.net\/2025\/05\/05144318\/image-27-300x197.png 300w, https:\/\/dhg1h5j42swfq.cloudfront.net\/2025\/05\/05144318\/image-27-768x503.png 768w, https:\/\/dhg1h5j42swfq.cloudfront.net\/2025\/05\/05144318\/image-27-150x98.png 150w\" sizes=\"auto, (max-width: 1004px) 100vw, 1004px\" \/><figcaption class=\"wp-element-caption\">Especialidades e requisitos dos cargos do novo processo seletivo simplificado do Minist\u00e9rio da Sa\u00fade<\/figcaption><\/figure>\n\n\n\n<div class=\"container\" id=\"boxes\">\n  <div class=\"row\">\n\n    <div class=\"col-sm\">\n      <div class=\"banner-residencia-medica\" id=\"box-assinatura\">\n        <h3 class=\"titulo-assinatura\">Concurso Minist\u00e9rio da Sa\u00fade<\/h3>\n        <p class=\"subtitulo-assinatura\">Prepara\u00e7\u00e3o completa para a \u00e1rea da Sa\u00fade!<\/p>\n        <div class=\"box-botao\">\n          <a class=\"btn-assinatura\" target=\"_blank\" href=\"https:\/\/www.estrategiaconcursos.com.br\/cursosPorConcurso\/cursos-para-area-da-saude\/\" role=\"button\" rel=\"noopener noreferrer\">Conhe\u00e7a mais<\/a>\n        <\/div>\n      <\/div>\n     \n    <\/div>\n\n  <\/div>\n<\/div>\n\n\n\n<h2 class=\"wp-block-heading\" id=\"h-avaliacao-ocorrera-em-diversas-cidades-e-estados\">Avalia\u00e7\u00e3o ocorrer\u00e1 em diversas cidades e estados<\/h2>\n\n\n\n<p>O documento tamb\u00e9m revela as pra\u00e7as onde os inscritos ser\u00e3o avaliados: <\/p>\n\n\n\n<ul class=\"wp-block-list\">\n<li>Bras\u00edlia;<\/li>\n\n\n\n<li>Goi\u00e2nia;<\/li>\n\n\n\n<li>Belo Horizonte;<\/li>\n\n\n\n<li>Bel\u00e9m;<\/li>\n\n\n\n<li>Curitiba;<\/li>\n\n\n\n<li>Recife; e<\/li>\n\n\n\n<li>S\u00e3o Paulo.<\/li>\n<\/ul>\n\n\n\n<h2 class=\"wp-block-heading\" id=\"h-concurso-publico-tambem-esta-autorizado\">Concurso p\u00fablico tamb\u00e9m est\u00e1 autorizado<\/h2>\n\n\n\n<p>Um <a href=\"https:\/\/www.estrategiaconcursos.com.br\/blog\/concurso-ministerio-da-saude-autorizado\/\" target=\"_blank\" rel=\"noreferrer noopener\">novo <strong>concurso p\u00fablico do Minist\u00e9rio da Sa\u00fade<\/strong> tamb\u00e9m foi autorizado<\/a>! De acordo com portaria divulgada no Di\u00e1rio Oficial da Uni\u00e3o, ser\u00e3o ofertadas 319 vagas para diversos cargos.<\/p>\n\n\n\n<p>As oportunidades ser\u00e3o distribu\u00eddas nas unidades de Centro Nacional de Primatas (CENP), Instituto Evandro Chagas (IEC), Instituto Nacional de Cardiologia (INC), Instituto Nacional de C\u00e2ncer (INCA) e Instituto Nacional de Traumatologia e Ortopedia (INTO).<\/p>\n\n\n\n<p>O <strong>prazo para publica\u00e7\u00e3o do edital de abertura ser\u00e1 de seis meses<\/strong>, ou seja, at\u00e9 maio de 2025. Agora, o \u00f3rg\u00e3o deve iniciar os tr\u00e2mites para instituir a comiss\u00e3o e contratar a banca organizadora.<\/p>\n\n\n\n<p class=\"has-text-align-center\"><em>Para mais informa\u00e7\u00f5es do PSS do Minist\u00e9rio da Sa\u00fade, cuja contrata\u00e7\u00e3o de escolha da banca teve in\u00edcio, acesse o link abaixo!<\/em><\/p>\n\n\n\n<p class=\"has-text-align-center has-cyan-bluish-gray-background-color has-background has-medium-font-size\"><strong>Saiba mais: <a href=\"https:\/\/www.estrategiaconcursos.com.br\/blog\/concurso-ministerio-da-saude\/\" target=\"_blank\" rel=\"noreferrer noopener\">concurso Minist\u00e9rio da Sa\u00fade<\/a><\/strong><\/p>\n\n\n\n<h2 class=\"wp-block-heading has-text-align-center\" id=\"h-quer-saber-tudo-sobre-concursos-previstos-confira-nossos-artigos\"> Quer saber tudo sobre concursos previstos?<br \/>Confira nossos artigos!<\/h2>\n\n\n\n<ul class=\"wp-block-list\">\n<li><a href=\"https:\/\/www.estrategiaconcursos.com.br\/blog\/concursos-abertos\/\" target=\"_blank\" rel=\"noreferrer noopener\">Concursos abertos<\/a><\/li>\n\n\n\n<li><a href=\"https:\/\/www.estrategiaconcursos.com.br\/blog\/concurso-nacional-unificado\/\" target=\"_blank\" rel=\"noreferrer noopener\">Concurso CNU<\/a><\/li>\n\n\n\n<li><a href=\"https:\/\/www.estrategiaconcursos.com.br\/blog\/concursos-2025\/\" target=\"_blank\" rel=\"noreferrer noopener\">Concursos 2025<\/a><\/li>\n<\/ul>\n\n\n\n<div class=\"container\" id=\"boxes\">\n  <div class=\"row\">\n\n    <div class=\"col-sm\">\n      <div class=\"estrategia\" id=\"box-assinatura\">\n        <h3 class=\"titulo-assinatura\">Assinatura de Concursos<\/h3>\n        <p class=\"subtitulo-assinatura\">Assinatura de 1 ano ou 2 anos<\/p>\n        <div class=\"box-botao\">\n          <a class=\"btn-assinatura\" target=\"_blank\" href=\"https:\/\/www.estrategiaconcursos.com.br\/assinaturas\/\" role=\"button\" rel=\"noopener noreferrer\">ASSINE AGORA<\/a>\n        <\/div>\n      <\/div>\n     \n    <\/div><\/div><\/div>\n","protected":false},"excerpt":{"rendered":"<p>Ap\u00f3s a divulga\u00e7\u00e3o do Estudo T\u00e9cnico Preliminar, no Portal Nacional de Contrata\u00e7\u00f5es P\u00fablicas, teve in\u00edcio o processo de escolha da banca organizadora do pr\u00f3ximo processo seletivo simplificado (PSS) do Minist\u00e9rio da Sa\u00fade. De acordo com o documento, ser\u00e3o 759 vagas tempor\u00e1rias, sendo 300 para preenchimento imediato e 459 para cadastro de reserva. Ainda segundo o [&hellip;]<\/p>\n","protected":false},"author":1483,"featured_media":765017,"comment_status":"open","ping_status":"closed","sticky":false,"template":"","format":"standard","meta":{"post_tipo":"news","footnotes":""},"categories":[1981,220219],"tags":[40,48,1205,221867,39],"tax_estado":[219963],"class_list":["post-1571580","post","type-post","status-publish","format-standard","has-post-thumbnail","hentry","category-saude","category-noticias","tag-concurso","tag-edital","tag-ministerio-da-saude","tag-processo-seletivo","tag-vagas","tax_estado-concursos-federais"],"acf":[],"yoast_head":"<!-- This site is optimized with the Yoast SEO Premium plugin v27.2 (Yoast SEO v27.2) - https:\/\/yoast.com\/product\/yoast-seo-premium-wordpress\/ -->\n<title>PSS Minist\u00e9rio da Sa\u00fade: escolha da banca tem in\u00edcio!<\/title>\n<meta name=\"description\" content=\"Foi dada a largada para a contrata\u00e7\u00e3o da banca organizadora para o novo processo seletivo simplificado do Minist\u00e9rio da Sa\u00fade.\" \/>\n<meta name=\"robots\" content=\"index, follow, max-snippet:-1, max-image-preview:large, max-video-preview:-1\" \/>\n<link rel=\"canonical\" href=\"https:\/\/www.estrategiaconcursos.com.br\/blog\/pss-ministerio-da-saude-escolha-da-banca-tem-inicio\/\" \/>\n<meta property=\"og:locale\" content=\"pt_BR\" \/>\n<meta property=\"og:type\" content=\"article\" \/>\n<meta property=\"og:title\" content=\"PSS Minist\u00e9rio da Sa\u00fade: escolha da banca tem in\u00edcio!\" \/>\n<meta property=\"og:description\" content=\"Foi dada a largada para a contrata\u00e7\u00e3o da banca organizadora para o novo processo seletivo simplificado do Minist\u00e9rio da Sa\u00fade.\" \/>\n<meta property=\"og:url\" content=\"https:\/\/www.estrategiaconcursos.com.br\/blog\/pss-ministerio-da-saude-escolha-da-banca-tem-inicio\/\" \/>\n<meta property=\"og:site_name\" content=\"Estrat\u00e9gia Concursos\" \/>\n<meta property=\"article:published_time\" content=\"2025-05-05T17:51:30+00:00\" \/>\n<meta property=\"article:modified_time\" content=\"2025-05-05T18:50:43+00:00\" \/>\n<meta property=\"og:image\" content=\"https:\/\/dhg1h5j42swfq.cloudfront.net\/2021\/06\/11164219\/ministerio-da-saude.jpg\" \/>\n\t<meta property=\"og:image:width\" content=\"768\" \/>\n\t<meta property=\"og:image:height\" content=\"432\" \/>\n\t<meta property=\"og:image:type\" content=\"image\/jpeg\" \/>\n<meta name=\"author\" content=\"Diogo Mendes\" \/>\n<meta name=\"twitter:card\" content=\"summary_large_image\" \/>\n<meta name=\"twitter:creator\" content=\"@EstratConcursos\" \/>\n<meta name=\"twitter:site\" content=\"@EstratConcursos\" \/>\n<meta name=\"twitter:label1\" content=\"Escrito por\" \/>\n\t<meta name=\"twitter:data1\" content=\"Diogo Mendes\" \/>\n\t<meta name=\"twitter:label2\" content=\"Est. tempo de leitura\" \/>\n\t<meta name=\"twitter:data2\" content=\"2 minutos\" \/>\n<script type=\"application\/ld+json\" class=\"yoast-schema-graph\">{\"@context\":\"https:\/\/schema.org\",\"@graph\":[{\"@type\":\"NewsArticle\",\"@id\":\"https:\/\/www.estrategiaconcursos.com.br\/blog\/pss-ministerio-da-saude-escolha-da-banca-tem-inicio\/#article\",\"isPartOf\":{\"@id\":\"https:\/\/www.estrategiaconcursos.com.br\/blog\/pss-ministerio-da-saude-escolha-da-banca-tem-inicio\/\"},\"author\":{\"name\":\"Diogo Mendes\",\"@id\":\"https:\/\/www.estrategiaconcursos.com.br\/blog\/#\/schema\/person\/cc9e76173880338ce9f656c88664a1f6\"},\"headline\":\"PSS Minist\u00e9rio da Sa\u00fade: escolha da banca tem in\u00edcio!\",\"datePublished\":\"2025-05-05T17:51:30+00:00\",\"dateModified\":\"2025-05-05T18:50:43+00:00\",\"mainEntityOfPage\":{\"@id\":\"https:\/\/www.estrategiaconcursos.com.br\/blog\/pss-ministerio-da-saude-escolha-da-banca-tem-inicio\/\"},\"wordCount\":361,\"commentCount\":0,\"publisher\":{\"@id\":\"https:\/\/www.estrategiaconcursos.com.br\/blog\/#organization\"},\"image\":{\"@id\":\"https:\/\/www.estrategiaconcursos.com.br\/blog\/pss-ministerio-da-saude-escolha-da-banca-tem-inicio\/#primaryimage\"},\"thumbnailUrl\":\"https:\/\/dhg1h5j42swfq.cloudfront.net\/2021\/06\/11164219\/ministerio-da-saude.jpg\",\"keywords\":[\"Concurso\",\"edital\",\"Minist\u00e9rio da Sa\u00fade\",\"processo seletivo\",\"vagas\"],\"articleSection\":[\"Sa\u00fade\",\"\u00daltimas not\u00edcias\"],\"inLanguage\":\"pt-BR\",\"potentialAction\":[{\"@type\":\"CommentAction\",\"name\":\"Comment\",\"target\":[\"https:\/\/www.estrategiaconcursos.com.br\/blog\/pss-ministerio-da-saude-escolha-da-banca-tem-inicio\/#respond\"]}],\"copyrightYear\":\"2025\",\"copyrightHolder\":{\"@id\":\"https:\/\/www.estrategiaconcursos.com.br\/blog\/#organization\"}},{\"@type\":\"WebPage\",\"@id\":\"https:\/\/www.estrategiaconcursos.com.br\/blog\/pss-ministerio-da-saude-escolha-da-banca-tem-inicio\/\",\"url\":\"https:\/\/www.estrategiaconcursos.com.br\/blog\/pss-ministerio-da-saude-escolha-da-banca-tem-inicio\/\",\"name\":\"PSS Minist\u00e9rio da Sa\u00fade: escolha da banca tem in\u00edcio!\",\"isPartOf\":{\"@id\":\"https:\/\/www.estrategiaconcursos.com.br\/blog\/#website\"},\"primaryImageOfPage\":{\"@id\":\"https:\/\/www.estrategiaconcursos.com.br\/blog\/pss-ministerio-da-saude-escolha-da-banca-tem-inicio\/#primaryimage\"},\"image\":{\"@id\":\"https:\/\/www.estrategiaconcursos.com.br\/blog\/pss-ministerio-da-saude-escolha-da-banca-tem-inicio\/#primaryimage\"},\"thumbnailUrl\":\"https:\/\/dhg1h5j42swfq.cloudfront.net\/2021\/06\/11164219\/ministerio-da-saude.jpg\",\"datePublished\":\"2025-05-05T17:51:30+00:00\",\"dateModified\":\"2025-05-05T18:50:43+00:00\",\"description\":\"Foi dada a largada para a contrata\u00e7\u00e3o da banca organizadora para o novo processo seletivo simplificado do Minist\u00e9rio da Sa\u00fade.\",\"breadcrumb\":{\"@id\":\"https:\/\/www.estrategiaconcursos.com.br\/blog\/pss-ministerio-da-saude-escolha-da-banca-tem-inicio\/#breadcrumb\"},\"inLanguage\":\"pt-BR\",\"potentialAction\":[{\"@type\":\"ReadAction\",\"target\":[\"https:\/\/www.estrategiaconcursos.com.br\/blog\/pss-ministerio-da-saude-escolha-da-banca-tem-inicio\/\"]}]},{\"@type\":\"ImageObject\",\"inLanguage\":\"pt-BR\",\"@id\":\"https:\/\/www.estrategiaconcursos.com.br\/blog\/pss-ministerio-da-saude-escolha-da-banca-tem-inicio\/#primaryimage\",\"url\":\"https:\/\/dhg1h5j42swfq.cloudfront.net\/2021\/06\/11164219\/ministerio-da-saude.jpg\",\"contentUrl\":\"https:\/\/dhg1h5j42swfq.cloudfront.net\/2021\/06\/11164219\/ministerio-da-saude.jpg\",\"width\":768,\"height\":432,\"caption\":\"minist\u00e9rio da sa\u00fade\"},{\"@type\":\"BreadcrumbList\",\"@id\":\"https:\/\/www.estrategiaconcursos.com.br\/blog\/pss-ministerio-da-saude-escolha-da-banca-tem-inicio\/#breadcrumb\",\"itemListElement\":[{\"@type\":\"ListItem\",\"position\":1,\"name\":\"In\u00edcio\",\"item\":\"https:\/\/www.estrategiaconcursos.com.br\/blog\/\"},{\"@type\":\"ListItem\",\"position\":2,\"name\":\"PSS Minist\u00e9rio da Sa\u00fade: escolha da banca tem in\u00edcio!\"}]},{\"@type\":\"WebSite\",\"@id\":\"https:\/\/www.estrategiaconcursos.com.br\/blog\/#website\",\"url\":\"https:\/\/www.estrategiaconcursos.com.br\/blog\/\",\"name\":\"Estrat\u00e9gia Concursos\",\"description\":\"O blog da Estrat\u00e9gia Concursos traz not\u00edcias sobre concursos e artigos de professores oferecendo cursos para concursos (pdf + videaulas) no site.\",\"publisher\":{\"@id\":\"https:\/\/www.estrategiaconcursos.com.br\/blog\/#organization\"},\"potentialAction\":[{\"@type\":\"SearchAction\",\"target\":{\"@type\":\"EntryPoint\",\"urlTemplate\":\"https:\/\/www.estrategiaconcursos.com.br\/blog\/?s={search_term_string}\"},\"query-input\":{\"@type\":\"PropertyValueSpecification\",\"valueRequired\":true,\"valueName\":\"search_term_string\"}}],\"inLanguage\":\"pt-BR\"},{\"@type\":\"Organization\",\"@id\":\"https:\/\/www.estrategiaconcursos.com.br\/blog\/#organization\",\"name\":\"Estrat\u00e9gia Concursos\",\"url\":\"https:\/\/www.estrategiaconcursos.com.br\/blog\/\",\"logo\":{\"@type\":\"ImageObject\",\"inLanguage\":\"pt-BR\",\"@id\":\"https:\/\/www.estrategiaconcursos.com.br\/blog\/#\/schema\/logo\/image\/\",\"url\":\"https:\/\/dhg1h5j42swfq.cloudfront.net\/2025\/06\/03203428\/logo_concursos-1.jpg\",\"contentUrl\":\"https:\/\/dhg1h5j42swfq.cloudfront.net\/2025\/06\/03203428\/logo_concursos-1.jpg\",\"width\":230,\"height\":60,\"caption\":\"Estrat\u00e9gia Concursos\"},\"image\":{\"@id\":\"https:\/\/www.estrategiaconcursos.com.br\/blog\/#\/schema\/logo\/image\/\"},\"sameAs\":[\"https:\/\/x.com\/EstratConcursos\"]},{\"@type\":\"Person\",\"@id\":\"https:\/\/www.estrategiaconcursos.com.br\/blog\/#\/schema\/person\/cc9e76173880338ce9f656c88664a1f6\",\"name\":\"Diogo Mendes\",\"image\":{\"@type\":\"ImageObject\",\"inLanguage\":\"pt-BR\",\"@id\":\"https:\/\/secure.gravatar.com\/avatar\/9754d6777d460a45ef4067b586b94c32005cc2345a0404b8d96adc620cf63806?s=96&d=mm&r=g\",\"url\":\"https:\/\/secure.gravatar.com\/avatar\/9754d6777d460a45ef4067b586b94c32005cc2345a0404b8d96adc620cf63806?s=96&d=mm&r=g\",\"contentUrl\":\"https:\/\/secure.gravatar.com\/avatar\/9754d6777d460a45ef4067b586b94c32005cc2345a0404b8d96adc620cf63806?s=96&d=mm&r=g\",\"caption\":\"Diogo Mendes\"},\"description\":\"Diogo Mendes \u00e9 jornalista formado pela Universidade Paulista, com experi\u00eancia em reda\u00e7\u00f5es de diversos ve\u00edculos e na produ\u00e7\u00e3o de conte\u00fados especializados em concursos p\u00fablicos. Desde 2019, atua no Estrat\u00e9gia Concursos como Jornalista e Analista de Conte\u00fado, com foco na apura\u00e7\u00e3o de informa\u00e7\u00f5es junto a \u00f3rg\u00e3os e fontes oficiais. Dedica-se especialmente \u00e0 produ\u00e7\u00e3o de not\u00edcias e reportagens sobre Concursos Legislativos, al\u00e9m de acompanhar diariamente os concursos policiais, banc\u00e1rios e da \u00e1rea da sa\u00fade.\",\"url\":\"https:\/\/www.estrategiaconcursos.com.br\/blog\/author\/diogo-mendesestrategiaconcursos-com-br\/\"}]}<\/script>\n<!-- \/ Yoast SEO Premium plugin. -->","yoast_head_json":{"title":"PSS Minist\u00e9rio da Sa\u00fade: escolha da banca tem in\u00edcio!","description":"Foi dada a largada para a contrata\u00e7\u00e3o da banca organizadora para o novo processo seletivo simplificado do Minist\u00e9rio da Sa\u00fade.","robots":{"index":"index","follow":"follow","max-snippet":"max-snippet:-1","max-image-preview":"max-image-preview:large","max-video-preview":"max-video-preview:-1"},"canonical":"https:\/\/www.estrategiaconcursos.com.br\/blog\/pss-ministerio-da-saude-escolha-da-banca-tem-inicio\/","og_locale":"pt_BR","og_type":"article","og_title":"PSS Minist\u00e9rio da Sa\u00fade: escolha da banca tem in\u00edcio!","og_description":"Foi dada a largada para a contrata\u00e7\u00e3o da banca organizadora para o novo processo seletivo simplificado do Minist\u00e9rio da Sa\u00fade.","og_url":"https:\/\/www.estrategiaconcursos.com.br\/blog\/pss-ministerio-da-saude-escolha-da-banca-tem-inicio\/","og_site_name":"Estrat\u00e9gia Concursos","article_published_time":"2025-05-05T17:51:30+00:00","article_modified_time":"2025-05-05T18:50:43+00:00","og_image":[{"width":768,"height":432,"url":"https:\/\/dhg1h5j42swfq.cloudfront.net\/2021\/06\/11164219\/ministerio-da-saude.jpg","type":"image\/jpeg"}],"author":"Diogo Mendes","twitter_card":"summary_large_image","twitter_creator":"@EstratConcursos","twitter_site":"@EstratConcursos","twitter_misc":{"Escrito por":"Diogo Mendes","Est. tempo de leitura":"2 minutos"},"schema":{"@context":"https:\/\/schema.org","@graph":[{"@type":"NewsArticle","@id":"https:\/\/www.estrategiaconcursos.com.br\/blog\/pss-ministerio-da-saude-escolha-da-banca-tem-inicio\/#article","isPartOf":{"@id":"https:\/\/www.estrategiaconcursos.com.br\/blog\/pss-ministerio-da-saude-escolha-da-banca-tem-inicio\/"},"author":{"name":"Diogo Mendes","@id":"https:\/\/www.estrategiaconcursos.com.br\/blog\/#\/schema\/person\/cc9e76173880338ce9f656c88664a1f6"},"headline":"PSS Minist\u00e9rio da Sa\u00fade: escolha da banca tem in\u00edcio!","datePublished":"2025-05-05T17:51:30+00:00","dateModified":"2025-05-05T18:50:43+00:00","mainEntityOfPage":{"@id":"https:\/\/www.estrategiaconcursos.com.br\/blog\/pss-ministerio-da-saude-escolha-da-banca-tem-inicio\/"},"wordCount":361,"commentCount":0,"publisher":{"@id":"https:\/\/www.estrategiaconcursos.com.br\/blog\/#organization"},"image":{"@id":"https:\/\/www.estrategiaconcursos.com.br\/blog\/pss-ministerio-da-saude-escolha-da-banca-tem-inicio\/#primaryimage"},"thumbnailUrl":"https:\/\/dhg1h5j42swfq.cloudfront.net\/2021\/06\/11164219\/ministerio-da-saude.jpg","keywords":["Concurso","edital","Minist\u00e9rio da Sa\u00fade","processo seletivo","vagas"],"articleSection":["Sa\u00fade","\u00daltimas not\u00edcias"],"inLanguage":"pt-BR","potentialAction":[{"@type":"CommentAction","name":"Comment","target":["https:\/\/www.estrategiaconcursos.com.br\/blog\/pss-ministerio-da-saude-escolha-da-banca-tem-inicio\/#respond"]}],"copyrightYear":"2025","copyrightHolder":{"@id":"https:\/\/www.estrategiaconcursos.com.br\/blog\/#organization"}},{"@type":"WebPage","@id":"https:\/\/www.estrategiaconcursos.com.br\/blog\/pss-ministerio-da-saude-escolha-da-banca-tem-inicio\/","url":"https:\/\/www.estrategiaconcursos.com.br\/blog\/pss-ministerio-da-saude-escolha-da-banca-tem-inicio\/","name":"PSS Minist\u00e9rio da Sa\u00fade: escolha da banca tem in\u00edcio!","isPartOf":{"@id":"https:\/\/www.estrategiaconcursos.com.br\/blog\/#website"},"primaryImageOfPage":{"@id":"https:\/\/www.estrategiaconcursos.com.br\/blog\/pss-ministerio-da-saude-escolha-da-banca-tem-inicio\/#primaryimage"},"image":{"@id":"https:\/\/www.estrategiaconcursos.com.br\/blog\/pss-ministerio-da-saude-escolha-da-banca-tem-inicio\/#primaryimage"},"thumbnailUrl":"https:\/\/dhg1h5j42swfq.cloudfront.net\/2021\/06\/11164219\/ministerio-da-saude.jpg","datePublished":"2025-05-05T17:51:30+00:00","dateModified":"2025-05-05T18:50:43+00:00","description":"Foi dada a largada para a contrata\u00e7\u00e3o da banca organizadora para o novo processo seletivo simplificado do Minist\u00e9rio da Sa\u00fade.","breadcrumb":{"@id":"https:\/\/www.estrategiaconcursos.com.br\/blog\/pss-ministerio-da-saude-escolha-da-banca-tem-inicio\/#breadcrumb"},"inLanguage":"pt-BR","potentialAction":[{"@type":"ReadAction","target":["https:\/\/www.estrategiaconcursos.com.br\/blog\/pss-ministerio-da-saude-escolha-da-banca-tem-inicio\/"]}]},{"@type":"ImageObject","inLanguage":"pt-BR","@id":"https:\/\/www.estrategiaconcursos.com.br\/blog\/pss-ministerio-da-saude-escolha-da-banca-tem-inicio\/#primaryimage","url":"https:\/\/dhg1h5j42swfq.cloudfront.net\/2021\/06\/11164219\/ministerio-da-saude.jpg","contentUrl":"https:\/\/dhg1h5j42swfq.cloudfront.net\/2021\/06\/11164219\/ministerio-da-saude.jpg","width":768,"height":432,"caption":"minist\u00e9rio da sa\u00fade"},{"@type":"BreadcrumbList","@id":"https:\/\/www.estrategiaconcursos.com.br\/blog\/pss-ministerio-da-saude-escolha-da-banca-tem-inicio\/#breadcrumb","itemListElement":[{"@type":"ListItem","position":1,"name":"In\u00edcio","item":"https:\/\/www.estrategiaconcursos.com.br\/blog\/"},{"@type":"ListItem","position":2,"name":"PSS Minist\u00e9rio da Sa\u00fade: escolha da banca tem in\u00edcio!"}]},{"@type":"WebSite","@id":"https:\/\/www.estrategiaconcursos.com.br\/blog\/#website","url":"https:\/\/www.estrategiaconcursos.com.br\/blog\/","name":"Estrat\u00e9gia Concursos","description":"O blog da Estrat\u00e9gia Concursos traz not\u00edcias sobre concursos e artigos de professores oferecendo cursos para concursos (pdf + videaulas) no site.","publisher":{"@id":"https:\/\/www.estrategiaconcursos.com.br\/blog\/#organization"},"potentialAction":[{"@type":"SearchAction","target":{"@type":"EntryPoint","urlTemplate":"https:\/\/www.estrategiaconcursos.com.br\/blog\/?s={search_term_string}"},"query-input":{"@type":"PropertyValueSpecification","valueRequired":true,"valueName":"search_term_string"}}],"inLanguage":"pt-BR"},{"@type":"Organization","@id":"https:\/\/www.estrategiaconcursos.com.br\/blog\/#organization","name":"Estrat\u00e9gia Concursos","url":"https:\/\/www.estrategiaconcursos.com.br\/blog\/","logo":{"@type":"ImageObject","inLanguage":"pt-BR","@id":"https:\/\/www.estrategiaconcursos.com.br\/blog\/#\/schema\/logo\/image\/","url":"https:\/\/dhg1h5j42swfq.cloudfront.net\/2025\/06\/03203428\/logo_concursos-1.jpg","contentUrl":"https:\/\/dhg1h5j42swfq.cloudfront.net\/2025\/06\/03203428\/logo_concursos-1.jpg","width":230,"height":60,"caption":"Estrat\u00e9gia Concursos"},"image":{"@id":"https:\/\/www.estrategiaconcursos.com.br\/blog\/#\/schema\/logo\/image\/"},"sameAs":["https:\/\/x.com\/EstratConcursos"]},{"@type":"Person","@id":"https:\/\/www.estrategiaconcursos.com.br\/blog\/#\/schema\/person\/cc9e76173880338ce9f656c88664a1f6","name":"Diogo Mendes","image":{"@type":"ImageObject","inLanguage":"pt-BR","@id":"https:\/\/secure.gravatar.com\/avatar\/9754d6777d460a45ef4067b586b94c32005cc2345a0404b8d96adc620cf63806?s=96&d=mm&r=g","url":"https:\/\/secure.gravatar.com\/avatar\/9754d6777d460a45ef4067b586b94c32005cc2345a0404b8d96adc620cf63806?s=96&d=mm&r=g","contentUrl":"https:\/\/secure.gravatar.com\/avatar\/9754d6777d460a45ef4067b586b94c32005cc2345a0404b8d96adc620cf63806?s=96&d=mm&r=g","caption":"Diogo Mendes"},"description":"Diogo Mendes \u00e9 jornalista formado pela Universidade Paulista, com experi\u00eancia em reda\u00e7\u00f5es de diversos ve\u00edculos e na produ\u00e7\u00e3o de conte\u00fados especializados em concursos p\u00fablicos. Desde 2019, atua no Estrat\u00e9gia Concursos como Jornalista e Analista de Conte\u00fado, com foco na apura\u00e7\u00e3o de informa\u00e7\u00f5es junto a \u00f3rg\u00e3os e fontes oficiais. Dedica-se especialmente \u00e0 produ\u00e7\u00e3o de not\u00edcias e reportagens sobre Concursos Legislativos, al\u00e9m de acompanhar diariamente os concursos policiais, banc\u00e1rios e da \u00e1rea da sa\u00fade.","url":"https:\/\/www.estrategiaconcursos.com.br\/blog\/author\/diogo-mendesestrategiaconcursos-com-br\/"}]}},"_links":{"self":[{"href":"https:\/\/www.estrategiaconcursos.com.br\/blog\/wp-json\/wp\/v2\/posts\/1571580","targetHints":{"allow":["GET"]}}],"collection":[{"href":"https:\/\/www.estrategiaconcursos.com.br\/blog\/wp-json\/wp\/v2\/posts"}],"about":[{"href":"https:\/\/www.estrategiaconcursos.com.br\/blog\/wp-json\/wp\/v2\/types\/post"}],"author":[{"embeddable":true,"href":"https:\/\/www.estrategiaconcursos.com.br\/blog\/wp-json\/wp\/v2\/users\/1483"}],"replies":[{"embeddable":true,"href":"https:\/\/www.estrategiaconcursos.com.br\/blog\/wp-json\/wp\/v2\/comments?post=1571580"}],"version-history":[{"count":8,"href":"https:\/\/www.estrategiaconcursos.com.br\/blog\/wp-json\/wp\/v2\/posts\/1571580\/revisions"}],"predecessor-version":[{"id":1571634,"href":"https:\/\/www.estrategiaconcursos.com.br\/blog\/wp-json\/wp\/v2\/posts\/1571580\/revisions\/1571634"}],"wp:featuredmedia":[{"embeddable":true,"href":"https:\/\/www.estrategiaconcursos.com.br\/blog\/wp-json\/wp\/v2\/media\/765017"}],"wp:attachment":[{"href":"https:\/\/www.estrategiaconcursos.com.br\/blog\/wp-json\/wp\/v2\/media?parent=1571580"}],"wp:term":[{"taxonomy":"category","embeddable":true,"href":"https:\/\/www.estrategiaconcursos.com.br\/blog\/wp-json\/wp\/v2\/categories?post=1571580"},{"taxonomy":"post_tag","embeddable":true,"href":"https:\/\/www.estrategiaconcursos.com.br\/blog\/wp-json\/wp\/v2\/tags?post=1571580"},{"taxonomy":"tax_estado","embeddable":true,"href":"https:\/\/www.estrategiaconcursos.com.br\/blog\/wp-json\/wp\/v2\/tax_estado?post=1571580"}],"curies":[{"name":"wp","href":"https:\/\/api.w.org\/{rel}","templated":true}]}}