{"id":1571534,"date":"2026-04-30T08:19:00","date_gmt":"2026-04-30T11:19:00","guid":{"rendered":"https:\/\/www.estrategiaconcursos.com.br\/blog\/?p=1571534"},"modified":"2026-04-30T16:06:54","modified_gmt":"2026-04-30T19:06:54","slug":"concursos-2026","status":"publish","type":"post","link":"https:\/\/www.estrategiaconcursos.com.br\/blog\/concursos-2026\/","title":{"rendered":"Concursos 2026: mais de 160 mil vagas; sal\u00e1rios de at\u00e9 R$ 30 mil!"},"content":{"rendered":"\n<p style=\"font-size:clamp(14.642px, 0.915rem + ((1vw - 3.2px) * 0.721), 22px);\"><strong><em>Fique por dentro dos Concursos 2026; s\u00e3o mais de 100 mil vagas previstas para diversas \u00e1reas, entre elas, fiscal, controle, tribunais, policial, sa\u00fade e muito mais!<\/em><\/strong><\/p>\n\n\n\n<p>A aprova\u00e7\u00e3o do PL 5.874\/2025 pelo Senado Federal \u00e9 apenas a ponta do iceberg para quem busca a estabilidade no servi\u00e7o p\u00fablico. <\/p>\n\n\n\n<p>O <strong>cen\u00e1rio para 2026<\/strong> \u00e9 de oportunidades massivas por meio de novos editais de <a href=\"https:\/\/www.estrategiaconcursos.com.br\" target=\"_blank\" rel=\"noreferrer noopener\"><strong>concursos<\/strong> <strong>p\u00fablicos<\/strong><\/a>, com sal\u00e1rios competitivos e vagas para todos os n\u00edveis de escolaridade.<\/p>\n\n\n\n<p>Vale destacar que a&nbsp;<strong>Lei Or\u00e7ament\u00e1ria Anual (LOA) de 2026<\/strong>&nbsp;\u00e9 o motor que viabilizar\u00e1 essas autoriza\u00e7\u00f5es e nomea\u00e7\u00f5es. O or\u00e7amento prioriza \u00e1reas estrat\u00e9gicas como&nbsp;<strong>Sa\u00fade, Educa\u00e7\u00e3o e Seguran\u00e7a P\u00fablica<\/strong>, garantindo o f\u00f4lego financeiro necess\u00e1rio para o preenchimento de milhares de postos.<\/p>\n\n\n\n<p>As proje\u00e7\u00f5es or\u00e7ament\u00e1rias apontam para uma oferta hist\u00f3rica distribu\u00edda entre os poderes:<\/p>\n\n\n\n<ul class=\"wp-block-list\">\n<li><strong>Poder Executivo:<\/strong>&nbsp;155.381 vagaso<\/li>\n\n\n\n<li><strong>Poder Judici\u00e1rio:<\/strong>&nbsp;6.983 vagas<\/li>\n\n\n\n<li><strong>Poder Legislativo:<\/strong>&nbsp;271 vagas<\/li>\n\n\n\n<li><strong>Defensoria P\u00fablica da Uni\u00e3o (DPU):<\/strong>&nbsp;810 vagas<\/li>\n\n\n\n<li><strong>Minist\u00e9rio P\u00fablico da Uni\u00e3o (MPU):<\/strong>&nbsp;357 vagas<\/li>\n<\/ul>\n\n\n\n<p>Quem garante a vaga come\u00e7a a se preparar antes mesmo da publica\u00e7\u00e3o do edital, acompanhando cada movimenta\u00e7\u00e3o e prazo.<\/p>\n\n\n\n<p>Para dar um g\u00e1s nos seus estudos, a equipe de jornalismo do&nbsp;<strong>Estrat\u00e9gia Concursos<\/strong>&nbsp;selecionou os principais certames de 2026, com detalhes exclusivos sobre remunera\u00e7\u00e3o, requisitos e n\u00famero de vagas.<\/p>\n\n\n\n<p>Aproveite este momento de reestrutura\u00e7\u00e3o das carreiras federais para organizar seu cronograma e garantir sua vaga em um dos maiores ciclos de contrata\u00e7\u00e3o da hist\u00f3ria recent<\/p>\n\n\n\n<p>Confira e monte seu plano de prepara\u00e7\u00e3o!<\/p>\n\n\n\n<div class=\"container\" id=\"boxes\">\n  <div class=\"row\">\n\n    <div class=\"col-sm\">\n      <div class=\"banner-estrat-corj\" id=\"box-assinatura\">\n        <h2 class=\"titulo-assinatura\" style=\"text-align: left;\">Concursos 2026<\/h2>\n        <p class=\"subtitulo-assinatura\" style=\"text-align: left;\">Explore os cursos preparat\u00f3rios completos! \u2728<\/p>\n        <div class=\"box-botao\" style=\"text-align: left;\">\n          <a class=\"btn-assinatura\" target=\"_blank\" href=\"https:\/\/www.estrategiaconcursos.com.br\/cursos\/concurso\/\" role=\"button\" rel=\"noopener noreferrer\">CLIQUE AQUI<\/a>\n        <\/div>\n      <\/div><\/div><\/div><\/div>\n\n\n\n<h2 class=\"wp-block-heading\" id=\"concursos-e-vagas-previstas-para-2023\">Concursos e vagas previstas para 2026:<\/h2>\n\n\n\n<ul id=\"indice\" class=\"wp-block-list\">\n<li class=\"indice\"><a href=\"#policial\">Concursos Policiais<\/a><\/li>\n\n\n\n<li><a href=\"#fiscal\">Concursos Fiscais<\/a><\/li>\n\n\n\n<li class=\"indice\"><a href=\"#controle\">Concursos Controle<\/a><\/li>\n\n\n\n<li class=\"indice\"><a href=\"#tribunais\">Concursos Tribunais e Procuradorias<\/a><\/li>\n\n\n\n<li class=\"indice\"><a href=\"#ministerios-publicos\">Concursos Minist\u00e9rios P\u00fablicos<\/a><\/li>\n\n\n\n<li class=\"indice\"><a href=\"#defensorias-publicas\">Concursos Defensorias<\/a><\/li>\n\n\n\n<li class=\"indice\"><a href=\"#legislativa\">Concursos Legislativos<\/a><\/li>\n\n\n\n<li class=\"indice\"><a href=\"#saude\">Concursos Sa\u00fade<\/a><\/li>\n\n\n\n<li class=\"indice\"><a href=\"#bancaria\">Concursos Banc\u00e1rios<\/a><\/li>\n\n\n\n<li class=\"indice\"><a href=\"#educacao\">Concursos Educa\u00e7\u00e3o<\/a><\/li>\n\n\n\n<li class=\"indice\"><a href=\"#prefeituras\">Concursos Prefeituras<\/a><\/li>\n\n\n\n<li class=\"indice\"><a href=\"#conselhos\">Concursos Conselhos<\/a><\/li>\n\n\n\n<li class=\"indice\"><a href=\"#outros\">Outras oportunidades<\/a><\/li>\n\n\n\n<li class=\"indice\"><a href=\"#concursos-estado\">Concursos por Estado<\/a><\/li>\n<\/ul>\n\n\n\n<h2 class=\"wp-block-heading has-very-light-gray-to-cyan-bluish-gray-gradient-background has-background\" id=\"policial\">Concursos 2026: \u00e1rea Policial<\/h2>\n\n\n\n<h3 class=\"wp-block-heading has-pale-cyan-blue-background-color has-background\" id=\"h-concurso-pc-pb\"><a href=\"https:\/\/www.estrategiaconcursos.com.br\/blog\/concurso-pc-pb\/\" target=\"_blank\" rel=\"noreferrer noopener\">Concurso PC PB<\/a><\/h3>\n\n\n\n<ul class=\"wp-block-list\">\n<li><strong>Status:<\/strong> recomendado<\/li>\n\n\n\n<li><strong>Cargos<\/strong>: diversos<\/li>\n\n\n\n<li><strong>Forma\u00e7\u00e3o:<\/strong> n\u00edvel superior<\/li>\n\n\n\n<li><strong>Vagas: <\/strong>a definir<\/li>\n\n\n\n<li><strong>Sal\u00e1rio:<\/strong> R$ 4.551,21 a R$ 13.350,93 [remunera\u00e7\u00f5es atuais]<\/li>\n<\/ul>\n\n\n\n<h3 class=\"wp-block-heading has-pale-cyan-blue-background-color has-background\" id=\"h-concurso-prf\"><a href=\"https:\/\/www.estrategiaconcursos.com.br\/blog\/concurso-prf\/\" target=\"_blank\" rel=\"noreferrer noopener\">Concurso PRF<\/a><\/h3>\n\n\n\n<ul class=\"wp-block-list\">\n<li><strong>Status:&nbsp;<\/strong>Solicitado<\/li>\n\n\n\n<li><strong>Cargos:&nbsp;<\/strong>Policial Rodovi\u00e1rio<\/li>\n\n\n\n<li><strong>Forma\u00e7\u00e3o:<\/strong>&nbsp;N\u00edvel superior<\/li>\n\n\n\n<li><strong>Vagas:<\/strong>&nbsp;263<\/li>\n\n\n\n<li><strong>Sal\u00e1rio:<\/strong>&nbsp;R$ 11.670,33<\/li>\n<\/ul>\n\n\n\n<h3 class=\"wp-block-heading has-pale-cyan-blue-background-color has-background\" id=\"h-concurso-prf-administrativo\"><a href=\"https:\/\/www.estrategiaconcursos.com.br\/blog\/concurso-prf-administrativo\/\" target=\"_blank\" rel=\"noreferrer noopener\">Concurso PRF Administrativo<\/a><\/h3>\n\n\n\n<ul class=\"wp-block-list\">\n<li><strong>Status:&nbsp;<\/strong>Solicitado<\/li>\n\n\n\n<li><strong>Cargos:<\/strong> Agente Administrativo<\/li>\n\n\n\n<li><strong>Forma\u00e7\u00e3o:<\/strong>&nbsp;N\u00edvel m\u00e9dio<\/li>\n\n\n\n<li><strong>Vagas:<\/strong>&nbsp;248<\/li>\n\n\n\n<li><strong>Sal\u00e1rio:<\/strong>&nbsp;R$ 5.173,28<\/li>\n<\/ul>\n\n\n\n<h3 class=\"wp-block-heading has-pale-cyan-blue-background-color has-background\" id=\"h-concurso-pc-al\"><a href=\"https:\/\/www.estrategiaconcursos.com.br\/blog\/concurso-pc-al\/\" target=\"_blank\" rel=\"noreferrer noopener\">Concurso PC AL<\/a><\/h3>\n\n\n\n<ul class=\"wp-block-list\">\n<li><strong>Status:<\/strong>&nbsp;comiss\u00e3o formada<\/li>\n\n\n\n<li><strong>Cargos:<\/strong> Agente e Escriv\u00e3o<\/li>\n\n\n\n<li><strong>Forma\u00e7\u00e3o:<\/strong>&nbsp;superior<\/li>\n\n\n\n<li><strong>Vagas:<\/strong>&nbsp;150 + 150 CR<\/li>\n\n\n\n<li><strong>Sal\u00e1rio:&nbsp;<\/strong>R$ 3.971,76ou<\/li>\n<\/ul>\n\n\n\n<h3 class=\"wp-block-heading has-pale-cyan-blue-background-color has-background\" id=\"h-concurso-pc-se\"><a href=\"https:\/\/www.estrategiaconcursos.com.br\/blog\/concurso-policia-civil-sergipe\/\" target=\"_blank\" rel=\"noreferrer noopener\">Concurso PC SE<\/a><\/h3>\n\n\n\n<ul class=\"wp-block-list\">\n<li><strong>Status:<\/strong>&nbsp;em estudos<\/li>\n\n\n\n<li><strong>Cargos:<\/strong> Oficial Investigador<\/li>\n\n\n\n<li><strong>Forma\u00e7\u00e3o:<\/strong>&nbsp;superior<\/li>\n\n\n\n<li><strong>Vagas:<\/strong>&nbsp;a definir<\/li>\n\n\n\n<li><strong>Sal\u00e1rio:&nbsp;<\/strong>R$ 4.500,00<\/li>\n<\/ul>\n\n\n\n<h3 class=\"wp-block-heading has-pale-cyan-blue-background-color has-background\" id=\"h-concurso-pc-ap\"><a href=\"https:\/\/www.estrategiaconcursos.com.br\/blog\/concurso-pc-ap\/\" target=\"_blank\" rel=\"noreferrer noopener\">Concurso PC AP<\/a><\/h3>\n\n\n\n<ul class=\"wp-block-list\">\n<li><strong>Status:<\/strong>&nbsp;comiss\u00e3o formada | banca em contrata\u00e7\u00e3o<\/li>\n\n\n\n<li><strong>Cargos:<\/strong> Oficial Investigador e Delegado<\/li>\n\n\n\n<li><strong>Forma\u00e7\u00e3o:<\/strong>&nbsp;m\u00e9dio e superior<\/li>\n\n\n\n<li><strong>Vagas:<\/strong>&nbsp;295 CR<\/li>\n\n\n\n<li><strong>Sal\u00e1rio:&nbsp;<\/strong>R$ 6.067,95 a R$ 16.650,89<\/li>\n<\/ul>\n\n\n\n<h3 class=\"wp-block-heading has-pale-cyan-blue-background-color has-background\" id=\"h-concurso-pc-rj\"><a href=\"https:\/\/www.estrategiaconcursos.com.br\/blog\/concurso-policia-civil-rj\/\" target=\"_blank\" rel=\"noreferrer noopener\">Concurso PC RJ<\/a><\/h3>\n\n\n\n<ul class=\"wp-block-list\">\n<li><strong>Status:<\/strong>&nbsp;comiss\u00e3o formada<\/li>\n\n\n\n<li><strong>Cargos:<\/strong> diversos<\/li>\n\n\n\n<li><strong>Forma\u00e7\u00e3o:<\/strong>&nbsp;superior<\/li>\n\n\n\n<li><strong>Vagas:<\/strong>&nbsp;414<\/li>\n\n\n\n<li><strong>Sal\u00e1rio:&nbsp;<\/strong>R$ 13.981,45 a R$ 26.981,77<\/li>\n<\/ul>\n\n\n\n<h3 class=\"wp-block-heading has-pale-cyan-blue-background-color has-background\" id=\"h-concurso-pc-pr\"><a href=\"https:\/\/www.estrategiaconcursos.com.br\/blog\/concurso-policia-civil-pr\/\" target=\"_blank\" rel=\"noreferrer noopener\">Concurso PC PR<\/a><\/h3>\n\n\n\n<ul class=\"wp-block-list\">\n<li><strong>Status:<\/strong>&nbsp;comiss\u00e3o formada<\/li>\n\n\n\n<li><strong>Cargos:<\/strong> delegado, agente de pol\u00edcia e papiloscopista<\/li>\n\n\n\n<li><strong>Forma\u00e7\u00e3o:<\/strong>&nbsp;superior<\/li>\n\n\n\n<li><strong>Vagas:<\/strong>&nbsp;a definir<\/li>\n\n\n\n<li><strong>Sal\u00e1rio:&nbsp;<\/strong>R$ 7.517,74 a R$ 22.612,42<\/li>\n<\/ul>\n\n\n\n<h3 class=\"wp-block-heading has-pale-cyan-blue-background-color has-background\" id=\"h-concurso-pc-mt\"><a href=\"https:\/\/www.estrategiaconcursos.com.br\/blog\/concurso-pc-mt\/\" target=\"_blank\" rel=\"noreferrer noopener\">Concurso PC MT<\/a><\/h3>\n\n\n\n<ul class=\"wp-block-list\">\n<li><strong>Status:<\/strong>&nbsp;comiss\u00e3o formada<\/li>\n\n\n\n<li><strong>Cargos:<\/strong> a definir<\/li>\n\n\n\n<li><strong>Forma\u00e7\u00e3o:<\/strong>&nbsp;superior<\/li>\n\n\n\n<li><strong>Vagas:<\/strong>&nbsp;a definir<\/li>\n\n\n\n<li><strong>Sal\u00e1rio:&nbsp;<\/strong><span style=\"font-size: revert; color: initial;\">R$ <\/span>7.023,44<\/li>\n<\/ul>\n\n\n\n<h3 class=\"wp-block-heading has-pale-cyan-blue-background-color has-background\" id=\"h-concurso-pc-ma\"><a href=\"https:\/\/www.estrategiaconcursos.com.br\/blog\/concurso-policia-civil-ma\/\" target=\"_blank\" rel=\"noreferrer noopener\">Concurso PC MA<\/a><\/h3>\n\n\n\n<ul class=\"wp-block-list\">\n<li><strong>Status:<\/strong>&nbsp;comiss\u00e3o formada<\/li>\n\n\n\n<li><strong>Cargos:<\/strong> delegado, escriv\u00e3o, investigador e per\u00edcia<\/li>\n\n\n\n<li><strong>Forma\u00e7\u00e3o:<\/strong>&nbsp;superior<\/li>\n\n\n\n<li><strong>Vagas:<\/strong>&nbsp;a definir<\/li>\n\n\n\n<li><strong>Sal\u00e1rio:&nbsp;<\/strong><span style=\"font-size: revert; color: initial;\">R$ 7.663,42 <\/span>a R$ 22.048,53<\/li>\n<\/ul>\n\n\n\n<h3 class=\"wp-block-heading has-pale-cyan-blue-background-color has-background\" id=\"h-concurso-pc-ba\"><a href=\"https:\/\/www.estrategiaconcursos.com.br\/blog\/concurso-pc-ba\/\" target=\"_blank\" rel=\"noreferrer noopener\">Concurso PC BA<\/a><\/h3>\n\n\n\n<ul class=\"wp-block-list\">\n<li><strong>Status<\/strong>: banca definida (Instituto AOCP)<\/li>\n\n\n\n<li><strong>Cargos<\/strong>: Investigador, Escriv\u00e3o e Delegado <\/li>\n\n\n\n<li><strong>Forma\u00e7\u00e3o<\/strong>: superior<\/li>\n\n\n\n<li><strong>Vagas<\/strong>: 750<\/li>\n\n\n\n<li><strong>Sal\u00e1rio<\/strong>: R$ 4.873,18 a R$ 13.032,44 [\u00faltimo edital]<\/li>\n<\/ul>\n\n\n\n<h3 class=\"wp-block-heading has-pale-cyan-blue-background-color has-background\" id=\"h-concurso-pc-pa\"><a href=\"https:\/\/www.estrategiaconcursos.com.br\/blog\/concurso-policia-civil-para\/\" target=\"_blank\" rel=\"noreferrer noopener\">Concurso PC PA<\/a><\/h3>\n\n\n\n<ul class=\"wp-block-list\">\n<li><strong>Status<\/strong>: comiss\u00e3o formada<\/li>\n\n\n\n<li><strong>Cargos<\/strong>: Escriv\u00e3o<\/li>\n\n\n\n<li><strong>Forma\u00e7\u00e3o<\/strong>: n\u00edvel superior<\/li>\n\n\n\n<li><strong>Vagas<\/strong>: 100<\/li>\n\n\n\n<li><strong>Sal\u00e1rio<\/strong>: R$ 7.731,64<\/li>\n<\/ul>\n\n\n\n<h3 class=\"wp-block-heading has-pale-cyan-blue-background-color has-background\" id=\"concurso-pc-ac\"><a href=\"https:\/\/www.estrategiaconcursos.com.br\/blog\/concurso-pc-ac\/\" target=\"_blank\" rel=\"noreferrer noopener\">Concurso PC AC<\/a><\/h3>\n\n\n\n<ul class=\"wp-block-list\">\n<li><strong>Status:<\/strong>&nbsp;comiss\u00e3o formada<\/li>\n\n\n\n<li><strong>Cargos:&nbsp;<\/strong>Oficial Investigador, Perito e Delegado<\/li>\n\n\n\n<li><strong>Forma\u00e7\u00e3o<\/strong>:&nbsp;superior<\/li>\n\n\n\n<li><strong>Vagas:<\/strong>&nbsp;139<\/li>\n\n\n\n<li><strong>Sal\u00e1rio<\/strong>:&nbsp;R$ 5.000,00<\/li>\n<\/ul>\n\n\n\n<h3 class=\"wp-block-heading has-pale-cyan-blue-background-color has-background\" id=\"h-concurso-pcdf\"><a href=\"https:\/\/www.estrategiaconcursos.com.br\/blog\/concurso-pcdf\/\" target=\"_blank\" rel=\"noreferrer noopener\">Concurso PCDF<\/a><\/h3>\n\n\n\n<ul class=\"wp-block-list\">\n<li><strong>Status:<\/strong>&nbsp;autorizado<\/li>\n\n\n\n<li><strong>Cargos:&nbsp;<\/strong>Perito Criminal, Perito M\u00e9dico-Legista e Papiloscopista Policial<\/li>\n\n\n\n<li><strong>Forma\u00e7\u00e3o:<\/strong>&nbsp;N\u00edvel superior<\/li>\n\n\n\n<li><strong>Vagas:<\/strong>&nbsp;105 + 210 CR<\/li>\n\n\n\n<li><strong>Sal\u00e1rio:<\/strong>&nbsp;R$ 11.085,72&nbsp;a R$ 21.449,24<\/li>\n<\/ul>\n\n\n\n<h3 class=\"wp-block-heading has-pale-cyan-blue-background-color has-background\" id=\"concurso-pcdf-administrativo\"><a href=\"https:\/\/www.estrategiaconcursos.com.br\/blog\/concurso-pcdf\/\" target=\"_blank\" rel=\"noreferrer noopener\">Concurso PCDF &#8211; IML<\/a><\/h3>\n\n\n\n<ul class=\"wp-block-list\">\n<li><strong>Status:&nbsp;<\/strong>solicitado<\/li>\n\n\n\n<li><strong>Cargos:&nbsp;<\/strong>Agente de Atividade Complementar<\/li>\n\n\n\n<li><strong>Forma\u00e7\u00e3o<\/strong>:&nbsp;N\u00edvel m\u00e9dio\/t\u00e9cnico<\/li>\n\n\n\n<li><strong>Sal\u00e1rio<\/strong>:&nbsp;R$ 6.179,80<\/li>\n\n\n\n<li><strong>Vagas:<\/strong>&nbsp;60<\/li>\n<\/ul>\n\n\n\n<h3 class=\"wp-block-heading has-pale-cyan-blue-background-color has-background\" id=\"h-concurso-pcdf-agente-de-custodia\"><a href=\"https:\/\/www.estrategiaconcursos.com.br\/blog\/concurso-pcdf-agente-de-custodia\/\" target=\"_blank\" rel=\"noreferrer noopener\">Concurso PCDF &#8211; Agente de Cust\u00f3dia<\/a><\/h3>\n\n\n\n<ul class=\"wp-block-list\">\n<li><strong>Status:<\/strong>&nbsp;autorizado<\/li>\n\n\n\n<li><strong>Cargos:&nbsp;<\/strong>Agente de Cust\u00f3dia<\/li>\n\n\n\n<li><strong>Forma\u00e7\u00e3o:<\/strong>&nbsp;N\u00edvel superior<\/li>\n\n\n\n<li><strong>Vagas:<\/strong>&nbsp;50 + 100 CR<\/li>\n\n\n\n<li><strong>Sal\u00e1rio:<\/strong>&nbsp;R$ 9.394,68<\/li>\n<\/ul>\n\n\n\n<h3 class=\"wp-block-heading has-pale-cyan-blue-background-color has-background\" id=\"concurso-pc-es\"><a href=\"https:\/\/www.estrategiaconcursos.com.br\/blog\/concurso-pc-pe\/\" target=\"_blank\" rel=\"noreferrer noopener\">Concurso PC PE<\/a><\/h3>\n\n\n\n<ul class=\"wp-block-list\">\n<li><strong>Status:<\/strong>&nbsp;previsto<\/li>\n\n\n\n<li><strong>Cargos:&nbsp;<\/strong>a definir<\/li>\n\n\n\n<li><strong><\/strong><strong><\/strong><strong><\/strong><strong>Forma\u00e7\u00e3o<\/strong>:&nbsp;N\u00edvel superior<\/li>\n\n\n\n<li><strong>Vagas:<\/strong>&nbsp;a definir<\/li>\n\n\n\n<li><strong>Sal\u00e1rio<\/strong>:&nbsp;R$ 4.700,00 a R$ 10.930,51<\/li>\n<\/ul>\n\n\n\n<h3 class=\"wp-block-heading has-pale-cyan-blue-background-color has-background\" id=\"h-concurso-pc-to\"><a href=\"https:\/\/www.estrategiaconcursos.com.br\/blog\/concurso-pc-to\/\" target=\"_blank\" rel=\"noreferrer noopener\">Concurso PC TO<\/a><\/h3>\n\n\n\n<ul class=\"wp-block-list\">\n<li><strong>Status:<\/strong>&nbsp;autorizado e comiss\u00e3o formada<\/li>\n\n\n\n<li><strong>Cargos:&nbsp;<\/strong>diversos<\/li>\n\n\n\n<li><strong>Forma\u00e7\u00e3o:<\/strong>&nbsp;superior<\/li>\n\n\n\n<li><strong>Vagas:<\/strong>&nbsp;381 + 71 CR<\/li>\n\n\n\n<li><strong>Sal\u00e1rio:<\/strong>&nbsp;R$ 6.659,08 a R$ 18.419,60<\/li>\n<\/ul>\n\n\n\n<h3 class=\"wp-block-heading has-pale-cyan-blue-background-color has-background\" id=\"h-concurso-pm-pr\"><a href=\"https:\/\/www.estrategiaconcursos.com.br\/blog\/concurso-pm-pr\/\" target=\"_blank\" rel=\"noreferrer noopener\">Concurso PM PR<\/a><\/h3>\n\n\n\n<ul class=\"wp-block-list\">\n<li><strong>Status:<\/strong>&nbsp;anunciado<\/li>\n\n\n\n<li><strong>Cargos:&nbsp;<\/strong>a definir<\/li>\n\n\n\n<li><strong>Forma\u00e7\u00e3o:<\/strong>&nbsp;superior<\/li>\n\n\n\n<li><strong>Vagas:<\/strong>&nbsp;a definir<\/li>\n\n\n\n<li><strong>Sal\u00e1rio:<\/strong>&nbsp;R$ 6.101,87 a R$ 14.566,35 [\u00faltimos editais]<\/li>\n<\/ul>\n\n\n\n<h3 class=\"wp-block-heading has-pale-cyan-blue-background-color has-background\" id=\"concurso-pm-to-1\"><a href=\"https:\/\/www.estrategiaconcursos.com.br\/blog\/concurso-pm-to\/\" target=\"_blank\" rel=\"noreferrer noopener\">Concurso PM TO<\/a><\/h3>\n\n\n\n<ul class=\"wp-block-list\">\n<li><strong>Status:<\/strong>&nbsp;previsto<\/li>\n\n\n\n<li><strong>Cargos:&nbsp;<\/strong>a definir<\/li>\n\n\n\n<li><strong>Forma\u00e7\u00e3o<\/strong>:&nbsp;a definir<\/li>\n\n\n\n<li><strong>Vagas:<\/strong>&nbsp;a definir<\/li>\n\n\n\n<li><strong>Sal\u00e1rio<\/strong>: R$ 5.763,07 a R$ 10.842,13<\/li>\n<\/ul>\n\n\n\n<h3 class=\"wp-block-heading has-pale-cyan-blue-background-color has-background\" id=\"concurso-pm-to-1\"><a href=\"https:\/\/www.estrategiaconcursos.com.br\/blog\/concurso-pm-es\/\" target=\"_blank\" rel=\"noreferrer noopener\">Concurso PM ES<\/a><\/h3>\n\n\n\n<ul class=\"wp-block-list\">\n<li><strong>Status:<\/strong>&nbsp;banca definida (Idecan)<\/li>\n\n\n\n<li><strong>Cargos:&nbsp;<\/strong>Soldado e Soldado M\u00fasico<\/li>\n\n\n\n<li><strong>Forma\u00e7\u00e3o<\/strong>:&nbsp;n\u00edvel m\u00e9dio<\/li>\n\n\n\n<li><strong>Vagas:<\/strong>&nbsp;1.008<\/li>\n\n\n\n<li><strong>Sal\u00e1rio<\/strong>:&nbsp;R$ 5.520,63<\/li>\n<\/ul>\n\n\n\n<h3 class=\"wp-block-heading has-pale-cyan-blue-background-color has-background\" id=\"concurso-pm-to-1\"><a href=\"https:\/\/www.estrategiaconcursos.com.br\/blog\/concurso-pm-pe\/\" target=\"_blank\" rel=\"noreferrer noopener\">Concurso PM PE<\/a><\/h3>\n\n\n\n<ul class=\"wp-block-list\">\n<li><strong>Status:<\/strong>&nbsp;banca em contrata\u00e7\u00e3o<\/li>\n\n\n\n<li><strong>Cargos:&nbsp;<\/strong>a definir<\/li>\n\n\n\n<li><strong>Forma\u00e7\u00e3o<\/strong>:&nbsp;a definir<\/li>\n\n\n\n<li><strong>Vagas:<\/strong>&nbsp;a definir<\/li>\n\n\n\n<li><strong>Sal\u00e1rio<\/strong>:&nbsp;R$ 4.763,73 a R$ 11.914,84 (ap\u00f3s forma\u00e7\u00e3o)<\/li>\n<\/ul>\n\n\n\n<h3 class=\"wp-block-heading has-pale-cyan-blue-background-color has-background\" id=\"concurso-pm-to-1\"><a href=\"https:\/\/www.estrategiaconcursos.com.br\/blog\/concurso-pm-sp\/\" target=\"_blank\" rel=\"noreferrer noopener\">Concurso PM SP<\/a><\/h3>\n\n\n\n<ul class=\"wp-block-list\">\n<li><strong>Status:<\/strong>&nbsp;comiss\u00e3o formada<\/li>\n\n\n\n<li><strong>Cargos:&nbsp;<\/strong>Aluno-oficial<\/li>\n\n\n\n<li><strong>Forma\u00e7\u00e3o<\/strong>:&nbsp;m\u00e9dio<\/li>\n\n\n\n<li><strong>Vagas:<\/strong>&nbsp;200<\/li>\n\n\n\n<li><strong>Sal\u00e1rio<\/strong>:&nbsp;R$ 5.035,65<\/li>\n<\/ul>\n\n\n\n<ul id=\"block-397b025a-d0a5-49af-b53a-be4c35b28e6f\" class=\"wp-block-list\">\n<li><strong>Status:<\/strong>&nbsp;comiss\u00e3o formada (edital janeiro)<\/li>\n\n\n\n<li><strong>Cargos:&nbsp;<\/strong>Soldado<\/li>\n\n\n\n<li><strong>Forma\u00e7\u00e3o<\/strong>:&nbsp;m\u00e9dio<\/li>\n\n\n\n<li><strong>Vagas:<\/strong>&nbsp;2.200<\/li>\n\n\n\n<li><strong>Sal\u00e1rio<\/strong>:&nbsp;R$ 5.055,53<\/li>\n<\/ul>\n\n\n\n<ul id=\"block-397b025a-d0a5-49af-b53a-be4c35b28e6f\" class=\"wp-block-list\">\n<li><strong>Status:<\/strong>&nbsp;comiss\u00e3o formada (edital 1 &#8211; 2026\/2027)<\/li>\n\n\n\n<li><strong>Cargos:&nbsp;<\/strong>Soldado<\/li>\n\n\n\n<li><strong>Forma\u00e7\u00e3o<\/strong>:&nbsp;m\u00e9dio<\/li>\n\n\n\n<li><strong>Vagas:<\/strong>&nbsp;2.000<\/li>\n\n\n\n<li><strong>Sal\u00e1rio<\/strong>:&nbsp;R$ 5.055,53<\/li>\n<\/ul>\n\n\n\n<ul id=\"block-397b025a-d0a5-49af-b53a-be4c35b28e6f\" class=\"wp-block-list\">\n<li><strong>Status:<\/strong>&nbsp;autorizado (edital 2 &#8211; 2026\/2027)<\/li>\n\n\n\n<li><strong>Cargos:&nbsp;<\/strong>Soldado<\/li>\n\n\n\n<li><strong>Forma\u00e7\u00e3o<\/strong>:&nbsp;m\u00e9dio<\/li>\n\n\n\n<li><strong>Vagas:<\/strong>&nbsp;2.000<\/li>\n\n\n\n<li><strong>Sal\u00e1rio<\/strong>:&nbsp;R$ 5.055,53<\/li>\n<\/ul>\n\n\n\n<h3 class=\"wp-block-heading has-pale-cyan-blue-background-color has-background\" id=\"concurso-pm-to-1\"><a href=\"https:\/\/www.estrategiaconcursos.com.br\/blog\/concurso-pm-ma\/\" target=\"_blank\" rel=\"noreferrer noopener\">Concurso PM MA<\/a><\/h3>\n\n\n\n<ul class=\"wp-block-list\">\n<li><strong>Status:<\/strong>&nbsp;comiss\u00e3o formada<\/li>\n\n\n\n<li><strong>Cargos:&nbsp;<\/strong>a definir<\/li>\n\n\n\n<li><strong>Forma\u00e7\u00e3o<\/strong>:&nbsp;a definir<\/li>\n\n\n\n<li><strong>Vagas:<\/strong>&nbsp;1.200 (previstas)<\/li>\n\n\n\n<li><strong>Sal\u00e1rio<\/strong>:&nbsp;R$ 5.252,34 a R$ 10.586,73<\/li>\n<\/ul>\n\n\n\n<h3 class=\"wp-block-heading has-pale-cyan-blue-background-color has-background\" id=\"concurso-pm-to-1\"><a href=\"https:\/\/www.estrategiaconcursos.com.br\/blog\/concurso-pm-ba\/\" target=\"_blank\" rel=\"noreferrer noopener\">Concurso PM BA<\/a><\/h3>\n\n\n\n<ul class=\"wp-block-list\">\n<li><strong>Status:<\/strong>&nbsp;anunciado<\/li>\n\n\n\n<li><strong>Cargos:&nbsp;<\/strong>a definir<\/li>\n\n\n\n<li><strong>Forma\u00e7\u00e3o<\/strong>:&nbsp;a definir<\/li>\n\n\n\n<li><strong>Vagas:<\/strong>&nbsp;a definir<\/li>\n\n\n\n<li><strong>Sal\u00e1rio<\/strong>:&nbsp;R$ 3.507,78<\/li>\n<\/ul>\n\n\n\n<h3 class=\"wp-block-heading has-pale-cyan-blue-background-color has-background\" id=\"concurso-pm-to-1\"><a href=\"https:\/\/www.estrategiaconcursos.com.br\/blog\/concurso-pmerj\/\" target=\"_blank\" rel=\"noreferrer noopener\">Concurso PMERJ<\/a><\/h3>\n\n\n\n<ul class=\"wp-block-list\">\n<li><strong>Status:<\/strong>&nbsp;anunciado<\/li>\n\n\n\n<li><strong>Cargos:&nbsp;<\/strong>Soldado e Oficial<\/li>\n\n\n\n<li><strong>Forma\u00e7\u00e3o<\/strong>:&nbsp;n\u00edvel m\u00e9dio e superior<\/li>\n\n\n\n<li><strong>Vagas:<\/strong>&nbsp;2.100<\/li>\n\n\n\n<li><strong>Sal\u00e1rio<\/strong>:&nbsp;R$ 5.233,88 a R$ 10.348,18 (2\u00ba Tenente)<\/li>\n<\/ul>\n\n\n\n<h3 class=\"wp-block-heading has-pale-cyan-blue-background-color has-background\" id=\"h-concurso-pmdf\"><a href=\"https:\/\/www.estrategiaconcursos.com.br\/blog\/concurso-pmdf\/\" target=\"_blank\" rel=\"noreferrer noopener\">Concurso PMDF<\/a><\/h3>\n\n\n\n<ul class=\"wp-block-list\">\n<li><strong>Status:<\/strong> previsto e banca definida (Cebraspe)<\/li>\n\n\n\n<li><strong>Cargos:&nbsp;<\/strong>Soldado<\/li>\n\n\n\n<li><strong>Forma\u00e7\u00e3o:<\/strong>&nbsp;n\u00edvel superior<\/li>\n\n\n\n<li><strong>Vagas:<\/strong>&nbsp;a definir<\/li>\n\n\n\n<li><strong>Sal\u00e1rio:<\/strong>&nbsp;R$ 5.336,96 + benef\u00edcios<\/li>\n<\/ul>\n\n\n\n<h3 class=\"wp-block-heading has-pale-cyan-blue-background-color has-background\" id=\"h-concurso-pm-ac\"><a href=\"https:\/\/www.estrategiaconcursos.com.br\/blog\/concurso-pm-acre\/\" target=\"_blank\" rel=\"noreferrer noopener\">Concurso PM AC<\/a><\/h3>\n\n\n\n<ul class=\"wp-block-list\">\n<li><strong>Status<\/strong>: grupo de estudos formado<\/li>\n\n\n\n<li><strong>Cargo<\/strong>:&nbsp;Soldado<\/li>\n\n\n\n<li><strong>Forma\u00e7\u00e3o:&nbsp;<\/strong>n\u00edvel m\u00e9dio<\/li>\n\n\n\n<li><strong>Vagas:<\/strong>&nbsp;a definir<\/li>\n\n\n\n<li><strong>Sal\u00e1rio:<\/strong>&nbsp;R$ 5.007,40<\/li>\n<\/ul>\n\n\n\n<h3 class=\"wp-block-heading has-pale-cyan-blue-background-color has-background\" id=\"block-0bdfa18d-f516-45d4-ab13-282fb67a9f7c\"><a href=\"https:\/\/www.estrategiaconcursos.com.br\/blog\/concurso-pm-pi\/\" target=\"_blank\" rel=\"noreferrer noopener\">Concurso PM PI<\/a><\/h3>\n\n\n\n<ul class=\"wp-block-list\">\n<li><strong>Status:<\/strong> banca definida (FCC)<\/li>\n\n\n\n<li><strong>Cargo:&nbsp;<\/strong>Soldado e Capel\u00e3o<\/li>\n\n\n\n<li><strong>Forma\u00e7\u00e3o:<\/strong>&nbsp;n\u00edvel superior<\/li>\n\n\n\n<li><strong>Vagas:<\/strong>&nbsp;1.001<\/li>\n\n\n\n<li><strong>Sal\u00e1rio:<\/strong>&nbsp;R$ 4.237,49 e R$ 8.874,19<\/li>\n<\/ul>\n\n\n\n<h3 class=\"wp-block-heading has-pale-cyan-blue-background-color has-background\" id=\"h-concurso-pm-rr\"><a href=\"https:\/\/www.estrategiaconcursos.com.br\/blog\/concurso-pm-rr\/\" target=\"_blank\" rel=\"noreferrer noopener\">Concurso PM RR<\/a><\/h3>\n\n\n\n<ul class=\"wp-block-list\">\n<li><strong>Status:<\/strong>&nbsp;banca definida (UERR)<\/li>\n\n\n\n<li><strong>Cargos:&nbsp;<\/strong>Oficial<\/li>\n\n\n\n<li><strong>Forma\u00e7\u00e3o:<\/strong>&nbsp;Superior<\/li>\n\n\n\n<li><strong>Vagas:<\/strong>&nbsp;a definir<\/li>\n\n\n\n<li><strong>Sal\u00e1rio:<\/strong>&nbsp;R$ 6.846,22<\/li>\n<\/ul>\n\n\n\n<h3 class=\"wp-block-heading has-pale-cyan-blue-background-color has-background\" id=\"h-concurso-pm-go\"><a href=\"https:\/\/www.estrategiaconcursos.com.br\/blog\/concurso-pm-go\/\" target=\"_blank\" rel=\"noreferrer noopener\">Concurso PM GO<\/a><\/h3>\n\n\n\n<ul class=\"wp-block-list\">\n<li><strong>Status:<\/strong> previsto<\/li>\n\n\n\n<li><strong>Cargo:<\/strong> Oficial e Soldado<\/li>\n\n\n\n<li><strong>Forma\u00e7\u00e3o:<\/strong>&nbsp;superior<\/li>\n\n\n\n<li><strong>Vagas:<\/strong>&nbsp; a definir<\/li>\n\n\n\n<li><strong>Sal\u00e1rio: <\/strong>R$ 6.353,13 a R$ 13.901,60 [\u00faltimo edital]<\/li>\n<\/ul>\n\n\n\n<h3 class=\"wp-block-heading has-pale-cyan-blue-background-color has-background\" id=\"h-concurso-pm-ro\"><a href=\"https:\/\/www.estrategiaconcursos.com.br\/blog\/concurso-pm-ro\/\" target=\"_blank\" rel=\"noreferrer noopener\">Concurso PM RO<\/a><\/h3>\n\n\n\n<ul class=\"wp-block-list\">\n<li><strong>Status:<\/strong> solicitado \/ sem previs\u00e3o<\/li>\n\n\n\n<li><strong>Cargo:<\/strong> Terapeuta Ocupacional<\/li>\n\n\n\n<li><strong>Forma\u00e7\u00e3o:<\/strong>&nbsp;superior<\/li>\n\n\n\n<li><strong>Vagas:<\/strong>&nbsp; a definir<\/li>\n\n\n\n<li><strong>Sal\u00e1rio: <\/strong>R$ 9.755,61 [\u00faltimo edital]<\/li>\n\n\n\n<li><strong>Curso:<\/strong>&nbsp;<a href=\"https:\/\/www.estrategiaconcursos.com.br\/cursosPorConcurso\/policia-militar-de-rondonia-pm-ro\/\" target=\"_blank\" rel=\"noreferrer noopener\">PM RO<\/a><\/li>\n<\/ul>\n\n\n\n<h3 class=\"wp-block-heading has-pale-cyan-blue-background-color has-background\" id=\"h-pericia-oficial-ma\"><a href=\"https:\/\/www.estrategiaconcursos.com.br\/blog\/concurso-pericia-oficial-ma\/\" target=\"_blank\" rel=\"noreferrer noopener\">Per\u00edcia Oficial MA<\/a><\/h3>\n\n\n\n<ul class=\"wp-block-list\">\n<li><strong>Status:<\/strong>&nbsp;comiss\u00e3o formada<\/li>\n\n\n\n<li><strong>Cargos:&nbsp;<\/strong>a definir<\/li>\n\n\n\n<li><strong>Forma\u00e7\u00e3o:<\/strong>&nbsp;n\u00edvel superior<\/li>\n\n\n\n<li><strong>Vagas:<\/strong>&nbsp;a definir<\/li>\n\n\n\n<li><strong>Sal\u00e1rio:<\/strong>&nbsp;R$ 4.003,50 a R$ 13.391,02<\/li>\n<\/ul>\n\n\n\n<h3 class=\"wp-block-heading has-pale-cyan-blue-background-color has-background\" id=\"h-concurso-policia-cientifica-para\"><a href=\"https:\/\/www.estrategiaconcursos.com.br\/blog\/concurso-policia-cientifica-para\/\" target=\"_blank\" rel=\"noreferrer noopener\">Concurso Pol\u00edcia Cient\u00edfica Par\u00e1<\/a><\/h3>\n\n\n\n<ul class=\"wp-block-list\">\n<li><strong>Status:<\/strong>&nbsp;comiss\u00e3o formada<\/li>\n\n\n\n<li><strong>Cargos:&nbsp;<\/strong>Perito, Assistente e demais carreiras<\/li>\n\n\n\n<li><strong>Forma\u00e7\u00e3o:<\/strong>&nbsp;n\u00edvel superior<\/li>\n\n\n\n<li><strong>Vagas:<\/strong>&nbsp;200<\/li>\n\n\n\n<li><strong>Sal\u00e1rio:<\/strong>&nbsp;R$ 12.954,40<\/li>\n<\/ul>\n\n\n\n<h3 class=\"wp-block-heading has-pale-cyan-blue-background-color has-background\" id=\"h-concurso-policia-cientifica-sp\"><a href=\"https:\/\/www.estrategiaconcursos.com.br\/blog\/concurso-policia-cientifica-sp\/\" target=\"_blank\" rel=\"noreferrer noopener\">Concurso Pol\u00edcia Cient\u00edfica SP<\/a><\/h3>\n\n\n\n<ul class=\"wp-block-list\">\n<li><strong>Status:<\/strong>&nbsp;previsto<\/li>\n\n\n\n<li><strong>Cargos:&nbsp;<\/strong>a definir<\/li>\n\n\n\n<li><strong>Forma\u00e7\u00e3o:<\/strong>&nbsp;n\u00edvel m\u00e9dio<\/li>\n\n\n\n<li><strong>Vagas:<\/strong>&nbsp;a definir<\/li>\n\n\n\n<li><strong>Sal\u00e1rio:<\/strong>&nbsp;R$ 4.500,34 a R$ 12.954,40<\/li>\n<\/ul>\n\n\n\n<h3 class=\"wp-block-heading has-pale-cyan-blue-background-color has-background\" id=\"h-concurso-policia-cientifica-es\"><a href=\"https:\/\/www.estrategiaconcursos.com.br\/blog\/concurso-policia-cientifica-es\/\" target=\"_blank\" rel=\"noreferrer noopener\">Concurso Pol\u00edcia Cient\u00edfica ES<\/a><\/h3>\n\n\n\n<ul class=\"wp-block-list\">\n<li><strong>Status:<\/strong>&nbsp;anunciado<\/li>\n\n\n\n<li><strong>Cargos:&nbsp;<\/strong>a definir<\/li>\n\n\n\n<li><strong>Forma\u00e7\u00e3o:<\/strong>&nbsp;n\u00edvel superior<\/li>\n\n\n\n<li><strong>Vagas:<\/strong>&nbsp;a definir<\/li>\n\n\n\n<li><strong>Sal\u00e1rio:<\/strong>&nbsp;R$ 6.060,16 a R$ 8.539.34<\/li>\n<\/ul>\n\n\n\n<h3 class=\"wp-block-heading has-pale-cyan-blue-background-color has-background\" id=\"concurso-sejusp-ms\"><a href=\"https:\/\/www.estrategiaconcursos.com.br\/blog\/concurso-policia-penal-sp\/\" target=\"_blank\" rel=\"noreferrer noopener\">Concurso Pol\u00edcia Penal SP<\/a><\/h3>\n\n\n\n<ul class=\"wp-block-list\">\n<li><strong>Status:<\/strong>&nbsp;comiss\u00e3o formada<\/li>\n\n\n\n<li><strong>Cargos:&nbsp;<\/strong>Policial Penal<\/li>\n\n\n\n<li><strong>Forma\u00e7\u00e3o<\/strong>:&nbsp;superior<\/li>\n\n\n\n<li><strong>Vagas:<\/strong>&nbsp;2.200<\/li>\n\n\n\n<li><strong>Sal\u00e1rio<\/strong>:&nbsp;R$ 4.695,60<\/li>\n<\/ul>\n\n\n\n<h3 class=\"wp-block-heading has-pale-cyan-blue-background-color has-background\" id=\"concurso-sejusp-ms\"><a href=\"https:\/\/www.estrategiaconcursos.com.br\/blog\/concurso-policia-penal-rs\/\" target=\"_blank\" rel=\"noreferrer noopener\">Concurso Pol\u00edcia Penal RS<\/a><\/h3>\n\n\n\n<ul class=\"wp-block-list\">\n<li><strong>Status:<\/strong>&nbsp;banca definida (Fundatec)<\/li>\n\n\n\n<li><strong>Cargos:&nbsp;<\/strong>T\u00e9cnico Administrativo, Analista e Policial Penal<\/li>\n\n\n\n<li><strong>Forma\u00e7\u00e3o<\/strong>:&nbsp;m\u00e9dio e superior<\/li>\n\n\n\n<li><strong>Vagas:<\/strong>&nbsp;205<\/li>\n\n\n\n<li><strong>Sal\u00e1rio<\/strong>:&nbsp;R$ 5.159,25 a R$ 9.745,26<\/li>\n<\/ul>\n\n\n\n<h3 class=\"wp-block-heading has-pale-cyan-blue-background-color has-background\" id=\"concurso-sejusp-ms\"><a href=\"https:\/\/www.estrategiaconcursos.com.br\/blog\/concurso-policia-penal-rn\/\" target=\"_blank\" rel=\"noreferrer noopener\">Concurso Pol\u00edcia Penal RN<\/a><\/h3>\n\n\n\n<ul class=\"wp-block-list\">\n<li><strong>Status:<\/strong>&nbsp;banca definida (Cebraspe)<\/li>\n\n\n\n<li><strong>Cargos:&nbsp;<\/strong>Policial Penal<\/li>\n\n\n\n<li><strong>Forma\u00e7\u00e3o<\/strong>:&nbsp;superior<\/li>\n\n\n\n<li><strong>Vagas:<\/strong>&nbsp;200<\/li>\n\n\n\n<li><strong>Sal\u00e1rio<\/strong>:&nbsp;R$ 3.405,76 <\/li>\n<\/ul>\n\n\n\n<h3 class=\"wp-block-heading has-pale-cyan-blue-background-color has-background\" id=\"concurso-sejusp-ms\"><a href=\"https:\/\/www.estrategiaconcursos.com.br\/blog\/concurso-seap-rn\/\" target=\"_blank\" rel=\"noreferrer noopener\">Concurso SEAP RN<\/a><\/h3>\n\n\n\n<ul class=\"wp-block-list\">\n<li><strong>Status:<\/strong>&nbsp;comiss\u00e3o formada <\/li>\n\n\n\n<li><strong>Cargos:&nbsp;<\/strong>Policial Penal, Especialista em Assist\u00eancia Penitenci\u00e1ria e Cargos Administrativos<\/li>\n\n\n\n<li><strong>Forma\u00e7\u00e3o<\/strong>:&nbsp;m\u00e9dio e superior<\/li>\n\n\n\n<li><strong>Vagas:<\/strong>&nbsp;300<\/li>\n\n\n\n<li><strong>Sal\u00e1rio<\/strong>:&nbsp;a definir<\/li>\n<\/ul>\n\n\n\n<h3 class=\"wp-block-heading has-pale-cyan-blue-background-color has-background\" id=\"concurso-sejusp-ms\"><a href=\"https:\/\/www.estrategiaconcursos.com.br\/blog\/concurso-senappen\/\" target=\"_blank\" rel=\"noreferrer noopener\">Concurso Senappen<\/a><\/h3>\n\n\n\n<ul class=\"wp-block-list\">\n<li><strong>Status:<\/strong>&nbsp;em estudos\/solicitado<\/li>\n\n\n\n<li><strong>Cargos:&nbsp;<\/strong>a definir<\/li>\n\n\n\n<li><strong>Forma\u00e7\u00e3o<\/strong>:&nbsp;a definir<\/li>\n\n\n\n<li><strong>Vagas:<\/strong>&nbsp;a definir<\/li>\n\n\n\n<li><strong>Sal\u00e1rio<\/strong>:&nbsp;R$ 4.142,00 a R$ 6.681,70 [\u00faltimo PSS]<\/li>\n<\/ul>\n\n\n\n<h3 class=\"wp-block-heading has-pale-cyan-blue-background-color has-background\" id=\"concurso-sejusp-ms\"><a href=\"https:\/\/www.estrategiaconcursos.com.br\/blog\/concurso-seap-pa\/\" target=\"_blank\" rel=\"noreferrer noopener\">Concurso SEAP PA<\/a><\/h3>\n\n\n\n<ul class=\"wp-block-list\">\n<li><strong>Status:<\/strong>&nbsp;solicitado<\/li>\n\n\n\n<li><strong>Cargos:&nbsp;<\/strong>Policial Penal<\/li>\n\n\n\n<li><strong>Forma\u00e7\u00e3o<\/strong>:&nbsp;m\u00e9dio <\/li>\n\n\n\n<li><strong>Vagas:<\/strong>&nbsp;160 previstas<\/li>\n\n\n\n<li><strong>Sal\u00e1rio<\/strong>:&nbsp;R$ 2.810,00 [\u00faltimo edital]<\/li>\n<\/ul>\n\n\n\n<h3 class=\"wp-block-heading has-pale-cyan-blue-background-color has-background\" id=\"concurso-sejusp-ms\"><a href=\"https:\/\/www.estrategiaconcursos.com.br\/blog\/concurso-policia-penal-ma\/\" target=\"_blank\" rel=\"noreferrer noopener\">Concurso Pol\u00edcia Penal MA<\/a><\/h3>\n\n\n\n<ul class=\"wp-block-list\">\n<li><strong>Status:<\/strong>&nbsp;comiss\u00e3o formada<\/li>\n\n\n\n<li><strong>Cargos:<\/strong> diversos<\/li>\n\n\n\n<li><strong>Forma\u00e7\u00e3o<\/strong>:&nbsp;m\u00e9dio, t\u00e9cnico e superior<\/li>\n\n\n\n<li><strong>Vagas:<\/strong>&nbsp;a definir<\/li>\n\n\n\n<li><strong>Sal\u00e1rio<\/strong>:&nbsp;R$ 1.717,77 a R$ 7.663,42<\/li>\n<\/ul>\n\n\n\n<h3 class=\"wp-block-heading has-pale-cyan-blue-background-color has-background\" id=\"concurso-sejusp-ms\"><a href=\"https:\/\/www.estrategiaconcursos.com.br\/blog\/concurso-case-go\/\" target=\"_blank\" rel=\"noreferrer noopener\">Concurso CASE GO<\/a><\/h3>\n\n\n\n<ul class=\"wp-block-list\">\n<li><strong>Status:<\/strong>&nbsp;comiss\u00e3o formada<\/li>\n\n\n\n<li><strong>Cargos:&nbsp;<\/strong>Analista de Pol\u00edticas de Assist\u00eancia Social e Agente Socioeducativo<\/li>\n\n\n\n<li><strong>Forma\u00e7\u00e3o<\/strong>:&nbsp;superior<\/li>\n\n\n\n<li><strong>Vagas:<\/strong>&nbsp;251<\/li>\n\n\n\n<li><strong>Sal\u00e1rio<\/strong>:&nbsp;<span style=\"font-size: revert; color: initial;\">R$ 3.715,55 a R$ 6.192,53<\/span><\/li>\n<\/ul>\n\n\n\n<h3 class=\"wp-block-heading has-pale-cyan-blue-background-color has-background\" id=\"concurso-sejusp-ms\"><a href=\"https:\/\/www.estrategiaconcursos.com.br\/blog\/concurso-funac-ma\/\" target=\"_blank\" rel=\"noreferrer noopener\">Concurso Funac MA<\/a><\/h3>\n\n\n\n<ul class=\"wp-block-list\">\n<li><strong>Status:<\/strong>&nbsp;comiss\u00e3o formada<\/li>\n\n\n\n<li><strong>Cargos:&nbsp;<\/strong>a definir<\/li>\n\n\n\n<li><strong>Forma\u00e7\u00e3o<\/strong>:&nbsp;a definir<\/li>\n\n\n\n<li><strong>Vagas:<\/strong>&nbsp;161<\/li>\n\n\n\n<li><strong>Sal\u00e1rio<\/strong>:&nbsp;a definir<\/li>\n<\/ul>\n\n\n\n<h3 class=\"wp-block-heading has-pale-cyan-blue-background-color has-background\" id=\"concurso-sejusp-ms\"><a href=\"https:\/\/www.estrategiaconcursos.com.br\/blog\/concurso-policia-penal-al\/\" target=\"_blank\" rel=\"noreferrer noopener\">Concurso Pol\u00edcia Penal AL<\/a><\/h3>\n\n\n\n<ul class=\"wp-block-list\">\n<li><strong>Status:<\/strong>&nbsp;solicitado<\/li>\n\n\n\n<li><strong>Cargos:&nbsp;<\/strong>Policial Penal<\/li>\n\n\n\n<li><strong>Forma\u00e7\u00e3o<\/strong>:&nbsp;superior<\/li>\n\n\n\n<li><strong>Vagas:<\/strong>&nbsp;350<\/li>\n\n\n\n<li><strong>Sal\u00e1rio<\/strong>:&nbsp;R$ 3.800,00 [\u00faltimo edital]<\/li>\n<\/ul>\n\n\n\n<h3 class=\"wp-block-heading has-pale-cyan-blue-background-color has-background\" id=\"concurso-sejusp-ms\"><a href=\"https:\/\/www.estrategiaconcursos.com.br\/blog\/concurso-sejus-ro\/\" target=\"_blank\" rel=\"noreferrer noopener\">Concurso SEJUS RO<\/a><\/h3>\n\n\n\n<ul class=\"wp-block-list\">\n<li><strong>Status<\/strong>: comiss\u00e3o formada<\/li>\n\n\n\n<li><strong>Cargos:<\/strong>&nbsp;a definir<\/li>\n\n\n\n<li><strong>Vagas:&nbsp;<\/strong>a definir<\/li>\n\n\n\n<li><strong>Forma\u00e7\u00e3o:<\/strong>&nbsp;a definir<\/li>\n\n\n\n<li><strong>Sal\u00e1rio:<\/strong>&nbsp;R$ 1.677,73 a R$ 3.573,64 [\u00faltimo edital]<\/li>\n<\/ul>\n\n\n\n<h3 class=\"wp-block-heading has-pale-cyan-blue-background-color has-background\" id=\"concurso-sejusp-ms\"><a href=\"https:\/\/www.estrategiaconcursos.com.br\/blog\/concurso-sap-sc\/\" target=\"_blank\" rel=\"noreferrer noopener\">Concurso SAP SC<\/a> (efetivo)<\/h3>\n\n\n\n<ul class=\"wp-block-list\">\n<li><strong>Status:<\/strong>&nbsp;comiss\u00e3o formada<\/li>\n\n\n\n<li><strong>Cargos:&nbsp;<\/strong>Agente de Seguran\u00e7a Socioeducativo<\/li>\n\n\n\n<li><strong>Forma\u00e7\u00e3o<\/strong>:&nbsp;superior<\/li>\n\n\n\n<li><strong>Vagas:<\/strong>&nbsp;a definir<\/li>\n\n\n\n<li><strong>Sal\u00e1rio<\/strong>:&nbsp;R$ 5.245,34<\/li>\n<\/ul>\n\n\n\n<h3 class=\"wp-block-heading has-pale-cyan-blue-background-color has-background\" id=\"concurso-pm-rn-soldado\"><a href=\"https:\/\/www.estrategiaconcursos.com.br\/blog\/concurso-bombeiro-rj\/\" target=\"_blank\" rel=\"noreferrer noopener\">Concurso \/ PSS Bombeiros RJ<\/a><\/h3>\n\n\n\n<ul class=\"wp-block-list\">\n<li><strong>Status:<\/strong>&nbsp;banca definida (Instituto AOCP)<\/li>\n\n\n\n<li><strong>Cargos:&nbsp;<\/strong>SMTV<\/li>\n\n\n\n<li><strong>Forma\u00e7\u00e3o<\/strong>:&nbsp;m\u00e9dio<\/li>\n\n\n\n<li><strong>Vagas:<\/strong>&nbsp;1.500<\/li>\n\n\n\n<li><strong>Sal\u00e1rio<\/strong>:&nbsp;R$ 3.452,55 a R$ 7.940,78 [\u00faltimo edital]<\/li>\n<\/ul>\n\n\n\n<ul class=\"wp-block-list\">\n<li><strong>Status:<\/strong>&nbsp;autorizado<\/li>\n\n\n\n<li><strong>Cargos:&nbsp;<\/strong>Capel\u00e3o<\/li>\n\n\n\n<li><strong>Forma\u00e7\u00e3o<\/strong>:&nbsp;m\u00e9dio<\/li>\n\n\n\n<li><strong>Vagas:<\/strong>&nbsp;a definir<\/li>\n\n\n\n<li><strong>Sal\u00e1rio<\/strong>:&nbsp;a definir<\/li>\n<\/ul>\n\n\n\n<h3 class=\"wp-block-heading has-pale-cyan-blue-background-color has-background\" id=\"concurso-pm-to-1\"><a href=\"https:\/\/www.estrategiaconcursos.com.br\/blog\/concurso-bombeiro-pe\/\" target=\"_blank\" rel=\"noreferrer noopener\">Concurso Bombeiro PE<\/a><\/h3>\n\n\n\n<ul class=\"wp-block-list\">\n<li><strong>Status:<\/strong>&nbsp;banca em contrata\u00e7\u00e3o<\/li>\n\n\n\n<li><strong>Cargos:&nbsp;<\/strong>a definir<\/li>\n\n\n\n<li><strong>Forma\u00e7\u00e3o<\/strong>:&nbsp;a definir<\/li>\n\n\n\n<li><strong>Vagas:<\/strong>&nbsp;a definir<\/li>\n\n\n\n<li><strong>Sal\u00e1rio<\/strong>: R$ 4.763,73 a R$ 11.914,84 (ap\u00f3s forma\u00e7\u00e3o)<\/li>\n<\/ul>\n\n\n\n<h3 class=\"wp-block-heading has-pale-cyan-blue-background-color has-background\" id=\"concurso-pm-to-1\"><a href=\"https:\/\/www.estrategiaconcursos.com.br\/blog\/concurso-bombeiros-pi\/\" target=\"_blank\" rel=\"noreferrer noopener\">Concurso Bombeiro PI<\/a><\/h3>\n\n\n\n<ul class=\"wp-block-list\">\n<li><strong>Status:<\/strong>&nbsp;comiss\u00e3o formada<\/li>\n\n\n\n<li><strong>Cargos:&nbsp;<\/strong>Oficial<\/li>\n\n\n\n<li><strong>Forma\u00e7\u00e3o<\/strong>:&nbsp;n\u00edvel superior<\/li>\n\n\n\n<li><strong>Vagas:<\/strong>&nbsp;40 previstas<\/li>\n\n\n\n<li><strong>Sal\u00e1rio<\/strong>:&nbsp;R$ 6.552,45<\/li>\n<\/ul>\n\n\n\n<h3 class=\"wp-block-heading has-pale-cyan-blue-background-color has-background\" id=\"concurso-pm-rn-soldado\"><a href=\"https:\/\/www.estrategiaconcursos.com.br\/blog\/concurso-bombeiro-ma\/\" target=\"_blank\" rel=\"noreferrer noopener\">Concurso Bombeiros MA<\/a><\/h3>\n\n\n\n<ul class=\"wp-block-list\">\n<li><strong>Status:<\/strong>&nbsp;comiss\u00e3o formada<\/li>\n\n\n\n<li><strong>Cargos:&nbsp;<\/strong>Soldado<\/li>\n\n\n\n<li><strong>Forma\u00e7\u00e3o<\/strong>:&nbsp;m\u00e9dio<\/li>\n\n\n\n<li><strong>Vagas:<\/strong>&nbsp;500<\/li>\n\n\n\n<li><strong>Sal\u00e1rio<\/strong>:&nbsp;R$ 5.252,34<\/li>\n<\/ul>\n\n\n\n<h3 class=\"wp-block-heading has-pale-cyan-blue-background-color has-background\" id=\"concurso-pm-to-1\"><a href=\"https:\/\/www.estrategiaconcursos.com.br\/blog\/concurso-bombeiros-rr\/\" target=\"_blank\" rel=\"noreferrer noopener\">Concurso Bombeiros RR<\/a><\/h3>\n\n\n\n<ul class=\"wp-block-list\">\n<li><strong>Status:<\/strong>&nbsp;banca definida (IDECAN)<\/li>\n\n\n\n<li><strong>Cargos:&nbsp;<\/strong>Soldado e Oficial<\/li>\n\n\n\n<li><strong>Forma\u00e7\u00e3o<\/strong>:&nbsp;n\u00edveis m\u00e9dio e superior<\/li>\n\n\n\n<li><strong>Vagas:<\/strong>&nbsp;300<\/li>\n\n\n\n<li><strong>Sal\u00e1rio<\/strong>:&nbsp;R$ 1.680,81 [\u00faltimo edital]<\/li>\n<\/ul>\n\n\n\n<h3 class=\"wp-block-heading has-pale-cyan-blue-background-color has-background\" id=\"concurso-pm-rn-soldado\"><a href=\"https:\/\/www.estrategiaconcursos.com.br\/blog\/concurso-bombeiro-al\/\" target=\"_blank\" rel=\"noreferrer noopener\">Concurso Bombeiros AL<\/a><\/h3>\n\n\n\n<ul class=\"wp-block-list\">\n<li><strong>Status:<\/strong>&nbsp;comiss\u00e3o formada<\/li>\n\n\n\n<li><strong>Cargos:&nbsp;<\/strong>Soldado e Oficial<\/li>\n\n\n\n<li><strong>Forma\u00e7\u00e3o<\/strong>:&nbsp;m\u00e9dio<\/li>\n\n\n\n<li><strong>Vagas:<\/strong>&nbsp;172 + 172 CR<\/li>\n\n\n\n<li><strong>Sal\u00e1rio<\/strong>:&nbsp;R$ 1.649.35 e R$ 2.713.89<\/li>\n<\/ul>\n\n\n\n<h3 class=\"wp-block-heading has-pale-cyan-blue-background-color has-background\" id=\"h-concurso-bombeiros-pr\"><a href=\"https:\/\/www.estrategiaconcursos.com.br\/blog\/concurso-bombeiro-pr\/\" target=\"_blank\" rel=\"noreferrer noopener\">Concurso Bombeiros PR<\/a><\/h3>\n\n\n\n<ul class=\"wp-block-list\">\n<li><strong>Status:<\/strong>&nbsp;anunciado<\/li>\n\n\n\n<li><strong>Cargos:&nbsp;<\/strong>a definir<\/li>\n\n\n\n<li><strong>Forma\u00e7\u00e3o:<\/strong>&nbsp;superior<\/li>\n\n\n\n<li><strong>Vagas:<\/strong>&nbsp;a definir<\/li>\n\n\n\n<li><strong>Sal\u00e1rio:<\/strong>&nbsp;R$ 6.101,87 a R$ 14.566,35 [\u00faltimos editais]<\/li>\n<\/ul>\n\n\n\n<h3 class=\"wp-block-heading has-pale-cyan-blue-background-color has-background\" id=\"concurso-guarda-de-serra\"><a href=\"https:\/\/www.estrategiaconcursos.com.br\/blog\/concurso-gcm-sarandi-pr\/\" target=\"_blank\" rel=\"noreferrer noopener\"><\/a><a href=\"https:\/\/www.estrategiaconcursos.com.br\/blog\/concurso-guarda-de-valinhos-sp\/\" target=\"_blank\" rel=\"noreferrer noopener\">Concurso Guarda de Valinhos SP<\/a><\/h3>\n\n\n\n<ul class=\"wp-block-list\">\n<li><strong>Status:<\/strong>&nbsp;banca definida (ABCP)<\/li>\n\n\n\n<li><strong>Cargo:&nbsp;<\/strong>Guarda Municipal<\/li>\n\n\n\n<li><strong>Forma\u00e7\u00e3o<\/strong>:&nbsp;n\u00edvel m\u00e9dio<\/li>\n\n\n\n<li><strong>Vagas:<\/strong>&nbsp;a definir<\/li>\n\n\n\n<li><strong>Sal\u00e1rio<\/strong>:&nbsp;R$ 2.846,98 [\u00faltimo edital]<\/li>\n<\/ul>\n\n\n\n<h3 class=\"wp-block-heading has-pale-cyan-blue-background-color has-background\" id=\"concurso-guarda-de-serra\"><a href=\"https:\/\/www.estrategiaconcursos.com.br\/blog\/concurso-gcm-sarandi-pr\/\" target=\"_blank\" rel=\"noreferrer noopener\"><\/a><a href=\"https:\/\/www.estrategiaconcursos.com.br\/blog\/concurso-guarda-de-sobral-ce\/\" target=\"_blank\" rel=\"noreferrer noopener\">Concurso Guarda de Sobral CE<\/a><\/h3>\n\n\n\n<ul class=\"wp-block-list\">\n<li><strong>Status:<\/strong>&nbsp;anunciado<\/li>\n\n\n\n<li><strong>Cargo:&nbsp;<\/strong>Guarda Municipal<\/li>\n\n\n\n<li><strong>Forma\u00e7\u00e3o<\/strong>:&nbsp;n\u00edvel m\u00e9dio<\/li>\n\n\n\n<li><strong>Vagas:<\/strong>&nbsp;220<\/li>\n\n\n\n<li><strong>Sal\u00e1rio<\/strong>:&nbsp;R$ 2.266,59 (\u00faltimo edital)<\/li>\n<\/ul>\n\n\n\n<h3 class=\"wp-block-heading has-pale-cyan-blue-background-color has-background\" id=\"concurso-guarda-de-serra\"><a href=\"https:\/\/www.estrategiaconcursos.com.br\/blog\/concurso-guarda-de-aracaju-se\/\" target=\"_blank\" rel=\"noreferrer noopener\">Concurso GCM Aracaju SE<\/a><a href=\"https:\/\/www.estrategiaconcursos.com.br\/blog\/concurso-gcm-sarandi-pr\/\" target=\"_blank\" rel=\"noreferrer noopener\"><\/a><\/h3>\n\n\n\n<ul class=\"wp-block-list\">\n<li><strong>Status:<\/strong>&nbsp;autorizado<\/li>\n\n\n\n<li><strong>Cargo:&nbsp;<\/strong>Guarda Municipal<\/li>\n\n\n\n<li><strong>Forma\u00e7\u00e3o<\/strong>:&nbsp;n\u00edvel m\u00e9dio<\/li>\n\n\n\n<li><strong>Vagas:<\/strong>&nbsp;100<\/li>\n\n\n\n<li><strong>Sal\u00e1rio<\/strong>:&nbsp;R$ 2.080,00<\/li>\n<\/ul>\n\n\n\n<h3 class=\"wp-block-heading has-pale-cyan-blue-background-color has-background\" id=\"concurso-guarda-de-serra\"><a href=\"https:\/\/www.estrategiaconcursos.com.br\/blog\/concurso-guarda-de-florianopolis-sc\/\" target=\"_blank\" rel=\"noreferrer noopener\">Concurso Guarda de Florian\u00f3polis SC<\/a><a href=\"https:\/\/www.estrategiaconcursos.com.br\/blog\/concurso-gcm-sarandi-pr\/\" target=\"_blank\" rel=\"noreferrer noopener\"><\/a><\/h3>\n\n\n\n<ul class=\"wp-block-list\">\n<li><strong>Status:<\/strong>&nbsp;anunciado<\/li>\n\n\n\n<li><strong>Cargo:&nbsp;<\/strong>Guarda Municipal<\/li>\n\n\n\n<li><strong>Forma\u00e7\u00e3o<\/strong>:&nbsp;n\u00edvel superior<\/li>\n\n\n\n<li><strong>Vagas:<\/strong>&nbsp;25 + 100 CR<\/li>\n\n\n\n<li><strong>Sal\u00e1rio<\/strong>:&nbsp;R$ 3.700,00<\/li>\n<\/ul>\n\n\n\n<h3 class=\"wp-block-heading has-pale-cyan-blue-background-color has-background\" id=\"concurso-guarda-de-serra\"><a href=\"https:\/\/www.estrategiaconcursos.com.br\/blog\/concurso-guarda-de-teresina\/\" target=\"_blank\" rel=\"noreferrer noopener\">Concurso Guarda de Teresina PI<\/a><a href=\"https:\/\/www.estrategiaconcursos.com.br\/blog\/concurso-gcm-sarandi-pr\/\" target=\"_blank\" rel=\"noreferrer noopener\"><\/a><\/h3>\n\n\n\n<ul class=\"wp-block-list\">\n<li><strong>Status:<\/strong>&nbsp;previsto<\/li>\n\n\n\n<li><strong>Cargo:&nbsp;<\/strong>Guarda Municipal<\/li>\n\n\n\n<li><strong>Forma\u00e7\u00e3o<\/strong>:&nbsp;n\u00edvel m\u00e9dio<\/li>\n\n\n\n<li><strong>Vagas:<\/strong>&nbsp;300<\/li>\n\n\n\n<li><strong>Sal\u00e1rio<\/strong>:&nbsp;R$ 2.115,82 + adicionais<\/li>\n<\/ul>\n\n\n\n<h3 class=\"wp-block-heading has-pale-cyan-blue-background-color has-background\" id=\"concurso-guarda-de-serra\"><a href=\"https:\/\/www.estrategiaconcursos.com.br\/blog\/concurso-gcm-sarandi-pr\/\" target=\"_blank\" rel=\"noreferrer noopener\"><\/a><a href=\"https:\/\/www.estrategiaconcursos.com.br\/blog\/concurso-guarda-de-maraba-pa\/\" target=\"_blank\" rel=\"noreferrer noopener\">Concurso GCM Marab\u00e1 PA<\/a><\/h3>\n\n\n\n<ul class=\"wp-block-list\">\n<li><strong>Status:<\/strong>&nbsp;comiss\u00e3o formada<\/li>\n\n\n\n<li><strong>Cargo:&nbsp;<\/strong>Guarda Municipal<\/li>\n\n\n\n<li><strong>Forma\u00e7\u00e3o<\/strong>:&nbsp;n\u00edvel m\u00e9dio<\/li>\n\n\n\n<li><strong>Vagas:<\/strong>&nbsp;a definir<\/li>\n\n\n\n<li><strong>Sal\u00e1rio<\/strong>:&nbsp;R$ 1.839,39 [\u00faltimo edital]<\/li>\n<\/ul>\n\n\n\n<h3 class=\"wp-block-heading has-pale-cyan-blue-background-color has-background\" id=\"concurso-guarda-de-serra\"><a href=\"https:\/\/www.estrategiaconcursos.com.br\/blog\/concurso-gcm-sarandi-pr\/\" target=\"_blank\" rel=\"noreferrer noopener\"><\/a><a href=\"https:\/\/www.estrategiaconcursos.com.br\/blog\/concurso-gcm-sao-joao-del-rei-mg\/\" target=\"_blank\" rel=\"noreferrer noopener\">Concurso GCM S\u00e3o Jo\u00e3o del Rei MG<\/a><\/h3>\n\n\n\n<ul class=\"wp-block-list\">\n<li><strong>Status:<\/strong>&nbsp;banca definida (IBGP)<\/li>\n\n\n\n<li><strong>Cargo:&nbsp;<\/strong>Guarda Municipal<\/li>\n\n\n\n<li><strong>Forma\u00e7\u00e3o<\/strong>:&nbsp;n\u00edvel m\u00e9dio<\/li>\n\n\n\n<li><strong>Vagas:<\/strong>&nbsp;11<\/li>\n\n\n\n<li><strong>Sal\u00e1rio<\/strong>:&nbsp;R$ 1.662,49 [\u00faltimo edital]<\/li>\n<\/ul>\n\n\n\n<h3 class=\"wp-block-heading has-pale-cyan-blue-background-color has-background\" id=\"concurso-guarda-de-serra\"><a href=\"https:\/\/www.estrategiaconcursos.com.br\/blog\/concurso-gcm-sarandi-pr\/\" target=\"_blank\" rel=\"noreferrer noopener\"><\/a><a href=\"https:\/\/www.estrategiaconcursos.com.br\/blog\/concurso-gcm-itajai-sc\/\" target=\"_blank\" rel=\"noreferrer noopener\">Concurso GCM Itaja\u00ed&nbsp;SC<\/a><\/h3>\n\n\n\n<ul class=\"wp-block-list\">\n<li><strong>Status:<\/strong>&nbsp;banca definida (Fepese)<\/li>\n\n\n\n<li><strong>Cargo:&nbsp;<\/strong>Guarda Municipal<\/li>\n\n\n\n<li><strong>Forma\u00e7\u00e3o<\/strong>:&nbsp;n\u00edvel m\u00e9dio<\/li>\n\n\n\n<li><strong>Vagas:<\/strong>&nbsp;10<\/li>\n\n\n\n<li><strong>Sal\u00e1rio<\/strong>:&nbsp;R$ 5.347,41<\/li>\n<\/ul>\n\n\n\n<h3 class=\"wp-block-heading has-pale-cyan-blue-background-color has-background\" id=\"concurso-guarda-de-serra\"><a href=\"https:\/\/www.estrategiaconcursos.com.br\/blog\/concurso-gcm-sarandi-pr\/\" target=\"_blank\" rel=\"noreferrer noopener\">Concurso GCM Sarandi PR<\/a><\/h3>\n\n\n\n<ul class=\"wp-block-list\">\n<li><strong>Status:<\/strong>&nbsp;anunciado<\/li>\n\n\n\n<li><strong>Cargo:&nbsp;<\/strong>Guarda Municipal<\/li>\n\n\n\n<li><strong>Forma\u00e7\u00e3o<\/strong>:&nbsp;n\u00edvel m\u00e9dio<\/li>\n\n\n\n<li><strong>Vagas:<\/strong>&nbsp;20<\/li>\n\n\n\n<li><strong>Sal\u00e1rio<\/strong>:&nbsp;R$ 4.092,05 [portal da transpar\u00eancia]<\/li>\n<\/ul>\n\n\n\n<h3 class=\"wp-block-heading has-pale-cyan-blue-background-color has-background\" id=\"concurso-guarda-de-serra\"><a href=\"https:\/\/www.estrategiaconcursos.com.br\/blog\/concurso-guarda-sapucaia-do-sul-rs\/\" target=\"_blank\" rel=\"noreferrer noopener\">Concurso GCM Sapucaia do Sul RS<\/a><\/h3>\n\n\n\n<ul class=\"wp-block-list\">\n<li><strong>Status:<\/strong>&nbsp;banca definida (INQC)<\/li>\n\n\n\n<li><strong>Cargo:&nbsp;<\/strong>Guarda Municipal<\/li>\n\n\n\n<li><strong>Forma\u00e7\u00e3o<\/strong>:&nbsp;n\u00edvel m\u00e9dio<\/li>\n\n\n\n<li><strong>Vagas:<\/strong>&nbsp;10 + CR<\/li>\n\n\n\n<li><strong>Sal\u00e1rio<\/strong>:&nbsp;R$ 4.162,28 + benef\u00edcios<\/li>\n<\/ul>\n\n\n\n<h3 class=\"wp-block-heading has-pale-cyan-blue-background-color has-background\" id=\"concurso-guarda-de-serra\"><a href=\"https:\/\/www.estrategiaconcursos.com.br\/blog\/concurso-guarda-de-saquarema\/\" target=\"_blank\" rel=\"noreferrer noopener\">Concurso Guarda de Saquarema RJ<\/a><\/h3>\n\n\n\n<ul class=\"wp-block-list\">\n<li><strong>Status:<\/strong>&nbsp;banca definida (IBAM)<\/li>\n\n\n\n<li><strong>Cargo:&nbsp;<\/strong>Guarda Civil Municipal<\/li>\n\n\n\n<li><strong>Forma\u00e7\u00e3o<\/strong>:&nbsp;n\u00edvel m\u00e9dio<\/li>\n\n\n\n<li><strong>Vagas:<\/strong>&nbsp;100<\/li>\n\n\n\n<li><strong>Sal\u00e1rio<\/strong>:&nbsp;R$ 1.068,59 [\u00faltimo edital]<\/li>\n<\/ul>\n\n\n\n<h3 class=\"wp-block-heading has-pale-cyan-blue-background-color has-background\" id=\"h-concurso-guarda-campina-grande-pb\"><a href=\"https:\/\/www.estrategiaconcursos.com.br\/blog\/concurso-guarda-campina-grande\/\" target=\"_blank\" rel=\"noreferrer noopener\">Concurso Guarda Campina Grande<\/a> PB<\/h3>\n\n\n\n<ul class=\"wp-block-list\">\n<li><strong>Status<\/strong>: banca definida (Idecan)<\/li>\n\n\n\n<li><strong>Cargos:<\/strong> Guarda Civil Municipal<\/li>\n\n\n\n<li><strong>Vagas:<\/strong> a definir<\/li>\n\n\n\n<li><strong>Forma\u00e7\u00e3o:<\/strong> n\u00edvel m\u00e9dio <\/li>\n\n\n\n<li><strong>Sal\u00e1rio:<\/strong> R$ 2.200,00&nbsp;<em>(\u00faltimo edital)<\/em><\/li>\n<\/ul>\n\n\n\n<h3 class=\"wp-block-heading has-pale-cyan-blue-background-color has-background\" id=\"concurso-guarda-de-serra\"><a href=\"https:\/\/www.estrategiaconcursos.com.br\/blog\/concurso-guarda-de-marica-rj\/\" target=\"_blank\" rel=\"noreferrer noopener\">Concurso Guarda de Maric\u00e1 RJ<\/a><\/h3>\n\n\n\n<ul class=\"wp-block-list\">\n<li><strong>Status:<\/strong>&nbsp;previsto<\/li>\n\n\n\n<li><strong>Cargo:&nbsp;<\/strong>Guarda Civil Municipal<\/li>\n\n\n\n<li><strong>Forma\u00e7\u00e3o<\/strong>:&nbsp;n\u00edvel m\u00e9dio<\/li>\n\n\n\n<li><strong>Vagas:<\/strong>&nbsp;a definir<\/li>\n\n\n\n<li><strong>Sal\u00e1rio<\/strong>:&nbsp;a definir<\/li>\n<\/ul>\n\n\n\n<h3 class=\"wp-block-heading has-pale-cyan-blue-background-color has-background\" id=\"concurso-guarda-de-serra\"><a href=\"https:\/\/www.estrategiaconcursos.com.br\/blog\/concurso-guarda-de-fortaleza\/\" target=\"_blank\" rel=\"noreferrer noopener\">Concurso Guarda de Fortaleza CE<\/a><\/h3>\n\n\n\n<ul class=\"wp-block-list\">\n<li><strong>Status:<\/strong>&nbsp;comiss\u00e3o formada<\/li>\n\n\n\n<li><strong>Cargo:&nbsp;<\/strong>Guarda Municipal<\/li>\n\n\n\n<li><strong>Forma\u00e7\u00e3o<\/strong>:&nbsp;n\u00edvel m\u00e9dio<\/li>\n\n\n\n<li><strong>Vagas:<\/strong>&nbsp;a definir<\/li>\n\n\n\n<li><strong>Sal\u00e1rio<\/strong>:&nbsp;R$ 3.152,78 + benef\u00edcios [\u00faltimo edital]<\/li>\n<\/ul>\n\n\n\n<h3 class=\"wp-block-heading has-pale-cyan-blue-background-color has-background\" id=\"concurso-guarda-de-serra\"><a href=\"https:\/\/www.estrategiaconcursos.com.br\/blog\/concurso-guarda-de-petrolina-pe\/\" target=\"_blank\" rel=\"noreferrer noopener\">Concurso Guarda de Petrolina&nbsp;PE<\/a><\/h3>\n\n\n\n<ul class=\"wp-block-list\">\n<li><strong>Status:<\/strong>&nbsp;previsto em 2026<\/li>\n\n\n\n<li><strong>Cargo:&nbsp;<\/strong>Guarda Civil Municipal<\/li>\n\n\n\n<li><strong>Forma\u00e7\u00e3o<\/strong>:&nbsp;n\u00edvel m\u00e9dio<\/li>\n\n\n\n<li><strong>Vagas:<\/strong>&nbsp;240<\/li>\n\n\n\n<li><strong>Sal\u00e1rio<\/strong>:&nbsp;R$ 3.261,48 (\u00faltimo edital)<\/li>\n<\/ul>\n\n\n\n<h3 class=\"wp-block-heading has-pale-cyan-blue-background-color has-background\" id=\"concurso-guarda-de-serra\"><a href=\"https:\/\/www.estrategiaconcursos.com.br\/blog\/concurso-guarda-lajeado-rs\/\" target=\"_blank\" rel=\"noreferrer noopener\">Concurso Guarda de Lajeado (RS)<\/a><\/h3>\n\n\n\n<ul class=\"wp-block-list\">\n<li><strong>Status:<\/strong>&nbsp;previsto<\/li>\n\n\n\n<li><strong>Cargo:&nbsp;<\/strong>Guarda Civil Municipal<\/li>\n\n\n\n<li><strong>Forma\u00e7\u00e3o<\/strong>:&nbsp;n\u00edvel m\u00e9dio<\/li>\n\n\n\n<li><strong>Vagas:<\/strong>&nbsp;13<\/li>\n\n\n\n<li><strong>Sal\u00e1rio<\/strong>:&nbsp;R$ 3.630,10<\/li>\n<\/ul>\n\n\n\n<h3 class=\"wp-block-heading has-pale-cyan-blue-background-color has-background\" id=\"concurso-guarda-de-serra\"><a href=\"https:\/\/www.estrategiaconcursos.com.br\/blog\/concurso-guarda-luziania-go\/\" target=\"_blank\" rel=\"noreferrer noopener\">Concurso Guarda de Luzi\u00e2nia (GO)<\/a><\/h3>\n\n\n\n<ul class=\"wp-block-list\">\n<li><strong>Status:<\/strong>&nbsp;edital solicitado<\/li>\n\n\n\n<li><strong>Cargo:&nbsp;<\/strong>Guarda Civil Municipal<\/li>\n\n\n\n<li><strong>Forma\u00e7\u00e3o<\/strong>:&nbsp;n\u00edvel m\u00e9dio<\/li>\n\n\n\n<li><strong>Vagas:<\/strong>&nbsp;a definir<\/li>\n\n\n\n<li><strong>Sal\u00e1rio<\/strong>:&nbsp;a definir<\/li>\n<\/ul>\n\n\n\n<h3 class=\"wp-block-heading has-pale-cyan-blue-background-color has-background\" id=\"concurso-guarda-de-serra\"><a href=\"https:\/\/www.estrategiaconcursos.com.br\/blog\/concurso-guarda-de-salvador\/\">Concurso Guarda de Salvador (BA)<\/a><\/h3>\n\n\n\n<ul class=\"wp-block-list\">\n<li><strong>Status:<\/strong>&nbsp;banca escolhida (FGV)<\/li>\n\n\n\n<li><strong>Cargo:&nbsp;<\/strong>Guarda Civil Municipal<\/li>\n\n\n\n<li><strong>Forma\u00e7\u00e3o<\/strong>:&nbsp;n\u00edvel m\u00e9dio<\/li>\n\n\n\n<li><strong>Vagas:<\/strong>&nbsp;a definir<\/li>\n\n\n\n<li><strong>Sal\u00e1rio<\/strong>:&nbsp;R$ 3.000,00<\/li>\n<\/ul>\n\n\n\n<h3 class=\"wp-block-heading has-pale-cyan-blue-background-color has-background\" id=\"concurso-guarda-de-serra\"><a href=\"https:\/\/www.estrategiaconcursos.com.br\/blog\/concurso-guarda-de-porto-velho\/\" target=\"_blank\" rel=\"noreferrer noopener\">Concurso Guarda de Porto Velho<\/a> (RO)<\/h3>\n\n\n\n<ul class=\"wp-block-list\">\n<li><strong>Status:<\/strong>&nbsp;banca definida (IDECAN)<\/li>\n\n\n\n<li><strong>Cargo:&nbsp;<\/strong>Guarda Municipal<\/li>\n\n\n\n<li><strong>Forma\u00e7\u00e3o<\/strong>:&nbsp;n\u00edvel superior<\/li>\n\n\n\n<li><strong>Vagas:<\/strong>&nbsp;a definir<\/li>\n\n\n\n<li><strong>Sal\u00e1rio<\/strong>:&nbsp;a definir<\/li>\n<\/ul>\n\n\n\n<p class=\"has-pale-cyan-blue-background-color has-background\"><a href=\"https:\/\/www.estrategiaconcursos.com.br\/blog\/concurso-gcm-novo-hamburgo-rs\/\" target=\"_blank\" rel=\"noreferrer noopener\">Concurso GCM Novo Hamburgo<\/a> (RS)<\/p>\n\n\n\n<ul class=\"wp-block-list\">\n<li><strong>Situa\u00e7\u00e3o:<\/strong>&nbsp;banca definida (Fundatec)<\/li>\n\n\n\n<li><strong>Cargo:&nbsp;<\/strong>Guarda Municipal<\/li>\n\n\n\n<li><strong>Forma\u00e7\u00e3o<\/strong>: n\u00edvel m\u00e9dio<\/li>\n\n\n\n<li><strong>Vagas:&nbsp;<\/strong>a definir<\/li>\n\n\n\n<li><strong>Sal\u00e1rio:<\/strong>&nbsp;R$ 2.516,18 [\u00faltimo edital]<\/li>\n<\/ul>\n\n\n\n<h3 class=\"wp-block-heading has-pale-cyan-blue-background-color has-background\" id=\"concurso-guarda-de-serra\"><a href=\"https:\/\/www.estrategiaconcursos.com.br\/blog\/concurso-guarda-de-recife\/\" target=\"_blank\" rel=\"noreferrer noopener\">Concurso Guarda de Recife<\/a> (PE)<\/h3>\n\n\n\n<ul class=\"wp-block-list\">\n<li><strong>Status:<\/strong>&nbsp;anunciado<\/li>\n\n\n\n<li><strong>Cargo:&nbsp;<\/strong>Guarda Municipal<\/li>\n\n\n\n<li><strong>Forma\u00e7\u00e3o<\/strong>:&nbsp;m\u00e9dio<\/li>\n\n\n\n<li><strong>Vagas:<\/strong>&nbsp;400<\/li>\n\n\n\n<li><strong>Sal\u00e1rio<\/strong>:&nbsp;R$ 1.932,67 [\u00faltimo edital]<\/li>\n<\/ul>\n\n\n\n<h3 class=\"wp-block-heading has-pale-cyan-blue-background-color has-background\" id=\"concurso-guarda-de-serra\"><a href=\"https:\/\/www.estrategiaconcursos.com.br\/blog\/concurso-guarda-de-natal-rn\/\" target=\"_blank\" rel=\"noreferrer noopener\">Concurso GCM Natal<\/a> (RN)<\/h3>\n\n\n\n<ul class=\"wp-block-list\">\n<li><strong>Status:<\/strong>&nbsp;anunciado<\/li>\n\n\n\n<li><strong>Cargo:&nbsp;<\/strong>Guarda Municipal<\/li>\n\n\n\n<li><strong><\/strong><strong><\/strong><strong><\/strong><strong><\/strong><strong><\/strong><strong><\/strong><strong><\/strong><strong><\/strong><strong><\/strong><strong><\/strong><strong>Forma\u00e7\u00e3o<\/strong>:&nbsp;N\u00edvel m\u00e9dio<\/li>\n\n\n\n<li><strong>Vagas:<\/strong>&nbsp;a definir<\/li>\n\n\n\n<li><strong>Sal\u00e1rio<\/strong>:&nbsp;1.700,00<\/li>\n<\/ul>\n\n\n\n<h3 class=\"wp-block-heading has-pale-cyan-blue-background-color has-background\" id=\"concurso-guarda-de-serra\"><a href=\"https:\/\/www.estrategiaconcursos.com.br\/blog\/concurso-gcm-petropolis\/\" target=\"_blank\" rel=\"noreferrer noopener\">Concurso GCM Petr\u00f3polis<\/a> (RJ)<\/h3>\n\n\n\n<ul class=\"wp-block-list\">\n<li><strong>Status:<\/strong>&nbsp;anunciado<\/li>\n\n\n\n<li><strong>Cargo:&nbsp;<\/strong>Guarda Municipal<\/li>\n\n\n\n<li><strong>Forma\u00e7\u00e3o<\/strong>:&nbsp;a definir<\/li>\n\n\n\n<li><strong>Vagas:<\/strong>&nbsp;110<\/li>\n\n\n\n<li><strong>Sal\u00e1rio<\/strong>:&nbsp;a definir<\/li>\n<\/ul>\n\n\n\n<h3 class=\"wp-block-heading has-pale-cyan-blue-background-color has-background\" id=\"concurso-guarda-de-serra\"><a href=\"https:\/\/www.estrategiaconcursos.com.br\/blog\/concurso-guarda-de-belem\/\" target=\"_blank\" rel=\"noreferrer noopener\">Concurso Guarda de Bel\u00e9m<\/a> (PA)<\/h3>\n\n\n\n<ul class=\"wp-block-list\">\n<li><strong>Status:<\/strong>&nbsp;anunciado<\/li>\n\n\n\n<li><strong>Cargo:&nbsp;<\/strong>Guarda Municipal<\/li>\n\n\n\n<li><strong>Forma\u00e7\u00e3o<\/strong>:&nbsp;m\u00e9dio<\/li>\n\n\n\n<li><strong>Vagas:<\/strong>&nbsp;400<\/li>\n\n\n\n<li><strong>Sal\u00e1rio<\/strong>:&nbsp;R$ 2.583,80 (\u00faltimo edital)<\/li>\n<\/ul>\n\n\n\n<h3 class=\"wp-block-heading has-pale-cyan-blue-background-color has-background\" id=\"concurso-guarda-de-serra\"><a href=\"https:\/\/www.estrategiaconcursos.com.br\/blog\/concurso-guarda-de-montes-claros\/\" target=\"_blank\" rel=\"noreferrer noopener\">Concurso Guarda de Montes Claros<\/a> (MG)<\/h3>\n\n\n\n<ul class=\"wp-block-list\">\n<li><strong>Status:<\/strong>&nbsp;anunciado<\/li>\n\n\n\n<li><strong>Cargo:&nbsp;<\/strong>Guarda Municipal<\/li>\n\n\n\n<li><strong>Forma\u00e7\u00e3o<\/strong>:&nbsp;m\u00e9dio<\/li>\n\n\n\n<li><strong>Vagas:<\/strong>&nbsp;60<\/li>\n\n\n\n<li><strong>Sal\u00e1rio<\/strong>:&nbsp;R$ 902,36 a R$ 2.165,87 [\u00faltimo edital]<\/li>\n<\/ul>\n\n\n\n<h3 class=\"wp-block-heading has-pale-cyan-blue-background-color has-background\" id=\"h-concurso-guarda-de-uberaba-sp\"><a href=\"https:\/\/www.estrategiaconcursos.com.br\/blog\/concurso-guarda-municipal-uberaba\/\" target=\"_blank\" rel=\"noreferrer noopener\">Concurso Guarda de Uberaba<\/a> (SP)<\/h3>\n\n\n\n<ul class=\"wp-block-list\">\n<li><strong>Status:<\/strong>&nbsp;Anunciado<\/li>\n\n\n\n<li><strong>Cargo:&nbsp;<\/strong>Guarda Civil Municipal<\/li>\n\n\n\n<li><strong><\/strong><strong><\/strong><strong><\/strong><strong><\/strong><strong><\/strong><strong><\/strong><strong><\/strong><strong><\/strong><strong><\/strong><strong><\/strong><strong><\/strong><strong><\/strong><strong>Forma\u00e7\u00e3o<\/strong>:&nbsp;N\u00edvel m\u00e9dio<\/li>\n\n\n\n<li><strong>Vagas:<\/strong>&nbsp;100<\/li>\n\n\n\n<li><strong>Sal\u00e1rio<\/strong>: R$ 5.221,00 + benef\u00edcios<\/li>\n<\/ul>\n\n\n\n<h3 class=\"wp-block-heading has-pale-cyan-blue-background-color has-background\" id=\"concurso-guarda-de-serra\"><a href=\"https:\/\/www.estrategiaconcursos.com.br\/blog\/concurso-guarda-de-goiania\/\" target=\"_blank\" rel=\"noreferrer noopener\">Concurso Guarda de Goi\u00e2nia<\/a> (GO)<\/h3>\n\n\n\n<ul class=\"wp-block-list\">\n<li><strong>Status:<\/strong>&nbsp;comiss\u00e3o formada<\/li>\n\n\n\n<li><strong>Cargo:&nbsp;<\/strong>Guarda Municipal<\/li>\n\n\n\n<li><strong>Forma\u00e7\u00e3o<\/strong>:&nbsp;N\u00edvel superior<\/li>\n\n\n\n<li><strong>Vagas:<\/strong>&nbsp;<span style=\"background-color: initial; color: initial;\">100 + 600 CR<\/span><\/li>\n\n\n\n<li><strong>Sal\u00e1rio<\/strong>:&nbsp;R$ 3.700,00<\/li>\n<\/ul>\n\n\n\n<h2 class=\"wp-block-heading has-very-light-gray-to-cyan-bluish-gray-gradient-background has-background\" id=\"fiscal\">Concursos 2026: \u00e1rea Fiscal<\/h2>\n\n\n\n<h3 class=\"wp-block-heading has-pale-cyan-blue-background-color has-background\" id=\"h-concurso-iss-caxias-do-sul-rs\"><a href=\"https:\/\/www.estrategiaconcursos.com.br\/blog\/concurso-iss-caxias-do-sul\/\" target=\"_blank\" rel=\"noreferrer noopener\">Concurso ISS Caxias do Sul<\/a> (RS)<\/h3>\n\n\n\n<ul class=\"wp-block-list\">\n<li><strong>Situa\u00e7\u00e3o:<\/strong> edital em breve<\/li>\n\n\n\n<li><strong>Cargos:&nbsp;<\/strong>Auditor-Fiscal da Receita Municipal<\/li>\n\n\n\n<li><strong>Forma\u00e7\u00e3o<\/strong>: n\u00edvel superior<\/li>\n\n\n\n<li><strong>Vagas:&nbsp;<\/strong>a definir<\/li>\n\n\n\n<li><strong>Sal\u00e1rio:<\/strong> R$ 9.757,36<em>&nbsp;(\u00faltimo edital)<\/em><\/li>\n<\/ul>\n\n\n\n<h3 class=\"wp-block-heading has-pale-cyan-blue-background-color has-background\" id=\"h-concurso-iss-foz-do-iguacu-pr\"><a href=\"https:\/\/www.estrategiaconcursos.com.br\/blog\/concurso-prefeitura-foz-do-iguacu\/\" target=\"_blank\" rel=\"noreferrer noopener\"><\/a><a href=\"https:\/\/www.estrategiaconcursos.com.br\/blog\/concurso-iss-foz-iguacu\/\" target=\"_blank\" rel=\"noreferrer noopener\">Concurso ISS Foz do Igua\u00e7u<\/a> (PR)<\/h3>\n\n\n\n<ul class=\"wp-block-list\">\n<li><strong>Situa\u00e7\u00e3o:<\/strong> banca definida (Fafipa)<\/li>\n\n\n\n<li><strong>Cargos:&nbsp;<\/strong>Fiscal em Tributos<\/li>\n\n\n\n<li><strong>Forma\u00e7\u00e3o<\/strong>: a definir<\/li>\n\n\n\n<li><strong>Vagas:&nbsp;<\/strong>01 + CR<\/li>\n\n\n\n<li><strong>Sal\u00e1rio:<\/strong> a definir<\/li>\n<\/ul>\n\n\n\n<h3 class=\"wp-block-heading has-pale-cyan-blue-background-color has-background\" id=\"h-concurso-iss-vitoria-da-conquista-ba\"><a href=\"https:\/\/www.estrategiaconcursos.com.br\/blog\/concurso-iss-vitoria-da-conquista\/\" target=\"_blank\" rel=\"noreferrer noopener\">Concurso ISS Vit\u00f3ria da Conquista<\/a> (BA)<\/h3>\n\n\n\n<ul class=\"wp-block-list\">\n<li><strong>Status:<\/strong>&nbsp;autorizado<\/li>\n\n\n\n<li><strong>Cargos:<\/strong>&nbsp;Atendente Fazend\u00e1rio, T\u00e9cnico Fazend\u00e1rio e Auditor Fiscal<\/li>\n\n\n\n<li><strong>Vagas:<\/strong> 24 + CR<\/li>\n\n\n\n<li><strong>Forma\u00e7\u00e3o:&nbsp;<\/strong>n\u00edveis m\u00e9dio e superior<\/li>\n\n\n\n<li><strong>Sal\u00e1rio:<\/strong> at\u00e9 cerca de R$ 20 mil<\/li>\n<\/ul>\n\n\n\n<h3 class=\"wp-block-heading has-pale-cyan-blue-background-color has-background\" id=\"h-concurso-sefaz-to\"><a href=\"https:\/\/www.estrategiaconcursos.com.br\/blog\/concurso-sefaz-to\/\" target=\"_blank\" rel=\"noreferrer noopener\">Concurso Sefaz TO<\/a><\/h3>\n\n\n\n<ul class=\"wp-block-list\">\n<li><strong>Status:<\/strong>&nbsp;autorizado<\/li>\n\n\n\n<li><strong>Cargos:<\/strong>&nbsp;Auditor Fiscal<\/li>\n\n\n\n<li><strong>Vagas:<\/strong> 100 + 100 CR<\/li>\n\n\n\n<li><strong>Forma\u00e7\u00e3o:&nbsp;<\/strong>n\u00edvel superior<\/li>\n\n\n\n<li><strong>Sal\u00e1rio:<\/strong> R$ 23.874,34<\/li>\n<\/ul>\n\n\n\n<h3 class=\"wp-block-heading has-pale-cyan-blue-background-color has-background\" id=\"h-concurso-sefaz-df\"><a href=\"https:\/\/www.estrategiaconcursos.com.br\/blog\/concurso-sefaz-df\/\" target=\"_blank\" rel=\"noreferrer noopener\">Concurso Sefaz DF<\/a><\/h3>\n\n\n\n<ul class=\"wp-block-list\">\n<li><strong>Status:<\/strong>&nbsp;banca contratada (Cebraspe)<\/li>\n\n\n\n<li><strong>Cargos:<\/strong>&nbsp;Auditor Fiscal<\/li>\n\n\n\n<li><strong>Vagas:<\/strong> 115 + 150 CR<\/li>\n\n\n\n<li><strong>Forma\u00e7\u00e3o:&nbsp;<\/strong>n\u00edvel superior<\/li>\n\n\n\n<li><strong>Sal\u00e1rio:<\/strong> R$ 23.597,07<\/li>\n<\/ul>\n\n\n\n<h3 class=\"wp-block-heading has-pale-cyan-blue-background-color has-background\" id=\"h-concurso-sefaz-sc\"><a href=\"https:\/\/www.estrategiaconcursos.com.br\/blog\/concurso-sefaz-sc\/\" target=\"_blank\" rel=\"noreferrer noopener\">Concurso Sefaz SC<\/a><\/h3>\n\n\n\n<ul class=\"wp-block-list\">\n<li><strong>Status:<\/strong>&nbsp;comiss\u00e3o formada<\/li>\n\n\n\n<li><strong>Cargos:<\/strong>&nbsp;<span style=\"color: initial;\"><span style=\"color: initial;\">Auditor Estadual de Finan\u00e7as P\u00fablicas<\/span><\/span><\/li>\n\n\n\n<li><strong>Vagas:<\/strong> 50<\/li>\n\n\n\n<li><strong>Forma\u00e7\u00e3o:&nbsp;<\/strong>n\u00edvel superior<\/li>\n\n\n\n<li><strong>Sal\u00e1rio:<\/strong> R$ 15.112,36<\/li>\n<\/ul>\n\n\n\n<h3 class=\"wp-block-heading has-pale-cyan-blue-background-color has-background\" id=\"h-concurso-sefaz-rs\"><a href=\"https:\/\/www.estrategiaconcursos.com.br\/blog\/concurso-sefaz-rs\/\" target=\"_blank\" rel=\"noreferrer noopener\">Concurso Sefaz RS<\/a><\/h3>\n\n\n\n<ul class=\"wp-block-list\">\n<li><strong>Status:<\/strong>&nbsp;planejamento iniciado<\/li>\n\n\n\n<li><strong>Cargos:<\/strong>&nbsp;Auditor Fiscal e Analista Tribut\u00e1rio<\/li>\n\n\n\n<li><strong>Vagas:<\/strong> a definir<\/li>\n\n\n\n<li><strong>Forma\u00e7\u00e3o:&nbsp;<\/strong>n\u00edvel superior<\/li>\n\n\n\n<li><strong>Sal\u00e1rio:<\/strong> R$ 16.942,33 e R$ 38.230,44<\/li>\n<\/ul>\n\n\n\n<h3 class=\"wp-block-heading has-pale-cyan-blue-background-color has-background\" id=\"h-concurso-iss-juiz-de-fora-mg\"><a href=\"https:\/\/www.estrategiaconcursos.com.br\/blog\/concurso-iss-juiz-de-fora\/\" target=\"_blank\" rel=\"noreferrer noopener\">Concurso ISS Juiz de Fora<\/a><em> (<\/em>MG<em>)<\/em><\/h3>\n\n\n\n<ul class=\"wp-block-list\">\n<li><strong>Status:<\/strong>&nbsp;comiss\u00e3o formada<\/li>\n\n\n\n<li><strong>Cargos:<\/strong>&nbsp;Auditor Fiscal<\/li>\n\n\n\n<li><strong>Vagas:<\/strong> a definir<\/li>\n\n\n\n<li><strong>Forma\u00e7\u00e3o:&nbsp;<\/strong>n\u00edvel superior<\/li>\n\n\n\n<li><strong>Sal\u00e1rio:<\/strong> R$ 22.520,23<\/li>\n<\/ul>\n\n\n\n<h3 class=\"wp-block-heading has-pale-cyan-blue-background-color has-background\" id=\"h-concurso-iss-itajai-sc\"><a href=\"https:\/\/www.estrategiaconcursos.com.br\/blog\/concurso-iss-itajai\/\" target=\"_blank\" rel=\"noreferrer noopener\">Concurso ISS Itaja\u00ed<\/a> (SC)<\/h3>\n\n\n\n<ul class=\"wp-block-list\">\n<li><strong>Status:<\/strong>&nbsp;banca definida (Fepese)<\/li>\n\n\n\n<li><strong>Cargo:<\/strong>&nbsp;Auditor Fiscal<\/li>\n\n\n\n<li><strong>Vagas:<\/strong> 1<\/li>\n\n\n\n<li><strong>Forma\u00e7\u00e3o:&nbsp;<\/strong>n\u00edvel superior<\/li>\n\n\n\n<li><strong>Sal\u00e1rio:<\/strong> R$ 16.481,45<\/li>\n<\/ul>\n\n\n\n<h3 class=\"wp-block-heading has-pale-cyan-blue-background-color has-background\" id=\"h-concurso-iss-manaus-am\"><a href=\"https:\/\/www.estrategiaconcursos.com.br\/blog\/concurso-iss-manaus\/\" target=\"_blank\" rel=\"noreferrer noopener\">Concurso ISS Manaus<\/a> (AM)<\/h3>\n\n\n\n<ul class=\"wp-block-list\">\n<li><strong>Status:<\/strong>&nbsp;banca definida (FCC)<\/li>\n\n\n\n<li><strong>Cargos:<\/strong>&nbsp;Auditor Fiscal de Tributos Municipais<\/li>\n\n\n\n<li><strong>Vagas:<\/strong> 10 + 60 CR<\/li>\n\n\n\n<li><strong>Forma\u00e7\u00e3o:&nbsp;<\/strong>n\u00edvel superior<\/li>\n\n\n\n<li><strong>Sal\u00e1rio:<\/strong> R$ 24.817,05<\/li>\n<\/ul>\n\n\n\n<h3 class=\"wp-block-heading has-pale-cyan-blue-background-color has-background\" id=\"h-concurso-iss-sao-luis-ma\"><a href=\"https:\/\/www.estrategiaconcursos.com.br\/blog\/concurso-iss-sao-luis\/#\" target=\"_blank\" rel=\"noreferrer noopener\">Concurso ISS S\u00e3o Lu\u00eds<\/a> <em>(<\/em>MA<em>)<\/em><\/h3>\n\n\n\n<ul class=\"wp-block-list\">\n<li><strong>Status:<\/strong>&nbsp;comiss\u00e3o formada<\/li>\n\n\n\n<li><strong>Cargos:<\/strong>&nbsp;a definir<\/li>\n\n\n\n<li><strong>Vagas:<\/strong> a definir<\/li>\n\n\n\n<li><strong>Forma\u00e7\u00e3o:&nbsp;<\/strong>a definir<\/li>\n\n\n\n<li><strong>Sal\u00e1rio:<\/strong> R$ 21.255,88<\/li>\n<\/ul>\n\n\n\n<h3 class=\"wp-block-heading has-pale-cyan-blue-background-color has-background\" id=\"h-concurso-iss-pelotas-rs\"><a href=\"https:\/\/www.estrategiaconcursos.com.br\/blog\/concurso-iss-pelotas\/\" target=\"_blank\" rel=\"noreferrer noopener\">Concurso ISS Pelotas<\/a> (RS)<\/h3>\n\n\n\n<ul class=\"wp-block-list\">\n<li><strong>Status:<\/strong>&nbsp;escolha da banca<\/li>\n\n\n\n<li><strong>Cargos:<\/strong>&nbsp;Auditor Fiscal da Receita Municipal<\/li>\n\n\n\n<li><strong>Vagas:<\/strong> a definir<\/li>\n\n\n\n<li><strong>Forma\u00e7\u00e3o:&nbsp;<\/strong>n\u00edvel superior<\/li>\n\n\n\n<li><strong>Sal\u00e1rio:<\/strong> R$ 5.272,98<\/li>\n<\/ul>\n\n\n\n<h3 class=\"wp-block-heading has-pale-cyan-blue-background-color has-background\" id=\"h-concurso-iss-parintins-am\"><a href=\"https:\/\/www.estrategiaconcursos.com.br\/blog\/concurso-iss-parintins\/\" target=\"_blank\" rel=\"noreferrer noopener\">Concurso ISS Parintins<\/a> (AM)<\/h3>\n\n\n\n<ul class=\"wp-block-list\">\n<li><strong>Status:<\/strong>&nbsp;banca definida (FGV)<\/li>\n\n\n\n<li><strong>Cargos:<\/strong>&nbsp;a definir<\/li>\n\n\n\n<li><strong>Vagas:<\/strong> a definir<\/li>\n\n\n\n<li><strong>Forma\u00e7\u00e3o:&nbsp;<\/strong>a definir<\/li>\n\n\n\n<li><strong>Sal\u00e1rio:<\/strong> a definir<\/li>\n<\/ul>\n\n\n\n<h3 class=\"wp-block-heading has-pale-cyan-blue-background-color has-background\" id=\"h-concurso-sefaz-al\"><a href=\"https:\/\/www.estrategiaconcursos.com.br\/blog\/concurso-sefaz-al\/\" target=\"_blank\" rel=\"noreferrer noopener\">Concurso Sefaz AL<\/a><\/h3>\n\n\n\n<ul class=\"wp-block-list\">\n<li><strong>Status:<\/strong>&nbsp;anunciado<\/li>\n\n\n\n<li><strong>Cargos:<\/strong>&nbsp;Auditor Fiscal <\/li>\n\n\n\n<li><strong>Vagas:<\/strong> 25 + 25 CR<\/li>\n\n\n\n<li><strong>Forma\u00e7\u00e3o:&nbsp;<\/strong>n\u00edvel superior<\/li>\n\n\n\n<li><strong>Sal\u00e1rio:<\/strong> &nbsp;R$ 8.638,75 e R$ 9.899,81<em>&nbsp;(\u00faltimo edital)<\/em><\/li>\n<\/ul>\n\n\n\n<h3 class=\"wp-block-heading has-pale-cyan-blue-background-color has-background\" id=\"h-concurso-sefaz-es\"><a href=\"https:\/\/www.estrategiaconcursos.com.br\/blog\/concurso-sefaz-es\/\" target=\"_blank\" rel=\"noreferrer noopener\">Concurso Sefaz ES<\/a><\/h3>\n\n\n\n<ul class=\"wp-block-list\">\n<li><strong>Status:<\/strong>&nbsp;previsto no or\u00e7amento de 2026<\/li>\n\n\n\n<li><strong style=\"color: initial;\">Cargos:<\/strong><span style=\"color: initial;\">&nbsp;Auditor <span style=\"color: initial;\">Fiscal <\/span><\/span><\/li>\n\n\n\n<li><strong><\/strong><strong>Forma\u00e7\u00e3o<\/strong>:&nbsp;N\u00edvel superior<\/li>\n\n\n\n<li><strong>Vagas:&nbsp;<\/strong>40 previstas<\/li>\n\n\n\n<li><strong>Sal\u00e1rio:<\/strong>&nbsp;R$ 20.662,21&nbsp;<\/li>\n<\/ul>\n\n\n\n<h3 class=\"wp-block-heading has-pale-cyan-blue-background-color has-background\" id=\"h-concurso-sefaz-ma\"><a href=\"https:\/\/www.estrategiaconcursos.com.br\/blog\/concurso-sefaz-ma\/\" target=\"_blank\" rel=\"noreferrer noopener\">Concurso Sefaz MA<\/a><\/h3>\n\n\n\n<ul class=\"wp-block-list\">\n<li><strong>Status:<\/strong>&nbsp;previsto <\/li>\n\n\n\n<li><strong style=\"color: initial;\">Cargos:<\/strong><span style=\"color: initial;\">&nbsp;Auditor <span style=\"color: initial;\">Fiscal <\/span><\/span><\/li>\n\n\n\n<li><strong><\/strong><strong>Forma\u00e7\u00e3o<\/strong>:&nbsp;N\u00edvel superior<\/li>\n\n\n\n<li><strong>Vagas:&nbsp;<\/strong>10 previstas<\/li>\n\n\n\n<li><strong>Sal\u00e1rio:<\/strong>&nbsp;R$ 17.996,03&nbsp;<\/li>\n<\/ul>\n\n\n\n<h3 class=\"wp-block-heading has-pale-cyan-blue-background-color has-background\" id=\"h-concurso-sefaz-mg\"><a href=\"https:\/\/www.estrategiaconcursos.com.br\/blog\/concurso-sefaz-mg\/\" target=\"_blank\" rel=\"noreferrer noopener\">Concurso Sefaz MG<\/a><\/h3>\n\n\n\n<ul class=\"wp-block-list\">\n<li><strong>Status<\/strong>: previsto\/depende de autoriza\u00e7\u00e3o<\/li>\n\n\n\n<li><strong>Cargos:<\/strong> Gestor Fazend\u00e1rio<\/li>\n\n\n\n<li><strong>Vagas:<\/strong> 50 a 250 vagas previstas<\/li>\n\n\n\n<li><strong>Forma\u00e7\u00e3o:<\/strong> n\u00edvel superior<\/li>\n\n\n\n<li><strong>Sal\u00e1rio:<\/strong> R$ 10.677,95<\/li>\n<\/ul>\n\n\n\n<h3 class=\"wp-block-heading has-pale-cyan-blue-background-color has-background\" id=\"h-concurso-sefin-ro\"><a href=\"https:\/\/www.estrategiaconcursos.com.br\/blog\/concurso-sefin-ro\/\" target=\"_blank\" rel=\"noreferrer noopener\">Concurso Sefin RO<\/a><\/h3>\n\n\n\n<ul class=\"wp-block-list\">\n<li><strong>Status:<\/strong>&nbsp;Previsto <\/li>\n\n\n\n<li><strong>Cargos:<\/strong>&nbsp;Auditor Fiscal <\/li>\n\n\n\n<li><strong>Vagas:<\/strong> a definir<\/li>\n\n\n\n<li><strong>Forma\u00e7\u00e3o:&nbsp;<\/strong>n\u00edvel superior<\/li>\n\n\n\n<li><strong>Sal\u00e1rio:<\/strong> R$ 26.100,21 <em>(Transpar\u00eancia)<\/em><\/li>\n<\/ul>\n\n\n\n<h3 class=\"wp-block-heading has-pale-cyan-blue-background-color has-background\" id=\"h-concurso-iss-vila-velha-es\"><a href=\"https:\/\/www.estrategiaconcursos.com.br\/blog\/concurso-iss-vila-velha\/\" target=\"_blank\" rel=\"noreferrer noopener\">Concurso ISS Vila Velha<\/a> (ES)<\/h3>\n\n\n\n<ul class=\"wp-block-list\">\n<li><strong>Status<\/strong>: anunciado<\/li>\n\n\n\n<li><strong>Cargos:<\/strong> Auditor Fiscal da Receita Municipal<\/li>\n\n\n\n<li><strong>Vagas:<\/strong> a definir<\/li>\n\n\n\n<li><strong>Forma\u00e7\u00e3o:<\/strong> n\u00edvel superior<\/li>\n\n\n\n<li><strong>Sal\u00e1rio:<\/strong> R$ 4.324,01<\/li>\n<\/ul>\n\n\n\n<h3 class=\"wp-block-heading has-pale-cyan-blue-background-color has-background\" id=\"h-concurso-iss-sao-luis-ma-0\"><a href=\"https:\/\/www.estrategiaconcursos.com.br\/blog\/concurso-iss-sao-luis\/\" target=\"_blank\" rel=\"noreferrer noopener\">Concurso ISS S\u00e3o Lu\u00eds<\/a> (MA)<\/h3>\n\n\n\n<ul class=\"wp-block-list\">\n<li><strong>Status<\/strong>: autorizado\/comiss\u00e3o formada<\/li>\n\n\n\n<li><strong>Cargos:<\/strong> Auditor Fiscal de Tributos<\/li>\n\n\n\n<li><strong>Vagas:<\/strong> a definir<\/li>\n\n\n\n<li><strong>Forma\u00e7\u00e3o:<\/strong> n\u00edvel superior<\/li>\n\n\n\n<li><strong>Sal\u00e1rio:<\/strong> R$ 21.255,88<\/li>\n<\/ul>\n\n\n\n<h3 class=\"wp-block-heading has-pale-cyan-blue-background-color has-background\" id=\"h-concurso-iss-belem-pa\"><a href=\"https:\/\/www.estrategiaconcursos.com.br\/blog\/concurso-iss-belem\/\" target=\"_blank\" rel=\"noreferrer noopener\">Concurso ISS Bel\u00e9m<\/a> (PA)<\/h3>\n\n\n\n<ul class=\"wp-block-list\">\n<li><strong>Status<\/strong>: autorizado<\/li>\n\n\n\n<li><strong>Cargos:<\/strong> Auditor Fiscal da Receita Municipal<\/li>\n\n\n\n<li><strong>Vagas:<\/strong> 20 + 40 CR<\/li>\n\n\n\n<li><strong>Forma\u00e7\u00e3o:<\/strong> n\u00edvel superior<\/li>\n\n\n\n<li><strong>Sal\u00e1rio:<\/strong> R$ 5.513,14<\/li>\n<\/ul>\n\n\n\n<h3 class=\"wp-block-heading has-pale-cyan-blue-background-color has-background\" id=\"h-concurso-iss-manaus-am-0\"><a href=\"https:\/\/www.estrategiaconcursos.com.br\/blog\/concurso-iss-manaus\/\" target=\"_blank\" rel=\"noreferrer noopener\">Concurso ISS Manaus<\/a> (AM)<\/h3>\n\n\n\n<ul class=\"wp-block-list\">\n<li><strong>Status:<\/strong>&nbsp;comiss\u00e3o formada<\/li>\n\n\n\n<li><strong>Cargos:<\/strong>&nbsp;Auditor Fiscal <\/li>\n\n\n\n<li><strong>Vagas:<\/strong> 10 + 60 CR<\/li>\n\n\n\n<li><strong>Forma\u00e7\u00e3o:&nbsp;<\/strong>n\u00edvel superior<\/li>\n\n\n\n<li><strong>Sal\u00e1rio:<\/strong> R$ 24.817,05<\/li>\n<\/ul>\n\n\n\n<h3 class=\"wp-block-heading has-pale-cyan-blue-background-color has-background\" id=\"h-concurso-iss-goiania-go\"><a href=\"https:\/\/www.estrategiaconcursos.com.br\/blog\/concurso-iss-goiania\/\" target=\"_blank\" rel=\"noreferrer noopener\">Concurso ISS Goi\u00e2nia<\/a> (GO)<\/h3>\n\n\n\n<ul class=\"wp-block-list\">\n<li><strong>Status:<\/strong>&nbsp;recomendado pelo MPGO<\/li>\n\n\n\n<li><strong>Cargo:<\/strong>&nbsp;Auditor Fiscal de Tributos<\/li>\n\n\n\n<li><strong>Vagas:<\/strong> 43 a 48 previstas<\/li>\n\n\n\n<li><strong>Forma\u00e7\u00e3o:&nbsp;<\/strong>N\u00edvel superior<\/li>\n\n\n\n<li><strong>Sal\u00e1rio:<\/strong> R$ 20.427,15<\/li>\n<\/ul>\n\n\n\n<h3 class=\"wp-block-heading has-pale-cyan-blue-background-color has-background\"><a href=\"https:\/\/www.estrategiaconcursos.com.br\/blog\/concurso-sefaz-ba\/\" target=\"_blank\" rel=\"noreferrer noopener\">Concurso Sefaz BA<\/a><\/h3>\n\n\n\n<ul class=\"wp-block-list\">\n<li><strong>Status:<\/strong>&nbsp;comiss\u00e3o formada<\/li>\n\n\n\n<li><strong>Cargos:<\/strong>&nbsp;Auditor Fiscal e Agente de Tributos<\/li>\n\n\n\n<li><strong>Forma\u00e7\u00e3o<\/strong>:&nbsp;n\u00edvel superior<\/li>\n\n\n\n<li><strong>Vagas:<\/strong>&nbsp;187 previstas<\/li>\n\n\n\n<li><strong>Sal\u00e1rio:<\/strong>&nbsp;R$ 24.102,21 a R$ 33.820,39 (bruto)<\/li>\n<\/ul>\n\n\n\n<h3 class=\"wp-block-heading has-pale-cyan-blue-background-color has-background\" id=\"h-concurso-sefaz-rr\"><a href=\"https:\/\/www.estrategiaconcursos.com.br\/blog\/concurso-sefaz-rr\/\" target=\"_blank\" rel=\"noreferrer noopener\">Concurso Sefaz RR<\/a><\/h3>\n\n\n\n<ul class=\"wp-block-list\">\n<li><strong>Status:<\/strong>&nbsp;anunciado<\/li>\n\n\n\n<li><strong>Cargos:<\/strong>&nbsp;a definir<\/li>\n\n\n\n<li><strong>Forma\u00e7\u00e3o<\/strong>:&nbsp;a definir<\/li>\n\n\n\n<li><strong>Vagas:<\/strong>&nbsp;a definir<\/li>\n\n\n\n<li><strong>Sal\u00e1rio:<\/strong>&nbsp;cerca de R$ 20 mil [\u00faltimo edital]<\/li>\n<\/ul>\n\n\n\n<h2 class=\"wp-block-heading has-very-light-gray-to-cyan-bluish-gray-gradient-background has-background\" id=\"controle\">Concursos 2026: \u00e1rea de Controle<\/h2>\n\n\n\n<h3 class=\"wp-block-heading has-pale-cyan-blue-background-color has-background\" id=\"concurso-cge-am\"><a href=\"https:\/\/www.estrategiaconcursos.com.br\/blog\/concurso-tce-ba\/\" target=\"_blank\" rel=\"noreferrer noopener\">Concurso TCE BA<\/a><\/h3>\n\n\n\n<ul class=\"wp-block-list\">\n<li><strong>Status:<\/strong>&nbsp;comiss\u00e3o formada<\/li>\n\n\n\n<li><strong>Cargo:<\/strong>&nbsp;Auditor<\/li>\n\n\n\n<li><strong>Vagas:<\/strong>&nbsp;a definir <\/li>\n\n\n\n<li><strong>Forma\u00e7\u00e3o:<\/strong>&nbsp;n\u00edvel superior<\/li>\n\n\n\n<li><strong>Sal\u00e1rio:<\/strong>&nbsp;R$ 37.589,95<\/li>\n<\/ul>\n\n\n\n<h3 class=\"wp-block-heading has-pale-cyan-blue-background-color has-background\" id=\"concurso-cge-am\"><a href=\"https:\/\/www.estrategiaconcursos.com.br\/blog\/concurso-tcdf\/\" target=\"_blank\" rel=\"noreferrer noopener\">Concurso TCDF<\/a><\/h3>\n\n\n\n<ul class=\"wp-block-list\">\n<li><strong>Status:<\/strong>&nbsp;em estudo<\/li>\n\n\n\n<li><strong>Cargo:<\/strong>&nbsp;Analista Administrativo de Controle Externo<\/li>\n\n\n\n<li><strong>Vagas:<\/strong>&nbsp;a definir <\/li>\n\n\n\n<li><strong>Forma\u00e7\u00e3o:<\/strong>&nbsp;n\u00edvel superior<\/li>\n\n\n\n<li><strong>Sal\u00e1rio:<\/strong>&nbsp;R$ 14.207,61<\/li>\n<\/ul>\n\n\n\n<h3 class=\"wp-block-heading has-pale-cyan-blue-background-color has-background\" id=\"concurso-cge-am\"><a href=\"https:\/\/www.estrategiaconcursos.com.br\/blog\/concurso-tce-sp\/\" target=\"_blank\" rel=\"noreferrer noopener\">Concurso TCE SP<\/a><\/h3>\n\n\n\n<ul class=\"wp-block-list\">\n<li><strong>Status:<\/strong>&nbsp;banca definida (Vunesp)<\/li>\n\n\n\n<li><strong>Cargo:<\/strong>&nbsp;Auditor de Controle Externo \u2013 DIPE (v\u00e1rias especialidades)<\/li>\n\n\n\n<li><strong>Vagas:<\/strong>&nbsp;50 <\/li>\n\n\n\n<li><strong>Forma\u00e7\u00e3o:<\/strong>&nbsp;n\u00edvel superior<\/li>\n\n\n\n<li><strong>Sal\u00e1rio:<\/strong>&nbsp;R$ 20.940,20<\/li>\n<\/ul>\n\n\n\n<h3 class=\"wp-block-heading has-pale-cyan-blue-background-color has-background\" id=\"concurso-cge-am\"><a href=\"https:\/\/www.estrategiaconcursos.com.br\/blog\/concurso-cge-am\/\" target=\"_blank\" rel=\"noreferrer noopener\">Concurso CGE AM<\/a><\/h3>\n\n\n\n<ul class=\"wp-block-list\">\n<li><strong>Status:<\/strong>&nbsp;Comiss\u00e3o formada<\/li>\n\n\n\n<li><strong>Cargo:<\/strong>&nbsp;Auditor de Controle Interno<\/li>\n\n\n\n<li><strong>Vagas:<\/strong>&nbsp;50 previstas<\/li>\n\n\n\n<li><strong>Forma\u00e7\u00e3o:<\/strong>&nbsp;n\u00edvel superior<\/li>\n\n\n\n<li><strong>Sal\u00e1rio:<\/strong>&nbsp;R$ 13.700,00<\/li>\n<\/ul>\n\n\n\n<h3 class=\"wp-block-heading has-pale-cyan-blue-background-color has-background\" id=\"h-concurso-tce-se\"><a href=\"https:\/\/www.estrategiaconcursos.com.br\/blog\/concurso-tce-se\/\" target=\"_blank\" rel=\"noreferrer noopener\">Concurso TCE SE<\/a><\/h3>\n\n\n\n<ul class=\"wp-block-list\">\n<li><strong>Status<\/strong>: previsto para 2026<\/li>\n\n\n\n<li><strong>Cargos:<\/strong> Analista de Controle Externo<\/li>\n\n\n\n<li><strong>Vagas:<\/strong> a definir<\/li>\n\n\n\n<li><strong>Forma\u00e7\u00e3o:<\/strong> n\u00edvel superior<\/li>\n\n\n\n<li><strong>Sal\u00e1rio:<\/strong> R$ 5.607,20 a R$ 6.728,66<\/li>\n<\/ul>\n\n\n\n<h3 class=\"wp-block-heading has-pale-cyan-blue-background-color has-background\" id=\"concurso-cge-am\"><a href=\"https:\/\/www.estrategiaconcursos.com.br\/blog\/concurso-tce-am\/\" target=\"_blank\" rel=\"noreferrer noopener\">Concurso TCE AM<\/a><\/h3>\n\n\n\n<ul class=\"wp-block-list\">\n<li><strong>Status:<\/strong>&nbsp;autorizada abertura de concurso<\/li>\n\n\n\n<li><strong>Cargo:<\/strong>&nbsp;Auditor de Controle Externo e Tecnologia da Informa\u00e7\u00e3o<\/li>\n\n\n\n<li><strong>Vagas:<\/strong>&nbsp;a definir<\/li>\n\n\n\n<li><strong>Forma\u00e7\u00e3o:<\/strong>&nbsp;n\u00edvel superior <\/li>\n\n\n\n<li><strong>Sal\u00e1rio:<\/strong>&nbsp;R$ 11.534,07<\/li>\n<\/ul>\n\n\n\n<h3 class=\"wp-block-heading has-pale-cyan-blue-background-color has-background\" id=\"h-concurso-cge-ac\"><a href=\"https:\/\/www.estrategiaconcursos.com.br\/blog\/concurso-cge-ac\/\" target=\"_blank\" rel=\"noreferrer noopener\">Concurso CGE AC<\/a><\/h3>\n\n\n\n<ul class=\"wp-block-list\">\n<li><strong>Status:<\/strong>&nbsp;previsto para 2026<\/li>\n\n\n\n<li><strong>Cargo:<\/strong>&nbsp;Auditor e T\u00e9cnico de Controle Interno<\/li>\n\n\n\n<li><strong>Vagas:<\/strong>&nbsp;a definir<\/li>\n\n\n\n<li><strong>Forma\u00e7\u00e3o:<\/strong>&nbsp;n\u00edvel m\u00e9dio e superior<\/li>\n\n\n\n<li><strong>Sal\u00e1rio:<\/strong>&nbsp;a definir<\/li>\n<\/ul>\n\n\n\n<h3 class=\"wp-block-heading has-pale-cyan-blue-background-color has-background\" id=\"h-concurso-tcu\"><a href=\"https:\/\/www.estrategiaconcursos.com.br\/blog\/concurso-tcu\/\" target=\"_blank\" rel=\"noreferrer noopener\">Concurso TCU<\/a><\/h3>\n\n\n\n<ul class=\"wp-block-list\">\n<li><strong>Status:<\/strong>&nbsp;autorizado<\/li>\n\n\n\n<li><strong>Cargo:<\/strong>&nbsp;Auditor de Controle Externo &#8211; \u00e1rea geral<\/li>\n\n\n\n<li><strong>Vagas:<\/strong> 100<\/li>\n\n\n\n<li><strong>Forma\u00e7\u00e3o:<\/strong> n\u00edvel superior<\/li>\n\n\n\n<li><strong>Sal\u00e1rio:<\/strong>&nbsp;R$ 26.159,01<\/li>\n<\/ul>\n\n\n\n<h3 class=\"wp-block-heading has-pale-cyan-blue-background-color has-background\" id=\"h-concurso-tce-ap\"><a href=\"https:\/\/www.estrategiaconcursos.com.br\/blog\/concurso-tce-ap\/\" target=\"_blank\" rel=\"noreferrer noopener\">Concurso TCE AP<\/a><\/h3>\n\n\n\n<ul class=\"wp-block-list\">\n<li><strong>Status:<\/strong>&nbsp;previsto <\/li>\n\n\n\n<li><strong>Cargo:<\/strong>&nbsp;Auditor de Controle Externo<\/li>\n\n\n\n<li><strong>Vagas:<\/strong> a definir<\/li>\n\n\n\n<li><strong>Forma\u00e7\u00e3o:<\/strong> n\u00edvel superior<\/li>\n\n\n\n<li><strong>Sal\u00e1rio:<\/strong>&nbsp;R$ 6.755,86<\/li>\n<\/ul>\n\n\n\n<h3 class=\"wp-block-heading has-pale-cyan-blue-background-color has-background\" id=\"h-concurso-tce-pb\"><a href=\"https:\/\/www.estrategiaconcursos.com.br\/blog\/concurso-tce-pb\/\" target=\"_blank\" rel=\"noreferrer noopener\">Concurso TCE PB<\/a><\/h3>\n\n\n\n<ul class=\"wp-block-list\">\n<li><strong>Status:<\/strong>&nbsp;comiss\u00e3o formada<\/li>\n\n\n\n<li><strong>Cargo:<\/strong>&nbsp;Auditor de Controle Externo<\/li>\n\n\n\n<li><strong>Vagas:<\/strong> CR<\/li>\n\n\n\n<li><strong>Forma\u00e7\u00e3o:<\/strong> n\u00edvel superior<\/li>\n\n\n\n<li><strong>Sal\u00e1rio:<\/strong>&nbsp;R$ 18.866,56<\/li>\n<\/ul>\n\n\n\n<h3 class=\"wp-block-heading has-pale-cyan-blue-background-color has-background\" id=\"h-concurso-tce-ma\"><a href=\"https:\/\/www.estrategiaconcursos.com.br\/blog\/concurso-tce-ma\/\" target=\"_blank\" rel=\"noreferrer noopener\">Concurso TCE MA<\/a><\/h3>\n\n\n\n<ul class=\"wp-block-list\">\n<li><strong>Status:<\/strong>&nbsp;Comiss\u00e3o formada<\/li>\n\n\n\n<li><strong>Cargo:<\/strong>&nbsp;Auditor e T\u00e9cnico<\/li>\n\n\n\n<li><strong>Vagas:<\/strong>&nbsp;117<\/li>\n\n\n\n<li><strong>Forma\u00e7\u00e3o:&nbsp;<\/strong>n\u00edveis m\u00e9dio e superior<\/li>\n\n\n\n<li><strong>Sal\u00e1rio:<\/strong>&nbsp;R$ 11.061,72 e R$ 20.112,20<\/li>\n<\/ul>\n\n\n\n<h3 class=\"wp-block-heading has-pale-cyan-blue-background-color has-background\" id=\"h-concurso-cge-ma\"><a href=\"https:\/\/www.estrategiaconcursos.com.br\/blog\/concurso-cge-ma\/\" target=\"_blank\" rel=\"noreferrer noopener\">Concurso CGE MA<\/a><\/h3>\n\n\n\n<ul class=\"wp-block-list\">\n<li><strong>Status:<\/strong>&nbsp;Comiss\u00e3o formada<\/li>\n\n\n\n<li><strong>Cargo:<\/strong>&nbsp;Auditor do Estado<\/li>\n\n\n\n<li><strong>Vagas:<\/strong>&nbsp;20 previstas<\/li>\n\n\n\n<li><strong>Forma\u00e7\u00e3o:&nbsp;<\/strong>N\u00edvel superior<\/li>\n\n\n\n<li><strong>Sal\u00e1rio:<\/strong> R$ 14.950,78<\/li>\n<\/ul>\n\n\n\n<h3 class=\"wp-block-heading has-pale-cyan-blue-background-color has-background\" id=\"concurso-cge-pb\"><a href=\"https:\/\/www.estrategiaconcursos.com.br\/blog\/concurso-cge-rr\/\" target=\"_blank\" rel=\"noreferrer noopener\">Concurso CGE RR<\/a><\/h3>\n\n\n\n<ul class=\"wp-block-list\">\n<li><strong>Status<\/strong>: previsto<\/li>\n\n\n\n<li><strong>Cargos:&nbsp;<\/strong>Auditor Governamental e Analista de Controle Interno<\/li>\n\n\n\n<li><strong>Forma\u00e7\u00e3o:&nbsp;<\/strong>N\u00edvel superior<\/li>\n\n\n\n<li><strong>Vagas:<\/strong>&nbsp;a definir<\/li>\n\n\n\n<li><strong>Sal\u00e1rio:<\/strong>&nbsp;a definir<\/li>\n<\/ul>\n\n\n\n<h3 class=\"wp-block-heading\"><a href=\"https:\/\/www.estrategiaconcursos.com.br\/blog\/concurso-tce-al\/\" target=\"_blank\" rel=\"noreferrer noopener\">Concurso TCE AL<\/a><\/h3>\n\n\n\n<ul class=\"wp-block-list\">\n<li><strong>Status<\/strong>: Previsto no PLOA<\/li>\n\n\n\n<li><strong style=\"color: initial;\">Cargo:<\/strong><span style=\"color: initial;\"> <\/span>a definir <\/li>\n\n\n\n<li><strong>Forma\u00e7\u00e3o:&nbsp;<\/strong>N\u00edvel superior<\/li>\n\n\n\n<li><strong>Vagas:<\/strong>&nbsp;a definir <\/li>\n\n\n\n<li><strong>Sal\u00e1rio:<\/strong> R$ 7.000,00<\/li>\n<\/ul>\n\n\n\n<h3 class=\"wp-block-heading has-pale-cyan-blue-background-color has-background\" id=\"h-concurso-tce-ac\"><a href=\"https:\/\/www.estrategiaconcursos.com.br\/blog\/concurso-tce-ac\/\" target=\"_blank\" rel=\"noreferrer noopener\">Concurso TCE AC<\/a><\/h3>\n\n\n\n<ul class=\"wp-block-list\">\n<li><strong>Status<\/strong>: Comiss\u00e3o de estudos formada<\/li>\n\n\n\n<li><strong style=\"color: initial;\">Cargo:<\/strong><span style=\"color: initial;\"> <\/span>Conselheiro Substituto<\/li>\n\n\n\n<li><strong>Forma\u00e7\u00e3o:&nbsp;<\/strong>N\u00edvel superior<\/li>\n\n\n\n<li><strong>Vagas:<\/strong>&nbsp;01<\/li>\n\n\n\n<li><strong>Sal\u00e1rio:<\/strong> R$ 37.731,81<\/li>\n<\/ul>\n\n\n\n<h3 class=\"wp-block-heading has-pale-cyan-blue-background-color has-background\" id=\"h-concurso-cgu\"><a href=\"https:\/\/www.estrategiaconcursos.com.br\/blog\/concurso-cgu\/\" target=\"_blank\" rel=\"noreferrer noopener\">Concurso CGU<\/a><\/h3>\n\n\n\n<ul class=\"wp-block-list\">\n<li><strong>Status<\/strong>: solicitado<\/li>\n\n\n\n<li><strong style=\"color: initial;\">Cargo:<\/strong><span style=\"color: initial;\"> <\/span>Auditor e T\u00e9cnico Federal de Finan\u00e7as<\/li>\n\n\n\n<li><strong>Forma\u00e7\u00e3o:&nbsp;<\/strong>N\u00edvel m\u00e9dio e superior<\/li>\n\n\n\n<li><strong>Vagas:<\/strong>&nbsp;500 solicitadas<\/li>\n\n\n\n<li><strong>Sal\u00e1rio:<\/strong> R$ 7.453,62 e R$ 18.033,52<\/li>\n<\/ul>\n\n\n\n<h2 class=\"wp-block-heading has-very-light-gray-to-cyan-bluish-gray-gradient-background has-background\" id=\"tribunais\">Concursos 2026: \u00e1rea de Tribunais e Procuradorias<\/h2>\n\n\n\n<h3 class=\"wp-block-heading has-pale-cyan-blue-background-color has-background\" id=\"h-concurso-trf3\"><a href=\"https:\/\/www.estrategiaconcursos.com.br\/blog\/concurso-trf-3\/\">Concurso TRF3<\/a><\/h3>\n\n\n\n<ul class=\"wp-block-list\">\n<li><strong>Status:<\/strong> em estudos<\/li>\n\n\n\n<li><strong>Cargo:<\/strong> a definir<\/li>\n\n\n\n<li><strong><\/strong><strong>Forma\u00e7\u00e3o<\/strong>: a definir<\/li>\n\n\n\n<li><strong>Vagas:<\/strong> a definir<\/li>\n\n\n\n<li><strong>Sal\u00e1rio<\/strong>: R$ 9.776,74 (T\u00e9cnico)\/R$ 16.041,21 (Analista)<\/li>\n<\/ul>\n\n\n\n<p class=\"has-pale-cyan-blue-background-color has-background\"><a href=\"https:\/\/www.estrategiaconcursos.com.br\/blog\/concurso-agu\/\">Concurso AGU<\/a><\/p>\n\n\n\n<ul class=\"wp-block-list\">\n<li><strong>Status:<\/strong> solicitado<\/li>\n\n\n\n<li><strong>Cargos<\/strong>: analista e t\u00e9cnico<\/li>\n\n\n\n<li><strong>Vagas:<\/strong> 403<\/li>\n\n\n\n<li><strong>Forma\u00e7\u00e3o:&nbsp;<\/strong>superior<\/li>\n\n\n\n<li><strong>Sal\u00e1rio: <\/strong>de R$ 4.407,90 a R$ 7.736,77<\/li>\n<\/ul>\n\n\n\n<h3 class=\"wp-block-heading has-pale-cyan-blue-background-color has-background\" id=\"h-concurso-tj-rs\"><a href=\"https:\/\/www.estrategiaconcursos.com.br\/blog\/concurso-tj-rs\/\" target=\"_blank\" rel=\"noreferrer noopener\">Concurso TJ RS<\/a><\/h3>\n\n\n\n<ul class=\"wp-block-list\">\n<li><strong>Status:<\/strong> comiss\u00e3o formada<\/li>\n\n\n\n<li><strong>Cargos<\/strong>: Analista &#8211; diversas \u00e1reas <\/li>\n\n\n\n<li><strong>Vagas:<\/strong> a definir<\/li>\n\n\n\n<li><strong>Forma\u00e7\u00e3o:&nbsp;<\/strong>superior<\/li>\n\n\n\n<li><strong>Sal\u00e1rio: <\/strong>R$ 4.843,63 a R$ 9.226,01 [\u00faltimo edital]<\/li>\n<\/ul>\n\n\n\n<p class=\"has-pale-cyan-blue-background-color has-background has-medium-font-size\"><a href=\"https:\/\/www.estrategiaconcursos.com.br\/blog\/concurso-tj-ce\/\"><strong>Concurso TJ CE<\/strong><\/a><\/p>\n\n\n\n<ul class=\"wp-block-list\">\n<li><strong>Status<\/strong>: banca definida &#8211; FCC<\/li>\n\n\n\n<li><strong>Cargos:<\/strong>&nbsp;diversos<\/li>\n\n\n\n<li><strong>Vagas:&nbsp;<\/strong>130 previstas<\/li>\n\n\n\n<li><strong>Forma\u00e7\u00e3o:<\/strong>&nbsp;m\u00e9dio e superior<\/li>\n\n\n\n<li><strong>Sal\u00e1rio:<\/strong>&nbsp;R$5.125,10 a R$8.408,80<\/li>\n<\/ul>\n\n\n\n<h3 class=\"wp-block-heading has-pale-cyan-blue-background-color has-background\" id=\"concurso-tre-mg\"><a href=\"https:\/\/www.estrategiaconcursos.com.br\/blog\/concurso-tj-pr\/\" target=\"_blank\" rel=\"noreferrer noopener\">Concurso TJ PR<\/a><\/h3>\n\n\n\n<ul class=\"wp-block-list\">\n<li><strong>Status:&nbsp;<\/strong>comiss\u00e3o formada\/definindo banca<\/li>\n\n\n\n<li><strong>Cargos:<\/strong>&nbsp;contador<\/li>\n\n\n\n<li><strong>Forma\u00e7\u00e3o<\/strong>:&nbsp;N\u00edvel superior<\/li>\n\n\n\n<li><strong>Vagas:<\/strong>&nbsp;2+CR<\/li>\n\n\n\n<li><strong>Sal\u00e1rio<\/strong>:&nbsp;R$ 22.227,44<\/li>\n<\/ul>\n\n\n\n<h3 class=\"wp-block-heading has-pale-cyan-blue-background-color has-background\" id=\"concurso-tre-mg\"><a href=\"https:\/\/www.estrategiaconcursos.com.br\/blog\/concurso-trt-4\/\" target=\"_blank\" rel=\"noreferrer noopener\">Concurso TRT 4 (RS)<\/a><\/h3>\n\n\n\n<ul class=\"wp-block-list\">\n<li><strong>Status:&nbsp;<\/strong>autorizado\/comiss\u00e3o formada<\/li>\n\n\n\n<li><strong>Cargos:<\/strong>&nbsp;a definir<\/li>\n\n\n\n<li><strong>Forma\u00e7\u00e3o<\/strong>:&nbsp;N\u00edvel superior<\/li>\n\n\n\n<li><strong>Vagas:<\/strong>&nbsp;a definir<\/li>\n\n\n\n<li><strong>Sal\u00e1rio<\/strong>:&nbsp;<strong>&nbsp;<\/strong>R$ 9.776,74 (T\u00e9cnico)\/R$ 16.041,21 (Analista) a partir de jul. de 2026<\/li>\n<\/ul>\n\n\n\n<h3 class=\"wp-block-heading has-pale-cyan-blue-background-color has-background\" id=\"concurso-tre-mg\"><a href=\"https:\/\/www.estrategiaconcursos.com.br\/blog\/concurso-trt-mg\/\" target=\"_blank\" rel=\"noreferrer noopener\">Concurso TRT MG<\/a><\/h3>\n\n\n\n<ul class=\"wp-block-list\">\n<li><strong>Status:&nbsp;<\/strong>previsto para 2026<\/li>\n\n\n\n<li><strong>Cargos:<\/strong>&nbsp;a definir<\/li>\n\n\n\n<li><strong>Forma\u00e7\u00e3o<\/strong>:&nbsp;N\u00edvel superior<\/li>\n\n\n\n<li><strong>Vagas:<\/strong>&nbsp;a definir<\/li>\n\n\n\n<li><strong>Sal\u00e1rio<\/strong>:&nbsp;R$ 9.776,74 (T\u00e9cnico)\/R$ 16.041,21 (Analista) a partir de jul. de 2026<\/li>\n<\/ul>\n\n\n\n<h3 class=\"wp-block-heading has-pale-cyan-blue-background-color has-background\" id=\"concurso-tre-mg\"><a href=\"https:\/\/www.estrategiaconcursos.com.br\/blog\/concurso-trt-pi\/\" target=\"_blank\" rel=\"noreferrer noopener\">Concurso TRT PI<\/a><\/h3>\n\n\n\n<ul class=\"wp-block-list\">\n<li><strong>Status:&nbsp;<\/strong>previsto para 2026<\/li>\n\n\n\n<li><strong>Cargos:<\/strong>&nbsp;a definir<\/li>\n\n\n\n<li><strong>Forma\u00e7\u00e3o<\/strong>:&nbsp;N\u00edvel superior<\/li>\n\n\n\n<li><strong>Vagas:<\/strong>&nbsp;a definir<\/li>\n\n\n\n<li><strong>Sal\u00e1rio<\/strong>: R$ 9.776,74 (T\u00e9cnico)\/R$ 16.041,21 (Analista) a partir de jul. de 2026<\/li>\n<\/ul>\n\n\n\n<h3 class=\"wp-block-heading has-pale-cyan-blue-background-color has-background\" id=\"concurso-tre-mg\"><a href=\"https:\/\/www.estrategiaconcursos.com.br\/blog\/concurso-tj-to\/\">Concurso TJ TO<\/a><\/h3>\n\n\n\n<ul class=\"wp-block-list\">\n<li><strong>Status:&nbsp;<\/strong>CNJ exige novo concurso<\/li>\n\n\n\n<li><strong>Cargos:<\/strong>&nbsp;Analista Judici\u00e1rio<\/li>\n\n\n\n<li><strong>Forma\u00e7\u00e3o<\/strong>:&nbsp;N\u00edvel superior<\/li>\n\n\n\n<li><strong>Vagas:<\/strong>&nbsp;a definir<\/li>\n\n\n\n<li><strong>Sal\u00e1rio<\/strong>:&nbsp;R$ 12.452,95<\/li>\n<\/ul>\n\n\n\n<h3 class=\"wp-block-heading has-pale-cyan-blue-background-color has-background\" id=\"h-concurso-tj-am\"><a href=\"https:\/\/www.estrategiaconcursos.com.br\/blog\/concurso-tj-am\/\" target=\"_blank\" rel=\"noreferrer noopener\">Concurso TJ AM<\/a><\/h3>\n\n\n\n<ul class=\"wp-block-list\">\n<li><strong>Status:<\/strong> pode ser realizado a partir de 2026<\/li>\n\n\n\n<li><strong>Cargos<\/strong>: a definir <\/li>\n\n\n\n<li><strong>Forma\u00e7\u00e3o:&nbsp;<\/strong>a definir <\/li>\n\n\n\n<li><strong>Vagas:<\/strong> a definir<\/li>\n\n\n\n<li><strong>Sal\u00e1rio: <\/strong>at\u00e9 R$ 8.936,96 [\u00faltimo edital]<\/li>\n\n\n\n<li><strong>Curso<\/strong>: <a href=\"https:\/\/www.estrategiaconcursos.com.br\/cursosPorConcurso\/tj-am-tribunal-de-justica-do-amazonas\/\" target=\"_blank\" rel=\"noreferrer noopener\">TJ AM<\/a><\/li>\n<\/ul>\n\n\n\n<h3 class=\"wp-block-heading has-pale-cyan-blue-background-color has-background\" id=\"h-concurso-tj-al\"><a href=\"https:\/\/www.estrategiaconcursos.com.br\/blog\/concurso-tj-al\/\">Concurso TJ AL<\/a><\/h3>\n\n\n\n<ul class=\"wp-block-list\">\n<li><strong>Status:<\/strong> comiss\u00e3o formada<\/li>\n\n\n\n<li><strong>Cargos<\/strong>: Analista- Oficial de Justi\u00e7a<\/li>\n\n\n\n<li><strong>Forma\u00e7\u00e3o:&nbsp;<\/strong>superior<\/li>\n\n\n\n<li><strong>Vagas:<\/strong> a definir<\/li>\n\n\n\n<li><strong>Sal\u00e1rio: <\/strong>R$6.291,20<\/li>\n\n\n\n<li><strong>Curso<\/strong>: <a href=\"https:\/\/www.estrategiaconcursos.com.br\/cursosPorConcurso\/tj-al-tribunal-de-justica-de-alagoas\/\">TJ AL<\/a><\/li>\n<\/ul>\n\n\n\n<h3 class=\"wp-block-heading has-pale-cyan-blue-background-color has-background\" id=\"h-concurso-tj-go\"><a href=\"https:\/\/www.estrategiaconcursos.com.br\/blog\/concurso-tj-go\/\">Concurso TJ GO<\/a><\/h3>\n\n\n\n<ul class=\"wp-block-list\">\n<li><strong>Status:<\/strong>&nbsp;autorizado<\/li>\n\n\n\n<li><strong>Cargos<\/strong>: Analista Judici\u00e1rio<\/li>\n\n\n\n<li><strong>Forma\u00e7\u00e3o:&nbsp;<\/strong>superior<\/li>\n\n\n\n<li><strong>Vagas:<\/strong>&nbsp;a definir<\/li>\n\n\n\n<li><strong>Curso<\/strong>:&nbsp;<a href=\"https:\/\/www.estrategiaconcursos.com.br\/cursosPorConcurso\/tj-go-302\/\">TJ GO<\/a><\/li>\n\n\n\n<li><strong>Sal\u00e1rio:&nbsp;<\/strong>entre 9.360,00 e R$ 10.400,74<\/li>\n<\/ul>\n\n\n\n<h3 class=\"wp-block-heading has-pale-cyan-blue-background-color has-background\" id=\"h-concurso-pge-rj\"><a href=\"https:\/\/www.estrategiaconcursos.com.br\/blog\/concurso-pge-rj\/\">Concurso PGE RJ<\/a><\/h3>\n\n\n\n<ul class=\"wp-block-list\">\n<li><strong>Status:<\/strong> autorizado<\/li>\n\n\n\n<li><strong>Cargos<\/strong>: analista<\/li>\n\n\n\n<li><strong>Forma\u00e7\u00e3o:&nbsp;<\/strong>superior<\/li>\n\n\n\n<li><strong>Vagas:<\/strong> 03<\/li>\n\n\n\n<li><strong>Sal\u00e1rio: <\/strong>R$ 5.110 at\u00e9 R$ 6.990 [\u00faltimo edital]<\/li>\n\n\n\n<li><strong>Curso<\/strong>: <a href=\"https:\/\/www.estrategiaconcursos.com.br\/cursosPorConcurso\/pge-rj-procurador-do-estado-do-rio-de-janeiro-servidores\/\">PGE RJ<\/a><\/li>\n<\/ul>\n\n\n\n<h3 class=\"wp-block-heading has-pale-cyan-blue-background-color has-background\" id=\"h-concurso-pge-ba\"><strong><a href=\"https:\/\/www.estrategiaconcursos.com.br\/blog\/concurso-pge-ba\/\">Concurso PGE BA<\/a><\/strong><\/h3>\n\n\n\n<ul class=\"wp-block-list\">\n<li><strong>Status:<\/strong>&nbsp;autorizado\/comiss\u00e3o formada<\/li>\n\n\n\n<li><strong>Cargo:<\/strong>&nbsp;Analista e Assistente<\/li>\n\n\n\n<li><strong>Vagas:<\/strong>&nbsp;115<\/li>\n\n\n\n<li><strong>Forma\u00e7\u00e3o:&nbsp;<\/strong>N\u00edvel m\u00e9dio e superior<\/li>\n\n\n\n<li><strong>Sal\u00e1rio:<\/strong> R$1.9 mil a R$5.5 mil<\/li>\n<\/ul>\n\n\n\n<h3 class=\"wp-block-heading has-pale-cyan-blue-background-color has-background\" id=\"h-concurso-pge-ac\"><a href=\"https:\/\/www.estrategiaconcursos.com.br\/blog\/concurso-pge-ac\/\">Concurso PGE AC<\/a><\/h3>\n\n\n\n<ul class=\"wp-block-list\">\n<li><strong>Status:<\/strong>&nbsp;autorizado<\/li>\n\n\n\n<li><strong>Cargo:<\/strong>&nbsp;\u00e1rea administrativa<\/li>\n\n\n\n<li><strong>Vagas:<\/strong>&nbsp;a definir<\/li>\n\n\n\n<li><strong>Forma\u00e7\u00e3o:&nbsp;<\/strong>N\u00edvel superior<\/li>\n\n\n\n<li><strong>Sal\u00e1rio:<\/strong> 1.663,77 a R$ 6.239,03<\/li>\n<\/ul>\n\n\n\n<h3 class=\"wp-block-heading has-pale-cyan-blue-background-color has-background\" id=\"h-concurso-pge-rn\"><a href=\"https:\/\/www.estrategiaconcursos.com.br\/blog\/concurso-pge-rn\/\">Concurso PGE RN<\/a><\/h3>\n\n\n\n<ul class=\"wp-block-list\">\n<li><strong>Status:<\/strong>&nbsp;comiss\u00e3o formada &#8211; previsto na LOA 2026<\/li>\n\n\n\n<li><strong>Cargo:<\/strong>&nbsp;Analista Jur\u00eddico e Administrativo<\/li>\n\n\n\n<li><strong>Vagas:<\/strong>&nbsp;a definir<\/li>\n\n\n\n<li><strong>Forma\u00e7\u00e3o:&nbsp;<\/strong>N\u00edvel superior<\/li>\n\n\n\n<li><strong>Sal\u00e1rio:<\/strong> R$ 11.566,80<\/li>\n<\/ul>\n\n\n\n<h3 class=\"wp-block-heading has-pale-cyan-blue-background-color has-background\" id=\"h-concurso-trt-mt\"><a href=\"https:\/\/www.estrategiaconcursos.com.br\/blog\/concurso-trt-mt\/\">Concurso TRT MT<\/a><\/h3>\n\n\n\n<ul class=\"wp-block-list\">\n<li><strong>Status:<\/strong> anunciado<\/li>\n\n\n\n<li><strong>Cargo:<\/strong> a definir<\/li>\n\n\n\n<li><strong><\/strong><strong>Forma\u00e7\u00e3o<\/strong>: a definir<\/li>\n\n\n\n<li><strong>Vagas:<\/strong> CR<\/li>\n\n\n\n<li><strong>Sal\u00e1rio<\/strong>: inicial at\u00e9 R$ 14.852,98<\/li>\n<\/ul>\n\n\n\n<h3 class=\"wp-block-heading has-pale-cyan-blue-background-color has-background\" id=\"h-concurso-tj-ba\"><a href=\"https:\/\/www.estrategiaconcursos.com.br\/blog\/concurso-tj-ba\/\">Concurso TJ BA<\/a><\/h3>\n\n\n\n<ul class=\"wp-block-list\">\n<li><strong>Status:<\/strong>&nbsp;previsto na LDO 2026<\/li>\n\n\n\n<li><strong>Cargos<\/strong>: a definir<\/li>\n\n\n\n<li><strong>Forma\u00e7\u00e3o:&nbsp;<\/strong>a definir<\/li>\n\n\n\n<li><strong>Vagas:<\/strong>&nbsp;a definir<\/li>\n\n\n\n<li><strong>Sal\u00e1rio:&nbsp;<\/strong>R$ 3.725,10 a R$6.111,82 [conforme \u00faltimo edital]<\/li>\n<\/ul>\n\n\n\n<h3 class=\"wp-block-heading has-pale-cyan-blue-background-color has-background\" id=\"h-concurso-pge-ro\"><a href=\"https:\/\/www.estrategiaconcursos.com.br\/blog\/concurso-pge-ro\/\" target=\"_blank\" rel=\"noreferrer noopener\">Concurso PGE RO<\/a><\/h3>\n\n\n\n<ul class=\"wp-block-list\">\n<li><strong>Status:<\/strong> comiss\u00e3o formada<\/li>\n\n\n\n<li><strong>Cargo:<\/strong> carreira de apoio<\/li>\n\n\n\n<li><strong><\/strong><strong>Forma\u00e7\u00e3o<\/strong>: a definir<\/li>\n\n\n\n<li><strong>Vagas:<\/strong> a definir<\/li>\n\n\n\n<li><strong><\/strong><strong>Sal\u00e1rio<\/strong>: a definir&nbsp;<\/li>\n<\/ul>\n\n\n\n<h2 class=\"wp-block-heading has-very-light-gray-to-cyan-bluish-gray-gradient-background has-background\" id=\"ministerios-publicos\">Concursos 2026: \u00e1rea de Minist\u00e9rios P\u00fablicos<\/h2>\n\n\n\n<h3 class=\"wp-block-heading has-pale-cyan-blue-background-color has-background\" id=\"h-concurso-mre\"><a href=\"https:\/\/www.estrategiaconcursos.com.br\/blog\/concurso-mre\/\" target=\"_blank\" rel=\"noreferrer noopener\">Concurso MRE<\/a><\/h3>\n\n\n\n<ul class=\"wp-block-list\">\n<li><strong>Status:<\/strong>&nbsp;solicitado<\/li>\n\n\n\n<li><strong>Cargos<\/strong>: Ofchan<\/li>\n\n\n\n<li><strong>Forma\u00e7\u00e3o:&nbsp;<\/strong>superior<\/li>\n\n\n\n<li><strong>Vagas:<\/strong>&nbsp;100<\/li>\n\n\n\n<li><strong>Sal\u00e1rio:&nbsp;<\/strong>R$ 10.169,77<\/li>\n\n\n\n<li><strong>Curso<\/strong>: <a href=\"https:\/\/www.estrategiaconcursos.com.br\/cursosPorConcurso\/ministerio-das-relacoes-exteriores-oficial-de-chancelaria-passo-estrategico\/\">MRE<\/a><\/li>\n<\/ul>\n\n\n\n<h3 class=\"wp-block-heading has-pale-cyan-blue-background-color has-background\" id=\"h-concurso-mp-to\"><a href=\"https:\/\/www.estrategiaconcursos.com.br\/blog\/concurso-mp-to\/\">Concurso MP TO<\/a><\/h3>\n\n\n\n<ul class=\"wp-block-list\">\n<li><strong>Status:<\/strong>&nbsp;em estudos<\/li>\n\n\n\n<li><strong>Cargos<\/strong>: diversos<\/li>\n\n\n\n<li><strong>Forma\u00e7\u00e3o:&nbsp;<\/strong>m\u00e9dio e superior<\/li>\n\n\n\n<li><strong>Vagas:<\/strong>&nbsp;a definir<\/li>\n\n\n\n<li><strong>Sal\u00e1rio:&nbsp;<\/strong>R$ 5.184,60 e R$ 10.056,33<\/li>\n\n\n\n<li><strong>Curso<\/strong>: <a href=\"https:\/\/www.estrategiaconcursos.com.br\/cursosPorConcurso\/ministerio-publico-do-tocantins-mp-to\/\">MP TO<\/a><\/li>\n<\/ul>\n\n\n\n<h3 class=\"wp-block-heading has-pale-cyan-blue-background-color has-background\" id=\"h-concurso-mp-go\"><a href=\"https:\/\/www.estrategiaconcursos.com.br\/blog\/concurso-mp-go\/\">Concurso MP GO<\/a><\/h3>\n\n\n\n<ul class=\"wp-block-list\">\n<li><strong>Status:<\/strong>&nbsp;banca definida &#8211; Instituto AOCP<\/li>\n\n\n\n<li><strong>Cargos<\/strong>: diversos<\/li>\n\n\n\n<li><strong>Forma\u00e7\u00e3o:&nbsp;<\/strong>a definir<\/li>\n\n\n\n<li><strong>Vagas:<\/strong>&nbsp;a definir<\/li>\n\n\n\n<li>Sal\u00e1rio:&nbsp;at\u00e9 R$ 10.400,77 (\u00faltimo edital)<\/li>\n\n\n\n<li><strong>Curso<\/strong>:&nbsp;<a href=\"https:\/\/www.estrategiaconcursos.com.br\/cursosPorConcurso\/mp-go-182\/\">MP GO<\/a><\/li>\n<\/ul>\n\n\n\n<h3 class=\"wp-block-heading has-pale-cyan-blue-background-color has-background\" id=\"concurso-mp-es\">Concurso MP RN<\/h3>\n\n\n\n<ul class=\"wp-block-list\">\n<li><strong>Status:<\/strong>&nbsp;Previsto LOA 2026<\/li>\n\n\n\n<li><strong>Cargos:&nbsp;<\/strong>a definir<\/li>\n\n\n\n<li><strong>Forma\u00e7\u00e3o:&nbsp;<\/strong>a definir<\/li>\n\n\n\n<li><strong>Vagas:<\/strong>&nbsp;a definir<\/li>\n\n\n\n<li><strong>Sal\u00e1rio:<\/strong>&nbsp;R$ 4.472,71 a R$ 5.609,19 [\u00faltimo edital]<\/li>\n<\/ul>\n\n\n\n<h2 class=\"wp-block-heading has-very-light-gray-to-cyan-bluish-gray-gradient-background has-background\" id=\"defensorias-publicas\">Concursos 2026: \u00e1rea de Defensorias P\u00fablicas<\/h2>\n\n\n\n<h3 class=\"wp-block-heading has-pale-cyan-blue-background-color has-background\" id=\"h-concurso-dpe-pb\"><a href=\"https:\/\/www.estrategiaconcursos.com.br\/blog\/concurso-dpe-pb-2026-escolha-da-banca-iniciada\/\">Concurso DPE PB<\/a><\/h3>\n\n\n\n<ul class=\"wp-block-list\">\n<li><strong>Status:<\/strong>&nbsp;definindo banca<\/li>\n\n\n\n<li><strong>Cargos<\/strong>: diversos<\/li>\n\n\n\n<li><strong>Forma\u00e7\u00e3o:&nbsp;<\/strong>m\u00e9dio e superior<\/li>\n\n\n\n<li><strong>Vagas:<\/strong>&nbsp;20<\/li>\n\n\n\n<li><strong>Sal\u00e1rio:&nbsp;<\/strong>at\u00e9 R$4.500,00<\/li>\n<\/ul>\n\n\n\n<h3 class=\"wp-block-heading has-pale-cyan-blue-background-color has-background\" id=\"h-concurso-dpe-ma\"><a href=\"https:\/\/www.estrategiaconcursos.com.br\/blog\/concurso-dpe-ma\/\">Concurso DPE MA<\/a><\/h3>\n\n\n\n<ul class=\"wp-block-list\">\n<li><strong>Status:<\/strong>&nbsp;previsto na LOA<\/li>\n\n\n\n<li><strong>Cargos<\/strong>: a definir<\/li>\n\n\n\n<li><strong>Forma\u00e7\u00e3o:&nbsp;<\/strong>a definir<\/li>\n\n\n\n<li><strong>Vagas:<\/strong>&nbsp;a definir<\/li>\n\n\n\n<li><strong>Sal\u00e1rio:&nbsp;<\/strong>a definir<\/li>\n<\/ul>\n\n\n\n<h3 class=\"wp-block-heading has-pale-cyan-blue-background-color has-background\" id=\"h-concurso-dpu-servidores\"><a href=\"https:\/\/www.estrategiaconcursos.com.br\/blog\/concurso-dpu\/\" target=\"_blank\" rel=\"noreferrer noopener\">Concurso DPU &#8211; Servidores<\/a><\/h3>\n\n\n\n<ul class=\"wp-block-list\">\n<li><strong>Status:<\/strong>&nbsp;previsto na LOA<\/li>\n\n\n\n<li><strong>Cargos<\/strong>: a definir<\/li>\n\n\n\n<li><strong>Forma\u00e7\u00e3o:&nbsp;<\/strong>a definir<\/li>\n\n\n\n<li><strong>Vagas:<\/strong>&nbsp;810 na LOA<\/li>\n\n\n\n<li><strong>Sal\u00e1rio:&nbsp;<\/strong>de R$ 2.171,03 a R$ 5.221,90 <\/li>\n\n\n\n<li><strong>Curso<\/strong>:&nbsp;<a href=\"https:\/\/www.estrategiaconcursos.com.br\/cursos\/\" target=\"_blank\" rel=\"noreferrer noopener\">DPU<\/a><\/li>\n<\/ul>\n\n\n\n<h3 class=\"wp-block-heading has-pale-cyan-blue-background-color has-background\" id=\"h-concurso-dpe-es\"><a href=\"https:\/\/www.estrategiaconcursos.com.br\/blog\/concurso-dpe-es\/\">Concurso DPE ES<\/a><\/h3>\n\n\n\n<ul class=\"wp-block-list\">\n<li><strong>Status:<\/strong>&nbsp;em estudos<\/li>\n\n\n\n<li><strong>Cargos<\/strong>: diversos<\/li>\n\n\n\n<li><strong>Forma\u00e7\u00e3o:&nbsp;<\/strong>m\u00e9dio e superior<\/li>\n\n\n\n<li><strong>Vagas:<\/strong>&nbsp;a definir<\/li>\n\n\n\n<li><strong>Sal\u00e1rio:&nbsp;<\/strong>de R$ 1.826,22 a R$ 5.469,13 &#8211; \u00faltimo edital<\/li>\n\n\n\n<li><strong>Curso<\/strong>:&nbsp;<a href=\"https:\/\/www.estrategiaconcursos.com.br\/cursos\/\">DPE ES<\/a><\/li>\n<\/ul>\n\n\n\n<h3 class=\"wp-block-heading has-pale-cyan-blue-background-color has-background\" id=\"h-concurso-dpe-am\"><a href=\"https:\/\/www.estrategiaconcursos.com.br\/blog\/concurso-dpe-am\/\">Concurso DPE AM<\/a><\/h3>\n\n\n\n<ul class=\"wp-block-list\">\n<li><strong>Status: <\/strong>autorizado\/regulamento publicado<\/li>\n\n\n\n<li><strong>Cargos:<\/strong>&nbsp;diversos<\/li>\n\n\n\n<li><strong>Forma\u00e7\u00e3o:&nbsp;<\/strong>n\u00edvel superior e m\u00e9dio<\/li>\n\n\n\n<li><strong>Vagas:<\/strong>&nbsp;05 + CR<\/li>\n\n\n\n<li><strong>Sal\u00e1rio: <\/strong>R$ 4.713,02 a R$ 8.006,38<\/li>\n\n\n\n<li><strong>Curso: <\/strong><a href=\"https:\/\/www.estrategiaconcursos.com.br\/cursosPorConcurso\/dpe-am\/\">DPE AM<\/a><\/li>\n<\/ul>\n\n\n\n<h3 class=\"wp-block-heading has-pale-cyan-blue-background-color has-background\" id=\"h-concurso-dpdf\"><a href=\"https:\/\/www.estrategiaconcursos.com.br\/blog\/concurso-dpdf\/\">Concurso DPDF<\/a><\/h3>\n\n\n\n<ul class=\"wp-block-list\">\n<li><strong>Status:<\/strong>&nbsp;banca definida &#8211; Instituto Access<\/li>\n\n\n\n<li><strong>Cargo:<\/strong>&nbsp;Analista de Apoio \u00e0 Assist\u00eancia Judici\u00e1ria<\/li>\n\n\n\n<li><strong>Vagas:<\/strong>&nbsp;7 + CR<\/li>\n\n\n\n<li><strong>Forma\u00e7\u00e3o:&nbsp;<\/strong>n\u00edvel superior<\/li>\n\n\n\n<li><strong>Sal\u00e1rio:<\/strong>&nbsp;R$ 8.828,12<\/li>\n<\/ul>\n\n\n\n<h3 class=\"wp-block-heading has-pale-cyan-blue-background-color has-background\" id=\"h-concurso-dpe-ba\"><a href=\"https:\/\/www.estrategiaconcursos.com.br\/blog\/concurso-dpe-ba\/\">Concurso DPE BA<\/a><\/h3>\n\n\n\n<ul class=\"wp-block-list\">\n<li><strong>Status:<\/strong>&nbsp;comiss\u00e3o formada<\/li>\n\n\n\n<li><strong>Cargo:<\/strong>&nbsp;a definir<\/li>\n\n\n\n<li><strong>Vagas:<\/strong>&nbsp;a definir<\/li>\n\n\n\n<li><strong>Forma\u00e7\u00e3o:<\/strong>&nbsp;a definir<\/li>\n\n\n\n<li><strong>Sal\u00e1rio:<\/strong>&nbsp;a definir<\/li>\n<\/ul>\n\n\n\n<h3 class=\"wp-block-heading has-pale-cyan-blue-background-color has-background\" id=\"h-concurso-dpe-rn\"><a href=\"https:\/\/www.estrategiaconcursos.com.br\/blog\/concurso-dpe-rn\/\">Concurso DPE RN<\/a><\/h3>\n\n\n\n<ul class=\"wp-block-list\">\n<li><strong>Status:<\/strong>&nbsp;previsto na LOA 2026<\/li>\n\n\n\n<li><strong>Cargo:<\/strong>&nbsp;a definir<\/li>\n\n\n\n<li><strong>Vagas:<\/strong>&nbsp;a definir<\/li>\n\n\n\n<li><strong>Forma\u00e7\u00e3o:<\/strong>&nbsp;a definir<\/li>\n\n\n\n<li><strong>Sal\u00e1rio:<\/strong>&nbsp;a definir<\/li>\n<\/ul>\n\n\n\n<h2 class=\"wp-block-heading has-very-light-gray-to-cyan-bluish-gray-gradient-background has-background\" id=\"legislativa\">Concursos 2026: \u00e1rea Legislativa<\/h2>\n\n\n\n<h3 class=\"wp-block-heading has-pale-cyan-blue-background-color has-background\" id=\"h-concurso-camara-dos-deputados\"><a href=\"https:\/\/www.estrategiaconcursos.com.br\/blog\/concurso-camara-dos-deputados\/\" target=\"_blank\" rel=\"noreferrer noopener\">Concurso C\u00e2mara dos Deputados<\/a><\/h3>\n\n\n\n<ul class=\"wp-block-list\">\n<li><strong>Status:<\/strong>&nbsp;autorizado<\/li>\n\n\n\n<li><strong>Cargos:<\/strong> Analista Legislativo<\/li>\n\n\n\n<li><strong>Forma\u00e7\u00e3o<\/strong>:&nbsp;superior<\/li>\n\n\n\n<li><strong>Vagas:<\/strong>&nbsp;a definir<\/li>\n\n\n\n<li><strong>Sal\u00e1rio:<\/strong>&nbsp;R$ 21.008,19 a R$ 30.853,99<\/li>\n<\/ul>\n\n\n\n<h3 class=\"wp-block-heading has-pale-cyan-blue-background-color has-background\" id=\"h-concurso-al-ce-ce\"><a href=\"https:\/\/www.estrategiaconcursos.com.br\/blog\/concurso-assembleia-legislativa-ce\/\" target=\"_blank\" rel=\"noreferrer noopener\">Concurso AL CE<\/a> (CE)<\/h3>\n\n\n\n<ul class=\"wp-block-list\">\n<li><strong>Status:<\/strong>\u00a0banca definida (IDECAN)<\/li>\n\n\n\n<li><strong>Cargos:<\/strong> v\u00e1rios<\/li>\n\n\n\n<li><strong>Forma\u00e7\u00e3o<\/strong>:\u00a0n\u00edvel m\u00e9dio e superior<\/li>\n\n\n\n<li><strong>Vagas:<\/strong>\u00a0200 + CR<\/li>\n\n\n\n<li><strong>Sal\u00e1rio:<\/strong> R$ 2.913,78 a R$ 5.834,74<\/li>\n<\/ul>\n\n\n\n<h3 class=\"wp-block-heading has-pale-cyan-blue-background-color has-background\" id=\"h-concurso-camara-de-cianorte-pr\"><a href=\"https:\/\/www.estrategiaconcursos.com.br\/blog\/concurso-camara-de-cianorte\" target=\"_blank\" rel=\"noreferrer noopener\">Concurso C\u00e2mara de Cianorte<\/a> (PR)<\/h3>\n\n\n\n<ul class=\"wp-block-list\">\n<li><strong>Status:<\/strong>&nbsp;banca definida (Funda\u00e7\u00e3o Fafipa)<\/li>\n\n\n\n<li><strong>Cargos<\/strong>: a definir<\/li>\n\n\n\n<li><strong>Forma\u00e7\u00e3o<\/strong>:&nbsp;n\u00edvel fundamental, m\u00e9dio e superior<\/li>\n\n\n\n<li><strong>Vagas:<\/strong>&nbsp;3 + CR<\/li>\n\n\n\n<li><strong>Sal\u00e1rio:<\/strong>&nbsp;R$ 2.527,83 a R$ 9.473,17<\/li>\n<\/ul>\n\n\n\n<h3 class=\"wp-block-heading has-pale-cyan-blue-background-color has-background\" id=\"h-concurso-camara-de-ilheus-ba\"><a href=\"https:\/\/www.estrategiaconcursos.com.br\/blog\/concurso-camara-de-ilheus\/\" target=\"_blank\" rel=\"noreferrer noopener\">Concurso C\u00e2mara de Ilh\u00e9us<\/a> (BA)<\/h3>\n\n\n\n<ul class=\"wp-block-list\">\n<li><strong>Status:<\/strong>&nbsp;previsto<\/li>\n\n\n\n<li><strong>Cargos<\/strong>: a definir<\/li>\n\n\n\n<li><strong>Forma\u00e7\u00e3o<\/strong>:&nbsp;a definir<\/li>\n\n\n\n<li><strong>Vagas:<\/strong>&nbsp;a definir<\/li>\n\n\n\n<li><strong>Sal\u00e1rio:<\/strong>&nbsp;R$ 3.000,00 a R$ 5.000,00<\/li>\n<\/ul>\n\n\n\n<h3 class=\"wp-block-heading has-pale-cyan-blue-background-color has-background\" id=\"block-c6968981-ebfa-4043-90ec-12f9af0efc69\"><a href=\"https:\/\/www.estrategiaconcursos.com.br\/blog\/concurso-camara-sao-pedro-da-aldeia\/#\" target=\"_blank\" rel=\"noreferrer noopener\">Concurso C\u00e2mara S\u00e3o Pedro da Aldeia<\/a> (RJ)<\/h3>\n\n\n\n<figure class=\"wp-block-table is-style-stripes\"><table class=\"has-fixed-layout\"><tbody><tr><td><strong>Status<\/strong><\/td><td>banca definida (IBAM)<\/td><\/tr><tr><td><strong>Cargos<\/strong><\/td><td>v\u00e1rios<\/td><\/tr><tr><td><strong>Forma\u00e7\u00e3o<\/strong><\/td><td>a definir<\/td><\/tr><tr><td><strong>Vagas<\/strong><\/td><td>12<\/td><\/tr><tr><td><strong>Sal\u00e1rio<\/strong><\/td><td>A definir<\/td><\/tr><\/tbody><\/table><\/figure>\n\n\n\n<h3 class=\"wp-block-heading has-pale-cyan-blue-background-color has-background\" id=\"h-concurso-camara-de-petrolina-pe\"><a href=\"https:\/\/www.estrategiaconcursos.com.br\/blog\/concurso-camara-de-petrolina-pe\/\" target=\"_blank\" rel=\"noreferrer noopener\">Concurso C\u00e2mara de Petrolina<\/a> (PE)<\/h3>\n\n\n\n<ul class=\"wp-block-list\">\n<li><strong>Status:<\/strong>&nbsp;previsto<\/li>\n\n\n\n<li><strong>Cargos<\/strong>: a definir<\/li>\n\n\n\n<li><strong>Forma\u00e7\u00e3o<\/strong>:&nbsp;a definir<\/li>\n\n\n\n<li><strong>Vagas:<\/strong>&nbsp;a definir<\/li>\n\n\n\n<li><strong>Sal\u00e1rio:<\/strong>&nbsp;R$ 2.550,54 a R$ 8.561,42<\/li>\n<\/ul>\n\n\n\n<h3 class=\"wp-block-heading has-pale-cyan-blue-background-color has-background\" id=\"h-concurso-camara-de-petropolis-rj\"><a href=\"https:\/\/www.estrategiaconcursos.com.br\/blog\/concurso-camara-de-petropolis-rj\/\" target=\"_blank\" rel=\"noreferrer noopener\">Concurso C\u00e2mara de Petr\u00f3polis<\/a> (RJ)<\/h3>\n\n\n\n<ul class=\"wp-block-list\">\n<li><strong>Status:<\/strong>&nbsp;anunciado<\/li>\n\n\n\n<li><strong>Cargos<\/strong>: a definir<\/li>\n\n\n\n<li><strong>Forma\u00e7\u00e3o<\/strong>:&nbsp;a definir<\/li>\n\n\n\n<li><strong>Vagas:<\/strong>&nbsp;a definir<\/li>\n\n\n\n<li><strong>Sal\u00e1rio:<\/strong>&nbsp;R$ 1.876,51 a R$ 3.738,97 (\u00faltimo edital)<\/li>\n<\/ul>\n\n\n\n<h3 class=\"wp-block-heading has-pale-cyan-blue-background-color has-background\" id=\"h-concurso-camara-de-mossoro-rn\"><a href=\"https:\/\/www.estrategiaconcursos.com.br\/blog\/concurso-camara-de-mossoro-rn\/\" target=\"_blank\" rel=\"noreferrer noopener\">Concurso C\u00e2mara de Mossor\u00f3<\/a> (RN)<\/h3>\n\n\n\n<ul class=\"wp-block-list\">\n<li><strong>Status:<\/strong>&nbsp;comiss\u00e3o formada<\/li>\n\n\n\n<li><strong>Cargos<\/strong>: v\u00e1rios<\/li>\n\n\n\n<li><strong>Forma\u00e7\u00e3o<\/strong>:&nbsp;m\u00e9dio e superior<\/li>\n\n\n\n<li><strong>Vagas:<\/strong>&nbsp;a definir<\/li>\n\n\n\n<li><strong>Sal\u00e1rio:<\/strong>&nbsp;a definir<\/li>\n<\/ul>\n\n\n\n<h3 class=\"wp-block-heading has-pale-cyan-blue-background-color has-background\" id=\"h-concurso-camara-de-florianopolis-sc\"><a href=\"https:\/\/www.estrategiaconcursos.com.br\/blog\/concurso-camara-de-florianopolis-sc\/\" target=\"_blank\" rel=\"noreferrer noopener\">Concurso C\u00e2mara de Florian\u00f3polis<\/a> (SC)<\/h3>\n\n\n\n<ul class=\"wp-block-list\">\n<li><strong>Status:<\/strong>&nbsp;comiss\u00e3o formada<\/li>\n\n\n\n<li><strong>Cargos<\/strong>: v\u00e1rios<\/li>\n\n\n\n<li><strong>Forma\u00e7\u00e3o<\/strong>:&nbsp;m\u00e9dio e superior<\/li>\n\n\n\n<li><strong>Vagas:<\/strong>&nbsp;8 + 21 CR<\/li>\n\n\n\n<li><strong>Sal\u00e1rio:<\/strong>&nbsp;R$ 2.464,88 a R$ 5.431,88<\/li>\n<\/ul>\n\n\n\n<h3 class=\"wp-block-heading has-pale-cyan-blue-background-color has-background\" id=\"h-concurso-camara-de-boa-vista-rr\"><a href=\"https:\/\/www.estrategiaconcursos.com.br\/blog\/concurso-camara-de-boa-vista-anunciado-2026\/\" target=\"_blank\" rel=\"noreferrer noopener\">Concurso C\u00e2mara de Boa Vista<\/a> (RR)<\/h3>\n\n\n\n<ul class=\"wp-block-list\">\n<li><strong>Status:<\/strong>&nbsp;comiss\u00e3o formada<\/li>\n\n\n\n<li><strong>Cargos<\/strong>: v\u00e1rios<\/li>\n\n\n\n<li><strong>Forma\u00e7\u00e3o<\/strong>:&nbsp;m\u00e9dio e superior<\/li>\n\n\n\n<li><strong>Vagas:<\/strong>&nbsp;70 + 70 CR<\/li>\n\n\n\n<li><strong>Sal\u00e1rio:<\/strong>&nbsp;R$ 4.434,21 a R$ 5.764,95<\/li>\n<\/ul>\n\n\n\n<h3 class=\"wp-block-heading has-pale-cyan-blue-background-color has-background\" id=\"h-concurso-camara-porto-seguro-ba\"><a href=\"https:\/\/www.estrategiaconcursos.com.br\/blog\/concurso-camara-porto-seguro-ba\/\" target=\"_blank\" rel=\"noreferrer noopener\">Concurso C\u00e2mara Porto Seguro<\/a> (BA)<\/h3>\n\n\n\n<ul class=\"wp-block-list\">\n<li><strong>Status:<\/strong>&nbsp;banca em contrata\u00e7\u00e3o<\/li>\n\n\n\n<li><strong>Cargos:<\/strong> diversos<\/li>\n\n\n\n<li><strong>Forma\u00e7\u00e3o<\/strong>:&nbsp;fundamental, m\u00e9dio e superior<\/li>\n\n\n\n<li><strong>Vagas:<\/strong>&nbsp;17<\/li>\n\n\n\n<li><strong>Sal\u00e1rio:<\/strong>&nbsp;R$ 1.789,32 a R$ 2.533,17<\/li>\n<\/ul>\n\n\n\n<h3 class=\"wp-block-heading has-pale-cyan-blue-background-color has-background\" id=\"h-concurso-camara-de-taboao-da-serra-sp\"><a href=\"https:\/\/www.estrategiaconcursos.com.br\/blog\/concurso-camara-taboao-da-serra\/\" target=\"_blank\" rel=\"noreferrer noopener\">Concurso C\u00e2mara de Tabo\u00e3o da Serra<\/a> (SP)<\/h3>\n\n\n\n<ul class=\"wp-block-list\">\n<li><strong>Status:<\/strong>&nbsp;banca em defini\u00e7\u00e3o<\/li>\n\n\n\n<li><strong>Cargos:<\/strong> diversos<\/li>\n\n\n\n<li><strong>Forma\u00e7\u00e3o<\/strong>:&nbsp;m\u00e9dio e superior<\/li>\n\n\n\n<li><strong>Vagas:<\/strong>&nbsp;21<\/li>\n\n\n\n<li><strong>Sal\u00e1rio:<\/strong>&nbsp;R$ 1.500,00 a R$ 10.437,50<\/li>\n<\/ul>\n\n\n\n<h3 class=\"wp-block-heading has-pale-cyan-blue-background-color has-background\" id=\"h-concurso-camara-sao-joao-da-boa-vista-sp\"><a href=\"https:\/\/www.estrategiaconcursos.com.br\/blog\/concurso-camara-sao-joao-da-boa-vista\/\">Concurso C\u00e2mara S\u00e3o Jo\u00e3o da Boa Vista<\/a> (SP)<\/h3>\n\n\n\n<ul class=\"wp-block-list\">\n<li><strong>Status:<\/strong>&nbsp;banca definida (IFEPAE)<\/li>\n\n\n\n<li><strong>Cargos:<\/strong> Auxiliar, Analista e Procurador<\/li>\n\n\n\n<li><strong>Forma\u00e7\u00e3o<\/strong>:&nbsp;m\u00e9dio e superior<\/li>\n\n\n\n<li><strong>Vagas:<\/strong>&nbsp;a definir<\/li>\n\n\n\n<li><strong>Sal\u00e1rio:<\/strong>&nbsp;R$ 2.388,58 a R$ 7.358,11<\/li>\n<\/ul>\n\n\n\n<h3 class=\"wp-block-heading has-pale-cyan-blue-background-color has-background\" id=\"h-concurso-camara-de-rio-branco-ac\"><a href=\"https:\/\/www.estrategiaconcursos.com.br\/blog\/concurso-camara-de-rio-branco\/\" target=\"_blank\" rel=\"noreferrer noopener\">Concurso C\u00e2mara de Rio Branco<\/a> (AC)<\/h3>\n\n\n\n<ul class=\"wp-block-list\">\n<li><strong>Status<\/strong>:&nbsp;comiss\u00e3o formada\/sem previs\u00e3o<\/li>\n\n\n\n<li><strong>Cargos:<\/strong>&nbsp;v\u00e1rios<\/li>\n\n\n\n<li><strong>Forma\u00e7\u00e3o<\/strong>:&nbsp;m\u00e9dio e superior<\/li>\n\n\n\n<li><strong>Vagas:&nbsp;<\/strong>15 + CR<\/li>\n\n\n\n<li><strong>Sal\u00e1rio<\/strong>:&nbsp;R$ 1.325,25 e&nbsp;R$ 11.488,57 [\u00faltimo edital]<\/li>\n<\/ul>\n\n\n\n<h3 class=\"wp-block-heading has-pale-cyan-blue-background-color has-background\" id=\"h-concurso-camara-feira-de-santana-ba\"><a href=\"https:\/\/www.estrategiaconcursos.com.br\/blog\/concurso-camara-feira-de-santana-ba\/\" target=\"_blank\" rel=\"noreferrer noopener\">Concurso C\u00e2mara Feira de Santana<\/a> (BA)<\/h3>\n\n\n\n<ul class=\"wp-block-list\">\n<li><strong>Status:<\/strong>&nbsp;anunciado<\/li>\n\n\n\n<li><strong>Cargos:<\/strong> a definir<\/li>\n\n\n\n<li><strong>Forma\u00e7\u00e3o<\/strong>:&nbsp;a definir<\/li>\n\n\n\n<li><strong>Vagas:<\/strong>&nbsp;a definir<\/li>\n\n\n\n<li><strong>Sal\u00e1rio:<\/strong>&nbsp;R$ 1.530,62 a R$ 2.025,20 [\u00faltimo edital]<\/li>\n<\/ul>\n\n\n\n<h3 class=\"wp-block-heading has-pale-cyan-blue-background-color has-background\" id=\"h-concurso-camara-de-nova-friburgo-rj\"><a href=\"https:\/\/www.estrategiaconcursos.com.br\/blog\/concurso-camara-nova-friburgo\/\" target=\"_blank\" rel=\"noreferrer noopener\">Concurso C\u00e2mara de Nova Friburgo<\/a> (RJ)<\/h3>\n\n\n\n<ul class=\"wp-block-list\">\n<li><strong>Status:<\/strong>&nbsp;comiss\u00e3o formada<\/li>\n\n\n\n<li><strong>Cargos:<\/strong> a definir<\/li>\n\n\n\n<li><strong>Forma\u00e7\u00e3o<\/strong>:&nbsp;a definir<\/li>\n\n\n\n<li><strong>Vagas:<\/strong>&nbsp;a definir<\/li>\n\n\n\n<li><strong>Sal\u00e1rio:<\/strong>&nbsp;R$ 1.826,91 a R$ 3.094,60 [\u00faltimo edital]<\/li>\n<\/ul>\n\n\n\n<h3 class=\"wp-block-heading has-pale-cyan-blue-background-color has-background\" id=\"h-concurso-camara-de-governador-valadares-mg\"><a href=\"https:\/\/www.estrategiaconcursos.com.br\/blog\/concurso-camara-governador-valadares-mg\/\" target=\"_blank\" rel=\"noreferrer noopener\">Concurso C\u00e2mara de Governador Valadares<\/a> (MG)<\/h3>\n\n\n\n<ul class=\"wp-block-list\">\n<li><strong>Status:<\/strong>&nbsp;banca definida (FGV)<\/li>\n\n\n\n<li><strong>Cargos:<\/strong> v\u00e1rios<\/li>\n\n\n\n<li><strong>Forma\u00e7\u00e3o<\/strong>:&nbsp;m\u00e9dio e superior<\/li>\n\n\n\n<li><strong>Vagas:<\/strong>&nbsp;10<\/li>\n\n\n\n<li><strong>Sal\u00e1rio:<\/strong>&nbsp;a definir<\/li>\n<\/ul>\n\n\n\n<h3 class=\"wp-block-heading has-pale-cyan-blue-background-color has-background\" id=\"h-concurso-camara-de-carpina-pe\"><a href=\"https:\/\/www.estrategiaconcursos.com.br\/blog\/concurso-camara-de-carpina-pe\/\" target=\"_blank\" rel=\"noreferrer noopener\">Concurso C\u00e2mara de Carpina<\/a> (PE)<\/h3>\n\n\n\n<ul class=\"wp-block-list\">\n<li><strong>Status:<\/strong>&nbsp;comiss\u00e3o formada<\/li>\n\n\n\n<li><strong>Cargos:<\/strong> a definir<\/li>\n\n\n\n<li><strong>Forma\u00e7\u00e3o<\/strong>:&nbsp;a definir<\/li>\n\n\n\n<li><strong>Vagas:<\/strong>&nbsp;a definir<\/li>\n\n\n\n<li><strong>Sal\u00e1rio:<\/strong>&nbsp;2.490,05 a R$ 6.257,06 [Portal da Transpar\u00eancia]<\/li>\n<\/ul>\n\n\n\n<h3 class=\"wp-block-heading has-pale-cyan-blue-background-color has-background\" id=\"h-concurso-camara-de-sena-madureira-ac\"><a href=\"https:\/\/www.estrategiaconcursos.com.br\/blog\/concurso-camara-sena-madureira\/\" target=\"_blank\" rel=\"noreferrer noopener\">Concurso C\u00e2mara de Sena Madureira<\/a> (AC)<\/h3>\n\n\n\n<ul class=\"wp-block-list\">\n<li><strong>Status:<\/strong>&nbsp;comiss\u00e3o formada<\/li>\n\n\n\n<li><strong>Cargos:<\/strong> v\u00e1rios<\/li>\n\n\n\n<li><strong><\/strong><strong>Forma\u00e7\u00e3o<\/strong>:&nbsp;N\u00edveis t\u00e9cnico e superior<\/li>\n\n\n\n<li><strong>Vagas:<\/strong>&nbsp;11<\/li>\n\n\n\n<li><strong>Sal\u00e1rio:<\/strong>&nbsp;a definir<\/li>\n<\/ul>\n\n\n\n<h3 class=\"wp-block-heading has-pale-cyan-blue-background-color has-background\" id=\"h-concurso-camara-de-ariquemes-nbsp-ro\"><a href=\"https:\/\/www.estrategiaconcursos.com.br\/blog\/concurso-camara-de-ariquemes-ro\/\" target=\"_blank\" rel=\"noreferrer noopener\">Concurso C\u00e2mara de Ariquemes<\/a>&nbsp;(RO)<\/h3>\n\n\n\n<ul class=\"wp-block-list\">\n<li><strong>Status<\/strong>: aprovado<\/li>\n\n\n\n<li><strong>Cargos:<\/strong>&nbsp;v\u00e1rios<\/li>\n\n\n\n<li><strong>Forma\u00e7\u00e3o:<\/strong> n\u00edvel m\u00e9dio e superior<\/li>\n\n\n\n<li><strong>Vagas:&nbsp;<\/strong>40<\/li>\n\n\n\n<li><strong>Sal\u00e1rio:<\/strong> R$ 500,35 a R$ 19.993,57 + adicionais<\/li>\n<\/ul>\n\n\n\n<h3 class=\"wp-block-heading has-pale-cyan-blue-background-color has-background\" id=\"h-concurso-camara-de-alto-paraiso-ro\"><a href=\"https:\/\/www.estrategiaconcursos.com.br\/blog\/concurso-camara-de-alto-paraiso\/\" target=\"_blank\" rel=\"noreferrer noopener\">Concurso C\u00e2mara de Alto Para\u00edso<\/a> (RO)<\/h3>\n\n\n\n<ul class=\"wp-block-list\">\n<li><strong>Status<\/strong>:&nbsp;comiss\u00e3o formada<\/li>\n\n\n\n<li><strong>Cargos:<\/strong>&nbsp;v\u00e1rios<\/li>\n\n\n\n<li><strong>Forma\u00e7\u00e3o<\/strong>:&nbsp;m\u00e9dio e superior<\/li>\n\n\n\n<li><strong>Vagas:&nbsp;<\/strong>a definir<\/li>\n\n\n\n<li><strong>Sal\u00e1rio<\/strong>:&nbsp;R$ 1.300,00<\/li>\n<\/ul>\n\n\n\n<h3 class=\"wp-block-heading has-pale-cyan-blue-background-color has-background\" id=\"h-concurso-camara-de-recife-pe\"><a href=\"https:\/\/www.estrategiaconcursos.com.br\/blog\/concurso-camara-de-recife\/\" target=\"_blank\" rel=\"noreferrer noopener\">Concurso C\u00e2mara de Recife<\/a> (PE)<\/h3>\n\n\n\n<ul class=\"wp-block-list\">\n<li><strong>Status: <\/strong>edital determinado<\/li>\n\n\n\n<li><strong>Cargos:&nbsp;<\/strong>a definir<\/li>\n\n\n\n<li><strong>Forma\u00e7\u00e3o:&nbsp;<\/strong>m\u00e9dio e superior<\/li>\n\n\n\n<li><strong>Vagas:<\/strong> a definir<\/li>\n\n\n\n<li><strong>Sal\u00e1rio:<\/strong>&nbsp;R$ 1.182,14 a R$ 13.692,13<\/li>\n<\/ul>\n\n\n\n<h3 class=\"wp-block-heading has-pale-cyan-blue-background-color has-background\" id=\"h-concurso-camara-de-joao-pessoa-pb\"><a href=\"https:\/\/www.estrategiaconcursos.com.br\/blog\/concurso-camara-de-joao-pessoa\/\" target=\"_blank\" rel=\"noreferrer noopener\">Concurso C\u00e2mara de Jo\u00e3o Pessoa<\/a> (PB)<\/h3>\n\n\n\n<ul class=\"wp-block-list\">\n<li><strong>Status: <\/strong>anunciado<\/li>\n\n\n\n<li><strong>Cargos:&nbsp;<\/strong>a definir<\/li>\n\n\n\n<li><strong>Forma\u00e7\u00e3o:&nbsp;<\/strong>todos os n\u00edveis<\/li>\n\n\n\n<li><strong>Vagas:<\/strong> a definir<\/li>\n\n\n\n<li><strong>Sal\u00e1rio:<\/strong>&nbsp;R$ 1.264,63 a R$ 6.392,86 [\u00faltimo edital]<\/li>\n<\/ul>\n\n\n\n<h3 class=\"wp-block-heading has-pale-cyan-blue-background-color has-background\" id=\"h-concurso-camara-de-itaperuna-rj\"><a href=\"https:\/\/www.estrategiaconcursos.com.br\/blog\/concurso-camara-de-itaperuna\" target=\"_blank\" rel=\"noreferrer noopener\">Concurso C\u00e2mara de Itaperuna<\/a> (RJ)<\/h3>\n\n\n\n<ul class=\"wp-block-list\">\n<li><strong>Status: <\/strong>justi\u00e7a determina novo edital<\/li>\n\n\n\n<li><strong>Cargo:&nbsp;<\/strong>a definir<\/li>\n\n\n\n<li><strong><\/strong><strong>Forma\u00e7\u00e3o<\/strong>: a definir<\/li>\n\n\n\n<li><strong>Vagas: <\/strong>50 solicitadas<\/li>\n\n\n\n<li><strong><\/strong><strong>Sal\u00e1rio<\/strong>: R$ 1.205,50 a R$ 6.711,95 [Portal da Transpar\u00eancia]<\/li>\n<\/ul>\n\n\n\n<h3 class=\"wp-block-heading has-pale-cyan-blue-background-color has-background\" id=\"h-concurso-cldf\"><a href=\"https:\/\/www.estrategiaconcursos.com.br\/blog\/concurso-cldf\/\" target=\"_blank\" rel=\"noreferrer noopener\">Concurso CLDF<\/a><\/h3>\n\n\n\n<ul class=\"wp-block-list\">\n<li><strong>Status<\/strong>: grupo de estudos formado<\/li>\n\n\n\n<li><strong>Cargos:&nbsp;<\/strong>Analista, Assistente T\u00e9cnico e T\u00e9cnico Administrativo<\/li>\n\n\n\n<li><strong>Forma\u00e7\u00e3o:&nbsp;<\/strong>N\u00edvel m\u00e9dio e superior<\/li>\n\n\n\n<li><strong>Vagas:<\/strong> 90 previstas<\/li>\n\n\n\n<li><strong>Sal\u00e1rio:<\/strong>&nbsp;R$ 6.086,65 a R$ 13.531,06<\/li>\n<\/ul>\n\n\n\n<h3 class=\"wp-block-heading has-pale-cyan-blue-background-color has-background\" id=\"h-concurso-camara-de-teresina-pi\"><a href=\"https:\/\/www.estrategiaconcursos.com.br\/blog\/concurso-camara-de-teresina\/\" target=\"_blank\" rel=\"noreferrer noopener\">Concurso C\u00e2mara de Teresina<\/a> (PI)<\/h3>\n\n\n\n<ul class=\"wp-block-list\">\n<li><strong><\/strong><strong><\/strong><strong><\/strong><strong>Status<\/strong>:&nbsp;Comiss\u00e3o formada<\/li>\n\n\n\n<li><strong>Cargos:<\/strong>&nbsp;diversos<\/li>\n\n\n\n<li><strong><\/strong><strong><\/strong><strong><\/strong><strong><\/strong><strong><\/strong><strong>Forma\u00e7\u00e3o<\/strong>:&nbsp;N\u00edvel m\u00e9dio e superior<\/li>\n\n\n\n<li><strong>Vagas:&nbsp;<\/strong>18<\/li>\n\n\n\n<li><strong><\/strong><strong><\/strong><strong><\/strong><strong><\/strong><strong><\/strong><strong><\/strong><strong>Sal\u00e1rio<\/strong>:&nbsp;A definir<\/li>\n<\/ul>\n\n\n\n<h3 class=\"wp-block-heading has-pale-cyan-blue-background-color has-background\" id=\"h-concurso-camara-de-campo-grande-ms\"><a href=\"https:\/\/www.estrategiaconcursos.com.br\/blog\/concurso-camara-campo-grande\/\" target=\"_blank\" rel=\"noreferrer noopener\">Concurso C\u00e2mara de Campo Grande<\/a> (MS)<\/h3>\n\n\n\n<ul class=\"wp-block-list\">\n<li><strong><\/strong><strong><\/strong><strong>Status<\/strong>:&nbsp;Anunciado<\/li>\n\n\n\n<li><strong>Cargos:<\/strong>&nbsp;a definir<\/li>\n\n\n\n<li><strong><\/strong><strong><\/strong><strong><\/strong><strong><\/strong><strong>Forma\u00e7\u00e3o<\/strong>:&nbsp;N\u00edvel m\u00e9dio e superior<\/li>\n\n\n\n<li><strong>Vagas:&nbsp;<\/strong>20 a 30<\/li>\n\n\n\n<li><strong><\/strong><strong><\/strong><strong><\/strong><strong><\/strong><strong><\/strong><strong>Sal\u00e1rio<\/strong>:&nbsp;R$ 2.342,39 a R$ 3.973,58 <em>(\u00faltimo edital)<\/em><\/li>\n<\/ul>\n\n\n\n<h3 class=\"wp-block-heading has-pale-cyan-blue-background-color has-background\" id=\"h-concurso-al-pb\"><a href=\"https:\/\/www.estrategiaconcursos.com.br\/blog\/concurso-al-pb\/\" target=\"_blank\" rel=\"noreferrer noopener\">Concurso AL PB<\/a><\/h3>\n\n\n\n<ul class=\"wp-block-list\">\n<li><strong>Status:<\/strong>&nbsp;comiss\u00e3o formada<\/li>\n\n\n\n<li><strong>Cargos:<\/strong>&nbsp;a definir<\/li>\n\n\n\n<li><strong><\/strong><strong>Forma\u00e7\u00e3o<\/strong>: a definir<\/li>\n\n\n\n<li><strong>Vagas:&nbsp;<\/strong>a definir<\/li>\n\n\n\n<li><strong>Sal\u00e1rio<\/strong>:&nbsp;R$ 2.814,99 a R$ 20.707,12<\/li>\n<\/ul>\n\n\n\n<h3 class=\"wp-block-heading has-pale-cyan-blue-background-color has-background\" id=\"h-concurso-nbsp-alepe-pe\"><a href=\"https:\/\/www.estrategiaconcursos.com.br\/blog\/concurso-alepe\/\" target=\"_blank\" rel=\"noreferrer noopener\">Concurso&nbsp;ALEPE<\/a> (PE)<\/h3>\n\n\n\n<ul class=\"wp-block-list\">\n<li><strong>Status<\/strong>: Previsto<\/li>\n\n\n\n<li><strong>Cargo:&nbsp;<\/strong>Analista, T\u00e9cnico e Agente Legislativo<\/li>\n\n\n\n<li><strong>Forma\u00e7\u00e3o:&nbsp;<\/strong>N\u00edvel m\u00e9dio e superior<\/li>\n\n\n\n<li><strong>Vagas:<\/strong>&nbsp;a definir<\/li>\n\n\n\n<li><strong>Sal\u00e1rio:<\/strong>&nbsp;R$ 4.780,74 a R$ 11.315,33<\/li>\n<\/ul>\n\n\n\n<h3 class=\"wp-block-heading has-pale-cyan-blue-background-color has-background\" id=\"concurso-assembleia-legislativa-am\"><a href=\"https:\/\/www.estrategiaconcursos.com.br\/blog\/concurso-aleac\/\" target=\"_blank\" rel=\"noreferrer noopener\">Concurso ALEAC<\/a><\/h3>\n\n\n\n<ul class=\"wp-block-list\">\n<li><strong>Status<\/strong>: comiss\u00e3o formada<\/li>\n\n\n\n<li><strong>Cargos:&nbsp;<\/strong>a definir<\/li>\n\n\n\n<li><strong>Forma\u00e7\u00e3o:&nbsp;<\/strong>m\u00e9dio e superior<\/li>\n\n\n\n<li><strong>Vagas:<\/strong>&nbsp;a definir<\/li>\n\n\n\n<li><strong>Sal\u00e1rio:<\/strong>&nbsp;R$ 1.522,05 a R$ 3.750,49 + gratifica\u00e7\u00f5es<\/li>\n<\/ul>\n\n\n\n<h3 class=\"wp-block-heading has-pale-cyan-blue-background-color has-background\" id=\"h-concurso-alba-ba\"><a href=\"https:\/\/www.estrategiaconcursos.com.br\/blog\/concurso-alba\" target=\"_blank\" rel=\"noreferrer noopener\">Concurso ALBA<\/a> (BA)<\/h3>\n\n\n\n<ul class=\"wp-block-list\">\n<li><strong>Status:<\/strong>&nbsp;Previsto<\/li>\n\n\n\n<li><strong>Cargos:<\/strong>&nbsp;a definir<\/li>\n\n\n\n<li><strong><\/strong><strong>Forma\u00e7\u00e3o<\/strong>: a definir<\/li>\n\n\n\n<li><strong>Vagas:&nbsp;<\/strong>a definir<\/li>\n\n\n\n<li><strong><\/strong><strong><\/strong><strong><\/strong><strong>Sal\u00e1rio<\/strong>:&nbsp;a definir<\/li>\n<\/ul>\n\n\n\n<h2 class=\"wp-block-heading has-very-light-gray-to-cyan-bluish-gray-gradient-background has-background\" id=\"saude\">Concursos 2026: vagas na \u00e1rea da Sa\u00fade<\/h2>\n\n\n\n<h3 class=\"wp-block-heading has-pale-cyan-blue-background-color has-background\" id=\"concurso-braganca\"><a href=\"https:\/\/www.estrategiaconcursos.com.br\/blog\/concurso-caxias-do-sul-saude\/\" target=\"_blank\" rel=\"noreferrer noopener\">Concurso Caxias do Sul Sa\u00fade RS<\/a><\/h3>\n\n\n\n<ul class=\"wp-block-list\">\n<li><strong>Status:<\/strong>&nbsp;edital em breve<\/li>\n\n\n\n<li><strong>Cargo:<\/strong>&nbsp;T\u00e9cnico em Enfermagem, Odont\u00f3logo, e M\u00e9dico<\/li>\n\n\n\n<li><strong>Vagas:<\/strong> a definir<\/li>\n\n\n\n<li><strong>Forma\u00e7\u00e3o:&nbsp;<\/strong>n\u00edveis t\u00e9cnico e superior<\/li>\n\n\n\n<li><strong>Sal\u00e1rio:<\/strong> a definir<\/li>\n<\/ul>\n\n\n\n<h3 class=\"wp-block-heading has-pale-cyan-blue-background-color has-background\" id=\"h-concurso-porto-alegre-saude-rs\"><a href=\"https:\/\/www.estrategiaconcursos.com.br\/blog\/concurso-porto-alegre-saude\" target=\"_blank\" rel=\"noreferrer noopener\">Concurso Porto Alegre Sa\u00fade RS<\/a><\/h3>\n\n\n\n<ul class=\"wp-block-list\">\n<li><strong>Status:<\/strong>&nbsp;banca definida (Funda\u00e7\u00e3o La Salle)<\/li>\n\n\n\n<li><strong>Cargo:<\/strong>&nbsp;Assistente Social, Cirurgi\u00e3o Dentista, Fonoaudi\u00f3logo e Psic\u00f3logo<\/li>\n\n\n\n<li><strong>Vagas:<\/strong> CR<\/li>\n\n\n\n<li><strong>Forma\u00e7\u00e3o:&nbsp;<\/strong>N\u00edvel superior<\/li>\n\n\n\n<li><strong>Sal\u00e1rio:<\/strong> R$ 4.795,81 a R$ 9.067,19<\/li>\n<\/ul>\n\n\n\n<h3 class=\"wp-block-heading has-pale-cyan-blue-background-color has-background\" id=\"h-concurso-foz-do-iguacu-saude-pr\"><a href=\"https:\/\/www.estrategiaconcursos.com.br\/blog\/concurso-foz-do-iguacu-saude-pr\/\" target=\"_blank\" rel=\"noreferrer noopener\">Concurso Foz do Igua\u00e7u Sa\u00fade PR<\/a><\/h3>\n\n\n\n<ul class=\"wp-block-list\">\n<li><strong>Status:<\/strong>&nbsp;banca definida (FAFIPA)<\/li>\n\n\n\n<li><strong>Cargo:<\/strong>&nbsp;diversos<\/li>\n\n\n\n<li><strong>Vagas:<\/strong> 42 + CR<\/li>\n\n\n\n<li><strong>Forma\u00e7\u00e3o:&nbsp;<\/strong>N\u00edveis m\u00e9dio, t\u00e9cnico e superior<\/li>\n\n\n\n<li><strong>Sal\u00e1rio:<\/strong> R$ 2.396,37 a R$ 4.710,69 [\u00faltimo edital]<\/li>\n<\/ul>\n\n\n\n<h3 class=\"wp-block-heading has-pale-cyan-blue-background-color has-background\" id=\"h-concurso-hob-mg\"><a href=\"https:\/\/www.estrategiaconcursos.com.br\/blog\/concurso-hob-mg\/\" target=\"_blank\" rel=\"noreferrer noopener\">Concurso HOB MG<\/a><\/h3>\n\n\n\n<ul class=\"wp-block-list\">\n<li><strong>Status:<\/strong>&nbsp;banca definida (IBGP)<\/li>\n\n\n\n<li><strong>Cargo:<\/strong>&nbsp;diversos<\/li>\n\n\n\n<li><strong>Vagas:<\/strong> 230<\/li>\n\n\n\n<li><strong>Forma\u00e7\u00e3o:&nbsp;<\/strong>N\u00edveis t\u00e9cnico e superior<\/li>\n\n\n\n<li><strong>Sal\u00e1rio:<\/strong> R$ 1.167,95 a R$ 3.345,14<\/li>\n<\/ul>\n\n\n\n<h3 class=\"wp-block-heading has-pale-cyan-blue-background-color has-background\" id=\"h-concurso-hospital-de-clinicas-gaspar-vianna\"><a href=\"https:\/\/www.estrategiaconcursos.com.br\/blog\/concurso-hospital-de-clinicas-gaspar-vianna\/\" target=\"_blank\" rel=\"noreferrer noopener\">Concurso Hospital de Cl\u00ednicas Gaspar Vianna<\/a><\/h3>\n\n\n\n<ul class=\"wp-block-list\">\n<li><strong>Status:<\/strong>&nbsp;banca definida (Consulplan)<\/li>\n\n\n\n<li><strong>Cargo:<\/strong>&nbsp;diversos<\/li>\n\n\n\n<li><strong>Vagas:<\/strong> 282<\/li>\n\n\n\n<li><strong>Forma\u00e7\u00e3o:&nbsp;<\/strong>N\u00edveis m\u00e9dio e superior<\/li>\n\n\n\n<li><strong>Sal\u00e1rio:<\/strong> R$ 1.167,95 a R$ 3.345,14<\/li>\n<\/ul>\n\n\n\n<h3 class=\"wp-block-heading has-pale-cyan-blue-background-color has-background\" id=\"h-concurso-pelotas-saude-rs\"><a href=\"https:\/\/www.estrategiaconcursos.com.br\/blog\/concurso-pelotas-saude-rs\/\" target=\"_blank\" rel=\"noreferrer noopener\">Concurso Pelotas Sa\u00fade<\/a> (RS)<\/h3>\n\n\n\n<ul class=\"wp-block-list\">\n<li><strong>Status:<\/strong>&nbsp;banca em defini\u00e7\u00e3o<\/li>\n\n\n\n<li><strong>Cargo:<\/strong>&nbsp;diversos<\/li>\n\n\n\n<li><strong>Vagas:<\/strong> a definir<\/li>\n\n\n\n<li><strong>Forma\u00e7\u00e3o:&nbsp;<\/strong>N\u00edveis m\u00e9dio, t\u00e9cnico e superior<\/li>\n\n\n\n<li><strong>Sal\u00e1rio:<\/strong> a definir<\/li>\n<\/ul>\n\n\n\n<h3 class=\"wp-block-heading has-pale-cyan-blue-background-color has-background\" id=\"h-pss-ebserh\"><a href=\"https:\/\/www.estrategiaconcursos.com.br\/blog\/concurso-ebserh\/\" target=\"_blank\" rel=\"noreferrer noopener\">PSS EBSERH<\/a><\/h3>\n\n\n\n<ul class=\"wp-block-list\">\n<li><strong>Status<\/strong>: banca definida (Instituto AOCP)<\/li>\n\n\n\n<li><strong>Cargos:<\/strong> \u00c1reas Assistencial, Administrativa e M\u00e9dica<\/li>\n\n\n\n<li><strong>Forma\u00e7\u00e3o<\/strong>:&nbsp;n\u00edveis m\u00e9dio\/t\u00e9cnico e superior<\/li>\n\n\n\n<li><strong>Vagas:&nbsp;<\/strong>a definir<\/li>\n\n\n\n<li><strong>Sal\u00e1rio<\/strong>: R$ 3.057,56 a R$ 17.978,62 (\u00faltimos editais)<\/li>\n<\/ul>\n\n\n\n<h3 class=\"wp-block-heading has-pale-cyan-blue-background-color has-background\" id=\"h-concurso-ses-to\"><a href=\"https:\/\/www.estrategiaconcursos.com.br\/blog\/concurso-ses-to\/\" target=\"_blank\" rel=\"noreferrer noopener\">Concurso SES TO<\/a><\/h3>\n\n\n\n<ul class=\"wp-block-list\">\n<li><strong>Status<\/strong>: autorizado\/comiss\u00e3o formada<\/li>\n\n\n\n<li><strong>Cargos:<\/strong> diversos<\/li>\n\n\n\n<li><strong>Forma\u00e7\u00e3o<\/strong>:&nbsp;n\u00edveis m\u00e9dio\/t\u00e9cnico e superior<\/li>\n\n\n\n<li><strong>Sal\u00e1rio<\/strong>: R$ 778,75 a R$ 5.681,75<\/li>\n\n\n\n<li><strong>Vagas:&nbsp;<\/strong>5.124<\/li>\n<\/ul>\n\n\n\n<h3 class=\"wp-block-heading has-pale-cyan-blue-background-color has-background\" id=\"h-pss-marica-saude-rj\"><a href=\"https:\/\/www.estrategiaconcursos.com.br\/blog\/concurso-marica-saude-rj\/\" target=\"_blank\" rel=\"noreferrer noopener\">PSS Maric\u00e1 Sa\u00fade RJ<\/a><\/h3>\n\n\n\n<ul class=\"wp-block-list\">\n<li><strong>Status<\/strong>: UFF<\/li>\n\n\n\n<li><strong>Cargos:<\/strong> ACS e ACE<\/li>\n\n\n\n<li><strong>Forma\u00e7\u00e3o<\/strong>:&nbsp;n\u00edvel m\u00e9dio<\/li>\n\n\n\n<li><strong>Sal\u00e1rio<\/strong>: R$ 2.640,00 [\u00faltimo edital]<\/li>\n\n\n\n<li><strong>Vagas:&nbsp;<\/strong>836<\/li>\n<\/ul>\n\n\n\n<h3 class=\"wp-block-heading has-pale-cyan-blue-background-color has-background\" id=\"h-concurso-itajai-saude-sc\"><a href=\"https:\/\/www.estrategiaconcursos.com.br\/blog\/concurso-itajai-saude-sc\/\" target=\"_blank\" rel=\"noreferrer noopener\">Concurso Itaja\u00ed Sa\u00fade<\/a> (SC)<\/h3>\n\n\n\n<ul class=\"wp-block-list\">\n<li><strong>Status<\/strong>: banca definida (FEPESE)<\/li>\n\n\n\n<li><strong>Cargos:<\/strong> v\u00e1rios<\/li>\n\n\n\n<li><strong>Forma\u00e7\u00e3o<\/strong>:&nbsp;n\u00edvel superior<\/li>\n\n\n\n<li><strong>Sal\u00e1rio<\/strong>: R$ 6.269,64 a R$ 7.057,28<\/li>\n\n\n\n<li><strong>Vagas:&nbsp;<\/strong>6<\/li>\n<\/ul>\n\n\n\n<h3 class=\"wp-block-heading has-pale-cyan-blue-background-color has-background\" id=\"h-concurso-funsau-ms\"><a href=\"https:\/\/www.estrategiaconcursos.com.br\/blog\/concurso-funsau-ms\/\" target=\"_blank\" rel=\"noreferrer noopener\">Concurso FUNSAU<\/a> (MS)<\/h3>\n\n\n\n<ul class=\"wp-block-list\">\n<li><strong>Status<\/strong>: autorizado<\/li>\n\n\n\n<li><strong>Cargos:<\/strong> v\u00e1rios<\/li>\n\n\n\n<li><strong>Forma\u00e7\u00e3o<\/strong>:&nbsp;n\u00edveis m\u00e9dio, t\u00e9cnico e superior<\/li>\n\n\n\n<li><strong>Sal\u00e1rio<\/strong>: R$ 2.254,70 a R$ 6.313,15 [\u00faltimo edital]<\/li>\n\n\n\n<li><strong>Vagas:&nbsp;<\/strong>194<\/li>\n<\/ul>\n\n\n\n<h3 class=\"wp-block-heading has-pale-cyan-blue-background-color has-background\" id=\"h-concurso-araucaria-saude-pr\"><a href=\"https:\/\/www.estrategiaconcursos.com.br\/blog\/concurso-araucaria-saude-pr\/\" target=\"_blank\" rel=\"noreferrer noopener\">Concurso Arauc\u00e1ria Sa\u00fade<\/a> (PR)<\/h3>\n\n\n\n<ul class=\"wp-block-list\">\n<li><strong>Status<\/strong>: banca definida (FAFIPA)<\/li>\n\n\n\n<li><strong>Cargos:<\/strong> v\u00e1rios<\/li>\n\n\n\n<li><strong>Forma\u00e7\u00e3o<\/strong>:&nbsp;n\u00edvel superior<\/li>\n\n\n\n<li><strong>Sal\u00e1rio<\/strong>: a definir<\/li>\n\n\n\n<li><strong>Vagas:&nbsp;<\/strong>1 + CR<\/li>\n<\/ul>\n\n\n\n<h3 class=\"wp-block-heading has-pale-cyan-blue-background-color has-background\" id=\"h-concurso-aparecida-de-goiania-saude-go\"><a href=\"https:\/\/www.estrategiaconcursos.com.br\/blog\/concurso-aparecida-de-goiania-saude\/\" target=\"_blank\" rel=\"noreferrer noopener\">Concurso Aparecida de Goi\u00e2nia Sa\u00fade<\/a> (GO)<\/h3>\n\n\n\n<ul class=\"wp-block-list\">\n<li><strong>Status<\/strong>: autorizado<\/li>\n\n\n\n<li><strong>Cargos:<\/strong> v\u00e1rios<\/li>\n\n\n\n<li><strong>Forma\u00e7\u00e3o<\/strong>:&nbsp;n\u00edvel t\u00e9cnico e superior<\/li>\n\n\n\n<li><strong>Sal\u00e1rio<\/strong>:&nbsp;R$ 1.926,43 e R$ 3.919,88 <em>(\u00faltimo edital)<\/em><\/li>\n\n\n\n<li><strong>Vagas:&nbsp;<\/strong>a definir<\/li>\n<\/ul>\n\n\n\n<h3 class=\"wp-block-heading has-pale-cyan-blue-background-color has-background\" id=\"h-concurso-campina-grande-saude-pb\"><a href=\"https:\/\/www.estrategiaconcursos.com.br\/blog\/concurso-campina-grande-saude-pb\/\" target=\"_blank\" rel=\"noreferrer noopener\">Concurso Campina Grande Sa\u00fade<\/a> (PB)<\/h3>\n\n\n\n<ul class=\"wp-block-list\">\n<li><strong>Status<\/strong>: banca definida (Idecan)<\/li>\n\n\n\n<li><strong>Cargos:<\/strong> diversos<\/li>\n\n\n\n<li><strong>Vagas:<\/strong> a definir<\/li>\n\n\n\n<li><strong>Forma\u00e7\u00e3o:<\/strong> n\u00edveis m\u00e9dio e superior<\/li>\n\n\n\n<li><strong>Sal\u00e1rio:<\/strong> R$ 1.100,00 a R$ 4.481,63&nbsp;<em>(\u00faltimo edital)<\/em><\/li>\n<\/ul>\n\n\n\n<h3 class=\"wp-block-heading has-pale-cyan-blue-background-color has-background\" id=\"h-concurso-saquarema-saude-rj\"><a href=\"https:\/\/www.estrategiaconcursos.com.br\/blog\/concurso-saquarema-saude\/\">Concurso Saquarema Sa\u00fade RJ<\/a><\/h3>\n\n\n\n<ul class=\"wp-block-list\">\n<li><strong>Status<\/strong>: banca definida (IBAM)<\/li>\n\n\n\n<li><strong>Cargos:&nbsp;<\/strong>217<\/li>\n\n\n\n<li><strong>Forma\u00e7\u00e3o:&nbsp;<\/strong>m\u00e9dio<\/li>\n\n\n\n<li><strong>Vagas:<\/strong> 217<\/li>\n\n\n\n<li><strong>Sal\u00e1rio:<\/strong> R$ 2.130,89 a R$ 3.551,49 [\u00faltimo edital]<\/li>\n<\/ul>\n\n\n\n<h3 class=\"wp-block-heading has-pale-cyan-blue-background-color has-background\" id=\"h-concurso-cacapava-saude-sp\"><a href=\"https:\/\/www.estrategiaconcursos.com.br\/blog\/concurso-cacapava-saude-sp\/\" target=\"_blank\" rel=\"noreferrer noopener\">Concurso Ca\u00e7apava Sa\u00fade SP<\/a><\/h3>\n\n\n\n<ul class=\"wp-block-list\">\n<li><strong>Status<\/strong>: banca definida (Avan\u00e7a SP)<\/li>\n\n\n\n<li><strong>Cargos:&nbsp;<\/strong>diversos<\/li>\n\n\n\n<li><strong>Forma\u00e7\u00e3o:&nbsp;<\/strong>fundamental, m\u00e9dio e superior<\/li>\n\n\n\n<li><strong>Vagas:<\/strong> 11 + CR<\/li>\n\n\n\n<li><strong>Sal\u00e1rio:<\/strong> R$ 3.149,43 a R$ 3.848,51 [\u00faltimo edital]<\/li>\n<\/ul>\n\n\n\n<h3 class=\"wp-block-heading has-pale-cyan-blue-background-color has-background\" id=\"h-concurso-foz-do-iguacu-saude-pr-0\"><a href=\"https:\/\/www.estrategiaconcursos.com.br\/blog\/concurso-foz-do-iguacu-saude-pr\/\" target=\"_blank\" rel=\"noreferrer noopener\">Concurso Foz do Igua\u00e7u Sa\u00fade PR<\/a><\/h3>\n\n\n\n<ul class=\"wp-block-list\">\n<li><strong>Status<\/strong>: comiss\u00e3o formada<\/li>\n\n\n\n<li><strong>Cargos:&nbsp;<\/strong>diversos<\/li>\n\n\n\n<li><strong>Forma\u00e7\u00e3o:&nbsp;<\/strong>fundamental, m\u00e9dio e t\u00e9cnico<\/li>\n\n\n\n<li><strong>Vagas:<\/strong> a definir<\/li>\n\n\n\n<li><strong>Sal\u00e1rio:<\/strong> R$ 2.396,37 a R$ 4.710,69 [\u00faltimo edital]<\/li>\n<\/ul>\n\n\n\n<h3 class=\"wp-block-heading has-pale-cyan-blue-background-color has-background\" id=\"h-concurso-sesau-al\"><a href=\"https:\/\/www.estrategiaconcursos.com.br\/blog\/concurso-sesau-al\/\" target=\"_blank\" rel=\"noreferrer noopener\">Concurso SESAU AL<\/a><\/h3>\n\n\n\n<ul class=\"wp-block-list\">\n<li><strong>Status<\/strong>: comiss\u00e3o formada<\/li>\n\n\n\n<li><strong>Cargos:&nbsp;<\/strong>Assistente e Especialista em Sa\u00fade<\/li>\n\n\n\n<li><strong>Forma\u00e7\u00e3o:&nbsp;<\/strong>t\u00e9cnico e superior<\/li>\n\n\n\n<li><strong>Vagas:<\/strong> 1.750<\/li>\n\n\n\n<li><strong>Sal\u00e1rio:<\/strong> R$ 1.100,00 a R$ 3.707,43 [\u00faltimo concurso]<\/li>\n<\/ul>\n\n\n\n<h3 class=\"wp-block-heading has-pale-cyan-blue-background-color has-background\" id=\"h-concurso-sesau-ro\"><a href=\"https:\/\/www.estrategiaconcursos.com.br\/blog\/concurso-sesau-ro\/\" target=\"_blank\" rel=\"noreferrer noopener\">Concurso SESAU RO<\/a><\/h3>\n\n\n\n<ul class=\"wp-block-list\">\n<li><strong>Status<\/strong>: comiss\u00e3o formada<\/li>\n\n\n\n<li><strong>Cargos:&nbsp;<\/strong>diversos<\/li>\n\n\n\n<li><strong>Forma\u00e7\u00e3o:&nbsp;<\/strong>m\u00e9dio, t\u00e9cnico e superior<\/li>\n\n\n\n<li><strong>Vagas:<\/strong> a definir<\/li>\n\n\n\n<li><strong>Sal\u00e1rio:<\/strong> R$ 1.450,91 a R$ 12.047,24 [\u00faltimo edital]<\/li>\n<\/ul>\n\n\n\n<h3 class=\"wp-block-heading has-pale-cyan-blue-background-color has-background\" id=\"h-concurso-fhste-rs\"><a href=\"https:\/\/www.estrategiaconcursos.com.br\/blog\/concurso-fhste-rs\/\" target=\"_blank\" rel=\"noreferrer noopener\">Concurso FHSTE RS<\/a><\/h3>\n\n\n\n<ul class=\"wp-block-list\">\n<li><strong>Status<\/strong>: banca definida (F\u00eanix)<\/li>\n\n\n\n<li><strong>Cargos:&nbsp;<\/strong>diversos<\/li>\n\n\n\n<li><strong>Forma\u00e7\u00e3o:&nbsp;<\/strong>fundamental, m\u00e9dio e t\u00e9cnico<\/li>\n\n\n\n<li><strong>Vagas:<\/strong> 12 + CR<\/li>\n\n\n\n<li><strong>Sal\u00e1rio:<\/strong> R$ 2.262,66 a R$ 2.805,87<\/li>\n<\/ul>\n\n\n\n<h3 class=\"wp-block-heading has-pale-cyan-blue-background-color has-background\" id=\"h-concurso-ses-ma\"><a href=\"https:\/\/www.estrategiaconcursos.com.br\/blog\/concurso-ses-ma\/\" target=\"_blank\" rel=\"noreferrer noopener\">Concurso SES MA<\/a><\/h3>\n\n\n\n<ul class=\"wp-block-list\">\n<li><strong>Status<\/strong>: comiss\u00e3o formada<\/li>\n\n\n\n<li><strong>Cargos:&nbsp;<\/strong>a definir<\/li>\n\n\n\n<li><strong>Forma\u00e7\u00e3o:&nbsp;<\/strong>m\u00e9dio e superior<\/li>\n\n\n\n<li><strong>Vagas:<\/strong> 189<\/li>\n\n\n\n<li><strong>Sal\u00e1rio:<\/strong> at\u00e9 R$ 4.937,00 [\u00faltimo edital]<\/li>\n<\/ul>\n\n\n\n<h3 class=\"wp-block-heading has-pale-cyan-blue-background-color has-background\" id=\"h-concurso-sesa-es\"><a href=\"https:\/\/www.estrategiaconcursos.com.br\/blog\/concurso-sesa-es\/\" target=\"_blank\" rel=\"noreferrer noopener\">Concurso SESA ES<\/a><\/h3>\n\n\n\n<ul class=\"wp-block-list\">\n<li><strong>Status<\/strong>: comiss\u00e3o formada<\/li>\n\n\n\n<li><strong>Cargos:&nbsp;<\/strong>a definir<\/li>\n\n\n\n<li><strong>Forma\u00e7\u00e3o:&nbsp;<\/strong>m\u00e9dio, t\u00e9cnico e superior<\/li>\n\n\n\n<li><strong>Vagas:<\/strong> 688<\/li>\n\n\n\n<li><strong>Sal\u00e1rio:<\/strong> R$ 2.629,08 a R$ 11.173,61<\/li>\n<\/ul>\n\n\n\n<h3 class=\"wp-block-heading has-pale-cyan-blue-background-color has-background\" id=\"h-concurso-sasc-nbsp-pi\"><a href=\"https:\/\/www.estrategiaconcursos.com.br\/blog\/concurso-sasc-pi\/\" target=\"_blank\" rel=\"noreferrer noopener\">Concurso SASC&nbsp;PI<\/a><\/h3>\n\n\n\n<ul class=\"wp-block-list\">\n<li><strong>Status<\/strong>: autorizado<\/li>\n\n\n\n<li><strong>Cargos:&nbsp;<\/strong>Agente Socioeducativo, Assistente Social e Psic\u00f3logo<\/li>\n\n\n\n<li><strong>Forma\u00e7\u00e3o:&nbsp;<\/strong>superior<\/li>\n\n\n\n<li><strong>Vagas:<\/strong> 60<\/li>\n\n\n\n<li><strong>Sal\u00e1rio:<\/strong> a definir<\/li>\n<\/ul>\n\n\n\n<h3 class=\"wp-block-heading has-pale-cyan-blue-background-color has-background\" id=\"h-concurso-hcrp-usp\"><a href=\"https:\/\/www.estrategiaconcursos.com.br\/blog\/concurso-hcrp-usp\/\" target=\"_blank\" rel=\"noreferrer noopener\">Concurso HCRP USP<\/a><\/h3>\n\n\n\n<ul class=\"wp-block-list\">\n<li><strong>Status<\/strong>: autorizado<\/li>\n\n\n\n<li><strong>Cargos:&nbsp;<\/strong>diversos<\/li>\n\n\n\n<li><strong>Forma\u00e7\u00e3o:&nbsp;<\/strong>m\u00e9dio, t\u00e9cnico e superior<\/li>\n\n\n\n<li><strong>Vagas:<\/strong> 61<\/li>\n\n\n\n<li><strong>Sal\u00e1rio:<\/strong> a definir<\/li>\n<\/ul>\n\n\n\n<h3 class=\"wp-block-heading has-pale-cyan-blue-background-color has-background\" id=\"h-concurso-sesa-ce\"><a href=\"https:\/\/www.estrategiaconcursos.com.br\/blog\/concurso-sesa-ce\/\" target=\"_blank\" rel=\"noreferrer noopener\">Concurso SESA CE<\/a><\/h3>\n\n\n\n<ul class=\"wp-block-list\">\n<li><strong>Status<\/strong>: solicitado<\/li>\n\n\n\n<li><strong>Cargos:&nbsp;<\/strong>a definir<\/li>\n\n\n\n<li><strong>Forma\u00e7\u00e3o:&nbsp;<\/strong>m\u00e9dio e superior<\/li>\n\n\n\n<li><strong>Vagas:<\/strong> a definir<\/li>\n\n\n\n<li><strong>Sal\u00e1rio:<\/strong> R$ 2.200,00 a R$ 23.8333,33 [\u00faltimo edital Funsa\u00fade CE]<\/li>\n<\/ul>\n\n\n\n<h3 class=\"wp-block-heading has-pale-cyan-blue-background-color has-background\" id=\"h-concurso-sesau-campo-grande\"><a href=\"https:\/\/www.estrategiaconcursos.com.br\/blog\/concurso-sesau-campo-grande\/\" target=\"_blank\" rel=\"noreferrer noopener\">Concurso SESAU Campo Grande<\/a><\/h3>\n\n\n\n<ul class=\"wp-block-list\">\n<li><strong>Status<\/strong>: autorizado \/ previsto<\/li>\n\n\n\n<li><strong>Cargos:&nbsp;<\/strong>a definir<\/li>\n\n\n\n<li><strong>Forma\u00e7\u00e3o:&nbsp;<\/strong>m\u00e9dio e superior<\/li>\n\n\n\n<li><strong>Vagas:<\/strong> a definir<\/li>\n\n\n\n<li><strong>Sal\u00e1rio:<\/strong> a definir<\/li>\n<\/ul>\n\n\n\n<h3 class=\"wp-block-heading has-pale-cyan-blue-background-color has-background\" id=\"h-concurso-sesau-rr\"><a href=\"https:\/\/www.estrategiaconcursos.com.br\/blog\/concurso-sesau-rr\/\" target=\"_blank\" rel=\"noreferrer noopener\">Concurso SESAU RR<\/a><\/h3>\n\n\n\n<ul class=\"wp-block-list\">\n<li><strong>Status<\/strong>: anunciado<\/li>\n\n\n\n<li><strong>Cargos:&nbsp;<\/strong>a definir<\/li>\n\n\n\n<li><strong>Forma\u00e7\u00e3o:&nbsp;<\/strong>a definir<\/li>\n\n\n\n<li><strong>Vagas:<\/strong> a definir<\/li>\n\n\n\n<li><strong>Sal\u00e1rio:<\/strong> R$ 1.296,17 a R$ 15.483,61<\/li>\n<\/ul>\n\n\n\n<h3 class=\"wp-block-heading has-pale-cyan-blue-background-color has-background\" id=\"h-concurso-svs-ap\"><a href=\"https:\/\/www.estrategiaconcursos.com.br\/blog\/concurso-svs-ap\/\" target=\"_blank\" rel=\"noreferrer noopener\">Concurso SVS AP<\/a><\/h3>\n\n\n\n<ul class=\"wp-block-list\">\n<li><strong>Status<\/strong>: comiss\u00e3o formada<\/li>\n\n\n\n<li><strong>Cargos:&nbsp;<\/strong>a definir<\/li>\n\n\n\n<li><strong>Forma\u00e7\u00e3o:&nbsp;<\/strong>a definir<\/li>\n\n\n\n<li><strong>Vagas:<\/strong> a definir<\/li>\n\n\n\n<li><strong>Sal\u00e1rio:<\/strong>&nbsp;a definir<\/li>\n<\/ul>\n\n\n\n<h3 class=\"wp-block-heading has-pale-cyan-blue-background-color has-background\" id=\"h-concurso-joao-pessoa-saude\"><a href=\"https:\/\/www.estrategiaconcursos.com.br\/blog\/concurso-joao-pessoa-saude\/\" target=\"_blank\" rel=\"noreferrer noopener\">Concurso Jo\u00e3o Pessoa Sa\u00fade<\/a><\/h3>\n\n\n\n<ul class=\"wp-block-list\">\n<li><strong>Status<\/strong>: anunciado<\/li>\n\n\n\n<li><strong>Cargos:&nbsp;<\/strong>diversos<\/li>\n\n\n\n<li><strong>Forma\u00e7\u00e3o:&nbsp;<\/strong>a definir<\/li>\n\n\n\n<li><strong>Vagas:<\/strong> 2.000<\/li>\n\n\n\n<li><strong>Sal\u00e1rio:<\/strong>&nbsp;a definir<\/li>\n<\/ul>\n\n\n\n<h3 class=\"wp-block-heading has-pale-cyan-blue-background-color has-background\" id=\"h-concurso-pm-ba-saude\"><a href=\"https:\/\/www.estrategiaconcursos.com.br\/blog\/concurso-pm-ba-saude\/\" target=\"_blank\" rel=\"noreferrer noopener\">Concurso PM BA Sa\u00fade<\/a><\/h3>\n\n\n\n<ul class=\"wp-block-list\">\n<li><strong>Status<\/strong>: banca definida (Instituto AOCP)<\/li>\n\n\n\n<li><strong>Cargos:&nbsp;<\/strong>M\u00e9dico e Odontologista<\/li>\n\n\n\n<li><strong>Forma\u00e7\u00e3o:&nbsp;<\/strong>n\u00edvel superior<\/li>\n\n\n\n<li><strong>Vagas:<\/strong> 40 (PM e CBM)<\/li>\n\n\n\n<li><strong>Sal\u00e1rio:<\/strong>&nbsp;R$ 7.164,19 (ap\u00f3s forma\u00e7\u00e3o)<\/li>\n<\/ul>\n\n\n\n<h3 class=\"wp-block-heading has-pale-cyan-blue-background-color has-background\" id=\"h-concurso-fsph-se\"><a href=\"https:\/\/www.estrategiaconcursos.com.br\/blog\/concurso-fsph\/\" target=\"_blank\" rel=\"noreferrer noopener\">Concurso FSPH SE<\/a><\/h3>\n\n\n\n<ul class=\"wp-block-list\">\n<li><strong>Status<\/strong>: MP cobra novo edital<\/li>\n\n\n\n<li><strong>Cargos:&nbsp;<\/strong>v\u00e1rios<\/li>\n\n\n\n<li><strong>Forma\u00e7\u00e3o:&nbsp;<\/strong>fundamental, m\u00e9dio e superior<\/li>\n\n\n\n<li><strong>Vagas:<\/strong> a definir<\/li>\n\n\n\n<li><strong>Sal\u00e1rio:<\/strong>&nbsp;at\u00e9 R$ 6.000,00 [\u00faltimo edital]<\/li>\n<\/ul>\n\n\n\n<h3 class=\"wp-block-heading has-pale-cyan-blue-background-color has-background\" id=\"h-concurso-ses-rj\"><a href=\"https:\/\/www.estrategiaconcursos.com.br\/blog\/concurso-ses-rj\/\" target=\"_blank\" rel=\"noreferrer noopener\">Concurso SES RJ<\/a><\/h3>\n\n\n\n<ul class=\"wp-block-list\">\n<li><strong>Status<\/strong>: banca definida (IBDO)<\/li>\n\n\n\n<li><strong>Cargo:&nbsp;<\/strong>a definir<\/li>\n\n\n\n<li><strong>Forma\u00e7\u00e3o:&nbsp;<\/strong>m\u00e9dio e superior<\/li>\n\n\n\n<li><strong>Vagas:<\/strong> 287<\/li>\n\n\n\n<li><strong>Sal\u00e1rio:<\/strong>&nbsp;R$ 1.202,96 a R$ 4.230,79 + benef\u00edcios<\/li>\n<\/ul>\n\n\n\n<h3 class=\"wp-block-heading has-pale-cyan-blue-background-color has-background\" id=\"h-concurso-ses-pe\"><a href=\"https:\/\/www.estrategiaconcursos.com.br\/blog\/concurso-ses-pe\/\" target=\"_blank\" rel=\"noreferrer noopener\">Concurso SES PE<\/a><\/h3>\n\n\n\n<ul class=\"wp-block-list\">\n<li><strong>Status<\/strong>: anunciado<\/li>\n\n\n\n<li><strong>Cargo: <\/strong>diversos<\/li>\n\n\n\n<li><strong>Forma\u00e7\u00e3o: <\/strong>m\u00e9dio, t\u00e9cnico e superior<\/li>\n\n\n\n<li><strong>Vagas:<\/strong> a definir<\/li>\n\n\n\n<li><strong>Sal\u00e1rio:<\/strong>&nbsp;R$ 1.087,17 a R$ 9.326,57 [\u00faltimo concurso]<\/li>\n<\/ul>\n\n\n\n<h3 class=\"wp-block-heading has-pale-cyan-blue-background-color has-background\" id=\"h-concurso-fesaude-niteroi-rj\"><a href=\"https:\/\/www.estrategiaconcursos.com.br\/blog\/concurso-fesaude-niteroi\/\" target=\"_blank\" rel=\"noreferrer noopener\">Concurso FeSa\u00fade Niter\u00f3i<\/a> (RJ)<\/h3>\n\n\n\n<ul class=\"wp-block-list\">\n<li><strong>Status<\/strong>: banca definida (Selecon)<\/li>\n\n\n\n<li><strong>Cargos:&nbsp;<\/strong>Agente Comunit\u00e1rio de Sa\u00fade<\/li>\n\n\n\n<li><strong>Forma\u00e7\u00e3o<\/strong>:&nbsp;m\u00e9dio<\/li>\n\n\n\n<li><strong>Vagas<\/strong>: CR<\/li>\n\n\n\n<li><strong>Sal\u00e1rio<\/strong>:&nbsp;R$ 1.400,00 [\u00faltimo edital]<\/li>\n<\/ul>\n\n\n\n<h3 class=\"wp-block-heading has-pale-cyan-blue-background-color has-background\" id=\"h-concurso-sms-fortaleza-ce\"><a href=\"https:\/\/www.estrategiaconcursos.com.br\/blog\/concurso-sms-fortaleza-ce\/\" target=\"_blank\" rel=\"noreferrer noopener\">Concurso SMS Fortaleza CE<\/a><\/h3>\n\n\n\n<ul class=\"wp-block-list\">\n<li><strong>Status<\/strong>:&nbsp;previsto<\/li>\n\n\n\n<li><strong>Cargos:&nbsp;<\/strong>diversos<\/li>\n\n\n\n<li><strong><\/strong><strong>Forma\u00e7\u00e3o<\/strong>:&nbsp;m\u00e9dio, t\u00e9cnico e superior<\/li>\n\n\n\n<li><strong>Vagas<\/strong>: a definir<\/li>\n\n\n\n<li><strong>Sal\u00e1rio:<\/strong> R$ 1.065,00 a R$ 18.564,00 [\u00faltimo edital]<\/li>\n<\/ul>\n\n\n\n<h3 class=\"wp-block-heading has-pale-cyan-blue-background-color has-background\" id=\"h-concurso-hemocentro-df\"><a href=\"https:\/\/www.estrategiaconcursos.com.br\/blog\/concurso-hemocentro-df\/\" target=\"_blank\" rel=\"noreferrer noopener\">Concurso Hemocentro DF<\/a><\/h3>\n\n\n\n<ul class=\"wp-block-list\">\n<li><strong>Status<\/strong>:&nbsp;comiss\u00e3o formada<\/li>\n\n\n\n<li><strong>Cargos:&nbsp;<\/strong>Analista e T\u00e9cnico de Atividades<\/li>\n\n\n\n<li><strong><\/strong><strong>Forma\u00e7\u00e3o<\/strong>:&nbsp;m\u00e9dio e superior<\/li>\n\n\n\n<li><strong>Vagas<\/strong>: 121<\/li>\n\n\n\n<li><strong>Sal\u00e1rio:<\/strong> R$ 4.480,00 a R$ 6.760,00<\/li>\n<\/ul>\n\n\n\n<h3 class=\"wp-block-heading has-pale-cyan-blue-background-color has-background\" id=\"h-concurso-fundacao-oncocentro-sp\"><a href=\"https:\/\/www.estrategiaconcursos.com.br\/blog\/concurso-fundacao-oncocentro-sp\/\" target=\"_blank\" rel=\"noreferrer noopener\">Concurso Funda\u00e7\u00e3o Oncocentro SP<\/a><\/h3>\n\n\n\n<ul class=\"wp-block-list\">\n<li><strong>Status<\/strong>:&nbsp;comiss\u00e3o formada<\/li>\n\n\n\n<li><strong>Cargos:&nbsp;<\/strong>a definir<\/li>\n\n\n\n<li><strong>Forma\u00e7\u00e3o<\/strong>:&nbsp;a definir<\/li>\n\n\n\n<li><strong>Vagas<\/strong>: a definir<\/li>\n\n\n\n<li><strong>Sal\u00e1rio:<\/strong> a definir<\/li>\n<\/ul>\n\n\n\n<ul class=\"wp-block-list\">\n<li><strong>Status<\/strong>:&nbsp;banca definida (Legalle)<\/li>\n\n\n\n<li><strong>Cargos:&nbsp;<\/strong>M\u00e9dico I, Agente T\u00e9cnico de Assist\u00eancia \u00e0 Sa\u00fade, Oficial de Sa\u00fade, Enfermeiro e T\u00e9cnico de Enfermagem<\/li>\n\n\n\n<li><strong>Forma\u00e7\u00e3o<\/strong>:&nbsp;n\u00edveis m\u00e9dio e superior<\/li>\n\n\n\n<li><strong>Vagas<\/strong>: 17<\/li>\n\n\n\n<li><strong>Sal\u00e1rio:<\/strong> R$ 3.221,60 e R$ 7.900,60 + vantagens [\u00faltimo edital]<\/li>\n<\/ul>\n\n\n\n<ul class=\"wp-block-list\">\n<li><strong>Status<\/strong>:&nbsp;autorizado<\/li>\n\n\n\n<li><strong>Cargos:&nbsp;<\/strong>Agente T\u00e9cnico de Assist\u00eancia \u00e0 Sa\u00fade, Oficial de Sa\u00fade, Enfermeiro, T\u00e9cnico de Enfermagem e M\u00e9dico<\/li>\n\n\n\n<li><strong>Forma\u00e7\u00e3o<\/strong>:&nbsp;n\u00edveis m\u00e9dio e superior<\/li>\n\n\n\n<li><strong>Vagas<\/strong>: 481<\/li>\n\n\n\n<li><strong>Sal\u00e1rio:<\/strong> R$ 2.913,55 a R$ 7.900,60 [\u00faltimo edital]<\/li>\n<\/ul>\n\n\n\n<h3 class=\"wp-block-heading has-pale-cyan-blue-background-color has-background\" id=\"h-concurso-ses-am\"><a href=\"https:\/\/www.estrategiaconcursos.com.br\/blog\/concurso-susam\/\" target=\"_blank\" rel=\"noreferrer noopener\">Concurso SES AM<\/a><\/h3>\n\n\n\n<ul class=\"wp-block-list\">\n<li><strong>Status<\/strong>:&nbsp;comiss\u00e3o formada<\/li>\n\n\n\n<li><strong>Cargos:&nbsp;<\/strong>diversos<\/li>\n\n\n\n<li><strong><\/strong><strong>Forma\u00e7\u00e3o<\/strong>:&nbsp;m\u00e9dio, t\u00e9cnico e superior<\/li>\n\n\n\n<li><strong>Vagas<\/strong>: a definir<\/li>\n\n\n\n<li><strong>Sal\u00e1rio:<\/strong> R$ 1.294,57 a R$ 7.691,45 [\u00faltimo edital]<\/li>\n<\/ul>\n\n\n\n<h3 class=\"wp-block-heading\"><a href=\"https:\/\/www.estrategiaconcursos.com.br\/blog\/concurso-sms-joao-pessoa\/\" target=\"_blank\" rel=\"noreferrer noopener\">Concurso SMS Jo\u00e3o Pessoa<\/a><\/h3>\n\n\n\n<ul class=\"wp-block-list\">\n<li><strong>Status<\/strong>: anunciado<\/li>\n\n\n\n<li><strong>Cargos:&nbsp;<\/strong>a definir<\/li>\n\n\n\n<li><strong>Forma\u00e7\u00e3o<\/strong>:&nbsp;a definir<\/li>\n\n\n\n<li><strong>Vagas<\/strong>: a definir<\/li>\n\n\n\n<li><strong>Sal\u00e1rio<\/strong>:&nbsp;a definir<\/li>\n<\/ul>\n\n\n\n<h3 class=\"wp-block-heading\"><a href=\"https:\/\/www.estrategiaconcursos.com.br\/blog\/concurso-sms-campos-dos-goytacazes\/\" target=\"_blank\" rel=\"noreferrer noopener\">Concurso SMS Campos dos Goytacazes<\/a><\/h3>\n\n\n\n<ul class=\"wp-block-list\">\n<li><strong>Status<\/strong>: comiss\u00e3o formada<\/li>\n\n\n\n<li><strong>Cargos:&nbsp;<\/strong>a definir<\/li>\n\n\n\n<li><strong>Forma\u00e7\u00e3o<\/strong>:&nbsp;m\u00e9dio e superior<\/li>\n\n\n\n<li><strong>Vagas<\/strong>: a definir<\/li>\n\n\n\n<li><strong>Sal\u00e1rio<\/strong>:&nbsp;R$ 1.014,00 [\u00faltimo edital]<\/li>\n<\/ul>\n\n\n\n<h3 class=\"wp-block-heading\"><a href=\"https:\/\/www.estrategiaconcursos.com.br\/blog\/concurso-sesa-ap\/\" target=\"_blank\" rel=\"noreferrer noopener\">Concurso SESA AP<\/a><\/h3>\n\n\n\n<ul class=\"wp-block-list\">\n<li><strong>Status<\/strong>: comiss\u00e3o formada | banca em contrata\u00e7\u00e3o<\/li>\n\n\n\n<li><strong>Cargos:&nbsp;<\/strong>v\u00e1rios<\/li>\n\n\n\n<li><strong>Forma\u00e7\u00e3o<\/strong>:&nbsp;m\u00e9dio, t\u00e9cnico e superior<\/li>\n\n\n\n<li><strong>Vagas<\/strong>: 1.800 CR<\/li>\n\n\n\n<li><strong><\/strong><strong>Sal\u00e1rio<\/strong>:&nbsp;R$ 1.747,46 a R$ 6.112,98 <em>(\u00faltimo edital)<\/em><\/li>\n<\/ul>\n\n\n\n<h3 class=\"wp-block-heading\"><a href=\"https:\/\/www.estrategiaconcursos.com.br\/blog\/concurso-ses-df\/\" target=\"_blank\" rel=\"noreferrer noopener\">Concurso SES DF<\/a><\/h3>\n\n\n\n<ul class=\"wp-block-list\">\n<li><strong>Status<\/strong>: grupo de trabalho formado <\/li>\n\n\n\n<li><strong>Cargos:<\/strong>&nbsp;Especialista em Sa\u00fade<\/li>\n\n\n\n<li><strong><\/strong><strong>Forma\u00e7\u00e3o<\/strong>:&nbsp;N\u00edvel superior<\/li>\n\n\n\n<li><strong>Vagas:&nbsp;<\/strong>2.379<\/li>\n\n\n\n<li><strong>Sal\u00e1rio<\/strong>:&nbsp;R$ 1.988,00 a R$ 4.485,00 [\u00faltimos editais]<\/li>\n<\/ul>\n\n\n\n<h3 class=\"wp-block-heading\"><a href=\"https:\/\/www.estrategiaconcursos.com.br\/blog\/concurso-ses-df\/\" target=\"_blank\" rel=\"noreferrer noopener\">Concurso SES DF<\/a><\/h3>\n\n\n\n<ul class=\"wp-block-list\">\n<li><strong>Status<\/strong>: solicitado<\/li>\n\n\n\n<li><strong>Cargos:<\/strong>&nbsp;Especialista (Assist\u00eancia Social)<\/li>\n\n\n\n<li><strong><\/strong><strong>Forma\u00e7\u00e3o<\/strong>:&nbsp;N\u00edvel superior<\/li>\n\n\n\n<li><strong>Vagas:&nbsp;<\/strong>A definir<\/li>\n\n\n\n<li><strong>Sal\u00e1rio<\/strong>:&nbsp;R$ 1.988,00 a R$ 4.485,00 [\u00faltimos editais]<\/li>\n<\/ul>\n\n\n\n<h3 class=\"wp-block-heading\" id=\"h-pss-ses-df\"><a href=\"https:\/\/www.estrategiaconcursos.com.br\/blog\/concurso-ses-df\/\" target=\"_blank\" rel=\"noreferrer noopener\">PSS SES DF<\/a><\/h3>\n\n\n\n<ul class=\"wp-block-list\">\n<li><strong>Status<\/strong>: banca definida (Instituto Avalia)<\/li>\n\n\n\n<li><strong>Cargos:<\/strong>&nbsp;T\u00e9cnico e Analista em Gest\u00e3o e Assist\u00eancia P\u00fablica \u00e0 Sa\u00fade<\/li>\n\n\n\n<li><strong>Forma\u00e7\u00e3o<\/strong>:&nbsp;N\u00edvel m\u00e9dio e superior<\/li>\n\n\n\n<li><strong>Vagas:&nbsp;<\/strong>300 + 600 CR<\/li>\n\n\n\n<li><strong>Sal\u00e1rio<\/strong>:&nbsp;R$ 4.045,76 a R$ 4.134,01<\/li>\n<\/ul>\n\n\n\n<h3 class=\"wp-block-heading\"><a href=\"https:\/\/www.estrategiaconcursos.com.br\/blog\/concurso-fhemeron\" target=\"_blank\" rel=\"noreferrer noopener\">Concurso FHEMERON<\/a><\/h3>\n\n\n\n<ul class=\"wp-block-list\">\n<li><strong>Status<\/strong>: comiss\u00e3o formada<\/li>\n\n\n\n<li><strong>Cargo:&nbsp;<\/strong>a definir<\/li>\n\n\n\n<li><strong>Forma\u00e7\u00e3o:&nbsp;<\/strong>a definir<\/li>\n\n\n\n<li><strong>Vagas:<\/strong>&nbsp;a definir<\/li>\n\n\n\n<li><strong>Sal\u00e1rio:<\/strong>&nbsp;R$ 2.438,28 a R$ 13.095,05 <em>(\u00faltimo edital)<\/em><\/li>\n<\/ul>\n\n\n\n<h3 class=\"wp-block-heading\"><a href=\"https:\/\/www.estrategiaconcursos.com.br\/blog\/concurso-iasb-pa\" target=\"_blank\" rel=\"noreferrer noopener\">Concurso IASB PA<\/a><\/h3>\n\n\n\n<ul class=\"wp-block-list\">\n<li><strong>Status<\/strong>: comiss\u00e3o formada<\/li>\n\n\n\n<li><strong>Cargo:&nbsp;<\/strong>a definir<\/li>\n\n\n\n<li><strong>Forma\u00e7\u00e3o:&nbsp;<\/strong>a definir<\/li>\n\n\n\n<li><strong>Vagas:<\/strong>&nbsp;a definir<\/li>\n\n\n\n<li><strong>Sal\u00e1rio:<\/strong>&nbsp;R$ 2.010,50 a R$ 8.989,15 <em>(\u00faltimo edital)<\/em><\/li>\n<\/ul>\n\n\n\n<h3 class=\"wp-block-heading has-pale-cyan-blue-background-color has-background\" id=\"block-3dbd1adc-c29c-40dc-93ac-1bdd5e2b4824\"><a href=\"https:\/\/www.estrategiaconcursos.com.br\/blog\/concurso-ijf\/\" target=\"_blank\" rel=\"noreferrer noopener\">Concurso IJF Fortaleza<\/a> (CE)<\/h3>\n\n\n\n<ul class=\"wp-block-list\">\n<li><strong><\/strong><strong>Status<\/strong>:&nbsp;Anunciado<\/li>\n\n\n\n<li><strong>Cargos:<\/strong>&nbsp;Diversos<\/li>\n\n\n\n<li><strong><\/strong><strong><\/strong><strong><\/strong><strong><\/strong><strong><\/strong><strong><\/strong><strong>Forma\u00e7\u00e3o<\/strong>:&nbsp;m\u00e9dio e superior<\/li>\n\n\n\n<li><strong>Vagas:&nbsp;<\/strong>13<\/li>\n\n\n\n<li><strong><\/strong><strong><\/strong><strong><\/strong><strong><\/strong><strong><\/strong><strong><\/strong><strong>Sal\u00e1rio<\/strong>:&nbsp;R$ 947,57 a R$ 3.405,44 <em>(\u00faltimo edital)<\/em><\/li>\n<\/ul>\n\n\n\n<h3 class=\"wp-block-heading\"><a href=\"https:\/\/www.estrategiaconcursos.com.br\/blog\/concurso-hcfmb\/\" target=\"_blank\" rel=\"noreferrer noopener\">Concurso HCFMB SP<\/a><\/h3>\n\n\n\n<ul class=\"wp-block-list\">\n<li><strong>Status<\/strong>:&nbsp;comiss\u00e3o formada<\/li>\n\n\n\n<li><strong>Cargos:<\/strong>&nbsp;Enfermeiro<\/li>\n\n\n\n<li><strong>Forma\u00e7\u00e3o<\/strong>:&nbsp;n\u00edvel superior<\/li>\n\n\n\n<li><strong>Vagas:&nbsp;<\/strong>2<\/li>\n\n\n\n<li><strong>Sal\u00e1rio<\/strong>:&nbsp;R$ 1.595,56 (+ benef\u00edcios)<\/li>\n<\/ul>\n\n\n\n<h3 class=\"wp-block-heading has-pale-cyan-blue-background-color has-background\" id=\"block-3dbd1adc-c29c-40dc-93ac-1bdd5e2b4824\"><a href=\"https:\/\/www.estrategiaconcursos.com.br\/blog\/concurso-ecsp\/\" target=\"_blank\" rel=\"noreferrer noopener\">Concurso ECSP Cuiab\u00e1<\/a> (MT)<\/h3>\n\n\n\n<ul class=\"wp-block-list\">\n<li><strong><\/strong><strong>Status<\/strong>:&nbsp;Comiss\u00e3o formada<\/li>\n\n\n\n<li><strong>Cargos:<\/strong>&nbsp;a definir<\/li>\n\n\n\n<li><strong><\/strong><strong>Forma\u00e7\u00e3o<\/strong>:&nbsp;a definir<\/li>\n\n\n\n<li><strong>Vagas:&nbsp;<\/strong>a definir<\/li>\n\n\n\n<li><strong>Sal\u00e1rio<\/strong>:&nbsp;R$ 11.280,00 <em>(\u00faltimo edital)<\/em><\/li>\n<\/ul>\n\n\n\n<h2 class=\"wp-block-heading has-very-light-gray-to-cyan-bluish-gray-gradient-background has-background\" id=\"bancaria\">Concursos 2026: \u00e1rea Banc\u00e1ria e Financeira<\/h2>\n\n\n\n<h3 class=\"wp-block-heading has-pale-cyan-blue-background-color has-background\" id=\"h-concurso-bacen\" style=\"font-size:clamp(14px, 0.875rem + ((1vw - 3.2px) * 0.588), 20px);\"><a href=\"https:\/\/www.estrategiaconcursos.com.br\/blog\/concurso-bacen\" target=\"_blank\" rel=\"noreferrer noopener\">Concurso BACEN<\/a><\/h3>\n\n\n\n<ul class=\"wp-block-list\">\n<li><strong>Status<\/strong>: solicitado<\/li>\n\n\n\n<li><strong>Cargos:&nbsp;<\/strong>T\u00e9cnico, Analista e Procurador<\/li>\n\n\n\n<li><strong>Forma\u00e7\u00e3o:<\/strong>&nbsp;n\u00edvel m\u00e9dio e superior<\/li>\n\n\n\n<li><strong>Vagas:<\/strong> 560<\/li>\n\n\n\n<li><strong>Sal\u00e1rio:<\/strong>&nbsp;R$ 7.938,81 a R$ 20.924,80<\/li>\n<\/ul>\n\n\n\n<h3 class=\"wp-block-heading has-pale-cyan-blue-background-color has-background\" id=\"h-concurso-cvm\"><a href=\"https:\/\/www.estrategiaconcursos.com.br\/blog\/concurso-cvm\/\" target=\"_blank\" rel=\"noreferrer noopener\">Concurso CVM<\/a><\/h3>\n\n\n\n<ul class=\"wp-block-list\">\n<li><strong>Status<\/strong>: Solicitado<\/li>\n\n\n\n<li><strong>Cargos:&nbsp;<\/strong>Inspetor, Analista e Agente Executivo<\/li>\n\n\n\n<li><strong>Forma\u00e7\u00e3o:<\/strong>&nbsp;N\u00edvel m\u00e9dio e superior<\/li>\n\n\n\n<li><strong>Vagas:<\/strong>&nbsp;139<\/li>\n\n\n\n<li><strong>Sal\u00e1rio:<\/strong>&nbsp;R$ 20.924,80<\/li>\n<\/ul>\n\n\n\n<h3 class=\"wp-block-heading has-pale-cyan-blue-background-color has-background\" id=\"h-concurso-banco-do-brasil\"><a href=\"https:\/\/www.estrategiaconcursos.com.br\/blog\/concurso-banco-do-brasil\/\" target=\"_blank\" rel=\"noreferrer noopener\">Concurso Banco do Brasil<\/a><\/h3>\n\n\n\n<ul class=\"wp-block-list\">\n<li><strong>Status<\/strong>: em estudos<\/li>\n\n\n\n<li><strong>Cargos:&nbsp;<\/strong>a definir<\/li>\n\n\n\n<li><strong>Forma\u00e7\u00e3o:<\/strong>&nbsp;a definir<\/li>\n\n\n\n<li><strong>Vagas:<\/strong> a definir<\/li>\n\n\n\n<li><strong>Sal\u00e1rio:<\/strong>&nbsp;R$ 3.622,23 + benef\u00edcios [\u00faltimo edital]<\/li>\n<\/ul>\n\n\n\n<h3 class=\"wp-block-heading has-pale-cyan-blue-background-color has-background\" id=\"h-concurso-bnb\"><a href=\"https:\/\/www.estrategiaconcursos.com.br\/blog\/concurso-bnb\/\" target=\"_blank\" rel=\"noreferrer noopener\">Concurso BNB<\/a><\/h3>\n\n\n\n<ul class=\"wp-block-list\">\n<li><strong>Status<\/strong>: previsto<\/li>\n\n\n\n<li><strong>Cargos:&nbsp;<\/strong>a definir<\/li>\n\n\n\n<li><strong>Forma\u00e7\u00e3o:<\/strong>&nbsp;m\u00e9dio e superior<\/li>\n\n\n\n<li><strong>Vagas:<\/strong> a definir<\/li>\n\n\n\n<li><strong>Sal\u00e1rio:<\/strong>&nbsp;R$ 3.788,16 [\u00faltimo edital]<\/li>\n<\/ul>\n\n\n\n<h2 class=\"wp-block-heading has-very-light-gray-to-cyan-bluish-gray-gradient-background has-background\" id=\"educacao\">Concursos 2026: \u00e1rea da Educa\u00e7\u00e3o<\/h2>\n\n\n\n<p class=\"has-pale-cyan-blue-background-color has-background\"><strong><a href=\"https:\/\/www.estrategiaconcursos.com.br\/blog\/concursos-educacao-selecao-unificada-para-taes\/\">Concurso Unificado TAEs<\/a><\/strong><\/p>\n\n\n\n<ul class=\"wp-block-list\">\n<li><strong>Status:<\/strong> em estudos<\/li>\n\n\n\n<li><strong>Cargo:&nbsp;<\/strong>T\u00e9cnicos Administrativos em Educa\u00e7\u00e3o &#8211; TAEs.<\/li>\n\n\n\n<li><strong>Forma\u00e7\u00e3o: <\/strong>m\u00e9dio\/t\u00e9cnico e superior<\/li>\n\n\n\n<li><strong>Vagas:<\/strong> mais de 6 mil vagas<\/li>\n\n\n\n<li><strong>Sal\u00e1rio:<\/strong>&nbsp;entre R$1.326,72 e R$8.323,87<\/li>\n<\/ul>\n\n\n\n<p class=\"has-pale-cyan-blue-background-color has-background\"><strong><a href=\"https:\/\/www.estrategiaconcursos.com.br\/blog\/concurso-seed-ap\/\">Concurso SEED AP<\/a><\/strong><\/p>\n\n\n\n<ul class=\"wp-block-list\">\n<li><strong>Status:<\/strong> em estudos<\/li>\n\n\n\n<li><strong>Cargo:&nbsp;<\/strong>Professor<\/li>\n\n\n\n<li><strong>Forma\u00e7\u00e3o: <\/strong>superior<\/li>\n\n\n\n<li><strong>Vagas:<\/strong> a definir<\/li>\n\n\n\n<li><strong>Sal\u00e1rio:<\/strong>&nbsp;R$ 3.498,42 a R$ 6.600,98<\/li>\n<\/ul>\n\n\n\n<p class=\"has-pale-cyan-blue-background-color has-background\"><strong><a href=\"https:\/\/www.estrategiaconcursos.com.br\/blog\/concurso-sme-salvador\/\">Concurso SME Salvador<\/a><\/strong><\/p>\n\n\n\n<ul class=\"wp-block-list\">\n<li><strong>Status:<\/strong> banca em contrata\u00e7\u00e3o<\/li>\n\n\n\n<li><strong>Cargo:&nbsp;<\/strong>Professor<\/li>\n\n\n\n<li><strong>Forma\u00e7\u00e3o: <\/strong>superior<\/li>\n\n\n\n<li><strong>Vagas:<\/strong> a definir<\/li>\n\n\n\n<li><strong>Sal\u00e1rio:<\/strong>&nbsp;R$ 1.801,69 a R$ 3.603,80 [\u00faltimo edital]<\/li>\n<\/ul>\n\n\n\n<p class=\"has-pale-cyan-blue-background-color has-background\"><strong><a href=\"https:\/\/www.estrategiaconcursos.com.br\/blog\/concurso-sed-sc\/\">Concurso SED SC<\/a><\/strong><\/p>\n\n\n\n<ul class=\"wp-block-list\">\n<li><strong>Status:<\/strong> anunciado<\/li>\n\n\n\n<li><strong>Cargo:&nbsp;<\/strong>Professor e Int\u00e9rprete<\/li>\n\n\n\n<li><strong>Forma\u00e7\u00e3o: <\/strong>superior<\/li>\n\n\n\n<li><strong>Vagas:<\/strong> 10 mil<\/li>\n\n\n\n<li><strong>Sal\u00e1rio:<\/strong>&nbsp;R$ 5.895,60 a R$ 11.521,245<\/li>\n<\/ul>\n\n\n\n<p class=\"has-pale-cyan-blue-background-color has-background\"><strong><a href=\"https:\/\/www.estrategiaconcursos.com.br\/blog\/concurso-sme-belo-horizonte\/\">Concurso SMED BH<\/a><\/strong><\/p>\n\n\n\n<ul class=\"wp-block-list\">\n<li><strong>Status:<\/strong> previsto<\/li>\n\n\n\n<li><strong>Cargo:&nbsp;<\/strong>diversos<\/li>\n\n\n\n<li><strong>Forma\u00e7\u00e3o: <\/strong>superior<\/li>\n\n\n\n<li><strong>Vagas:<\/strong> a definir <\/li>\n\n\n\n<li><strong>Sal\u00e1rio:<\/strong>&nbsp;at\u00e9 R$ 3.228,66[\u00faltimo edital]<\/li>\n<\/ul>\n\n\n\n<p class=\"has-pale-cyan-blue-background-color has-background\"><a href=\"https:\/\/www.estrategiaconcursos.com.br\/blog\/concurso-seed-rr\/\"><strong>Concurso SEED RR<\/strong><\/a><\/p>\n\n\n\n<ul class=\"wp-block-list\">\n<li><strong>Status:<\/strong> anunciado<\/li>\n\n\n\n<li><strong>Cargo:&nbsp;<\/strong>a definir<\/li>\n\n\n\n<li><strong>Forma\u00e7\u00e3o: <\/strong>a definir <\/li>\n\n\n\n<li><strong>Vagas:<\/strong> a definir <\/li>\n\n\n\n<li><strong>Sal\u00e1rio:<\/strong>&nbsp;R$ 3.004,80 a R$ 3.782,94 (\u00faltimo edital)<\/li>\n\n\n\n<li><a href=\"https:\/\/www.estrategiaconcursos.com.br\/blog\/concurso-ufac\/\">Concurso SEED RR<\/a><\/li>\n<\/ul>\n\n\n\n<h3 class=\"wp-block-heading has-pale-cyan-blue-background-color has-background\" id=\"h-concurso-ifsc\"><a href=\"https:\/\/www.estrategiaconcursos.com.br\/blog\/concurso-ifsc\/\">Concurso IFSC<\/a><\/h3>\n\n\n\n<ul class=\"wp-block-list\">\n<li><strong>Status:<\/strong> banca definida<\/li>\n\n\n\n<li><strong>Cargos:<\/strong> Professor e TAE<\/li>\n\n\n\n<li><strong>Forma\u00e7\u00e3o:<\/strong> m\u00e9dio e superior<\/li>\n\n\n\n<li><strong>Vagas:<\/strong> 74<\/li>\n\n\n\n<li><strong>Remunera\u00e7\u00e3o:<\/strong> R$ 3.029,90 a R$ 13.288,85 (legisla\u00e7\u00e3o atual)<\/li>\n<\/ul>\n\n\n\n<h3 class=\"wp-block-heading has-pale-cyan-blue-background-color has-background\" id=\"h-concurso-nbsp-cacapava-educacao-sp\"><a href=\"https:\/\/www.estrategiaconcursos.com.br\/blog\/concurso-cacapava-sp-educacao\/\">Concurso&nbsp;Ca\u00e7apava Educa\u00e7\u00e3o SP<\/a><\/h3>\n\n\n\n<ul class=\"wp-block-list\">\n<li><strong>Status:<\/strong> banca definida<\/li>\n\n\n\n<li><strong>Cargos:<\/strong> diversos<\/li>\n\n\n\n<li><strong>Forma\u00e7\u00e3o:<\/strong> m\u00e9dio e superior<\/li>\n\n\n\n<li><strong>Vagas:<\/strong> 30+CR<\/li>\n\n\n\n<li><strong>Remunera\u00e7\u00e3o:<\/strong> R$ 1.609,91 a R$ 7.874,02 (\u00faltimo edital)<br \/><\/li>\n<\/ul>\n\n\n\n<h3 class=\"wp-block-heading has-pale-cyan-blue-background-color has-background\" id=\"h-concurso-nbsp-uea\"><a href=\"https:\/\/www.estrategiaconcursos.com.br\/blog\/concurso-uea\/\" target=\"_blank\" rel=\"noreferrer noopener\">Concurso&nbsp;UEA<\/a><\/h3>\n\n\n\n<ul class=\"wp-block-list\">\n<li><strong>Status:<\/strong> comiss\u00e3o formada<\/li>\n\n\n\n<li><strong>Cargos:<\/strong> a definir<\/li>\n\n\n\n<li><strong>Forma\u00e7\u00e3o:<\/strong> a definir<\/li>\n\n\n\n<li><strong>Vagas:<\/strong> a definir<\/li>\n\n\n\n<li><strong>Remunera\u00e7\u00e3o:<\/strong> de R$ 7.559,65 at\u00e9 R$ 9.682,52<\/li>\n<\/ul>\n\n\n\n<h3 class=\"wp-block-heading has-pale-cyan-blue-background-color has-background\" id=\"h-concurso-nbsp-seduc-ce\"><a href=\"https:\/\/www.estrategiaconcursos.com.br\/blog\/concurso-seduc-ma\/\" target=\"_blank\" rel=\"noreferrer noopener\">Concurso&nbsp;SEDUC CE<\/a><\/h3>\n\n\n\n<ul class=\"wp-block-list\">\n<li><strong>Status:<\/strong> previsto na LOA 2026 &#8211; autorizado<\/li>\n\n\n\n<li><strong>Cargos:<\/strong> Professor<\/li>\n\n\n\n<li><strong>Forma\u00e7\u00e3o:<\/strong> superior<\/li>\n\n\n\n<li><strong>Vagas:<\/strong> 2 mil<\/li>\n\n\n\n<li><strong>Remunera\u00e7\u00e3o:<\/strong> R$ 7.181,41<\/li>\n<\/ul>\n\n\n\n<h3 class=\"wp-block-heading has-pale-cyan-blue-background-color has-background\" id=\"concurso-mp-es\"><a href=\"https:\/\/www.estrategiaconcursos.com.br\/blog\/concurso-seduc-ma\/\" target=\"_blank\" rel=\"noreferrer noopener\"><strong>Concurso&nbsp;<\/strong>SEDUC MA<\/a><\/h3>\n\n\n\n<ul class=\"wp-block-list\">\n<li><strong>Status:<\/strong>&nbsp;anunciado<\/li>\n\n\n\n<li><strong>Cargos:&nbsp;<\/strong>a definir<\/li>\n\n\n\n<li><strong>Forma\u00e7\u00e3o:&nbsp;<\/strong>a definir<\/li>\n\n\n\n<li><strong>Vagas:<\/strong>&nbsp;2.300<\/li>\n\n\n\n<li><strong>Sal\u00e1rio:<\/strong>&nbsp;de R$ 3.625,25 a R$ 7.250,51<\/li>\n<\/ul>\n\n\n\n<p class=\"has-pale-cyan-blue-background-color has-background has-medium-font-size\"><strong><a href=\"https:\/\/www.estrategiaconcursos.com.br\/blog\/concurso-sedf\/\">Concurso SEDF<\/a><\/strong><\/p>\n\n\n\n<ul class=\"wp-block-list\">\n<li><strong>Status<\/strong>: comiss\u00e3o formada<\/li>\n\n\n\n<li><strong>Cargo: <\/strong>professor, Gestor, Analista e Orientador<\/li>\n\n\n\n<li><strong>Forma\u00e7\u00e3o: <\/strong>superior<\/li>\n\n\n\n<li><strong>Vagas:<\/strong> 10.604<\/li>\n\n\n\n<li><strong>Sal\u00e1rio:<\/strong> R$ 6.992,64<\/li>\n<\/ul>\n\n\n\n<p class=\"has-pale-cyan-blue-background-color has-background has-medium-font-size\"><a href=\"https:\/\/www.estrategiaconcursos.com.br\/blog\/concurso-see-sp\/\"><strong>Concurso SEE SP<\/strong><\/a><\/p>\n\n\n\n<ul class=\"wp-block-list\">\n<li><strong>Status<\/strong>: previsto\/confirmado<\/li>\n\n\n\n<li><strong>Cargo: <\/strong>professor<\/li>\n\n\n\n<li><strong>Forma\u00e7\u00e3o: <\/strong>superior<\/li>\n\n\n\n<li><strong>Vagas:<\/strong> 10 mil<\/li>\n\n\n\n<li><strong>Sal\u00e1rio:<\/strong> R$ 3.125,00 a R$ 5.000,00<\/li>\n<\/ul>\n\n\n\n<h3 class=\"wp-block-heading has-pale-cyan-blue-background-color has-background\" id=\"concurso-mp-es\"><a href=\"https:\/\/www.estrategiaconcursos.com.br\/blog\/concurso-seduc-pa\/\">Concurso Seduc PA<\/a><\/h3>\n\n\n\n<ol class=\"wp-block-list\">\n<li><strong>Status:<\/strong>&nbsp;anunciado<\/li>\n\n\n\n<li><strong>Cargos:&nbsp;<\/strong>Professor <\/li>\n\n\n\n<li><strong>Forma\u00e7\u00e3o:&nbsp;<\/strong>N\u00edvel superior<\/li>\n\n\n\n<li><strong>Vagas:<\/strong>&nbsp;2.000<\/li>\n\n\n\n<li><strong>Sal\u00e1rio:<\/strong>&nbsp;R$ 1.445, 89 \/ R$ 1.927,37 [\u00faltimo edital]<\/li>\n<\/ol>\n\n\n\n<h3 class=\"wp-block-heading has-pale-cyan-blue-background-color has-background\" id=\"concurso-mp-es\"><a href=\"https:\/\/www.estrategiaconcursos.com.br\/blog\/concurso-seduc-go\/\">Concurso Seduc GO<\/a><\/h3>\n\n\n\n<ul class=\"wp-block-list\">\n<li><strong>Status:<\/strong>&nbsp;anunciado<\/li>\n\n\n\n<li><strong>Cargos:&nbsp;<\/strong>Professor <\/li>\n\n\n\n<li><strong>Forma\u00e7\u00e3o:&nbsp;<\/strong>N\u00edvel superior<\/li>\n\n\n\n<li><strong>Vagas:<\/strong>&nbsp;a definir<\/li>\n\n\n\n<li><strong>Sal\u00e1rio:<\/strong>&nbsp;de R$ 1.971,69 a R$ 3.943,37 [\u00faltimo edital]<\/li>\n<\/ul>\n\n\n\n<h3 class=\"wp-block-heading has-pale-cyan-blue-background-color has-background\" id=\"h-concurso-semed-campo-grande\"><a href=\"https:\/\/www.estrategiaconcursos.com.br\/blog\/concurso-semed-campo-grande\/\" target=\"_blank\" rel=\"noreferrer noopener\">Concurso SEMED Campo Grande<\/a><\/h3>\n\n\n\n<ul class=\"wp-block-list\">\n<li><strong>Status<\/strong>: comiss\u00e3o formada<\/li>\n\n\n\n<li><strong>Cargo: <\/strong>a definir<\/li>\n\n\n\n<li><strong>Forma\u00e7\u00e3o:<\/strong> a definir<\/li>\n\n\n\n<li><strong>Vagas:<\/strong> 4.200 autorizadas<\/li>\n\n\n\n<li><strong>Sal\u00e1rio:<\/strong> R$3.671,07&nbsp;[\u00faltimo edital]<\/li>\n<\/ul>\n\n\n\n<h3 class=\"wp-block-heading has-pale-cyan-blue-background-color has-background\" id=\"h-concurso-secitece\"><a href=\"https:\/\/www.estrategiaconcursos.com.br\/blog\/concurso-secitece\/\">Concurso SECITECE<\/a><\/h3>\n\n\n\n<ul class=\"wp-block-list\">\n<li><strong>Status<\/strong>: comiss\u00e3o formada<\/li>\n\n\n\n<li><strong>Cargo: <\/strong>a definir<\/li>\n\n\n\n<li><strong>Forma\u00e7\u00e3o:<\/strong> a definir<\/li>\n\n\n\n<li><strong>Vagas:<\/strong> a definir<\/li>\n\n\n\n<li><strong>Sal\u00e1rio:<\/strong> a definir<\/li>\n<\/ul>\n\n\n\n<p class=\"has-pale-cyan-blue-background-color has-background has-medium-font-size\"><a href=\"https:\/\/www.estrategiaconcursos.com.br\/blog\/concurso-seduc-am\/\"><strong>Concurso Seduc AM<\/strong><\/a><\/p>\n\n\n\n<ul class=\"wp-block-list\">\n<li><strong>Status<\/strong>:<strong> <\/strong>comiss\u00e3o formada<\/li>\n\n\n\n<li><strong>Cargo: <\/strong>a definir<\/li>\n\n\n\n<li><strong>Forma\u00e7\u00e3o: <\/strong>a definir<\/li>\n\n\n\n<li><strong>Vagas:<\/strong> a definir<\/li>\n\n\n\n<li><strong>Sal\u00e1rio:<\/strong> R$ 1.525,06 a R$ 4.143,06 [\u00faltimo edital]<\/li>\n<\/ul>\n\n\n\n<h3 class=\"wp-block-heading has-pale-cyan-blue-background-color has-background\" id=\"concurso-mp-es\"><a href=\"https:\/\/www.estrategiaconcursos.com.br\/blog\/concurso-seeduc-rj\/\" target=\"_blank\" rel=\"noreferrer noopener\">Concurso Seeduc RJ<\/a><\/h3>\n\n\n\n<ul class=\"wp-block-list\">\n<li><strong>Status:<\/strong>&nbsp;em planejamento<\/li>\n\n\n\n<li><strong>Cargos:&nbsp;<\/strong>Professor I<\/li>\n\n\n\n<li><strong>Forma\u00e7\u00e3o:&nbsp;<\/strong>N\u00edvel superior<\/li>\n\n\n\n<li><strong>Vagas:<\/strong>&nbsp;303<\/li>\n\n\n\n<li><strong>Sal\u00e1rio:<\/strong>&nbsp;R$ 1.179,35<\/li>\n<\/ul>\n\n\n\n<h3 class=\"wp-block-heading has-pale-cyan-blue-background-color has-background\"><a href=\"https:\/\/www.estrategiaconcursos.com.br\/blog\/concurso-seduc-al-2021\/\" target=\"_blank\" rel=\"noreferrer noopener\">Concurso Seduc AL<\/a><\/h3>\n\n\n\n<ul class=\"wp-block-list\">\n<li><strong>Status<\/strong>: autorizado\/comiss\u00e3o formada<\/li>\n\n\n\n<li><strong>Cargo: <\/strong>professor e analista educacional<\/li>\n\n\n\n<li><strong>Forma\u00e7\u00e3o: <\/strong>superior<\/li>\n\n\n\n<li><strong>Vagas:<\/strong> 1.442<\/li>\n\n\n\n<li><strong>Sal\u00e1rio:<\/strong> at\u00e9 R$ 11.331,24<\/li>\n<\/ul>\n\n\n\n<h3 class=\"wp-block-heading has-pale-cyan-blue-background-color has-background\" id=\"h-concurso-sme-paulo-afonso\"><a href=\"https:\/\/www.estrategiaconcursos.com.br\/blog\/concurso-sme-paulo-afonso-ba\/\">Concurso SME Paulo Afonso<\/a><\/h3>\n\n\n\n<ul class=\"wp-block-list\">\n<li><strong>Status<\/strong>: autorizado<\/li>\n\n\n\n<li><strong>Cargos:<\/strong> Professor<\/li>\n\n\n\n<li><strong>Forma\u00e7\u00e3o:<\/strong> superior<\/li>\n\n\n\n<li><strong>Vagas: <\/strong>a definir<\/li>\n\n\n\n<li><strong>Sal\u00e1rio:<\/strong> a definir<\/li>\n<\/ul>\n\n\n\n<h3 class=\"wp-block-heading has-pale-cyan-blue-background-color has-background\" id=\"h-concurso-uncisal\">Concurso UNCISAL<\/h3>\n\n\n\n<ul class=\"wp-block-list\">\n<li><strong>Status<\/strong>: autorizado<\/li>\n\n\n\n<li><strong>Cargos:<\/strong> Assistente<\/li>\n\n\n\n<li><strong>Forma\u00e7\u00e3o:<\/strong> superior<\/li>\n\n\n\n<li><strong>Vagas: <\/strong>43 + 43 CR<\/li>\n\n\n\n<li><strong>Sal\u00e1rio:<\/strong> a definir<\/li>\n<\/ul>\n\n\n\n<h2 class=\"wp-block-heading has-very-light-gray-to-cyan-bluish-gray-gradient-background has-background\" id=\"prefeituras\">Concursos 2026: \u00e1rea de Prefeituras<\/h2>\n\n\n\n<h3 class=\"wp-block-heading has-pale-cyan-blue-background-color has-background\" id=\"h-concurso-caxias-do-sul-rs\"><a href=\"https:\/\/www.estrategiaconcursos.com.br\/blog\/concurso-prefeitura-caxias-do-sul\/\" target=\"_blank\" rel=\"noreferrer noopener\">Concurso Caxias do Sul<\/a> (RS)<\/h3>\n\n\n\n<ul class=\"wp-block-list\">\n<li><strong>Situa\u00e7\u00e3o:<\/strong> edital em breve<\/li>\n\n\n\n<li><strong>Cargos:&nbsp;<\/strong>diversos<\/li>\n\n\n\n<li><strong>Forma\u00e7\u00e3o<\/strong>: n\u00edveis m\u00e9dio, t\u00e9cnico e superior<\/li>\n\n\n\n<li><strong>Vagas:&nbsp;<\/strong>a definir<\/li>\n\n\n\n<li><strong>Sal\u00e1rio:<\/strong> a definir<\/li>\n<\/ul>\n\n\n\n<h3 class=\"wp-block-heading has-pale-cyan-blue-background-color has-background\" id=\"h-concurso-porto-alegre-rs\"><a href=\"https:\/\/www.estrategiaconcursos.com.br\/blog\/concurso-prefeitura-porto-alegre\/\" target=\"_blank\" rel=\"noreferrer noopener\">Concurso Porto Alegre<\/a> (RS)<\/h3>\n\n\n\n<ul class=\"wp-block-list\">\n<li><strong>Situa\u00e7\u00e3o:<\/strong> banca definida (Funda\u00e7\u00e3o La Salle)<\/li>\n\n\n\n<li><strong>Cargos:&nbsp;<\/strong>Administrador e sa\u00fade<\/li>\n\n\n\n<li><strong>Forma\u00e7\u00e3o<\/strong>: superior<\/li>\n\n\n\n<li><strong>Vagas:&nbsp;<\/strong>CR<\/li>\n\n\n\n<li><strong>Sal\u00e1rio:<\/strong> a definir<\/li>\n<\/ul>\n\n\n\n<h3 class=\"wp-block-heading has-pale-cyan-blue-background-color has-background\" id=\"h-concurso-guarulhos-sp\"><a href=\"https:\/\/www.estrategiaconcursos.com.br\/blog\/concurso-prefeitura-guarulhos\/\" target=\"_blank\" rel=\"noreferrer noopener\">Concurso Guarulhos<\/a> (SP)<\/h3>\n\n\n\n<ul class=\"wp-block-list\">\n<li><strong>Situa\u00e7\u00e3o:<\/strong> banca definida (IBAM)<\/li>\n\n\n\n<li><strong>Cargos:&nbsp;<\/strong>a definir<\/li>\n\n\n\n<li><strong>Forma\u00e7\u00e3o<\/strong>: a definir<\/li>\n\n\n\n<li><strong>Vagas:&nbsp;<\/strong>a definir<\/li>\n\n\n\n<li><strong>Sal\u00e1rio:<\/strong> a definir<\/li>\n<\/ul>\n\n\n\n<h3 class=\"wp-block-heading has-pale-cyan-blue-background-color has-background\" id=\"h-concurso-araguaina\"><a href=\"https:\/\/www.estrategiaconcursos.com.br\/blog\/concurso-prefeitura-de-araguaina-to\/\" target=\"_blank\" rel=\"noreferrer noopener\">Concurso Aragua\u00edna<\/a><\/h3>\n\n\n\n<ul class=\"wp-block-list\">\n<li><strong>Situa\u00e7\u00e3o:<\/strong> banca definida (IDIB)<\/li>\n\n\n\n<li><strong>Cargos:&nbsp;<\/strong>diversos<\/li>\n\n\n\n<li><strong>Forma\u00e7\u00e3o<\/strong>: n\u00edveis m\u00e9dio, t\u00e9cnico e superior<\/li>\n\n\n\n<li><strong>Vagas:&nbsp;<\/strong>1.530 + 680 CR<\/li>\n\n\n\n<li><strong>Sal\u00e1rio:<\/strong> R$ 2.300 a R$ 16.000<\/li>\n<\/ul>\n\n\n\n<h3 class=\"wp-block-heading has-pale-cyan-blue-background-color has-background\" id=\"h-concurso-maceio-al\"><a href=\"https:\/\/www.estrategiaconcursos.com.br\/blog\/concurso-prefeitura-maceio\/\" target=\"_blank\" rel=\"noreferrer noopener\">Concurso Macei\u00f3<\/a> (AL)<\/h3>\n\n\n\n<ul class=\"wp-block-list\">\n<li><strong>Situa\u00e7\u00e3o:<\/strong> comiss\u00e3o formada<\/li>\n\n\n\n<li><strong>Cargos:&nbsp;<\/strong>a definir<\/li>\n\n\n\n<li><strong>Forma\u00e7\u00e3o<\/strong>: a definir<\/li>\n\n\n\n<li><strong>Vagas:&nbsp;<\/strong>a definir<\/li>\n\n\n\n<li><strong>Sal\u00e1rio:<\/strong> a definir<\/li>\n<\/ul>\n\n\n\n<h3 class=\"wp-block-heading has-pale-cyan-blue-background-color has-background\" id=\"h-concurso-sao-carlos-sp\"><a href=\"https:\/\/www.estrategiaconcursos.com.br\/blog\/concurso-prefeitura-sao-carlos-sp\/\" target=\"_blank\" rel=\"noreferrer noopener\">Concurso S\u00e3o Carlos<\/a> (SP)<\/h3>\n\n\n\n<ul class=\"wp-block-list\">\n<li><strong>Situa\u00e7\u00e3o:<\/strong> banca contratada (INDEPAC)<\/li>\n\n\n\n<li><strong>Cargos:&nbsp;<\/strong>a definir<\/li>\n\n\n\n<li><strong>Forma\u00e7\u00e3o<\/strong>: a definir<\/li>\n\n\n\n<li><strong>Vagas:&nbsp;<\/strong>a definir<\/li>\n\n\n\n<li><strong>Sal\u00e1rio:<\/strong> R$ 2.974 a R$ 5.449 \u2013 \u00faltimo edital<\/li>\n<\/ul>\n\n\n\n<h3 class=\"wp-block-heading has-pale-cyan-blue-background-color has-background\" id=\"h-concurso-itupeva-sp\"><a href=\"https:\/\/www.estrategiaconcursos.com.br\/blog\/concurso-prefeitura-itupeva-sp\/\" target=\"_blank\" rel=\"noreferrer noopener\">Concurso Itupeva<\/a> (SP)<\/h3>\n\n\n\n<ul class=\"wp-block-list\">\n<li><strong>Situa\u00e7\u00e3o:<\/strong> banca contratada (IDCAP)<\/li>\n\n\n\n<li><strong>Cargos:&nbsp;<\/strong>diversos<\/li>\n\n\n\n<li><strong>Forma\u00e7\u00e3o<\/strong>: m\u00e9dio, t\u00e9cnico e superior<\/li>\n\n\n\n<li><strong>Vagas:&nbsp;<\/strong>147<\/li>\n\n\n\n<li><strong>Sal\u00e1rio:<\/strong> R$ 2.602,17&nbsp;a R$ 12.463,27&nbsp;<em>\u2013 \u00faltimos editais<\/em><\/li>\n<\/ul>\n\n\n\n<h3 class=\"wp-block-heading has-pale-cyan-blue-background-color has-background\" id=\"h-concurso-queimados-rj\"><a href=\"https:\/\/www.estrategiaconcursos.com.br\/blog\/concurso-prefeitura-queimados\/\" target=\"_blank\" rel=\"noreferrer noopener\">Concurso Queimados<\/a> (RJ)<\/h3>\n\n\n\n<ul class=\"wp-block-list\">\n<li><strong>Situa\u00e7\u00e3o:<\/strong> comiss\u00e3o formada<\/li>\n\n\n\n<li><strong>Cargos:&nbsp;<\/strong>a definir<\/li>\n\n\n\n<li><strong>Forma\u00e7\u00e3o<\/strong>: a definir<\/li>\n\n\n\n<li><strong>Vagas:&nbsp;<\/strong>a definir<\/li>\n\n\n\n<li><strong>Sal\u00e1rio:<\/strong> R$ 1.320,15 a R$ 5.033,50 <em>&#8211; \u00faltimo edital<\/em><\/li>\n<\/ul>\n\n\n\n<h3 class=\"wp-block-heading has-pale-cyan-blue-background-color has-background\" id=\"h-concurso-foz-do-iguacu-pr\"><a href=\"https:\/\/www.estrategiaconcursos.com.br\/blog\/concurso-prefeitura-ponta-grossa\/\" target=\"_blank\" rel=\"noreferrer noopener\"><\/a><a href=\"https:\/\/www.estrategiaconcursos.com.br\/blog\/concurso-prefeitura-foz-do-iguacu\/\" target=\"_blank\" rel=\"noreferrer noopener\">Concurso Foz do Igua\u00e7u<\/a> (PR)<\/h3>\n\n\n\n<ul class=\"wp-block-list\">\n<li><strong>Situa\u00e7\u00e3o:<\/strong> banca definida (Fafipa)<\/li>\n\n\n\n<li><strong>Cargos:&nbsp;<\/strong>diversos<\/li>\n\n\n\n<li><strong>Forma\u00e7\u00e3o<\/strong>: todas<\/li>\n\n\n\n<li><strong>Vagas:&nbsp;<\/strong>69 + CR<\/li>\n\n\n\n<li><strong>Sal\u00e1rio:<\/strong> R$ 1.340,27 a R$ 13.307,07 <em>&#8211; \u00faltimo edital<\/em><\/li>\n<\/ul>\n\n\n\n<h3 class=\"wp-block-heading has-pale-cyan-blue-background-color has-background\" id=\"h-concurso-ponta-grossa-pr\"><a href=\"https:\/\/www.estrategiaconcursos.com.br\/blog\/concurso-prefeitura-ponta-grossa\/\" target=\"_blank\" rel=\"noreferrer noopener\">Concurso  Ponta Grossa<\/a> (PR)<\/h3>\n\n\n\n<ul class=\"wp-block-list\">\n<li><strong>Situa\u00e7\u00e3o:<\/strong> em planejamento <\/li>\n\n\n\n<li><strong>Cargos:&nbsp;<\/strong>diversos<\/li>\n\n\n\n<li><strong>Forma\u00e7\u00e3o<\/strong>: todas<\/li>\n\n\n\n<li><strong>Vagas:&nbsp;<\/strong>a definir<\/li>\n\n\n\n<li><strong>Sal\u00e1rio:<\/strong> R$ 1.340,27 a R$ 13.307,07 <em>&#8211; \u00faltimo edital<\/em><\/li>\n<\/ul>\n\n\n\n<h3 class=\"wp-block-heading has-pale-cyan-blue-background-color has-background\" id=\"concurso-afap\"><a href=\"https:\/\/www.estrategiaconcursos.com.br\/blog\/concurso-prefeitura-extremoz\/\" target=\"_blank\" rel=\"noreferrer noopener\">Concurso Extremoz<\/a> (RN)<\/h3>\n\n\n\n<ul class=\"wp-block-list\">\n<li><strong>Status<\/strong>: comiss\u00e3o formada<\/li>\n\n\n\n<li><strong>Cargos:<\/strong> a definir<\/li>\n\n\n\n<li><strong>Forma\u00e7\u00e3o:<\/strong> fundamental, m\u00e9dio, t\u00e9cnico e superior<\/li>\n\n\n\n<li><strong>Vagas: <\/strong>a definir<\/li>\n\n\n\n<li><strong>Sal\u00e1rio:<\/strong> a definir<\/li>\n<\/ul>\n\n\n\n<h3 class=\"wp-block-heading has-pale-cyan-blue-background-color has-background\" id=\"concurso-afap\"><a href=\"https:\/\/www.estrategiaconcursos.com.br\/blog\/concurso-prefeitura-cachoeira-do-sul\/\" target=\"_blank\" rel=\"noreferrer noopener\">Concurso Cachoeira do Sul<\/a> (RS)<\/h3>\n\n\n\n<ul class=\"wp-block-list\">\n<li><strong>Status<\/strong>: autorizado<\/li>\n\n\n\n<li><strong>Cargos:<\/strong> 51 cargos<\/li>\n\n\n\n<li><strong>Forma\u00e7\u00e3o:<\/strong> fundamental, m\u00e9dio, t\u00e9cnico e superior<\/li>\n\n\n\n<li><strong>Vagas: <\/strong>a definir<\/li>\n\n\n\n<li><strong>Sal\u00e1rio:<\/strong> R$ 1.577,82 a R$ 18.293,18<\/li>\n<\/ul>\n\n\n\n<h3 class=\"wp-block-heading has-pale-cyan-blue-background-color has-background\" id=\"concurso-afap\"><a href=\"https:\/\/www.estrategiaconcursos.com.br\/blog\/concurso-prefeitura-brusque\/\" target=\"_blank\" rel=\"noreferrer noopener\">Concurso Brusque<\/a> (SC)<\/h3>\n\n\n\n<ul class=\"wp-block-list\">\n<li><strong>Status<\/strong>: banca definida (Fepese)<\/li>\n\n\n\n<li><strong>Cargos:<\/strong> diversos<\/li>\n\n\n\n<li><strong>Forma\u00e7\u00e3o:<\/strong> m\u00e9dio, t\u00e9cnico e superior<\/li>\n\n\n\n<li><strong>Vagas: <\/strong>a definir<\/li>\n\n\n\n<li><strong>Sal\u00e1rio:<\/strong> R$ 2.991,88 a R$ 21.097,31 <em>&#8211; \u00faltimo edital<\/em><\/li>\n<\/ul>\n\n\n\n<h3 class=\"wp-block-heading has-pale-cyan-blue-background-color has-background\" id=\"concurso-afap\"><a href=\"https:\/\/www.estrategiaconcursos.com.br\/blog\/concurso-prefeitura-andradina\/\" target=\"_blank\" rel=\"noreferrer noopener\">Concurso Andradina<\/a> (SP)<\/h3>\n\n\n\n<ul class=\"wp-block-list\">\n<li><strong>Situa\u00e7\u00e3o:<\/strong> escolha da banca<\/li>\n\n\n\n<li><strong>Cargos:<\/strong> diversos<\/li>\n\n\n\n<li><strong>Forma\u00e7\u00e3o<\/strong>: a definir<\/li>\n\n\n\n<li><strong>Vagas:&nbsp;<\/strong>35<\/li>\n\n\n\n<li><strong>Sal\u00e1rio:<\/strong> R$ 5.021,58 \u2013 \u00faltimo edital<\/li>\n<\/ul>\n\n\n\n<h3 class=\"wp-block-heading has-pale-cyan-blue-background-color has-background\" id=\"concurso-afap\"><a href=\"https:\/\/www.estrategiaconcursos.com.br\/blog\/concurso-prefeitura-abaetetuba\/\" target=\"_blank\" rel=\"noreferrer noopener\">Concurso Abaetetuba<\/a> (PA)<\/h3>\n\n\n\n<ul class=\"wp-block-list\">\n<li><strong>Situa\u00e7\u00e3o:<\/strong> iniciada escolha da banca<\/li>\n\n\n\n<li><strong>Cargos:&nbsp;<\/strong>a definir<\/li>\n\n\n\n<li><strong>Forma\u00e7\u00e3o<\/strong>: a definir<\/li>\n\n\n\n<li><strong>Vagas:&nbsp;<\/strong>a definir<\/li>\n\n\n\n<li><strong>Sal\u00e1rio:<\/strong> a definir<\/li>\n<\/ul>\n\n\n\n<h3 class=\"wp-block-heading has-pale-cyan-blue-background-color has-background\" id=\"concurso-afap\"><a href=\"https:\/\/www.estrategiaconcursos.com.br\/blog\/concurso-prefeitura-cabedelo\/\" target=\"_blank\" rel=\"noreferrer noopener\">Concurso Cabedelo<\/a> (PB)<\/h3>\n\n\n\n<ul class=\"wp-block-list\">\n<li><strong>Situa\u00e7\u00e3o:<\/strong>&nbsp;anunciado<\/li>\n\n\n\n<li><strong>Cargos:&nbsp;<\/strong>a definir<\/li>\n\n\n\n<li><strong>Forma\u00e7\u00e3o<\/strong>: a definir<\/li>\n\n\n\n<li><strong>Vagas:&nbsp;<\/strong>a definir<\/li>\n\n\n\n<li><strong>Sal\u00e1rio:<\/strong>&nbsp;&nbsp;R$ 1.333,20 a R$ 3.562,09 \u2013 \u00faltimo edital<\/li>\n<\/ul>\n\n\n\n<p class=\"has-pale-cyan-blue-background-color has-background\"><a href=\"https:\/\/www.estrategiaconcursos.com.br\/blog\/concurso-prefeitura-novo-hamburgo\/\" target=\"_blank\" rel=\"noreferrer noopener\">Prefeitura de Novo Hamburgo<\/a> (RS)<\/p>\n\n\n\n<ul class=\"wp-block-list\">\n<li><strong>Situa\u00e7\u00e3o:<\/strong>&nbsp;banca definida (Fundatec)<\/li>\n\n\n\n<li><strong>Cargos:&nbsp;<\/strong>cerca de 50 cargos<\/li>\n\n\n\n<li><strong>Forma\u00e7\u00e3o<\/strong>: n\u00edveis m\u00e9dio e superior<\/li>\n\n\n\n<li><strong>Vagas:&nbsp;<\/strong>a definir<\/li>\n\n\n\n<li><strong>Sal\u00e1rio:<\/strong>&nbsp;a definir<\/li>\n<\/ul>\n\n\n\n<p class=\"has-pale-cyan-blue-background-color has-background\"><a href=\"https:\/\/www.estrategiaconcursos.com.br\/blog\/concurso-prefeitura-de-ararangua-sc\/\" target=\"_blank\" rel=\"noreferrer noopener\">Prefeitura de Ararangu\u00e1<\/a> (SC)<\/p>\n\n\n\n<ul class=\"wp-block-list\">\n<li><strong>Situa\u00e7\u00e3o:<\/strong>&nbsp;banca contratada (Instituto Legalle)<\/li>\n\n\n\n<li><strong>Cargos:&nbsp;<\/strong>diversos<\/li>\n\n\n\n<li><strong>Forma\u00e7\u00e3o<\/strong>: n\u00edveis fundamental, m\u00e9dio e superior<\/li>\n\n\n\n<li><strong>Vagas:&nbsp;<\/strong>a definir<\/li>\n\n\n\n<li><strong>Sal\u00e1rio:<\/strong>&nbsp;a definir<\/li>\n<\/ul>\n\n\n\n<p class=\"has-pale-cyan-blue-background-color has-background\"><a href=\"https:\/\/www.estrategiaconcursos.com.br\/blog\/concurso-prefeitura-pelotas\/\" target=\"_blank\" rel=\"noreferrer noopener\">Prefeitura de Pelotas<\/a> (RS)<\/p>\n\n\n\n<ul class=\"wp-block-list\">\n<li><strong>Situa\u00e7\u00e3o:<\/strong>&nbsp;escolha da banca<\/li>\n\n\n\n<li><strong>Cargos:&nbsp;<\/strong>diversos<\/li>\n\n\n\n<li><strong>Forma\u00e7\u00e3o<\/strong>: fundamental, m\u00e9dio, t\u00e9cnico e superior<\/li>\n\n\n\n<li><strong>Vagas:&nbsp;<\/strong>a definir<\/li>\n\n\n\n<li><strong>Sal\u00e1rio:<\/strong>&nbsp;a definir<\/li>\n<\/ul>\n\n\n\n<h3 class=\"wp-block-heading has-pale-cyan-blue-background-color has-background\" id=\"concurso-afap\"><a href=\"https:\/\/www.estrategiaconcursos.com.br\/blog\/concurso-prefeitura-de-araruama-rj\/\" target=\"_blank\" rel=\"noreferrer noopener\">Concurso Araruama<\/a> (RJ)<\/h3>\n\n\n\n<ul class=\"wp-block-list\">\n<li><strong>Situa\u00e7\u00e3o:<\/strong>&nbsp;comiss\u00e3o formada<\/li>\n\n\n\n<li><strong>Cargos:&nbsp;<\/strong>a definir<\/li>\n\n\n\n<li><strong>Forma\u00e7\u00e3o<\/strong>: a definir<\/li>\n\n\n\n<li><strong>Vagas:&nbsp;<\/strong>a definir<\/li>\n\n\n\n<li><strong>Sal\u00e1rio:<\/strong>&nbsp;R$ 998,00 e R$ 2.194,87&nbsp;<em>\u2013 \u00faltimo edital<\/em><\/li>\n<\/ul>\n\n\n\n<h3 class=\"wp-block-heading has-pale-cyan-blue-background-color has-background\" id=\"h-concurso-campina-grande-pb\"><a href=\"https:\/\/www.estrategiaconcursos.com.br\/blog\/concurso-prefeitura-campina-grande-pb\/\" target=\"_blank\" rel=\"noreferrer noopener\">Concurso Campina Grande<\/a> (PB)<\/h3>\n\n\n\n<ul class=\"wp-block-list\">\n<li><strong>Status<\/strong>: banca definida (Idecan)<\/li>\n\n\n\n<li><strong>Cargos:<\/strong> diversos<\/li>\n\n\n\n<li><strong>Vagas:<\/strong> a definir<\/li>\n\n\n\n<li><strong>Forma\u00e7\u00e3o:<\/strong> n\u00edveis m\u00e9dio e superior<\/li>\n\n\n\n<li><strong>Sal\u00e1rio:<\/strong> R$ 1.100,00 a R$ 4.530,82&nbsp;<em>(\u00faltimo edital)<\/em><\/li>\n<\/ul>\n\n\n\n<h3 class=\"wp-block-heading has-pale-cyan-blue-background-color has-background\" id=\"h-concurso-valinhos-sp\"><a href=\"https:\/\/www.estrategiaconcursos.com.br\/blog\/concurso-prefeitura-valinhos\/\" target=\"_blank\" rel=\"noreferrer noopener\">Concurso Valinhos<\/a> (SP)<\/h3>\n\n\n\n<ul class=\"wp-block-list\">\n<li><strong>Status<\/strong>: banca definida (ABCP)<\/li>\n\n\n\n<li><strong>Cargos:<\/strong> a definir<\/li>\n\n\n\n<li><strong>Vagas:<\/strong> a definir<\/li>\n\n\n\n<li><strong>Forma\u00e7\u00e3o:<\/strong> a definir<\/li>\n\n\n\n<li><strong>Sal\u00e1rio:<\/strong> R$ 2.132,43 a R$ 11.565,18&nbsp;<em>(\u00faltimo edital)<\/em><\/li>\n<\/ul>\n\n\n\n<h3 class=\"wp-block-heading has-pale-cyan-blue-background-color has-background\" id=\"h-concurso-jahu-sp\"><a href=\"https:\/\/www.estrategiaconcursos.com.br\/blog\/concurso-prefeitura-jahu\/\" target=\"_blank\" rel=\"noreferrer noopener\">Concurso Jahu<\/a> (SP)<\/h3>\n\n\n\n<ul class=\"wp-block-list\">\n<li><strong>Status<\/strong>: banca definida (RBO Concursos)<\/li>\n\n\n\n<li><strong>Cargos:<\/strong> diversos<\/li>\n\n\n\n<li><strong>Vagas:<\/strong> a definir<\/li>\n\n\n\n<li><strong>Forma\u00e7\u00e3o:<\/strong> todas<\/li>\n\n\n\n<li><strong>Sal\u00e1rio:<\/strong> R$ 1.680,88 a R$ 6.640,78 <em>&#8211; \u00faltimo edital<\/em><\/li>\n<\/ul>\n\n\n\n<h3 class=\"wp-block-heading has-pale-cyan-blue-background-color has-background\" id=\"h-concurso-cristalina-go\"><a href=\"https:\/\/www.estrategiaconcursos.com.br\/blog\/concurso-prefeitura-cristalina\/\" target=\"_blank\" rel=\"noreferrer noopener\">Concurso Cristalina<\/a> (GO)<\/h3>\n\n\n\n<ul class=\"wp-block-list\">\n<li><strong>Status<\/strong>: banca definida (Quadrix)<\/li>\n\n\n\n<li><strong>Cargos:<\/strong> diversos<\/li>\n\n\n\n<li><strong>Vagas:<\/strong> a definir<\/li>\n\n\n\n<li><strong>Forma\u00e7\u00e3o:<\/strong> todas<\/li>\n\n\n\n<li><strong>Sal\u00e1rio:<\/strong> R$ 1.215,00 a R$ 5.750,12 [\u00faltimo edital]<\/li>\n<\/ul>\n\n\n\n<h3 class=\"wp-block-heading has-pale-cyan-blue-background-color has-background\" id=\"h-concurso-para-de-minas-mg\"><a href=\"https:\/\/www.estrategiaconcursos.com.br\/blog\/concurso-prefeitura-para-de-minas\/\" target=\"_blank\" rel=\"noreferrer noopener\">Concurso Par\u00e1 de Minas<\/a> (MG)<\/h3>\n\n\n\n<ul class=\"wp-block-list\">\n<li><strong>Status<\/strong>: comiss\u00e3o formada<\/li>\n\n\n\n<li><strong>Cargos:<\/strong> a definir<\/li>\n\n\n\n<li><strong>Vagas:<\/strong> a definir<\/li>\n\n\n\n<li><strong>Forma\u00e7\u00e3o:<\/strong> a definir<\/li>\n\n\n\n<li><strong>Sal\u00e1rio:<\/strong> a definir<\/li>\n<\/ul>\n\n\n\n<h3 class=\"wp-block-heading has-pale-cyan-blue-background-color has-background\" id=\"h-concurso-limeira-sp\"><a href=\"https:\/\/www.estrategiaconcursos.com.br\/blog\/concurso-prefeitura-limeira\/\" target=\"_blank\" rel=\"noreferrer noopener\">Concurso Limeira<\/a> (SP)<\/h3>\n\n\n\n<ul class=\"wp-block-list\">\n<li><strong>Status<\/strong>: banca definida (Avan\u00e7a SP)<\/li>\n\n\n\n<li><strong>Cargos:<\/strong> diversos<\/li>\n\n\n\n<li><strong>Vagas:<\/strong> a definir<\/li>\n\n\n\n<li><strong>Forma\u00e7\u00e3o:<\/strong> a definir<\/li>\n\n\n\n<li><strong>Sal\u00e1rio:<\/strong> R$ 1.904,00 a R$ 8.684,46&nbsp;<em>\u2013 \u00faltimo edital<\/em><\/li>\n<\/ul>\n\n\n\n<h3 class=\"wp-block-heading has-pale-cyan-blue-background-color has-background\" id=\"h-concurso-altos-pi\"><a href=\"https:\/\/www.estrategiaconcursos.com.br\/blog\/concurso-prefeitura-altos-pi\/\" target=\"_blank\" rel=\"noreferrer noopener\">Concurso Altos<\/a> (PI)<\/h3>\n\n\n\n<ul class=\"wp-block-list\">\n<li><strong>Status<\/strong>: banca definida (Igeduc)<\/li>\n\n\n\n<li><strong>Cargos:<\/strong> diversos<\/li>\n\n\n\n<li><strong>Vagas:<\/strong> 945<\/li>\n\n\n\n<li><strong>Forma\u00e7\u00e3o:<\/strong> n\u00edveis m\u00e9dio e superior<\/li>\n\n\n\n<li><strong>Sal\u00e1rio:<\/strong> a definir<\/li>\n<\/ul>\n\n\n\n<h3 class=\"wp-block-heading has-pale-cyan-blue-background-color has-background\" id=\"h-concurso-sao-joao-del-rei-mg\" style=\"font-size:clamp(14px, 0.875rem + ((1vw - 3.2px) * 0.588), 20px);\"><a href=\"https:\/\/www.estrategiaconcursos.com.br\/blog\/concurso-prefeitura-sao-joao-del-rei\/\" target=\"_blank\" rel=\"noreferrer noopener\">Concurso S\u00e3o Jo\u00e3o del Rei<\/a> (MG)<\/h3>\n\n\n\n<ul class=\"wp-block-list\">\n<li><strong>Status<\/strong>: banca contratada (IBGP)<\/li>\n\n\n\n<li><strong>Cargos<\/strong>: v\u00e1rios<\/li>\n\n\n\n<li><strong>Forma\u00e7\u00e3o<\/strong>: todos os n\u00edveis<\/li>\n\n\n\n<li><strong>Sal\u00e1rio<\/strong>: R$ 1.522,65 a R$ 10.833,16 [<em>\u00faltimo edital<\/em>]<\/li>\n\n\n\n<li><strong>Vagas<\/strong>: 206<\/li>\n<\/ul>\n\n\n\n<p><a href=\"https:\/\/www.estrategiaconcursos.com.br\/blog\/concurso-prefeitura-de-itajai\/\" target=\"_blank\" rel=\"noreferrer noopener\">Concurso Itaja\u00ed<\/a> (SC)<\/p>\n\n\n\n<ul class=\"wp-block-list\">\n<li><strong>Status<\/strong>: banca contratada (Fepese)<\/li>\n\n\n\n<li><strong>Cargos<\/strong>: v\u00e1rios<\/li>\n\n\n\n<li><strong>Forma\u00e7\u00e3o<\/strong>: n\u00edveis fundamental, m\u00e9dio e superior<\/li>\n\n\n\n<li><strong>Sal\u00e1rio<\/strong>: R$ 3.968,61 a R$ 25.061,65<\/li>\n\n\n\n<li><strong>Vagas<\/strong>: 46<\/li>\n<\/ul>\n\n\n\n<p><a href=\"https:\/\/www.estrategiaconcursos.com.br\/blog\/concurso-prefeitura-guararema\/\" target=\"_blank\" rel=\"noreferrer noopener\">Concurso Guararema<\/a> (SP)<\/p>\n\n\n\n<ul class=\"wp-block-list\">\n<li><strong>Status<\/strong>: banca contratada (Vunesp)<\/li>\n\n\n\n<li><strong>Cargos<\/strong>: a definir<\/li>\n\n\n\n<li><strong>Forma\u00e7\u00e3o<\/strong>: a definir<\/li>\n\n\n\n<li><strong>Sal\u00e1rio<\/strong>: R$ 1.603,87 a R$14.742,74&nbsp;<em>(\u00faltimo edital)<\/em><\/li>\n\n\n\n<li><strong>Vagas<\/strong>: a definir<\/li>\n<\/ul>\n\n\n\n<p><a href=\"https:\/\/www.estrategiaconcursos.com.br\/blog\/concurso-prefeitura-araucaria\/\" target=\"_blank\" rel=\"noreferrer noopener\">Concurso Arauc\u00e1ria<\/a> (PR)<\/p>\n\n\n\n<ul class=\"wp-block-list\">\n<li><strong>Status<\/strong>: banca contratada (FAFIPA)<\/li>\n\n\n\n<li><strong>Cargos<\/strong>: v\u00e1rios<\/li>\n\n\n\n<li><strong>Forma\u00e7\u00e3o<\/strong>: n\u00edveis m\u00e9dio e superior<\/li>\n\n\n\n<li><strong>Sal\u00e1rio<\/strong>: R$ 2.175,81 a R$ 7.169,28&nbsp;(<em>\u00faltimo edital \u2013 2025<\/em>)<\/li>\n\n\n\n<li><strong>Vagas<\/strong>: 1 + CR<\/li>\n<\/ul>\n\n\n\n<p><a href=\"https:\/\/www.estrategiaconcursos.com.br\/blog\/concurso-prefeitura-aparecida-de-goiania\/\" target=\"_blank\" rel=\"noreferrer noopener\">Concurso Aparecida de Goi\u00e2nia<\/a> (GO)<\/p>\n\n\n\n<ul class=\"wp-block-list\">\n<li><strong>Status<\/strong>: autorizado<\/li>\n\n\n\n<li><strong>Cargos:<\/strong> v\u00e1rios<\/li>\n\n\n\n<li><strong>Forma\u00e7\u00e3o<\/strong>:&nbsp;n\u00edveis fundamental, m\u00e9dio, t\u00e9cnico e superior<\/li>\n\n\n\n<li><strong>Sal\u00e1rio<\/strong>:&nbsp;R$ 1.437,15 e R$ 10.592,21&nbsp;<em>(\u00faltimo edital)<\/em><\/li>\n\n\n\n<li><strong>Vagas:&nbsp;<\/strong>a definir<\/li>\n<\/ul>\n\n\n\n<h3 class=\"wp-block-heading has-pale-cyan-blue-background-color has-background\" id=\"concurso-braganca\"><a href=\"https:\/\/www.estrategiaconcursos.com.br\/blog\/concurso-prefeitura-barra-do-pirai\/\" target=\"_blank\" rel=\"noreferrer noopener\">Concurso Barra do Pira\u00ed<\/a> (RJ)<\/h3>\n\n\n\n<ul class=\"wp-block-list\">\n<li><strong>Status<\/strong>: em estudos<\/li>\n\n\n\n<li><strong>Cargos:<\/strong> a definir<\/li>\n\n\n\n<li><strong>Forma\u00e7\u00e3o<\/strong>:&nbsp;a definir<\/li>\n\n\n\n<li><strong>Sal\u00e1rio<\/strong>:&nbsp;a definir<\/li>\n\n\n\n<li><strong>Vagas:&nbsp;<\/strong>a definir<\/li>\n<\/ul>\n\n\n\n<h3 class=\"wp-block-heading has-pale-cyan-blue-background-color has-background\" id=\"concurso-braganca\"><a href=\"https:\/\/www.estrategiaconcursos.com.br\/blog\/concurso-prefeitura-teresopolis\/\" target=\"_blank\" rel=\"noreferrer noopener\">Concurso Teres\u00f3polis<\/a> (RJ)<\/h3>\n\n\n\n<ul class=\"wp-block-list\">\n<li><strong>Status<\/strong>: banca definida (Instituto Sele\u00e7\u00e3o)<\/li>\n\n\n\n<li><strong>Cargos:<\/strong>&nbsp;diversos<\/li>\n\n\n\n<li><strong>Forma\u00e7\u00e3o<\/strong>:&nbsp;n\u00edveis fundamental, m\u00e9dio e superior<\/li>\n\n\n\n<li><strong>Sal\u00e1rio<\/strong>:&nbsp;R$ 1.814,85 a R$ 2.572,40&nbsp;<em>(\u00faltimo edital)<\/em><\/li>\n\n\n\n<li><strong>Vagas:&nbsp;<\/strong>a definir<\/li>\n<\/ul>\n\n\n\n<h3 class=\"wp-block-heading has-pale-cyan-blue-background-color has-background\" id=\"concurso-braganca\"><a href=\"https:\/\/www.estrategiaconcursos.com.br\/blog\/concurso-prefeitura-itaitinga-ce\/\" target=\"_blank\" rel=\"noreferrer noopener\">Concurso Itaitinga<\/a> (CE)<\/h3>\n\n\n\n<ul class=\"wp-block-list\">\n<li><strong>Status<\/strong>: previsto<\/li>\n\n\n\n<li><strong>Cargos:<\/strong>&nbsp;diversos<\/li>\n\n\n\n<li><strong>Forma\u00e7\u00e3o<\/strong>:&nbsp;todos<\/li>\n\n\n\n<li><strong>Sal\u00e1rio<\/strong>:&nbsp;R$ 1.518,00 a R$ 8.390,61<\/li>\n\n\n\n<li><strong>Vagas:&nbsp;<\/strong>1.402 previstas<\/li>\n<\/ul>\n\n\n\n<h3 class=\"wp-block-heading has-pale-cyan-blue-background-color has-background\" id=\"concurso-braganca\"><a href=\"https:\/\/www.estrategiaconcursos.com.br\/blog\/concurso-prefeitura-saquarema\/\" target=\"_blank\" rel=\"noreferrer noopener\">Concurso Saquarema<\/a> (RJ)<\/h3>\n\n\n\n<ul class=\"wp-block-list\">\n<li><strong>Status<\/strong>: banca definida (IBAM)<\/li>\n\n\n\n<li><strong>Cargos:<\/strong>&nbsp;diversos<\/li>\n\n\n\n<li><strong>Forma\u00e7\u00e3o<\/strong>:&nbsp;m\u00e9dio e superior<\/li>\n\n\n\n<li><strong>Sal\u00e1rio<\/strong>:&nbsp;R$ 1.212,00 a R$ 4.972,07 (\u00faltimo edital)<\/li>\n\n\n\n<li><strong>Vagas:&nbsp;<\/strong>1.794 <\/li>\n<\/ul>\n\n\n\n<h3 class=\"wp-block-heading has-pale-cyan-blue-background-color has-background\" id=\"h-concurso-itaguai-rj\"><a href=\"https:\/\/www.estrategiaconcursos.com.br\/blog\/concurso-prefeitura-itaguai\/\" target=\"_blank\" rel=\"noreferrer noopener\">Concurso Itagua\u00ed<\/a> (RJ)<\/h3>\n\n\n\n<ul class=\"wp-block-list\">\n<li><strong>Status<\/strong>: comiss\u00e3o formada<\/li>\n\n\n\n<li><strong>Cargos:<\/strong> a definir<\/li>\n\n\n\n<li><strong>Vagas:<\/strong> a definir<\/li>\n\n\n\n<li><strong>Forma\u00e7\u00e3o:<\/strong> a definir<\/li>\n\n\n\n<li><strong>Sal\u00e1rio:<\/strong> R$ 1.002,94 a R$ 16.171,50 (<em>\u00faltimo edital<\/em>)<\/li>\n<\/ul>\n\n\n\n<h3 class=\"wp-block-heading has-pale-cyan-blue-background-color has-background\" id=\"h-concurso-iguaba-grande-rj\"><a href=\"https:\/\/www.estrategiaconcursos.com.br\/blog\/concurso-prefeitura-de-iguaba-grande\/\" target=\"_blank\" rel=\"noreferrer noopener\">Concurso Iguaba Grande<\/a> (RJ)<\/h3>\n\n\n\n<ul class=\"wp-block-list\">\n<li><strong>Status<\/strong>: anunciado<\/li>\n\n\n\n<li><strong>Cargos:<\/strong> a definir<\/li>\n\n\n\n<li><strong>Vagas:<\/strong> a definir<\/li>\n\n\n\n<li><strong>Forma\u00e7\u00e3o:<\/strong> a definir<\/li>\n\n\n\n<li><strong>Sal\u00e1rio:<\/strong> R$ 1.195,92 a R$ 4.777,67 (\u00faltimo edital)<\/li>\n<\/ul>\n\n\n\n<h3 class=\"wp-block-heading has-pale-cyan-blue-background-color has-background\" id=\"h-concurso-joao-pessoa-pb\"><a href=\"https:\/\/www.estrategiaconcursos.com.br\/blog\/concurso-prefeitura-joao-pessoa\/\" target=\"_blank\" rel=\"noreferrer noopener\">Concurso Jo\u00e3o Pessoa<\/a> (PB)<\/h3>\n\n\n\n<ul class=\"wp-block-list\">\n<li><strong>Status<\/strong>: TCE-PB determina novo edital<\/li>\n\n\n\n<li><strong>Cargos:<\/strong> a definir<\/li>\n\n\n\n<li><strong>Vagas:<\/strong> a definir<\/li>\n\n\n\n<li><strong>Forma\u00e7\u00e3o:<\/strong> a definir<\/li>\n\n\n\n<li><strong>Sal\u00e1rio:<\/strong> R$ 1.946,79 e R$5.937,50&nbsp;<em>\u2013 \u00faltimos editais<\/em><\/li>\n<\/ul>\n\n\n\n<h3 class=\"wp-block-heading has-pale-cyan-blue-background-color has-background\" id=\"concurso-braganca\"><a href=\"https:\/\/www.estrategiaconcursos.com.br\/blog\/concurso-prefeitura-juazeiro\/\" target=\"_blank\" rel=\"noreferrer noopener\">Concurso Juazeiro<\/a> (BA)<\/h3>\n\n\n\n<ul class=\"wp-block-list\">\n<li><strong>Status<\/strong>: anunciado<\/li>\n\n\n\n<li><strong>Cargos:<\/strong>&nbsp;a definir<\/li>\n\n\n\n<li><strong>Forma\u00e7\u00e3o<\/strong>:&nbsp;a definir<\/li>\n\n\n\n<li><strong>Vagas:&nbsp;<\/strong>a definir<\/li>\n\n\n\n<li><strong>Sal\u00e1rio<\/strong>:&nbsp;R$ 1.412,00 a R$ 12.868,87<\/li>\n<\/ul>\n\n\n\n<h3 class=\"wp-block-heading has-pale-cyan-blue-background-color has-background\" id=\"concurso-braganca\"><a href=\"https:\/\/www.estrategiaconcursos.com.br\/blog\/concurso-prefeitura-maragogi\/\" target=\"_blank\" rel=\"noreferrer noopener\">Concurso Maragogi<\/a> (AL)<\/h3>\n\n\n\n<ul class=\"wp-block-list\">\n<li><strong>Status<\/strong>: comiss\u00e3o formada<\/li>\n\n\n\n<li><strong>Cargos:<\/strong>&nbsp;a definir<\/li>\n\n\n\n<li><strong>Forma\u00e7\u00e3o<\/strong>:&nbsp;a definir<\/li>\n\n\n\n<li><strong>Vagas:&nbsp;<\/strong>a definir<\/li>\n\n\n\n<li><strong>Sal\u00e1rio<\/strong>:&nbsp;a definir<\/li>\n<\/ul>\n\n\n\n<h3 class=\"wp-block-heading has-pale-cyan-blue-background-color has-background\" id=\"concurso-braganca\"><a href=\"https:\/\/www.estrategiaconcursos.com.br\/blog\/concurso-prefeitura-de-varzea-grande\/\" target=\"_blank\" rel=\"noreferrer noopener\">Concurso V\u00e1rzea Grande<\/a> (MT)<\/h3>\n\n\n\n<ul class=\"wp-block-list\">\n<li><strong>Status<\/strong>: anunciado<\/li>\n\n\n\n<li><strong>Cargos:<\/strong>&nbsp;diversos<\/li>\n\n\n\n<li><strong>Forma\u00e7\u00e3o<\/strong>:&nbsp;a definir<\/li>\n\n\n\n<li><strong>Vagas:&nbsp;<\/strong>a definir<\/li>\n\n\n\n<li><strong>Sal\u00e1rio<\/strong>:&nbsp;R$ 1.366,94 a R$ 8,8 mil<\/li>\n<\/ul>\n\n\n\n<h3 class=\"wp-block-heading has-pale-cyan-blue-background-color has-background\" id=\"block-3dbd1adc-c29c-40dc-93ac-1bdd5e2b4824\"><a href=\"https:\/\/www.estrategiaconcursos.com.br\/blog\/concurso-prefeitura-aracati\/\">Concurso Aracati<\/a> (CE)<\/h3>\n\n\n\n<ul class=\"wp-block-list\">\n<li><strong>Status<\/strong>: anunciado<\/li>\n\n\n\n<li><strong>Cargos:<\/strong>&nbsp;diversos<\/li>\n\n\n\n<li><strong>Forma\u00e7\u00e3o<\/strong>:&nbsp;a definir<\/li>\n\n\n\n<li><strong>Vagas:&nbsp;<\/strong>600 previstas<\/li>\n\n\n\n<li><strong>Sal\u00e1rio<\/strong>:&nbsp;a definir<\/li>\n<\/ul>\n\n\n\n<h3 class=\"wp-block-heading has-pale-cyan-blue-background-color has-background\" id=\"block-3dbd1adc-c29c-40dc-93ac-1bdd5e2b4824\"><a href=\"https:\/\/www.estrategiaconcursos.com.br\/blog\/concurso-prefeitura-boa-vista\/\" target=\"_blank\" rel=\"noreferrer noopener\">Concurso Boa Vista<\/a> (RR)<\/h3>\n\n\n\n<ul class=\"wp-block-list\">\n<li><strong>Status<\/strong>: anunciado<\/li>\n\n\n\n<li><strong>Cargos:<\/strong>&nbsp;diversos<\/li>\n\n\n\n<li><strong>Forma\u00e7\u00e3o<\/strong>:&nbsp;a definir<\/li>\n\n\n\n<li><strong>Vagas:&nbsp;<\/strong>a definir<\/li>\n\n\n\n<li><strong>Sal\u00e1rio<\/strong>:&nbsp;at\u00e9 R$ 10 mil <em>&#8211; \u00faltimo edital<\/em><\/li>\n<\/ul>\n\n\n\n<h3 class=\"wp-block-heading has-pale-cyan-blue-background-color has-background\" id=\"block-3dbd1adc-c29c-40dc-93ac-1bdd5e2b4824\"><a href=\"https:\/\/www.estrategiaconcursos.com.br\/blog\/concurso-prefeitura-campo-verde\/\" target=\"_blank\" rel=\"noreferrer noopener\">Concurso Campo Verde<\/a> (MT)<\/h3>\n\n\n\n<ul class=\"wp-block-list\">\n<li><strong>Status<\/strong>: autorizado<\/li>\n\n\n\n<li><strong>Cargos:<\/strong>&nbsp;a definir<\/li>\n\n\n\n<li><strong>Forma\u00e7\u00e3o<\/strong>:&nbsp;todos os n\u00edveis<\/li>\n\n\n\n<li><strong>Vagas:&nbsp;<\/strong>27<\/li>\n\n\n\n<li><strong>Sal\u00e1rio<\/strong>:&nbsp;a definir<\/li>\n<\/ul>\n\n\n\n<h3 class=\"wp-block-heading has-pale-cyan-blue-background-color has-background\" id=\"block-3dbd1adc-c29c-40dc-93ac-1bdd5e2b4824\"><a href=\"https:\/\/www.estrategiaconcursos.com.br\/blog\/concurso-prefeitura-ilheus\/\" target=\"_blank\" rel=\"noreferrer noopener\">Concurso Ilh\u00e9us<\/a> (BA)<\/h3>\n\n\n\n<ul class=\"wp-block-list\">\n<li><strong>Status<\/strong>: Autorizado\/comiss\u00e3o formada<\/li>\n\n\n\n<li><strong>Cargos:<\/strong>&nbsp;a definir<\/li>\n\n\n\n<li><strong>Forma\u00e7\u00e3o<\/strong>:&nbsp;a definir<\/li>\n\n\n\n<li><strong>Vagas:&nbsp;<\/strong>a definir<\/li>\n\n\n\n<li><strong>Sal\u00e1rio<\/strong>:&nbsp;at\u00e9 R$ 8.000,00<em>&nbsp;(\u00faltimo edital)<\/em><\/li>\n<\/ul>\n\n\n\n<h3 class=\"wp-block-heading has-pale-cyan-blue-background-color has-background\" id=\"block-3dbd1adc-c29c-40dc-93ac-1bdd5e2b4824\"><a href=\"https:\/\/www.estrategiaconcursos.com.br\/blog\/concurso-prefeitura-curitiba\/\" target=\"_blank\" rel=\"noreferrer noopener\">Concurso Curitiba<\/a> (PR)<\/h3>\n\n\n\n<ul class=\"wp-block-list\">\n<li><strong>Status<\/strong>: Anunciado<\/li>\n\n\n\n<li><strong>Cargos:<\/strong>&nbsp;V\u00e1rios<\/li>\n\n\n\n<li><strong>Forma\u00e7\u00e3o<\/strong>:&nbsp;a definir<\/li>\n\n\n\n<li><strong>Vagas:&nbsp;<\/strong>a definir<\/li>\n\n\n\n<li><strong>Sal\u00e1rio<\/strong>:&nbsp;R$ 1.753,36 a R$ 6.627,27&nbsp;<em>(\u00faltimo edital)<\/em><\/li>\n<\/ul>\n\n\n\n<h3 class=\"wp-block-heading has-pale-cyan-blue-background-color has-background\" id=\"block-3dbd1adc-c29c-40dc-93ac-1bdd5e2b4824\"><a href=\"https:\/\/www.estrategiaconcursos.com.br\/blog\/concurso-prefeitura-miguel-pereira\/\">Concurso Miguel Pereira<\/a> (RJ)<\/h3>\n\n\n\n<ul class=\"wp-block-list\">\n<li><strong>Status<\/strong>: anunciado<\/li>\n\n\n\n<li><strong>Cargos:<\/strong>&nbsp;diversos<\/li>\n\n\n\n<li><strong>Forma\u00e7\u00e3o<\/strong>:&nbsp;m\u00e9dio\/t\u00e9cnico e superior<\/li>\n\n\n\n<li><strong>Vagas:&nbsp;<\/strong>91 + CR<\/li>\n\n\n\n<li><strong>Sal\u00e1rio<\/strong>:&nbsp;at\u00e9&nbsp;<strong>R$ 7.743,67<\/strong><\/li>\n<\/ul>\n\n\n\n<h3 class=\"wp-block-heading has-pale-cyan-blue-background-color has-background\" id=\"block-3dbd1adc-c29c-40dc-93ac-1bdd5e2b4824\"><a href=\"https:\/\/www.estrategiaconcursos.com.br\/blog\/concurso-prefeitura-vila-velha\/\" target=\"_blank\" rel=\"noreferrer noopener nofollow\">Concurso Vila Velha<\/a> (ES)<\/h3>\n\n\n\n<ul class=\"wp-block-list\">\n<li><strong>Status<\/strong>: anunciado para 2026<\/li>\n\n\n\n<li><strong>Cargos:<\/strong>&nbsp;Professor e Auditor Fiscal<\/li>\n\n\n\n<li><strong>Forma\u00e7\u00e3o<\/strong>:&nbsp;Superior<\/li>\n\n\n\n<li><strong>Vagas:&nbsp;<\/strong>a definir<\/li>\n\n\n\n<li><strong>Sal\u00e1rio<\/strong>:&nbsp;R$ 4.796,82 (\u00faltimo edital 2019)<\/li>\n<\/ul>\n\n\n\n<h3 class=\"wp-block-heading has-pale-cyan-blue-background-color has-background\" id=\"block-3dbd1adc-c29c-40dc-93ac-1bdd5e2b4824\"><a href=\"https:\/\/www.estrategiaconcursos.com.br\/blog\/concurso-prefeitura-de-macapa\/\" target=\"_blank\" rel=\"noreferrer noopener\">Concurso Macap\u00e1<\/a> (AP)<\/h3>\n\n\n\n<ul class=\"wp-block-list\">\n<li><strong>Status<\/strong>: a definir<\/li>\n\n\n\n<li><strong>Cargos:<\/strong>&nbsp;a definir<\/li>\n\n\n\n<li><strong>Forma\u00e7\u00e3o<\/strong>:&nbsp;a definir<\/li>\n\n\n\n<li><strong>Vagas:&nbsp;<\/strong>a definir<\/li>\n\n\n\n<li><strong>Sal\u00e1rio<\/strong>:&nbsp;a definir<\/li>\n<\/ul>\n\n\n\n<h3 class=\"wp-block-heading has-pale-cyan-blue-background-color has-background\" id=\"block-3dbd1adc-c29c-40dc-93ac-1bdd5e2b4824\"><a href=\"https:\/\/www.estrategiaconcursos.com.br\/blog\/concurso-prefeitura-limeira\/\" target=\"_blank\" rel=\"noreferrer noopener\">Concurso Limeira<\/a> (SP)<\/h3>\n\n\n\n<ul class=\"wp-block-list\">\n<li><strong>Status<\/strong>:&nbsp;Edital previsto<\/li>\n\n\n\n<li><strong>Cargos:<\/strong>&nbsp;Diversos<\/li>\n\n\n\n<li><strong>Forma\u00e7\u00e3o<\/strong>:&nbsp;a definir<\/li>\n\n\n\n<li><strong>Vagas:&nbsp;<\/strong>a definir<\/li>\n\n\n\n<li><strong>Sal\u00e1rio<\/strong>:&nbsp;R$ 1.904,00 a R$ 8.684,46 <em> &#8211; \u00faltimo edital<\/em><\/li>\n<\/ul>\n\n\n\n<h3 class=\"wp-block-heading has-pale-cyan-blue-background-color has-background\" id=\"h-concurso-petropolis-rj\"><a href=\"https:\/\/www.estrategiaconcursos.com.br\/blog\/concurso-prefeitura-de-petropolis-rj\/\" target=\"_blank\" rel=\"noreferrer noopener\">Concurso Petr\u00f3polis<\/a> (RJ)<\/h3>\n\n\n\n<ul class=\"wp-block-list\">\n<li><strong>Status:<\/strong>&nbsp;Anunciado<\/li>\n\n\n\n<li><strong>Cargos:<\/strong>&nbsp;diversos<\/li>\n\n\n\n<li><strong>Vagas:<\/strong> 129<\/li>\n\n\n\n<li><strong>Forma\u00e7\u00e3o:&nbsp;<\/strong>N\u00edvel superior<\/li>\n\n\n\n<li><strong>Sal\u00e1rio:<\/strong>&nbsp;a definir<\/li>\n<\/ul>\n\n\n\n<h3 class=\"wp-block-heading has-pale-cyan-blue-background-color has-background\" id=\"h-concurso-campo-grande-ms\"><a href=\"https:\/\/www.estrategiaconcursos.com.br\/blog\/concurso-prefeitura-campo-grande-ms\/\" target=\"_blank\" rel=\"noreferrer noopener\">Concurso Campo Grande<\/a> (MS)<\/h3>\n\n\n\n<ul class=\"wp-block-list\">\n<li><strong>Status<\/strong>: Autorizado<\/li>\n\n\n\n<li><strong>Cargos:&nbsp;<\/strong>a definir<\/li>\n\n\n\n<li><strong>Forma\u00e7\u00e3o<\/strong>:&nbsp;a definir<\/li>\n\n\n\n<li><strong>Vagas:&nbsp;<\/strong>a definir<\/li>\n\n\n\n<li><strong>Sal\u00e1rio:<\/strong> a definir<\/li>\n<\/ul>\n\n\n\n<h3 class=\"wp-block-heading has-pale-cyan-blue-background-color has-background\" id=\"h-concurso-parintins-am\"><a href=\"https:\/\/www.estrategiaconcursos.com.br\/blog\/concurso-prefeitura-parintins\/\" target=\"_blank\" rel=\"noreferrer noopener\">Concurso Parintins<\/a> (AM)<\/h3>\n\n\n\n<ul class=\"wp-block-list\">\n<li><strong>Status<\/strong>: banca definida (FGV)<\/li>\n\n\n\n<li><strong>Cargos:&nbsp;<\/strong>59 cargos distintos<\/li>\n\n\n\n<li><strong>Forma\u00e7\u00e3o<\/strong>:&nbsp;n\u00edveis fundamental, m\u00e9dio, t\u00e9cnico e superior<\/li>\n\n\n\n<li><strong>Vagas:&nbsp;<\/strong>328<\/li>\n\n\n\n<li><strong>Sal\u00e1rio:<\/strong> R$ 1.412,00 a R$ 2.211,23&nbsp;<em>\u2013 \u00faltimo edital<\/em><\/li>\n<\/ul>\n\n\n\n<h3 class=\"wp-block-heading has-pale-cyan-blue-background-color has-background\" id=\"h-concurso-tutoia-ma\"><a href=\"https:\/\/www.estrategiaconcursos.com.br\/blog\/concurso-prefeitura-tutoia\/\" target=\"_blank\" rel=\"noreferrer noopener\">Concurso Tut\u00f3ia<\/a> (MA)<\/h3>\n\n\n\n<ul class=\"wp-block-list\">\n<li><strong>Status<\/strong>: retomado\/ banca definida (ISCJK)<\/li>\n\n\n\n<li><strong>Cargos:<\/strong> diversos<\/li>\n\n\n\n<li><strong>Forma\u00e7\u00e3o<\/strong>:&nbsp;a definir<\/li>\n\n\n\n<li><strong>Vagas:&nbsp;<\/strong>204 (<em>quantitativo do edital suspenso<\/em>)<\/li>\n\n\n\n<li><strong>Sal\u00e1rio:<\/strong> R$ 1.412,00 a R$ 4.900,00<\/li>\n<\/ul>\n\n\n\n<h2 class=\"wp-block-heading has-very-light-gray-to-cyan-bluish-gray-gradient-background has-background\" id=\"conselhos\">Concursos 2026: Conselhos<\/h2>\n\n\n\n<h3 class=\"wp-block-heading has-pale-cyan-blue-background-color has-background has-large-font-size\" id=\"h-concurso-crea-mt\"><a href=\"https:\/\/www.estrategiaconcursos.com.br\/blog\/concurso-crea-mt\/\" target=\"_blank\" rel=\"noreferrer noopener\"><strong>Concurso CREA MT<\/strong><\/a><\/h3>\n\n\n\n<ul class=\"wp-block-list\">\n<li><strong>Status:<\/strong> banca definida &#8211; INEPAM<\/li>\n\n\n\n<li><strong>Cargo:<\/strong> a definir<\/li>\n\n\n\n<li><strong>Forma\u00e7\u00e3o: <\/strong>a definir<\/li>\n\n\n\n<li><strong>Vagas:<\/strong> a definir<\/li>\n\n\n\n<li><strong>Sal\u00e1rio:<\/strong> R$5.590,79 (\u00faltimo edital)<\/li>\n\n\n\n<li><strong>Curso:<\/strong>&nbsp;<a href=\"https:\/\/www.estrategiaconcursos.com.br\/cursos\/concurso\/\">CREA MT<\/a><\/li>\n<\/ul>\n\n\n\n<h3 class=\"wp-block-heading has-pale-cyan-blue-background-color has-background has-large-font-size\" id=\"h-concurso-cref-pi\"><a href=\"https:\/\/www.estrategiaconcursos.com.br\/blog\/concurso-cref-pi\" target=\"_blank\" rel=\"noreferrer noopener\"><strong>Concurso CREF PI<\/strong><\/a><\/h3>\n\n\n\n<ul class=\"wp-block-list\">\n<li>Status: banca definida &#8211; Quadrix<\/li>\n\n\n\n<li><strong>Cargo:<\/strong> diversos<\/li>\n\n\n\n<li><strong>Forma\u00e7\u00e3o: <\/strong> m\u00e9dio e superior<\/li>\n\n\n\n<li><strong>Vagas:<\/strong> 6+CR<\/li>\n\n\n\n<li><strong>Sal\u00e1rio:<\/strong> a definir<\/li>\n\n\n\n<li><strong>Curso:<\/strong>&nbsp;<a href=\"https:\/\/www.estrategiaconcursos.com.br\/cursos\/concurso\/\">CREF PI<\/a><\/li>\n<\/ul>\n\n\n\n<h3 class=\"wp-block-heading has-pale-cyan-blue-background-color has-background\" id=\"h-concurso-cra-mg\"><strong><a href=\"https:\/\/www.estrategiaconcursos.com.br\/blog\/concurso-cra-mg\/\">Concurso CRA MG<\/a><\/strong><\/h3>\n\n\n\n<ul class=\"wp-block-list\">\n<li><strong>Status<\/strong>: banca definida &#8211; Fumarc<\/li>\n\n\n\n<li><strong>Cargo:<\/strong> diversos<\/li>\n\n\n\n<li><strong>Forma\u00e7\u00e3o: <\/strong> m\u00e9dio e superior<\/li>\n\n\n\n<li><strong>Vagas:<\/strong> a definir<\/li>\n\n\n\n<li><strong>Sal\u00e1rio:<\/strong> a definir<\/li>\n\n\n\n<li><strong>Curso:<\/strong>&nbsp;<a href=\"https:\/\/www.estrategiaconcursos.com.br\/cursosPorConcurso\/conselho-regional-dos-tecnicos-industriais-de-sao-paulo-crt-sp\/\" target=\"_blank\" rel=\"noreferrer noopener\">CRA MG<\/a><\/li>\n<\/ul>\n\n\n\n<h3 class=\"wp-block-heading has-pale-cyan-blue-background-color has-background\" id=\"h-concurso-crb-2\"><strong><a href=\"https:\/\/www.estrategiaconcursos.com.br\/blog\/concurso-crb-2\/\">Concurso CRB 2<\/a><\/strong><\/h3>\n\n\n\n<ul class=\"wp-block-list\">\n<li><strong>Status<\/strong>: banca definida &#8211; IDEC<\/li>\n\n\n\n<li><strong>Cargo:<\/strong> diversos<\/li>\n\n\n\n<li><strong>Forma\u00e7\u00e3o: <\/strong> m\u00e9dio e superior<\/li>\n\n\n\n<li><strong>Vagas:<\/strong> 10 + CR<\/li>\n\n\n\n<li><strong>Sal\u00e1rio:<\/strong> R$ 3.227,84 at\u00e9 R$ 6.660,35<\/li>\n\n\n\n<li><strong>Curso:<\/strong>&nbsp;<a href=\"https:\/\/www.estrategiaconcursos.com.br\/cursosPorConcurso\/conselho-regional-dos-tecnicos-industriais-de-sao-paulo-crt-sp\/\" target=\"_blank\" rel=\"noreferrer noopener\">CRB 2<\/a><\/li>\n<\/ul>\n\n\n\n<h3 class=\"wp-block-heading has-pale-cyan-blue-background-color has-background\" id=\"h-concurso-crt-sp\"><strong><a href=\"https:\/\/www.estrategiaconcursos.com.br\/blog\/concurso-crt-sp\/\" target=\"_blank\" rel=\"noreferrer noopener\">Concurso CRT SP<\/a><\/strong><\/h3>\n\n\n\n<ul class=\"wp-block-list\">\n<li><strong>Status<\/strong>: banca definida &#8211; Quadrix<\/li>\n\n\n\n<li><strong>Cargo:<\/strong> diversos<\/li>\n\n\n\n<li><strong>Forma\u00e7\u00e3o: <\/strong> m\u00e9dio e superior<\/li>\n\n\n\n<li><strong>Vagas:<\/strong> CR<\/li>\n\n\n\n<li><strong>Sal\u00e1rio:<\/strong> de R$ 3.598,90 a R$ 7.221,97 [\u00faltimo edital]<\/li>\n\n\n\n<li><strong>Curso:<\/strong>&nbsp;<a href=\"https:\/\/www.estrategiaconcursos.com.br\/cursosPorConcurso\/conselho-regional-dos-tecnicos-industriais-de-sao-paulo-crt-sp\/\" target=\"_blank\" rel=\"noreferrer noopener\">CRT SP<\/a><\/li>\n<\/ul>\n\n\n\n<h3 class=\"wp-block-heading has-pale-cyan-blue-background-color has-background\" id=\"h-concurso-crt-rj\"><a href=\"https:\/\/www.estrategiaconcursos.com.br\/blog\/concurso-crt-rj\/\"><strong>Concurso CRT RJ<\/strong><\/a><\/h3>\n\n\n\n<ul class=\"wp-block-list\">\n<li><strong>Status:<\/strong> TCU determina novo edital<\/li>\n\n\n\n<li><strong>Cargo:&nbsp;<\/strong>a definir<\/li>\n\n\n\n<li><strong>Forma\u00e7\u00e3o: <\/strong>a definir<\/li>\n\n\n\n<li><strong>Vagas:<\/strong> a definir <\/li>\n\n\n\n<li><strong>Sal\u00e1rio:<\/strong>&nbsp;de R$ 2.600 a R$ 3.600 (\u00faltimo edital)<\/li>\n\n\n\n<li><strong>Curso:<\/strong>&nbsp;<a href=\"https:\/\/www.estrategiaconcursos.com.br\/pesquisa\/?q=cremerj\" target=\"_blank\" rel=\"noreferrer noopener\">CRT RJ<\/a><\/li>\n<\/ul>\n\n\n\n<h3 class=\"wp-block-heading has-pale-cyan-blue-background-color has-background\" id=\"h-concurso-cremerj\"><a href=\"https:\/\/www.estrategiaconcursos.com.br\/blog\/concurso-cremerj\/\" target=\"_blank\" rel=\"noreferrer noopener\"><strong>Concurso CREMERJ<\/strong><\/a><\/h3>\n\n\n\n<ul class=\"wp-block-list\">\n<li><strong>Status:<\/strong> banca em defini\u00e7\u00e3o <\/li>\n\n\n\n<li><strong>Cargo:&nbsp;<\/strong>a definir <\/li>\n\n\n\n<li><strong>Forma\u00e7\u00e3o: <\/strong>a definir <\/li>\n\n\n\n<li><strong>Vagas:<\/strong> a definir <\/li>\n\n\n\n<li><strong>Sal\u00e1rio:<\/strong>&nbsp;R$ 2.899,00 [\u00faltimo edital]<\/li>\n<\/ul>\n\n\n\n<h3 class=\"wp-block-heading has-pale-cyan-blue-background-color has-background\" id=\"h-concurso-coren-df\"><a href=\"https:\/\/www.estrategiaconcursos.com.br\/blog\/concurso-coren-df\/\" target=\"_blank\" rel=\"noreferrer noopener\"><strong>Concurso COREN DF<\/strong><\/a><\/h3>\n\n\n\n<ul class=\"wp-block-list\">\n<li><strong>Status<\/strong>: comiss\u00e3o formada <\/li>\n\n\n\n<li><strong>Cargo:<\/strong> a definir <\/li>\n\n\n\n<li><strong>Forma\u00e7\u00e3o:<\/strong> m\u00e9dio e superior<\/li>\n\n\n\n<li><strong>Vagas:<\/strong> a definir<\/li>\n\n\n\n<li><strong>Sal\u00e1rio:<\/strong> at\u00e9 R$ 4.100,00 [\u00faltimo edital]<\/li>\n<\/ul>\n\n\n\n<h3 class=\"wp-block-heading has-pale-cyan-blue-background-color has-background\" id=\"h-concurso-cress-ro\"><a href=\"https:\/\/www.estrategiaconcursos.com.br\/blog\/concurso-cress-ro\/\"><strong>Concurso CRESS RO<\/strong><\/a><\/h3>\n\n\n\n<ul class=\"wp-block-list\">\n<li><strong>Status:<\/strong> comiss\u00e3o formada<\/li>\n\n\n\n<li><strong>Cargos:<\/strong> a definir<\/li>\n\n\n\n<li><strong>Forma\u00e7\u00e3o:<\/strong> m\u00e9dio e superior<\/li>\n\n\n\n<li><strong>Vagas:&nbsp;<\/strong>a definir<\/li>\n\n\n\n<li><strong>Sal\u00e1rio:&nbsp;<\/strong>&nbsp;R$ 1.422,56 e R$ 3.007,98<\/li>\n<\/ul>\n\n\n\n<h2 class=\"wp-block-heading has-very-light-gray-to-cyan-bluish-gray-gradient-background has-background\" id=\"outros\">Concursos 2026: vagas em outras \u00e1reas<\/h2>\n\n\n\n<h3 class=\"wp-block-heading has-pale-cyan-blue-background-color has-background\" id=\"h-concurso-secult-recife-secretaria-de-cultura-de-recife\"><a href=\"https:\/\/www.estrategiaconcursos.com.br\/blog\/concurso-secult-recife\/\" target=\"_blank\" rel=\"noreferrer noopener\">Concurso Secult Recife<\/a> <em>(Secretaria de Cultura de Recife)<\/em><\/h3>\n\n\n\n<ul class=\"wp-block-list\">\n<li><strong>Situa\u00e7\u00e3o:<\/strong> comiss\u00e3o formada<\/li>\n\n\n\n<li><strong>Cargos:&nbsp;<\/strong>a definir<\/li>\n\n\n\n<li><strong>Forma\u00e7\u00e3o<\/strong>: a definir<\/li>\n\n\n\n<li><strong>Vagas:&nbsp;<\/strong>a definir<\/li>\n\n\n\n<li><strong>Sal\u00e1rio:<\/strong> a definir<\/li>\n<\/ul>\n\n\n\n<h3 class=\"wp-block-heading has-pale-cyan-blue-background-color has-background\" id=\"h-concurso-abgf-agencia-brasileira-gestora-de-fundos-garantidores-e-garantias\"><a href=\"https:\/\/www.estrategiaconcursos.com.br\/blog\/concurso-abgf\/\" target=\"_blank\" rel=\"noreferrer noopener\">Concurso ABGF<\/a> <em>(Ag\u00eancia Brasileira Gestora de Fundos Garantidores e Garantias)<\/em><\/h3>\n\n\n\n<ul class=\"wp-block-list\">\n<li><strong>Situa\u00e7\u00e3o:<\/strong> banca definida (FCC)<\/li>\n\n\n\n<li><strong>Cargos:&nbsp;<\/strong>a definir<\/li>\n\n\n\n<li><strong>Forma\u00e7\u00e3o<\/strong>: a definir<\/li>\n\n\n\n<li><strong>Vagas:&nbsp;<\/strong>at\u00e9 90<\/li>\n\n\n\n<li><strong>Sal\u00e1rio:<\/strong> a definir<\/li>\n<\/ul>\n\n\n\n<h3 class=\"wp-block-heading has-pale-cyan-blue-background-color has-background\" id=\"h-concurso-itabiraprev-instituto-de-previdencia-de-itabira\"><a href=\"https:\/\/www.estrategiaconcursos.com.br\/blog\/concurso-itabiraprev\/\" target=\"_blank\" rel=\"noreferrer noopener\">Concurso ItabiraPrev<\/a> <em>(Instituto de Previd\u00eancia de Itabira)<\/em><\/h3>\n\n\n\n<ul class=\"wp-block-list\">\n<li><strong>Situa\u00e7\u00e3o:<\/strong> banca definida (IBGP)<\/li>\n\n\n\n<li><strong>Cargos:&nbsp;<\/strong>a definir<\/li>\n\n\n\n<li><strong>Forma\u00e7\u00e3o<\/strong>: a definir<\/li>\n\n\n\n<li><strong>Vagas:&nbsp;<\/strong>a definir<\/li>\n\n\n\n<li><strong>Sal\u00e1rio:<\/strong> a definir<\/li>\n<\/ul>\n\n\n\n<h3 class=\"wp-block-heading has-pale-cyan-blue-background-color has-background\" id=\"h-concurso-ipeam-ap-instituto-de-pesos-e-medidas-do-amapa\"><a href=\"https:\/\/www.estrategiaconcursos.com.br\/blog\/concurso-ipem-ap\/\" target=\"_blank\" rel=\"noreferrer noopener\">Concurso IPEAM AP<\/a> <em>(Instituto de Pesos e Medidas do Amap\u00e1)<\/em><\/h3>\n\n\n\n<ul class=\"wp-block-list\">\n<li><strong>Situa\u00e7\u00e3o:<\/strong> em estudos<\/li>\n\n\n\n<li><strong>Cargos:&nbsp;<\/strong>a definir<\/li>\n\n\n\n<li><strong>Forma\u00e7\u00e3o<\/strong>: a definir<\/li>\n\n\n\n<li><strong>Vagas:&nbsp;<\/strong>a definir<\/li>\n\n\n\n<li><strong>Sal\u00e1rio:<\/strong> a definir<\/li>\n<\/ul>\n\n\n\n<h3 class=\"wp-block-heading has-pale-cyan-blue-background-color has-background\" id=\"h-concurso-amprev-amapa-previdencia\"><a href=\"https:\/\/www.estrategiaconcursos.com.br\/blog\/concurso-amprev-ap\/\" target=\"_blank\" rel=\"noreferrer noopener\">Concurso AMPREV<\/a> <em>(Amap\u00e1 Previd\u00eancia)<\/em><\/h3>\n\n\n\n<ul class=\"wp-block-list\">\n<li><strong>Situa\u00e7\u00e3o:<\/strong> em estudos<\/li>\n\n\n\n<li><strong>Cargos:&nbsp;<\/strong>a definir<\/li>\n\n\n\n<li><strong>Forma\u00e7\u00e3o<\/strong>: a definir<\/li>\n\n\n\n<li><strong>Vagas:&nbsp;<\/strong>a definir<\/li>\n\n\n\n<li><strong>Sal\u00e1rio:<\/strong> a definir<\/li>\n<\/ul>\n\n\n\n<h3 class=\"wp-block-heading has-pale-cyan-blue-background-color has-background\" id=\"h-concurso-sema-ap-secretaria-de-estado-do-meio-ambiente-do-amapa\"><a href=\"https:\/\/www.estrategiaconcursos.com.br\/blog\/concurso-sema-ap\/\" target=\"_blank\" rel=\"noreferrer noopener\">Concurso SEMA AP<\/a> <em>(Secretaria de Estado do Meio Ambiente do Amap\u00e1)<\/em><\/h3>\n\n\n\n<ul class=\"wp-block-list\">\n<li><strong>Situa\u00e7\u00e3o:<\/strong> em estudos<\/li>\n\n\n\n<li><strong>Cargos:<\/strong>&nbsp;a definir<\/li>\n\n\n\n<li><strong>Forma\u00e7\u00e3o<\/strong>: a definir<\/li>\n\n\n\n<li><strong>Vagas:&nbsp;<\/strong>a definir<\/li>\n\n\n\n<li><strong>Sal\u00e1rio:<\/strong> a definir<\/li>\n<\/ul>\n\n\n\n<h3 class=\"wp-block-heading has-pale-cyan-blue-background-color has-background\" id=\"h-concurso-sp-parcerias-companhia-sao-paulo-de-parcerias\"><a href=\"https:\/\/www.estrategiaconcursos.com.br\/blog\/concurso-sp-parcerias\/\" target=\"_blank\" rel=\"noreferrer noopener\">Concurso SP Parcerias<\/a> <em>(Companhia S\u00e3o Paulo de Parcerias)<\/em><\/h3>\n\n\n\n<ul class=\"wp-block-list\">\n<li><strong>Situa\u00e7\u00e3o:<\/strong> iniciada a escolha da banca<\/li>\n\n\n\n<li>Cargos:&nbsp;Analista Quantitativo J\u00fanior, Analista Arquitet\u00f4nico J\u00fanior e Analista Administrativo J\u00fanior<\/li>\n\n\n\n<li><strong>Forma\u00e7\u00e3o<\/strong>: n\u00edvel superior<\/li>\n\n\n\n<li><strong>Vagas:&nbsp;<\/strong>5 + 25 CR<\/li>\n\n\n\n<li><strong>Sal\u00e1rio:<\/strong> R$ 6.200,00<\/li>\n<\/ul>\n\n\n\n<h3 class=\"wp-block-heading has-pale-cyan-blue-background-color has-background\" id=\"h-concurso-fundacao-florestal-sp\"><a href=\"https:\/\/www.estrategiaconcursos.com.br\/blog\/concurso-fundacao-florestal-sp\/\" target=\"_blank\" rel=\"noreferrer noopener\">Concurso Funda\u00e7\u00e3o Florestal SP<\/a><\/h3>\n\n\n\n<ul class=\"wp-block-list\">\n<li><strong>Situa\u00e7\u00e3o:<\/strong> comiss\u00e3o formada<\/li>\n\n\n\n<li><strong>Cargos:&nbsp;<\/strong>diversos<\/li>\n\n\n\n<li><strong>Forma\u00e7\u00e3o<\/strong>: n\u00edveis t\u00e9cnico e superior<\/li>\n\n\n\n<li><strong>Vagas:&nbsp;<\/strong>70<\/li>\n\n\n\n<li><strong>Sal\u00e1rio:<\/strong> a definir<\/li>\n<\/ul>\n\n\n\n<h3 class=\"wp-block-heading has-pale-cyan-blue-background-color has-background\" id=\"h-concurso-ima-sc-instituto-do-meio-ambiente-de-nbsp-santa-catarina\"><a href=\"https:\/\/www.estrategiaconcursos.com.br\/blog\/concurso-ima-sc\/\" target=\"_blank\" rel=\"noreferrer noopener\">Concurso IMA SC<\/a> (Instituto do Meio Ambiente de&nbsp;Santa Catarina)<\/h3>\n\n\n\n<ul class=\"wp-block-list\">\n<li><strong>Situa\u00e7\u00e3o:<\/strong> comiss\u00e3o formada<\/li>\n\n\n\n<li><strong>Cargos:&nbsp;<\/strong>a definir<\/li>\n\n\n\n<li><strong>Forma\u00e7\u00e3o<\/strong>: a definir<\/li>\n\n\n\n<li><strong>Vagas:&nbsp;<\/strong>a definir<\/li>\n\n\n\n<li><strong>Sal\u00e1rio:<\/strong> R$ 6.471,24 &#8211;<em> \u00faltimo edital<\/em><\/li>\n<\/ul>\n\n\n\n<h3 class=\"wp-block-heading has-pale-cyan-blue-background-color has-background\" id=\"h-concurso-epagri-sc-empresa-de-pesquisa-agropecuaria-e-extensao-rural-de-santa-catarina\"><a href=\"https:\/\/www.estrategiaconcursos.com.br\/blog\/concurso-epagri-sc\/\" target=\"_blank\" rel=\"noreferrer noopener\">Concurso Epagri SC<\/a> (Empresa de Pesquisa Agropecu\u00e1ria e Extens\u00e3o Rural de Santa Catarina)<\/h3>\n\n\n\n<ul class=\"wp-block-list\">\n<li><strong>Situa\u00e7\u00e3o:<\/strong> autorizado<\/li>\n\n\n\n<li><strong>Cargos:&nbsp;<\/strong>a definir<\/li>\n\n\n\n<li><strong>Forma\u00e7\u00e3o<\/strong>: a definir<\/li>\n\n\n\n<li><strong>Vagas:&nbsp;<\/strong>40 + CR<\/li>\n\n\n\n<li><strong>Sal\u00e1rio:<\/strong> R$ 3.711,56 a R$ 14.456,71&nbsp;<em>\u2013 \u00faltimo edital<\/em><\/li>\n<\/ul>\n\n\n\n<h3 class=\"wp-block-heading has-pale-cyan-blue-background-color has-background\" id=\"concurso-afap\"><a href=\"https:\/\/www.estrategiaconcursos.com.br\/blog\/concurso-saae-barretos\/\" target=\"_blank\" rel=\"noreferrer noopener\">Concurso SAAE Barretos<\/a> (<em>Servi\u00e7o Aut\u00f4nomo de \u00c1gua e Esgoto de&nbsp;Barretos<\/em>)<\/h3>\n\n\n\n<ul class=\"wp-block-list\">\n<li><strong>Situa\u00e7\u00e3o:<\/strong>&nbsp;banca definida (Instituto Consulplan)<\/li>\n\n\n\n<li><strong>Cargos:&nbsp;<\/strong>diversos<\/li>\n\n\n\n<li><strong>Forma\u00e7\u00e3o<\/strong>: n\u00edvel superior<\/li>\n\n\n\n<li><strong>Vagas:&nbsp;<\/strong>a definir<\/li>\n\n\n\n<li><strong>Sal\u00e1rio:<\/strong>&nbsp;a definir<\/li>\n<\/ul>\n\n\n\n<h3 class=\"wp-block-heading has-pale-cyan-blue-background-color has-background\" id=\"concurso-afap\"><a href=\"https:\/\/www.estrategiaconcursos.com.br\/blog\/concurso-inb\/\" target=\"_blank\" rel=\"noreferrer noopener\">Concurso INB<\/a> <em>(Ind\u00fastrias Nucleares do Brasil)<\/em><\/h3>\n\n\n\n<ul class=\"wp-block-list\">\n<li><strong>Situa\u00e7\u00e3o:<\/strong>&nbsp;banca definida (FGV)<\/li>\n\n\n\n<li><strong>Cargos:&nbsp;<\/strong>diversos<\/li>\n\n\n\n<li><strong>Forma\u00e7\u00e3o<\/strong>: n\u00edveis m\u00e9dio, t\u00e9cnico e superior<\/li>\n\n\n\n<li><strong>Vagas:&nbsp;<\/strong>CR<\/li>\n\n\n\n<li><strong>Sal\u00e1rio:<\/strong>&nbsp;a definir<\/li>\n<\/ul>\n\n\n\n<h3 class=\"wp-block-heading has-pale-cyan-blue-background-color has-background\" id=\"h-concurso-semad-mg\"><a href=\"https:\/\/www.estrategiaconcursos.com.br\/blog\/concurso-semad-mg\/\" target=\"_blank\" rel=\"noreferrer noopener\">Concurso SEMAD MG<\/a><\/h3>\n\n\n\n<ul class=\"wp-block-list\">\n<li><strong>Status<\/strong>: comiss\u00e3o formada<\/li>\n\n\n\n<li><strong>Cargos:<\/strong> Gestor Ambiental, T\u00e9cnico Ambiental, Analista Ambiental, Analista Fiscal de Regula\u00e7\u00e3o de Servi\u00e7os P\u00fablicos e Gestor de Regula\u00e7\u00e3o de Servi\u00e7os P\u00fablicos<\/li>\n\n\n\n<li><strong>Vagas:<\/strong> a definir<\/li>\n\n\n\n<li><strong>Forma\u00e7\u00e3o:<\/strong> n\u00edveis t\u00e9cnico e superior<\/li>\n\n\n\n<li><strong>Sal\u00e1rio:<\/strong>&nbsp;R$ 2.983,37 &#8211; \u00faltimo edital<\/li>\n<\/ul>\n\n\n\n<h3 class=\"wp-block-heading has-pale-cyan-blue-background-color has-background\" id=\"h-concurso-ipa-sp\"><a href=\"https:\/\/www.estrategiaconcursos.com.br\/blog\/concurso-ipa-sp\/\" target=\"_blank\" rel=\"noreferrer noopener\">Concurso IPA SP<\/a><\/h3>\n\n\n\n<ul class=\"wp-block-list\">\n<li><strong>Status<\/strong>: comiss\u00e3o formada<\/li>\n\n\n\n<li><strong>Cargos:<\/strong> Pesquisador Cient\u00edfico<\/li>\n\n\n\n<li><strong>Vagas:<\/strong> 98<\/li>\n\n\n\n<li><strong>Forma\u00e7\u00e3o:<\/strong> n\u00edvel superior<\/li>\n\n\n\n<li><strong>Sal\u00e1rio:<\/strong>&nbsp;R$ 9.052,47<\/li>\n<\/ul>\n\n\n\n<h3 class=\"wp-block-heading has-pale-cyan-blue-background-color has-background\" id=\"h-concurso-ipssc-cajamar\"><a href=\"https:\/\/www.estrategiaconcursos.com.br\/blog\/concurso-ipssc-cajamar\/\" target=\"_blank\" rel=\"noreferrer noopener\">Concurso IPSSC Cajamar<\/a><\/h3>\n\n\n\n<ul class=\"wp-block-list\">\n<li><strong>Status<\/strong>: banca definida (Instituto Indepac)<\/li>\n\n\n\n<li><strong>Cargos:<\/strong> diversos<\/li>\n\n\n\n<li><strong>Vagas:<\/strong> 12<\/li>\n\n\n\n<li><strong>Forma\u00e7\u00e3o:<\/strong> m\u00e9dio e t\u00e9cnico<\/li>\n\n\n\n<li><strong>Sal\u00e1rio:<\/strong> R$ 1.223,28 a R$ 6.082,14&nbsp;<em>(\u00faltimo edital)<\/em><\/li>\n<\/ul>\n\n\n\n<h3 class=\"wp-block-heading has-pale-cyan-blue-background-color has-background\" id=\"h-concurso-anpd\"><a href=\"https:\/\/www.estrategiaconcursos.com.br\/blog\/concurso-anpd\/\" target=\"_blank\" rel=\"noreferrer noopener\">Concurso ANPD<\/a><\/h3>\n\n\n\n<ul class=\"wp-block-list\">\n<li><strong>Situa\u00e7\u00e3o:<\/strong>&nbsp;grupo de trabalho<\/li>\n\n\n\n<li><strong>Cargos:&nbsp;<\/strong>Especialista em Regula\u00e7\u00e3o de Prote\u00e7\u00e3o de Dados<\/li>\n\n\n\n<li><strong>Forma\u00e7\u00e3o<\/strong>: n\u00edvel superior<\/li>\n\n\n\n<li><strong>Vagas:&nbsp;<\/strong>48 <\/li>\n\n\n\n<li><strong>Sal\u00e1rio:<\/strong>&nbsp;R$ 17.726,42&nbsp;<em>(a partir de abril de 2026)<\/em><\/li>\n<\/ul>\n\n\n\n<h3 class=\"wp-block-heading has-pale-cyan-blue-background-color has-background\" id=\"concurso-afap\"><a href=\"https:\/\/www.estrategiaconcursos.com.br\/blog\/concurso-gestao-governamental-ap\/\" target=\"_blank\" rel=\"noreferrer noopener\">Concurso Gest\u00e3o Governamental do Amap\u00e1<\/a><\/h3>\n\n\n\n<ul class=\"wp-block-list\">\n<li><strong>Situa\u00e7\u00e3o:<\/strong>&nbsp;comiss\u00e3o formada<\/li>\n\n\n\n<li><strong>Cargos:&nbsp;<\/strong>diversos<\/li>\n\n\n\n<li><strong>Forma\u00e7\u00e3o<\/strong>: n\u00edveis m\u00e9dio e  superior<\/li>\n\n\n\n<li><strong>Vagas:&nbsp;<\/strong>a definir<\/li>\n\n\n\n<li><strong>Sal\u00e1rio:<\/strong>&nbsp;R$ 3.048,23 a R$ 8.331,35<\/li>\n<\/ul>\n\n\n\n<h3 class=\"wp-block-heading has-pale-cyan-blue-background-color has-background\" id=\"concurso-afap\"><a href=\"https:\/\/www.estrategiaconcursos.com.br\/blog\/concurso-ipajm-es\/\" target=\"_blank\" rel=\"noreferrer noopener\">Concurso IPAJM ES<\/a><\/h3>\n\n\n\n<ul class=\"wp-block-list\">\n<li><strong>Situa\u00e7\u00e3o:<\/strong>&nbsp;comiss\u00e3o formada<\/li>\n\n\n\n<li><strong>Cargos:&nbsp;<\/strong>M\u00e9dico Perito, Assistente Social e Psic\u00f3logo<\/li>\n\n\n\n<li><strong>Forma\u00e7\u00e3o<\/strong>: n\u00edvel superior<\/li>\n\n\n\n<li><strong>Vagas:&nbsp;<\/strong>a definir<\/li>\n\n\n\n<li><strong>Sal\u00e1rio:<\/strong>&nbsp;R$ 7.547,78<\/li>\n<\/ul>\n\n\n\n<h3 class=\"wp-block-heading has-pale-cyan-blue-background-color has-background\" id=\"concurso-afap\"><a href=\"https:\/\/www.estrategiaconcursos.com.br\/blog\/concurso-idaf-es\/\" target=\"_blank\" rel=\"noreferrer noopener\">Concurso IDAF ES<\/a><\/h3>\n\n\n\n<ul class=\"wp-block-list\">\n<li><strong>Situa\u00e7\u00e3o:<\/strong>&nbsp;banca definida (IDCAP)<\/li>\n\n\n\n<li><strong>Cargos:&nbsp;<\/strong>T\u00e9cnico de Fiscaliza\u00e7\u00e3o e Desenvolvimento Agropecu\u00e1rio e Fiscal Estadual Agropecu\u00e1rio<\/li>\n\n\n\n<li><strong>Forma\u00e7\u00e3o<\/strong>: n\u00edveis t\u00e9cnico e superior<\/li>\n\n\n\n<li><strong>Vagas:&nbsp;<\/strong>14 + CR<\/li>\n\n\n\n<li><strong>Sal\u00e1rio:<\/strong>&nbsp;R$ 3.828,59 a R$ 7.547.78<\/li>\n<\/ul>\n\n\n\n<h3 class=\"wp-block-heading has-pale-cyan-blue-background-color has-background\" id=\"concurso-afap\"><a href=\"https:\/\/www.estrategiaconcursos.com.br\/blog\/concurso-eppgg-ba-e-autorizado-serao-185-vagas\/\" target=\"_blank\" rel=\"noreferrer noopener\">Concurso EPPGG BA<\/a><\/h3>\n\n\n\n<ul class=\"wp-block-list\">\n<li><strong>Situa\u00e7\u00e3o:<\/strong>&nbsp;comiss\u00e3o formada<\/li>\n\n\n\n<li><strong>Cargos:&nbsp;<\/strong>Especialista em Pol\u00edticas P\u00fablicas e Gest\u00e3o Governamental<\/li>\n\n\n\n<li><strong>Forma\u00e7\u00e3o<\/strong>: n\u00edvel superior<\/li>\n\n\n\n<li><strong>Vagas:&nbsp;<\/strong>50<\/li>\n\n\n\n<li><strong>Sal\u00e1rio:<\/strong>&nbsp;cerca de R$ 10 mil<\/li>\n<\/ul>\n\n\n\n<h3 class=\"wp-block-heading has-pale-cyan-blue-background-color has-background\" id=\"block-3dbd1adc-c29c-40dc-93ac-1bdd5e2b4824\"><strong><a href=\"https:\/\/www.estrategiaconcursos.com.br\/blog\/concurso-ipe-prev-rs\/\" target=\"_blank\" rel=\"noreferrer noopener\">Concurso IPE Prev RS<\/a><\/strong><\/h3>\n\n\n\n<ul class=\"wp-block-list\">\n<li><strong>Situa\u00e7\u00e3o:<\/strong>&nbsp;banca definida (Fundatec)<\/li>\n\n\n\n<li><strong>Cargos:&nbsp;<\/strong>Especialista, Analista, Assistente e Perito\/Auditor M\u00e9dico<\/li>\n\n\n\n<li><strong>Forma\u00e7\u00e3o<\/strong>: n\u00edveis m\u00e9dio e superior<\/li>\n\n\n\n<li><strong>Vagas:&nbsp;<\/strong>121<\/li>\n\n\n\n<li><strong>Sal\u00e1rio:<\/strong>&nbsp;R$ 4.200,00 a R$ 9.000,00&nbsp;<em>(\u00faltimo edital)<\/em><\/li>\n<\/ul>\n\n\n\n<h3 class=\"wp-block-heading has-pale-cyan-blue-background-color has-background\" id=\"concurso-afap\"><a href=\"https:\/\/www.estrategiaconcursos.com.br\/blog\/concurso-saae-pirapora\/\" target=\"_blank\" rel=\"noreferrer noopener\">Concurso SAAE Pirapora<\/a> (MG)<\/h3>\n\n\n\n<ul class=\"wp-block-list\">\n<li><strong>Situa\u00e7\u00e3o:<\/strong>&nbsp;banca contratada (IBGP)<\/li>\n\n\n\n<li><strong>Cargos:&nbsp;<\/strong>diversos<\/li>\n\n\n\n<li><strong>Forma\u00e7\u00e3o<\/strong>: n\u00edveis fundamental, m\u00e9dio, t\u00e9cnico e superior<\/li>\n\n\n\n<li><strong>Vagas:&nbsp;<\/strong>12+ 3 CR<\/li>\n\n\n\n<li><strong>Sal\u00e1rio:<\/strong>&nbsp;R$ 1.790,56 a R$ 4.021,74&nbsp;<em>\u2013 \u00faltimo edital<\/em><\/li>\n<\/ul>\n\n\n\n<h3 class=\"wp-block-heading has-pale-cyan-blue-background-color has-background\" id=\"concurso-afap\"><a href=\"https:\/\/www.estrategiaconcursos.com.br\/blog\/concurso-fapeal\/\" target=\"_blank\" rel=\"noreferrer noopener\">Concurso FAPEAL<\/a><\/h3>\n\n\n\n<ul class=\"wp-block-list\">\n<li><strong>Situa\u00e7\u00e3o:<\/strong>&nbsp;comiss\u00e3o formada<\/li>\n\n\n\n<li><strong>Cargos:&nbsp;<\/strong>a definir<\/li>\n\n\n\n<li><strong>Forma\u00e7\u00e3o<\/strong>: a definir<\/li>\n\n\n\n<li><strong>Vagas:&nbsp;<\/strong>&nbsp;10 + 10 CR<\/li>\n\n\n\n<li><strong>Sal\u00e1rio:<\/strong>&nbsp;R$ 1.800,00 a R$ 5.359,57&nbsp;<em>\u2013 conforme Plano de Cargos (2022)<\/em><\/li>\n<\/ul>\n\n\n\n<h3 class=\"wp-block-heading has-pale-cyan-blue-background-color has-background\" id=\"concurso-afap\"><a href=\"https:\/\/www.estrategiaconcursos.com.br\/blog\/concurso-badesc\/\" target=\"_blank\" rel=\"noreferrer noopener\">Concurso BADESC<\/a><\/h3>\n\n\n\n<ul class=\"wp-block-list\">\n<li><strong>Situa\u00e7\u00e3o:<\/strong>&nbsp;a definir<\/li>\n\n\n\n<li><strong>Cargos:&nbsp;<\/strong>a definir<\/li>\n\n\n\n<li><strong>Forma\u00e7\u00e3o<\/strong>: n\u00edveis m\u00e9dio e superior<\/li>\n\n\n\n<li><strong>Vagas:&nbsp;<\/strong>a definir<\/li>\n\n\n\n<li><strong>Sal\u00e1rio:<\/strong>&nbsp;a definir<\/li>\n<\/ul>\n\n\n\n<h3 class=\"wp-block-heading has-pale-cyan-blue-background-color has-background\" id=\"concurso-afap\"><a href=\"https:\/\/www.estrategiaconcursos.com.br\/blog\/concurso-nav\/\" target=\"_blank\" rel=\"noreferrer noopener\">Concurso NAV Brasil<\/a><\/h3>\n\n\n\n<ul class=\"wp-block-list\">\n<li><strong>Situa\u00e7\u00e3o:<\/strong>&nbsp;banca definida (FGV)<\/li>\n\n\n\n<li><strong>Cargos:&nbsp;<\/strong>a definir<\/li>\n\n\n\n<li><strong>Forma\u00e7\u00e3o<\/strong>: n\u00edveis m\u00e9dio, t\u00e9cnico e superior<\/li>\n\n\n\n<li><strong>Vagas:&nbsp;<\/strong>a definir<\/li>\n\n\n\n<li><strong>Sal\u00e1rio:<\/strong>&nbsp;R$ 2.786,30 a R$ 10.302,00 (\u00faltimo edital)<\/li>\n<\/ul>\n\n\n\n<h3 class=\"wp-block-heading has-pale-cyan-blue-background-color has-background\" id=\"concurso-afap\"><a href=\"https:\/\/www.estrategiaconcursos.com.br\/blog\/concurso-sead-ma\/\" target=\"_blank\" rel=\"noreferrer noopener\">Concurso Sead MA<\/a> (Secretaria de Estado da Administra\u00e7\u00e3o do Maranh\u00e3o)<\/h3>\n\n\n\n<ul class=\"wp-block-list\">\n<li><strong>Situa\u00e7\u00e3o:<\/strong>&nbsp;comiss\u00e3o formada<\/li>\n\n\n\n<li><strong>Cargos:&nbsp;<\/strong>a definir<\/li>\n\n\n\n<li><strong>Forma\u00e7\u00e3o<\/strong>: a definir<\/li>\n\n\n\n<li><strong>Vagas:&nbsp;<\/strong>a definir<\/li>\n\n\n\n<li><strong>Sal\u00e1rio:<\/strong>&nbsp;R$ 1.750,00, R$ 3.890,00 e R$ 9.600,00&nbsp;<em>\u2013 \u00faltimo edital<\/em><\/li>\n<\/ul>\n\n\n\n<h3 class=\"wp-block-heading has-pale-cyan-blue-background-color has-background\" id=\"concurso-afap\"><a href=\"https:\/\/www.estrategiaconcursos.com.br\/blog\/concurso-iterpa\/\" target=\"_blank\" rel=\"noreferrer noopener\">Concurso Iterpa<\/a> (Instituto de Terras do Estado do Par\u00e1)<\/h3>\n\n\n\n<ul class=\"wp-block-list\">\n<li><strong>Situa\u00e7\u00e3o:<\/strong>&nbsp;banca contratada (Instituto AOCP)<\/li>\n\n\n\n<li><strong>Cargos:&nbsp;<\/strong>v\u00e1rios<\/li>\n\n\n\n<li><strong>Forma\u00e7\u00e3o<\/strong>: N\u00edveis m\u00e9dio e superior<\/li>\n\n\n\n<li><strong>Vagas:&nbsp;<\/strong>112 + CR<\/li>\n\n\n\n<li><strong>Sal\u00e1rio:<\/strong>&nbsp;R$ 1.354,21 a R$ 3.518,84<\/li>\n<\/ul>\n\n\n\n<h3 class=\"wp-block-heading has-pale-cyan-blue-background-color has-background\" id=\"concurso-afap\"><a href=\"https:\/\/www.estrategiaconcursos.com.br\/blog\/concurso-imetropara\/\" target=\"_blank\" rel=\"noreferrer noopener\">Concurso Imetropar\u00e1<\/a> (Instituto de Metrologia do Par\u00e1)<\/h3>\n\n\n\n<ul class=\"wp-block-list\">\n<li><strong>Situa\u00e7\u00e3o:<\/strong>&nbsp;banca contratada (Cetap)<\/li>\n\n\n\n<li><strong>Cargos:&nbsp;<\/strong>v\u00e1rios<\/li>\n\n\n\n<li><strong>Forma\u00e7\u00e3o<\/strong>: N\u00edveis m\u00e9dio e superior<\/li>\n\n\n\n<li><strong>Vagas:&nbsp;<\/strong>66 + CR<\/li>\n\n\n\n<li><strong>Sal\u00e1rio:<\/strong>&nbsp;R$ 1.215,50 a R$ 3.104,35<\/li>\n<\/ul>\n\n\n\n<h3 class=\"wp-block-heading has-pale-cyan-blue-background-color has-background\" id=\"h-concurso-codeg-guarapari-companhia-de-melhoramentos-e-desenvolvimento-urbano-de-guarapari\"><a href=\"https:\/\/www.estrategiaconcursos.com.br\/blog\/concurso-codeg-guarapari\/\" target=\"_blank\" rel=\"noreferrer noopener\">Concurso CODEG Guarapari<\/a> (Companhia de Melhoramentos e Desenvolvimento Urbano de Guarapari)<\/h3>\n\n\n\n<ul class=\"wp-block-list\">\n<li><strong>Status:<\/strong> comiss\u00e3o formada<\/li>\n\n\n\n<li><strong>Cargos:<\/strong> a definir<\/li>\n\n\n\n<li><strong>Vagas:<\/strong> a definir<\/li>\n\n\n\n<li><strong>Forma\u00e7\u00e3o:<\/strong> a definir<\/li>\n\n\n\n<li><strong>Sal\u00e1rio: <\/strong>R$ 1.805,42 a R$ 2.912,00 (\u00faltimo edital)<\/li>\n<\/ul>\n\n\n\n<h3 class=\"wp-block-heading has-pale-cyan-blue-background-color has-background\" id=\"h-concurso-cnen-comissao-de-energia-nuclear\"><a href=\"https:\/\/www.estrategiaconcursos.com.br\/blog\/concurso-cnen\/\" target=\"_blank\" rel=\"noreferrer noopener\">Concurso CNEN<\/a> (Comiss\u00e3o de Energia Nuclear)<\/h3>\n\n\n\n<ul class=\"wp-block-list\">\n<li><strong>Status<\/strong>: solicitado<\/li>\n\n\n\n<li><strong>Cargos:<\/strong> a definir<\/li>\n\n\n\n<li><strong>Vagas:<\/strong> a definir<\/li>\n\n\n\n<li><strong>Forma\u00e7\u00e3o:<\/strong> a definir<\/li>\n\n\n\n<li><strong>Sal\u00e1rio:<\/strong> R$ 3.867,27 a R$ 14.734,44 (\u00faltimo edital)<\/li>\n<\/ul>\n\n\n\n<h3 class=\"wp-block-heading has-pale-cyan-blue-background-color has-background\" id=\"h-concurso-iteraima-rr\"><a href=\"https:\/\/www.estrategiaconcursos.com.br\/blog\/concurso-iteraima\/\" target=\"_blank\" rel=\"noreferrer noopener\">Concurso Iteraima<\/a> (RR)<\/h3>\n\n\n\n<ul class=\"wp-block-list\">\n<li><strong>Status<\/strong>: autorizado<\/li>\n\n\n\n<li><strong>Cargos:<\/strong> a definir<\/li>\n\n\n\n<li><strong>Vagas:<\/strong> 40<\/li>\n\n\n\n<li><strong>Forma\u00e7\u00e3o:<\/strong> n\u00edveis m\u00e9dio e superior<\/li>\n\n\n\n<li><strong>Sal\u00e1rio:<\/strong> a definir<\/li>\n<\/ul>\n\n\n\n<h3 class=\"wp-block-heading has-pale-cyan-blue-background-color has-background\" id=\"h-concurso-iater-rr\"><a href=\"https:\/\/www.estrategiaconcursos.com.br\/blog\/concurso-iater-rr\/\" target=\"_blank\" rel=\"noreferrer noopener\">Concurso Iater<\/a> (RR)<\/h3>\n\n\n\n<ul class=\"wp-block-list\">\n<li><strong>Status<\/strong>: autorizado<\/li>\n\n\n\n<li><strong>Cargos:<\/strong> a definir<\/li>\n\n\n\n<li><strong>Vagas:<\/strong> 80<\/li>\n\n\n\n<li><strong>Forma\u00e7\u00e3o:<\/strong> n\u00edveis m\u00e9dio e superior<\/li>\n\n\n\n<li><strong>Sal\u00e1rio:<\/strong> &nbsp;a definir<\/li>\n<\/ul>\n\n\n\n<h3 class=\"wp-block-heading has-pale-cyan-blue-background-color has-background\" id=\"h-concurso-femarh-rr\"><a href=\"https:\/\/www.estrategiaconcursos.com.br\/blog\/concurso-femarh\/\" target=\"_blank\" rel=\"noreferrer noopener\">Concurso Femarh<\/a> (RR)<\/h3>\n\n\n\n<ul class=\"wp-block-list\">\n<li><strong>Status<\/strong>: autorizado\/escolha da bancaa<\/li>\n\n\n\n<li><strong>Cargos:<\/strong> a definir<\/li>\n\n\n\n<li><strong>Vagas:<\/strong> 20<\/li>\n\n\n\n<li><strong>Forma\u00e7\u00e3o:<\/strong> n\u00edvel m\u00e9dio<\/li>\n\n\n\n<li><strong>Sal\u00e1rio:<\/strong> a definir<\/li>\n<\/ul>\n\n\n\n<h3 class=\"wp-block-heading has-pale-cyan-blue-background-color has-background\" id=\"h-concurso-adapi\"><a href=\"https:\/\/www.estrategiaconcursos.com.br\/blog\/concurso-adapi\/\" target=\"_blank\" rel=\"noreferrer noopener\">Concurso ADAPI<\/a><\/h3>\n\n\n\n<ul class=\"wp-block-list\">\n<li><strong>Status<\/strong>: comiss\u00e3o formada<\/li>\n\n\n\n<li><strong>Cargos:<\/strong> Engenheiro Agr\u00f4nomo e Veterin\u00e1rio.<\/li>\n\n\n\n<li><strong>Vagas:<\/strong> a definir<\/li>\n\n\n\n<li><strong>Forma\u00e7\u00e3o:<\/strong> n\u00edvel superior<\/li>\n\n\n\n<li><strong>Sal\u00e1rio:<\/strong> &nbsp;R$ 536,27 a R$ 2.393,79 <em>(\u00faltimo edital)<\/em><\/li>\n<\/ul>\n\n\n\n<h3 class=\"wp-block-heading has-pale-cyan-blue-background-color has-background\" id=\"h-processo-seletivo-ibge\"><a href=\"https:\/\/www.estrategiaconcursos.com.br\/blog\/concurso-ibge\/\" target=\"_blank\" rel=\"noreferrer noopener\">Processo seletivo IBGE<\/a> <\/h3>\n\n\n\n<ul class=\"wp-block-list\">\n<li><strong>Status<\/strong>: autorizado<\/li>\n\n\n\n<li><strong>Cargos:<\/strong> Analista, Recenseador e Agente<\/li>\n\n\n\n<li><strong>Vagas:<\/strong> 36.946<\/li>\n\n\n\n<li><strong>Forma\u00e7\u00e3o:<\/strong> n\u00edvel m\u00e9dio e superior<\/li>\n\n\n\n<li><strong>Sal\u00e1rio:<\/strong> R$ 2.676,24 a R$ 3.379,00 <em>(\u00faltimo edital)<\/em><\/li>\n<\/ul>\n\n\n\n<h3 class=\"wp-block-heading has-pale-cyan-blue-background-color has-background\" id=\"h-concurso-alprev\"><a href=\"https:\/\/www.estrategiaconcursos.com.br\/blog\/concurso-alprev\/\" target=\"_blank\" rel=\"noreferrer noopener\">Concurso ALPREV<\/a><\/h3>\n\n\n\n<ul class=\"wp-block-list\">\n<li><strong>Status:<\/strong> comiss\u00e3o formada<\/li>\n\n\n\n<li><strong>Cargos:<\/strong> Analista Previdenci\u00e1rio<\/li>\n\n\n\n<li><strong>Vagas:<\/strong> 20 + 20 CR<\/li>\n\n\n\n<li><strong>Forma\u00e7\u00e3o:<\/strong> a definir<\/li>\n\n\n\n<li><strong>Sal\u00e1rio:<\/strong> a definir<\/li>\n<\/ul>\n\n\n\n<h3 class=\"wp-block-heading has-pale-cyan-blue-background-color has-background\" id=\"h-concurso-procon-es\"><a href=\"https:\/\/www.estrategiaconcursos.com.br\/blog\/concurso-procon-es\/\" target=\"_blank\" rel=\"noreferrer noopener\">Concurso Procon ES<\/a><\/h3>\n\n\n\n<ul class=\"wp-block-list\">\n<li><strong>Status:<\/strong> comiss\u00e3o formada<\/li>\n\n\n\n<li><strong>Cargos:<\/strong> a definir<\/li>\n\n\n\n<li><strong>Vagas:<\/strong> a definir<\/li>\n\n\n\n<li><strong>Forma\u00e7\u00e3o:<\/strong> a definir<\/li>\n\n\n\n<li><strong>Sal\u00e1rio:<\/strong> a definir<\/li>\n<\/ul>\n\n\n\n<h3 class=\"wp-block-heading has-pale-cyan-blue-background-color has-background\" id=\"h-concurso-cetesb\"><a href=\"https:\/\/www.estrategiaconcursos.com.br\/blog\/concurso-cetesb-sp\/\" target=\"_blank\" rel=\"noreferrer noopener\">Concurso CETESB<\/a><\/h3>\n\n\n\n<ul class=\"wp-block-list\">\n<li><strong>Status<\/strong>: previsto<\/li>\n\n\n\n<li><strong>Cargos:<\/strong> a definir<\/li>\n\n\n\n<li><strong>Vagas:<\/strong> a definir<\/li>\n\n\n\n<li><strong>Forma\u00e7\u00e3o:<\/strong> a definir<\/li>\n\n\n\n<li><strong>Sal\u00e1rio:<\/strong> R$ 5.027,95 a R$ 10.767,64 (\u00faltimo edital)<\/li>\n<\/ul>\n\n\n\n<h3 class=\"wp-block-heading has-pale-cyan-blue-background-color has-background\" id=\"h-concurso-saf-pi\"><a href=\"https:\/\/www.estrategiaconcursos.com.br\/blog\/concurso-saf-pi\/\" target=\"_blank\" rel=\"noreferrer noopener\">Concurso SAF PI<\/a><\/h3>\n\n\n\n<ul class=\"wp-block-list\">\n<li><strong>Status<\/strong>: comiss\u00e3o formada<\/li>\n\n\n\n<li><strong>Cargos:<\/strong> Agente de Agricultura Familiar &#8211; Engenheiro, Ge\u00f3logo e Arquiteto<\/li>\n\n\n\n<li><strong>Vagas:<\/strong> 20 previstas<\/li>\n\n\n\n<li><strong>Forma\u00e7\u00e3o:<\/strong> n\u00edvel superior<\/li>\n\n\n\n<li><strong>Sal\u00e1rio:<\/strong> R$ 2.800,00 a R$ 3.700,00 mil (\u00faltimo edital)<\/li>\n<\/ul>\n\n\n\n<h3 class=\"wp-block-heading has-pale-cyan-blue-background-color has-background\" id=\"h-concurso-sada-pi\"><a href=\"https:\/\/www.estrategiaconcursos.com.br\/blog\/concurso-sada-pi\/\" target=\"_blank\" rel=\"noreferrer noopener\">Concurso SADA PI<\/a><\/h3>\n\n\n\n<ul class=\"wp-block-list\">\n<li><strong>Status<\/strong>: comiss\u00e3o formada<\/li>\n\n\n\n<li><strong>Cargos:<\/strong> Agente de Desenvolvimento Rural e Engenheiro Agr\u00f4nomo<\/li>\n\n\n\n<li><strong>Vagas:<\/strong> a definir<\/li>\n\n\n\n<li><strong>Forma\u00e7\u00e3o:<\/strong> n\u00edveis t\u00e9cnico e superior<\/li>\n\n\n\n<li><strong>Sal\u00e1rio:<\/strong> a definir<\/li>\n<\/ul>\n\n\n\n<h3 class=\"wp-block-heading has-pale-cyan-blue-background-color has-background\" id=\"h-concurso-seplan-pi\"><a href=\"https:\/\/www.estrategiaconcursos.com.br\/blog\/concurso-seplan-pi\/\" target=\"_blank\" rel=\"noreferrer noopener\">Concurso Seplan PI<\/a><\/h3>\n\n\n\n<ul class=\"wp-block-list\">\n<li><strong>Status<\/strong>: comiss\u00e3o formadase<\/li>\n\n\n\n<li><strong>Cargos:<\/strong> Especialista em Economia Regional<\/li>\n\n\n\n<li><strong>Vagas:<\/strong> a definir<\/li>\n\n\n\n<li><strong>Forma\u00e7\u00e3o:<\/strong> n\u00edvel superior<\/li>\n\n\n\n<li><strong>Sal\u00e1rio:<\/strong> a definir<\/li>\n<\/ul>\n\n\n\n<h3 class=\"wp-block-heading has-pale-cyan-blue-background-color has-background\" id=\"h-concurso-tv-antares-pi\"><a href=\"https:\/\/www.estrategiaconcursos.com.br\/blog\/concurso-tv-antares\/\" target=\"_blank\" rel=\"noreferrer noopener\">Concurso TV Antares<\/a> (PI)<\/h3>\n\n\n\n<ul class=\"wp-block-list\">\n<li><strong>Status:<\/strong> comiss\u00e3o formada<\/li>\n\n\n\n<li><strong>Cargos:<\/strong> jornalista<\/li>\n\n\n\n<li><strong>Vagas: <\/strong>10<\/li>\n\n\n\n<li><strong>Forma\u00e7\u00e3o:<\/strong> n\u00edvel superior<\/li>\n\n\n\n<li><strong>Sal\u00e1rio:<\/strong> a definir<\/li>\n<\/ul>\n\n\n\n<h3 class=\"wp-block-heading has-pale-cyan-blue-background-color has-background\" id=\"h-concurso-setur-pi\"><a href=\"https:\/\/www.estrategiaconcursos.com.br\/blog\/concurso-setur-pi\/\" target=\"_blank\" rel=\"noreferrer noopener\">Concurso SETUR PI<\/a><\/h3>\n\n\n\n<ul class=\"wp-block-list\">\n<li><strong>Status:<\/strong> comiss\u00e3o formada<\/li>\n\n\n\n<li><strong>Cargos:<\/strong> Especialista em Turismo e Economia Criativa<\/li>\n\n\n\n<li><strong>Vagas: <\/strong>10 previstas<\/li>\n\n\n\n<li><strong>Forma\u00e7\u00e3o:<\/strong> n\u00edvel superior<\/li>\n\n\n\n<li><strong>Sal\u00e1rio:<\/strong> a definir<\/li>\n<\/ul>\n\n\n\n<h3 class=\"wp-block-heading has-pale-cyan-blue-background-color has-background\" id=\"h-concurso-agrespi\"><a href=\"https:\/\/www.estrategiaconcursos.com.br\/blog\/concurso-agrespi\/\" target=\"_blank\" rel=\"noreferrer noopener\">Concurso AGRESPI<\/a><\/h3>\n\n\n\n<ul class=\"wp-block-list\">\n<li><strong>Status<\/strong>: comiss\u00e3o formada<\/li>\n\n\n\n<li><strong>Cargos:<\/strong> Analista de Regula\u00e7\u00e3o<\/li>\n\n\n\n<li><strong>Vagas:<\/strong> 20<\/li>\n\n\n\n<li><strong>Forma\u00e7\u00e3o:<\/strong> n\u00edvel superior<\/li>\n\n\n\n<li><strong>Sal\u00e1rio:<\/strong> R$ 3.900,00&nbsp;<em>\u2013 conforme Lei do Plano de Cargos (2017)<\/em><\/li>\n<\/ul>\n\n\n\n<h3 class=\"wp-block-heading has-pale-cyan-blue-background-color has-background\" id=\"h-concurso-sema-ba\"><a href=\"https:\/\/www.estrategiaconcursos.com.br\/blog\/concurso-sema-ba\/\" target=\"_blank\" rel=\"noreferrer noopener\">Concurso SEMA BA<\/a><\/h3>\n\n\n\n<ul class=\"wp-block-list\">\n<li><strong>Status<\/strong>: comiss\u00e3o formada<\/li>\n\n\n\n<li><strong>Cargos:<\/strong> Especialista e T\u00e9cnico em Meio Ambiente e Recursos H\u00eddricos<\/li>\n\n\n\n<li><strong>Vagas:<\/strong> 110<\/li>\n\n\n\n<li><strong>Forma\u00e7\u00e3o:<\/strong> n\u00edveis m\u00e9dio e superior<\/li>\n\n\n\n<li><strong>Sal\u00e1rio:<\/strong> &nbsp;R$ 4.980,38 a R$ 24.290,81&nbsp;<em>(Portal da Transpar\u00eancia)<\/em><\/li>\n<\/ul>\n\n\n\n<h3 class=\"wp-block-heading has-pale-cyan-blue-background-color has-background\" id=\"h-concurso-sema-mt\"><a href=\"https:\/\/www.estrategiaconcursos.com.br\/blog\/concurso-sema-mt\/\" target=\"_blank\" rel=\"noreferrer noopener\">Concurso SEMA MT<\/a><\/h3>\n\n\n\n<ul class=\"wp-block-list\">\n<li><strong>Status<\/strong>: banca definida (Funda\u00e7\u00e3o Cesgranrio)<\/li>\n\n\n\n<li><strong>Cargos:<\/strong> Analista <\/li>\n\n\n\n<li><strong>Vagas:<\/strong> 150<\/li>\n\n\n\n<li><strong>Forma\u00e7\u00e3o:<\/strong> n\u00edvel superior<\/li>\n\n\n\n<li><strong>Sal\u00e1rio:<\/strong> R$ 9.954,43<\/li>\n<\/ul>\n\n\n\n<h3 class=\"wp-block-heading has-pale-cyan-blue-background-color has-background\" id=\"h-concurso-funalfa-mg\"><a href=\"https:\/\/www.estrategiaconcursos.com.br\/blog\/concurso-funalfa-mg\/\" target=\"_blank\" rel=\"noreferrer noopener\">Concurso Funalfa MG<\/a><\/h3>\n\n\n\n<ul class=\"wp-block-list\">\n<li><strong>Status<\/strong>: comiss\u00e3o formada<\/li>\n\n\n\n<li><strong>Cargos<\/strong>:&nbsp;a definir<\/li>\n\n\n\n<li><strong>Forma\u00e7\u00e3o:<\/strong>&nbsp;a definir<\/li>\n\n\n\n<li><strong>Vagas:<\/strong>&nbsp;a definir<\/li>\n\n\n\n<li><strong>Sal\u00e1rio:<\/strong>&nbsp;R$ 856,13 a R$ 2.388,70 (<em>\u00faltimo edital<\/em>)<\/li>\n<\/ul>\n\n\n\n<p class=\"has-pale-cyan-blue-background-color has-background has-medium-font-size\">Concursos <a href=\"https:\/\/www.estrategiaconcursos.com.br\/blog\/concurso-seinfra-ba\/\" target=\"_blank\" rel=\"noreferrer noopener\">SEINFRA BA<\/a> | <a href=\"https:\/\/www.estrategiaconcursos.com.br\/blog\/concurso-sedur-ba\/\" target=\"_blank\" rel=\"noreferrer noopener\">SEDUR BA<\/a> | <a href=\"https:\/\/www.estrategiaconcursos.com.br\/blog\/concurso-saeb\/\" target=\"_blank\" rel=\"noreferrer noopener\">SAEB BA<\/a><\/p>\n\n\n\n<ul class=\"wp-block-list\">\n<li><strong>Status:<\/strong>&nbsp;comiss\u00e3o formada<\/li>\n\n\n\n<li><strong>Cargo:&nbsp;<\/strong>Especialista e T\u00e9cnico em Obras P\u00fablicas<\/li>\n\n\n\n<li><strong>Forma\u00e7\u00e3o:<\/strong> n\u00edveis m\u00e9dio\/t\u00e9cnico e superior<\/li>\n\n\n\n<li><strong>Vagas:<\/strong>&nbsp;120<\/li>\n\n\n\n<li><strong>Sal\u00e1rio:<\/strong>&nbsp;a definir<\/li>\n<\/ul>\n\n\n\n<h3 class=\"wp-block-heading has-pale-cyan-blue-background-color has-background\" id=\"h-concurso-saneago\"><a href=\"https:\/\/www.estrategiaconcursos.com.br\/blog\/concurso-saneago\/\" target=\"_blank\" rel=\"noreferrer noopener\">Concurso Saneago<\/a><\/h3>\n\n\n\n<ul class=\"wp-block-list\">\n<li><strong>Status<\/strong>: anunciado<\/li>\n\n\n\n<li><strong>Cargos:<\/strong> a definir<\/li>\n\n\n\n<li><strong>Vagas:<\/strong> a definir<\/li>\n\n\n\n<li><strong>Forma\u00e7\u00e3o:<\/strong> a definir<\/li>\n\n\n\n<li><strong>Sal\u00e1rio:<\/strong> R$ 4.443,57 (\u00faltimo edital)<\/li>\n<\/ul>\n\n\n\n<h3 class=\"wp-block-heading has-pale-cyan-blue-background-color has-background\" id=\"h-concurso-agerba\"><a href=\"https:\/\/www.estrategiaconcursos.com.br\/blog\/concurso-agerba\/\" target=\"_blank\" rel=\"noreferrer noopener\">Concurso Agerba<\/a><\/h3>\n\n\n\n<ul class=\"wp-block-list\">\n<li><strong>Status<\/strong>: anunciado<\/li>\n\n\n\n<li><strong>Cargos:<\/strong> Especialista e T\u00e9cnico em Regula\u00e7\u00e3o<\/li>\n\n\n\n<li><strong>Vagas:<\/strong> 40<\/li>\n\n\n\n<li><strong>Forma\u00e7\u00e3o:<\/strong> n\u00edveis m\u00e9dio e superior<\/li>\n\n\n\n<li><strong>Sal\u00e1rio:<\/strong> &nbsp;R$ 2.146,37 a R$ 6.021,64&nbsp;<em>\u2013 \u00faltimo edital<\/em><\/li>\n<\/ul>\n\n\n\n<h3 class=\"wp-block-heading has-pale-cyan-blue-background-color has-background\" id=\"h-concurso-fapeal\"><a href=\"https:\/\/www.estrategiaconcursos.com.br\/blog\/concurso-fapeal\/\" target=\"_blank\" rel=\"noreferrer noopener\">Concurso Fapeal<\/a><\/h3>\n\n\n\n<ul class=\"wp-block-list\">\n<li><strong>Status<\/strong>: autorizado<\/li>\n\n\n\n<li><strong>Cargos:<\/strong> Gestor Especializado de Ci\u00eancia e Tecnologia<\/li>\n\n\n\n<li><strong>Vagas:<\/strong> 10 + 10 CR<\/li>\n\n\n\n<li><strong>Forma\u00e7\u00e3o:<\/strong> n\u00edvel superior<\/li>\n\n\n\n<li><strong>Sal\u00e1rio:<\/strong> &nbsp;R$ 1.800,00 a R$ 5.359,57&nbsp;<em>\u2013 conforme Plano de Cargos (2022)<\/em><\/li>\n<\/ul>\n\n\n\n<h3 class=\"wp-block-heading has-pale-cyan-blue-background-color has-background\" id=\"h-concurso-secult-ap\"><a href=\"https:\/\/www.estrategiaconcursos.com.br\/blog\/concurso-secult-ap\/\" target=\"_blank\" rel=\"noreferrer noopener\">Concurso Secult AP<\/a><\/h3>\n\n\n\n<ul class=\"wp-block-list\">\n<li><strong>Status<\/strong>: comiss\u00e3o formada<\/li>\n\n\n\n<li><strong>Cargos:<\/strong> a definir<\/li>\n\n\n\n<li><strong>Vagas:<\/strong> a definir<\/li>\n\n\n\n<li><strong>Forma\u00e7\u00e3o:<\/strong> a definir<\/li>\n\n\n\n<li><strong>Sal\u00e1rio:<\/strong> a definir<\/li>\n<\/ul>\n\n\n\n<h3 class=\"wp-block-heading has-pale-cyan-blue-background-color has-background\" id=\"h-concurso-emater-mg\"><a href=\"https:\/\/www.estrategiaconcursos.com.br\/blog\/concurso-emater-mg\/\" target=\"_blank\" rel=\"noreferrer noopener\">Concurso Emater MG<\/a><\/h3>\n\n\n\n<ul class=\"wp-block-list\">\n<li><strong>Status:<\/strong>&nbsp;autorizado<\/li>\n\n\n\n<li><strong>Cargos:<\/strong>&nbsp;v\u00e1rios<\/li>\n\n\n\n<li><strong>Forma\u00e7\u00e3o:<\/strong>&nbsp;m\u00e9dio e superior<\/li>\n\n\n\n<li><strong>Vagas:<\/strong>&nbsp;72<\/li>\n\n\n\n<li><strong>Sal\u00e1rio:&nbsp;<\/strong>R$ 2.330,61 a R$ 5.671,67&nbsp;<em>(\u00faltimo edital)<\/em><\/li>\n<\/ul>\n\n\n\n<h3 class=\"wp-block-heading has-pale-cyan-blue-background-color has-background\" id=\"h-concurso-epamig\"><a href=\"https:\/\/www.estrategiaconcursos.com.br\/blog\/concurso-epamig\/\" target=\"_blank\" rel=\"noreferrer noopener\">Concurso EPAMIG<\/a><\/h3>\n\n\n\n<ul class=\"wp-block-list\">\n<li><strong>Status:<\/strong>&nbsp;autorizado<\/li>\n\n\n\n<li><strong>Cargos:<\/strong>&nbsp;a definir<\/li>\n\n\n\n<li><strong>Forma\u00e7\u00e3o:<\/strong>&nbsp;m\u00e9dio e superior<\/li>\n\n\n\n<li><strong>Vagas:<\/strong>&nbsp;257<\/li>\n\n\n\n<li><strong>Sal\u00e1rio:&nbsp;<\/strong>R$ 1.520,72 a R$ 3.435,12<\/li>\n<\/ul>\n\n\n\n<h3 class=\"wp-block-heading has-pale-cyan-blue-background-color has-background\" id=\"h-concurso-urbel-mg\"><a href=\"https:\/\/www.estrategiaconcursos.com.br\/blog\/concurso-urbel\/\" target=\"_blank\" rel=\"noreferrer noopener\">Concurso URBEL<\/a> (MG)<\/h3>\n\n\n\n<ul class=\"wp-block-list\">\n<li><strong>Status<\/strong>: comiss\u00e3o formada<\/li>\n\n\n\n<li><strong>Cargos:<\/strong> a definir<\/li>\n\n\n\n<li><strong>Vagas:<\/strong> a definir<\/li>\n\n\n\n<li><strong>Forma\u00e7\u00e3o:<\/strong> a definir<\/li>\n\n\n\n<li><strong>Sal\u00e1rio:<\/strong> R$ 1.480,96 a R$ 5.114,29 <em>&#8211; \u00faltimo edital<\/em><\/li>\n<\/ul>\n\n\n\n<h3 class=\"wp-block-heading has-pale-cyan-blue-background-color has-background\" id=\"h-concurso-cmu-aracaju-se\"><a href=\"https:\/\/www.estrategiaconcursos.com.br\/blog\/cmu-aracaju\/\" target=\"_blank\" rel=\"noreferrer noopener\">Concurso CMU Aracaju<\/a> (SE)<\/h3>\n\n\n\n<ul class=\"wp-block-list\">\n<li><strong>Status<\/strong>: comiss\u00e3o formada<\/li>\n\n\n\n<li><strong>Cargos:<\/strong> a definir<\/li>\n\n\n\n<li><strong>Vagas:<\/strong> a definir<\/li>\n\n\n\n<li><strong>Forma\u00e7\u00e3o:<\/strong> a definir<\/li>\n\n\n\n<li><strong>Sal\u00e1rio:<\/strong> a definir<\/li>\n<\/ul>\n\n\n\n<h3 class=\"wp-block-heading has-pale-cyan-blue-background-color has-background\" id=\"h-concurso-detran-pr\"><a href=\"https:\/\/www.estrategiaconcursos.com.br\/blog\/concurso-detran-pr\" target=\"_blank\" rel=\"noreferrer noopener\">Concurso Detran PR<\/a><\/h3>\n\n\n\n<ul class=\"wp-block-list\">\n<li><strong>Status<\/strong>: previsto<\/li>\n\n\n\n<li><strong>Cargos:<\/strong> a definir<\/li>\n\n\n\n<li><strong>Vagas:<\/strong> a definir<\/li>\n\n\n\n<li><strong>Forma\u00e7\u00e3o:<\/strong> a definir<\/li>\n\n\n\n<li><strong>Sal\u00e1rio:<\/strong> R$ 4.231,60 a R$ 7.616,88<\/li>\n<\/ul>\n\n\n\n<h3 class=\"wp-block-heading has-pale-cyan-blue-background-color has-background\" id=\"h-concurso-detran-ma\"><a href=\"https:\/\/www.estrategiaconcursos.com.br\/blog\/concurso-detran-ma\/\" target=\"_blank\" rel=\"noreferrer noopener\">Concurso Detran MA<\/a><\/h3>\n\n\n\n<ul class=\"wp-block-list\">\n<li><strong>Status<\/strong>: comiss\u00e3o formada<\/li>\n\n\n\n<li><strong>Cargos:<\/strong> a definir<\/li>\n\n\n\n<li><strong>Vagas:<\/strong> 121<\/li>\n\n\n\n<li><strong>Forma\u00e7\u00e3o:<\/strong> m\u00e9dio e superior<\/li>\n\n\n\n<li><strong>Sal\u00e1rio:<\/strong> R$ 1.400,00 e R$ 4.400,000<\/li>\n<\/ul>\n\n\n\n<h3 class=\"wp-block-heading has-pale-cyan-blue-background-color has-background\" id=\"h-concurso-detran-es\"><a href=\"https:\/\/www.estrategiaconcursos.com.br\/blog\/concurso-detran-es\/\" target=\"_blank\" rel=\"noreferrer noopener\">Concurso Detran ES<\/a><\/h3>\n\n\n\n<ul class=\"wp-block-list\">\n<li><strong>Status:&nbsp;<\/strong>comiss\u00e3o formada<\/li>\n\n\n\n<li><strong>Cargos:<\/strong> a definir<\/li>\n\n\n\n<li><strong>Forma\u00e7\u00e3o:&nbsp;<\/strong>n\u00edvel superior<\/li>\n\n\n\n<li><strong>Vagas:&nbsp;<\/strong>94<\/li>\n\n\n\n<li><strong>Sal\u00e1rio:<\/strong> at\u00e9 R$ 10.407,01<\/li>\n<\/ul>\n\n\n\n<h3 class=\"wp-block-heading has-pale-cyan-blue-background-color has-background\" id=\"h-concurso-sape-sc\"><a href=\"https:\/\/www.estrategiaconcursos.com.br\/blog\/concurso-agricultura-sc\/\" target=\"_blank\" rel=\"noreferrer noopener\">Concurso SAPE SC<\/a><\/h3>\n\n\n\n<ul class=\"wp-block-list\">\n<li><strong>Status<\/strong>: comiss\u00e3o formada<\/li>\n\n\n\n<li><strong>Cargos:<\/strong> T\u00e9cnico Administrativo<\/li>\n\n\n\n<li><strong>Vagas:<\/strong> 20<\/li>\n\n\n\n<li><strong>Forma\u00e7\u00e3o:<\/strong> n\u00edvel superior<\/li>\n\n\n\n<li><strong>Sal\u00e1rio:<\/strong> a definir<\/li>\n<\/ul>\n\n\n\n<h3 class=\"wp-block-heading has-pale-cyan-blue-background-color has-background\" id=\"h-emater-rio\"><a href=\"https:\/\/www.estrategiaconcursos.com.br\/blog\/concurso-emater-rj\/\" target=\"_blank\" rel=\"noreferrer noopener\">Emater Rio<\/a><\/h3>\n\n\n\n<ul class=\"wp-block-list\">\n<li><strong>Status<\/strong>: previsto para 2026<\/li>\n\n\n\n<li><strong>Cargos:<\/strong> a definir<\/li>\n\n\n\n<li><strong>Vagas:<\/strong> a definir<\/li>\n\n\n\n<li><strong>Forma\u00e7\u00e3o:<\/strong> a definir<\/li>\n\n\n\n<li><strong>Sal\u00e1rio:<\/strong> R$ 2.169,99 a R$ 5.544,96<\/li>\n<\/ul>\n\n\n\n<h3 class=\"wp-block-heading has-pale-cyan-blue-background-color has-background\" id=\"h-semas-pa\"><a href=\"https:\/\/www.estrategiaconcursos.com.br\/blog\/concurso-semas-pa\/\" target=\"_blank\" rel=\"noreferrer noopener\">SEMAS PA<\/a><\/h3>\n\n\n\n<ul class=\"wp-block-list\">\n<li><strong>Status:<\/strong> anunciado<\/li>\n\n\n\n<li><strong>Cargos:<\/strong> diversos<\/li>\n\n\n\n<li><strong>Vagas:<\/strong> 479<\/li>\n\n\n\n<li><strong>Forma\u00e7\u00e3o:<\/strong> m\u00e9dio e superior<\/li>\n\n\n\n<li><strong>Sal\u00e1rio:<\/strong> R$ 1.215,50 e R$ 3.104,35<\/li>\n<\/ul>\n\n\n\n<h3 class=\"wp-block-heading has-pale-cyan-blue-background-color has-background\" id=\"h-processo-seletivo-anater\"><a href=\"https:\/\/www.estrategiaconcursos.com.br\/blog\/concurso-anater\/\" target=\"_blank\" rel=\"noreferrer noopener\">Processo seletivo Anater<\/a><\/h3>\n\n\n\n<ul class=\"wp-block-list\">\n<li><strong>Status: <\/strong>banca definida (Instituto Exata)<\/li>\n\n\n\n<li><strong>Cargos:<\/strong> a definir<\/li>\n\n\n\n<li><strong>Vagas:<\/strong> a definir<\/li>\n\n\n\n<li><strong>Forma\u00e7\u00e3o:<\/strong> n\u00edveis m\u00e9dio e superior<\/li>\n\n\n\n<li><strong>Sal\u00e1rio:<\/strong>&nbsp;a definir<\/li>\n<\/ul>\n\n\n\n<h3 class=\"wp-block-heading has-pale-cyan-blue-background-color has-background\" id=\"h-concurso-ministerio-da-defesa-md\"><a href=\"https:\/\/www.estrategiaconcursos.com.br\/blog\/concurso-ministerio-da-defesa\/\" target=\"_blank\" rel=\"noreferrer noopener\">Concurso Minist\u00e9rio da Defesa (MD)<\/a><\/h3>\n\n\n\n<ul class=\"wp-block-list\">\n<li><strong>Status: <\/strong>autorizado<\/li>\n\n\n\n<li><strong>Cargos:<\/strong> diversos<\/li>\n\n\n\n<li><strong>Vagas:<\/strong> 148<\/li>\n\n\n\n<li><strong>Forma\u00e7\u00e3o:<\/strong> superior<\/li>\n\n\n\n<li><strong>Sal\u00e1rio:<\/strong>&nbsp;a definir<\/li>\n<\/ul>\n\n\n\n<h3 class=\"wp-block-heading has-pale-cyan-blue-background-color has-background\" id=\"h-concurso-inss\"><a href=\"https:\/\/www.estrategiaconcursos.com.br\/blog\/concurso-inss\/\" target=\"_blank\" rel=\"noreferrer noopener\">Concurso INSS<\/a><\/h3>\n\n\n\n<ul class=\"wp-block-list\">\n<li><strong>Status: <\/strong>solicitado (2026)<\/li>\n\n\n\n<li><strong>Cargos:<\/strong> Analista e T\u00e9cnico do Seguro Social<\/li>\n\n\n\n<li><strong>Vagas:<\/strong> 8.500 solicitadas<\/li>\n\n\n\n<li><strong>Forma\u00e7\u00e3o:<\/strong> N\u00edveis m\u00e9dio e superior<\/li>\n\n\n\n<li><strong>Sal\u00e1rio:<\/strong> R$ 6.655,13 e R$ 9.874,97<\/li>\n<\/ul>\n\n\n\n<h3 class=\"wp-block-heading has-pale-cyan-blue-background-color has-background\" id=\"h-concurso-anatel\"><a href=\"https:\/\/www.estrategiaconcursos.com.br\/blog\/concurso-anatel\/\" target=\"_blank\" rel=\"noreferrer noopener\">Concurso ANATEL<\/a><\/h3>\n\n\n\n<ul class=\"wp-block-list\">\n<li><strong>Status: <\/strong>solicitado<\/li>\n\n\n\n<li><strong>Cargos:<\/strong> diversos<\/li>\n\n\n\n<li><strong>Vagas:<\/strong> 180<\/li>\n\n\n\n<li><strong>Forma\u00e7\u00e3o:<\/strong> n\u00edveis m\u00e9dio e superior<\/li>\n\n\n\n<li><strong>Sal\u00e1rio:<\/strong> R$ 8.053,32<\/li>\n<\/ul>\n\n\n\n<h3 class=\"wp-block-heading has-pale-cyan-blue-background-color has-background\" id=\"h-concurso-mme\"><a href=\"https:\/\/www.estrategiaconcursos.com.br\/blog\/concurso-mme\/\" target=\"_blank\" rel=\"noreferrer noopener\">Concurso MME<\/a><\/h3>\n\n\n\n<ul class=\"wp-block-list\">\n<li><strong>Status: <\/strong>solicitado<\/li>\n\n\n\n<li><strong>Cargos:<\/strong> diversos<\/li>\n\n\n\n<li><strong>Vagas:<\/strong> 185<\/li>\n\n\n\n<li><strong>Forma\u00e7\u00e3o:<\/strong> n\u00edveis m\u00e9dio e superior<\/li>\n\n\n\n<li><strong>Sal\u00e1rio:<\/strong> R$ 5.488,70 (<em>\u00faltimo edital<\/em>)<\/li>\n<\/ul>\n\n\n\n<h3 class=\"wp-block-heading has-pale-cyan-blue-background-color has-background\" id=\"h-concurso-inpi\"><a href=\"https:\/\/www.estrategiaconcursos.com.br\/blog\/concurso-inpi\/\" target=\"_blank\" rel=\"noreferrer noopener\">Concurso INPI<\/a><\/h3>\n\n\n\n<ul class=\"wp-block-list\">\n<li><strong>Status: <\/strong>solicitado<\/li>\n\n\n\n<li><strong>Cargos:<\/strong> a definir<\/li>\n\n\n\n<li><strong>Vagas:<\/strong> a definir<\/li>\n\n\n\n<li><strong>Forma\u00e7\u00e3o:<\/strong> a definir<\/li>\n\n\n\n<li><strong>Sal\u00e1rio:<\/strong> R$ 9.144,01 a R$ 11.205,93 (\u00faltimo edital)<\/li>\n<\/ul>\n\n\n\n<h3 class=\"wp-block-heading has-pale-cyan-blue-background-color has-background\" id=\"h-concurso-theatro-municipal-rj\"><a href=\"https:\/\/www.estrategiaconcursos.com.br\/blog\/concurso-theatro-municipal-rj\/\" target=\"_blank\" rel=\"noreferrer noopener\">Concurso Theatro Municipal RJ<\/a><\/h3>\n\n\n\n<ul class=\"wp-block-list\">\n<li><strong>Status: <\/strong>banca definida (Instituto Avalia)<\/li>\n\n\n\n<li><strong>Cargos:<\/strong> diversos cargos<\/li>\n\n\n\n<li><strong>Vagas:<\/strong> 110<\/li>\n\n\n\n<li><strong>Forma\u00e7\u00e3o:<\/strong> n\u00edveis fundamental, m\u00e9dio e superior<\/li>\n\n\n\n<li><strong>Sal\u00e1rio:<\/strong> a definir<\/li>\n<\/ul>\n\n\n\n<h3 class=\"wp-block-heading has-pale-cyan-blue-background-color has-background\" id=\"h-concurso-manausprev\"><a href=\"https:\/\/www.estrategiaconcursos.com.br\/blog\/concurso-manausprev\/\" target=\"_blank\" rel=\"noreferrer noopener\">Concurso ManausPrev<\/a><\/h3>\n\n\n\n<ul class=\"wp-block-list\">\n<li><strong>Status: <\/strong>comiss\u00e3o formada\/autorizado<\/li>\n\n\n\n<li><strong>Cargos:<\/strong> Analista e T\u00e9cnico Previdenci\u00e1rio<\/li>\n\n\n\n<li><strong>Vagas:<\/strong> a definir<\/li>\n\n\n\n<li><strong>Forma\u00e7\u00e3o:<\/strong> n\u00edveis m\u00e9dio e superior<\/li>\n\n\n\n<li><strong>Sal\u00e1rio:<\/strong> R$ 5.500,00 a R$ 8.300,00<\/li>\n<\/ul>\n\n\n\n<h3 class=\"wp-block-heading has-pale-cyan-blue-background-color has-background\" id=\"h-concurso-smpog-bh\"><a href=\"https:\/\/www.estrategiaconcursos.com.br\/blog\/concurso-smpog-bh\/\" target=\"_blank\" rel=\"noreferrer noopener\">Concurso SMPOG BH<\/a><\/h3>\n\n\n\n<ul class=\"wp-block-list\">\n<li><strong>Status: <\/strong>comiss\u00e3o formada<\/li>\n\n\n\n<li><strong>Cargos:<\/strong> Analista, Agente e T\u00e9cnico<\/li>\n\n\n\n<li><strong>Vagas:<\/strong> a definir<\/li>\n\n\n\n<li><strong>Forma\u00e7\u00e3o:<\/strong> n\u00edveis t\u00e9cnico e superior<\/li>\n\n\n\n<li><strong>Sal\u00e1rio:<\/strong> R$ 2.355,60 a R$ 6.807,32&nbsp;<em>(\u00faltimo edital)<\/em><\/li>\n<\/ul>\n\n\n\n<h3 class=\"wp-block-heading has-pale-cyan-blue-background-color has-background\" id=\"h-concurso-cdhu\"><a href=\"https:\/\/www.estrategiaconcursos.com.br\/blog\/concurso-cdhu\/\" target=\"_blank\" rel=\"noreferrer noopener\">Concurso CDHU<\/a><\/h3>\n\n\n\n<ul class=\"wp-block-list\">\n<li><strong>Status: <\/strong>previsto<\/li>\n\n\n\n<li><strong>Cargos:<\/strong> a definir<\/li>\n\n\n\n<li><strong>Vagas:<\/strong> 388<\/li>\n\n\n\n<li><strong>Forma\u00e7\u00e3o:<\/strong> a definir<\/li>\n\n\n\n<li><strong>Sal\u00e1rio:<\/strong> a definir<\/li>\n<\/ul>\n\n\n\n<h3 class=\"wp-block-heading has-pale-cyan-blue-background-color has-background\" id=\"h-concurso-der-se\"><a href=\"https:\/\/www.estrategiaconcursos.com.br\/blog\/concurso-der-se\/\" target=\"_blank\" rel=\"noreferrer noopener\">Concurso DER SE<\/a><\/h3>\n\n\n\n<ul class=\"wp-block-list\">\n<li><strong>Status: <\/strong>comiss\u00e3o formada<\/li>\n\n\n\n<li><strong>Cargos:<\/strong> a definir<\/li>\n\n\n\n<li><strong>Vagas:<\/strong> a definir<\/li>\n\n\n\n<li><strong>Forma\u00e7\u00e3o:<\/strong> a definir<\/li>\n\n\n\n<li><strong>Sal\u00e1rio:<\/strong> a definir<\/li>\n<\/ul>\n\n\n\n<h3 class=\"wp-block-heading has-pale-cyan-blue-background-color has-background\" id=\"h-setasc-mt\"><a href=\"https:\/\/www.estrategiaconcursos.com.br\/blog\/concurso-setasc-mt\/\" target=\"_blank\" rel=\"noreferrer noopener\">SETASC MT<\/a><\/h3>\n\n\n\n<ul class=\"wp-block-list\">\n<li><strong>Status: <\/strong>comiss\u00e3o formada<\/li>\n\n\n\n<li><strong>Cargos:<\/strong> a definir<\/li>\n\n\n\n<li><strong>Vagas:<\/strong> a definir<\/li>\n\n\n\n<li><strong>Forma\u00e7\u00e3o:<\/strong> a definir<\/li>\n\n\n\n<li><strong>Sal\u00e1rio:<\/strong> R$ 4.000,00 e R$ 4.500,00&nbsp;<em>(\u00faltimo edital PSS)<\/em><\/li>\n<\/ul>\n\n\n\n<h3 class=\"wp-block-heading has-pale-cyan-blue-background-color has-background\" id=\"h-concurso-demhab-porto-alegre-rs\"><a href=\"https:\/\/www.estrategiaconcursos.com.br\/blog\/concurso-demhab-porto-alegre\/\" target=\"_blank\" rel=\"noreferrer noopener\">Concurso DEMHAB Porto Alegre<\/a> (RS)<\/h3>\n\n\n\n<ul class=\"wp-block-list\">\n<li><strong>Status:<\/strong> comiss\u00e3o formada<\/li>\n\n\n\n<li><strong>Cargos:<\/strong> a definir<\/li>\n\n\n\n<li><strong>Vagas:<\/strong> a definir<\/li>\n\n\n\n<li><strong>Forma\u00e7\u00e3o:<\/strong> a definir<\/li>\n\n\n\n<li><strong>Sal\u00e1rio:<\/strong> a definir<\/li>\n<\/ul>\n\n\n\n<h3 class=\"wp-block-heading has-pale-cyan-blue-background-color has-background\" id=\"h-concurso-prevcom-sp\"><a href=\"https:\/\/www.estrategiaconcursos.com.br\/blog\/concurso-prevcom-sp\/\" target=\"_blank\" rel=\"noreferrer noopener\">Concurso Prevcom SP<\/a><\/h3>\n\n\n\n<ul class=\"wp-block-list\">\n<li><strong>Status:<\/strong> comiss\u00e3o formada <\/li>\n\n\n\n<li><strong>Cargos:<\/strong> a definir<\/li>\n\n\n\n<li><strong>Vagas:<\/strong> a definir<\/li>\n\n\n\n<li><strong>Forma\u00e7\u00e3o:<\/strong> a definir<\/li>\n\n\n\n<li><strong>Sal\u00e1rio:<\/strong> a definir<\/li>\n<\/ul>\n\n\n\n<h3 class=\"wp-block-heading has-pale-cyan-blue-background-color has-background\" id=\"h-concurso-codhab-df\"><a href=\"https:\/\/www.estrategiaconcursos.com.br\/blog\/concurso-codhab-df\/\" target=\"_blank\" rel=\"noreferrer noopener\">Concurso Codhab DF<\/a><\/h3>\n\n\n\n<ul class=\"wp-block-list\">\n<li><strong>Status:<\/strong> comiss\u00e3o formada<\/li>\n\n\n\n<li><strong>Cargos:<\/strong> a definir<\/li>\n\n\n\n<li><strong>Vagas:<\/strong> a definir<\/li>\n\n\n\n<li><strong>Forma\u00e7\u00e3o:<\/strong> a definir<\/li>\n\n\n\n<li><strong>Sal\u00e1rio:<\/strong> R$ 2.500,00 a R$ 4.995,45&nbsp;<em>(\u00faltimo edital)<\/em><\/li>\n<\/ul>\n\n\n\n<h3 class=\"wp-block-heading has-pale-cyan-blue-background-color has-background\" id=\"h-concurso-idr-parana\"><a href=\"https:\/\/www.estrategiaconcursos.com.br\/blog\/concurso-idr-parana\/\" target=\"_blank\" rel=\"noreferrer noopener\">Concurso IDR Paran\u00e1<\/a><\/h3>\n\n\n\n<ul class=\"wp-block-list\">\n<li><strong>Status:<\/strong> comiss\u00e3o formada<\/li>\n\n\n\n<li><strong>Cargos:<\/strong> diversos<\/li>\n\n\n\n<li><strong>Vagas:<\/strong> 422<\/li>\n\n\n\n<li><strong>Forma\u00e7\u00e3o:<\/strong> a definir<\/li>\n\n\n\n<li><strong>Sal\u00e1rio:<\/strong> a definir<\/li>\n<\/ul>\n\n\n\n<h3 class=\"wp-block-heading has-pale-cyan-blue-background-color has-background\" id=\"h-concurso-mdr\"><a href=\"https:\/\/www.estrategiaconcursos.com.br\/blog\/concurso-mdr\/\" target=\"_blank\" rel=\"noreferrer noopener\">Concurso MDR<\/a><\/h3>\n\n\n\n<ul class=\"wp-block-list\">\n<li><strong>Status:&nbsp;<\/strong>autorizado<\/li>\n\n\n\n<li><strong>Cargos:<\/strong> Engenheiro<\/li>\n\n\n\n<li><strong>Forma\u00e7\u00e3o:<\/strong> n\u00edvel superior<\/li>\n\n\n\n<li><strong>Vagas:<\/strong> 10<\/li>\n\n\n\n<li><strong>Sal\u00e1rio:<\/strong>&nbsp;R$ 7.685,35<\/li>\n<\/ul>\n\n\n\n<h3 class=\"wp-block-heading has-pale-cyan-blue-background-color has-background\" id=\"h-concurso-codego\"><a href=\"https:\/\/www.estrategiaconcursos.com.br\/blog\/concurso-codego\/\" target=\"_blank\" rel=\"noreferrer noopener\">Concurso CODEGO<\/a><\/h3>\n\n\n\n<ul class=\"wp-block-list\">\n<li><strong>Status:&nbsp;<\/strong>comiss\u00e3o formada<\/li>\n\n\n\n<li><strong>Cargos:<\/strong> Eletrot\u00e9cnico, Tecn\u00f3logo, T\u00e9cnico e Assistente Administrativo<\/li>\n\n\n\n<li><strong>Forma\u00e7\u00e3o:<\/strong> n\u00edveis t\u00e9cnico e superior<\/li>\n\n\n\n<li><strong>Vagas:<\/strong>&nbsp;51 <\/li>\n\n\n\n<li><strong>Sal\u00e1rio:<\/strong>&nbsp;R$ 3.000,00 a R$ 8.000,00<\/li>\n<\/ul>\n\n\n\n<h3 class=\"wp-block-heading has-pale-cyan-blue-background-color has-background\" id=\"h-concurso-secec-rj\"><a href=\"https:\/\/www.estrategiaconcursos.com.br\/blog\/concurso-secec-rj\/\" target=\"_blank\" rel=\"noreferrer noopener\">Concurso SECEC RJ<\/a><\/h3>\n\n\n\n<ul class=\"wp-block-list\">\n<li><strong>Status:&nbsp;<\/strong>Grupo de trabalho formado<\/li>\n\n\n\n<li><strong>Cargos:<\/strong> A definir<\/li>\n\n\n\n<li><strong>Forma\u00e7\u00e3o:<\/strong>&nbsp;A definir<\/li>\n\n\n\n<li><strong>Vagas:<\/strong>&nbsp;A definir<\/li>\n\n\n\n<li><strong>Sal\u00e1rio:<\/strong>&nbsp;A definir<\/li>\n<\/ul>\n\n\n\n<h3 class=\"wp-block-heading has-pale-cyan-blue-background-color has-background\" id=\"h-concurso-fmc-belo-horizonte\"><a href=\"https:\/\/www.estrategiaconcursos.com.br\/blog\/concurso-fmc-belo-horizonte-comissao-formada\/\" target=\"_blank\" rel=\"noreferrer noopener\">Concurso FMC Belo Horizonte<\/a><\/h3>\n\n\n\n<ul class=\"wp-block-list\">\n<li><strong>Status<\/strong>: comiss\u00e3o formada<\/li>\n\n\n\n<li><strong>Cargo:&nbsp;<\/strong>a definir<\/li>\n\n\n\n<li><strong>Forma\u00e7\u00e3o:&nbsp;<\/strong>a definir<\/li>\n\n\n\n<li><strong>Vagas:<\/strong>&nbsp;a definir<\/li>\n\n\n\n<li><strong>Sal\u00e1rio:<\/strong>&nbsp;R$ 2.715,08 a R$ 5.501,22 <em>[\u00faltimo PSS<\/em>]<\/li>\n<\/ul>\n\n\n\n<h3 class=\"wp-block-heading has-pale-cyan-blue-background-color has-background\" id=\"h-concurso-sejusc-am\"><a href=\"https:\/\/www.estrategiaconcursos.com.br\/blog\/concurso-sejusc-am\/\" target=\"_blank\" rel=\"noreferrer noopener\">Concurso Sejusc AM<\/a><\/h3>\n\n\n\n<ul class=\"wp-block-list\">\n<li><strong>Status:<\/strong>&nbsp;grupo de trabalho formado<\/li>\n\n\n\n<li><strong>Cargo:<\/strong>&nbsp;a definir<\/li>\n\n\n\n<li><strong>Forma\u00e7\u00e3o:&nbsp;<\/strong>&nbsp;a definir<\/li>\n\n\n\n<li><strong>Vagas:<\/strong>&nbsp;&nbsp;a definir<\/li>\n\n\n\n<li><strong>Sal\u00e1rio:<\/strong>&nbsp;&nbsp;a definir<\/li>\n<\/ul>\n\n\n\n<h3 class=\"wp-block-heading has-pale-cyan-blue-background-color has-background\" id=\"h-concurso-sema-ap\"><a href=\"https:\/\/www.estrategiaconcursos.com.br\/blog\/concurso-sema-ap\/\" target=\"_blank\" rel=\"noreferrer noopener\">Concurso SEMA AP<\/a><\/h3>\n\n\n\n<ul class=\"wp-block-list\">\n<li><strong>Situa\u00e7\u00e3o<\/strong>: comiss\u00e3o formada<\/li>\n\n\n\n<li><strong>Cargos:&nbsp;<\/strong>a definir<\/li>\n\n\n\n<li><strong>Forma\u00e7\u00e3o:<\/strong> a definir<\/li>\n\n\n\n<li><strong>Vagas:<\/strong>&nbsp;a definir<\/li>\n\n\n\n<li><strong>Sal\u00e1rio:<\/strong> a definir<\/li>\n<\/ul>\n\n\n\n<h3 class=\"wp-block-heading has-pale-cyan-blue-background-color has-background\" id=\"concurso-afap\"><a href=\"https:\/\/www.estrategiaconcursos.com.br\/blog\/concurso-fiperj\/\" target=\"_blank\" rel=\"noreferrer noopener\">Concurso FIPERJ<\/a><\/h3>\n\n\n\n<ul class=\"wp-block-list\">\n<li><strong>Situa\u00e7\u00e3o:<\/strong>&nbsp;Autorizado<\/li>\n\n\n\n<li><strong>Cargos:&nbsp;<\/strong>a definir<\/li>\n\n\n\n<li><strong>Forma\u00e7\u00e3o<\/strong>: a definir<\/li>\n\n\n\n<li><strong>Vagas:&nbsp;<\/strong>a definir<\/li>\n\n\n\n<li><strong>Sal\u00e1rio:<\/strong>&nbsp;R$ 1.400,89 a R$ 2.801,55&nbsp;<em>(\u00faltimo edital<\/em>)<\/li>\n<\/ul>\n\n\n\n<h3 class=\"wp-block-heading has-pale-cyan-blue-background-color has-background\" id=\"h-concurso-iperon\"><a href=\"https:\/\/www.estrategiaconcursos.com.br\/blog\/concurso-iperon\/\" target=\"_blank\" rel=\"noreferrer noopener\">Concurso IPERON<\/a><\/h3>\n\n\n\n<ul class=\"wp-block-list\">\n<li><strong>Situa\u00e7\u00e3o:<\/strong> comiss\u00e3o formada<\/li>\n\n\n\n<li><strong style=\"color: initial;\">Cargos:&nbsp;<\/strong><span style=\"color: initial;\">a definir<\/span><\/li>\n\n\n\n<li><strong>Forma\u00e7\u00e3o<\/strong>:&nbsp;a definir<\/li>\n\n\n\n<li><strong>Vagas:<\/strong>&nbsp;a definir<\/li>\n\n\n\n<li><strong>Sal\u00e1rio:<\/strong>&nbsp;R$ 2.517,35 e R$ 4.475,71&nbsp;<em>\u2013 \u00faltimo edital<\/em><\/li>\n<\/ul>\n\n\n\n<h3 class=\"wp-block-heading has-pale-cyan-blue-background-color has-background\" id=\"h-concurso-ipam-porto-velho-ro\"><a href=\"https:\/\/www.estrategiaconcursos.com.br\/blog\/concurso-ipam-porto-velho\/\" target=\"_blank\" rel=\"noreferrer noopener\">Concurso IPAM Porto Velho RO<\/a><\/h3>\n\n\n\n<ul class=\"wp-block-list\">\n<li><strong>Situa\u00e7\u00e3o<\/strong>: comiss\u00e3o formada<\/li>\n\n\n\n<li><strong style=\"color: initial;\">Cargos:&nbsp;<\/strong><span style=\"color: initial;\">Analista, T\u00e9cnico e Procurador Aut\u00e1rquico<\/span><\/li>\n\n\n\n<li><strong><\/strong><strong><\/strong><strong>Forma\u00e7\u00e3o<\/strong>:&nbsp;n\u00edvel m\u00e9dio e superior<\/li>\n\n\n\n<li><strong>Vagas:<\/strong>&nbsp;70 previstas<\/li>\n\n\n\n<li><strong>Sal\u00e1rio:<\/strong>&nbsp;R$ 3.000,00 a R$ 8.000,00 + gratifica\u00e7\u00f5es<\/li>\n<\/ul>\n\n\n\n<h3 class=\"wp-block-heading has-pale-cyan-blue-background-color has-background\" id=\"h-concurso-agepar\"><a href=\"https:\/\/www.estrategiaconcursos.com.br\/blog\/concurso-agepar\/\" target=\"_blank\" rel=\"noreferrer noopener\">Concurso AGEPAR<\/a> <\/h3>\n\n\n\n<ul class=\"wp-block-list\">\n<li><strong>Status<\/strong>: banca definida (Cebraspe)<\/li>\n\n\n\n<li><strong>Cargos:<\/strong> Especialista em Regula\u00e7\u00e3o<\/li>\n\n\n\n<li><strong>Vagas:<\/strong> 23<\/li>\n\n\n\n<li><strong>Forma\u00e7\u00e3o:<\/strong> n\u00edvel superior<\/li>\n\n\n\n<li><strong>Sal\u00e1rio:<\/strong> R$ 9.500,00<\/li>\n<\/ul>\n\n\n\n<h3 class=\"wp-block-heading has-pale-cyan-blue-background-color has-background\" id=\"concurso-afap\"><a href=\"https:\/\/www.estrategiaconcursos.com.br\/blog\/concurso-pesagro-rj\/\" target=\"_blank\" rel=\"noreferrer noopener\">Concurso PESAGRO RJ<\/a><\/h3>\n\n\n\n<ul class=\"wp-block-list\">\n<li><strong>Status:<\/strong>&nbsp;Autorizado<\/li>\n\n\n\n<li><strong>Cargos:&nbsp;<\/strong>a definir<\/li>\n\n\n\n<li><strong><\/strong><strong>Forma\u00e7\u00e3o<\/strong>: a definir<\/li>\n\n\n\n<li><strong>Vagas:&nbsp;<\/strong>a definir<\/li>\n\n\n\n<li><strong>Sal\u00e1rio:<\/strong>&nbsp;&nbsp;R$ 1.218,76 a R$ 8.512,51<\/li>\n<\/ul>\n\n\n\n<h3 class=\"wp-block-heading has-pale-cyan-blue-background-color has-background\" id=\"concurso-imasul-ms\"><a href=\"https:\/\/www.estrategiaconcursos.com.br\/blog\/concurso-cmtc-goiania-go\/\" target=\"_blank\" rel=\"noreferrer noopener\">Concurso CMTC Goi\u00e2nia<\/a><\/h3>\n\n\n\n<ul class=\"wp-block-list\">\n<li><strong>Status<\/strong>: comiss\u00e3o formada<\/li>\n\n\n\n<li><strong>Cargos<\/strong>: a definir<\/li>\n\n\n\n<li><strong><\/strong><strong>Forma\u00e7\u00e3o<\/strong>: a definir<\/li>\n\n\n\n<li><strong>Vagas<\/strong>: a definir<\/li>\n\n\n\n<li><strong>Sal\u00e1rio:<\/strong>&nbsp;R$ 600,00 a R$ 1.400,00 (\u00faltimo edital)<\/li>\n<\/ul>\n\n\n\n<h3 class=\"wp-block-heading has-pale-cyan-blue-background-color has-background\" id=\"concurso-imasul-ms\"><a href=\"https:\/\/www.estrategiaconcursos.com.br\/blog\/concurso-sp-aguas\/\" target=\"_blank\" rel=\"noreferrer noopener\">Concurso SP \u00c1guas<\/a> <\/h3>\n\n\n\n<ul class=\"wp-block-list\">\n<li><strong>Status<\/strong>: comiss\u00e3o formada<\/li>\n\n\n\n<li><strong>Cargos<\/strong>: Especialista e Analista em Recursos h\u00eddricos<\/li>\n\n\n\n<li><strong>Forma\u00e7\u00e3o<\/strong>: n\u00edvel superior<\/li>\n\n\n\n<li><strong>Vagas<\/strong>: 190<\/li>\n\n\n\n<li><strong>Sal\u00e1rio:<\/strong>&nbsp;R$ 10.366,00 a R$ 12.070,00<\/li>\n<\/ul>\n\n\n\n<h3 class=\"wp-block-heading has-pale-cyan-blue-background-color has-background\" id=\"concurso-imasul-ms\"><a href=\"https:\/\/www.estrategiaconcursos.com.br\/blog\/concurso-seds-go\/\" target=\"_blank\" rel=\"noreferrer noopener\">Concurso SEDS GO<\/a><\/h3>\n\n\n\n<ul class=\"wp-block-list\">\n<li><strong>Status<\/strong>: Comiss\u00e3o formada<\/li>\n\n\n\n<li><strong>Cargos<\/strong>: Agente Socioeducativo e Analista T\u00e9cnico de Assist\u00eancia Social<\/li>\n\n\n\n<li><strong><\/strong><strong>Forma\u00e7\u00e3o<\/strong>: m\u00e9dio e superior<\/li>\n\n\n\n<li><strong>Vagas<\/strong>: 371<\/li>\n\n\n\n<li><strong>Sal\u00e1rio:<\/strong>&nbsp;a definir<\/li>\n<\/ul>\n\n\n\n<h3 class=\"wp-block-heading has-pale-cyan-blue-background-color has-background\" id=\"concurso-imasul-ms\"><a href=\"https:\/\/www.estrategiaconcursos.com.br\/blog\/concurso-imetro-sc\/\" target=\"_blank\" rel=\"noreferrer noopener\">Concurso IMETRO SC<\/a><\/h3>\n\n\n\n<ul class=\"wp-block-list\">\n<li><strong>Status<\/strong>: comiss\u00e3o formada<\/li>\n\n\n\n<li><strong>Cargos<\/strong>: Agente Administrativo&nbsp;e&nbsp;Agente Fiscal<\/li>\n\n\n\n<li><strong>Forma\u00e7\u00e3o<\/strong>: n\u00edvel superior<\/li>\n\n\n\n<li><strong>Vagas<\/strong>: 35<\/li>\n\n\n\n<li><strong>Sal\u00e1rio:<\/strong>&nbsp;a definir<\/li>\n<\/ul>\n\n\n\n<h3 class=\"wp-block-heading has-pale-cyan-blue-background-color has-background\" id=\"h-concurso-der-rj\"><a href=\"https:\/\/www.estrategiaconcursos.com.br\/blog\/concurso-der-rj\/\" target=\"_blank\" rel=\"noreferrer noopener\">Concurso DER RJ<\/a><\/h3>\n\n\n\n<ul class=\"wp-block-list\">\n<li><strong>Status:<\/strong>&nbsp;comiss\u00e3o formada<\/li>\n\n\n\n<li><strong>Cargo:<\/strong>&nbsp;a definir<\/li>\n\n\n\n<li><strong>Vagas:<\/strong> a definir<\/li>\n\n\n\n<li><strong>Forma\u00e7\u00e3o:&nbsp;<\/strong>a definir<\/li>\n\n\n\n<li><strong>Sal\u00e1rio:<\/strong>&nbsp;entre R$ 1.048,38 e R$ 10.189,49<\/li>\n<\/ul>\n\n\n\n<h3 class=\"wp-block-heading has-pale-cyan-blue-background-color has-background\" id=\"h-concurso-sohidra-ce\"><a href=\"https:\/\/www.estrategiaconcursos.com.br\/blog\/concurso-sohidra-ce\/\" target=\"_blank\" rel=\"noreferrer noopener\">Concurso SOHIDRA<\/a> (CE)<\/h3>\n\n\n\n<ul class=\"wp-block-list\">\n<li><strong>Status:<\/strong>&nbsp;Comiss\u00e3o formada<\/li>\n\n\n\n<li><strong>Cargo: <\/strong>A definir<\/li>\n\n\n\n<li><strong>Forma\u00e7\u00e3o:&nbsp;<\/strong>n\u00edvel superior<\/li>\n\n\n\n<li><strong>Vagas:<\/strong>&nbsp;50<\/li>\n\n\n\n<li><strong>Sal\u00e1rio:<\/strong>&nbsp;A definir<\/li>\n<\/ul>\n\n\n\n<h3 class=\"wp-block-heading has-pale-cyan-blue-background-color has-background\" id=\"h-concurso-rjprev\"><a href=\"https:\/\/www.estrategiaconcursos.com.br\/blog\/concurso-rjprev\/\">Concurso RJPrev<\/a> <\/h3>\n\n\n\n<ul class=\"wp-block-list\">\n<li><strong>Status:<\/strong>&nbsp;Comiss\u00e3o formada<\/li>\n\n\n\n<li><strong>Cargo:<\/strong>&nbsp;Analista e&nbsp;T\u00e9cnico em Previd\u00eancia Complementar<\/li>\n\n\n\n<li><strong>Vagas:<\/strong>&nbsp;05 + CR<\/li>\n\n\n\n<li><strong>Forma\u00e7\u00e3o:&nbsp;<\/strong>N\u00edvel superior<\/li>\n\n\n\n<li><strong>Sal\u00e1rio:<\/strong>&nbsp;R$ 3.910,90 a R$ 5.775,50<\/li>\n<\/ul>\n\n\n\n<h3 class=\"wp-block-heading has-pale-cyan-blue-background-color has-background\" id=\"h-concurso-idace-ce\"><a href=\"https:\/\/www.estrategiaconcursos.com.br\/blog\/concurso-idace\/\" target=\"_blank\" rel=\"noreferrer noopener\">Concurso IDACE<\/a> (CE)<\/h3>\n\n\n\n<ul class=\"wp-block-list\">\n<li><strong>Status:<\/strong>&nbsp;comiss\u00e3o formada<\/li>\n\n\n\n<li><strong>Cargos:<\/strong> a definir<\/li>\n\n\n\n<li><strong><\/strong><strong>Forma\u00e7\u00e3o<\/strong>: a definir<\/li>\n\n\n\n<li><strong>Vagas:<\/strong> a definir<\/li>\n\n\n\n<li><strong>Sal\u00e1rio:<\/strong> a definir<\/li>\n<\/ul>\n\n\n\n<h3 class=\"wp-block-heading has-pale-cyan-blue-background-color has-background\" id=\"concurso-detran-pi\"><a href=\"https:\/\/www.estrategiaconcursos.com.br\/blog\/concurso-detran-to\/\" target=\"_blank\" rel=\"noreferrer noopener\">Concurso Detran TO<\/a><\/h3>\n\n\n\n<ul class=\"wp-block-list\">\n<li><strong>Status:<\/strong> Comiss\u00e3o formada<\/li>\n\n\n\n<li><strong>Cargos:&nbsp;<\/strong>Agente de Tr\u00e2nsito<\/li>\n\n\n\n<li><strong>Forma\u00e7\u00e3o<\/strong>: superior<\/li>\n\n\n\n<li><strong>Vagas:<\/strong>&nbsp;a definir<\/li>\n\n\n\n<li><strong>Sal\u00e1rio:<\/strong> a definir<\/li>\n<\/ul>\n\n\n\n<h3 class=\"wp-block-heading has-pale-cyan-blue-background-color has-background\" id=\"concurso-detran-pi\"><a href=\"https:\/\/www.estrategiaconcursos.com.br\/blog\/concurso-detran-ro\/\" target=\"_blank\" rel=\"noreferrer noopener\">Concurso Detran RO<\/a><\/h3>\n\n\n\n<ul class=\"wp-block-list\">\n<li><strong>Status:<\/strong> Comiss\u00e3o formada<\/li>\n\n\n\n<li><strong>Cargos:&nbsp;<\/strong>a definir<\/li>\n\n\n\n<li><strong><\/strong><strong>Forma\u00e7\u00e3o<\/strong>:&nbsp;a definir<\/li>\n\n\n\n<li><strong>Vagas:<\/strong>&nbsp;a definir<\/li>\n\n\n\n<li><strong>Sal\u00e1rio:<\/strong> R$ 2.629,29 a R$ 6.057,76<\/li>\n<\/ul>\n\n\n\n<h3 class=\"wp-block-heading has-pale-cyan-blue-background-color has-background\" id=\"concurso-detran-pi\"><a href=\"https:\/\/www.estrategiaconcursos.com.br\/blog\/concurso-detran-sp\/\" target=\"_blank\" rel=\"noreferrer noopener\">Concurso Detran SP<\/a><\/h3>\n\n\n\n<ul class=\"wp-block-list\">\n<li><strong>Status:<\/strong> comiss\u00e3o formada<\/li>\n\n\n\n<li><strong>Cargos:&nbsp;<\/strong>Agente de Tr\u00e2nsito<\/li>\n\n\n\n<li><strong>Forma\u00e7\u00e3o<\/strong>:&nbsp;superior<\/li>\n\n\n\n<li><strong>Vagas:<\/strong>&nbsp;145<\/li>\n\n\n\n<li><strong>Sal\u00e1rio:<\/strong> R$ 5.702,18<\/li>\n<\/ul>\n\n\n\n<h3 class=\"wp-block-heading has-pale-cyan-blue-background-color has-background\" id=\"concurso-detran-pi\"><a href=\"https:\/\/www.estrategiaconcursos.com.br\/blog\/concurso-detran-pi\/\" target=\"_blank\" rel=\"noreferrer noopener\">Concurso Detran PI<\/a><\/h3>\n\n\n\n<ul class=\"wp-block-list\">\n<li><strong>Status:<\/strong> autorizado<\/li>\n\n\n\n<li><strong>Cargos:&nbsp;<\/strong>Analista de Tr\u00e2nsito<\/li>\n\n\n\n<li><strong>Forma\u00e7\u00e3o<\/strong>:&nbsp;superior<\/li>\n\n\n\n<li><strong>Vagas:<\/strong>&nbsp;30<\/li>\n\n\n\n<li><strong>Sal\u00e1rio:<\/strong> at\u00e9 R$ 2.205,00<\/li>\n<\/ul>\n\n\n\n<h3 class=\"wp-block-heading has-pale-cyan-blue-background-color has-background\" id=\"h-concurso-detran-rj\"><a href=\"https:\/\/www.estrategiaconcursos.com.br\/blog\/concurso-detran-rj\/\" target=\"_blank\" rel=\"noreferrer noopener\">Concurso Detran RJ<\/a><\/h3>\n\n\n\n<ul class=\"wp-block-list\">\n<li><strong>Status:&nbsp;<\/strong>grupo de trabalho formado<\/li>\n\n\n\n<li><strong>Cargos:<\/strong> a definir<\/li>\n\n\n\n<li><strong>Forma\u00e7\u00e3o:&nbsp;<\/strong>a definir<\/li>\n\n\n\n<li><strong>Vagas:&nbsp;<\/strong>a definir<\/li>\n\n\n\n<li><strong>Sal\u00e1rio:<\/strong> R$ 1.000,00 a R$ 1.750,00 + adicionais<\/li>\n<\/ul>\n\n\n\n<h3 class=\"wp-block-heading\"><a href=\"https:\/\/www.estrategiaconcursos.com.br\/blog\/concurso-detran-df\/\" target=\"_blank\" rel=\"noreferrer noopener\">Concurso Detran DF<\/a><\/h3>\n\n\n\n<ul class=\"wp-block-list\">\n<li><strong>Status:&nbsp;<\/strong>anunciado<\/li>\n\n\n\n<li><strong>Cargos:<\/strong> Agente de Tr\u00e2nsito<\/li>\n\n\n\n<li><strong>Forma\u00e7\u00e3o:&nbsp;<\/strong>n\u00edvel superior<\/li>\n\n\n\n<li><strong>Vagas:&nbsp;<\/strong>182<\/li>\n\n\n\n<li><strong>Sal\u00e1rio:<\/strong> R$ 6.792,50<\/li>\n<\/ul>\n\n\n\n<h3 class=\"wp-block-heading has-pale-cyan-blue-background-color has-background\" id=\"h-concurso-secad-to\"><a href=\"https:\/\/www.estrategiaconcursos.com.br\/blog\/concurso-secad-to\/\" target=\"_blank\" rel=\"noreferrer noopener\">Concurso SECAD TO<\/a><\/h3>\n\n\n\n<ul class=\"wp-block-list\">\n<li><strong>Status<\/strong>: Comiss\u00e3o formada<\/li>\n\n\n\n<li><strong>Cargo:&nbsp;<\/strong>a definir<\/li>\n\n\n\n<li><strong>Forma\u00e7\u00e3o:&nbsp;<\/strong>a definir<\/li>\n\n\n\n<li><strong>Vagas:<\/strong>&nbsp;a definir<\/li>\n\n\n\n<li><strong>Sal\u00e1rio:<\/strong>&nbsp;a definir<\/li>\n<\/ul>\n\n\n\n<h3 class=\"wp-block-heading has-pale-cyan-blue-background-color has-background\" id=\"h-concurso-ipece-ce\"><a href=\"https:\/\/www.estrategiaconcursos.com.br\/blog\/concurso-ipece\/\" target=\"_blank\" rel=\"noreferrer noopener\">Concurso IPECE<\/a> (CE)<\/h3>\n\n\n\n<ul class=\"wp-block-list\">\n<li><strong>Status<\/strong>: Comiss\u00e3o formada<\/li>\n\n\n\n<li><strong>Cargo:&nbsp;<\/strong>a definir<\/li>\n\n\n\n<li><strong>Forma\u00e7\u00e3o:&nbsp;<\/strong>a definir<\/li>\n\n\n\n<li><strong>Vagas:<\/strong>&nbsp;a definir<\/li>\n\n\n\n<li><strong>Sal\u00e1rio:<\/strong>&nbsp;a definir<\/li>\n<\/ul>\n\n\n\n<h3 class=\"wp-block-heading has-pale-cyan-blue-background-color has-background\" id=\"concurso-afap\"><a href=\"https:\/\/www.estrategiaconcursos.com.br\/blog\/concurso-agricultura-sc\/\" target=\"_blank\" rel=\"noreferrer noopener\">Concurso SAR (Agricultura SC)<\/a><\/h3>\n\n\n\n<ul class=\"wp-block-list\">\n<li><strong>Status:<\/strong>&nbsp;Autorizado<\/li>\n\n\n\n<li><strong>Cargos:&nbsp;<\/strong>a definir<\/li>\n\n\n\n<li><strong><\/strong><strong>Forma\u00e7\u00e3o<\/strong>: N\u00edvel m\u00e9dio e superior<\/li>\n\n\n\n<li><strong>Vagas:&nbsp;<\/strong>100<\/li>\n\n\n\n<li><strong>Sal\u00e1rio:<\/strong>&nbsp;a definir<\/li>\n<\/ul>\n\n\n\n<h3 class=\"wp-block-heading has-pale-cyan-blue-background-color has-background\" id=\"concurso-afap\"><a href=\"https:\/\/www.estrategiaconcursos.com.br\/blog\/concurso-emater-rj\/\" target=\"_blank\" rel=\"noreferrer noopener\">Concurso Emater RJ<\/a><\/h3>\n\n\n\n<ul class=\"wp-block-list\">\n<li><strong>Status:<\/strong>&nbsp;Autorizado<\/li>\n\n\n\n<li><strong>Cargos:&nbsp;<\/strong>a definir<\/li>\n\n\n\n<li><strong>Forma\u00e7\u00e3o<\/strong>: a definir<\/li>\n\n\n\n<li><strong>Vagas:&nbsp;<\/strong>a definir<\/li>\n\n\n\n<li><strong>Sal\u00e1rio:<\/strong>&nbsp;R$ 1.969,77 a R$ 5.033,36<\/li>\n<\/ul>\n\n\n\n<h3 class=\"wp-block-heading has-pale-cyan-blue-background-color has-background\" id=\"concurso-afap\"><a href=\"https:\/\/www.estrategiaconcursos.com.br\/blog\/concurso-emater-rn\/\" target=\"_blank\" rel=\"noreferrer noopener\">Concurso Emater RN<\/a><\/h3>\n\n\n\n<ul class=\"wp-block-list\">\n<li><strong>Status:<\/strong>&nbsp;Autorizado<\/li>\n\n\n\n<li><strong>Cargos:&nbsp;<\/strong>a definir<\/li>\n\n\n\n<li><strong>Forma\u00e7\u00e3o<\/strong>: a definir<\/li>\n\n\n\n<li><strong>Vagas:&nbsp;<\/strong>67 previstas<\/li>\n\n\n\n<li><strong>Sal\u00e1rio:<\/strong>&nbsp;a definir<\/li>\n<\/ul>\n\n\n\n<h3 class=\"wp-block-heading has-pale-cyan-blue-background-color has-background\" id=\"h-concurso-clin-niteroi-rj\"><a href=\"https:\/\/www.estrategiaconcursos.com.br\/blog\/concurso-clin-niteroi\/\">Concurso Clin Niter\u00f3i<\/a> (RJ)<\/h3>\n\n\n\n<ul class=\"wp-block-list\">\n<li><strong>Status<\/strong>: Comiss\u00e3o formada<\/li>\n\n\n\n<li><strong>Cargo:&nbsp;<\/strong>diversos<\/li>\n\n\n\n<li><strong>Forma\u00e7\u00e3o:&nbsp;<\/strong>N\u00edveis fundamental, m\u00e9dio\/t\u00e9cnico e superior<\/li>\n\n\n\n<li><strong>Vagas:<\/strong>&nbsp;217<\/li>\n\n\n\n<li><strong>Sal\u00e1rio:<\/strong>&nbsp;R$ 1.570,45 a R$ 7.485,30<\/li>\n<\/ul>\n\n\n\n<h3 class=\"wp-block-heading has-pale-cyan-blue-background-color has-background\" id=\"h-concurso-procon-niteroi-rj\"><a href=\"https:\/\/www.estrategiaconcursos.com.br\/blog\/concurso-procon-niteroi\/\" target=\"_blank\" rel=\"noreferrer noopener\">Concurso Procon Niter\u00f3i<\/a> (RJ)<\/h3>\n\n\n\n<ul class=\"wp-block-list\">\n<li><strong>Status:<\/strong>&nbsp;Autorizado<\/li>\n\n\n\n<li><strong>Cargo:<\/strong>&nbsp;Fiscal de Consumidor<\/li>\n\n\n\n<li><strong>Vagas:<\/strong>&nbsp;5 previstas<\/li>\n\n\n\n<li><strong>Forma\u00e7\u00e3o:&nbsp;<\/strong>n\u00edvel m\u00e9dio<\/li>\n\n\n\n<li><strong>Sal\u00e1rio:<\/strong>&nbsp;R$ 2.200,00 <\/li>\n<\/ul>\n\n\n\n<h3 class=\"wp-block-heading has-pale-cyan-blue-background-color has-background\" id=\"h-concurso-fapeam-am\"><a href=\"https:\/\/www.estrategiaconcursos.com.br\/blog\/concurso-fapeam\/\" target=\"_blank\" rel=\"noreferrer noopener\">Concurso FAPEAM<\/a> (AM)<\/h3>\n\n\n\n<ul class=\"wp-block-list\">\n<li><strong>Status:<\/strong>&nbsp;Comiss\u00e3o formada<\/li>\n\n\n\n<li><strong>Cargo:<\/strong>&nbsp;a definir<\/li>\n\n\n\n<li><strong>Vagas:<\/strong>&nbsp;a definir<\/li>\n\n\n\n<li><strong>Forma\u00e7\u00e3o:&nbsp;<\/strong>a definir<\/li>\n\n\n\n<li><strong>Sal\u00e1rio:<\/strong>&nbsp;R$ 2.198,89 a R$ 5.252,89<\/li>\n<\/ul>\n\n\n\n<h3 class=\"wp-block-heading has-pale-cyan-blue-background-color has-background\" id=\"h-concurso-srh-ce\"><a href=\"https:\/\/www.estrategiaconcursos.com.br\/blog\/concurso-srh-ce\/\" target=\"_blank\" rel=\"noreferrer noopener\">Concurso SRH CE<\/a><\/h3>\n\n\n\n<ul class=\"wp-block-list\">\n<li><strong>Situa\u00e7\u00e3o<\/strong>: Comiss\u00e3o formada<\/li>\n\n\n\n<li><strong>Cargos<\/strong>: a definir<\/li>\n\n\n\n<li><strong><\/strong><strong>Forma\u00e7\u00e3o<\/strong>:&nbsp;N\u00edvel superior<\/li>\n\n\n\n<li><strong>Vagas:<\/strong>&nbsp;50<\/li>\n\n\n\n<li><strong>Sal\u00e1rio<\/strong>:&nbsp;a definir<\/li>\n<\/ul>\n\n\n\n<h3 class=\"wp-block-heading has-pale-cyan-blue-background-color has-background\" id=\"h-concurso-ieea-rj\"><a href=\"https:\/\/www.estrategiaconcursos.com.br\/blog\/concurso-ieea-rj\/\" target=\"_blank\" rel=\"noreferrer noopener\">Concurso IEEA RJ<\/a><\/h3>\n\n\n\n<ul class=\"wp-block-list\">\n<li><strong>Status:<\/strong>&nbsp;comiss\u00e3o formada<\/li>\n\n\n\n<li><strong>Cargos:<\/strong> Engenheiro e Arquiteto<\/li>\n\n\n\n<li><strong><\/strong><strong>Forma\u00e7\u00e3o<\/strong>: superior<\/li>\n\n\n\n<li>V<strong>agas:<\/strong> a definir<\/li>\n\n\n\n<li><strong>Sal\u00e1rio:<\/strong> R$ 4.229,76 &#8211; <em>\u00faltimo edital<\/em><\/li>\n<\/ul>\n\n\n\n<h3 class=\"wp-block-heading has-pale-cyan-blue-background-color has-background\" id=\"concurso-detran-pa\"><a href=\"https:\/\/www.estrategiaconcursos.com.br\/blog\/concurso-sedes-df\/\" target=\"_blank\" rel=\"noreferrer noopener\">Concurso SEDES DF<\/a><\/h3>\n\n\n\n<ul class=\"wp-block-list\">\n<li><strong>Status:<\/strong>&nbsp;banca definida (Quadrix)<\/li>\n\n\n\n<li><strong>Cargos:<\/strong>&nbsp;Especialista e T\u00e9cnico em Assist\u00eancia Social<\/li>\n\n\n\n<li><strong>Vagas:&nbsp;<\/strong>1.197<\/li>\n\n\n\n<li><strong style=\"color: initial;\"><\/strong><strong style=\"font-size: revert; color: initial;\"><\/strong><strong style=\"font-size: revert; color: initial;\"><\/strong><strong><\/strong><strong>Forma\u00e7\u00e3o<\/strong>:&nbsp;N\u00edveis m\u00e9dio e superior<\/li>\n\n\n\n<li><strong>Sal\u00e1rio:<\/strong> R$ 4.752,17 a R$ 8.904,26<\/li>\n<\/ul>\n\n\n\n<h3 class=\"wp-block-heading has-pale-cyan-blue-background-color has-background\" id=\"h-concurso-ept-marica\"><a href=\"https:\/\/www.estrategiaconcursos.com.br\/blog\/concurso-ept-marica\/\" target=\"_blank\" rel=\"noreferrer noopener\">Concurso EPT Maric\u00e1<\/a><\/h3>\n\n\n\n<ul class=\"wp-block-list\">\n<li><strong>Situa\u00e7\u00e3o<\/strong>:&nbsp;em fase de escolha da banca<\/li>\n\n\n\n<li><strong>Cargos:&nbsp;<\/strong>a definir<\/li>\n\n\n\n<li><strong><\/strong><strong>Forma\u00e7\u00e3o<\/strong>:&nbsp;a definir<\/li>\n\n\n\n<li><strong>Vagas:&nbsp;<\/strong>a definir<\/li>\n\n\n\n<li><strong>Sal\u00e1rio:&nbsp;<\/strong>at\u00e9 R$ 6,6 mil&nbsp;<em>[conforme \u00faltimo edital]<\/em><\/li>\n<\/ul>\n\n\n\n<h3 class=\"wp-block-heading has-pale-cyan-blue-background-color has-background\" id=\"concurso-detran-pi\"><a href=\"https:\/\/www.estrategiaconcursos.com.br\/blog\/concurso-ruraltins\/\" target=\"_blank\" rel=\"noreferrer noopener\">Concurso Ruraltins<\/a> (TO)<\/h3>\n\n\n\n<ul class=\"wp-block-list\">\n<li><strong>Status:<\/strong> comiss\u00e3o formada<\/li>\n\n\n\n<li><strong>Cargos:&nbsp;<\/strong>a definir<\/li>\n\n\n\n<li><strong><\/strong><strong>Forma\u00e7\u00e3o<\/strong>:&nbsp;a definir<\/li>\n\n\n\n<li><strong>Vagas:<\/strong>&nbsp;a definir<\/li>\n\n\n\n<li><strong>Sal\u00e1rio:<\/strong> a definir<\/li>\n<\/ul>\n\n\n\n<h3 class=\"wp-block-heading has-pale-cyan-blue-background-color has-background\" id=\"concurso-afap\"><a href=\"https:\/\/www.estrategiaconcursos.com.br\/blog\/concurso-casan\/\" target=\"_blank\" rel=\"noreferrer noopener\">Concurso CASAN<\/a> (SC)<\/h3>\n\n\n\n<ul class=\"wp-block-list\">\n<li><strong>Status:<\/strong>&nbsp;autorizado\/previsto para 2026<\/li>\n\n\n\n<li><strong>Cargo<\/strong>: diversos<\/li>\n\n\n\n<li><strong>Forma\u00e7\u00e3o<\/strong>: n\u00edveis m\u00e9dio, t\u00e9cnico e superior<\/li>\n\n\n\n<li><strong>Vagas:&nbsp;<\/strong>49<\/li>\n\n\n\n<li><strong>Sal\u00e1rio:<\/strong>&nbsp;R$ 2.553,38 a R$ 9.532,86<em> (\u00faltimo edital)<\/em><\/li>\n<\/ul>\n\n\n\n<h3 class=\"wp-block-heading has-pale-cyan-blue-background-color has-background\" id=\"h-concurso-seplag-rj\"><a href=\"https:\/\/www.estrategiaconcursos.com.br\/blog\/concurso-arismig\/\" target=\"_blank\" rel=\"noreferrer noopener\">Concurso SEPLAG RJ<\/a><\/h3>\n\n\n\n<ul class=\"wp-block-list\">\n<li><strong>Status:&nbsp;<\/strong>banca definida (FGV)<\/li>\n\n\n\n<li><strong>Cargos:<\/strong>&nbsp;EPPGG e APO<\/li>\n\n\n\n<li><strong>Vagas:<\/strong>&nbsp;60<\/li>\n\n\n\n<li><strong>Forma\u00e7\u00e3o:<\/strong>&nbsp;n\u00edvel superior<\/li>\n\n\n\n<li><strong>Sal\u00e1rio:<\/strong>&nbsp;at\u00e9 R$ 12.896,21<\/li>\n<\/ul>\n\n\n\n<h3 class=\"wp-block-heading has-pale-cyan-blue-background-color has-background\" id=\"concurso-afap\"><a href=\"https:\/\/www.estrategiaconcursos.com.br\/blog\/concurso-amazonprev\/\" target=\"_blank\" rel=\"noreferrer noopener\">Concurso Amazonprev<\/a> (AM)<\/h3>\n\n\n\n<ul class=\"wp-block-list\">\n<li><strong>Status:<\/strong>&nbsp;Comiss\u00e3o formada<\/li>\n\n\n\n<li><strong>Cargo<\/strong>: Analista e Assistente Previdenci\u00e1rio<\/li>\n\n\n\n<li><strong>Forma\u00e7\u00e3o<\/strong>: n\u00edveis m\u00e9dio e superior<\/li>\n\n\n\n<li><strong>Vagas:&nbsp;<\/strong>a definir<\/li>\n\n\n\n<li><strong>Sal\u00e1rio:<\/strong>&nbsp;a definir<\/li>\n<\/ul>\n\n\n\n<h3 class=\"wp-block-heading has-pale-cyan-blue-background-color has-background\" id=\"concurso-afap\"><a href=\"https:\/\/www.estrategiaconcursos.com.br\/blog\/concurso-ceasa-df\/\" target=\"_blank\" rel=\"noreferrer noopener\">Concurso Ceasa DF<\/a><\/h3>\n\n\n\n<ul class=\"wp-block-list\">\n<li><strong>Status:<\/strong>&nbsp;Comiss\u00e3o formada<\/li>\n\n\n\n<li><strong>Cargo<\/strong>: a definir<\/li>\n\n\n\n<li><strong>Forma\u00e7\u00e3o<\/strong>: a definir<\/li>\n\n\n\n<li><strong>Vagas:&nbsp;<\/strong>20 + CR previstas<\/li>\n\n\n\n<li><strong>Sal\u00e1rio:<\/strong>&nbsp;a definir<\/li>\n<\/ul>\n\n\n\n<h3 class=\"wp-block-heading has-pale-cyan-blue-background-color has-background\" id=\"h-concurso-inea-rj\"><a href=\"https:\/\/www.estrategiaconcursos.com.br\/blog\/concurso-inea-rj\/\" target=\"_blank\" rel=\"noreferrer noopener\">Concurso INEA RJ<\/a><\/h3>\n\n\n\n<ul class=\"wp-block-list\">\n<li><strong>Status:<\/strong>&nbsp;comiss\u00e3o formada<\/li>\n\n\n\n<li><strong>Cargos:<\/strong>&nbsp;a definir<\/li>\n\n\n\n<li><strong>Forma\u00e7\u00e3o:<\/strong>&nbsp;a definir<\/li>\n\n\n\n<li><strong>Vagas:<\/strong>&nbsp;a definir<\/li>\n\n\n\n<li><strong>Sal\u00e1rio:&nbsp;<\/strong>R$ 2.212,06 a R$ 7.183,19 + Adicional de Qualifica\u00e7\u00e3o<\/li>\n<\/ul>\n\n\n\n<h3 class=\"wp-block-heading has-pale-cyan-blue-background-color has-background\" id=\"h-concurso-sttu-natal\"><a href=\"https:\/\/www.estrategiaconcursos.com.br\/blog\/concurso-sttu-natal\/\" target=\"_blank\" rel=\"noreferrer noopener\">Concurso STTU Natal<\/a><\/h3>\n\n\n\n<ul class=\"wp-block-list\">\n<li><strong>Status:<\/strong>&nbsp;comiss\u00e3o formada<\/li>\n\n\n\n<li><strong>Cargos:<\/strong>&nbsp;Agente de mobilidade<\/li>\n\n\n\n<li><strong>Forma\u00e7\u00e3o:<\/strong>&nbsp;superior<\/li>\n\n\n\n<li><strong>Vagas:<\/strong>&nbsp;120<\/li>\n\n\n\n<li><strong>Sal\u00e1rio:&nbsp;<\/strong>a definir<\/li>\n<\/ul>\n\n\n\n<h3 class=\"wp-block-heading has-pale-cyan-blue-background-color has-background\" id=\"h-concurso-petrobras\"><a href=\"https:\/\/www.estrategiaconcursos.com.br\/blog\/concurso-petrobras\/\" target=\"_blank\" rel=\"noreferrer noopener\">Concurso Petrobras<\/a><\/h3>\n\n\n\n<ul class=\"wp-block-list\">\n<li><strong>Status:<\/strong>&nbsp;Banca definida (Cesgranrio)<\/li>\n\n\n\n<li><strong>Cargos:<\/strong>&nbsp;v\u00e1rios<\/li>\n\n\n\n<li><strong>Forma\u00e7\u00e3o:<\/strong>&nbsp;superior<\/li>\n\n\n\n<li><strong>Vagas:<\/strong>&nbsp;mais de 1.000 previstas<\/li>\n\n\n\n<li><strong>Sal\u00e1rio:&nbsp;<\/strong>R$ 15.200,52<\/li>\n<\/ul>\n\n\n\n<p>Se voc\u00ea quiser navegar por regi\u00f5es espec\u00edficas do pa\u00eds e encontrar a vaga ideal para voc\u00ea, pesquise em nosso Mapa dos Concursos: <\/p>\n\n\n\n<iframe id=\"mapa-concursos-ga4\"\n    src=\"https:\/\/www.estrategiaconcursos.com.br\/blog\/mapa-concursos\/embed?situacoes=Inscri%C3%A7%C3%B5es+abertas&#038;areas=Policial%2CControle+e+Gest%C3%A3o%2CFiscal%2CBanc%C3%A1ria+e+Financeira%2CLegislativa%2CConselhos+Profissionais%2CJur%C3%ADdica%2CSa%C3%BAde%2CMilitar%2CEduca%C3%A7%C3%A3o\"\n    width=\"100%\"\n    height=\"400\"\n    style=\"border: none; display: block;\"\n    title=\"Mapa de Concursos P\u00fablicos\"\n    loading=\"lazy\">\n<\/iframe>\n\n\n\n<h2 class=\"wp-block-heading has-background\" id=\"concursos-estado\" style=\"background-color:#f7f7f7\">Concursos 2026 por estado<\/h2>\n\n\n\n<p>Se voc\u00ea quer filtrar a sua busca de concursos em 2026 pelo seu estado, separamos nos links abaixo os artigos dedicados a cada uma das unidades federativas:<\/p>\n\n\n\n<div class=\"wp-block-columns is-layout-flex wp-container-core-columns-is-layout-28f84493 wp-block-columns-is-layout-flex\">\n<div class=\"wp-block-column is-layout-flow wp-block-column-is-layout-flow\">\n<ul class=\"wp-block-list\">\n<li><a href=\"https:\/\/www.estrategiaconcursos.com.br\/blog\/concursos-ac\/\" target=\"_blank\" rel=\"noreferrer noopener\">Concursos Acre<\/a><\/li>\n\n\n\n<li><a href=\"https:\/\/www.estrategiaconcursos.com.br\/blog\/concursos-al\/\" target=\"_blank\" rel=\"noreferrer noopener\">Concursos Alagoas<\/a><\/li>\n\n\n\n<li><a href=\"https:\/\/www.estrategiaconcursos.com.br\/blog\/concursos-ap\/\" target=\"_blank\" rel=\"noreferrer noopener\">Concursos Amap\u00e1<\/a><\/li>\n\n\n\n<li><a href=\"https:\/\/www.estrategiaconcursos.com.br\/blog\/concursos-am\/\" target=\"_blank\" rel=\"noreferrer noopener\">Concursos Amazonas<\/a><\/li>\n\n\n\n<li><a href=\"https:\/\/www.estrategiaconcursos.com.br\/blog\/concursos-bahia\/\" target=\"_blank\" rel=\"noreferrer noopener\">Concursos Bahia<\/a><\/li>\n\n\n\n<li><a href=\"https:\/\/www.estrategiaconcursos.com.br\/blog\/concursos-ceara\/\" target=\"_blank\" rel=\"noreferrer noopener\">Concursos Cear\u00e1<\/a><\/li>\n\n\n\n<li><a href=\"https:\/\/www.estrategiaconcursos.com.br\/blog\/concursos-es\/\" target=\"_blank\" rel=\"noreferrer noopener\">Concursos Esp\u00edrito Santo<\/a><\/li>\n\n\n\n<li><a href=\"https:\/\/www.estrategiaconcursos.com.br\/blog\/concursos-go\/\" target=\"_blank\" rel=\"noreferrer noopener\">Concursos Goi\u00e1s<\/a><\/li>\n\n\n\n<li><a href=\"https:\/\/www.estrategiaconcursos.com.br\/blog\/concursos-ma\/\" target=\"_blank\" rel=\"noreferrer noopener\">Concursos Maranh\u00e3o<\/a><\/li>\n\n\n\n<li><a href=\"https:\/\/www.estrategiaconcursos.com.br\/blog\/concursos-mt\/\" target=\"_blank\" rel=\"noreferrer noopener\">Concursos Mato Grosso<\/a><\/li>\n\n\n\n<li><a href=\"https:\/\/www.estrategiaconcursos.com.br\/blog\/concursos-ms\/\" target=\"_blank\" rel=\"noreferrer noopener\">Concursos Mato Grosso do Sul<\/a><\/li>\n\n\n\n<li><a href=\"https:\/\/www.estrategiaconcursos.com.br\/blog\/concursos-mg\/\" target=\"_blank\" rel=\"noreferrer noopener\">Concursos Minas Gerais<\/a><\/li>\n\n\n\n<li><a href=\"https:\/\/www.estrategiaconcursos.com.br\/blog\/concursos-pa\/\" target=\"_blank\" rel=\"noreferrer noopener\">Concursos Par\u00e1<\/a><\/li>\n\n\n\n<li><a href=\"https:\/\/www.estrategiaconcursos.com.br\/blog\/concursos-paraiba\/\" target=\"_blank\" rel=\"noreferrer noopener\">Concursos Para\u00edba<\/a><\/li>\n<\/ul>\n<\/div>\n\n\n\n<div class=\"wp-block-column is-layout-flow wp-block-column-is-layout-flow\">\n<ul class=\"wp-block-list\">\n<li><a href=\"https:\/\/www.estrategiaconcursos.com.br\/blog\/concursos-pr\/\" target=\"_blank\" rel=\"noreferrer noopener\">Concursos Paran\u00e1<\/a><\/li>\n\n\n\n<li><a href=\"https:\/\/www.estrategiaconcursos.com.br\/blog\/concursos-pe\/\" target=\"_blank\" rel=\"noreferrer noopener\">Concursos Pernambuco<\/a><\/li>\n\n\n\n<li><a href=\"https:\/\/www.estrategiaconcursos.com.br\/blog\/concursos-piaui\/\" target=\"_blank\" rel=\"noreferrer noopener\">Concursos Piau\u00ed<\/a><\/li>\n\n\n\n<li><a href=\"https:\/\/www.estrategiaconcursos.com.br\/blog\/concursos-rj\/\" target=\"_blank\" rel=\"noreferrer noopener\">Concursos Rio de Janeiro<\/a><\/li>\n\n\n\n<li><a href=\"https:\/\/www.estrategiaconcursos.com.br\/blog\/concursos-rn\/\" target=\"_blank\" rel=\"noreferrer noopener\">Concursos Rio Grande do Norte<\/a><\/li>\n\n\n\n<li><a href=\"https:\/\/www.estrategiaconcursos.com.br\/blog\/concursos-rs\/\" target=\"_blank\" rel=\"noreferrer noopener\">Concursos Rio Grande do Sul<\/a><\/li>\n\n\n\n<li><a href=\"https:\/\/www.estrategiaconcursos.com.br\/blog\/concursos-ro\/\" target=\"_blank\" rel=\"noreferrer noopener\">Concursos Rond\u00f4nia<\/a><\/li>\n\n\n\n<li><a href=\"https:\/\/www.estrategiaconcursos.com.br\/blog\/concursos-rr\/\" target=\"_blank\" rel=\"noreferrer noopener\">Concursos Roraima<\/a><\/li>\n\n\n\n<li><a href=\"https:\/\/www.estrategiaconcursos.com.br\/blog\/concursos-sc\/\" target=\"_blank\" rel=\"noreferrer noopener\">Concursos Santa Catarina<\/a><\/li>\n\n\n\n<li><a href=\"https:\/\/www.estrategiaconcursos.com.br\/blog\/concursos-sp\/\" target=\"_blank\" rel=\"noreferrer noopener\">Concursos S\u00e3o Paulo<\/a><\/li>\n\n\n\n<li><a href=\"https:\/\/www.estrategiaconcursos.com.br\/blog\/concursos-se\/\" target=\"_blank\" rel=\"noreferrer noopener\">Concursos Sergipe<\/a><\/li>\n\n\n\n<li><a href=\"https:\/\/www.estrategiaconcursos.com.br\/blog\/concursos-to\/\" target=\"_blank\" rel=\"noreferrer noopener\">Concursos Tocantins<\/a><\/li>\n\n\n\n<li><a href=\"https:\/\/www.estrategiaconcursos.com.br\/blog\/concursos-df\/\" target=\"_blank\" rel=\"noreferrer noopener\">Concursos Distrito Federal<\/a><\/li>\n<\/ul>\n<\/div>\n<\/div>\n\n\n\n<figure class=\"wp-block-image aligncenter size-large is-resized\"><img decoding=\"async\" src=\"https:\/\/dhg1h5j42swfq.cloudfront.net\/2020\/09\/18141901\/Coruja_Concursos%404x-506x1024.png\" alt=\"Concursos 2024 Estrat\u00e9gia Concursos\" class=\"wp-image-574355\" style=\"width:30px;height:60px\"\/><\/figure>\n\n\n\n<h2 class=\"wp-block-heading has-text-align-center\" id=\"h-quer-saber-tudo-sobre-concursos-previstos-confira-nossos-artigos\">Quer saber tudo sobre concursos previstos?<br \/>Confira nossos artigos!<\/h2>\n\n\n\n<ul class=\"wp-block-list\">\n<li><a href=\"https:\/\/www.estrategiaconcursos.com.br\/blog\/concursos-abertos\/\" target=\"_blank\" rel=\"noreferrer noopener\">Concursos Abertos<\/a><\/li>\n<\/ul>\n\n\n\n<div class=\"container\" id=\"boxes\">\n  <div class=\"row\">\n\n    <div class=\"col-sm\">\n      <div class=\"banner-estrat-corj\" id=\"box-assinatura\">\n        <h3 class=\"titulo-assinatura\" style=\"text-align: left;\">Concursos 2026<\/h3>\n        <p class=\"subtitulo-assinatura\" style=\"text-align: left;\">Explore os cursos preparat\u00f3rios completos! \u2728<\/p>\n        <div class=\"box-botao\" style=\"text-align: left;\">\n          <a class=\"btn-assinatura\" target=\"_blank\" href=\"https:\/\/www.estrategiaconcursos.com.br\/cursos\/concurso\/\" role=\"button\" rel=\"noopener noreferrer\">CLIQUE AQUI<\/a>\n        <\/div>\n      <\/div><\/div><\/div><\/div>\n\n\n\n<div class=\"container\" id=\"boxes\">\n  <div class=\"row\">\n\n    <div class=\"col-sm\">\n      <div class=\"estrategia\" id=\"box-assinatura\">\n        <h3 class=\"titulo-assinatura\">Assinatura Concursos<\/h3>\n        <p class=\"subtitulo-assinatura\">Assinatura de 1 ano ou 2 anos<\/p>\n        <div class=\"box-botao\">\n          <a class=\"btn-assinatura\" target=\"_blank\" href=\"https:\/\/www.estrategiaconcursos.com.br\/assinaturas\/\" role=\"button\" rel=\"noopener noreferrer\">ASSINE AGORA<\/a>\n        <\/div>\n      <\/div><\/div><\/div><\/div>\n","protected":false},"excerpt":{"rendered":"<p>Fique por dentro dos Concursos 2026; s\u00e3o mais de 100 mil vagas previstas para diversas \u00e1reas, entre elas, fiscal, controle, tribunais, policial, sa\u00fade e muito mais! A aprova\u00e7\u00e3o do PL 5.874\/2025 pelo Senado Federal \u00e9 apenas a ponta do iceberg para quem busca a estabilidade no servi\u00e7o p\u00fablico. O cen\u00e1rio para 2026 \u00e9 de oportunidades [&hellip;]<\/p>\n","protected":false},"author":1,"featured_media":1571644,"comment_status":"open","ping_status":"closed","sticky":true,"template":"","format":"standard","meta":{"post_tipo":"news_page","footnotes":""},"categories":[220215,2313,1,222233,222234,220180,222240,164300,3766,220184,220242,214992,220181,1983,220182,220183,6741,220185,2017,222238,220188,1988,220189,220190,220186,220187,222278,220191,1981,1984,214710,222239,222235,222236,222237,220219],"tags":[],"tax_estado":[219964,219965,219966,219967,219968,219969,219963,219970,219971,219972,219973,219974,219975,219976,219977,219978,219979,219980,219981],"class_list":["post-1571534","post","type-post","status-publish","format-standard","has-post-thumbnail","hentry","category-agencia-reguladora","category-carreiras-bancarias","category-cursos-e-concursos","category-conselhos-federais","category-conselhos-regionais","category-controle-gestao","category-defensoria-publica-2","category-concurso-diplomacia","category-educacional","category-engenharias-e-ti","category-estrategia-militares","category-concursos-administrativos","category-area-financeira","category-fiscal-estadual","category-fiscal-federal","category-fiscal-municipal","category-forcas-armadas-oficiais","category-forcas-armadas-pracas","category-concursos-legislativos","category-ministerio-publico","category-policial-agente-penitenciario","category-policia","category-policial-guarda-civis","category-policial-peritos","category-policial-oficial","category-policial-pracas","category-prefeituras","category-previdenciaria","category-saude","category-tribunais","category-tribunais-de-contas","category-tribunais-regionais-federais","category-tribunal-de-justica","category-tribunal-regional-do-trabalho","category-tribunal-regional-eleitoral","category-noticias","tax_estado-ac","tax_estado-al","tax_estado-am","tax_estado-ap","tax_estado-ba","tax_estado-ce","tax_estado-concursos-federais","tax_estado-df","tax_estado-es","tax_estado-go","tax_estado-ma","tax_estado-mg","tax_estado-ms","tax_estado-mt","tax_estado-pa","tax_estado-pb","tax_estado-pe","tax_estado-pi","tax_estado-pr"],"acf":[],"yoast_head":"<!-- This site is optimized with the Yoast SEO Premium plugin v27.2 (Yoast SEO v27.2) - https:\/\/yoast.com\/product\/yoast-seo-premium-wordpress\/ -->\n<title>Concursos 2026: mais de 160 mil vagas; sal\u00e1rios de at\u00e9 R$ 30 mil!<\/title>\n<meta name=\"description\" content=\"Fique por dentro dos Concursos 2026: mais de 10 mil vagas previstas para as \u00e1reas fiscal, de controle, tribunais, policial, sa\u00fade e etc...\" \/>\n<meta name=\"robots\" content=\"index, follow, max-snippet:-1, max-image-preview:large, max-video-preview:-1\" \/>\n<link rel=\"canonical\" href=\"https:\/\/www.estrategiaconcursos.com.br\/blog\/concursos-2026\/\" \/>\n<meta property=\"og:locale\" content=\"pt_BR\" \/>\n<meta property=\"og:type\" content=\"article\" \/>\n<meta property=\"og:title\" content=\"Concursos 2026: mais de 160 mil vagas; sal\u00e1rios de at\u00e9 R$ 30 mil!\" \/>\n<meta property=\"og:description\" content=\"Fique por dentro dos Concursos 2026: mais de 10 mil vagas previstas para as \u00e1reas fiscal, de controle, tribunais, policial, sa\u00fade e etc...\" \/>\n<meta property=\"og:url\" content=\"https:\/\/www.estrategiaconcursos.com.br\/blog\/concursos-2026\/\" \/>\n<meta property=\"og:site_name\" content=\"Estrat\u00e9gia Concursos\" \/>\n<meta property=\"article:author\" content=\"https:\/\/www.facebook.com\/EstrategiaConcursos\" \/>\n<meta property=\"article:published_time\" content=\"2026-04-30T11:19:00+00:00\" \/>\n<meta property=\"article:modified_time\" content=\"2026-04-30T19:06:54+00:00\" \/>\n<meta property=\"og:image\" content=\"https:\/\/dhg1h5j42swfq.cloudfront.net\/2025\/05\/05161312\/concursos-2026.jpg\" \/>\n\t<meta property=\"og:image:width\" content=\"768\" \/>\n\t<meta property=\"og:image:height\" content=\"432\" \/>\n\t<meta property=\"og:image:type\" content=\"image\/jpeg\" \/>\n<meta name=\"author\" content=\"Coordena\u00e7\u00e3o\" \/>\n<meta name=\"twitter:card\" content=\"summary_large_image\" \/>\n<meta name=\"twitter:creator\" content=\"@EstratConcursos\" \/>\n<meta name=\"twitter:site\" content=\"@EstratConcursos\" \/>\n<meta name=\"twitter:label1\" content=\"Escrito por\" \/>\n\t<meta name=\"twitter:data1\" content=\"Coordena\u00e7\u00e3o\" \/>\n\t<meta name=\"twitter:label2\" content=\"Est. tempo de leitura\" \/>\n\t<meta name=\"twitter:data2\" content=\"65 minutos\" \/>\n<script type=\"application\/ld+json\" class=\"yoast-schema-graph\">{\"@context\":\"https:\/\/schema.org\",\"@graph\":[{\"@type\":\"NewsArticle\",\"@id\":\"https:\/\/www.estrategiaconcursos.com.br\/blog\/concursos-2026\/#article\",\"isPartOf\":{\"@id\":\"https:\/\/www.estrategiaconcursos.com.br\/blog\/concursos-2026\/\"},\"author\":{\"name\":\"Coordena\u00e7\u00e3o\",\"@id\":\"https:\/\/www.estrategiaconcursos.com.br\/blog\/#\/schema\/person\/b4a388c97673c5f483d72185668afa1f\"},\"headline\":\"Concursos 2026: mais de 160 mil vagas; sal\u00e1rios de at\u00e9 R$ 30 mil!\",\"datePublished\":\"2026-04-30T11:19:00+00:00\",\"dateModified\":\"2026-04-30T19:06:54+00:00\",\"mainEntityOfPage\":{\"@id\":\"https:\/\/www.estrategiaconcursos.com.br\/blog\/concursos-2026\/\"},\"wordCount\":12957,\"commentCount\":1,\"publisher\":{\"@id\":\"https:\/\/www.estrategiaconcursos.com.br\/blog\/#organization\"},\"image\":{\"@id\":\"https:\/\/www.estrategiaconcursos.com.br\/blog\/concursos-2026\/#primaryimage\"},\"thumbnailUrl\":\"https:\/\/dhg1h5j42swfq.cloudfront.net\/2025\/05\/05161312\/concursos-2026.jpg\",\"articleSection\":[\"Ag\u00eancia Reguladora\",\"Banc\u00e1ria (BB, CEF e Bancos Estaduais)\",\"Concursos P\u00fablicos\",\"Conselhos Federais\",\"Conselhos Regionais\",\"Controladorias\/Gest\u00e3o (CGU, CGE, STN, EPPGG)\",\"Defensoria P\u00fablica\",\"Diplomacia (CACD)\",\"Educa\u00e7\u00e3o\",\"Engenharias e TI\",\"Estrat\u00e9gia Militares\",\"Executivo (Administrativa)\",\"Financeira (BACEN, CVM, SUSEP e BNDES)\",\"Fiscal - Estadual (ICMS)\",\"Fiscal - Federal (RFB e AFT)\",\"Fiscal - Municipal (ISS)\",\"For\u00e7as Armadas (Oficiais)\",\"For\u00e7as Armadas (Pra\u00e7as)\",\"Legislativo\",\"Minist\u00e9rio P\u00fablico\",\"Policial (Agente Penitenci\u00e1rio)\",\"Policial (Agente, Escriv\u00e3o e Investigador)\",\"Policial (Guardas Civis)\",\"Policial (Peritos, Papiloscopistas)\",\"Policial (PM\/BM - Oficial)\",\"Policial (PM\/BM - Pra\u00e7as)\",\"Prefeituras\",\"Previdenci\u00e1ria (INSS, PREVIC)\",\"Sa\u00fade\",\"Tribunais\",\"Tribunais de Contas (TCU, TCE, TCM)\",\"Tribunais Regionais Federais\",\"Tribunal de Justi\u00e7a\",\"Tribunal Regional do Trabalho\",\"Tribunal Regional Eleitoral\",\"\u00daltimas not\u00edcias\"],\"inLanguage\":\"pt-BR\",\"potentialAction\":[{\"@type\":\"CommentAction\",\"name\":\"Comment\",\"target\":[\"https:\/\/www.estrategiaconcursos.com.br\/blog\/concursos-2026\/#respond\"]}],\"copyrightYear\":\"2026\",\"copyrightHolder\":{\"@id\":\"https:\/\/www.estrategiaconcursos.com.br\/blog\/#organization\"}},{\"@type\":\"WebPage\",\"@id\":\"https:\/\/www.estrategiaconcursos.com.br\/blog\/concursos-2026\/\",\"url\":\"https:\/\/www.estrategiaconcursos.com.br\/blog\/concursos-2026\/\",\"name\":\"Concursos 2026: mais de 160 mil vagas; sal\u00e1rios de at\u00e9 R$ 30 mil!\",\"isPartOf\":{\"@id\":\"https:\/\/www.estrategiaconcursos.com.br\/blog\/#website\"},\"primaryImageOfPage\":{\"@id\":\"https:\/\/www.estrategiaconcursos.com.br\/blog\/concursos-2026\/#primaryimage\"},\"image\":{\"@id\":\"https:\/\/www.estrategiaconcursos.com.br\/blog\/concursos-2026\/#primaryimage\"},\"thumbnailUrl\":\"https:\/\/dhg1h5j42swfq.cloudfront.net\/2025\/05\/05161312\/concursos-2026.jpg\",\"datePublished\":\"2026-04-30T11:19:00+00:00\",\"dateModified\":\"2026-04-30T19:06:54+00:00\",\"description\":\"Fique por dentro dos Concursos 2026: mais de 10 mil vagas previstas para as \u00e1reas fiscal, de controle, tribunais, policial, sa\u00fade e etc...\",\"breadcrumb\":{\"@id\":\"https:\/\/www.estrategiaconcursos.com.br\/blog\/concursos-2026\/#breadcrumb\"},\"inLanguage\":\"pt-BR\",\"potentialAction\":[{\"@type\":\"ReadAction\",\"target\":[\"https:\/\/www.estrategiaconcursos.com.br\/blog\/concursos-2026\/\"]}]},{\"@type\":\"ImageObject\",\"inLanguage\":\"pt-BR\",\"@id\":\"https:\/\/www.estrategiaconcursos.com.br\/blog\/concursos-2026\/#primaryimage\",\"url\":\"https:\/\/dhg1h5j42swfq.cloudfront.net\/2025\/05\/05161312\/concursos-2026.jpg\",\"contentUrl\":\"https:\/\/dhg1h5j42swfq.cloudfront.net\/2025\/05\/05161312\/concursos-2026.jpg\",\"width\":768,\"height\":432,\"caption\":\"Concursos P\u00fablicos\"},{\"@type\":\"BreadcrumbList\",\"@id\":\"https:\/\/www.estrategiaconcursos.com.br\/blog\/concursos-2026\/#breadcrumb\",\"itemListElement\":[{\"@type\":\"ListItem\",\"position\":1,\"name\":\"In\u00edcio\",\"item\":\"https:\/\/www.estrategiaconcursos.com.br\/blog\/\"},{\"@type\":\"ListItem\",\"position\":2,\"name\":\"Concursos 2026: mais de 160 mil vagas; sal\u00e1rios de at\u00e9 R$ 30 mil!\"}]},{\"@type\":\"WebSite\",\"@id\":\"https:\/\/www.estrategiaconcursos.com.br\/blog\/#website\",\"url\":\"https:\/\/www.estrategiaconcursos.com.br\/blog\/\",\"name\":\"Estrat\u00e9gia Concursos\",\"description\":\"O blog da Estrat\u00e9gia Concursos traz not\u00edcias sobre concursos e artigos de professores oferecendo cursos para concursos (pdf + videaulas) no site.\",\"publisher\":{\"@id\":\"https:\/\/www.estrategiaconcursos.com.br\/blog\/#organization\"},\"potentialAction\":[{\"@type\":\"SearchAction\",\"target\":{\"@type\":\"EntryPoint\",\"urlTemplate\":\"https:\/\/www.estrategiaconcursos.com.br\/blog\/?s={search_term_string}\"},\"query-input\":{\"@type\":\"PropertyValueSpecification\",\"valueRequired\":true,\"valueName\":\"search_term_string\"}}],\"inLanguage\":\"pt-BR\"},{\"@type\":\"Organization\",\"@id\":\"https:\/\/www.estrategiaconcursos.com.br\/blog\/#organization\",\"name\":\"Estrat\u00e9gia Concursos\",\"url\":\"https:\/\/www.estrategiaconcursos.com.br\/blog\/\",\"logo\":{\"@type\":\"ImageObject\",\"inLanguage\":\"pt-BR\",\"@id\":\"https:\/\/www.estrategiaconcursos.com.br\/blog\/#\/schema\/logo\/image\/\",\"url\":\"https:\/\/dhg1h5j42swfq.cloudfront.net\/2025\/06\/03203428\/logo_concursos-1.jpg\",\"contentUrl\":\"https:\/\/dhg1h5j42swfq.cloudfront.net\/2025\/06\/03203428\/logo_concursos-1.jpg\",\"width\":230,\"height\":60,\"caption\":\"Estrat\u00e9gia Concursos\"},\"image\":{\"@id\":\"https:\/\/www.estrategiaconcursos.com.br\/blog\/#\/schema\/logo\/image\/\"},\"sameAs\":[\"https:\/\/x.com\/EstratConcursos\"]},{\"@type\":\"Person\",\"@id\":\"https:\/\/www.estrategiaconcursos.com.br\/blog\/#\/schema\/person\/b4a388c97673c5f483d72185668afa1f\",\"name\":\"Coordena\u00e7\u00e3o\",\"image\":{\"@type\":\"ImageObject\",\"inLanguage\":\"pt-BR\",\"@id\":\"https:\/\/secure.gravatar.com\/avatar\/b720319e4c9a967eb58678d110f4fe35452fc5d5f97b202bac7b8acceb18c6ad?s=96&d=mm&r=g\",\"url\":\"https:\/\/secure.gravatar.com\/avatar\/b720319e4c9a967eb58678d110f4fe35452fc5d5f97b202bac7b8acceb18c6ad?s=96&d=mm&r=g\",\"contentUrl\":\"https:\/\/secure.gravatar.com\/avatar\/b720319e4c9a967eb58678d110f4fe35452fc5d5f97b202bac7b8acceb18c6ad?s=96&d=mm&r=g\",\"caption\":\"Coordena\u00e7\u00e3o\"},\"sameAs\":[\"https:\/\/www.facebook.com\/EstrategiaConcursos\",\"https:\/\/x.com\/EstratConcursos\"],\"url\":\"https:\/\/www.estrategiaconcursos.com.br\/blog\/author\/estrategia2013\/\"}]}<\/script>\n<!-- \/ Yoast SEO Premium plugin. -->","yoast_head_json":{"title":"Concursos 2026: mais de 160 mil vagas; sal\u00e1rios de at\u00e9 R$ 30 mil!","description":"Fique por dentro dos Concursos 2026: mais de 10 mil vagas previstas para as \u00e1reas fiscal, de controle, tribunais, policial, sa\u00fade e etc...","robots":{"index":"index","follow":"follow","max-snippet":"max-snippet:-1","max-image-preview":"max-image-preview:large","max-video-preview":"max-video-preview:-1"},"canonical":"https:\/\/www.estrategiaconcursos.com.br\/blog\/concursos-2026\/","og_locale":"pt_BR","og_type":"article","og_title":"Concursos 2026: mais de 160 mil vagas; sal\u00e1rios de at\u00e9 R$ 30 mil!","og_description":"Fique por dentro dos Concursos 2026: mais de 10 mil vagas previstas para as \u00e1reas fiscal, de controle, tribunais, policial, sa\u00fade e etc...","og_url":"https:\/\/www.estrategiaconcursos.com.br\/blog\/concursos-2026\/","og_site_name":"Estrat\u00e9gia Concursos","article_author":"https:\/\/www.facebook.com\/EstrategiaConcursos","article_published_time":"2026-04-30T11:19:00+00:00","article_modified_time":"2026-04-30T19:06:54+00:00","og_image":[{"width":768,"height":432,"url":"https:\/\/dhg1h5j42swfq.cloudfront.net\/2025\/05\/05161312\/concursos-2026.jpg","type":"image\/jpeg"}],"author":"Coordena\u00e7\u00e3o","twitter_card":"summary_large_image","twitter_creator":"@EstratConcursos","twitter_site":"@EstratConcursos","twitter_misc":{"Escrito por":"Coordena\u00e7\u00e3o","Est. tempo de leitura":"65 minutos"},"schema":{"@context":"https:\/\/schema.org","@graph":[{"@type":"NewsArticle","@id":"https:\/\/www.estrategiaconcursos.com.br\/blog\/concursos-2026\/#article","isPartOf":{"@id":"https:\/\/www.estrategiaconcursos.com.br\/blog\/concursos-2026\/"},"author":{"name":"Coordena\u00e7\u00e3o","@id":"https:\/\/www.estrategiaconcursos.com.br\/blog\/#\/schema\/person\/b4a388c97673c5f483d72185668afa1f"},"headline":"Concursos 2026: mais de 160 mil vagas; sal\u00e1rios de at\u00e9 R$ 30 mil!","datePublished":"2026-04-30T11:19:00+00:00","dateModified":"2026-04-30T19:06:54+00:00","mainEntityOfPage":{"@id":"https:\/\/www.estrategiaconcursos.com.br\/blog\/concursos-2026\/"},"wordCount":12957,"commentCount":1,"publisher":{"@id":"https:\/\/www.estrategiaconcursos.com.br\/blog\/#organization"},"image":{"@id":"https:\/\/www.estrategiaconcursos.com.br\/blog\/concursos-2026\/#primaryimage"},"thumbnailUrl":"https:\/\/dhg1h5j42swfq.cloudfront.net\/2025\/05\/05161312\/concursos-2026.jpg","articleSection":["Ag\u00eancia Reguladora","Banc\u00e1ria (BB, CEF e Bancos Estaduais)","Concursos P\u00fablicos","Conselhos Federais","Conselhos Regionais","Controladorias\/Gest\u00e3o (CGU, CGE, STN, EPPGG)","Defensoria P\u00fablica","Diplomacia (CACD)","Educa\u00e7\u00e3o","Engenharias e TI","Estrat\u00e9gia Militares","Executivo (Administrativa)","Financeira (BACEN, CVM, SUSEP e BNDES)","Fiscal - Estadual (ICMS)","Fiscal - Federal (RFB e AFT)","Fiscal - Municipal (ISS)","For\u00e7as Armadas (Oficiais)","For\u00e7as Armadas (Pra\u00e7as)","Legislativo","Minist\u00e9rio P\u00fablico","Policial (Agente Penitenci\u00e1rio)","Policial (Agente, Escriv\u00e3o e Investigador)","Policial (Guardas Civis)","Policial (Peritos, Papiloscopistas)","Policial (PM\/BM - Oficial)","Policial (PM\/BM - Pra\u00e7as)","Prefeituras","Previdenci\u00e1ria (INSS, PREVIC)","Sa\u00fade","Tribunais","Tribunais de Contas (TCU, TCE, TCM)","Tribunais Regionais Federais","Tribunal de Justi\u00e7a","Tribunal Regional do Trabalho","Tribunal Regional Eleitoral","\u00daltimas not\u00edcias"],"inLanguage":"pt-BR","potentialAction":[{"@type":"CommentAction","name":"Comment","target":["https:\/\/www.estrategiaconcursos.com.br\/blog\/concursos-2026\/#respond"]}],"copyrightYear":"2026","copyrightHolder":{"@id":"https:\/\/www.estrategiaconcursos.com.br\/blog\/#organization"}},{"@type":"WebPage","@id":"https:\/\/www.estrategiaconcursos.com.br\/blog\/concursos-2026\/","url":"https:\/\/www.estrategiaconcursos.com.br\/blog\/concursos-2026\/","name":"Concursos 2026: mais de 160 mil vagas; sal\u00e1rios de at\u00e9 R$ 30 mil!","isPartOf":{"@id":"https:\/\/www.estrategiaconcursos.com.br\/blog\/#website"},"primaryImageOfPage":{"@id":"https:\/\/www.estrategiaconcursos.com.br\/blog\/concursos-2026\/#primaryimage"},"image":{"@id":"https:\/\/www.estrategiaconcursos.com.br\/blog\/concursos-2026\/#primaryimage"},"thumbnailUrl":"https:\/\/dhg1h5j42swfq.cloudfront.net\/2025\/05\/05161312\/concursos-2026.jpg","datePublished":"2026-04-30T11:19:00+00:00","dateModified":"2026-04-30T19:06:54+00:00","description":"Fique por dentro dos Concursos 2026: mais de 10 mil vagas previstas para as \u00e1reas fiscal, de controle, tribunais, policial, sa\u00fade e etc...","breadcrumb":{"@id":"https:\/\/www.estrategiaconcursos.com.br\/blog\/concursos-2026\/#breadcrumb"},"inLanguage":"pt-BR","potentialAction":[{"@type":"ReadAction","target":["https:\/\/www.estrategiaconcursos.com.br\/blog\/concursos-2026\/"]}]},{"@type":"ImageObject","inLanguage":"pt-BR","@id":"https:\/\/www.estrategiaconcursos.com.br\/blog\/concursos-2026\/#primaryimage","url":"https:\/\/dhg1h5j42swfq.cloudfront.net\/2025\/05\/05161312\/concursos-2026.jpg","contentUrl":"https:\/\/dhg1h5j42swfq.cloudfront.net\/2025\/05\/05161312\/concursos-2026.jpg","width":768,"height":432,"caption":"Concursos P\u00fablicos"},{"@type":"BreadcrumbList","@id":"https:\/\/www.estrategiaconcursos.com.br\/blog\/concursos-2026\/#breadcrumb","itemListElement":[{"@type":"ListItem","position":1,"name":"In\u00edcio","item":"https:\/\/www.estrategiaconcursos.com.br\/blog\/"},{"@type":"ListItem","position":2,"name":"Concursos 2026: mais de 160 mil vagas; sal\u00e1rios de at\u00e9 R$ 30 mil!"}]},{"@type":"WebSite","@id":"https:\/\/www.estrategiaconcursos.com.br\/blog\/#website","url":"https:\/\/www.estrategiaconcursos.com.br\/blog\/","name":"Estrat\u00e9gia Concursos","description":"O blog da Estrat\u00e9gia Concursos traz not\u00edcias sobre concursos e artigos de professores oferecendo cursos para concursos (pdf + videaulas) no site.","publisher":{"@id":"https:\/\/www.estrategiaconcursos.com.br\/blog\/#organization"},"potentialAction":[{"@type":"SearchAction","target":{"@type":"EntryPoint","urlTemplate":"https:\/\/www.estrategiaconcursos.com.br\/blog\/?s={search_term_string}"},"query-input":{"@type":"PropertyValueSpecification","valueRequired":true,"valueName":"search_term_string"}}],"inLanguage":"pt-BR"},{"@type":"Organization","@id":"https:\/\/www.estrategiaconcursos.com.br\/blog\/#organization","name":"Estrat\u00e9gia Concursos","url":"https:\/\/www.estrategiaconcursos.com.br\/blog\/","logo":{"@type":"ImageObject","inLanguage":"pt-BR","@id":"https:\/\/www.estrategiaconcursos.com.br\/blog\/#\/schema\/logo\/image\/","url":"https:\/\/dhg1h5j42swfq.cloudfront.net\/2025\/06\/03203428\/logo_concursos-1.jpg","contentUrl":"https:\/\/dhg1h5j42swfq.cloudfront.net\/2025\/06\/03203428\/logo_concursos-1.jpg","width":230,"height":60,"caption":"Estrat\u00e9gia Concursos"},"image":{"@id":"https:\/\/www.estrategiaconcursos.com.br\/blog\/#\/schema\/logo\/image\/"},"sameAs":["https:\/\/x.com\/EstratConcursos"]},{"@type":"Person","@id":"https:\/\/www.estrategiaconcursos.com.br\/blog\/#\/schema\/person\/b4a388c97673c5f483d72185668afa1f","name":"Coordena\u00e7\u00e3o","image":{"@type":"ImageObject","inLanguage":"pt-BR","@id":"https:\/\/secure.gravatar.com\/avatar\/b720319e4c9a967eb58678d110f4fe35452fc5d5f97b202bac7b8acceb18c6ad?s=96&d=mm&r=g","url":"https:\/\/secure.gravatar.com\/avatar\/b720319e4c9a967eb58678d110f4fe35452fc5d5f97b202bac7b8acceb18c6ad?s=96&d=mm&r=g","contentUrl":"https:\/\/secure.gravatar.com\/avatar\/b720319e4c9a967eb58678d110f4fe35452fc5d5f97b202bac7b8acceb18c6ad?s=96&d=mm&r=g","caption":"Coordena\u00e7\u00e3o"},"sameAs":["https:\/\/www.facebook.com\/EstrategiaConcursos","https:\/\/x.com\/EstratConcursos"],"url":"https:\/\/www.estrategiaconcursos.com.br\/blog\/author\/estrategia2013\/"}]}},"_links":{"self":[{"href":"https:\/\/www.estrategiaconcursos.com.br\/blog\/wp-json\/wp\/v2\/posts\/1571534","targetHints":{"allow":["GET"]}}],"collection":[{"href":"https:\/\/www.estrategiaconcursos.com.br\/blog\/wp-json\/wp\/v2\/posts"}],"about":[{"href":"https:\/\/www.estrategiaconcursos.com.br\/blog\/wp-json\/wp\/v2\/types\/post"}],"author":[{"embeddable":true,"href":"https:\/\/www.estrategiaconcursos.com.br\/blog\/wp-json\/wp\/v2\/users\/1"}],"replies":[{"embeddable":true,"href":"https:\/\/www.estrategiaconcursos.com.br\/blog\/wp-json\/wp\/v2\/comments?post=1571534"}],"version-history":[{"count":814,"href":"https:\/\/www.estrategiaconcursos.com.br\/blog\/wp-json\/wp\/v2\/posts\/1571534\/revisions"}],"predecessor-version":[{"id":1759170,"href":"https:\/\/www.estrategiaconcursos.com.br\/blog\/wp-json\/wp\/v2\/posts\/1571534\/revisions\/1759170"}],"wp:featuredmedia":[{"embeddable":true,"href":"https:\/\/www.estrategiaconcursos.com.br\/blog\/wp-json\/wp\/v2\/media\/1571644"}],"wp:attachment":[{"href":"https:\/\/www.estrategiaconcursos.com.br\/blog\/wp-json\/wp\/v2\/media?parent=1571534"}],"wp:term":[{"taxonomy":"category","embeddable":true,"href":"https:\/\/www.estrategiaconcursos.com.br\/blog\/wp-json\/wp\/v2\/categories?post=1571534"},{"taxonomy":"post_tag","embeddable":true,"href":"https:\/\/www.estrategiaconcursos.com.br\/blog\/wp-json\/wp\/v2\/tags?post=1571534"},{"taxonomy":"tax_estado","embeddable":true,"href":"https:\/\/www.estrategiaconcursos.com.br\/blog\/wp-json\/wp\/v2\/tax_estado?post=1571534"}],"curies":[{"name":"wp","href":"https:\/\/api.w.org\/{rel}","templated":true}]}}