{"id":1562441,"date":"2025-08-22T09:51:00","date_gmt":"2025-08-22T12:51:00","guid":{"rendered":"https:\/\/www.estrategiaconcursos.com.br\/blog\/?p=1562441"},"modified":"2025-08-22T09:51:54","modified_gmt":"2025-08-22T12:51:54","slug":"concurso-see-mg-edital-publicado-2025","status":"publish","type":"post","link":"https:\/\/www.estrategiaconcursos.com.br\/blog\/concurso-see-mg-edital-publicado-2025\/","title":{"rendered":"Edital SEE MG: 13.795 vagas! Ganhe at\u00e9 R$ 6,9 mil"},"content":{"rendered":"\n<p>Grande oportunidade para os profissionais de educa\u00e7\u00e3o, s\u00e3o milhares de oportunidades para voc\u00ea que sonha com a carreira p\u00fablica! <\/p>\n\n\n\n<p>O <strong>edital <\/strong>do concurso da&nbsp;<a href=\"https:\/\/www.estrategiaconcursos.com.br\/cursosPorConcurso\/secretaria-de-educacao-minas-gerais-345\/\" target=\"_blank\" rel=\"noreferrer noopener\">Secretaria de Educa\u00e7\u00e3o do estado de Minas Gerais<\/a>&nbsp;(SEE MG) oferece <strong>13.795 vagas<\/strong> distribu\u00eddas entre diversos cargos, sendo:<\/p>\n\n\n\n<ul class=\"wp-block-list\">\n<li>10.170 vagas para os cargos da carreira de Professor de Educa\u00e7\u00e3o B\u00e1sica (PEB), <\/li>\n\n\n\n<li>1.056 vagas para o cargo da carreira de Especialista em Educa\u00e7\u00e3o<\/li>\n\n\n\n<li>B\u00e1sica (EEB), <\/li>\n\n\n\n<li>72 vagas para os cargos da carreira de Analista Educacional (ANE), <\/li>\n\n\n\n<li>13 vagas para os cargos da carreira de Analista Educacional &#8211; Inspetor Escola (ANEIE), <\/li>\n\n\n\n<li>357 vagas para os cargos da carreira de Analista de Educa\u00e7\u00e3o B\u00e1sica (AEB), <\/li>\n\n\n\n<li>38 vagas para o cargo da carreira de T\u00e9cnico da Educa\u00e7\u00e3o (TDE) e<\/li>\n\n\n\n<li>2.089 vagas para o cargo da carreira de Assistente T\u00e9cnico de Educa\u00e7\u00e3o B\u00e1sica (ATB), todos no grau inicial do n\u00edvel.<\/li>\n<\/ul>\n\n\n\n<p>Al\u00e9m disso, tem forma\u00e7\u00e3o de cadastro de reserva. As oportunidades s\u00e3o para n\u00edveis m\u00e9dio e superior de forma\u00e7\u00e3o. Os sal\u00e1rios iniciais variam de R$ 1917,11 a R$ 6.937,06.<\/p>\n\n\n\n<p>Mas os aprovados v\u00e3o come\u00e7a com o p\u00e9 direito. O governo de Minas Gerais reajustou as remunera\u00e7\u00f5es em 5,26%. <a href=\"https:\/\/www.estrategiaconcursos.com.br\/blog\/concurso-educacao-mg-reajuste-salarial-professor-educacao-basica\/\" target=\"_blank\" rel=\"noreferrer noopener\">Confira aqui os detalhes!<\/a><\/p>\n\n\n\n<p>Os interessados em participar da sele\u00e7\u00e3o deveriam realizar as inscri\u00e7\u00f5es no per\u00edodo de 21 de julho a 8 de agosto, no site da banca organizadora, Consulplan. Al\u00e9m disso, foi necess\u00e1rio pagar a taxa de inscri\u00e7\u00e3o que variou de R$ 21,00 a R$ 33,00.<\/p>\n\n\n\n<ul class=\"wp-block-list has-very-light-gray-to-cyan-bluish-gray-gradient-background has-background\">\n<li><strong>Status:<\/strong> prova 28\/09<\/li>\n\n\n\n<li><strong style=\"background-color: initial; color: initial;\">Banca:<\/strong> Consulplan<\/li>\n\n\n\n<li><strong>Vagas:<\/strong> 13.795 + CR<\/li>\n\n\n\n<li><strong>Cargo<\/strong>: diversos<\/li>\n\n\n\n<li><strong>Sal\u00e1rio inicial:<\/strong> at\u00e9 R$ 6.937,06<\/li>\n\n\n\n<li><strong>Edital<\/strong>: <a href=\"https:\/\/dhg1h5j42swfq.cloudfront.net\/2025\/04\/16075514\/edital-concurso-see-mg.pdf\" target=\"_blank\" rel=\"noreferrer noopener\">SEE MG 2025<\/a><\/li>\n<\/ul>\n\n\n\n<div class=\"container\" id=\"boxes\">\n  <div class=\"row\">\n\n    <div class=\"col-sm\">\n      <div class=\"banner-estrategia\" id=\"box-assinatura\">\n        <h3 class=\"titulo-assinatura\">Cursos para concursos<\/h3>\n        <p class=\"subtitulo-assinatura\">Estude conosco<\/p>\n        <div class=\"box-botao\">\n          <a class=\"btn-assinatura\" target=\"_blank\" href=\"https:\/\/www.estrategiaconcursos.com.br\/cursosPorConcurso\/secretaria-de-educacao-minas-gerais-345\/\" role=\"button\" rel=\"noopener noreferrer\">Conhe\u00e7a os cursos<\/a>\n        <\/div>\n      <\/div>\n     \n    <\/div>\n\n  <\/div>\n<\/div>\n\n\n\n<h2 class=\"wp-block-heading\" id=\"datas\">Edital SEE MG Publicado: principais datas <\/h2>\n\n\n\n<p class=\"has-very-light-gray-background-color has-background\"><strong>Inscri\u00e7\u00f5es<\/strong>: 21\/07 a 21\/08<br \/><strong>Prova<\/strong>: 28\/09<\/p>\n\n\n\n<h2 class=\"wp-block-heading\" id=\"cargos-vagas\">Edital SEE MG Publicado: cargos e vagas <\/h2>\n\n\n\n<h3 class=\"wp-block-heading\" id=\"h-vagas-para-a-secretaria-de-educacao-see-mg\">Vagas para a Secretaria de Educa\u00e7\u00e3o (SEE MG)<\/h3>\n\n\n\n<figure class=\"wp-block-table is-style-stripes\"><table><thead><tr><th>CARGOS<\/th><th class=\"has-text-align-center\" data-align=\"center\">VAGAS<\/th><\/tr><\/thead><tbody><tr><td>Professor de Educa\u00e7\u00e3o B\u00e1sica<\/td><td class=\"has-text-align-center\" data-align=\"center\">10.170<\/td><\/tr><tr><td>Especialista em Educa\u00e7\u00e3o B\u00e1sica<\/td><td class=\"has-text-align-center\" data-align=\"center\">1.056<\/td><\/tr><tr><td>Analista Educacional &#8211; Inspetor Escolar<\/td><td class=\"has-text-align-center\" data-align=\"center\">13<\/td><\/tr><tr><td>Analista Educacional <\/td><td class=\"has-text-align-center\" data-align=\"center\">72<\/td><\/tr><tr><td>Analista de Educa\u00e7\u00e3o B\u00e1sica<\/td><td class=\"has-text-align-center\" data-align=\"center\">357<\/td><\/tr><tr><td>T\u00e9cnico da Educa\u00e7\u00e3o<\/td><td class=\"has-text-align-center\" data-align=\"center\">38<\/td><\/tr><tr><td>Assistente T\u00e9cnico de Educa\u00e7\u00e3o B\u00e1sica<\/td><td class=\"has-text-align-center\" data-align=\"center\">2.089<\/td><\/tr><tr><td><strong>TOTAL<\/strong><\/td><td class=\"has-text-align-center\" data-align=\"center\"><strong>13.795<\/strong> vagas<\/td><\/tr><\/tbody><\/table><figcaption class=\"wp-element-caption\">Vagas com atua\u00e7\u00e3o na SEE MG<\/figcaption><\/figure>\n\n\n\n<h2 class=\"wp-block-heading\" id=\"h-edital-see-mg-publicado-remuneracoes\">Edital SEE MG Publicado: remunera\u00e7\u00f5es<\/h2>\n\n\n\n<p>Os sal\u00e1rios iniciais variam de R$ 1917,11 a R$ 6.937,06:<\/p>\n\n\n\n<ul class=\"wp-block-list\">\n<li>O vencimento inicial para o cargo da carreira de<strong> Especialista em Educa\u00e7\u00e3o B\u00e1sica<\/strong> &#8211; EEB &#8211; N\u00edvel I Grau A corresponde a R$2.774,82;<\/li>\n\n\n\n<li>O vencimento inicial para o cargo da carreira de <strong>Analista Educacional<\/strong> &#8211; ANE &#8211; N\u00edvel I Grau A corresponde a R$4.624,71;<\/li>\n\n\n\n<li>O vencimento inicial para o cargo da carreira de<strong> Analista Educacional <\/strong>&#8211; ANE &#8211; N\u00edvel I Grau A &#8211; na Fun\u00e7\u00e3o de Inspetor Escolar corresponde a R$6.937,06;<\/li>\n\n\n\n<li>O vencimento inicial para o cargo da carreira de <strong>Analista de Educa\u00e7\u00e3o B\u00e1sica<\/strong> &#8211; AEB &#8211; N\u00edvel I Grau A corresponde a R$3.468,53;<\/li>\n\n\n\n<li>O vencimento inicial para o cargo da carreira de<strong> T\u00e9cnico da Educa\u00e7\u00e3o<\/strong> &#8211; TDE &#8211; N\u00edvel I Grau A corresponde a R$2.556,15;<\/li>\n\n\n\n<li>O vencimento inicial para o cargo da carreira de <strong>Assistente T\u00e9cnico de Educa\u00e7\u00e3o B\u00e1sica<\/strong> &#8211; ATB &#8211; N\u00edvel I Grau A corresponde a R$1.917,11.<\/li>\n<\/ul>\n\n\n\n<h2 class=\"wp-block-heading\" id=\"h-edital-see-mg-publicado-requisitos\">Edital SEE MG Publicado: requisitos<\/h2>\n\n\n\n<p><strong>Professor de Educa\u00e7\u00e3o B\u00e1sica &#8211; N\u00edvel I Grau A:<\/strong><\/p>\n\n\n\n<ul class=\"wp-block-list\">\n<li>1) <strong>Arte<\/strong>: 1.1) Diploma de gradua\u00e7\u00e3o devidamente registrado de curso superior legalmente reconhecido de Licenciatura Plena em Arte\/Educa\u00e7\u00e3o Art\u00edstica, incluindo as diversas linguagens art\u00edsticas, expedido por institui\u00e7\u00e3o de ensino superior credenciada; ou a.1.2) Diploma de gradua\u00e7\u00e3o devidamente registrado de curso superior legalmente reconhecido de Licenciatura Plena na<br \/>\u00e1rea de Linguagens, com habilita\u00e7\u00e3o para doc\u00eancia de Arte nos anos finais do ensino fundamental e no ensino m\u00e9dio; ou a.1.3) Diploma de gradua\u00e7\u00e3o devidamente registrado de curso superior legalmente reconhecido de Bacharelado ou Tecnol\u00f3gico, acrescido de certificado de curso de forma\u00e7\u00e3o pedag\u00f3gica para graduados n\u00e3o licenciados, realizado nos<br \/>termos da legisla\u00e7\u00e3o espec\u00edfica, com habilita\u00e7\u00e3o espec\u00edfica em Arte\/Educa\u00e7\u00e3o Art\u00edstica, incluindo as diversas linguagens art\u00edsticas.<\/li>\n\n\n\n<li>2) <strong>Biologia\/Ci\u00eancias<\/strong>: a.2.1) Diploma de gradua\u00e7\u00e3o devidamente registrado de curso superior legalmente reconhecido de Licenciatura Plena em Ci\u00eancias Biol\u00f3gicas, expedido por institui\u00e7\u00e3o de ensino superior credenciada; ou a.2.2) Diploma de gradua\u00e7\u00e3o devidamente registrado de curso superior legalmente reconhecido de Licenciatura Plena na \u00e1rea de Ci\u00eancias da Natureza, com habilita\u00e7\u00e3o para doc\u00eancia de Biologia nos anos finais do ensino fundamental e no ensino<br \/>m\u00e9dio; ou a.2.3) Diploma de gradua\u00e7\u00e3o devidamente registrado de curso superior legalmente reconhecido de Bacharelado ou Tecnol\u00f3gico, acrescido de certificado de curso de forma\u00e7\u00e3o pedag\u00f3gica para graduados n\u00e3o licenciados, realizado nos<br \/>termos da legisla\u00e7\u00e3o espec\u00edfica, com habilita\u00e7\u00e3o espec\u00edfica em Ci\u00eancias Biol\u00f3gicas.<\/li>\n\n\n\n<li>3) <strong>Educa\u00e7\u00e3o F\u00edsica<\/strong>: a.3.1) Diploma de gradua\u00e7\u00e3o devidamente registrado de curso superior legalmente reconhecido de Licenciatura Plena em Educa\u00e7\u00e3o F\u00edsica, expedido por institui\u00e7\u00e3o de ensino superior credenciada; ou a.3.2) Diploma de gradua\u00e7\u00e3o devidamente registrado de curso superior legalmente reconhecido de Licenciatura Plena na \u00e1rea de Linguagens, com habilita\u00e7\u00e3o para doc\u00eancia de Educa\u00e7\u00e3o F\u00edsica nos anos finais do ensino fundamental e no ensino<br \/>m\u00e9dio; ou a.3.3) Diploma de gradua\u00e7\u00e3o devidamente registrado de curso superior legalmente reconhecido de Bacharelado ou Tecnol\u00f3gico, acrescido de certificado de curso de forma\u00e7\u00e3o pedag\u00f3gica para graduados n\u00e3o licenciados, realizado nos termos da legisla\u00e7\u00e3o espec\u00edfica, com habilita\u00e7\u00e3o espec\u00edfica em Educa\u00e7\u00e3o F\u00edsica.<\/li>\n\n\n\n<li>4)<strong> Ensino Religioso<\/strong>: a.4.1) Diploma devidamente registrado de curso superior legalmente reconhecido de Licenciatura Plena em Ensino Religioso, Ci\u00eancias da Religi\u00e3o ou Educa\u00e7\u00e3o Religiosa, expedido por institui\u00e7\u00e3o de ensino superior credenciada; ou a.4.2) Diploma devidamente registrado de curso superior legalmente reconhecido de Licenciatura Plena em qualquer \u00e1rea do conhecimento, expedido por institui\u00e7\u00e3o de ensino superior credenciada, cuja matriz curricular inclua conte\u00fado relativo a Ci\u00eancias da Religi\u00e3o, Metodologia e Filosofia do Ensino Religioso ou Educa\u00e7\u00e3o Religiosa, com carga hor\u00e1ria m\u00ednima de quinhentas horas; ou a.4.3) Diploma devidamente registrado de curso superior legalmente reconhecido de Licenciatura Plena em qualquer \u00e1rea do conhecimento acrescido de certificado de p\u00f3s-gradua\u00e7\u00e3o lato sensu em Ensino Religioso ou Ci\u00eancias da Religi\u00e3o, com carga hor\u00e1ria m\u00ednima de trezentas e sessenta horas, expedidos por institui\u00e7\u00e3o de ensino superior credenciada, em cujo caso o referido certificado n\u00e3o poder\u00e1 ser pontuado na prova de t\u00edtulos; ou a.4.4) Diploma devidamente registrado de curso superior legalmente reconhecido de Licenciatura Plena em qualquer \u00e1rea do conhecimento, expedido por institui\u00e7\u00e3o de ensino superior credenciada, acrescido de curso de p\u00f3s-gradua\u00e7\u00e3o stricto sensu, em n\u00edvel de Mestrado ou Doutorado, em Ensino Religioso ou Ci\u00eancias da Religi\u00e3o, reconhecido e recomendado pela CAPES, em cujo caso o diploma do referido curso de Mestrado ou Doutorado n\u00e3o poder\u00e1 ser pontuado na prova de t\u00edtulos; ou a.4.5) Diploma devidamente registrado de curso superior legalmente reconhecido de Licenciatura Plena em qualquer \u00e1rea do conhecimento, expedido por institui\u00e7\u00e3o de ensino superior credenciada, acrescido de curso de Metodologia e Filosofia do Ensino Religioso oferecido at\u00e9 6 de janeiro de 2005, data de publica\u00e7\u00e3o da Lei n\u00ba 15.434, de 5 de janeiro de 2005, por entidades ou institui\u00e7\u00f5es de ensino credenciadas e reconhecidas pela Secretaria de Estado de Educa\u00e7\u00e3o de Minas Gerais; ou a.4.6) Diploma devidamente registrado de curso superior legalmente reconhecido de Bacharelado ou Tecnol\u00f3gico, acrescido de certificado de curso de forma\u00e7\u00e3o pedag\u00f3gica para graduados n\u00e3o licenciados, realizado nos termos da legisla\u00e7\u00e3o espec\u00edfica, com habilita\u00e7\u00e3o espec\u00edfica em Ensino Religioso, Ci\u00eancias da Religi\u00e3o ou Educa\u00e7\u00e3o Religiosa.<\/li>\n\n\n\n<li>5) <strong>Filosofia<\/strong>: a.5.1) Diploma de gradua\u00e7\u00e3o devidamente registrado de curso superior legalmente reconhecido de Licenciatura Plena em Filosofia, expedido por institui\u00e7\u00e3o de ensino superior credenciada; ou a.5.2) Diploma de gradua\u00e7\u00e3o devidamente registrado de curso superior legalmente reconhecido de Licenciatura Plena na \u00e1rea de Ci\u00eancias Humanas, com habilita\u00e7\u00e3o para doc\u00eancia de Filosofia no ensino m\u00e9dio; ou a.5.3) Diploma de gradua\u00e7\u00e3o devidamente registrado de curso superior legalmente reconhecido de Bacharelado ou Tecnol\u00f3gico, acrescido de certificado de curso de forma\u00e7\u00e3o pedag\u00f3gica para graduados n\u00e3o licenciados, realizado nos termos da legisla\u00e7\u00e3o espec\u00edfica, com habilita\u00e7\u00e3o espec\u00edfica em Filosofia.<\/li>\n\n\n\n<li>6) <strong>F\u00edsica<\/strong>: a.6.1) Diploma de gradua\u00e7\u00e3o devidamente registrado de curso superior legalmente reconhecido de Licenciatura Plena em F\u00edsica, expedido por institui\u00e7\u00e3o de ensino superior credenciada; ou a.6.2) Diploma de gradua\u00e7\u00e3o devidamente registrado de curso superior legalmente reconhecido de Licenciatura Plena na \u00e1rea de Ci\u00eancias da Natureza, com habilita\u00e7\u00e3o para doc\u00eancia de F\u00edsica no ensino m\u00e9dio; oua.6.3) Diploma de gradua\u00e7\u00e3o devidamente registrado de curso superior legalmente reconhecido de Bacharelado ou Tecnol\u00f3gico, acrescido de certificado de curso de forma\u00e7\u00e3o pedag\u00f3gica para graduados n\u00e3o licenciados, realizado nos termos da legisla\u00e7\u00e3o espec\u00edfica, com habilita\u00e7\u00e3o espec\u00edfica em F\u00edsica.<\/li>\n\n\n\n<li>7) <strong>Geografia<\/strong>: a.7.1) Diploma de gradua\u00e7\u00e3o devidamente registrado de curso superior legalmente reconhecido de Licenciatura Plena em Geografia, expedido por institui\u00e7\u00e3o de ensino superior credenciada; ou a.7.2) Diploma de gradua\u00e7\u00e3o devidamente registrado de curso superior legalmente reconhecido de Licenciatura Plena na \u00e1rea de Ci\u00eancias Humanas, com habilita\u00e7\u00e3o para doc\u00eancia de Geografia nos anos finais do ensino fundamental e no ensino m\u00e9dio; ou a.7.3) Diploma de gradua\u00e7\u00e3o devidamente registrado de curso superior legalmente reconhecido de Bacharelado ou Tecnol\u00f3gico, acrescido de certificado de curso de forma\u00e7\u00e3o pedag\u00f3gica para graduados n\u00e3o licenciados, realizado nos termos da legisla\u00e7\u00e3o espec\u00edfica, com habilita\u00e7\u00e3o espec\u00edfica em Geografia.<\/li>\n\n\n\n<li>8) <strong>Hist\u00f3ria<\/strong>: a.8.1) Diploma de gradua\u00e7\u00e3o devidamente registrado de curso superior legalmente reconhecido de Licenciatura Plena em Hist\u00f3ria, expedido por institui\u00e7\u00e3o de ensino superior credenciada; ou a.8.2) Diploma de gradua\u00e7\u00e3o devidamente registrado de curso superior legalmente reconhecido de Licenciatura Plena na \u00e1rea de Ci\u00eancias Humanas, com habilita\u00e7\u00e3o para doc\u00eancia de Hist\u00f3ria nos anos finais do ensino fundamental e no ensino m\u00e9dio; ou a.6.3) Diploma de gradua\u00e7\u00e3o devidamente registrado de curso superior legalmente reconhecido de Bacharelado ou Tecnol\u00f3gico, acrescido de certificado de curso de forma\u00e7\u00e3o pedag\u00f3gica para graduados n\u00e3o licenciados, realizado nos termos da legisla\u00e7\u00e3o espec\u00edfica, com habilita\u00e7\u00e3o espec\u00edfica em F\u00edsica.<\/li>\n\n\n\n<li>7) <strong>Geografia<\/strong>: a.7.1) Diploma de gradua\u00e7\u00e3o devidamente registrado de curso superior legalmente reconhecido de Licenciatura Plena em Geografia, expedido por institui\u00e7\u00e3o de ensino superior credenciada; ou a.7.2) Diploma de gradua\u00e7\u00e3o devidamente registrado de curso superior legalmente reconhecido de Licenciatura Plena na \u00e1rea de Ci\u00eancias Humanas, com habilita\u00e7\u00e3o para doc\u00eancia de Geografia nos anos finais do ensino fundamental e no ensino m\u00e9dio; ou a.7.3) Diploma de gradua\u00e7\u00e3o devidamente registrado de curso superior legalmente reconhecido de Bacharelado ou Tecnol\u00f3gico, acrescido de certificado de curso de forma\u00e7\u00e3o pedag\u00f3gica para graduados n\u00e3o licenciados, realizado nos termos da legisla\u00e7\u00e3o espec\u00edfica, com habilita\u00e7\u00e3o espec\u00edfica em Geografia.<\/li>\n\n\n\n<li>8) <strong>Hist\u00f3ria:<\/strong> a.8.1) Diploma de gradua\u00e7\u00e3o devidamente registrado de curso superior legalmente reconhecido de Licenciatura Plena em Hist\u00f3ria, expedido por institui\u00e7\u00e3o de ensino superior credenciada; ou a.8.2) Diploma de gradua\u00e7\u00e3o devidamente registrado de curso superior legalmente reconhecido de Licenciatura Plena na \u00e1rea de Ci\u00eancias Humanas, com habilita\u00e7\u00e3o para doc\u00eancia de Hist\u00f3ria nos anos finais do ensino fundamental e no ensino m\u00e9dio; ou a.8.3) Diploma de gradua\u00e7\u00e3o devidamente registrado de curso superior legalmente reconhecido de Bacharelado ou Tecnol\u00f3gico, acrescido de certificado de curso de forma\u00e7\u00e3o pedag\u00f3gica para graduados n\u00e3o licenciados, realizado nos termos da legisla\u00e7\u00e3o espec\u00edfica, com habilita\u00e7\u00e3o espec\u00edfica em Hist\u00f3ria.<\/li>\n\n\n\n<li>9) <strong>L\u00edngua Inglesa<\/strong>: a.9.1) Diploma de gradua\u00e7\u00e3o devidamente registrado de curso superior legalmente reconhecido de Licenciatura Plena em Letras, com habilita\u00e7\u00e3o em Ingl\u00eas, expedido por institui\u00e7\u00e3o de ensino superior credenciada; ou a.9.2) Diploma de gradua\u00e7\u00e3o devidamente registrado de curso superior legalmente reconhecido de Licenciatura Plena na \u00e1rea de Linguagens, com habilita\u00e7\u00e3o para doc\u00eancia de Ingl\u00eas nos anos finais do ensino fundamental e no ensino m\u00e9dio; ou a.9.3) Diploma de gradua\u00e7\u00e3o devidamente registrado de curso superior legalmente reconhecido de Bacharelado ou Tecnol\u00f3gico, acrescido de certificado de curso de forma\u00e7\u00e3o pedag\u00f3gica para graduados n\u00e3o licenciados, realizado nos termos da legisla\u00e7\u00e3o espec\u00edfica, com habilita\u00e7\u00e3o espec\u00edfica em Letras\/Ingl\u00eas.<\/li>\n\n\n\n<li>10) <strong>L\u00edngua Portuguesa<\/strong>: a.10.1) Diploma de gradua\u00e7\u00e3o devidamente registrado de curso superior legalmente reconhecido de Licenciatura Plena em Letras, com habilita\u00e7\u00e3o em L\u00edngua Portuguesa, expedido por institui\u00e7\u00e3o de ensino superior credenciada; ou a.10.2) Diploma de gradua\u00e7\u00e3o devidamente registrado de curso superior legalmente reconhecido de Licenciatura Plena na \u00e1rea de Linguagens, com habilita\u00e7\u00e3o para doc\u00eancia de L\u00edngua Portuguesa nos anos finais do ensino fundamental e no ensino m\u00e9dio; ou a.10.3) Diploma de gradua\u00e7\u00e3o devidamente registrado de curso superior legalmente reconhecido de Bacharelado ou Tecnol\u00f3gico, acrescido de certificado de curso de forma\u00e7\u00e3o pedag\u00f3gica para graduados n\u00e3o licenciados, realizado nos termos da legisla\u00e7\u00e3o espec\u00edfica, com habilita\u00e7\u00e3o espec\u00edfica em Letras\/L\u00edngua Portuguesa.<\/li>\n\n\n\n<li>11) <strong>Matem\u00e1tica<\/strong>: a.11.1) Diploma de gradua\u00e7\u00e3o devidamente registrado de curso superior legalmente reconhecido de Licenciatura Plena em Matem\u00e1tica, expedido por institui\u00e7\u00e3o de ensino superior credenciada; ou a.11.2) Diploma de gradua\u00e7\u00e3o devidamente registrado de curso superior legalmente reconhecido de Licenciatura Plena na \u00e1rea de Matem\u00e1tica, com habilita\u00e7\u00e3o para doc\u00eancia de Matem\u00e1tica nos anos finais do ensino fundamental e no ensino m\u00e9dio; ou a.11.3) Diploma de gradua\u00e7\u00e3o devidamente registrado de curso superior legalmente reconhecido de Bacharelado ou Tecnol\u00f3gico, acrescido de certificado de curso de forma\u00e7\u00e3o pedag\u00f3gica para graduados n\u00e3o licenciados, realizado nos termos da legisla\u00e7\u00e3o espec\u00edfica, com habilita\u00e7\u00e3o espec\u00edfica em Matem\u00e1tica.<\/li>\n\n\n\n<li>12) <strong>Qu\u00edmica<\/strong>: a.12.1) Diploma de gradua\u00e7\u00e3o devidamente registrado de curso superior legalmente reconhecido de Licenciatura Plena em Qu\u00edmica, expedido por institui\u00e7\u00e3o de ensino superior credenciada; ou a.12.2) Diploma de gradua\u00e7\u00e3o devidamente registrado de curso superior legalmente reconhecido de Licenciatura Plena na \u00e1rea de Ci\u00eancias da Natureza, com habilita\u00e7\u00e3o para doc\u00eancia de Qu\u00edmica no ensino m\u00e9dio; ou a.12.3) Diploma de gradua\u00e7\u00e3o devidamente registrado de curso superior legalmente reconhecido de Bacharelado ou Tecnol\u00f3gico, acrescido de certificado de curso de forma\u00e7\u00e3o pedag\u00f3gica para graduados n\u00e3o licenciados, realizado nos termos da legisla\u00e7\u00e3o espec\u00edfica, com habilita\u00e7\u00e3o espec\u00edfica em Qu\u00edmica.<\/li>\n\n\n\n<li>13) <strong>Sociologia<\/strong>: a.13.1) Diploma de gradua\u00e7\u00e3o devidamente registrado de curso superior legalmente reconhecido de Licenciatura Plena em Ci\u00eancias Sociais ou Sociologia, expedido por institui\u00e7\u00e3o de ensino superior credenciada; ou a.13.2) Diploma de gradua\u00e7\u00e3o devidamente registrado de curso superior legalmente reconhecido de Licenciatura Plena na \u00e1rea de Ci\u00eancias Humanas, com habilita\u00e7\u00e3o para doc\u00eancia de Sociologia no ensino m\u00e9dio; ou a.13.3) Diploma de gradua\u00e7\u00e3o devidamente registrado de curso superior legalmente reconhecido de Bacharelado ou Tecnol\u00f3gico, acrescido de certificado de curso de forma\u00e7\u00e3o pedag\u00f3gica para graduados n\u00e3o licenciados, realizado nos termos da legisla\u00e7\u00e3o espec\u00edfica, com habilita\u00e7\u00e3o espec\u00edfica em Sociologia.<\/li>\n\n\n\n<li>14) <strong>Para atuar na Educa\u00e7\u00e3o Especial<\/strong>: Diploma de gradua\u00e7\u00e3o devidamente registrado de curso superior legalmente reconhecido de Licenciatura Plena em Educa\u00e7\u00e3o Especial ou Pedagogia acrescido de certificado de p\u00f3s-gradua\u00e7\u00e3o em Educa\u00e7\u00e3o Especial, expedidos por institui\u00e7\u00e3o de ensino superior credenciada.<\/li>\n\n\n\n<li>b) <strong>Especialista em Educa\u00e7\u00e3o B\u00e1sica &#8211; N\u00edvel I Grau A<\/strong>: b.1) Diploma de gradua\u00e7\u00e3o devidamente registrado de curso superior legalmente reconhecido de Licenciatura Plena em Pedagogia, com habilita\u00e7\u00e3o em Supervis\u00e3o Pedag\u00f3gica ou Orienta\u00e7\u00e3o Educacional, expedido por institui\u00e7\u00e3o de ensino superior credenciada; ou b.2) Diploma de gradua\u00e7\u00e3o devidamente registrado de curso superior legalmente reconhecido de Licenciatura Plena em Pedagogia, regulamentado pela Resolu\u00e7\u00e3o CNE\/CP n\u00ba 01, de 15\/05\/2006, expedido por institui\u00e7\u00e3o de ensino superior credenciada; ou b.3) Diploma de gradua\u00e7\u00e3o devidamente registrado de curso superior legalmente reconhecido de Licenciatura Plena em qualquer \u00e1rea do conhecimento acrescido de certificado de p\u00f3s-gradua\u00e7\u00e3o em Supervis\u00e3o Pedag\u00f3gica ou Orienta\u00e7\u00e3o Educacional, expedidos por institui\u00e7\u00e3o de ensino superior credenciada; ou b.4) Diploma de gradua\u00e7\u00e3o devidamente registrado de curso superior legalmente reconhecido de Licenciatura Plena em qualquer \u00e1rea do conhecimento acrescido de certificado de p\u00f3s-gradua\u00e7\u00e3o em Coordena\u00e7\u00e3o Pedag\u00f3gica ou em Gest\u00e3o Escolar, estruturada em torno do eixo \u201cOrganiza\u00e7\u00e3o do Trabalho Pedag\u00f3gico\u201d, expedidos por institui\u00e7\u00e3o de ensino superior credenciada; ou b.5) Diploma de gradua\u00e7\u00e3o devidamente registrado de curso superior legalmente reconhecido de Bacharelado ou Tecnol\u00f3gico, acrescido de certificado de curso de forma\u00e7\u00e3o pedag\u00f3gica para graduados n\u00e3o licenciados, em qualquer \u00e1rea do conhecimento, realizado nos termos da legisla\u00e7\u00e3o espec\u00edfica, e acrescido de certificado de p\u00f3s-gradua\u00e7\u00e3o em Supervis\u00e3o Pedag\u00f3gica ou Orienta\u00e7\u00e3o Educacional, expedidos por institui\u00e7\u00e3o de ensino superior credenciada; ou b.6) Diploma de gradua\u00e7\u00e3o devidamente registrado de curso superior legalmente reconhecido de Bacharelado ou Tecnol\u00f3gico, acrescido de certificado de curso de forma\u00e7\u00e3o pedag\u00f3gica para graduados n\u00e3o licenciados, em qualquer \u00e1rea do conhecimento, realizado nos termos da legisla\u00e7\u00e3o espec\u00edfica, e acrescido de certificado de p\u00f3s-gradua\u00e7\u00e3o em Coordena\u00e7\u00e3o Pedag\u00f3gica ou em Gest\u00e3o Escolar, estruturada em torno do eixo \u201cOrganiza\u00e7\u00e3o do Trabalho Pedag\u00f3gico\u201d,expedidos por institui\u00e7\u00e3o de ensino superior credenciada;<\/li>\n\n\n\n<li>c) <strong>Analista Educacional &#8211; N\u00edvel I Grau A<\/strong>: c.1) Analista Educacional &#8211; Administrativo\/Pedag\u00f3gico &#8211; atua\u00e7\u00e3o nas \u00e1reas t\u00e9cnico-administrativas e t\u00e9cnicopedag\u00f3gicas: diploma de gradua\u00e7\u00e3o devidamente registrado de curso superior legalmente reconhecido de Bacharelado ou Tecn\u00f3logo em Administra\u00e7\u00e3o, ou Gest\u00e3o P\u00fablica, ou Ci\u00eancias Cont\u00e1beis, ou Ci\u00eancias Econ\u00f4micas, ou Direito, ou Engenharia Civil, ou Arquitetura, ou Ci\u00eancias da Computa\u00e7\u00e3o, ou Inform\u00e1tica, ou Psicologia, ou Servi\u00e7o Social, expedido por institui\u00e7\u00e3o de ensino superior credenciada; ou diploma de gradua\u00e7\u00e3o devidamente registrado de curso superior legalmente reconhecido de Licenciatura Plena em qualquer \u00e1rea do conhecimento ou em Pedagogia, expedido por institui\u00e7\u00e3o de ensino superior credenciada, ou diploma de gradua\u00e7\u00e3o devidamente registrado de curso superior legalmente reconhecido de Bacharelado ou Tecnol\u00f3gico, acrescido de certificado de curso de forma\u00e7\u00e3o pedag\u00f3gica para graduados n\u00e3o licenciados, em qualquer \u00e1rea do conhecimento, realizado nos termos da legisla\u00e7\u00e3o espec\u00edfica, expedidos porInstitui\u00e7\u00e3o de Ensino Superior credenciada. <\/li>\n\n\n\n<li>c.2) <strong>Analista Educacional &#8211; Nutricionista<\/strong>: diploma de gradua\u00e7\u00e3o devidamente registrado de curso superior legalmente reconhecido de Bacharelado em Nutri\u00e7\u00e3o, expedido por institui\u00e7\u00e3o de ensino superior credenciada e registro no(s) \u00f3rg\u00e3o(s) competente(s);<\/li>\n\n\n\n<li>c.3) <strong>Analista Educacional &#8211; Bibliotec\u00e1rio<\/strong>: diploma de gradua\u00e7\u00e3o devidamente registrado de curso superior legalmente reconhecido de Bacharelado em Biblioteconomia, expedido por institui\u00e7\u00e3o de ensino superior credenciada e registro no(s) \u00f3rg\u00e3o(s) competente(s);<\/li>\n\n\n\n<li>d) <strong>Analista Educacional, na fun\u00e7\u00e3o de Inspetor Escolar &#8211; N\u00edvel I Grau A<\/strong>: d.1) Diploma de gradua\u00e7\u00e3o devidamente registrado de curso superior legalmente reconhecido de Licenciatura Plena em Pedagogia, com habilita\u00e7\u00e3o espec\u00edfica em Inspe\u00e7\u00e3o Escolar, expedido por institui\u00e7\u00e3o de ensino superior credenciada; ou d.2) Diploma de gradua\u00e7\u00e3o devidamente registrado de curso superior legalmente reconhecido de Licenciatura Plena em Pedagogia, regulamentado pela Resolu\u00e7\u00e3o CNE\/CP n\u00ba 01, de 15\/05\/2006, expedido por institui\u00e7\u00e3o de ensino superior credenciada; ou d.3) Diploma de gradua\u00e7\u00e3o devidamente registrado de curso superior legalmente reconhecido de Licenciatura Plena em qualquer \u00e1rea do conhecimento, acrescido de certificado de p\u00f3s-gradua\u00e7\u00e3o em Inspe\u00e7\u00e3o Escolar, expedidos por institui\u00e7\u00e3o de ensino superior credenciada; ou d.4) Diploma de gradua\u00e7\u00e3o devidamente registrado de curso superior legalmente reconhecido de Bacharelado ou Tecnol\u00f3gico, acrescido de certificado de curso de forma\u00e7\u00e3o pedag\u00f3gica para graduados n\u00e3o licenciados, em qualquer \u00e1rea do conhecimento, realizado nos termos da legisla\u00e7\u00e3o espec\u00edfica, e acrescido de certificado de p\u00f3s-gradua\u00e7\u00e3o em Inspe\u00e7\u00e3o Escolar, expedidos por institui\u00e7\u00e3o de ensino superior credenciada.<\/li>\n\n\n\n<li>e)<strong> Analista de Educa\u00e7\u00e3o B\u00e1sica &#8211; N\u00edvel I Grau A<\/strong>: \n<ul class=\"wp-block-list\">\n<li>e.1) <strong>Analista de Educa\u00e7\u00e3o B\u00e1sica &#8211; AEB &#8211; N\u00edvel I Grau A &#8211; Psic\u00f3logo<\/strong>: diploma de gradua\u00e7\u00e3o devidamente registrado de curso superior legalmente reconhecido de Bacharelado em Psicologia, expedido por institui\u00e7\u00e3o de ensino superior credenciada e registro no(s) \u00f3rg\u00e3o(s) competente(s);<\/li>\n\n\n\n<li>e.2) <strong>Analista de Educa\u00e7\u00e3o B\u00e1sica &#8211; AEB &#8211; N\u00edvel I Grau A &#8211; Assistente Social<\/strong>: diploma de gradua\u00e7\u00e3o devidamenteregistrado de curso superior legalmente reconhecido de Bacharelado em Servi\u00e7o Social, expedido por institui\u00e7\u00e3o de ensino superior credenciada e registro no(s) \u00f3rg\u00e3o(s) competente(s);<\/li>\n\n\n\n<li>e.3) <strong>Analista de Educa\u00e7\u00e3o B\u00e1sica &#8211; AEB &#8211; N\u00edvel I Grau A &#8211; Terapeuta Ocupacional<\/strong>: diploma de gradua\u00e7\u00e3o devidamente registrado de curso superior legalmente reconhecido de Bacharelado em Terapia Ocupacional, expedido por institui\u00e7\u00e3o de ensino superior credenciada e registro no(s) \u00f3rg\u00e3o(s) competente(s).<\/li>\n\n\n\n<li>f) <strong>T\u00e9cnico da Educa\u00e7\u00e3o &#8211; N\u00edvel I Grau A<\/strong>: diploma de curso t\u00e9cnico, de n\u00edvel m\u00e9dio de escolaridade ou curso de forma\u00e7\u00e3o em n\u00edvel m\u00e9dio na modalidade Normal (Magist\u00e9rio), legalmente reconhecido, expedido por institui\u00e7\u00e3o de ensino credenciada;<\/li>\n\n\n\n<li>g) <strong>Assistente T\u00e9cnico de Educa\u00e7\u00e3o B\u00e1sica &#8211; N\u00edvel I Grau A<\/strong>: diploma de curso t\u00e9cnico, de n\u00edvel m\u00e9dio de escolaridade ou curso de forma\u00e7\u00e3o em n\u00edvel m\u00e9dio na modalidade Normal (Magist\u00e9rio), legalmente reconhecido, expedido por institui\u00e7\u00e3o de ensino credenciada.<\/li>\n<\/ul>\n<\/li>\n<\/ul>\n\n\n\n<h2 class=\"wp-block-heading\" id=\"etapas\">Edital SEE MG Publicado: etapas e provas<\/h2>\n\n\n\n<p>Sob organiza\u00e7\u00e3o da banca Consulplan, os candidatos inscritos no edital do concurso SEE MG ser\u00e3o avaliados por meio da aplica\u00e7\u00e3o das seguintes etapas:<\/p>\n\n\n\n<ul class=\"wp-block-list\">\n<li><strong>Prova objetiva<\/strong> \u2013 eliminat\u00f3rio e classificat\u00f3rio;<\/li>\n\n\n\n<li><strong>Prova discursiva<\/strong> \u2013 eliminat\u00f3rio e classificat\u00f3rio;<\/li>\n\n\n\n<li><strong>Prova de T\u00edtulos<\/strong> (somente n\u00edvel superior) \u2013 classificat\u00f3rio.<\/li>\n<\/ul>\n\n\n\n<h3 class=\"wp-block-heading\" id=\"h-prova-objetiva\">Prova Objetiva<\/h3>\n\n\n\n<p>Para todos os cargos, a Prova Objetiva de M\u00faltipla Escolha, de car\u00e1ter eliminat\u00f3rio e classificat\u00f3rio, ser\u00e1<br \/>composta por 50 (cinquenta) quest\u00f5es, numeradas sequencialmente, com 4 (quatro) alternativas e apenas 1 (uma) resposta correta.<\/p>\n\n\n\n<p>As quest\u00f5es objetivas das disciplinas de Conhecimentos Gerais (L\u00edngua Portuguesa, Matem\u00e1tica Aplicada,<br \/>Direitos Humanos e Legisla\u00e7\u00e3o Educacional) e Conhecimentos Espec\u00edficos ter\u00e3o o valor de 1,6 (um v\u00edrgula seis) ponto cada quest\u00e3o, totalizando 80 (oitenta) pontos.<\/p>\n\n\n\n<h3 class=\"wp-block-heading\" id=\"h-prova-discursiva\">Prova Discursiva<\/h3>\n\n\n\n<p>A Prova de Reda\u00e7\u00e3o, de car\u00e1ter eliminat\u00f3rio e classificat\u00f3rio, consistir\u00e1 na elabora\u00e7\u00e3o de texto dissertativoargumentativo sobre tema in\u00e9dito e atual.<\/p>\n\n\n\n<hr class=\"wp-block-separator has-alpha-channel-opacity\"\/>\n\n\n\n<p class=\"has-text-align-center has-cyan-bluish-gray-background-color has-background has-medium-font-size\"><strong>Saiba mais: <a href=\"https:\/\/www.estrategiaconcursos.com.br\/blog\/concurso-see-mg\/\" target=\"_blank\" rel=\"noreferrer noopener\">Concurso SEE MG<\/a><\/strong><\/p>\n\n\n\n<h2 class=\"wp-block-heading has-text-align-center\" id=\"h-quer-saber-tudo-sobre-concursos-previstos-confira-nossos-artigos\">Quer saber tudo sobre concursos previstos?<br \/>Confira  nossos artigos!<\/h2>\n\n\n\n<ul class=\"wp-block-list\">\n<li><a href=\"https:\/\/www.estrategiaconcursos.com.br\/blog\/concursos-abertos\/\" target=\"_blank\" rel=\"noreferrer noopener\">Concursos abertos<\/a><\/li>\n\n\n\n<li><a href=\"https:\/\/www.estrategiaconcursos.com.br\/blog\/concursos-2025\" target=\"_blank\" rel=\"noreferrer noopener\">Concursos 2025<\/a><\/li>\n\n\n\n<li><a href=\"https:\/\/www.estrategiaconcursos.com.br\/blog\/concursos-2026\/\" target=\"_blank\" rel=\"noreferrer noopener\">Concursos 2026<\/a><\/li>\n\n\n\n<li><a href=\"https:\/\/www.estrategiaconcursos.com.br\/blog\/concursos-educacao\/\" target=\"_blank\" rel=\"noreferrer noopener\">Concursos Educa\u00e7\u00e3o<\/a><\/li>\n<\/ul>\n\n\n\n<h2 class=\"wp-block-heading has-text-align-center\" id=\"h-quer-estudar-para-o-edital-do-concurso-see-mg-que-foi-publicado\">Quer estudar para o edital do concurso SEE MG que foi publicado?<\/h2>\n\n\n\n<div class=\"container\" id=\"boxes\">\n  <div class=\"row\">\n\n    <div class=\"col-sm\">\n      <div class=\"banner-estrategia\" id=\"box-assinatura\">\n        <h3 class=\"titulo-assinatura\">Cursos para concursos<\/h3>\n        <p class=\"subtitulo-assinatura\">Estude conosco<\/p>\n        <div class=\"box-botao\">\n          <a class=\"btn-assinatura\" target=\"_blank\" href=\"https:\/\/www.estrategiaconcursos.com.br\/cursosPorConcurso\/secretaria-de-educacao-minas-gerais-345\/\" role=\"button\" rel=\"noopener noreferrer\">Conhe\u00e7a os cursos<\/a>\n        <\/div>\n      <\/div>\n     \n    <\/div>\n\n  <\/div>\n<\/div>\n\n\n\n<div class=\"container\" id=\"boxes\">\n  <div class=\"row\">\n\n    <div class=\"col-sm\">\n      <div class=\"estrategia\" id=\"box-assinatura\">\n        <h3 class=\"titulo-assinatura\">Assinatura de Concursos<\/h3>\n        <p class=\"subtitulo-assinatura\">Assinatura de 1 ano ou 2 anos<\/p>\n        <div class=\"box-botao\">\n          <a class=\"btn-assinatura\" target=\"_blank\" href=\"https:\/\/www.estrategiaconcursos.com.br\/assinaturas\/\" role=\"button\" rel=\"noopener noreferrer\">ASSINE AGORA<\/a>\n        <\/div>\n      <\/div>\n     \n    <\/div><\/div><\/div>\n\n\n\n<figure class=\"wp-block-image size-large is-resized\"><img loading=\"lazy\" decoding=\"async\" width=\"1024\" height=\"632\" src=\"https:\/\/dhg1h5j42swfq.cloudfront.net\/2025\/06\/27101122\/ficha-tecnica-1-1024x632.png\" alt=\"Informa\u00e7\u00f5es do edital \" class=\"wp-image-702728\" style=\"width:379px;height:auto\" srcset=\"https:\/\/dhg1h5j42swfq.cloudfront.net\/2025\/06\/27101122\/ficha-tecnica-1-1024x632.png 1024w, https:\/\/dhg1h5j42swfq.cloudfront.net\/2025\/06\/27101122\/ficha-tecnica-1-300x185.png 300w, https:\/\/dhg1h5j42swfq.cloudfront.net\/2025\/06\/27101122\/ficha-tecnica-1-768x474.png 768w, https:\/\/dhg1h5j42swfq.cloudfront.net\/2025\/06\/27101122\/ficha-tecnica-1-1536x948.png 1536w, https:\/\/dhg1h5j42swfq.cloudfront.net\/2025\/06\/27101122\/ficha-tecnica-1-610x377.png 610w, https:\/\/dhg1h5j42swfq.cloudfront.net\/2025\/06\/27101122\/ficha-tecnica-1.png 1571w\" sizes=\"auto, (max-width: 1024px) 100vw, 1024px\" \/><\/figure>\n\n\n\n<h3 class=\"wp-block-heading\" id=\"block-ba1614b5-988b-41ef-892d-f4c9f7e9dd42\">Informa\u00e7\u00f5es do edital SEE MG<\/h3>\n\n\n\n<ul id=\"block-46dd482c-33cf-409c-8762-75c111403f14\" class=\"wp-block-list\">\n<li><strong>Provas<\/strong>: 28\/09<\/li>\n\n\n\n<li><strong>Vagas<\/strong>: 13.795 + CR<\/li>\n\n\n\n<li><strong>Cargos<\/strong>: diversos <\/li>\n\n\n\n<li><strong>Banca<\/strong>: Consulplan<\/li>\n\n\n\n<li><strong>Escolaridade<\/strong>: m\u00e9dio e superior <\/li>\n\n\n\n<li><strong>Edital<\/strong>: <a href=\"https:\/\/dhg1h5j42swfq.cloudfront.net\/2025\/04\/16075514\/edital-concurso-see-mg.pdf\" target=\"_blank\" rel=\"noreferrer noopener\">SEE MG 2025<\/a><\/li>\n<\/ul>\n\n\n\n<p><\/p>\n","protected":false},"excerpt":{"rendered":"<p>Grande oportunidade para os profissionais de educa\u00e7\u00e3o, s\u00e3o milhares de oportunidades para voc\u00ea que sonha com a carreira p\u00fablica! O edital do concurso da&nbsp;Secretaria de Educa\u00e7\u00e3o do estado de Minas Gerais&nbsp;(SEE MG) oferece 13.795 vagas distribu\u00eddas entre diversos cargos, sendo: Al\u00e9m disso, tem forma\u00e7\u00e3o de cadastro de reserva. As oportunidades s\u00e3o para n\u00edveis m\u00e9dio e [&hellip;]<\/p>\n","protected":false},"author":2375,"featured_media":1334493,"comment_status":"open","ping_status":"closed","sticky":false,"template":"","format":"standard","meta":{"post_tipo":"news","footnotes":""},"categories":[3766,220219],"tags":[],"tax_estado":[219974],"class_list":["post-1562441","post","type-post","status-publish","format-standard","has-post-thumbnail","hentry","category-educacional","category-noticias","tax_estado-mg"],"acf":[],"yoast_head":"<!-- This site is optimized with the Yoast SEO Premium plugin v27.2 (Yoast SEO v27.2) - https:\/\/yoast.com\/product\/yoast-seo-premium-wordpress\/ -->\n<title>Edital SEE MG: 13.795 vagas! Ganhe at\u00e9 R$ 6,9 mil<\/title>\n<meta name=\"description\" content=\"Edital SEE MG \u00e9 publicado com a oferta de vagas para cargos de n\u00edvel m\u00e9dio e superior. Acesse e confira os detalhes completos!\" \/>\n<meta name=\"robots\" content=\"index, follow, max-snippet:-1, max-image-preview:large, max-video-preview:-1\" \/>\n<link rel=\"canonical\" href=\"https:\/\/www.estrategiaconcursos.com.br\/blog\/concurso-see-mg-edital-publicado-2025\/\" \/>\n<meta property=\"og:locale\" content=\"pt_BR\" \/>\n<meta property=\"og:type\" content=\"article\" \/>\n<meta property=\"og:title\" content=\"Edital SEE MG: 13.795 vagas! Ganhe at\u00e9 R$ 6,9 mil\" \/>\n<meta property=\"og:description\" content=\"Edital SEE MG \u00e9 publicado com a oferta de vagas para cargos de n\u00edvel m\u00e9dio e superior. Acesse e confira os detalhes completos!\" \/>\n<meta property=\"og:url\" content=\"https:\/\/www.estrategiaconcursos.com.br\/blog\/concurso-see-mg-edital-publicado-2025\/\" \/>\n<meta property=\"og:site_name\" content=\"Estrat\u00e9gia Concursos\" \/>\n<meta property=\"article:published_time\" content=\"2025-08-22T12:51:00+00:00\" \/>\n<meta property=\"article:modified_time\" content=\"2025-08-22T12:51:54+00:00\" \/>\n<meta property=\"og:image\" content=\"https:\/\/dhg1h5j42swfq.cloudfront.net\/2024\/01\/11173958\/see-mg.jpg\" \/>\n\t<meta property=\"og:image:width\" content=\"768\" \/>\n\t<meta property=\"og:image:height\" content=\"432\" \/>\n\t<meta property=\"og:image:type\" content=\"image\/jpeg\" \/>\n<meta name=\"author\" content=\"Priscila Almeida\" \/>\n<meta name=\"twitter:card\" content=\"summary_large_image\" \/>\n<meta name=\"twitter:creator\" content=\"@EstratConcursos\" \/>\n<meta name=\"twitter:site\" content=\"@EstratConcursos\" \/>\n<meta name=\"twitter:label1\" content=\"Escrito por\" \/>\n\t<meta name=\"twitter:data1\" content=\"Priscila Almeida\" \/>\n\t<meta name=\"twitter:label2\" content=\"Est. tempo de leitura\" \/>\n\t<meta name=\"twitter:data2\" content=\"19 minutos\" \/>\n<script type=\"application\/ld+json\" class=\"yoast-schema-graph\">{\"@context\":\"https:\/\/schema.org\",\"@graph\":[{\"@type\":\"NewsArticle\",\"@id\":\"https:\/\/www.estrategiaconcursos.com.br\/blog\/concurso-see-mg-edital-publicado-2025\/#article\",\"isPartOf\":{\"@id\":\"https:\/\/www.estrategiaconcursos.com.br\/blog\/concurso-see-mg-edital-publicado-2025\/\"},\"author\":{\"name\":\"Priscila Almeida\",\"@id\":\"https:\/\/www.estrategiaconcursos.com.br\/blog\/#\/schema\/person\/a06e841e501f2e1d8c49c4e8f066bfd1\"},\"headline\":\"Edital SEE MG: 13.795 vagas! Ganhe at\u00e9 R$ 6,9 mil\",\"datePublished\":\"2025-08-22T12:51:00+00:00\",\"dateModified\":\"2025-08-22T12:51:54+00:00\",\"mainEntityOfPage\":{\"@id\":\"https:\/\/www.estrategiaconcursos.com.br\/blog\/concurso-see-mg-edital-publicado-2025\/\"},\"wordCount\":3900,\"commentCount\":0,\"publisher\":{\"@id\":\"https:\/\/www.estrategiaconcursos.com.br\/blog\/#organization\"},\"image\":{\"@id\":\"https:\/\/www.estrategiaconcursos.com.br\/blog\/concurso-see-mg-edital-publicado-2025\/#primaryimage\"},\"thumbnailUrl\":\"https:\/\/dhg1h5j42swfq.cloudfront.net\/2024\/01\/11173958\/see-mg.jpg\",\"articleSection\":[\"Educa\u00e7\u00e3o\",\"\u00daltimas not\u00edcias\"],\"inLanguage\":\"pt-BR\",\"potentialAction\":[{\"@type\":\"CommentAction\",\"name\":\"Comment\",\"target\":[\"https:\/\/www.estrategiaconcursos.com.br\/blog\/concurso-see-mg-edital-publicado-2025\/#respond\"]}],\"copyrightYear\":\"2025\",\"copyrightHolder\":{\"@id\":\"https:\/\/www.estrategiaconcursos.com.br\/blog\/#organization\"}},{\"@type\":\"WebPage\",\"@id\":\"https:\/\/www.estrategiaconcursos.com.br\/blog\/concurso-see-mg-edital-publicado-2025\/\",\"url\":\"https:\/\/www.estrategiaconcursos.com.br\/blog\/concurso-see-mg-edital-publicado-2025\/\",\"name\":\"Edital SEE MG: 13.795 vagas! Ganhe at\u00e9 R$ 6,9 mil\",\"isPartOf\":{\"@id\":\"https:\/\/www.estrategiaconcursos.com.br\/blog\/#website\"},\"primaryImageOfPage\":{\"@id\":\"https:\/\/www.estrategiaconcursos.com.br\/blog\/concurso-see-mg-edital-publicado-2025\/#primaryimage\"},\"image\":{\"@id\":\"https:\/\/www.estrategiaconcursos.com.br\/blog\/concurso-see-mg-edital-publicado-2025\/#primaryimage\"},\"thumbnailUrl\":\"https:\/\/dhg1h5j42swfq.cloudfront.net\/2024\/01\/11173958\/see-mg.jpg\",\"datePublished\":\"2025-08-22T12:51:00+00:00\",\"dateModified\":\"2025-08-22T12:51:54+00:00\",\"description\":\"Edital SEE MG \u00e9 publicado com a oferta de vagas para cargos de n\u00edvel m\u00e9dio e superior. Acesse e confira os detalhes completos!\",\"breadcrumb\":{\"@id\":\"https:\/\/www.estrategiaconcursos.com.br\/blog\/concurso-see-mg-edital-publicado-2025\/#breadcrumb\"},\"inLanguage\":\"pt-BR\",\"potentialAction\":[{\"@type\":\"ReadAction\",\"target\":[\"https:\/\/www.estrategiaconcursos.com.br\/blog\/concurso-see-mg-edital-publicado-2025\/\"]}]},{\"@type\":\"ImageObject\",\"inLanguage\":\"pt-BR\",\"@id\":\"https:\/\/www.estrategiaconcursos.com.br\/blog\/concurso-see-mg-edital-publicado-2025\/#primaryimage\",\"url\":\"https:\/\/dhg1h5j42swfq.cloudfront.net\/2024\/01\/11173958\/see-mg.jpg\",\"contentUrl\":\"https:\/\/dhg1h5j42swfq.cloudfront.net\/2024\/01\/11173958\/see-mg.jpg\",\"width\":768,\"height\":432,\"caption\":\"concurso see mg resultados\"},{\"@type\":\"BreadcrumbList\",\"@id\":\"https:\/\/www.estrategiaconcursos.com.br\/blog\/concurso-see-mg-edital-publicado-2025\/#breadcrumb\",\"itemListElement\":[{\"@type\":\"ListItem\",\"position\":1,\"name\":\"In\u00edcio\",\"item\":\"https:\/\/www.estrategiaconcursos.com.br\/blog\/\"},{\"@type\":\"ListItem\",\"position\":2,\"name\":\"Edital SEE MG: 13.795 vagas! Ganhe at\u00e9 R$ 6,9 mil\"}]},{\"@type\":\"WebSite\",\"@id\":\"https:\/\/www.estrategiaconcursos.com.br\/blog\/#website\",\"url\":\"https:\/\/www.estrategiaconcursos.com.br\/blog\/\",\"name\":\"Estrat\u00e9gia Concursos\",\"description\":\"O blog da Estrat\u00e9gia Concursos traz not\u00edcias sobre concursos e artigos de professores oferecendo cursos para concursos (pdf + videaulas) no site.\",\"publisher\":{\"@id\":\"https:\/\/www.estrategiaconcursos.com.br\/blog\/#organization\"},\"potentialAction\":[{\"@type\":\"SearchAction\",\"target\":{\"@type\":\"EntryPoint\",\"urlTemplate\":\"https:\/\/www.estrategiaconcursos.com.br\/blog\/?s={search_term_string}\"},\"query-input\":{\"@type\":\"PropertyValueSpecification\",\"valueRequired\":true,\"valueName\":\"search_term_string\"}}],\"inLanguage\":\"pt-BR\"},{\"@type\":\"Organization\",\"@id\":\"https:\/\/www.estrategiaconcursos.com.br\/blog\/#organization\",\"name\":\"Estrat\u00e9gia Concursos\",\"url\":\"https:\/\/www.estrategiaconcursos.com.br\/blog\/\",\"logo\":{\"@type\":\"ImageObject\",\"inLanguage\":\"pt-BR\",\"@id\":\"https:\/\/www.estrategiaconcursos.com.br\/blog\/#\/schema\/logo\/image\/\",\"url\":\"https:\/\/dhg1h5j42swfq.cloudfront.net\/2025\/06\/03203428\/logo_concursos-1.jpg\",\"contentUrl\":\"https:\/\/dhg1h5j42swfq.cloudfront.net\/2025\/06\/03203428\/logo_concursos-1.jpg\",\"width\":230,\"height\":60,\"caption\":\"Estrat\u00e9gia Concursos\"},\"image\":{\"@id\":\"https:\/\/www.estrategiaconcursos.com.br\/blog\/#\/schema\/logo\/image\/\"},\"sameAs\":[\"https:\/\/x.com\/EstratConcursos\"]},{\"@type\":\"Person\",\"@id\":\"https:\/\/www.estrategiaconcursos.com.br\/blog\/#\/schema\/person\/a06e841e501f2e1d8c49c4e8f066bfd1\",\"name\":\"Priscila Almeida\",\"image\":{\"@type\":\"ImageObject\",\"inLanguage\":\"pt-BR\",\"@id\":\"https:\/\/secure.gravatar.com\/avatar\/0a963c9e2a947fa675b669cea2b5d0ba6dd1cbf46b966190343b6c9973ad3337?s=96&d=mm&r=g\",\"url\":\"https:\/\/secure.gravatar.com\/avatar\/0a963c9e2a947fa675b669cea2b5d0ba6dd1cbf46b966190343b6c9973ad3337?s=96&d=mm&r=g\",\"contentUrl\":\"https:\/\/secure.gravatar.com\/avatar\/0a963c9e2a947fa675b669cea2b5d0ba6dd1cbf46b966190343b6c9973ad3337?s=96&d=mm&r=g\",\"caption\":\"Priscila Almeida\"},\"description\":\"Atua na \u00e1rea de concursos p\u00fablicos desde 2019. As editorias que mais t\u00eam familiaridade s\u00e3o: Tribunais (TJs; TRTs; TREs; TSTs; STJ, STF, STM e TSE); Defensorias; Minist\u00e9rios P\u00fablicos; Procuradorias; Educa\u00e7\u00e3o e Conselhos. Na \u00e1rea de comunica\u00e7\u00e3o, de maneira geral, a caminhada \u00e9 um pouco mais longa - desde 2007. Possui experi\u00eancia em reda\u00e7\u00f5es de r\u00e1dio, TV, Web e impresso, al\u00e9m de desenvolver trabalhos em assessorias de comunica\u00e7\u00e3o institucional, empresarial e p\u00fablicas. Entre outros trabalhos, se destacam a atua\u00e7\u00e3o nas \u00e1reas de Justi\u00e7a, Congresso, Esportes, Sa\u00fade, Agropecu\u00e1ria, Cidades e Avia\u00e7\u00e3o Civil.\",\"url\":\"https:\/\/www.estrategiaconcursos.com.br\/blog\/author\/priscila-almeidaestrategia-com\/\"}]}<\/script>\n<!-- \/ Yoast SEO Premium plugin. -->","yoast_head_json":{"title":"Edital SEE MG: 13.795 vagas! Ganhe at\u00e9 R$ 6,9 mil","description":"Edital SEE MG \u00e9 publicado com a oferta de vagas para cargos de n\u00edvel m\u00e9dio e superior. Acesse e confira os detalhes completos!","robots":{"index":"index","follow":"follow","max-snippet":"max-snippet:-1","max-image-preview":"max-image-preview:large","max-video-preview":"max-video-preview:-1"},"canonical":"https:\/\/www.estrategiaconcursos.com.br\/blog\/concurso-see-mg-edital-publicado-2025\/","og_locale":"pt_BR","og_type":"article","og_title":"Edital SEE MG: 13.795 vagas! Ganhe at\u00e9 R$ 6,9 mil","og_description":"Edital SEE MG \u00e9 publicado com a oferta de vagas para cargos de n\u00edvel m\u00e9dio e superior. Acesse e confira os detalhes completos!","og_url":"https:\/\/www.estrategiaconcursos.com.br\/blog\/concurso-see-mg-edital-publicado-2025\/","og_site_name":"Estrat\u00e9gia Concursos","article_published_time":"2025-08-22T12:51:00+00:00","article_modified_time":"2025-08-22T12:51:54+00:00","og_image":[{"width":768,"height":432,"url":"https:\/\/dhg1h5j42swfq.cloudfront.net\/2024\/01\/11173958\/see-mg.jpg","type":"image\/jpeg"}],"author":"Priscila Almeida","twitter_card":"summary_large_image","twitter_creator":"@EstratConcursos","twitter_site":"@EstratConcursos","twitter_misc":{"Escrito por":"Priscila Almeida","Est. tempo de leitura":"19 minutos"},"schema":{"@context":"https:\/\/schema.org","@graph":[{"@type":"NewsArticle","@id":"https:\/\/www.estrategiaconcursos.com.br\/blog\/concurso-see-mg-edital-publicado-2025\/#article","isPartOf":{"@id":"https:\/\/www.estrategiaconcursos.com.br\/blog\/concurso-see-mg-edital-publicado-2025\/"},"author":{"name":"Priscila Almeida","@id":"https:\/\/www.estrategiaconcursos.com.br\/blog\/#\/schema\/person\/a06e841e501f2e1d8c49c4e8f066bfd1"},"headline":"Edital SEE MG: 13.795 vagas! Ganhe at\u00e9 R$ 6,9 mil","datePublished":"2025-08-22T12:51:00+00:00","dateModified":"2025-08-22T12:51:54+00:00","mainEntityOfPage":{"@id":"https:\/\/www.estrategiaconcursos.com.br\/blog\/concurso-see-mg-edital-publicado-2025\/"},"wordCount":3900,"commentCount":0,"publisher":{"@id":"https:\/\/www.estrategiaconcursos.com.br\/blog\/#organization"},"image":{"@id":"https:\/\/www.estrategiaconcursos.com.br\/blog\/concurso-see-mg-edital-publicado-2025\/#primaryimage"},"thumbnailUrl":"https:\/\/dhg1h5j42swfq.cloudfront.net\/2024\/01\/11173958\/see-mg.jpg","articleSection":["Educa\u00e7\u00e3o","\u00daltimas not\u00edcias"],"inLanguage":"pt-BR","potentialAction":[{"@type":"CommentAction","name":"Comment","target":["https:\/\/www.estrategiaconcursos.com.br\/blog\/concurso-see-mg-edital-publicado-2025\/#respond"]}],"copyrightYear":"2025","copyrightHolder":{"@id":"https:\/\/www.estrategiaconcursos.com.br\/blog\/#organization"}},{"@type":"WebPage","@id":"https:\/\/www.estrategiaconcursos.com.br\/blog\/concurso-see-mg-edital-publicado-2025\/","url":"https:\/\/www.estrategiaconcursos.com.br\/blog\/concurso-see-mg-edital-publicado-2025\/","name":"Edital SEE MG: 13.795 vagas! Ganhe at\u00e9 R$ 6,9 mil","isPartOf":{"@id":"https:\/\/www.estrategiaconcursos.com.br\/blog\/#website"},"primaryImageOfPage":{"@id":"https:\/\/www.estrategiaconcursos.com.br\/blog\/concurso-see-mg-edital-publicado-2025\/#primaryimage"},"image":{"@id":"https:\/\/www.estrategiaconcursos.com.br\/blog\/concurso-see-mg-edital-publicado-2025\/#primaryimage"},"thumbnailUrl":"https:\/\/dhg1h5j42swfq.cloudfront.net\/2024\/01\/11173958\/see-mg.jpg","datePublished":"2025-08-22T12:51:00+00:00","dateModified":"2025-08-22T12:51:54+00:00","description":"Edital SEE MG \u00e9 publicado com a oferta de vagas para cargos de n\u00edvel m\u00e9dio e superior. Acesse e confira os detalhes completos!","breadcrumb":{"@id":"https:\/\/www.estrategiaconcursos.com.br\/blog\/concurso-see-mg-edital-publicado-2025\/#breadcrumb"},"inLanguage":"pt-BR","potentialAction":[{"@type":"ReadAction","target":["https:\/\/www.estrategiaconcursos.com.br\/blog\/concurso-see-mg-edital-publicado-2025\/"]}]},{"@type":"ImageObject","inLanguage":"pt-BR","@id":"https:\/\/www.estrategiaconcursos.com.br\/blog\/concurso-see-mg-edital-publicado-2025\/#primaryimage","url":"https:\/\/dhg1h5j42swfq.cloudfront.net\/2024\/01\/11173958\/see-mg.jpg","contentUrl":"https:\/\/dhg1h5j42swfq.cloudfront.net\/2024\/01\/11173958\/see-mg.jpg","width":768,"height":432,"caption":"concurso see mg resultados"},{"@type":"BreadcrumbList","@id":"https:\/\/www.estrategiaconcursos.com.br\/blog\/concurso-see-mg-edital-publicado-2025\/#breadcrumb","itemListElement":[{"@type":"ListItem","position":1,"name":"In\u00edcio","item":"https:\/\/www.estrategiaconcursos.com.br\/blog\/"},{"@type":"ListItem","position":2,"name":"Edital SEE MG: 13.795 vagas! Ganhe at\u00e9 R$ 6,9 mil"}]},{"@type":"WebSite","@id":"https:\/\/www.estrategiaconcursos.com.br\/blog\/#website","url":"https:\/\/www.estrategiaconcursos.com.br\/blog\/","name":"Estrat\u00e9gia Concursos","description":"O blog da Estrat\u00e9gia Concursos traz not\u00edcias sobre concursos e artigos de professores oferecendo cursos para concursos (pdf + videaulas) no site.","publisher":{"@id":"https:\/\/www.estrategiaconcursos.com.br\/blog\/#organization"},"potentialAction":[{"@type":"SearchAction","target":{"@type":"EntryPoint","urlTemplate":"https:\/\/www.estrategiaconcursos.com.br\/blog\/?s={search_term_string}"},"query-input":{"@type":"PropertyValueSpecification","valueRequired":true,"valueName":"search_term_string"}}],"inLanguage":"pt-BR"},{"@type":"Organization","@id":"https:\/\/www.estrategiaconcursos.com.br\/blog\/#organization","name":"Estrat\u00e9gia Concursos","url":"https:\/\/www.estrategiaconcursos.com.br\/blog\/","logo":{"@type":"ImageObject","inLanguage":"pt-BR","@id":"https:\/\/www.estrategiaconcursos.com.br\/blog\/#\/schema\/logo\/image\/","url":"https:\/\/dhg1h5j42swfq.cloudfront.net\/2025\/06\/03203428\/logo_concursos-1.jpg","contentUrl":"https:\/\/dhg1h5j42swfq.cloudfront.net\/2025\/06\/03203428\/logo_concursos-1.jpg","width":230,"height":60,"caption":"Estrat\u00e9gia Concursos"},"image":{"@id":"https:\/\/www.estrategiaconcursos.com.br\/blog\/#\/schema\/logo\/image\/"},"sameAs":["https:\/\/x.com\/EstratConcursos"]},{"@type":"Person","@id":"https:\/\/www.estrategiaconcursos.com.br\/blog\/#\/schema\/person\/a06e841e501f2e1d8c49c4e8f066bfd1","name":"Priscila Almeida","image":{"@type":"ImageObject","inLanguage":"pt-BR","@id":"https:\/\/secure.gravatar.com\/avatar\/0a963c9e2a947fa675b669cea2b5d0ba6dd1cbf46b966190343b6c9973ad3337?s=96&d=mm&r=g","url":"https:\/\/secure.gravatar.com\/avatar\/0a963c9e2a947fa675b669cea2b5d0ba6dd1cbf46b966190343b6c9973ad3337?s=96&d=mm&r=g","contentUrl":"https:\/\/secure.gravatar.com\/avatar\/0a963c9e2a947fa675b669cea2b5d0ba6dd1cbf46b966190343b6c9973ad3337?s=96&d=mm&r=g","caption":"Priscila Almeida"},"description":"Atua na \u00e1rea de concursos p\u00fablicos desde 2019. As editorias que mais t\u00eam familiaridade s\u00e3o: Tribunais (TJs; TRTs; TREs; TSTs; STJ, STF, STM e TSE); Defensorias; Minist\u00e9rios P\u00fablicos; Procuradorias; Educa\u00e7\u00e3o e Conselhos. Na \u00e1rea de comunica\u00e7\u00e3o, de maneira geral, a caminhada \u00e9 um pouco mais longa - desde 2007. Possui experi\u00eancia em reda\u00e7\u00f5es de r\u00e1dio, TV, Web e impresso, al\u00e9m de desenvolver trabalhos em assessorias de comunica\u00e7\u00e3o institucional, empresarial e p\u00fablicas. Entre outros trabalhos, se destacam a atua\u00e7\u00e3o nas \u00e1reas de Justi\u00e7a, Congresso, Esportes, Sa\u00fade, Agropecu\u00e1ria, Cidades e Avia\u00e7\u00e3o Civil.","url":"https:\/\/www.estrategiaconcursos.com.br\/blog\/author\/priscila-almeidaestrategia-com\/"}]}},"_links":{"self":[{"href":"https:\/\/www.estrategiaconcursos.com.br\/blog\/wp-json\/wp\/v2\/posts\/1562441","targetHints":{"allow":["GET"]}}],"collection":[{"href":"https:\/\/www.estrategiaconcursos.com.br\/blog\/wp-json\/wp\/v2\/posts"}],"about":[{"href":"https:\/\/www.estrategiaconcursos.com.br\/blog\/wp-json\/wp\/v2\/types\/post"}],"author":[{"embeddable":true,"href":"https:\/\/www.estrategiaconcursos.com.br\/blog\/wp-json\/wp\/v2\/users\/2375"}],"replies":[{"embeddable":true,"href":"https:\/\/www.estrategiaconcursos.com.br\/blog\/wp-json\/wp\/v2\/comments?post=1562441"}],"version-history":[{"count":25,"href":"https:\/\/www.estrategiaconcursos.com.br\/blog\/wp-json\/wp\/v2\/posts\/1562441\/revisions"}],"predecessor-version":[{"id":1627468,"href":"https:\/\/www.estrategiaconcursos.com.br\/blog\/wp-json\/wp\/v2\/posts\/1562441\/revisions\/1627468"}],"wp:featuredmedia":[{"embeddable":true,"href":"https:\/\/www.estrategiaconcursos.com.br\/blog\/wp-json\/wp\/v2\/media\/1334493"}],"wp:attachment":[{"href":"https:\/\/www.estrategiaconcursos.com.br\/blog\/wp-json\/wp\/v2\/media?parent=1562441"}],"wp:term":[{"taxonomy":"category","embeddable":true,"href":"https:\/\/www.estrategiaconcursos.com.br\/blog\/wp-json\/wp\/v2\/categories?post=1562441"},{"taxonomy":"post_tag","embeddable":true,"href":"https:\/\/www.estrategiaconcursos.com.br\/blog\/wp-json\/wp\/v2\/tags?post=1562441"},{"taxonomy":"tax_estado","embeddable":true,"href":"https:\/\/www.estrategiaconcursos.com.br\/blog\/wp-json\/wp\/v2\/tax_estado?post=1562441"}],"curies":[{"name":"wp","href":"https:\/\/api.w.org\/{rel}","templated":true}]}}