{"id":1561511,"date":"2025-04-11T10:44:00","date_gmt":"2025-04-11T13:44:00","guid":{"rendered":"https:\/\/www.estrategiaconcursos.com.br\/blog\/?p=1561511"},"modified":"2025-04-11T12:35:04","modified_gmt":"2025-04-11T15:35:04","slug":"concurso-pm-pb-oficial-edital-utilizara-notas-do-enem","status":"publish","type":"post","link":"https:\/\/www.estrategiaconcursos.com.br\/blog\/concurso-pm-pb-oficial-edital-utilizara-notas-do-enem\/","title":{"rendered":"Concurso PM PB Oficial: edital utilizar\u00e1 notas do ENEM"},"content":{"rendered":"\n<p class=\"has-medium-font-size\"><strong><em>Portaria com informa\u00e7\u00f5es do novo concurso PM PB foi divulgada no Di\u00e1rio Oficial!<\/em><\/strong><\/p>\n\n\n\n<p>Aten\u00e7\u00e3o, corujas: o novo edital do <strong><\/strong><strong><\/strong><strong>concurso PM PB (<a href=\"https:\/\/www.estrategiaconcursos.com.br\/cursosPorConcurso\/policia-militar-da-paraiba-pm-pb\/\" target=\"_blank\" rel=\"noreferrer noopener\">Pol\u00edcia Militar da Para\u00edba<\/a>)<\/strong>, para o cargo de Oficial, utilizar\u00e1 como nota do Exame Intelectual (prova objetiva) a pontua\u00e7\u00e3o do Exame Nacional do Ensino M\u00e9dio (ENEM) de 2025.<\/p>\n\n\n\n<p>A <a href=\"https:\/\/dhg1h5j42swfq.cloudfront.net\/2025\/01\/11105854\/image-2025-04-11t105848-342.png\" target=\"_blank\" rel=\"noreferrer noopener\">portaria<\/a> com as informa\u00e7\u00f5es acerca do novo <strong>Curso de Forma\u00e7\u00e3o de Oficiais (CFO)<\/strong>, para o ano de 2026, foi publicada na edi\u00e7\u00e3o da ultima quinta-feira (10) do Di\u00e1rio Oficial da Para\u00edba.<\/p>\n\n\n\n<p>Vale lembrar que o \u00faltimo concurso para a fun\u00e7\u00e3o, cujo edital foi publicado no ano de 2024, com oferta de <strong>30 vagas<\/strong>, segue em andamento. As avalia\u00e7\u00f5es, tamb\u00e9m por meio do ENEM, ocorreram em <strong>03 e 10 de novembro de 2024<\/strong>.<\/p>\n\n\n\n<p>A \u00faltima movimenta\u00e7\u00e3o deste certame ocorreu em abril de 2025, com a convoca\u00e7\u00e3o para o preenchimento do <a href=\"https:\/\/dhg1h5j42swfq.cloudfront.net\/2025\/04\/11111201\/3174-04042025_140716.pdf\" target=\"_blank\" rel=\"noreferrer noopener\">Formul\u00e1rio de Investiga\u00e7\u00e3o Social (FIS)<\/a>.<\/p>\n\n\n\n<p>A carreira exige forma\u00e7\u00e3o de n\u00edvel superior, idade m\u00ednima de 18 e m\u00e1xima de 32 anos, al\u00e9m de altura m\u00ednima de 1,60m para homens e 1,55m para mulheres. O <strong>sal\u00e1rio \u00e9 de R$ 8.745,75 (2\u00ba Tenente).<\/strong><\/p>\n\n\n\n<p>Ent\u00e3o se o seu objetivo \u00e9 se tornar um oficial da Pol\u00edcia Militar da Para\u00edba, n\u00e3o espere at\u00e9 o edital ser publicado. Conhe\u00e7a os materiais do Estrat\u00e9gia Concursos!<\/p>\n\n\n\n<p class=\"has-text-align-center\"><em>Para mais informa\u00e7\u00f5es do concurso PM PB, acesse o link abaixo. Preparamos um artigo exclusivo para voc\u00ea!<\/em><\/p>\n\n\n\n<p class=\"has-text-align-center has-cyan-bluish-gray-background-color has-background has-medium-font-size\"><strong><a href=\"https:\/\/www.estrategiaconcursos.com.br\/blog\/concurso-pm-pb\/\" target=\"_blank\" rel=\"noreferrer noopener\">Concurso PM PB<\/a><\/strong><\/p>\n\n\n\n<h2 class=\"wp-block-heading has-text-align-center\" id=\"h-quer-saber-tudo-sobre-concursos-previstos-confira-nossos-artigos\">Quer saber tudo sobre concursos previstos?<br \/>Confira nossos artigos!<\/h2>\n\n\n\n<ul class=\"wp-block-list\">\n<li><a href=\"https:\/\/www.estrategiaconcursos.com.br\/blog\/concursos-de-policia\/\" target=\"_blank\" rel=\"noreferrer noopener\">Concursos policiais<\/a><\/li>\n\n\n\n<li><a href=\"https:\/\/www.estrategiaconcursos.com.br\/blog\/concursos-abertos\/\" target=\"_blank\" rel=\"noreferrer noopener\">Concursos abertos<\/a><\/li>\n\n\n\n<li><a href=\"https:\/\/www.estrategiaconcursos.com.br\/blog\/concursos-2025\/\" target=\"_blank\" rel=\"noreferrer noopener\">Concursos 2025<\/a><\/li>\n<\/ul>\n\n\n\n<h2 class=\"wp-block-heading has-text-align-center\" id=\"cursos-assinatura-concurso-pm-pb\">Quer estudar para o concurso PM PB?<\/h2>\n\n\n\n<div class=\"container\" id=\"boxes\">\n  <div class=\"row\">\n\n    <div class=\"col-sm\">\n      <div class=\"banner-policia-militar\" id=\"box-assinatura\">\n        <h3 class=\"titulo-assinatura\">Concurso PM PB<\/h3>\n        <p class=\"subtitulo-assinatura\">Rumo \u00e0 carreira policial dos seus sonhos!<\/p>\n        <div class=\"box-botao\">\n          <a class=\"btn-assinatura\" target=\"_blank\" href=\"https:\/\/www.estrategiaconcursos.com.br\/cursosPorConcurso\/policia-militar-da-paraiba-pm-pb\/\" role=\"button\" rel=\"noopener noreferrer\">INICIAR AGORA<\/a>\n        <\/div>\n      <\/div>\n    \n    <\/div>\n\n  <\/div>\n<\/div>\n\n\n\n<div class=\"container\" id=\"boxes\">\n  <div class=\"row\">\n\n    <div class=\"col-sm\">\n      <div class=\"estrategia\" id=\"box-assinatura\">\n        <h3 class=\"titulo-assinatura\">Assinatura Concursos<\/h3>\n        <p class=\"subtitulo-assinatura\">Assinatura de 1 ano ou 2 anos<\/p>\n        <div class=\"box-botao\">\n          <a class=\"btn-assinatura\" target=\"_blank\" href=\"https:\/\/www.estrategiaconcursos.com.br\/assinaturas\/\" role=\"button\" rel=\"noopener noreferrer\">ASSINE AGORA<\/a>\n        <\/div>\n      <\/div>\n     \n    <\/div><\/div><\/div>\n","protected":false},"excerpt":{"rendered":"<p>Portaria com informa\u00e7\u00f5es do novo concurso PM PB foi divulgada no Di\u00e1rio Oficial! Aten\u00e7\u00e3o, corujas: o novo edital do concurso PM PB (Pol\u00edcia Militar da Para\u00edba), para o cargo de Oficial, utilizar\u00e1 como nota do Exame Intelectual (prova objetiva) a pontua\u00e7\u00e3o do Exame Nacional do Ensino M\u00e9dio (ENEM) de 2025. A portaria com as informa\u00e7\u00f5es [&hellip;]<\/p>\n","protected":false},"author":1483,"featured_media":762929,"comment_status":"open","ping_status":"closed","sticky":false,"template":"","format":"standard","meta":{"post_tipo":"news","footnotes":""},"categories":[220186,220219],"tags":[],"tax_estado":[219978],"class_list":["post-1561511","post","type-post","status-publish","format-standard","has-post-thumbnail","hentry","category-policial-oficial","category-noticias","tax_estado-pb"],"acf":[],"yoast_head":"<!-- This site is optimized with the Yoast SEO Premium plugin v27.2 (Yoast SEO v27.2) - https:\/\/yoast.com\/product\/yoast-seo-premium-wordpress\/ -->\n<title>Concurso PM PB Oficial: edital utilizar\u00e1 notas do ENEM<\/title>\n<meta name=\"description\" content=\"O pr\u00f3ximo concurso PM PB, para o cargo de Oficial, utilizar\u00e1 as notas do ENEM para avalia\u00e7\u00e3o. COnfira os detalhes!\" \/>\n<meta name=\"robots\" content=\"index, follow, max-snippet:-1, max-image-preview:large, max-video-preview:-1\" \/>\n<link rel=\"canonical\" href=\"https:\/\/www.estrategiaconcursos.com.br\/blog\/concurso-pm-pb-oficial-edital-utilizara-notas-do-enem\/\" \/>\n<meta property=\"og:locale\" content=\"pt_BR\" \/>\n<meta property=\"og:type\" content=\"article\" \/>\n<meta property=\"og:title\" content=\"Concurso PM PB Oficial: edital utilizar\u00e1 notas do ENEM\" \/>\n<meta property=\"og:description\" content=\"O pr\u00f3ximo concurso PM PB, para o cargo de Oficial, utilizar\u00e1 as notas do ENEM para avalia\u00e7\u00e3o. COnfira os detalhes!\" \/>\n<meta property=\"og:url\" content=\"https:\/\/www.estrategiaconcursos.com.br\/blog\/concurso-pm-pb-oficial-edital-utilizara-notas-do-enem\/\" \/>\n<meta property=\"og:site_name\" content=\"Estrat\u00e9gia Concursos\" \/>\n<meta property=\"article:published_time\" content=\"2025-04-11T13:44:00+00:00\" \/>\n<meta property=\"article:modified_time\" content=\"2025-04-11T15:35:04+00:00\" \/>\n<meta property=\"og:image\" content=\"https:\/\/dhg1h5j42swfq.cloudfront.net\/2021\/05\/09114807\/pm-pb.jpg\" \/>\n\t<meta property=\"og:image:width\" content=\"768\" \/>\n\t<meta property=\"og:image:height\" content=\"432\" \/>\n\t<meta property=\"og:image:type\" content=\"image\/jpeg\" \/>\n<meta name=\"author\" content=\"Diogo Mendes\" \/>\n<meta name=\"twitter:card\" content=\"summary_large_image\" \/>\n<meta name=\"twitter:creator\" content=\"@EstratConcursos\" \/>\n<meta name=\"twitter:site\" content=\"@EstratConcursos\" \/>\n<meta name=\"twitter:label1\" content=\"Escrito por\" \/>\n\t<meta name=\"twitter:data1\" content=\"Diogo Mendes\" \/>\n\t<meta name=\"twitter:label2\" content=\"Est. tempo de leitura\" \/>\n\t<meta name=\"twitter:data2\" content=\"1 minuto\" \/>\n<script type=\"application\/ld+json\" class=\"yoast-schema-graph\">{\"@context\":\"https:\/\/schema.org\",\"@graph\":[{\"@type\":\"NewsArticle\",\"@id\":\"https:\/\/www.estrategiaconcursos.com.br\/blog\/concurso-pm-pb-oficial-edital-utilizara-notas-do-enem\/#article\",\"isPartOf\":{\"@id\":\"https:\/\/www.estrategiaconcursos.com.br\/blog\/concurso-pm-pb-oficial-edital-utilizara-notas-do-enem\/\"},\"author\":{\"name\":\"Diogo Mendes\",\"@id\":\"https:\/\/www.estrategiaconcursos.com.br\/blog\/#\/schema\/person\/cc9e76173880338ce9f656c88664a1f6\"},\"headline\":\"Concurso PM PB Oficial: edital utilizar\u00e1 notas do ENEM\",\"datePublished\":\"2025-04-11T13:44:00+00:00\",\"dateModified\":\"2025-04-11T15:35:04+00:00\",\"mainEntityOfPage\":{\"@id\":\"https:\/\/www.estrategiaconcursos.com.br\/blog\/concurso-pm-pb-oficial-edital-utilizara-notas-do-enem\/\"},\"wordCount\":297,\"commentCount\":0,\"publisher\":{\"@id\":\"https:\/\/www.estrategiaconcursos.com.br\/blog\/#organization\"},\"image\":{\"@id\":\"https:\/\/www.estrategiaconcursos.com.br\/blog\/concurso-pm-pb-oficial-edital-utilizara-notas-do-enem\/#primaryimage\"},\"thumbnailUrl\":\"https:\/\/dhg1h5j42swfq.cloudfront.net\/2021\/05\/09114807\/pm-pb.jpg\",\"articleSection\":[\"Policial (PM\/BM - Oficial)\",\"\u00daltimas not\u00edcias\"],\"inLanguage\":\"pt-BR\",\"potentialAction\":[{\"@type\":\"CommentAction\",\"name\":\"Comment\",\"target\":[\"https:\/\/www.estrategiaconcursos.com.br\/blog\/concurso-pm-pb-oficial-edital-utilizara-notas-do-enem\/#respond\"]}],\"copyrightYear\":\"2025\",\"copyrightHolder\":{\"@id\":\"https:\/\/www.estrategiaconcursos.com.br\/blog\/#organization\"}},{\"@type\":\"WebPage\",\"@id\":\"https:\/\/www.estrategiaconcursos.com.br\/blog\/concurso-pm-pb-oficial-edital-utilizara-notas-do-enem\/\",\"url\":\"https:\/\/www.estrategiaconcursos.com.br\/blog\/concurso-pm-pb-oficial-edital-utilizara-notas-do-enem\/\",\"name\":\"Concurso PM PB Oficial: edital utilizar\u00e1 notas do ENEM\",\"isPartOf\":{\"@id\":\"https:\/\/www.estrategiaconcursos.com.br\/blog\/#website\"},\"primaryImageOfPage\":{\"@id\":\"https:\/\/www.estrategiaconcursos.com.br\/blog\/concurso-pm-pb-oficial-edital-utilizara-notas-do-enem\/#primaryimage\"},\"image\":{\"@id\":\"https:\/\/www.estrategiaconcursos.com.br\/blog\/concurso-pm-pb-oficial-edital-utilizara-notas-do-enem\/#primaryimage\"},\"thumbnailUrl\":\"https:\/\/dhg1h5j42swfq.cloudfront.net\/2021\/05\/09114807\/pm-pb.jpg\",\"datePublished\":\"2025-04-11T13:44:00+00:00\",\"dateModified\":\"2025-04-11T15:35:04+00:00\",\"description\":\"O pr\u00f3ximo concurso PM PB, para o cargo de Oficial, utilizar\u00e1 as notas do ENEM para avalia\u00e7\u00e3o. COnfira os detalhes!\",\"breadcrumb\":{\"@id\":\"https:\/\/www.estrategiaconcursos.com.br\/blog\/concurso-pm-pb-oficial-edital-utilizara-notas-do-enem\/#breadcrumb\"},\"inLanguage\":\"pt-BR\",\"potentialAction\":[{\"@type\":\"ReadAction\",\"target\":[\"https:\/\/www.estrategiaconcursos.com.br\/blog\/concurso-pm-pb-oficial-edital-utilizara-notas-do-enem\/\"]}]},{\"@type\":\"ImageObject\",\"inLanguage\":\"pt-BR\",\"@id\":\"https:\/\/www.estrategiaconcursos.com.br\/blog\/concurso-pm-pb-oficial-edital-utilizara-notas-do-enem\/#primaryimage\",\"url\":\"https:\/\/dhg1h5j42swfq.cloudfront.net\/2021\/05\/09114807\/pm-pb.jpg\",\"contentUrl\":\"https:\/\/dhg1h5j42swfq.cloudfront.net\/2021\/05\/09114807\/pm-pb.jpg\",\"width\":768,\"height\":432,\"caption\":\"PM PB\"},{\"@type\":\"BreadcrumbList\",\"@id\":\"https:\/\/www.estrategiaconcursos.com.br\/blog\/concurso-pm-pb-oficial-edital-utilizara-notas-do-enem\/#breadcrumb\",\"itemListElement\":[{\"@type\":\"ListItem\",\"position\":1,\"name\":\"In\u00edcio\",\"item\":\"https:\/\/www.estrategiaconcursos.com.br\/blog\/\"},{\"@type\":\"ListItem\",\"position\":2,\"name\":\"Concurso PM PB Oficial: edital utilizar\u00e1 notas do ENEM\"}]},{\"@type\":\"WebSite\",\"@id\":\"https:\/\/www.estrategiaconcursos.com.br\/blog\/#website\",\"url\":\"https:\/\/www.estrategiaconcursos.com.br\/blog\/\",\"name\":\"Estrat\u00e9gia Concursos\",\"description\":\"O blog da Estrat\u00e9gia Concursos traz not\u00edcias sobre concursos e artigos de professores oferecendo cursos para concursos (pdf + videaulas) no site.\",\"publisher\":{\"@id\":\"https:\/\/www.estrategiaconcursos.com.br\/blog\/#organization\"},\"potentialAction\":[{\"@type\":\"SearchAction\",\"target\":{\"@type\":\"EntryPoint\",\"urlTemplate\":\"https:\/\/www.estrategiaconcursos.com.br\/blog\/?s={search_term_string}\"},\"query-input\":{\"@type\":\"PropertyValueSpecification\",\"valueRequired\":true,\"valueName\":\"search_term_string\"}}],\"inLanguage\":\"pt-BR\"},{\"@type\":\"Organization\",\"@id\":\"https:\/\/www.estrategiaconcursos.com.br\/blog\/#organization\",\"name\":\"Estrat\u00e9gia Concursos\",\"url\":\"https:\/\/www.estrategiaconcursos.com.br\/blog\/\",\"logo\":{\"@type\":\"ImageObject\",\"inLanguage\":\"pt-BR\",\"@id\":\"https:\/\/www.estrategiaconcursos.com.br\/blog\/#\/schema\/logo\/image\/\",\"url\":\"https:\/\/dhg1h5j42swfq.cloudfront.net\/2025\/06\/03203428\/logo_concursos-1.jpg\",\"contentUrl\":\"https:\/\/dhg1h5j42swfq.cloudfront.net\/2025\/06\/03203428\/logo_concursos-1.jpg\",\"width\":230,\"height\":60,\"caption\":\"Estrat\u00e9gia Concursos\"},\"image\":{\"@id\":\"https:\/\/www.estrategiaconcursos.com.br\/blog\/#\/schema\/logo\/image\/\"},\"sameAs\":[\"https:\/\/x.com\/EstratConcursos\"]},{\"@type\":\"Person\",\"@id\":\"https:\/\/www.estrategiaconcursos.com.br\/blog\/#\/schema\/person\/cc9e76173880338ce9f656c88664a1f6\",\"name\":\"Diogo Mendes\",\"image\":{\"@type\":\"ImageObject\",\"inLanguage\":\"pt-BR\",\"@id\":\"https:\/\/secure.gravatar.com\/avatar\/9754d6777d460a45ef4067b586b94c32005cc2345a0404b8d96adc620cf63806?s=96&d=mm&r=g\",\"url\":\"https:\/\/secure.gravatar.com\/avatar\/9754d6777d460a45ef4067b586b94c32005cc2345a0404b8d96adc620cf63806?s=96&d=mm&r=g\",\"contentUrl\":\"https:\/\/secure.gravatar.com\/avatar\/9754d6777d460a45ef4067b586b94c32005cc2345a0404b8d96adc620cf63806?s=96&d=mm&r=g\",\"caption\":\"Diogo Mendes\"},\"description\":\"Diogo Mendes \u00e9 jornalista formado pela Universidade Paulista, com experi\u00eancia em reda\u00e7\u00f5es de diversos ve\u00edculos e na produ\u00e7\u00e3o de conte\u00fados especializados em concursos p\u00fablicos. Desde 2019, atua no Estrat\u00e9gia Concursos como Jornalista e Analista de Conte\u00fado, com foco na apura\u00e7\u00e3o de informa\u00e7\u00f5es junto a \u00f3rg\u00e3os e fontes oficiais. Dedica-se especialmente \u00e0 produ\u00e7\u00e3o de not\u00edcias e reportagens sobre Concursos Legislativos, al\u00e9m de acompanhar diariamente os concursos policiais, banc\u00e1rios e da \u00e1rea da sa\u00fade.\",\"url\":\"https:\/\/www.estrategiaconcursos.com.br\/blog\/author\/diogo-mendesestrategiaconcursos-com-br\/\"}]}<\/script>\n<!-- \/ Yoast SEO Premium plugin. -->","yoast_head_json":{"title":"Concurso PM PB Oficial: edital utilizar\u00e1 notas do ENEM","description":"O pr\u00f3ximo concurso PM PB, para o cargo de Oficial, utilizar\u00e1 as notas do ENEM para avalia\u00e7\u00e3o. COnfira os detalhes!","robots":{"index":"index","follow":"follow","max-snippet":"max-snippet:-1","max-image-preview":"max-image-preview:large","max-video-preview":"max-video-preview:-1"},"canonical":"https:\/\/www.estrategiaconcursos.com.br\/blog\/concurso-pm-pb-oficial-edital-utilizara-notas-do-enem\/","og_locale":"pt_BR","og_type":"article","og_title":"Concurso PM PB Oficial: edital utilizar\u00e1 notas do ENEM","og_description":"O pr\u00f3ximo concurso PM PB, para o cargo de Oficial, utilizar\u00e1 as notas do ENEM para avalia\u00e7\u00e3o. COnfira os detalhes!","og_url":"https:\/\/www.estrategiaconcursos.com.br\/blog\/concurso-pm-pb-oficial-edital-utilizara-notas-do-enem\/","og_site_name":"Estrat\u00e9gia Concursos","article_published_time":"2025-04-11T13:44:00+00:00","article_modified_time":"2025-04-11T15:35:04+00:00","og_image":[{"width":768,"height":432,"url":"https:\/\/dhg1h5j42swfq.cloudfront.net\/2021\/05\/09114807\/pm-pb.jpg","type":"image\/jpeg"}],"author":"Diogo Mendes","twitter_card":"summary_large_image","twitter_creator":"@EstratConcursos","twitter_site":"@EstratConcursos","twitter_misc":{"Escrito por":"Diogo Mendes","Est. tempo de leitura":"1 minuto"},"schema":{"@context":"https:\/\/schema.org","@graph":[{"@type":"NewsArticle","@id":"https:\/\/www.estrategiaconcursos.com.br\/blog\/concurso-pm-pb-oficial-edital-utilizara-notas-do-enem\/#article","isPartOf":{"@id":"https:\/\/www.estrategiaconcursos.com.br\/blog\/concurso-pm-pb-oficial-edital-utilizara-notas-do-enem\/"},"author":{"name":"Diogo Mendes","@id":"https:\/\/www.estrategiaconcursos.com.br\/blog\/#\/schema\/person\/cc9e76173880338ce9f656c88664a1f6"},"headline":"Concurso PM PB Oficial: edital utilizar\u00e1 notas do ENEM","datePublished":"2025-04-11T13:44:00+00:00","dateModified":"2025-04-11T15:35:04+00:00","mainEntityOfPage":{"@id":"https:\/\/www.estrategiaconcursos.com.br\/blog\/concurso-pm-pb-oficial-edital-utilizara-notas-do-enem\/"},"wordCount":297,"commentCount":0,"publisher":{"@id":"https:\/\/www.estrategiaconcursos.com.br\/blog\/#organization"},"image":{"@id":"https:\/\/www.estrategiaconcursos.com.br\/blog\/concurso-pm-pb-oficial-edital-utilizara-notas-do-enem\/#primaryimage"},"thumbnailUrl":"https:\/\/dhg1h5j42swfq.cloudfront.net\/2021\/05\/09114807\/pm-pb.jpg","articleSection":["Policial (PM\/BM - Oficial)","\u00daltimas not\u00edcias"],"inLanguage":"pt-BR","potentialAction":[{"@type":"CommentAction","name":"Comment","target":["https:\/\/www.estrategiaconcursos.com.br\/blog\/concurso-pm-pb-oficial-edital-utilizara-notas-do-enem\/#respond"]}],"copyrightYear":"2025","copyrightHolder":{"@id":"https:\/\/www.estrategiaconcursos.com.br\/blog\/#organization"}},{"@type":"WebPage","@id":"https:\/\/www.estrategiaconcursos.com.br\/blog\/concurso-pm-pb-oficial-edital-utilizara-notas-do-enem\/","url":"https:\/\/www.estrategiaconcursos.com.br\/blog\/concurso-pm-pb-oficial-edital-utilizara-notas-do-enem\/","name":"Concurso PM PB Oficial: edital utilizar\u00e1 notas do ENEM","isPartOf":{"@id":"https:\/\/www.estrategiaconcursos.com.br\/blog\/#website"},"primaryImageOfPage":{"@id":"https:\/\/www.estrategiaconcursos.com.br\/blog\/concurso-pm-pb-oficial-edital-utilizara-notas-do-enem\/#primaryimage"},"image":{"@id":"https:\/\/www.estrategiaconcursos.com.br\/blog\/concurso-pm-pb-oficial-edital-utilizara-notas-do-enem\/#primaryimage"},"thumbnailUrl":"https:\/\/dhg1h5j42swfq.cloudfront.net\/2021\/05\/09114807\/pm-pb.jpg","datePublished":"2025-04-11T13:44:00+00:00","dateModified":"2025-04-11T15:35:04+00:00","description":"O pr\u00f3ximo concurso PM PB, para o cargo de Oficial, utilizar\u00e1 as notas do ENEM para avalia\u00e7\u00e3o. COnfira os detalhes!","breadcrumb":{"@id":"https:\/\/www.estrategiaconcursos.com.br\/blog\/concurso-pm-pb-oficial-edital-utilizara-notas-do-enem\/#breadcrumb"},"inLanguage":"pt-BR","potentialAction":[{"@type":"ReadAction","target":["https:\/\/www.estrategiaconcursos.com.br\/blog\/concurso-pm-pb-oficial-edital-utilizara-notas-do-enem\/"]}]},{"@type":"ImageObject","inLanguage":"pt-BR","@id":"https:\/\/www.estrategiaconcursos.com.br\/blog\/concurso-pm-pb-oficial-edital-utilizara-notas-do-enem\/#primaryimage","url":"https:\/\/dhg1h5j42swfq.cloudfront.net\/2021\/05\/09114807\/pm-pb.jpg","contentUrl":"https:\/\/dhg1h5j42swfq.cloudfront.net\/2021\/05\/09114807\/pm-pb.jpg","width":768,"height":432,"caption":"PM PB"},{"@type":"BreadcrumbList","@id":"https:\/\/www.estrategiaconcursos.com.br\/blog\/concurso-pm-pb-oficial-edital-utilizara-notas-do-enem\/#breadcrumb","itemListElement":[{"@type":"ListItem","position":1,"name":"In\u00edcio","item":"https:\/\/www.estrategiaconcursos.com.br\/blog\/"},{"@type":"ListItem","position":2,"name":"Concurso PM PB Oficial: edital utilizar\u00e1 notas do ENEM"}]},{"@type":"WebSite","@id":"https:\/\/www.estrategiaconcursos.com.br\/blog\/#website","url":"https:\/\/www.estrategiaconcursos.com.br\/blog\/","name":"Estrat\u00e9gia Concursos","description":"O blog da Estrat\u00e9gia Concursos traz not\u00edcias sobre concursos e artigos de professores oferecendo cursos para concursos (pdf + videaulas) no site.","publisher":{"@id":"https:\/\/www.estrategiaconcursos.com.br\/blog\/#organization"},"potentialAction":[{"@type":"SearchAction","target":{"@type":"EntryPoint","urlTemplate":"https:\/\/www.estrategiaconcursos.com.br\/blog\/?s={search_term_string}"},"query-input":{"@type":"PropertyValueSpecification","valueRequired":true,"valueName":"search_term_string"}}],"inLanguage":"pt-BR"},{"@type":"Organization","@id":"https:\/\/www.estrategiaconcursos.com.br\/blog\/#organization","name":"Estrat\u00e9gia Concursos","url":"https:\/\/www.estrategiaconcursos.com.br\/blog\/","logo":{"@type":"ImageObject","inLanguage":"pt-BR","@id":"https:\/\/www.estrategiaconcursos.com.br\/blog\/#\/schema\/logo\/image\/","url":"https:\/\/dhg1h5j42swfq.cloudfront.net\/2025\/06\/03203428\/logo_concursos-1.jpg","contentUrl":"https:\/\/dhg1h5j42swfq.cloudfront.net\/2025\/06\/03203428\/logo_concursos-1.jpg","width":230,"height":60,"caption":"Estrat\u00e9gia Concursos"},"image":{"@id":"https:\/\/www.estrategiaconcursos.com.br\/blog\/#\/schema\/logo\/image\/"},"sameAs":["https:\/\/x.com\/EstratConcursos"]},{"@type":"Person","@id":"https:\/\/www.estrategiaconcursos.com.br\/blog\/#\/schema\/person\/cc9e76173880338ce9f656c88664a1f6","name":"Diogo Mendes","image":{"@type":"ImageObject","inLanguage":"pt-BR","@id":"https:\/\/secure.gravatar.com\/avatar\/9754d6777d460a45ef4067b586b94c32005cc2345a0404b8d96adc620cf63806?s=96&d=mm&r=g","url":"https:\/\/secure.gravatar.com\/avatar\/9754d6777d460a45ef4067b586b94c32005cc2345a0404b8d96adc620cf63806?s=96&d=mm&r=g","contentUrl":"https:\/\/secure.gravatar.com\/avatar\/9754d6777d460a45ef4067b586b94c32005cc2345a0404b8d96adc620cf63806?s=96&d=mm&r=g","caption":"Diogo Mendes"},"description":"Diogo Mendes \u00e9 jornalista formado pela Universidade Paulista, com experi\u00eancia em reda\u00e7\u00f5es de diversos ve\u00edculos e na produ\u00e7\u00e3o de conte\u00fados especializados em concursos p\u00fablicos. Desde 2019, atua no Estrat\u00e9gia Concursos como Jornalista e Analista de Conte\u00fado, com foco na apura\u00e7\u00e3o de informa\u00e7\u00f5es junto a \u00f3rg\u00e3os e fontes oficiais. Dedica-se especialmente \u00e0 produ\u00e7\u00e3o de not\u00edcias e reportagens sobre Concursos Legislativos, al\u00e9m de acompanhar diariamente os concursos policiais, banc\u00e1rios e da \u00e1rea da sa\u00fade.","url":"https:\/\/www.estrategiaconcursos.com.br\/blog\/author\/diogo-mendesestrategiaconcursos-com-br\/"}]}},"_links":{"self":[{"href":"https:\/\/www.estrategiaconcursos.com.br\/blog\/wp-json\/wp\/v2\/posts\/1561511","targetHints":{"allow":["GET"]}}],"collection":[{"href":"https:\/\/www.estrategiaconcursos.com.br\/blog\/wp-json\/wp\/v2\/posts"}],"about":[{"href":"https:\/\/www.estrategiaconcursos.com.br\/blog\/wp-json\/wp\/v2\/types\/post"}],"author":[{"embeddable":true,"href":"https:\/\/www.estrategiaconcursos.com.br\/blog\/wp-json\/wp\/v2\/users\/1483"}],"replies":[{"embeddable":true,"href":"https:\/\/www.estrategiaconcursos.com.br\/blog\/wp-json\/wp\/v2\/comments?post=1561511"}],"version-history":[{"count":2,"href":"https:\/\/www.estrategiaconcursos.com.br\/blog\/wp-json\/wp\/v2\/posts\/1561511\/revisions"}],"predecessor-version":[{"id":1561562,"href":"https:\/\/www.estrategiaconcursos.com.br\/blog\/wp-json\/wp\/v2\/posts\/1561511\/revisions\/1561562"}],"wp:featuredmedia":[{"embeddable":true,"href":"https:\/\/www.estrategiaconcursos.com.br\/blog\/wp-json\/wp\/v2\/media\/762929"}],"wp:attachment":[{"href":"https:\/\/www.estrategiaconcursos.com.br\/blog\/wp-json\/wp\/v2\/media?parent=1561511"}],"wp:term":[{"taxonomy":"category","embeddable":true,"href":"https:\/\/www.estrategiaconcursos.com.br\/blog\/wp-json\/wp\/v2\/categories?post=1561511"},{"taxonomy":"post_tag","embeddable":true,"href":"https:\/\/www.estrategiaconcursos.com.br\/blog\/wp-json\/wp\/v2\/tags?post=1561511"},{"taxonomy":"tax_estado","embeddable":true,"href":"https:\/\/www.estrategiaconcursos.com.br\/blog\/wp-json\/wp\/v2\/tax_estado?post=1561511"}],"curies":[{"name":"wp","href":"https:\/\/api.w.org\/{rel}","templated":true}]}}