{"id":1561181,"date":"2025-04-11T09:19:00","date_gmt":"2025-04-11T12:19:00","guid":{"rendered":"https:\/\/www.estrategiaconcursos.com.br\/blog\/?p=1561181"},"modified":"2025-04-11T09:23:02","modified_gmt":"2025-04-11T12:23:02","slug":"concurso-trt-sp-banca","status":"publish","type":"post","link":"https:\/\/www.estrategiaconcursos.com.br\/blog\/concurso-trt-sp-banca\/","title":{"rendered":"Concurso TRT SP define banca; edital na pr\u00f3xima semana!"},"content":{"rendered":"\n<p>O <a href=\"https:\/\/www.estrategiaconcursos.com.br\/cursosPorConcurso\/trt-2-regiao-sao-paulo\/\" target=\"_blank\" rel=\"noreferrer noopener\">Tribunal Regional do Trabalho da 2\u00aa Regi\u00e3o<\/a> <strong>(TRT SP)<\/strong> definiu oficialmente a sua<strong> banca<\/strong> organizadora para um novo<strong> concurso<\/strong>! A <strong>Funda\u00e7\u00e3o Carlos Chagas &#8211; FCC<\/strong> foi a escolhida e vencedora da disputa.<\/p>\n\n\n\n<p>A informa\u00e7\u00e3o foi publicada, nesta quinta-feira (10), pelo pr\u00f3prio tribunal, que <a href=\"https:\/\/ww2.trt2.jus.br\/noticias\/noticias\/noticia\/trt-2-assina-contrato-com-fcc-para-proximo-concurso-edital-sera-publicado-em-breve\" target=\"_blank\" rel=\"noreferrer noopener\">confirmou<\/a> a <strong>publica\u00e7\u00e3o <\/strong>do <strong>edital<\/strong> j\u00e1 na pr\u00f3xima <strong>semana<\/strong>! E o contrato consta em publica\u00e7\u00e3o no Portal Nacional de Contrata\u00e7\u00f5es P\u00fablicas desta sexta-feira (11). <\/p>\n\n\n\n<p>Vale lembrar que, conforme divulgado anteriormente, a sele\u00e7\u00e3o ofertar\u00e1 <strong>07 vagas<\/strong> imediatas mais forma\u00e7\u00e3o de cadastro reserva para <strong>dois cargos<\/strong>.<\/p>\n\n\n\n<p>As carreiras a serem contempladas s\u00e3o de <strong>T\u00e9cnico<\/strong> e <strong>Analista Judici\u00e1rio<\/strong> e suas oportunidades se distribu\u00edram em diversas <strong>especialidades<\/strong>.<\/p>\n\n\n\n<p>E n\u00e3o para por a\u00ed, j\u00e1 que os sal\u00e1rios iniciais s\u00e3o pra l\u00e1 de atrativos! Os valores alcan\u00e7am incr\u00edveis <strong>R$ 9 mil<\/strong> e <strong>R$ 14,8 mil<\/strong>, isso contando gratifica\u00e7\u00f5es e o vencimento b\u00e1sico.<\/p>\n\n\n\n<p>O <strong>TRT SP<\/strong>, inclusive, transformou cerca de <strong>128 cargos<\/strong>, atrav\u00e9s de medida publicada no Di\u00e1rio Oficial do Estado, para viabilizar, de fato, o concurso. Confira a distribui\u00e7\u00e3o dos cargos transformados:<\/p>\n\n\n\n<ul class=\"wp-block-list\">\n<li><a href=\"https:\/\/www.in.gov.br\/web\/dou\/-\/ato-pr-n-125-de-1-de-abril-de-2025-621955729\">70 cargos de Analista Judici\u00e1rio<\/a>&nbsp;\u2013 \u00c1rea Judici\u00e1ria, Especialidade Oficial de Justi\u00e7a Avaliador Federal em:\n<ul class=\"wp-block-list\">\n<li>60 cargos de Analista Judici\u00e1rio \u2013 \u00c1rea Judici\u00e1ria;<\/li>\n\n\n\n<li>01 cargo efetivo vago da carreira de Analista Judici\u00e1rio \u2013 \u00c1rea Apoio Especializado, Especialidade Engenharia Civil;<\/li>\n\n\n\n<li>01 cargo efetivo vago da carreira de Analista Judici\u00e1rio \u2013 \u00c1rea Apoio Especializado, Especialidade Engenharia El\u00e9trica;<\/li>\n\n\n\n<li>01 cargo efetivo vago da carreira de Analista Judici\u00e1rio \u2013 \u00c1rea Apoio Especializado, Especialidade Engenharia Mec\u00e2nica;<\/li>\n\n\n\n<li>05 cargos efetivos vagos da carreira de Analista Judici\u00e1rio \u2013 \u00c1rea Apoio Especializado, Especialidade Tecnologia da Informa\u00e7\u00e3o e<\/li>\n\n\n\n<li>02 cargos efetivos vagos da carreira de Analista Judici\u00e1rio \u2013 \u00c1rea Administrativa.<\/li>\n<\/ul>\n<\/li>\n\n\n\n<li>40 cargos de T\u00e9cnico Judici\u00e1rio \u2013 \u00c1rea Administrativa, Especialidade Agente da Pol\u00edcia Judicial em:\n<ul class=\"wp-block-list\">\n<li>35 cargos efetivos vagos da carreira de T\u00e9cnico Judici\u00e1rio \u2013 \u00c1rea Administrativa e<\/li>\n\n\n\n<li>05 cargos efetivos vagos da carreira de T\u00e9cnico Judici\u00e1rio \u2013 \u00c1rea Apoio Especializado, Especialidade Tecnologia da Informa\u00e7\u00e3o.<\/li>\n<\/ul>\n<\/li>\n\n\n\n<li>02 cargos efetivos vagos da carreira de T\u00e9cnico Judici\u00e1rio \u2013 \u00c1rea Apoio Especializado, Especialidade Digita\u00e7\u00e3o em:\n<ul class=\"wp-block-list\">\n<li>02 cargos efetivos vagos da carreira de T\u00e9cnico Judici\u00e1rio \u2013 \u00c1rea Apoio Especializado, Especialidade Tecnologia da Informa\u00e7\u00e3o.<\/li>\n<\/ul>\n<\/li>\n\n\n\n<li><a href=\"https:\/\/www.in.gov.br\/en\/web\/dou\/-\/ato-pr-n-113-de-31-de-marco-de-2025-621977937\">01 cargo efetivo vago da carreira de T\u00e9cnico Judici\u00e1rio<\/a>&nbsp;\u2013 \u00c1rea Administrativa, Especialidade Artes Gr\u00e1ficas, 03 cargos efetivos vagos da carreira de T\u00e9cnico Judici\u00e1rio \u2013 \u00c1rea Administrativa, Especialidade Copa, 01 cargo efetivo vago da carreira de T\u00e9cnico Judici\u00e1rio \u2013 \u00c1rea Administrativa, Especialidade Edifica\u00e7\u00f5es e Metalurgia, 01 cargo efetivo vago da carreira de T\u00e9cnico Judici\u00e1rio \u2013 \u00c1rea Administrativa, Especialidade Mec\u00e2nica, 08 cargos efetivos vagos da carreira de T\u00e9cnico Judici\u00e1rio \u2013 \u00c1rea Administrativa, Especialidade Portaria e 02 cargos efetivos vagos da carreira de T\u00e9cnico Judici\u00e1rio \u2013 \u00c1rea Administrativa, Especialidade Telefonia, do Quadro Permanente da Secretaria do Tribunal Regional do Trabalho da 2\u00aa Regi\u00e3o em:\n<ul class=\"wp-block-list\">\n<li>16 cargos efetivos vagos da carreira de T\u00e9cnico Judici\u00e1rio \u2013 \u00c1rea Administrativa.<\/li>\n<\/ul>\n<\/li>\n<\/ul>\n\n\n\n<p>Confira no link abaixo o contrato entre o Tribunal e a banca:<\/p>\n\n\n\n<h2 class=\"wp-block-heading has-text-align-center has-very-light-gray-to-cyan-bluish-gray-gradient-background has-background has-medium-font-size\" id=\"h-concurso-trt-sp-contrato-com-a-fcc\">Concurso TRT SP &#8211; <a href=\"https:\/\/dhg1h5j42swfq.cloudfront.net\/2025\/04\/11091857\/034documentocontraton0232025.pdf\" target=\"_blank\" rel=\"noreferrer noopener\">contrato com a FCC<\/a><\/h2>\n\n\n\n<p class=\"has-text-align-center\"><em>Quer saber mais informa\u00e7\u00f5es sobre o concurso TRT SP, al\u00e9m da banca definida? Ent\u00e3o, confira logo abaixo o nosso artigo completo e exclusivo!<\/em><\/p>\n\n\n\n<p class=\"has-text-align-center has-very-light-gray-to-cyan-bluish-gray-gradient-background has-background has-medium-font-size\"><strong>Saiba mais: <a href=\"https:\/\/www.estrategiaconcursos.com.br\/blog\/concurso-trt-sp\/\" target=\"_blank\" rel=\"noreferrer noopener\">TRT SP<\/a><\/strong><\/p>\n\n\n\n<h2 class=\"wp-block-heading has-text-align-center\" id=\"h-quer-saber-tudo-sobre-concursos-previstos-confira-nossos-artigos\">Quer saber tudo sobre concursos previstos? Confira nossos artigos!<\/h2>\n\n\n\n<ul class=\"wp-block-list\">\n<li><a href=\"https:\/\/www.estrategiaconcursos.com.br\/blog\/concursos-abertos\/\" target=\"_blank\" rel=\"noreferrer noopener\">Concursos abertos<\/a><\/li>\n\n\n\n<li><a href=\"https:\/\/www.estrategiaconcursos.com.br\/blog\/concursos-2025\" target=\"_blank\" rel=\"noreferrer noopener\">Concursos 2025<\/a><\/li>\n\n\n\n<li><a href=\"https:\/\/www.estrategiaconcursos.com.br\/blog\/concursos-tribunais\/\">Concursos tribunais<\/a><\/li>\n<\/ul>\n\n\n\n<p class=\"has-text-align-center\"><strong><em>Quer estudar para o Concurso TRT SP?<\/em><\/strong><\/p>\n\n\n\n<p class=\"has-text-align-center\"><em><strong>Gostou desta oportunidade e deseja come\u00e7ar se preparar agora mesmo? Ent\u00e3o, confira os nossos cursos e comece a estudar para o Concurso TRT SP:<\/strong><\/em><\/p>\n\n\n\n<div class=\"row\">\n\n    <div class=\"col-sm\">\n      <div class=\"banner-tribunal\" id=\"box-assinatura\">\n        <h3 class=\"titulo-assinatura\"><span style=\"color: #ffffff;\">Cursos para o concurso TRT-SP<\/span><\/h3>\n        <p class=\"subtitulo-assinatura\">Conhe\u00e7a os cursos<\/p>\n        <div class=\"box-botao\">\n          <a class=\"btn-assinatura\" target=\"_blank\" href=\"https:\/\/www.estrategiaconcursos.com.br\/cursosPorConcurso\/trts-cursos-regulares-62\/\" role=\"button\" rel=\"noopener noreferrer\">Conhe\u00e7a mais<\/a>\n        <\/div>\n      <\/div>\n      <p class=\"texto-auxiliar\">Prepare-se com o melhor material e com quem mais aprova em Concursos P\u00fablicos em todo o pa\u00eds.<\/p>\n    <\/div>\n\n  <\/div>\n","protected":false},"excerpt":{"rendered":"<p>O Tribunal Regional do Trabalho da 2\u00aa Regi\u00e3o (TRT SP) definiu oficialmente a sua banca organizadora para um novo concurso! A Funda\u00e7\u00e3o Carlos Chagas &#8211; FCC foi a escolhida e vencedora da disputa. A informa\u00e7\u00e3o foi publicada, nesta quinta-feira (10), pelo pr\u00f3prio tribunal, que confirmou a publica\u00e7\u00e3o do edital j\u00e1 na pr\u00f3xima semana! E o [&hellip;]<\/p>\n","protected":false},"author":2692,"featured_media":1103445,"comment_status":"open","ping_status":"closed","sticky":false,"template":"","format":"standard","meta":{"post_tipo":"news","footnotes":""},"categories":[1984,220219],"tags":[],"tax_estado":[219989],"class_list":["post-1561181","post","type-post","status-publish","format-standard","has-post-thumbnail","hentry","category-tribunais","category-noticias","tax_estado-sp"],"acf":[],"yoast_head":"<!-- This site is optimized with the Yoast SEO Premium plugin v27.2 (Yoast SEO v27.2) - https:\/\/yoast.com\/product\/yoast-seo-premium-wordpress\/ -->\n<title>Concurso TRT SP define banca; edital na pr\u00f3xima semana!<\/title>\n<meta name=\"description\" content=\"TRT SP definiu oficialmente a sua banca organizadora para a realiza\u00e7\u00e3o de um novo concurso p\u00fablico. Veja todos os detalhes!\" \/>\n<meta name=\"robots\" content=\"index, follow, max-snippet:-1, max-image-preview:large, max-video-preview:-1\" \/>\n<link rel=\"canonical\" href=\"https:\/\/www.estrategiaconcursos.com.br\/blog\/concurso-trt-sp-banca\/\" \/>\n<meta property=\"og:locale\" content=\"pt_BR\" \/>\n<meta property=\"og:type\" content=\"article\" \/>\n<meta property=\"og:title\" content=\"Concurso TRT SP define banca; edital na pr\u00f3xima semana!\" \/>\n<meta property=\"og:description\" content=\"TRT SP definiu oficialmente a sua banca organizadora para a realiza\u00e7\u00e3o de um novo concurso p\u00fablico. Veja todos os detalhes!\" \/>\n<meta property=\"og:url\" content=\"https:\/\/www.estrategiaconcursos.com.br\/blog\/concurso-trt-sp-banca\/\" \/>\n<meta property=\"og:site_name\" content=\"Estrat\u00e9gia Concursos\" \/>\n<meta property=\"article:published_time\" content=\"2025-04-11T12:19:00+00:00\" \/>\n<meta property=\"article:modified_time\" content=\"2025-04-11T12:23:02+00:00\" \/>\n<meta property=\"og:image\" content=\"https:\/\/dhg1h5j42swfq.cloudfront.net\/2022\/09\/30170406\/trt_sp.jpg\" \/>\n\t<meta property=\"og:image:width\" content=\"768\" \/>\n\t<meta property=\"og:image:height\" content=\"432\" \/>\n\t<meta property=\"og:image:type\" content=\"image\/jpeg\" \/>\n<meta name=\"author\" content=\"Ronaldo Scanavini Neto\" \/>\n<meta name=\"twitter:card\" content=\"summary_large_image\" \/>\n<meta name=\"twitter:creator\" content=\"@EstratConcursos\" \/>\n<meta name=\"twitter:site\" content=\"@EstratConcursos\" \/>\n<meta name=\"twitter:label1\" content=\"Escrito por\" \/>\n\t<meta name=\"twitter:data1\" content=\"Ronaldo Scanavini Neto\" \/>\n\t<meta name=\"twitter:label2\" content=\"Est. tempo de leitura\" \/>\n\t<meta name=\"twitter:data2\" content=\"3 minutos\" \/>\n<script type=\"application\/ld+json\" class=\"yoast-schema-graph\">{\"@context\":\"https:\/\/schema.org\",\"@graph\":[{\"@type\":\"NewsArticle\",\"@id\":\"https:\/\/www.estrategiaconcursos.com.br\/blog\/concurso-trt-sp-banca\/#article\",\"isPartOf\":{\"@id\":\"https:\/\/www.estrategiaconcursos.com.br\/blog\/concurso-trt-sp-banca\/\"},\"author\":{\"name\":\"Ronaldo Scanavini Neto\",\"@id\":\"https:\/\/www.estrategiaconcursos.com.br\/blog\/#\/schema\/person\/70c2ad4297aa24ff8815b08215b23a76\"},\"headline\":\"Concurso TRT SP define banca; edital na pr\u00f3xima semana!\",\"datePublished\":\"2025-04-11T12:19:00+00:00\",\"dateModified\":\"2025-04-11T12:23:02+00:00\",\"mainEntityOfPage\":{\"@id\":\"https:\/\/www.estrategiaconcursos.com.br\/blog\/concurso-trt-sp-banca\/\"},\"wordCount\":626,\"commentCount\":0,\"publisher\":{\"@id\":\"https:\/\/www.estrategiaconcursos.com.br\/blog\/#organization\"},\"image\":{\"@id\":\"https:\/\/www.estrategiaconcursos.com.br\/blog\/concurso-trt-sp-banca\/#primaryimage\"},\"thumbnailUrl\":\"https:\/\/dhg1h5j42swfq.cloudfront.net\/2022\/09\/30170406\/trt_sp.jpg\",\"articleSection\":[\"Tribunais\",\"\u00daltimas not\u00edcias\"],\"inLanguage\":\"pt-BR\",\"potentialAction\":[{\"@type\":\"CommentAction\",\"name\":\"Comment\",\"target\":[\"https:\/\/www.estrategiaconcursos.com.br\/blog\/concurso-trt-sp-banca\/#respond\"]}],\"copyrightYear\":\"2025\",\"copyrightHolder\":{\"@id\":\"https:\/\/www.estrategiaconcursos.com.br\/blog\/#organization\"}},{\"@type\":\"WebPage\",\"@id\":\"https:\/\/www.estrategiaconcursos.com.br\/blog\/concurso-trt-sp-banca\/\",\"url\":\"https:\/\/www.estrategiaconcursos.com.br\/blog\/concurso-trt-sp-banca\/\",\"name\":\"Concurso TRT SP define banca; edital na pr\u00f3xima semana!\",\"isPartOf\":{\"@id\":\"https:\/\/www.estrategiaconcursos.com.br\/blog\/#website\"},\"primaryImageOfPage\":{\"@id\":\"https:\/\/www.estrategiaconcursos.com.br\/blog\/concurso-trt-sp-banca\/#primaryimage\"},\"image\":{\"@id\":\"https:\/\/www.estrategiaconcursos.com.br\/blog\/concurso-trt-sp-banca\/#primaryimage\"},\"thumbnailUrl\":\"https:\/\/dhg1h5j42swfq.cloudfront.net\/2022\/09\/30170406\/trt_sp.jpg\",\"datePublished\":\"2025-04-11T12:19:00+00:00\",\"dateModified\":\"2025-04-11T12:23:02+00:00\",\"description\":\"TRT SP definiu oficialmente a sua banca organizadora para a realiza\u00e7\u00e3o de um novo concurso p\u00fablico. Veja todos os detalhes!\",\"breadcrumb\":{\"@id\":\"https:\/\/www.estrategiaconcursos.com.br\/blog\/concurso-trt-sp-banca\/#breadcrumb\"},\"inLanguage\":\"pt-BR\",\"potentialAction\":[{\"@type\":\"ReadAction\",\"target\":[\"https:\/\/www.estrategiaconcursos.com.br\/blog\/concurso-trt-sp-banca\/\"]}]},{\"@type\":\"ImageObject\",\"inLanguage\":\"pt-BR\",\"@id\":\"https:\/\/www.estrategiaconcursos.com.br\/blog\/concurso-trt-sp-banca\/#primaryimage\",\"url\":\"https:\/\/dhg1h5j42swfq.cloudfront.net\/2022\/09\/30170406\/trt_sp.jpg\",\"contentUrl\":\"https:\/\/dhg1h5j42swfq.cloudfront.net\/2022\/09\/30170406\/trt_sp.jpg\",\"width\":768,\"height\":432,\"caption\":\"candidatos do concurso TRT SP\"},{\"@type\":\"BreadcrumbList\",\"@id\":\"https:\/\/www.estrategiaconcursos.com.br\/blog\/concurso-trt-sp-banca\/#breadcrumb\",\"itemListElement\":[{\"@type\":\"ListItem\",\"position\":1,\"name\":\"In\u00edcio\",\"item\":\"https:\/\/www.estrategiaconcursos.com.br\/blog\/\"},{\"@type\":\"ListItem\",\"position\":2,\"name\":\"Concurso TRT SP define banca; edital na pr\u00f3xima semana!\"}]},{\"@type\":\"WebSite\",\"@id\":\"https:\/\/www.estrategiaconcursos.com.br\/blog\/#website\",\"url\":\"https:\/\/www.estrategiaconcursos.com.br\/blog\/\",\"name\":\"Estrat\u00e9gia Concursos\",\"description\":\"O blog da Estrat\u00e9gia Concursos traz not\u00edcias sobre concursos e artigos de professores oferecendo cursos para concursos (pdf + videaulas) no site.\",\"publisher\":{\"@id\":\"https:\/\/www.estrategiaconcursos.com.br\/blog\/#organization\"},\"potentialAction\":[{\"@type\":\"SearchAction\",\"target\":{\"@type\":\"EntryPoint\",\"urlTemplate\":\"https:\/\/www.estrategiaconcursos.com.br\/blog\/?s={search_term_string}\"},\"query-input\":{\"@type\":\"PropertyValueSpecification\",\"valueRequired\":true,\"valueName\":\"search_term_string\"}}],\"inLanguage\":\"pt-BR\"},{\"@type\":\"Organization\",\"@id\":\"https:\/\/www.estrategiaconcursos.com.br\/blog\/#organization\",\"name\":\"Estrat\u00e9gia Concursos\",\"url\":\"https:\/\/www.estrategiaconcursos.com.br\/blog\/\",\"logo\":{\"@type\":\"ImageObject\",\"inLanguage\":\"pt-BR\",\"@id\":\"https:\/\/www.estrategiaconcursos.com.br\/blog\/#\/schema\/logo\/image\/\",\"url\":\"https:\/\/dhg1h5j42swfq.cloudfront.net\/2025\/06\/03203428\/logo_concursos-1.jpg\",\"contentUrl\":\"https:\/\/dhg1h5j42swfq.cloudfront.net\/2025\/06\/03203428\/logo_concursos-1.jpg\",\"width\":230,\"height\":60,\"caption\":\"Estrat\u00e9gia Concursos\"},\"image\":{\"@id\":\"https:\/\/www.estrategiaconcursos.com.br\/blog\/#\/schema\/logo\/image\/\"},\"sameAs\":[\"https:\/\/x.com\/EstratConcursos\"]},{\"@type\":\"Person\",\"@id\":\"https:\/\/www.estrategiaconcursos.com.br\/blog\/#\/schema\/person\/70c2ad4297aa24ff8815b08215b23a76\",\"name\":\"Ronaldo Scanavini Neto\",\"image\":{\"@type\":\"ImageObject\",\"inLanguage\":\"pt-BR\",\"@id\":\"https:\/\/secure.gravatar.com\/avatar\/f93d8e56fe264596e94aee6b3feb737d98ad0fc5bac7eb0a245f04723c5c8f21?s=96&d=mm&r=g\",\"url\":\"https:\/\/secure.gravatar.com\/avatar\/f93d8e56fe264596e94aee6b3feb737d98ad0fc5bac7eb0a245f04723c5c8f21?s=96&d=mm&r=g\",\"contentUrl\":\"https:\/\/secure.gravatar.com\/avatar\/f93d8e56fe264596e94aee6b3feb737d98ad0fc5bac7eb0a245f04723c5c8f21?s=96&d=mm&r=g\",\"caption\":\"Ronaldo Scanavini Neto\"},\"description\":\"Graduando em Comunica\u00e7\u00e3o Social \u2013 Jornalismo pela Universidade Federal de Vi\u00e7osa (UFV). Integra a equipe de jornalismo do Estrat\u00e9gia Concursos desde 2023, atuando com \u00eanfase na cobertura da \u00e1rea fiscal. Tamb\u00e9m realiza a apura\u00e7\u00e3o e produ\u00e7\u00e3o de not\u00edcias sobre concursos federais, \u00f3rg\u00e3os participantes do CNU e das \u00e1reas de controle, gest\u00e3o, engenharia, Exame CFC, comunica\u00e7\u00e3o social TI e \u00e1rea de concursos administrativos.\",\"url\":\"https:\/\/www.estrategiaconcursos.com.br\/blog\/author\/ronaldo-netoestrategia-com\/\"}]}<\/script>\n<!-- \/ Yoast SEO Premium plugin. -->","yoast_head_json":{"title":"Concurso TRT SP define banca; edital na pr\u00f3xima semana!","description":"TRT SP definiu oficialmente a sua banca organizadora para a realiza\u00e7\u00e3o de um novo concurso p\u00fablico. Veja todos os detalhes!","robots":{"index":"index","follow":"follow","max-snippet":"max-snippet:-1","max-image-preview":"max-image-preview:large","max-video-preview":"max-video-preview:-1"},"canonical":"https:\/\/www.estrategiaconcursos.com.br\/blog\/concurso-trt-sp-banca\/","og_locale":"pt_BR","og_type":"article","og_title":"Concurso TRT SP define banca; edital na pr\u00f3xima semana!","og_description":"TRT SP definiu oficialmente a sua banca organizadora para a realiza\u00e7\u00e3o de um novo concurso p\u00fablico. Veja todos os detalhes!","og_url":"https:\/\/www.estrategiaconcursos.com.br\/blog\/concurso-trt-sp-banca\/","og_site_name":"Estrat\u00e9gia Concursos","article_published_time":"2025-04-11T12:19:00+00:00","article_modified_time":"2025-04-11T12:23:02+00:00","og_image":[{"width":768,"height":432,"url":"https:\/\/dhg1h5j42swfq.cloudfront.net\/2022\/09\/30170406\/trt_sp.jpg","type":"image\/jpeg"}],"author":"Ronaldo Scanavini Neto","twitter_card":"summary_large_image","twitter_creator":"@EstratConcursos","twitter_site":"@EstratConcursos","twitter_misc":{"Escrito por":"Ronaldo Scanavini Neto","Est. tempo de leitura":"3 minutos"},"schema":{"@context":"https:\/\/schema.org","@graph":[{"@type":"NewsArticle","@id":"https:\/\/www.estrategiaconcursos.com.br\/blog\/concurso-trt-sp-banca\/#article","isPartOf":{"@id":"https:\/\/www.estrategiaconcursos.com.br\/blog\/concurso-trt-sp-banca\/"},"author":{"name":"Ronaldo Scanavini Neto","@id":"https:\/\/www.estrategiaconcursos.com.br\/blog\/#\/schema\/person\/70c2ad4297aa24ff8815b08215b23a76"},"headline":"Concurso TRT SP define banca; edital na pr\u00f3xima semana!","datePublished":"2025-04-11T12:19:00+00:00","dateModified":"2025-04-11T12:23:02+00:00","mainEntityOfPage":{"@id":"https:\/\/www.estrategiaconcursos.com.br\/blog\/concurso-trt-sp-banca\/"},"wordCount":626,"commentCount":0,"publisher":{"@id":"https:\/\/www.estrategiaconcursos.com.br\/blog\/#organization"},"image":{"@id":"https:\/\/www.estrategiaconcursos.com.br\/blog\/concurso-trt-sp-banca\/#primaryimage"},"thumbnailUrl":"https:\/\/dhg1h5j42swfq.cloudfront.net\/2022\/09\/30170406\/trt_sp.jpg","articleSection":["Tribunais","\u00daltimas not\u00edcias"],"inLanguage":"pt-BR","potentialAction":[{"@type":"CommentAction","name":"Comment","target":["https:\/\/www.estrategiaconcursos.com.br\/blog\/concurso-trt-sp-banca\/#respond"]}],"copyrightYear":"2025","copyrightHolder":{"@id":"https:\/\/www.estrategiaconcursos.com.br\/blog\/#organization"}},{"@type":"WebPage","@id":"https:\/\/www.estrategiaconcursos.com.br\/blog\/concurso-trt-sp-banca\/","url":"https:\/\/www.estrategiaconcursos.com.br\/blog\/concurso-trt-sp-banca\/","name":"Concurso TRT SP define banca; edital na pr\u00f3xima semana!","isPartOf":{"@id":"https:\/\/www.estrategiaconcursos.com.br\/blog\/#website"},"primaryImageOfPage":{"@id":"https:\/\/www.estrategiaconcursos.com.br\/blog\/concurso-trt-sp-banca\/#primaryimage"},"image":{"@id":"https:\/\/www.estrategiaconcursos.com.br\/blog\/concurso-trt-sp-banca\/#primaryimage"},"thumbnailUrl":"https:\/\/dhg1h5j42swfq.cloudfront.net\/2022\/09\/30170406\/trt_sp.jpg","datePublished":"2025-04-11T12:19:00+00:00","dateModified":"2025-04-11T12:23:02+00:00","description":"TRT SP definiu oficialmente a sua banca organizadora para a realiza\u00e7\u00e3o de um novo concurso p\u00fablico. Veja todos os detalhes!","breadcrumb":{"@id":"https:\/\/www.estrategiaconcursos.com.br\/blog\/concurso-trt-sp-banca\/#breadcrumb"},"inLanguage":"pt-BR","potentialAction":[{"@type":"ReadAction","target":["https:\/\/www.estrategiaconcursos.com.br\/blog\/concurso-trt-sp-banca\/"]}]},{"@type":"ImageObject","inLanguage":"pt-BR","@id":"https:\/\/www.estrategiaconcursos.com.br\/blog\/concurso-trt-sp-banca\/#primaryimage","url":"https:\/\/dhg1h5j42swfq.cloudfront.net\/2022\/09\/30170406\/trt_sp.jpg","contentUrl":"https:\/\/dhg1h5j42swfq.cloudfront.net\/2022\/09\/30170406\/trt_sp.jpg","width":768,"height":432,"caption":"candidatos do concurso TRT SP"},{"@type":"BreadcrumbList","@id":"https:\/\/www.estrategiaconcursos.com.br\/blog\/concurso-trt-sp-banca\/#breadcrumb","itemListElement":[{"@type":"ListItem","position":1,"name":"In\u00edcio","item":"https:\/\/www.estrategiaconcursos.com.br\/blog\/"},{"@type":"ListItem","position":2,"name":"Concurso TRT SP define banca; edital na pr\u00f3xima semana!"}]},{"@type":"WebSite","@id":"https:\/\/www.estrategiaconcursos.com.br\/blog\/#website","url":"https:\/\/www.estrategiaconcursos.com.br\/blog\/","name":"Estrat\u00e9gia Concursos","description":"O blog da Estrat\u00e9gia Concursos traz not\u00edcias sobre concursos e artigos de professores oferecendo cursos para concursos (pdf + videaulas) no site.","publisher":{"@id":"https:\/\/www.estrategiaconcursos.com.br\/blog\/#organization"},"potentialAction":[{"@type":"SearchAction","target":{"@type":"EntryPoint","urlTemplate":"https:\/\/www.estrategiaconcursos.com.br\/blog\/?s={search_term_string}"},"query-input":{"@type":"PropertyValueSpecification","valueRequired":true,"valueName":"search_term_string"}}],"inLanguage":"pt-BR"},{"@type":"Organization","@id":"https:\/\/www.estrategiaconcursos.com.br\/blog\/#organization","name":"Estrat\u00e9gia Concursos","url":"https:\/\/www.estrategiaconcursos.com.br\/blog\/","logo":{"@type":"ImageObject","inLanguage":"pt-BR","@id":"https:\/\/www.estrategiaconcursos.com.br\/blog\/#\/schema\/logo\/image\/","url":"https:\/\/dhg1h5j42swfq.cloudfront.net\/2025\/06\/03203428\/logo_concursos-1.jpg","contentUrl":"https:\/\/dhg1h5j42swfq.cloudfront.net\/2025\/06\/03203428\/logo_concursos-1.jpg","width":230,"height":60,"caption":"Estrat\u00e9gia Concursos"},"image":{"@id":"https:\/\/www.estrategiaconcursos.com.br\/blog\/#\/schema\/logo\/image\/"},"sameAs":["https:\/\/x.com\/EstratConcursos"]},{"@type":"Person","@id":"https:\/\/www.estrategiaconcursos.com.br\/blog\/#\/schema\/person\/70c2ad4297aa24ff8815b08215b23a76","name":"Ronaldo Scanavini Neto","image":{"@type":"ImageObject","inLanguage":"pt-BR","@id":"https:\/\/secure.gravatar.com\/avatar\/f93d8e56fe264596e94aee6b3feb737d98ad0fc5bac7eb0a245f04723c5c8f21?s=96&d=mm&r=g","url":"https:\/\/secure.gravatar.com\/avatar\/f93d8e56fe264596e94aee6b3feb737d98ad0fc5bac7eb0a245f04723c5c8f21?s=96&d=mm&r=g","contentUrl":"https:\/\/secure.gravatar.com\/avatar\/f93d8e56fe264596e94aee6b3feb737d98ad0fc5bac7eb0a245f04723c5c8f21?s=96&d=mm&r=g","caption":"Ronaldo Scanavini Neto"},"description":"Graduando em Comunica\u00e7\u00e3o Social \u2013 Jornalismo pela Universidade Federal de Vi\u00e7osa (UFV). Integra a equipe de jornalismo do Estrat\u00e9gia Concursos desde 2023, atuando com \u00eanfase na cobertura da \u00e1rea fiscal. Tamb\u00e9m realiza a apura\u00e7\u00e3o e produ\u00e7\u00e3o de not\u00edcias sobre concursos federais, \u00f3rg\u00e3os participantes do CNU e das \u00e1reas de controle, gest\u00e3o, engenharia, Exame CFC, comunica\u00e7\u00e3o social TI e \u00e1rea de concursos administrativos.","url":"https:\/\/www.estrategiaconcursos.com.br\/blog\/author\/ronaldo-netoestrategia-com\/"}]}},"_links":{"self":[{"href":"https:\/\/www.estrategiaconcursos.com.br\/blog\/wp-json\/wp\/v2\/posts\/1561181","targetHints":{"allow":["GET"]}}],"collection":[{"href":"https:\/\/www.estrategiaconcursos.com.br\/blog\/wp-json\/wp\/v2\/posts"}],"about":[{"href":"https:\/\/www.estrategiaconcursos.com.br\/blog\/wp-json\/wp\/v2\/types\/post"}],"author":[{"embeddable":true,"href":"https:\/\/www.estrategiaconcursos.com.br\/blog\/wp-json\/wp\/v2\/users\/2692"}],"replies":[{"embeddable":true,"href":"https:\/\/www.estrategiaconcursos.com.br\/blog\/wp-json\/wp\/v2\/comments?post=1561181"}],"version-history":[{"count":7,"href":"https:\/\/www.estrategiaconcursos.com.br\/blog\/wp-json\/wp\/v2\/posts\/1561181\/revisions"}],"predecessor-version":[{"id":1561378,"href":"https:\/\/www.estrategiaconcursos.com.br\/blog\/wp-json\/wp\/v2\/posts\/1561181\/revisions\/1561378"}],"wp:featuredmedia":[{"embeddable":true,"href":"https:\/\/www.estrategiaconcursos.com.br\/blog\/wp-json\/wp\/v2\/media\/1103445"}],"wp:attachment":[{"href":"https:\/\/www.estrategiaconcursos.com.br\/blog\/wp-json\/wp\/v2\/media?parent=1561181"}],"wp:term":[{"taxonomy":"category","embeddable":true,"href":"https:\/\/www.estrategiaconcursos.com.br\/blog\/wp-json\/wp\/v2\/categories?post=1561181"},{"taxonomy":"post_tag","embeddable":true,"href":"https:\/\/www.estrategiaconcursos.com.br\/blog\/wp-json\/wp\/v2\/tags?post=1561181"},{"taxonomy":"tax_estado","embeddable":true,"href":"https:\/\/www.estrategiaconcursos.com.br\/blog\/wp-json\/wp\/v2\/tax_estado?post=1561181"}],"curies":[{"name":"wp","href":"https:\/\/api.w.org\/{rel}","templated":true}]}}