{"id":1560094,"date":"2025-04-09T09:20:10","date_gmt":"2025-04-09T12:20:10","guid":{"rendered":"https:\/\/www.estrategiaconcursos.com.br\/blog\/?p=1560094"},"modified":"2026-01-12T14:53:31","modified_gmt":"2026-01-12T17:53:31","slug":"concurso-conrerp2-sp-pr","status":"publish","type":"post","link":"https:\/\/www.estrategiaconcursos.com.br\/blog\/concurso-conrerp2-sp-pr\/","title":{"rendered":"Concurso Conrerp 2: banca definida para novo edital"},"content":{"rendered":"\n<p>O <a href=\"https:\/\/www.estrategiaconcursos.com.br\/pesquisa\/?q=Concurso+Conrerp+2\" target=\"_blank\" rel=\"noreferrer noopener\">Conselho Regional de Profissionais de Rela\u00e7\u00f5es P\u00fablicas 2\u00aa Regi\u00e3o<\/a> (S\u00e3o Paulo e Paran\u00e1) definiu o Instituto Quadrix como banca organizadora do novo <strong>concurso Conrerp 2<\/strong>. <\/p>\n\n\n\n<p>De acordo com a p\u00e1gina do certame criada no endere\u00e7o eletr\u00f4nico da banca, as oportunidades ser\u00e3o para S\u00e3o Paulo (SP). <\/p>\n\n\n\n<p>As vagas ser\u00e3o para cargos de n\u00edveis m\u00e9dio e superior de forma\u00e7\u00e3o e as remunera\u00e7\u00f5es iniciais ser\u00e3o de at\u00e9 R$ 3.200, 00.<\/p>\n\n\n\n<ul class=\"wp-block-list has-very-light-gray-to-cyan-bluish-gray-gradient-background has-background\">\n<li><strong>Status<\/strong>: banca definida <\/li>\n\n\n\n<li><strong style=\"background-color: initial; color: initial;\">Banca:<\/strong> Instituto Quadrix<\/li>\n\n\n\n<li><strong>Vagas:<\/strong> a definir <\/li>\n\n\n\n<li><strong>Cargo<\/strong>: a definir <\/li>\n\n\n\n<li><strong>Sal\u00e1rio inicial:<\/strong> at\u00e9 R$ 3.200, 00<\/li>\n\n\n\n<li><strong>Edital<\/strong>: <a href=\"https:\/\/dhg1h5j42swfq.cloudfront.net\/2025\/04\/09091641\/1_conrerp-2_concurso_publico_2018_edital_1.pdf\" target=\"_blank\" rel=\"noreferrer noopener\">Conrerp 2019<\/a><\/li>\n<\/ul>\n\n\n\n<div class=\"container\" id=\"boxes\">\n  <div class=\"row\">\n\n    <div class=\"col-sm\">\n      <div class=\"banner-estrategia\" id=\"box-assinatura\">\n        <h3 class=\"titulo-assinatura\">Cursos para concursos<\/h3>\n        <p class=\"subtitulo-assinatura\">Estude conosco<\/p>\n        <div class=\"box-botao\">\n          <a class=\"btn-assinatura\" target=\"_blank\" href=\"https:\/\/www.estrategiaconcursos.com.br\/cursos\/\" role=\"button\" rel=\"noopener noreferrer\">Conhe\u00e7a os cursos<\/a>\n        <\/div>\n      <\/div>\n     \n    <\/div>\n\n  <\/div>\n<\/div>\n\n\n\n<ul class=\"wp-block-list\">\n<li><a href=\"#situacao-atual\">Situa\u00e7\u00e3o atual<\/a><\/li>\n\n\n\n<li><a href=\"#cargos-vagas-e-salarios\">Cargos, vagas e sa\u00e7\u00e1rios<\/a><\/li>\n\n\n\n<li><a href=\"#ultimo-concurso\">\u00daltimo concurso <\/a><\/li>\n\n\n\n<li><a href=\"#artigos\">Artigos<\/a><\/li>\n\n\n\n<li><a href=\"#cursos\">Cursos<\/a><\/li>\n\n\n\n<li><a href=\"#ficha-tecnica\">Ficha T\u00e9cnica<\/a><\/li>\n<\/ul>\n\n\n\n<h2 class=\"wp-block-heading\" id=\"datas\">Concurso Conrerp 2: situa\u00e7\u00e3o atual<\/h2>\n\n\n\n<p>Consta no endere\u00e7o eletr\u00f4nico do Instituto Quadrix que um novo concurso ser\u00e1 lan\u00e7ado. <a href=\"https:\/\/www.quadrix.org.br\/todos-os-concursos\/proximos-concursos\/conrerp2spprconselho-regional-de-profissionais-de-relacoes-publicas-2a-regiao.aspx\" target=\"_blank\" rel=\"noreferrer noopener\">Veja!<\/a><\/p>\n\n\n\n<h2 class=\"wp-block-heading\" id=\"cargos-vagas\">Concurso Conrerp 2: cargos, vagas e sal\u00e1rios<\/h2>\n\n\n\n<p>A quantidade de vagas e os cargos a serem ofertados ainda n\u00e3o foram divulgados. O que sabe-se at\u00e9 o momento \u00e9 que ser\u00e3o oportunidade de n\u00edveis m\u00e9dio e superior. Al\u00e9m disso, as remunera\u00e7\u00f5es iniciais ser\u00e3o de at\u00e9 R$ 3.200, 00.<\/p>\n\n\n\n<h2 class=\"wp-block-heading\" id=\"etapas\">\u00daltimo concurso <\/h2>\n\n\n\n<p>O \u00faltimo edital Conrerp 2 foi publicado em 2019 com a oferta de 90 vagas, ao todo, sendo 2 imediatas e 88 para forma\u00e7\u00e3o de cadastro reserva de pessoal. <\/p>\n\n\n\n<p>A banca organizadora tamb\u00e9m foi o Instituto Quadrix. A prova contou com 120 quest\u00f5es, do tipo certo ou errado, versando sobre:<\/p>\n\n\n\n<ul class=\"wp-block-list\">\n<li>conhecimentos b\u00e1sicos &#8211; 40 quest\u00f5es<\/li>\n\n\n\n<li>conhecimentos complementares &#8211; 20 quest\u00f5es<\/li>\n\n\n\n<li>conhecimentos espec\u00edficos &#8211; 60 quest\u00f5es<\/li>\n<\/ul>\n\n\n\n<p>A parte de conhecimentos b\u00e1sicos versou sobre:<\/p>\n\n\n\n<ul class=\"wp-block-list\">\n<li>racioc\u00ednio l\u00f3gico e matem\u00e1tico&nbsp;<\/li>\n\n\n\n<li>l\u00edngua portuguesa<\/li>\n\n\n\n<li>no\u00e7\u00f5es de inform\u00e1tica<\/li>\n<\/ul>\n\n\n\n<h2 class=\"wp-block-heading has-text-align-center\" id=\"h-quer-saber-tudo-sobre-concursos-previstos-confira-nossos-artigos\">Quer saber tudo sobre concursos previstos?<br \/>Confira  nossos artigos!<\/h2>\n\n\n\n<ul class=\"wp-block-list\">\n<li><a href=\"https:\/\/www.estrategiaconcursos.com.br\/blog\/concursos-abertos\/\" target=\"_blank\" rel=\"noreferrer noopener\">Concursos abertos<\/a><\/li>\n\n\n\n<li><a href=\"https:\/\/www.estrategiaconcursos.com.br\/blog\/concursos-2026\/\" target=\"_blank\" rel=\"noreferrer noopener\">Concursos 2026<\/a><\/li>\n\n\n\n<li><a href=\"https:\/\/www.estrategiaconcursos.com.br\/blog\/concursos\/sp\/\" target=\"_blank\" rel=\"noreferrer noopener\">Concursos SP<\/a><\/li>\n<\/ul>\n\n\n\n<h2 class=\"wp-block-heading has-text-align-center\" id=\"h-quer-estudar-para-o-concurso-conrerp-2\">Quer estudar para o concurso Conrerp 2?<\/h2>\n\n\n\n<div class=\"container\" id=\"boxes\">\r\n  <div class=\"row\">\r\n\r\n    <div class=\"col-sm\">\r\n      <div class=\"banner-estrategia\" id=\"box-assinatura\">\r\n        <h3 class=\"titulo-assinatura\">Cursos para concursos<\/h3>\r\n        <p class=\"subtitulo-assinatura\">Estude conosco<\/p>\r\n        <div class=\"box-botao\">\r\n          <a class=\"btn-assinatura\" target=\"_blank\" href=\"https:\/\/www.estrategiaconcursos.com.br\/cursos\/\" role=\"button\" rel=\"noopener noreferrer\">Conhe\u00e7a os cursos<\/a>\r\n        <\/div>\r\n      <\/div>\r\n     \r\n    <\/div>\r\n\r\n  <\/div>\r\n<\/div>\n\n\n\n<div class=\"container\" id=\"boxes\">\n  <div class=\"row\">\n\n    <div class=\"col-sm\">\n      <div class=\"estrategia\" id=\"box-assinatura\">\n        <h3 class=\"titulo-assinatura\">Assinatura de Concursos<\/h3>\n        <p class=\"subtitulo-assinatura\">Assinatura de 1 ano ou 2 anos<\/p>\n        <div class=\"box-botao\">\n          <a class=\"btn-assinatura\" target=\"_blank\" href=\"https:\/\/www.estrategiaconcursos.com.br\/assinaturas\/\" role=\"button\" rel=\"noopener noreferrer\">ASSINE AGORA<\/a>\n        <\/div>\n      <\/div>\n     \n    <\/div><\/div><\/div>\n\n\n\n<figure class=\"wp-block-image size-large is-resized\"><img loading=\"lazy\" decoding=\"async\" width=\"1024\" height=\"632\" src=\"https:\/\/dhg1h5j42swfq.cloudfront.net\/2025\/06\/27101122\/ficha-tecnica-1-1024x632.png\" alt=\"Informa\u00e7\u00f5es do edital \" class=\"wp-image-702728\" style=\"width:379px;height:auto\" srcset=\"https:\/\/dhg1h5j42swfq.cloudfront.net\/2025\/06\/27101122\/ficha-tecnica-1-1024x632.png 1024w, https:\/\/dhg1h5j42swfq.cloudfront.net\/2025\/06\/27101122\/ficha-tecnica-1-300x185.png 300w, https:\/\/dhg1h5j42swfq.cloudfront.net\/2025\/06\/27101122\/ficha-tecnica-1-768x474.png 768w, https:\/\/dhg1h5j42swfq.cloudfront.net\/2025\/06\/27101122\/ficha-tecnica-1-1536x948.png 1536w, https:\/\/dhg1h5j42swfq.cloudfront.net\/2025\/06\/27101122\/ficha-tecnica-1-610x377.png 610w, https:\/\/dhg1h5j42swfq.cloudfront.net\/2025\/06\/27101122\/ficha-tecnica-1.png 1571w\" sizes=\"auto, (max-width: 1024px) 100vw, 1024px\" \/><\/figure>\n\n\n\n<h3 class=\"wp-block-heading\" id=\"block-ba1614b5-988b-41ef-892d-f4c9f7e9dd42\">Informa\u00e7\u00f5es do edital Conrerp 2<\/h3>\n\n\n\n<ul id=\"block-46dd482c-33cf-409c-8762-75c111403f14\" class=\"wp-block-list\">\n<li><strong>Provas<\/strong>: a definir <\/li>\n\n\n\n<li><strong>Vagas<\/strong>: a definir <\/li>\n\n\n\n<li><strong>Cargos<\/strong>: a definir <\/li>\n\n\n\n<li><strong>Banca<\/strong>: Instituto Quadrix<\/li>\n\n\n\n<li><strong>Escolaridade<\/strong>: m\u00e9dio e superior <\/li>\n\n\n\n<li><strong>Edital<\/strong>: <a href=\"https:\/\/dhg1h5j42swfq.cloudfront.net\/2025\/04\/09091641\/1_conrerp-2_concurso_publico_2018_edital_1.pdf\" target=\"_blank\" rel=\"noreferrer noopener\">Conrerp 2019<\/a><\/li>\n<\/ul>\n","protected":false},"excerpt":{"rendered":"<p>O Conselho Regional de Profissionais de Rela\u00e7\u00f5es P\u00fablicas 2\u00aa Regi\u00e3o (S\u00e3o Paulo e Paran\u00e1) definiu o Instituto Quadrix como banca organizadora do novo concurso Conrerp 2. De acordo com a p\u00e1gina do certame criada no endere\u00e7o eletr\u00f4nico da banca, as oportunidades ser\u00e3o para S\u00e3o Paulo (SP). As vagas ser\u00e3o para cargos de n\u00edveis m\u00e9dio e [&hellip;]<\/p>\n","protected":false},"author":2375,"featured_media":1532409,"comment_status":"open","ping_status":"closed","sticky":false,"template":"","format":"standard","meta":{"post_tipo":"news_page","footnotes":""},"categories":[222234],"tags":[],"tax_estado":[219981,219989],"class_list":["post-1560094","post","type-post","status-publish","format-standard","has-post-thumbnail","hentry","category-conselhos-regionais","tax_estado-pr","tax_estado-sp"],"acf":[],"yoast_head":"<!-- This site is optimized with the Yoast SEO Premium plugin v27.2 (Yoast SEO v27.2) - https:\/\/yoast.com\/product\/yoast-seo-premium-wordpress\/ -->\n<title>Concurso Conrerp 2: banca definida para novo edital<\/title>\n<meta name=\"description\" content=\"Concurso Conrerp 2: veja com o Estrat\u00e9gia os detalhes do certame do Conselho Regional de Profissionais de Rela\u00e7\u00f5es P\u00fablicas 2\u00aa Regi\u00e3o!\" \/>\n<meta name=\"robots\" content=\"index, follow, max-snippet:-1, max-image-preview:large, max-video-preview:-1\" \/>\n<link rel=\"canonical\" href=\"https:\/\/www.estrategiaconcursos.com.br\/blog\/concurso-conrerp2-sp-pr\/\" \/>\n<meta property=\"og:locale\" content=\"pt_BR\" \/>\n<meta property=\"og:type\" content=\"article\" \/>\n<meta property=\"og:title\" content=\"Concurso Conrerp 2: banca definida para novo edital\" \/>\n<meta property=\"og:description\" content=\"Concurso Conrerp 2: veja com o Estrat\u00e9gia os detalhes do certame do Conselho Regional de Profissionais de Rela\u00e7\u00f5es P\u00fablicas 2\u00aa Regi\u00e3o!\" \/>\n<meta property=\"og:url\" content=\"https:\/\/www.estrategiaconcursos.com.br\/blog\/concurso-conrerp2-sp-pr\/\" \/>\n<meta property=\"og:site_name\" content=\"Estrat\u00e9gia Concursos\" \/>\n<meta property=\"article:published_time\" content=\"2025-04-09T12:20:10+00:00\" \/>\n<meta property=\"article:modified_time\" content=\"2026-01-12T17:53:31+00:00\" \/>\n<meta property=\"og:image\" content=\"https:\/\/dhg1h5j42swfq.cloudfront.net\/2025\/02\/14111851\/concursos-conselhos.jpg\" \/>\n\t<meta property=\"og:image:width\" content=\"768\" \/>\n\t<meta property=\"og:image:height\" content=\"432\" \/>\n\t<meta property=\"og:image:type\" content=\"image\/jpeg\" \/>\n<meta name=\"author\" content=\"Priscila Almeida\" \/>\n<meta name=\"twitter:card\" content=\"summary_large_image\" \/>\n<meta name=\"twitter:creator\" content=\"@EstratConcursos\" \/>\n<meta name=\"twitter:site\" content=\"@EstratConcursos\" \/>\n<meta name=\"twitter:label1\" content=\"Escrito por\" \/>\n\t<meta name=\"twitter:data1\" content=\"Priscila Almeida\" \/>\n\t<meta name=\"twitter:label2\" content=\"Est. tempo de leitura\" \/>\n\t<meta name=\"twitter:data2\" content=\"2 minutos\" \/>\n<script type=\"application\/ld+json\" class=\"yoast-schema-graph\">{\"@context\":\"https:\/\/schema.org\",\"@graph\":[{\"@type\":\"NewsArticle\",\"@id\":\"https:\/\/www.estrategiaconcursos.com.br\/blog\/concurso-conrerp2-sp-pr\/#article\",\"isPartOf\":{\"@id\":\"https:\/\/www.estrategiaconcursos.com.br\/blog\/concurso-conrerp2-sp-pr\/\"},\"author\":{\"name\":\"Priscila Almeida\",\"@id\":\"https:\/\/www.estrategiaconcursos.com.br\/blog\/#\/schema\/person\/a06e841e501f2e1d8c49c4e8f066bfd1\"},\"headline\":\"Concurso Conrerp 2: banca definida para novo edital\",\"datePublished\":\"2025-04-09T12:20:10+00:00\",\"dateModified\":\"2026-01-12T17:53:31+00:00\",\"mainEntityOfPage\":{\"@id\":\"https:\/\/www.estrategiaconcursos.com.br\/blog\/concurso-conrerp2-sp-pr\/\"},\"wordCount\":355,\"commentCount\":0,\"publisher\":{\"@id\":\"https:\/\/www.estrategiaconcursos.com.br\/blog\/#organization\"},\"image\":{\"@id\":\"https:\/\/www.estrategiaconcursos.com.br\/blog\/concurso-conrerp2-sp-pr\/#primaryimage\"},\"thumbnailUrl\":\"https:\/\/dhg1h5j42swfq.cloudfront.net\/2025\/02\/14111851\/concursos-conselhos.jpg\",\"articleSection\":[\"Conselhos Regionais\"],\"inLanguage\":\"pt-BR\",\"potentialAction\":[{\"@type\":\"CommentAction\",\"name\":\"Comment\",\"target\":[\"https:\/\/www.estrategiaconcursos.com.br\/blog\/concurso-conrerp2-sp-pr\/#respond\"]}],\"copyrightYear\":\"2025\",\"copyrightHolder\":{\"@id\":\"https:\/\/www.estrategiaconcursos.com.br\/blog\/#organization\"}},{\"@type\":\"WebPage\",\"@id\":\"https:\/\/www.estrategiaconcursos.com.br\/blog\/concurso-conrerp2-sp-pr\/\",\"url\":\"https:\/\/www.estrategiaconcursos.com.br\/blog\/concurso-conrerp2-sp-pr\/\",\"name\":\"Concurso Conrerp 2: banca definida para novo edital\",\"isPartOf\":{\"@id\":\"https:\/\/www.estrategiaconcursos.com.br\/blog\/#website\"},\"primaryImageOfPage\":{\"@id\":\"https:\/\/www.estrategiaconcursos.com.br\/blog\/concurso-conrerp2-sp-pr\/#primaryimage\"},\"image\":{\"@id\":\"https:\/\/www.estrategiaconcursos.com.br\/blog\/concurso-conrerp2-sp-pr\/#primaryimage\"},\"thumbnailUrl\":\"https:\/\/dhg1h5j42swfq.cloudfront.net\/2025\/02\/14111851\/concursos-conselhos.jpg\",\"datePublished\":\"2025-04-09T12:20:10+00:00\",\"dateModified\":\"2026-01-12T17:53:31+00:00\",\"description\":\"Concurso Conrerp 2: veja com o Estrat\u00e9gia os detalhes do certame do Conselho Regional de Profissionais de Rela\u00e7\u00f5es P\u00fablicas 2\u00aa Regi\u00e3o!\",\"breadcrumb\":{\"@id\":\"https:\/\/www.estrategiaconcursos.com.br\/blog\/concurso-conrerp2-sp-pr\/#breadcrumb\"},\"inLanguage\":\"pt-BR\",\"potentialAction\":[{\"@type\":\"ReadAction\",\"target\":[\"https:\/\/www.estrategiaconcursos.com.br\/blog\/concurso-conrerp2-sp-pr\/\"]}]},{\"@type\":\"ImageObject\",\"inLanguage\":\"pt-BR\",\"@id\":\"https:\/\/www.estrategiaconcursos.com.br\/blog\/concurso-conrerp2-sp-pr\/#primaryimage\",\"url\":\"https:\/\/dhg1h5j42swfq.cloudfront.net\/2025\/02\/14111851\/concursos-conselhos.jpg\",\"contentUrl\":\"https:\/\/dhg1h5j42swfq.cloudfront.net\/2025\/02\/14111851\/concursos-conselhos.jpg\",\"width\":768,\"height\":432,\"caption\":\"Concursos Conselhos\"},{\"@type\":\"BreadcrumbList\",\"@id\":\"https:\/\/www.estrategiaconcursos.com.br\/blog\/concurso-conrerp2-sp-pr\/#breadcrumb\",\"itemListElement\":[{\"@type\":\"ListItem\",\"position\":1,\"name\":\"In\u00edcio\",\"item\":\"https:\/\/www.estrategiaconcursos.com.br\/blog\/\"},{\"@type\":\"ListItem\",\"position\":2,\"name\":\"Concurso Conrerp 2: banca definida para novo edital\"}]},{\"@type\":\"WebSite\",\"@id\":\"https:\/\/www.estrategiaconcursos.com.br\/blog\/#website\",\"url\":\"https:\/\/www.estrategiaconcursos.com.br\/blog\/\",\"name\":\"Estrat\u00e9gia Concursos\",\"description\":\"O blog da Estrat\u00e9gia Concursos traz not\u00edcias sobre concursos e artigos de professores oferecendo cursos para concursos (pdf + videaulas) no site.\",\"publisher\":{\"@id\":\"https:\/\/www.estrategiaconcursos.com.br\/blog\/#organization\"},\"potentialAction\":[{\"@type\":\"SearchAction\",\"target\":{\"@type\":\"EntryPoint\",\"urlTemplate\":\"https:\/\/www.estrategiaconcursos.com.br\/blog\/?s={search_term_string}\"},\"query-input\":{\"@type\":\"PropertyValueSpecification\",\"valueRequired\":true,\"valueName\":\"search_term_string\"}}],\"inLanguage\":\"pt-BR\"},{\"@type\":\"Organization\",\"@id\":\"https:\/\/www.estrategiaconcursos.com.br\/blog\/#organization\",\"name\":\"Estrat\u00e9gia Concursos\",\"url\":\"https:\/\/www.estrategiaconcursos.com.br\/blog\/\",\"logo\":{\"@type\":\"ImageObject\",\"inLanguage\":\"pt-BR\",\"@id\":\"https:\/\/www.estrategiaconcursos.com.br\/blog\/#\/schema\/logo\/image\/\",\"url\":\"https:\/\/dhg1h5j42swfq.cloudfront.net\/2025\/06\/03203428\/logo_concursos-1.jpg\",\"contentUrl\":\"https:\/\/dhg1h5j42swfq.cloudfront.net\/2025\/06\/03203428\/logo_concursos-1.jpg\",\"width\":230,\"height\":60,\"caption\":\"Estrat\u00e9gia Concursos\"},\"image\":{\"@id\":\"https:\/\/www.estrategiaconcursos.com.br\/blog\/#\/schema\/logo\/image\/\"},\"sameAs\":[\"https:\/\/x.com\/EstratConcursos\"]},{\"@type\":\"Person\",\"@id\":\"https:\/\/www.estrategiaconcursos.com.br\/blog\/#\/schema\/person\/a06e841e501f2e1d8c49c4e8f066bfd1\",\"name\":\"Priscila Almeida\",\"image\":{\"@type\":\"ImageObject\",\"inLanguage\":\"pt-BR\",\"@id\":\"https:\/\/secure.gravatar.com\/avatar\/0a963c9e2a947fa675b669cea2b5d0ba6dd1cbf46b966190343b6c9973ad3337?s=96&d=mm&r=g\",\"url\":\"https:\/\/secure.gravatar.com\/avatar\/0a963c9e2a947fa675b669cea2b5d0ba6dd1cbf46b966190343b6c9973ad3337?s=96&d=mm&r=g\",\"contentUrl\":\"https:\/\/secure.gravatar.com\/avatar\/0a963c9e2a947fa675b669cea2b5d0ba6dd1cbf46b966190343b6c9973ad3337?s=96&d=mm&r=g\",\"caption\":\"Priscila Almeida\"},\"description\":\"Atua na \u00e1rea de concursos p\u00fablicos desde 2019. As editorias que mais t\u00eam familiaridade s\u00e3o: Tribunais (TJs; TRTs; TREs; TSTs; STJ, STF, STM e TSE); Defensorias; Minist\u00e9rios P\u00fablicos; Procuradorias; Educa\u00e7\u00e3o e Conselhos. Na \u00e1rea de comunica\u00e7\u00e3o, de maneira geral, a caminhada \u00e9 um pouco mais longa - desde 2007. Possui experi\u00eancia em reda\u00e7\u00f5es de r\u00e1dio, TV, Web e impresso, al\u00e9m de desenvolver trabalhos em assessorias de comunica\u00e7\u00e3o institucional, empresarial e p\u00fablicas. Entre outros trabalhos, se destacam a atua\u00e7\u00e3o nas \u00e1reas de Justi\u00e7a, Congresso, Esportes, Sa\u00fade, Agropecu\u00e1ria, Cidades e Avia\u00e7\u00e3o Civil.\",\"url\":\"https:\/\/www.estrategiaconcursos.com.br\/blog\/author\/priscila-almeidaestrategia-com\/\"}]}<\/script>\n<!-- \/ Yoast SEO Premium plugin. -->","yoast_head_json":{"title":"Concurso Conrerp 2: banca definida para novo edital","description":"Concurso Conrerp 2: veja com o Estrat\u00e9gia os detalhes do certame do Conselho Regional de Profissionais de Rela\u00e7\u00f5es P\u00fablicas 2\u00aa Regi\u00e3o!","robots":{"index":"index","follow":"follow","max-snippet":"max-snippet:-1","max-image-preview":"max-image-preview:large","max-video-preview":"max-video-preview:-1"},"canonical":"https:\/\/www.estrategiaconcursos.com.br\/blog\/concurso-conrerp2-sp-pr\/","og_locale":"pt_BR","og_type":"article","og_title":"Concurso Conrerp 2: banca definida para novo edital","og_description":"Concurso Conrerp 2: veja com o Estrat\u00e9gia os detalhes do certame do Conselho Regional de Profissionais de Rela\u00e7\u00f5es P\u00fablicas 2\u00aa Regi\u00e3o!","og_url":"https:\/\/www.estrategiaconcursos.com.br\/blog\/concurso-conrerp2-sp-pr\/","og_site_name":"Estrat\u00e9gia Concursos","article_published_time":"2025-04-09T12:20:10+00:00","article_modified_time":"2026-01-12T17:53:31+00:00","og_image":[{"width":768,"height":432,"url":"https:\/\/dhg1h5j42swfq.cloudfront.net\/2025\/02\/14111851\/concursos-conselhos.jpg","type":"image\/jpeg"}],"author":"Priscila Almeida","twitter_card":"summary_large_image","twitter_creator":"@EstratConcursos","twitter_site":"@EstratConcursos","twitter_misc":{"Escrito por":"Priscila Almeida","Est. tempo de leitura":"2 minutos"},"schema":{"@context":"https:\/\/schema.org","@graph":[{"@type":"NewsArticle","@id":"https:\/\/www.estrategiaconcursos.com.br\/blog\/concurso-conrerp2-sp-pr\/#article","isPartOf":{"@id":"https:\/\/www.estrategiaconcursos.com.br\/blog\/concurso-conrerp2-sp-pr\/"},"author":{"name":"Priscila Almeida","@id":"https:\/\/www.estrategiaconcursos.com.br\/blog\/#\/schema\/person\/a06e841e501f2e1d8c49c4e8f066bfd1"},"headline":"Concurso Conrerp 2: banca definida para novo edital","datePublished":"2025-04-09T12:20:10+00:00","dateModified":"2026-01-12T17:53:31+00:00","mainEntityOfPage":{"@id":"https:\/\/www.estrategiaconcursos.com.br\/blog\/concurso-conrerp2-sp-pr\/"},"wordCount":355,"commentCount":0,"publisher":{"@id":"https:\/\/www.estrategiaconcursos.com.br\/blog\/#organization"},"image":{"@id":"https:\/\/www.estrategiaconcursos.com.br\/blog\/concurso-conrerp2-sp-pr\/#primaryimage"},"thumbnailUrl":"https:\/\/dhg1h5j42swfq.cloudfront.net\/2025\/02\/14111851\/concursos-conselhos.jpg","articleSection":["Conselhos Regionais"],"inLanguage":"pt-BR","potentialAction":[{"@type":"CommentAction","name":"Comment","target":["https:\/\/www.estrategiaconcursos.com.br\/blog\/concurso-conrerp2-sp-pr\/#respond"]}],"copyrightYear":"2025","copyrightHolder":{"@id":"https:\/\/www.estrategiaconcursos.com.br\/blog\/#organization"}},{"@type":"WebPage","@id":"https:\/\/www.estrategiaconcursos.com.br\/blog\/concurso-conrerp2-sp-pr\/","url":"https:\/\/www.estrategiaconcursos.com.br\/blog\/concurso-conrerp2-sp-pr\/","name":"Concurso Conrerp 2: banca definida para novo edital","isPartOf":{"@id":"https:\/\/www.estrategiaconcursos.com.br\/blog\/#website"},"primaryImageOfPage":{"@id":"https:\/\/www.estrategiaconcursos.com.br\/blog\/concurso-conrerp2-sp-pr\/#primaryimage"},"image":{"@id":"https:\/\/www.estrategiaconcursos.com.br\/blog\/concurso-conrerp2-sp-pr\/#primaryimage"},"thumbnailUrl":"https:\/\/dhg1h5j42swfq.cloudfront.net\/2025\/02\/14111851\/concursos-conselhos.jpg","datePublished":"2025-04-09T12:20:10+00:00","dateModified":"2026-01-12T17:53:31+00:00","description":"Concurso Conrerp 2: veja com o Estrat\u00e9gia os detalhes do certame do Conselho Regional de Profissionais de Rela\u00e7\u00f5es P\u00fablicas 2\u00aa Regi\u00e3o!","breadcrumb":{"@id":"https:\/\/www.estrategiaconcursos.com.br\/blog\/concurso-conrerp2-sp-pr\/#breadcrumb"},"inLanguage":"pt-BR","potentialAction":[{"@type":"ReadAction","target":["https:\/\/www.estrategiaconcursos.com.br\/blog\/concurso-conrerp2-sp-pr\/"]}]},{"@type":"ImageObject","inLanguage":"pt-BR","@id":"https:\/\/www.estrategiaconcursos.com.br\/blog\/concurso-conrerp2-sp-pr\/#primaryimage","url":"https:\/\/dhg1h5j42swfq.cloudfront.net\/2025\/02\/14111851\/concursos-conselhos.jpg","contentUrl":"https:\/\/dhg1h5j42swfq.cloudfront.net\/2025\/02\/14111851\/concursos-conselhos.jpg","width":768,"height":432,"caption":"Concursos Conselhos"},{"@type":"BreadcrumbList","@id":"https:\/\/www.estrategiaconcursos.com.br\/blog\/concurso-conrerp2-sp-pr\/#breadcrumb","itemListElement":[{"@type":"ListItem","position":1,"name":"In\u00edcio","item":"https:\/\/www.estrategiaconcursos.com.br\/blog\/"},{"@type":"ListItem","position":2,"name":"Concurso Conrerp 2: banca definida para novo edital"}]},{"@type":"WebSite","@id":"https:\/\/www.estrategiaconcursos.com.br\/blog\/#website","url":"https:\/\/www.estrategiaconcursos.com.br\/blog\/","name":"Estrat\u00e9gia Concursos","description":"O blog da Estrat\u00e9gia Concursos traz not\u00edcias sobre concursos e artigos de professores oferecendo cursos para concursos (pdf + videaulas) no site.","publisher":{"@id":"https:\/\/www.estrategiaconcursos.com.br\/blog\/#organization"},"potentialAction":[{"@type":"SearchAction","target":{"@type":"EntryPoint","urlTemplate":"https:\/\/www.estrategiaconcursos.com.br\/blog\/?s={search_term_string}"},"query-input":{"@type":"PropertyValueSpecification","valueRequired":true,"valueName":"search_term_string"}}],"inLanguage":"pt-BR"},{"@type":"Organization","@id":"https:\/\/www.estrategiaconcursos.com.br\/blog\/#organization","name":"Estrat\u00e9gia Concursos","url":"https:\/\/www.estrategiaconcursos.com.br\/blog\/","logo":{"@type":"ImageObject","inLanguage":"pt-BR","@id":"https:\/\/www.estrategiaconcursos.com.br\/blog\/#\/schema\/logo\/image\/","url":"https:\/\/dhg1h5j42swfq.cloudfront.net\/2025\/06\/03203428\/logo_concursos-1.jpg","contentUrl":"https:\/\/dhg1h5j42swfq.cloudfront.net\/2025\/06\/03203428\/logo_concursos-1.jpg","width":230,"height":60,"caption":"Estrat\u00e9gia Concursos"},"image":{"@id":"https:\/\/www.estrategiaconcursos.com.br\/blog\/#\/schema\/logo\/image\/"},"sameAs":["https:\/\/x.com\/EstratConcursos"]},{"@type":"Person","@id":"https:\/\/www.estrategiaconcursos.com.br\/blog\/#\/schema\/person\/a06e841e501f2e1d8c49c4e8f066bfd1","name":"Priscila Almeida","image":{"@type":"ImageObject","inLanguage":"pt-BR","@id":"https:\/\/secure.gravatar.com\/avatar\/0a963c9e2a947fa675b669cea2b5d0ba6dd1cbf46b966190343b6c9973ad3337?s=96&d=mm&r=g","url":"https:\/\/secure.gravatar.com\/avatar\/0a963c9e2a947fa675b669cea2b5d0ba6dd1cbf46b966190343b6c9973ad3337?s=96&d=mm&r=g","contentUrl":"https:\/\/secure.gravatar.com\/avatar\/0a963c9e2a947fa675b669cea2b5d0ba6dd1cbf46b966190343b6c9973ad3337?s=96&d=mm&r=g","caption":"Priscila Almeida"},"description":"Atua na \u00e1rea de concursos p\u00fablicos desde 2019. As editorias que mais t\u00eam familiaridade s\u00e3o: Tribunais (TJs; TRTs; TREs; TSTs; STJ, STF, STM e TSE); Defensorias; Minist\u00e9rios P\u00fablicos; Procuradorias; Educa\u00e7\u00e3o e Conselhos. Na \u00e1rea de comunica\u00e7\u00e3o, de maneira geral, a caminhada \u00e9 um pouco mais longa - desde 2007. Possui experi\u00eancia em reda\u00e7\u00f5es de r\u00e1dio, TV, Web e impresso, al\u00e9m de desenvolver trabalhos em assessorias de comunica\u00e7\u00e3o institucional, empresarial e p\u00fablicas. Entre outros trabalhos, se destacam a atua\u00e7\u00e3o nas \u00e1reas de Justi\u00e7a, Congresso, Esportes, Sa\u00fade, Agropecu\u00e1ria, Cidades e Avia\u00e7\u00e3o Civil.","url":"https:\/\/www.estrategiaconcursos.com.br\/blog\/author\/priscila-almeidaestrategia-com\/"}]}},"_links":{"self":[{"href":"https:\/\/www.estrategiaconcursos.com.br\/blog\/wp-json\/wp\/v2\/posts\/1560094","targetHints":{"allow":["GET"]}}],"collection":[{"href":"https:\/\/www.estrategiaconcursos.com.br\/blog\/wp-json\/wp\/v2\/posts"}],"about":[{"href":"https:\/\/www.estrategiaconcursos.com.br\/blog\/wp-json\/wp\/v2\/types\/post"}],"author":[{"embeddable":true,"href":"https:\/\/www.estrategiaconcursos.com.br\/blog\/wp-json\/wp\/v2\/users\/2375"}],"replies":[{"embeddable":true,"href":"https:\/\/www.estrategiaconcursos.com.br\/blog\/wp-json\/wp\/v2\/comments?post=1560094"}],"version-history":[{"count":4,"href":"https:\/\/www.estrategiaconcursos.com.br\/blog\/wp-json\/wp\/v2\/posts\/1560094\/revisions"}],"predecessor-version":[{"id":1697818,"href":"https:\/\/www.estrategiaconcursos.com.br\/blog\/wp-json\/wp\/v2\/posts\/1560094\/revisions\/1697818"}],"wp:featuredmedia":[{"embeddable":true,"href":"https:\/\/www.estrategiaconcursos.com.br\/blog\/wp-json\/wp\/v2\/media\/1532409"}],"wp:attachment":[{"href":"https:\/\/www.estrategiaconcursos.com.br\/blog\/wp-json\/wp\/v2\/media?parent=1560094"}],"wp:term":[{"taxonomy":"category","embeddable":true,"href":"https:\/\/www.estrategiaconcursos.com.br\/blog\/wp-json\/wp\/v2\/categories?post=1560094"},{"taxonomy":"post_tag","embeddable":true,"href":"https:\/\/www.estrategiaconcursos.com.br\/blog\/wp-json\/wp\/v2\/tags?post=1560094"},{"taxonomy":"tax_estado","embeddable":true,"href":"https:\/\/www.estrategiaconcursos.com.br\/blog\/wp-json\/wp\/v2\/tax_estado?post=1560094"}],"curies":[{"name":"wp","href":"https:\/\/api.w.org\/{rel}","templated":true}]}}