{"id":1559562,"date":"2025-04-22T09:41:00","date_gmt":"2025-04-22T12:41:00","guid":{"rendered":"https:\/\/www.estrategiaconcursos.com.br\/blog\/?p=1559562"},"modified":"2025-04-22T09:41:16","modified_gmt":"2025-04-22T12:41:16","slug":"concurso-prefeitura-bom-retiro-do-sul","status":"publish","type":"post","link":"https:\/\/www.estrategiaconcursos.com.br\/blog\/concurso-prefeitura-bom-retiro-do-sul\/","title":{"rendered":"Concurso Bom Retiro do Sul \u00e9 temporariamente suspenso!"},"content":{"rendered":"\n<p>O edital do<strong> concurso Bom Retiro do Sul<\/strong>, no Rio Grande do Sul, est\u00e1 temporariamente suspenso em conformidade com decis\u00e3o proferida no Despacho constante dos autos do processo n\u00ba 5005810-<br \/>25.2024.8.21.0047\/RS.<\/p>\n\n\n\n<p>Vale ressaltar que mais detalhes, como o motivo da <a href=\"https:\/\/dhg1h5j42swfq.cloudfront.net\/2025\/04\/22093937\/958-edital_suspensao_rev2_680158164a57d.pdf\" target=\"_blank\" rel=\"noreferrer noopener nofollow\">suspens\u00e3o<\/a>, n\u00e3o foram divulgados. Agora, os candidatos j\u00e1 inscritos devem seguir acompanhando as publica\u00e7\u00f5es no site da banca Fundente para futuras atualiza\u00e7\u00f5es.<\/p>\n\n\n\n<p>Lembrando que s\u00e3o ofertadas <strong>sete vagas<\/strong>, al\u00e9m de oportunidades em <strong>cadastro de reserva <\/strong>para profissionais de n\u00edveis fundamental incompleto, m\u00e9dio e superior.<\/p>\n\n\n\n<p>Ao serem admitidos, os profissionais dever\u00e3o cumprir jornadas de 22 a 40 horas semanais e contar\u00e3o com remunera\u00e7\u00e3o mensal de <strong>R$ 1.294,57 a R$ 2.898,72<\/strong>. <\/p>\n\n\n\n<ul class=\"wp-block-list has-very-light-gray-to-cyan-bluish-gray-gradient-background has-background\">\n<li><strong>Prefeitura Municipal de Bom Retiro &#8211; RS<\/strong><\/li>\n\n\n\n<li><strong>Status:<\/strong> suspenso<\/li>\n\n\n\n<li><strong>Banca:<\/strong> <a href=\"https:\/\/fundatec.org.br\/portal\/concursos\/publicacoes_v2.php?concurso=958\" target=\"_blank\" rel=\"noreferrer noopener\">Fundatec<\/a><\/li>\n\n\n\n<li><strong>Vagas:<\/strong> 7 + CR<\/li>\n\n\n\n<li><strong>Sal\u00e1rio:<\/strong> R$ 1.294,57 a R$ 2.898,72<\/li>\n\n\n\n<li><strong>Edital: <\/strong><a href=\"https:\/\/dhg1h5j42swfq.cloudfront.net\/2025\/04\/08131022\/edital_abertura_95867e17516bcc5e.pdf\" target=\"_blank\" rel=\"noreferrer noopener nofollow\">Bom Retiro do Sul 2025<\/a><\/li>\n<\/ul>\n\n\n\n<p>A fim de te deixar sempre bem informado, elaboramos este artigo com as principais informa\u00e7\u00f5es e novidades sobre o concurso Prefeitura de Bom Retiro do Sul:<\/p>\n\n\n\n<ul id=\"indice\" class=\"wp-block-list\">\n<li><a href=\"#datas\"><strong>Principais datas<\/strong><\/a><\/li>\n\n\n\n<li><strong><a href=\"#retificacoes\">Retifica\u00e7\u00f5es<\/a><\/strong><\/li>\n\n\n\n<li><a href=\"#vagas\"><strong>Distribui\u00e7\u00e3o das vagas<\/strong><\/a><\/li>\n\n\n\n<li><a href=\"#etapas\"><strong>Etapas de prova<\/strong><\/a>\n<ul class=\"wp-block-list\">\n<li><a href=\"#objetiva\">Prova objetiva<\/a><\/li>\n<\/ul>\n<\/li>\n\n\n\n<li><a href=\"#cursos-assinatura\"><strong>Cursos e assinaturas<\/strong><\/a><\/li>\n\n\n\n<li><a href=\"#ficha\"><strong>Ficha t\u00e9cnica<\/strong><\/a><\/li>\n<\/ul>\n\n\n\n<div class=\"container\" id=\"boxes\">\n  <div class=\"row\">\n\n    <div class=\"col-sm\">\n      <div class=\"banner-prefeituras-ec\" id=\"box-assinatura\">\n        <h2 class=\"titulo-assinatura\" style=\"text-align: left;\">Cursos Bom Retiro do Sul<\/h2>\n        <p class=\"subtitulo-assinatura\" style=\"text-align: left;\">Prepara\u00e7\u00e3o completa para a carreira!<\/p>\n        <div class=\"box-botao\" style=\"text-align: left;\">\n          <a class=\"btn-assinatura\" target=\"_blank\" href=\"https:\/\/www.estrategiaconcursos.com.br\/pesquisa\/?q=prefeitura+bom+retiro+do+sul\" role=\"button\" rel=\"noopener noreferrer\">EXPLORAR CURSOS<\/a>\n        <\/div>\n      <\/div><\/div><\/div><\/div>\n\n\n\n<h2 class=\"wp-block-heading\" id=\"datas\">Concurso Bom Retiro do Sul: principais datas<\/h2>\n\n\n\n<ul class=\"wp-block-list\">\n<li><strong>Inscri\u00e7\u00f5es:<\/strong> <s>24\/03 a 22\/04\/2025<\/s><\/li>\n\n\n\n<li><strong>Isen\u00e7\u00e3o da taxa<\/strong>: nao consta<\/li>\n\n\n\n<li><strong>Pagamento do boleto: <\/strong><s>at\u00e9 23\/04\/2025<\/s><\/li>\n\n\n\n<li><strong>Data da prova<\/strong>: <s>15\/06\/2025<\/s><\/li>\n<\/ul>\n\n\n\n<h2 class=\"wp-block-heading\" id=\"retificacoes\">Concurso Bom Retiro do Sul: retifica\u00e7\u00f5es<\/h2>\n\n\n\n<ul class=\"wp-block-list\">\n<li><strong>Retifica\u00e7\u00e3o 28\/03\/2025: <\/strong><a href=\"https:\/\/dhg1h5j42swfq.cloudfront.net\/2025\/04\/08131840\/958-edital03-2025-retificaaao_67ec3180b8504.pdf\" target=\"_blank\" rel=\"noreferrer noopener nofollow\">cronograma alterado<\/a>.<\/li>\n<\/ul>\n\n\n\n<h2 class=\"wp-block-heading\" id=\"vagas\">Concurso Bom Retiro do Sul: distribui\u00e7\u00e3o das vagas<\/h2>\n\n\n\n<ul class=\"wp-block-list\">\n<li>Professor &#8211; \u00c1rea II Ensino Fundamental Ci\u00eancias (CR); <\/li>\n\n\n\n<li>Professor &#8211; \u00c1rea II &#8211; Ensino Fundamental &#8211; Educa\u00e7\u00e3o F\u00edsica (CR); <\/li>\n\n\n\n<li>Professor \u00c1rea II &#8211; Ensino Fundamental Geografia (CR); <\/li>\n\n\n\n<li>Professor &#8211; \u00c1rea II &#8211; Ensino Fundamental Hist\u00f3ria (CR); <\/li>\n\n\n\n<li>Professor &#8211; \u00c1rea II &#8211; Ensino Fundamental &#8211; L\u00edngua Inglesa (CR); <\/li>\n\n\n\n<li>Professor &#8211; \u00c1rea II &#8211; Ensino Fundamental L\u00edngua Portuguesa (CR); <\/li>\n\n\n\n<li>Professor &#8211; \u00c1rea II &#8211; Ensino Fundamental Matem\u00e1tica (CR); <\/li>\n\n\n\n<li>Pedagogo &#8211; Supervisor Escolar (CR); <\/li>\n\n\n\n<li>Professor &#8211; \u00c1rea I &#8211; Educa\u00e7\u00e3o Infantil e\/ou Ensino Fundamental S\u00e9ries Iniciais (5 vagas + CR); <\/li>\n\n\n\n<li>Secret\u00e1rio de Escola (1 vaga + CR); e<\/li>\n\n\n\n<li>Servi\u00e7os Gerais (1 vaga + CR).<\/li>\n<\/ul>\n\n\n\n<p>As remunera\u00e7\u00f5es variam de <strong>R$ 1.294,57 a R$ 2.898,72<\/strong>, a depender do cargo.<\/p>\n\n\n\n<h2 class=\"wp-block-heading\" id=\"etapas\">Concurso Bom Retiro do Sul: etapas de prova<\/h2>\n\n\n\n<p>A classifica\u00e7\u00e3o dos candidatos ser\u00e1 realizada por meio de <strong>prova objetiva <\/strong>(para todos os cargos) e<strong> prova de t\u00edtulos <\/strong>(para os cargos de Professores \u00c1rea I, \u00c1rea II e Pedagogo Supervisor Escolar).<\/p>\n\n\n\n<h3 class=\"wp-block-heading\" id=\"objetiva\">Prova objetiva<\/h3>\n\n\n\n<p>O conte\u00fado program\u00e1tico da prova objetiva consistir\u00e1 em quest\u00f5es de l\u00edngua portuguesa, matem\u00e1tica\/racioc\u00ednio l\u00f3gico, legisla\u00e7\u00e3o\/estrutura e funcionamento, legisla\u00e7\u00e3o, conhecimentos gerais e conhecimentos espec\u00edficos.<\/p>\n\n\n\n<hr class=\"wp-block-separator has-css-opacity\"\/>\n\n\n\n<h2 class=\"wp-block-heading has-text-align-center\" id=\"cursos-assinatura\"><em>Quer estudar para o concurso Bom Retiro do Sul?<\/em><\/h2>\n\n\n\n<div class=\"container\" id=\"boxes\">\n  <div class=\"row\">\n\n    <div class=\"col-sm\">\n      <div class=\"banner-prefeituras-ec\" id=\"box-assinatura\">\n        <h2 class=\"titulo-assinatura\" style=\"text-align: left;\">Cursos Bom Retiro do Sul<\/h2>\n        <p class=\"subtitulo-assinatura\" style=\"text-align: left;\">Prepara\u00e7\u00e3o completa para a carreira!<\/p>\n        <div class=\"box-botao\" style=\"text-align: left;\">\n          <a class=\"btn-assinatura\" target=\"_blank\" href=\"https:\/\/www.estrategiaconcursos.com.br\/pesquisa\/?q=prefeitura+bom+retiro+do+sul\" role=\"button\" rel=\"noopener noreferrer\">EXPLORAR CURSOS<\/a>\n        <\/div>\n      <\/div><\/div><\/div><\/div>\n\n\n\n<div class=\"container\" id=\"boxes\">\n  <div class=\"row\">\n\n    <div class=\"col-sm\">\n      <div class=\"estrategia\" id=\"box-assinatura\">\n        <h3 class=\"titulo-assinatura\">Assinatura Concursos<\/h3>\n        <p class=\"subtitulo-assinatura\">Assinatura de 1 ano ou 2 anos<\/p>\n        <div class=\"box-botao\">\n          <a class=\"btn-assinatura\" target=\"_blank\" href=\"https:\/\/www.estrategiaconcursos.com.br\/assinaturas\/\" role=\"button\" rel=\"noopener noreferrer\">ASSINE AGORA<\/a>\n        <\/div>\n      <\/div><\/div><\/div><\/div>\n\n\n\n<h2 class=\"wp-block-heading has-text-align-center\" id=\"h-quer-saber-tudo-sobre-concursos-previstos-confira-nossos-artigos\">Quer saber tudo sobre concursos previstos?<br \/>Confira  nossos artigos!<\/h2>\n\n\n\n<ul class=\"wp-block-list\">\n<li><a href=\"https:\/\/www.estrategiaconcursos.com.br\/blog\/concursos-abertos\/\" target=\"_blank\" rel=\"noreferrer noopener\">Concursos Abertos<\/a><\/li>\n\n\n\n<li><a href=\"https:\/\/www.estrategiaconcursos.com.br\/blog\/concursos-prefeituras\/\">Concursos Prefeituras<\/a><\/li>\n\n\n\n<li><a href=\"https:\/\/www.estrategiaconcursos.com.br\/blog\/concursos-2025\/\" target=\"_blank\" rel=\"noreferrer noopener\">Concursos 2025<\/a><\/li>\n<\/ul>\n\n\n\n<figure class=\"wp-block-image size-large is-resized\"><img loading=\"lazy\" decoding=\"async\" width=\"1024\" height=\"632\" src=\"https:\/\/dhg1h5j42swfq.cloudfront.net\/2025\/06\/27101122\/ficha-tecnica-1-1024x632.png\" alt=\"Informa\u00e7\u00f5es do concurso da Prefeitura de Bom Retiro do Sul - RS\" class=\"wp-image-702728\" style=\"aspect-ratio:1.6172248803827751;width:289px;height:auto\" srcset=\"https:\/\/dhg1h5j42swfq.cloudfront.net\/2025\/06\/27101122\/ficha-tecnica-1-1024x632.png 1024w, https:\/\/dhg1h5j42swfq.cloudfront.net\/2025\/06\/27101122\/ficha-tecnica-1-300x185.png 300w, https:\/\/dhg1h5j42swfq.cloudfront.net\/2025\/06\/27101122\/ficha-tecnica-1-768x474.png 768w, https:\/\/dhg1h5j42swfq.cloudfront.net\/2025\/06\/27101122\/ficha-tecnica-1-1536x948.png 1536w, https:\/\/dhg1h5j42swfq.cloudfront.net\/2025\/06\/27101122\/ficha-tecnica-1-610x377.png 610w, https:\/\/dhg1h5j42swfq.cloudfront.net\/2025\/06\/27101122\/ficha-tecnica-1.png 1571w\" sizes=\"auto, (max-width: 1024px) 100vw, 1024px\" \/><\/figure>\n\n\n\n<h3 class=\"wp-block-heading\" id=\"ficha\">Informa\u00e7\u00f5es do concurso da Prefeitura de Bom Retiro do Sul &#8211; RS<\/h3>\n\n\n\n<ul class=\"wp-block-list\">\n<li><strong style=\"color: initial;\">Provas<\/strong><span style=\"color: initial;\">:<\/span> suspenso<\/li>\n\n\n\n<li><strong>Vagas<\/strong>: 7 + CR<\/li>\n\n\n\n<li><strong>Cargos<\/strong>: diversos<\/li>\n\n\n\n<li><strong>Banca<\/strong>: Fundatec<\/li>\n\n\n\n<li><strong>Escolaridade<\/strong>: todos<\/li>\n\n\n\n<li><strong>Edital: <\/strong><a href=\"https:\/\/dhg1h5j42swfq.cloudfront.net\/2025\/04\/08131022\/edital_abertura_95867e17516bcc5e.pdf\" target=\"_blank\" rel=\"noreferrer noopener nofollow\">Bom Retiro do Sul 2025<\/a><\/li>\n<\/ul>\n","protected":false},"excerpt":{"rendered":"<p>O edital do concurso Bom Retiro do Sul, no Rio Grande do Sul, est\u00e1 temporariamente suspenso em conformidade com decis\u00e3o proferida no Despacho constante dos autos do processo n\u00ba 5005810-25.2024.8.21.0047\/RS. Vale ressaltar que mais detalhes, como o motivo da suspens\u00e3o, n\u00e3o foram divulgados. Agora, os candidatos j\u00e1 inscritos devem seguir acompanhando as publica\u00e7\u00f5es no site [&hellip;]<\/p>\n","protected":false},"author":1,"featured_media":1559603,"comment_status":"open","ping_status":"closed","sticky":false,"template":"","format":"standard","meta":{"post_tipo":"news_page","footnotes":""},"categories":[214992],"tags":[],"tax_estado":[219986],"class_list":["post-1559562","post","type-post","status-publish","format-standard","has-post-thumbnail","hentry","category-concursos-administrativos","tax_estado-rs"],"acf":[],"yoast_head":"<!-- This site is optimized with the Yoast SEO Premium plugin v27.2 (Yoast SEO v27.2) - https:\/\/yoast.com\/product\/yoast-seo-premium-wordpress\/ -->\n<title>Concurso Bom Retiro do Sul \u00e9 temporariamente suspenso!<\/title>\n<meta name=\"description\" content=\"Confira as informa\u00e7\u00f5es do concurso Bom Retiro do Sul, que est\u00e1 com suas inscri\u00e7\u00f5es e cronograma temporariamente suspenso.\" \/>\n<meta name=\"robots\" content=\"index, follow, max-snippet:-1, max-image-preview:large, max-video-preview:-1\" \/>\n<link rel=\"canonical\" href=\"https:\/\/www.estrategiaconcursos.com.br\/blog\/concurso-prefeitura-bom-retiro-do-sul\/\" \/>\n<meta property=\"og:locale\" content=\"pt_BR\" \/>\n<meta property=\"og:type\" content=\"article\" \/>\n<meta property=\"og:title\" content=\"Concurso Bom Retiro do Sul \u00e9 temporariamente suspenso!\" \/>\n<meta property=\"og:description\" content=\"Confira as informa\u00e7\u00f5es do concurso Bom Retiro do Sul, que est\u00e1 com suas inscri\u00e7\u00f5es e cronograma temporariamente suspenso.\" \/>\n<meta property=\"og:url\" content=\"https:\/\/www.estrategiaconcursos.com.br\/blog\/concurso-prefeitura-bom-retiro-do-sul\/\" \/>\n<meta property=\"og:site_name\" content=\"Estrat\u00e9gia Concursos\" \/>\n<meta property=\"article:author\" content=\"https:\/\/www.facebook.com\/EstrategiaConcursos\" \/>\n<meta property=\"article:published_time\" content=\"2025-04-22T12:41:00+00:00\" \/>\n<meta property=\"article:modified_time\" content=\"2025-04-22T12:41:16+00:00\" \/>\n<meta property=\"og:image\" content=\"https:\/\/dhg1h5j42swfq.cloudfront.net\/2025\/04\/08122925\/prefeitura-bom-retiro-do-sul.jpg\" \/>\n\t<meta property=\"og:image:width\" content=\"768\" \/>\n\t<meta property=\"og:image:height\" content=\"432\" \/>\n\t<meta property=\"og:image:type\" content=\"image\/jpeg\" \/>\n<meta name=\"author\" content=\"Coordena\u00e7\u00e3o\" \/>\n<meta name=\"twitter:card\" content=\"summary_large_image\" \/>\n<meta name=\"twitter:creator\" content=\"@EstratConcursos\" \/>\n<meta name=\"twitter:site\" content=\"@EstratConcursos\" \/>\n<meta name=\"twitter:label1\" content=\"Escrito por\" \/>\n\t<meta name=\"twitter:data1\" content=\"Coordena\u00e7\u00e3o\" \/>\n\t<meta name=\"twitter:label2\" content=\"Est. tempo de leitura\" \/>\n\t<meta name=\"twitter:data2\" content=\"3 minutos\" \/>\n<script type=\"application\/ld+json\" class=\"yoast-schema-graph\">{\"@context\":\"https:\/\/schema.org\",\"@graph\":[{\"@type\":\"NewsArticle\",\"@id\":\"https:\/\/www.estrategiaconcursos.com.br\/blog\/concurso-prefeitura-bom-retiro-do-sul\/#article\",\"isPartOf\":{\"@id\":\"https:\/\/www.estrategiaconcursos.com.br\/blog\/concurso-prefeitura-bom-retiro-do-sul\/\"},\"author\":{\"name\":\"Coordena\u00e7\u00e3o\",\"@id\":\"https:\/\/www.estrategiaconcursos.com.br\/blog\/#\/schema\/person\/b4a388c97673c5f483d72185668afa1f\"},\"headline\":\"Concurso Bom Retiro do Sul \u00e9 temporariamente suspenso!\",\"datePublished\":\"2025-04-22T12:41:00+00:00\",\"dateModified\":\"2025-04-22T12:41:16+00:00\",\"mainEntityOfPage\":{\"@id\":\"https:\/\/www.estrategiaconcursos.com.br\/blog\/concurso-prefeitura-bom-retiro-do-sul\/\"},\"wordCount\":520,\"commentCount\":0,\"publisher\":{\"@id\":\"https:\/\/www.estrategiaconcursos.com.br\/blog\/#organization\"},\"image\":{\"@id\":\"https:\/\/www.estrategiaconcursos.com.br\/blog\/concurso-prefeitura-bom-retiro-do-sul\/#primaryimage\"},\"thumbnailUrl\":\"https:\/\/dhg1h5j42swfq.cloudfront.net\/2025\/04\/08122925\/prefeitura-bom-retiro-do-sul.jpg\",\"articleSection\":[\"Executivo (Administrativa)\"],\"inLanguage\":\"pt-BR\",\"potentialAction\":[{\"@type\":\"CommentAction\",\"name\":\"Comment\",\"target\":[\"https:\/\/www.estrategiaconcursos.com.br\/blog\/concurso-prefeitura-bom-retiro-do-sul\/#respond\"]}],\"copyrightYear\":\"2025\",\"copyrightHolder\":{\"@id\":\"https:\/\/www.estrategiaconcursos.com.br\/blog\/#organization\"}},{\"@type\":\"WebPage\",\"@id\":\"https:\/\/www.estrategiaconcursos.com.br\/blog\/concurso-prefeitura-bom-retiro-do-sul\/\",\"url\":\"https:\/\/www.estrategiaconcursos.com.br\/blog\/concurso-prefeitura-bom-retiro-do-sul\/\",\"name\":\"Concurso Bom Retiro do Sul \u00e9 temporariamente suspenso!\",\"isPartOf\":{\"@id\":\"https:\/\/www.estrategiaconcursos.com.br\/blog\/#website\"},\"primaryImageOfPage\":{\"@id\":\"https:\/\/www.estrategiaconcursos.com.br\/blog\/concurso-prefeitura-bom-retiro-do-sul\/#primaryimage\"},\"image\":{\"@id\":\"https:\/\/www.estrategiaconcursos.com.br\/blog\/concurso-prefeitura-bom-retiro-do-sul\/#primaryimage\"},\"thumbnailUrl\":\"https:\/\/dhg1h5j42swfq.cloudfront.net\/2025\/04\/08122925\/prefeitura-bom-retiro-do-sul.jpg\",\"datePublished\":\"2025-04-22T12:41:00+00:00\",\"dateModified\":\"2025-04-22T12:41:16+00:00\",\"description\":\"Confira as informa\u00e7\u00f5es do concurso Bom Retiro do Sul, que est\u00e1 com suas inscri\u00e7\u00f5es e cronograma temporariamente suspenso.\",\"breadcrumb\":{\"@id\":\"https:\/\/www.estrategiaconcursos.com.br\/blog\/concurso-prefeitura-bom-retiro-do-sul\/#breadcrumb\"},\"inLanguage\":\"pt-BR\",\"potentialAction\":[{\"@type\":\"ReadAction\",\"target\":[\"https:\/\/www.estrategiaconcursos.com.br\/blog\/concurso-prefeitura-bom-retiro-do-sul\/\"]}]},{\"@type\":\"ImageObject\",\"inLanguage\":\"pt-BR\",\"@id\":\"https:\/\/www.estrategiaconcursos.com.br\/blog\/concurso-prefeitura-bom-retiro-do-sul\/#primaryimage\",\"url\":\"https:\/\/dhg1h5j42swfq.cloudfront.net\/2025\/04\/08122925\/prefeitura-bom-retiro-do-sul.jpg\",\"contentUrl\":\"https:\/\/dhg1h5j42swfq.cloudfront.net\/2025\/04\/08122925\/prefeitura-bom-retiro-do-sul.jpg\",\"width\":768,\"height\":432},{\"@type\":\"BreadcrumbList\",\"@id\":\"https:\/\/www.estrategiaconcursos.com.br\/blog\/concurso-prefeitura-bom-retiro-do-sul\/#breadcrumb\",\"itemListElement\":[{\"@type\":\"ListItem\",\"position\":1,\"name\":\"In\u00edcio\",\"item\":\"https:\/\/www.estrategiaconcursos.com.br\/blog\/\"},{\"@type\":\"ListItem\",\"position\":2,\"name\":\"Concurso Bom Retiro do Sul \u00e9 temporariamente suspenso!\"}]},{\"@type\":\"WebSite\",\"@id\":\"https:\/\/www.estrategiaconcursos.com.br\/blog\/#website\",\"url\":\"https:\/\/www.estrategiaconcursos.com.br\/blog\/\",\"name\":\"Estrat\u00e9gia Concursos\",\"description\":\"O blog da Estrat\u00e9gia Concursos traz not\u00edcias sobre concursos e artigos de professores oferecendo cursos para concursos (pdf + videaulas) no site.\",\"publisher\":{\"@id\":\"https:\/\/www.estrategiaconcursos.com.br\/blog\/#organization\"},\"potentialAction\":[{\"@type\":\"SearchAction\",\"target\":{\"@type\":\"EntryPoint\",\"urlTemplate\":\"https:\/\/www.estrategiaconcursos.com.br\/blog\/?s={search_term_string}\"},\"query-input\":{\"@type\":\"PropertyValueSpecification\",\"valueRequired\":true,\"valueName\":\"search_term_string\"}}],\"inLanguage\":\"pt-BR\"},{\"@type\":\"Organization\",\"@id\":\"https:\/\/www.estrategiaconcursos.com.br\/blog\/#organization\",\"name\":\"Estrat\u00e9gia Concursos\",\"url\":\"https:\/\/www.estrategiaconcursos.com.br\/blog\/\",\"logo\":{\"@type\":\"ImageObject\",\"inLanguage\":\"pt-BR\",\"@id\":\"https:\/\/www.estrategiaconcursos.com.br\/blog\/#\/schema\/logo\/image\/\",\"url\":\"https:\/\/dhg1h5j42swfq.cloudfront.net\/2025\/06\/03203428\/logo_concursos-1.jpg\",\"contentUrl\":\"https:\/\/dhg1h5j42swfq.cloudfront.net\/2025\/06\/03203428\/logo_concursos-1.jpg\",\"width\":230,\"height\":60,\"caption\":\"Estrat\u00e9gia Concursos\"},\"image\":{\"@id\":\"https:\/\/www.estrategiaconcursos.com.br\/blog\/#\/schema\/logo\/image\/\"},\"sameAs\":[\"https:\/\/x.com\/EstratConcursos\"]},{\"@type\":\"Person\",\"@id\":\"https:\/\/www.estrategiaconcursos.com.br\/blog\/#\/schema\/person\/b4a388c97673c5f483d72185668afa1f\",\"name\":\"Coordena\u00e7\u00e3o\",\"image\":{\"@type\":\"ImageObject\",\"inLanguage\":\"pt-BR\",\"@id\":\"https:\/\/secure.gravatar.com\/avatar\/b720319e4c9a967eb58678d110f4fe35452fc5d5f97b202bac7b8acceb18c6ad?s=96&d=mm&r=g\",\"url\":\"https:\/\/secure.gravatar.com\/avatar\/b720319e4c9a967eb58678d110f4fe35452fc5d5f97b202bac7b8acceb18c6ad?s=96&d=mm&r=g\",\"contentUrl\":\"https:\/\/secure.gravatar.com\/avatar\/b720319e4c9a967eb58678d110f4fe35452fc5d5f97b202bac7b8acceb18c6ad?s=96&d=mm&r=g\",\"caption\":\"Coordena\u00e7\u00e3o\"},\"sameAs\":[\"https:\/\/www.facebook.com\/EstrategiaConcursos\",\"https:\/\/x.com\/EstratConcursos\"],\"url\":\"https:\/\/www.estrategiaconcursos.com.br\/blog\/author\/estrategia2013\/\"}]}<\/script>\n<!-- \/ Yoast SEO Premium plugin. -->","yoast_head_json":{"title":"Concurso Bom Retiro do Sul \u00e9 temporariamente suspenso!","description":"Confira as informa\u00e7\u00f5es do concurso Bom Retiro do Sul, que est\u00e1 com suas inscri\u00e7\u00f5es e cronograma temporariamente suspenso.","robots":{"index":"index","follow":"follow","max-snippet":"max-snippet:-1","max-image-preview":"max-image-preview:large","max-video-preview":"max-video-preview:-1"},"canonical":"https:\/\/www.estrategiaconcursos.com.br\/blog\/concurso-prefeitura-bom-retiro-do-sul\/","og_locale":"pt_BR","og_type":"article","og_title":"Concurso Bom Retiro do Sul \u00e9 temporariamente suspenso!","og_description":"Confira as informa\u00e7\u00f5es do concurso Bom Retiro do Sul, que est\u00e1 com suas inscri\u00e7\u00f5es e cronograma temporariamente suspenso.","og_url":"https:\/\/www.estrategiaconcursos.com.br\/blog\/concurso-prefeitura-bom-retiro-do-sul\/","og_site_name":"Estrat\u00e9gia Concursos","article_author":"https:\/\/www.facebook.com\/EstrategiaConcursos","article_published_time":"2025-04-22T12:41:00+00:00","article_modified_time":"2025-04-22T12:41:16+00:00","og_image":[{"width":768,"height":432,"url":"https:\/\/dhg1h5j42swfq.cloudfront.net\/2025\/04\/08122925\/prefeitura-bom-retiro-do-sul.jpg","type":"image\/jpeg"}],"author":"Coordena\u00e7\u00e3o","twitter_card":"summary_large_image","twitter_creator":"@EstratConcursos","twitter_site":"@EstratConcursos","twitter_misc":{"Escrito por":"Coordena\u00e7\u00e3o","Est. tempo de leitura":"3 minutos"},"schema":{"@context":"https:\/\/schema.org","@graph":[{"@type":"NewsArticle","@id":"https:\/\/www.estrategiaconcursos.com.br\/blog\/concurso-prefeitura-bom-retiro-do-sul\/#article","isPartOf":{"@id":"https:\/\/www.estrategiaconcursos.com.br\/blog\/concurso-prefeitura-bom-retiro-do-sul\/"},"author":{"name":"Coordena\u00e7\u00e3o","@id":"https:\/\/www.estrategiaconcursos.com.br\/blog\/#\/schema\/person\/b4a388c97673c5f483d72185668afa1f"},"headline":"Concurso Bom Retiro do Sul \u00e9 temporariamente suspenso!","datePublished":"2025-04-22T12:41:00+00:00","dateModified":"2025-04-22T12:41:16+00:00","mainEntityOfPage":{"@id":"https:\/\/www.estrategiaconcursos.com.br\/blog\/concurso-prefeitura-bom-retiro-do-sul\/"},"wordCount":520,"commentCount":0,"publisher":{"@id":"https:\/\/www.estrategiaconcursos.com.br\/blog\/#organization"},"image":{"@id":"https:\/\/www.estrategiaconcursos.com.br\/blog\/concurso-prefeitura-bom-retiro-do-sul\/#primaryimage"},"thumbnailUrl":"https:\/\/dhg1h5j42swfq.cloudfront.net\/2025\/04\/08122925\/prefeitura-bom-retiro-do-sul.jpg","articleSection":["Executivo (Administrativa)"],"inLanguage":"pt-BR","potentialAction":[{"@type":"CommentAction","name":"Comment","target":["https:\/\/www.estrategiaconcursos.com.br\/blog\/concurso-prefeitura-bom-retiro-do-sul\/#respond"]}],"copyrightYear":"2025","copyrightHolder":{"@id":"https:\/\/www.estrategiaconcursos.com.br\/blog\/#organization"}},{"@type":"WebPage","@id":"https:\/\/www.estrategiaconcursos.com.br\/blog\/concurso-prefeitura-bom-retiro-do-sul\/","url":"https:\/\/www.estrategiaconcursos.com.br\/blog\/concurso-prefeitura-bom-retiro-do-sul\/","name":"Concurso Bom Retiro do Sul \u00e9 temporariamente suspenso!","isPartOf":{"@id":"https:\/\/www.estrategiaconcursos.com.br\/blog\/#website"},"primaryImageOfPage":{"@id":"https:\/\/www.estrategiaconcursos.com.br\/blog\/concurso-prefeitura-bom-retiro-do-sul\/#primaryimage"},"image":{"@id":"https:\/\/www.estrategiaconcursos.com.br\/blog\/concurso-prefeitura-bom-retiro-do-sul\/#primaryimage"},"thumbnailUrl":"https:\/\/dhg1h5j42swfq.cloudfront.net\/2025\/04\/08122925\/prefeitura-bom-retiro-do-sul.jpg","datePublished":"2025-04-22T12:41:00+00:00","dateModified":"2025-04-22T12:41:16+00:00","description":"Confira as informa\u00e7\u00f5es do concurso Bom Retiro do Sul, que est\u00e1 com suas inscri\u00e7\u00f5es e cronograma temporariamente suspenso.","breadcrumb":{"@id":"https:\/\/www.estrategiaconcursos.com.br\/blog\/concurso-prefeitura-bom-retiro-do-sul\/#breadcrumb"},"inLanguage":"pt-BR","potentialAction":[{"@type":"ReadAction","target":["https:\/\/www.estrategiaconcursos.com.br\/blog\/concurso-prefeitura-bom-retiro-do-sul\/"]}]},{"@type":"ImageObject","inLanguage":"pt-BR","@id":"https:\/\/www.estrategiaconcursos.com.br\/blog\/concurso-prefeitura-bom-retiro-do-sul\/#primaryimage","url":"https:\/\/dhg1h5j42swfq.cloudfront.net\/2025\/04\/08122925\/prefeitura-bom-retiro-do-sul.jpg","contentUrl":"https:\/\/dhg1h5j42swfq.cloudfront.net\/2025\/04\/08122925\/prefeitura-bom-retiro-do-sul.jpg","width":768,"height":432},{"@type":"BreadcrumbList","@id":"https:\/\/www.estrategiaconcursos.com.br\/blog\/concurso-prefeitura-bom-retiro-do-sul\/#breadcrumb","itemListElement":[{"@type":"ListItem","position":1,"name":"In\u00edcio","item":"https:\/\/www.estrategiaconcursos.com.br\/blog\/"},{"@type":"ListItem","position":2,"name":"Concurso Bom Retiro do Sul \u00e9 temporariamente suspenso!"}]},{"@type":"WebSite","@id":"https:\/\/www.estrategiaconcursos.com.br\/blog\/#website","url":"https:\/\/www.estrategiaconcursos.com.br\/blog\/","name":"Estrat\u00e9gia Concursos","description":"O blog da Estrat\u00e9gia Concursos traz not\u00edcias sobre concursos e artigos de professores oferecendo cursos para concursos (pdf + videaulas) no site.","publisher":{"@id":"https:\/\/www.estrategiaconcursos.com.br\/blog\/#organization"},"potentialAction":[{"@type":"SearchAction","target":{"@type":"EntryPoint","urlTemplate":"https:\/\/www.estrategiaconcursos.com.br\/blog\/?s={search_term_string}"},"query-input":{"@type":"PropertyValueSpecification","valueRequired":true,"valueName":"search_term_string"}}],"inLanguage":"pt-BR"},{"@type":"Organization","@id":"https:\/\/www.estrategiaconcursos.com.br\/blog\/#organization","name":"Estrat\u00e9gia Concursos","url":"https:\/\/www.estrategiaconcursos.com.br\/blog\/","logo":{"@type":"ImageObject","inLanguage":"pt-BR","@id":"https:\/\/www.estrategiaconcursos.com.br\/blog\/#\/schema\/logo\/image\/","url":"https:\/\/dhg1h5j42swfq.cloudfront.net\/2025\/06\/03203428\/logo_concursos-1.jpg","contentUrl":"https:\/\/dhg1h5j42swfq.cloudfront.net\/2025\/06\/03203428\/logo_concursos-1.jpg","width":230,"height":60,"caption":"Estrat\u00e9gia Concursos"},"image":{"@id":"https:\/\/www.estrategiaconcursos.com.br\/blog\/#\/schema\/logo\/image\/"},"sameAs":["https:\/\/x.com\/EstratConcursos"]},{"@type":"Person","@id":"https:\/\/www.estrategiaconcursos.com.br\/blog\/#\/schema\/person\/b4a388c97673c5f483d72185668afa1f","name":"Coordena\u00e7\u00e3o","image":{"@type":"ImageObject","inLanguage":"pt-BR","@id":"https:\/\/secure.gravatar.com\/avatar\/b720319e4c9a967eb58678d110f4fe35452fc5d5f97b202bac7b8acceb18c6ad?s=96&d=mm&r=g","url":"https:\/\/secure.gravatar.com\/avatar\/b720319e4c9a967eb58678d110f4fe35452fc5d5f97b202bac7b8acceb18c6ad?s=96&d=mm&r=g","contentUrl":"https:\/\/secure.gravatar.com\/avatar\/b720319e4c9a967eb58678d110f4fe35452fc5d5f97b202bac7b8acceb18c6ad?s=96&d=mm&r=g","caption":"Coordena\u00e7\u00e3o"},"sameAs":["https:\/\/www.facebook.com\/EstrategiaConcursos","https:\/\/x.com\/EstratConcursos"],"url":"https:\/\/www.estrategiaconcursos.com.br\/blog\/author\/estrategia2013\/"}]}},"_links":{"self":[{"href":"https:\/\/www.estrategiaconcursos.com.br\/blog\/wp-json\/wp\/v2\/posts\/1559562","targetHints":{"allow":["GET"]}}],"collection":[{"href":"https:\/\/www.estrategiaconcursos.com.br\/blog\/wp-json\/wp\/v2\/posts"}],"about":[{"href":"https:\/\/www.estrategiaconcursos.com.br\/blog\/wp-json\/wp\/v2\/types\/post"}],"author":[{"embeddable":true,"href":"https:\/\/www.estrategiaconcursos.com.br\/blog\/wp-json\/wp\/v2\/users\/1"}],"replies":[{"embeddable":true,"href":"https:\/\/www.estrategiaconcursos.com.br\/blog\/wp-json\/wp\/v2\/comments?post=1559562"}],"version-history":[{"count":12,"href":"https:\/\/www.estrategiaconcursos.com.br\/blog\/wp-json\/wp\/v2\/posts\/1559562\/revisions"}],"predecessor-version":[{"id":1565537,"href":"https:\/\/www.estrategiaconcursos.com.br\/blog\/wp-json\/wp\/v2\/posts\/1559562\/revisions\/1565537"}],"wp:featuredmedia":[{"embeddable":true,"href":"https:\/\/www.estrategiaconcursos.com.br\/blog\/wp-json\/wp\/v2\/media\/1559603"}],"wp:attachment":[{"href":"https:\/\/www.estrategiaconcursos.com.br\/blog\/wp-json\/wp\/v2\/media?parent=1559562"}],"wp:term":[{"taxonomy":"category","embeddable":true,"href":"https:\/\/www.estrategiaconcursos.com.br\/blog\/wp-json\/wp\/v2\/categories?post=1559562"},{"taxonomy":"post_tag","embeddable":true,"href":"https:\/\/www.estrategiaconcursos.com.br\/blog\/wp-json\/wp\/v2\/tags?post=1559562"},{"taxonomy":"tax_estado","embeddable":true,"href":"https:\/\/www.estrategiaconcursos.com.br\/blog\/wp-json\/wp\/v2\/tax_estado?post=1559562"}],"curies":[{"name":"wp","href":"https:\/\/api.w.org\/{rel}","templated":true}]}}