{"id":1558771,"date":"2025-04-07T11:09:17","date_gmt":"2025-04-07T14:09:17","guid":{"rendered":"https:\/\/www.estrategiaconcursos.com.br\/blog\/?p=1558771"},"modified":"2025-04-08T08:13:29","modified_gmt":"2025-04-08T11:13:29","slug":"gabarito-extraoficial-tjsp-psicologia","status":"publish","type":"post","link":"https:\/\/www.estrategiaconcursos.com.br\/blog\/gabarito-extraoficial-tjsp-psicologia\/","title":{"rendered":"Gabarito extraoficial TJSP (Psicologia)"},"content":{"rendered":"\n<p>No domingo, 06 de abril de 2025, foram aplicadas as provas do <strong>concurso<\/strong> TJ SP (Tribunal de Justi\u00e7a de S\u00e3o Paulo) para <strong><u>Psicologia<\/u><\/strong>.<\/p>\n\n\n\n<p>Sob organiza\u00e7\u00e3o da banca Vunesp, a sele\u00e7\u00e3o oferta <strong>137<\/strong> vagas. Os aprovados receber\u00e3o sal\u00e1rio inicial de <strong>R$ 9.061,53<\/strong>.<\/p>\n\n\n\n<p>Com o objetivo de ajud\u00e1-los em todas as etapas do certame e, claro, diminuir um pouco a ansiedade para saber seu desempenho,&nbsp;<strong>nossos professores realizaram a<\/strong> <strong>corre\u00e7\u00e3o extraoficial da prova<\/strong>.<\/p>\n\n\n\n<h4 class=\"wp-block-heading\" id=\"h-conhecimentos-basicos\"><strong>Conhecimentos B\u00e1sicos<\/strong><\/h4>\n\n\n\n<figure class=\"wp-block-table is-style-stripes\"><table class=\"has-very-light-gray-to-cyan-bluish-gray-gradient-background has-background has-fixed-layout\"><tbody><tr><td class=\"has-text-align-center\" data-align=\"center\"><strong>PROFESSORES<\/strong><\/td><td class=\"has-text-align-center\" data-align=\"center\"><strong>DISCIPLINA<\/strong><\/td><\/tr><tr><td class=\"has-text-align-center\" data-align=\"center\">Luiz Felipe<\/td><td class=\"has-text-align-center\" data-align=\"center\">L\u00edngua Portuguesa<\/td><\/tr><tr><td class=\"has-text-align-center\" data-align=\"center\">Renato da Costa<\/td><td class=\"has-text-align-center\" data-align=\"center\">No\u00e7\u00f5es de inform\u00e1tica<\/td><\/tr><tr><td class=\"has-text-align-center\" data-align=\"center\">Brunno Lima<\/td><td class=\"has-text-align-center\" data-align=\"center\">Racioc\u00ednio L\u00f3gico e Matem\u00e1tico<\/td><\/tr><tr><td class=\"has-text-align-center\" data-align=\"center\">Ant\u00f4nio Daud<\/td><td class=\"has-text-align-center\" data-align=\"center\">Estatuto dos Funcion\u00e1rios P\u00fablicos de SP E&nbsp;Lei de Improbidade Administrativa<strong>&nbsp;<\/strong><\/td><\/tr><tr><td class=\"has-text-align-center\" data-align=\"center\">Rodolfo Gracioli<\/td><td class=\"has-text-align-center\" data-align=\"center\">Atualidades<\/td><\/tr><tr><td class=\"has-text-align-center\" data-align=\"center\">Adriane Fauth<\/td><td class=\"has-text-align-center\" data-align=\"center\">Legisla\u00e7\u00e3o (Direito Constitucional)<\/td><\/tr><tr><td class=\"has-text-align-center\" data-align=\"center\">Paulo Sousa<\/td><td class=\"has-text-align-center\" data-align=\"center\">Legisla\u00e7\u00e3o (Direito Civil)<\/td><\/tr><tr><td class=\"has-text-align-center\" data-align=\"center\">Ricardo Torques<\/td><td class=\"has-text-align-center\" data-align=\"center\">Legisla\u00e7\u00e3o<\/td><\/tr><\/tbody><\/table><\/figure>\n\n\n\n<h3 class=\"wp-block-heading\" id=\"h-conhecimentos-especificos-psicologia-nbsp\"><strong><u>Conhecimentos espec\u00edficos Psicologia:&nbsp;<\/u><\/strong><\/h3>\n\n\n\n<figure class=\"wp-block-table is-style-stripes\"><table class=\"has-very-light-gray-to-cyan-bluish-gray-gradient-background has-background has-fixed-layout\"><tbody><tr><td colspan=\"2\"><strong>Conhecimentos Espec\u00edficos<\/strong><\/td><\/tr><tr><td>Psicologia&nbsp;<\/td><td>Priscila Batista<\/td><\/tr><\/tbody><\/table><\/figure>\n\n\n\n<h2 class=\"wp-block-heading\" id=\"h-gabarito-extraoficial-tjsp-psicologia-18h\">Gabarito extraoficial TJSP (Psicologia) &#8211; 18h <\/h2>\n\n\n\n<p class=\"has-text-align-center has-medium-font-size\">YOUTUBE &#8211; <a href=\"https:\/\/www.youtube.com\/channel\/UChvwkhC3eHxJsVxW_ItDjdA\">ASSISTA AO VIVO<\/a><\/p>\n\n\n\n<p>Abaixo, voc\u00ea confere os gabaritos das quest\u00f5es corrigidas pelos nossos professores. <\/p>\n\n\n\n<ul class=\"wp-block-list\">\n<li><a href=\"https:\/\/dhg1h5j42swfq.cloudfront.net\/2025\/04\/07113459\/tjsp2406_305_20250407084947-pdf-1-1.pdf\">Prova usada como base para a corre\u00e7\u00e3o. <\/a><\/li>\n<\/ul>\n\n\n\n<figure class=\"wp-block-table is-style-stripes\"><table class=\"has-pale-cyan-blue-background-color has-background has-fixed-layout\"><tbody><tr><td class=\"has-text-align-center\" data-align=\"center\">QUEST\u00d5ES<\/td><td class=\"has-text-align-center\" data-align=\"center\">ALTERNATIVAS<\/td><\/tr><tr><td class=\"has-text-align-center\" data-align=\"center\">1 &#8211; Fabiano \u00e9 descrito&#8230;<\/td><td class=\"has-text-align-center\" data-align=\"center\">A &#8211; um homem r\u00fastico, orgulhoso de sua capacidade de superar problemas apesar de se inferiorizar&#8230;<\/td><\/tr><tr><td class=\"has-text-align-center\" data-align=\"center\">2 &#8211; Considerando as informa\u00e7\u00f5es&#8230;<\/td><td class=\"has-text-align-center\" data-align=\"center\">E &#8211; Conteve-se, notou que os meninos&#8230;<\/td><\/tr><tr><td class=\"has-text-align-center\" data-align=\"center\">3 &#8211; O autor, ao discorrer&#8230;<\/td><td class=\"has-text-align-center\" data-align=\"center\">A &#8211; est\u00e1 subordinado a leis r\u00edtmicas&#8230;<\/td><\/tr><tr><td class=\"has-text-align-center\" data-align=\"center\">4 &#8211; As informa\u00e7\u00f5es do texto permitem inferir&#8230;<\/td><td class=\"has-text-align-center\" data-align=\"center\">B &#8211; prosa \u00e9 uma forma de express\u00e3o superior ao verso&#8230;<\/td><\/tr><tr><td class=\"has-text-align-center\" data-align=\"center\">5 &#8211; Na passagem do 1\u00ba par\u00e1grafo&#8230;<\/td><td class=\"has-text-align-center\" data-align=\"center\">D &#8211; \u201cA segunda\u201d&#8230;.<\/td><\/tr><tr><td class=\"has-text-align-center\" data-align=\"center\">6 &#8211; Na passagem do 2\u00ba par\u00e1grafo \u2013 Como a m\u00fasica&#8230;<\/td><td class=\"has-text-align-center\" data-align=\"center\">E &#8211; compara\u00e7\u00e3o, oposi\u00e7\u00e3o e oposi\u00e7\u00e3o&#8230;<\/td><\/tr><tr><td class=\"has-text-align-center\" data-align=\"center\">7 &#8211; Nas passagens \u2013 \u2026 e n\u00e3o \u00e9 \u2013 creio bem&#8230;<\/td><td class=\"has-text-align-center\" data-align=\"center\">C &#8211; circunscrevem as informa\u00e7\u00f5es ao ponto de vista subjetivo do autor&#8230;<\/td><\/tr><tr><td class=\"has-text-align-center\" data-align=\"center\">8 &#8211; O texto deixa evidente que as crian\u00e7as e os jovens&#8230;<\/td><td class=\"has-text-align-center\" data-align=\"center\">E &#8211; est\u00e3o vulner\u00e1veis aos problemas clim\u00e1ticos&#8230;<\/td><\/tr><tr><td class=\"has-text-align-center\" data-align=\"center\">9 &#8211; . Considere as passagens do texto&#8230;<\/td><td class=\"has-text-align-center\" data-align=\"center\">D &#8211; destroem; sujeitos; compreensiva; aten\u00e7\u00e3o&#8230;<\/td><\/tr><tr><td class=\"has-text-align-center\" data-align=\"center\">10 &#8211; A rela\u00e7\u00e3o em que o primeiro termo&#8230;<\/td><td class=\"has-text-align-center\" data-align=\"center\">B &#8211; Tais sintomas s\u00e3o comumente identificados em<br \/>pa\u00edses&#8230;<\/td><\/tr><tr><td class=\"has-text-align-center\" data-align=\"center\">11 &#8211; Assinale a alternativa em que a frase&#8230;<\/td><td class=\"has-text-align-center\" data-align=\"center\">C &#8211; N\u00fameros expressivos de crian\u00e7as e jovens com ecoansiedade t\u00eam mobilizado familiares e educadores para que os acolham. Bastantes queixas de crian\u00e7as e jovens s\u00e3o minimizadas, o que lhes causa frustra\u00e7\u00e3o&#8230;<\/td><\/tr><tr><td class=\"has-text-align-center\" data-align=\"center\">12 &#8211; A educa\u00e7\u00e3o para o desenvolvimento&#8230;<\/td><td class=\"has-text-align-center\" data-align=\"center\">A &#8211; \u00e0 \u2026 paralisante \u2026 podem \u2026 a \u2026 perturbada<\/td><\/tr><tr><td class=\"has-text-align-center\" data-align=\"center\">13 &#8211; Com base na obra Quando os pais&#8230;<\/td><td class=\"has-text-align-center\" data-align=\"center\">E &#8211; Explicar a separa\u00e7\u00e3o de forma honesta e&#8230;<\/td><\/tr><tr><td class=\"has-text-align-center\" data-align=\"center\">14 &#8211; Lucas tem 11 anos e seus pais&#8230;<\/td><td class=\"has-text-align-center\" data-align=\"center\">C &#8211; organizem os itens para Lucas, dado&#8230;<\/td><\/tr><tr><td class=\"has-text-align-center\" data-align=\"center\">15 &#8211; Com base no cap\u00edtulo&#8230;<\/td><td class=\"has-text-align-center\" data-align=\"center\">D &#8211; Reconhecer que n\u00e3o existem&#8230;<\/td><\/tr><tr><td class=\"has-text-align-center\" data-align=\"center\">16 &#8211; A legisla\u00e7\u00e3o sobre pr\u00e1ticas&#8230;<\/td><td class=\"has-text-align-center\" data-align=\"center\">B &#8211; deve haver a reavalia\u00e7\u00e3o&#8230;<\/td><\/tr><tr><td class=\"has-text-align-center\" data-align=\"center\">17 &#8211; Jo\u00e3o, de 8 anos&#8230;<\/td><td class=\"has-text-align-center\" data-align=\"center\">C &#8211; levar em conta essas observa\u00e7\u00f5es&#8230;<\/td><\/tr><tr><td class=\"has-text-align-center\" data-align=\"center\">18 &#8211; Maria, uma crian\u00e7a de 4 anos&#8230;<\/td><td class=\"has-text-align-center\" data-align=\"center\">E &#8211; resistente \u00e0 ansiedade&#8230;<\/td><\/tr><tr><td class=\"has-text-align-center\" data-align=\"center\">19 &#8211; Ao tratar do desenvolvimento&#8230;<\/td><td class=\"has-text-align-center\" data-align=\"center\">B &#8211; cada crian\u00e7a conta&#8230;<\/td><\/tr><tr><td class=\"has-text-align-center\" data-align=\"center\">20 &#8211; Durante uma pr\u00e1tica&#8230;<\/td><td class=\"has-text-align-center\" data-align=\"center\">A &#8211; permitir que as partes&#8230;<\/td><\/tr><tr><td class=\"has-text-align-center\" data-align=\"center\">21 &#8211; Joana, uma psic\u00f3loga forense&#8230;<\/td><td class=\"has-text-align-center\" data-align=\"center\">B &#8211; evitar t\u00e9cnicas projetivas&#8230;<\/td><\/tr><tr><td class=\"has-text-align-center\" data-align=\"center\">22 &#8211; Assinale a alternativa que apresenta uma condi\u00e7\u00e3o legal que pode levar \u00e0 perda do poder familiar.<\/td><td class=\"has-text-align-center\" data-align=\"center\">D &#8211; Les\u00e3o corporal grave contra outro igualmente titular do mesmo poder familiar.<\/td><\/tr><tr><td class=\"has-text-align-center\" data-align=\"center\">23 -Segundo Falcke&#8230;<\/td><td class=\"has-text-align-center\" data-align=\"center\">C &#8211; implica um padr\u00e3o sistem\u00e1tico&#8230;<\/td><\/tr><tr><td class=\"has-text-align-center\" data-align=\"center\">24 &#8211; Solange, m\u00e3e de Lara&#8230;<\/td><td class=\"has-text-align-center\" data-align=\"center\">E &#8211; fa\u00e7a uso de instrumentos&#8230;<\/td><\/tr><tr><td class=\"has-text-align-center\" data-align=\"center\">25 -De acordo com o Estatuto da Crian\u00e7a&#8230;<\/td><td class=\"has-text-align-center\" data-align=\"center\">A &#8211; o adolescente aprendiz deve ter sua&#8230;<\/td><\/tr><tr><td class=\"has-text-align-center\" data-align=\"center\">26 &#8211; . A avalia\u00e7\u00e3o psicol\u00f3gica por peritos&#8230;<\/td><td class=\"has-text-align-center\" data-align=\"center\">C &#8211; promotores de Justi\u00e7a, ju\u00edzes e advogados.<\/td><\/tr><tr><td class=\"has-text-align-center\" data-align=\"center\">27 &#8211; . Andr\u00e9, de 17 anos, foi apreendido&#8230;<\/td><td class=\"has-text-align-center\" data-align=\"center\">E &#8211; interna\u00e7\u00e3o em estabelecimento&#8230;<\/td><\/tr><tr><td class=\"has-text-align-center\" data-align=\"center\">28 &#8211; Um psic\u00f3logo far\u00e1 a per\u00edcia&#8230;<\/td><td class=\"has-text-align-center\" data-align=\"center\">A -afirmar um suposto objetivo l\u00fadico&#8230;<\/td><\/tr><tr><td class=\"has-text-align-center\" data-align=\"center\">29 &#8211; Jo\u00e3o e Ana decidiram se divorciar ap\u00f3s&#8230;<\/td><td class=\"has-text-align-center\" data-align=\"center\">D &#8211; A guarda ser\u00e1 compartilhada, salvo se for comprovado que&#8230;<\/td><\/tr><tr><td class=\"has-text-align-center\" data-align=\"center\">30 &#8211; Maria, m\u00e3e de Pedro, de 7 anos&#8230;<\/td><td class=\"has-text-align-center\" data-align=\"center\">C -O Conselho Tutelar poder\u00e1 aplicar&#8230;<\/td><\/tr><tr><td class=\"has-text-align-center\" data-align=\"center\">31 &#8211; Jo\u00e3o, de 12 anos, foi acolhido&#8230;<\/td><td class=\"has-text-align-center\" data-align=\"center\">C -Planejar a reintegra\u00e7\u00e3o gradativa&#8230;<\/td><\/tr><tr><td class=\"has-text-align-center\" data-align=\"center\">32 &#8211; Um jovem de 15 anos&#8230;<\/td><td class=\"has-text-align-center\" data-align=\"center\">D -pode usar os brincos porque \u00e9 maior de 12 anos&#8230;<\/td><\/tr><tr><td class=\"has-text-align-center\" data-align=\"center\">33 &#8211; Tendo em vista as diferentes&#8230;<\/td><td class=\"has-text-align-center\" data-align=\"center\">E &#8211; Um grupo composto por pais&#8230;<\/td><\/tr><tr><td class=\"has-text-align-center\" data-align=\"center\">34 &#8211; Assinale a alternativa que configura&#8230;<\/td><td class=\"has-text-align-center\" data-align=\"center\">A -O idoso \u00e9 deslocado para um espa\u00e7o&#8230;<\/td><\/tr><tr><td class=\"has-text-align-center\" data-align=\"center\">35 &#8211; Ao descrever o objetivo&#8230;<\/td><td class=\"has-text-align-center\" data-align=\"center\">D &#8211; de modo a ampliar a vis\u00e3o dos atores<\/td><\/tr><tr><td class=\"has-text-align-center\" data-align=\"center\">36 &#8211; Conforme discutido por Sant\u2019Anna&#8230;<\/td><td class=\"has-text-align-center\" data-align=\"center\">E &#8211; A transmiss\u00e3o da viol\u00eancia multigeracional&#8230;<\/td><\/tr><tr><td class=\"has-text-align-center\" data-align=\"center\">37 &#8211; J\u00falia, uma menina de 7 anos de idade&#8230;<\/td><td class=\"has-text-align-center\" data-align=\"center\">C &#8211; tem direito de ser consultada acerca&#8230;<\/td><\/tr><tr><td class=\"has-text-align-center\" data-align=\"center\">38 &#8211; Um psic\u00f3logo cl\u00ednico&#8230;<\/td><td class=\"has-text-align-center\" data-align=\"center\">E &#8211; comunicar o caso \u00e0s autoridades&#8230;<\/td><\/tr><tr><td class=\"has-text-align-center\" data-align=\"center\">39 &#8211; Na obra Ado\u00e7\u00e3o, v\u00ednculos&#8230;<\/td><td class=\"has-text-align-center\" data-align=\"center\">B &#8211; a elabora\u00e7\u00e3o do luto pela m\u00e3e morta&#8230;<\/td><\/tr><tr><td class=\"has-text-align-center\" data-align=\"center\">40 -Rovinski, (em Louren\u00e7o, Ortiz e Shine, 2021)&#8230;<\/td><td class=\"has-text-align-center\" data-align=\"center\">A &#8211; adotar o padr\u00e3o culto do idioma, pautando-se por uma linguagem&#8230;<\/td><\/tr><tr><td class=\"has-text-align-center\" data-align=\"center\">41 &#8211; No Guia de refer\u00eancia para capacita\u00e7\u00e3o&#8230;<\/td><td class=\"has-text-align-center\" data-align=\"center\">C &#8211; A escuta especializada visa colher&#8230;<\/td><\/tr><tr><td class=\"has-text-align-center\" data-align=\"center\">42 &#8211; Na vis\u00e3o de Jean Piaget&#8230;<\/td><td class=\"has-text-align-center\" data-align=\"center\">D &#8211; pr\u00e9-operat\u00f3rio.<\/td><\/tr><tr><td class=\"has-text-align-center\" data-align=\"center\">43 &#8211; Um psic\u00f3logo, durante&#8230;<\/td><td class=\"has-text-align-center\" data-align=\"center\">A &#8211; Existe um dever legal ou risco de grave viola\u00e7\u00e3o de direitos.<\/td><\/tr><tr><td class=\"has-text-align-center\" data-align=\"center\">44 &#8211; Durante uma avalia\u00e7\u00e3o&#8230;<\/td><td class=\"has-text-align-center\" data-align=\"center\">D &#8211; compartilhar os resultados do Rorschach&#8230;<\/td><\/tr><tr><td class=\"has-text-align-center\" data-align=\"center\">45 &#8211; Segundo H. Zehr&#8230;<\/td><td class=\"has-text-align-center\" data-align=\"center\">B &#8211; identifica os termos sociedade&#8230;<\/td><\/tr><tr><td class=\"has-text-align-center\" data-align=\"center\">46 &#8211; Um psic\u00f3logo entrevista&#8230;<\/td><td class=\"has-text-align-center\" data-align=\"center\">A &#8211; apontar para o entrevistado como&#8230;<\/td><\/tr><tr><td class=\"has-text-align-center\" data-align=\"center\">47 &#8211; Lu\u00edsa solicita a Matheus&#8230;<\/td><td class=\"has-text-align-center\" data-align=\"center\">C &#8211; n\u00e3o poder\u00e1 atuar como perito ou assistente&#8230;<\/td><\/tr><tr><td class=\"has-text-align-center\" data-align=\"center\">48 &#8211; Let\u00edcia, psic\u00f3loga perita&#8230;<\/td><td class=\"has-text-align-center\" data-align=\"center\">A &#8211; um parecer restrito \u00e0 an\u00e1lise do estudo&#8230;<\/td><\/tr><tr><td class=\"has-text-align-center\" data-align=\"center\">49 &#8211; Na vis\u00e3o de Oliveira&#8230;<\/td><td class=\"has-text-align-center\" data-align=\"center\">D &#8211; continua sendo a confec\u00e7\u00e3o de laudos e pareceres&#8230;<\/td><\/tr><tr><td class=\"has-text-align-center\" data-align=\"center\">50 &#8211; A psic\u00f3loga Joana \u00e9 uma terapeuta&#8230;<\/td><td class=\"has-text-align-center\" data-align=\"center\">E &#8211; oferecer-se como alvo das hostilidades&#8230;<\/td><\/tr><tr><td class=\"has-text-align-center\" data-align=\"center\">51 &#8211; Em um caso de neglig\u00eancia por parte&#8230;<\/td><td class=\"has-text-align-center\" data-align=\"center\">D &#8211; Acolhimento institucional da crian\u00e7a&#8230;<\/td><\/tr><tr><td class=\"has-text-align-center\" data-align=\"center\">52 &#8211; De acordo com a Resolu\u00e7\u00e3o&#8230;<\/td><td class=\"has-text-align-center\" data-align=\"center\">B &#8211; o cadastro na plataforma e-Psi&#8230;<\/td><\/tr><tr><td class=\"has-text-align-center\" data-align=\"center\">53 &#8211; Na vis\u00e3o de Soares e Grassi-Oliveira&#8230;<\/td><td class=\"has-text-align-center\" data-align=\"center\">C &#8211; consistem em preparar a crian\u00e7a para o depoimento especial.<\/td><\/tr><tr><td class=\"has-text-align-center\" data-align=\"center\">54 &#8211; Segundo Telles, Teitelbaum e Day&#8230;<\/td><td class=\"has-text-align-center\" data-align=\"center\">A &#8211; o abuso sexual como fato jur\u00eddico&#8230;<\/td><\/tr><tr><td class=\"has-text-align-center\" data-align=\"center\">55 &#8211; Butler (2003, mencionada em Uziel, Nunes &amp; Brand\u00e3o, 2023)&#8230;<\/td><td class=\"has-text-align-center\" data-align=\"center\">C &#8211; g\u00eanero, sexo e desejo sexual\/pr\u00e1ticas sexuais.<\/td><\/tr><tr><td class=\"has-text-align-center\" data-align=\"center\">56 &#8211; De acordo com a Resolu\u00e7\u00e3o CFP no<br \/>008\/2020&#8230;<\/td><td class=\"has-text-align-center\" data-align=\"center\">A &#8211; apenas em formul\u00e1rios, sistemas e equipamentos&#8230;<\/td><\/tr><tr><td class=\"has-text-align-center\" data-align=\"center\">57 &#8211; Durante a avalia\u00e7\u00e3o psicol\u00f3gica&#8230;<\/td><td class=\"has-text-align-center\" data-align=\"center\">C &#8211; transtorno de estresse p\u00f3s-traum\u00e1tico&#8230;<\/td><\/tr><tr><td class=\"has-text-align-center\" data-align=\"center\">58 &#8211; Durante uma sess\u00e3o de terapia&#8230;<\/td><td class=\"has-text-align-center\" data-align=\"center\">D &#8211; oferecer um espa\u00e7o de acolhimento e escuta&#8230;<\/td><\/tr><tr><td class=\"has-text-align-center\" data-align=\"center\">59 &#8211; Seis anos ap\u00f3s o desastre de Brumadinho&#8230;<\/td><td class=\"has-text-align-center\" data-align=\"center\">B &#8211; ars\u00eanio <\/td><\/tr><tr><td class=\"has-text-align-center\" data-align=\"center\">60 &#8211; Um estudo do Unicef revelou que, em 2024, mais de 242&#8230;<\/td><td class=\"has-text-align-center\" data-align=\"center\">C &#8211; a ocorr\u00eancia de eventos clim\u00e1ticos extremos<\/td><\/tr><tr><td class=\"has-text-align-center\" data-align=\"center\">61 &#8211; Considere que Jos\u00e9&#8230;<\/td><td class=\"has-text-align-center\" data-align=\"center\">A &#8211; o ato praticado por Jos\u00e9 exige, al\u00e9m do dolo&#8230;<\/td><\/tr><tr><td class=\"has-text-align-center\" data-align=\"center\">62 &#8211; . Suponha que Luciana \u00e9 servidora&#8230;<\/td><td class=\"has-text-align-center\" data-align=\"center\">E &#8211; A autoridade competente para determinar a&#8230;<\/td><\/tr><tr><td class=\"has-text-align-center\" data-align=\"center\">63 &#8211; A respeito do Procedimento Disciplinar&#8230;<\/td><td class=\"has-text-align-center\" data-align=\"center\">B &#8211; O servidor que tiver de depor como testemunha&#8230;<\/td><\/tr><tr><td class=\"has-text-align-center\" data-align=\"center\">64 &#8211; Considere a seguinte estrutura de pastas&#8230;<\/td><td class=\"has-text-align-center\" data-align=\"center\">D &#8211; Pasta C&#8230;<\/td><\/tr><tr><td class=\"has-text-align-center\" data-align=\"center\">65 &#8211; Considere a seguinte planilha&#8230;<\/td><td class=\"has-text-align-center\" data-align=\"center\">A &#8211; =SOMASE(A2:A6; Aluguel ;C2:C6)&#8230;<\/td><\/tr><tr><td class=\"has-text-align-center\" data-align=\"center\">66 &#8211; Tem-se a seguinte mensagem&#8230;<\/td><td class=\"has-text-align-center\" data-align=\"center\">E &#8211; Nenhum usu\u00e1rio&#8230;<\/td><\/tr><tr><td class=\"has-text-align-center\" data-align=\"center\">67 &#8211; Uma afirma\u00e7\u00e3o logicamente equivalente \u00e0 afirma\u00e7\u00e3o&#8230;<\/td><td class=\"has-text-align-center\" data-align=\"center\">D &#8211; Se o convencimento n\u00e3o corre s\u00e9rios riscos, ent\u00e3o o argumento n\u00e3o \u00e9 complexo ou n\u00e3o \u00e9 falho&#8230;<\/td><\/tr><tr><td class=\"has-text-align-center\" data-align=\"center\">68 &#8211; A sequ\u00eancia a seguir utiliza&#8230;<\/td><td class=\"has-text-align-center\" data-align=\"center\">B &#8211; G K L F G<\/td><\/tr><tr><td class=\"has-text-align-center\" data-align=\"center\">69 &#8211; Uma fam\u00edlia repartiu certa&#8230;<\/td><td class=\"has-text-align-center\" data-align=\"center\">A &#8211; R$ 3.220,00<\/td><\/tr><tr><td class=\"has-text-align-center\" data-align=\"center\">70 &#8211; A tabela mostra, em rela\u00e7\u00e3o a tr\u00eas&#8230;<\/td><td class=\"has-text-align-center\" data-align=\"center\">D &#8211; 66% e 70%<\/td><\/tr><\/tbody><\/table><\/figure>\n\n\n\n<p class=\"has-text-align-center has-luminous-vivid-amber-background-color has-background\"><strong>Quer saber mais? Acesse: <a href=\"https:\/\/www.estrategiaconcursos.com.br\/blog\/concurso-tj-sp\/\">Concurso TJ SP<\/a><\/strong><\/p>\n\n\n\n<h2 class=\"wp-block-heading has-text-align-center\" id=\"h-quer-saber-tudo-sobre-concursos-previstos-confira-nossos-artigos\">Quer saber tudo sobre concursos previstos?<br \/>Confira nossos artigos!<\/h2>\n\n\n\n<ul class=\"wp-block-list\">\n<li><a href=\"https:\/\/www.estrategiaconcursos.com.br\/blog\/concursos-tribunais\/\" target=\"_blank\" rel=\"noreferrer noopener\">Concursos tribunais<\/a><\/li>\n\n\n\n<li><a href=\"https:\/\/www.estrategiaconcursos.com.br\/blog\/concursos-abertos\/\" target=\"_blank\" rel=\"noreferrer noopener\">Concursos abertos<\/a><\/li>\n\n\n\n<li><a href=\"https:\/\/www.estrategiaconcursos.com.br\/blog\/concursos-2025\" target=\"_blank\" rel=\"noreferrer noopener\">Concursos 2025<\/a><\/li>\n<\/ul>\n\n\n\n<h2 class=\"wp-block-heading has-text-align-center\" id=\"cursos-assinatura\"><em>Quer estudar para o concurso TJ SP?<\/em><\/h2>\n\n\n\n<div class=\"container\" id=\"boxes\">\n  <div class=\"row\">\n    <div class=\"col-sm\">\n      <div class=\"banner-tribunal\" id=\"box-assinatura\">\n        <h3 class=\"titulo-assinatura\">Curso Concurso TJ SP<\/h3>\n        <p class=\"subtitulo-assinatura\">Prepara\u00e7\u00e3o completa para o certame! \u2728<\/p>\n        <div class=\"box-botao\">\n          <a class=\"btn-assinatura\" target=\"_blank\" href=\"https:\/\/www.estrategiaconcursos.com.br\/cursosPorConcurso\/tj-sp-escrevente\/\" role=\"button\" rel=\"noopener noreferrer\">INICIAR PREPARA\u00c7\u00c3O<\/a>\n        <\/div>\n      <\/div>\n      <p class=\"texto-auxiliar\">Prepare-se com o melhor material e com quem mais aprova em Concursos P\u00fablicos em todo o pa\u00eds.<\/p>\n    <\/div>\n  <\/div>\n<\/div>\n","protected":false},"excerpt":{"rendered":"<p>No domingo, 06 de abril de 2025, foram aplicadas as provas do concurso TJ SP (Tribunal de Justi\u00e7a de S\u00e3o Paulo) para Psicologia. Sob organiza\u00e7\u00e3o da banca Vunesp, a sele\u00e7\u00e3o oferta 137 vagas. Os aprovados receber\u00e3o sal\u00e1rio inicial de R$ 9.061,53. Com o objetivo de ajud\u00e1-los em todas as etapas do certame e, claro, diminuir [&hellip;]<\/p>\n","protected":false},"author":1,"featured_media":1192135,"comment_status":"open","ping_status":"closed","sticky":false,"template":"","format":"standard","meta":{"post_tipo":"news","footnotes":""},"categories":[1],"tags":[],"tax_estado":[],"class_list":["post-1558771","post","type-post","status-publish","format-standard","has-post-thumbnail","hentry","category-cursos-e-concursos"],"acf":[],"yoast_head":"<!-- This site is optimized with the Yoast SEO Premium plugin v27.2 (Yoast SEO v27.2) - https:\/\/yoast.com\/product\/yoast-seo-premium-wordpress\/ -->\n<title>Gabarito extraoficial TJSP (Psicologia)<\/title>\n<meta name=\"description\" content=\"Acesse o site do Estrat\u00e9gia Concursos e participe do evento Gabarito extraoficial TJSP (Psicologia)!\" \/>\n<meta name=\"robots\" content=\"index, follow, max-snippet:-1, max-image-preview:large, max-video-preview:-1\" \/>\n<link rel=\"canonical\" href=\"https:\/\/www.estrategiaconcursos.com.br\/blog\/gabarito-extraoficial-tjsp-psicologia\/\" \/>\n<meta property=\"og:locale\" content=\"pt_BR\" \/>\n<meta property=\"og:type\" content=\"article\" \/>\n<meta property=\"og:title\" content=\"Gabarito extraoficial TJSP (Psicologia)\" \/>\n<meta property=\"og:description\" content=\"Acesse o site do Estrat\u00e9gia Concursos e participe do evento Gabarito extraoficial TJSP (Psicologia)!\" \/>\n<meta property=\"og:url\" content=\"https:\/\/www.estrategiaconcursos.com.br\/blog\/gabarito-extraoficial-tjsp-psicologia\/\" \/>\n<meta property=\"og:site_name\" content=\"Estrat\u00e9gia Concursos\" \/>\n<meta property=\"article:author\" content=\"https:\/\/www.facebook.com\/EstrategiaConcursos\" \/>\n<meta property=\"article:published_time\" content=\"2025-04-07T14:09:17+00:00\" \/>\n<meta property=\"article:modified_time\" content=\"2025-04-08T11:13:29+00:00\" \/>\n<meta property=\"og:image\" content=\"https:\/\/dhg1h5j42swfq.cloudfront.net\/2023\/03\/27105131\/tj-sp-2.jpg\" \/>\n\t<meta property=\"og:image:width\" content=\"311\" \/>\n\t<meta property=\"og:image:height\" content=\"162\" \/>\n\t<meta property=\"og:image:type\" content=\"image\/jpeg\" \/>\n<meta name=\"author\" content=\"Coordena\u00e7\u00e3o\" \/>\n<meta name=\"twitter:card\" content=\"summary_large_image\" \/>\n<meta name=\"twitter:creator\" content=\"@EstratConcursos\" \/>\n<meta name=\"twitter:site\" content=\"@EstratConcursos\" \/>\n<meta name=\"twitter:label1\" content=\"Escrito por\" \/>\n\t<meta name=\"twitter:data1\" content=\"Coordena\u00e7\u00e3o\" \/>\n\t<meta name=\"twitter:label2\" content=\"Est. tempo de leitura\" \/>\n\t<meta name=\"twitter:data2\" content=\"7 minutos\" \/>\n<script type=\"application\/ld+json\" class=\"yoast-schema-graph\">{\"@context\":\"https:\/\/schema.org\",\"@graph\":[{\"@type\":\"NewsArticle\",\"@id\":\"https:\/\/www.estrategiaconcursos.com.br\/blog\/gabarito-extraoficial-tjsp-psicologia\/#article\",\"isPartOf\":{\"@id\":\"https:\/\/www.estrategiaconcursos.com.br\/blog\/gabarito-extraoficial-tjsp-psicologia\/\"},\"author\":{\"name\":\"Coordena\u00e7\u00e3o\",\"@id\":\"https:\/\/www.estrategiaconcursos.com.br\/blog\/#\/schema\/person\/b4a388c97673c5f483d72185668afa1f\"},\"headline\":\"Gabarito extraoficial TJSP (Psicologia)\",\"datePublished\":\"2025-04-07T14:09:17+00:00\",\"dateModified\":\"2025-04-08T11:13:29+00:00\",\"mainEntityOfPage\":{\"@id\":\"https:\/\/www.estrategiaconcursos.com.br\/blog\/gabarito-extraoficial-tjsp-psicologia\/\"},\"wordCount\":1354,\"commentCount\":0,\"publisher\":{\"@id\":\"https:\/\/www.estrategiaconcursos.com.br\/blog\/#organization\"},\"image\":{\"@id\":\"https:\/\/www.estrategiaconcursos.com.br\/blog\/gabarito-extraoficial-tjsp-psicologia\/#primaryimage\"},\"thumbnailUrl\":\"https:\/\/dhg1h5j42swfq.cloudfront.net\/2023\/03\/27105131\/tj-sp-2.jpg\",\"articleSection\":[\"Concursos P\u00fablicos\"],\"inLanguage\":\"pt-BR\",\"potentialAction\":[{\"@type\":\"CommentAction\",\"name\":\"Comment\",\"target\":[\"https:\/\/www.estrategiaconcursos.com.br\/blog\/gabarito-extraoficial-tjsp-psicologia\/#respond\"]}],\"copyrightYear\":\"2025\",\"copyrightHolder\":{\"@id\":\"https:\/\/www.estrategiaconcursos.com.br\/blog\/#organization\"}},{\"@type\":\"WebPage\",\"@id\":\"https:\/\/www.estrategiaconcursos.com.br\/blog\/gabarito-extraoficial-tjsp-psicologia\/\",\"url\":\"https:\/\/www.estrategiaconcursos.com.br\/blog\/gabarito-extraoficial-tjsp-psicologia\/\",\"name\":\"Gabarito extraoficial TJSP (Psicologia)\",\"isPartOf\":{\"@id\":\"https:\/\/www.estrategiaconcursos.com.br\/blog\/#website\"},\"primaryImageOfPage\":{\"@id\":\"https:\/\/www.estrategiaconcursos.com.br\/blog\/gabarito-extraoficial-tjsp-psicologia\/#primaryimage\"},\"image\":{\"@id\":\"https:\/\/www.estrategiaconcursos.com.br\/blog\/gabarito-extraoficial-tjsp-psicologia\/#primaryimage\"},\"thumbnailUrl\":\"https:\/\/dhg1h5j42swfq.cloudfront.net\/2023\/03\/27105131\/tj-sp-2.jpg\",\"datePublished\":\"2025-04-07T14:09:17+00:00\",\"dateModified\":\"2025-04-08T11:13:29+00:00\",\"description\":\"Acesse o site do Estrat\u00e9gia Concursos e participe do evento Gabarito extraoficial TJSP (Psicologia)!\",\"breadcrumb\":{\"@id\":\"https:\/\/www.estrategiaconcursos.com.br\/blog\/gabarito-extraoficial-tjsp-psicologia\/#breadcrumb\"},\"inLanguage\":\"pt-BR\",\"potentialAction\":[{\"@type\":\"ReadAction\",\"target\":[\"https:\/\/www.estrategiaconcursos.com.br\/blog\/gabarito-extraoficial-tjsp-psicologia\/\"]}]},{\"@type\":\"ImageObject\",\"inLanguage\":\"pt-BR\",\"@id\":\"https:\/\/www.estrategiaconcursos.com.br\/blog\/gabarito-extraoficial-tjsp-psicologia\/#primaryimage\",\"url\":\"https:\/\/dhg1h5j42swfq.cloudfront.net\/2023\/03\/27105131\/tj-sp-2.jpg\",\"contentUrl\":\"https:\/\/dhg1h5j42swfq.cloudfront.net\/2023\/03\/27105131\/tj-sp-2.jpg\",\"width\":311,\"height\":162,\"caption\":\"Concurso TJ SP Escrevente gabaritos\"},{\"@type\":\"BreadcrumbList\",\"@id\":\"https:\/\/www.estrategiaconcursos.com.br\/blog\/gabarito-extraoficial-tjsp-psicologia\/#breadcrumb\",\"itemListElement\":[{\"@type\":\"ListItem\",\"position\":1,\"name\":\"In\u00edcio\",\"item\":\"https:\/\/www.estrategiaconcursos.com.br\/blog\/\"},{\"@type\":\"ListItem\",\"position\":2,\"name\":\"Gabarito extraoficial TJSP (Psicologia)\"}]},{\"@type\":\"WebSite\",\"@id\":\"https:\/\/www.estrategiaconcursos.com.br\/blog\/#website\",\"url\":\"https:\/\/www.estrategiaconcursos.com.br\/blog\/\",\"name\":\"Estrat\u00e9gia Concursos\",\"description\":\"O blog da Estrat\u00e9gia Concursos traz not\u00edcias sobre concursos e artigos de professores oferecendo cursos para concursos (pdf + videaulas) no site.\",\"publisher\":{\"@id\":\"https:\/\/www.estrategiaconcursos.com.br\/blog\/#organization\"},\"potentialAction\":[{\"@type\":\"SearchAction\",\"target\":{\"@type\":\"EntryPoint\",\"urlTemplate\":\"https:\/\/www.estrategiaconcursos.com.br\/blog\/?s={search_term_string}\"},\"query-input\":{\"@type\":\"PropertyValueSpecification\",\"valueRequired\":true,\"valueName\":\"search_term_string\"}}],\"inLanguage\":\"pt-BR\"},{\"@type\":\"Organization\",\"@id\":\"https:\/\/www.estrategiaconcursos.com.br\/blog\/#organization\",\"name\":\"Estrat\u00e9gia Concursos\",\"url\":\"https:\/\/www.estrategiaconcursos.com.br\/blog\/\",\"logo\":{\"@type\":\"ImageObject\",\"inLanguage\":\"pt-BR\",\"@id\":\"https:\/\/www.estrategiaconcursos.com.br\/blog\/#\/schema\/logo\/image\/\",\"url\":\"https:\/\/dhg1h5j42swfq.cloudfront.net\/2025\/06\/03203428\/logo_concursos-1.jpg\",\"contentUrl\":\"https:\/\/dhg1h5j42swfq.cloudfront.net\/2025\/06\/03203428\/logo_concursos-1.jpg\",\"width\":230,\"height\":60,\"caption\":\"Estrat\u00e9gia Concursos\"},\"image\":{\"@id\":\"https:\/\/www.estrategiaconcursos.com.br\/blog\/#\/schema\/logo\/image\/\"},\"sameAs\":[\"https:\/\/x.com\/EstratConcursos\"]},{\"@type\":\"Person\",\"@id\":\"https:\/\/www.estrategiaconcursos.com.br\/blog\/#\/schema\/person\/b4a388c97673c5f483d72185668afa1f\",\"name\":\"Coordena\u00e7\u00e3o\",\"image\":{\"@type\":\"ImageObject\",\"inLanguage\":\"pt-BR\",\"@id\":\"https:\/\/secure.gravatar.com\/avatar\/b720319e4c9a967eb58678d110f4fe35452fc5d5f97b202bac7b8acceb18c6ad?s=96&d=mm&r=g\",\"url\":\"https:\/\/secure.gravatar.com\/avatar\/b720319e4c9a967eb58678d110f4fe35452fc5d5f97b202bac7b8acceb18c6ad?s=96&d=mm&r=g\",\"contentUrl\":\"https:\/\/secure.gravatar.com\/avatar\/b720319e4c9a967eb58678d110f4fe35452fc5d5f97b202bac7b8acceb18c6ad?s=96&d=mm&r=g\",\"caption\":\"Coordena\u00e7\u00e3o\"},\"sameAs\":[\"https:\/\/www.facebook.com\/EstrategiaConcursos\",\"https:\/\/x.com\/EstratConcursos\"],\"url\":\"https:\/\/www.estrategiaconcursos.com.br\/blog\/author\/estrategia2013\/\"}]}<\/script>\n<!-- \/ Yoast SEO Premium plugin. -->","yoast_head_json":{"title":"Gabarito extraoficial TJSP (Psicologia)","description":"Acesse o site do Estrat\u00e9gia Concursos e participe do evento Gabarito extraoficial TJSP (Psicologia)!","robots":{"index":"index","follow":"follow","max-snippet":"max-snippet:-1","max-image-preview":"max-image-preview:large","max-video-preview":"max-video-preview:-1"},"canonical":"https:\/\/www.estrategiaconcursos.com.br\/blog\/gabarito-extraoficial-tjsp-psicologia\/","og_locale":"pt_BR","og_type":"article","og_title":"Gabarito extraoficial TJSP (Psicologia)","og_description":"Acesse o site do Estrat\u00e9gia Concursos e participe do evento Gabarito extraoficial TJSP (Psicologia)!","og_url":"https:\/\/www.estrategiaconcursos.com.br\/blog\/gabarito-extraoficial-tjsp-psicologia\/","og_site_name":"Estrat\u00e9gia Concursos","article_author":"https:\/\/www.facebook.com\/EstrategiaConcursos","article_published_time":"2025-04-07T14:09:17+00:00","article_modified_time":"2025-04-08T11:13:29+00:00","og_image":[{"width":311,"height":162,"url":"https:\/\/dhg1h5j42swfq.cloudfront.net\/2023\/03\/27105131\/tj-sp-2.jpg","type":"image\/jpeg"}],"author":"Coordena\u00e7\u00e3o","twitter_card":"summary_large_image","twitter_creator":"@EstratConcursos","twitter_site":"@EstratConcursos","twitter_misc":{"Escrito por":"Coordena\u00e7\u00e3o","Est. tempo de leitura":"7 minutos"},"schema":{"@context":"https:\/\/schema.org","@graph":[{"@type":"NewsArticle","@id":"https:\/\/www.estrategiaconcursos.com.br\/blog\/gabarito-extraoficial-tjsp-psicologia\/#article","isPartOf":{"@id":"https:\/\/www.estrategiaconcursos.com.br\/blog\/gabarito-extraoficial-tjsp-psicologia\/"},"author":{"name":"Coordena\u00e7\u00e3o","@id":"https:\/\/www.estrategiaconcursos.com.br\/blog\/#\/schema\/person\/b4a388c97673c5f483d72185668afa1f"},"headline":"Gabarito extraoficial TJSP (Psicologia)","datePublished":"2025-04-07T14:09:17+00:00","dateModified":"2025-04-08T11:13:29+00:00","mainEntityOfPage":{"@id":"https:\/\/www.estrategiaconcursos.com.br\/blog\/gabarito-extraoficial-tjsp-psicologia\/"},"wordCount":1354,"commentCount":0,"publisher":{"@id":"https:\/\/www.estrategiaconcursos.com.br\/blog\/#organization"},"image":{"@id":"https:\/\/www.estrategiaconcursos.com.br\/blog\/gabarito-extraoficial-tjsp-psicologia\/#primaryimage"},"thumbnailUrl":"https:\/\/dhg1h5j42swfq.cloudfront.net\/2023\/03\/27105131\/tj-sp-2.jpg","articleSection":["Concursos P\u00fablicos"],"inLanguage":"pt-BR","potentialAction":[{"@type":"CommentAction","name":"Comment","target":["https:\/\/www.estrategiaconcursos.com.br\/blog\/gabarito-extraoficial-tjsp-psicologia\/#respond"]}],"copyrightYear":"2025","copyrightHolder":{"@id":"https:\/\/www.estrategiaconcursos.com.br\/blog\/#organization"}},{"@type":"WebPage","@id":"https:\/\/www.estrategiaconcursos.com.br\/blog\/gabarito-extraoficial-tjsp-psicologia\/","url":"https:\/\/www.estrategiaconcursos.com.br\/blog\/gabarito-extraoficial-tjsp-psicologia\/","name":"Gabarito extraoficial TJSP (Psicologia)","isPartOf":{"@id":"https:\/\/www.estrategiaconcursos.com.br\/blog\/#website"},"primaryImageOfPage":{"@id":"https:\/\/www.estrategiaconcursos.com.br\/blog\/gabarito-extraoficial-tjsp-psicologia\/#primaryimage"},"image":{"@id":"https:\/\/www.estrategiaconcursos.com.br\/blog\/gabarito-extraoficial-tjsp-psicologia\/#primaryimage"},"thumbnailUrl":"https:\/\/dhg1h5j42swfq.cloudfront.net\/2023\/03\/27105131\/tj-sp-2.jpg","datePublished":"2025-04-07T14:09:17+00:00","dateModified":"2025-04-08T11:13:29+00:00","description":"Acesse o site do Estrat\u00e9gia Concursos e participe do evento Gabarito extraoficial TJSP (Psicologia)!","breadcrumb":{"@id":"https:\/\/www.estrategiaconcursos.com.br\/blog\/gabarito-extraoficial-tjsp-psicologia\/#breadcrumb"},"inLanguage":"pt-BR","potentialAction":[{"@type":"ReadAction","target":["https:\/\/www.estrategiaconcursos.com.br\/blog\/gabarito-extraoficial-tjsp-psicologia\/"]}]},{"@type":"ImageObject","inLanguage":"pt-BR","@id":"https:\/\/www.estrategiaconcursos.com.br\/blog\/gabarito-extraoficial-tjsp-psicologia\/#primaryimage","url":"https:\/\/dhg1h5j42swfq.cloudfront.net\/2023\/03\/27105131\/tj-sp-2.jpg","contentUrl":"https:\/\/dhg1h5j42swfq.cloudfront.net\/2023\/03\/27105131\/tj-sp-2.jpg","width":311,"height":162,"caption":"Concurso TJ SP Escrevente gabaritos"},{"@type":"BreadcrumbList","@id":"https:\/\/www.estrategiaconcursos.com.br\/blog\/gabarito-extraoficial-tjsp-psicologia\/#breadcrumb","itemListElement":[{"@type":"ListItem","position":1,"name":"In\u00edcio","item":"https:\/\/www.estrategiaconcursos.com.br\/blog\/"},{"@type":"ListItem","position":2,"name":"Gabarito extraoficial TJSP (Psicologia)"}]},{"@type":"WebSite","@id":"https:\/\/www.estrategiaconcursos.com.br\/blog\/#website","url":"https:\/\/www.estrategiaconcursos.com.br\/blog\/","name":"Estrat\u00e9gia Concursos","description":"O blog da Estrat\u00e9gia Concursos traz not\u00edcias sobre concursos e artigos de professores oferecendo cursos para concursos (pdf + videaulas) no site.","publisher":{"@id":"https:\/\/www.estrategiaconcursos.com.br\/blog\/#organization"},"potentialAction":[{"@type":"SearchAction","target":{"@type":"EntryPoint","urlTemplate":"https:\/\/www.estrategiaconcursos.com.br\/blog\/?s={search_term_string}"},"query-input":{"@type":"PropertyValueSpecification","valueRequired":true,"valueName":"search_term_string"}}],"inLanguage":"pt-BR"},{"@type":"Organization","@id":"https:\/\/www.estrategiaconcursos.com.br\/blog\/#organization","name":"Estrat\u00e9gia Concursos","url":"https:\/\/www.estrategiaconcursos.com.br\/blog\/","logo":{"@type":"ImageObject","inLanguage":"pt-BR","@id":"https:\/\/www.estrategiaconcursos.com.br\/blog\/#\/schema\/logo\/image\/","url":"https:\/\/dhg1h5j42swfq.cloudfront.net\/2025\/06\/03203428\/logo_concursos-1.jpg","contentUrl":"https:\/\/dhg1h5j42swfq.cloudfront.net\/2025\/06\/03203428\/logo_concursos-1.jpg","width":230,"height":60,"caption":"Estrat\u00e9gia Concursos"},"image":{"@id":"https:\/\/www.estrategiaconcursos.com.br\/blog\/#\/schema\/logo\/image\/"},"sameAs":["https:\/\/x.com\/EstratConcursos"]},{"@type":"Person","@id":"https:\/\/www.estrategiaconcursos.com.br\/blog\/#\/schema\/person\/b4a388c97673c5f483d72185668afa1f","name":"Coordena\u00e7\u00e3o","image":{"@type":"ImageObject","inLanguage":"pt-BR","@id":"https:\/\/secure.gravatar.com\/avatar\/b720319e4c9a967eb58678d110f4fe35452fc5d5f97b202bac7b8acceb18c6ad?s=96&d=mm&r=g","url":"https:\/\/secure.gravatar.com\/avatar\/b720319e4c9a967eb58678d110f4fe35452fc5d5f97b202bac7b8acceb18c6ad?s=96&d=mm&r=g","contentUrl":"https:\/\/secure.gravatar.com\/avatar\/b720319e4c9a967eb58678d110f4fe35452fc5d5f97b202bac7b8acceb18c6ad?s=96&d=mm&r=g","caption":"Coordena\u00e7\u00e3o"},"sameAs":["https:\/\/www.facebook.com\/EstrategiaConcursos","https:\/\/x.com\/EstratConcursos"],"url":"https:\/\/www.estrategiaconcursos.com.br\/blog\/author\/estrategia2013\/"}]}},"_links":{"self":[{"href":"https:\/\/www.estrategiaconcursos.com.br\/blog\/wp-json\/wp\/v2\/posts\/1558771","targetHints":{"allow":["GET"]}}],"collection":[{"href":"https:\/\/www.estrategiaconcursos.com.br\/blog\/wp-json\/wp\/v2\/posts"}],"about":[{"href":"https:\/\/www.estrategiaconcursos.com.br\/blog\/wp-json\/wp\/v2\/types\/post"}],"author":[{"embeddable":true,"href":"https:\/\/www.estrategiaconcursos.com.br\/blog\/wp-json\/wp\/v2\/users\/1"}],"replies":[{"embeddable":true,"href":"https:\/\/www.estrategiaconcursos.com.br\/blog\/wp-json\/wp\/v2\/comments?post=1558771"}],"version-history":[{"count":45,"href":"https:\/\/www.estrategiaconcursos.com.br\/blog\/wp-json\/wp\/v2\/posts\/1558771\/revisions"}],"predecessor-version":[{"id":1559206,"href":"https:\/\/www.estrategiaconcursos.com.br\/blog\/wp-json\/wp\/v2\/posts\/1558771\/revisions\/1559206"}],"wp:featuredmedia":[{"embeddable":true,"href":"https:\/\/www.estrategiaconcursos.com.br\/blog\/wp-json\/wp\/v2\/media\/1192135"}],"wp:attachment":[{"href":"https:\/\/www.estrategiaconcursos.com.br\/blog\/wp-json\/wp\/v2\/media?parent=1558771"}],"wp:term":[{"taxonomy":"category","embeddable":true,"href":"https:\/\/www.estrategiaconcursos.com.br\/blog\/wp-json\/wp\/v2\/categories?post=1558771"},{"taxonomy":"post_tag","embeddable":true,"href":"https:\/\/www.estrategiaconcursos.com.br\/blog\/wp-json\/wp\/v2\/tags?post=1558771"},{"taxonomy":"tax_estado","embeddable":true,"href":"https:\/\/www.estrategiaconcursos.com.br\/blog\/wp-json\/wp\/v2\/tax_estado?post=1558771"}],"curies":[{"name":"wp","href":"https:\/\/api.w.org\/{rel}","templated":true}]}}