{"id":155757,"date":"2018-12-15T11:22:35","date_gmt":"2018-12-15T14:22:35","guid":{"rendered":"https:\/\/www.estrategiaconcursos.com.br\/blog\/?p=155757"},"modified":"2022-08-31T15:30:01","modified_gmt":"2022-08-31T18:30:01","slug":"tudo-sobre-o-museu-nacional-e-como-ele-pode-ser-tema-de-redacao","status":"publish","type":"post","link":"https:\/\/www.estrategiaconcursos.com.br\/blog\/tudo-sobre-o-museu-nacional-e-como-ele-pode-ser-tema-de-redacao\/","title":{"rendered":"Tudo sobre o Museu Nacional e como ele pode ser tema de reda\u00e7\u00e3o"},"content":{"rendered":"Estrategianos, tudo em paz?\n\nAqui \u00e9 o Professor Raphael Reis. Para quem ainda n\u00e3o me conhece, fica aqui uma breve apresenta\u00e7\u00e3o: sou Professor do Estrat\u00e9gia Concursos desde 2016 e leciono os seguintes conte\u00fados: Reda\u00e7\u00e3o (macroestrutura), Hist\u00f3ria, Filosofia e Sociologia. Fiz minha gradua\u00e7\u00e3o em Hist\u00f3ria (UFJF), especializa\u00e7\u00e3o em Pol\u00edticas P\u00fablicas e Gest\u00e3o Social (UFJF) e mestrado em Sociologia da Educa\u00e7\u00e3o (UFJF).\n\n<!-- \/wp:post-content --><!-- wp:paragraph -->\n\nNos \u00faltimos anos tenho me especializado na parte de macroestrutura da\nreda\u00e7\u00e3o. Ao perceber que a grande dificuldade dos candidatos \u00e9 desenvolver argumentos bem fundamentados, criei o curso in\u00e9dito e inovador de <a href=\"https:\/\/www.estrategiaconcursos.com.br\/curso\/ciencias-humanas-para-redacao-2019\/\">Ci\u00eancias Humanas para Reda\u00e7\u00e3o<\/a>, que j\u00e1 atendeu milhares de alunos e t\u00eam contribu\u00eddo decisivamente para a melhoria das notas. Sou autor do e-book 15 conceitos para mandar bem na reda\u00e7\u00e3o da FCC.\n\nHaaa, d\u00e1 aquela moral ao prof! Siga-me no Instagram (@profraphaelreis) e YouTube (Professor Raphael Reis)\n<p style=\"text-align: justify;\"><span style=\"font-size: 14pt; font-family: arial, helvetica, sans-serif;\">De maneira sucinta, podemos definir cultura como tudo aquilo que faz parte da constru\u00e7\u00e3o humana ao longo do tempo. Essas a\u00e7\u00f5es produzidas pelos homens ganham import\u00e2ncia e relev\u00e2ncia, devido a valores atribu\u00eddos pelos indiv\u00edduos e pelos grupos sociais.<\/span><\/p>\n<p style=\"text-align: justify;\"><span style=\"font-size: 14pt; font-family: arial, helvetica, sans-serif;\">J\u00e1 patrim\u00f4nio cultural pode ser definido como:<\/span><\/p>\n<p style=\"text-align: justify;\"><strong><span style=\"font-size: 14pt; font-family: arial, helvetica, sans-serif;\">Um conjunto de bens de natureza material ou imaterial que preserva a mem\u00f3ria e a identidade dos mais diversos grupos sociais, sendo um aspecto importante ao acesso \u00e0 cidadania.<\/span><\/strong><\/p>\n<p style=\"text-align: justify;\"><span style=\"font-size: 14pt; font-family: arial, helvetica, sans-serif;\">A mem\u00f3ria coletiva sofre influ\u00eancia das correla\u00e7\u00f5es de for\u00e7as sociais. Lembrar e ser esquecido se torna uma preocupa\u00e7\u00e3o de governos, classes, grupos e indiv\u00edduos. De acordo com o historiador <strong>Jacques Le Goff<\/strong>,<\/span><\/p>\n<p style=\"text-align: justify;\"><strong><span style=\"font-size: 14pt; font-family: arial, helvetica, sans-serif;\">&#8220;Os esquecimentos e os sil\u00eancios da hist\u00f3ria s\u00e3o reveladores desses mecanismos de manipula\u00e7\u00e3o da mem\u00f3ria coletiva&#8221;.<\/span><\/strong><\/p>\n<p style=\"text-align: justify;\"><span style=\"font-size: 14pt; font-family: arial, helvetica, sans-serif;\">Como podemos depreender das reflex\u00f5es de Le Goff, a mem\u00f3ria coletiva \u00e9 um instrumento e um objeto de poder. Por exemplo, na transi\u00e7\u00e3o do Imp\u00e9rio para a Rep\u00fablica houve um esfor\u00e7o para substituir s\u00edmbolos que remetessem ao Imp\u00e9rio. Assim, tentaram criar um novo hino nacional, elaboraram uma nova bandeira, expulsaram a Fam\u00edlia Real, criaram novas institui\u00e7\u00f5es, etc.<\/span><\/p>\n<p style=\"text-align: justify;\"><span style=\"font-size: 14pt; font-family: arial, helvetica, sans-serif;\">Infelizmente, a maior parte da sociedade brasileira n\u00e3o incorporou a valoriza\u00e7\u00e3o dos bens culturais e os governos refletem a sociedade que tem, por isso os investimentos nas \u00e1reas de cultura s\u00e3o escassos, tratando a identidade e a mem\u00f3ria coletiva como \u201cartigo de perfumaria\u201d. Isso ficou muito evidente com o inc\u00eandio do dia 02\/09\/2018, que destruiu o Museu Nacional \u2013 um caso de total descaso de nossos governantes h\u00e1 d\u00e9cadas.<\/span><\/p>\n<p style=\"text-align: justify;\"><span style=\"font-size: 14pt; font-family: arial, helvetica, sans-serif;\">O Museu Nacional \u00e9 a institui\u00e7\u00e3o cient\u00edfica mais antiga do Brasil. Foi fundado por Dom Jo\u00e3o VI em 06 de junho de 1818 com o nome de Museu Real. Ironicamente, completou 200 anos no ano de 2018, data de sua &#8220;morte&#8221;.<\/span><\/p>\n<p style=\"text-align: justify;\"><span style=\"font-size: 14pt; font-family: arial, helvetica, sans-serif;\">O pr\u00e9dio que abrigou o Museu era o antigo Pal\u00e1cio de S\u00e3o Crist\u00f3v\u00e3o, localizado no parque da Quinta da Boa Vista.<\/span><\/p>\n<img loading=\"lazy\" decoding=\"async\" class=\"alignnone size-medium wp-image-155772 aligncenter\" src=\"https:\/\/dhg1h5j42swfq.cloudfront.net\/2018\/12\/15105406\/museu_aereo2.jpg\" alt=\"\" width=\"271\" height=\"300\" srcset=\"https:\/\/dhg1h5j42swfq.cloudfront.net\/2018\/12\/15105406\/museu_aereo2.jpg 739w, https:\/\/dhg1h5j42swfq.cloudfront.net\/2018\/12\/15105406\/museu_aereo2.jpg 271w, https:\/\/dhg1h5j42swfq.cloudfront.net\/2018\/12\/15105406\/museu_aereo2.jpg 610w\" sizes=\"auto, (max-width: 271px) 100vw, 271px\" \/>\n<p style=\"text-align: justify;\"><span style=\"font-size: 14pt; font-family: arial, helvetica, sans-serif;\">O pal\u00e1cio serviu de resid\u00eancia \u00e0 fam\u00edlia real portuguesa de 1808 a 1889 e sediou a Assembleia Constituinte que resultou na primeira constitui\u00e7\u00e3o republicana (1891).<\/span><\/p>\n<p style=\"text-align: justify;\"><span style=\"font-size: 14pt; font-family: arial, helvetica, sans-serif;\">O Museu Nacional abrigava mais de 20 milh\u00f5es de itens de registros da mem\u00f3ria brasileira em diversas \u00e1reas do saber, com destaque para as famosas cole\u00e7\u00f5es do Egito Antigo (maior da Am\u00e9rica Latina) e o mais antigo f\u00f3ssil humano encontrado no pa\u00eds (Luzia).<\/span><\/p>\n<p style=\"text-align: justify;\"><span style=\"font-size: 14pt; font-family: arial, helvetica, sans-serif;\">Conhe\u00e7a algumas exposi\u00e7\u00f5es por meio dos v\u00eddeos institucionais:<\/span><\/p>\n<p style=\"text-align: center;\"><span style=\"font-size: 14pt; font-family: arial, helvetica, sans-serif;\"><a href=\"http:\/\/www.museunacional.ufrj.br\/videos\/index.html\">http:\/\/www.museunacional.ufrj.br\/videos\/index.html<\/a><\/span><\/p>\n<p style=\"text-align: justify;\"><span style=\"font-size: 14pt; font-family: arial, helvetica, sans-serif;\">Certamente, esse tema \u00e9 muito quente para aparecer nas propostas de reda\u00e7\u00e3o e at\u00e9 mesmo nas provas de atualidades. Ali\u00e1s, j\u00e1 apareceu! A banca FCC foi a primeira a cobrar o tema no concurso do SEAD-AP, cargo de analista. <\/span><\/p>\n<p style=\"text-align: justify;\"><strong><span style=\"font-size: 14pt; font-family: arial, helvetica, sans-serif;\">Texto Motivador I: Com o inc\u00eandio do Museu Nacional n\u00e3o pusemos a perder somente pesquisas e pe\u00e7as antiqu\u00edssimas de um valor que n\u00e3o se pode ser medido, mas registros fonogr\u00e1ficos de povos ind\u00edgenas cujas l\u00ednguas n\u00e3o n\u00e3o existem e que constituem n\u00e3o apenas um documento lingu\u00edstico, mas compunham o retrato de uma cultura. <\/span><\/strong><\/p>\n<p style=\"text-align: justify;\"><strong><span style=\"font-size: 14pt; font-family: arial, helvetica, sans-serif;\">Texto motivador II: O regramento social dentro de uma cultura plural e mesmo entre culturas distintas n\u00e3o se pauta apenas em no\u00e7\u00f5es abstratas de justi\u00e7a e igualdade, mas em no\u00e7\u00f5es concretas extra\u00eddas de experi\u00eancias, das necessidades e anseios das pessoas. <\/span><\/strong><\/p>\n<p style=\"text-align: justify;\"><strong><span style=\"font-size: 14pt; font-family: arial, helvetica, sans-serif;\">Tema: o papel da mem\u00f3ria na compreens\u00e3o de uma sociedade. <\/span><\/strong><\/p>\n<p style=\"text-align: justify;\"><span style=\"font-size: 14pt; font-family: arial, helvetica, sans-serif;\">Essa realidade de total descaso com os museus, com a mem\u00f3ria e com a identidade n\u00e3o \u00e9 um caso isolado. A t\u00edtulo de exemplo temos o Museu Cabangu, na cidade de Santos Dumont\/MG, que possui um acervo rico do aviador, mas que se encontra em estado calamitoso. Inclusive, por falta de repasses dos entes da federa\u00e7\u00e3o, a Funda\u00e7\u00e3o que faz sua ger\u00eancia est\u00e1 realizando uma vaquinha online (https:\/\/www.kickante.com.br\/campanhas\/ajude-museu-cabangu-0) para n\u00e3o &#8220;fechar as portas&#8221;. Outro exemplo \u00e9 o Museu Mariano Proc\u00f3pio, um dos mais importantes do Brasil, localizado na minha cidade, Juiz de Fora\/MG, que est\u00e1 fechado h\u00e1 15 anos.<\/span><\/p>\n<p style=\"text-align: justify;\"><span style=\"font-size: 14pt; font-family: arial, helvetica, sans-serif;\">A maioria da popula\u00e7\u00e3o ainda n\u00e3o d\u00e1 a devida import\u00e2ncia ao patrim\u00f4nio cultural, visto a aus\u00eancia de uma educa\u00e7\u00e3o patrimonial nas escolas e n\u00e3o h\u00e1 nenhum esfor\u00e7o dos governos para que isso possa acontecer.<\/span><\/p>\n<p style=\"text-align: justify;\"><span style=\"font-size: 14pt; font-family: arial, helvetica, sans-serif;\">Em nossa atualidade, marcada por caracter\u00edsticas como o individualismo, incertezas, pressa, ritmo social acelerado, acaba comprometendo a contempla\u00e7\u00e3o e o tempo necess\u00e1rio para a constru\u00e7\u00e3o e apropria\u00e7\u00e3o de identidades. Ou seja, para que uma pessoa denote valor a algo \u00e9 preciso que ela tenha pertencimento, tome determinado espa\u00e7o como seu, por isso, a import\u00e2ncia de ter tempo livre para conhecer e usufruir os patrim\u00f4nios culturais.<\/span><\/p>\n<p style=\"text-align: justify;\"><span style=\"font-size: 14pt; font-family: arial, helvetica, sans-serif;\">Para o em\u00e9rito pensador Zygmunt Bauman vivenciamos uma \u201cModernidade L\u00edquida\u201d, na qual tudo est\u00e1 em estado de liquidez, isto \u00e9, as rela\u00e7\u00f5es s\u00e3o fr\u00e1geis e ef\u00eameras. \u00c9 uma sociedade marcada por pr\u00e1ticas consumistas, na qual o descarte do \u201cvelho\u201d e o surgimento do \u201cnovo\u201d \u00e9 uma constante. Nesse tipo de sociedade, h\u00e1 uma pressa em consumir e obter o m\u00e1ximo de prazer num intervalo de tempo pequeno. Contudo, contemplar um patrim\u00f4nio hist\u00f3rico e sentir uma beleza natural demanda tempo, reflex\u00e3o.<\/span><\/p>\n<p style=\"text-align: justify;\"><span style=\"font-size: 14pt; font-family: arial, helvetica, sans-serif;\">Visto esse contexto nada animador, \u00e9 preciso pensar numa educa\u00e7\u00e3o cultural que permita aos indiv\u00edduos ultrapassarem os limites de uma sociedade acostumada em consumir coisas r\u00e1pidas e descart\u00e1veis.<\/span><\/p>\n<p style=\"text-align: justify;\"><span style=\"font-size: 14pt; font-family: arial, helvetica, sans-serif;\">De alguma forma \u00e9 preciso reformular as rela\u00e7\u00f5es entre o sujeito e as produ\u00e7\u00f5es culturais, a fim de garantir o direito \u00e0 mem\u00f3ria e acesso \u00e0 cidadania. \u00c9 importante lembrar que essa tarefa n\u00e3o \u00e9 t\u00e3o somente da escola, mas tamb\u00e9m da fam\u00edlia, da comunidade e dos governos.<\/span><\/p>\n<p style=\"text-align: justify;\"><strong><span style=\"font-size: 14pt; font-family: arial, helvetica, sans-serif;\">Contatos:<\/span><\/strong><\/p>\nYouTube: Professor Raphael Reis\n\nInstagram: @profraphaelreis\n\nFace: Professor Raphael Reis\n\nE-mail: profraphaelreis@gmail.com\n<p style=\"text-align: justify;\"><strong><span style=\"font-size: 14pt; font-family: arial, helvetica, sans-serif;\">Conhe\u00e7a o curso de<\/span><\/strong><\/p>\n<a href=\"https:\/\/www.estrategiaconcursos.com.br\/curso\/ciencias-humanas-para-redacao-2019\/\">Ci\u00eancias Humanas para Reda\u00e7\u00e3o<\/a>\n\n<span style=\"font-size: 14pt;\"><strong>Quer receber materiais gratuitos e avisos de aul\u00f5es?<\/strong><\/span>\n\n<span style=\"font-size: 14pt;\">Fa\u00e7a o cadastro de seu e-mail <a href=\"https:\/\/goo.gl\/forms\/1b8OkSZVFkvc22Sx1\">AQUI<\/a><\/span>","protected":false},"excerpt":{"rendered":"<p>Estrategianos, tudo em paz? Aqui \u00e9 o Professor Raphael Reis. Para quem ainda n\u00e3o me conhece, fica aqui uma breve apresenta\u00e7\u00e3o: sou Professor do Estrat\u00e9gia Concursos desde 2016 e leciono os seguintes conte\u00fados: Reda\u00e7\u00e3o (macroestrutura), Hist\u00f3ria, Filosofia e Sociologia. Fiz minha gradua\u00e7\u00e3o em Hist\u00f3ria (UFJF), especializa\u00e7\u00e3o em Pol\u00edticas P\u00fablicas e Gest\u00e3o Social (UFJF) e mestrado [&hellip;]<\/p>\n","protected":false},"author":384,"featured_media":0,"comment_status":"open","ping_status":"closed","sticky":false,"template":"","format":"standard","meta":{"post_tipo":"article","footnotes":""},"categories":[1],"tags":[46559,46560,46561,46563,46562,46557,46558,2283],"tax_estado":[],"class_list":["post-155757","post","type-post","status-publish","format-standard","hentry","category-cursos-e-concursos","tag-bens-culturais","tag-bens-patrimoniais","tag-destruicao-do-museu-nacional","tag-identidade","tag-importancia-da-memoria-coletiva","tag-museu-nacional","tag-museu-nacional-como-tema-de-redacao","tag-redacao-concursos"],"acf":[],"yoast_head":"<!-- This site is optimized with the Yoast SEO Premium plugin v27.2 (Yoast SEO v27.2) - https:\/\/yoast.com\/product\/yoast-seo-premium-wordpress\/ -->\n<title>Tudo sobre o Museu Nacional e como ele pode ser tema de reda\u00e7\u00e3o<\/title>\n<meta name=\"robots\" content=\"index, follow, max-snippet:-1, max-image-preview:large, max-video-preview:-1\" \/>\n<link rel=\"canonical\" href=\"https:\/\/www.estrategiaconcursos.com.br\/blog\/tudo-sobre-o-museu-nacional-e-como-ele-pode-ser-tema-de-redacao\/\" \/>\n<meta property=\"og:locale\" content=\"pt_BR\" \/>\n<meta property=\"og:type\" content=\"article\" \/>\n<meta property=\"og:title\" content=\"Tudo sobre o Museu Nacional e como ele pode ser tema de reda\u00e7\u00e3o\" \/>\n<meta property=\"og:description\" content=\"Estrategianos, tudo em paz? Aqui \u00e9 o Professor Raphael Reis. Para quem ainda n\u00e3o me conhece, fica aqui uma breve apresenta\u00e7\u00e3o: sou Professor do Estrat\u00e9gia Concursos desde 2016 e leciono os seguintes conte\u00fados: Reda\u00e7\u00e3o (macroestrutura), Hist\u00f3ria, Filosofia e Sociologia. Fiz minha gradua\u00e7\u00e3o em Hist\u00f3ria (UFJF), especializa\u00e7\u00e3o em Pol\u00edticas P\u00fablicas e Gest\u00e3o Social (UFJF) e mestrado [&hellip;]\" \/>\n<meta property=\"og:url\" content=\"https:\/\/www.estrategiaconcursos.com.br\/blog\/tudo-sobre-o-museu-nacional-e-como-ele-pode-ser-tema-de-redacao\/\" \/>\n<meta property=\"og:site_name\" content=\"Estrat\u00e9gia Concursos\" \/>\n<meta property=\"article:published_time\" content=\"2018-12-15T14:22:35+00:00\" \/>\n<meta property=\"article:modified_time\" content=\"2022-08-31T18:30:01+00:00\" \/>\n<meta property=\"og:image\" content=\"https:\/\/www.estrategiaconcursos.com.br\/blog\/wp-content\/uploads\/2018\/12\/museu_aereo2.jpg\" \/>\n<meta name=\"author\" content=\"Raphael de Oliveira Reis\" \/>\n<meta name=\"twitter:card\" content=\"summary_large_image\" \/>\n<meta name=\"twitter:creator\" content=\"@EstratConcursos\" \/>\n<meta name=\"twitter:site\" content=\"@EstratConcursos\" \/>\n<meta name=\"twitter:label1\" content=\"Escrito por\" \/>\n\t<meta name=\"twitter:data1\" content=\"Raphael de Oliveira Reis\" \/>\n\t<meta name=\"twitter:label2\" content=\"Est. tempo de leitura\" \/>\n\t<meta name=\"twitter:data2\" content=\"6 minutos\" \/>\n<script type=\"application\/ld+json\" class=\"yoast-schema-graph\">{\"@context\":\"https:\/\/schema.org\",\"@graph\":[{\"@type\":\"NewsArticle\",\"@id\":\"https:\/\/www.estrategiaconcursos.com.br\/blog\/tudo-sobre-o-museu-nacional-e-como-ele-pode-ser-tema-de-redacao\/#article\",\"isPartOf\":{\"@id\":\"https:\/\/www.estrategiaconcursos.com.br\/blog\/tudo-sobre-o-museu-nacional-e-como-ele-pode-ser-tema-de-redacao\/\"},\"author\":{\"name\":\"Raphael de Oliveira Reis\",\"@id\":\"https:\/\/www.estrategiaconcursos.com.br\/blog\/#\/schema\/person\/b49a1a49e5ef8a9f8d3268e74404a911\"},\"headline\":\"Tudo sobre o Museu Nacional e como ele pode ser tema de reda\u00e7\u00e3o\",\"datePublished\":\"2018-12-15T14:22:35+00:00\",\"dateModified\":\"2022-08-31T18:30:01+00:00\",\"mainEntityOfPage\":{\"@id\":\"https:\/\/www.estrategiaconcursos.com.br\/blog\/tudo-sobre-o-museu-nacional-e-como-ele-pode-ser-tema-de-redacao\/\"},\"wordCount\":1206,\"commentCount\":11,\"publisher\":{\"@id\":\"https:\/\/www.estrategiaconcursos.com.br\/blog\/#organization\"},\"image\":{\"@id\":\"https:\/\/www.estrategiaconcursos.com.br\/blog\/tudo-sobre-o-museu-nacional-e-como-ele-pode-ser-tema-de-redacao\/#primaryimage\"},\"thumbnailUrl\":\"https:\/\/www.estrategiaconcursos.com.br\/blog\/wp-content\/uploads\/2018\/12\/museu_aereo2.jpg\",\"keywords\":[\"Bens culturais\",\"Bens patrimoniais\",\"destrui\u00e7\u00e3o do Museu Nacional\",\"identidade\",\"import\u00e2ncia da mem\u00f3ria coletiva\",\"Museu Nacional\",\"Museu Nacional como tema de reda\u00e7\u00e3o\",\"reda\u00e7\u00e3o concursos\"],\"articleSection\":[\"Concursos P\u00fablicos\"],\"inLanguage\":\"pt-BR\",\"potentialAction\":[{\"@type\":\"CommentAction\",\"name\":\"Comment\",\"target\":[\"https:\/\/www.estrategiaconcursos.com.br\/blog\/tudo-sobre-o-museu-nacional-e-como-ele-pode-ser-tema-de-redacao\/#respond\"]}],\"copyrightYear\":\"2018\",\"copyrightHolder\":{\"@id\":\"https:\/\/www.estrategiaconcursos.com.br\/blog\/#organization\"}},{\"@type\":\"WebPage\",\"@id\":\"https:\/\/www.estrategiaconcursos.com.br\/blog\/tudo-sobre-o-museu-nacional-e-como-ele-pode-ser-tema-de-redacao\/\",\"url\":\"https:\/\/www.estrategiaconcursos.com.br\/blog\/tudo-sobre-o-museu-nacional-e-como-ele-pode-ser-tema-de-redacao\/\",\"name\":\"Tudo sobre o Museu Nacional e como ele pode ser tema de reda\u00e7\u00e3o\",\"isPartOf\":{\"@id\":\"https:\/\/www.estrategiaconcursos.com.br\/blog\/#website\"},\"primaryImageOfPage\":{\"@id\":\"https:\/\/www.estrategiaconcursos.com.br\/blog\/tudo-sobre-o-museu-nacional-e-como-ele-pode-ser-tema-de-redacao\/#primaryimage\"},\"image\":{\"@id\":\"https:\/\/www.estrategiaconcursos.com.br\/blog\/tudo-sobre-o-museu-nacional-e-como-ele-pode-ser-tema-de-redacao\/#primaryimage\"},\"thumbnailUrl\":\"https:\/\/www.estrategiaconcursos.com.br\/blog\/wp-content\/uploads\/2018\/12\/museu_aereo2.jpg\",\"datePublished\":\"2018-12-15T14:22:35+00:00\",\"dateModified\":\"2022-08-31T18:30:01+00:00\",\"breadcrumb\":{\"@id\":\"https:\/\/www.estrategiaconcursos.com.br\/blog\/tudo-sobre-o-museu-nacional-e-como-ele-pode-ser-tema-de-redacao\/#breadcrumb\"},\"inLanguage\":\"pt-BR\",\"potentialAction\":[{\"@type\":\"ReadAction\",\"target\":[\"https:\/\/www.estrategiaconcursos.com.br\/blog\/tudo-sobre-o-museu-nacional-e-como-ele-pode-ser-tema-de-redacao\/\"]}]},{\"@type\":\"ImageObject\",\"inLanguage\":\"pt-BR\",\"@id\":\"https:\/\/www.estrategiaconcursos.com.br\/blog\/tudo-sobre-o-museu-nacional-e-como-ele-pode-ser-tema-de-redacao\/#primaryimage\",\"url\":\"https:\/\/dhg1h5j42swfq.cloudfront.net\/2018\/12\/15105406\/museu_aereo2.jpg\",\"contentUrl\":\"https:\/\/dhg1h5j42swfq.cloudfront.net\/2018\/12\/15105406\/museu_aereo2.jpg\",\"width\":739,\"height\":817},{\"@type\":\"BreadcrumbList\",\"@id\":\"https:\/\/www.estrategiaconcursos.com.br\/blog\/tudo-sobre-o-museu-nacional-e-como-ele-pode-ser-tema-de-redacao\/#breadcrumb\",\"itemListElement\":[{\"@type\":\"ListItem\",\"position\":1,\"name\":\"In\u00edcio\",\"item\":\"https:\/\/www.estrategiaconcursos.com.br\/blog\/\"},{\"@type\":\"ListItem\",\"position\":2,\"name\":\"Tudo sobre o Museu Nacional e como ele pode ser tema de reda\u00e7\u00e3o\"}]},{\"@type\":\"WebSite\",\"@id\":\"https:\/\/www.estrategiaconcursos.com.br\/blog\/#website\",\"url\":\"https:\/\/www.estrategiaconcursos.com.br\/blog\/\",\"name\":\"Estrat\u00e9gia Concursos\",\"description\":\"O blog da Estrat\u00e9gia Concursos traz not\u00edcias sobre concursos e artigos de professores oferecendo cursos para concursos (pdf + videaulas) no site.\",\"publisher\":{\"@id\":\"https:\/\/www.estrategiaconcursos.com.br\/blog\/#organization\"},\"potentialAction\":[{\"@type\":\"SearchAction\",\"target\":{\"@type\":\"EntryPoint\",\"urlTemplate\":\"https:\/\/www.estrategiaconcursos.com.br\/blog\/?s={search_term_string}\"},\"query-input\":{\"@type\":\"PropertyValueSpecification\",\"valueRequired\":true,\"valueName\":\"search_term_string\"}}],\"inLanguage\":\"pt-BR\"},{\"@type\":\"Organization\",\"@id\":\"https:\/\/www.estrategiaconcursos.com.br\/blog\/#organization\",\"name\":\"Estrat\u00e9gia Concursos\",\"url\":\"https:\/\/www.estrategiaconcursos.com.br\/blog\/\",\"logo\":{\"@type\":\"ImageObject\",\"inLanguage\":\"pt-BR\",\"@id\":\"https:\/\/www.estrategiaconcursos.com.br\/blog\/#\/schema\/logo\/image\/\",\"url\":\"https:\/\/dhg1h5j42swfq.cloudfront.net\/2025\/06\/03203428\/logo_concursos-1.jpg\",\"contentUrl\":\"https:\/\/dhg1h5j42swfq.cloudfront.net\/2025\/06\/03203428\/logo_concursos-1.jpg\",\"width\":230,\"height\":60,\"caption\":\"Estrat\u00e9gia Concursos\"},\"image\":{\"@id\":\"https:\/\/www.estrategiaconcursos.com.br\/blog\/#\/schema\/logo\/image\/\"},\"sameAs\":[\"https:\/\/x.com\/EstratConcursos\"]},{\"@type\":\"Person\",\"@id\":\"https:\/\/www.estrategiaconcursos.com.br\/blog\/#\/schema\/person\/b49a1a49e5ef8a9f8d3268e74404a911\",\"name\":\"Raphael de Oliveira Reis\",\"image\":{\"@type\":\"ImageObject\",\"inLanguage\":\"pt-BR\",\"@id\":\"https:\/\/secure.gravatar.com\/avatar\/b1c5789180fc7bfb5103ec006c301370c02393e37aa13c55f6d72f05fcc76b3b?s=96&d=mm&r=g\",\"url\":\"https:\/\/secure.gravatar.com\/avatar\/b1c5789180fc7bfb5103ec006c301370c02393e37aa13c55f6d72f05fcc76b3b?s=96&d=mm&r=g\",\"contentUrl\":\"https:\/\/secure.gravatar.com\/avatar\/b1c5789180fc7bfb5103ec006c301370c02393e37aa13c55f6d72f05fcc76b3b?s=96&d=mm&r=g\",\"caption\":\"Raphael de Oliveira Reis\"},\"url\":\"https:\/\/www.estrategiaconcursos.com.br\/blog\/author\/profraphaelreisgmail-com\/\"}]}<\/script>\n<!-- \/ Yoast SEO Premium plugin. -->","yoast_head_json":{"title":"Tudo sobre o Museu Nacional e como ele pode ser tema de reda\u00e7\u00e3o","robots":{"index":"index","follow":"follow","max-snippet":"max-snippet:-1","max-image-preview":"max-image-preview:large","max-video-preview":"max-video-preview:-1"},"canonical":"https:\/\/www.estrategiaconcursos.com.br\/blog\/tudo-sobre-o-museu-nacional-e-como-ele-pode-ser-tema-de-redacao\/","og_locale":"pt_BR","og_type":"article","og_title":"Tudo sobre o Museu Nacional e como ele pode ser tema de reda\u00e7\u00e3o","og_description":"Estrategianos, tudo em paz? Aqui \u00e9 o Professor Raphael Reis. Para quem ainda n\u00e3o me conhece, fica aqui uma breve apresenta\u00e7\u00e3o: sou Professor do Estrat\u00e9gia Concursos desde 2016 e leciono os seguintes conte\u00fados: Reda\u00e7\u00e3o (macroestrutura), Hist\u00f3ria, Filosofia e Sociologia. Fiz minha gradua\u00e7\u00e3o em Hist\u00f3ria (UFJF), especializa\u00e7\u00e3o em Pol\u00edticas P\u00fablicas e Gest\u00e3o Social (UFJF) e mestrado [&hellip;]","og_url":"https:\/\/www.estrategiaconcursos.com.br\/blog\/tudo-sobre-o-museu-nacional-e-como-ele-pode-ser-tema-de-redacao\/","og_site_name":"Estrat\u00e9gia Concursos","article_published_time":"2018-12-15T14:22:35+00:00","article_modified_time":"2022-08-31T18:30:01+00:00","og_image":[{"url":"https:\/\/www.estrategiaconcursos.com.br\/blog\/wp-content\/uploads\/2018\/12\/museu_aereo2.jpg","type":"","width":"","height":""}],"author":"Raphael de Oliveira Reis","twitter_card":"summary_large_image","twitter_creator":"@EstratConcursos","twitter_site":"@EstratConcursos","twitter_misc":{"Escrito por":"Raphael de Oliveira Reis","Est. tempo de leitura":"6 minutos"},"schema":{"@context":"https:\/\/schema.org","@graph":[{"@type":"NewsArticle","@id":"https:\/\/www.estrategiaconcursos.com.br\/blog\/tudo-sobre-o-museu-nacional-e-como-ele-pode-ser-tema-de-redacao\/#article","isPartOf":{"@id":"https:\/\/www.estrategiaconcursos.com.br\/blog\/tudo-sobre-o-museu-nacional-e-como-ele-pode-ser-tema-de-redacao\/"},"author":{"name":"Raphael de Oliveira Reis","@id":"https:\/\/www.estrategiaconcursos.com.br\/blog\/#\/schema\/person\/b49a1a49e5ef8a9f8d3268e74404a911"},"headline":"Tudo sobre o Museu Nacional e como ele pode ser tema de reda\u00e7\u00e3o","datePublished":"2018-12-15T14:22:35+00:00","dateModified":"2022-08-31T18:30:01+00:00","mainEntityOfPage":{"@id":"https:\/\/www.estrategiaconcursos.com.br\/blog\/tudo-sobre-o-museu-nacional-e-como-ele-pode-ser-tema-de-redacao\/"},"wordCount":1206,"commentCount":11,"publisher":{"@id":"https:\/\/www.estrategiaconcursos.com.br\/blog\/#organization"},"image":{"@id":"https:\/\/www.estrategiaconcursos.com.br\/blog\/tudo-sobre-o-museu-nacional-e-como-ele-pode-ser-tema-de-redacao\/#primaryimage"},"thumbnailUrl":"https:\/\/www.estrategiaconcursos.com.br\/blog\/wp-content\/uploads\/2018\/12\/museu_aereo2.jpg","keywords":["Bens culturais","Bens patrimoniais","destrui\u00e7\u00e3o do Museu Nacional","identidade","import\u00e2ncia da mem\u00f3ria coletiva","Museu Nacional","Museu Nacional como tema de reda\u00e7\u00e3o","reda\u00e7\u00e3o concursos"],"articleSection":["Concursos P\u00fablicos"],"inLanguage":"pt-BR","potentialAction":[{"@type":"CommentAction","name":"Comment","target":["https:\/\/www.estrategiaconcursos.com.br\/blog\/tudo-sobre-o-museu-nacional-e-como-ele-pode-ser-tema-de-redacao\/#respond"]}],"copyrightYear":"2018","copyrightHolder":{"@id":"https:\/\/www.estrategiaconcursos.com.br\/blog\/#organization"}},{"@type":"WebPage","@id":"https:\/\/www.estrategiaconcursos.com.br\/blog\/tudo-sobre-o-museu-nacional-e-como-ele-pode-ser-tema-de-redacao\/","url":"https:\/\/www.estrategiaconcursos.com.br\/blog\/tudo-sobre-o-museu-nacional-e-como-ele-pode-ser-tema-de-redacao\/","name":"Tudo sobre o Museu Nacional e como ele pode ser tema de reda\u00e7\u00e3o","isPartOf":{"@id":"https:\/\/www.estrategiaconcursos.com.br\/blog\/#website"},"primaryImageOfPage":{"@id":"https:\/\/www.estrategiaconcursos.com.br\/blog\/tudo-sobre-o-museu-nacional-e-como-ele-pode-ser-tema-de-redacao\/#primaryimage"},"image":{"@id":"https:\/\/www.estrategiaconcursos.com.br\/blog\/tudo-sobre-o-museu-nacional-e-como-ele-pode-ser-tema-de-redacao\/#primaryimage"},"thumbnailUrl":"https:\/\/www.estrategiaconcursos.com.br\/blog\/wp-content\/uploads\/2018\/12\/museu_aereo2.jpg","datePublished":"2018-12-15T14:22:35+00:00","dateModified":"2022-08-31T18:30:01+00:00","breadcrumb":{"@id":"https:\/\/www.estrategiaconcursos.com.br\/blog\/tudo-sobre-o-museu-nacional-e-como-ele-pode-ser-tema-de-redacao\/#breadcrumb"},"inLanguage":"pt-BR","potentialAction":[{"@type":"ReadAction","target":["https:\/\/www.estrategiaconcursos.com.br\/blog\/tudo-sobre-o-museu-nacional-e-como-ele-pode-ser-tema-de-redacao\/"]}]},{"@type":"ImageObject","inLanguage":"pt-BR","@id":"https:\/\/www.estrategiaconcursos.com.br\/blog\/tudo-sobre-o-museu-nacional-e-como-ele-pode-ser-tema-de-redacao\/#primaryimage","url":"https:\/\/dhg1h5j42swfq.cloudfront.net\/2018\/12\/15105406\/museu_aereo2.jpg","contentUrl":"https:\/\/dhg1h5j42swfq.cloudfront.net\/2018\/12\/15105406\/museu_aereo2.jpg","width":739,"height":817},{"@type":"BreadcrumbList","@id":"https:\/\/www.estrategiaconcursos.com.br\/blog\/tudo-sobre-o-museu-nacional-e-como-ele-pode-ser-tema-de-redacao\/#breadcrumb","itemListElement":[{"@type":"ListItem","position":1,"name":"In\u00edcio","item":"https:\/\/www.estrategiaconcursos.com.br\/blog\/"},{"@type":"ListItem","position":2,"name":"Tudo sobre o Museu Nacional e como ele pode ser tema de reda\u00e7\u00e3o"}]},{"@type":"WebSite","@id":"https:\/\/www.estrategiaconcursos.com.br\/blog\/#website","url":"https:\/\/www.estrategiaconcursos.com.br\/blog\/","name":"Estrat\u00e9gia Concursos","description":"O blog da Estrat\u00e9gia Concursos traz not\u00edcias sobre concursos e artigos de professores oferecendo cursos para concursos (pdf + videaulas) no site.","publisher":{"@id":"https:\/\/www.estrategiaconcursos.com.br\/blog\/#organization"},"potentialAction":[{"@type":"SearchAction","target":{"@type":"EntryPoint","urlTemplate":"https:\/\/www.estrategiaconcursos.com.br\/blog\/?s={search_term_string}"},"query-input":{"@type":"PropertyValueSpecification","valueRequired":true,"valueName":"search_term_string"}}],"inLanguage":"pt-BR"},{"@type":"Organization","@id":"https:\/\/www.estrategiaconcursos.com.br\/blog\/#organization","name":"Estrat\u00e9gia Concursos","url":"https:\/\/www.estrategiaconcursos.com.br\/blog\/","logo":{"@type":"ImageObject","inLanguage":"pt-BR","@id":"https:\/\/www.estrategiaconcursos.com.br\/blog\/#\/schema\/logo\/image\/","url":"https:\/\/dhg1h5j42swfq.cloudfront.net\/2025\/06\/03203428\/logo_concursos-1.jpg","contentUrl":"https:\/\/dhg1h5j42swfq.cloudfront.net\/2025\/06\/03203428\/logo_concursos-1.jpg","width":230,"height":60,"caption":"Estrat\u00e9gia Concursos"},"image":{"@id":"https:\/\/www.estrategiaconcursos.com.br\/blog\/#\/schema\/logo\/image\/"},"sameAs":["https:\/\/x.com\/EstratConcursos"]},{"@type":"Person","@id":"https:\/\/www.estrategiaconcursos.com.br\/blog\/#\/schema\/person\/b49a1a49e5ef8a9f8d3268e74404a911","name":"Raphael de Oliveira Reis","image":{"@type":"ImageObject","inLanguage":"pt-BR","@id":"https:\/\/secure.gravatar.com\/avatar\/b1c5789180fc7bfb5103ec006c301370c02393e37aa13c55f6d72f05fcc76b3b?s=96&d=mm&r=g","url":"https:\/\/secure.gravatar.com\/avatar\/b1c5789180fc7bfb5103ec006c301370c02393e37aa13c55f6d72f05fcc76b3b?s=96&d=mm&r=g","contentUrl":"https:\/\/secure.gravatar.com\/avatar\/b1c5789180fc7bfb5103ec006c301370c02393e37aa13c55f6d72f05fcc76b3b?s=96&d=mm&r=g","caption":"Raphael de Oliveira Reis"},"url":"https:\/\/www.estrategiaconcursos.com.br\/blog\/author\/profraphaelreisgmail-com\/"}]}},"_links":{"self":[{"href":"https:\/\/www.estrategiaconcursos.com.br\/blog\/wp-json\/wp\/v2\/posts\/155757","targetHints":{"allow":["GET"]}}],"collection":[{"href":"https:\/\/www.estrategiaconcursos.com.br\/blog\/wp-json\/wp\/v2\/posts"}],"about":[{"href":"https:\/\/www.estrategiaconcursos.com.br\/blog\/wp-json\/wp\/v2\/types\/post"}],"author":[{"embeddable":true,"href":"https:\/\/www.estrategiaconcursos.com.br\/blog\/wp-json\/wp\/v2\/users\/384"}],"replies":[{"embeddable":true,"href":"https:\/\/www.estrategiaconcursos.com.br\/blog\/wp-json\/wp\/v2\/comments?post=155757"}],"version-history":[{"count":4,"href":"https:\/\/www.estrategiaconcursos.com.br\/blog\/wp-json\/wp\/v2\/posts\/155757\/revisions"}],"predecessor-version":[{"id":1086931,"href":"https:\/\/www.estrategiaconcursos.com.br\/blog\/wp-json\/wp\/v2\/posts\/155757\/revisions\/1086931"}],"wp:attachment":[{"href":"https:\/\/www.estrategiaconcursos.com.br\/blog\/wp-json\/wp\/v2\/media?parent=155757"}],"wp:term":[{"taxonomy":"category","embeddable":true,"href":"https:\/\/www.estrategiaconcursos.com.br\/blog\/wp-json\/wp\/v2\/categories?post=155757"},{"taxonomy":"post_tag","embeddable":true,"href":"https:\/\/www.estrategiaconcursos.com.br\/blog\/wp-json\/wp\/v2\/tags?post=155757"},{"taxonomy":"tax_estado","embeddable":true,"href":"https:\/\/www.estrategiaconcursos.com.br\/blog\/wp-json\/wp\/v2\/tax_estado?post=155757"}],"curies":[{"name":"wp","href":"https:\/\/api.w.org\/{rel}","templated":true}]}}