{"id":1556638,"date":"2025-08-04T08:43:00","date_gmt":"2025-08-04T11:43:00","guid":{"rendered":"https:\/\/www.estrategiaconcursos.com.br\/blog\/?p=1556638"},"modified":"2025-08-04T14:59:20","modified_gmt":"2025-08-04T17:59:20","slug":"concurso-prefeitura-itaiopolis","status":"publish","type":"post","link":"https:\/\/www.estrategiaconcursos.com.br\/blog\/concurso-prefeitura-itaiopolis\/","title":{"rendered":"Concurso Itai\u00f3polis SC: gabaritos divulgados!"},"content":{"rendered":"\n<p>A <strong>Prefeitura de Itai\u00f3polis<\/strong>, em Santa Catarina, oferta 15 vagas em concurso p\u00fablico, distribu\u00eddas em quatro editais.<\/p>\n\n\n\n<p>As oportunidades, para provimento imediato e em cadastro reserva, s\u00e3o para cargos de n\u00edveis m\u00e9dio, t\u00e9cnico e superior, com sal\u00e1rios que variam de R$ 2.254,01 a R$ 15.823,15.<\/p>\n\n\n\n<p>Com provas aplicadas em 3 de agosto, os candidatos j\u00e1 podem conferir os gabaritos preliminares da etapa:<\/p>\n\n\n\n<ul class=\"wp-block-list\">\n<li><a href=\"https:\/\/dhg1h5j42swfq.cloudfront.net\/2025\/08\/04083610\/1-1.pdf\" target=\"_blank\" rel=\"noreferrer noopener nofollow\">Gabaritos &#8211; Edital 1<\/a>;<\/li>\n\n\n\n<li><a href=\"https:\/\/dhg1h5j42swfq.cloudfront.net\/2025\/08\/04083559\/2-1.pdf\" target=\"_blank\" rel=\"noreferrer noopener nofollow\">Gabaritos &#8211; Edital 2<\/a>;<\/li>\n\n\n\n<li><a href=\"https:\/\/dhg1h5j42swfq.cloudfront.net\/2025\/08\/04083603\/3.pdf\" target=\"_blank\" rel=\"noreferrer noopener nofollow\">Gabaritos &#8211; Edital 3<\/a>;<\/li>\n\n\n\n<li><a href=\"https:\/\/dhg1h5j42swfq.cloudfront.net\/2025\/08\/04083606\/4.pdf\" target=\"_blank\" rel=\"noreferrer noopener nofollow\">Gabaritos &#8211; Edital 4<\/a>.<\/li>\n<\/ul>\n\n\n\n<p>Agora, aqueles que n\u00e3o concordarem com alguma resposta poder\u00e3o interpor recurso por meio da op\u00e7\u00e3o \u201cRecursos\u201d dispon\u00edvel na \u00c1rea do Candidato conforme as instru\u00e7\u00f5es contidas no mesmo, at\u00e9 as 17h do dia 5 de agosto.<\/p>\n\n\n\n<ul class=\"wp-block-list has-very-light-gray-to-cyan-bluish-gray-gradient-background has-background\">\n<li><strong>Prefeitura Municipal de Itai\u00f3polis<\/strong><\/li>\n\n\n\n<li><strong style=\"color: initial;\">Situa\u00e7\u00e3o:<\/strong><span style=\"color: initial;\">\u00a0<\/span>provas aplicadas e gabaritos divulgados<\/li>\n\n\n\n<li><strong>Banca:<\/strong>&nbsp;<a href=\"https:\/\/portal.institutotupy.com.br\/\" target=\"_blank\" rel=\"noreferrer noopener\">Instituto Tupy<\/a><\/li>\n\n\n\n<li><strong>Vagas:<\/strong>&nbsp;15 + CR<\/li>\n\n\n\n<li><strong>Sal\u00e1rio inicial:<\/strong>&nbsp;R$ 2.254,01 a R$ 15.823,15<\/li>\n\n\n\n<li><strong>Editais:<\/strong> <a href=\"https:\/\/dhg1h5j42swfq.cloudfront.net\/2025\/05\/28084200\/1-11.pdf\" target=\"_blank\" rel=\"noreferrer noopener nofollow\">Edital 1<\/a> | <a href=\"https:\/\/dhg1h5j42swfq.cloudfront.net\/2025\/05\/28084148\/2-13.pdf\" target=\"_blank\" rel=\"noreferrer noopener nofollow\">Edital 2<\/a> | <a href=\"https:\/\/dhg1h5j42swfq.cloudfront.net\/2025\/05\/28084152\/3-8.pdf\" target=\"_blank\" rel=\"noreferrer noopener nofollow\">Edital 3<\/a> | <a href=\"https:\/\/dhg1h5j42swfq.cloudfront.net\/2025\/05\/28084156\/4-3.pdf\" target=\"_blank\" rel=\"noreferrer noopener nofollow\">Edital 4<\/a><\/li>\n<\/ul>\n\n\n\n<p>Confira neste artigo mais informa\u00e7\u00f5es sobre o concurso <strong>Itai\u00f3polis<\/strong> e os detalhes de seu edital. Acompanhe pelos t\u00f3picos abaixo:<\/p>\n\n\n\n<ul id=\"indice\" class=\"wp-block-list\">\n<li><strong><a href=\"#vagas\">Distribui\u00e7\u00e3o das vagas<\/a><\/strong>\n<ul class=\"wp-block-list\">\n<li><a href=\"#1\">Edital 1<\/a><\/li>\n\n\n\n<li><a href=\"#2\">Edital 2<\/a><\/li>\n\n\n\n<li><a href=\"#3\">Edital 3<\/a><\/li>\n\n\n\n<li><a href=\"#4\">Edital 4<\/a><\/li>\n<\/ul>\n<\/li>\n\n\n\n<li><a href=\"#etapas\"><strong>Etapas<\/strong><\/a>\n<ul class=\"wp-block-list\">\n<li><a href=\"#objetiva\">Prova objetiva<\/a><\/li>\n\n\n\n<li><a href=\"#discursiva\">Prova discursiva<\/a><\/li>\n\n\n\n<li><a href=\"#titulos\">Prova de t\u00edtulos<\/a><\/li>\n<\/ul>\n<\/li>\n\n\n\n<li><a href=\"#cursos-assinatura\"><strong>Cursos e assinaturas<\/strong><\/a><\/li>\n\n\n\n<li><a href=\"#ficha-tecnica\"><strong>Ficha t\u00e9cnica<\/strong><\/a><\/li>\n<\/ul>\n\n\n\n<div class=\"container\" id=\"boxes\">\n  <div class=\"row\">\n\n    <div class=\"col-sm\">\n      <div class=\"banner-prefeituras-ec\" id=\"box-assinatura\">\n        <h2 class=\"titulo-assinatura\" style=\"text-align: left;\">Cursos para concursos<\/h2>\n        <p class=\"subtitulo-assinatura\" style=\"text-align: left;\">Prepara\u00e7\u00e3o completa para a carreira!<\/p>\n        <div class=\"box-botao\" style=\"text-align: left;\">\n          <a class=\"btn-assinatura\" target=\"_blank\" href=\"https:\/\/www.estrategiaconcursos.com.br\/cursosPorConcurso\/prefeitura-municipal-de-Itai\u00f3polis\/\" role=\"button\" rel=\"noopener noreferrer\">EXPLORAR CURSOS<\/a>\n        <\/div>\n      <\/div><\/div><\/div><\/div>\n\n\n\n<h2 class=\"wp-block-heading\" id=\"cargos\">Concurso Itai\u00f3polis: retifica\u00e7\u00f5es<\/h2>\n\n\n\n<ul class=\"wp-block-list\">\n<li><strong>Edital 1:<\/strong>\n<ul class=\"wp-block-list\">\n<li><a href=\"https:\/\/dhg1h5j42swfq.cloudfront.net\/2025\/07\/01103452\/edital-1-retificacoa-1.pdf\" target=\"_blank\" rel=\"noreferrer noopener nofollow\">Retifica\u00e7\u00e3o <\/a>1:  altera texto sobre pedido de impugna\u00e7\u00e3o e exclui conte\u00fado program\u00e1tico para o cargo de Bibliotec\u00e1rio.<\/li>\n\n\n\n<li><a href=\"https:\/\/dhg1h5j42swfq.cloudfront.net\/2025\/07\/01103455\/edital-1-retificacoa-2.pdf\" target=\"_blank\" rel=\"noreferrer noopener nofollow\">Retifica\u00e7\u00e3o 2<\/a>: altera texto do item 1.6 sobre a homologa\u00e7\u00e3o.<\/li>\n<\/ul>\n<\/li>\n\n\n\n<li><strong>Edital 2:<\/strong>\n<ul class=\"wp-block-list\">\n<li><a href=\"https:\/\/dhg1h5j42swfq.cloudfront.net\/2025\/07\/01103450\/edital-2-1.pdf\" target=\"_blank\" rel=\"noreferrer noopener nofollow\">Retifica\u00e7\u00e3o 1<\/a>: altera texto sobre pedido de impugna\u00e7\u00e3o e conte\u00fado program\u00e1tico;<\/li>\n\n\n\n<li><a href=\"https:\/\/dhg1h5j42swfq.cloudfront.net\/2025\/07\/01103447\/edital-2-ret-2.pdf\" target=\"_blank\" rel=\"noreferrer noopener nofollow\">Retifica\u00e7\u00e3o 2<\/a>: altera texto do item 1.6 sobre a homologa\u00e7\u00e3o.<\/li>\n<\/ul>\n<\/li>\n\n\n\n<li><strong>Edital 3:<\/strong>\n<ul class=\"wp-block-list\">\n<li><a href=\"https:\/\/dhg1h5j42swfq.cloudfront.net\/2025\/07\/01103339\/edital-3-1.pdf\" target=\"_blank\" rel=\"noreferrer noopener nofollow\">Retifica\u00e7\u00e3o 1:<\/a> altera texto sobre pedido de impugna\u00e7\u00e3o e conte\u00fado program\u00e1tico;<\/li>\n\n\n\n<li><a href=\"https:\/\/dhg1h5j42swfq.cloudfront.net\/2025\/07\/01103336\/edital-3-2.pdf\" target=\"_blank\" rel=\"noreferrer noopener nofollow\">Retifica\u00e7\u00e3o 2<\/a>: altera texto do item 1.6 sobre a homologa\u00e7\u00e3o.<\/li>\n<\/ul>\n<\/li>\n\n\n\n<li><strong>Edital 4:<\/strong>\n<ul class=\"wp-block-list\">\n<li><a href=\"https:\/\/dhg1h5j42swfq.cloudfront.net\/2025\/07\/01103334\/edital-4-1.pdf\" target=\"_blank\" rel=\"noreferrer noopener nofollow\">Retifica\u00e7\u00e3o 1<\/a>: altera texto sobre pedido de impugna\u00e7\u00e3o e conte\u00fado program\u00e1tico;<\/li>\n\n\n\n<li><a href=\"https:\/\/dhg1h5j42swfq.cloudfront.net\/2025\/07\/01103331\/edital-4-2.pdf\" target=\"_blank\" rel=\"noreferrer noopener nofollow\">Retifica\u00e7\u00e3o 2<\/a>: altera texto do item 1.6 sobre a homologa\u00e7\u00e3o e Pr\u00e9-requisitos para todos os Empregos de Agente Comunit\u00e1rio de Sa\u00fade.<\/li>\n<\/ul>\n<\/li>\n<\/ul>\n\n\n\n<h2 class=\"wp-block-heading\" id=\"cargos\">Concurso Itai\u00f3polis: cargos e vagas<\/h2>\n\n\n\n<p>Al\u00e9m dos vencimentos descritos nos quadros abaixo, o servidor far\u00e1 jus ao<strong> aux\u00edlio-alimenta\u00e7\u00e3o no valor de R$ 500,00<\/strong>, podendo, ainda, serem concedidos outros benef\u00edcios\/vantagens\/gratifica\u00e7\u00f5es, nos termos da legisla\u00e7\u00e3o vigente e\/ou que entrar em vigor.<\/p>\n\n\n\n<h3 class=\"wp-block-heading\" id=\"1\">Edital 1<\/h3>\n\n\n\n<figure class=\"wp-block-table is-style-stripes\"><table><thead><tr><th class=\"has-text-align-center\" data-align=\"center\">Cargo<\/th><th class=\"has-text-align-center\" data-align=\"center\">Vagas<\/th><th class=\"has-text-align-center\" data-align=\"center\">Vencimento<\/th><th class=\"has-text-align-center\" data-align=\"center\">Escolaridade<\/th><\/tr><\/thead><tbody><tr><td class=\"has-text-align-center\" data-align=\"center\">T\u00e9cnico em Controle Interno<\/td><td class=\"has-text-align-center\" data-align=\"center\">CR<\/td><td class=\"has-text-align-center\" data-align=\"center\">R$ 2.254,01<\/td><td class=\"has-text-align-center\" data-align=\"center\">M\u00e9dio<\/td><\/tr><tr><td class=\"has-text-align-center\" data-align=\"center\">T\u00e9cnico em Higiene Dental<\/td><td class=\"has-text-align-center\" data-align=\"center\">CR<\/td><td class=\"has-text-align-center\" data-align=\"center\">R$ 2.254,01<\/td><td class=\"has-text-align-center\" data-align=\"center\">T\u00e9cnico<\/td><\/tr><tr><td class=\"has-text-align-center\" data-align=\"center\">Agente de Contrata\u00e7\u00f5es<\/td><td class=\"has-text-align-center\" data-align=\"center\">CR<\/td><td class=\"has-text-align-center\" data-align=\"center\">R$ 7.311,41<\/td><td class=\"has-text-align-center\" data-align=\"center\">Superior<\/td><\/tr><tr><td class=\"has-text-align-center\" data-align=\"center\">Analista de Ouvidoria e Transpar\u00eancia<\/td><td class=\"has-text-align-center\" data-align=\"center\">CR<\/td><td class=\"has-text-align-center\" data-align=\"center\">R$ 5.348,33<\/td><td class=\"has-text-align-center\" data-align=\"center\">Superior<\/td><\/tr><tr><td class=\"has-text-align-center\" data-align=\"center\">Analista de Tecnologia da Informa\u00e7\u00e3o<\/td><td class=\"has-text-align-center\" data-align=\"center\">CR<\/td><td class=\"has-text-align-center\" data-align=\"center\">R$ 5.348,33<\/td><td class=\"has-text-align-center\" data-align=\"center\">Superior<\/td><\/tr><tr><td class=\"has-text-align-center\" data-align=\"center\">Cirurgi\u00e3o Dentista<\/td><td class=\"has-text-align-center\" data-align=\"center\">CR<\/td><td class=\"has-text-align-center\" data-align=\"center\">R$ 5.348,33<\/td><td class=\"has-text-align-center\" data-align=\"center\">Superior<\/td><\/tr><tr><td class=\"has-text-align-center\" data-align=\"center\">Engenheiro Agr\u00f4nomo<\/td><td class=\"has-text-align-center\" data-align=\"center\">CR<\/td><td class=\"has-text-align-center\" data-align=\"center\">R$ 5.348,33<\/td><td class=\"has-text-align-center\" data-align=\"center\">Superior<\/td><\/tr><tr><td class=\"has-text-align-center\" data-align=\"center\">Engenheiro Ambiental e Sanitarista<\/td><td class=\"has-text-align-center\" data-align=\"center\">CR<\/td><td class=\"has-text-align-center\" data-align=\"center\">R$ 5.348,33<\/td><td class=\"has-text-align-center\" data-align=\"center\">Superior<\/td><\/tr><tr><td class=\"has-text-align-center\" data-align=\"center\">Fiscal de Obras e Posturas<\/td><td class=\"has-text-align-center\" data-align=\"center\">CR<\/td><td class=\"has-text-align-center\" data-align=\"center\">R$ 5.348,33<\/td><td class=\"has-text-align-center\" data-align=\"center\">Superior<\/td><\/tr><tr><td class=\"has-text-align-center\" data-align=\"center\">Fonoaudi\u00f3logo<\/td><td class=\"has-text-align-center\" data-align=\"center\">1 + CR<\/td><td class=\"has-text-align-center\" data-align=\"center\">R$ 2.674,17<\/td><td class=\"has-text-align-center\" data-align=\"center\">Superior<\/td><\/tr><tr><td class=\"has-text-align-center\" data-align=\"center\">M\u00e9dico Cl\u00ednico Geral<\/td><td class=\"has-text-align-center\" data-align=\"center\">CR<\/td><td class=\"has-text-align-center\" data-align=\"center\">R$ 15.823,15<br \/>+ Bonifica\u00e7\u00e3o* R$ 4.746,94<\/td><td class=\"has-text-align-center\" data-align=\"center\">Superior<\/td><\/tr><tr><td class=\"has-text-align-center\" data-align=\"center\">M\u00e9dico Ginecologista\/Obstetra<\/td><td class=\"has-text-align-center\" data-align=\"center\">CR<\/td><td class=\"has-text-align-center\" data-align=\"center\">R$ 15.823,15<br \/>+ Bonifica\u00e7\u00e3o** R$ 4.746,94<\/td><td class=\"has-text-align-center\" data-align=\"center\">Superior<\/td><\/tr><tr><td class=\"has-text-align-center\" data-align=\"center\">M\u00e9dico Ortopedista<\/td><td class=\"has-text-align-center\" data-align=\"center\">CR<\/td><td class=\"has-text-align-center\" data-align=\"center\">R$ 15.823,15<br \/>+ Bonifica\u00e7\u00e3o** R$ 4.746,94<\/td><td class=\"has-text-align-center\" data-align=\"center\">Superior<\/td><\/tr><tr><td class=\"has-text-align-center\" data-align=\"center\">M\u00e9dico Psiquiatra<\/td><td class=\"has-text-align-center\" data-align=\"center\">CR<\/td><td class=\"has-text-align-center\" data-align=\"center\">R$ 7.911,58<br \/>+ Bonifica\u00e7\u00e3o** R$ 2.373,47<\/td><td class=\"has-text-align-center\" data-align=\"center\">Superior<\/td><\/tr><tr><td class=\"has-text-align-center\" data-align=\"center\">M\u00e9dico Veterin\u00e1rio<\/td><td class=\"has-text-align-center\" data-align=\"center\">CR<\/td><td class=\"has-text-align-center\" data-align=\"center\">R$ 5.348,33<\/td><td class=\"has-text-align-center\" data-align=\"center\">Superior<\/td><\/tr><tr><td class=\"has-text-align-center\" data-align=\"center\">Terapeuta Ocupacional<\/td><td class=\"has-text-align-center\" data-align=\"center\">1 + CR<\/td><td class=\"has-text-align-center\" data-align=\"center\">R$ 2.674,17<\/td><td class=\"has-text-align-center\" data-align=\"center\">Superior<\/td><\/tr><\/tbody><\/table><\/figure>\n\n\n\n<p><strong>*<\/strong>Bonifica\u00e7\u00e3o para M\u00e9dico ESF de 30% sobre o vencimento b\u00e1sico na forma da Lei Complementar n\u00ba 124\/2025.<br \/><strong>**<\/strong>Bonifica\u00e7\u00e3o espec\u00edfica de m\u00e9dico especialista (BEMESP) de 30% sobre o vencimento b\u00e1sico na forma da Lei Complementar n\u00ba 123\/2025.<\/p>\n\n\n\n<h3 class=\"wp-block-heading\" id=\"2\">Edital 2<\/h3>\n\n\n\n<figure class=\"wp-block-table is-style-stripes\"><table><thead><tr><th class=\"has-text-align-center\" data-align=\"center\">Cargos<\/th><th class=\"has-text-align-center\" data-align=\"center\">Vagas<\/th><th class=\"has-text-align-center\" data-align=\"center\">Vencimento<\/th><th class=\"has-text-align-center\" data-align=\"center\">Escolaridade<\/th><\/tr><\/thead><tbody><tr><td class=\"has-text-align-center\" data-align=\"center\">Advogado<\/td><td class=\"has-text-align-center\" data-align=\"center\">1 + CR<\/td><td class=\"has-text-align-center\" data-align=\"center\">R$ 7.311,41<\/td><td class=\"has-text-align-center\" data-align=\"center\">Superior<\/td><\/tr><tr><td class=\"has-text-align-center\" data-align=\"center\">Contador<\/td><td class=\"has-text-align-center\" data-align=\"center\">1 + CR<\/td><td class=\"has-text-align-center\" data-align=\"center\">R$ 7.311,41<\/td><td class=\"has-text-align-center\" data-align=\"center\">Superior<\/td><\/tr><tr><td class=\"has-text-align-center\" data-align=\"center\">Controlador Interno<\/td><td class=\"has-text-align-center\" data-align=\"center\">CR<\/td><td class=\"has-text-align-center\" data-align=\"center\">R$ 7.311,41<\/td><td class=\"has-text-align-center\" data-align=\"center\">Superior<\/td><\/tr><\/tbody><\/table><\/figure>\n\n\n\n<h3 class=\"wp-block-heading\" id=\"3\">Edital 3<\/h3>\n\n\n\n<figure class=\"wp-block-table is-style-stripes\"><table><thead><tr><th class=\"has-text-align-center\" data-align=\"center\">Cargo<\/th><th class=\"has-text-align-center\" data-align=\"center\">Vagas<\/th><th class=\"has-text-align-center\" data-align=\"center\">Vencimento<\/th><th class=\"has-text-align-center\" data-align=\"center\">Escolaridade<\/th><\/tr><\/thead><tbody><tr><td class=\"has-text-align-center\" data-align=\"center\">Pedagogo Orientador Educacional (Especialista em Educa\u00e7\u00e3o)<\/td><td class=\"has-text-align-center\" data-align=\"center\">CR<\/td><td class=\"has-text-align-center\" data-align=\"center\">R$ 4.867,77<\/td><td class=\"has-text-align-center\" data-align=\"center\">Licenciatura<\/td><\/tr><tr><td class=\"has-text-align-center\" data-align=\"center\">Professor de Artes \u2013 Educa\u00e7\u00e3o Infantil e Ensino Fundamental<\/td><td class=\"has-text-align-center\" data-align=\"center\">CR<\/td><td class=\"has-text-align-center\" data-align=\"center\">R$ 2.433,88<\/td><td class=\"has-text-align-center\" data-align=\"center\">Licenciatura<\/td><\/tr><tr><td class=\"has-text-align-center\" data-align=\"center\">Professor de Ci\u00eancias \u2013 Anos Finais<\/td><td class=\"has-text-align-center\" data-align=\"center\">CR<\/td><td class=\"has-text-align-center\" data-align=\"center\">R$ 2.433,88<\/td><td class=\"has-text-align-center\" data-align=\"center\">Licenciatura<\/td><\/tr><tr><td class=\"has-text-align-center\" data-align=\"center\">Professor de Educa\u00e7\u00e3o F\u00edsica \u2013 Educa\u00e7\u00e3o Infantil e Ensino Fundamental<\/td><td class=\"has-text-align-center\" data-align=\"center\">CR<\/td><td class=\"has-text-align-center\" data-align=\"center\">R$ 2.433,88<\/td><td class=\"has-text-align-center\" data-align=\"center\">Licenciatura<\/td><\/tr><tr><td class=\"has-text-align-center\" data-align=\"center\">Professor de Educa\u00e7\u00e3o Infantil e Anos Iniciais<\/td><td class=\"has-text-align-center\" data-align=\"center\">CR<\/td><td class=\"has-text-align-center\" data-align=\"center\">R$ 2.433,88<\/td><td class=\"has-text-align-center\" data-align=\"center\">Licenciatura<\/td><\/tr><tr><td class=\"has-text-align-center\" data-align=\"center\">Professor de Ensino Religioso \u2013 Anos Finais<\/td><td class=\"has-text-align-center\" data-align=\"center\">CR<\/td><td class=\"has-text-align-center\" data-align=\"center\">R$ 2.433,88<\/td><td class=\"has-text-align-center\" data-align=\"center\">Licenciatura<\/td><\/tr><tr><td class=\"has-text-align-center\" data-align=\"center\">Professor de Geografia \u2013 Anos Finais<\/td><td class=\"has-text-align-center\" data-align=\"center\">CR<\/td><td class=\"has-text-align-center\" data-align=\"center\">R$ 2.433,88<\/td><td class=\"has-text-align-center\" data-align=\"center\">Licenciatura<\/td><\/tr><tr><td class=\"has-text-align-center\" data-align=\"center\">Professor de Hist\u00f3ria \u2013 Anos Finais<\/td><td class=\"has-text-align-center\" data-align=\"center\">CR<\/td><td class=\"has-text-align-center\" data-align=\"center\">R$ 2.433,88<\/td><td class=\"has-text-align-center\" data-align=\"center\">Licenciatura<\/td><\/tr><tr><td class=\"has-text-align-center\" data-align=\"center\">Professor de Ingl\u00eas \u2013 Ensino Fundamental<\/td><td class=\"has-text-align-center\" data-align=\"center\">CR<\/td><td class=\"has-text-align-center\" data-align=\"center\">R$ 2.433,88<\/td><td class=\"has-text-align-center\" data-align=\"center\">Licenciatura<\/td><\/tr><tr><td class=\"has-text-align-center\" data-align=\"center\">Professor de L\u00edngua Portuguesa \u2013 Anos Finais<\/td><td class=\"has-text-align-center\" data-align=\"center\">CR<\/td><td class=\"has-text-align-center\" data-align=\"center\">R$ 2.433,88<\/td><td class=\"has-text-align-center\" data-align=\"center\">Licenciatura<\/td><\/tr><tr><td class=\"has-text-align-center\" data-align=\"center\">Professor de Matem\u00e1tica \u2013 Anos Finais<\/td><td class=\"has-text-align-center\" data-align=\"center\">CR<\/td><td class=\"has-text-align-center\" data-align=\"center\">R$ 2.433,88<\/td><td class=\"has-text-align-center\" data-align=\"center\">Licenciatura<\/td><\/tr><tr><td class=\"has-text-align-center\" data-align=\"center\">Professor de Sala de Recursos Multifuncionais<\/td><td class=\"has-text-align-center\" data-align=\"center\">CR<\/td><td class=\"has-text-align-center\" data-align=\"center\">R$ 4.867,77<\/td><td class=\"has-text-align-center\" data-align=\"center\">Licenciatura<\/td><\/tr><\/tbody><\/table><\/figure>\n\n\n\n<h3 class=\"wp-block-heading\" id=\"4\">Edital 4<\/h3>\n\n\n\n<figure class=\"wp-block-table is-style-stripes\"><table><thead><tr><th class=\"has-text-align-center\" data-align=\"center\">Cargos<\/th><th class=\"has-text-align-center\" data-align=\"center\">Vagas<\/th><th class=\"has-text-align-center\" data-align=\"center\">Vencimento<\/th><th class=\"has-text-align-center\" data-align=\"center\">Escolaridade<\/th><\/tr><\/thead><tbody><tr><td class=\"has-text-align-center\" data-align=\"center\">Agente Comunit\u00e1rio de Sa\u00fade<\/td><td class=\"has-text-align-center\" data-align=\"center\">11 + CR<\/td><td class=\"has-text-align-center\" data-align=\"center\">R$ 3.036,00<\/td><td class=\"has-text-align-center\" data-align=\"center\">M\u00e9dio<\/td><\/tr><tr><td class=\"has-text-align-center\" data-align=\"center\">Agente de Combate \u00e0s Endemias<\/td><td class=\"has-text-align-center\" data-align=\"center\">CR<\/td><td class=\"has-text-align-center\" data-align=\"center\">R$ 3.036,00<\/td><td class=\"has-text-align-center\" data-align=\"center\">M\u00e9dio<\/td><\/tr><\/tbody><\/table><\/figure>\n\n\n\n<h2 class=\"wp-block-heading\" id=\"etapas\">Concurso Itai\u00f3polis: etapas<\/h2>\n\n\n\n<ul class=\"wp-block-list\">\n<li><strong>Prova objetiva<\/strong>, de car\u00e1ter eliminat\u00f3rio e classificat\u00f3rio,<strong> <\/strong>para todos os cargos;<\/li>\n\n\n\n<li><strong>Prova discursiva<\/strong>, de car\u00e1ter eliminat\u00f3rio e classificat\u00f3rio,<strong> <\/strong>aos cargos de Advogado, Contador e Controlador Interno;<\/li>\n\n\n\n<li><strong>Prova de t\u00edtulos<\/strong>, de car\u00e1ter classificat\u00f3rio,<strong> <\/strong>aos cargos do edital n\u00ba 03;<\/li>\n<\/ul>\n\n\n\n<h3 class=\"wp-block-heading\" id=\"objetiva\">Prova objetiva<\/h3>\n\n\n\n<p>Com dura\u00e7\u00e3o de 3 horas e 30 minutos (exceto para os cargos com prova discursiva), a prova foi constitu\u00edda de 40 a 50 quest\u00f5es de m\u00faltipla escolha com 5 (cinco) alternativas de resposta, entre as quais apenas 1 (uma) era a correta.<\/p>\n\n\n\n<p>Ser\u00e3o considerados aprovados na prova objetiva os candidatos que obtiverem nota igual ou superior a 50 pontos na prova objetiva.<\/p>\n\n\n\n<p><strong>Editais 1, 2 e 3:<\/strong><\/p>\n\n\n\n<figure class=\"wp-block-image aligncenter size-full\"><img loading=\"lazy\" decoding=\"async\" width=\"642\" height=\"340\" src=\"https:\/\/dhg1h5j42swfq.cloudfront.net\/2025\/04\/28085840\/1-3.jpg\" alt=\"Quadro de prova objetiva do concurso Itai\u00f3polis\" class=\"wp-image-1582114\" srcset=\"https:\/\/dhg1h5j42swfq.cloudfront.net\/2025\/04\/28085840\/1-3.jpg 642w, https:\/\/dhg1h5j42swfq.cloudfront.net\/2025\/04\/28085840\/1-3-300x159.jpg 300w, https:\/\/dhg1h5j42swfq.cloudfront.net\/2025\/04\/28085840\/1-3-640x340.jpg 640w, https:\/\/dhg1h5j42swfq.cloudfront.net\/2025\/04\/28085840\/1-3-150x79.jpg 150w\" sizes=\"auto, (max-width: 642px) 100vw, 642px\" \/><\/figure>\n\n\n\n<p><strong>Edital 4:<\/strong><\/p>\n\n\n\n<figure class=\"wp-block-image aligncenter size-full\"><img loading=\"lazy\" decoding=\"async\" width=\"644\" height=\"142\" src=\"https:\/\/dhg1h5j42swfq.cloudfront.net\/2025\/04\/28090533\/2-1.jpg\" alt=\"Quadro de prova objetiva do concurso Itai\u00f3polis\" class=\"wp-image-1582120\" srcset=\"https:\/\/dhg1h5j42swfq.cloudfront.net\/2025\/04\/28090533\/2-1.jpg 644w, https:\/\/dhg1h5j42swfq.cloudfront.net\/2025\/04\/28090533\/2-1-300x66.jpg 300w, https:\/\/dhg1h5j42swfq.cloudfront.net\/2025\/04\/28090533\/2-1-640x142.jpg 640w, https:\/\/dhg1h5j42swfq.cloudfront.net\/2025\/04\/28090533\/2-1-150x33.jpg 150w\" sizes=\"auto, (max-width: 644px) 100vw, 644px\" \/><\/figure>\n\n\n\n<h3 class=\"wp-block-heading\" id=\"discursiva\">Prova discursiva<\/h3>\n\n\n\n<p>Para o cargo de <strong>Advogado<\/strong>, a prova discursiva foi composta por uma quest\u00e3o dissertativa que devia ser respondida na forma de Pe\u00e7a Procedimental ou Parecer T\u00e9cnico (conforme solicitado no comando da quest\u00e3o), a qual abordou o conte\u00fado de conhecimentos espec\u00edficos do cargo.<\/p>\n\n\n\n<p>Para os cargos de <strong>Contador <\/strong>e <strong>Controlador Interno<\/strong>, a prova discursiva foi composta por uma quest\u00e3o dissertativa que devia ser respondida na forma de texto dissertativo em prosa, a qual abordou o conte\u00fado de conhecimentos espec\u00edficos do cargo.<\/p>\n\n\n\n<p>A prova discursiva foi realizada em conjunto com a prova objetiva, perfazendo um total de 4 horas.<\/p>\n\n\n\n<h3 class=\"wp-block-heading\" id=\"titulos\">Prova de t\u00edtulos<\/h3>\n\n\n\n<p>Os candidatos aos cargos do n\u00edvel de ensino Superior Magist\u00e9rio, poder\u00e3o apresentar Prova de T\u00edtulos de car\u00e1ter classificat\u00f3rio (n\u00e3o eliminat\u00f3rio), sendo a entrega dos documentos comprobat\u00f3rios realizada de forma eletr\u00f4nica, no per\u00edodo compreendido entre as 10h do dia 07 de agosto at\u00e9 \u00e0s 17h do dia 21 de agosto.<\/p>\n\n\n\n<p>A prova de t\u00edtulos constar\u00e1 da avalia\u00e7\u00e3o de diplomas ou certificados de curso de p\u00f3s-gradua\u00e7\u00e3o lato sensu ou stricto sensu, aos quais ser\u00e3o atribu\u00eddas as seguintes pontua\u00e7\u00f5es:<\/p>\n\n\n\n<ul class=\"wp-block-list\">\n<li><strong>a)<\/strong> 06 (seis) pontos para t\u00edtulo de p\u00f3s-gradua\u00e7\u00e3o em n\u00edvel de Doutorado (stricto sensu) na \u00e1rea espec\u00edfica do cargo\/disciplina em que est\u00e1 concorrendo (limitado a 1 (um) t\u00edtulo);<\/li>\n\n\n\n<li>b) 04 (quatro) pontos para t\u00edtulo de p\u00f3s-gradua\u00e7\u00e3o em n\u00edvel de Mestrado (stricto sensu) na \u00e1rea espec\u00edfica do cargo\/disciplina em que est\u00e1 concorrendo (limitado a 1 (um) t\u00edtulo);<\/li>\n\n\n\n<li><strong>c) <\/strong>02 (dois) pontos para t\u00edtulo de p\u00f3s-gradua\u00e7\u00e3o em n\u00edvel de Especializa\u00e7\u00e3o (lato sensu) na \u00e1rea espec\u00edfica do cargo\/disciplina em que est\u00e1 concorrendo (limitado a 1 (um) t\u00edtulo).<\/li>\n<\/ul>\n\n\n\n<hr class=\"wp-block-separator has-alpha-channel-opacity\"\/>\n\n\n\n<h2 class=\"wp-block-heading has-text-align-center\" id=\"cursos-assinatura\"><em>Quer estudar para o concurso Itai\u00f3polis?<\/em><\/h2>\n\n\n\n<div class=\"container\" id=\"boxes\">\n  <div class=\"row\">\n\n    <div class=\"col-sm\">\n      <div class=\"banner-prefeituras-ec\" id=\"box-assinatura\">\n        <h2 class=\"titulo-assinatura\" style=\"text-align: left;\">Cursos para concursos<\/h2>\n        <p class=\"subtitulo-assinatura\" style=\"text-align: left;\">Prepara\u00e7\u00e3o completa para a carreira!<\/p>\n        <div class=\"box-botao\" style=\"text-align: left;\">\n          <a class=\"btn-assinatura\" target=\"_blank\" href=\"https:\/\/www.estrategiaconcursos.com.br\/pesquisa\/prefeitura-Itai\u00f3polis\/\" role=\"button\" rel=\"noopener noreferrer\">EXPLORAR CURSOS<\/a>\n        <\/div>\n      <\/div><\/div><\/div><\/div>\n\n\n\n<div class=\"container\" id=\"boxes\">\r\n  <div class=\"row\">\r\n\r\n    <div class=\"col-sm\">\r\n      <div class=\"estrategia\" id=\"box-assinatura\">\r\n        <h3 class=\"titulo-assinatura\">Assinatura Concursos<\/h3>\r\n        <p class=\"subtitulo-assinatura\">Assinatura de 1 ano ou 2 anos<\/p>\r\n        <div class=\"box-botao\">\r\n          <a class=\"btn-assinatura\" target=\"_blank\" href=\"https:\/\/www.estrategiaconcursos.com.br\/assinaturas\/\" role=\"button\" rel=\"noopener noreferrer\">ASSINE AGORA<\/a>\r\n        <\/div>\r\n      <\/div><\/div><\/div><\/div>\n\n\n\n<h2 class=\"wp-block-heading has-text-align-center\" id=\"h-quer-saber-tudo-sobre-concursos-previstos-confira-os-nossos-artigos\">Quer saber tudo sobre concursos previstos?<br \/>Confira os nossos artigos!<\/h2>\n\n\n\n<ul class=\"wp-block-list\">\n<li><a href=\"https:\/\/www.estrategiaconcursos.com.br\/blog\/concursos-abertos\/\" target=\"_blank\" rel=\"noreferrer noopener\">Concursos Abertos<\/a><\/li>\n\n\n\n<li><a href=\"https:\/\/www.estrategiaconcursos.com.br\/blog\/concursos-prefeituras\/\">Concursos Prefeituras<\/a><\/li>\n\n\n\n<li><a href=\"https:\/\/www.estrategiaconcursos.com.br\/blog\/concursos-2025\/\" target=\"_blank\" rel=\"noreferrer noopener\">Concursos 2025<\/a><\/li>\n\n\n\n<li><a href=\"https:\/\/www.estrategiaconcursos.com.br\/blog\/concursos-2026\/\" target=\"_blank\" rel=\"noreferrer noopener\">Concursos 2026<\/a><\/li>\n<\/ul>\n\n\n\n<figure class=\"wp-block-image is-resized\"><img loading=\"lazy\" decoding=\"async\" width=\"1024\" height=\"632\" src=\"https:\/\/dhg1h5j42swfq.cloudfront.net\/2021\/04\/01161145\/ficha-tecnica-5-1024x632.png\" alt=\"Informa\u00e7\u00f5es do concurso \" class=\"wp-image-706736\" style=\"width:236px;height:145px\" srcset=\"https:\/\/dhg1h5j42swfq.cloudfront.net\/2021\/04\/01161145\/ficha-tecnica-5-1024x632.png 1024w, https:\/\/dhg1h5j42swfq.cloudfront.net\/2021\/04\/01161145\/ficha-tecnica-5-300x185.png 300w, https:\/\/dhg1h5j42swfq.cloudfront.net\/2021\/04\/01161145\/ficha-tecnica-5-768x474.png 768w, https:\/\/dhg1h5j42swfq.cloudfront.net\/2021\/04\/01161145\/ficha-tecnica-5-1536x948.png 1536w, https:\/\/dhg1h5j42swfq.cloudfront.net\/2021\/04\/01161145\/ficha-tecnica-5-610x377.png 610w, https:\/\/dhg1h5j42swfq.cloudfront.net\/2021\/04\/01161145\/ficha-tecnica-5.png 1571w\" sizes=\"auto, (max-width: 1024px) 100vw, 1024px\" \/><\/figure>\n\n\n\n<h3 class=\"wp-block-heading\" id=\"ficha-tecnica\">Informa\u00e7\u00f5es do concurso da Prefeitura de Itai\u00f3polis<\/h3>\n\n\n\n<ul class=\"wp-block-list\">\n<li><strong>Data da prova<\/strong>: <s>03\/08\/2025<\/s><\/li>\n\n\n\n<li><strong>Banca<\/strong>: Instituto Tupy<\/li>\n\n\n\n<li><strong>Escolaridade<\/strong>: n\u00edveis m\u00e9dio, t\u00e9cnico e superior<\/li>\n\n\n\n<li><strong>Vagas:<\/strong> 15 + CR<\/li>\n\n\n\n<li><strong>Cargos<\/strong>: V\u00e1rios<\/li>\n\n\n\n<li><strong>Editais:<\/strong> <a href=\"https:\/\/dhg1h5j42swfq.cloudfront.net\/2025\/05\/28084200\/1-11.pdf\" target=\"_blank\" rel=\"noreferrer noopener nofollow\">Edital 1<\/a> | <a href=\"https:\/\/dhg1h5j42swfq.cloudfront.net\/2025\/05\/28084148\/2-13.pdf\" target=\"_blank\" rel=\"noreferrer noopener nofollow\">Edital 2<\/a> | <a href=\"https:\/\/dhg1h5j42swfq.cloudfront.net\/2025\/05\/28084152\/3-8.pdf\" target=\"_blank\" rel=\"noreferrer noopener nofollow\">Edital 3<\/a> | <a href=\"https:\/\/dhg1h5j42swfq.cloudfront.net\/2025\/05\/28084156\/4-3.pdf\" target=\"_blank\" rel=\"noreferrer noopener nofollow\">Edital 4<\/a><\/li>\n<\/ul>\n","protected":false},"excerpt":{"rendered":"<p>A Prefeitura de Itai\u00f3polis, em Santa Catarina, oferta 15 vagas em concurso p\u00fablico, distribu\u00eddas em quatro editais. As oportunidades, para provimento imediato e em cadastro reserva, s\u00e3o para cargos de n\u00edveis m\u00e9dio, t\u00e9cnico e superior, com sal\u00e1rios que variam de R$ 2.254,01 a R$ 15.823,15. Com provas aplicadas em 3 de agosto, os candidatos j\u00e1 [&hellip;]<\/p>\n","protected":false},"author":1,"featured_media":1582876,"comment_status":"open","ping_status":"closed","sticky":false,"template":"","format":"standard","meta":{"post_tipo":"news_page","footnotes":""},"categories":[214992],"tags":[],"tax_estado":[219987],"class_list":["post-1556638","post","type-post","status-publish","format-standard","has-post-thumbnail","hentry","category-concursos-administrativos","tax_estado-sc"],"acf":[],"yoast_head":"<!-- This site is optimized with the Yoast SEO Premium plugin v27.2 (Yoast SEO v27.2) - https:\/\/yoast.com\/product\/yoast-seo-premium-wordpress\/ -->\n<title>Concurso Itai\u00f3polis SC: gabaritos divulgados!<\/title>\n<meta name=\"description\" content=\"Concurso p\u00fablico da Prefeitura de Itai\u00f3polis, em Santa Catarina: provas aplicadas e gabaritos preliminares divulgados. Confira os detalhes!\" \/>\n<meta name=\"robots\" content=\"index, follow, max-snippet:-1, max-image-preview:large, max-video-preview:-1\" \/>\n<link rel=\"canonical\" href=\"https:\/\/www.estrategiaconcursos.com.br\/blog\/concurso-prefeitura-itaiopolis\/\" \/>\n<meta property=\"og:locale\" content=\"pt_BR\" \/>\n<meta property=\"og:type\" content=\"article\" \/>\n<meta property=\"og:title\" content=\"Concurso Itai\u00f3polis SC: gabaritos divulgados!\" \/>\n<meta property=\"og:description\" content=\"Concurso p\u00fablico da Prefeitura de Itai\u00f3polis, em Santa Catarina: provas aplicadas e gabaritos preliminares divulgados. Confira os detalhes!\" \/>\n<meta property=\"og:url\" content=\"https:\/\/www.estrategiaconcursos.com.br\/blog\/concurso-prefeitura-itaiopolis\/\" \/>\n<meta property=\"og:site_name\" content=\"Estrat\u00e9gia Concursos\" \/>\n<meta property=\"article:author\" content=\"https:\/\/www.facebook.com\/EstrategiaConcursos\" \/>\n<meta property=\"article:published_time\" content=\"2025-08-04T11:43:00+00:00\" \/>\n<meta property=\"article:modified_time\" content=\"2025-08-04T17:59:20+00:00\" \/>\n<meta property=\"og:image\" content=\"https:\/\/dhg1h5j42swfq.cloudfront.net\/2025\/05\/29143818\/prefeitura-de-itaiopolis.jpg\" \/>\n\t<meta property=\"og:image:width\" content=\"768\" \/>\n\t<meta property=\"og:image:height\" content=\"432\" \/>\n\t<meta property=\"og:image:type\" content=\"image\/jpeg\" \/>\n<meta name=\"author\" content=\"Coordena\u00e7\u00e3o\" \/>\n<meta name=\"twitter:card\" content=\"summary_large_image\" \/>\n<meta name=\"twitter:creator\" content=\"@EstratConcursos\" \/>\n<meta name=\"twitter:site\" content=\"@EstratConcursos\" \/>\n<meta name=\"twitter:label1\" content=\"Escrito por\" \/>\n\t<meta name=\"twitter:data1\" content=\"Coordena\u00e7\u00e3o\" \/>\n\t<meta name=\"twitter:label2\" content=\"Est. tempo de leitura\" \/>\n\t<meta name=\"twitter:data2\" content=\"6 minutos\" \/>\n<script type=\"application\/ld+json\" class=\"yoast-schema-graph\">{\"@context\":\"https:\/\/schema.org\",\"@graph\":[{\"@type\":\"NewsArticle\",\"@id\":\"https:\/\/www.estrategiaconcursos.com.br\/blog\/concurso-prefeitura-itaiopolis\/#article\",\"isPartOf\":{\"@id\":\"https:\/\/www.estrategiaconcursos.com.br\/blog\/concurso-prefeitura-itaiopolis\/\"},\"author\":{\"name\":\"Coordena\u00e7\u00e3o\",\"@id\":\"https:\/\/www.estrategiaconcursos.com.br\/blog\/#\/schema\/person\/b4a388c97673c5f483d72185668afa1f\"},\"headline\":\"Concurso Itai\u00f3polis SC: gabaritos divulgados!\",\"datePublished\":\"2025-08-04T11:43:00+00:00\",\"dateModified\":\"2025-08-04T17:59:20+00:00\",\"mainEntityOfPage\":{\"@id\":\"https:\/\/www.estrategiaconcursos.com.br\/blog\/concurso-prefeitura-itaiopolis\/\"},\"wordCount\":1216,\"commentCount\":0,\"publisher\":{\"@id\":\"https:\/\/www.estrategiaconcursos.com.br\/blog\/#organization\"},\"image\":{\"@id\":\"https:\/\/www.estrategiaconcursos.com.br\/blog\/concurso-prefeitura-itaiopolis\/#primaryimage\"},\"thumbnailUrl\":\"https:\/\/dhg1h5j42swfq.cloudfront.net\/2025\/05\/29143818\/prefeitura-de-itaiopolis.jpg\",\"articleSection\":[\"Executivo (Administrativa)\"],\"inLanguage\":\"pt-BR\",\"potentialAction\":[{\"@type\":\"CommentAction\",\"name\":\"Comment\",\"target\":[\"https:\/\/www.estrategiaconcursos.com.br\/blog\/concurso-prefeitura-itaiopolis\/#respond\"]}],\"copyrightYear\":\"2025\",\"copyrightHolder\":{\"@id\":\"https:\/\/www.estrategiaconcursos.com.br\/blog\/#organization\"}},{\"@type\":\"WebPage\",\"@id\":\"https:\/\/www.estrategiaconcursos.com.br\/blog\/concurso-prefeitura-itaiopolis\/\",\"url\":\"https:\/\/www.estrategiaconcursos.com.br\/blog\/concurso-prefeitura-itaiopolis\/\",\"name\":\"Concurso Itai\u00f3polis SC: gabaritos divulgados!\",\"isPartOf\":{\"@id\":\"https:\/\/www.estrategiaconcursos.com.br\/blog\/#website\"},\"primaryImageOfPage\":{\"@id\":\"https:\/\/www.estrategiaconcursos.com.br\/blog\/concurso-prefeitura-itaiopolis\/#primaryimage\"},\"image\":{\"@id\":\"https:\/\/www.estrategiaconcursos.com.br\/blog\/concurso-prefeitura-itaiopolis\/#primaryimage\"},\"thumbnailUrl\":\"https:\/\/dhg1h5j42swfq.cloudfront.net\/2025\/05\/29143818\/prefeitura-de-itaiopolis.jpg\",\"datePublished\":\"2025-08-04T11:43:00+00:00\",\"dateModified\":\"2025-08-04T17:59:20+00:00\",\"description\":\"Concurso p\u00fablico da Prefeitura de Itai\u00f3polis, em Santa Catarina: provas aplicadas e gabaritos preliminares divulgados. Confira os detalhes!\",\"breadcrumb\":{\"@id\":\"https:\/\/www.estrategiaconcursos.com.br\/blog\/concurso-prefeitura-itaiopolis\/#breadcrumb\"},\"inLanguage\":\"pt-BR\",\"potentialAction\":[{\"@type\":\"ReadAction\",\"target\":[\"https:\/\/www.estrategiaconcursos.com.br\/blog\/concurso-prefeitura-itaiopolis\/\"]}]},{\"@type\":\"ImageObject\",\"inLanguage\":\"pt-BR\",\"@id\":\"https:\/\/www.estrategiaconcursos.com.br\/blog\/concurso-prefeitura-itaiopolis\/#primaryimage\",\"url\":\"https:\/\/dhg1h5j42swfq.cloudfront.net\/2025\/05\/29143818\/prefeitura-de-itaiopolis.jpg\",\"contentUrl\":\"https:\/\/dhg1h5j42swfq.cloudfront.net\/2025\/05\/29143818\/prefeitura-de-itaiopolis.jpg\",\"width\":768,\"height\":432},{\"@type\":\"BreadcrumbList\",\"@id\":\"https:\/\/www.estrategiaconcursos.com.br\/blog\/concurso-prefeitura-itaiopolis\/#breadcrumb\",\"itemListElement\":[{\"@type\":\"ListItem\",\"position\":1,\"name\":\"In\u00edcio\",\"item\":\"https:\/\/www.estrategiaconcursos.com.br\/blog\/\"},{\"@type\":\"ListItem\",\"position\":2,\"name\":\"Concurso Itai\u00f3polis SC: gabaritos divulgados!\"}]},{\"@type\":\"WebSite\",\"@id\":\"https:\/\/www.estrategiaconcursos.com.br\/blog\/#website\",\"url\":\"https:\/\/www.estrategiaconcursos.com.br\/blog\/\",\"name\":\"Estrat\u00e9gia Concursos\",\"description\":\"O blog da Estrat\u00e9gia Concursos traz not\u00edcias sobre concursos e artigos de professores oferecendo cursos para concursos (pdf + videaulas) no site.\",\"publisher\":{\"@id\":\"https:\/\/www.estrategiaconcursos.com.br\/blog\/#organization\"},\"potentialAction\":[{\"@type\":\"SearchAction\",\"target\":{\"@type\":\"EntryPoint\",\"urlTemplate\":\"https:\/\/www.estrategiaconcursos.com.br\/blog\/?s={search_term_string}\"},\"query-input\":{\"@type\":\"PropertyValueSpecification\",\"valueRequired\":true,\"valueName\":\"search_term_string\"}}],\"inLanguage\":\"pt-BR\"},{\"@type\":\"Organization\",\"@id\":\"https:\/\/www.estrategiaconcursos.com.br\/blog\/#organization\",\"name\":\"Estrat\u00e9gia Concursos\",\"url\":\"https:\/\/www.estrategiaconcursos.com.br\/blog\/\",\"logo\":{\"@type\":\"ImageObject\",\"inLanguage\":\"pt-BR\",\"@id\":\"https:\/\/www.estrategiaconcursos.com.br\/blog\/#\/schema\/logo\/image\/\",\"url\":\"https:\/\/dhg1h5j42swfq.cloudfront.net\/2025\/06\/03203428\/logo_concursos-1.jpg\",\"contentUrl\":\"https:\/\/dhg1h5j42swfq.cloudfront.net\/2025\/06\/03203428\/logo_concursos-1.jpg\",\"width\":230,\"height\":60,\"caption\":\"Estrat\u00e9gia Concursos\"},\"image\":{\"@id\":\"https:\/\/www.estrategiaconcursos.com.br\/blog\/#\/schema\/logo\/image\/\"},\"sameAs\":[\"https:\/\/x.com\/EstratConcursos\"]},{\"@type\":\"Person\",\"@id\":\"https:\/\/www.estrategiaconcursos.com.br\/blog\/#\/schema\/person\/b4a388c97673c5f483d72185668afa1f\",\"name\":\"Coordena\u00e7\u00e3o\",\"image\":{\"@type\":\"ImageObject\",\"inLanguage\":\"pt-BR\",\"@id\":\"https:\/\/secure.gravatar.com\/avatar\/b720319e4c9a967eb58678d110f4fe35452fc5d5f97b202bac7b8acceb18c6ad?s=96&d=mm&r=g\",\"url\":\"https:\/\/secure.gravatar.com\/avatar\/b720319e4c9a967eb58678d110f4fe35452fc5d5f97b202bac7b8acceb18c6ad?s=96&d=mm&r=g\",\"contentUrl\":\"https:\/\/secure.gravatar.com\/avatar\/b720319e4c9a967eb58678d110f4fe35452fc5d5f97b202bac7b8acceb18c6ad?s=96&d=mm&r=g\",\"caption\":\"Coordena\u00e7\u00e3o\"},\"sameAs\":[\"https:\/\/www.facebook.com\/EstrategiaConcursos\",\"https:\/\/x.com\/EstratConcursos\"],\"url\":\"https:\/\/www.estrategiaconcursos.com.br\/blog\/author\/estrategia2013\/\"}]}<\/script>\n<!-- \/ Yoast SEO Premium plugin. -->","yoast_head_json":{"title":"Concurso Itai\u00f3polis SC: gabaritos divulgados!","description":"Concurso p\u00fablico da Prefeitura de Itai\u00f3polis, em Santa Catarina: provas aplicadas e gabaritos preliminares divulgados. Confira os detalhes!","robots":{"index":"index","follow":"follow","max-snippet":"max-snippet:-1","max-image-preview":"max-image-preview:large","max-video-preview":"max-video-preview:-1"},"canonical":"https:\/\/www.estrategiaconcursos.com.br\/blog\/concurso-prefeitura-itaiopolis\/","og_locale":"pt_BR","og_type":"article","og_title":"Concurso Itai\u00f3polis SC: gabaritos divulgados!","og_description":"Concurso p\u00fablico da Prefeitura de Itai\u00f3polis, em Santa Catarina: provas aplicadas e gabaritos preliminares divulgados. Confira os detalhes!","og_url":"https:\/\/www.estrategiaconcursos.com.br\/blog\/concurso-prefeitura-itaiopolis\/","og_site_name":"Estrat\u00e9gia Concursos","article_author":"https:\/\/www.facebook.com\/EstrategiaConcursos","article_published_time":"2025-08-04T11:43:00+00:00","article_modified_time":"2025-08-04T17:59:20+00:00","og_image":[{"width":768,"height":432,"url":"https:\/\/dhg1h5j42swfq.cloudfront.net\/2025\/05\/29143818\/prefeitura-de-itaiopolis.jpg","type":"image\/jpeg"}],"author":"Coordena\u00e7\u00e3o","twitter_card":"summary_large_image","twitter_creator":"@EstratConcursos","twitter_site":"@EstratConcursos","twitter_misc":{"Escrito por":"Coordena\u00e7\u00e3o","Est. tempo de leitura":"6 minutos"},"schema":{"@context":"https:\/\/schema.org","@graph":[{"@type":"NewsArticle","@id":"https:\/\/www.estrategiaconcursos.com.br\/blog\/concurso-prefeitura-itaiopolis\/#article","isPartOf":{"@id":"https:\/\/www.estrategiaconcursos.com.br\/blog\/concurso-prefeitura-itaiopolis\/"},"author":{"name":"Coordena\u00e7\u00e3o","@id":"https:\/\/www.estrategiaconcursos.com.br\/blog\/#\/schema\/person\/b4a388c97673c5f483d72185668afa1f"},"headline":"Concurso Itai\u00f3polis SC: gabaritos divulgados!","datePublished":"2025-08-04T11:43:00+00:00","dateModified":"2025-08-04T17:59:20+00:00","mainEntityOfPage":{"@id":"https:\/\/www.estrategiaconcursos.com.br\/blog\/concurso-prefeitura-itaiopolis\/"},"wordCount":1216,"commentCount":0,"publisher":{"@id":"https:\/\/www.estrategiaconcursos.com.br\/blog\/#organization"},"image":{"@id":"https:\/\/www.estrategiaconcursos.com.br\/blog\/concurso-prefeitura-itaiopolis\/#primaryimage"},"thumbnailUrl":"https:\/\/dhg1h5j42swfq.cloudfront.net\/2025\/05\/29143818\/prefeitura-de-itaiopolis.jpg","articleSection":["Executivo (Administrativa)"],"inLanguage":"pt-BR","potentialAction":[{"@type":"CommentAction","name":"Comment","target":["https:\/\/www.estrategiaconcursos.com.br\/blog\/concurso-prefeitura-itaiopolis\/#respond"]}],"copyrightYear":"2025","copyrightHolder":{"@id":"https:\/\/www.estrategiaconcursos.com.br\/blog\/#organization"}},{"@type":"WebPage","@id":"https:\/\/www.estrategiaconcursos.com.br\/blog\/concurso-prefeitura-itaiopolis\/","url":"https:\/\/www.estrategiaconcursos.com.br\/blog\/concurso-prefeitura-itaiopolis\/","name":"Concurso Itai\u00f3polis SC: gabaritos divulgados!","isPartOf":{"@id":"https:\/\/www.estrategiaconcursos.com.br\/blog\/#website"},"primaryImageOfPage":{"@id":"https:\/\/www.estrategiaconcursos.com.br\/blog\/concurso-prefeitura-itaiopolis\/#primaryimage"},"image":{"@id":"https:\/\/www.estrategiaconcursos.com.br\/blog\/concurso-prefeitura-itaiopolis\/#primaryimage"},"thumbnailUrl":"https:\/\/dhg1h5j42swfq.cloudfront.net\/2025\/05\/29143818\/prefeitura-de-itaiopolis.jpg","datePublished":"2025-08-04T11:43:00+00:00","dateModified":"2025-08-04T17:59:20+00:00","description":"Concurso p\u00fablico da Prefeitura de Itai\u00f3polis, em Santa Catarina: provas aplicadas e gabaritos preliminares divulgados. Confira os detalhes!","breadcrumb":{"@id":"https:\/\/www.estrategiaconcursos.com.br\/blog\/concurso-prefeitura-itaiopolis\/#breadcrumb"},"inLanguage":"pt-BR","potentialAction":[{"@type":"ReadAction","target":["https:\/\/www.estrategiaconcursos.com.br\/blog\/concurso-prefeitura-itaiopolis\/"]}]},{"@type":"ImageObject","inLanguage":"pt-BR","@id":"https:\/\/www.estrategiaconcursos.com.br\/blog\/concurso-prefeitura-itaiopolis\/#primaryimage","url":"https:\/\/dhg1h5j42swfq.cloudfront.net\/2025\/05\/29143818\/prefeitura-de-itaiopolis.jpg","contentUrl":"https:\/\/dhg1h5j42swfq.cloudfront.net\/2025\/05\/29143818\/prefeitura-de-itaiopolis.jpg","width":768,"height":432},{"@type":"BreadcrumbList","@id":"https:\/\/www.estrategiaconcursos.com.br\/blog\/concurso-prefeitura-itaiopolis\/#breadcrumb","itemListElement":[{"@type":"ListItem","position":1,"name":"In\u00edcio","item":"https:\/\/www.estrategiaconcursos.com.br\/blog\/"},{"@type":"ListItem","position":2,"name":"Concurso Itai\u00f3polis SC: gabaritos divulgados!"}]},{"@type":"WebSite","@id":"https:\/\/www.estrategiaconcursos.com.br\/blog\/#website","url":"https:\/\/www.estrategiaconcursos.com.br\/blog\/","name":"Estrat\u00e9gia Concursos","description":"O blog da Estrat\u00e9gia Concursos traz not\u00edcias sobre concursos e artigos de professores oferecendo cursos para concursos (pdf + videaulas) no site.","publisher":{"@id":"https:\/\/www.estrategiaconcursos.com.br\/blog\/#organization"},"potentialAction":[{"@type":"SearchAction","target":{"@type":"EntryPoint","urlTemplate":"https:\/\/www.estrategiaconcursos.com.br\/blog\/?s={search_term_string}"},"query-input":{"@type":"PropertyValueSpecification","valueRequired":true,"valueName":"search_term_string"}}],"inLanguage":"pt-BR"},{"@type":"Organization","@id":"https:\/\/www.estrategiaconcursos.com.br\/blog\/#organization","name":"Estrat\u00e9gia Concursos","url":"https:\/\/www.estrategiaconcursos.com.br\/blog\/","logo":{"@type":"ImageObject","inLanguage":"pt-BR","@id":"https:\/\/www.estrategiaconcursos.com.br\/blog\/#\/schema\/logo\/image\/","url":"https:\/\/dhg1h5j42swfq.cloudfront.net\/2025\/06\/03203428\/logo_concursos-1.jpg","contentUrl":"https:\/\/dhg1h5j42swfq.cloudfront.net\/2025\/06\/03203428\/logo_concursos-1.jpg","width":230,"height":60,"caption":"Estrat\u00e9gia Concursos"},"image":{"@id":"https:\/\/www.estrategiaconcursos.com.br\/blog\/#\/schema\/logo\/image\/"},"sameAs":["https:\/\/x.com\/EstratConcursos"]},{"@type":"Person","@id":"https:\/\/www.estrategiaconcursos.com.br\/blog\/#\/schema\/person\/b4a388c97673c5f483d72185668afa1f","name":"Coordena\u00e7\u00e3o","image":{"@type":"ImageObject","inLanguage":"pt-BR","@id":"https:\/\/secure.gravatar.com\/avatar\/b720319e4c9a967eb58678d110f4fe35452fc5d5f97b202bac7b8acceb18c6ad?s=96&d=mm&r=g","url":"https:\/\/secure.gravatar.com\/avatar\/b720319e4c9a967eb58678d110f4fe35452fc5d5f97b202bac7b8acceb18c6ad?s=96&d=mm&r=g","contentUrl":"https:\/\/secure.gravatar.com\/avatar\/b720319e4c9a967eb58678d110f4fe35452fc5d5f97b202bac7b8acceb18c6ad?s=96&d=mm&r=g","caption":"Coordena\u00e7\u00e3o"},"sameAs":["https:\/\/www.facebook.com\/EstrategiaConcursos","https:\/\/x.com\/EstratConcursos"],"url":"https:\/\/www.estrategiaconcursos.com.br\/blog\/author\/estrategia2013\/"}]}},"_links":{"self":[{"href":"https:\/\/www.estrategiaconcursos.com.br\/blog\/wp-json\/wp\/v2\/posts\/1556638","targetHints":{"allow":["GET"]}}],"collection":[{"href":"https:\/\/www.estrategiaconcursos.com.br\/blog\/wp-json\/wp\/v2\/posts"}],"about":[{"href":"https:\/\/www.estrategiaconcursos.com.br\/blog\/wp-json\/wp\/v2\/types\/post"}],"author":[{"embeddable":true,"href":"https:\/\/www.estrategiaconcursos.com.br\/blog\/wp-json\/wp\/v2\/users\/1"}],"replies":[{"embeddable":true,"href":"https:\/\/www.estrategiaconcursos.com.br\/blog\/wp-json\/wp\/v2\/comments?post=1556638"}],"version-history":[{"count":17,"href":"https:\/\/www.estrategiaconcursos.com.br\/blog\/wp-json\/wp\/v2\/posts\/1556638\/revisions"}],"predecessor-version":[{"id":1617686,"href":"https:\/\/www.estrategiaconcursos.com.br\/blog\/wp-json\/wp\/v2\/posts\/1556638\/revisions\/1617686"}],"wp:featuredmedia":[{"embeddable":true,"href":"https:\/\/www.estrategiaconcursos.com.br\/blog\/wp-json\/wp\/v2\/media\/1582876"}],"wp:attachment":[{"href":"https:\/\/www.estrategiaconcursos.com.br\/blog\/wp-json\/wp\/v2\/media?parent=1556638"}],"wp:term":[{"taxonomy":"category","embeddable":true,"href":"https:\/\/www.estrategiaconcursos.com.br\/blog\/wp-json\/wp\/v2\/categories?post=1556638"},{"taxonomy":"post_tag","embeddable":true,"href":"https:\/\/www.estrategiaconcursos.com.br\/blog\/wp-json\/wp\/v2\/tags?post=1556638"},{"taxonomy":"tax_estado","embeddable":true,"href":"https:\/\/www.estrategiaconcursos.com.br\/blog\/wp-json\/wp\/v2\/tax_estado?post=1556638"}],"curies":[{"name":"wp","href":"https:\/\/api.w.org\/{rel}","templated":true}]}}