{"id":1556552,"date":"2025-04-02T12:39:33","date_gmt":"2025-04-02T15:39:33","guid":{"rendered":"https:\/\/www.estrategiaconcursos.com.br\/blog\/?p=1556552"},"modified":"2025-04-02T14:33:44","modified_gmt":"2025-04-02T17:33:44","slug":"concurso-sefaz-mg-para-gestor","status":"publish","type":"post","link":"https:\/\/www.estrategiaconcursos.com.br\/blog\/concurso-sefaz-mg-para-gestor\/","title":{"rendered":"SEFAZ MG: reuni\u00e3o sobre o novo concurso ser\u00e1 em 15\/4!"},"content":{"rendered":"\n<p>Em contato com o presidente do sindicato, fomos informados que haver\u00e1 uma reuni\u00e3o com o Secret\u00e1rio de Fazenda, Luiz Claudio Fernandes, <strong>no dia 15 de abril<\/strong>, para tratar do <strong><a href=\"https:\/\/www.estrategiaconcursos.com.br\/cursosPorConcurso\/secretaria-da-fazenda-do-estado-de-minas-gerais-sefaz-mg\/\" target=\"_blank\" rel=\"noreferrer noopener\">concurso da SEFAZ MG.<\/a><\/strong><\/p>\n\n\n\n<p>Segundo o presidente da categoria, a principal pauta do encontro ser\u00e1 a realiza\u00e7\u00e3o de um novo certame para o cargo de <strong>Gestor Fazend\u00e1rio<\/strong>, j\u00e1 que o \u00faltimo concurso para a carreira ocorreu em 2007.<\/p>\n\n\n\n<p>Com tanto tempo sem novos certames, as unidades enfrentam uma crescente falta de servidores e uma grande sobrecarga de trabalho.<\/p>\n\n\n\n<p>Atualmente, o quadro de servidores \u00e9 considerado insuficiente, o que tem levado muitas unidades a absorverem atividades de outras Administra\u00e7\u00f5es Fazend\u00e1rias (AFs), intensificando ainda mais a demanda de trabalho.<\/p>\n\n\n\n<p>Embora o Regime de Recupera\u00e7\u00e3o Fiscal e o Teto de Gastos representem obst\u00e1culos, a Sefaz conta com um pouco mais de 700 servidores ativos, sendo que entre 400 a 450 j\u00e1 est\u00e3o aptos para se aposentarem.<\/p>\n\n\n\n<p>Portanto, a expectativa \u00e9 de que o secret\u00e1rio viabilize os tr\u00e2mites necess\u00e1rios para que o concurso Sefaz MG possa ser autorizado. A equipe de jornalismo do Estrat\u00e9gia est\u00e1 acompanhando de perto e trar\u00e1 mais novidades em breve!<\/p>\n\n\n\n<h2 class=\"wp-block-heading\" id=\"ultimo-concurso-2007\">Concurso Sefaz MG: \u00faltimo edital \u2013 Gestor Fazend\u00e1rio (2007)<\/h2>\n\n\n\n<p>Realizado em&nbsp;2007, o \u00faltimo concurso <a href=\"https:\/\/www.fazenda.mg.gov.br\/\" target=\"_blank\" rel=\"noreferrer noopener\">Sefaz MG <\/a>ofertou&nbsp;400 vagas&nbsp;para o cargo de&nbsp;T\u00e9cnico Fazend\u00e1rio de Administra\u00e7\u00e3o e Finan\u00e7as&nbsp;e&nbsp;400 para Gestor Fazend\u00e1rio.<\/p>\n\n\n\n<h3 class=\"wp-block-heading\" id=\"etapas\">Etapas e provas do edital Sefaz MG<\/h3>\n\n\n\n<p>O edital do concurso Sefaz MG de 2007 contou com a aplica\u00e7\u00e3o de Prova Objetiva, constitu\u00edda da seguinte forma:<\/p>\n\n\n\n<figure class=\"wp-block-image aligncenter\"><img loading=\"lazy\" decoding=\"async\" width=\"755\" height=\"756\" src=\"https:\/\/dhg1h5j42swfq.cloudfront.net\/2024\/03\/11182412\/image-260.png\" alt=\"Detalhes das provas objetivas aplicadas ao cargo de Gestor do \u00faltimo edital \" class=\"wp-image-1367045\" srcset=\"https:\/\/dhg1h5j42swfq.cloudfront.net\/2024\/03\/11182412\/image-260.png 755w, https:\/\/dhg1h5j42swfq.cloudfront.net\/2024\/03\/11182412\/image-260-300x300.png 300w, https:\/\/dhg1h5j42swfq.cloudfront.net\/2024\/03\/11182412\/image-260-150x150.png 150w, https:\/\/dhg1h5j42swfq.cloudfront.net\/2024\/03\/11182412\/image-260-610x611.png 610w, https:\/\/dhg1h5j42swfq.cloudfront.net\/2024\/03\/11182412\/image-260-96x96.png 96w\" sizes=\"auto, (max-width: 755px) 100vw, 755px\" \/><\/figure>\n\n\n\n<figure class=\"wp-block-image aligncenter\"><img loading=\"lazy\" decoding=\"async\" width=\"753\" height=\"262\" src=\"https:\/\/dhg1h5j42swfq.cloudfront.net\/2024\/03\/11182425\/image-261.png\" alt=\"Detalhes das provas objetivas aplicadas ao cargo de T\u00e9cnico Fazend\u00e1rio do \u00faltimo edital \" class=\"wp-image-1367046\" srcset=\"https:\/\/dhg1h5j42swfq.cloudfront.net\/2024\/03\/11182425\/image-261.png 753w, https:\/\/dhg1h5j42swfq.cloudfront.net\/2024\/03\/11182425\/image-261-300x104.png 300w, https:\/\/dhg1h5j42swfq.cloudfront.net\/2024\/03\/11182425\/image-261-610x212.png 610w, https:\/\/dhg1h5j42swfq.cloudfront.net\/2024\/03\/11182425\/image-261-150x52.png 150w\" sizes=\"auto, (max-width: 753px) 100vw, 753px\" \/><\/figure>\n\n\n\n<p><em>Ficou interessado nas informa\u00e7\u00f5es dispon\u00edveis sobre o concurso Sefaz MG, al\u00e9m da discuss\u00e3o entre sindicato e secret\u00e1rio? Ent\u00e3o acesse agora mesmo o artigo completo que preparamos para voc\u00ea:<\/em><\/p>\n\n\n\n<p class=\"has-text-align-center has-background\" style=\"background-color:#eeeeee;font-size:clamp(14.642px, 0.915rem + ((1vw - 3.2px) * 0.721), 22px);\"><strong>Saiba mais: <a href=\"https:\/\/www.estrategiaconcursos.com.br\/blog\/concurso-sefaz-mg\/\" target=\"_blank\" rel=\"noreferrer noopener\">Concurso Sefaz MG<\/a><\/strong><\/p>\n\n\n\n<hr class=\"wp-block-separator has-alpha-channel-opacity\"\/>\n\n\n\n<h2 class=\"wp-block-heading has-text-align-center\" id=\"cursos-assinatura\"><em>Quer estudar para o concurso Sefaz MG &#8211; Gestor Fazend\u00e1rio?<\/em><\/h2>\n\n\n\n<div class=\"container\" id=\"boxes\">\n  <div class=\"row\">\n\n    <div class=\"col-sm\">\n      <div class=\"banner-sefaz-ec\" id=\"box-assinatura\">\n        <h2 class=\"titulo-assinatura\">Concurso Sefaz MG<\/h2>\n        <p class=\"subtitulo-assinatura\">Estude conosco para a sele\u00e7\u00e3o!<\/p>\n        <div class=\"box-botao\">\n          <a class=\"btn-assinatura\" target=\"_blank\" href=\"https:\/\/www.estrategiaconcursos.com.br\/cursosPorConcurso\/secretaria-da-fazenda-do-estado-de-minas-gerais-sefaz-mg\/\" role=\"button\" rel=\"noopener noreferrer\">INICIAR PREPARA\u00c7\u00c3O<\/a>\n        <\/div>\n      <\/div>\n      \n    <\/div>\n\n  <\/div>\n<\/div>\n\n\n\n<div class=\"container\" id=\"boxes\">\n  <div class=\"row\">\n\n    <div class=\"col-sm\">\n      <div class=\"estrategia\" id=\"box-assinatura\">\n        <h3 class=\"titulo-assinatura\">Assinatura Concursos<\/h3>\n        <p class=\"subtitulo-assinatura\">Assinatura de 1 ano ou 2 anos<\/p>\n        <div class=\"box-botao\">\n          <a class=\"btn-assinatura\" target=\"_blank\" href=\"https:\/\/www.estrategiaconcursos.com.br\/assinaturas\/\" role=\"button\" rel=\"noopener noreferrer\">ASSINE AGORA<\/a>\n        <\/div>\n      <\/div><\/div><\/div><\/div>\n\n\n\n<h2 class=\"wp-block-heading has-text-align-center\" id=\"h-quer-saber-tudo-sobre-concursos-previstos-confira-nossos-artigos\">Quer saber tudo sobre concursos previstos?<br \/>Confira nossos artigos!<\/h2>\n\n\n\n<ul class=\"wp-block-list\">\n<li><a href=\"https:\/\/www.estrategiaconcursos.com.br\/blog\/concursos-abertos\/\" target=\"_blank\" rel=\"noreferrer noopener\">Concursos Abertos<\/a><\/li>\n\n\n\n<li><a href=\"https:\/\/www.estrategiaconcursos.com.br\/blog\/concursos-fiscais\/\" target=\"_blank\" rel=\"noreferrer noopener\">Concursos Fiscais<\/a><\/li>\n\n\n\n<li><a href=\"https:\/\/www.estrategiaconcursos.com.br\/blog\/concursos-2025\/\" target=\"_blank\" rel=\"noreferrer noopener\">Concursos 2025<\/a><\/li>\n<\/ul>\n","protected":false},"excerpt":{"rendered":"<p>Em contato com o presidente do sindicato, fomos informados que haver\u00e1 uma reuni\u00e3o com o Secret\u00e1rio de Fazenda, Luiz Claudio Fernandes, no dia 15 de abril, para tratar do concurso da SEFAZ MG. Segundo o presidente da categoria, a principal pauta do encontro ser\u00e1 a realiza\u00e7\u00e3o de um novo certame para o cargo de Gestor [&hellip;]<\/p>\n","protected":false},"author":656,"featured_media":1198564,"comment_status":"open","ping_status":"closed","sticky":false,"template":"","format":"standard","meta":{"post_tipo":"news","footnotes":""},"categories":[1983,220219],"tags":[],"tax_estado":[219974],"class_list":["post-1556552","post","type-post","status-publish","format-standard","has-post-thumbnail","hentry","category-fiscal-estadual","category-noticias","tax_estado-mg"],"acf":[],"yoast_head":"<!-- This site is optimized with the Yoast SEO Premium plugin v27.2 (Yoast SEO v27.2) - https:\/\/yoast.com\/product\/yoast-seo-premium-wordpress\/ -->\n<title>SEFAZ MG: reuni\u00e3o sobre o novo concurso ser\u00e1 em 15\/4!<\/title>\n<meta name=\"description\" content=\"SEFAZ MG: reuni\u00e3o sobre o novo concurso para Gestor Fazend\u00e1rio ser\u00e1 realizada no dia 15 de abril! Veja os detalhes aqui!\" \/>\n<meta name=\"robots\" content=\"index, follow, max-snippet:-1, max-image-preview:large, max-video-preview:-1\" \/>\n<link rel=\"canonical\" href=\"https:\/\/www.estrategiaconcursos.com.br\/blog\/concurso-sefaz-mg-para-gestor\/\" \/>\n<meta property=\"og:locale\" content=\"pt_BR\" \/>\n<meta property=\"og:type\" content=\"article\" \/>\n<meta property=\"og:title\" content=\"SEFAZ MG: reuni\u00e3o sobre o novo concurso ser\u00e1 em 15\/4!\" \/>\n<meta property=\"og:description\" content=\"SEFAZ MG: reuni\u00e3o sobre o novo concurso para Gestor Fazend\u00e1rio ser\u00e1 realizada no dia 15 de abril! Veja os detalhes aqui!\" \/>\n<meta property=\"og:url\" content=\"https:\/\/www.estrategiaconcursos.com.br\/blog\/concurso-sefaz-mg-para-gestor\/\" \/>\n<meta property=\"og:site_name\" content=\"Estrat\u00e9gia Concursos\" \/>\n<meta property=\"article:published_time\" content=\"2025-04-02T15:39:33+00:00\" \/>\n<meta property=\"article:modified_time\" content=\"2025-04-02T17:33:44+00:00\" \/>\n<meta property=\"og:image\" content=\"https:\/\/dhg1h5j42swfq.cloudfront.net\/2023\/04\/06173343\/sefaz-mg.jpg\" \/>\n\t<meta property=\"og:image:width\" content=\"768\" \/>\n\t<meta property=\"og:image:height\" content=\"432\" \/>\n\t<meta property=\"og:image:type\" content=\"image\/jpeg\" \/>\n<meta name=\"author\" content=\"F\u00e1bio Scaldelai\" \/>\n<meta name=\"twitter:card\" content=\"summary_large_image\" \/>\n<meta name=\"twitter:creator\" content=\"@EstratConcursos\" \/>\n<meta name=\"twitter:site\" content=\"@EstratConcursos\" \/>\n<meta name=\"twitter:label1\" content=\"Escrito por\" \/>\n\t<meta name=\"twitter:data1\" content=\"F\u00e1bio Scaldelai\" \/>\n\t<meta name=\"twitter:label2\" content=\"Est. tempo de leitura\" \/>\n\t<meta name=\"twitter:data2\" content=\"2 minutos\" \/>\n<script type=\"application\/ld+json\" class=\"yoast-schema-graph\">{\"@context\":\"https:\/\/schema.org\",\"@graph\":[{\"@type\":\"NewsArticle\",\"@id\":\"https:\/\/www.estrategiaconcursos.com.br\/blog\/concurso-sefaz-mg-para-gestor\/#article\",\"isPartOf\":{\"@id\":\"https:\/\/www.estrategiaconcursos.com.br\/blog\/concurso-sefaz-mg-para-gestor\/\"},\"author\":{\"name\":\"F\u00e1bio Scaldelai\",\"@id\":\"https:\/\/www.estrategiaconcursos.com.br\/blog\/#\/schema\/person\/e3b6b7ce0192dd4ad270655969d61750\"},\"headline\":\"SEFAZ MG: reuni\u00e3o sobre o novo concurso ser\u00e1 em 15\/4!\",\"datePublished\":\"2025-04-02T15:39:33+00:00\",\"dateModified\":\"2025-04-02T17:33:44+00:00\",\"mainEntityOfPage\":{\"@id\":\"https:\/\/www.estrategiaconcursos.com.br\/blog\/concurso-sefaz-mg-para-gestor\/\"},\"wordCount\":359,\"commentCount\":0,\"publisher\":{\"@id\":\"https:\/\/www.estrategiaconcursos.com.br\/blog\/#organization\"},\"image\":{\"@id\":\"https:\/\/www.estrategiaconcursos.com.br\/blog\/concurso-sefaz-mg-para-gestor\/#primaryimage\"},\"thumbnailUrl\":\"https:\/\/dhg1h5j42swfq.cloudfront.net\/2023\/04\/06173343\/sefaz-mg.jpg\",\"articleSection\":[\"Fiscal - Estadual (ICMS)\",\"\u00daltimas not\u00edcias\"],\"inLanguage\":\"pt-BR\",\"potentialAction\":[{\"@type\":\"CommentAction\",\"name\":\"Comment\",\"target\":[\"https:\/\/www.estrategiaconcursos.com.br\/blog\/concurso-sefaz-mg-para-gestor\/#respond\"]}],\"copyrightYear\":\"2025\",\"copyrightHolder\":{\"@id\":\"https:\/\/www.estrategiaconcursos.com.br\/blog\/#organization\"}},{\"@type\":\"WebPage\",\"@id\":\"https:\/\/www.estrategiaconcursos.com.br\/blog\/concurso-sefaz-mg-para-gestor\/\",\"url\":\"https:\/\/www.estrategiaconcursos.com.br\/blog\/concurso-sefaz-mg-para-gestor\/\",\"name\":\"SEFAZ MG: reuni\u00e3o sobre o novo concurso ser\u00e1 em 15\/4!\",\"isPartOf\":{\"@id\":\"https:\/\/www.estrategiaconcursos.com.br\/blog\/#website\"},\"primaryImageOfPage\":{\"@id\":\"https:\/\/www.estrategiaconcursos.com.br\/blog\/concurso-sefaz-mg-para-gestor\/#primaryimage\"},\"image\":{\"@id\":\"https:\/\/www.estrategiaconcursos.com.br\/blog\/concurso-sefaz-mg-para-gestor\/#primaryimage\"},\"thumbnailUrl\":\"https:\/\/dhg1h5j42swfq.cloudfront.net\/2023\/04\/06173343\/sefaz-mg.jpg\",\"datePublished\":\"2025-04-02T15:39:33+00:00\",\"dateModified\":\"2025-04-02T17:33:44+00:00\",\"description\":\"SEFAZ MG: reuni\u00e3o sobre o novo concurso para Gestor Fazend\u00e1rio ser\u00e1 realizada no dia 15 de abril! Veja os detalhes aqui!\",\"breadcrumb\":{\"@id\":\"https:\/\/www.estrategiaconcursos.com.br\/blog\/concurso-sefaz-mg-para-gestor\/#breadcrumb\"},\"inLanguage\":\"pt-BR\",\"potentialAction\":[{\"@type\":\"ReadAction\",\"target\":[\"https:\/\/www.estrategiaconcursos.com.br\/blog\/concurso-sefaz-mg-para-gestor\/\"]}]},{\"@type\":\"ImageObject\",\"inLanguage\":\"pt-BR\",\"@id\":\"https:\/\/www.estrategiaconcursos.com.br\/blog\/concurso-sefaz-mg-para-gestor\/#primaryimage\",\"url\":\"https:\/\/dhg1h5j42swfq.cloudfront.net\/2023\/04\/06173343\/sefaz-mg.jpg\",\"contentUrl\":\"https:\/\/dhg1h5j42swfq.cloudfront.net\/2023\/04\/06173343\/sefaz-mg.jpg\",\"width\":768,\"height\":432,\"caption\":\"Concurso Sefaz MG: reuni\u00e3o com o governo confirma estudos para o certame!\"},{\"@type\":\"BreadcrumbList\",\"@id\":\"https:\/\/www.estrategiaconcursos.com.br\/blog\/concurso-sefaz-mg-para-gestor\/#breadcrumb\",\"itemListElement\":[{\"@type\":\"ListItem\",\"position\":1,\"name\":\"In\u00edcio\",\"item\":\"https:\/\/www.estrategiaconcursos.com.br\/blog\/\"},{\"@type\":\"ListItem\",\"position\":2,\"name\":\"SEFAZ MG: reuni\u00e3o sobre o novo concurso ser\u00e1 em 15\/4!\"}]},{\"@type\":\"WebSite\",\"@id\":\"https:\/\/www.estrategiaconcursos.com.br\/blog\/#website\",\"url\":\"https:\/\/www.estrategiaconcursos.com.br\/blog\/\",\"name\":\"Estrat\u00e9gia Concursos\",\"description\":\"O blog da Estrat\u00e9gia Concursos traz not\u00edcias sobre concursos e artigos de professores oferecendo cursos para concursos (pdf + videaulas) no site.\",\"publisher\":{\"@id\":\"https:\/\/www.estrategiaconcursos.com.br\/blog\/#organization\"},\"potentialAction\":[{\"@type\":\"SearchAction\",\"target\":{\"@type\":\"EntryPoint\",\"urlTemplate\":\"https:\/\/www.estrategiaconcursos.com.br\/blog\/?s={search_term_string}\"},\"query-input\":{\"@type\":\"PropertyValueSpecification\",\"valueRequired\":true,\"valueName\":\"search_term_string\"}}],\"inLanguage\":\"pt-BR\"},{\"@type\":\"Organization\",\"@id\":\"https:\/\/www.estrategiaconcursos.com.br\/blog\/#organization\",\"name\":\"Estrat\u00e9gia Concursos\",\"url\":\"https:\/\/www.estrategiaconcursos.com.br\/blog\/\",\"logo\":{\"@type\":\"ImageObject\",\"inLanguage\":\"pt-BR\",\"@id\":\"https:\/\/www.estrategiaconcursos.com.br\/blog\/#\/schema\/logo\/image\/\",\"url\":\"https:\/\/dhg1h5j42swfq.cloudfront.net\/2025\/06\/03203428\/logo_concursos-1.jpg\",\"contentUrl\":\"https:\/\/dhg1h5j42swfq.cloudfront.net\/2025\/06\/03203428\/logo_concursos-1.jpg\",\"width\":230,\"height\":60,\"caption\":\"Estrat\u00e9gia Concursos\"},\"image\":{\"@id\":\"https:\/\/www.estrategiaconcursos.com.br\/blog\/#\/schema\/logo\/image\/\"},\"sameAs\":[\"https:\/\/x.com\/EstratConcursos\"]},{\"@type\":\"Person\",\"@id\":\"https:\/\/www.estrategiaconcursos.com.br\/blog\/#\/schema\/person\/e3b6b7ce0192dd4ad270655969d61750\",\"name\":\"F\u00e1bio Scaldelai\",\"image\":{\"@type\":\"ImageObject\",\"inLanguage\":\"pt-BR\",\"@id\":\"https:\/\/secure.gravatar.com\/avatar\/8ed7492c4d88d8495bc0cb24cda6847b8ae23eec459a919e08e77d0ca0fd79ec?s=96&d=mm&r=g\",\"url\":\"https:\/\/secure.gravatar.com\/avatar\/8ed7492c4d88d8495bc0cb24cda6847b8ae23eec459a919e08e77d0ca0fd79ec?s=96&d=mm&r=g\",\"contentUrl\":\"https:\/\/secure.gravatar.com\/avatar\/8ed7492c4d88d8495bc0cb24cda6847b8ae23eec459a919e08e77d0ca0fd79ec?s=96&d=mm&r=g\",\"caption\":\"F\u00e1bio Scaldelai\"},\"description\":\"Jornalista no Estrat\u00e9gia Concursos e Produtor de Televis\u00e3o, formado em Jornalismo, R\u00e1dio e TV pela Faculdade Integrada Rio Branco, com especializa\u00e7\u00f5es em Gest\u00e3o Empresarial e Marketing pelo M\u00f3dulo. Atuou como produtor no SBT, TV Bandeirantes e R\u00e1dio Band FM, al\u00e9m de acumular tr\u00eas anos de experi\u00eancia no setor de concursos p\u00fablicos pela LFG (Luiz Fl\u00e1vio Gomes). No Estrat\u00e9gia Concursos, atua na apura\u00e7\u00e3o de not\u00edcias da \u00e1rea fiscal, al\u00e9m de coberturas sobre concursos das \u00e1reas de controle (TCU, TCE, etc), concurso AFT, \u00e1rea de gest\u00e3o e administrativa, bem como dos \u00f3rg\u00e3os participantes do CNU. Tamb\u00e9m possui experi\u00eancia em link building e an\u00e1lise de m\u00eddia, adquirida durante sua atua\u00e7\u00e3o na ag\u00eancia SEO Marketing.\",\"url\":\"https:\/\/www.estrategiaconcursos.com.br\/blog\/author\/fabio-scaldelaiestrategiaconcursos-com-br\/\"}]}<\/script>\n<!-- \/ Yoast SEO Premium plugin. -->","yoast_head_json":{"title":"SEFAZ MG: reuni\u00e3o sobre o novo concurso ser\u00e1 em 15\/4!","description":"SEFAZ MG: reuni\u00e3o sobre o novo concurso para Gestor Fazend\u00e1rio ser\u00e1 realizada no dia 15 de abril! Veja os detalhes aqui!","robots":{"index":"index","follow":"follow","max-snippet":"max-snippet:-1","max-image-preview":"max-image-preview:large","max-video-preview":"max-video-preview:-1"},"canonical":"https:\/\/www.estrategiaconcursos.com.br\/blog\/concurso-sefaz-mg-para-gestor\/","og_locale":"pt_BR","og_type":"article","og_title":"SEFAZ MG: reuni\u00e3o sobre o novo concurso ser\u00e1 em 15\/4!","og_description":"SEFAZ MG: reuni\u00e3o sobre o novo concurso para Gestor Fazend\u00e1rio ser\u00e1 realizada no dia 15 de abril! Veja os detalhes aqui!","og_url":"https:\/\/www.estrategiaconcursos.com.br\/blog\/concurso-sefaz-mg-para-gestor\/","og_site_name":"Estrat\u00e9gia Concursos","article_published_time":"2025-04-02T15:39:33+00:00","article_modified_time":"2025-04-02T17:33:44+00:00","og_image":[{"width":768,"height":432,"url":"https:\/\/dhg1h5j42swfq.cloudfront.net\/2023\/04\/06173343\/sefaz-mg.jpg","type":"image\/jpeg"}],"author":"F\u00e1bio Scaldelai","twitter_card":"summary_large_image","twitter_creator":"@EstratConcursos","twitter_site":"@EstratConcursos","twitter_misc":{"Escrito por":"F\u00e1bio Scaldelai","Est. tempo de leitura":"2 minutos"},"schema":{"@context":"https:\/\/schema.org","@graph":[{"@type":"NewsArticle","@id":"https:\/\/www.estrategiaconcursos.com.br\/blog\/concurso-sefaz-mg-para-gestor\/#article","isPartOf":{"@id":"https:\/\/www.estrategiaconcursos.com.br\/blog\/concurso-sefaz-mg-para-gestor\/"},"author":{"name":"F\u00e1bio Scaldelai","@id":"https:\/\/www.estrategiaconcursos.com.br\/blog\/#\/schema\/person\/e3b6b7ce0192dd4ad270655969d61750"},"headline":"SEFAZ MG: reuni\u00e3o sobre o novo concurso ser\u00e1 em 15\/4!","datePublished":"2025-04-02T15:39:33+00:00","dateModified":"2025-04-02T17:33:44+00:00","mainEntityOfPage":{"@id":"https:\/\/www.estrategiaconcursos.com.br\/blog\/concurso-sefaz-mg-para-gestor\/"},"wordCount":359,"commentCount":0,"publisher":{"@id":"https:\/\/www.estrategiaconcursos.com.br\/blog\/#organization"},"image":{"@id":"https:\/\/www.estrategiaconcursos.com.br\/blog\/concurso-sefaz-mg-para-gestor\/#primaryimage"},"thumbnailUrl":"https:\/\/dhg1h5j42swfq.cloudfront.net\/2023\/04\/06173343\/sefaz-mg.jpg","articleSection":["Fiscal - Estadual (ICMS)","\u00daltimas not\u00edcias"],"inLanguage":"pt-BR","potentialAction":[{"@type":"CommentAction","name":"Comment","target":["https:\/\/www.estrategiaconcursos.com.br\/blog\/concurso-sefaz-mg-para-gestor\/#respond"]}],"copyrightYear":"2025","copyrightHolder":{"@id":"https:\/\/www.estrategiaconcursos.com.br\/blog\/#organization"}},{"@type":"WebPage","@id":"https:\/\/www.estrategiaconcursos.com.br\/blog\/concurso-sefaz-mg-para-gestor\/","url":"https:\/\/www.estrategiaconcursos.com.br\/blog\/concurso-sefaz-mg-para-gestor\/","name":"SEFAZ MG: reuni\u00e3o sobre o novo concurso ser\u00e1 em 15\/4!","isPartOf":{"@id":"https:\/\/www.estrategiaconcursos.com.br\/blog\/#website"},"primaryImageOfPage":{"@id":"https:\/\/www.estrategiaconcursos.com.br\/blog\/concurso-sefaz-mg-para-gestor\/#primaryimage"},"image":{"@id":"https:\/\/www.estrategiaconcursos.com.br\/blog\/concurso-sefaz-mg-para-gestor\/#primaryimage"},"thumbnailUrl":"https:\/\/dhg1h5j42swfq.cloudfront.net\/2023\/04\/06173343\/sefaz-mg.jpg","datePublished":"2025-04-02T15:39:33+00:00","dateModified":"2025-04-02T17:33:44+00:00","description":"SEFAZ MG: reuni\u00e3o sobre o novo concurso para Gestor Fazend\u00e1rio ser\u00e1 realizada no dia 15 de abril! Veja os detalhes aqui!","breadcrumb":{"@id":"https:\/\/www.estrategiaconcursos.com.br\/blog\/concurso-sefaz-mg-para-gestor\/#breadcrumb"},"inLanguage":"pt-BR","potentialAction":[{"@type":"ReadAction","target":["https:\/\/www.estrategiaconcursos.com.br\/blog\/concurso-sefaz-mg-para-gestor\/"]}]},{"@type":"ImageObject","inLanguage":"pt-BR","@id":"https:\/\/www.estrategiaconcursos.com.br\/blog\/concurso-sefaz-mg-para-gestor\/#primaryimage","url":"https:\/\/dhg1h5j42swfq.cloudfront.net\/2023\/04\/06173343\/sefaz-mg.jpg","contentUrl":"https:\/\/dhg1h5j42swfq.cloudfront.net\/2023\/04\/06173343\/sefaz-mg.jpg","width":768,"height":432,"caption":"Concurso Sefaz MG: reuni\u00e3o com o governo confirma estudos para o certame!"},{"@type":"BreadcrumbList","@id":"https:\/\/www.estrategiaconcursos.com.br\/blog\/concurso-sefaz-mg-para-gestor\/#breadcrumb","itemListElement":[{"@type":"ListItem","position":1,"name":"In\u00edcio","item":"https:\/\/www.estrategiaconcursos.com.br\/blog\/"},{"@type":"ListItem","position":2,"name":"SEFAZ MG: reuni\u00e3o sobre o novo concurso ser\u00e1 em 15\/4!"}]},{"@type":"WebSite","@id":"https:\/\/www.estrategiaconcursos.com.br\/blog\/#website","url":"https:\/\/www.estrategiaconcursos.com.br\/blog\/","name":"Estrat\u00e9gia Concursos","description":"O blog da Estrat\u00e9gia Concursos traz not\u00edcias sobre concursos e artigos de professores oferecendo cursos para concursos (pdf + videaulas) no site.","publisher":{"@id":"https:\/\/www.estrategiaconcursos.com.br\/blog\/#organization"},"potentialAction":[{"@type":"SearchAction","target":{"@type":"EntryPoint","urlTemplate":"https:\/\/www.estrategiaconcursos.com.br\/blog\/?s={search_term_string}"},"query-input":{"@type":"PropertyValueSpecification","valueRequired":true,"valueName":"search_term_string"}}],"inLanguage":"pt-BR"},{"@type":"Organization","@id":"https:\/\/www.estrategiaconcursos.com.br\/blog\/#organization","name":"Estrat\u00e9gia Concursos","url":"https:\/\/www.estrategiaconcursos.com.br\/blog\/","logo":{"@type":"ImageObject","inLanguage":"pt-BR","@id":"https:\/\/www.estrategiaconcursos.com.br\/blog\/#\/schema\/logo\/image\/","url":"https:\/\/dhg1h5j42swfq.cloudfront.net\/2025\/06\/03203428\/logo_concursos-1.jpg","contentUrl":"https:\/\/dhg1h5j42swfq.cloudfront.net\/2025\/06\/03203428\/logo_concursos-1.jpg","width":230,"height":60,"caption":"Estrat\u00e9gia Concursos"},"image":{"@id":"https:\/\/www.estrategiaconcursos.com.br\/blog\/#\/schema\/logo\/image\/"},"sameAs":["https:\/\/x.com\/EstratConcursos"]},{"@type":"Person","@id":"https:\/\/www.estrategiaconcursos.com.br\/blog\/#\/schema\/person\/e3b6b7ce0192dd4ad270655969d61750","name":"F\u00e1bio Scaldelai","image":{"@type":"ImageObject","inLanguage":"pt-BR","@id":"https:\/\/secure.gravatar.com\/avatar\/8ed7492c4d88d8495bc0cb24cda6847b8ae23eec459a919e08e77d0ca0fd79ec?s=96&d=mm&r=g","url":"https:\/\/secure.gravatar.com\/avatar\/8ed7492c4d88d8495bc0cb24cda6847b8ae23eec459a919e08e77d0ca0fd79ec?s=96&d=mm&r=g","contentUrl":"https:\/\/secure.gravatar.com\/avatar\/8ed7492c4d88d8495bc0cb24cda6847b8ae23eec459a919e08e77d0ca0fd79ec?s=96&d=mm&r=g","caption":"F\u00e1bio Scaldelai"},"description":"Jornalista no Estrat\u00e9gia Concursos e Produtor de Televis\u00e3o, formado em Jornalismo, R\u00e1dio e TV pela Faculdade Integrada Rio Branco, com especializa\u00e7\u00f5es em Gest\u00e3o Empresarial e Marketing pelo M\u00f3dulo. Atuou como produtor no SBT, TV Bandeirantes e R\u00e1dio Band FM, al\u00e9m de acumular tr\u00eas anos de experi\u00eancia no setor de concursos p\u00fablicos pela LFG (Luiz Fl\u00e1vio Gomes). No Estrat\u00e9gia Concursos, atua na apura\u00e7\u00e3o de not\u00edcias da \u00e1rea fiscal, al\u00e9m de coberturas sobre concursos das \u00e1reas de controle (TCU, TCE, etc), concurso AFT, \u00e1rea de gest\u00e3o e administrativa, bem como dos \u00f3rg\u00e3os participantes do CNU. Tamb\u00e9m possui experi\u00eancia em link building e an\u00e1lise de m\u00eddia, adquirida durante sua atua\u00e7\u00e3o na ag\u00eancia SEO Marketing.","url":"https:\/\/www.estrategiaconcursos.com.br\/blog\/author\/fabio-scaldelaiestrategiaconcursos-com-br\/"}]}},"_links":{"self":[{"href":"https:\/\/www.estrategiaconcursos.com.br\/blog\/wp-json\/wp\/v2\/posts\/1556552","targetHints":{"allow":["GET"]}}],"collection":[{"href":"https:\/\/www.estrategiaconcursos.com.br\/blog\/wp-json\/wp\/v2\/posts"}],"about":[{"href":"https:\/\/www.estrategiaconcursos.com.br\/blog\/wp-json\/wp\/v2\/types\/post"}],"author":[{"embeddable":true,"href":"https:\/\/www.estrategiaconcursos.com.br\/blog\/wp-json\/wp\/v2\/users\/656"}],"replies":[{"embeddable":true,"href":"https:\/\/www.estrategiaconcursos.com.br\/blog\/wp-json\/wp\/v2\/comments?post=1556552"}],"version-history":[{"count":12,"href":"https:\/\/www.estrategiaconcursos.com.br\/blog\/wp-json\/wp\/v2\/posts\/1556552\/revisions"}],"predecessor-version":[{"id":1556665,"href":"https:\/\/www.estrategiaconcursos.com.br\/blog\/wp-json\/wp\/v2\/posts\/1556552\/revisions\/1556665"}],"wp:featuredmedia":[{"embeddable":true,"href":"https:\/\/www.estrategiaconcursos.com.br\/blog\/wp-json\/wp\/v2\/media\/1198564"}],"wp:attachment":[{"href":"https:\/\/www.estrategiaconcursos.com.br\/blog\/wp-json\/wp\/v2\/media?parent=1556552"}],"wp:term":[{"taxonomy":"category","embeddable":true,"href":"https:\/\/www.estrategiaconcursos.com.br\/blog\/wp-json\/wp\/v2\/categories?post=1556552"},{"taxonomy":"post_tag","embeddable":true,"href":"https:\/\/www.estrategiaconcursos.com.br\/blog\/wp-json\/wp\/v2\/tags?post=1556552"},{"taxonomy":"tax_estado","embeddable":true,"href":"https:\/\/www.estrategiaconcursos.com.br\/blog\/wp-json\/wp\/v2\/tax_estado?post=1556552"}],"curies":[{"name":"wp","href":"https:\/\/api.w.org\/{rel}","templated":true}]}}