{"id":1556098,"date":"2025-06-03T10:12:00","date_gmt":"2025-06-03T13:12:00","guid":{"rendered":"https:\/\/www.estrategiaconcursos.com.br\/blog\/?p=1556098"},"modified":"2025-06-03T10:12:10","modified_gmt":"2025-06-03T13:12:10","slug":"concurso-prefeitura-farias-brito","status":"publish","type":"post","link":"https:\/\/www.estrategiaconcursos.com.br\/blog\/concurso-prefeitura-farias-brito\/","title":{"rendered":"Concurso Farias Brito: veja os gabaritos do 3\u00ba dia de provas!"},"content":{"rendered":"<a id=\"cta-icon\" href=\"https:\/\/www.redirectmais.com\/wpp\/pref-farias-brito-grupo\" target=\"blank\" style=\"background:rgb(41,166,26)\">\n            <img decoding=\"async\" src=\"https:\/\/dhg1h5j42swfq.cloudfront.net\/2023\/12\/07154107\/whatsapp_13851.png\" alt=\"logo grupo whatsapp estrat\u00e9gia concursos\" alt=\"whatsapp_1385[1]\"><span > Acesse agora o Grupo de Estudos para a Prefeitura de Farias Brito<\/span><\/a>\n\n\n\n<p>O terceiro e \u00faltimo dia de provas do concurso p\u00fablico da <strong><a href=\"https:\/\/www.estrategiaconcursos.com.br\/cursosPorConcurso\/prefeitura-municipal-de-farias-brito\/\" target=\"_blank\" rel=\"noreferrer noopener\">Prefeitura de Farias Brito<\/a>, no Cear\u00e1<\/strong>, foi realizado. Abaixo, confira os gabaritos preliminares:<\/p>\n\n\n\n<ul class=\"wp-block-list\">\n<li><strong><a href=\"https:\/\/dhg1h5j42swfq.cloudfront.net\/2025\/06\/03100015\/gabarito_preliminar-nivel_fundamental.pdf\" target=\"_blank\" rel=\"noreferrer noopener nofollow\">Gabaritos 01\/06 &#8211; Fundamental<\/a><\/strong><\/li>\n\n\n\n<li><strong><a href=\"https:\/\/dhg1h5j42swfq.cloudfront.net\/2025\/06\/03100012\/gabaritos_preliminares-nivel_medio.pdf\" target=\"_blank\" rel=\"noreferrer noopener nofollow\">Gabaritos 01\/06 &#8211; M\u00e9dio<\/a><\/strong><\/li>\n\n\n\n<li><a href=\"https:\/\/dhg1h5j42swfq.cloudfront.net\/2025\/05\/26152534\/gabarito-farias-3.pdf\" target=\"_blank\" rel=\"noreferrer noopener nofollow\">Gabaritos 25\/05<\/a><\/li>\n\n\n\n<li><a href=\"https:\/\/arquivos.universidadepatativa.com.br\/concursos\/ce\/farias-brito\/001.2025\/GABARITO_PRELIMINAR-NIVEL_SUPERIOR.pdf\" target=\"_blank\" rel=\"noreferrer noopener nofollow\">Gabaritos 18\/05<\/a><\/li>\n<\/ul>\n\n\n\n<p>Assim, estar\u00e1 aberto durante o dia <strong>03 de junho<\/strong>, diretamente no site da banca organizadora, <strong>Universidade Patativa<\/strong>, o per\u00edodo para interposi\u00e7\u00e3o de recursos.<\/p>\n\n\n\n<p>Est\u00e3o em jogo dois editais que ofertam, juntos,<strong>&nbsp;247 vagas<\/strong> imediatas para diversos cargos e sal\u00e1rio inicial de at\u00e9 R$ 9 mil.<\/p>\n\n\n\n<p>Foram registrados <a href=\"https:\/\/arquivos.universidadepatativa.com.br\/concursos\/ce\/farias-brito\/002.2025\/CONCORRENCIA.pdf\" target=\"_blank\" rel=\"noreferrer noopener nofollow\">778 candidatos<\/a> inscritos ao cargo de Agente Comunit\u00e1rio de Endemias. Para os demais, <a href=\"https:\/\/arquivos.universidadepatativa.com.br\/concursos\/ce\/farias-brito\/001.2025\/CONCORRENCIA.pdf\" target=\"_blank\" rel=\"noreferrer noopener nofollow\">8.540 inscri\u00e7\u00f5es<\/a> foram registradas.<\/p>\n\n\n\n<ul style=\"background-color:#eeefef\" class=\"wp-block-list has-background\">\n<li><strong>Prefeitura Municipal de Farias Brito<\/strong> <strong>&#8211; CE<\/strong><\/li>\n\n\n\n<li><strong style=\"color: initial;\">Situa\u00e7\u00e3o:<\/strong><span style=\"color: initial;\">\u00a0<\/span>provas aplicadas<\/li>\n\n\n\n<li><strong>Banca:<\/strong>&nbsp;<a href=\"https:\/\/universidadepatativa.com.br\/site\/\" target=\"_blank\" rel=\"noreferrer noopener\">Universidade Patativa<\/a><\/li>\n\n\n\n<li><strong>Vagas:<\/strong>&nbsp;247<\/li>\n\n\n\n<li><strong>Sal\u00e1rio inicial:<\/strong>&nbsp;R$ 1.518,00 a R$ 9.460,40<\/li>\n\n\n\n<li><strong>Edital:<\/strong> <a href=\"https:\/\/dhg1h5j42swfq.cloudfront.net\/2025\/04\/01172027\/ed-1.pdf\" target=\"_blank\" rel=\"noreferrer noopener nofollow\">Edital 1<\/a> | <a href=\"https:\/\/dhg1h5j42swfq.cloudfront.net\/2025\/04\/01172023\/ed-2.pdf\" target=\"_blank\" rel=\"noreferrer noopener nofollow\">Edital 2<\/a><\/li>\n<\/ul>\n\n\n\n<p>Preparamos este artigo com mais informa\u00e7\u00f5es sobre o concurso Farias Brito e os detalhes de seu edital. Acompanhe abaixo:<\/p>\n\n\n\n<ul id=\"indice\" class=\"wp-block-list\">\n<li><a href=\"#retificacoes\">Retifica\u00e7\u00f5es<\/a><\/li>\n\n\n\n<li><a href=\"#vagas\">Distribui\u00e7\u00e3o das vagas<\/a>\n<ul class=\"wp-block-list\">\n<li><a href=\"#1\">Edital 1<\/a><\/li>\n\n\n\n<li><a href=\"#2\">Edital 2<\/a><\/li>\n<\/ul>\n<\/li>\n\n\n\n<li><a href=\"#etapas\">Etapas<\/a><\/li>\n\n\n\n<li><a href=\"#cursos-assinatura\">Assinatura e cursos<\/a><\/li>\n\n\n\n<li><a href=\"#ficha-tecnica\">Ficha t\u00e9cnica<\/a><\/li>\n<\/ul>\n\n\n\n<div class=\"container\" id=\"boxes\">\n  <div class=\"row\">\n\n    <div class=\"col-sm\">\n      <div class=\"banner-prefeituras-ec\" id=\"box-assinatura\">\n        <h2 class=\"titulo-assinatura\" style=\"text-align: left;\">Concursos Prefeituras<\/h2>\n        <p class=\"subtitulo-assinatura\" style=\"text-align: left;\">Prepara\u00e7\u00e3o completa para a carreira!<\/p>\n        <div class=\"box-botao\" style=\"text-align: left;\">\n          <a class=\"btn-assinatura\" target=\"_blank\" href=\"https:\/\/www.estrategiaconcursos.com.br\/cursosPorConcurso\/prefeitura-municipal-de-farias-brito\/\" role=\"button\" rel=\"noopener noreferrer\">EXPLORAR CURSOS<\/a>\n        <\/div>\n      <\/div><\/div><\/div><\/div>\n\n\n\n<h2 class=\"wp-block-heading\" id=\"retificacoes\">Retifica\u00e7\u00f5es do edital<\/h2>\n\n\n\n<p><strong><span style=\"text-decoration: underline;\">EDITAL 1:<\/span><\/strong><\/p>\n\n\n\n<ul class=\"wp-block-list\">\n<li><strong><a href=\"https:\/\/dhg1h5j42swfq.cloudfront.net\/2025\/04\/11082832\/1.pdf\" target=\"_blank\" rel=\"noreferrer noopener nofollow\">Aditivo I<\/a><\/strong> (01\/04\/2025): altera\u00e7\u00e3o no prazo final para isen\u00e7\u00e3o da taxa.<\/li>\n<\/ul>\n\n\n\n<ul class=\"wp-block-list\">\n<li><strong><a href=\"https:\/\/dhg1h5j42swfq.cloudfront.net\/2025\/04\/11082829\/2-2.pdf\" target=\"_blank\" rel=\"noreferrer noopener nofollow\">Aditivo II<\/a><\/strong> | <strong><a href=\"https:\/\/dhg1h5j42swfq.cloudfront.net\/2025\/04\/11082826\/errata.pdf\" target=\"_blank\" rel=\"noreferrer noopener nofollow\">Errata Aditivo II<\/a><\/strong> (09 e 10\/04\/2025): altera\u00e7\u00e3o no quadro de provas, aplica\u00e7\u00e3o das provas \u00e9 dividida em duas datas. Requisitos do cargo de Motorista D.<\/li>\n<\/ul>\n\n\n\n<p><strong><span style=\"text-decoration: underline;\">EDITAL 2:<\/span><\/strong><\/p>\n\n\n\n<ul class=\"wp-block-list\">\n<li><strong><a href=\"https:\/\/dhg1h5j42swfq.cloudfront.net\/2025\/04\/11082728\/2-1.pdf\" target=\"_blank\" rel=\"noreferrer noopener nofollow\">Aditivo I<\/a><\/strong> (09\/04\/2025): altera\u00e7\u00e3o na data de prova, de 21 para 25 de maio.<\/li>\n<\/ul>\n\n\n\n<h2 class=\"wp-block-heading\" id=\"vagas\">Concurso Farias Brito: distribui\u00e7\u00e3o das vagas<\/h2>\n\n\n\n<h3 class=\"wp-block-heading\" id=\"1\">Edital 1<\/h3>\n\n\n\n<figure class=\"wp-block-table is-style-stripes\"><table><thead><tr><th class=\"has-text-align-center\" data-align=\"center\">CARGOS<\/th><th class=\"has-text-align-center\" data-align=\"center\">REQUISITOS<\/th><th class=\"has-text-align-center\" data-align=\"center\">VAGAS<\/th><th class=\"has-text-align-center\" data-align=\"center\">SAL\u00c1RIO<\/th><\/tr><\/thead><tbody><tr><td class=\"has-text-align-center\" data-align=\"center\">Auxiliar de<br \/>servi\u00e7os gerais<\/td><td class=\"has-text-align-center\" data-align=\"center\">Ensino fundamental<\/td><td class=\"has-text-align-center\" data-align=\"center\">26<\/td><td class=\"has-text-align-center\" data-align=\"center\">R$ 1.518,00<\/td><\/tr><tr><td class=\"has-text-align-center\" data-align=\"center\">Auxiliar<br \/>administrativo<\/td><td class=\"has-text-align-center\" data-align=\"center\">Ensino m\u00e9dio <\/td><td class=\"has-text-align-center\" data-align=\"center\">35<\/td><td class=\"has-text-align-center\" data-align=\"center\">R$ 1.518,00<\/td><\/tr><tr><td class=\"has-text-align-center\" data-align=\"center\">Motorista D<\/td><td class=\"has-text-align-center\" data-align=\"center\">Ensino m\u00e9dio <\/td><td class=\"has-text-align-center\" data-align=\"center\">10<\/td><td class=\"has-text-align-center\" data-align=\"center\">R$ 2.309,79<\/td><\/tr><tr><td class=\"has-text-align-center\" data-align=\"center\">Orientador<br \/>social<\/td><td class=\"has-text-align-center\" data-align=\"center\">Ensino m\u00e9dio <\/td><td class=\"has-text-align-center\" data-align=\"center\">06<\/td><td class=\"has-text-align-center\" data-align=\"center\">R$ 1.518,00<\/td><\/tr><tr><td class=\"has-text-align-center\" data-align=\"center\">T\u00e9cnico de enfermagem<\/td><td class=\"has-text-align-center\" data-align=\"center\">Ensino m\u00e9dio completo, curso de t\u00e9cnico <\/td><td class=\"has-text-align-center\" data-align=\"center\">28<\/td><td class=\"has-text-align-center\" data-align=\"center\">R$ 1.518,00*<\/td><\/tr><tr><td class=\"has-text-align-center\" data-align=\"center\">T\u00e9cnico de radiologia<\/td><td class=\"has-text-align-center\" data-align=\"center\">Ensino m\u00e9dio completo, curso de t\u00e9cnico<\/td><td class=\"has-text-align-center\" data-align=\"center\">02<\/td><td class=\"has-text-align-center\" data-align=\"center\">R$ 1.518,00<\/td><\/tr><tr><td class=\"has-text-align-center\" data-align=\"center\">T\u00e9cnico em farm\u00e1cia<\/td><td class=\"has-text-align-center\" data-align=\"center\">Ensino m\u00e9dio completo, curso de t\u00e9cnico<\/td><td class=\"has-text-align-center\" data-align=\"center\">03<\/td><td class=\"has-text-align-center\" data-align=\"center\">R$ 1.518,00<\/td><\/tr><tr><td class=\"has-text-align-center\" data-align=\"center\">T\u00e9cnico em higiene bucal<\/td><td class=\"has-text-align-center\" data-align=\"center\">Ensino m\u00e9dio completo, curso t\u00e9cnico <\/td><td class=\"has-text-align-center\" data-align=\"center\">05<\/td><td class=\"has-text-align-center\" data-align=\"center\">R$ 1.518,00<\/td><\/tr><tr><td class=\"has-text-align-center\" data-align=\"center\">Advogado<\/td><td class=\"has-text-align-center\" data-align=\"center\">Ensino superior <\/td><td class=\"has-text-align-center\" data-align=\"center\">01<\/td><td class=\"has-text-align-center\" data-align=\"center\">R$ 1.949,34<\/td><\/tr><tr><td class=\"has-text-align-center\" data-align=\"center\">Analista ambiental<\/td><td class=\"has-text-align-center\" data-align=\"center\">Ensino superior <\/td><td class=\"has-text-align-center\" data-align=\"center\">01<\/td><td class=\"has-text-align-center\" data-align=\"center\">R$ 2.024,00<\/td><\/tr><tr><td class=\"has-text-align-center\" data-align=\"center\">Assistente social<\/td><td class=\"has-text-align-center\" data-align=\"center\">Ensino superior <\/td><td class=\"has-text-align-center\" data-align=\"center\">02<\/td><td class=\"has-text-align-center\" data-align=\"center\">R$ 3.036,00<\/td><\/tr><tr><td class=\"has-text-align-center\" data-align=\"center\">Biom\u00e9dico<\/td><td class=\"has-text-align-center\" data-align=\"center\">Ensino superior <\/td><td class=\"has-text-align-center\" data-align=\"center\">01<\/td><td class=\"has-text-align-center\" data-align=\"center\">R$ 3.036,00<\/td><\/tr><tr><td class=\"has-text-align-center\" data-align=\"center\">Enfermeiro<\/td><td class=\"has-text-align-center\" data-align=\"center\">Ensino superior <\/td><td class=\"has-text-align-center\" data-align=\"center\">06<\/td><td class=\"has-text-align-center\" data-align=\"center\">R$ 3.795,00*<\/td><\/tr><tr><td class=\"has-text-align-center\" data-align=\"center\">Enfermeiro plantonista<\/td><td class=\"has-text-align-center\" data-align=\"center\">Ensino superior <\/td><td class=\"has-text-align-center\" data-align=\"center\">01<\/td><td class=\"has-text-align-center\" data-align=\"center\">R$ 641,26<\/td><\/tr><tr><td class=\"has-text-align-center\" data-align=\"center\">Farmac\u00eautico<\/td><td class=\"has-text-align-center\" data-align=\"center\">Ensino superior <\/td><td class=\"has-text-align-center\" data-align=\"center\">01<\/td><td class=\"has-text-align-center\" data-align=\"center\">R$ 3.036,00<\/td><\/tr><tr><td class=\"has-text-align-center\" data-align=\"center\">Fiscal ambiental<\/td><td class=\"has-text-align-center\" data-align=\"center\">Ensino superior <\/td><td class=\"has-text-align-center\" data-align=\"center\">02<\/td><td class=\"has-text-align-center\" data-align=\"center\">R$ 2.024,00<\/td><\/tr><tr><td class=\"has-text-align-center\" data-align=\"center\">Fisioterapeuta<\/td><td class=\"has-text-align-center\" data-align=\"center\">Ensino superior <\/td><td class=\"has-text-align-center\" data-align=\"center\">03<\/td><td class=\"has-text-align-center\" data-align=\"center\">R$ 3.036,00<\/td><\/tr><tr><td class=\"has-text-align-center\" data-align=\"center\">Fonoaudi\u00f3logo<\/td><td class=\"has-text-align-center\" data-align=\"center\">Ensino superior <\/td><td class=\"has-text-align-center\" data-align=\"center\">03<\/td><td class=\"has-text-align-center\" data-align=\"center\">R$ 3.795,00<\/td><\/tr><tr><td class=\"has-text-align-center\" data-align=\"center\">M\u00e9dico<\/td><td class=\"has-text-align-center\" data-align=\"center\">Ensino superior <\/td><td class=\"has-text-align-center\" data-align=\"center\">02<\/td><td class=\"has-text-align-center\" data-align=\"center\">R$ 9.460,40<\/td><\/tr><tr><td class=\"has-text-align-center\" data-align=\"center\">Nutricionista<\/td><td class=\"has-text-align-center\" data-align=\"center\">Ensino superior<\/td><td class=\"has-text-align-center\" data-align=\"center\">02<\/td><td class=\"has-text-align-center\" data-align=\"center\">R$ 3.036,00<\/td><\/tr><tr><td class=\"has-text-align-center\" data-align=\"center\">Odont\u00f3logo<\/td><td class=\"has-text-align-center\" data-align=\"center\">Ensino superior <\/td><td class=\"has-text-align-center\" data-align=\"center\">06<\/td><td class=\"has-text-align-center\" data-align=\"center\">R$ 3.795,00<\/td><\/tr><tr><td class=\"has-text-align-center\" data-align=\"center\">Professor<\/td><td class=\"has-text-align-center\" data-align=\"center\">Ensino superior <\/td><td class=\"has-text-align-center\" data-align=\"center\">80<\/td><td class=\"has-text-align-center\" data-align=\"center\">R$ 2.433,88<\/td><\/tr><tr><td class=\"has-text-align-center\" data-align=\"center\">Psic\u00f3logo<\/td><td class=\"has-text-align-center\" data-align=\"center\">Ensino superior <\/td><td class=\"has-text-align-center\" data-align=\"center\">04<\/td><td class=\"has-text-align-center\" data-align=\"center\">R$ 3.036,00<\/td><\/tr><tr><td class=\"has-text-align-center\" data-align=\"center\">Psicopedagogo<\/td><td class=\"has-text-align-center\" data-align=\"center\">Ensino superior <\/td><td class=\"has-text-align-center\" data-align=\"center\">02<\/td><td class=\"has-text-align-center\" data-align=\"center\">R$ 3.067,67<\/td><\/tr><tr><td class=\"has-text-align-center\" data-align=\"center\">T\u00e9cnico auxiliar de controle interno<\/td><td class=\"has-text-align-center\" data-align=\"center\">Ensino superior <\/td><td class=\"has-text-align-center\" data-align=\"center\">01<\/td><td class=\"has-text-align-center\" data-align=\"center\">R$ 2.024,00<\/td><\/tr><\/tbody><\/table><\/figure>\n\n\n\n<h3 class=\"wp-block-heading\" id=\"2\">Edital 2<\/h3>\n\n\n\n<figure class=\"wp-block-table is-style-stripes\"><table><thead><tr><th class=\"has-text-align-center\" data-align=\"center\">CARGOS<\/th><th class=\"has-text-align-center\" data-align=\"center\">REQUISITOS<\/th><th class=\"has-text-align-center\" data-align=\"center\">VAGAS<\/th><th class=\"has-text-align-center\" data-align=\"center\">SAL\u00c1RIO<\/th><\/tr><\/thead><tbody><tr><td class=\"has-text-align-center\" data-align=\"center\">Agente comunit\u00e1rio de endemias<\/td><td class=\"has-text-align-center\" data-align=\"center\">Ensino m\u00e9dio<\/td><td class=\"has-text-align-center\" data-align=\"center\">2<\/td><td class=\"has-text-align-center\" data-align=\"center\">R$ 1.518,00<\/td><\/tr><tr><td class=\"has-text-align-center\" data-align=\"center\">Agente comunit\u00e1rio de sa\u00fade<\/td><td class=\"has-text-align-center\" data-align=\"center\">Ensino m\u00e9dio<\/td><td class=\"has-text-align-center\" data-align=\"center\">6<\/td><td class=\"has-text-align-center\" data-align=\"center\">R$ 1.518,00<\/td><\/tr><\/tbody><\/table><\/figure>\n\n\n\n<h2 class=\"wp-block-heading\" id=\"etapas\">Concurso Farias Brito: etapas<\/h2>\n\n\n\n<p>Confira abaixo quais s\u00e3o as etapas de avalia\u00e7\u00e3o:<\/p>\n\n\n\n<ul class=\"wp-block-list\">\n<li><strong>Prova objetiva<\/strong> para todos os cargos (eliminat\u00f3rio e classificat\u00f3rio); e<\/li>\n\n\n\n<li><strong>Prova de t\u00edtulos<\/strong> somente para os cargos de n\u00edvel superior (classificat\u00f3rio).<\/li>\n<\/ul>\n\n\n\n<hr class=\"wp-block-separator has-alpha-channel-opacity\"\/>\n\n\n\n<h2 class=\"wp-block-heading has-text-align-center\" id=\"cursos-assinatura\"><em>Quer estudar para o concurso Farias Brito?<\/em><\/h2>\n\n\n\n<div class=\"container\" id=\"boxes\">\n  <div class=\"row\">\n\n    <div class=\"col-sm\">\n      <div class=\"banner-prefeituras-ec\" id=\"box-assinatura\">\n        <h2 class=\"titulo-assinatura\" style=\"text-align: left;\">Concursos Prefeituras<\/h2>\n        <p class=\"subtitulo-assinatura\" style=\"text-align: left;\">Prepara\u00e7\u00e3o completa para a carreira!<\/p>\n        <div class=\"box-botao\" style=\"text-align: left;\">\n          <a class=\"btn-assinatura\" target=\"_blank\" href=\"https:\/\/www.estrategiaconcursos.com.br\/cursosPorConcurso\/prefeitura-municipal-de-farias-brito\/\" role=\"button\" rel=\"noopener noreferrer\">EXPLORAR CURSOS<\/a>\n        <\/div>\n      <\/div><\/div><\/div><\/div>\n\n\n\n<div class=\"container\" id=\"boxes\">\n  <div class=\"row\">\n\n    <div class=\"col-sm\">\n      <div class=\"estrategia\" id=\"box-assinatura\">\n        <h3 class=\"titulo-assinatura\">Assinatura Concursos<\/h3>\n        <p class=\"subtitulo-assinatura\">Assinatura de 1 ano ou 2 anos<\/p>\n        <div class=\"box-botao\">\n          <a class=\"btn-assinatura\" target=\"_blank\" href=\"https:\/\/www.estrategiaconcursos.com.br\/assinaturas\/\" role=\"button\" rel=\"noopener noreferrer\">ASSINE AGORA<\/a>\n        <\/div>\n      <\/div><\/div><\/div><\/div>\n\n\n\n<h2 class=\"wp-block-heading has-text-align-center\" id=\"h-quer-saber-tudo-sobre-concursos-previstos-confira-os-nossos-artigos\">Quer saber tudo sobre concursos previstos?<br \/>Confira os nossos artigos!<\/h2>\n\n\n\n<ul class=\"wp-block-list\">\n<li><a href=\"https:\/\/www.estrategiaconcursos.com.br\/blog\/concursos-abertos\/\" target=\"_blank\" rel=\"noreferrer noopener\">Concursos Abertos<\/a><\/li>\n\n\n\n<li><a href=\"https:\/\/www.estrategiaconcursos.com.br\/blog\/concursos-abertos-prefeituras\/\" target=\"_blank\" rel=\"noreferrer noopener\">Concursos Abertos de Prefeituras<\/a><\/li>\n\n\n\n<li><a href=\"https:\/\/www.estrategiaconcursos.com.br\/blog\/concursos-prefeituras\/\" target=\"_blank\" rel=\"noreferrer noopener\">Concursos Prefeituras<\/a><\/li>\n\n\n\n<li><a href=\"https:\/\/www.estrategiaconcursos.com.br\/blog\/concursos-2025\/\" target=\"_blank\" rel=\"noreferrer noopener\">Concursos 2025<\/a><\/li>\n\n\n\n<li><a href=\"https:\/\/www.estrategiaconcursos.com.br\/blog\/concursos-2026\/\" target=\"_blank\" rel=\"noreferrer noopener\">Concursos 2026<\/a><\/li>\n<\/ul>\n\n\n\n<figure class=\"wp-block-image is-resized\"><img loading=\"lazy\" decoding=\"async\" width=\"1024\" height=\"632\" src=\"https:\/\/dhg1h5j42swfq.cloudfront.net\/2021\/04\/01161145\/ficha-tecnica-5-1024x632.png\" alt=\"Informa\u00e7\u00f5es do Concurso Farias Brito\" class=\"wp-image-706736\" style=\"width:236px;height:145px\" srcset=\"https:\/\/dhg1h5j42swfq.cloudfront.net\/2021\/04\/01161145\/ficha-tecnica-5-1024x632.png 1024w, https:\/\/dhg1h5j42swfq.cloudfront.net\/2021\/04\/01161145\/ficha-tecnica-5-300x185.png 300w, https:\/\/dhg1h5j42swfq.cloudfront.net\/2021\/04\/01161145\/ficha-tecnica-5-768x474.png 768w, https:\/\/dhg1h5j42swfq.cloudfront.net\/2021\/04\/01161145\/ficha-tecnica-5-1536x948.png 1536w, https:\/\/dhg1h5j42swfq.cloudfront.net\/2021\/04\/01161145\/ficha-tecnica-5-610x377.png 610w, https:\/\/dhg1h5j42swfq.cloudfront.net\/2021\/04\/01161145\/ficha-tecnica-5.png 1571w\" sizes=\"auto, (max-width: 1024px) 100vw, 1024px\" \/><\/figure>\n\n\n\n<h3 class=\"wp-block-heading\" id=\"ficha-tecnica\">Informa\u00e7\u00f5es do concurso Farias Brito<\/h3>\n\n\n\n<ul class=\"wp-block-list\">\n<li><strong>Data da prova<\/strong>: <s>18 e 25\/05 e 01\/06\/2025<\/s><\/li>\n\n\n\n<li><strong>Banca<\/strong>: Universidade Patativa<\/li>\n\n\n\n<li><strong>Escolaridade<\/strong>: todos<\/li>\n\n\n\n<li><strong>Vagas:<\/strong> 247<\/li>\n\n\n\n<li><strong>Cargos<\/strong>: diversos<\/li>\n\n\n\n<li><strong>Edital: <\/strong><a href=\"https:\/\/dhg1h5j42swfq.cloudfront.net\/2025\/04\/01172027\/ed-1.pdf\" target=\"_blank\" rel=\"noreferrer noopener nofollow\">Edital 1<\/a> | <a href=\"https:\/\/dhg1h5j42swfq.cloudfront.net\/2025\/04\/01172023\/ed-2.pdf\" target=\"_blank\" rel=\"noreferrer noopener nofollow\">Edital 2<\/a><\/li>\n<\/ul>\n","protected":false},"excerpt":{"rendered":"<p>O terceiro e \u00faltimo dia de provas do concurso p\u00fablico da Prefeitura de Farias Brito, no Cear\u00e1, foi realizado. Abaixo, confira os gabaritos preliminares: Assim, estar\u00e1 aberto durante o dia 03 de junho, diretamente no site da banca organizadora, Universidade Patativa, o per\u00edodo para interposi\u00e7\u00e3o de recursos. Est\u00e3o em jogo dois editais que ofertam, juntos,&nbsp;247 [&hellip;]<\/p>\n","protected":false},"author":1,"featured_media":1557586,"comment_status":"open","ping_status":"closed","sticky":false,"template":"","format":"standard","meta":{"post_tipo":"news_page","footnotes":""},"categories":[214992],"tags":[],"tax_estado":[219969],"class_list":["post-1556098","post","type-post","status-publish","format-standard","has-post-thumbnail","hentry","category-concursos-administrativos","tax_estado-ce"],"acf":[],"yoast_head":"<!-- This site is optimized with the Yoast SEO Premium plugin v27.2 (Yoast SEO v27.2) - https:\/\/yoast.com\/product\/yoast-seo-premium-wordpress\/ -->\n<title>Concurso Farias Brito: veja os gabaritos do 3\u00ba dia de provas!<\/title>\n<meta name=\"description\" content=\"Confira os gabaritos preliminares dos tr\u00eas dias de prova do concurso p\u00fablico da Prefeitura de Farias Brito\/CE.\" \/>\n<meta name=\"robots\" content=\"index, follow, max-snippet:-1, max-image-preview:large, max-video-preview:-1\" \/>\n<link rel=\"canonical\" href=\"https:\/\/www.estrategiaconcursos.com.br\/blog\/concurso-prefeitura-farias-brito\/\" \/>\n<meta property=\"og:locale\" content=\"pt_BR\" \/>\n<meta property=\"og:type\" content=\"article\" \/>\n<meta property=\"og:title\" content=\"Concurso Farias Brito: veja os gabaritos do 3\u00ba dia de provas!\" \/>\n<meta property=\"og:description\" content=\"Confira os gabaritos preliminares dos tr\u00eas dias de prova do concurso p\u00fablico da Prefeitura de Farias Brito\/CE.\" \/>\n<meta property=\"og:url\" content=\"https:\/\/www.estrategiaconcursos.com.br\/blog\/concurso-prefeitura-farias-brito\/\" \/>\n<meta property=\"og:site_name\" content=\"Estrat\u00e9gia Concursos\" \/>\n<meta property=\"article:author\" content=\"https:\/\/www.facebook.com\/EstrategiaConcursos\" \/>\n<meta property=\"article:published_time\" content=\"2025-06-03T13:12:00+00:00\" \/>\n<meta property=\"article:modified_time\" content=\"2025-06-03T13:12:10+00:00\" \/>\n<meta property=\"og:image\" content=\"https:\/\/dhg1h5j42swfq.cloudfront.net\/2025\/04\/03165035\/prefeitura-de-farias-brito.jpg\" \/>\n\t<meta property=\"og:image:width\" content=\"768\" \/>\n\t<meta property=\"og:image:height\" content=\"432\" \/>\n\t<meta property=\"og:image:type\" content=\"image\/jpeg\" \/>\n<meta name=\"author\" content=\"Coordena\u00e7\u00e3o\" \/>\n<meta name=\"twitter:card\" content=\"summary_large_image\" \/>\n<meta name=\"twitter:creator\" content=\"@EstratConcursos\" \/>\n<meta name=\"twitter:site\" content=\"@EstratConcursos\" \/>\n<meta name=\"twitter:label1\" content=\"Escrito por\" \/>\n\t<meta name=\"twitter:data1\" content=\"Coordena\u00e7\u00e3o\" \/>\n\t<meta name=\"twitter:label2\" content=\"Est. tempo de leitura\" \/>\n\t<meta name=\"twitter:data2\" content=\"3 minutos\" \/>\n<script type=\"application\/ld+json\" class=\"yoast-schema-graph\">{\"@context\":\"https:\/\/schema.org\",\"@graph\":[{\"@type\":\"NewsArticle\",\"@id\":\"https:\/\/www.estrategiaconcursos.com.br\/blog\/concurso-prefeitura-farias-brito\/#article\",\"isPartOf\":{\"@id\":\"https:\/\/www.estrategiaconcursos.com.br\/blog\/concurso-prefeitura-farias-brito\/\"},\"author\":{\"name\":\"Coordena\u00e7\u00e3o\",\"@id\":\"https:\/\/www.estrategiaconcursos.com.br\/blog\/#\/schema\/person\/b4a388c97673c5f483d72185668afa1f\"},\"headline\":\"Concurso Farias Brito: veja os gabaritos do 3\u00ba dia de provas!\",\"datePublished\":\"2025-06-03T13:12:00+00:00\",\"dateModified\":\"2025-06-03T13:12:10+00:00\",\"mainEntityOfPage\":{\"@id\":\"https:\/\/www.estrategiaconcursos.com.br\/blog\/concurso-prefeitura-farias-brito\/\"},\"wordCount\":546,\"commentCount\":0,\"publisher\":{\"@id\":\"https:\/\/www.estrategiaconcursos.com.br\/blog\/#organization\"},\"image\":{\"@id\":\"https:\/\/www.estrategiaconcursos.com.br\/blog\/concurso-prefeitura-farias-brito\/#primaryimage\"},\"thumbnailUrl\":\"https:\/\/dhg1h5j42swfq.cloudfront.net\/2025\/04\/03165035\/prefeitura-de-farias-brito.jpg\",\"articleSection\":[\"Executivo (Administrativa)\"],\"inLanguage\":\"pt-BR\",\"potentialAction\":[{\"@type\":\"CommentAction\",\"name\":\"Comment\",\"target\":[\"https:\/\/www.estrategiaconcursos.com.br\/blog\/concurso-prefeitura-farias-brito\/#respond\"]}],\"copyrightYear\":\"2025\",\"copyrightHolder\":{\"@id\":\"https:\/\/www.estrategiaconcursos.com.br\/blog\/#organization\"}},{\"@type\":\"WebPage\",\"@id\":\"https:\/\/www.estrategiaconcursos.com.br\/blog\/concurso-prefeitura-farias-brito\/\",\"url\":\"https:\/\/www.estrategiaconcursos.com.br\/blog\/concurso-prefeitura-farias-brito\/\",\"name\":\"Concurso Farias Brito: veja os gabaritos do 3\u00ba dia de provas!\",\"isPartOf\":{\"@id\":\"https:\/\/www.estrategiaconcursos.com.br\/blog\/#website\"},\"primaryImageOfPage\":{\"@id\":\"https:\/\/www.estrategiaconcursos.com.br\/blog\/concurso-prefeitura-farias-brito\/#primaryimage\"},\"image\":{\"@id\":\"https:\/\/www.estrategiaconcursos.com.br\/blog\/concurso-prefeitura-farias-brito\/#primaryimage\"},\"thumbnailUrl\":\"https:\/\/dhg1h5j42swfq.cloudfront.net\/2025\/04\/03165035\/prefeitura-de-farias-brito.jpg\",\"datePublished\":\"2025-06-03T13:12:00+00:00\",\"dateModified\":\"2025-06-03T13:12:10+00:00\",\"description\":\"Confira os gabaritos preliminares dos tr\u00eas dias de prova do concurso p\u00fablico da Prefeitura de Farias Brito\/CE.\",\"breadcrumb\":{\"@id\":\"https:\/\/www.estrategiaconcursos.com.br\/blog\/concurso-prefeitura-farias-brito\/#breadcrumb\"},\"inLanguage\":\"pt-BR\",\"potentialAction\":[{\"@type\":\"ReadAction\",\"target\":[\"https:\/\/www.estrategiaconcursos.com.br\/blog\/concurso-prefeitura-farias-brito\/\"]}]},{\"@type\":\"ImageObject\",\"inLanguage\":\"pt-BR\",\"@id\":\"https:\/\/www.estrategiaconcursos.com.br\/blog\/concurso-prefeitura-farias-brito\/#primaryimage\",\"url\":\"https:\/\/dhg1h5j42swfq.cloudfront.net\/2025\/04\/03165035\/prefeitura-de-farias-brito.jpg\",\"contentUrl\":\"https:\/\/dhg1h5j42swfq.cloudfront.net\/2025\/04\/03165035\/prefeitura-de-farias-brito.jpg\",\"width\":768,\"height\":432},{\"@type\":\"BreadcrumbList\",\"@id\":\"https:\/\/www.estrategiaconcursos.com.br\/blog\/concurso-prefeitura-farias-brito\/#breadcrumb\",\"itemListElement\":[{\"@type\":\"ListItem\",\"position\":1,\"name\":\"In\u00edcio\",\"item\":\"https:\/\/www.estrategiaconcursos.com.br\/blog\/\"},{\"@type\":\"ListItem\",\"position\":2,\"name\":\"Concurso Farias Brito: veja os gabaritos do 3\u00ba dia de provas!\"}]},{\"@type\":\"WebSite\",\"@id\":\"https:\/\/www.estrategiaconcursos.com.br\/blog\/#website\",\"url\":\"https:\/\/www.estrategiaconcursos.com.br\/blog\/\",\"name\":\"Estrat\u00e9gia Concursos\",\"description\":\"O blog da Estrat\u00e9gia Concursos traz not\u00edcias sobre concursos e artigos de professores oferecendo cursos para concursos (pdf + videaulas) no site.\",\"publisher\":{\"@id\":\"https:\/\/www.estrategiaconcursos.com.br\/blog\/#organization\"},\"potentialAction\":[{\"@type\":\"SearchAction\",\"target\":{\"@type\":\"EntryPoint\",\"urlTemplate\":\"https:\/\/www.estrategiaconcursos.com.br\/blog\/?s={search_term_string}\"},\"query-input\":{\"@type\":\"PropertyValueSpecification\",\"valueRequired\":true,\"valueName\":\"search_term_string\"}}],\"inLanguage\":\"pt-BR\"},{\"@type\":\"Organization\",\"@id\":\"https:\/\/www.estrategiaconcursos.com.br\/blog\/#organization\",\"name\":\"Estrat\u00e9gia Concursos\",\"url\":\"https:\/\/www.estrategiaconcursos.com.br\/blog\/\",\"logo\":{\"@type\":\"ImageObject\",\"inLanguage\":\"pt-BR\",\"@id\":\"https:\/\/www.estrategiaconcursos.com.br\/blog\/#\/schema\/logo\/image\/\",\"url\":\"https:\/\/dhg1h5j42swfq.cloudfront.net\/2025\/06\/03203428\/logo_concursos-1.jpg\",\"contentUrl\":\"https:\/\/dhg1h5j42swfq.cloudfront.net\/2025\/06\/03203428\/logo_concursos-1.jpg\",\"width\":230,\"height\":60,\"caption\":\"Estrat\u00e9gia Concursos\"},\"image\":{\"@id\":\"https:\/\/www.estrategiaconcursos.com.br\/blog\/#\/schema\/logo\/image\/\"},\"sameAs\":[\"https:\/\/x.com\/EstratConcursos\"]},{\"@type\":\"Person\",\"@id\":\"https:\/\/www.estrategiaconcursos.com.br\/blog\/#\/schema\/person\/b4a388c97673c5f483d72185668afa1f\",\"name\":\"Coordena\u00e7\u00e3o\",\"image\":{\"@type\":\"ImageObject\",\"inLanguage\":\"pt-BR\",\"@id\":\"https:\/\/secure.gravatar.com\/avatar\/b720319e4c9a967eb58678d110f4fe35452fc5d5f97b202bac7b8acceb18c6ad?s=96&d=mm&r=g\",\"url\":\"https:\/\/secure.gravatar.com\/avatar\/b720319e4c9a967eb58678d110f4fe35452fc5d5f97b202bac7b8acceb18c6ad?s=96&d=mm&r=g\",\"contentUrl\":\"https:\/\/secure.gravatar.com\/avatar\/b720319e4c9a967eb58678d110f4fe35452fc5d5f97b202bac7b8acceb18c6ad?s=96&d=mm&r=g\",\"caption\":\"Coordena\u00e7\u00e3o\"},\"sameAs\":[\"https:\/\/www.facebook.com\/EstrategiaConcursos\",\"https:\/\/x.com\/EstratConcursos\"],\"url\":\"https:\/\/www.estrategiaconcursos.com.br\/blog\/author\/estrategia2013\/\"}]}<\/script>\n<!-- \/ Yoast SEO Premium plugin. -->","yoast_head_json":{"title":"Concurso Farias Brito: veja os gabaritos do 3\u00ba dia de provas!","description":"Confira os gabaritos preliminares dos tr\u00eas dias de prova do concurso p\u00fablico da Prefeitura de Farias Brito\/CE.","robots":{"index":"index","follow":"follow","max-snippet":"max-snippet:-1","max-image-preview":"max-image-preview:large","max-video-preview":"max-video-preview:-1"},"canonical":"https:\/\/www.estrategiaconcursos.com.br\/blog\/concurso-prefeitura-farias-brito\/","og_locale":"pt_BR","og_type":"article","og_title":"Concurso Farias Brito: veja os gabaritos do 3\u00ba dia de provas!","og_description":"Confira os gabaritos preliminares dos tr\u00eas dias de prova do concurso p\u00fablico da Prefeitura de Farias Brito\/CE.","og_url":"https:\/\/www.estrategiaconcursos.com.br\/blog\/concurso-prefeitura-farias-brito\/","og_site_name":"Estrat\u00e9gia Concursos","article_author":"https:\/\/www.facebook.com\/EstrategiaConcursos","article_published_time":"2025-06-03T13:12:00+00:00","article_modified_time":"2025-06-03T13:12:10+00:00","og_image":[{"width":768,"height":432,"url":"https:\/\/dhg1h5j42swfq.cloudfront.net\/2025\/04\/03165035\/prefeitura-de-farias-brito.jpg","type":"image\/jpeg"}],"author":"Coordena\u00e7\u00e3o","twitter_card":"summary_large_image","twitter_creator":"@EstratConcursos","twitter_site":"@EstratConcursos","twitter_misc":{"Escrito por":"Coordena\u00e7\u00e3o","Est. tempo de leitura":"3 minutos"},"schema":{"@context":"https:\/\/schema.org","@graph":[{"@type":"NewsArticle","@id":"https:\/\/www.estrategiaconcursos.com.br\/blog\/concurso-prefeitura-farias-brito\/#article","isPartOf":{"@id":"https:\/\/www.estrategiaconcursos.com.br\/blog\/concurso-prefeitura-farias-brito\/"},"author":{"name":"Coordena\u00e7\u00e3o","@id":"https:\/\/www.estrategiaconcursos.com.br\/blog\/#\/schema\/person\/b4a388c97673c5f483d72185668afa1f"},"headline":"Concurso Farias Brito: veja os gabaritos do 3\u00ba dia de provas!","datePublished":"2025-06-03T13:12:00+00:00","dateModified":"2025-06-03T13:12:10+00:00","mainEntityOfPage":{"@id":"https:\/\/www.estrategiaconcursos.com.br\/blog\/concurso-prefeitura-farias-brito\/"},"wordCount":546,"commentCount":0,"publisher":{"@id":"https:\/\/www.estrategiaconcursos.com.br\/blog\/#organization"},"image":{"@id":"https:\/\/www.estrategiaconcursos.com.br\/blog\/concurso-prefeitura-farias-brito\/#primaryimage"},"thumbnailUrl":"https:\/\/dhg1h5j42swfq.cloudfront.net\/2025\/04\/03165035\/prefeitura-de-farias-brito.jpg","articleSection":["Executivo (Administrativa)"],"inLanguage":"pt-BR","potentialAction":[{"@type":"CommentAction","name":"Comment","target":["https:\/\/www.estrategiaconcursos.com.br\/blog\/concurso-prefeitura-farias-brito\/#respond"]}],"copyrightYear":"2025","copyrightHolder":{"@id":"https:\/\/www.estrategiaconcursos.com.br\/blog\/#organization"}},{"@type":"WebPage","@id":"https:\/\/www.estrategiaconcursos.com.br\/blog\/concurso-prefeitura-farias-brito\/","url":"https:\/\/www.estrategiaconcursos.com.br\/blog\/concurso-prefeitura-farias-brito\/","name":"Concurso Farias Brito: veja os gabaritos do 3\u00ba dia de provas!","isPartOf":{"@id":"https:\/\/www.estrategiaconcursos.com.br\/blog\/#website"},"primaryImageOfPage":{"@id":"https:\/\/www.estrategiaconcursos.com.br\/blog\/concurso-prefeitura-farias-brito\/#primaryimage"},"image":{"@id":"https:\/\/www.estrategiaconcursos.com.br\/blog\/concurso-prefeitura-farias-brito\/#primaryimage"},"thumbnailUrl":"https:\/\/dhg1h5j42swfq.cloudfront.net\/2025\/04\/03165035\/prefeitura-de-farias-brito.jpg","datePublished":"2025-06-03T13:12:00+00:00","dateModified":"2025-06-03T13:12:10+00:00","description":"Confira os gabaritos preliminares dos tr\u00eas dias de prova do concurso p\u00fablico da Prefeitura de Farias Brito\/CE.","breadcrumb":{"@id":"https:\/\/www.estrategiaconcursos.com.br\/blog\/concurso-prefeitura-farias-brito\/#breadcrumb"},"inLanguage":"pt-BR","potentialAction":[{"@type":"ReadAction","target":["https:\/\/www.estrategiaconcursos.com.br\/blog\/concurso-prefeitura-farias-brito\/"]}]},{"@type":"ImageObject","inLanguage":"pt-BR","@id":"https:\/\/www.estrategiaconcursos.com.br\/blog\/concurso-prefeitura-farias-brito\/#primaryimage","url":"https:\/\/dhg1h5j42swfq.cloudfront.net\/2025\/04\/03165035\/prefeitura-de-farias-brito.jpg","contentUrl":"https:\/\/dhg1h5j42swfq.cloudfront.net\/2025\/04\/03165035\/prefeitura-de-farias-brito.jpg","width":768,"height":432},{"@type":"BreadcrumbList","@id":"https:\/\/www.estrategiaconcursos.com.br\/blog\/concurso-prefeitura-farias-brito\/#breadcrumb","itemListElement":[{"@type":"ListItem","position":1,"name":"In\u00edcio","item":"https:\/\/www.estrategiaconcursos.com.br\/blog\/"},{"@type":"ListItem","position":2,"name":"Concurso Farias Brito: veja os gabaritos do 3\u00ba dia de provas!"}]},{"@type":"WebSite","@id":"https:\/\/www.estrategiaconcursos.com.br\/blog\/#website","url":"https:\/\/www.estrategiaconcursos.com.br\/blog\/","name":"Estrat\u00e9gia Concursos","description":"O blog da Estrat\u00e9gia Concursos traz not\u00edcias sobre concursos e artigos de professores oferecendo cursos para concursos (pdf + videaulas) no site.","publisher":{"@id":"https:\/\/www.estrategiaconcursos.com.br\/blog\/#organization"},"potentialAction":[{"@type":"SearchAction","target":{"@type":"EntryPoint","urlTemplate":"https:\/\/www.estrategiaconcursos.com.br\/blog\/?s={search_term_string}"},"query-input":{"@type":"PropertyValueSpecification","valueRequired":true,"valueName":"search_term_string"}}],"inLanguage":"pt-BR"},{"@type":"Organization","@id":"https:\/\/www.estrategiaconcursos.com.br\/blog\/#organization","name":"Estrat\u00e9gia Concursos","url":"https:\/\/www.estrategiaconcursos.com.br\/blog\/","logo":{"@type":"ImageObject","inLanguage":"pt-BR","@id":"https:\/\/www.estrategiaconcursos.com.br\/blog\/#\/schema\/logo\/image\/","url":"https:\/\/dhg1h5j42swfq.cloudfront.net\/2025\/06\/03203428\/logo_concursos-1.jpg","contentUrl":"https:\/\/dhg1h5j42swfq.cloudfront.net\/2025\/06\/03203428\/logo_concursos-1.jpg","width":230,"height":60,"caption":"Estrat\u00e9gia Concursos"},"image":{"@id":"https:\/\/www.estrategiaconcursos.com.br\/blog\/#\/schema\/logo\/image\/"},"sameAs":["https:\/\/x.com\/EstratConcursos"]},{"@type":"Person","@id":"https:\/\/www.estrategiaconcursos.com.br\/blog\/#\/schema\/person\/b4a388c97673c5f483d72185668afa1f","name":"Coordena\u00e7\u00e3o","image":{"@type":"ImageObject","inLanguage":"pt-BR","@id":"https:\/\/secure.gravatar.com\/avatar\/b720319e4c9a967eb58678d110f4fe35452fc5d5f97b202bac7b8acceb18c6ad?s=96&d=mm&r=g","url":"https:\/\/secure.gravatar.com\/avatar\/b720319e4c9a967eb58678d110f4fe35452fc5d5f97b202bac7b8acceb18c6ad?s=96&d=mm&r=g","contentUrl":"https:\/\/secure.gravatar.com\/avatar\/b720319e4c9a967eb58678d110f4fe35452fc5d5f97b202bac7b8acceb18c6ad?s=96&d=mm&r=g","caption":"Coordena\u00e7\u00e3o"},"sameAs":["https:\/\/www.facebook.com\/EstrategiaConcursos","https:\/\/x.com\/EstratConcursos"],"url":"https:\/\/www.estrategiaconcursos.com.br\/blog\/author\/estrategia2013\/"}]}},"_links":{"self":[{"href":"https:\/\/www.estrategiaconcursos.com.br\/blog\/wp-json\/wp\/v2\/posts\/1556098","targetHints":{"allow":["GET"]}}],"collection":[{"href":"https:\/\/www.estrategiaconcursos.com.br\/blog\/wp-json\/wp\/v2\/posts"}],"about":[{"href":"https:\/\/www.estrategiaconcursos.com.br\/blog\/wp-json\/wp\/v2\/types\/post"}],"author":[{"embeddable":true,"href":"https:\/\/www.estrategiaconcursos.com.br\/blog\/wp-json\/wp\/v2\/users\/1"}],"replies":[{"embeddable":true,"href":"https:\/\/www.estrategiaconcursos.com.br\/blog\/wp-json\/wp\/v2\/comments?post=1556098"}],"version-history":[{"count":15,"href":"https:\/\/www.estrategiaconcursos.com.br\/blog\/wp-json\/wp\/v2\/posts\/1556098\/revisions"}],"predecessor-version":[{"id":1584963,"href":"https:\/\/www.estrategiaconcursos.com.br\/blog\/wp-json\/wp\/v2\/posts\/1556098\/revisions\/1584963"}],"wp:featuredmedia":[{"embeddable":true,"href":"https:\/\/www.estrategiaconcursos.com.br\/blog\/wp-json\/wp\/v2\/media\/1557586"}],"wp:attachment":[{"href":"https:\/\/www.estrategiaconcursos.com.br\/blog\/wp-json\/wp\/v2\/media?parent=1556098"}],"wp:term":[{"taxonomy":"category","embeddable":true,"href":"https:\/\/www.estrategiaconcursos.com.br\/blog\/wp-json\/wp\/v2\/categories?post=1556098"},{"taxonomy":"post_tag","embeddable":true,"href":"https:\/\/www.estrategiaconcursos.com.br\/blog\/wp-json\/wp\/v2\/tags?post=1556098"},{"taxonomy":"tax_estado","embeddable":true,"href":"https:\/\/www.estrategiaconcursos.com.br\/blog\/wp-json\/wp\/v2\/tax_estado?post=1556098"}],"curies":[{"name":"wp","href":"https:\/\/api.w.org\/{rel}","templated":true}]}}