{"id":1555439,"date":"2025-04-04T18:00:00","date_gmt":"2025-04-04T21:00:00","guid":{"rendered":"https:\/\/www.estrategiaconcursos.com.br\/blog\/?p=1555439"},"modified":"2025-04-07T16:43:33","modified_gmt":"2025-04-07T19:43:33","slug":"concurso-editais-semana-31-03-a-04-04","status":"publish","type":"post","link":"https:\/\/www.estrategiaconcursos.com.br\/blog\/concurso-editais-semana-31-03-a-04-04\/","title":{"rendered":"Concursos P\u00fablicos: 22 editais esta semana; 3,1 mil vagas!"},"content":{"rendered":"\n<p>O ano de 2025 est\u00e1 dando passos cada vez mais largos e, junto com ele, o mundo dos concursos tem gerado oportunidades pra l\u00e1 de incr\u00edveis!<\/p>\n\n\n\n<p>E essa semana n\u00e3o foi a exce\u00e7\u00e3o: <strong>22 editais<\/strong> chegaram \u00e0 pra\u00e7a e 3.187 vagas imediatas e de cadastro reserva podem ser alcan\u00e7adas pelos que sonham em garantir a sua aprova\u00e7\u00e3o.<\/p>\n\n\n\n<p>Dentre aqueles que foram publicados, h\u00e1 editais protagonistas e que, claro, sempre roubam os holofotes dos demais.<\/p>\n\n\n\n<p>Estamos falando dos concursos da <strong>Brigada Militar RS Sa\u00fade,<\/strong> <strong>Seduc MT<\/strong> e <strong>UnB<\/strong>, que chegaram com tudo e deixaram muitos outros pra tr\u00e1s.<\/p>\n\n\n\n<p>Afinal, a <strong>Seduc MT<\/strong> oferece <strong>1.500<\/strong> vagas al\u00e9m de sal\u00e1rios iniciais de R$ 3.671,84 a <strong>R$ 7.005,09 <\/strong>para cargos diversos.<\/p>\n\n\n\n<p>Enquanto isso, a <strong>UnB<\/strong> tamb\u00e9m se destaca pelo alto quantitativo de vagas: s\u00e3o <strong>940 oportunidades<\/strong> e sal\u00e1rios de at\u00e9 <strong>R$ 4,5 mil<\/strong>.<\/p>\n\n\n\n<p>J\u00e1 a <strong>Brigada Militar RS<\/strong> na \u00e1rea da sa\u00fade chegou com os maiores sal\u00e1rios da semana! S\u00e3o 30 vagas para remunera\u00e7\u00f5es de <strong>R$ 21.513,44<\/strong><\/p>\n\n\n\n<p>Quer ficar informado sobre TODOS os novos editais de concursos publicados na \u00faltima semana? <em><strong>Confira mais informa\u00e7\u00f5es ao longo deste artigo!<\/strong><\/em><\/p>\n\n\n\n<div class=\"container\" id=\"boxes\">\n  <div class=\"row\">\n\n    <div class=\"col-sm\">\n      <div class=\"banner-vitalicia\" id=\"box-assinatura\">\n        <p class=\"titulo-assinatura\" style=\"text-align: left;\"><strong>Assinatura Vital\u00edcia<\/strong><\/p>\n        <p class=\"subtitulo-assinatura\" style=\"text-align: left;\">Tenha acesso ilimitado ao Estrat\u00e9gia Concursos \u2b50<\/p> \n        <div class=\"box-botao\" style=\"text-align: left;\">\n          <a class=\"btn-assinatura\" target=\"_blank\" href=\"https:\/\/mkt.estrategia.com\/concursos\/assinatura-vitalicia-do-estrategia-concursos-frio\/\" role=\"button\" rel=\"noopener noreferrer\">QUERO A VITAL\u00cdCIA<\/a>\n        <\/div>\n      <\/div><\/div><\/div><\/div>\n\n\n\n<h2 class=\"wp-block-heading has-text-align-center has-cyan-bluish-gray-background-color has-background\" id=\"h-confira-os-editais-de-concursos-publicados-nesta-semana\">Confira os editais de concursos publicados nesta semana<\/h2>\n\n\n\n<h3 class=\"wp-block-heading\" id=\"h-prefeitura-de-franca-sp\"><a href=\"https:\/\/www.estrategiaconcursos.com.br\/blog\/concurso-prefeitura-franca\/\" target=\"_blank\" rel=\"noreferrer noopener\">Prefeitura de Franca<\/a> (SP)<\/h3>\n\n\n\n<ul class=\"wp-block-list\">\n<li><strong>Banca:<\/strong> IBAM<\/li>\n\n\n\n<li><strong>Per\u00edodo de inscri\u00e7\u00f5es:<\/strong> at\u00e9 29\/04<\/li>\n\n\n\n<li><strong>Data da prova<\/strong>: 18\/05<\/li>\n\n\n\n<li><strong>Vagas:<\/strong> CR<\/li>\n\n\n\n<li><strong>Sal\u00e1rio inicial:<\/strong> R$ 1.927,62 a R$ 6.988,06<\/li>\n\n\n\n<li><strong>Edital:<\/strong>&nbsp;<a href=\"https:\/\/dhg1h5j42swfq.cloudfront.net\/2025\/03\/31153310\/1-9.pdf\" target=\"_blank\" rel=\"noreferrer noopener nofollow\">01\/2025<\/a>&nbsp;|&nbsp;<a href=\"https:\/\/dhg1h5j42swfq.cloudfront.net\/2025\/03\/31153304\/2-4.pdf\" target=\"_blank\" rel=\"noreferrer noopener nofollow\">02\/2025<\/a>&nbsp;|&nbsp;<a href=\"https:\/\/dhg1h5j42swfq.cloudfront.net\/2025\/03\/31153258\/3-9.pdf\" target=\"_blank\" rel=\"noreferrer noopener nofollow\">03\/2025<\/a>&nbsp;|&nbsp;<a href=\"https:\/\/dhg1h5j42swfq.cloudfront.net\/2025\/03\/31153253\/4-8.pdf\" target=\"_blank\" rel=\"noreferrer noopener nofollow\">04\/2025<\/a>&nbsp;|&nbsp;<a href=\"https:\/\/dhg1h5j42swfq.cloudfront.net\/2025\/03\/31153248\/5-6.pdf\" target=\"_blank\" rel=\"noreferrer noopener nofollow\">05\/2025<\/a><\/li>\n\n\n\n<li><a href=\"https:\/\/www.estrategiaconcursos.com.br\/cursosPorConcurso\/prefeitura-municipal-de-franca-sp\/\" target=\"_blank\" rel=\"noreferrer noopener\">Cursos Franca<\/a><\/li>\n<\/ul>\n\n\n\n<h3 class=\"wp-block-heading\" id=\"h-detran-rs\"><a href=\"https:\/\/www.estrategiaconcursos.com.br\/blog\/concurso-detran-rs\/\" target=\"_blank\" rel=\"noreferrer noopener\">Detran RS<\/a><\/h3>\n\n\n\n<ul class=\"wp-block-list\">\n<li><strong>Banca:<\/strong> Fundatec<\/li>\n\n\n\n<li><strong>Per\u00edodo de inscri\u00e7\u00f5es:<\/strong> at\u00e9 14\/04<\/li>\n\n\n\n<li><strong>Envio dos t\u00edtulos para avalia\u00e7\u00e3o curricular<\/strong>: 31\/03 a 16\/04<\/li>\n\n\n\n<li><strong>Vagas:<\/strong> 28<\/li>\n\n\n\n<li><strong>Sal\u00e1rio inicial:<\/strong> R$ 4.600,00 a R$ 10.800,00<\/li>\n\n\n\n<li><strong>Edital:<\/strong> <a href=\"https:\/\/dhg1h5j42swfq.cloudfront.net\/2025\/02\/31090534\/diariooficial-1-213-238.pdf\" target=\"_blank\" rel=\"noreferrer noopener nofollow\">PSS Detran RS 2025<\/a><\/li>\n<\/ul>\n\n\n\n<h3 class=\"wp-block-heading\" id=\"h-saae-itapira-sp\"><a href=\"https:\/\/www.estrategiaconcursos.com.br\/blog\/concurso-saae-itapira\/\" target=\"_blank\" rel=\"noreferrer noopener\">SAAE Itapira<\/a> (SP)<\/h3>\n\n\n\n<ul class=\"wp-block-list\">\n<li><strong>Banca:<\/strong> Sigma<\/li>\n\n\n\n<li><strong>Per\u00edodo de inscri\u00e7\u00f5es:<\/strong> at\u00e9 16\/04<\/li>\n\n\n\n<li><strong>Data da prova<\/strong>: 18\/05<\/li>\n\n\n\n<li><strong>Vagas:<\/strong> 11<\/li>\n\n\n\n<li><strong>Sal\u00e1rio inicial:<\/strong> R$ 1.825,18 a R$ 4.133,39<\/li>\n\n\n\n<li><strong>Edital:<\/strong> <a href=\"https:\/\/dhg1h5j42swfq.cloudfront.net\/2025\/03\/31151238\/saae.pdf\" target=\"_blank\" rel=\"noreferrer noopener nofollow\">Edital SAAE Itapira<\/a><\/li>\n<\/ul>\n\n\n\n<h3 class=\"wp-block-heading\" id=\"h-crc-sc\"><a href=\"https:\/\/www.estrategiaconcursos.com.br\/blog\/concurso-crc-sc\/\" target=\"_blank\" rel=\"noreferrer noopener\">CRC SC<\/a><\/h3>\n\n\n\n<ul class=\"wp-block-list\">\n<li><strong>Banca:<\/strong> IESES<\/li>\n\n\n\n<li><strong>Per\u00edodo de inscri\u00e7\u00f5es:<\/strong> at\u00e9 25\/04<\/li>\n\n\n\n<li><strong>Data da prova<\/strong>: 18\/05<\/li>\n\n\n\n<li><strong>Vagas:<\/strong> 01 + CR<\/li>\n\n\n\n<li><strong>Sal\u00e1rio inicial:<\/strong> R$ 2.600,00 at\u00e9 R$ 6.286,60<\/li>\n\n\n\n<li><strong>Edital:<\/strong> <a href=\"https:\/\/dhg1h5j42swfq.cloudfront.net\/2021\/11\/31141216\/crc-sc-edital.pdf\" target=\"_blank\" rel=\"noreferrer noopener nofollow\">Edital CRC SC 2025<\/a><\/li>\n<\/ul>\n\n\n\n<h3 class=\"wp-block-heading\" id=\"h-prefeitura-de-piratuba-sc\"><a href=\"https:\/\/www.estrategiaconcursos.com.br\/blog\/concurso-prefeitura-piratuba\/\" target=\"_blank\" rel=\"noreferrer noopener\">Prefeitura de Piratuba<\/a> (SC)<\/h3>\n\n\n\n<ul class=\"wp-block-list\">\n<li><strong>Banca:<\/strong> Amauc<\/li>\n\n\n\n<li><strong>Per\u00edodo de inscri\u00e7\u00f5es:<\/strong> 09\/04 a 08\/05<\/li>\n\n\n\n<li><strong>Data da prova<\/strong>: 01\/06<\/li>\n\n\n\n<li><strong>Vagas:<\/strong> 6<\/li>\n\n\n\n<li><strong>Sal\u00e1rio inicial:<\/strong> R$ 2.361,89 a R$ 14.464,72<\/li>\n\n\n\n<li><strong>Edital:<\/strong> <a href=\"https:\/\/dhg1h5j42swfq.cloudfront.net\/2025\/03\/31163200\/piratuba.pdf\" target=\"_blank\" rel=\"noreferrer noopener nofollow\">Edital Piratuba<\/a><\/li>\n<\/ul>\n\n\n\n<h3 class=\"wp-block-heading\" id=\"h-prefeitura-ipora-do-oeste-sc\"><a href=\"https:\/\/www.estrategiaconcursos.com.br\/blog\/concurso-prefeitura-ipora-do-oeste\/\" target=\"_blank\" rel=\"noreferrer noopener\">Prefeitura Ipor\u00e3 do Oeste<\/a> (SC)<\/h3>\n\n\n\n<ul class=\"wp-block-list\">\n<li><strong>Banca:<\/strong> AMEOSC<\/li>\n\n\n\n<li><strong>Per\u00edodo de inscri\u00e7\u00f5es:<\/strong> at\u00e9 30\/04<\/li>\n\n\n\n<li><strong>Data da prova<\/strong>: 18\/05<\/li>\n\n\n\n<li><strong>Vagas:<\/strong> 10 + CR<\/li>\n\n\n\n<li><strong>Sal\u00e1rio inicial:<\/strong> R$ 1.789,78 a R$ 5.719,75<\/li>\n\n\n\n<li><strong>Edital:<\/strong> <a href=\"https:\/\/dhg1h5j42swfq.cloudfront.net\/2025\/04\/02131304\/fd1f6f78-8272-4336-b15c-925743181b00.pdf\" target=\"_blank\" rel=\"noreferrer noopener nofollow\">Prefeitura de Ipor\u00e3 do Oeste 2025<\/a><\/li>\n<\/ul>\n\n\n\n<h3 class=\"wp-block-heading\" id=\"h-prefeitura-de-osasco-sp\"><a href=\"https:\/\/www.estrategiaconcursos.com.br\/blog\/concurso-osasco-saude\/\" target=\"_blank\" rel=\"noreferrer noopener\">Prefeitura de Osasco<\/a> (SP)<\/h3>\n\n\n\n<ul class=\"wp-block-list\">\n<li><strong>Banca:<\/strong> Vunesp<\/li>\n\n\n\n<li><strong>Per\u00edodo de inscri\u00e7\u00f5es:<\/strong> 10\/04 a 22\/05<\/li>\n\n\n\n<li><strong>Data da prova<\/strong>: 20\/07<\/li>\n\n\n\n<li><strong>Vagas:<\/strong> 131<\/li>\n\n\n\n<li><strong>Sal\u00e1rio inicial:<\/strong> R$ 1.589,80 a R$ 7.214,80<\/li>\n\n\n\n<li><strong>Edital:<\/strong> <a href=\"https:\/\/dhg1h5j42swfq.cloudfront.net\/2025\/01\/02134144\/pmos2404_224_20250331092631-pdf-3.pdf\" target=\"_blank\" rel=\"noreferrer noopener nofollow\">PSS Osasco Sa\u00fade 2025<\/a><\/li>\n<\/ul>\n\n\n\n<h3 class=\"wp-block-heading\" id=\"h-prefeitura-de-umbuzeiro-pb\"><a href=\"https:\/\/www.estrategiaconcursos.com.br\/blog\/concurso-prefeitura-umbuzeiro\/\" target=\"_blank\" rel=\"noreferrer noopener\">Prefeitura de Umbuzeiro<\/a> (PB)<\/h3>\n\n\n\n<ul class=\"wp-block-list\">\n<li><strong>Banca:<\/strong> Educa<\/li>\n\n\n\n<li><strong>Per\u00edodo de inscri\u00e7\u00f5es:<\/strong> 07\/04 a 04\/05<\/li>\n\n\n\n<li><strong>Data da prova<\/strong>: 08\/06<\/li>\n\n\n\n<li><strong>Vagas:<\/strong> 178<\/li>\n\n\n\n<li><strong>Sal\u00e1rio inicial:<\/strong> R$ 1.518,00 a R$ 3.673,14<\/li>\n\n\n\n<li><strong>Edital:<\/strong> <a href=\"https:\/\/dhg1h5j42swfq.cloudfront.net\/2025\/04\/02111123\/edital-normativo-no-01-2025-umbuzeiro-1.pdf\" target=\"_blank\" rel=\"noreferrer noopener nofollow\">Umbuzeiro 2025<\/a><\/li>\n<\/ul>\n\n\n\n<h3 class=\"wp-block-heading\" id=\"h-prefeitura-de-farias-brito-ce\"><a href=\"https:\/\/www.estrategiaconcursos.com.br\/blog\/concurso-prefeitura-farias-brito\/\" target=\"_blank\" rel=\"noreferrer noopener\">Prefeitura de Farias Brito<\/a> (CE)<\/h3>\n\n\n\n<ul class=\"wp-block-list\">\n<li><strong>Banca:<\/strong> Universidade Patativa<\/li>\n\n\n\n<li><strong>Per\u00edodo de inscri\u00e7\u00f5es:<\/strong> at\u00e9 27\/04<\/li>\n\n\n\n<li><strong>Data da prova<\/strong>: 18 e 21\/05<\/li>\n\n\n\n<li><strong>Vagas:<\/strong> 247<\/li>\n\n\n\n<li><strong>Sal\u00e1rio inicial:<\/strong> R$ 1.518,00 a R$ 9.460,40<\/li>\n\n\n\n<li><strong>Edital:<\/strong> <a href=\"https:\/\/dhg1h5j42swfq.cloudfront.net\/2025\/04\/01172027\/ed-1.pdf\" target=\"_blank\" rel=\"noreferrer noopener nofollow\">Edital 1<\/a>\u00a0\u2013\u00a0<a href=\"https:\/\/dhg1h5j42swfq.cloudfront.net\/2025\/04\/01172023\/ed-2.pdf\" target=\"_blank\" rel=\"noreferrer noopener nofollow\">Edital 2<\/a><\/li>\n<\/ul>\n\n\n\n<h3 class=\"wp-block-heading\" id=\"h-prefeitura-de-nova-prata-rs\"><a href=\"https:\/\/www.estrategiaconcursos.com.br\/blog\/concurso-prefeitura-nova-prata\/\" target=\"_blank\" rel=\"noreferrer noopener\">Prefeitura de Nova Prata<\/a> (RS)<\/h3>\n\n\n\n<ul class=\"wp-block-list\">\n<li><strong>Banca:<\/strong> Legalle<\/li>\n\n\n\n<li><strong>Per\u00edodo de inscri\u00e7\u00f5es:<\/strong> at\u00e9 30\/04<\/li>\n\n\n\n<li><strong>Data da prova<\/strong>: 31\/05<\/li>\n\n\n\n<li><strong>Vagas:<\/strong> 27 + CR<\/li>\n\n\n\n<li><strong>Sal\u00e1rio inicial:<\/strong> R$ 1.355,96 a R$ 19.637,84<\/li>\n\n\n\n<li><strong>Edital:<\/strong> <a href=\"https:\/\/dhg1h5j42swfq.cloudfront.net\/2025\/04\/01153946\/ed.pdf\" target=\"_blank\" rel=\"noreferrer noopener nofollow\">Edital Nova Prata<\/a><\/li>\n<\/ul>\n\n\n\n<h3 class=\"wp-block-heading\" id=\"h-seduc-mt\"><a href=\"https:\/\/www.estrategiaconcursos.com.br\/blog\/concurso-seduc-mt\/\" target=\"_blank\" rel=\"noreferrer noopener\">SEDUC MT<\/a><\/h3>\n\n\n\n<ul class=\"wp-block-list\">\n<li><strong>Banca:<\/strong> FGV<\/li>\n\n\n\n<li><strong>Per\u00edodo de inscri\u00e7\u00f5es:<\/strong> 10\/04 a 08\/05<\/li>\n\n\n\n<li><strong>Data da prova<\/strong>: 22\/06<\/li>\n\n\n\n<li><strong>Vagas:<\/strong> 1.500 + CR<\/li>\n\n\n\n<li><strong>Sal\u00e1rio inicial:<\/strong> R$ 3.671,84 a R$ 7.005,09<\/li>\n\n\n\n<li><strong>Edital:<\/strong> <a href=\"https:\/\/dhg1h5j42swfq.cloudfront.net\/2025\/04\/02200133\/edital-seduc-mt-2025.pdf\" target=\"_blank\" rel=\"noreferrer noopener nofollow\">SEDUC MT-2025<\/a><\/li>\n\n\n\n<li><a href=\"https:\/\/www.estrategiaconcursos.com.br\/cursosPorConcurso\/seduc-mt\/\" target=\"_blank\" rel=\"noreferrer noopener\">Cursos Seduc MT<\/a><\/li>\n<\/ul>\n\n\n\n<h3 class=\"wp-block-heading\" id=\"h-brigada-militar-rs-saude\"><a href=\"https:\/\/www.estrategiaconcursos.com.br\/blog\/concurso-brigada-militar-rs-edital-publicado-saude-2025\/\" target=\"_blank\" rel=\"noreferrer noopener\">Brigada Militar RS sa\u00fade<\/a><\/h3>\n\n\n\n<ul class=\"wp-block-list\">\n<li><strong>Banca:<\/strong> Ibade<\/li>\n\n\n\n<li><strong>Per\u00edodo de inscri\u00e7\u00f5es:<\/strong> at\u00e9 07\/05<\/li>\n\n\n\n<li><strong>Data da prova<\/strong>: 06\/07<\/li>\n\n\n\n<li><strong>Vagas:<\/strong> 30<\/li>\n\n\n\n<li><strong>Sal\u00e1rio inicial:<\/strong> R$ 21.513,44<\/li>\n\n\n\n<li><strong>Edital:<\/strong> <a href=\"https:\/\/dhg1h5j42swfq.cloudfront.net\/2025\/04\/03075058\/diariooficialrs.pdf\" target=\"_blank\" rel=\"noreferrer noopener nofollow\">Brigada Militar RS Oficial de Sa\u00fade 2025<\/a><\/li>\n\n\n\n<li><a href=\"https:\/\/www.estrategiaconcursos.com.br\/cursosPorConcurso\/policia-militar-rs\/\" target=\"_blank\" rel=\"noreferrer noopener\">Cursos Brigada Militar<\/a><\/li>\n<\/ul>\n\n\n\n<h3 class=\"wp-block-heading\" id=\"h-camara-de-vicosa-mg\"><a href=\"https:\/\/www.estrategiaconcursos.com.br\/blog\/concurso-camara-de-vicosa-mg\/\" target=\"_blank\" rel=\"noreferrer noopener\">C\u00e2mara de Vi\u00e7osa<\/a> (MG)<\/h3>\n\n\n\n<ul class=\"wp-block-list\">\n<li><strong>Banca:<\/strong> Cefet Minas<\/li>\n\n\n\n<li><strong>Per\u00edodo de inscri\u00e7\u00f5es:<\/strong> 12\/06 a 14\/07<\/li>\n\n\n\n<li><strong>Data da prova<\/strong>: 17\/08<\/li>\n\n\n\n<li><strong>Vagas:<\/strong> 13<\/li>\n\n\n\n<li><strong>Sal\u00e1rio inicial:<\/strong> R$ 3.082,25 a R$ 4.587,63<\/li>\n\n\n\n<li><strong>Edital:<\/strong> <a href=\"https:\/\/dhg1h5j42swfq.cloudfront.net\/2025\/04\/03102209\/edital0012025114638792660917502679-1.pdf\" target=\"_blank\" rel=\"noreferrer noopener nofollow\">C\u00e2mara de Vi\u00e7osa 2025<\/a><\/li>\n\n\n\n<li><a href=\"https:\/\/www.estrategiaconcursos.com.br\/cursosPorConcurso\/camara-municipal-de-vicosa-mg\/\" target=\"_blank\" rel=\"noreferrer noopener\">Cursos CM Vi\u00e7osa<\/a><\/li>\n<\/ul>\n\n\n\n<h3 class=\"wp-block-heading\" id=\"h-prefeitura-de-lencois-paulista-sp\"><a href=\"https:\/\/www.estrategiaconcursos.com.br\/blog\/concurso-prefeitura-lencois-paulista\/\" target=\"_blank\" rel=\"noreferrer noopener\">Prefeitura de Len\u00e7\u00f3is Paulista<\/a> (SP)<\/h3>\n\n\n\n<ul class=\"wp-block-list\">\n<li><strong>Banca:<\/strong> Instituto Nosso Rumo<\/li>\n\n\n\n<li><strong>Per\u00edodo de inscri\u00e7\u00f5es:<\/strong> 09\/04 a 06\/05<\/li>\n\n\n\n<li><strong>Data da prova<\/strong>: 25\/05<\/li>\n\n\n\n<li><strong>Vagas:<\/strong> 02<\/li>\n\n\n\n<li><strong>Sal\u00e1rio inicial:<\/strong> R$ 2.004,69 e R$ 21.886,25<\/li>\n\n\n\n<li><strong>Edital:<\/strong> <a href=\"https:\/\/dhg1h5j42swfq.cloudfront.net\/2025\/04\/03110629\/edital-de-abertura.pdf\" target=\"_blank\" rel=\"noreferrer noopener nofollow\">Edital 4<\/a><\/li>\n<\/ul>\n\n\n\n<h3 class=\"wp-block-heading\" id=\"h-prefeitura-de-santa-rita-d-oeste-sp\"><a href=\"https:\/\/www.estrategiaconcursos.com.br\/blog\/concurso-prefeitura-santa-rita-doeste\/\" target=\"_blank\" rel=\"noreferrer noopener\">Prefeitura de Santa Rita d&#8217;Oeste<\/a> (SP)<\/h3>\n\n\n\n<ul class=\"wp-block-list\">\n<li><strong>Banca:<\/strong> GL Consultoria<\/li>\n\n\n\n<li><strong>Per\u00edodo de inscri\u00e7\u00f5es:<\/strong> at\u00e9 14\/04<\/li>\n\n\n\n<li><strong>Data da prova<\/strong>: 27\/04<\/li>\n\n\n\n<li><strong>Vagas:<\/strong> 48<\/li>\n\n\n\n<li><strong>Sal\u00e1rio inicial:<\/strong> R$ 1.512,74 a R$ 14.438,92<\/li>\n\n\n\n<li><strong>Edital:<\/strong> <a href=\"https:\/\/dhg1h5j42swfq.cloudfront.net\/2025\/04\/03145853\/snta.pdf\" target=\"_blank\" rel=\"noreferrer noopener nofollow\">Edital Santa Rita d\u2019Oeste<\/a><\/li>\n<\/ul>\n\n\n\n<h3 class=\"wp-block-heading\" id=\"h-prefeitura-de-vanini-rs\"><a href=\"https:\/\/www.estrategiaconcursos.com.br\/blog\/concurso-prefeitura-vanini\/\" target=\"_blank\" rel=\"noreferrer noopener\">Prefeitura de Vanini<\/a> (RS)<\/h3>\n\n\n\n<ul class=\"wp-block-list\">\n<li><strong>Banca:<\/strong> Objetiva Concursos<\/li>\n\n\n\n<li><strong>Per\u00edodo de inscri\u00e7\u00f5es:<\/strong> 14\/04 a 09\/05<\/li>\n\n\n\n<li><strong>Data da prova<\/strong>: 01\/06<\/li>\n\n\n\n<li><strong>Vagas:<\/strong> 15 + CR<\/li>\n\n\n\n<li><strong>Sal\u00e1rio inicial:<\/strong> R$ 1.714,32 a R$ 13.878,90<\/li>\n\n\n\n<li><strong>Edital:<\/strong> <a href=\"https:\/\/dhg1h5j42swfq.cloudfront.net\/2025\/04\/04144850\/edital-vanini.pdf\" target=\"_blank\" rel=\"noreferrer noopener nofollow\">Edital Vanini<\/a><\/li>\n<\/ul>\n\n\n\n<h3 class=\"wp-block-heading\" id=\"h-universidade-de-brasilia-unb\"><a href=\"https:\/\/www.estrategiaconcursos.com.br\/blog\/concurso-unb\/\" target=\"_blank\" rel=\"noreferrer noopener\">Universidade de Bras\u00edlia<\/a> (UnB)<\/h3>\n\n\n\n<ul class=\"wp-block-list\">\n<li><strong>Banca:<\/strong> Cebraspe<\/li>\n\n\n\n<li><strong>Per\u00edodo de inscri\u00e7\u00f5es:<\/strong> 11 a 30\/04<\/li>\n\n\n\n<li><strong>Data da prova<\/strong>: 29\/06<\/li>\n\n\n\n<li><strong>Vagas:<\/strong> 273 + 667 CR<\/li>\n\n\n\n<li><strong>Sal\u00e1rio inicial:<\/strong> R$ 3.029,90 a R$ 4.967,04<\/li>\n\n\n\n<li><strong>Edital:<\/strong> <a href=\"https:\/\/www.in.gov.br\/web\/dou\/-\/edital-n-1-fub-de-3-de-abril-de-2025-622215292\" target=\"_blank\" rel=\"noreferrer noopener nofollow\">UNB 2025<\/a><\/li>\n\n\n\n<li><a href=\"https:\/\/www.estrategiaconcursos.com.br\/cursosPorConcurso\/fundacao-universidade-de-brasilia-unb\/\" target=\"_blank\" rel=\"noreferrer noopener\">Cursos UnB<\/a><\/li>\n<\/ul>\n\n\n\n<h3 class=\"wp-block-heading has-text-align-center\" id=\"h-quer-ficar-por-dentro-de-mais-informacoes-sobre-o-mundo-dos-concursos-alem-dos-editais-da-semana-entao-confira-as-principais-noticias-do-dia\"><em>Quer ficar por dentro de mais informa\u00e7\u00f5es sobre o mundo dos concursos, al\u00e9m dos editais da semana? Ent\u00e3o confira as principais not\u00edcias do dia!<\/em><\/h3>\n\n\n\n<p class=\"has-text-align-center has-background\" style=\"background-color:#ededed;font-size:clamp(14.642px, 0.915rem + ((1vw - 3.2px) * 0.721), 22px);px\"><strong><a href=\"https:\/\/www.estrategiaconcursos.com.br\/blog\/principais-noticias-do-dia\/\" target=\"_blank\" rel=\"noreferrer noopener\">Principais not\u00edcias do dia<\/a><\/strong><\/p>\n\n\n\n<div class=\"container\" id=\"boxes\">\r\n  <div class=\"row\">\r\n\r\n    <div class=\"col-sm\">\r\n      <div class=\"estrategia\" id=\"box-assinatura\">\r\n        <h3 class=\"titulo-assinatura\">Assinatura Concursos<\/h3>\r\n        <p class=\"subtitulo-assinatura\">Assinatura de 1 ano ou 2 anos<\/p>\r\n        <div class=\"box-botao\">\r\n          <a class=\"btn-assinatura\" target=\"_blank\" href=\"https:\/\/www.estrategiaconcursos.com.br\/assinaturas\/\" role=\"button\" rel=\"noopener noreferrer\">ASSINE AGORA<\/a>\r\n        <\/div>\r\n      <\/div><\/div><\/div><\/div>\n\n\n\n<h2 class=\"wp-block-heading has-text-align-center\" id=\"h-quer-saber-tudo-sobre-concursos-previstos-e-editais-da-semana-confira-os-nossos-artigos\">Quer saber tudo sobre concursos previstos e editais da semana?<br \/>Confira os nossos artigos!<\/h2>\n\n\n\n<ul class=\"wp-block-list\">\n<li><a href=\"https:\/\/www.estrategiaconcursos.com.br\/blog\/concursos-abertos\/\" target=\"_blank\" rel=\"noreferrer noopener\">Concursos Abertos<\/a><\/li>\n\n\n\n<li><a href=\"https:\/\/www.estrategiaconcursos.com.br\/blog\/concursos-prefeitura\/\" target=\"_blank\" rel=\"noreferrer noopener\">Concursos Abertos Prefeitura<\/a><\/li>\n\n\n\n<li><a href=\"https:\/\/www.estrategiaconcursos.com.br\/blog\/concursos-2025\/\" target=\"_blank\" rel=\"noreferrer noopener\">Concursos 2025<\/a><\/li>\n<\/ul>\n","protected":false},"excerpt":{"rendered":"<p>O ano de 2025 est\u00e1 dando passos cada vez mais largos e, junto com ele, o mundo dos concursos tem gerado oportunidades pra l\u00e1 de incr\u00edveis! E essa semana n\u00e3o foi a exce\u00e7\u00e3o: 22 editais chegaram \u00e0 pra\u00e7a e 3.187 vagas imediatas e de cadastro reserva podem ser alcan\u00e7adas pelos que sonham em garantir a [&hellip;]<\/p>\n","protected":false},"author":2692,"featured_media":1445263,"comment_status":"open","ping_status":"closed","sticky":false,"template":"","format":"standard","meta":{"post_tipo":"news","footnotes":""},"categories":[1,220219],"tags":[],"tax_estado":[219963],"class_list":["post-1555439","post","type-post","status-publish","format-standard","has-post-thumbnail","hentry","category-cursos-e-concursos","category-noticias","tax_estado-concursos-federais"],"acf":[],"yoast_head":"<!-- This site is optimized with the Yoast SEO Premium plugin v27.2 (Yoast SEO v27.2) - https:\/\/yoast.com\/product\/yoast-seo-premium-wordpress\/ -->\n<title>Concursos P\u00fablicos: 22 editais esta semana; 3,1 mil vagas!<\/title>\n<meta name=\"description\" content=\"Concurso P\u00fablico 2025: 22 editais sa\u00edram ao longo desta semana (31\/03 a 04\/04). Confira o n\u00famero de oportunidades, remunera\u00e7\u00e3o e datas.\" \/>\n<meta name=\"robots\" content=\"index, follow, max-snippet:-1, max-image-preview:large, max-video-preview:-1\" \/>\n<link rel=\"canonical\" href=\"https:\/\/www.estrategiaconcursos.com.br\/blog\/concurso-editais-semana-31-03-a-04-04\/\" \/>\n<meta property=\"og:locale\" content=\"pt_BR\" \/>\n<meta property=\"og:type\" content=\"article\" \/>\n<meta property=\"og:title\" content=\"Concursos P\u00fablicos: 22 editais esta semana; 3,1 mil vagas!\" \/>\n<meta property=\"og:description\" content=\"Concurso P\u00fablico 2025: 22 editais sa\u00edram ao longo desta semana (31\/03 a 04\/04). Confira o n\u00famero de oportunidades, remunera\u00e7\u00e3o e datas.\" \/>\n<meta property=\"og:url\" content=\"https:\/\/www.estrategiaconcursos.com.br\/blog\/concurso-editais-semana-31-03-a-04-04\/\" \/>\n<meta property=\"og:site_name\" content=\"Estrat\u00e9gia Concursos\" \/>\n<meta property=\"article:published_time\" content=\"2025-04-04T21:00:00+00:00\" \/>\n<meta property=\"article:modified_time\" content=\"2025-04-07T19:43:33+00:00\" \/>\n<meta property=\"og:image\" content=\"https:\/\/dhg1h5j42swfq.cloudfront.net\/2024\/08\/14120710\/concursos-2025.png\" \/>\n\t<meta property=\"og:image:width\" content=\"692\" \/>\n\t<meta property=\"og:image:height\" content=\"389\" \/>\n\t<meta property=\"og:image:type\" content=\"image\/png\" \/>\n<meta name=\"author\" content=\"Ronaldo Scanavini Neto\" \/>\n<meta name=\"twitter:card\" content=\"summary_large_image\" \/>\n<meta name=\"twitter:creator\" content=\"@EstratConcursos\" \/>\n<meta name=\"twitter:site\" content=\"@EstratConcursos\" \/>\n<meta name=\"twitter:label1\" content=\"Escrito por\" \/>\n\t<meta name=\"twitter:data1\" content=\"Ronaldo Scanavini Neto\" \/>\n\t<meta name=\"twitter:label2\" content=\"Est. tempo de leitura\" \/>\n\t<meta name=\"twitter:data2\" content=\"4 minutos\" \/>\n<script type=\"application\/ld+json\" class=\"yoast-schema-graph\">{\"@context\":\"https:\/\/schema.org\",\"@graph\":[{\"@type\":\"NewsArticle\",\"@id\":\"https:\/\/www.estrategiaconcursos.com.br\/blog\/concurso-editais-semana-31-03-a-04-04\/#article\",\"isPartOf\":{\"@id\":\"https:\/\/www.estrategiaconcursos.com.br\/blog\/concurso-editais-semana-31-03-a-04-04\/\"},\"author\":{\"name\":\"Ronaldo Scanavini Neto\",\"@id\":\"https:\/\/www.estrategiaconcursos.com.br\/blog\/#\/schema\/person\/70c2ad4297aa24ff8815b08215b23a76\"},\"headline\":\"Concursos P\u00fablicos: 22 editais esta semana; 3,1 mil vagas!\",\"datePublished\":\"2025-04-04T21:00:00+00:00\",\"dateModified\":\"2025-04-07T19:43:33+00:00\",\"mainEntityOfPage\":{\"@id\":\"https:\/\/www.estrategiaconcursos.com.br\/blog\/concurso-editais-semana-31-03-a-04-04\/\"},\"wordCount\":769,\"commentCount\":0,\"publisher\":{\"@id\":\"https:\/\/www.estrategiaconcursos.com.br\/blog\/#organization\"},\"image\":{\"@id\":\"https:\/\/www.estrategiaconcursos.com.br\/blog\/concurso-editais-semana-31-03-a-04-04\/#primaryimage\"},\"thumbnailUrl\":\"https:\/\/dhg1h5j42swfq.cloudfront.net\/2024\/08\/14120710\/concursos-2025.png\",\"articleSection\":[\"Concursos P\u00fablicos\",\"\u00daltimas not\u00edcias\"],\"inLanguage\":\"pt-BR\",\"potentialAction\":[{\"@type\":\"CommentAction\",\"name\":\"Comment\",\"target\":[\"https:\/\/www.estrategiaconcursos.com.br\/blog\/concurso-editais-semana-31-03-a-04-04\/#respond\"]}],\"copyrightYear\":\"2025\",\"copyrightHolder\":{\"@id\":\"https:\/\/www.estrategiaconcursos.com.br\/blog\/#organization\"}},{\"@type\":\"WebPage\",\"@id\":\"https:\/\/www.estrategiaconcursos.com.br\/blog\/concurso-editais-semana-31-03-a-04-04\/\",\"url\":\"https:\/\/www.estrategiaconcursos.com.br\/blog\/concurso-editais-semana-31-03-a-04-04\/\",\"name\":\"Concursos P\u00fablicos: 22 editais esta semana; 3,1 mil vagas!\",\"isPartOf\":{\"@id\":\"https:\/\/www.estrategiaconcursos.com.br\/blog\/#website\"},\"primaryImageOfPage\":{\"@id\":\"https:\/\/www.estrategiaconcursos.com.br\/blog\/concurso-editais-semana-31-03-a-04-04\/#primaryimage\"},\"image\":{\"@id\":\"https:\/\/www.estrategiaconcursos.com.br\/blog\/concurso-editais-semana-31-03-a-04-04\/#primaryimage\"},\"thumbnailUrl\":\"https:\/\/dhg1h5j42swfq.cloudfront.net\/2024\/08\/14120710\/concursos-2025.png\",\"datePublished\":\"2025-04-04T21:00:00+00:00\",\"dateModified\":\"2025-04-07T19:43:33+00:00\",\"description\":\"Concurso P\u00fablico 2025: 22 editais sa\u00edram ao longo desta semana (31\/03 a 04\/04). Confira o n\u00famero de oportunidades, remunera\u00e7\u00e3o e datas.\",\"breadcrumb\":{\"@id\":\"https:\/\/www.estrategiaconcursos.com.br\/blog\/concurso-editais-semana-31-03-a-04-04\/#breadcrumb\"},\"inLanguage\":\"pt-BR\",\"potentialAction\":[{\"@type\":\"ReadAction\",\"target\":[\"https:\/\/www.estrategiaconcursos.com.br\/blog\/concurso-editais-semana-31-03-a-04-04\/\"]}]},{\"@type\":\"ImageObject\",\"inLanguage\":\"pt-BR\",\"@id\":\"https:\/\/www.estrategiaconcursos.com.br\/blog\/concurso-editais-semana-31-03-a-04-04\/#primaryimage\",\"url\":\"https:\/\/dhg1h5j42swfq.cloudfront.net\/2024\/08\/14120710\/concursos-2025.png\",\"contentUrl\":\"https:\/\/dhg1h5j42swfq.cloudfront.net\/2024\/08\/14120710\/concursos-2025.png\",\"width\":692,\"height\":389},{\"@type\":\"BreadcrumbList\",\"@id\":\"https:\/\/www.estrategiaconcursos.com.br\/blog\/concurso-editais-semana-31-03-a-04-04\/#breadcrumb\",\"itemListElement\":[{\"@type\":\"ListItem\",\"position\":1,\"name\":\"In\u00edcio\",\"item\":\"https:\/\/www.estrategiaconcursos.com.br\/blog\/\"},{\"@type\":\"ListItem\",\"position\":2,\"name\":\"Concursos P\u00fablicos: 22 editais esta semana; 3,1 mil vagas!\"}]},{\"@type\":\"WebSite\",\"@id\":\"https:\/\/www.estrategiaconcursos.com.br\/blog\/#website\",\"url\":\"https:\/\/www.estrategiaconcursos.com.br\/blog\/\",\"name\":\"Estrat\u00e9gia Concursos\",\"description\":\"O blog da Estrat\u00e9gia Concursos traz not\u00edcias sobre concursos e artigos de professores oferecendo cursos para concursos (pdf + videaulas) no site.\",\"publisher\":{\"@id\":\"https:\/\/www.estrategiaconcursos.com.br\/blog\/#organization\"},\"potentialAction\":[{\"@type\":\"SearchAction\",\"target\":{\"@type\":\"EntryPoint\",\"urlTemplate\":\"https:\/\/www.estrategiaconcursos.com.br\/blog\/?s={search_term_string}\"},\"query-input\":{\"@type\":\"PropertyValueSpecification\",\"valueRequired\":true,\"valueName\":\"search_term_string\"}}],\"inLanguage\":\"pt-BR\"},{\"@type\":\"Organization\",\"@id\":\"https:\/\/www.estrategiaconcursos.com.br\/blog\/#organization\",\"name\":\"Estrat\u00e9gia Concursos\",\"url\":\"https:\/\/www.estrategiaconcursos.com.br\/blog\/\",\"logo\":{\"@type\":\"ImageObject\",\"inLanguage\":\"pt-BR\",\"@id\":\"https:\/\/www.estrategiaconcursos.com.br\/blog\/#\/schema\/logo\/image\/\",\"url\":\"https:\/\/dhg1h5j42swfq.cloudfront.net\/2025\/06\/03203428\/logo_concursos-1.jpg\",\"contentUrl\":\"https:\/\/dhg1h5j42swfq.cloudfront.net\/2025\/06\/03203428\/logo_concursos-1.jpg\",\"width\":230,\"height\":60,\"caption\":\"Estrat\u00e9gia Concursos\"},\"image\":{\"@id\":\"https:\/\/www.estrategiaconcursos.com.br\/blog\/#\/schema\/logo\/image\/\"},\"sameAs\":[\"https:\/\/x.com\/EstratConcursos\"]},{\"@type\":\"Person\",\"@id\":\"https:\/\/www.estrategiaconcursos.com.br\/blog\/#\/schema\/person\/70c2ad4297aa24ff8815b08215b23a76\",\"name\":\"Ronaldo Scanavini Neto\",\"image\":{\"@type\":\"ImageObject\",\"inLanguage\":\"pt-BR\",\"@id\":\"https:\/\/secure.gravatar.com\/avatar\/f93d8e56fe264596e94aee6b3feb737d98ad0fc5bac7eb0a245f04723c5c8f21?s=96&d=mm&r=g\",\"url\":\"https:\/\/secure.gravatar.com\/avatar\/f93d8e56fe264596e94aee6b3feb737d98ad0fc5bac7eb0a245f04723c5c8f21?s=96&d=mm&r=g\",\"contentUrl\":\"https:\/\/secure.gravatar.com\/avatar\/f93d8e56fe264596e94aee6b3feb737d98ad0fc5bac7eb0a245f04723c5c8f21?s=96&d=mm&r=g\",\"caption\":\"Ronaldo Scanavini Neto\"},\"description\":\"Graduando em Comunica\u00e7\u00e3o Social \u2013 Jornalismo pela Universidade Federal de Vi\u00e7osa (UFV). Integra a equipe de jornalismo do Estrat\u00e9gia Concursos desde 2023, atuando com \u00eanfase na cobertura da \u00e1rea fiscal. Tamb\u00e9m realiza a apura\u00e7\u00e3o e produ\u00e7\u00e3o de not\u00edcias sobre concursos federais, \u00f3rg\u00e3os participantes do CNU e das \u00e1reas de controle, gest\u00e3o, engenharia, Exame CFC, comunica\u00e7\u00e3o social TI e \u00e1rea de concursos administrativos.\",\"url\":\"https:\/\/www.estrategiaconcursos.com.br\/blog\/author\/ronaldo-netoestrategia-com\/\"}]}<\/script>\n<!-- \/ Yoast SEO Premium plugin. -->","yoast_head_json":{"title":"Concursos P\u00fablicos: 22 editais esta semana; 3,1 mil vagas!","description":"Concurso P\u00fablico 2025: 22 editais sa\u00edram ao longo desta semana (31\/03 a 04\/04). Confira o n\u00famero de oportunidades, remunera\u00e7\u00e3o e datas.","robots":{"index":"index","follow":"follow","max-snippet":"max-snippet:-1","max-image-preview":"max-image-preview:large","max-video-preview":"max-video-preview:-1"},"canonical":"https:\/\/www.estrategiaconcursos.com.br\/blog\/concurso-editais-semana-31-03-a-04-04\/","og_locale":"pt_BR","og_type":"article","og_title":"Concursos P\u00fablicos: 22 editais esta semana; 3,1 mil vagas!","og_description":"Concurso P\u00fablico 2025: 22 editais sa\u00edram ao longo desta semana (31\/03 a 04\/04). Confira o n\u00famero de oportunidades, remunera\u00e7\u00e3o e datas.","og_url":"https:\/\/www.estrategiaconcursos.com.br\/blog\/concurso-editais-semana-31-03-a-04-04\/","og_site_name":"Estrat\u00e9gia Concursos","article_published_time":"2025-04-04T21:00:00+00:00","article_modified_time":"2025-04-07T19:43:33+00:00","og_image":[{"width":692,"height":389,"url":"https:\/\/dhg1h5j42swfq.cloudfront.net\/2024\/08\/14120710\/concursos-2025.png","type":"image\/png"}],"author":"Ronaldo Scanavini Neto","twitter_card":"summary_large_image","twitter_creator":"@EstratConcursos","twitter_site":"@EstratConcursos","twitter_misc":{"Escrito por":"Ronaldo Scanavini Neto","Est. tempo de leitura":"4 minutos"},"schema":{"@context":"https:\/\/schema.org","@graph":[{"@type":"NewsArticle","@id":"https:\/\/www.estrategiaconcursos.com.br\/blog\/concurso-editais-semana-31-03-a-04-04\/#article","isPartOf":{"@id":"https:\/\/www.estrategiaconcursos.com.br\/blog\/concurso-editais-semana-31-03-a-04-04\/"},"author":{"name":"Ronaldo Scanavini Neto","@id":"https:\/\/www.estrategiaconcursos.com.br\/blog\/#\/schema\/person\/70c2ad4297aa24ff8815b08215b23a76"},"headline":"Concursos P\u00fablicos: 22 editais esta semana; 3,1 mil vagas!","datePublished":"2025-04-04T21:00:00+00:00","dateModified":"2025-04-07T19:43:33+00:00","mainEntityOfPage":{"@id":"https:\/\/www.estrategiaconcursos.com.br\/blog\/concurso-editais-semana-31-03-a-04-04\/"},"wordCount":769,"commentCount":0,"publisher":{"@id":"https:\/\/www.estrategiaconcursos.com.br\/blog\/#organization"},"image":{"@id":"https:\/\/www.estrategiaconcursos.com.br\/blog\/concurso-editais-semana-31-03-a-04-04\/#primaryimage"},"thumbnailUrl":"https:\/\/dhg1h5j42swfq.cloudfront.net\/2024\/08\/14120710\/concursos-2025.png","articleSection":["Concursos P\u00fablicos","\u00daltimas not\u00edcias"],"inLanguage":"pt-BR","potentialAction":[{"@type":"CommentAction","name":"Comment","target":["https:\/\/www.estrategiaconcursos.com.br\/blog\/concurso-editais-semana-31-03-a-04-04\/#respond"]}],"copyrightYear":"2025","copyrightHolder":{"@id":"https:\/\/www.estrategiaconcursos.com.br\/blog\/#organization"}},{"@type":"WebPage","@id":"https:\/\/www.estrategiaconcursos.com.br\/blog\/concurso-editais-semana-31-03-a-04-04\/","url":"https:\/\/www.estrategiaconcursos.com.br\/blog\/concurso-editais-semana-31-03-a-04-04\/","name":"Concursos P\u00fablicos: 22 editais esta semana; 3,1 mil vagas!","isPartOf":{"@id":"https:\/\/www.estrategiaconcursos.com.br\/blog\/#website"},"primaryImageOfPage":{"@id":"https:\/\/www.estrategiaconcursos.com.br\/blog\/concurso-editais-semana-31-03-a-04-04\/#primaryimage"},"image":{"@id":"https:\/\/www.estrategiaconcursos.com.br\/blog\/concurso-editais-semana-31-03-a-04-04\/#primaryimage"},"thumbnailUrl":"https:\/\/dhg1h5j42swfq.cloudfront.net\/2024\/08\/14120710\/concursos-2025.png","datePublished":"2025-04-04T21:00:00+00:00","dateModified":"2025-04-07T19:43:33+00:00","description":"Concurso P\u00fablico 2025: 22 editais sa\u00edram ao longo desta semana (31\/03 a 04\/04). Confira o n\u00famero de oportunidades, remunera\u00e7\u00e3o e datas.","breadcrumb":{"@id":"https:\/\/www.estrategiaconcursos.com.br\/blog\/concurso-editais-semana-31-03-a-04-04\/#breadcrumb"},"inLanguage":"pt-BR","potentialAction":[{"@type":"ReadAction","target":["https:\/\/www.estrategiaconcursos.com.br\/blog\/concurso-editais-semana-31-03-a-04-04\/"]}]},{"@type":"ImageObject","inLanguage":"pt-BR","@id":"https:\/\/www.estrategiaconcursos.com.br\/blog\/concurso-editais-semana-31-03-a-04-04\/#primaryimage","url":"https:\/\/dhg1h5j42swfq.cloudfront.net\/2024\/08\/14120710\/concursos-2025.png","contentUrl":"https:\/\/dhg1h5j42swfq.cloudfront.net\/2024\/08\/14120710\/concursos-2025.png","width":692,"height":389},{"@type":"BreadcrumbList","@id":"https:\/\/www.estrategiaconcursos.com.br\/blog\/concurso-editais-semana-31-03-a-04-04\/#breadcrumb","itemListElement":[{"@type":"ListItem","position":1,"name":"In\u00edcio","item":"https:\/\/www.estrategiaconcursos.com.br\/blog\/"},{"@type":"ListItem","position":2,"name":"Concursos P\u00fablicos: 22 editais esta semana; 3,1 mil vagas!"}]},{"@type":"WebSite","@id":"https:\/\/www.estrategiaconcursos.com.br\/blog\/#website","url":"https:\/\/www.estrategiaconcursos.com.br\/blog\/","name":"Estrat\u00e9gia Concursos","description":"O blog da Estrat\u00e9gia Concursos traz not\u00edcias sobre concursos e artigos de professores oferecendo cursos para concursos (pdf + videaulas) no site.","publisher":{"@id":"https:\/\/www.estrategiaconcursos.com.br\/blog\/#organization"},"potentialAction":[{"@type":"SearchAction","target":{"@type":"EntryPoint","urlTemplate":"https:\/\/www.estrategiaconcursos.com.br\/blog\/?s={search_term_string}"},"query-input":{"@type":"PropertyValueSpecification","valueRequired":true,"valueName":"search_term_string"}}],"inLanguage":"pt-BR"},{"@type":"Organization","@id":"https:\/\/www.estrategiaconcursos.com.br\/blog\/#organization","name":"Estrat\u00e9gia Concursos","url":"https:\/\/www.estrategiaconcursos.com.br\/blog\/","logo":{"@type":"ImageObject","inLanguage":"pt-BR","@id":"https:\/\/www.estrategiaconcursos.com.br\/blog\/#\/schema\/logo\/image\/","url":"https:\/\/dhg1h5j42swfq.cloudfront.net\/2025\/06\/03203428\/logo_concursos-1.jpg","contentUrl":"https:\/\/dhg1h5j42swfq.cloudfront.net\/2025\/06\/03203428\/logo_concursos-1.jpg","width":230,"height":60,"caption":"Estrat\u00e9gia Concursos"},"image":{"@id":"https:\/\/www.estrategiaconcursos.com.br\/blog\/#\/schema\/logo\/image\/"},"sameAs":["https:\/\/x.com\/EstratConcursos"]},{"@type":"Person","@id":"https:\/\/www.estrategiaconcursos.com.br\/blog\/#\/schema\/person\/70c2ad4297aa24ff8815b08215b23a76","name":"Ronaldo Scanavini Neto","image":{"@type":"ImageObject","inLanguage":"pt-BR","@id":"https:\/\/secure.gravatar.com\/avatar\/f93d8e56fe264596e94aee6b3feb737d98ad0fc5bac7eb0a245f04723c5c8f21?s=96&d=mm&r=g","url":"https:\/\/secure.gravatar.com\/avatar\/f93d8e56fe264596e94aee6b3feb737d98ad0fc5bac7eb0a245f04723c5c8f21?s=96&d=mm&r=g","contentUrl":"https:\/\/secure.gravatar.com\/avatar\/f93d8e56fe264596e94aee6b3feb737d98ad0fc5bac7eb0a245f04723c5c8f21?s=96&d=mm&r=g","caption":"Ronaldo Scanavini Neto"},"description":"Graduando em Comunica\u00e7\u00e3o Social \u2013 Jornalismo pela Universidade Federal de Vi\u00e7osa (UFV). Integra a equipe de jornalismo do Estrat\u00e9gia Concursos desde 2023, atuando com \u00eanfase na cobertura da \u00e1rea fiscal. Tamb\u00e9m realiza a apura\u00e7\u00e3o e produ\u00e7\u00e3o de not\u00edcias sobre concursos federais, \u00f3rg\u00e3os participantes do CNU e das \u00e1reas de controle, gest\u00e3o, engenharia, Exame CFC, comunica\u00e7\u00e3o social TI e \u00e1rea de concursos administrativos.","url":"https:\/\/www.estrategiaconcursos.com.br\/blog\/author\/ronaldo-netoestrategia-com\/"}]}},"_links":{"self":[{"href":"https:\/\/www.estrategiaconcursos.com.br\/blog\/wp-json\/wp\/v2\/posts\/1555439","targetHints":{"allow":["GET"]}}],"collection":[{"href":"https:\/\/www.estrategiaconcursos.com.br\/blog\/wp-json\/wp\/v2\/posts"}],"about":[{"href":"https:\/\/www.estrategiaconcursos.com.br\/blog\/wp-json\/wp\/v2\/types\/post"}],"author":[{"embeddable":true,"href":"https:\/\/www.estrategiaconcursos.com.br\/blog\/wp-json\/wp\/v2\/users\/2692"}],"replies":[{"embeddable":true,"href":"https:\/\/www.estrategiaconcursos.com.br\/blog\/wp-json\/wp\/v2\/comments?post=1555439"}],"version-history":[{"count":6,"href":"https:\/\/www.estrategiaconcursos.com.br\/blog\/wp-json\/wp\/v2\/posts\/1555439\/revisions"}],"predecessor-version":[{"id":1558219,"href":"https:\/\/www.estrategiaconcursos.com.br\/blog\/wp-json\/wp\/v2\/posts\/1555439\/revisions\/1558219"}],"wp:featuredmedia":[{"embeddable":true,"href":"https:\/\/www.estrategiaconcursos.com.br\/blog\/wp-json\/wp\/v2\/media\/1445263"}],"wp:attachment":[{"href":"https:\/\/www.estrategiaconcursos.com.br\/blog\/wp-json\/wp\/v2\/media?parent=1555439"}],"wp:term":[{"taxonomy":"category","embeddable":true,"href":"https:\/\/www.estrategiaconcursos.com.br\/blog\/wp-json\/wp\/v2\/categories?post=1555439"},{"taxonomy":"post_tag","embeddable":true,"href":"https:\/\/www.estrategiaconcursos.com.br\/blog\/wp-json\/wp\/v2\/tags?post=1555439"},{"taxonomy":"tax_estado","embeddable":true,"href":"https:\/\/www.estrategiaconcursos.com.br\/blog\/wp-json\/wp\/v2\/tax_estado?post=1555439"}],"curies":[{"name":"wp","href":"https:\/\/api.w.org\/{rel}","templated":true}]}}