{"id":1554362,"date":"2025-06-17T11:51:00","date_gmt":"2025-06-17T14:51:00","guid":{"rendered":"https:\/\/www.estrategiaconcursos.com.br\/blog\/?p=1554362"},"modified":"2025-06-12T14:15:07","modified_gmt":"2025-06-12T17:15:07","slug":"escrever-redacao-tema-preconceito","status":"publish","type":"post","link":"https:\/\/www.estrategiaconcursos.com.br\/blog\/escrever-redacao-tema-preconceito\/","title":{"rendered":"Como escrever uma boa reda\u00e7\u00e3o sobre o tema Preconceito."},"content":{"rendered":"\n<p>Fala, estrategistas! Vamos aprender como<strong> escrever uma boa reda\u00e7\u00e3o sobre o tema Preconceito<\/strong>?<\/p>\n\n\n\n<p>Atualmente, observamos uma condena\u00e7\u00e3o social forte \u00e0s formas tradicionais e flagrantes de preconceito. H\u00e1 diversas formas de preconceito e todas levam \u00e0 exclus\u00e3o do indiv\u00edduo de determinado grupo. Vamos debater o assunto&nbsp; para&nbsp; escrever uma <strong>boa reda\u00e7\u00e3o sobre o tema Preconceito.<\/strong><\/p>\n\n\n\n<figure class=\"wp-block-image Como escrever uma boa reda\u00e7\u00e3o sobre o tema Preconceito.\" id=\"Como-escrever-uma-boa-reda\u00e7\u00e3o-sobre-o-tema-Preconceito.\"><img decoding=\"async\" src=\"https:\/\/lh7-rt.googleusercontent.com\/docsz\/AD_4nXdV3eBcqdetIHtiXvWB4xyV08iDkFMlvbZVIk4GRiP8yn0wOVE-Mb65AvUdOAqY6n1q2jAcK4rzPYaSbxjmapTNMustiTKmuQkaeHxPL_Y2o0-dKaHr2OryB7QaubIsaQqDyzMEKw?key=2ddhLVzylFZ6oJzGJd9l7YPN\" alt=\"\nComo escrever uma boa reda\u00e7\u00e3o sobre o tema Preconceito.\" title=\"Como escrever uma boa reda\u00e7\u00e3o sobre o tema Preconceito.\"\/><\/figure>\n\n\n\n<h2 class=\"wp-block-heading\" id=\"h-entendendo-sobre-o-preconceito\">Entendendo sobre o Preconceito.<\/h2>\n\n\n\n<p>Podemos dizer que a escravid\u00e3o e a pobreza contribu\u00edram para o surgimento do preconceito e do racismo.&nbsp;<\/p>\n\n\n\n<p>De fato, o preconceito e o racismo parecem ser t\u00e3o antigos quanto as rela\u00e7\u00f5es de poder assim\u00e9tricas entre os indiv\u00edduos e a necessidade simult\u00e2nea de justificar tais rela\u00e7\u00f5es.<\/p>\n\n\n\n<p>Snowden (1995), em uma an\u00e1lise hist\u00f3rica do preconceito, sustenta que o preconceito j\u00e1 existia na antiguidade greco-romana, apesar de n\u00e3o ser um preconceito racial, pois n\u00e3o havia divis\u00f5es e hierarquias raciais naquele per\u00edodo.<\/p>\n\n\n\n<p>As defini\u00e7\u00f5es e os n\u00edveis de an\u00e1lise do preconceito e do racismo espelham os contextos sociais e hist\u00f3ricos onde ocorrem as rela\u00e7\u00f5es racializadas.&nbsp;<\/p>\n\n\n\n<p>Assim, a natureza e as formas de manifesta\u00e7\u00e3o do preconceito s\u00e3o moldadas e at\u00e9 mesmo estabelecidas pelas normas sociais presentes no contexto.<\/p>\n\n\n\n<h3 class=\"wp-block-heading\" id=\"h-tipos-de-preconceito\">Tipos de Preconceito.<\/h3>\n\n\n\n<p>Vamos brevemente descrever os tipos de preconceitos existentes para  voc\u00ea saber como escrever uma boa reda\u00e7\u00e3o sobre o tema Preconceito.:<\/p>\n\n\n\n<p>O <strong>racismo ou o preconceito racial <\/strong>s\u00e3o express\u00f5es que menosprezam uma cultura ou etnia, vendo-a como menos capaz, inferior e merecedora de discrimina\u00e7\u00e3o.&nbsp; A discrimina\u00e7\u00e3o racial \u00e9 um dos conceitos pr\u00e9-estabelecidos mais antigos conhecidos. A ideia de ra\u00e7a pode ser vista como uma cria\u00e7\u00e3o social, empregada para elucidar a etnia. Na realidade, n\u00e3o h\u00e1 ra\u00e7as humanas. Outro aspecto \u00e9 que o uso n\u00e3o se limita apenas aos afrodescendentes, mas tamb\u00e9m se estende aos ind\u00edgenas, nordestinos e outros variados.<\/p>\n\n\n\n<p>O <strong>preconceito religioso<\/strong>, tamb\u00e9m conhecido como intoler\u00e2ncia religiosa, engloba todas as a\u00e7\u00f5es e pensamentos discriminat\u00f3rios direcionados a indiv\u00edduos ou coletivos que professam cren\u00e7as ou religi\u00f5es distintas. Certos religiosos resistem \u00e0 ideia de que sua f\u00e9 possa ser questionada. Isso abre caminho para manifesta\u00e7\u00f5es de preconceito, atos de intoler\u00e2ncia e desrespeito a outras religi\u00f5es, desencadeando conflitos (guerra santa).&nbsp;&nbsp;<\/p>\n\n\n\n<p>O <strong>preconceito cultural<\/strong> engloba todas as formas de express\u00e3o que buscam menosprezar algum aspecto distintivo de uma comunidade (seus conhecimentos, cren\u00e7as religiosas, moral, leis, artes, linguagem, tradi\u00e7\u00f5es e costumes tradicionais). Exemplos de debates sobre as diferen\u00e7as culturais incluem o etnocentrismo e a xenofobia.<\/p>\n\n\n\n<p>O <strong>preconceito social<\/strong> est\u00e1 ligado ao estilo de vida e capacidade financeira de uma pessoa, categorizando a popula\u00e7\u00e3o em ricos e pobres. Quando a disparidade social \u00e9 acentuada, pode gerar tens\u00f5es e insurrei\u00e7\u00f5es. O indiv\u00edduo que sofre preconceito pertence a uma classe social &#8220;desqualificada ou inferior&#8221;, sendo submetido a um pr\u00e9-conceito baseado em sua posi\u00e7\u00e3o social. Envolve todas as sociedades do mundo globalizado.<\/p>\n\n\n\n<h4 class=\"wp-block-heading\" id=\"h-ha-mais-formas-de-preconceitos-acredite\">H\u00e1 mais formas de preconceitos, acredite :<\/h4>\n\n\n\n<p>O <strong>preconceito est\u00e9tico<\/strong>, tamb\u00e9m conhecido como intoler\u00e2ncia est\u00e9tica, refere-se \u00e0 discrimina\u00e7\u00e3o de indiv\u00edduos que n\u00e3o se encaixam nos padr\u00f5es de beleza definidos pela sociedade. Essa discrimina\u00e7\u00e3o est\u00e1 ligada a conceitos de beleza que variam conforme\u00a0 a cultura de cada comunidade, determinando o que se considera bonito ou feio.<\/p>\n\n\n\n<p>Por outro lado, o <strong>preconceito lingu\u00edstico<\/strong> aparece quando se julga uma pessoa apenas por seu sotaque ou por cometer erros na l\u00edngua portuguesa, muitas vezes devido a n\u00edveis de escolaridade mais baixos. Em um mesmo idioma, existem diversas varia\u00e7\u00f5es lingu\u00edsticas que dependem da regi\u00e3o e da comunidade. Por exemplo, o portugu\u00eas falado na Bahia \u00e9 distinto daquele falado no Paran\u00e1. Essas varia\u00e7\u00f5es n\u00e3o s\u00e3o um problema; pelo contr\u00e1rio, elas enriquecem nossa cultura.<\/p>\n\n\n\n<p>J\u00e1 o <strong>preconceito sexual<\/strong>, tamb\u00e9m conhecido como homofobia, envolve qualquer forma de repulsa, \u00f3dio ou rejei\u00e7\u00e3o direcionada a indiv\u00edduos homossexuais, bissexuais, transexuais, l\u00e9sbicas e travestis.<\/p>\n\n\n\n<h4 class=\"wp-block-heading\" id=\"h-ainda-temos-mais-abordagens-sobre-o-preconceito\">Ainda temos mais abordagens sobre o preconceito:<\/h4>\n\n\n\n<p>A <strong>popula\u00e7\u00e3o idosa<\/strong> tem se tornado, cada vez mais, alvo de discrimina\u00e7\u00e3o. Eles enfrentam n\u00e3o apenas a cren\u00e7a limitante de que n\u00e3o possuem a capacidade necess\u00e1ria para realizar atividades cotidianas, como dirigir ou trabalhar, mas tamb\u00e9m a exclus\u00e3o do mercado de trabalho, mesmo quando ainda n\u00e3o est\u00e3o aposentados.<\/p>\n\n\n\n<p>E por fim, o <strong>preconceito contra pessoas com necessidades especiais,<\/strong> que acomete tanto os deficientes f\u00edsicos quanto os deficientes cognitivos, al\u00e9m daqueles que enfrentam transtornos como autismo moderado ou severo, lidam diariamente com o preconceito.&nbsp;<\/p>\n\n\n\n<p>\u00c9 comum que utilizemos os termos preconceito e discrimina\u00e7\u00e3o como sin\u00f4nimos; no entanto, \u00e9 importante diferenci\u00e1-los.&nbsp;<\/p>\n\n\n\n<p>O preconceito refere-se ao julgamento pr\u00e9vio, enquanto a discrimina\u00e7\u00e3o \u00e9 a a\u00e7\u00e3o de tratar pessoas de maneira diferente. Essa diferen\u00e7a de tratamento resulta na aus\u00eancia de igualdade e na manifesta\u00e7\u00e3o de prefer\u00eancias, provocando divis\u00f5es sociais entre os indiv\u00edduos.<\/p>\n\n\n\n<p>A discrimina\u00e7\u00e3o pode ser um reflexo do preconceito, que nem sempre se apresenta de forma ostensiva. Muitas vezes, as a\u00e7\u00f5es discriminat\u00f3rias se manifestam de maneira sutil. Um exemplo disso \u00e9 o racismo estrutural, que provoca pequenos atos discriminat\u00f3rios contra pessoas negras no cotidiano, frequentemente perpetuados de forma inconsciente por aqueles que os praticam.<\/p>\n\n\n\n<h2 class=\"wp-block-heading\" id=\"h-preconceito-no-brasil\">Preconceito no Brasil.<\/h2>\n\n\n\n<p>Em 2008, 23% dos brasileiros declararam j\u00e1 ter sofrido algum tipo de preconceito, seja em rela\u00e7\u00e3o \u00e0 ra\u00e7a, local de moradia, classe social ou orienta\u00e7\u00e3o sexual. Em 2019, esse n\u00famero aumentou para 30%. De acordo com a pesquisa, o preconceito de classe social \u00e9 o tipo mais comum. O preocupante \u00e9 o n\u00famero de casos de viol\u00eancia contra certos grupos sociais.<\/p>\n\n\n\n<p>Entre 2015 e 2017, registraram-se casos de intoler\u00e2ncia religiosa a cada 15 horas no Brasil. Os adeptos das religi\u00f5es afro-brasileiras s\u00e3o os mais afetados, cerca de 39% dos casos.<\/p>\n\n\n\n<p>Dados do Sistema \u00danico de Sa\u00fade (SUS) revelam que, entre 2015 e 2017,  agrediuse uma pessoa LGBTQI+ por hora no Brasil.<\/p>\n\n\n\n<p>Segundo os dados do Data SUS, entre 2011 e 2019 houve o aumento de 59% das mortes violentas no Brasil contra pretos e pardos. Em um comparativo, no mesmo per\u00edodo houve um aumento de 1,3% desse tipo de morte entre brancos. O que demonstra claramente que o racismo no Brasil faz muitas v\u00edtimas.<\/p>\n\n\n\n<p>Sendo assim os dados das pesquisas indicam que o preconceito racial \u00e9 o que tem maior incid\u00eancia, seguido pela intoler\u00e2ncia religiosa que est\u00e1 relacionada ao racismo.&nbsp;<\/p>\n\n\n\n<h2 class=\"wp-block-heading\" id=\"h-finalizando-nosso-assunto\">Finalizando nosso assunto.<\/h2>\n\n\n\n<p>Podemos afirmar que o preconceito \u00e9 uma forma de autoritarismo social que permeia uma sociedade doente, geralmente originada da ignor\u00e2ncia \u2014 ou seja, da falta de conhecimento sobre o que \u00e9 diferente. Trata-se de um julgamento antecipado, desprovido de l\u00f3gica ou base cr\u00edtica, que se manifesta por meio de atitudes discriminat\u00f3rias em rela\u00e7\u00e3o ao outro, al\u00e9m de uma inclina\u00e7\u00e3o a comportamentos violentos, agressivos, discursos de \u00f3dio, xenofobia e sexismo.<\/p>\n\n\n\n<p>As consequ\u00eancias do preconceito s\u00e3o amplas e afetam diversas esferas da vida social, econ\u00f4mica, pol\u00edtica e psicol\u00f3gica. Todos os n\u00edveis da conviv\u00eancia social s\u00e3o impactados, resultando em marcas tanto individualmente quanto coletivamente, em dimens\u00f5es f\u00edsicas, morais e ps\u00edquicas. Esse conte\u00fado auxiliar\u00e1  muito sobre como escrever uma boa reda\u00e7\u00e3o sobre o tema Preconceito.<\/p>\n\n\n\n<p><strong>Por hoje \u00e9 isso, pessoal!<\/strong><\/p>\n\n\n\n<p><strong>Abra\u00e7os e at\u00e9 a pr\u00f3xima.<\/strong><\/p>\n\n\n\n<p><strong>B\u00e1rbara Rocha<\/strong><\/p>\n\n\n\n<p><strong>Assista as nossas aulas para aprofundar-se nos <a href=\"https:\/\/www.youtube.com\/watch?v=wbuGTKzF-QM&amp;t=1716s\">temas <\/a>e obter sucesso na sua aprova\u00e7\u00e3o :)<\/strong><\/p>\n\n\n<figure class=\"wp-block-embed-youtube wp-block-embed is-type-video is-provider-youtube wp-embed-aspect-16-9 wp-has-aspect-ratio\"><div class=\"lyte-wrapper\" style=\"width:853px;max-width:100%;margin:5px;\"><div class=\"lyMe\" id=\"WYL_wbuGTKzF-QM\"><div id=\"lyte_wbuGTKzF-QM\" data-src=\"\/\/i.ytimg.com\/vi\/wbuGTKzF-QM\/hqdefault.jpg\" class=\"pL\"><div class=\"tC\"><div class=\"tT\"><\/div><\/div><div class=\"play\"><\/div><div class=\"ctrl\"><div class=\"Lctrl\"><\/div><div class=\"Rctrl\"><\/div><\/div><\/div><noscript><a href=\"https:\/\/youtu.be\/wbuGTKzF-QM\" rel=\"nofollow\"><img loading=\"lazy\" decoding=\"async\" src=\"https:\/\/i.ytimg.com\/vi\/wbuGTKzF-QM\/0.jpg\" alt=\"YouTube video thumbnail\" width=\"853\" height=\"460\" \/><br \/>Assista a este v\u00eddeo no YouTube<\/a><\/noscript><\/div><\/div><div class=\"lL\" style=\"max-width:100%;width:853px;margin:5px;\"><\/div><figcaption><\/figcaption><\/figure>\n\n\n<p class=\"has-text-align-center has-pale-cyan-blue-background-color has-background\"><strong>ASSINE AGORA \u2013 <\/strong><a href=\"https:\/\/www.estrategiaconcursos.com.br\/assinaturas\"><strong>Assinaturas<\/strong><\/a><\/p>\n\n\n\n<p><strong><em>Assine agora a nossa Assinatura Anual e tenha acesso ilimitado* a todos os nossos cursos.<\/em><\/strong><\/p>\n\n\n\n<p><strong><em>Fique por dentro de todos os<\/em><\/strong><a href=\"https:\/\/www.estrategiaconcursos.com.br\/blog\/comunidade-platinum-e-trilha-individualizada\/\"><strong><em> <\/em><\/strong><strong><em>concursos<\/em><\/strong><strong>:<\/strong><\/a><\/p>\n\n\n\n<p class=\"has-text-align-center has-luminous-vivid-amber-background-color has-background\"><a href=\"https:\/\/www.estrategiaconcursos.com.br\/blog\/concursos-abertos\/\"><strong>Concursos abertos<\/strong><\/a><\/p>\n\n\n\n<p class=\"has-text-align-center has-luminous-vivid-amber-background-color has-background\"><a href=\"https:\/\/www.estrategiaconcursos.com.br\/blog\/concursos-2025\/\"><strong>Concursos 2025<\/strong><\/a><\/p>\n","protected":false},"excerpt":{"rendered":"<p>Como escrever uma boa reda\u00e7\u00e3o sobre o tema Preconceito.<\/p>\n","protected":false},"author":2976,"featured_media":1554363,"comment_status":"open","ping_status":"closed","sticky":false,"template":"","format":"standard","meta":{"post_tipo":"article","footnotes":""},"categories":[1],"tags":[40,861,222073,1008,87271],"tax_estado":[219964,219965,219966,219967,219968,219969,219963,219970,219971,219972,219973,219974,219975,219976,219977,219978,219979,219980,219981,219982,219983,219984,219985,219986,219987,219988,219989,219990],"class_list":["post-1554362","post","type-post","status-publish","format-standard","has-post-thumbnail","hentry","category-cursos-e-concursos","tag-concurso","tag-dicas-de-estudo","tag-preconceito","tag-redacao","tag-redacao-pronta-sobre-racismo","tax_estado-ac","tax_estado-al","tax_estado-am","tax_estado-ap","tax_estado-ba","tax_estado-ce","tax_estado-concursos-federais","tax_estado-df","tax_estado-es","tax_estado-go","tax_estado-ma","tax_estado-mg","tax_estado-ms","tax_estado-mt","tax_estado-pa","tax_estado-pb","tax_estado-pe","tax_estado-pi","tax_estado-pr","tax_estado-rj","tax_estado-rn","tax_estado-ro","tax_estado-rr","tax_estado-rs","tax_estado-sc","tax_estado-se","tax_estado-sp","tax_estado-to"],"acf":[],"yoast_head":"<!-- This site is optimized with the Yoast SEO Premium plugin v27.2 (Yoast SEO v27.2) - https:\/\/yoast.com\/product\/yoast-seo-premium-wordpress\/ -->\n<title>Como escrever uma boa reda\u00e7\u00e3o sobre o tema Preconceito.<\/title>\n<meta name=\"description\" content=\"Aprenda como escrever uma boa reda\u00e7\u00e3o sobre o tema Preconceito. Descubra estrat\u00e9gias eficazes para abordar esse assunto importante.\" \/>\n<meta name=\"robots\" content=\"index, follow, max-snippet:-1, max-image-preview:large, max-video-preview:-1\" \/>\n<link rel=\"canonical\" href=\"https:\/\/www.estrategiaconcursos.com.br\/blog\/escrever-redacao-tema-preconceito\/\" \/>\n<meta property=\"og:locale\" content=\"pt_BR\" \/>\n<meta property=\"og:type\" content=\"article\" \/>\n<meta property=\"og:title\" content=\"Como escrever uma boa reda\u00e7\u00e3o sobre o tema Preconceito e suas formas Como escrever uma boa reda\u00e7\u00e3o sobre o tema Preconceito.\" \/>\n<meta property=\"og:description\" content=\"Descubra dicas valiosas para escrever uma boa reda\u00e7\u00e3o sobre o tema Preconceito e enfrente suas diversas formas.\" \/>\n<meta property=\"og:url\" content=\"https:\/\/www.estrategiaconcursos.com.br\/blog\/escrever-redacao-tema-preconceito\/\" \/>\n<meta property=\"og:site_name\" content=\"Estrat\u00e9gia Concursos\" \/>\n<meta property=\"article:published_time\" content=\"2025-06-17T14:51:00+00:00\" \/>\n<meta property=\"og:image\" content=\"https:\/\/dhg1h5j42swfq.cloudfront.net\/2025\/03\/28184341\/preconceito.jpg\" \/>\n\t<meta property=\"og:image:width\" content=\"2000\" \/>\n\t<meta property=\"og:image:height\" content=\"2000\" \/>\n\t<meta property=\"og:image:type\" content=\"image\/jpeg\" \/>\n<meta name=\"author\" content=\"B\u00e1rbara Aparecida Rocha\" \/>\n<meta name=\"twitter:card\" content=\"summary_large_image\" \/>\n<meta name=\"twitter:title\" content=\"Como escrever uma boa reda\u00e7\u00e3o sobre o tema Preconceito na escola Como escrever uma boa reda\u00e7\u00e3o sobre o tema Preconceito.\" \/>\n<meta name=\"twitter:description\" content=\"Melhore suas habilidades de escrita aprendendo como escrever uma boa reda\u00e7\u00e3o sobre o tema preconceito e suas implica\u00e7\u00f5es sociais.\" \/>\n<meta name=\"twitter:image\" content=\"https:\/\/dhg1h5j42swfq.cloudfront.net\/2025\/03\/28184341\/preconceito.jpg\" \/>\n<meta name=\"twitter:creator\" content=\"@EstratConcursos\" \/>\n<meta name=\"twitter:site\" content=\"@EstratConcursos\" \/>\n<meta name=\"twitter:label1\" content=\"Escrito por\" \/>\n\t<meta name=\"twitter:data1\" content=\"B\u00e1rbara Aparecida Rocha\" \/>\n\t<meta name=\"twitter:label2\" content=\"Est. tempo de leitura\" \/>\n\t<meta name=\"twitter:data2\" content=\"6 minutos\" \/>\n<script type=\"application\/ld+json\" class=\"yoast-schema-graph\">{\"@context\":\"https:\/\/schema.org\",\"@graph\":[{\"@type\":\"NewsArticle\",\"@id\":\"https:\/\/www.estrategiaconcursos.com.br\/blog\/escrever-redacao-tema-preconceito\/#article\",\"isPartOf\":{\"@id\":\"https:\/\/www.estrategiaconcursos.com.br\/blog\/escrever-redacao-tema-preconceito\/\"},\"author\":{\"name\":\"B\u00e1rbara Aparecida Rocha\",\"@id\":\"https:\/\/www.estrategiaconcursos.com.br\/blog\/#\/schema\/person\/0c1075c7910cb8ba02c657e06995521c\"},\"headline\":\"Como escrever uma boa reda\u00e7\u00e3o sobre o tema Preconceito.\",\"datePublished\":\"2025-06-17T14:51:00+00:00\",\"mainEntityOfPage\":{\"@id\":\"https:\/\/www.estrategiaconcursos.com.br\/blog\/escrever-redacao-tema-preconceito\/\"},\"wordCount\":1309,\"commentCount\":0,\"publisher\":{\"@id\":\"https:\/\/www.estrategiaconcursos.com.br\/blog\/#organization\"},\"image\":{\"@id\":\"https:\/\/www.estrategiaconcursos.com.br\/blog\/escrever-redacao-tema-preconceito\/#primaryimage\"},\"thumbnailUrl\":\"https:\/\/dhg1h5j42swfq.cloudfront.net\/2025\/03\/28184341\/preconceito.jpg\",\"keywords\":[\"Concurso\",\"dicas de estudo\",\"preconceito\",\"reda\u00e7\u00e3o\",\"reda\u00e7\u00e3o pronta sobre racismo\"],\"articleSection\":[\"Concursos P\u00fablicos\"],\"inLanguage\":\"pt-BR\",\"potentialAction\":[{\"@type\":\"CommentAction\",\"name\":\"Comment\",\"target\":[\"https:\/\/www.estrategiaconcursos.com.br\/blog\/escrever-redacao-tema-preconceito\/#respond\"]}],\"copyrightYear\":\"2025\",\"copyrightHolder\":{\"@id\":\"https:\/\/www.estrategiaconcursos.com.br\/blog\/#organization\"}},{\"@type\":\"WebPage\",\"@id\":\"https:\/\/www.estrategiaconcursos.com.br\/blog\/escrever-redacao-tema-preconceito\/\",\"url\":\"https:\/\/www.estrategiaconcursos.com.br\/blog\/escrever-redacao-tema-preconceito\/\",\"name\":\"Como escrever uma boa reda\u00e7\u00e3o sobre o tema Preconceito.\",\"isPartOf\":{\"@id\":\"https:\/\/www.estrategiaconcursos.com.br\/blog\/#website\"},\"primaryImageOfPage\":{\"@id\":\"https:\/\/www.estrategiaconcursos.com.br\/blog\/escrever-redacao-tema-preconceito\/#primaryimage\"},\"image\":{\"@id\":\"https:\/\/www.estrategiaconcursos.com.br\/blog\/escrever-redacao-tema-preconceito\/#primaryimage\"},\"thumbnailUrl\":\"https:\/\/dhg1h5j42swfq.cloudfront.net\/2025\/03\/28184341\/preconceito.jpg\",\"datePublished\":\"2025-06-17T14:51:00+00:00\",\"description\":\"Aprenda como escrever uma boa reda\u00e7\u00e3o sobre o tema Preconceito. Descubra estrat\u00e9gias eficazes para abordar esse assunto importante.\",\"breadcrumb\":{\"@id\":\"https:\/\/www.estrategiaconcursos.com.br\/blog\/escrever-redacao-tema-preconceito\/#breadcrumb\"},\"inLanguage\":\"pt-BR\",\"potentialAction\":[{\"@type\":\"ReadAction\",\"target\":[\"https:\/\/www.estrategiaconcursos.com.br\/blog\/escrever-redacao-tema-preconceito\/\"]}]},{\"@type\":\"ImageObject\",\"inLanguage\":\"pt-BR\",\"@id\":\"https:\/\/www.estrategiaconcursos.com.br\/blog\/escrever-redacao-tema-preconceito\/#primaryimage\",\"url\":\"https:\/\/dhg1h5j42swfq.cloudfront.net\/2025\/03\/28184341\/preconceito.jpg\",\"contentUrl\":\"https:\/\/dhg1h5j42swfq.cloudfront.net\/2025\/03\/28184341\/preconceito.jpg\",\"width\":2000,\"height\":2000,\"caption\":\"Como escrever uma boa reda\u00e7\u00e3o sobre o tema Preconceito.\"},{\"@type\":\"BreadcrumbList\",\"@id\":\"https:\/\/www.estrategiaconcursos.com.br\/blog\/escrever-redacao-tema-preconceito\/#breadcrumb\",\"itemListElement\":[{\"@type\":\"ListItem\",\"position\":1,\"name\":\"In\u00edcio\",\"item\":\"https:\/\/www.estrategiaconcursos.com.br\/blog\/\"},{\"@type\":\"ListItem\",\"position\":2,\"name\":\"Como escrever uma boa reda\u00e7\u00e3o sobre o tema Preconceito.\"}]},{\"@type\":\"WebSite\",\"@id\":\"https:\/\/www.estrategiaconcursos.com.br\/blog\/#website\",\"url\":\"https:\/\/www.estrategiaconcursos.com.br\/blog\/\",\"name\":\"Estrat\u00e9gia Concursos\",\"description\":\"O blog da Estrat\u00e9gia Concursos traz not\u00edcias sobre concursos e artigos de professores oferecendo cursos para concursos (pdf + videaulas) no site.\",\"publisher\":{\"@id\":\"https:\/\/www.estrategiaconcursos.com.br\/blog\/#organization\"},\"potentialAction\":[{\"@type\":\"SearchAction\",\"target\":{\"@type\":\"EntryPoint\",\"urlTemplate\":\"https:\/\/www.estrategiaconcursos.com.br\/blog\/?s={search_term_string}\"},\"query-input\":{\"@type\":\"PropertyValueSpecification\",\"valueRequired\":true,\"valueName\":\"search_term_string\"}}],\"inLanguage\":\"pt-BR\"},{\"@type\":\"Organization\",\"@id\":\"https:\/\/www.estrategiaconcursos.com.br\/blog\/#organization\",\"name\":\"Estrat\u00e9gia Concursos\",\"url\":\"https:\/\/www.estrategiaconcursos.com.br\/blog\/\",\"logo\":{\"@type\":\"ImageObject\",\"inLanguage\":\"pt-BR\",\"@id\":\"https:\/\/www.estrategiaconcursos.com.br\/blog\/#\/schema\/logo\/image\/\",\"url\":\"https:\/\/dhg1h5j42swfq.cloudfront.net\/2025\/06\/03203428\/logo_concursos-1.jpg\",\"contentUrl\":\"https:\/\/dhg1h5j42swfq.cloudfront.net\/2025\/06\/03203428\/logo_concursos-1.jpg\",\"width\":230,\"height\":60,\"caption\":\"Estrat\u00e9gia Concursos\"},\"image\":{\"@id\":\"https:\/\/www.estrategiaconcursos.com.br\/blog\/#\/schema\/logo\/image\/\"},\"sameAs\":[\"https:\/\/x.com\/EstratConcursos\"]},{\"@type\":\"Person\",\"@id\":\"https:\/\/www.estrategiaconcursos.com.br\/blog\/#\/schema\/person\/0c1075c7910cb8ba02c657e06995521c\",\"name\":\"B\u00e1rbara Aparecida Rocha\",\"image\":{\"@type\":\"ImageObject\",\"inLanguage\":\"pt-BR\",\"@id\":\"https:\/\/secure.gravatar.com\/avatar\/5122cad53c0a4e9cc34914ad7b84dd67cbbd55361ef9d7c844f3f4b792a94e04?s=96&d=mm&r=g\",\"url\":\"https:\/\/secure.gravatar.com\/avatar\/5122cad53c0a4e9cc34914ad7b84dd67cbbd55361ef9d7c844f3f4b792a94e04?s=96&d=mm&r=g\",\"contentUrl\":\"https:\/\/secure.gravatar.com\/avatar\/5122cad53c0a4e9cc34914ad7b84dd67cbbd55361ef9d7c844f3f4b792a94e04?s=96&d=mm&r=g\",\"caption\":\"B\u00e1rbara Aparecida Rocha\"},\"url\":\"https:\/\/www.estrategiaconcursos.com.br\/blog\/author\/barbaraarochagmail-com\/\"}]}<\/script>\n<!-- \/ Yoast SEO Premium plugin. -->","yoast_head_json":{"title":"Como escrever uma boa reda\u00e7\u00e3o sobre o tema Preconceito.","description":"Aprenda como escrever uma boa reda\u00e7\u00e3o sobre o tema Preconceito. Descubra estrat\u00e9gias eficazes para abordar esse assunto importante.","robots":{"index":"index","follow":"follow","max-snippet":"max-snippet:-1","max-image-preview":"max-image-preview:large","max-video-preview":"max-video-preview:-1"},"canonical":"https:\/\/www.estrategiaconcursos.com.br\/blog\/escrever-redacao-tema-preconceito\/","og_locale":"pt_BR","og_type":"article","og_title":"Como escrever uma boa reda\u00e7\u00e3o sobre o tema Preconceito e suas formas Como escrever uma boa reda\u00e7\u00e3o sobre o tema Preconceito.","og_description":"Descubra dicas valiosas para escrever uma boa reda\u00e7\u00e3o sobre o tema Preconceito e enfrente suas diversas formas.","og_url":"https:\/\/www.estrategiaconcursos.com.br\/blog\/escrever-redacao-tema-preconceito\/","og_site_name":"Estrat\u00e9gia Concursos","article_published_time":"2025-06-17T14:51:00+00:00","og_image":[{"width":2000,"height":2000,"url":"https:\/\/dhg1h5j42swfq.cloudfront.net\/2025\/03\/28184341\/preconceito.jpg","type":"image\/jpeg"}],"author":"B\u00e1rbara Aparecida Rocha","twitter_card":"summary_large_image","twitter_title":"Como escrever uma boa reda\u00e7\u00e3o sobre o tema Preconceito na escola Como escrever uma boa reda\u00e7\u00e3o sobre o tema Preconceito.","twitter_description":"Melhore suas habilidades de escrita aprendendo como escrever uma boa reda\u00e7\u00e3o sobre o tema preconceito e suas implica\u00e7\u00f5es sociais.","twitter_image":"https:\/\/dhg1h5j42swfq.cloudfront.net\/2025\/03\/28184341\/preconceito.jpg","twitter_creator":"@EstratConcursos","twitter_site":"@EstratConcursos","twitter_misc":{"Escrito por":"B\u00e1rbara Aparecida Rocha","Est. tempo de leitura":"6 minutos"},"schema":{"@context":"https:\/\/schema.org","@graph":[{"@type":"NewsArticle","@id":"https:\/\/www.estrategiaconcursos.com.br\/blog\/escrever-redacao-tema-preconceito\/#article","isPartOf":{"@id":"https:\/\/www.estrategiaconcursos.com.br\/blog\/escrever-redacao-tema-preconceito\/"},"author":{"name":"B\u00e1rbara Aparecida Rocha","@id":"https:\/\/www.estrategiaconcursos.com.br\/blog\/#\/schema\/person\/0c1075c7910cb8ba02c657e06995521c"},"headline":"Como escrever uma boa reda\u00e7\u00e3o sobre o tema Preconceito.","datePublished":"2025-06-17T14:51:00+00:00","mainEntityOfPage":{"@id":"https:\/\/www.estrategiaconcursos.com.br\/blog\/escrever-redacao-tema-preconceito\/"},"wordCount":1309,"commentCount":0,"publisher":{"@id":"https:\/\/www.estrategiaconcursos.com.br\/blog\/#organization"},"image":{"@id":"https:\/\/www.estrategiaconcursos.com.br\/blog\/escrever-redacao-tema-preconceito\/#primaryimage"},"thumbnailUrl":"https:\/\/dhg1h5j42swfq.cloudfront.net\/2025\/03\/28184341\/preconceito.jpg","keywords":["Concurso","dicas de estudo","preconceito","reda\u00e7\u00e3o","reda\u00e7\u00e3o pronta sobre racismo"],"articleSection":["Concursos P\u00fablicos"],"inLanguage":"pt-BR","potentialAction":[{"@type":"CommentAction","name":"Comment","target":["https:\/\/www.estrategiaconcursos.com.br\/blog\/escrever-redacao-tema-preconceito\/#respond"]}],"copyrightYear":"2025","copyrightHolder":{"@id":"https:\/\/www.estrategiaconcursos.com.br\/blog\/#organization"}},{"@type":"WebPage","@id":"https:\/\/www.estrategiaconcursos.com.br\/blog\/escrever-redacao-tema-preconceito\/","url":"https:\/\/www.estrategiaconcursos.com.br\/blog\/escrever-redacao-tema-preconceito\/","name":"Como escrever uma boa reda\u00e7\u00e3o sobre o tema Preconceito.","isPartOf":{"@id":"https:\/\/www.estrategiaconcursos.com.br\/blog\/#website"},"primaryImageOfPage":{"@id":"https:\/\/www.estrategiaconcursos.com.br\/blog\/escrever-redacao-tema-preconceito\/#primaryimage"},"image":{"@id":"https:\/\/www.estrategiaconcursos.com.br\/blog\/escrever-redacao-tema-preconceito\/#primaryimage"},"thumbnailUrl":"https:\/\/dhg1h5j42swfq.cloudfront.net\/2025\/03\/28184341\/preconceito.jpg","datePublished":"2025-06-17T14:51:00+00:00","description":"Aprenda como escrever uma boa reda\u00e7\u00e3o sobre o tema Preconceito. Descubra estrat\u00e9gias eficazes para abordar esse assunto importante.","breadcrumb":{"@id":"https:\/\/www.estrategiaconcursos.com.br\/blog\/escrever-redacao-tema-preconceito\/#breadcrumb"},"inLanguage":"pt-BR","potentialAction":[{"@type":"ReadAction","target":["https:\/\/www.estrategiaconcursos.com.br\/blog\/escrever-redacao-tema-preconceito\/"]}]},{"@type":"ImageObject","inLanguage":"pt-BR","@id":"https:\/\/www.estrategiaconcursos.com.br\/blog\/escrever-redacao-tema-preconceito\/#primaryimage","url":"https:\/\/dhg1h5j42swfq.cloudfront.net\/2025\/03\/28184341\/preconceito.jpg","contentUrl":"https:\/\/dhg1h5j42swfq.cloudfront.net\/2025\/03\/28184341\/preconceito.jpg","width":2000,"height":2000,"caption":"Como escrever uma boa reda\u00e7\u00e3o sobre o tema Preconceito."},{"@type":"BreadcrumbList","@id":"https:\/\/www.estrategiaconcursos.com.br\/blog\/escrever-redacao-tema-preconceito\/#breadcrumb","itemListElement":[{"@type":"ListItem","position":1,"name":"In\u00edcio","item":"https:\/\/www.estrategiaconcursos.com.br\/blog\/"},{"@type":"ListItem","position":2,"name":"Como escrever uma boa reda\u00e7\u00e3o sobre o tema Preconceito."}]},{"@type":"WebSite","@id":"https:\/\/www.estrategiaconcursos.com.br\/blog\/#website","url":"https:\/\/www.estrategiaconcursos.com.br\/blog\/","name":"Estrat\u00e9gia Concursos","description":"O blog da Estrat\u00e9gia Concursos traz not\u00edcias sobre concursos e artigos de professores oferecendo cursos para concursos (pdf + videaulas) no site.","publisher":{"@id":"https:\/\/www.estrategiaconcursos.com.br\/blog\/#organization"},"potentialAction":[{"@type":"SearchAction","target":{"@type":"EntryPoint","urlTemplate":"https:\/\/www.estrategiaconcursos.com.br\/blog\/?s={search_term_string}"},"query-input":{"@type":"PropertyValueSpecification","valueRequired":true,"valueName":"search_term_string"}}],"inLanguage":"pt-BR"},{"@type":"Organization","@id":"https:\/\/www.estrategiaconcursos.com.br\/blog\/#organization","name":"Estrat\u00e9gia Concursos","url":"https:\/\/www.estrategiaconcursos.com.br\/blog\/","logo":{"@type":"ImageObject","inLanguage":"pt-BR","@id":"https:\/\/www.estrategiaconcursos.com.br\/blog\/#\/schema\/logo\/image\/","url":"https:\/\/dhg1h5j42swfq.cloudfront.net\/2025\/06\/03203428\/logo_concursos-1.jpg","contentUrl":"https:\/\/dhg1h5j42swfq.cloudfront.net\/2025\/06\/03203428\/logo_concursos-1.jpg","width":230,"height":60,"caption":"Estrat\u00e9gia Concursos"},"image":{"@id":"https:\/\/www.estrategiaconcursos.com.br\/blog\/#\/schema\/logo\/image\/"},"sameAs":["https:\/\/x.com\/EstratConcursos"]},{"@type":"Person","@id":"https:\/\/www.estrategiaconcursos.com.br\/blog\/#\/schema\/person\/0c1075c7910cb8ba02c657e06995521c","name":"B\u00e1rbara Aparecida Rocha","image":{"@type":"ImageObject","inLanguage":"pt-BR","@id":"https:\/\/secure.gravatar.com\/avatar\/5122cad53c0a4e9cc34914ad7b84dd67cbbd55361ef9d7c844f3f4b792a94e04?s=96&d=mm&r=g","url":"https:\/\/secure.gravatar.com\/avatar\/5122cad53c0a4e9cc34914ad7b84dd67cbbd55361ef9d7c844f3f4b792a94e04?s=96&d=mm&r=g","contentUrl":"https:\/\/secure.gravatar.com\/avatar\/5122cad53c0a4e9cc34914ad7b84dd67cbbd55361ef9d7c844f3f4b792a94e04?s=96&d=mm&r=g","caption":"B\u00e1rbara Aparecida Rocha"},"url":"https:\/\/www.estrategiaconcursos.com.br\/blog\/author\/barbaraarochagmail-com\/"}]}},"_links":{"self":[{"href":"https:\/\/www.estrategiaconcursos.com.br\/blog\/wp-json\/wp\/v2\/posts\/1554362","targetHints":{"allow":["GET"]}}],"collection":[{"href":"https:\/\/www.estrategiaconcursos.com.br\/blog\/wp-json\/wp\/v2\/posts"}],"about":[{"href":"https:\/\/www.estrategiaconcursos.com.br\/blog\/wp-json\/wp\/v2\/types\/post"}],"author":[{"embeddable":true,"href":"https:\/\/www.estrategiaconcursos.com.br\/blog\/wp-json\/wp\/v2\/users\/2976"}],"replies":[{"embeddable":true,"href":"https:\/\/www.estrategiaconcursos.com.br\/blog\/wp-json\/wp\/v2\/comments?post=1554362"}],"version-history":[{"count":1,"href":"https:\/\/www.estrategiaconcursos.com.br\/blog\/wp-json\/wp\/v2\/posts\/1554362\/revisions"}],"predecessor-version":[{"id":1554366,"href":"https:\/\/www.estrategiaconcursos.com.br\/blog\/wp-json\/wp\/v2\/posts\/1554362\/revisions\/1554366"}],"wp:featuredmedia":[{"embeddable":true,"href":"https:\/\/www.estrategiaconcursos.com.br\/blog\/wp-json\/wp\/v2\/media\/1554363"}],"wp:attachment":[{"href":"https:\/\/www.estrategiaconcursos.com.br\/blog\/wp-json\/wp\/v2\/media?parent=1554362"}],"wp:term":[{"taxonomy":"category","embeddable":true,"href":"https:\/\/www.estrategiaconcursos.com.br\/blog\/wp-json\/wp\/v2\/categories?post=1554362"},{"taxonomy":"post_tag","embeddable":true,"href":"https:\/\/www.estrategiaconcursos.com.br\/blog\/wp-json\/wp\/v2\/tags?post=1554362"},{"taxonomy":"tax_estado","embeddable":true,"href":"https:\/\/www.estrategiaconcursos.com.br\/blog\/wp-json\/wp\/v2\/tax_estado?post=1554362"}],"curies":[{"name":"wp","href":"https:\/\/api.w.org\/{rel}","templated":true}]}}