{"id":1551157,"date":"2025-05-16T15:55:00","date_gmt":"2025-05-16T18:55:00","guid":{"rendered":"https:\/\/www.estrategiaconcursos.com.br\/blog\/?p=1551157"},"modified":"2025-05-16T15:56:01","modified_gmt":"2025-05-16T18:56:01","slug":"concurso-prefeitura-mimoso-do-sul","status":"publish","type":"post","link":"https:\/\/www.estrategiaconcursos.com.br\/blog\/concurso-prefeitura-mimoso-do-sul\/","title":{"rendered":"Concurso Mimoso do Sul ES: provas s\u00e3o novamente adiadas"},"content":{"rendered":"\n<p>Ap\u00f3s passar por um recente adiamento, as provas do concurso p\u00fablico da <strong>Prefeitura de Mimoso do Sul<\/strong>, no Esp\u00edrito Santo, foram novamente suspensas.<\/p>\n\n\n\n<p>Segundo <a href=\"https:\/\/www.instagram.com\/p\/DJpKhoGADnQ\/\" target=\"_blank\" rel=\"noreferrer noopener\">nota<\/a> emitida pela Prefeitura, a nova data da avalia\u00e7\u00e3o n\u00e3o poder\u00e1 coincidir com outros concursos p\u00fablicos no Estado do Esp\u00edrito Santo. <\/p>\n\n\n\n<p>Um novo cronograma ser\u00e1 divulgado em momento oportuno. Confira abaixo o comunicado na \u00edntegra:<\/p>\n\n\n\n<blockquote class=\"wp-block-quote is-layout-flow wp-block-quote-is-layout-flow\">\n<p><em>A Prefeitura Municipal de Mimoso do Sul recebeu na manh\u00e3 do dia 14 de maio de 2025 informa\u00e7\u00f5es acerca da decis\u00e3o proferida em sede de Agravo de Instrumento n\u00ba 5006989-64.2025.8.08.0000 subscrita pela desembargadora D\u00e9bora Maria Ambos Correa da Silva, da 3\u00aa C\u00e2mara C\u00edvel, em face da Decis\u00e3o Interlocut\u00f3ria proferida no Mandado de Seguran\u00e7a n\u00ba 5000658-67.2025.8.08.0032, que suspendeu a aplica\u00e7\u00e3o das provas previstas para o dia 18 de maio de 2025, e que a nova data n\u00e3o conflite com nenhum outro concurso aplicado no estado do esp\u00edrito santo.<br \/><\/em><br \/><em>A Prefeitura n\u00e3o foi formalmente intimada da decis\u00e3o proferida, mas as provid\u00eancias ser\u00e3o adotadas junto \u00e0 empresa contratada para viabilizar a aplica\u00e7\u00e3o das provas em outra data, mediante altera\u00e7\u00e3o do cronograma. T\u00e3o logo realizadas as altera\u00e7\u00f5es necess\u00e1rias, ser\u00e1 publicada retifica\u00e7\u00e3o ao edital do concurso p\u00fablico n\u00ba 001\/2025 para que todos os candidatos tomem ci\u00eancia.<\/em><\/p>\n<\/blockquote>\n\n\n\n<p>Sob organiza\u00e7\u00e3o do<strong>&nbsp;<\/strong>Instituto Metr\u00f3pole Solu\u00e7\u00f5es, o certame oferta <strong>46 vagas<\/strong> imediatas mais forma\u00e7\u00e3o de cadastro reserva para diversos cargos em todas as escolaridades.<\/p>\n\n\n\n<ul style=\"background-color:#eeefef\" class=\"wp-block-list has-background\">\n<li><strong>Prefeitura Municipal <\/strong><strong>Mimoso do Sul<\/strong><\/li>\n\n\n\n<li><strong style=\"color: initial;\">Situa\u00e7\u00e3o:<\/strong> em andamento<\/li>\n\n\n\n<li><strong>Banca:<\/strong> <a href=\"https:\/\/metropole.org.br\/edital-municipio-de-mimoso-do-sul\/\" target=\"_blank\" rel=\"noreferrer noopener\">Instituto Metr\u00f3pole Solu\u00e7\u00f5es<\/a><\/li>\n\n\n\n<li><strong>Vagas:<\/strong>&nbsp;46 + CR<\/li>\n\n\n\n<li><strong>Sal\u00e1rio inicial:<\/strong>&nbsp;R$ 1.518,00 a R$ 4.116,94<\/li>\n\n\n\n<li><strong>Edital retificado:<\/strong> <a href=\"https:\/\/dhg1h5j42swfq.cloudfront.net\/2025\/03\/24175644\/edital-001-2025.pdf\" target=\"_blank\" rel=\"noreferrer noopener nofollow\">Edital Mimoso do Sul<\/a><\/li>\n<\/ul>\n\n\n\n<p>Confira neste artigo mais informa\u00e7\u00f5es sobre o concurso Mimoso do Sul e os detalhes de seu edital. Acompanhe pelos t\u00f3picos abaixo:<\/p>\n\n\n\n<ul id=\"indice\" class=\"wp-block-list\">\n<li><a href=\"#datas\">Principais datas<\/a><\/li>\n\n\n\n<li><a href=\"#retificacoes\">Retifica\u00e7\u00f5es<\/a><\/li>\n\n\n\n<li><a href=\"#vagas\">Distribui\u00e7\u00e3o das vagas<\/a><\/li>\n\n\n\n<li><a href=\"#etapas\">Etapas<\/a><\/li>\n\n\n\n<li><a href=\"#cursos-assinatura\">Assinatura e cursos<\/a><\/li>\n\n\n\n<li><a href=\"#ficha-tecnica\">Ficha t\u00e9cnica<\/a><\/li>\n<\/ul>\n\n\n\n<div class=\"container\" id=\"boxes\">\n  <div class=\"row\">\n\n    <div class=\"col-sm\">\n      <div class=\"banner-prefeituras-ec\" id=\"box-assinatura\">\n        <h2 class=\"titulo-assinatura\" style=\"text-align: left;\">Concursos Prefeituras<\/h2>\n        <p class=\"subtitulo-assinatura\" style=\"text-align: left;\">Prepara\u00e7\u00e3o completa para a carreira!<\/p>\n        <div class=\"box-botao\" style=\"text-align: left;\">\n          <a class=\"btn-assinatura\" target=\"_blank\" href=\"https:\/\/www.estrategiaconcursos.com.br\/pesquisa\/?q=prefeitura+Mimoso+do+Sul\" role=\"button\" rel=\"noopener noreferrer\">EXPLORAR CURSOS<\/a>\n        <\/div>\n      <\/div><\/div><\/div><\/div>\n\n\n\n<h2 class=\"wp-block-heading\" id=\"datas\">Concurso Mimoso do Sul: principais datas<\/h2>\n\n\n\n<ul class=\"wp-block-list\">\n<li><strong>Inscri\u00e7\u00f5es:<\/strong> <s>17 a 28 de mar\u00e7o<\/s><\/li>\n\n\n\n<li><strong>Isen\u00e7\u00e3o da taxa:<\/strong> <s>17 a 21 de mar\u00e7o<\/s><\/li>\n\n\n\n<li><strong>Pagamento da taxa:<\/strong> <s>at\u00e9 31 de mar\u00e7o<\/s><\/li>\n\n\n\n<li><strong>Data da prova: <\/strong>a definir<\/li>\n<\/ul>\n\n\n\n<h2 class=\"wp-block-heading\" id=\"retificacoes\">Concurso Mimoso do Sul: retifica\u00e7\u00f5es<\/h2>\n\n\n\n<p><a href=\"https:\/\/dhg1h5j42swfq.cloudfront.net\/2025\/03\/24181702\/edital_concurso_mimoso_do_sul_es_versao_final_1a_retificacao.pdf\" target=\"_blank\" rel=\"noreferrer noopener nofollow\">Errata 1<\/a>: altera quadro de vagas e demais itens.<\/p>\n\n\n\n<p><a href=\"https:\/\/dhg1h5j42swfq.cloudfront.net\/2025\/03\/24181810\/edital_concurso_mimoso_do_sul_es_versao_final_2a_retificacao.pdf\" target=\"_blank\" rel=\"noreferrer noopener nofollow\">Errata 2<\/a>: altera quadro de vagas<\/p>\n\n\n\n<p><a href=\"https:\/\/dhg1h5j42swfq.cloudfront.net\/2025\/03\/24181339\/errata-de-alteracoes-de-datas-3.pdf\" target=\"_blank\" rel=\"noreferrer noopener nofollow\">Errata 3<\/a>: altera\u00e7\u00e3o no cronograma<\/p>\n\n\n\n<p><a href=\"https:\/\/dhg1h5j42swfq.cloudfront.net\/2025\/03\/24181239\/quarta-errata-de-comunicacao.pdf\" target=\"_blank\" rel=\"noreferrer noopener nofollow\">Errata 4<\/a>: altera\u00e7\u00e3o no cronograma<\/p>\n\n\n\n<p><a href=\"https:\/\/dhg1h5j42swfq.cloudfront.net\/2025\/03\/24175644\/edital-001-2025.pdf\" target=\"_blank\" rel=\"noreferrer noopener nofollow\">Errata 5<\/a>: altera\u00e7\u00e3o no cronograma<\/p>\n\n\n\n<p><a href=\"https:\/\/dhg1h5j42swfq.cloudfront.net\/2025\/04\/22140839\/cronograma-6a-retificacao.pdf\" target=\"_blank\" rel=\"noreferrer noopener nofollow\">Errata 6<\/a>: altera\u00e7\u00e3o no cronograma<\/p>\n\n\n\n<p><a href=\"https:\/\/dhg1h5j42swfq.cloudfront.net\/2025\/05\/10093957\/retificacao-no-007-referente-ao-cronograma.pdf\" target=\"_blank\" rel=\"noreferrer noopener nofollow\">Errata 7<\/a>: altera\u00e7\u00e3o no cronograma<\/p>\n\n\n\n<p><a href=\"https:\/\/dhg1h5j42swfq.cloudfront.net\/2025\/05\/10093954\/edital_concurso_mimoso-do-sul-_-es-8a-retificacao.pdf\" target=\"_blank\" rel=\"noreferrer noopener nofollow\">Errata 8<\/a>: altera\u00e7\u00e3o no cronograma<\/p>\n\n\n\n<h2 class=\"wp-block-heading\" id=\"vagas\">Concurso Mimoso do Sul: distribui\u00e7\u00e3o das vagas<\/h2>\n\n\n\n<figure class=\"wp-block-table is-style-stripes\"><table><thead><tr><th class=\"has-text-align-center\" data-align=\"center\">Cargos<\/th><th class=\"has-text-align-center\" data-align=\"center\">Vagas<\/th><th class=\"has-text-align-center\" data-align=\"center\">Sal\u00e1rio<\/th><th class=\"has-text-align-center\" data-align=\"center\">Requisitos<\/th><\/tr><\/thead><tbody><tr><td class=\"has-text-align-center\" data-align=\"center\">Bombeiro Hidr\u00e1ulico<\/td><td class=\"has-text-align-center\" data-align=\"center\">CR<\/td><td class=\"has-text-align-center\" data-align=\"center\">R$ 1.518,00<\/td><td class=\"has-text-align-center\" data-align=\"center\">Ensino fundamental completo<\/td><\/tr><tr><td class=\"has-text-align-center\" data-align=\"center\">Calceteiro<\/td><td class=\"has-text-align-center\" data-align=\"center\">CR<\/td><td class=\"has-text-align-center\" data-align=\"center\">R$ 1.518,00<\/td><td class=\"has-text-align-center\" data-align=\"center\">Ensino fundamental completo<\/td><\/tr><tr><td class=\"has-text-align-center\" data-align=\"center\">Coveiro<\/td><td class=\"has-text-align-center\" data-align=\"center\">CR<\/td><td class=\"has-text-align-center\" data-align=\"center\">R$ 1.518,00<\/td><td class=\"has-text-align-center\" data-align=\"center\">Ensino fundamental completo<\/td><\/tr><tr><td class=\"has-text-align-center\" data-align=\"center\">Mec\u00e2nico<\/td><td class=\"has-text-align-center\" data-align=\"center\">CR<\/td><td class=\"has-text-align-center\" data-align=\"center\">R$ 1.518,00<\/td><td class=\"has-text-align-center\" data-align=\"center\">Ensino Fundamental Incompleto <\/td><\/tr><tr><td class=\"has-text-align-center\" data-align=\"center\">Pedreiro<\/td><td class=\"has-text-align-center\" data-align=\"center\">CR<\/td><td class=\"has-text-align-center\" data-align=\"center\">R$ 1.518,00<\/td><td class=\"has-text-align-center\" data-align=\"center\">Ensino Fundamental Incompleto <\/td><\/tr><tr><td class=\"has-text-align-center\" data-align=\"center\">Agente Fiscal de Obras<\/td><td class=\"has-text-align-center\" data-align=\"center\">01<\/td><td class=\"has-text-align-center\" data-align=\"center\">R$ 1.619,02<\/td><td class=\"has-text-align-center\" data-align=\"center\">Ensino m\u00e9dio completo<\/td><\/tr><tr><td class=\"has-text-align-center\" data-align=\"center\">Agente Fiscal de Posturas<\/td><td class=\"has-text-align-center\" data-align=\"center\">01<\/td><td class=\"has-text-align-center\" data-align=\"center\">R$ 1.619,02<\/td><td class=\"has-text-align-center\" data-align=\"center\">Ensino m\u00e9dio completo<\/td><\/tr><tr><td class=\"has-text-align-center\" data-align=\"center\">Agente Fiscal Sanit\u00e1rio<\/td><td class=\"has-text-align-center\" data-align=\"center\">01<\/td><td class=\"has-text-align-center\" data-align=\"center\">R$ 1.619,02<\/td><td class=\"has-text-align-center\" data-align=\"center\">Ensino m\u00e9dio completo<\/td><\/tr><tr><td class=\"has-text-align-center\" data-align=\"center\">Auxiliar Administrativo<\/td><td class=\"has-text-align-center\" data-align=\"center\">01<\/td><td class=\"has-text-align-center\" data-align=\"center\">R$ 1.518,00<\/td><td class=\"has-text-align-center\" data-align=\"center\">Ensino m\u00e9dio completo<\/td><\/tr><tr><td class=\"has-text-align-center\" data-align=\"center\">Agente de Prote\u00e7\u00e3o e Defesa Civil<\/td><td class=\"has-text-align-center\" data-align=\"center\">01<\/td><td class=\"has-text-align-center\" data-align=\"center\">R$ 1.518,00<\/td><td class=\"has-text-align-center\" data-align=\"center\">Ensino m\u00e9dio completo<\/td><\/tr><tr><td class=\"has-text-align-center\" data-align=\"center\">Eletricista<\/td><td class=\"has-text-align-center\" data-align=\"center\">CR<\/td><td class=\"has-text-align-center\" data-align=\"center\">R$ 1.518,00<\/td><td class=\"has-text-align-center\" data-align=\"center\">Ensino m\u00e9dio completo <\/td><\/tr><tr><td class=\"has-text-align-center\" data-align=\"center\">Operador de M\u00e1quinas<\/td><td class=\"has-text-align-center\" data-align=\"center\">CR<\/td><td class=\"has-text-align-center\" data-align=\"center\">R$ 1.619,02<\/td><td class=\"has-text-align-center\" data-align=\"center\">Ensino M\u00e9dio completo<\/td><\/tr><tr><td class=\"has-text-align-center\" data-align=\"center\">Agente&nbsp; de Suporte Educacional<\/td><td class=\"has-text-align-center\" data-align=\"center\">01<\/td><td class=\"has-text-align-center\" data-align=\"center\">R$ 1.518,00<\/td><td class=\"has-text-align-center\" data-align=\"center\">Ensino m\u00e9dio completo <\/td><\/tr><tr><td class=\"has-text-align-center\" data-align=\"center\">Auxiliar de Contabilidade<\/td><td class=\"has-text-align-center\" data-align=\"center\">CR<\/td><td class=\"has-text-align-center\" data-align=\"center\">R$ 1.619,02<\/td><td class=\"has-text-align-center\" data-align=\"center\">Ensino M\u00e9dio Completo<\/td><\/tr><tr><td class=\"has-text-align-center\" data-align=\"center\">Cuidador Social<\/td><td class=\"has-text-align-center\" data-align=\"center\">CR<\/td><td class=\"has-text-align-center\" data-align=\"center\">R$ 1.518,00<\/td><td class=\"has-text-align-center\" data-align=\"center\">Ensino m\u00e9dio completo<\/td><\/tr><tr><td class=\"has-text-align-center\" data-align=\"center\">Cuidador da Educa\u00e7\u00e3o Infantil<\/td><td class=\"has-text-align-center\" data-align=\"center\">CR<\/td><td class=\"has-text-align-center\" data-align=\"center\">R$ 1.518,00<\/td><td class=\"has-text-align-center\" data-align=\"center\">Ensino m\u00e9dio completo<\/td><\/tr><tr><td class=\"has-text-align-center\" data-align=\"center\">Cuidador da Educa\u00e7\u00e3o Especial<\/td><td class=\"has-text-align-center\" data-align=\"center\">CR<\/td><td class=\"has-text-align-center\" data-align=\"center\">R$ 1.518,00<\/td><td class=\"has-text-align-center\" data-align=\"center\">Ensino m\u00e9dio completo<\/td><\/tr><tr><td class=\"has-text-align-center\" data-align=\"center\">Atendente de Consult\u00f3rio M\u00e9dico<\/td><td class=\"has-text-align-center\" data-align=\"center\">01<\/td><td class=\"has-text-align-center\" data-align=\"center\">R$ 1.518,00<\/td><td class=\"has-text-align-center\" data-align=\"center\">Ensino m\u00e9dio completo<\/td><\/tr><tr><td class=\"has-text-align-center\" data-align=\"center\">Atendente de Consult\u00f3rio Odontol\u00f3gico<\/td><td class=\"has-text-align-center\" data-align=\"center\">01<\/td><td class=\"has-text-align-center\" data-align=\"center\">R$ 1.518,00<\/td><td class=\"has-text-align-center\" data-align=\"center\">Ensino m\u00e9dio completo<\/td><\/tr><tr><td class=\"has-text-align-center\" data-align=\"center\">Auxiliar de Farm\u00e1cia<\/td><td class=\"has-text-align-center\" data-align=\"center\">01<\/td><td class=\"has-text-align-center\" data-align=\"center\">R$ 1.518,00<\/td><td class=\"has-text-align-center\" data-align=\"center\">Ensino m\u00e9dio completo<\/td><\/tr><tr><td class=\"has-text-align-center\" data-align=\"center\">Educador Social<\/td><td class=\"has-text-align-center\" data-align=\"center\">CR<\/td><td class=\"has-text-align-center\" data-align=\"center\">R$ 1.619,02<\/td><td class=\"has-text-align-center\" data-align=\"center\">Ensino m\u00e9dio completo<\/td><\/tr><tr><td class=\"has-text-align-center\" data-align=\"center\">Entrevistador Social<\/td><td class=\"has-text-align-center\" data-align=\"center\">CR<\/td><td class=\"has-text-align-center\" data-align=\"center\">R$ 1.619,02<\/td><td class=\"has-text-align-center\" data-align=\"center\">Ensino m\u00e9dio completo<\/td><\/tr><tr><td class=\"has-text-align-center\" data-align=\"center\">Oficineiro<\/td><td class=\"has-text-align-center\" data-align=\"center\">01<\/td><td class=\"has-text-align-center\" data-align=\"center\">R$ 1.518,00<\/td><td class=\"has-text-align-center\" data-align=\"center\">Ensino m\u00e9dio completo<\/td><\/tr><tr><td class=\"has-text-align-center\" data-align=\"center\">T\u00e9cnico Agr\u00edcola<\/td><td class=\"has-text-align-center\" data-align=\"center\">CR<\/td><td class=\"has-text-align-center\" data-align=\"center\">R$ 2.071,97<\/td><td class=\"has-text-align-center\" data-align=\"center\">Ensino M\u00e9dio Completo e <br \/>curso t\u00e9cnico<\/td><\/tr><tr><td class=\"has-text-align-center\" data-align=\"center\">T\u00e9cnico em Inform\u00e1tica<\/td><td class=\"has-text-align-center\" data-align=\"center\">01<\/td><td class=\"has-text-align-center\" data-align=\"center\">R$ 2.071,97<\/td><td class=\"has-text-align-center\" data-align=\"center\">Ensino M\u00e9dio Completo e <br \/>Curso t\u00e9cnico<\/td><\/tr><tr><td class=\"has-text-align-center\" data-align=\"center\">T\u00e9cnico de Seguran\u00e7a do Trabalho<\/td><td class=\"has-text-align-center\" data-align=\"center\">01<\/td><td class=\"has-text-align-center\" data-align=\"center\">R$ 2.071,97<\/td><td class=\"has-text-align-center\" data-align=\"center\">Curso T\u00e9cnico <\/td><\/tr><tr><td class=\"has-text-align-center\" data-align=\"center\">T\u00e9cnico em Enfermagem<\/td><td class=\"has-text-align-center\" data-align=\"center\">01<\/td><td class=\"has-text-align-center\" data-align=\"center\">R$ 2.071,97<\/td><td class=\"has-text-align-center\" data-align=\"center\">Ensino M\u00e9dio Completo e <br \/>Curso T\u00e9cnico<\/td><\/tr><tr><td class=\"has-text-align-center\" data-align=\"center\">Top\u00f3grafo<\/td><td class=\"has-text-align-center\" data-align=\"center\">CR<\/td><td class=\"has-text-align-center\" data-align=\"center\">R$ 2.071,97<\/td><td class=\"has-text-align-center\" data-align=\"center\">Ensino M\u00e9dio Completo e <br \/>Curso T\u00e9cnico<\/td><\/tr><tr><td class=\"has-text-align-center\" data-align=\"center\">Agente Fiscal&nbsp;de Tributos<\/td><td class=\"has-text-align-center\" data-align=\"center\">01<\/td><td class=\"has-text-align-center\" data-align=\"center\">R$ 2.671,29<\/td><td class=\"has-text-align-center\" data-align=\"center\">Curso Superior <\/td><\/tr><tr><td class=\"has-text-align-center\" data-align=\"center\">Contador<\/td><td class=\"has-text-align-center\" data-align=\"center\">01<\/td><td class=\"has-text-align-center\" data-align=\"center\">R$ 2.671,29<\/td><td class=\"has-text-align-center\" data-align=\"center\">Curso Superior <\/td><\/tr><tr><td class=\"has-text-align-center\" data-align=\"center\">Engenheiro Agr\u00f4nomo<\/td><td class=\"has-text-align-center\" data-align=\"center\">CR<\/td><td class=\"has-text-align-center\" data-align=\"center\">R$ 2.671,29<\/td><td class=\"has-text-align-center\" data-align=\"center\">Curso Superior <\/td><\/tr><tr><td class=\"has-text-align-center\" data-align=\"center\">Engenheiro Civil<\/td><td class=\"has-text-align-center\" data-align=\"center\">CR<\/td><td class=\"has-text-align-center\" data-align=\"center\">R$ 2.671,29<\/td><td class=\"has-text-align-center\" data-align=\"center\">Curso Superior <\/td><\/tr><tr><td class=\"has-text-align-center\" data-align=\"center\">Analista Administrativo<\/td><td class=\"has-text-align-center\" data-align=\"center\">01<\/td><td class=\"has-text-align-center\" data-align=\"center\">R$ 2.671,29<\/td><td class=\"has-text-align-center\" data-align=\"center\">Curso Superior <\/td><\/tr><tr><td class=\"has-text-align-center\" data-align=\"center\">Farmac\u00eautico<\/td><td class=\"has-text-align-center\" data-align=\"center\">01<\/td><td class=\"has-text-align-center\" data-align=\"center\">R$ 2.671,29<\/td><td class=\"has-text-align-center\" data-align=\"center\">Curso Superior <\/td><\/tr><tr><td class=\"has-text-align-center\" data-align=\"center\">M\u00e9dico<\/td><td class=\"has-text-align-center\" data-align=\"center\">01<\/td><td class=\"has-text-align-center\" data-align=\"center\">R$ 2.671,29<\/td><td class=\"has-text-align-center\" data-align=\"center\">Curso Superior <\/td><\/tr><tr><td class=\"has-text-align-center\" data-align=\"center\">Cirurgi\u00e3o Dentista<\/td><td class=\"has-text-align-center\" data-align=\"center\">01<\/td><td class=\"has-text-align-center\" data-align=\"center\">R$ 2.671,29<\/td><td class=\"has-text-align-center\" data-align=\"center\">Curso Superior <\/td><\/tr><tr><td class=\"has-text-align-center\" data-align=\"center\">Procurador Municipal<\/td><td class=\"has-text-align-center\" data-align=\"center\">01<\/td><td class=\"has-text-align-center\" data-align=\"center\">R$ 2.671,29<\/td><td class=\"has-text-align-center\" data-align=\"center\">Curso Superior <\/td><\/tr><tr><td class=\"has-text-align-center\" data-align=\"center\">M\u00e9dico Veterin\u00e1rio<\/td><td class=\"has-text-align-center\" data-align=\"center\">01<\/td><td class=\"has-text-align-center\" data-align=\"center\">R$ 2.671,29<\/td><td class=\"has-text-align-center\" data-align=\"center\">Curso Superior <\/td><\/tr><tr><td class=\"has-text-align-center\" data-align=\"center\">M\u00e9dico do Trabalho<\/td><td class=\"has-text-align-center\" data-align=\"center\">01<\/td><td class=\"has-text-align-center\" data-align=\"center\">R$ 2.671,29<\/td><td class=\"has-text-align-center\" data-align=\"center\">Curso Superior <\/td><\/tr><tr><td class=\"has-text-align-center\" data-align=\"center\">Psic\u00f3logo<\/td><td class=\"has-text-align-center\" data-align=\"center\">01<\/td><td class=\"has-text-align-center\" data-align=\"center\">R$ 2.671,29<\/td><td class=\"has-text-align-center\" data-align=\"center\">Curso Superior<\/td><\/tr><tr><td class=\"has-text-align-center\" data-align=\"center\">Pedagogo Assistencial<\/td><td class=\"has-text-align-center\" data-align=\"center\">01<\/td><td class=\"has-text-align-center\" data-align=\"center\">R$ 2.671,29<\/td><td class=\"has-text-align-center\" data-align=\"center\">Curso Superior <\/td><\/tr><tr><td class=\"has-text-align-center\" data-align=\"center\">Advogado de Programas<br \/>Sociais da SEMADES<\/td><td class=\"has-text-align-center\" data-align=\"center\">01<\/td><td class=\"has-text-align-center\" data-align=\"center\">R$ 2.671,29<\/td><td class=\"has-text-align-center\" data-align=\"center\">Curso Superior<\/td><\/tr><tr><td class=\"has-text-align-center\" data-align=\"center\">Nutricionista<\/td><td class=\"has-text-align-center\" data-align=\"center\">01<\/td><td class=\"has-text-align-center\" data-align=\"center\">R$ 2.671,29<\/td><td class=\"has-text-align-center\" data-align=\"center\">Curso Superior <\/td><\/tr><tr><td class=\"has-text-align-center\" data-align=\"center\">Auditor Operacional do SUS<\/td><td class=\"has-text-align-center\" data-align=\"center\">01<\/td><td class=\"has-text-align-center\" data-align=\"center\">R$ 2.671,29<\/td><td class=\"has-text-align-center\" data-align=\"center\">Gradua\u00e7\u00e3o <\/td><\/tr><tr><td class=\"has-text-align-center\" data-align=\"center\">Assistente Social<\/td><td class=\"has-text-align-center\" data-align=\"center\">01<\/td><td class=\"has-text-align-center\" data-align=\"center\">R$ 2.671,29<\/td><td class=\"has-text-align-center\" data-align=\"center\">Curso superior <\/td><\/tr><tr><td class=\"has-text-align-center\" data-align=\"center\">Enfermeiro<\/td><td class=\"has-text-align-center\" data-align=\"center\">01<\/td><td class=\"has-text-align-center\" data-align=\"center\">R$ 2.671,29<\/td><td class=\"has-text-align-center\" data-align=\"center\">Ensino Superior <\/td><\/tr><tr><td class=\"has-text-align-center\" data-align=\"center\">Fisioterapeuta<\/td><td class=\"has-text-align-center\" data-align=\"center\">01<\/td><td class=\"has-text-align-center\" data-align=\"center\">R$ 2.671,29<\/td><td class=\"has-text-align-center\" data-align=\"center\">Curso Superior <\/td><\/tr><tr><td class=\"has-text-align-center\" data-align=\"center\">Fonoaudi\u00f3logo<\/td><td class=\"has-text-align-center\" data-align=\"center\">CR<\/td><td class=\"has-text-align-center\" data-align=\"center\">R$ 2.671,29<\/td><td class=\"has-text-align-center\" data-align=\"center\">Curso Superior <\/td><\/tr><tr><td class=\"has-text-align-center\" data-align=\"center\">M\u00e9dico de Especialidade<\/td><td class=\"has-text-align-center\" data-align=\"center\">01<\/td><td class=\"has-text-align-center\" data-align=\"center\">R$ 2.671,29<\/td><td class=\"has-text-align-center\" data-align=\"center\">Ensino Superior <\/td><\/tr><tr><td class=\"has-text-align-center\" data-align=\"center\">Professor <\/td><td class=\"has-text-align-center\" data-align=\"center\">11<\/td><td class=\"has-text-align-center\" data-align=\"center\">R$ 2.339,21 a <br \/>R$ 3.742,74<\/td><td class=\"has-text-align-center\" data-align=\"center\">Curso Superior  <\/td><\/tr><tr><td class=\"has-text-align-center\" data-align=\"center\">Pedagogo<\/td><td class=\"has-text-align-center\" data-align=\"center\">01<\/td><td class=\"has-text-align-center\" data-align=\"center\">R$ 2.573,09<\/td><td class=\"has-text-align-center\" data-align=\"center\">Curso Superior <\/td><\/tr><tr><td class=\"has-text-align-center\" data-align=\"center\">Pedagogo<\/td><td class=\"has-text-align-center\" data-align=\"center\">CR<\/td><td class=\"has-text-align-center\" data-align=\"center\">R$ 4.116,94<\/td><td class=\"has-text-align-center\" data-align=\"center\">Curso Superior <\/td><\/tr><tr><td class=\"has-text-align-center\" data-align=\"center\">Pedagogo da SEME<\/td><td class=\"has-text-align-center\" data-align=\"center\">01<\/td><td class=\"has-text-align-center\" data-align=\"center\">R$ 4.116,94<\/td><td class=\"has-text-align-center\" data-align=\"center\">Curso Superior <\/td><\/tr><tr><td class=\"has-text-align-center\" data-align=\"center\">Auditor de Controle Interno<\/td><td class=\"has-text-align-center\" data-align=\"center\">01<\/td><td class=\"has-text-align-center\" data-align=\"center\">R$ 2.671,29<\/td><td class=\"has-text-align-center\" data-align=\"center\">Gradua\u00e7\u00e3o <\/td><\/tr><tr><td class=\"has-text-align-center\" data-align=\"center\">Arquiteto<\/td><td class=\"has-text-align-center\" data-align=\"center\">CR<\/td><td class=\"has-text-align-center\" data-align=\"center\">R$ 2.671,29<\/td><td class=\"has-text-align-center\" data-align=\"center\">Gradua\u00e7\u00e3o<\/td><\/tr><tr><td class=\"has-text-align-center\" data-align=\"center\">Engenheiro Eletricista<\/td><td class=\"has-text-align-center\" data-align=\"center\">CR<\/td><td class=\"has-text-align-center\" data-align=\"center\">R$ 2.671,29<\/td><td class=\"has-text-align-center\" data-align=\"center\">Gradua\u00e7\u00e3o <\/td><\/tr><tr><td class=\"has-text-align-center\" data-align=\"center\">Analista de Tecnologia da Informa\u00e7\u00e3o<\/td><td class=\"has-text-align-center\" data-align=\"center\">01<\/td><td class=\"has-text-align-center\" data-align=\"center\">R$ 2.671,29<\/td><td class=\"has-text-align-center\" data-align=\"center\">Curso Superior <\/td><\/tr><tr><td class=\"has-text-align-center\" data-align=\"center\">Terapeuta Ocupacional<\/td><td class=\"has-text-align-center\" data-align=\"center\">CR<\/td><td class=\"has-text-align-center\" data-align=\"center\">R$ 2.671,29<\/td><td class=\"has-text-align-center\" data-align=\"center\">Curso superior <\/td><\/tr><\/tbody><\/table><\/figure>\n\n\n\n<h2 class=\"wp-block-heading\" id=\"etapas\">Concurso Mimoso do Sul: etapas<\/h2>\n\n\n\n<p>Confira quais ser\u00e3o as etapas de avalia\u00e7\u00e3o:<\/p>\n\n\n\n<ul class=\"wp-block-list\">\n<li><strong>Prova objetiva<\/strong> para todos os cargos (eliminat\u00f3rio e classificat\u00f3rio);<\/li>\n\n\n\n<li><strong>Prova discursiva <\/strong>somente para Procurador Municipal (eliminat\u00f3rio e classificat\u00f3rio);<\/li>\n\n\n\n<li><strong>Prova de t\u00edtulos<\/strong> somente para os cargos de n\u00edvel superior (classificat\u00f3rio).<\/li>\n<\/ul>\n\n\n\n<hr class=\"wp-block-separator has-alpha-channel-opacity\"\/>\n\n\n\n<h2 class=\"wp-block-heading has-text-align-center\" id=\"cursos-assinatura\"><em>Quer estudar para o concurso Mimoso do Sul?<\/em><\/h2>\n\n\n\n<div class=\"container\" id=\"boxes\">\n  <div class=\"row\">\n\n    <div class=\"col-sm\">\n      <div class=\"banner-prefeituras-ec\" id=\"box-assinatura\">\n        <h2 class=\"titulo-assinatura\" style=\"text-align: left;\">Concursos Prefeituras<\/h2>\n        <p class=\"subtitulo-assinatura\" style=\"text-align: left;\">Prepara\u00e7\u00e3o completa para a carreira!<\/p>\n        <div class=\"box-botao\" style=\"text-align: left;\">\n          <a class=\"btn-assinatura\" target=\"_blank\" href=\"https:\/\/www.estrategiaconcursos.com.br\/pesquisa\/?q=prefeitura+Mimoso+do+Sul\" role=\"button\" rel=\"noopener noreferrer\">EXPLORAR CURSOS<\/a>\n        <\/div>\n      <\/div><\/div><\/div><\/div>\n\n\n\n<div class=\"container\" id=\"boxes\">\n  <div class=\"row\">\n\n    <div class=\"col-sm\">\n      <div class=\"estrategia\" id=\"box-assinatura\">\n        <h3 class=\"titulo-assinatura\">Assinatura Concursos<\/h3>\n        <p class=\"subtitulo-assinatura\">Assinatura de 1 ano ou 2 anos<\/p>\n        <div class=\"box-botao\">\n          <a class=\"btn-assinatura\" target=\"_blank\" href=\"https:\/\/www.estrategiaconcursos.com.br\/assinaturas\/\" role=\"button\" rel=\"noopener noreferrer\">ASSINE AGORA<\/a>\n        <\/div>\n      <\/div><\/div><\/div><\/div>\n\n\n\n<h2 class=\"wp-block-heading has-text-align-center\" id=\"h-quer-saber-tudo-sobre-concursos-previstos-confira-os-nossos-artigos\">Quer saber tudo sobre concursos previstos?<br \/>Confira os nossos artigos!<\/h2>\n\n\n\n<ul class=\"wp-block-list\">\n<li><a href=\"https:\/\/www.estrategiaconcursos.com.br\/blog\/concursos-abertos\/\" target=\"_blank\" rel=\"noreferrer noopener\">Concursos Abertos<\/a><\/li>\n\n\n\n<li><a href=\"https:\/\/www.estrategiaconcursos.com.br\/blog\/concursos-abertos-prefeituras\/\" target=\"_blank\" rel=\"noreferrer noopener\">Concursos Abertos de Prefeituras<\/a><\/li>\n\n\n\n<li><a href=\"https:\/\/www.estrategiaconcursos.com.br\/blog\/concursos-prefeituras\/\" target=\"_blank\" rel=\"noreferrer noopener\">Concursos Prefeituras<\/a><\/li>\n\n\n\n<li><a href=\"https:\/\/www.estrategiaconcursos.com.br\/blog\/concursos-2025\/\" target=\"_blank\" rel=\"noreferrer noopener\">Concursos 2025<\/a><\/li>\n\n\n\n<li><a href=\"https:\/\/www.estrategiaconcursos.com.br\/blog\/concursos-2026\/\" target=\"_blank\" rel=\"noreferrer noopener\">Concursos 2026<\/a><\/li>\n<\/ul>\n\n\n\n<figure class=\"wp-block-image is-resized\"><img loading=\"lazy\" decoding=\"async\" width=\"1024\" height=\"632\" src=\"https:\/\/dhg1h5j42swfq.cloudfront.net\/2021\/04\/01161145\/ficha-tecnica-5-1024x632.png\" alt=\"Informa\u00e7\u00f5es do Concurso Mimoso do Sul\" class=\"wp-image-706736\" style=\"width:236px;height:145px\" srcset=\"https:\/\/dhg1h5j42swfq.cloudfront.net\/2021\/04\/01161145\/ficha-tecnica-5-1024x632.png 1024w, https:\/\/dhg1h5j42swfq.cloudfront.net\/2021\/04\/01161145\/ficha-tecnica-5-300x185.png 300w, https:\/\/dhg1h5j42swfq.cloudfront.net\/2021\/04\/01161145\/ficha-tecnica-5-768x474.png 768w, https:\/\/dhg1h5j42swfq.cloudfront.net\/2021\/04\/01161145\/ficha-tecnica-5-1536x948.png 1536w, https:\/\/dhg1h5j42swfq.cloudfront.net\/2021\/04\/01161145\/ficha-tecnica-5-610x377.png 610w, https:\/\/dhg1h5j42swfq.cloudfront.net\/2021\/04\/01161145\/ficha-tecnica-5.png 1571w\" sizes=\"auto, (max-width: 1024px) 100vw, 1024px\" \/><\/figure>\n\n\n\n<h3 class=\"wp-block-heading\" id=\"ficha-tecnica\">Informa\u00e7\u00f5es do Concurso Mimoso do Sul<\/h3>\n\n\n\n<ul class=\"wp-block-list\">\n<li><strong>Data da prova<\/strong>: a definir<\/li>\n\n\n\n<li><strong>Banca<\/strong>: Instituto Metr\u00f3pole Solu\u00e7\u00f5es<\/li>\n\n\n\n<li><strong>Escolaridade<\/strong>: todos<\/li>\n\n\n\n<li><strong>Vagas:<\/strong> 46 + CR<\/li>\n\n\n\n<li><strong>Cargos<\/strong>: v\u00e1rios<\/li>\n\n\n\n<li><strong>Edital: <\/strong><a href=\"https:\/\/dhg1h5j42swfq.cloudfront.net\/2025\/03\/24175644\/edital-001-2025.pdf\" target=\"_blank\" rel=\"noreferrer noopener nofollow\">Edital Mimoso do Sul<\/a><\/li>\n<\/ul>\n","protected":false},"excerpt":{"rendered":"<p>Ap\u00f3s passar por um recente adiamento, as provas do concurso p\u00fablico da Prefeitura de Mimoso do Sul, no Esp\u00edrito Santo, foram novamente suspensas. Segundo nota emitida pela Prefeitura, a nova data da avalia\u00e7\u00e3o n\u00e3o poder\u00e1 coincidir com outros concursos p\u00fablicos no Estado do Esp\u00edrito Santo. Um novo cronograma ser\u00e1 divulgado em momento oportuno. Confira abaixo [&hellip;]<\/p>\n","protected":false},"author":1,"featured_media":1540739,"comment_status":"open","ping_status":"closed","sticky":false,"template":"","format":"standard","meta":{"post_tipo":"news_page","footnotes":""},"categories":[214992],"tags":[],"tax_estado":[219971],"class_list":["post-1551157","post","type-post","status-publish","format-standard","has-post-thumbnail","hentry","category-concursos-administrativos","tax_estado-es"],"acf":[],"yoast_head":"<!-- This site is optimized with the Yoast SEO Premium plugin v27.2 (Yoast SEO v27.2) - https:\/\/yoast.com\/product\/yoast-seo-premium-wordpress\/ -->\n<title>Concurso Mimoso do Sul ES: provas s\u00e3o novamente adiadas<\/title>\n<meta name=\"description\" content=\"Concurso P\u00fablico da Prefeitura de Mimoso do Sul - ES: provas adiadas para 46 vagas mais cadastro reserva. Novo cronograma em breve!\" \/>\n<meta name=\"robots\" content=\"index, follow, max-snippet:-1, max-image-preview:large, max-video-preview:-1\" \/>\n<link rel=\"canonical\" href=\"https:\/\/www.estrategiaconcursos.com.br\/blog\/concurso-prefeitura-mimoso-do-sul\/\" \/>\n<meta property=\"og:locale\" content=\"pt_BR\" \/>\n<meta property=\"og:type\" content=\"article\" \/>\n<meta property=\"og:title\" content=\"Concurso Mimoso do Sul ES: provas s\u00e3o novamente adiadas\" \/>\n<meta property=\"og:description\" content=\"Concurso P\u00fablico da Prefeitura de Mimoso do Sul - ES: provas adiadas para 46 vagas mais cadastro reserva. Novo cronograma em breve!\" \/>\n<meta property=\"og:url\" content=\"https:\/\/www.estrategiaconcursos.com.br\/blog\/concurso-prefeitura-mimoso-do-sul\/\" \/>\n<meta property=\"og:site_name\" content=\"Estrat\u00e9gia Concursos\" \/>\n<meta property=\"article:author\" content=\"https:\/\/www.facebook.com\/EstrategiaConcursos\" \/>\n<meta property=\"article:published_time\" content=\"2025-05-16T18:55:00+00:00\" \/>\n<meta property=\"article:modified_time\" content=\"2025-05-16T18:56:01+00:00\" \/>\n<meta property=\"og:image\" content=\"https:\/\/dhg1h5j42swfq.cloudfront.net\/2025\/03\/05201612\/concursos-prefeituras-1024x536-1.jpg\" \/>\n\t<meta property=\"og:image:width\" content=\"1024\" \/>\n\t<meta property=\"og:image:height\" content=\"536\" \/>\n\t<meta property=\"og:image:type\" content=\"image\/jpeg\" \/>\n<meta name=\"author\" content=\"Coordena\u00e7\u00e3o\" \/>\n<meta name=\"twitter:card\" content=\"summary_large_image\" \/>\n<meta name=\"twitter:creator\" content=\"@EstratConcursos\" \/>\n<meta name=\"twitter:site\" content=\"@EstratConcursos\" \/>\n<meta name=\"twitter:label1\" content=\"Escrito por\" \/>\n\t<meta name=\"twitter:data1\" content=\"Coordena\u00e7\u00e3o\" \/>\n\t<meta name=\"twitter:label2\" content=\"Est. tempo de leitura\" \/>\n\t<meta name=\"twitter:data2\" content=\"5 minutos\" \/>\n<script type=\"application\/ld+json\" class=\"yoast-schema-graph\">{\"@context\":\"https:\/\/schema.org\",\"@graph\":[{\"@type\":\"NewsArticle\",\"@id\":\"https:\/\/www.estrategiaconcursos.com.br\/blog\/concurso-prefeitura-mimoso-do-sul\/#article\",\"isPartOf\":{\"@id\":\"https:\/\/www.estrategiaconcursos.com.br\/blog\/concurso-prefeitura-mimoso-do-sul\/\"},\"author\":{\"name\":\"Coordena\u00e7\u00e3o\",\"@id\":\"https:\/\/www.estrategiaconcursos.com.br\/blog\/#\/schema\/person\/b4a388c97673c5f483d72185668afa1f\"},\"headline\":\"Concurso Mimoso do Sul ES: provas s\u00e3o novamente adiadas\",\"datePublished\":\"2025-05-16T18:55:00+00:00\",\"dateModified\":\"2025-05-16T18:56:01+00:00\",\"mainEntityOfPage\":{\"@id\":\"https:\/\/www.estrategiaconcursos.com.br\/blog\/concurso-prefeitura-mimoso-do-sul\/\"},\"wordCount\":997,\"commentCount\":0,\"publisher\":{\"@id\":\"https:\/\/www.estrategiaconcursos.com.br\/blog\/#organization\"},\"image\":{\"@id\":\"https:\/\/www.estrategiaconcursos.com.br\/blog\/concurso-prefeitura-mimoso-do-sul\/#primaryimage\"},\"thumbnailUrl\":\"https:\/\/dhg1h5j42swfq.cloudfront.net\/2025\/03\/05201612\/concursos-prefeituras-1024x536-1.jpg\",\"articleSection\":[\"Executivo (Administrativa)\"],\"inLanguage\":\"pt-BR\",\"potentialAction\":[{\"@type\":\"CommentAction\",\"name\":\"Comment\",\"target\":[\"https:\/\/www.estrategiaconcursos.com.br\/blog\/concurso-prefeitura-mimoso-do-sul\/#respond\"]}],\"copyrightYear\":\"2025\",\"copyrightHolder\":{\"@id\":\"https:\/\/www.estrategiaconcursos.com.br\/blog\/#organization\"}},{\"@type\":\"WebPage\",\"@id\":\"https:\/\/www.estrategiaconcursos.com.br\/blog\/concurso-prefeitura-mimoso-do-sul\/\",\"url\":\"https:\/\/www.estrategiaconcursos.com.br\/blog\/concurso-prefeitura-mimoso-do-sul\/\",\"name\":\"Concurso Mimoso do Sul ES: provas s\u00e3o novamente adiadas\",\"isPartOf\":{\"@id\":\"https:\/\/www.estrategiaconcursos.com.br\/blog\/#website\"},\"primaryImageOfPage\":{\"@id\":\"https:\/\/www.estrategiaconcursos.com.br\/blog\/concurso-prefeitura-mimoso-do-sul\/#primaryimage\"},\"image\":{\"@id\":\"https:\/\/www.estrategiaconcursos.com.br\/blog\/concurso-prefeitura-mimoso-do-sul\/#primaryimage\"},\"thumbnailUrl\":\"https:\/\/dhg1h5j42swfq.cloudfront.net\/2025\/03\/05201612\/concursos-prefeituras-1024x536-1.jpg\",\"datePublished\":\"2025-05-16T18:55:00+00:00\",\"dateModified\":\"2025-05-16T18:56:01+00:00\",\"description\":\"Concurso P\u00fablico da Prefeitura de Mimoso do Sul - ES: provas adiadas para 46 vagas mais cadastro reserva. Novo cronograma em breve!\",\"breadcrumb\":{\"@id\":\"https:\/\/www.estrategiaconcursos.com.br\/blog\/concurso-prefeitura-mimoso-do-sul\/#breadcrumb\"},\"inLanguage\":\"pt-BR\",\"potentialAction\":[{\"@type\":\"ReadAction\",\"target\":[\"https:\/\/www.estrategiaconcursos.com.br\/blog\/concurso-prefeitura-mimoso-do-sul\/\"]}]},{\"@type\":\"ImageObject\",\"inLanguage\":\"pt-BR\",\"@id\":\"https:\/\/www.estrategiaconcursos.com.br\/blog\/concurso-prefeitura-mimoso-do-sul\/#primaryimage\",\"url\":\"https:\/\/dhg1h5j42swfq.cloudfront.net\/2025\/03\/05201612\/concursos-prefeituras-1024x536-1.jpg\",\"contentUrl\":\"https:\/\/dhg1h5j42swfq.cloudfront.net\/2025\/03\/05201612\/concursos-prefeituras-1024x536-1.jpg\",\"width\":1024,\"height\":536,\"caption\":\"Concurso Lagoa da Prata MG\"},{\"@type\":\"BreadcrumbList\",\"@id\":\"https:\/\/www.estrategiaconcursos.com.br\/blog\/concurso-prefeitura-mimoso-do-sul\/#breadcrumb\",\"itemListElement\":[{\"@type\":\"ListItem\",\"position\":1,\"name\":\"In\u00edcio\",\"item\":\"https:\/\/www.estrategiaconcursos.com.br\/blog\/\"},{\"@type\":\"ListItem\",\"position\":2,\"name\":\"Concurso Mimoso do Sul ES: provas s\u00e3o novamente adiadas\"}]},{\"@type\":\"WebSite\",\"@id\":\"https:\/\/www.estrategiaconcursos.com.br\/blog\/#website\",\"url\":\"https:\/\/www.estrategiaconcursos.com.br\/blog\/\",\"name\":\"Estrat\u00e9gia Concursos\",\"description\":\"O blog da Estrat\u00e9gia Concursos traz not\u00edcias sobre concursos e artigos de professores oferecendo cursos para concursos (pdf + videaulas) no site.\",\"publisher\":{\"@id\":\"https:\/\/www.estrategiaconcursos.com.br\/blog\/#organization\"},\"potentialAction\":[{\"@type\":\"SearchAction\",\"target\":{\"@type\":\"EntryPoint\",\"urlTemplate\":\"https:\/\/www.estrategiaconcursos.com.br\/blog\/?s={search_term_string}\"},\"query-input\":{\"@type\":\"PropertyValueSpecification\",\"valueRequired\":true,\"valueName\":\"search_term_string\"}}],\"inLanguage\":\"pt-BR\"},{\"@type\":\"Organization\",\"@id\":\"https:\/\/www.estrategiaconcursos.com.br\/blog\/#organization\",\"name\":\"Estrat\u00e9gia Concursos\",\"url\":\"https:\/\/www.estrategiaconcursos.com.br\/blog\/\",\"logo\":{\"@type\":\"ImageObject\",\"inLanguage\":\"pt-BR\",\"@id\":\"https:\/\/www.estrategiaconcursos.com.br\/blog\/#\/schema\/logo\/image\/\",\"url\":\"https:\/\/dhg1h5j42swfq.cloudfront.net\/2025\/06\/03203428\/logo_concursos-1.jpg\",\"contentUrl\":\"https:\/\/dhg1h5j42swfq.cloudfront.net\/2025\/06\/03203428\/logo_concursos-1.jpg\",\"width\":230,\"height\":60,\"caption\":\"Estrat\u00e9gia Concursos\"},\"image\":{\"@id\":\"https:\/\/www.estrategiaconcursos.com.br\/blog\/#\/schema\/logo\/image\/\"},\"sameAs\":[\"https:\/\/x.com\/EstratConcursos\"]},{\"@type\":\"Person\",\"@id\":\"https:\/\/www.estrategiaconcursos.com.br\/blog\/#\/schema\/person\/b4a388c97673c5f483d72185668afa1f\",\"name\":\"Coordena\u00e7\u00e3o\",\"image\":{\"@type\":\"ImageObject\",\"inLanguage\":\"pt-BR\",\"@id\":\"https:\/\/secure.gravatar.com\/avatar\/b720319e4c9a967eb58678d110f4fe35452fc5d5f97b202bac7b8acceb18c6ad?s=96&d=mm&r=g\",\"url\":\"https:\/\/secure.gravatar.com\/avatar\/b720319e4c9a967eb58678d110f4fe35452fc5d5f97b202bac7b8acceb18c6ad?s=96&d=mm&r=g\",\"contentUrl\":\"https:\/\/secure.gravatar.com\/avatar\/b720319e4c9a967eb58678d110f4fe35452fc5d5f97b202bac7b8acceb18c6ad?s=96&d=mm&r=g\",\"caption\":\"Coordena\u00e7\u00e3o\"},\"sameAs\":[\"https:\/\/www.facebook.com\/EstrategiaConcursos\",\"https:\/\/x.com\/EstratConcursos\"],\"url\":\"https:\/\/www.estrategiaconcursos.com.br\/blog\/author\/estrategia2013\/\"}]}<\/script>\n<!-- \/ Yoast SEO Premium plugin. -->","yoast_head_json":{"title":"Concurso Mimoso do Sul ES: provas s\u00e3o novamente adiadas","description":"Concurso P\u00fablico da Prefeitura de Mimoso do Sul - ES: provas adiadas para 46 vagas mais cadastro reserva. Novo cronograma em breve!","robots":{"index":"index","follow":"follow","max-snippet":"max-snippet:-1","max-image-preview":"max-image-preview:large","max-video-preview":"max-video-preview:-1"},"canonical":"https:\/\/www.estrategiaconcursos.com.br\/blog\/concurso-prefeitura-mimoso-do-sul\/","og_locale":"pt_BR","og_type":"article","og_title":"Concurso Mimoso do Sul ES: provas s\u00e3o novamente adiadas","og_description":"Concurso P\u00fablico da Prefeitura de Mimoso do Sul - ES: provas adiadas para 46 vagas mais cadastro reserva. Novo cronograma em breve!","og_url":"https:\/\/www.estrategiaconcursos.com.br\/blog\/concurso-prefeitura-mimoso-do-sul\/","og_site_name":"Estrat\u00e9gia Concursos","article_author":"https:\/\/www.facebook.com\/EstrategiaConcursos","article_published_time":"2025-05-16T18:55:00+00:00","article_modified_time":"2025-05-16T18:56:01+00:00","og_image":[{"width":1024,"height":536,"url":"https:\/\/dhg1h5j42swfq.cloudfront.net\/2025\/03\/05201612\/concursos-prefeituras-1024x536-1.jpg","type":"image\/jpeg"}],"author":"Coordena\u00e7\u00e3o","twitter_card":"summary_large_image","twitter_creator":"@EstratConcursos","twitter_site":"@EstratConcursos","twitter_misc":{"Escrito por":"Coordena\u00e7\u00e3o","Est. tempo de leitura":"5 minutos"},"schema":{"@context":"https:\/\/schema.org","@graph":[{"@type":"NewsArticle","@id":"https:\/\/www.estrategiaconcursos.com.br\/blog\/concurso-prefeitura-mimoso-do-sul\/#article","isPartOf":{"@id":"https:\/\/www.estrategiaconcursos.com.br\/blog\/concurso-prefeitura-mimoso-do-sul\/"},"author":{"name":"Coordena\u00e7\u00e3o","@id":"https:\/\/www.estrategiaconcursos.com.br\/blog\/#\/schema\/person\/b4a388c97673c5f483d72185668afa1f"},"headline":"Concurso Mimoso do Sul ES: provas s\u00e3o novamente adiadas","datePublished":"2025-05-16T18:55:00+00:00","dateModified":"2025-05-16T18:56:01+00:00","mainEntityOfPage":{"@id":"https:\/\/www.estrategiaconcursos.com.br\/blog\/concurso-prefeitura-mimoso-do-sul\/"},"wordCount":997,"commentCount":0,"publisher":{"@id":"https:\/\/www.estrategiaconcursos.com.br\/blog\/#organization"},"image":{"@id":"https:\/\/www.estrategiaconcursos.com.br\/blog\/concurso-prefeitura-mimoso-do-sul\/#primaryimage"},"thumbnailUrl":"https:\/\/dhg1h5j42swfq.cloudfront.net\/2025\/03\/05201612\/concursos-prefeituras-1024x536-1.jpg","articleSection":["Executivo (Administrativa)"],"inLanguage":"pt-BR","potentialAction":[{"@type":"CommentAction","name":"Comment","target":["https:\/\/www.estrategiaconcursos.com.br\/blog\/concurso-prefeitura-mimoso-do-sul\/#respond"]}],"copyrightYear":"2025","copyrightHolder":{"@id":"https:\/\/www.estrategiaconcursos.com.br\/blog\/#organization"}},{"@type":"WebPage","@id":"https:\/\/www.estrategiaconcursos.com.br\/blog\/concurso-prefeitura-mimoso-do-sul\/","url":"https:\/\/www.estrategiaconcursos.com.br\/blog\/concurso-prefeitura-mimoso-do-sul\/","name":"Concurso Mimoso do Sul ES: provas s\u00e3o novamente adiadas","isPartOf":{"@id":"https:\/\/www.estrategiaconcursos.com.br\/blog\/#website"},"primaryImageOfPage":{"@id":"https:\/\/www.estrategiaconcursos.com.br\/blog\/concurso-prefeitura-mimoso-do-sul\/#primaryimage"},"image":{"@id":"https:\/\/www.estrategiaconcursos.com.br\/blog\/concurso-prefeitura-mimoso-do-sul\/#primaryimage"},"thumbnailUrl":"https:\/\/dhg1h5j42swfq.cloudfront.net\/2025\/03\/05201612\/concursos-prefeituras-1024x536-1.jpg","datePublished":"2025-05-16T18:55:00+00:00","dateModified":"2025-05-16T18:56:01+00:00","description":"Concurso P\u00fablico da Prefeitura de Mimoso do Sul - ES: provas adiadas para 46 vagas mais cadastro reserva. Novo cronograma em breve!","breadcrumb":{"@id":"https:\/\/www.estrategiaconcursos.com.br\/blog\/concurso-prefeitura-mimoso-do-sul\/#breadcrumb"},"inLanguage":"pt-BR","potentialAction":[{"@type":"ReadAction","target":["https:\/\/www.estrategiaconcursos.com.br\/blog\/concurso-prefeitura-mimoso-do-sul\/"]}]},{"@type":"ImageObject","inLanguage":"pt-BR","@id":"https:\/\/www.estrategiaconcursos.com.br\/blog\/concurso-prefeitura-mimoso-do-sul\/#primaryimage","url":"https:\/\/dhg1h5j42swfq.cloudfront.net\/2025\/03\/05201612\/concursos-prefeituras-1024x536-1.jpg","contentUrl":"https:\/\/dhg1h5j42swfq.cloudfront.net\/2025\/03\/05201612\/concursos-prefeituras-1024x536-1.jpg","width":1024,"height":536,"caption":"Concurso Lagoa da Prata MG"},{"@type":"BreadcrumbList","@id":"https:\/\/www.estrategiaconcursos.com.br\/blog\/concurso-prefeitura-mimoso-do-sul\/#breadcrumb","itemListElement":[{"@type":"ListItem","position":1,"name":"In\u00edcio","item":"https:\/\/www.estrategiaconcursos.com.br\/blog\/"},{"@type":"ListItem","position":2,"name":"Concurso Mimoso do Sul ES: provas s\u00e3o novamente adiadas"}]},{"@type":"WebSite","@id":"https:\/\/www.estrategiaconcursos.com.br\/blog\/#website","url":"https:\/\/www.estrategiaconcursos.com.br\/blog\/","name":"Estrat\u00e9gia Concursos","description":"O blog da Estrat\u00e9gia Concursos traz not\u00edcias sobre concursos e artigos de professores oferecendo cursos para concursos (pdf + videaulas) no site.","publisher":{"@id":"https:\/\/www.estrategiaconcursos.com.br\/blog\/#organization"},"potentialAction":[{"@type":"SearchAction","target":{"@type":"EntryPoint","urlTemplate":"https:\/\/www.estrategiaconcursos.com.br\/blog\/?s={search_term_string}"},"query-input":{"@type":"PropertyValueSpecification","valueRequired":true,"valueName":"search_term_string"}}],"inLanguage":"pt-BR"},{"@type":"Organization","@id":"https:\/\/www.estrategiaconcursos.com.br\/blog\/#organization","name":"Estrat\u00e9gia Concursos","url":"https:\/\/www.estrategiaconcursos.com.br\/blog\/","logo":{"@type":"ImageObject","inLanguage":"pt-BR","@id":"https:\/\/www.estrategiaconcursos.com.br\/blog\/#\/schema\/logo\/image\/","url":"https:\/\/dhg1h5j42swfq.cloudfront.net\/2025\/06\/03203428\/logo_concursos-1.jpg","contentUrl":"https:\/\/dhg1h5j42swfq.cloudfront.net\/2025\/06\/03203428\/logo_concursos-1.jpg","width":230,"height":60,"caption":"Estrat\u00e9gia Concursos"},"image":{"@id":"https:\/\/www.estrategiaconcursos.com.br\/blog\/#\/schema\/logo\/image\/"},"sameAs":["https:\/\/x.com\/EstratConcursos"]},{"@type":"Person","@id":"https:\/\/www.estrategiaconcursos.com.br\/blog\/#\/schema\/person\/b4a388c97673c5f483d72185668afa1f","name":"Coordena\u00e7\u00e3o","image":{"@type":"ImageObject","inLanguage":"pt-BR","@id":"https:\/\/secure.gravatar.com\/avatar\/b720319e4c9a967eb58678d110f4fe35452fc5d5f97b202bac7b8acceb18c6ad?s=96&d=mm&r=g","url":"https:\/\/secure.gravatar.com\/avatar\/b720319e4c9a967eb58678d110f4fe35452fc5d5f97b202bac7b8acceb18c6ad?s=96&d=mm&r=g","contentUrl":"https:\/\/secure.gravatar.com\/avatar\/b720319e4c9a967eb58678d110f4fe35452fc5d5f97b202bac7b8acceb18c6ad?s=96&d=mm&r=g","caption":"Coordena\u00e7\u00e3o"},"sameAs":["https:\/\/www.facebook.com\/EstrategiaConcursos","https:\/\/x.com\/EstratConcursos"],"url":"https:\/\/www.estrategiaconcursos.com.br\/blog\/author\/estrategia2013\/"}]}},"_links":{"self":[{"href":"https:\/\/www.estrategiaconcursos.com.br\/blog\/wp-json\/wp\/v2\/posts\/1551157","targetHints":{"allow":["GET"]}}],"collection":[{"href":"https:\/\/www.estrategiaconcursos.com.br\/blog\/wp-json\/wp\/v2\/posts"}],"about":[{"href":"https:\/\/www.estrategiaconcursos.com.br\/blog\/wp-json\/wp\/v2\/types\/post"}],"author":[{"embeddable":true,"href":"https:\/\/www.estrategiaconcursos.com.br\/blog\/wp-json\/wp\/v2\/users\/1"}],"replies":[{"embeddable":true,"href":"https:\/\/www.estrategiaconcursos.com.br\/blog\/wp-json\/wp\/v2\/comments?post=1551157"}],"version-history":[{"count":8,"href":"https:\/\/www.estrategiaconcursos.com.br\/blog\/wp-json\/wp\/v2\/posts\/1551157\/revisions"}],"predecessor-version":[{"id":1577113,"href":"https:\/\/www.estrategiaconcursos.com.br\/blog\/wp-json\/wp\/v2\/posts\/1551157\/revisions\/1577113"}],"wp:featuredmedia":[{"embeddable":true,"href":"https:\/\/www.estrategiaconcursos.com.br\/blog\/wp-json\/wp\/v2\/media\/1540739"}],"wp:attachment":[{"href":"https:\/\/www.estrategiaconcursos.com.br\/blog\/wp-json\/wp\/v2\/media?parent=1551157"}],"wp:term":[{"taxonomy":"category","embeddable":true,"href":"https:\/\/www.estrategiaconcursos.com.br\/blog\/wp-json\/wp\/v2\/categories?post=1551157"},{"taxonomy":"post_tag","embeddable":true,"href":"https:\/\/www.estrategiaconcursos.com.br\/blog\/wp-json\/wp\/v2\/tags?post=1551157"},{"taxonomy":"tax_estado","embeddable":true,"href":"https:\/\/www.estrategiaconcursos.com.br\/blog\/wp-json\/wp\/v2\/tax_estado?post=1551157"}],"curies":[{"name":"wp","href":"https:\/\/api.w.org\/{rel}","templated":true}]}}