{"id":154995,"date":"2019-01-20T00:00:10","date_gmt":"2019-01-20T03:00:10","guid":{"rendered":"https:\/\/www.estrategiaconcursos.com.br\/blog\/?p=154995"},"modified":"2019-02-09T09:38:25","modified_gmt":"2019-02-09T12:38:25","slug":"edital-prefeitura-de-maraba","status":"publish","type":"post","link":"https:\/\/www.estrategiaconcursos.com.br\/blog\/edital-prefeitura-de-maraba\/","title":{"rendered":"Edital Prefeitura de Marab\u00e1: confira o cronograma de aplica\u00e7\u00e3o de provas"},"content":{"rendered":"\n<p>Com oferta de 845 vagas para cargos\u00a0que exigem forma\u00e7\u00e3o em N\u00edvel Fundamental, M\u00e9dio e Superior e sal\u00e1rios de at\u00e9 <strong>R$ 3.565,13, <\/strong>as provas objetivas ser\u00e3o aplicadas em mar\u00e7o, em tr\u00eas dias diferentes de acordo com a escolaridade, conforme listado abaixo:<\/p>\n\n\n\n<p><strong><em>17 de mar\u00e7o<\/em>:<\/strong><\/p>\n\n\n\n<p><strong>MANH\u00c3<\/strong>, das 8h \u00e0s 12h (hor\u00e1rio local), para todos os candidatos do cargo de N\u00edvel Fundamental (exceto Agente de Portaria). <\/p>\n\n\n\n<p><strong>TARDE<\/strong>, das 14h30 \u00e0s 18h30 (hor\u00e1rio local), somente para os candidatos do cargo de N\u00edvel Fundamental de Agente de Portaria. <\/p>\n\n\n\n<p><strong><em>23 de mar\u00e7o<\/em><\/strong>:<\/p>\n\n\n\n<p><strong>TARDE<\/strong>, das 14h \u00e0s 18h (hor\u00e1rio local), para todos os candidatos dos cargos de N\u00edvel Superior.<\/p>\n\n\n\n<p><em><strong>24 de mar\u00e7o<\/strong><\/em>:<\/p>\n\n\n\n<p><strong>MANH\u00c3<\/strong>, das 8h \u00e0s 12h (hor\u00e1rio local), para todos os candidatos dos cargos de N\u00edvel M\u00e9dio de Agente de Tr\u00e2nsito e de Auxiliar de Secretaria Escolar. <\/p>\n\n\n\n<p><strong>TARDE<\/strong>, das 14h30 \u00e0s 18h30 (hor\u00e1rio local), para todos os demais candidatos dos cargos de N\u00edvel M\u00e9dio (exceto dos cargos de Agente de Tr\u00e2nsito e de Auxiliar de Secretaria Escolar). <\/p>\n\n\n\n<h2 class=\"wp-block-heading\">Datas importantes<\/h2>\n\n\n\n<p><strong>Inscri\u00e7\u00f5es:<\/strong> 12\/12 a 21\/01\/2019<br \/><strong>Taxa:<\/strong> R$ 50,00 a R$ 70,00<br \/><strong>Data da prova:<\/strong> 27, 23 e 24\/03\/2019<\/p>\n\n\n\n<h2 class=\"wp-block-heading\">Cargos ofertados<\/h2>\n\n\n\n<p>Veja a seguir os cargos com vagas em aberto:<\/p>\n\n\n\n<p><strong>N\u00edvel Fundamental<\/strong><br \/><em>Agente de Portaria<\/em><br \/><em>Agente de Servi\u00e7os Gerais<\/em><br \/><em>Auxiliar de Servi\u00e7os Gerais<\/em><br \/><em>Operador de M\u00e1quinas Pesadas<\/em><br \/><em>Almoxarife<\/em><br \/><em>Motorista<\/em><\/p>\n\n\n\n<p><strong>N\u00edvel M\u00e9dio\/T\u00e9cnico<\/strong><br \/><em>Agente de Tr\u00e2nsito<\/em><br \/><em>Assistente Administrativo<\/em><br \/><em>Auxiliar de Farm\u00e1cia<\/em><br \/><em>Auxiliar de Regula\u00e7\u00e3o<\/em><br \/><em>Auxiliar em Sa\u00fade Bucal<\/em><br \/><em>Auxiliar de Secretaria de Escola<\/em><br \/><em>Cuidador<\/em><br \/><em>Guarda Municipal<\/em><br \/><em>Operador de ETE<\/em><br \/><em>R\u00e1dio Operador<\/em><br \/><em>Assistente Administrativo<\/em><br \/><em>Agente de Regulariza\u00e7\u00e3o Fundi\u00e1ria<\/em><br \/><em>T\u00e9cnico de Controle Interno<\/em><\/p>\n\n\n\n<p><strong>T\u00e9cnico<\/strong><br \/><em>Enfermagem<\/em><br \/><em>Enfermagem<\/em><br \/><em>Seguran\u00e7a no Trabalho<\/em><br \/><em>Enfermagem e Instrumentador Cir\u00fargico<\/em><br \/><em>Laborat\u00f3rio<\/em><br \/><em>Nutri\u00e7\u00e3o e Diet\u00e9tica<\/em><br \/><em>Seguran\u00e7a do Trabalho<\/em><br \/><em>Vigil\u00e2ncia Sanit\u00e1ria<\/em><br \/><em>Radiologia<\/em><br \/><em>Agrimensura<\/em><br \/><em>Previdenci\u00e1rio<\/em><\/p>\n\n\n\n<p><strong>N\u00edvel Superior<\/strong><br \/><em>Administrador<\/em><br \/><em>Analista de Controle Interno<\/em><br \/><em>Assistente Social&#8217;<\/em><br \/><em>Analista de Sistema<\/em><br \/><em>Biom\u00e9dico<\/em><br \/><em>Educador F\u00edsico<\/em><br \/><em>Enfermeiro<\/em><br \/><em>Enfermeiro Obstetra<\/em><br \/><em>Enfermeiro Psiqui\u00e1trico<\/em><br \/><em>Engenheiro Agr\u00f4nomo<\/em><br \/><em>Engenheiro Civil<\/em><br \/><em>Engenheiro Florestal<\/em><br \/><em>Engenheiro de Seguran\u00e7a do Trabalho<\/em><br \/><em>Estat\u00edstico<\/em><br \/><em>Farmac\u00eautico Bioqu\u00edmico<\/em><br \/><em>Fisioterapeuta<\/em><br \/><em>Fiscal Ambiental<\/em><br \/><em>Fonoaudi\u00f3logo<\/em><br \/><em>Ge\u00f3logo<\/em><br \/><em>Jornalista<\/em><br \/><em>M\u00e9dico Cl\u00ednico Geral<\/em><br \/><em>M\u00e9dico Veterin\u00e1rio<\/em><br \/><em>Nutricionista<\/em><br \/><em>Professor<\/em><br \/><em>Psic\u00f3logo<\/em><br \/><em>Profissional de Apoio Escolar<\/em><br \/><em>Tradutor e Int\u00e9rprete de libras<\/em><br \/><em>Tecn\u00f3logo de Alimentos<\/em><br \/><em>Terapeuta Ocupacional<\/em><br \/><em>Zootecnista<\/em><br \/><em>M\u00e9dico Perito<\/em><br \/><em>Analista Previdenci\u00e1rio<\/em><\/p>\n\n\n\n<h2 class=\"wp-block-heading\"><strong><span style=\"font-size: 18pt;\">Aplica\u00e7\u00e3o da prova e disciplinas<\/span><\/strong><\/h2>\n\n\n\n<p>Os candidatos de n\u00edvel Superior de professores ser\u00e3o avaliados com provas objetivas de portugu\u00eas, Legisla\u00e7\u00e3o Municipal, Legisla\u00e7\u00e3o Pedag\u00f3gica e conhecimentos espec\u00edficos. J\u00e1 para os de cargos de n\u00edvel Superior, exceto de professores, os concurseiros ser\u00e3o avaliados com provas objetivas de Portugu\u00eas, Legisla\u00e7\u00e3o Municipal, atualidades e conhecimentos espec\u00edficos.<\/p>\n\n\n\n<p>Para os cargos de n\u00edvel M\u00e9dio, as provas objetivas ser\u00e3o Portugu\u00eas, Legisla\u00e7\u00e3o Municipal, Matem\u00e1tica e Racioc\u00ednio L\u00f3gico, No\u00e7\u00f5es de Inform\u00e1tica e Conhecimentos Espec\u00edficos. E os de N\u00edvel Fundamental Completo, os candidatos ser\u00e3o avaliados por provas objetivas de Portugu\u00eas, Legisla\u00e7\u00e3o Municipal, Matem\u00e1tica e Racioc\u00ednio L\u00f3gico e Atualidades.<\/p>\n\n\n\n<h2 class=\"wp-block-heading\">Etapas do concurso<\/h2>\n\n\n\n<p>A sele\u00e7\u00e3o para os cargos ser\u00e1 composta de exame de conhecimentos, mediante a aplica\u00e7\u00e3o de provas objetivas de car\u00e1ter eliminat\u00f3rio e classificat\u00f3rio, para todos os cargos; prova de t\u00edtulos, de car\u00e1ter classificat\u00f3rio, aplicada aos candidatos dos cargos de n\u00edvel Superior e&nbsp;Prova de Aptid\u00e3o F\u00edsica aos candidatos dos cargos de Guarda Municipal.<\/p>\n\n\n\n<figure class=\"wp-block-image\"><img decoding=\"async\" src=\"https:\/\/dhg1h5j42swfq.cloudfront.net\/2018\/12\/09163201\/Edital-Prefeitura-de-Marab%C3%A1.png\" alt=\"\" class=\"wp-image-155040\"\/><\/figure>\n\n\n\n<p style=\"text-align:center\"><span style=\"font-size: 14pt;\"><strong><em>Gostou dessa\u00a0oportunidade e deseja se preparar para este concurso?<\/em><\/strong><\/span><span style=\"font-size: 14pt;\"><strong><em>Esteja mais preparado com nossos cursos. Acompanhe as novidades!<\/em><\/strong><\/span><\/p>\n\n\n\n<p style=\"text-align:center\"><span style=\"font-size: 18pt;\"><strong><a href=\"https:\/\/www.estrategiaconcursos.com.br\/cursosPorConcurso\/prefeitura-municipal-de-maraba\/\" target=\"_blank\" rel=\"noopener\">CURSOS PARA CONCURSO PREFEITURA DE MARAB\u00c1<\/a><\/strong><\/span><\/p>\n\n\n\n<div class=\"wp-block-image\"><figure class=\"aligncenter\"><img loading=\"lazy\" decoding=\"async\" width=\"300\" height=\"102\" src=\"https:\/\/dhg1h5j42swfq.cloudfront.net\/2017\/03\/28152500\/coruja-ficha-tecnica-300x102.png\" alt=\"Ficha t\u00e9cnica Edital Prefeitura de Marab\u00e1\" class=\"wp-image-68542\"\/><\/figure><\/div>\n\n\n\n<p><strong>\u2666Informa\u00e7\u00f5es do Concurso Prefeitura de Marab\u00e1<\/strong><br \/>\u25baData da prova: 17, 23 e 24\/03\/2019<br \/>\u25baVagas: 845<br \/>\u25baRemunera\u00e7\u00e3o inicial: R$ 900 a R$ 3.500\u00a0<em><strong><br \/><\/strong><\/em>\u25baBanca: FADESP<br \/>\u25baEscolaridade: N\u00edvel Fundamental, M\u00e9dio e Superior<br \/>\u25baEdital:\u00a0<a rel=\"noopener\" href=\"https:\/\/dhg1h5j42swfq.cloudfront.net\/2018\/12\/13125226\/maraba.pdf\" target=\"_blank\">Edital Prefeitura de Marab\u00e1<\/a><br \/>\u25ba<a rel=\"noreferrer noopener\" aria-label=\"Datas retificadas (opens in a new tab)\" href=\"https:\/\/dhg1h5j42swfq.cloudfront.net\/2019\/02\/09093437\/576_edital_n_04_2018_pmm_-_datas_de_provas_objetivas.pdf\" target=\"_blank\">Datas retificadas<\/a><\/p>\n\n\n\n<p><em>Daiana dos Santos<br \/><\/em>Jornalismo do Estrat\u00e9gia<\/p>\n","protected":false},"excerpt":{"rendered":"<p>Com oferta de 845 vagas para cargos\u00a0que exigem forma\u00e7\u00e3o em N\u00edvel Fundamental, M\u00e9dio e Superior e sal\u00e1rios de at\u00e9 R$ 3.565,13, as provas objetivas ser\u00e3o aplicadas em mar\u00e7o, em tr\u00eas dias diferentes de acordo com a escolaridade, conforme listado abaixo: 17 de mar\u00e7o: MANH\u00c3, das 8h \u00e0s 12h (hor\u00e1rio local), para todos os candidatos do [&hellip;]<\/p>\n","protected":false},"author":1,"featured_media":160669,"comment_status":"open","ping_status":"closed","sticky":false,"template":"","format":"standard","meta":{"post_tipo":"news","footnotes":""},"categories":[1],"tags":[],"tax_estado":[],"class_list":["post-154995","post","type-post","status-publish","format-standard","has-post-thumbnail","hentry","category-cursos-e-concursos"],"acf":[],"yoast_head":"<!-- This site is optimized with the Yoast SEO Premium plugin v27.2 (Yoast SEO v27.2) - https:\/\/yoast.com\/product\/yoast-seo-premium-wordpress\/ -->\n<title>Edital Prefeitura de Marab\u00e1: confira o cronograma de aplica\u00e7\u00e3o de provas<\/title>\n<meta name=\"description\" content=\"Edital Prefeitura de Marab\u00e1: com oferta de 845 vagas em diversos cargos e n\u00edveis de forma\u00e7\u00e3o e remunera\u00e7\u00e3o de at\u00e9 R$ 3.565,13, provas acontecem em mar\u00e7o.\" \/>\n<meta name=\"robots\" content=\"index, follow, max-snippet:-1, max-image-preview:large, max-video-preview:-1\" \/>\n<link rel=\"canonical\" href=\"https:\/\/www.estrategiaconcursos.com.br\/blog\/edital-prefeitura-de-maraba\/\" \/>\n<meta property=\"og:locale\" content=\"pt_BR\" \/>\n<meta property=\"og:type\" content=\"article\" \/>\n<meta property=\"og:title\" content=\"Edital Prefeitura de Marab\u00e1: confira o cronograma de aplica\u00e7\u00e3o de provas\" \/>\n<meta property=\"og:description\" content=\"Edital Prefeitura de Marab\u00e1: com oferta de 845 vagas em diversos cargos e n\u00edveis de forma\u00e7\u00e3o e remunera\u00e7\u00e3o de at\u00e9 R$ 3.565,13, provas acontecem em mar\u00e7o.\" \/>\n<meta property=\"og:url\" content=\"https:\/\/www.estrategiaconcursos.com.br\/blog\/edital-prefeitura-de-maraba\/\" \/>\n<meta property=\"og:site_name\" content=\"Estrat\u00e9gia Concursos\" \/>\n<meta property=\"article:author\" content=\"https:\/\/www.facebook.com\/EstrategiaConcursos\" \/>\n<meta property=\"article:published_time\" content=\"2019-01-20T03:00:10+00:00\" \/>\n<meta property=\"article:modified_time\" content=\"2019-02-09T12:38:25+00:00\" \/>\n<meta property=\"og:image\" content=\"https:\/\/dhg1h5j42swfq.cloudfront.net\/2019\/01\/21115413\/concurso-prefeitura-de-marab%C3%A1.jpg\" \/>\n\t<meta property=\"og:image:width\" content=\"600\" \/>\n\t<meta property=\"og:image:height\" content=\"312\" \/>\n\t<meta property=\"og:image:type\" content=\"image\/jpeg\" \/>\n<meta name=\"author\" content=\"Coordena\u00e7\u00e3o\" \/>\n<meta name=\"twitter:card\" content=\"summary_large_image\" \/>\n<meta name=\"twitter:creator\" content=\"@EstratConcursos\" \/>\n<meta name=\"twitter:site\" content=\"@EstratConcursos\" \/>\n<meta name=\"twitter:label1\" content=\"Escrito por\" \/>\n\t<meta name=\"twitter:data1\" content=\"Coordena\u00e7\u00e3o\" \/>\n\t<meta name=\"twitter:label2\" content=\"Est. tempo de leitura\" \/>\n\t<meta name=\"twitter:data2\" content=\"3 minutos\" \/>\n<script type=\"application\/ld+json\" class=\"yoast-schema-graph\">{\"@context\":\"https:\/\/schema.org\",\"@graph\":[{\"@type\":\"NewsArticle\",\"@id\":\"https:\/\/www.estrategiaconcursos.com.br\/blog\/edital-prefeitura-de-maraba\/#article\",\"isPartOf\":{\"@id\":\"https:\/\/www.estrategiaconcursos.com.br\/blog\/edital-prefeitura-de-maraba\/\"},\"author\":{\"name\":\"Coordena\u00e7\u00e3o\",\"@id\":\"https:\/\/www.estrategiaconcursos.com.br\/blog\/#\/schema\/person\/b4a388c97673c5f483d72185668afa1f\"},\"headline\":\"Edital Prefeitura de Marab\u00e1: confira o cronograma de aplica\u00e7\u00e3o de provas\",\"datePublished\":\"2019-01-20T03:00:10+00:00\",\"dateModified\":\"2019-02-09T12:38:25+00:00\",\"mainEntityOfPage\":{\"@id\":\"https:\/\/www.estrategiaconcursos.com.br\/blog\/edital-prefeitura-de-maraba\/\"},\"wordCount\":674,\"commentCount\":7,\"publisher\":{\"@id\":\"https:\/\/www.estrategiaconcursos.com.br\/blog\/#organization\"},\"image\":{\"@id\":\"https:\/\/www.estrategiaconcursos.com.br\/blog\/edital-prefeitura-de-maraba\/#primaryimage\"},\"thumbnailUrl\":\"https:\/\/dhg1h5j42swfq.cloudfront.net\/2019\/01\/21115413\/concurso-prefeitura-de-marab%C3%A1.jpg\",\"articleSection\":[\"Concursos P\u00fablicos\"],\"inLanguage\":\"pt-BR\",\"potentialAction\":[{\"@type\":\"CommentAction\",\"name\":\"Comment\",\"target\":[\"https:\/\/www.estrategiaconcursos.com.br\/blog\/edital-prefeitura-de-maraba\/#respond\"]}],\"copyrightYear\":\"2019\",\"copyrightHolder\":{\"@id\":\"https:\/\/www.estrategiaconcursos.com.br\/blog\/#organization\"}},{\"@type\":\"WebPage\",\"@id\":\"https:\/\/www.estrategiaconcursos.com.br\/blog\/edital-prefeitura-de-maraba\/\",\"url\":\"https:\/\/www.estrategiaconcursos.com.br\/blog\/edital-prefeitura-de-maraba\/\",\"name\":\"Edital Prefeitura de Marab\u00e1: confira o cronograma de aplica\u00e7\u00e3o de provas\",\"isPartOf\":{\"@id\":\"https:\/\/www.estrategiaconcursos.com.br\/blog\/#website\"},\"primaryImageOfPage\":{\"@id\":\"https:\/\/www.estrategiaconcursos.com.br\/blog\/edital-prefeitura-de-maraba\/#primaryimage\"},\"image\":{\"@id\":\"https:\/\/www.estrategiaconcursos.com.br\/blog\/edital-prefeitura-de-maraba\/#primaryimage\"},\"thumbnailUrl\":\"https:\/\/dhg1h5j42swfq.cloudfront.net\/2019\/01\/21115413\/concurso-prefeitura-de-marab%C3%A1.jpg\",\"datePublished\":\"2019-01-20T03:00:10+00:00\",\"dateModified\":\"2019-02-09T12:38:25+00:00\",\"description\":\"Edital Prefeitura de Marab\u00e1: com oferta de 845 vagas em diversos cargos e n\u00edveis de forma\u00e7\u00e3o e remunera\u00e7\u00e3o de at\u00e9 R$ 3.565,13, provas acontecem em mar\u00e7o.\",\"breadcrumb\":{\"@id\":\"https:\/\/www.estrategiaconcursos.com.br\/blog\/edital-prefeitura-de-maraba\/#breadcrumb\"},\"inLanguage\":\"pt-BR\",\"potentialAction\":[{\"@type\":\"ReadAction\",\"target\":[\"https:\/\/www.estrategiaconcursos.com.br\/blog\/edital-prefeitura-de-maraba\/\"]}]},{\"@type\":\"ImageObject\",\"inLanguage\":\"pt-BR\",\"@id\":\"https:\/\/www.estrategiaconcursos.com.br\/blog\/edital-prefeitura-de-maraba\/#primaryimage\",\"url\":\"https:\/\/dhg1h5j42swfq.cloudfront.net\/2019\/01\/21115413\/concurso-prefeitura-de-marab%C3%A1.jpg\",\"contentUrl\":\"https:\/\/dhg1h5j42swfq.cloudfront.net\/2019\/01\/21115413\/concurso-prefeitura-de-marab%C3%A1.jpg\",\"width\":600,\"height\":312,\"caption\":\"concurso prefeitura de marab\u00e1\"},{\"@type\":\"BreadcrumbList\",\"@id\":\"https:\/\/www.estrategiaconcursos.com.br\/blog\/edital-prefeitura-de-maraba\/#breadcrumb\",\"itemListElement\":[{\"@type\":\"ListItem\",\"position\":1,\"name\":\"In\u00edcio\",\"item\":\"https:\/\/www.estrategiaconcursos.com.br\/blog\/\"},{\"@type\":\"ListItem\",\"position\":2,\"name\":\"Edital Prefeitura de Marab\u00e1: confira o cronograma de aplica\u00e7\u00e3o de provas\"}]},{\"@type\":\"WebSite\",\"@id\":\"https:\/\/www.estrategiaconcursos.com.br\/blog\/#website\",\"url\":\"https:\/\/www.estrategiaconcursos.com.br\/blog\/\",\"name\":\"Estrat\u00e9gia Concursos\",\"description\":\"O blog da Estrat\u00e9gia Concursos traz not\u00edcias sobre concursos e artigos de professores oferecendo cursos para concursos (pdf + videaulas) no site.\",\"publisher\":{\"@id\":\"https:\/\/www.estrategiaconcursos.com.br\/blog\/#organization\"},\"potentialAction\":[{\"@type\":\"SearchAction\",\"target\":{\"@type\":\"EntryPoint\",\"urlTemplate\":\"https:\/\/www.estrategiaconcursos.com.br\/blog\/?s={search_term_string}\"},\"query-input\":{\"@type\":\"PropertyValueSpecification\",\"valueRequired\":true,\"valueName\":\"search_term_string\"}}],\"inLanguage\":\"pt-BR\"},{\"@type\":\"Organization\",\"@id\":\"https:\/\/www.estrategiaconcursos.com.br\/blog\/#organization\",\"name\":\"Estrat\u00e9gia Concursos\",\"url\":\"https:\/\/www.estrategiaconcursos.com.br\/blog\/\",\"logo\":{\"@type\":\"ImageObject\",\"inLanguage\":\"pt-BR\",\"@id\":\"https:\/\/www.estrategiaconcursos.com.br\/blog\/#\/schema\/logo\/image\/\",\"url\":\"https:\/\/dhg1h5j42swfq.cloudfront.net\/2025\/06\/03203428\/logo_concursos-1.jpg\",\"contentUrl\":\"https:\/\/dhg1h5j42swfq.cloudfront.net\/2025\/06\/03203428\/logo_concursos-1.jpg\",\"width\":230,\"height\":60,\"caption\":\"Estrat\u00e9gia Concursos\"},\"image\":{\"@id\":\"https:\/\/www.estrategiaconcursos.com.br\/blog\/#\/schema\/logo\/image\/\"},\"sameAs\":[\"https:\/\/x.com\/EstratConcursos\"]},{\"@type\":\"Person\",\"@id\":\"https:\/\/www.estrategiaconcursos.com.br\/blog\/#\/schema\/person\/b4a388c97673c5f483d72185668afa1f\",\"name\":\"Coordena\u00e7\u00e3o\",\"image\":{\"@type\":\"ImageObject\",\"inLanguage\":\"pt-BR\",\"@id\":\"https:\/\/secure.gravatar.com\/avatar\/b720319e4c9a967eb58678d110f4fe35452fc5d5f97b202bac7b8acceb18c6ad?s=96&d=mm&r=g\",\"url\":\"https:\/\/secure.gravatar.com\/avatar\/b720319e4c9a967eb58678d110f4fe35452fc5d5f97b202bac7b8acceb18c6ad?s=96&d=mm&r=g\",\"contentUrl\":\"https:\/\/secure.gravatar.com\/avatar\/b720319e4c9a967eb58678d110f4fe35452fc5d5f97b202bac7b8acceb18c6ad?s=96&d=mm&r=g\",\"caption\":\"Coordena\u00e7\u00e3o\"},\"sameAs\":[\"https:\/\/www.facebook.com\/EstrategiaConcursos\",\"https:\/\/x.com\/EstratConcursos\"],\"url\":\"https:\/\/www.estrategiaconcursos.com.br\/blog\/author\/estrategia2013\/\"}]}<\/script>\n<!-- \/ Yoast SEO Premium plugin. -->","yoast_head_json":{"title":"Edital Prefeitura de Marab\u00e1: confira o cronograma de aplica\u00e7\u00e3o de provas","description":"Edital Prefeitura de Marab\u00e1: com oferta de 845 vagas em diversos cargos e n\u00edveis de forma\u00e7\u00e3o e remunera\u00e7\u00e3o de at\u00e9 R$ 3.565,13, provas acontecem em mar\u00e7o.","robots":{"index":"index","follow":"follow","max-snippet":"max-snippet:-1","max-image-preview":"max-image-preview:large","max-video-preview":"max-video-preview:-1"},"canonical":"https:\/\/www.estrategiaconcursos.com.br\/blog\/edital-prefeitura-de-maraba\/","og_locale":"pt_BR","og_type":"article","og_title":"Edital Prefeitura de Marab\u00e1: confira o cronograma de aplica\u00e7\u00e3o de provas","og_description":"Edital Prefeitura de Marab\u00e1: com oferta de 845 vagas em diversos cargos e n\u00edveis de forma\u00e7\u00e3o e remunera\u00e7\u00e3o de at\u00e9 R$ 3.565,13, provas acontecem em mar\u00e7o.","og_url":"https:\/\/www.estrategiaconcursos.com.br\/blog\/edital-prefeitura-de-maraba\/","og_site_name":"Estrat\u00e9gia Concursos","article_author":"https:\/\/www.facebook.com\/EstrategiaConcursos","article_published_time":"2019-01-20T03:00:10+00:00","article_modified_time":"2019-02-09T12:38:25+00:00","og_image":[{"width":600,"height":312,"url":"https:\/\/dhg1h5j42swfq.cloudfront.net\/2019\/01\/21115413\/concurso-prefeitura-de-marab%C3%A1.jpg","type":"image\/jpeg"}],"author":"Coordena\u00e7\u00e3o","twitter_card":"summary_large_image","twitter_creator":"@EstratConcursos","twitter_site":"@EstratConcursos","twitter_misc":{"Escrito por":"Coordena\u00e7\u00e3o","Est. tempo de leitura":"3 minutos"},"schema":{"@context":"https:\/\/schema.org","@graph":[{"@type":"NewsArticle","@id":"https:\/\/www.estrategiaconcursos.com.br\/blog\/edital-prefeitura-de-maraba\/#article","isPartOf":{"@id":"https:\/\/www.estrategiaconcursos.com.br\/blog\/edital-prefeitura-de-maraba\/"},"author":{"name":"Coordena\u00e7\u00e3o","@id":"https:\/\/www.estrategiaconcursos.com.br\/blog\/#\/schema\/person\/b4a388c97673c5f483d72185668afa1f"},"headline":"Edital Prefeitura de Marab\u00e1: confira o cronograma de aplica\u00e7\u00e3o de provas","datePublished":"2019-01-20T03:00:10+00:00","dateModified":"2019-02-09T12:38:25+00:00","mainEntityOfPage":{"@id":"https:\/\/www.estrategiaconcursos.com.br\/blog\/edital-prefeitura-de-maraba\/"},"wordCount":674,"commentCount":7,"publisher":{"@id":"https:\/\/www.estrategiaconcursos.com.br\/blog\/#organization"},"image":{"@id":"https:\/\/www.estrategiaconcursos.com.br\/blog\/edital-prefeitura-de-maraba\/#primaryimage"},"thumbnailUrl":"https:\/\/dhg1h5j42swfq.cloudfront.net\/2019\/01\/21115413\/concurso-prefeitura-de-marab%C3%A1.jpg","articleSection":["Concursos P\u00fablicos"],"inLanguage":"pt-BR","potentialAction":[{"@type":"CommentAction","name":"Comment","target":["https:\/\/www.estrategiaconcursos.com.br\/blog\/edital-prefeitura-de-maraba\/#respond"]}],"copyrightYear":"2019","copyrightHolder":{"@id":"https:\/\/www.estrategiaconcursos.com.br\/blog\/#organization"}},{"@type":"WebPage","@id":"https:\/\/www.estrategiaconcursos.com.br\/blog\/edital-prefeitura-de-maraba\/","url":"https:\/\/www.estrategiaconcursos.com.br\/blog\/edital-prefeitura-de-maraba\/","name":"Edital Prefeitura de Marab\u00e1: confira o cronograma de aplica\u00e7\u00e3o de provas","isPartOf":{"@id":"https:\/\/www.estrategiaconcursos.com.br\/blog\/#website"},"primaryImageOfPage":{"@id":"https:\/\/www.estrategiaconcursos.com.br\/blog\/edital-prefeitura-de-maraba\/#primaryimage"},"image":{"@id":"https:\/\/www.estrategiaconcursos.com.br\/blog\/edital-prefeitura-de-maraba\/#primaryimage"},"thumbnailUrl":"https:\/\/dhg1h5j42swfq.cloudfront.net\/2019\/01\/21115413\/concurso-prefeitura-de-marab%C3%A1.jpg","datePublished":"2019-01-20T03:00:10+00:00","dateModified":"2019-02-09T12:38:25+00:00","description":"Edital Prefeitura de Marab\u00e1: com oferta de 845 vagas em diversos cargos e n\u00edveis de forma\u00e7\u00e3o e remunera\u00e7\u00e3o de at\u00e9 R$ 3.565,13, provas acontecem em mar\u00e7o.","breadcrumb":{"@id":"https:\/\/www.estrategiaconcursos.com.br\/blog\/edital-prefeitura-de-maraba\/#breadcrumb"},"inLanguage":"pt-BR","potentialAction":[{"@type":"ReadAction","target":["https:\/\/www.estrategiaconcursos.com.br\/blog\/edital-prefeitura-de-maraba\/"]}]},{"@type":"ImageObject","inLanguage":"pt-BR","@id":"https:\/\/www.estrategiaconcursos.com.br\/blog\/edital-prefeitura-de-maraba\/#primaryimage","url":"https:\/\/dhg1h5j42swfq.cloudfront.net\/2019\/01\/21115413\/concurso-prefeitura-de-marab%C3%A1.jpg","contentUrl":"https:\/\/dhg1h5j42swfq.cloudfront.net\/2019\/01\/21115413\/concurso-prefeitura-de-marab%C3%A1.jpg","width":600,"height":312,"caption":"concurso prefeitura de marab\u00e1"},{"@type":"BreadcrumbList","@id":"https:\/\/www.estrategiaconcursos.com.br\/blog\/edital-prefeitura-de-maraba\/#breadcrumb","itemListElement":[{"@type":"ListItem","position":1,"name":"In\u00edcio","item":"https:\/\/www.estrategiaconcursos.com.br\/blog\/"},{"@type":"ListItem","position":2,"name":"Edital Prefeitura de Marab\u00e1: confira o cronograma de aplica\u00e7\u00e3o de provas"}]},{"@type":"WebSite","@id":"https:\/\/www.estrategiaconcursos.com.br\/blog\/#website","url":"https:\/\/www.estrategiaconcursos.com.br\/blog\/","name":"Estrat\u00e9gia Concursos","description":"O blog da Estrat\u00e9gia Concursos traz not\u00edcias sobre concursos e artigos de professores oferecendo cursos para concursos (pdf + videaulas) no site.","publisher":{"@id":"https:\/\/www.estrategiaconcursos.com.br\/blog\/#organization"},"potentialAction":[{"@type":"SearchAction","target":{"@type":"EntryPoint","urlTemplate":"https:\/\/www.estrategiaconcursos.com.br\/blog\/?s={search_term_string}"},"query-input":{"@type":"PropertyValueSpecification","valueRequired":true,"valueName":"search_term_string"}}],"inLanguage":"pt-BR"},{"@type":"Organization","@id":"https:\/\/www.estrategiaconcursos.com.br\/blog\/#organization","name":"Estrat\u00e9gia Concursos","url":"https:\/\/www.estrategiaconcursos.com.br\/blog\/","logo":{"@type":"ImageObject","inLanguage":"pt-BR","@id":"https:\/\/www.estrategiaconcursos.com.br\/blog\/#\/schema\/logo\/image\/","url":"https:\/\/dhg1h5j42swfq.cloudfront.net\/2025\/06\/03203428\/logo_concursos-1.jpg","contentUrl":"https:\/\/dhg1h5j42swfq.cloudfront.net\/2025\/06\/03203428\/logo_concursos-1.jpg","width":230,"height":60,"caption":"Estrat\u00e9gia Concursos"},"image":{"@id":"https:\/\/www.estrategiaconcursos.com.br\/blog\/#\/schema\/logo\/image\/"},"sameAs":["https:\/\/x.com\/EstratConcursos"]},{"@type":"Person","@id":"https:\/\/www.estrategiaconcursos.com.br\/blog\/#\/schema\/person\/b4a388c97673c5f483d72185668afa1f","name":"Coordena\u00e7\u00e3o","image":{"@type":"ImageObject","inLanguage":"pt-BR","@id":"https:\/\/secure.gravatar.com\/avatar\/b720319e4c9a967eb58678d110f4fe35452fc5d5f97b202bac7b8acceb18c6ad?s=96&d=mm&r=g","url":"https:\/\/secure.gravatar.com\/avatar\/b720319e4c9a967eb58678d110f4fe35452fc5d5f97b202bac7b8acceb18c6ad?s=96&d=mm&r=g","contentUrl":"https:\/\/secure.gravatar.com\/avatar\/b720319e4c9a967eb58678d110f4fe35452fc5d5f97b202bac7b8acceb18c6ad?s=96&d=mm&r=g","caption":"Coordena\u00e7\u00e3o"},"sameAs":["https:\/\/www.facebook.com\/EstrategiaConcursos","https:\/\/x.com\/EstratConcursos"],"url":"https:\/\/www.estrategiaconcursos.com.br\/blog\/author\/estrategia2013\/"}]}},"_links":{"self":[{"href":"https:\/\/www.estrategiaconcursos.com.br\/blog\/wp-json\/wp\/v2\/posts\/154995","targetHints":{"allow":["GET"]}}],"collection":[{"href":"https:\/\/www.estrategiaconcursos.com.br\/blog\/wp-json\/wp\/v2\/posts"}],"about":[{"href":"https:\/\/www.estrategiaconcursos.com.br\/blog\/wp-json\/wp\/v2\/types\/post"}],"author":[{"embeddable":true,"href":"https:\/\/www.estrategiaconcursos.com.br\/blog\/wp-json\/wp\/v2\/users\/1"}],"replies":[{"embeddable":true,"href":"https:\/\/www.estrategiaconcursos.com.br\/blog\/wp-json\/wp\/v2\/comments?post=154995"}],"version-history":[{"count":19,"href":"https:\/\/www.estrategiaconcursos.com.br\/blog\/wp-json\/wp\/v2\/posts\/154995\/revisions"}],"predecessor-version":[{"id":165226,"href":"https:\/\/www.estrategiaconcursos.com.br\/blog\/wp-json\/wp\/v2\/posts\/154995\/revisions\/165226"}],"wp:featuredmedia":[{"embeddable":true,"href":"https:\/\/www.estrategiaconcursos.com.br\/blog\/wp-json\/wp\/v2\/media\/160669"}],"wp:attachment":[{"href":"https:\/\/www.estrategiaconcursos.com.br\/blog\/wp-json\/wp\/v2\/media?parent=154995"}],"wp:term":[{"taxonomy":"category","embeddable":true,"href":"https:\/\/www.estrategiaconcursos.com.br\/blog\/wp-json\/wp\/v2\/categories?post=154995"},{"taxonomy":"post_tag","embeddable":true,"href":"https:\/\/www.estrategiaconcursos.com.br\/blog\/wp-json\/wp\/v2\/tags?post=154995"},{"taxonomy":"tax_estado","embeddable":true,"href":"https:\/\/www.estrategiaconcursos.com.br\/blog\/wp-json\/wp\/v2\/tax_estado?post=154995"}],"curies":[{"name":"wp","href":"https:\/\/api.w.org\/{rel}","templated":true}]}}