{"id":154929,"date":"2019-01-12T08:15:28","date_gmt":"2019-01-12T11:15:28","guid":{"rendered":"https:\/\/www.estrategiaconcursos.com.br\/blog\/?p=154929"},"modified":"2019-04-09T16:48:10","modified_gmt":"2019-04-09T19:48:10","slug":"enem-espanhol-questoes-artigo-17-45","status":"publish","type":"post","link":"https:\/\/www.estrategiaconcursos.com.br\/blog\/enem-espanhol-questoes-artigo-17-45\/","title":{"rendered":"ENEM-ESPANHOL \u2013 QUEST\u00d5ES \u2013 ARTIGO 17\/45"},"content":{"rendered":"<p><span style=\"font-family: tahoma, arial, helvetica, sans-serif;color: #0000ff;font-size: 12pt\">Ol\u00e1 a todos!<\/span><\/p>\n<p><span style=\"font-family: tahoma, arial, helvetica, sans-serif;color: #0000ff;font-size: 12pt\">Hoje, temos o nosso <strong>d\u00e9cimo s\u00e9timo<\/strong>\u00a0artigo da s\u00e9rie de artigos que trar\u00e3o para voc\u00eas quest\u00f5es das provas do ENEM do ano de 2012 at\u00e9 2018. Vamos come\u00e7ar com quest\u00f5es do \u00faltimo ano at\u00e9 chegar \u00e0s quest\u00f5es de 2012.<\/span><\/p>\n<p><span style=\"font-family: tahoma, arial, helvetica, sans-serif;color: #0000ff;font-size: 12pt\">Ao todo ser\u00e3o <span style=\"text-decoration: underline\">45 artigos<\/span> que sendo publicados de 3 em 3 dias.\u00a0<\/span><\/p>\n<p><span style=\"font-family: tahoma, arial, helvetica, sans-serif;color: #0000ff;font-size: 12pt\">Ent\u00e3o, sem mais delongas vamos aos coment\u00e1rios da quest\u00e3o do ENEM.<\/span><\/p>\n<p><span style=\"font-family: tahoma, arial, helvetica, sans-serif;color: #0000ff;font-size: 12pt\">Boa leitura.<\/span><\/p>\n<p><span style=\"font-family: tahoma, arial, helvetica, sans-serif;color: #0000ff;font-size: 12pt\">Prof. Adino\u00e9l Sebasti\u00e3o<\/span><\/p>\n<p><span style=\"font-family: tahoma, arial, helvetica, sans-serif;font-size: 12pt\"><strong><span style=\"color: #0000ff\">@adinoel.sebastiao \/ www.adinoel.com \/ adinoel.sebastiao@gmail.com<\/span><\/strong><\/span><\/p>\n<p style=\"text-align: center\"><a href=\"https:\/\/www.estrategiaconcursos.com.br\/cursosPorConcurso\/enem-exame-nacional-do-ensino-medio\/\" target=\"_blank\" rel=\"noopener noreferrer\"><span style=\"text-decoration: underline\"><span style=\"color: #ff0000;text-decoration: underline\"><strong><span style=\"font-family: tahoma, arial, helvetica, sans-serif;font-size: 18pt\">PACOTE ENEM-2019<\/span><\/strong><\/span><\/span><\/a><\/p>\n<hr \/>\n<p><strong><span style=\"font-family: tahoma, arial, helvetica, sans-serif;font-size: 18pt\">PROVA ENEM-2016 \u2013 QUEST\u00c3O 92 \u2013 TRADU\u00c7\u00c3O LIVRE<\/span><\/strong><\/p>\n<p><span style=\"font-family: tahoma, arial, helvetica, sans-serif\"><strong>TRADU\u00c7\u00c3O LIVRE DO TEXTO DA QUEST\u00c3O<\/strong><\/span><\/p>\n<p><img loading=\"lazy\" decoding=\"async\" class=\"alignnone wp-image-154930\" src=\"https:\/\/dhg1h5j42swfq.cloudfront.net\/2018\/12\/09074052\/ENEM-PJ45-Artigo-17-1.png\" alt=\"\" width=\"600\" height=\"519\" srcset=\"https:\/\/dhg1h5j42swfq.cloudfront.net\/2018\/12\/09074052\/ENEM-PJ45-Artigo-17-1.png 708w, https:\/\/dhg1h5j42swfq.cloudfront.net\/2018\/12\/09074052\/ENEM-PJ45-Artigo-17-1.png 300w, https:\/\/dhg1h5j42swfq.cloudfront.net\/2018\/12\/09074052\/ENEM-PJ45-Artigo-17-1.png 610w\" sizes=\"auto, (max-width: 600px) 100vw, 600px\" \/><\/p>\n<p><img loading=\"lazy\" decoding=\"async\" class=\"alignnone wp-image-154931\" src=\"https:\/\/dhg1h5j42swfq.cloudfront.net\/2018\/12\/09074054\/ENEM-PJ45-Artigo-17-2.png\" alt=\"\" width=\"601\" height=\"353\" srcset=\"https:\/\/dhg1h5j42swfq.cloudfront.net\/2018\/12\/09074054\/ENEM-PJ45-Artigo-17-2.png 708w, https:\/\/dhg1h5j42swfq.cloudfront.net\/2018\/12\/09074054\/ENEM-PJ45-Artigo-17-2.png 300w, https:\/\/dhg1h5j42swfq.cloudfront.net\/2018\/12\/09074054\/ENEM-PJ45-Artigo-17-2.png 610w\" sizes=\"auto, (max-width: 601px) 100vw, 601px\" \/><\/p>\n<p><span style=\"font-family: tahoma, arial, helvetica, sans-serif;color: #3366ff\"><em>A Sala II da C\u00e2mara de Cassa\u00e7\u00e3o Penal ordenou<br \/>\nque Marcela e Felipe Noble Herrera, os filhos adotivos<br \/>\nda dona do Clar\u00edn, se submetam \u201c\u00e0 extra\u00e7\u00e3o direta,<br \/>\ncom ou sem consentimento, de amostras m\u00ednimas<br \/>\nde sangue, saliva, pele, cabelo ou outras amostras biol\u00f3gicas\u201d<br \/>\nque lhes perten\u00e7am de maneira \u201cindubit\u00e1vel\u201d para poder<br \/>\ndeterminar se s\u00e3o filhos de desaparecidos.\u00a0<\/em><\/span><span style=\"font-family: tahoma, arial, helvetica, sans-serif;color: #3366ff\"><em>O tribunal, assim,<br \/>\ndeu lugar a uma reclama\u00e7\u00e3o das Av\u00f4s da Pra\u00e7a de Maio<br \/>\ne moveu do arquivo uma causa judicial que j\u00e1 leva dez<br \/>\nanos de indefini\u00e7\u00e3o.\u00a0<\/em><\/span><span style=\"font-family: tahoma, arial, helvetica, sans-serif;color: #3366ff\"><em>Entretanto, simultaneamente, fixou<br \/>\num limite e somente habilitou a compara\u00e7\u00e3o dos perfis<br \/>\ngen\u00e9ticos dos jovens com o DNA das fam\u00edlias<br \/>\nde pessoas \u201cdetidas ou desaparecidas com certeza\u201d at\u00e9<br \/>\n13 de maio de 1976, no caso de Marcela, e at\u00e9<br \/>\n7 de julho do mesmo ano no caso de Felipe.\u00a0<\/em><\/span><span style=\"font-family: tahoma, arial, helvetica, sans-serif;color: #3366ff\"><em>A obten\u00e7\u00e3o do<br \/>\nmaterial gen\u00e9tico n\u00e3o ser\u00e1 imediata, j\u00e1 que algumas das<br \/>\npartes apelar\u00e3o e o tema inevitavelmente desembocar\u00e1<br \/>\nna Corte Suprema, que ter\u00e1 a palavra final sobre<br \/>\ndiscuss\u00e3o de fundo.<\/em><\/span><\/p>\n<p><span style=\"font-family: tahoma, arial, helvetica, sans-serif;color: #3366ff\"><em>\u201c\u00c9 uma (p\u00e1) de cal e outra de areia, \u00e9 querer ficar bem<br \/>\ncom Deus e com o diabo\u201d, resumiu a presidente da Av\u00f3s,<br \/>\nEstela Carlotto, sua primeira impress\u00e3o da resolu\u00e7\u00e3o<br \/>\nque assinaram Guilhermo Yacobucci, Luis Garc\u00eda e Ra\u00fal<br \/>\nMadue\u00f1o.\u00a0<\/em><\/span><span style=\"font-family: tahoma, arial, helvetica, sans-serif;color: #3366ff\"><em>Ainda assim a avaliou como \u201cum passo importante\u201d<br \/>\nporque determina que \u201csim ou sim a coleta de sangue ou<br \/>\nde elementos que contenham DNA deve acontecer\u201d.\u00a0<\/em><\/span><span style=\"font-family: tahoma, arial, helvetica, sans-serif;color: #3366ff\"><em>\u201cO<br \/>\nque nos caiu mal\u201d, anotou, e \u201ca limita\u00e7\u00e3o\u201d temporal<br \/>\nque permitir\u00e1 que a compara\u00e7\u00e3o se fa\u00e7a somente com um<br \/>\ngrupo de fam\u00edlias.\u00a0<\/em><\/span><span style=\"font-family: tahoma, arial, helvetica, sans-serif;color: #3366ff\"><em>\u201cSeguimos a hist\u00f3ria de que aqui<br \/>\nh\u00e1 de primeira e de segunda. Por que todos os demais<br \/>\ncasos sempre se h\u00e3o comparado com o Banco (de Dados<br \/>\nGen\u00e9ticos) completo e neste n\u00e3o?\u201d perguntou.<\/em><\/span><\/p>\n<hr \/>\n<p><strong><span style=\"font-family: tahoma, arial, helvetica, sans-serif;font-size: 18pt\">PROVA ENEM-2016 \u2013 QUEST\u00c3O 92 \u2013 COMENT\u00c1RIOS<\/span><\/strong><\/p>\n<p><img loading=\"lazy\" decoding=\"async\" class=\"alignnone wp-image-154932\" src=\"https:\/\/dhg1h5j42swfq.cloudfront.net\/2018\/12\/09074056\/ENEM-PJ45-Artigo-17-3.png\" alt=\"\" width=\"600\" height=\"304\" srcset=\"https:\/\/dhg1h5j42swfq.cloudfront.net\/2018\/12\/09074056\/ENEM-PJ45-Artigo-17-3.png 706w, https:\/\/dhg1h5j42swfq.cloudfront.net\/2018\/12\/09074056\/ENEM-PJ45-Artigo-17-3.png 300w, https:\/\/dhg1h5j42swfq.cloudfront.net\/2018\/12\/09074056\/ENEM-PJ45-Artigo-17-3.png 610w\" sizes=\"auto, (max-width: 600px) 100vw, 600px\" \/><\/p>\n<p><span style=\"font-family: tahoma, arial, helvetica, sans-serif\">A quest\u00e3o \u00e9 de interpreta\u00e7\u00e3o de textos. O enunciado que saber para que \u00e9 utilizada a express\u00e3o \u201cuna de cal y otra de arena\u201d dentro do contexto do texto<strong>.<\/strong><\/span><\/p>\n<p><span style=\"font-family: tahoma, arial, helvetica, sans-serif\">Vamos olhar para cada alternativa da quest\u00e3o.<\/span><\/p>\n<p><span style=\"font-family: tahoma, arial, helvetica, sans-serif\">A alternativa \u201cA\u201d afirma que a express\u00e3o \u201cuna de cal y otra de arena\u201d \u00e9 utilizada no contexto do texto para <strong>referir-se ao fato de a decis\u00e3o judicial n\u00e3o implicar a sua imediata aplica\u00e7\u00e3o<\/strong>. ISSO EST\u00c1 ERRADO. A express\u00e3o em quest\u00e3o nada tem a ver com a aplica\u00e7\u00e3o imediata da decis\u00e3o judicial. Ali\u00e1s, o primeiro per\u00edodo indica que a decis\u00e3o da \u201cSala II de la C\u00e1mara de Casaci\u00f3n Penal\u201d \u00e9 para ser executada imediatamente. O per\u00edodo informa que a \u201cC\u00e1mara\u201d ordenou que Marcela e Felipe Noble Herrera se submetam aos procedimentos de extra\u00e7\u00e3o de amostras biol\u00f3gicas.<\/span><\/p>\n<p><span style=\"font-family: tahoma, arial, helvetica, sans-serif\">A alternativa \u201cB\u201d afirma que a express\u00e3o \u201cuna de cal y otra de arena\u201d \u00e9 utilizada no contexto do texto para <strong>destacar a inevit\u00e1vel execu\u00e7\u00e3o da senten\u00e7a<\/strong>. ISSO EST\u00c1 ERRADO. A express\u00e3o em quest\u00e3o nada tem a ver com a execu\u00e7\u00e3o da decis\u00e3o judicial. Na realidade, a express\u00e3o \u00e9 utilizada para questionar o conte\u00fado da decis\u00e3o.<\/span><\/p>\n<p><span style=\"font-family: tahoma, arial, helvetica, sans-serif\">A alternativa \u201cC\u201d afirma que a express\u00e3o \u201cuna de cal y otra de arena\u201d \u00e9 utilizada no contexto do texto para <strong>ironizar a parcialidade da Justi\u00e7a nessa a\u00e7\u00e3o<\/strong>. ISSO EST\u00c1 CORRETO. A express\u00e3o equivale \u00e0 express\u00e3o em Portugu\u00eas \u201cfazer duas coisas antag\u00f4nicas ao mesmo tempo\u201d. No texto, quando a presidenta das Av\u00f3s da Pra\u00e7a de Maio fala \u201cEs una de cal y otra de arena\u201d, ela est\u00e1 querendo dizer que a Justi\u00e7a est\u00e1 sendo parcial, est\u00e1 ironizando dizendo que a Justi\u00e7a est\u00e1 dando uma decis\u00e3o para ficar bem com os dois lados da quest\u00e3o. Isso tamb\u00e9m pode ser visto na fala \u201ces querer quedar bien con Dios y con el diablo\u201d.<\/span><\/p>\n<p><span style=\"font-family: tahoma, arial, helvetica, sans-serif\">A alternativa \u201cD\u201d afirma que a express\u00e3o \u201cuna de cal y otra de arena\u201d \u00e9 utilizada no contexto do texto para <strong>criticar a coleta compuls\u00f3ria do material gen\u00e9tico<\/strong>. ISSO EST\u00c1 ERRADO. A express\u00e3o tem sim um tom de cr\u00edtica, mas n\u00e3o em rela\u00e7\u00e3o \u00e0 coleta do material. A cr\u00edtica \u00e9 em rela\u00e7\u00e3o ao conte\u00fado da decis\u00e3o que manda coletar as amostras biol\u00f3gicas.<\/span><\/p>\n<p><span style=\"font-family: tahoma, arial, helvetica, sans-serif\">A alternativa \u201cE\u201d afirma que a express\u00e3o \u201cuna de cal y otra de arena\u201d \u00e9 utilizada no contexto do texto para <strong>enfatizar a determina\u00e7\u00e3o judicial como algo consolidado<\/strong>. ISSO EST\u00c1 ERRADO. A express\u00e3o n\u00e3o tem o objetivo de enfatizar a determina\u00e7\u00e3o da decis\u00e3o. A express\u00e3o vem criticar, ironizar o conte\u00fado da decis\u00e3o judicial.<\/span><\/p>\n<p><span style=\"font-family: tahoma, arial, helvetica, sans-serif\"><strong>Resposta: C<\/strong><\/span><\/p>\n","protected":false},"excerpt":{"rendered":"<p>Ol\u00e1 a todos! Hoje, temos o nosso d\u00e9cimo s\u00e9timo\u00a0artigo da s\u00e9rie de artigos que trar\u00e3o para voc\u00eas quest\u00f5es das provas do ENEM do ano de 2012 at\u00e9 2018. Vamos come\u00e7ar com quest\u00f5es do \u00faltimo ano at\u00e9 chegar \u00e0s quest\u00f5es de 2012. Ao todo ser\u00e3o 45 artigos que sendo publicados de 3 em 3 dias.\u00a0 Ent\u00e3o, [&hellip;]<\/p>\n","protected":false},"author":121,"featured_media":0,"comment_status":"open","ping_status":"closed","sticky":false,"template":"","format":"standard","meta":{"post_tipo":"article","footnotes":""},"categories":[1],"tags":[],"tax_estado":[],"class_list":["post-154929","post","type-post","status-publish","format-standard","hentry","category-cursos-e-concursos"],"acf":[],"yoast_head":"<!-- This site is optimized with the Yoast SEO Premium plugin v27.2 (Yoast SEO v27.2) - https:\/\/yoast.com\/product\/yoast-seo-premium-wordpress\/ -->\n<title>ENEM-ESPANHOL \u2013 QUEST\u00d5ES \u2013 ARTIGO 17\/45<\/title>\n<meta name=\"robots\" content=\"index, follow, max-snippet:-1, max-image-preview:large, max-video-preview:-1\" \/>\n<link rel=\"canonical\" href=\"https:\/\/www.estrategiaconcursos.com.br\/blog\/enem-espanhol-questoes-artigo-17-45\/\" \/>\n<meta property=\"og:locale\" content=\"pt_BR\" \/>\n<meta property=\"og:type\" content=\"article\" \/>\n<meta property=\"og:title\" content=\"ENEM-ESPANHOL \u2013 QUEST\u00d5ES \u2013 ARTIGO 17\/45\" \/>\n<meta property=\"og:description\" content=\"Ol\u00e1 a todos! Hoje, temos o nosso d\u00e9cimo s\u00e9timo\u00a0artigo da s\u00e9rie de artigos que trar\u00e3o para voc\u00eas quest\u00f5es das provas do ENEM do ano de 2012 at\u00e9 2018. Vamos come\u00e7ar com quest\u00f5es do \u00faltimo ano at\u00e9 chegar \u00e0s quest\u00f5es de 2012. Ao todo ser\u00e3o 45 artigos que sendo publicados de 3 em 3 dias.\u00a0 Ent\u00e3o, [&hellip;]\" \/>\n<meta property=\"og:url\" content=\"https:\/\/www.estrategiaconcursos.com.br\/blog\/enem-espanhol-questoes-artigo-17-45\/\" \/>\n<meta property=\"og:site_name\" content=\"Estrat\u00e9gia Concursos\" \/>\n<meta property=\"article:published_time\" content=\"2019-01-12T11:15:28+00:00\" \/>\n<meta property=\"article:modified_time\" content=\"2019-04-09T19:48:10+00:00\" \/>\n<meta property=\"og:image\" content=\"https:\/\/www.estrategiaconcursos.com.br\/blog\/wp-content\/uploads\/2018\/12\/ENEM-PJ45-Artigo-17-1.png\" \/>\n<meta name=\"author\" content=\"Adino\u00e9l Sebasti\u00e3o\" \/>\n<meta name=\"twitter:card\" content=\"summary_large_image\" \/>\n<meta name=\"twitter:creator\" content=\"@EstratConcursos\" \/>\n<meta name=\"twitter:site\" content=\"@EstratConcursos\" \/>\n<meta name=\"twitter:label1\" content=\"Escrito por\" \/>\n\t<meta name=\"twitter:data1\" content=\"Adino\u00e9l Sebasti\u00e3o\" \/>\n\t<meta name=\"twitter:label2\" content=\"Est. tempo de leitura\" \/>\n\t<meta name=\"twitter:data2\" content=\"4 minutos\" \/>\n<script type=\"application\/ld+json\" class=\"yoast-schema-graph\">{\"@context\":\"https:\/\/schema.org\",\"@graph\":[{\"@type\":\"NewsArticle\",\"@id\":\"https:\/\/www.estrategiaconcursos.com.br\/blog\/enem-espanhol-questoes-artigo-17-45\/#article\",\"isPartOf\":{\"@id\":\"https:\/\/www.estrategiaconcursos.com.br\/blog\/enem-espanhol-questoes-artigo-17-45\/\"},\"author\":{\"name\":\"Adino\u00e9l Sebasti\u00e3o\",\"@id\":\"https:\/\/www.estrategiaconcursos.com.br\/blog\/#\/schema\/person\/e6feecd7273067598aae46392fc9f322\"},\"headline\":\"ENEM-ESPANHOL \u2013 QUEST\u00d5ES \u2013 ARTIGO 17\/45\",\"datePublished\":\"2019-01-12T11:15:28+00:00\",\"dateModified\":\"2019-04-09T19:48:10+00:00\",\"mainEntityOfPage\":{\"@id\":\"https:\/\/www.estrategiaconcursos.com.br\/blog\/enem-espanhol-questoes-artigo-17-45\/\"},\"wordCount\":903,\"commentCount\":0,\"publisher\":{\"@id\":\"https:\/\/www.estrategiaconcursos.com.br\/blog\/#organization\"},\"image\":{\"@id\":\"https:\/\/www.estrategiaconcursos.com.br\/blog\/enem-espanhol-questoes-artigo-17-45\/#primaryimage\"},\"thumbnailUrl\":\"https:\/\/www.estrategiaconcursos.com.br\/blog\/wp-content\/uploads\/2018\/12\/ENEM-PJ45-Artigo-17-1.png\",\"articleSection\":[\"Concursos P\u00fablicos\"],\"inLanguage\":\"pt-BR\",\"potentialAction\":[{\"@type\":\"CommentAction\",\"name\":\"Comment\",\"target\":[\"https:\/\/www.estrategiaconcursos.com.br\/blog\/enem-espanhol-questoes-artigo-17-45\/#respond\"]}],\"copyrightYear\":\"2019\",\"copyrightHolder\":{\"@id\":\"https:\/\/www.estrategiaconcursos.com.br\/blog\/#organization\"}},{\"@type\":\"WebPage\",\"@id\":\"https:\/\/www.estrategiaconcursos.com.br\/blog\/enem-espanhol-questoes-artigo-17-45\/\",\"url\":\"https:\/\/www.estrategiaconcursos.com.br\/blog\/enem-espanhol-questoes-artigo-17-45\/\",\"name\":\"ENEM-ESPANHOL \u2013 QUEST\u00d5ES \u2013 ARTIGO 17\/45\",\"isPartOf\":{\"@id\":\"https:\/\/www.estrategiaconcursos.com.br\/blog\/#website\"},\"primaryImageOfPage\":{\"@id\":\"https:\/\/www.estrategiaconcursos.com.br\/blog\/enem-espanhol-questoes-artigo-17-45\/#primaryimage\"},\"image\":{\"@id\":\"https:\/\/www.estrategiaconcursos.com.br\/blog\/enem-espanhol-questoes-artigo-17-45\/#primaryimage\"},\"thumbnailUrl\":\"https:\/\/www.estrategiaconcursos.com.br\/blog\/wp-content\/uploads\/2018\/12\/ENEM-PJ45-Artigo-17-1.png\",\"datePublished\":\"2019-01-12T11:15:28+00:00\",\"dateModified\":\"2019-04-09T19:48:10+00:00\",\"breadcrumb\":{\"@id\":\"https:\/\/www.estrategiaconcursos.com.br\/blog\/enem-espanhol-questoes-artigo-17-45\/#breadcrumb\"},\"inLanguage\":\"pt-BR\",\"potentialAction\":[{\"@type\":\"ReadAction\",\"target\":[\"https:\/\/www.estrategiaconcursos.com.br\/blog\/enem-espanhol-questoes-artigo-17-45\/\"]}]},{\"@type\":\"ImageObject\",\"inLanguage\":\"pt-BR\",\"@id\":\"https:\/\/www.estrategiaconcursos.com.br\/blog\/enem-espanhol-questoes-artigo-17-45\/#primaryimage\",\"url\":\"https:\/\/dhg1h5j42swfq.cloudfront.net\/2018\/12\/09074052\/ENEM-PJ45-Artigo-17-1.png\",\"contentUrl\":\"https:\/\/dhg1h5j42swfq.cloudfront.net\/2018\/12\/09074052\/ENEM-PJ45-Artigo-17-1.png\",\"width\":708,\"height\":612},{\"@type\":\"BreadcrumbList\",\"@id\":\"https:\/\/www.estrategiaconcursos.com.br\/blog\/enem-espanhol-questoes-artigo-17-45\/#breadcrumb\",\"itemListElement\":[{\"@type\":\"ListItem\",\"position\":1,\"name\":\"In\u00edcio\",\"item\":\"https:\/\/www.estrategiaconcursos.com.br\/blog\/\"},{\"@type\":\"ListItem\",\"position\":2,\"name\":\"ENEM-ESPANHOL \u2013 QUEST\u00d5ES \u2013 ARTIGO 17\/45\"}]},{\"@type\":\"WebSite\",\"@id\":\"https:\/\/www.estrategiaconcursos.com.br\/blog\/#website\",\"url\":\"https:\/\/www.estrategiaconcursos.com.br\/blog\/\",\"name\":\"Estrat\u00e9gia Concursos\",\"description\":\"O blog da Estrat\u00e9gia Concursos traz not\u00edcias sobre concursos e artigos de professores oferecendo cursos para concursos (pdf + videaulas) no site.\",\"publisher\":{\"@id\":\"https:\/\/www.estrategiaconcursos.com.br\/blog\/#organization\"},\"potentialAction\":[{\"@type\":\"SearchAction\",\"target\":{\"@type\":\"EntryPoint\",\"urlTemplate\":\"https:\/\/www.estrategiaconcursos.com.br\/blog\/?s={search_term_string}\"},\"query-input\":{\"@type\":\"PropertyValueSpecification\",\"valueRequired\":true,\"valueName\":\"search_term_string\"}}],\"inLanguage\":\"pt-BR\"},{\"@type\":\"Organization\",\"@id\":\"https:\/\/www.estrategiaconcursos.com.br\/blog\/#organization\",\"name\":\"Estrat\u00e9gia Concursos\",\"url\":\"https:\/\/www.estrategiaconcursos.com.br\/blog\/\",\"logo\":{\"@type\":\"ImageObject\",\"inLanguage\":\"pt-BR\",\"@id\":\"https:\/\/www.estrategiaconcursos.com.br\/blog\/#\/schema\/logo\/image\/\",\"url\":\"https:\/\/dhg1h5j42swfq.cloudfront.net\/2025\/06\/03203428\/logo_concursos-1.jpg\",\"contentUrl\":\"https:\/\/dhg1h5j42swfq.cloudfront.net\/2025\/06\/03203428\/logo_concursos-1.jpg\",\"width\":230,\"height\":60,\"caption\":\"Estrat\u00e9gia Concursos\"},\"image\":{\"@id\":\"https:\/\/www.estrategiaconcursos.com.br\/blog\/#\/schema\/logo\/image\/\"},\"sameAs\":[\"https:\/\/x.com\/EstratConcursos\"]},{\"@type\":\"Person\",\"@id\":\"https:\/\/www.estrategiaconcursos.com.br\/blog\/#\/schema\/person\/e6feecd7273067598aae46392fc9f322\",\"name\":\"Adino\u00e9l Sebasti\u00e3o\",\"image\":{\"@type\":\"ImageObject\",\"inLanguage\":\"pt-BR\",\"@id\":\"https:\/\/secure.gravatar.com\/avatar\/d076dd9a00cb1c92545aae4fae60d3013922a1a2e7e9599a079da4450204b8cd?s=96&d=mm&r=g\",\"url\":\"https:\/\/secure.gravatar.com\/avatar\/d076dd9a00cb1c92545aae4fae60d3013922a1a2e7e9599a079da4450204b8cd?s=96&d=mm&r=g\",\"contentUrl\":\"https:\/\/secure.gravatar.com\/avatar\/d076dd9a00cb1c92545aae4fae60d3013922a1a2e7e9599a079da4450204b8cd?s=96&d=mm&r=g\",\"caption\":\"Adino\u00e9l Sebasti\u00e3o\"},\"description\":\"Meu nome \u00e9 ADINO\u00c9L SEBASTI\u00c3O. Sou formado em Ci\u00eancias Cont\u00e1beis pela Funda\u00e7\u00e3o Faculdade de Ci\u00eancias Econ\u00f4micas de Apucarana-PR (FECEA). Sou Auditor-Fiscal do Trabalho (AFT). Estou lotado em Bras\u00edlia-DF na Secretaria de Inspe\u00e7\u00e3o do Trabalho em Bras\u00edlia-DF. Fui aprovado no concurso de AFT-2013. Esse concurso, segundo o CESPE, teve 48.035. Fui Analista Tribut\u00e1rio da Receita Federal (ATRFB) por mais de 22 anos (1991 a 2013). Sou autor do site \\\"www.adinoel.com\\\" e sou colaborador com tradu\u00e7\u00f5es livres de Ingl\u00eas e de Espanhol em alguns sites de concursos. J\u00e1 atuei como professor e tutor online da ESAF (aulas de inform\u00e1tica, palestras, funcionamento do CAC, etc). Elaborei\/elaboro aulas de Espanhol, Ingl\u00eas e Portugu\u00eas para concursos. Possuo v\u00e1rios cursos de forma\u00e7\u00e3o pessoal, entre eles destaco: curso de Espanhol no Instituto Cervantes da Espanha; curso de Ingl\u00eas nas escolas FISK; curso online \\\"Mejores Pr\u00e1cticas en la Administraci\u00f3n Tributaria, Ed. 9\\\", do Instituto de Estudios Fiscales e da Fundaci\u00f3n CEDDET da Espanha.\",\"url\":\"https:\/\/www.estrategiaconcursos.com.br\/blog\/author\/adinoel-sebastiaogmail-com\/\"}]}<\/script>\n<!-- \/ Yoast SEO Premium plugin. -->","yoast_head_json":{"title":"ENEM-ESPANHOL \u2013 QUEST\u00d5ES \u2013 ARTIGO 17\/45","robots":{"index":"index","follow":"follow","max-snippet":"max-snippet:-1","max-image-preview":"max-image-preview:large","max-video-preview":"max-video-preview:-1"},"canonical":"https:\/\/www.estrategiaconcursos.com.br\/blog\/enem-espanhol-questoes-artigo-17-45\/","og_locale":"pt_BR","og_type":"article","og_title":"ENEM-ESPANHOL \u2013 QUEST\u00d5ES \u2013 ARTIGO 17\/45","og_description":"Ol\u00e1 a todos! Hoje, temos o nosso d\u00e9cimo s\u00e9timo\u00a0artigo da s\u00e9rie de artigos que trar\u00e3o para voc\u00eas quest\u00f5es das provas do ENEM do ano de 2012 at\u00e9 2018. Vamos come\u00e7ar com quest\u00f5es do \u00faltimo ano at\u00e9 chegar \u00e0s quest\u00f5es de 2012. Ao todo ser\u00e3o 45 artigos que sendo publicados de 3 em 3 dias.\u00a0 Ent\u00e3o, [&hellip;]","og_url":"https:\/\/www.estrategiaconcursos.com.br\/blog\/enem-espanhol-questoes-artigo-17-45\/","og_site_name":"Estrat\u00e9gia Concursos","article_published_time":"2019-01-12T11:15:28+00:00","article_modified_time":"2019-04-09T19:48:10+00:00","og_image":[{"url":"https:\/\/www.estrategiaconcursos.com.br\/blog\/wp-content\/uploads\/2018\/12\/ENEM-PJ45-Artigo-17-1.png","type":"","width":"","height":""}],"author":"Adino\u00e9l Sebasti\u00e3o","twitter_card":"summary_large_image","twitter_creator":"@EstratConcursos","twitter_site":"@EstratConcursos","twitter_misc":{"Escrito por":"Adino\u00e9l Sebasti\u00e3o","Est. tempo de leitura":"4 minutos"},"schema":{"@context":"https:\/\/schema.org","@graph":[{"@type":"NewsArticle","@id":"https:\/\/www.estrategiaconcursos.com.br\/blog\/enem-espanhol-questoes-artigo-17-45\/#article","isPartOf":{"@id":"https:\/\/www.estrategiaconcursos.com.br\/blog\/enem-espanhol-questoes-artigo-17-45\/"},"author":{"name":"Adino\u00e9l Sebasti\u00e3o","@id":"https:\/\/www.estrategiaconcursos.com.br\/blog\/#\/schema\/person\/e6feecd7273067598aae46392fc9f322"},"headline":"ENEM-ESPANHOL \u2013 QUEST\u00d5ES \u2013 ARTIGO 17\/45","datePublished":"2019-01-12T11:15:28+00:00","dateModified":"2019-04-09T19:48:10+00:00","mainEntityOfPage":{"@id":"https:\/\/www.estrategiaconcursos.com.br\/blog\/enem-espanhol-questoes-artigo-17-45\/"},"wordCount":903,"commentCount":0,"publisher":{"@id":"https:\/\/www.estrategiaconcursos.com.br\/blog\/#organization"},"image":{"@id":"https:\/\/www.estrategiaconcursos.com.br\/blog\/enem-espanhol-questoes-artigo-17-45\/#primaryimage"},"thumbnailUrl":"https:\/\/www.estrategiaconcursos.com.br\/blog\/wp-content\/uploads\/2018\/12\/ENEM-PJ45-Artigo-17-1.png","articleSection":["Concursos P\u00fablicos"],"inLanguage":"pt-BR","potentialAction":[{"@type":"CommentAction","name":"Comment","target":["https:\/\/www.estrategiaconcursos.com.br\/blog\/enem-espanhol-questoes-artigo-17-45\/#respond"]}],"copyrightYear":"2019","copyrightHolder":{"@id":"https:\/\/www.estrategiaconcursos.com.br\/blog\/#organization"}},{"@type":"WebPage","@id":"https:\/\/www.estrategiaconcursos.com.br\/blog\/enem-espanhol-questoes-artigo-17-45\/","url":"https:\/\/www.estrategiaconcursos.com.br\/blog\/enem-espanhol-questoes-artigo-17-45\/","name":"ENEM-ESPANHOL \u2013 QUEST\u00d5ES \u2013 ARTIGO 17\/45","isPartOf":{"@id":"https:\/\/www.estrategiaconcursos.com.br\/blog\/#website"},"primaryImageOfPage":{"@id":"https:\/\/www.estrategiaconcursos.com.br\/blog\/enem-espanhol-questoes-artigo-17-45\/#primaryimage"},"image":{"@id":"https:\/\/www.estrategiaconcursos.com.br\/blog\/enem-espanhol-questoes-artigo-17-45\/#primaryimage"},"thumbnailUrl":"https:\/\/www.estrategiaconcursos.com.br\/blog\/wp-content\/uploads\/2018\/12\/ENEM-PJ45-Artigo-17-1.png","datePublished":"2019-01-12T11:15:28+00:00","dateModified":"2019-04-09T19:48:10+00:00","breadcrumb":{"@id":"https:\/\/www.estrategiaconcursos.com.br\/blog\/enem-espanhol-questoes-artigo-17-45\/#breadcrumb"},"inLanguage":"pt-BR","potentialAction":[{"@type":"ReadAction","target":["https:\/\/www.estrategiaconcursos.com.br\/blog\/enem-espanhol-questoes-artigo-17-45\/"]}]},{"@type":"ImageObject","inLanguage":"pt-BR","@id":"https:\/\/www.estrategiaconcursos.com.br\/blog\/enem-espanhol-questoes-artigo-17-45\/#primaryimage","url":"https:\/\/dhg1h5j42swfq.cloudfront.net\/2018\/12\/09074052\/ENEM-PJ45-Artigo-17-1.png","contentUrl":"https:\/\/dhg1h5j42swfq.cloudfront.net\/2018\/12\/09074052\/ENEM-PJ45-Artigo-17-1.png","width":708,"height":612},{"@type":"BreadcrumbList","@id":"https:\/\/www.estrategiaconcursos.com.br\/blog\/enem-espanhol-questoes-artigo-17-45\/#breadcrumb","itemListElement":[{"@type":"ListItem","position":1,"name":"In\u00edcio","item":"https:\/\/www.estrategiaconcursos.com.br\/blog\/"},{"@type":"ListItem","position":2,"name":"ENEM-ESPANHOL \u2013 QUEST\u00d5ES \u2013 ARTIGO 17\/45"}]},{"@type":"WebSite","@id":"https:\/\/www.estrategiaconcursos.com.br\/blog\/#website","url":"https:\/\/www.estrategiaconcursos.com.br\/blog\/","name":"Estrat\u00e9gia Concursos","description":"O blog da Estrat\u00e9gia Concursos traz not\u00edcias sobre concursos e artigos de professores oferecendo cursos para concursos (pdf + videaulas) no site.","publisher":{"@id":"https:\/\/www.estrategiaconcursos.com.br\/blog\/#organization"},"potentialAction":[{"@type":"SearchAction","target":{"@type":"EntryPoint","urlTemplate":"https:\/\/www.estrategiaconcursos.com.br\/blog\/?s={search_term_string}"},"query-input":{"@type":"PropertyValueSpecification","valueRequired":true,"valueName":"search_term_string"}}],"inLanguage":"pt-BR"},{"@type":"Organization","@id":"https:\/\/www.estrategiaconcursos.com.br\/blog\/#organization","name":"Estrat\u00e9gia Concursos","url":"https:\/\/www.estrategiaconcursos.com.br\/blog\/","logo":{"@type":"ImageObject","inLanguage":"pt-BR","@id":"https:\/\/www.estrategiaconcursos.com.br\/blog\/#\/schema\/logo\/image\/","url":"https:\/\/dhg1h5j42swfq.cloudfront.net\/2025\/06\/03203428\/logo_concursos-1.jpg","contentUrl":"https:\/\/dhg1h5j42swfq.cloudfront.net\/2025\/06\/03203428\/logo_concursos-1.jpg","width":230,"height":60,"caption":"Estrat\u00e9gia Concursos"},"image":{"@id":"https:\/\/www.estrategiaconcursos.com.br\/blog\/#\/schema\/logo\/image\/"},"sameAs":["https:\/\/x.com\/EstratConcursos"]},{"@type":"Person","@id":"https:\/\/www.estrategiaconcursos.com.br\/blog\/#\/schema\/person\/e6feecd7273067598aae46392fc9f322","name":"Adino\u00e9l Sebasti\u00e3o","image":{"@type":"ImageObject","inLanguage":"pt-BR","@id":"https:\/\/secure.gravatar.com\/avatar\/d076dd9a00cb1c92545aae4fae60d3013922a1a2e7e9599a079da4450204b8cd?s=96&d=mm&r=g","url":"https:\/\/secure.gravatar.com\/avatar\/d076dd9a00cb1c92545aae4fae60d3013922a1a2e7e9599a079da4450204b8cd?s=96&d=mm&r=g","contentUrl":"https:\/\/secure.gravatar.com\/avatar\/d076dd9a00cb1c92545aae4fae60d3013922a1a2e7e9599a079da4450204b8cd?s=96&d=mm&r=g","caption":"Adino\u00e9l Sebasti\u00e3o"},"description":"Meu nome \u00e9 ADINO\u00c9L SEBASTI\u00c3O. Sou formado em Ci\u00eancias Cont\u00e1beis pela Funda\u00e7\u00e3o Faculdade de Ci\u00eancias Econ\u00f4micas de Apucarana-PR (FECEA). Sou Auditor-Fiscal do Trabalho (AFT). Estou lotado em Bras\u00edlia-DF na Secretaria de Inspe\u00e7\u00e3o do Trabalho em Bras\u00edlia-DF. Fui aprovado no concurso de AFT-2013. Esse concurso, segundo o CESPE, teve 48.035. Fui Analista Tribut\u00e1rio da Receita Federal (ATRFB) por mais de 22 anos (1991 a 2013). Sou autor do site \"www.adinoel.com\" e sou colaborador com tradu\u00e7\u00f5es livres de Ingl\u00eas e de Espanhol em alguns sites de concursos. J\u00e1 atuei como professor e tutor online da ESAF (aulas de inform\u00e1tica, palestras, funcionamento do CAC, etc). Elaborei\/elaboro aulas de Espanhol, Ingl\u00eas e Portugu\u00eas para concursos. Possuo v\u00e1rios cursos de forma\u00e7\u00e3o pessoal, entre eles destaco: curso de Espanhol no Instituto Cervantes da Espanha; curso de Ingl\u00eas nas escolas FISK; curso online \"Mejores Pr\u00e1cticas en la Administraci\u00f3n Tributaria, Ed. 9\", do Instituto de Estudios Fiscales e da Fundaci\u00f3n CEDDET da Espanha.","url":"https:\/\/www.estrategiaconcursos.com.br\/blog\/author\/adinoel-sebastiaogmail-com\/"}]}},"_links":{"self":[{"href":"https:\/\/www.estrategiaconcursos.com.br\/blog\/wp-json\/wp\/v2\/posts\/154929","targetHints":{"allow":["GET"]}}],"collection":[{"href":"https:\/\/www.estrategiaconcursos.com.br\/blog\/wp-json\/wp\/v2\/posts"}],"about":[{"href":"https:\/\/www.estrategiaconcursos.com.br\/blog\/wp-json\/wp\/v2\/types\/post"}],"author":[{"embeddable":true,"href":"https:\/\/www.estrategiaconcursos.com.br\/blog\/wp-json\/wp\/v2\/users\/121"}],"replies":[{"embeddable":true,"href":"https:\/\/www.estrategiaconcursos.com.br\/blog\/wp-json\/wp\/v2\/comments?post=154929"}],"version-history":[{"count":4,"href":"https:\/\/www.estrategiaconcursos.com.br\/blog\/wp-json\/wp\/v2\/posts\/154929\/revisions"}],"predecessor-version":[{"id":182236,"href":"https:\/\/www.estrategiaconcursos.com.br\/blog\/wp-json\/wp\/v2\/posts\/154929\/revisions\/182236"}],"wp:attachment":[{"href":"https:\/\/www.estrategiaconcursos.com.br\/blog\/wp-json\/wp\/v2\/media?parent=154929"}],"wp:term":[{"taxonomy":"category","embeddable":true,"href":"https:\/\/www.estrategiaconcursos.com.br\/blog\/wp-json\/wp\/v2\/categories?post=154929"},{"taxonomy":"post_tag","embeddable":true,"href":"https:\/\/www.estrategiaconcursos.com.br\/blog\/wp-json\/wp\/v2\/tags?post=154929"},{"taxonomy":"tax_estado","embeddable":true,"href":"https:\/\/www.estrategiaconcursos.com.br\/blog\/wp-json\/wp\/v2\/tax_estado?post=154929"}],"curies":[{"name":"wp","href":"https:\/\/api.w.org\/{rel}","templated":true}]}}