{"id":154821,"date":"2019-03-07T01:00:47","date_gmt":"2019-03-07T04:00:47","guid":{"rendered":"https:\/\/www.estrategiaconcursos.com.br\/blog\/?p=154821"},"modified":"2019-03-08T10:26:38","modified_gmt":"2019-03-08T13:26:38","slug":"edital-pm-mg-oficial","status":"publish","type":"post","link":"https:\/\/www.estrategiaconcursos.com.br\/blog\/edital-pm-mg-oficial\/","title":{"rendered":"Concurso PM MG Oficial:  inscri\u00e7\u00f5es encerradas para 120 vagas"},"content":{"rendered":"\n<p>O prazo para participar do concurso PM MG Oficial est\u00e1 oficialmente encerrado. S\u00e3o ofertadas 120 vagas, sendo 108 destinadas aos candidatos do sexo masculino e 12 para o sexo feminino. A remunera\u00e7\u00e3o b\u00e1sica inicial para Cadete do 1\u00ba ano do CFO\/2019 \u00e9 de <strong>R$ 5.769,42.<\/strong><\/p>\n\n\n\n<p>Ao longo deste artigo voc\u00ea vai conferir mais detalhes sobre o certame para que voc\u00ea j\u00e1 possa iniciar a sua prepara\u00e7\u00e3o e se tornar um futuro policial em minas Gerais.<\/p>\n\n\n\n<h2 class=\"wp-block-heading\">Principais requisitos para ingressar no cargo<\/h2>\n\n\n\n<p>Para poder tomas posse no Curso de Forma\u00e7\u00e3o de Oficiais, s\u00e3o necess\u00e1rios alguns requisitos b\u00e1sico que devem ser apresentados na data da matr\u00edculas. Abaixo est\u00e3o listados alguns dos mais importantes a serem observados:<\/p>\n\n\n\n<ul class=\"wp-block-list\"><li>Possuir t\u00edtulo de bacharel em Direito;<\/li><li>Ter entre 18 e 30 anos de idade na data da inclus\u00e3o, prevista para o dia 26 de agosto de 2019;<\/li><li>Ter altura m\u00ednima de 1,60m.<\/li><\/ul>\n\n\n\n<h2 class=\"wp-block-heading\">Principais datas do concurso<\/h2>\n\n\n\n<p><em><strong>Inscri\u00e7\u00f5es:<\/strong><\/em>&nbsp;06\/02\/19 a 07\/03\/19<\/p>\n\n\n\n<p><em><strong>Taxa de inscri\u00e7\u00e3o:&nbsp;<\/strong><\/em>R$173,00<\/p>\n\n\n\n<p><em><strong>Data prevista da prova:\u00a0<\/strong><\/em>07\/04\/2019 (in\u00edcio \u00e0s 08:30h)<\/p>\n\n\n\n<h2 class=\"wp-block-heading\">Etapas do concurso PM MG Oficial<\/h2>\n\n\n\n<p>A sele\u00e7\u00e3o do <a href=\"https:\/\/www.estrategiaconcursos.com.br\/\" target=\"_blank\" rel=\"noreferrer noopener\">concurso p\u00fablico<\/a> ser\u00e1 feita atrav\u00e9s de duas fases, sendo elas:<\/p>\n\n\n\n<p><strong>1\u00aa fase:<\/strong><br \/>Provas de Conhecimentos (objetiva e dissertativa).<\/p>\n\n\n\n<p><strong>2\u00aa fase:<\/strong><br \/>Avalia\u00e7\u00f5es Psicol\u00f3gicas;<br \/>Avalia\u00e7\u00e3o F\u00edsica Militar (AFM) e Exames de Sa\u00fade (preliminares e complementares);<br \/>Exame Toxicol\u00f3gico;<br \/>Prova Oral; e<br \/>Prova de T\u00edtulos.<\/p>\n\n\n\n<h3 class=\"wp-block-heading\">Prova objetiva<\/h3>\n\n\n\n<p>A prova objetiva, de car\u00e1ter eliminat\u00f3rio e classificat\u00f3rio ser\u00e1 composta de<strong> 40 quest\u00f5es<\/strong> de m\u00faltipla escolha no valor de 3,0 pontos cada quest\u00e3o, totalizando 120 pontos:<\/p>\n\n\n\n<p>a) L\u00edngua Portuguesa.<br \/>b) Direito Constitucional.<br \/>c) Direito Penal Militar.<br \/>d) Direito Penal.<br \/>e) Direito Processual Penal Militar.<br \/>f) Direito Processual Penal.<br \/>g) Direito Administrativo.<br \/>h) Legisla\u00e7\u00e3o Extravagante e Legisla\u00e7\u00e3o Institucional.<\/p>\n\n\n\n<p>As provas objetiva e dissertativa ser\u00e3o realizadas nas cidades de Belo Horizonte, Juiz de Fora, Uberaba, Lavras, Divin\u00f3polis, Governador Valadares, Uberl\u00e2ndia, Patos de Minas, Montes Claros, Ipatinga, Barbacena, Curvelo, Te\u00f3filo Otoni, Una\u00ed, Pouso Alegre, Po\u00e7os de Caldas e Sete Lagoas, conforme op\u00e7\u00e3o do candidato no momento da inscri\u00e7\u00e3o.<\/p>\n\n\n\n<p>Somente ser\u00e3o corrigidas as provas dissertativas (reda\u00e7\u00e3o) dos candidatos que obtiverem <strong>nota m\u00ednima de 60% dos pontos<\/strong> atribu\u00eddos \u00e0 prova objetiva, na propor\u00e7\u00e3o de at\u00e9 04 candidatos por vaga para ambos os sexos, incluindo-se os que estiverem empatados na nota de corte.<\/p>\n\n\n\n<h3 class=\"wp-block-heading\">Avalia\u00e7\u00e3o F\u00edsica Militar (AFM)<\/h3>\n\n\n\n<p>A Avalia\u00e7\u00e3o F\u00edsica Militar (AFM) \u00e9 composta de Avalia\u00e7\u00e3o M\u00e9dica (AM)\/Controle Fisiol\u00f3gico (CF) e do Teste de Capacita\u00e7\u00e3o F\u00edsica (TCF). O TCF ter\u00e1 car\u00e1ter eliminat\u00f3rio e classificat\u00f3rio, devendo o candidato alcan\u00e7ar o m\u00ednimo de 60% de rendimento em cada modalidade para aprova\u00e7\u00e3o, conforme tabelas a seguir, aplic\u00e1veis a todos os candidatos:<\/p>\n\n\n\n<p><em><strong>For\u00e7a de resist\u00eancia abdominal (abdominal tipo remador):<\/strong><\/em><\/p>\n\n\n\n<div class=\"wp-block-image\"><figure class=\"aligncenter\"><img loading=\"lazy\" decoding=\"async\" width=\"646\" height=\"202\" src=\"https:\/\/dhg1h5j42swfq.cloudfront.net\/2018\/12\/07165047\/1-min.jpg\" alt=\"TAF Concurso PM MG Oficial\" class=\"wp-image-154833\" srcset=\"https:\/\/dhg1h5j42swfq.cloudfront.net\/2018\/12\/07165047\/1-min.jpg 646w, https:\/\/dhg1h5j42swfq.cloudfront.net\/2018\/12\/07165047\/1-min.jpg 300w, https:\/\/dhg1h5j42swfq.cloudfront.net\/2018\/12\/07165047\/1-min.jpg 610w\" sizes=\"auto, (max-width: 646px) 100vw, 646px\" \/><\/figure><\/div>\n\n\n\n<p><em><strong>For\u00e7a de resist\u00eancia de bra\u00e7os na barra fixa (flex\u00e3o est\u00e1tica e din\u00e2mica na barra fixa):<\/strong><\/em><\/p>\n\n\n\n<div class=\"wp-block-image\"><figure class=\"aligncenter\"><img loading=\"lazy\" decoding=\"async\" width=\"645\" height=\"225\" src=\"https:\/\/dhg1h5j42swfq.cloudfront.net\/2018\/12\/07165125\/2-min.jpg\" alt=\"TAF Concurso PM MG Oficial\" class=\"wp-image-154834\" srcset=\"https:\/\/dhg1h5j42swfq.cloudfront.net\/2018\/12\/07165125\/2-min.jpg 645w, https:\/\/dhg1h5j42swfq.cloudfront.net\/2018\/12\/07165125\/2-min.jpg 300w, https:\/\/dhg1h5j42swfq.cloudfront.net\/2018\/12\/07165125\/2-min.jpg 610w\" sizes=\"auto, (max-width: 645px) 100vw, 645px\" \/><\/figure><\/div>\n\n\n\n<p><em><strong>Resist\u00eancia cardiorrespirat\u00f3ria (corrida de 2.400 metros): <\/strong><\/em><\/p>\n\n\n\n<div class=\"wp-block-image\"><figure class=\"aligncenter\"><img loading=\"lazy\" decoding=\"async\" width=\"645\" height=\"203\" src=\"https:\/\/dhg1h5j42swfq.cloudfront.net\/2018\/12\/07165212\/3-min.jpg\" alt=\"TAF Concurso PM MG Oficial\" class=\"wp-image-154835\" srcset=\"https:\/\/dhg1h5j42swfq.cloudfront.net\/2018\/12\/07165212\/3-min.jpg 645w, https:\/\/dhg1h5j42swfq.cloudfront.net\/2018\/12\/07165212\/3-min.jpg 300w, https:\/\/dhg1h5j42swfq.cloudfront.net\/2018\/12\/07165212\/3-min.jpg 610w\" sizes=\"auto, (max-width: 645px) 100vw, 645px\" \/><\/figure><\/div>\n\n\n\n<h3 class=\"wp-block-heading\">Prova Oral<\/h3>\n\n\n\n<p>A prova oral, de car\u00e1ter eliminat\u00f3rio, ser\u00e1 realizada em Belo Horizonte, valendo 100 pontos&nbsp;abrangendo as seguintes \u00e1reas tem\u00e1ticas:<\/p>\n\n\n\n<p>a) Direito Constitucional.<br \/>b) Direito Penal Comum e Militar.<br \/>c) Direito Processual Penal Comum e Militar.<br \/>d) Direito Administrativo.<\/p>\n\n\n\n<p>Cada candidato ser\u00e1 arguido sobre as 04 \u00e1reas tem\u00e1ticas previstas e ser\u00e1 cobrado devidamente atualizado at\u00e9 a data da publica\u00e7\u00e3o deste edital, e ter\u00e1, no m\u00e1ximo, 5 minutos para responder aos questionamentos relativos a cada \u00e1rea.\u00a0Ser\u00e1 considerado reprovado aquele que n\u00e3o obtiver o aproveitamento m\u00ednimo de 50%.<\/p>\n\n\n\n<p>A prova oral ser\u00e1 realizada em dois dias consecutivos, conforme data a ser publicada no ato de convoca\u00e7\u00e3o para a prova.<\/p>\n\n\n\n<h3 class=\"wp-block-heading\">Prova de T\u00edtulos<\/h3>\n\n\n\n<p>A prova de t\u00edtulos ser\u00e1 de car\u00e1ter classificat\u00f3rio e ter\u00e1 o valor de 10 pontos&nbsp;divididos conforme a tabela abaixo:<\/p>\n\n\n\n<div class=\"wp-block-image\"><figure class=\"aligncenter\"><img loading=\"lazy\" decoding=\"async\" width=\"832\" height=\"162\" src=\"https:\/\/dhg1h5j42swfq.cloudfront.net\/2018\/12\/07170748\/titulos-min1.jpg\" alt=\"Prova de T\u00edtulos Concurso PM MG Oficial\" class=\"wp-image-154842\" srcset=\"https:\/\/dhg1h5j42swfq.cloudfront.net\/2018\/12\/07170748\/titulos-min1.jpg 832w, https:\/\/dhg1h5j42swfq.cloudfront.net\/2018\/12\/07170748\/titulos-min1.jpg 300w, https:\/\/dhg1h5j42swfq.cloudfront.net\/2018\/12\/07170748\/titulos-min1.jpg 768w, https:\/\/dhg1h5j42swfq.cloudfront.net\/2018\/12\/07170748\/titulos-min1.jpg 610w\" sizes=\"auto, (max-width: 832px) 100vw, 832px\" \/><\/figure><\/div>\n\n\n\n<h3 class=\"wp-block-heading\">Curso de Forma\u00e7\u00e3o<\/h3>\n\n\n\n<p>O CFO funcionar\u00e1 na Escola de Forma\u00e7\u00e3o de Oficiais da Academia de Pol\u00edcia Militar e ter\u00e1 dura\u00e7\u00e3o de dois anos e seis meses acad\u00eamicos e seis meses de aspirantado, com in\u00edcio previsto para<br \/>agosto\/2019, em tempo integral, com regime de dedica\u00e7\u00e3o exclusiva e atividades escolares extraclasse ap\u00f3s as 18h, inclusive aos s\u00e1bados, domingos e feriados.<\/p>\n\n\n\n<p>Durante o curso ser\u00e1 obrigat\u00f3rio o alojamento do Cadete nos primeiros 12 meses de curso (pernoitar nos aquartelamentos), no todo ou em parte, com a finalidade de familiarizar-se ao regime da<br \/>caserna e \u00e0s atividades militares, de acordo com o Regimento da Escola.<\/p>\n\n\n\n<p>O Cadete far\u00e1 jus, durante o per\u00edodo do curso, \u00e0 remunera\u00e7\u00e3o, abono fardamento, assist\u00eancia m\u00e9dico-hospitalar, psicol\u00f3gica e odontol\u00f3gica, conforme legisla\u00e7\u00e3o em vigor.<\/p>\n\n\n\n<p style=\"font-size:18px;text-align:center\"><strong>Gostou desta oportunidade e deseja se prepara? Confira os curso dispon\u00edveis para o certame:<\/strong><\/p>\n\n\n\n<p style=\"font-size:24px;text-align:center\"><strong><u><a href=\"https:\/\/www.estrategiaconcursos.com.br\/cursosPorConcurso\/policia-militar-de-minas-gerais-pm-mg\/\" target=\"_blank\" rel=\"noreferrer noopener\" aria-label=\"CURSOS PARA CONCURSO PM MG (opens in a new tab)\">CURSOS PARA CONCURSO PM MG<\/a><\/u><\/strong><\/p>\n\n\n\n<p style=\"font-size:18px;text-align:center\"><em><strong>Assinatura Anual Ilimitada*<\/strong><\/em><\/p>\n\n\n\n<p style=\"text-align:center\"><em>Prepare-se com o melhor material e com quem mais aprova em&nbsp;Concursos P\u00fablicos de todo o pa\u00eds. Assine agora a nossa Assinatura Anual e tenha acesso ilimitado* a todos os nossos cursos.<\/em><\/p>\n\n\n\n<figure class=\"wp-block-image\"><a href=\"https:\/\/www.estrategiaconcursos.com.br\/assinaturas\" target=\"_blank\" rel=\"noreferrer noopener\"><img decoding=\"async\" src=\"https:\/\/www.estrategiaconcursos.com.br\/assets\/img\/banner-assinaturas.jpg\" alt=\"Assinatura Ilimitada\" class=\"wp-image-157836\"\/><\/a><\/figure>\n\n\n\n<div class=\"wp-block-image\"><figure class=\"aligncenter\"><img loading=\"lazy\" decoding=\"async\" width=\"300\" height=\"102\" src=\"https:\/\/dhg1h5j42swfq.cloudfront.net\/2017\/03\/28152500\/coruja-ficha-tecnica-300x102.png\" alt=\"Ficha t\u00e9cnica concurso pm mg oficial\" class=\"wp-image-68542\"\/><\/figure><\/div>\n\n\n\n<p><strong>\u25baInforma\u00e7\u00f5es sobre o concurso PM MG &#8211; Oficial<\/strong><br \/>\u25ba<strong>Data prevista da prova<\/strong>:&nbsp;07\/04\/2019<br \/>\u25ba<strong>Vagas<\/strong>: 120<br \/>\u25ba<strong>Cargos<\/strong>: Oficial<br \/>\u25ba<strong>Lota\u00e7\u00f5es<\/strong>: Minas Gerais<br \/>\u25ba<strong>Banca<\/strong>: <a rel=\"noreferrer noopener\" href=\"https:\/\/www.policiamilitar.mg.gov.br\/portal-pm\/crs\/principal.action\" target=\"_blank\">PMMG\/CRS<\/a><br \/>\u25ba<strong>Escolaridade<\/strong>: N\u00edvel Superior<\/p>\n\n\n\n<p>\u25ba<strong>Edital<\/strong>:&nbsp;<a href=\"https:\/\/dhg1h5j42swfq.cloudfront.net\/2018\/12\/07162700\/071220180951416763.pdf\" target=\"_blank\" rel=\"noreferrer noopener\">Edital PM MG Oficial<\/a><\/p>\n\n\n\n<p><em>Camila Leite<\/em><br \/><em>Ascom Estrat\u00e9gia<\/em><br \/>ascomestrategia@gmail.com<\/p>\n\n\n\n<p style=\"text-align:center\"><em><strong>Receba not\u00edcias de Concursos no seu WhatsApp e\/ou Telegram!<\/strong><\/em><\/p>\n\n\n\n<p style=\"text-align:center\"><em><strong>Cadastre-se clicando no \u00edcone abaixo<\/strong><\/em><\/p>\n\n\n\n<div class=\"wp-block-image\"><figure class=\"aligncenter\"><a href=\"https:\/\/www.estrategiaconcursos.com.br\/blog\/noticias-de-concursos-whatsapp-estrategia-concursos\/\" target=\"_blank\" rel=\"noreferrer noopener\"><img loading=\"lazy\" decoding=\"async\" width=\"320\" height=\"180\" src=\"https:\/\/dhg1h5j42swfq.cloudfront.net\/2018\/03\/22113932\/whatsapptelegram-e1548177162795.png\" alt=\"\" class=\"wp-image-112824\"\/><\/a><\/figure><\/div>\n\n\n\n<p style=\"text-align:center\"><a rel=\"noreferrer noopener\" href=\"https:\/\/www.estrategiaconcursos.com.br\/blog\/noticias-de-concursos-whatsapp-estrategia-concursos\/\" target=\"_blank\">Not\u00edcias de concursos no seu WhatsApp e\/ou Telegram<\/a><\/p>\n\n\n\n<p style=\"text-align:center\"><a href=\"https:\/\/www.estrategiaconcursos.com.br\/gratis\/cursos-extensivos\/\" target=\"_blank\" rel=\"noreferrer noopener\"><em><strong>Inscreva-se no Curso Online Gr\u00e1tis!<\/strong><\/em><\/a><\/p>\n\n\n\n<div class=\"wp-block-image\"><figure class=\"aligncenter\"><a href=\"https:\/\/www.estrategiaconcursos.com.br\/gratis\/cursos-extensivos\/\" target=\"_blank\" rel=\"noreferrer noopener\"><img loading=\"lazy\" decoding=\"async\" width=\"1200\" height=\"300\" src=\"https:\/\/dhg1h5j42swfq.cloudfront.net\/2017\/02\/07143618\/curso-online-gratis.jpg\" alt=\"curso online gratis\" class=\"wp-image-105661\" srcset=\"https:\/\/dhg1h5j42swfq.cloudfront.net\/2017\/02\/07143618\/curso-online-gratis.jpg 1200w, https:\/\/dhg1h5j42swfq.cloudfront.net\/2017\/02\/07143618\/curso-online-gratis.jpg 300w, https:\/\/dhg1h5j42swfq.cloudfront.net\/2017\/02\/07143618\/curso-online-gratis.jpg 768w, https:\/\/dhg1h5j42swfq.cloudfront.net\/2017\/02\/07143618\/curso-online-gratis.jpg 1024w, https:\/\/dhg1h5j42swfq.cloudfront.net\/2017\/02\/07143618\/curso-online-gratis.jpg 610w\" sizes=\"auto, (max-width: 1200px) 100vw, 1200px\" \/><\/a><\/figure><\/div>\n","protected":false},"excerpt":{"rendered":"<p>O prazo para participar do concurso PM MG Oficial est\u00e1 oficialmente encerrado. S\u00e3o ofertadas 120 vagas, sendo 108 destinadas aos candidatos do sexo masculino e 12 para o sexo feminino. A remunera\u00e7\u00e3o b\u00e1sica inicial para Cadete do 1\u00ba ano do CFO\/2019 \u00e9 de R$ 5.769,42. Ao longo deste artigo voc\u00ea vai conferir mais detalhes sobre [&hellip;]<\/p>\n","protected":false},"author":1,"featured_media":155135,"comment_status":"open","ping_status":"closed","sticky":false,"template":"","format":"standard","meta":{"post_tipo":"news","footnotes":""},"categories":[1,1988],"tags":[],"tax_estado":[],"class_list":["post-154821","post","type-post","status-publish","format-standard","has-post-thumbnail","hentry","category-cursos-e-concursos","category-policia"],"acf":[],"yoast_head":"<!-- This site is optimized with the Yoast SEO Premium plugin v27.2 (Yoast SEO v27.2) - https:\/\/yoast.com\/product\/yoast-seo-premium-wordpress\/ -->\n<title>Concurso PM MG Oficial: inscri\u00e7\u00f5es encerradas para 120 vagas<\/title>\n<meta name=\"description\" content=\"Concurso PM MG Oficial: est\u00e3o oficialmente encerradas as inscri\u00e7\u00f5es do certame com oferta de 120 vagas para o Curso de Forma\u00e7\u00e3o para 2019.\" \/>\n<meta name=\"robots\" content=\"index, follow, max-snippet:-1, max-image-preview:large, max-video-preview:-1\" \/>\n<link rel=\"canonical\" href=\"https:\/\/www.estrategiaconcursos.com.br\/blog\/edital-pm-mg-oficial\/\" \/>\n<meta property=\"og:locale\" content=\"pt_BR\" \/>\n<meta property=\"og:type\" content=\"article\" \/>\n<meta property=\"og:title\" content=\"Concurso PM MG Oficial: inscri\u00e7\u00f5es encerradas para 120 vagas\" \/>\n<meta property=\"og:description\" content=\"Concurso PM MG Oficial: est\u00e3o oficialmente encerradas as inscri\u00e7\u00f5es do certame com oferta de 120 vagas para o Curso de Forma\u00e7\u00e3o para 2019.\" \/>\n<meta property=\"og:url\" content=\"https:\/\/www.estrategiaconcursos.com.br\/blog\/edital-pm-mg-oficial\/\" \/>\n<meta property=\"og:site_name\" content=\"Estrat\u00e9gia Concursos\" \/>\n<meta property=\"article:author\" content=\"https:\/\/www.facebook.com\/EstrategiaConcursos\" \/>\n<meta property=\"article:published_time\" content=\"2019-03-07T04:00:47+00:00\" \/>\n<meta property=\"article:modified_time\" content=\"2019-03-08T13:26:38+00:00\" \/>\n<meta property=\"og:image\" content=\"https:\/\/dhg1h5j42swfq.cloudfront.net\/2018\/12\/10090930\/PM-MG-e1544443778912.jpg\" \/>\n\t<meta property=\"og:image:width\" content=\"400\" \/>\n\t<meta property=\"og:image:height\" content=\"209\" \/>\n\t<meta property=\"og:image:type\" content=\"image\/jpeg\" \/>\n<meta name=\"author\" content=\"Coordena\u00e7\u00e3o\" \/>\n<meta name=\"twitter:card\" content=\"summary_large_image\" \/>\n<meta name=\"twitter:creator\" content=\"@EstratConcursos\" \/>\n<meta name=\"twitter:site\" content=\"@EstratConcursos\" \/>\n<meta name=\"twitter:label1\" content=\"Escrito por\" \/>\n\t<meta name=\"twitter:data1\" content=\"Coordena\u00e7\u00e3o\" \/>\n\t<meta name=\"twitter:label2\" content=\"Est. tempo de leitura\" \/>\n\t<meta name=\"twitter:data2\" content=\"5 minutos\" \/>\n<script type=\"application\/ld+json\" class=\"yoast-schema-graph\">{\"@context\":\"https:\/\/schema.org\",\"@graph\":[{\"@type\":\"NewsArticle\",\"@id\":\"https:\/\/www.estrategiaconcursos.com.br\/blog\/edital-pm-mg-oficial\/#article\",\"isPartOf\":{\"@id\":\"https:\/\/www.estrategiaconcursos.com.br\/blog\/edital-pm-mg-oficial\/\"},\"author\":{\"name\":\"Coordena\u00e7\u00e3o\",\"@id\":\"https:\/\/www.estrategiaconcursos.com.br\/blog\/#\/schema\/person\/b4a388c97673c5f483d72185668afa1f\"},\"headline\":\"Concurso PM MG Oficial: inscri\u00e7\u00f5es encerradas para 120 vagas\",\"datePublished\":\"2019-03-07T04:00:47+00:00\",\"dateModified\":\"2019-03-08T13:26:38+00:00\",\"mainEntityOfPage\":{\"@id\":\"https:\/\/www.estrategiaconcursos.com.br\/blog\/edital-pm-mg-oficial\/\"},\"wordCount\":918,\"commentCount\":2,\"publisher\":{\"@id\":\"https:\/\/www.estrategiaconcursos.com.br\/blog\/#organization\"},\"image\":{\"@id\":\"https:\/\/www.estrategiaconcursos.com.br\/blog\/edital-pm-mg-oficial\/#primaryimage\"},\"thumbnailUrl\":\"https:\/\/dhg1h5j42swfq.cloudfront.net\/2018\/12\/10090930\/PM-MG-e1544443778912.jpg\",\"articleSection\":[\"Concursos P\u00fablicos\",\"Policial (Agente, Escriv\u00e3o e Investigador)\"],\"inLanguage\":\"pt-BR\",\"potentialAction\":[{\"@type\":\"CommentAction\",\"name\":\"Comment\",\"target\":[\"https:\/\/www.estrategiaconcursos.com.br\/blog\/edital-pm-mg-oficial\/#respond\"]}],\"copyrightYear\":\"2019\",\"copyrightHolder\":{\"@id\":\"https:\/\/www.estrategiaconcursos.com.br\/blog\/#organization\"}},{\"@type\":\"WebPage\",\"@id\":\"https:\/\/www.estrategiaconcursos.com.br\/blog\/edital-pm-mg-oficial\/\",\"url\":\"https:\/\/www.estrategiaconcursos.com.br\/blog\/edital-pm-mg-oficial\/\",\"name\":\"Concurso PM MG Oficial: inscri\u00e7\u00f5es encerradas para 120 vagas\",\"isPartOf\":{\"@id\":\"https:\/\/www.estrategiaconcursos.com.br\/blog\/#website\"},\"primaryImageOfPage\":{\"@id\":\"https:\/\/www.estrategiaconcursos.com.br\/blog\/edital-pm-mg-oficial\/#primaryimage\"},\"image\":{\"@id\":\"https:\/\/www.estrategiaconcursos.com.br\/blog\/edital-pm-mg-oficial\/#primaryimage\"},\"thumbnailUrl\":\"https:\/\/dhg1h5j42swfq.cloudfront.net\/2018\/12\/10090930\/PM-MG-e1544443778912.jpg\",\"datePublished\":\"2019-03-07T04:00:47+00:00\",\"dateModified\":\"2019-03-08T13:26:38+00:00\",\"description\":\"Concurso PM MG Oficial: est\u00e3o oficialmente encerradas as inscri\u00e7\u00f5es do certame com oferta de 120 vagas para o Curso de Forma\u00e7\u00e3o para 2019.\",\"breadcrumb\":{\"@id\":\"https:\/\/www.estrategiaconcursos.com.br\/blog\/edital-pm-mg-oficial\/#breadcrumb\"},\"inLanguage\":\"pt-BR\",\"potentialAction\":[{\"@type\":\"ReadAction\",\"target\":[\"https:\/\/www.estrategiaconcursos.com.br\/blog\/edital-pm-mg-oficial\/\"]}]},{\"@type\":\"ImageObject\",\"inLanguage\":\"pt-BR\",\"@id\":\"https:\/\/www.estrategiaconcursos.com.br\/blog\/edital-pm-mg-oficial\/#primaryimage\",\"url\":\"https:\/\/dhg1h5j42swfq.cloudfront.net\/2018\/12\/10090930\/PM-MG-e1544443778912.jpg\",\"contentUrl\":\"https:\/\/dhg1h5j42swfq.cloudfront.net\/2018\/12\/10090930\/PM-MG-e1544443778912.jpg\",\"width\":400,\"height\":209,\"caption\":\"concurso pm mg oficial\"},{\"@type\":\"BreadcrumbList\",\"@id\":\"https:\/\/www.estrategiaconcursos.com.br\/blog\/edital-pm-mg-oficial\/#breadcrumb\",\"itemListElement\":[{\"@type\":\"ListItem\",\"position\":1,\"name\":\"In\u00edcio\",\"item\":\"https:\/\/www.estrategiaconcursos.com.br\/blog\/\"},{\"@type\":\"ListItem\",\"position\":2,\"name\":\"Concurso PM MG Oficial: inscri\u00e7\u00f5es encerradas para 120 vagas\"}]},{\"@type\":\"WebSite\",\"@id\":\"https:\/\/www.estrategiaconcursos.com.br\/blog\/#website\",\"url\":\"https:\/\/www.estrategiaconcursos.com.br\/blog\/\",\"name\":\"Estrat\u00e9gia Concursos\",\"description\":\"O blog da Estrat\u00e9gia Concursos traz not\u00edcias sobre concursos e artigos de professores oferecendo cursos para concursos (pdf + videaulas) no site.\",\"publisher\":{\"@id\":\"https:\/\/www.estrategiaconcursos.com.br\/blog\/#organization\"},\"potentialAction\":[{\"@type\":\"SearchAction\",\"target\":{\"@type\":\"EntryPoint\",\"urlTemplate\":\"https:\/\/www.estrategiaconcursos.com.br\/blog\/?s={search_term_string}\"},\"query-input\":{\"@type\":\"PropertyValueSpecification\",\"valueRequired\":true,\"valueName\":\"search_term_string\"}}],\"inLanguage\":\"pt-BR\"},{\"@type\":\"Organization\",\"@id\":\"https:\/\/www.estrategiaconcursos.com.br\/blog\/#organization\",\"name\":\"Estrat\u00e9gia Concursos\",\"url\":\"https:\/\/www.estrategiaconcursos.com.br\/blog\/\",\"logo\":{\"@type\":\"ImageObject\",\"inLanguage\":\"pt-BR\",\"@id\":\"https:\/\/www.estrategiaconcursos.com.br\/blog\/#\/schema\/logo\/image\/\",\"url\":\"https:\/\/dhg1h5j42swfq.cloudfront.net\/2025\/06\/03203428\/logo_concursos-1.jpg\",\"contentUrl\":\"https:\/\/dhg1h5j42swfq.cloudfront.net\/2025\/06\/03203428\/logo_concursos-1.jpg\",\"width\":230,\"height\":60,\"caption\":\"Estrat\u00e9gia Concursos\"},\"image\":{\"@id\":\"https:\/\/www.estrategiaconcursos.com.br\/blog\/#\/schema\/logo\/image\/\"},\"sameAs\":[\"https:\/\/x.com\/EstratConcursos\"]},{\"@type\":\"Person\",\"@id\":\"https:\/\/www.estrategiaconcursos.com.br\/blog\/#\/schema\/person\/b4a388c97673c5f483d72185668afa1f\",\"name\":\"Coordena\u00e7\u00e3o\",\"image\":{\"@type\":\"ImageObject\",\"inLanguage\":\"pt-BR\",\"@id\":\"https:\/\/secure.gravatar.com\/avatar\/b720319e4c9a967eb58678d110f4fe35452fc5d5f97b202bac7b8acceb18c6ad?s=96&d=mm&r=g\",\"url\":\"https:\/\/secure.gravatar.com\/avatar\/b720319e4c9a967eb58678d110f4fe35452fc5d5f97b202bac7b8acceb18c6ad?s=96&d=mm&r=g\",\"contentUrl\":\"https:\/\/secure.gravatar.com\/avatar\/b720319e4c9a967eb58678d110f4fe35452fc5d5f97b202bac7b8acceb18c6ad?s=96&d=mm&r=g\",\"caption\":\"Coordena\u00e7\u00e3o\"},\"sameAs\":[\"https:\/\/www.facebook.com\/EstrategiaConcursos\",\"https:\/\/x.com\/EstratConcursos\"],\"url\":\"https:\/\/www.estrategiaconcursos.com.br\/blog\/author\/estrategia2013\/\"}]}<\/script>\n<!-- \/ Yoast SEO Premium plugin. -->","yoast_head_json":{"title":"Concurso PM MG Oficial: inscri\u00e7\u00f5es encerradas para 120 vagas","description":"Concurso PM MG Oficial: est\u00e3o oficialmente encerradas as inscri\u00e7\u00f5es do certame com oferta de 120 vagas para o Curso de Forma\u00e7\u00e3o para 2019.","robots":{"index":"index","follow":"follow","max-snippet":"max-snippet:-1","max-image-preview":"max-image-preview:large","max-video-preview":"max-video-preview:-1"},"canonical":"https:\/\/www.estrategiaconcursos.com.br\/blog\/edital-pm-mg-oficial\/","og_locale":"pt_BR","og_type":"article","og_title":"Concurso PM MG Oficial: inscri\u00e7\u00f5es encerradas para 120 vagas","og_description":"Concurso PM MG Oficial: est\u00e3o oficialmente encerradas as inscri\u00e7\u00f5es do certame com oferta de 120 vagas para o Curso de Forma\u00e7\u00e3o para 2019.","og_url":"https:\/\/www.estrategiaconcursos.com.br\/blog\/edital-pm-mg-oficial\/","og_site_name":"Estrat\u00e9gia Concursos","article_author":"https:\/\/www.facebook.com\/EstrategiaConcursos","article_published_time":"2019-03-07T04:00:47+00:00","article_modified_time":"2019-03-08T13:26:38+00:00","og_image":[{"width":400,"height":209,"url":"https:\/\/dhg1h5j42swfq.cloudfront.net\/2018\/12\/10090930\/PM-MG-e1544443778912.jpg","type":"image\/jpeg"}],"author":"Coordena\u00e7\u00e3o","twitter_card":"summary_large_image","twitter_creator":"@EstratConcursos","twitter_site":"@EstratConcursos","twitter_misc":{"Escrito por":"Coordena\u00e7\u00e3o","Est. tempo de leitura":"5 minutos"},"schema":{"@context":"https:\/\/schema.org","@graph":[{"@type":"NewsArticle","@id":"https:\/\/www.estrategiaconcursos.com.br\/blog\/edital-pm-mg-oficial\/#article","isPartOf":{"@id":"https:\/\/www.estrategiaconcursos.com.br\/blog\/edital-pm-mg-oficial\/"},"author":{"name":"Coordena\u00e7\u00e3o","@id":"https:\/\/www.estrategiaconcursos.com.br\/blog\/#\/schema\/person\/b4a388c97673c5f483d72185668afa1f"},"headline":"Concurso PM MG Oficial: inscri\u00e7\u00f5es encerradas para 120 vagas","datePublished":"2019-03-07T04:00:47+00:00","dateModified":"2019-03-08T13:26:38+00:00","mainEntityOfPage":{"@id":"https:\/\/www.estrategiaconcursos.com.br\/blog\/edital-pm-mg-oficial\/"},"wordCount":918,"commentCount":2,"publisher":{"@id":"https:\/\/www.estrategiaconcursos.com.br\/blog\/#organization"},"image":{"@id":"https:\/\/www.estrategiaconcursos.com.br\/blog\/edital-pm-mg-oficial\/#primaryimage"},"thumbnailUrl":"https:\/\/dhg1h5j42swfq.cloudfront.net\/2018\/12\/10090930\/PM-MG-e1544443778912.jpg","articleSection":["Concursos P\u00fablicos","Policial (Agente, Escriv\u00e3o e Investigador)"],"inLanguage":"pt-BR","potentialAction":[{"@type":"CommentAction","name":"Comment","target":["https:\/\/www.estrategiaconcursos.com.br\/blog\/edital-pm-mg-oficial\/#respond"]}],"copyrightYear":"2019","copyrightHolder":{"@id":"https:\/\/www.estrategiaconcursos.com.br\/blog\/#organization"}},{"@type":"WebPage","@id":"https:\/\/www.estrategiaconcursos.com.br\/blog\/edital-pm-mg-oficial\/","url":"https:\/\/www.estrategiaconcursos.com.br\/blog\/edital-pm-mg-oficial\/","name":"Concurso PM MG Oficial: inscri\u00e7\u00f5es encerradas para 120 vagas","isPartOf":{"@id":"https:\/\/www.estrategiaconcursos.com.br\/blog\/#website"},"primaryImageOfPage":{"@id":"https:\/\/www.estrategiaconcursos.com.br\/blog\/edital-pm-mg-oficial\/#primaryimage"},"image":{"@id":"https:\/\/www.estrategiaconcursos.com.br\/blog\/edital-pm-mg-oficial\/#primaryimage"},"thumbnailUrl":"https:\/\/dhg1h5j42swfq.cloudfront.net\/2018\/12\/10090930\/PM-MG-e1544443778912.jpg","datePublished":"2019-03-07T04:00:47+00:00","dateModified":"2019-03-08T13:26:38+00:00","description":"Concurso PM MG Oficial: est\u00e3o oficialmente encerradas as inscri\u00e7\u00f5es do certame com oferta de 120 vagas para o Curso de Forma\u00e7\u00e3o para 2019.","breadcrumb":{"@id":"https:\/\/www.estrategiaconcursos.com.br\/blog\/edital-pm-mg-oficial\/#breadcrumb"},"inLanguage":"pt-BR","potentialAction":[{"@type":"ReadAction","target":["https:\/\/www.estrategiaconcursos.com.br\/blog\/edital-pm-mg-oficial\/"]}]},{"@type":"ImageObject","inLanguage":"pt-BR","@id":"https:\/\/www.estrategiaconcursos.com.br\/blog\/edital-pm-mg-oficial\/#primaryimage","url":"https:\/\/dhg1h5j42swfq.cloudfront.net\/2018\/12\/10090930\/PM-MG-e1544443778912.jpg","contentUrl":"https:\/\/dhg1h5j42swfq.cloudfront.net\/2018\/12\/10090930\/PM-MG-e1544443778912.jpg","width":400,"height":209,"caption":"concurso pm mg oficial"},{"@type":"BreadcrumbList","@id":"https:\/\/www.estrategiaconcursos.com.br\/blog\/edital-pm-mg-oficial\/#breadcrumb","itemListElement":[{"@type":"ListItem","position":1,"name":"In\u00edcio","item":"https:\/\/www.estrategiaconcursos.com.br\/blog\/"},{"@type":"ListItem","position":2,"name":"Concurso PM MG Oficial: inscri\u00e7\u00f5es encerradas para 120 vagas"}]},{"@type":"WebSite","@id":"https:\/\/www.estrategiaconcursos.com.br\/blog\/#website","url":"https:\/\/www.estrategiaconcursos.com.br\/blog\/","name":"Estrat\u00e9gia Concursos","description":"O blog da Estrat\u00e9gia Concursos traz not\u00edcias sobre concursos e artigos de professores oferecendo cursos para concursos (pdf + videaulas) no site.","publisher":{"@id":"https:\/\/www.estrategiaconcursos.com.br\/blog\/#organization"},"potentialAction":[{"@type":"SearchAction","target":{"@type":"EntryPoint","urlTemplate":"https:\/\/www.estrategiaconcursos.com.br\/blog\/?s={search_term_string}"},"query-input":{"@type":"PropertyValueSpecification","valueRequired":true,"valueName":"search_term_string"}}],"inLanguage":"pt-BR"},{"@type":"Organization","@id":"https:\/\/www.estrategiaconcursos.com.br\/blog\/#organization","name":"Estrat\u00e9gia Concursos","url":"https:\/\/www.estrategiaconcursos.com.br\/blog\/","logo":{"@type":"ImageObject","inLanguage":"pt-BR","@id":"https:\/\/www.estrategiaconcursos.com.br\/blog\/#\/schema\/logo\/image\/","url":"https:\/\/dhg1h5j42swfq.cloudfront.net\/2025\/06\/03203428\/logo_concursos-1.jpg","contentUrl":"https:\/\/dhg1h5j42swfq.cloudfront.net\/2025\/06\/03203428\/logo_concursos-1.jpg","width":230,"height":60,"caption":"Estrat\u00e9gia Concursos"},"image":{"@id":"https:\/\/www.estrategiaconcursos.com.br\/blog\/#\/schema\/logo\/image\/"},"sameAs":["https:\/\/x.com\/EstratConcursos"]},{"@type":"Person","@id":"https:\/\/www.estrategiaconcursos.com.br\/blog\/#\/schema\/person\/b4a388c97673c5f483d72185668afa1f","name":"Coordena\u00e7\u00e3o","image":{"@type":"ImageObject","inLanguage":"pt-BR","@id":"https:\/\/secure.gravatar.com\/avatar\/b720319e4c9a967eb58678d110f4fe35452fc5d5f97b202bac7b8acceb18c6ad?s=96&d=mm&r=g","url":"https:\/\/secure.gravatar.com\/avatar\/b720319e4c9a967eb58678d110f4fe35452fc5d5f97b202bac7b8acceb18c6ad?s=96&d=mm&r=g","contentUrl":"https:\/\/secure.gravatar.com\/avatar\/b720319e4c9a967eb58678d110f4fe35452fc5d5f97b202bac7b8acceb18c6ad?s=96&d=mm&r=g","caption":"Coordena\u00e7\u00e3o"},"sameAs":["https:\/\/www.facebook.com\/EstrategiaConcursos","https:\/\/x.com\/EstratConcursos"],"url":"https:\/\/www.estrategiaconcursos.com.br\/blog\/author\/estrategia2013\/"}]}},"_links":{"self":[{"href":"https:\/\/www.estrategiaconcursos.com.br\/blog\/wp-json\/wp\/v2\/posts\/154821","targetHints":{"allow":["GET"]}}],"collection":[{"href":"https:\/\/www.estrategiaconcursos.com.br\/blog\/wp-json\/wp\/v2\/posts"}],"about":[{"href":"https:\/\/www.estrategiaconcursos.com.br\/blog\/wp-json\/wp\/v2\/types\/post"}],"author":[{"embeddable":true,"href":"https:\/\/www.estrategiaconcursos.com.br\/blog\/wp-json\/wp\/v2\/users\/1"}],"replies":[{"embeddable":true,"href":"https:\/\/www.estrategiaconcursos.com.br\/blog\/wp-json\/wp\/v2\/comments?post=154821"}],"version-history":[{"count":24,"href":"https:\/\/www.estrategiaconcursos.com.br\/blog\/wp-json\/wp\/v2\/posts\/154821\/revisions"}],"predecessor-version":[{"id":169601,"href":"https:\/\/www.estrategiaconcursos.com.br\/blog\/wp-json\/wp\/v2\/posts\/154821\/revisions\/169601"}],"wp:featuredmedia":[{"embeddable":true,"href":"https:\/\/www.estrategiaconcursos.com.br\/blog\/wp-json\/wp\/v2\/media\/155135"}],"wp:attachment":[{"href":"https:\/\/www.estrategiaconcursos.com.br\/blog\/wp-json\/wp\/v2\/media?parent=154821"}],"wp:term":[{"taxonomy":"category","embeddable":true,"href":"https:\/\/www.estrategiaconcursos.com.br\/blog\/wp-json\/wp\/v2\/categories?post=154821"},{"taxonomy":"post_tag","embeddable":true,"href":"https:\/\/www.estrategiaconcursos.com.br\/blog\/wp-json\/wp\/v2\/tags?post=154821"},{"taxonomy":"tax_estado","embeddable":true,"href":"https:\/\/www.estrategiaconcursos.com.br\/blog\/wp-json\/wp\/v2\/tax_estado?post=154821"}],"curies":[{"name":"wp","href":"https:\/\/api.w.org\/{rel}","templated":true}]}}