{"id":15481,"date":"2014-05-12T23:48:41","date_gmt":"2014-05-13T02:48:41","guid":{"rendered":"https:\/\/www.estrategiaconcursos.com.br\/blog\/?p=15481"},"modified":"2015-01-28T09:36:39","modified_gmt":"2015-01-28T12:36:39","slug":"receita-federal-prova-de-legislacao-aduaneira","status":"publish","type":"post","link":"https:\/\/www.estrategiaconcursos.com.br\/blog\/receita-federal-prova-de-legislacao-aduaneira\/","title":{"rendered":"Receita Federal &#8211; Prova de Legisla\u00e7\u00e3o Aduaneira"},"content":{"rendered":"<p>Ol\u00e1, amigos do Estrat\u00e9gia!<\/p>\n<p>J\u00e1 comentei, em artigo anterior, a prova de Com\u00e9rcio Internacional do concurso de Auditor-Fiscal RFB 2014. Veja o link:<\/p>\n<p><a href=\"http:\/\/www.estrategiaconcursos.com.br\/blog\/recursos-receita-federal-comercio-internacional-3-recursos\/\">http:\/\/www.estrategiaconcursos.com.br\/blog\/recursos-receita-federal-comercio-internacional-3-recursos\/\u00a0<\/a><\/p>\n<p>Em Com\u00e9rcio Internacional, achei 3 (tr\u00eas) possibilidades de recursos. Em Legisla\u00e7\u00e3o Aduaneira, as quest\u00f5es est\u00e3o bem mais amarradas e, na minha opini\u00e3o, <em><strong>em nenhuma delas h\u00e1 possibilidade de recurso<\/strong><\/em>.<\/p>\n<p><strong>63- Sobre os Regimes Aduaneiros Especiais, analise os itens a seguir e, em seguida, assinale a op\u00e7\u00e3o correta. <\/strong><\/p>\n<p>I. O regime aduaneiro especial de admiss\u00e3o tempor\u00e1ria com suspens\u00e3o total do pagamento de tributos permite a importa\u00e7\u00e3o de bens que devam permanecer no Pa\u00eds durante prazo fixado. A legisla\u00e7\u00e3o prev\u00ea, como uma das condi\u00e7\u00f5es para a concess\u00e3o do mencionado regime, que os bens sejam importados com cobertura cambial.<\/p>\n<p>II. Os bens admitidos temporariamente no Pa\u00eds para utiliza\u00e7\u00e3o econ\u00f4mica ficam sujeitos ao pagamento dos impostos federais, da contribui\u00e7\u00e3o para o PIS\/ PASEP-Importa\u00e7\u00e3o e da COFINS-Importa\u00e7\u00e3o, proporcionalmente ao seu tempo de perman\u00eancia no territ\u00f3rio aduaneiro. A referida proporcionalidade ser\u00e1 obtida pela aplica\u00e7\u00e3o do percentual de um por cento, relativamente a cada m\u00eas compreendido no prazo de concess\u00e3o do regime, sobre o montante dos tributos originalmente devidos.<\/p>\n<p>III. No Regime de Tr\u00e2nsito Aduaneiro, objetivando garantir o pagamento dos cr\u00e9ditos tribut\u00e1rios correspondentes, quando a constata\u00e7\u00e3o de extravio ou avaria ocorrer no local de origem, a autoridade aduaneira n\u00e3o poder\u00e1 permitir o tr\u00e2nsito aduaneiro da mercadoria avariada ou da partida com extravio.<\/p>\n<p>IV. Poder\u00e1 ser concedida autoriza\u00e7\u00e3o \u00e0s sedes de Munic\u00edpios caracterizados como cidades g\u00eameas de cidades estrangeiras na linha de fronteira do Brasil, a crit\u00e9rio da autoridade competente, para a instala\u00e7\u00e3o de lojas francas para a venda de mercadoria nacional ou estrangeira contra pagamento em moeda nacional ou estrangeira. A venda de mercadoria nas referidas lojas francas somente ser\u00e1 autorizada \u00e0 pessoa f\u00edsica.<\/p>\n<p>a) Est\u00e3o corretos somente os itens I e II.<\/p>\n<p>b) Est\u00e3o corretos somente os itens I e III.<\/p>\n<p>c) Est\u00e3o corretos somente os itens II e IV.<\/p>\n<p>d) Est\u00e3o corretos somente os itens III e IV.<\/p>\n<p>e) Todos os itens est\u00e3o corretos.<\/p>\n<p><strong>Coment\u00e1rios<\/strong>:<\/p>\n<p>A <strong><em>primeira assertiva<\/em><\/strong> est\u00e1 errada. Um dos requisitos para a concess\u00e3o da admiss\u00e3o tempor\u00e1ria \u00e9 a <strong><em>inexist\u00eancia de cobertura cambial<\/em><\/strong>.<\/p>\n<p>A <strong><em>segunda assertiva<\/em><\/strong> est\u00e1 correta. No regime de admiss\u00e3o tempor\u00e1ria para utiliza\u00e7\u00e3o econ\u00f4mica, h\u00e1 suspens\u00e3o parcial dos tributos. O recolhimento ser\u00e1 proporcional ao per\u00edodo de perman\u00eancia do bem no pa\u00eds.<\/p>\n<p>A <strong><em>terceira assertiva<\/em><\/strong> est\u00e1 errada. Segundo <em>o art. 345<\/em>, R\/A, <em>\u201cquando a constata\u00e7\u00e3o de extravio ou avaria ocorrer no local de origem, a autoridade aduaneira poder\u00e1, n\u00e3o havendo inconveniente, permitir o tr\u00e2nsito aduaneiro da mercadoria avariada ou da partida com extravio, ap\u00f3s a determina\u00e7\u00e3o da quantidade extraviada.\u201d<\/em><\/p>\n<p>A <strong><em>quarta assertiva<\/em><\/strong> est\u00e1 correta. \u00c9 o que disp\u00f5e o art. 15-A, do Decreto-lei n\u00ba 1.455\/76:<\/p>\n<p><strong>Art. 15-A<\/strong>. Poder\u00e1 ser autorizada a instala\u00e7\u00e3o de lojas francas para a venda de mercadoria nacional ou estrangeira contra pagamento em moeda nacional ou estrangeira.<\/p>\n<p>\u00a7 1\u00ba A autoriza\u00e7\u00e3o mencionada no caput deste artigo poder\u00e1 ser concedida \u00e0s sedes de Munic\u00edpios caracterizados como cidades g\u00eameas de cidades estrangeiras na linha de fronteira do Brasil, a crit\u00e9rio da autoridade competente.<\/p>\n<p>\u00a7 2\u00ba A venda de mercadoria nas lojas francas previstas neste artigo somente ser\u00e1 autorizada \u00e0 pessoa f\u00edsica, obedecidos, no que couberem, as regras previstas no art. 15 e demais requisitos e condi\u00e7\u00f5es estabelecidos pela autoridade competente.<\/p>\n<p><strong>64- Recentemente, o Supremo Tribunal Federal exarou importante decis\u00e3o sobre a base de c\u00e1lculo do PIS\/ PASEP-Importa\u00e7\u00e3o e da COFINS-Importa\u00e7\u00e3o, conforme se verifica do julgamento do Recurso Extraordin\u00e1rio n. 559.937\/Rio Grande do Sul. De acordo com essa paradigm\u00e1tica decis\u00e3o, analise os itens a seguir e, em seguida, assinale a op\u00e7\u00e3o correta. <\/strong><\/p>\n<p>I. A refer\u00eancia ao \u201cvalor aduaneiro\u201d no art. 149, \u00a7 2\u00ba, III, \u201ca\u201d, da Constitui\u00e7\u00e3o Federal implicou utiliza\u00e7\u00e3o de express\u00e3o com sentido t\u00e9cnico inequ\u00edvoco, porquanto j\u00e1 era utilizada pela legisla\u00e7\u00e3o tribut\u00e1ria para indicar a base de c\u00e1lculo do Imposto de Importa\u00e7\u00e3o.<\/p>\n<p>II. A Lei n. 10.865, de 30 de abril de 2004, ao instituir o PIS\/PASEP-Importa\u00e7\u00e3o e a COFINS-Importa\u00e7\u00e3o, alargou, inovou, alterou o conceito de valor aduaneiro, de modo que passasse a abranger, para fins de apura\u00e7\u00e3o de tais contribui\u00e7\u00f5es, outras grandezas nele n\u00e3o contidas.<\/p>\n<p>III. O gravame das opera\u00e7\u00f5es de importa\u00e7\u00e3o se d\u00e1 como concretiza\u00e7\u00e3o do princ\u00edpio da isonomia.<\/p>\n<p>IV. A Corte julgou inconstitucional a seguinte parte do art. 7\u00ba, inciso I da Lei n. 10.865, de 30 de abril de 2004: \u201c<em>acrescido do valor do Imposto sobre Opera\u00e7\u00f5es Relativas \u00e0 Circula\u00e7\u00e3o de Mercadorias e sobre Presta\u00e7\u00e3o de Servi\u00e7os de Transporte Interestadual e Intermunicipal e de Comunica\u00e7\u00e3o \u2013 ICMS incidente no desembara\u00e7o aduaneiro e do valor das pr\u00f3prias contribui\u00e7\u00f5es<\/em>\u201d.<\/p>\n<p>a) Est\u00e3o corretos somente os itens I e II.<\/p>\n<p>b) Est\u00e3o corretos somente os itens I e III.<\/p>\n<p>c) Est\u00e3o corretos somente os itens II, III e IV.<\/p>\n<p>d) Est\u00e3o corretos somente os itens I e IV.<\/p>\n<p>e) Todos os itens est\u00e3o corretos.<\/p>\n<p><strong>Coment\u00e1rios<\/strong>:<\/p>\n<p>A <strong><em>primeira assertiva<\/em><\/strong> est\u00e1 correta. A express\u00e3o \u201cvalor aduaneiro\u201d, que aparece na CF\/88, tem um sentido t\u00e9cnico inequ\u00edvoco,<\/p>\n<p>A <strong><em>segunda assertiva<\/em><\/strong> est\u00e1 errada. No Simulado que disponibilizei aqui no Estrat\u00e9gia, coloquei uma quest\u00e3o parecid\u00edssima com essa. D\u00ea uma olhada na quest\u00e3o 20 do Simulado. Segue o link:<\/p>\n<p><a href=\"https:\/\/www.estrategiaconcursos.com.br\/blog\/simulado-legislacao-aduaneira-e-comercio-internacional-receita-federal\/\">https:\/\/www.estrategiaconcursos.com.br\/blog\/simulado-legislacao-aduaneira-e-comercio-internacional-receita-federal\/<\/a><\/p>\n<p>O fato \u00e9 que, nas palavras do STF:<\/p>\n<p>\u201c<em>A Lei 10.865\/04, ao instituir o PIS\/PASEP-Importa\u00e7\u00e3o e a COFINS-Importa\u00e7\u00e3o, <strong>n\u00e3o alargou propriamente o conceito de valor aduaneiro<\/strong>, de modo que passasse a abranger, para fins de apura\u00e7\u00e3o de tais contribui\u00e7\u00f5es, outras grandezas nele n\u00e3o contidas. O que fez foi desconsiderar a imposi\u00e7\u00e3o constitucional de que as contribui\u00e7\u00f5es sociais sobre a importa\u00e7\u00e3o que tenham al\u00edquota ad valorem sejam calculadas com base no valor aduaneiro, extrapolando a norma do art. 149, \u00a7 2\u00ba, III, a, da Constitui\u00e7\u00e3o Federal<\/em>.\u201d<\/p>\n<p>A <strong><em>terceira assertiva<\/em><\/strong> est\u00e1 errada. A ESAF tem a mania de pegar um julgado do STF e \u201cbrincar\u201d com a literalidade. No RE n\u00ba 559.937\/2013, o STF se posicionou da seguinte forma:<\/p>\n<p>\u201c<em>O gravame das opera\u00e7\u00f5es de importa\u00e7\u00e3o se d\u00e1 n\u00e3o como concretiza\u00e7\u00e3o do princ\u00edpio da isonomia, mas como medida de pol\u00edtica tribut\u00e1ria tendente a evitar que a entrada de produtos desonerados tenha efeitos predat\u00f3rios relativamente \u00e0s empresas sediadas no Pa\u00eds, visando, assim, ao equil\u00edbrio da balan\u00e7a comercial<\/em>.\u201d<\/p>\n<p>A <strong><em>quarta assertiva<\/em><\/strong> est\u00e1 correta. De fato, o STF entendeu que era inconstitucional a inclus\u00e3o, na base de c\u00e1lculo do PIS\/PASEP-Importa\u00e7\u00e3o e COFINS-Importa\u00e7\u00e3o, do ICMS e do valor das pr\u00f3prias contribui\u00e7\u00f5es.<\/p>\n<p><strong>65- Acerca da base de c\u00e1lculo do Imposto de Importa\u00e7\u00e3o, Valora\u00e7\u00e3o Aduaneira e Regime de Tributa\u00e7\u00e3o Unificada, analise os itens a seguir e, em seguida, assinale a op\u00e7\u00e3o correta. <\/strong><\/p>\n<p>I. Toda mercadoria submetida a despacho de importa\u00e7\u00e3o est\u00e1 sujeita ao controle do correspondente valor aduaneiro. Esse controle consiste na verifica\u00e7\u00e3o da conformidade do valor aduaneiro declarado pelo importador com as regras estabelecidas no Acordo de Valora\u00e7\u00e3o Aduaneira. Integram o valor aduaneiro, independentemente do m\u00e9todo de valora\u00e7\u00e3o utilizado, o custo de transporte da mercadoria importada at\u00e9 o porto ou o aeroporto alfandegado de descarga ou o ponto de fronteira alfandegado onde devam ser cumpridas as formalidades de entrada no territ\u00f3rio aduaneiro. Tamb\u00e9m integram o aludido valor aduaneiro os gastos relativos \u00e0 carga, \u00e0 descarga e ao manuseio, associados ao transporte da mercadoria importada, at\u00e9 a chegada aos locais acima referidos.<\/p>\n<p>II. O Acordo de Valora\u00e7\u00e3o Aduaneira indica seis m\u00e9todos para o procedimento de valora\u00e7\u00e3o aduaneira, cuja utiliza\u00e7\u00e3o deve ser sequencial e por exclus\u00e3o. Assim, n\u00e3o sendo poss\u00edvel a determina\u00e7\u00e3o do valor aduaneiro pelo m\u00e9todo do valor de transa\u00e7\u00e3o ajustado, deve-se passar para o m\u00e9todo do valor de transa\u00e7\u00e3o de produtos similares.<\/p>\n<p>III. Segundo o Artigo IV do Acordo de Valora\u00e7\u00e3o Aduaneira, poder\u00e1 ser invertida a ordem dos m\u00e9todos previstos nos Artigos 5 (m\u00e9todo dedutivo) e 6 (m\u00e9todo computado) do aludido Acordo, a pedido do importador. No entanto, pa\u00edses em desenvolvimento podem condicionar essa invers\u00e3o \u00e0 aquiesc\u00eancia das autoridades aduaneiras, sendo que o Brasil n\u00e3o teve interesse em fazer a mencionada reserva.<\/p>\n<p>IV. No Regime de Tributa\u00e7\u00e3o Unificada, \u00e9 vedada a inclus\u00e3o de quaisquer mercadorias que n\u00e3o sejam destinadas ao consumidor final.<\/p>\n<p>a) Est\u00e3o corretos somente os itens I, II e III.<\/p>\n<p>b) Est\u00e3o corretos somente os itens I, II e IV.<\/p>\n<p>c) Est\u00e3o corretos somente os itens I e IV.<\/p>\n<p>d) Est\u00e3o corretos somente os itens II e IV.<\/p>\n<p>e) Todos os itens est\u00e3o corretos.<\/p>\n<p><strong>Coment\u00e1rios<\/strong>:<\/p>\n<p>A <strong><em>primeira assertiva<\/em><\/strong> est\u00e1 correta. V\u00e1rias afirma\u00e7\u00f5es corretas nesse enunciado: a) todas as mercadorias submetidas a despacho de importa\u00e7\u00e3o est\u00e3o sujeitas ao controle do valor aduaneiro; b) o frete e o seguro at\u00e9 o local de importa\u00e7\u00e3o integram o valor aduaneiro e; c) despesas com carga, descarga e manuseio integram o valor aduaneiro.<\/p>\n<p>A <strong><em>segunda assertiva<\/em><\/strong> est\u00e1 errada. Se n\u00e3o for poss\u00edvel utilizar o m\u00e9todo do valor de transa\u00e7\u00e3o ajustado, ser\u00e1 utilizado o m\u00e9todo do <strong><em>valor de transa\u00e7\u00e3o de mercadorias id\u00eanticas<\/em><\/strong>.<\/p>\n<p>A <strong><em>terceira assertiva<\/em><\/strong> est\u00e1 errada. O Brasil fez, sim, essa reserva. Aqui, a invers\u00e3o do 4\u00ba e do 5\u00ba m\u00e9todos depende de autoriza\u00e7\u00e3o da autoridade aduaneira.<\/p>\n<p>A <strong><em>quarta assertiva<\/em><\/strong> est\u00e1 correta. Segundo o art. 102-A, \u00a7\u00a02\u00ba, <strong><em>\u00e9 vedada a inclus\u00e3o no regime de quaisquer mercadorias que n\u00e3o sejam destinadas ao consumidor final<\/em><\/strong>, assim como as seguintes: <strong>i)<\/strong> armas e muni\u00e7\u00f5es; <strong>ii)<\/strong> fogos de artif\u00edcio; <strong>iii)<\/strong> bebidas, inclusive as alco\u00f3licas; <strong>iv)<\/strong> cigarros; <strong>v)<\/strong> ve\u00edculos automotores em geral e embarca\u00e7\u00f5es de todo tipo (inclusive partes e pe\u00e7as); <strong>vi)<\/strong> medicamentos; <strong>vii)<\/strong> pneus; <strong>viii)<\/strong> bens usados e bens com importa\u00e7\u00e3o suspensa ou proibida.<\/p>\n<p><strong>66- Sobre Jurisdi\u00e7\u00e3o Aduaneira e Controle Aduaneiro de Ve\u00edculos, \u00e9 correto afirmar: <\/strong><\/p>\n<p>a) o territ\u00f3rio aduaneiro compreende todo o territ\u00f3rio nacional, exceto as \u00c1reas de Livre Com\u00e9rcio, sujeitas \u00e0 legisla\u00e7\u00e3o espec\u00edfica.<\/p>\n<p>b) somente nos portos, aeroportos e pontos de fronteira alfandegados poder\u00e1 efetuar-se a entrada ou a sa\u00edda de mercadorias procedentes do exterior ou a ele destinadas, mas isso n\u00e3o se aplica \u00e0 importa\u00e7\u00e3o e \u00e0 exporta\u00e7\u00e3o de mercadorias conduzidas por linhas de transmiss\u00e3o ou por dutos, ligados ao exterior, observadas as regras de controle estabelecidas pela Secretaria da Receita Federal do Brasil, e a outros casos estabelecidos em ato normativo da Secretaria da Receita Federal do Brasil.<\/p>\n<p>c) compete ao Ministro de Estado da Fazenda definir os requisitos t\u00e9cnicos e operacionais para o alfandegamento dos locais e recintos onde ocorram, sob controle aduaneiro, movimenta\u00e7\u00e3o, armazenagem e despacho aduaneiro de mercadorias procedentes do exterior, ou a ele destinadas, inclusive sob regime aduaneiro especial, bagagem de viajantes procedentes do exterior, ou a ele destinados, e remessas postais internacionais.<\/p>\n<p>d) relativamente \u00e0 mercadoria descarregada de ve\u00edculo procedente do exterior, o volume que, ao ser descarregado, apresentar-se quebrado, com diferen\u00e7a de peso, com ind\u00edcios de viola\u00e7\u00e3o ou de qualquer modo avariado, dever\u00e1 ser objeto de conserto e pesagem, fazendo-se, ato cont\u00ednuo, a devida anota\u00e7\u00e3o no registro de descarga, pelo deposit\u00e1rio. A autoridade aduaneira poder\u00e1 determinar a aplica\u00e7\u00e3o de cautelas fiscais e o isolamento dos volumes em local pr\u00f3prio do recinto alfandegado, exceto nos casos de extravio ou avaria, dado o estado j\u00e1 verificado dos volumes, os quais n\u00e3o poder\u00e3o permanecer no recinto alfandegado.<\/p>\n<p>e) o transportador deve prestar \u00e0 Secretaria da Receita Federal do Brasil, na forma e no prazo por ela estabelecidos, as informa\u00e7\u00f5es sobre as cargas transportadas, bem como sobre a chegada de ve\u00edculo procedente do exterior ou a ele destinado. A autoridade aduaneira poder\u00e1 proceder \u00e0s buscas em ve\u00edculos necess\u00e1rias para prevenir e reprimir a ocorr\u00eancia de infra\u00e7\u00e3o \u00e0 legisla\u00e7\u00e3o, mas, em respeito \u00e0 ampla defesa e ao contradit\u00f3rio, as buscas poder\u00e3o ocorrer apenas em momento ulterior \u00e0 apresenta\u00e7\u00e3o das referidas informa\u00e7\u00f5es pelo transportador.<\/p>\n<p><strong>Coment\u00e1rios<\/strong>:<\/p>\n<p>Letra A: errada. As \u00c1reas de Livre Com\u00e9rcio est\u00e3o, sim, compreendidas no territ\u00f3rio aduaneiro.<\/p>\n<p>Letra B: correta. \u00c9 exatamente o que disp\u00f5e o art. 8\u00ba, do R\/A. Em regra, as mercadorias somente entram pela zona prim\u00e1ria, havendo duas exce\u00e7\u00f5es: i) mercadorias conduzidas por linhas de transmiss\u00e3o ou dutos, ligados ao exterior e; ii) outros casos definidos pela RFB.<\/p>\n<p>Letra C: errada. Segundo o art. 13-A, do Regulamento Aduaneiro, \u00e9 compet\u00eancia da Receita Federal definir requisitos t\u00e9cnicos e operacionais para o alfandegamento de locais e recintos.<\/p>\n<p>Letra D: errada. Segundo o art. 63, \u00a7\u00a02\u00ba, do R\/A, a autoridade aduaneira poder\u00e1 determinar a aplica\u00e7\u00e3o de cautelas fiscais e o isolamento dos volumes em local pr\u00f3prio do recinto alfandegado, <strong><em>inclusive nos casos de extravio ou avaria<\/em><\/strong>.<\/p>\n<p>Letra E: errada. A busca aduaneira poder\u00e1 ocorrer <em><strong>a qualquer tempo<\/strong><\/em>, inclusive antes da presta\u00e7\u00e3o de informa\u00e7\u00f5es pelo transportador.<\/p>\n<p><strong>67- Acerca do PIS\/PASEP-Importa\u00e7\u00e3o, da COFINS-Importa\u00e7\u00e3o e dos programas espec\u00edficos que veiculam benef\u00edcios fiscais no \u00e2mbito de tais tributos, do Imposto sobre Produtos Industrializados-Importa\u00e7\u00e3o e do Adicional ao Frete para a Renova\u00e7\u00e3o da Marinha Mercante, assinale a op\u00e7\u00e3o correta. <\/strong><\/p>\n<p>a) O Regime Especial de Incentivo a Computadores para Uso Educacional \u2013 Reicomp permite a importa\u00e7\u00e3o de mat\u00e9rias-primas e produtos intermedi\u00e1rios destinados \u00e0 industrializa\u00e7\u00e3o de equipamentos de inform\u00e1tica com isen\u00e7\u00e3o do pagamento da Contribui\u00e7\u00e3o para o PIS\/ PASEP-Importa\u00e7\u00e3o e da COFINS-Importa\u00e7\u00e3o, al\u00e9m de outros tributos, quando importados diretamente por pessoa jur\u00eddica habilitada ao regime. As opera\u00e7\u00f5es de importa\u00e7\u00e3o efetuadas com os benef\u00edcios previstos no REICOMP dependem de anu\u00eancia pr\u00e9via do Minist\u00e9rio da Ci\u00eancia, Tecnologia e Inova\u00e7\u00e3o.<\/p>\n<p>b) O Regime Especial Tribut\u00e1rio para a Ind\u00fastria de Defesa \u2013 RETID \u00e9 o que permite a importa\u00e7\u00e3o de bens de defesa nacional com suspens\u00e3o da Contribui\u00e7\u00e3o do PIS\/PASEP-Importa\u00e7\u00e3o e da COFINS-Importa\u00e7\u00e3o, al\u00e9m de outros tributos, quando a importa\u00e7\u00e3o for efetuada por pessoa jur\u00eddica benefici\u00e1ria do RETID. Como uma pol\u00edtica de incentivo ao desenvolvimento das empresas brasileiras na \u00e1rea, as pessoas jur\u00eddicas optantes pelo Regime Especial Unificado de Arrecada\u00e7\u00e3o de Tributos e Contribui\u00e7\u00f5es devidos pelas Microempresas e Empresas de Pequeno Porte \u2013 Simples Nacional, de que trata a Lei Complementar n. 123, de 14 de dezembro de 2006, podem habilitar-se ao RETID.<\/p>\n<p>c) Compete \u00e0 Secretaria da Receita Federal do Brasil a administra\u00e7\u00e3o das atividades relativas \u00e0 cobran\u00e7a, \u00e0 fiscaliza\u00e7\u00e3o e \u00e0 arrecada\u00e7\u00e3o do Adicional ao Frete para a Renova\u00e7\u00e3o da Marinha Mercante \u2013 AFRMM, e compete ao Minist\u00e9rio dos Transportes a administra\u00e7\u00e3o das atividades relativas a restitui\u00e7\u00e3o e \u00e0 concess\u00e3o de incentivos do AFRMM previstos em lei.<\/p>\n<p>d) O fato gerador do Adicional ao Frete para a Renova\u00e7\u00e3o da Marinha Mercante \u2013 AFRMM \u00e9 o in\u00edcio efetivo da opera\u00e7\u00e3o de descarregamento da embarca\u00e7\u00e3o em porto brasileiro. O AFRMM n\u00e3o incide sobre a navega\u00e7\u00e3o fluvial e lacustre, exceto sobre cargas de gran\u00e9is l\u00edquidos, transportadas no \u00e2mbito das Regi\u00f5es Norte e Nordeste, mas incide sobre o frete relativo ao transporte de mercadoria submetida \u00e0 pena de perdimento.<\/p>\n<p>e) O fato gerador do Imposto sobre Produtos Industrializados, na importa\u00e7\u00e3o, \u00e9 o desembara\u00e7o aduaneiro de produto de proced\u00eancia estrangeira.<\/p>\n<p><strong>Coment\u00e1rios:<\/strong><\/p>\n<p>Essa foi uma quest\u00e3o que assustou todo mundo! Ningu\u00e9m estava estudando, em Legisla\u00e7\u00e3o Aduaneira, sobre o REICOMP e o RETIDI.<\/p>\n<p>Mas com a ESAF voc\u00ea tem que se acostumar a n\u00e3o se assustar, a n\u00e3o ficar com o psicol\u00f3gico abalado. Havia uma <em><strong>alternativa fac\u00edlima<\/strong> <\/em>no meio desse caos! Vejamos!<\/p>\n<p>Letra A: errada. No REICOMP, h\u00e1 <strong><em>suspens\u00e3o<\/em><\/strong> de PIS\/PASEP-Importa\u00e7\u00e3o e COFINS-Importa\u00e7\u00e3o.<\/p>\n<p>Letra B: errada. As empresas optantes pelo SIMPLES-Nacional n\u00e3o podem ser benefici\u00e1rias do RETIDI.<\/p>\n<p>Letra C: errada. Tamb\u00e9m compete \u00e0 Receita Federal a administra\u00e7\u00e3o das atividades relativas a restitui\u00e7\u00e3o e \u00e0 concess\u00e3o de incentivos do AFRMM previstos em lei.<\/p>\n<p>Letra D: errada. O AFRMM n\u00e3o incide sobre o frete relativo ao transporte de mercadoria submetida \u00e0 pena de perdimento.<\/p>\n<p>Letra E: correta. Fac\u00edlima! E logo na letra E&#8230; O fato gerador do IPI, na importa\u00e7\u00e3o, \u00e9 o <em><strong>desembara\u00e7o aduaneiro<\/strong><\/em>. O fato gerador do ICMS tamb\u00e9m \u00e9 o desembara\u00e7o aduaneiro.<\/p>\n<p><strong>68- Sobre o Imposto de Importa\u00e7\u00e3o, \u00e9 incorreto afirmar: <\/strong><\/p>\n<p>a) n\u00e3o se considera estrangeira, para fins de incid\u00eancia do imposto, a mercadoria nacional ou nacionalizada exportada, que retorne ao Pa\u00eds por motivo de modifica\u00e7\u00f5es na sistem\u00e1tica de importa\u00e7\u00e3o por parte do pa\u00eds importador.<\/p>\n<p>b) o imposto n\u00e3o incide sobre mercadoria estrangeira destru\u00edda, sob controle aduaneiro, sem \u00f4nus para a Fazenda Nacional, antes de desembara\u00e7ada.<\/p>\n<p>c) para efeito de c\u00e1lculo do imposto, considera-se ocorrido o fato gerador no dia do lan\u00e7amento do correspondente cr\u00e9dito tribut\u00e1rio, quando se tratar de bens compreendidos no conceito de bagagem, acompanhada ou desacompanhada.<\/p>\n<p>d) para efeito de c\u00e1lculo do imposto, considera-se ocorrido o fato gerador na data do registro da declara\u00e7\u00e3o de importa\u00e7\u00e3o de mercadoria constante de manifesto ou de outras declara\u00e7\u00f5es de efeito equivalente, cujo extravio ou avaria tenha sido apurado pela autoridade aduaneira.<\/p>\n<p>e) caber\u00e1 restitui\u00e7\u00e3o total ou parcial do imposto pago indevidamente, a qual poder\u00e1 ser processada de of\u00edcio, nos casos de verifica\u00e7\u00e3o de extravio ou de avaria.<\/p>\n<p><strong>Coment\u00e1rios:<\/strong><\/p>\n<p>Letra A: correta. \u00c9 o que disp\u00f5e o art. 70, inciso III, do Regulamento Aduaneiro. A mercadoria nacional ou nacionalizada exportada e que retorna ao Pa\u00eds em virtude de modifica\u00e7\u00f5es na sistem\u00e1tica de importa\u00e7\u00e3o do pa\u00eds importada \u00e9 tratada como <strong><em>n\u00e3o-estrangeira<\/em><\/strong> e, portanto, n\u00e3o haver\u00e1 incid\u00eancia do imposto de importa\u00e7\u00e3o.<\/p>\n<p>Letra B: correta. \u00c9 o que disp\u00f5e o art. 71, inciso VI, do Regulamento Aduaneiro. A mercadoria estrangeira que \u00e9 destru\u00edda sob controle aduaneiro, antes de desembara\u00e7ada e sem \u00f4nus da Fazenda Nacional n\u00e3o \u00e9 alvo de incid\u00eancia do imposto de importa\u00e7\u00e3o.<\/p>\n<p>Letra C: correta. Quando se tratar de bens enquadrados com bagagem, o fato gerador se considera ocorrido na data do lan\u00e7amento do cr\u00e9dito tribut\u00e1rio.<\/p>\n<p>Letra D: errada. No caso de extravio, o fato gerador considera-se ocorrido na data do lan\u00e7amento (e n\u00e3o na data do registro da DI). \u00c9 o que disp\u00f5e o art. 73, II, al\u00ednea \u201cc\u201d.<\/p>\n<p>Letra E: correta. No caso de avaria ou extravio, ser\u00e1 devida restitui\u00e7\u00e3o ao importador (art. 110, II). A restitui\u00e7\u00e3o poder\u00e1 ser processada de of\u00edcio ou mediante pleito do importador.<\/p>\n<p><strong>69- Sobre Bagagem e Regime Aduaneiro de Bagagem no MERCOSUL, \u00e9 correto afirmar: <\/strong><\/p>\n<p>a) os ve\u00edculos automotores em geral, as motocicletas, as motonetas, as bicicletas com motor, os motores para embarca\u00e7\u00e3o, as motos aqu\u00e1ticas e similares, as casas rodantes, as aeronaves e as embarca\u00e7\u00f5es de todo tipo est\u00e3o exclu\u00eddos do conceito de bagagem, mas esses bens poder\u00e3o ingressar no Pa\u00eds sob o regime de admiss\u00e3o tempor\u00e1ria, sempre que o viajante comprove sua resid\u00eancia permanente em outro pa\u00eds.<\/p>\n<p>b) o viajante n\u00e3o poder\u00e1 declarar como pr\u00f3pria bagagem de terceiro, ou utilizar o tratamento de bagagem para o ingresso de bens que n\u00e3o lhe perten\u00e7am, exceto os c\u00f4njuges casados sob o regime de comunh\u00e3o universal de bens.<\/p>\n<p>c) muito embora n\u00e3o seja razo\u00e1vel, mas em fun\u00e7\u00e3o da legalidade estrita que norteia a tem\u00e1tica da bagagem de viajantes, a Secretaria da Receita Federal do Brasil n\u00e3o est\u00e1 autorizada a editar atos normativos espec\u00edficos relativos ao tratamento tribut\u00e1rio aplic\u00e1vel \u00e0 bagagem dos viajantes que ingressarem no Pa\u00eds para participar da Copa do Mundo Fifa 2014.<\/p>\n<p>d) por interm\u00e9dio de requerimento, a bagagem desacompanhada poder\u00e1 ser desembara\u00e7ada antes da chegada do viajante.<\/p>\n<p>e) o brasileiro ou o estrangeiro residente no Pa\u00eds, que tiver permanecido no exterior por per\u00edodo superior a um ano, ou o estrangeiro que ingressar no Pa\u00eds para nele residir, de forma permanente, ter\u00e1 direito \u00e0 isen\u00e7\u00e3o relativa aos seguintes bens, desde que usados: a) m\u00f3veis e outros bens de uso dom\u00e9stico; e b) ferramentas, m\u00e1quinas, aparelhos e instrumentos, necess\u00e1rios ao exerc\u00edcio de sua profiss\u00e3o, arte ou of\u00edcio, individualmente considerado.<\/p>\n<p><strong>Coment\u00e1rios:<\/strong><\/p>\n<p>Letra A: correta. \u00c9 o que est\u00e1 previsto no art. 155, \u00a7\u00a01\u00ba, do Regulamento Aduaneiro:<\/p>\n<p><strong>\u00a7\u00a01<sup>o<\/sup>\u00a0\u00a0<\/strong>Est\u00e3o exclu\u00eddos do conceito de bagagem:<\/p>\n<p><strong>I\u00a0&#8211;<\/strong>\u00a0os ve\u00edculos automotores em geral, as motocicletas, as motonetas, as bicicletas com motor, os motores para embarca\u00e7\u00e3o, as motos aqu\u00e1ticas e similares, as casas rodantes, as aeronaves e as embarca\u00e7\u00f5es de todo tipo; e<\/p>\n<p>I<strong>I\u00a0<\/strong>&#8211;\u00a0as partes e pe\u00e7as dos bens relacionados no inciso I, exceto os bens unit\u00e1rios, de valor inferior aos limites de isen\u00e7\u00e3o, relacionados em listas espec\u00edficas que poder\u00e3o ser elaboradas pela Secretaria da Receita Federal do Brasil.<\/p>\n<p>Letra B: errada. N\u00e3o existe a exce\u00e7\u00e3o mencionada pelo enunciado. O viajante n\u00e3o poder\u00e1, em qualquer situa\u00e7\u00e3o, declarar como pr\u00f3pria bagagem de terceiro.<\/p>\n<p>Letra C: errada. A Receita Federal j\u00e1 editou normas espec\u00edficas sobre bagagem para a Copa do Mundo de 2014.<\/p>\n<p>Letra D: errada. A bagagem desacompanhada somente pode ser desembara\u00e7ada ap\u00f3s a chegada do viajante (art. 158, \u00a7\u00a02o, do R\/A).<\/p>\n<p>Letra E: errada. Segundo o art. 162, do Regulamento Aduaneiro, a isen\u00e7\u00e3o abranger\u00e1, nesse caso, os <strong><em>bens novos e usados<\/em><\/strong>.<\/p>\n<p><strong>70- De acordo com a legisla\u00e7\u00e3o aduaneira, \u00e9 correto afirmar: <\/strong><\/p>\n<p>a) segundo o Regulamento Aduaneiro, s\u00e3o dois os documentos que devem obrigatoriamente instruir a declara\u00e7\u00e3o de importa\u00e7\u00e3o: a via original do conhecimento de carga ou documento de efeito equivalente e a via original da fatura comercial, assinada pelo exportador. N\u00e3o poder\u00e3o ser exigidos outros documentos instrutivos em raz\u00e3o de que tal exig\u00eancia ofenderia o princ\u00edpio da legalidade estrita.<\/p>\n<p>b) a fim de determinar o tipo e a amplitude do controle a ser efetuado na confer\u00eancia aduaneira, a legisla\u00e7\u00e3o determina que ser\u00e3o adotados canais de sele\u00e7\u00e3o. Pelo canal de confer\u00eancia cinza, ser\u00e1 realizado o exame documental, a verifica\u00e7\u00e3o da mercadoria e a aplica\u00e7\u00e3o de procedimento especial de controle aduaneiro, para verificar elementos indici\u00e1rios de fraude.<\/p>\n<p>c) o cancelamento da declara\u00e7\u00e3o de importa\u00e7\u00e3o exime o importador da responsabilidade por eventuais infra\u00e7\u00f5es.<\/p>\n<p>d) aplica-se a pena de perdimento da mercadoria sa\u00edda da Zona Franca de Manaus sem autoriza\u00e7\u00e3o da autoridade aduaneira, quando necess\u00e1ria, por configurar crime de descaminho.<\/p>\n<p>e) a den\u00fancia espont\u00e2nea exclui a aplica\u00e7\u00e3o de multas de natureza tribut\u00e1ria ou administrativa, inclusive das aplic\u00e1veis na hip\u00f3tese de mercadoria sujeita \u00e0 pena de perdimento.<\/p>\n<p><strong>Coment\u00e1rios:<\/strong><\/p>\n<p>Letra A: errada. O conhecimento de carga e a fatura comercial dever\u00e3o instruir a Declara\u00e7\u00e3o de Importa\u00e7\u00e3o (DI). Al\u00e9m deles, \u00e9 documento instrutivo da DI o comprovante de pagamento de tributos, se exig\u00edvel. Ademais, podem ser exigidos <strong><em>outros documentos<\/em><\/strong> instrutivos da declara\u00e7\u00e3o aduaneira em decorr\u00eancia de acordos internacionais ou por for\u00e7a de lei, de regulamento ou de outro ato normativo.<\/p>\n<p>Letra B: correta. No canal cinza, haver\u00e1 exame documental, verifica\u00e7\u00e3o f\u00edsica e aplica\u00e7\u00e3o de procedimento especial de controle aduaneiro.<\/p>\n<p>Letra C: errada. Segundo o art. 577, par\u00e1grafo \u00fanico, do Regulamento Aduaneiro, o cancelamento de DI <strong><em>n\u00e3o exime<\/em><\/strong> o importador da responsabilidade por eventuais infra\u00e7\u00f5es.<\/p>\n<p>Letra D: errada. A sa\u00edda da Zona Franca de Manaus, sem autoriza\u00e7\u00e3o da autoridade aduaneira, configura <strong><em>crime de contrabando <\/em><\/strong>(e n\u00e3o de descaminho!)\u00a0\u00c9 o que disp\u00f5e o art. 696, do Regulamento Aduaneiro.<\/p>\n<p>Letra E: errada. A den\u00fancia espont\u00e2nea n\u00e3o exclui a aplica\u00e7\u00e3o da pena de perdimento.<\/p>\n<p>Abra\u00e7os a todos!<\/p>\n<p>Ricardo Vale<\/p>\n","protected":false},"excerpt":{"rendered":"<p>Ol\u00e1, amigos do Estrat\u00e9gia! J\u00e1 comentei, em artigo anterior, a prova de Com\u00e9rcio Internacional do concurso de Auditor-Fiscal RFB 2014. Veja o link: http:\/\/www.estrategiaconcursos.com.br\/blog\/recursos-receita-federal-comercio-internacional-3-recursos\/\u00a0 Em Com\u00e9rcio Internacional, achei 3 (tr\u00eas) possibilidades de recursos. Em Legisla\u00e7\u00e3o Aduaneira, as quest\u00f5es est\u00e3o bem mais amarradas e, na minha opini\u00e3o, em nenhuma delas h\u00e1 possibilidade de recurso. 63- Sobre [&hellip;]<\/p>\n","protected":false},"author":26,"featured_media":0,"comment_status":"open","ping_status":"open","sticky":false,"template":"","format":"standard","meta":{"post_tipo":"article","footnotes":""},"categories":[],"tags":[614,484],"tax_estado":[],"class_list":["post-15481","post","type-post","status-publish","format-standard","hentry","tag-legislacao-aduaneira","tag-receita-federal"],"acf":[],"yoast_head":"<!-- This site is optimized with the Yoast SEO Premium plugin v27.2 (Yoast SEO v27.2) - https:\/\/yoast.com\/product\/yoast-seo-premium-wordpress\/ -->\n<title>Receita Federal - Prova de Legisla\u00e7\u00e3o Aduaneira<\/title>\n<meta name=\"robots\" content=\"index, follow, max-snippet:-1, max-image-preview:large, max-video-preview:-1\" \/>\n<link rel=\"canonical\" href=\"https:\/\/www.estrategiaconcursos.com.br\/blog\/receita-federal-prova-de-legislacao-aduaneira\/\" \/>\n<meta property=\"og:locale\" content=\"pt_BR\" \/>\n<meta property=\"og:type\" content=\"article\" \/>\n<meta property=\"og:title\" content=\"Receita Federal - Prova de Legisla\u00e7\u00e3o Aduaneira\" \/>\n<meta property=\"og:description\" content=\"Ol\u00e1, amigos do Estrat\u00e9gia! J\u00e1 comentei, em artigo anterior, a prova de Com\u00e9rcio Internacional do concurso de Auditor-Fiscal RFB 2014. Veja o link: http:\/\/www.estrategiaconcursos.com.br\/blog\/recursos-receita-federal-comercio-internacional-3-recursos\/\u00a0 Em Com\u00e9rcio Internacional, achei 3 (tr\u00eas) possibilidades de recursos. Em Legisla\u00e7\u00e3o Aduaneira, as quest\u00f5es est\u00e3o bem mais amarradas e, na minha opini\u00e3o, em nenhuma delas h\u00e1 possibilidade de recurso. 63- Sobre [&hellip;]\" \/>\n<meta property=\"og:url\" content=\"https:\/\/www.estrategiaconcursos.com.br\/blog\/receita-federal-prova-de-legislacao-aduaneira\/\" \/>\n<meta property=\"og:site_name\" content=\"Estrat\u00e9gia Concursos\" \/>\n<meta property=\"article:author\" content=\"https:\/\/www.facebook.com\/rvale01\" \/>\n<meta property=\"article:published_time\" content=\"2014-05-13T02:48:41+00:00\" \/>\n<meta property=\"article:modified_time\" content=\"2015-01-28T12:36:39+00:00\" \/>\n<meta name=\"author\" content=\"Ricardo Vale\" \/>\n<meta name=\"twitter:card\" content=\"summary_large_image\" \/>\n<meta name=\"twitter:creator\" content=\"@https:\/\/twitter.com\/EstratConcursos\" \/>\n<meta name=\"twitter:site\" content=\"@EstratConcursos\" \/>\n<meta name=\"twitter:label1\" content=\"Escrito por\" \/>\n\t<meta name=\"twitter:data1\" content=\"Ricardo Vale\" \/>\n\t<meta name=\"twitter:label2\" content=\"Est. tempo de leitura\" \/>\n\t<meta name=\"twitter:data2\" content=\"20 minutos\" \/>\n<script type=\"application\/ld+json\" class=\"yoast-schema-graph\">{\"@context\":\"https:\/\/schema.org\",\"@graph\":[{\"@type\":\"NewsArticle\",\"@id\":\"https:\/\/www.estrategiaconcursos.com.br\/blog\/receita-federal-prova-de-legislacao-aduaneira\/#article\",\"isPartOf\":{\"@id\":\"https:\/\/www.estrategiaconcursos.com.br\/blog\/receita-federal-prova-de-legislacao-aduaneira\/\"},\"author\":{\"name\":\"Ricardo Vale\",\"@id\":\"https:\/\/www.estrategiaconcursos.com.br\/blog\/#\/schema\/person\/c32e47dba2159cafe7796a9569a6ff7e\"},\"headline\":\"Receita Federal &#8211; Prova de Legisla\u00e7\u00e3o Aduaneira\",\"datePublished\":\"2014-05-13T02:48:41+00:00\",\"dateModified\":\"2015-01-28T12:36:39+00:00\",\"mainEntityOfPage\":{\"@id\":\"https:\/\/www.estrategiaconcursos.com.br\/blog\/receita-federal-prova-de-legislacao-aduaneira\/\"},\"wordCount\":4097,\"commentCount\":1,\"publisher\":{\"@id\":\"https:\/\/www.estrategiaconcursos.com.br\/blog\/#organization\"},\"keywords\":[\"Legisla\u00e7\u00e3o Aduaneira\",\"Receita Federal\"],\"inLanguage\":\"pt-BR\",\"potentialAction\":[{\"@type\":\"CommentAction\",\"name\":\"Comment\",\"target\":[\"https:\/\/www.estrategiaconcursos.com.br\/blog\/receita-federal-prova-de-legislacao-aduaneira\/#respond\"]}],\"copyrightYear\":\"2014\",\"copyrightHolder\":{\"@id\":\"https:\/\/www.estrategiaconcursos.com.br\/blog\/#organization\"}},{\"@type\":\"WebPage\",\"@id\":\"https:\/\/www.estrategiaconcursos.com.br\/blog\/receita-federal-prova-de-legislacao-aduaneira\/\",\"url\":\"https:\/\/www.estrategiaconcursos.com.br\/blog\/receita-federal-prova-de-legislacao-aduaneira\/\",\"name\":\"Receita Federal - Prova de Legisla\u00e7\u00e3o Aduaneira\",\"isPartOf\":{\"@id\":\"https:\/\/www.estrategiaconcursos.com.br\/blog\/#website\"},\"datePublished\":\"2014-05-13T02:48:41+00:00\",\"dateModified\":\"2015-01-28T12:36:39+00:00\",\"breadcrumb\":{\"@id\":\"https:\/\/www.estrategiaconcursos.com.br\/blog\/receita-federal-prova-de-legislacao-aduaneira\/#breadcrumb\"},\"inLanguage\":\"pt-BR\",\"potentialAction\":[{\"@type\":\"ReadAction\",\"target\":[\"https:\/\/www.estrategiaconcursos.com.br\/blog\/receita-federal-prova-de-legislacao-aduaneira\/\"]}]},{\"@type\":\"BreadcrumbList\",\"@id\":\"https:\/\/www.estrategiaconcursos.com.br\/blog\/receita-federal-prova-de-legislacao-aduaneira\/#breadcrumb\",\"itemListElement\":[{\"@type\":\"ListItem\",\"position\":1,\"name\":\"In\u00edcio\",\"item\":\"https:\/\/www.estrategiaconcursos.com.br\/blog\/\"},{\"@type\":\"ListItem\",\"position\":2,\"name\":\"Receita Federal &#8211; Prova de Legisla\u00e7\u00e3o Aduaneira\"}]},{\"@type\":\"WebSite\",\"@id\":\"https:\/\/www.estrategiaconcursos.com.br\/blog\/#website\",\"url\":\"https:\/\/www.estrategiaconcursos.com.br\/blog\/\",\"name\":\"Estrat\u00e9gia Concursos\",\"description\":\"O blog da Estrat\u00e9gia Concursos traz not\u00edcias sobre concursos e artigos de professores oferecendo cursos para concursos (pdf + videaulas) no site.\",\"publisher\":{\"@id\":\"https:\/\/www.estrategiaconcursos.com.br\/blog\/#organization\"},\"potentialAction\":[{\"@type\":\"SearchAction\",\"target\":{\"@type\":\"EntryPoint\",\"urlTemplate\":\"https:\/\/www.estrategiaconcursos.com.br\/blog\/?s={search_term_string}\"},\"query-input\":{\"@type\":\"PropertyValueSpecification\",\"valueRequired\":true,\"valueName\":\"search_term_string\"}}],\"inLanguage\":\"pt-BR\"},{\"@type\":\"Organization\",\"@id\":\"https:\/\/www.estrategiaconcursos.com.br\/blog\/#organization\",\"name\":\"Estrat\u00e9gia Concursos\",\"url\":\"https:\/\/www.estrategiaconcursos.com.br\/blog\/\",\"logo\":{\"@type\":\"ImageObject\",\"inLanguage\":\"pt-BR\",\"@id\":\"https:\/\/www.estrategiaconcursos.com.br\/blog\/#\/schema\/logo\/image\/\",\"url\":\"https:\/\/dhg1h5j42swfq.cloudfront.net\/2025\/06\/03203428\/logo_concursos-1.jpg\",\"contentUrl\":\"https:\/\/dhg1h5j42swfq.cloudfront.net\/2025\/06\/03203428\/logo_concursos-1.jpg\",\"width\":230,\"height\":60,\"caption\":\"Estrat\u00e9gia Concursos\"},\"image\":{\"@id\":\"https:\/\/www.estrategiaconcursos.com.br\/blog\/#\/schema\/logo\/image\/\"},\"sameAs\":[\"https:\/\/x.com\/EstratConcursos\"]},{\"@type\":\"Person\",\"@id\":\"https:\/\/www.estrategiaconcursos.com.br\/blog\/#\/schema\/person\/c32e47dba2159cafe7796a9569a6ff7e\",\"name\":\"Ricardo Vale\",\"image\":{\"@type\":\"ImageObject\",\"inLanguage\":\"pt-BR\",\"@id\":\"https:\/\/secure.gravatar.com\/avatar\/e5a5658c798bb49dd53314263f59f38c192d73370fb65839a372c2ae9027be74?s=96&d=mm&r=g\",\"url\":\"https:\/\/secure.gravatar.com\/avatar\/e5a5658c798bb49dd53314263f59f38c192d73370fb65839a372c2ae9027be74?s=96&d=mm&r=g\",\"contentUrl\":\"https:\/\/secure.gravatar.com\/avatar\/e5a5658c798bb49dd53314263f59f38c192d73370fb65839a372c2ae9027be74?s=96&d=mm&r=g\",\"caption\":\"Ricardo Vale\"},\"sameAs\":[\"https:\/\/www.facebook.com\/rvale01\",\"https:\/\/x.com\/https:\/\/twitter.com\/EstratConcursos\"],\"url\":\"https:\/\/www.estrategiaconcursos.com.br\/blog\/author\/ricardovaleestrategiaconcursos-com-br\/\"}]}<\/script>\n<!-- \/ Yoast SEO Premium plugin. -->","yoast_head_json":{"title":"Receita Federal - Prova de Legisla\u00e7\u00e3o Aduaneira","robots":{"index":"index","follow":"follow","max-snippet":"max-snippet:-1","max-image-preview":"max-image-preview:large","max-video-preview":"max-video-preview:-1"},"canonical":"https:\/\/www.estrategiaconcursos.com.br\/blog\/receita-federal-prova-de-legislacao-aduaneira\/","og_locale":"pt_BR","og_type":"article","og_title":"Receita Federal - Prova de Legisla\u00e7\u00e3o Aduaneira","og_description":"Ol\u00e1, amigos do Estrat\u00e9gia! J\u00e1 comentei, em artigo anterior, a prova de Com\u00e9rcio Internacional do concurso de Auditor-Fiscal RFB 2014. Veja o link: http:\/\/www.estrategiaconcursos.com.br\/blog\/recursos-receita-federal-comercio-internacional-3-recursos\/\u00a0 Em Com\u00e9rcio Internacional, achei 3 (tr\u00eas) possibilidades de recursos. Em Legisla\u00e7\u00e3o Aduaneira, as quest\u00f5es est\u00e3o bem mais amarradas e, na minha opini\u00e3o, em nenhuma delas h\u00e1 possibilidade de recurso. 63- Sobre [&hellip;]","og_url":"https:\/\/www.estrategiaconcursos.com.br\/blog\/receita-federal-prova-de-legislacao-aduaneira\/","og_site_name":"Estrat\u00e9gia Concursos","article_author":"https:\/\/www.facebook.com\/rvale01","article_published_time":"2014-05-13T02:48:41+00:00","article_modified_time":"2015-01-28T12:36:39+00:00","author":"Ricardo Vale","twitter_card":"summary_large_image","twitter_creator":"@https:\/\/twitter.com\/EstratConcursos","twitter_site":"@EstratConcursos","twitter_misc":{"Escrito por":"Ricardo Vale","Est. tempo de leitura":"20 minutos"},"schema":{"@context":"https:\/\/schema.org","@graph":[{"@type":"NewsArticle","@id":"https:\/\/www.estrategiaconcursos.com.br\/blog\/receita-federal-prova-de-legislacao-aduaneira\/#article","isPartOf":{"@id":"https:\/\/www.estrategiaconcursos.com.br\/blog\/receita-federal-prova-de-legislacao-aduaneira\/"},"author":{"name":"Ricardo Vale","@id":"https:\/\/www.estrategiaconcursos.com.br\/blog\/#\/schema\/person\/c32e47dba2159cafe7796a9569a6ff7e"},"headline":"Receita Federal &#8211; Prova de Legisla\u00e7\u00e3o Aduaneira","datePublished":"2014-05-13T02:48:41+00:00","dateModified":"2015-01-28T12:36:39+00:00","mainEntityOfPage":{"@id":"https:\/\/www.estrategiaconcursos.com.br\/blog\/receita-federal-prova-de-legislacao-aduaneira\/"},"wordCount":4097,"commentCount":1,"publisher":{"@id":"https:\/\/www.estrategiaconcursos.com.br\/blog\/#organization"},"keywords":["Legisla\u00e7\u00e3o Aduaneira","Receita Federal"],"inLanguage":"pt-BR","potentialAction":[{"@type":"CommentAction","name":"Comment","target":["https:\/\/www.estrategiaconcursos.com.br\/blog\/receita-federal-prova-de-legislacao-aduaneira\/#respond"]}],"copyrightYear":"2014","copyrightHolder":{"@id":"https:\/\/www.estrategiaconcursos.com.br\/blog\/#organization"}},{"@type":"WebPage","@id":"https:\/\/www.estrategiaconcursos.com.br\/blog\/receita-federal-prova-de-legislacao-aduaneira\/","url":"https:\/\/www.estrategiaconcursos.com.br\/blog\/receita-federal-prova-de-legislacao-aduaneira\/","name":"Receita Federal - Prova de Legisla\u00e7\u00e3o Aduaneira","isPartOf":{"@id":"https:\/\/www.estrategiaconcursos.com.br\/blog\/#website"},"datePublished":"2014-05-13T02:48:41+00:00","dateModified":"2015-01-28T12:36:39+00:00","breadcrumb":{"@id":"https:\/\/www.estrategiaconcursos.com.br\/blog\/receita-federal-prova-de-legislacao-aduaneira\/#breadcrumb"},"inLanguage":"pt-BR","potentialAction":[{"@type":"ReadAction","target":["https:\/\/www.estrategiaconcursos.com.br\/blog\/receita-federal-prova-de-legislacao-aduaneira\/"]}]},{"@type":"BreadcrumbList","@id":"https:\/\/www.estrategiaconcursos.com.br\/blog\/receita-federal-prova-de-legislacao-aduaneira\/#breadcrumb","itemListElement":[{"@type":"ListItem","position":1,"name":"In\u00edcio","item":"https:\/\/www.estrategiaconcursos.com.br\/blog\/"},{"@type":"ListItem","position":2,"name":"Receita Federal &#8211; Prova de Legisla\u00e7\u00e3o Aduaneira"}]},{"@type":"WebSite","@id":"https:\/\/www.estrategiaconcursos.com.br\/blog\/#website","url":"https:\/\/www.estrategiaconcursos.com.br\/blog\/","name":"Estrat\u00e9gia Concursos","description":"O blog da Estrat\u00e9gia Concursos traz not\u00edcias sobre concursos e artigos de professores oferecendo cursos para concursos (pdf + videaulas) no site.","publisher":{"@id":"https:\/\/www.estrategiaconcursos.com.br\/blog\/#organization"},"potentialAction":[{"@type":"SearchAction","target":{"@type":"EntryPoint","urlTemplate":"https:\/\/www.estrategiaconcursos.com.br\/blog\/?s={search_term_string}"},"query-input":{"@type":"PropertyValueSpecification","valueRequired":true,"valueName":"search_term_string"}}],"inLanguage":"pt-BR"},{"@type":"Organization","@id":"https:\/\/www.estrategiaconcursos.com.br\/blog\/#organization","name":"Estrat\u00e9gia Concursos","url":"https:\/\/www.estrategiaconcursos.com.br\/blog\/","logo":{"@type":"ImageObject","inLanguage":"pt-BR","@id":"https:\/\/www.estrategiaconcursos.com.br\/blog\/#\/schema\/logo\/image\/","url":"https:\/\/dhg1h5j42swfq.cloudfront.net\/2025\/06\/03203428\/logo_concursos-1.jpg","contentUrl":"https:\/\/dhg1h5j42swfq.cloudfront.net\/2025\/06\/03203428\/logo_concursos-1.jpg","width":230,"height":60,"caption":"Estrat\u00e9gia Concursos"},"image":{"@id":"https:\/\/www.estrategiaconcursos.com.br\/blog\/#\/schema\/logo\/image\/"},"sameAs":["https:\/\/x.com\/EstratConcursos"]},{"@type":"Person","@id":"https:\/\/www.estrategiaconcursos.com.br\/blog\/#\/schema\/person\/c32e47dba2159cafe7796a9569a6ff7e","name":"Ricardo Vale","image":{"@type":"ImageObject","inLanguage":"pt-BR","@id":"https:\/\/secure.gravatar.com\/avatar\/e5a5658c798bb49dd53314263f59f38c192d73370fb65839a372c2ae9027be74?s=96&d=mm&r=g","url":"https:\/\/secure.gravatar.com\/avatar\/e5a5658c798bb49dd53314263f59f38c192d73370fb65839a372c2ae9027be74?s=96&d=mm&r=g","contentUrl":"https:\/\/secure.gravatar.com\/avatar\/e5a5658c798bb49dd53314263f59f38c192d73370fb65839a372c2ae9027be74?s=96&d=mm&r=g","caption":"Ricardo Vale"},"sameAs":["https:\/\/www.facebook.com\/rvale01","https:\/\/x.com\/https:\/\/twitter.com\/EstratConcursos"],"url":"https:\/\/www.estrategiaconcursos.com.br\/blog\/author\/ricardovaleestrategiaconcursos-com-br\/"}]}},"_links":{"self":[{"href":"https:\/\/www.estrategiaconcursos.com.br\/blog\/wp-json\/wp\/v2\/posts\/15481","targetHints":{"allow":["GET"]}}],"collection":[{"href":"https:\/\/www.estrategiaconcursos.com.br\/blog\/wp-json\/wp\/v2\/posts"}],"about":[{"href":"https:\/\/www.estrategiaconcursos.com.br\/blog\/wp-json\/wp\/v2\/types\/post"}],"author":[{"embeddable":true,"href":"https:\/\/www.estrategiaconcursos.com.br\/blog\/wp-json\/wp\/v2\/users\/26"}],"replies":[{"embeddable":true,"href":"https:\/\/www.estrategiaconcursos.com.br\/blog\/wp-json\/wp\/v2\/comments?post=15481"}],"version-history":[{"count":2,"href":"https:\/\/www.estrategiaconcursos.com.br\/blog\/wp-json\/wp\/v2\/posts\/15481\/revisions"}],"predecessor-version":[{"id":15495,"href":"https:\/\/www.estrategiaconcursos.com.br\/blog\/wp-json\/wp\/v2\/posts\/15481\/revisions\/15495"}],"wp:attachment":[{"href":"https:\/\/www.estrategiaconcursos.com.br\/blog\/wp-json\/wp\/v2\/media?parent=15481"}],"wp:term":[{"taxonomy":"category","embeddable":true,"href":"https:\/\/www.estrategiaconcursos.com.br\/blog\/wp-json\/wp\/v2\/categories?post=15481"},{"taxonomy":"post_tag","embeddable":true,"href":"https:\/\/www.estrategiaconcursos.com.br\/blog\/wp-json\/wp\/v2\/tags?post=15481"},{"taxonomy":"tax_estado","embeddable":true,"href":"https:\/\/www.estrategiaconcursos.com.br\/blog\/wp-json\/wp\/v2\/tax_estado?post=15481"}],"curies":[{"name":"wp","href":"https:\/\/api.w.org\/{rel}","templated":true}]}}