{"id":1548022,"date":"2025-03-19T16:14:30","date_gmt":"2025-03-19T19:14:30","guid":{"rendered":"https:\/\/www.estrategiaconcursos.com.br\/blog\/?p=1548022"},"modified":"2025-11-25T09:06:56","modified_gmt":"2025-11-25T12:06:56","slug":"concurso-sefa-pa-banca-organizadora","status":"publish","type":"post","link":"https:\/\/www.estrategiaconcursos.com.br\/blog\/concurso-sefa-pa-banca-organizadora\/","title":{"rendered":"SEFA PA inicia escolha da banca; edital no 2\u00ba semestre!"},"content":{"rendered":"\n<p>A Secretaria de Fazenda do Par\u00e1 (<strong><a href=\"https:\/\/www.estrategiaconcursos.com.br\/cursosPorConcurso\/secretaria-da-fazendo-do-para-sefaz-pa\/\" target=\"_blank\" rel=\"noreferrer noopener\">SEFA PA<\/a><\/strong>) iniciou o procedimento de escolha da <strong>banca organizadora do concurso p\u00fablico que ter\u00e1 vagas para os cargos de Auditores e Fiscais. <\/strong><\/p>\n\n\n\n<p>A informa\u00e7\u00e3o foi confirmada pela pr\u00f3pria vice-governadora do estado, Hana Ghassan, e tamb\u00e9m por meio do Sindifisco-Par\u00e1, entidade sindical que representa as carreiras.<\/p>\n\n\n\n<p>Confira abaixo a mensagem da vice governadora comentando uma publica\u00e7\u00e3o de suas redes sociais:<\/p>\n\n\n\n<figure class=\"wp-block-image aligncenter size-full\"><img loading=\"lazy\" decoding=\"async\" width=\"512\" height=\"226\" src=\"https:\/\/dhg1h5j42swfq.cloudfront.net\/2025\/03\/19151521\/image-242.png\" alt=\"Concurso SEFA PA inicia escolha da banca organizadora!\" class=\"wp-image-1548023\" srcset=\"https:\/\/dhg1h5j42swfq.cloudfront.net\/2025\/03\/19151521\/image-242.png 512w, https:\/\/dhg1h5j42swfq.cloudfront.net\/2025\/03\/19151521\/image-242-300x132.png 300w, https:\/\/dhg1h5j42swfq.cloudfront.net\/2025\/03\/19151521\/image-242-150x66.png 150w\" sizes=\"auto, (max-width: 512px) 100vw, 512px\" \/><\/figure>\n\n\n\n<p>Com o procedimento de escolha da banca j\u00e1 iniciado, entramos em contato com fontes internas que afirmaram que<strong> a previs\u00e3o inicial \u00e9 de que o edital ser\u00e1 publicado no segundo semestre<\/strong>.<\/p>\n\n\n\n<p>No entanto, esse prazo poder\u00e1 ser encurtado, caso os tr\u00e2mites internos sejam adiantados pela SEPLAD (Secretaria de Planejamento e Administra\u00e7\u00e3o), que \u00e9 o \u00f3rg\u00e3o respons\u00e1vel pela organiza\u00e7\u00e3o do concurso. <\/p>\n\n\n\n<figure class=\"wp-block-image aligncenter size-full\"><img loading=\"lazy\" decoding=\"async\" width=\"800\" height=\"533\" src=\"https:\/\/dhg1h5j42swfq.cloudfront.net\/2025\/03\/19161138\/image-247.png\" alt=\"Concurso SEFA PA inicia escolha da banca organizadora!\" class=\"wp-image-1548083\" srcset=\"https:\/\/dhg1h5j42swfq.cloudfront.net\/2025\/03\/19161138\/image-247.png 800w, https:\/\/dhg1h5j42swfq.cloudfront.net\/2025\/03\/19161138\/image-247-300x200.png 300w, https:\/\/dhg1h5j42swfq.cloudfront.net\/2025\/03\/19161138\/image-247-768x512.png 768w, https:\/\/dhg1h5j42swfq.cloudfront.net\/2025\/03\/19161138\/image-247-150x100.png 150w\" sizes=\"auto, (max-width: 800px) 100vw, 800px\" \/><figcaption class=\"wp-element-caption\">Concurso <a href=\"https:\/\/sindifisco-pa.org.br\/nota-do-sindifisco-concurso-publico-para-auditores-e-fiscais-no-para\/\" target=\"_blank\" rel=\"noreferrer noopener\">SEFA PA<\/a> inicia escolha da banca organizadora!<\/figcaption><\/figure>\n\n\n\n<h2 class=\"wp-block-heading\" id=\"h-concurso-sefa-pa-e-de-extrema-necessidade-fisco-conta-com-um-efetivo-inferior-a-40-de-auditores-e-fiscais\">Concurso SEFA PA \u00e9 de extrema necessidade! Fisco conta com um efetivo inferior a 40% de auditores e fiscais<\/h2>\n\n\n\n<p>Desde 2021 sem um concurso SEFA PA, a necessidade para reposi\u00e7\u00e3o de pessoal \u00e9 de extrema urg\u00eancia dentro do fisco.<\/p>\n\n\n\n<p>Atualmente o \u00f3rg\u00e3o conta com um efetivo inferior a 40% do contingente de Auditores Fiscais e Fiscais de Receitas Estaduais previsto em Lei. <\/p>\n\n\n\n<p>Por isso, o concurso \u00e9 essencial para fortalecer a Administra\u00e7\u00e3o Tribut\u00e1ria, garantindo que os impostos pagos pela popula\u00e7\u00e3o cheguem aos cofres p\u00fablicos como previsto em lei, viabilizando obras, servi\u00e7os e pol\u00edticas para o desenvolvimento e a justi\u00e7a social.<\/p>\n\n\n\n<h3 class=\"wp-block-heading\" id=\"h-quais-sao-os-salarios-dos-cargos-da-sefa-pa\">Quais s\u00e3o os sal\u00e1rios dos cargos da SEFA PA?<\/h3>\n\n\n\n<p>Para os concurseiros interessados nesta \u00f3tima oportunidade de ingresso na carreira p\u00fablica, os cargos que ser\u00e3o contemplados possuem sal\u00e1rios incentivadores para mudar a vida de qualquer pessoa.<\/p>\n\n\n\n<p>Para os fiscais os vencimentos iniciais s\u00e3o de <strong>R$ 13.161,11<\/strong>, correspondente a vencimento base + Gratifica\u00e7\u00e3o. J\u00e1 os auditores possuem <strong>R$ 16.659,63<\/strong>, correspondente a vencimento base + Gratifica\u00e7\u00e3o de Escolaridade.<\/p>\n\n\n\n<p>Ademais, \u00e9 importante salientar que esses valores podem variar conforme progress\u00e3o na carreira e outros adicionais espec\u00edficos.<\/p>\n\n\n\n<p class=\"has-text-align-center\"><em>Para saber TODOS os detalhes da banca do concurso SEFA PA, bem como das demais disposi\u00e7\u00f5es do certame, acesse agora mesmo o artigo exclusivo que preparamos para voc\u00ea: <\/em><\/p>\n\n\n\n<p class=\"has-text-align-center has-background\" style=\"background-color:#ececec;font-size:clamp(14.642px, 0.915rem + ((1vw - 3.2px) * 0.721), 22px);\"><strong>Saiba mais: <a href=\"https:\/\/www.estrategiaconcursos.com.br\/blog\/concurso-sefa-pa\/\" target=\"_blank\" rel=\"noreferrer noopener\">Concurso SEFA PA<\/a><\/strong><\/p>\n\n\n\n<hr class=\"wp-block-separator has-alpha-channel-opacity\"\/>\n\n\n\n<h2 class=\"wp-block-heading has-text-align-center\" id=\"cursos-assinatura\"><em>Cursos para o concurso Sefa<\/em> <em>PA<\/em>:<\/h2>\n\n\n\n<div id=\"boxes\" class=\"container\">\n<div class=\"row\">\n<div class=\"col-sm\">\n<div id=\"box-assinatura\" class=\"banner-sefaz-ec\">\n<h3 class=\"titulo-assinatura\">Curso Concurso Sefa PA<\/h3>\n<p class=\"subtitulo-assinatura\">Prepare-se com o Estrat\u00e9gia! \u270d<\/p>\n<div class=\"box-botao\"><a class=\"btn-assinatura\" role=\"button\" href=\"https:\/\/www.estrategiaconcursos.com.br\/cursosPorConcurso\/secretaria-da-fazendo-do-para-sefaz-pa\/\" target=\"_blank\" rel=\"noopener noreferrer\">VER CURSOS<\/a><\/div>\n<\/div>\n<\/div>\n<\/div>\n<\/div>\n\n\n\n<div class=\"container\" id=\"boxes\">\n  <div class=\"row\">\n\n    <div class=\"col-sm\">\n      <div class=\"estrategia\" id=\"box-assinatura\">\n        <h3 class=\"titulo-assinatura\">Assinatura Concursos<\/h3>\n        <p class=\"subtitulo-assinatura\">Assinatura de 1 ano ou 2 anos<\/p>\n        <div class=\"box-botao\">\n          <a class=\"btn-assinatura\" target=\"_blank\" href=\"https:\/\/www.estrategiaconcursos.com.br\/assinaturas\/\" role=\"button\" rel=\"noopener noreferrer\">ASSINE AGORA<\/a>\n        <\/div>\n      <\/div><\/div><\/div><\/div>\n\n\n\n<h2 class=\"wp-block-heading has-text-align-center\" id=\"quer-saber-tudo-sobre-concursos-previstos-confira-nossos-artigos\">Quer saber tudo sobre concursos previstos?<br \/>Confira nossos artigos!<\/h2>\n\n\n\n<ul class=\"wp-block-list\">\n<li><a href=\"https:\/\/www.estrategiaconcursos.com.br\/blog\/concursos-abertos\/\" target=\"_blank\" rel=\"noreferrer noopener\">Concursos Abertos<\/a><\/li>\n\n\n\n<li><a href=\"https:\/\/www.estrategiaconcursos.com.br\/blog\/concursos-fiscais\/\" target=\"_blank\" rel=\"noreferrer noopener\">Concursos Fiscais<\/a><\/li>\n\n\n\n<li><a href=\"https:\/\/www.estrategiaconcursos.com.br\/blog\/concursos-2025\/\" target=\"_blank\" rel=\"noreferrer noopener\">Concursos 2025<\/a><\/li>\n<\/ul>\n","protected":false},"excerpt":{"rendered":"<p>A Secretaria de Fazenda do Par\u00e1 (SEFA PA) iniciou o procedimento de escolha da banca organizadora do concurso p\u00fablico que ter\u00e1 vagas para os cargos de Auditores e Fiscais. A informa\u00e7\u00e3o foi confirmada pela pr\u00f3pria vice-governadora do estado, Hana Ghassan, e tamb\u00e9m por meio do Sindifisco-Par\u00e1, entidade sindical que representa as carreiras. Confira abaixo a [&hellip;]<\/p>\n","protected":false},"author":656,"featured_media":1535610,"comment_status":"open","ping_status":"closed","sticky":false,"template":"","format":"standard","meta":{"post_tipo":"news","footnotes":""},"categories":[1983,220219],"tags":[],"tax_estado":[219977],"class_list":["post-1548022","post","type-post","status-publish","format-standard","has-post-thumbnail","hentry","category-fiscal-estadual","category-noticias","tax_estado-pa"],"acf":[],"yoast_head":"<!-- This site is optimized with the Yoast SEO Premium plugin v27.2 (Yoast SEO v27.2) - https:\/\/yoast.com\/product\/yoast-seo-premium-wordpress\/ -->\n<title>SEFA PA inicia escolha da banca; edital no 2\u00ba semestre!<\/title>\n<meta name=\"description\" content=\"Concurso SEFA PA: processo de escolha da banca foi iniciado! Edital previsto, inicialmente, para o 2\u00ba semestre!\" \/>\n<meta name=\"robots\" content=\"index, follow, max-snippet:-1, max-image-preview:large, max-video-preview:-1\" \/>\n<link rel=\"canonical\" href=\"https:\/\/www.estrategiaconcursos.com.br\/blog\/concurso-sefa-pa-banca-organizadora\/\" \/>\n<meta property=\"og:locale\" content=\"pt_BR\" \/>\n<meta property=\"og:type\" content=\"article\" \/>\n<meta property=\"og:title\" content=\"SEFA PA inicia escolha da banca; edital no 2\u00ba semestre!\" \/>\n<meta property=\"og:description\" content=\"Concurso SEFA PA: processo de escolha da banca foi iniciado! Edital previsto, inicialmente, para o 2\u00ba semestre!\" \/>\n<meta property=\"og:url\" content=\"https:\/\/www.estrategiaconcursos.com.br\/blog\/concurso-sefa-pa-banca-organizadora\/\" \/>\n<meta property=\"og:site_name\" content=\"Estrat\u00e9gia Concursos\" \/>\n<meta property=\"article:published_time\" content=\"2025-03-19T19:14:30+00:00\" \/>\n<meta property=\"article:modified_time\" content=\"2025-11-25T12:06:56+00:00\" \/>\n<meta property=\"og:image\" content=\"https:\/\/dhg1h5j42swfq.cloudfront.net\/2025\/02\/20142556\/sefaz.jpg\" \/>\n\t<meta property=\"og:image:width\" content=\"1200\" \/>\n\t<meta property=\"og:image:height\" content=\"628\" \/>\n\t<meta property=\"og:image:type\" content=\"image\/jpeg\" \/>\n<meta name=\"author\" content=\"F\u00e1bio Scaldelai\" \/>\n<meta name=\"twitter:card\" content=\"summary_large_image\" \/>\n<meta name=\"twitter:creator\" content=\"@EstratConcursos\" \/>\n<meta name=\"twitter:site\" content=\"@EstratConcursos\" \/>\n<meta name=\"twitter:label1\" content=\"Escrito por\" \/>\n\t<meta name=\"twitter:data1\" content=\"F\u00e1bio Scaldelai\" \/>\n\t<meta name=\"twitter:label2\" content=\"Est. tempo de leitura\" \/>\n\t<meta name=\"twitter:data2\" content=\"2 minutos\" \/>\n<script type=\"application\/ld+json\" class=\"yoast-schema-graph\">{\"@context\":\"https:\/\/schema.org\",\"@graph\":[{\"@type\":\"NewsArticle\",\"@id\":\"https:\/\/www.estrategiaconcursos.com.br\/blog\/concurso-sefa-pa-banca-organizadora\/#article\",\"isPartOf\":{\"@id\":\"https:\/\/www.estrategiaconcursos.com.br\/blog\/concurso-sefa-pa-banca-organizadora\/\"},\"author\":{\"name\":\"F\u00e1bio Scaldelai\",\"@id\":\"https:\/\/www.estrategiaconcursos.com.br\/blog\/#\/schema\/person\/e3b6b7ce0192dd4ad270655969d61750\"},\"headline\":\"SEFA PA inicia escolha da banca; edital no 2\u00ba semestre!\",\"datePublished\":\"2025-03-19T19:14:30+00:00\",\"dateModified\":\"2025-11-25T12:06:56+00:00\",\"mainEntityOfPage\":{\"@id\":\"https:\/\/www.estrategiaconcursos.com.br\/blog\/concurso-sefa-pa-banca-organizadora\/\"},\"wordCount\":418,\"commentCount\":0,\"publisher\":{\"@id\":\"https:\/\/www.estrategiaconcursos.com.br\/blog\/#organization\"},\"image\":{\"@id\":\"https:\/\/www.estrategiaconcursos.com.br\/blog\/concurso-sefa-pa-banca-organizadora\/#primaryimage\"},\"thumbnailUrl\":\"https:\/\/dhg1h5j42swfq.cloudfront.net\/2025\/02\/20142556\/sefaz.jpg\",\"articleSection\":[\"Fiscal - Estadual (ICMS)\",\"\u00daltimas not\u00edcias\"],\"inLanguage\":\"pt-BR\",\"potentialAction\":[{\"@type\":\"CommentAction\",\"name\":\"Comment\",\"target\":[\"https:\/\/www.estrategiaconcursos.com.br\/blog\/concurso-sefa-pa-banca-organizadora\/#respond\"]}],\"copyrightYear\":\"2025\",\"copyrightHolder\":{\"@id\":\"https:\/\/www.estrategiaconcursos.com.br\/blog\/#organization\"}},{\"@type\":\"WebPage\",\"@id\":\"https:\/\/www.estrategiaconcursos.com.br\/blog\/concurso-sefa-pa-banca-organizadora\/\",\"url\":\"https:\/\/www.estrategiaconcursos.com.br\/blog\/concurso-sefa-pa-banca-organizadora\/\",\"name\":\"SEFA PA inicia escolha da banca; edital no 2\u00ba semestre!\",\"isPartOf\":{\"@id\":\"https:\/\/www.estrategiaconcursos.com.br\/blog\/#website\"},\"primaryImageOfPage\":{\"@id\":\"https:\/\/www.estrategiaconcursos.com.br\/blog\/concurso-sefa-pa-banca-organizadora\/#primaryimage\"},\"image\":{\"@id\":\"https:\/\/www.estrategiaconcursos.com.br\/blog\/concurso-sefa-pa-banca-organizadora\/#primaryimage\"},\"thumbnailUrl\":\"https:\/\/dhg1h5j42swfq.cloudfront.net\/2025\/02\/20142556\/sefaz.jpg\",\"datePublished\":\"2025-03-19T19:14:30+00:00\",\"dateModified\":\"2025-11-25T12:06:56+00:00\",\"description\":\"Concurso SEFA PA: processo de escolha da banca foi iniciado! Edital previsto, inicialmente, para o 2\u00ba semestre!\",\"breadcrumb\":{\"@id\":\"https:\/\/www.estrategiaconcursos.com.br\/blog\/concurso-sefa-pa-banca-organizadora\/#breadcrumb\"},\"inLanguage\":\"pt-BR\",\"potentialAction\":[{\"@type\":\"ReadAction\",\"target\":[\"https:\/\/www.estrategiaconcursos.com.br\/blog\/concurso-sefa-pa-banca-organizadora\/\"]}]},{\"@type\":\"ImageObject\",\"inLanguage\":\"pt-BR\",\"@id\":\"https:\/\/www.estrategiaconcursos.com.br\/blog\/concurso-sefa-pa-banca-organizadora\/#primaryimage\",\"url\":\"https:\/\/dhg1h5j42swfq.cloudfront.net\/2025\/02\/20142556\/sefaz.jpg\",\"contentUrl\":\"https:\/\/dhg1h5j42swfq.cloudfront.net\/2025\/02\/20142556\/sefaz.jpg\",\"width\":1200,\"height\":628,\"caption\":\"Concurso da Sefa PA vagas\"},{\"@type\":\"BreadcrumbList\",\"@id\":\"https:\/\/www.estrategiaconcursos.com.br\/blog\/concurso-sefa-pa-banca-organizadora\/#breadcrumb\",\"itemListElement\":[{\"@type\":\"ListItem\",\"position\":1,\"name\":\"In\u00edcio\",\"item\":\"https:\/\/www.estrategiaconcursos.com.br\/blog\/\"},{\"@type\":\"ListItem\",\"position\":2,\"name\":\"SEFA PA inicia escolha da banca; edital no 2\u00ba semestre!\"}]},{\"@type\":\"WebSite\",\"@id\":\"https:\/\/www.estrategiaconcursos.com.br\/blog\/#website\",\"url\":\"https:\/\/www.estrategiaconcursos.com.br\/blog\/\",\"name\":\"Estrat\u00e9gia Concursos\",\"description\":\"O blog da Estrat\u00e9gia Concursos traz not\u00edcias sobre concursos e artigos de professores oferecendo cursos para concursos (pdf + videaulas) no site.\",\"publisher\":{\"@id\":\"https:\/\/www.estrategiaconcursos.com.br\/blog\/#organization\"},\"potentialAction\":[{\"@type\":\"SearchAction\",\"target\":{\"@type\":\"EntryPoint\",\"urlTemplate\":\"https:\/\/www.estrategiaconcursos.com.br\/blog\/?s={search_term_string}\"},\"query-input\":{\"@type\":\"PropertyValueSpecification\",\"valueRequired\":true,\"valueName\":\"search_term_string\"}}],\"inLanguage\":\"pt-BR\"},{\"@type\":\"Organization\",\"@id\":\"https:\/\/www.estrategiaconcursos.com.br\/blog\/#organization\",\"name\":\"Estrat\u00e9gia Concursos\",\"url\":\"https:\/\/www.estrategiaconcursos.com.br\/blog\/\",\"logo\":{\"@type\":\"ImageObject\",\"inLanguage\":\"pt-BR\",\"@id\":\"https:\/\/www.estrategiaconcursos.com.br\/blog\/#\/schema\/logo\/image\/\",\"url\":\"https:\/\/dhg1h5j42swfq.cloudfront.net\/2025\/06\/03203428\/logo_concursos-1.jpg\",\"contentUrl\":\"https:\/\/dhg1h5j42swfq.cloudfront.net\/2025\/06\/03203428\/logo_concursos-1.jpg\",\"width\":230,\"height\":60,\"caption\":\"Estrat\u00e9gia Concursos\"},\"image\":{\"@id\":\"https:\/\/www.estrategiaconcursos.com.br\/blog\/#\/schema\/logo\/image\/\"},\"sameAs\":[\"https:\/\/x.com\/EstratConcursos\"]},{\"@type\":\"Person\",\"@id\":\"https:\/\/www.estrategiaconcursos.com.br\/blog\/#\/schema\/person\/e3b6b7ce0192dd4ad270655969d61750\",\"name\":\"F\u00e1bio Scaldelai\",\"image\":{\"@type\":\"ImageObject\",\"inLanguage\":\"pt-BR\",\"@id\":\"https:\/\/secure.gravatar.com\/avatar\/8ed7492c4d88d8495bc0cb24cda6847b8ae23eec459a919e08e77d0ca0fd79ec?s=96&d=mm&r=g\",\"url\":\"https:\/\/secure.gravatar.com\/avatar\/8ed7492c4d88d8495bc0cb24cda6847b8ae23eec459a919e08e77d0ca0fd79ec?s=96&d=mm&r=g\",\"contentUrl\":\"https:\/\/secure.gravatar.com\/avatar\/8ed7492c4d88d8495bc0cb24cda6847b8ae23eec459a919e08e77d0ca0fd79ec?s=96&d=mm&r=g\",\"caption\":\"F\u00e1bio Scaldelai\"},\"description\":\"Jornalista no Estrat\u00e9gia Concursos e Produtor de Televis\u00e3o, formado em Jornalismo, R\u00e1dio e TV pela Faculdade Integrada Rio Branco, com especializa\u00e7\u00f5es em Gest\u00e3o Empresarial e Marketing pelo M\u00f3dulo. Atuou como produtor no SBT, TV Bandeirantes e R\u00e1dio Band FM, al\u00e9m de acumular tr\u00eas anos de experi\u00eancia no setor de concursos p\u00fablicos pela LFG (Luiz Fl\u00e1vio Gomes). No Estrat\u00e9gia Concursos, atua na apura\u00e7\u00e3o de not\u00edcias da \u00e1rea fiscal, al\u00e9m de coberturas sobre concursos das \u00e1reas de controle (TCU, TCE, etc), concurso AFT, \u00e1rea de gest\u00e3o e administrativa, bem como dos \u00f3rg\u00e3os participantes do CNU. Tamb\u00e9m possui experi\u00eancia em link building e an\u00e1lise de m\u00eddia, adquirida durante sua atua\u00e7\u00e3o na ag\u00eancia SEO Marketing.\",\"url\":\"https:\/\/www.estrategiaconcursos.com.br\/blog\/author\/fabio-scaldelaiestrategiaconcursos-com-br\/\"}]}<\/script>\n<!-- \/ Yoast SEO Premium plugin. -->","yoast_head_json":{"title":"SEFA PA inicia escolha da banca; edital no 2\u00ba semestre!","description":"Concurso SEFA PA: processo de escolha da banca foi iniciado! Edital previsto, inicialmente, para o 2\u00ba semestre!","robots":{"index":"index","follow":"follow","max-snippet":"max-snippet:-1","max-image-preview":"max-image-preview:large","max-video-preview":"max-video-preview:-1"},"canonical":"https:\/\/www.estrategiaconcursos.com.br\/blog\/concurso-sefa-pa-banca-organizadora\/","og_locale":"pt_BR","og_type":"article","og_title":"SEFA PA inicia escolha da banca; edital no 2\u00ba semestre!","og_description":"Concurso SEFA PA: processo de escolha da banca foi iniciado! Edital previsto, inicialmente, para o 2\u00ba semestre!","og_url":"https:\/\/www.estrategiaconcursos.com.br\/blog\/concurso-sefa-pa-banca-organizadora\/","og_site_name":"Estrat\u00e9gia Concursos","article_published_time":"2025-03-19T19:14:30+00:00","article_modified_time":"2025-11-25T12:06:56+00:00","og_image":[{"width":1200,"height":628,"url":"https:\/\/dhg1h5j42swfq.cloudfront.net\/2025\/02\/20142556\/sefaz.jpg","type":"image\/jpeg"}],"author":"F\u00e1bio Scaldelai","twitter_card":"summary_large_image","twitter_creator":"@EstratConcursos","twitter_site":"@EstratConcursos","twitter_misc":{"Escrito por":"F\u00e1bio Scaldelai","Est. tempo de leitura":"2 minutos"},"schema":{"@context":"https:\/\/schema.org","@graph":[{"@type":"NewsArticle","@id":"https:\/\/www.estrategiaconcursos.com.br\/blog\/concurso-sefa-pa-banca-organizadora\/#article","isPartOf":{"@id":"https:\/\/www.estrategiaconcursos.com.br\/blog\/concurso-sefa-pa-banca-organizadora\/"},"author":{"name":"F\u00e1bio Scaldelai","@id":"https:\/\/www.estrategiaconcursos.com.br\/blog\/#\/schema\/person\/e3b6b7ce0192dd4ad270655969d61750"},"headline":"SEFA PA inicia escolha da banca; edital no 2\u00ba semestre!","datePublished":"2025-03-19T19:14:30+00:00","dateModified":"2025-11-25T12:06:56+00:00","mainEntityOfPage":{"@id":"https:\/\/www.estrategiaconcursos.com.br\/blog\/concurso-sefa-pa-banca-organizadora\/"},"wordCount":418,"commentCount":0,"publisher":{"@id":"https:\/\/www.estrategiaconcursos.com.br\/blog\/#organization"},"image":{"@id":"https:\/\/www.estrategiaconcursos.com.br\/blog\/concurso-sefa-pa-banca-organizadora\/#primaryimage"},"thumbnailUrl":"https:\/\/dhg1h5j42swfq.cloudfront.net\/2025\/02\/20142556\/sefaz.jpg","articleSection":["Fiscal - Estadual (ICMS)","\u00daltimas not\u00edcias"],"inLanguage":"pt-BR","potentialAction":[{"@type":"CommentAction","name":"Comment","target":["https:\/\/www.estrategiaconcursos.com.br\/blog\/concurso-sefa-pa-banca-organizadora\/#respond"]}],"copyrightYear":"2025","copyrightHolder":{"@id":"https:\/\/www.estrategiaconcursos.com.br\/blog\/#organization"}},{"@type":"WebPage","@id":"https:\/\/www.estrategiaconcursos.com.br\/blog\/concurso-sefa-pa-banca-organizadora\/","url":"https:\/\/www.estrategiaconcursos.com.br\/blog\/concurso-sefa-pa-banca-organizadora\/","name":"SEFA PA inicia escolha da banca; edital no 2\u00ba semestre!","isPartOf":{"@id":"https:\/\/www.estrategiaconcursos.com.br\/blog\/#website"},"primaryImageOfPage":{"@id":"https:\/\/www.estrategiaconcursos.com.br\/blog\/concurso-sefa-pa-banca-organizadora\/#primaryimage"},"image":{"@id":"https:\/\/www.estrategiaconcursos.com.br\/blog\/concurso-sefa-pa-banca-organizadora\/#primaryimage"},"thumbnailUrl":"https:\/\/dhg1h5j42swfq.cloudfront.net\/2025\/02\/20142556\/sefaz.jpg","datePublished":"2025-03-19T19:14:30+00:00","dateModified":"2025-11-25T12:06:56+00:00","description":"Concurso SEFA PA: processo de escolha da banca foi iniciado! Edital previsto, inicialmente, para o 2\u00ba semestre!","breadcrumb":{"@id":"https:\/\/www.estrategiaconcursos.com.br\/blog\/concurso-sefa-pa-banca-organizadora\/#breadcrumb"},"inLanguage":"pt-BR","potentialAction":[{"@type":"ReadAction","target":["https:\/\/www.estrategiaconcursos.com.br\/blog\/concurso-sefa-pa-banca-organizadora\/"]}]},{"@type":"ImageObject","inLanguage":"pt-BR","@id":"https:\/\/www.estrategiaconcursos.com.br\/blog\/concurso-sefa-pa-banca-organizadora\/#primaryimage","url":"https:\/\/dhg1h5j42swfq.cloudfront.net\/2025\/02\/20142556\/sefaz.jpg","contentUrl":"https:\/\/dhg1h5j42swfq.cloudfront.net\/2025\/02\/20142556\/sefaz.jpg","width":1200,"height":628,"caption":"Concurso da Sefa PA vagas"},{"@type":"BreadcrumbList","@id":"https:\/\/www.estrategiaconcursos.com.br\/blog\/concurso-sefa-pa-banca-organizadora\/#breadcrumb","itemListElement":[{"@type":"ListItem","position":1,"name":"In\u00edcio","item":"https:\/\/www.estrategiaconcursos.com.br\/blog\/"},{"@type":"ListItem","position":2,"name":"SEFA PA inicia escolha da banca; edital no 2\u00ba semestre!"}]},{"@type":"WebSite","@id":"https:\/\/www.estrategiaconcursos.com.br\/blog\/#website","url":"https:\/\/www.estrategiaconcursos.com.br\/blog\/","name":"Estrat\u00e9gia Concursos","description":"O blog da Estrat\u00e9gia Concursos traz not\u00edcias sobre concursos e artigos de professores oferecendo cursos para concursos (pdf + videaulas) no site.","publisher":{"@id":"https:\/\/www.estrategiaconcursos.com.br\/blog\/#organization"},"potentialAction":[{"@type":"SearchAction","target":{"@type":"EntryPoint","urlTemplate":"https:\/\/www.estrategiaconcursos.com.br\/blog\/?s={search_term_string}"},"query-input":{"@type":"PropertyValueSpecification","valueRequired":true,"valueName":"search_term_string"}}],"inLanguage":"pt-BR"},{"@type":"Organization","@id":"https:\/\/www.estrategiaconcursos.com.br\/blog\/#organization","name":"Estrat\u00e9gia Concursos","url":"https:\/\/www.estrategiaconcursos.com.br\/blog\/","logo":{"@type":"ImageObject","inLanguage":"pt-BR","@id":"https:\/\/www.estrategiaconcursos.com.br\/blog\/#\/schema\/logo\/image\/","url":"https:\/\/dhg1h5j42swfq.cloudfront.net\/2025\/06\/03203428\/logo_concursos-1.jpg","contentUrl":"https:\/\/dhg1h5j42swfq.cloudfront.net\/2025\/06\/03203428\/logo_concursos-1.jpg","width":230,"height":60,"caption":"Estrat\u00e9gia Concursos"},"image":{"@id":"https:\/\/www.estrategiaconcursos.com.br\/blog\/#\/schema\/logo\/image\/"},"sameAs":["https:\/\/x.com\/EstratConcursos"]},{"@type":"Person","@id":"https:\/\/www.estrategiaconcursos.com.br\/blog\/#\/schema\/person\/e3b6b7ce0192dd4ad270655969d61750","name":"F\u00e1bio Scaldelai","image":{"@type":"ImageObject","inLanguage":"pt-BR","@id":"https:\/\/secure.gravatar.com\/avatar\/8ed7492c4d88d8495bc0cb24cda6847b8ae23eec459a919e08e77d0ca0fd79ec?s=96&d=mm&r=g","url":"https:\/\/secure.gravatar.com\/avatar\/8ed7492c4d88d8495bc0cb24cda6847b8ae23eec459a919e08e77d0ca0fd79ec?s=96&d=mm&r=g","contentUrl":"https:\/\/secure.gravatar.com\/avatar\/8ed7492c4d88d8495bc0cb24cda6847b8ae23eec459a919e08e77d0ca0fd79ec?s=96&d=mm&r=g","caption":"F\u00e1bio Scaldelai"},"description":"Jornalista no Estrat\u00e9gia Concursos e Produtor de Televis\u00e3o, formado em Jornalismo, R\u00e1dio e TV pela Faculdade Integrada Rio Branco, com especializa\u00e7\u00f5es em Gest\u00e3o Empresarial e Marketing pelo M\u00f3dulo. Atuou como produtor no SBT, TV Bandeirantes e R\u00e1dio Band FM, al\u00e9m de acumular tr\u00eas anos de experi\u00eancia no setor de concursos p\u00fablicos pela LFG (Luiz Fl\u00e1vio Gomes). No Estrat\u00e9gia Concursos, atua na apura\u00e7\u00e3o de not\u00edcias da \u00e1rea fiscal, al\u00e9m de coberturas sobre concursos das \u00e1reas de controle (TCU, TCE, etc), concurso AFT, \u00e1rea de gest\u00e3o e administrativa, bem como dos \u00f3rg\u00e3os participantes do CNU. Tamb\u00e9m possui experi\u00eancia em link building e an\u00e1lise de m\u00eddia, adquirida durante sua atua\u00e7\u00e3o na ag\u00eancia SEO Marketing.","url":"https:\/\/www.estrategiaconcursos.com.br\/blog\/author\/fabio-scaldelaiestrategiaconcursos-com-br\/"}]}},"_links":{"self":[{"href":"https:\/\/www.estrategiaconcursos.com.br\/blog\/wp-json\/wp\/v2\/posts\/1548022","targetHints":{"allow":["GET"]}}],"collection":[{"href":"https:\/\/www.estrategiaconcursos.com.br\/blog\/wp-json\/wp\/v2\/posts"}],"about":[{"href":"https:\/\/www.estrategiaconcursos.com.br\/blog\/wp-json\/wp\/v2\/types\/post"}],"author":[{"embeddable":true,"href":"https:\/\/www.estrategiaconcursos.com.br\/blog\/wp-json\/wp\/v2\/users\/656"}],"replies":[{"embeddable":true,"href":"https:\/\/www.estrategiaconcursos.com.br\/blog\/wp-json\/wp\/v2\/comments?post=1548022"}],"version-history":[{"count":6,"href":"https:\/\/www.estrategiaconcursos.com.br\/blog\/wp-json\/wp\/v2\/posts\/1548022\/revisions"}],"predecessor-version":[{"id":1548114,"href":"https:\/\/www.estrategiaconcursos.com.br\/blog\/wp-json\/wp\/v2\/posts\/1548022\/revisions\/1548114"}],"wp:featuredmedia":[{"embeddable":true,"href":"https:\/\/www.estrategiaconcursos.com.br\/blog\/wp-json\/wp\/v2\/media\/1535610"}],"wp:attachment":[{"href":"https:\/\/www.estrategiaconcursos.com.br\/blog\/wp-json\/wp\/v2\/media?parent=1548022"}],"wp:term":[{"taxonomy":"category","embeddable":true,"href":"https:\/\/www.estrategiaconcursos.com.br\/blog\/wp-json\/wp\/v2\/categories?post=1548022"},{"taxonomy":"post_tag","embeddable":true,"href":"https:\/\/www.estrategiaconcursos.com.br\/blog\/wp-json\/wp\/v2\/tags?post=1548022"},{"taxonomy":"tax_estado","embeddable":true,"href":"https:\/\/www.estrategiaconcursos.com.br\/blog\/wp-json\/wp\/v2\/tax_estado?post=1548022"}],"curies":[{"name":"wp","href":"https:\/\/api.w.org\/{rel}","templated":true}]}}