{"id":1547862,"date":"2025-04-16T14:14:00","date_gmt":"2025-04-16T17:14:00","guid":{"rendered":"https:\/\/www.estrategiaconcursos.com.br\/blog\/?p=1547862"},"modified":"2025-04-23T10:19:13","modified_gmt":"2025-04-23T13:19:13","slug":"auto-infracao-sefaz-pr","status":"publish","type":"post","link":"https:\/\/www.estrategiaconcursos.com.br\/blog\/auto-infracao-sefaz-pr\/","title":{"rendered":"Auto de infra\u00e7\u00e3o para o concurso SEFAZ PR"},"content":{"rendered":"\n<p>Ol\u00e1, tudo tranquilo?!! Neste presente texto iremos analisar um assunto muito importante para a prova de Auditor Fiscal do Paran\u00e1: Auto de infra\u00e7\u00e3o para SEFAZ\/PR de acordo com a legisla\u00e7\u00e3o estadual.&nbsp;<\/p>\n\n\n\n<figure class=\"wp-block-image aligncenter size-full\"><img loading=\"lazy\" decoding=\"async\" width=\"259\" height=\"195\" src=\"https:\/\/dhg1h5j42swfq.cloudfront.net\/2025\/03\/19113941\/image-239.png\" alt=\"Auto de infra\u00e7\u00e3o para SEFAZ\/PR\" class=\"wp-image-1547864\" srcset=\"https:\/\/dhg1h5j42swfq.cloudfront.net\/2025\/03\/19113941\/image-239.png 259w, https:\/\/dhg1h5j42swfq.cloudfront.net\/2025\/03\/19113941\/image-239-150x113.png 150w\" sizes=\"auto, (max-width: 259px) 100vw, 259px\" \/><figcaption class=\"wp-element-caption\">Auto de infra\u00e7\u00e3o para SEFAZ\/PR<\/figcaption><\/figure>\n\n\n\n<p>Em s\u00edntese, passaremos pelos seguintes t\u00f3picos:&nbsp;<\/p>\n\n\n\n<ul class=\"wp-block-list\">\n<li>Estudar as disposi\u00e7\u00f5es previstas na Lei sobre Auto de infra\u00e7\u00e3o para SEFAZ\/PR;&nbsp;<\/li>\n<\/ul>\n\n\n\n<ul class=\"wp-block-list\">\n<li>Analisar observa\u00e7\u00f5es relevantes sobre o tema;&nbsp;<\/li>\n<\/ul>\n\n\n\n<ul class=\"wp-block-list\">\n<li>Encerrar com considera\u00e7\u00f5es finais.&nbsp;<\/li>\n<\/ul>\n\n\n\n<p>Nesse sentido, utilizando como refer\u00eancia a <a href=\"https:\/\/www.legisweb.com.br\/legislacao\/?id=143138#:~:text=Estabelece%20normas%20sobre%20o%20tratamento,Art.\" target=\"_blank\" rel=\"noreferrer noopener\">Lei 14.260\/2003 do Estado do Paran\u00e1,<\/a> vamos agora estudar um pouco mais sobre Auto de infra\u00e7\u00e3o para SEFAZ\/PR.&nbsp;<\/p>\n\n\n\n<h2 class=\"wp-block-heading\" id=\"h-auto-de-infracao-para-o-concurso-sefaz-pr\">Auto de infra\u00e7\u00e3o para o concurso SEFAZ PR\u00a0<\/h2>\n\n\n\n<p>Toda e qualquer exig\u00eancia, do ponto vista fiscal, feita pela administra\u00e7\u00e3o tribut\u00e1ria, deve ser atendida pelo sujeito passivo dentro do prazo estabelecido.&nbsp;<\/p>\n\n\n\n<p>Seja o envio de uma declara\u00e7\u00e3o acess\u00f3ria, ou o pagamento de um tributo, ou o repasse de informa\u00e7\u00f5es para demanda de uma <mark style=\"background-color:rgba(0, 0, 0, 0)\" class=\"has-inline-color has-luminous-vivid-orange-color\"><strong>malha fisca<\/strong>l, <\/mark>cada solicita\u00e7\u00e3o precisa ser observada para evitar poss\u00edveis puni\u00e7\u00f5es.&nbsp;<\/p>\n\n\n\n<p>Por\u00e9m, em se tratando especificamente de <strong><mark style=\"background-color:rgba(0, 0, 0, 0)\" class=\"has-inline-color has-vivid-red-color\">procedimentos de fiscaliza\u00e7\u00e3o voltados para um sujeito passivo determinado, deve este ser comunicado antes, para que tenha assim ci\u00eancia da situa\u00e7\u00e3o.<\/mark> <\/strong>Ser fiscalizado n\u00e3o \u00e9 algo desejado por ningu\u00e9m, por isso possui o direto de ser informado que est\u00e1 no centro de uma fiscaliza\u00e7\u00e3o tribut\u00e1ria.&nbsp;<\/p>\n\n\n\n<p><strong><mark style=\"background-color:rgba(0, 0, 0, 0)\" class=\"has-inline-color has-luminous-vivid-orange-color\">Essa ci\u00eancia geralmente \u00e9 feita por meio de um auto de infra\u00e7\u00e3o, quando a fiscaliza\u00e7\u00e3o for em decorr\u00eancia justamente de ind\u00edcios de cometimento de alguma irregularidade. <\/mark><\/strong>Esse auto serve, entre outras coisas, tamb\u00e9m para que o sujeito passivo possa ter um tempo razo\u00e1vel para preparar a sua defesa para quando for o momento de poder se manifestar no processo de fiscaliza\u00e7\u00e3o.&nbsp;<\/p>\n\n\n\n<p>H\u00e1 alguns anos, a notifica\u00e7\u00e3o acontecia principalmente fisicamente, com a entrega feita presencialmente para o sujeito passivo. Atualmente, com o avan\u00e7o da tecnologia da informa\u00e7\u00e3o, essa <mark style=\"background-color:rgba(0, 0, 0, 0)\" class=\"has-inline-color has-luminous-vivid-orange-color\"><strong>notifica\u00e7\u00e3o ocorre primordialmente por meio digital, seja por envio de e-mail ou de mensagens em sistemas oficiais, por\u00e9m, a possibilidade de notifica\u00e7\u00e3o presencial ainda existe em diversas legisla\u00e7\u00f5es tribut\u00e1rias do pa\u00eds, especialmente para garantir que a administra\u00e7\u00e3o p\u00fablica tentou de in\u00fameras formas manter o contato com aquele sujeito passivo investigado.<\/strong>&nbsp;<\/mark><\/p>\n\n\n\n<p>Com isso, vamos entender o que diz a lei 14260\/2003 sobre notifica\u00e7\u00e3o fiscal e auto de infra\u00e7\u00e3o para SEFAZ\/PR, assunto importante para a sua prova:&nbsp;<\/p>\n\n\n\n<p>Art. 17. A apura\u00e7\u00e3o das infra\u00e7\u00f5es \u00e0 legisla\u00e7\u00e3o tribut\u00e1ria e a aplica\u00e7\u00e3o das respectivas multas dar-se-\u00e3o atrav\u00e9s de processo administrativo fiscal, cujas folhas ser\u00e3o numeradas e rubricadas e as pe\u00e7as que o comp\u00f5em dispostas na ordem em que forem juntadas, obedecendo, em primeira inst\u00e2ncia, o seguinte procedimento e disposi\u00e7\u00f5es:&nbsp;<\/p>\n\n\n\n<p>I &#8211; Da Notifica\u00e7\u00e3o Fiscal e do Auto de Infra\u00e7\u00e3o para SEFAZ\/PR&nbsp;<\/p>\n\n\n\n<p><strong><mark style=\"background-color:rgba(0, 0, 0, 0)\" class=\"has-inline-color has-vivid-cyan-blue-color\">A formaliza\u00e7\u00e3o da exig\u00eancia de cr\u00e9dito tribut\u00e1rio dar-se-\u00e1 mediante a emiss\u00e3o de notifica\u00e7\u00e3o fiscal, efetuada por processo eletr\u00f4nico,<\/mark><\/strong> mediante publica\u00e7\u00e3o de edital no Di\u00e1rio Oficial do Estado, ou lavratura de auto de infra\u00e7\u00e3o, por funcion\u00e1rio da Coordena\u00e7\u00e3o da Receita do Estado no exerc\u00edcio de fun\u00e7\u00e3o fiscalizadora, no momento em que for verificada infra\u00e7\u00e3o \u00e0 legisla\u00e7\u00e3o tribut\u00e1ria, observando-se que:&nbsp;<\/p>\n\n\n\n<p>a) a notifica\u00e7\u00e3o fiscal e o auto de infra\u00e7\u00e3o para SEFAZ\/PR <mark style=\"background-color:rgba(0, 0, 0, 0)\" class=\"has-inline-color has-vivid-cyan-blue-color\"><strong>n\u00e3o dever\u00e3o apresentar rasuras, entrelinhas ou emendas e neles descrever-se-\u00e1, de forma precisa e clara, a infra\u00e7\u00e3o averiguada, devendo ainda conter:<\/strong>&nbsp;<\/mark><\/p>\n\n\n\n<p>1 &#8211;<mark style=\"background-color:rgba(0, 0, 0, 0)\" class=\"has-inline-color has-vivid-cyan-blue-color\"> <strong>o local e a data da emiss\u00e3o;<\/strong>&nbsp;<\/mark><\/p>\n\n\n\n<p>2 &#8211; a identifica\u00e7\u00e3o do sujeito passivo;&nbsp;<\/p>\n\n\n\n<p>3 &#8211;<strong> <\/strong><mark style=\"background-color:rgba(0, 0, 0, 0)\" class=\"has-inline-color has-vivid-cyan-blue-color\"><strong>o dispositivo infringido e a penalidade aplic\u00e1vel;<\/strong>&nbsp;<\/mark><\/p>\n\n\n\n<p>4 &#8211; o valor do cr\u00e9dito tribut\u00e1rio relativo ao IPVA, quando devido, demonstrado em rela\u00e7\u00e3o a cada ano;&nbsp;<\/p>\n\n\n\n<p>5 &#8211; a determina\u00e7\u00e3o da exig\u00eancia e a intima\u00e7\u00e3o para cumpri-la ou impugn\u00e1-la no prazo de 30 (trinta) dias;&nbsp;<\/p>\n\n\n\n<p>6 &#8211; <mark style=\"background-color:rgba(0, 0, 0, 0)\" class=\"has-inline-color has-vivid-cyan-blue-color\"><strong>a identifica\u00e7\u00e3o funcional do auditor fiscal e sua assinatura, ficando esta dispensada no caso de lan\u00e7amento emitido por processo eletr\u00f4nico<\/strong>;&nbsp;<\/mark><\/p>\n\n\n\n<p>b) as eventuais falhas da notifica\u00e7\u00e3o fiscal ou do auto de infra\u00e7\u00e3o n\u00e3o acarretam nulidade, desde que permitam determinar com seguran\u00e7a a infra\u00e7\u00e3o e o sujeito passivo;&nbsp;<\/p>\n\n\n\n<p>c) a Sefa\/PR<mark style=\"background-color:rgba(0, 0, 0, 0)\" class=\"has-inline-color has-vivid-green-cyan-color\"> <strong>manter\u00e1 sistema de controle,<\/strong> <\/mark>registro e acompanhamento dos processos administrativo fiscais;&nbsp;<\/p>\n\n\n\n<p>Por fim, para fecharmos nosso artigo sobre auto de infra\u00e7\u00e3o para SEFAZ\/PR, saiba ainda que, em rela\u00e7\u00e3o ao processo de fiscaliza\u00e7\u00e3o decorrente da eventual infra\u00e7\u00e3o cometida,<strong><mark style=\"background-color:rgba(0, 0, 0, 0)\" class=\"has-inline-color has-vivid-red-color\"> independentemente da fase do processo, estando ele em primeira inst\u00e2ncia, \u00e9 assegurado ao sujeito passivo o direito de vista dos autos na reparti\u00e7\u00e3o fazend\u00e1ria onde tramitar o feito administrativo, <\/mark><\/strong>e permitido o fornecimento de c\u00f3pias autenticadas ou certid\u00f5es por solicita\u00e7\u00e3o do interessado, lavrando o servidor termo com indica\u00e7\u00e3o das pe\u00e7as fornecidas.&nbsp;<\/p>\n\n\n\n<p>Passamos, portanto, pelo tema Auto de infra\u00e7\u00e3o para SEFAZ\/PR, assunto fundamental para o concurso de auditor fiscal deste Estado.&nbsp;<\/p>\n\n\n\n<h2 class=\"wp-block-heading\" id=\"h-consideracoes-finais\">Considera\u00e7\u00f5es Finais\u00a0<\/h2>\n\n\n\n<p>Chegamos ao final do nosso breve artigo sobre Auto de infra\u00e7\u00e3o para SEFAZ\/PR, e esperamos que seja muito \u00fatil para a sua prepara\u00e7\u00e3o e aprova\u00e7\u00e3o.&nbsp;<\/p>\n\n\n\n<p><em>Lembre-se que \u00e9 essencial a <\/em><a href=\"https:\/\/www.estrategiaconcursos.com.br\/\" target=\"_blank\" rel=\"noreferrer noopener\"><em>leitura dos PDF\u2019s e a revis\u00e3o frequente dos conte\u00fados, para que assim os seus estudos fiquem cada vez mais avan\u00e7ados.<\/em><\/a><em>&nbsp;<\/em>&nbsp;&nbsp;<\/p>\n\n\n\n<p>Um grande abra\u00e7o e at\u00e9 mais!&nbsp;<\/p>\n\n\n\n<p class=\"has-text-align-center has-very-light-gray-to-cyan-bluish-gray-gradient-background has-background\"><strong>Saiba mais: <a href=\"https:\/\/www.estrategiaconcursos.com.br\/blog\/concurso-sefaz-pr\/\" target=\"_blank\" rel=\"noreferrer noopener\">Concurso Sefaz PR<\/a><\/strong><\/p>\n\n\n\n<h2 class=\"wp-block-heading has-text-align-center\" id=\"cursos-assinatura\"><em>Quer estudar para o concurso Sefaz PR?<\/em><\/h2>\n\n\n\n<div class=\"container\" id=\"boxes\">\n  <div class=\"row\">\n\n    <div class=\"col-sm\">\n      <div class=\"banner-sefaz-ec\" id=\"box-assinatura\">\n        <h2 class=\"titulo-assinatura\" style=\"text-align: left;\">Cursos Sefaz PR<\/h2>\n        <p class=\"subtitulo-assinatura\" style=\"text-align: left;\">Prepara\u00e7\u00e3o completa para a carreira!<\/p>\n        <div class=\"box-botao\" style=\"text-align: left;\">\n          <a class=\"btn-assinatura\" target=\"_blank\" href=\"https:\/\/www.estrategiaconcursos.com.br\/cursosPorConcurso\/secretaria-da-fazenda-do-estado-do-parana-sefaz-pr\/\" role=\"button\" rel=\"noopener noreferrer\">VER CURSOS<\/a>\n        <\/div>\n      <\/div><\/div><\/div><\/div>\n\n\n\n<div class=\"container\" id=\"boxes\">\r\n  <div class=\"row\">\r\n\r\n    <div class=\"col-sm\">\r\n      <div class=\"estrategia\" id=\"box-assinatura\">\r\n        <h3 class=\"titulo-assinatura\">Assinatura Concursos<\/h3>\r\n        <p class=\"subtitulo-assinatura\">Assinatura de 1 ano ou 2 anos<\/p>\r\n        <div class=\"box-botao\">\r\n          <a class=\"btn-assinatura\" target=\"_blank\" href=\"https:\/\/www.estrategiaconcursos.com.br\/assinaturas\/\" role=\"button\" rel=\"noopener noreferrer\">ASSINE AGORA<\/a>\r\n        <\/div>\r\n      <\/div><\/div><\/div><\/div>\n\n\n\n<h2 class=\"wp-block-heading has-text-align-center\" id=\"h-quer-saber-tudo-sobre-concursos-previstos-confira-nossos-artigos\">Quer saber tudo sobre concursos previstos?<br \/>Confira nossos artigos!<\/h2>\n\n\n\n<ul class=\"wp-block-list\">\n<li><a href=\"https:\/\/www.estrategiaconcursos.com.br\/blog\/concursos-abertos\/\" target=\"_blank\" rel=\"noreferrer noopener\">Concursos Abertos<\/a><\/li>\n\n\n\n<li><a href=\"https:\/\/www.estrategiaconcursos.com.br\/blog\/concursos-fiscais\/\" target=\"_blank\" rel=\"noreferrer noopener\">Concursos Fiscais<\/a><\/li>\n\n\n\n<li><a href=\"https:\/\/www.estrategiaconcursos.com.br\/blog\/concursos-2025\/\" target=\"_blank\" rel=\"noreferrer noopener\">Concursos 2025<\/a><\/li>\n\n\n\n<li><a href=\"https:\/\/www.estrategiaconcursos.com.br\/blog\/concursos-pr\/\" target=\"_blank\" rel=\"noreferrer noopener\">Concursos PR<\/a><\/li>\n<\/ul>\n","protected":false},"excerpt":{"rendered":"<p>Ol\u00e1, tudo tranquilo?!! Neste presente texto iremos analisar um assunto muito importante para a prova de Auditor Fiscal do Paran\u00e1: Auto de infra\u00e7\u00e3o para SEFAZ\/PR de acordo com a legisla\u00e7\u00e3o estadual.&nbsp; Em s\u00edntese, passaremos pelos seguintes t\u00f3picos:&nbsp; Nesse sentido, utilizando como refer\u00eancia a Lei 14.260\/2003 do Estado do Paran\u00e1, vamos agora estudar um pouco mais [&hellip;]<\/p>\n","protected":false},"author":2887,"featured_media":895393,"comment_status":"open","ping_status":"closed","sticky":false,"template":"","format":"standard","meta":{"post_tipo":"article","footnotes":""},"categories":[1983],"tags":[],"tax_estado":[219963,219981],"class_list":["post-1547862","post","type-post","status-publish","format-standard","has-post-thumbnail","hentry","category-fiscal-estadual","tax_estado-concursos-federais","tax_estado-pr"],"acf":[],"yoast_head":"<!-- This site is optimized with the Yoast SEO Premium plugin v27.2 (Yoast SEO v27.2) - https:\/\/yoast.com\/product\/yoast-seo-premium-wordpress\/ -->\n<title>Auto de infra\u00e7\u00e3o para o concurso SEFAZ PR<\/title>\n<meta name=\"description\" content=\"Neste presente texto iremos analisar um assunto muito importante para a prova de Auditor Fiscal do Paran\u00e1: Auto de infra\u00e7\u00e3o para SEFAZ PR.\" \/>\n<meta name=\"robots\" content=\"index, follow, max-snippet:-1, max-image-preview:large, max-video-preview:-1\" \/>\n<link rel=\"canonical\" href=\"https:\/\/www.estrategiaconcursos.com.br\/blog\/auto-infracao-sefaz-pr\/\" \/>\n<meta property=\"og:locale\" content=\"pt_BR\" \/>\n<meta property=\"og:type\" content=\"article\" \/>\n<meta property=\"og:title\" content=\"Auto de infra\u00e7\u00e3o para o concurso SEFAZ PR\" \/>\n<meta property=\"og:description\" content=\"Neste presente texto iremos analisar um assunto muito importante para a prova de Auditor Fiscal do Paran\u00e1: Auto de infra\u00e7\u00e3o para SEFAZ PR.\" \/>\n<meta property=\"og:url\" content=\"https:\/\/www.estrategiaconcursos.com.br\/blog\/auto-infracao-sefaz-pr\/\" \/>\n<meta property=\"og:site_name\" content=\"Estrat\u00e9gia Concursos\" \/>\n<meta property=\"article:published_time\" content=\"2025-04-16T17:14:00+00:00\" \/>\n<meta property=\"article:modified_time\" content=\"2025-04-23T13:19:13+00:00\" \/>\n<meta property=\"og:image\" content=\"https:\/\/dhg1h5j42swfq.cloudfront.net\/2021\/10\/27190339\/sefaz-pr-1024x536-1.jpg\" \/>\n\t<meta property=\"og:image:width\" content=\"1024\" \/>\n\t<meta property=\"og:image:height\" content=\"536\" \/>\n\t<meta property=\"og:image:type\" content=\"image\/jpeg\" \/>\n<meta name=\"author\" content=\"F\u00e1bio Prado dos Santos Santana\" \/>\n<meta name=\"twitter:card\" content=\"summary_large_image\" \/>\n<meta name=\"twitter:creator\" content=\"@EstratConcursos\" \/>\n<meta name=\"twitter:site\" content=\"@EstratConcursos\" \/>\n<meta name=\"twitter:label1\" content=\"Escrito por\" \/>\n\t<meta name=\"twitter:data1\" content=\"F\u00e1bio Prado dos Santos Santana\" \/>\n\t<meta name=\"twitter:label2\" content=\"Est. tempo de leitura\" \/>\n\t<meta name=\"twitter:data2\" content=\"5 minutos\" \/>\n<script type=\"application\/ld+json\" class=\"yoast-schema-graph\">{\"@context\":\"https:\/\/schema.org\",\"@graph\":[{\"@type\":\"NewsArticle\",\"@id\":\"https:\/\/www.estrategiaconcursos.com.br\/blog\/auto-infracao-sefaz-pr\/#article\",\"isPartOf\":{\"@id\":\"https:\/\/www.estrategiaconcursos.com.br\/blog\/auto-infracao-sefaz-pr\/\"},\"author\":{\"name\":\"F\u00e1bio Prado dos Santos Santana\",\"@id\":\"https:\/\/www.estrategiaconcursos.com.br\/blog\/#\/schema\/person\/b1af3515254fed0a6861d754def3f005\"},\"headline\":\"Auto de infra\u00e7\u00e3o para o concurso SEFAZ PR\",\"datePublished\":\"2025-04-16T17:14:00+00:00\",\"dateModified\":\"2025-04-23T13:19:13+00:00\",\"mainEntityOfPage\":{\"@id\":\"https:\/\/www.estrategiaconcursos.com.br\/blog\/auto-infracao-sefaz-pr\/\"},\"wordCount\":1004,\"commentCount\":0,\"publisher\":{\"@id\":\"https:\/\/www.estrategiaconcursos.com.br\/blog\/#organization\"},\"image\":{\"@id\":\"https:\/\/www.estrategiaconcursos.com.br\/blog\/auto-infracao-sefaz-pr\/#primaryimage\"},\"thumbnailUrl\":\"https:\/\/dhg1h5j42swfq.cloudfront.net\/2021\/10\/27190339\/sefaz-pr-1024x536-1.jpg\",\"articleSection\":[\"Fiscal - Estadual (ICMS)\"],\"inLanguage\":\"pt-BR\",\"potentialAction\":[{\"@type\":\"CommentAction\",\"name\":\"Comment\",\"target\":[\"https:\/\/www.estrategiaconcursos.com.br\/blog\/auto-infracao-sefaz-pr\/#respond\"]}],\"copyrightYear\":\"2025\",\"copyrightHolder\":{\"@id\":\"https:\/\/www.estrategiaconcursos.com.br\/blog\/#organization\"}},{\"@type\":\"WebPage\",\"@id\":\"https:\/\/www.estrategiaconcursos.com.br\/blog\/auto-infracao-sefaz-pr\/\",\"url\":\"https:\/\/www.estrategiaconcursos.com.br\/blog\/auto-infracao-sefaz-pr\/\",\"name\":\"Auto de infra\u00e7\u00e3o para o concurso SEFAZ PR\",\"isPartOf\":{\"@id\":\"https:\/\/www.estrategiaconcursos.com.br\/blog\/#website\"},\"primaryImageOfPage\":{\"@id\":\"https:\/\/www.estrategiaconcursos.com.br\/blog\/auto-infracao-sefaz-pr\/#primaryimage\"},\"image\":{\"@id\":\"https:\/\/www.estrategiaconcursos.com.br\/blog\/auto-infracao-sefaz-pr\/#primaryimage\"},\"thumbnailUrl\":\"https:\/\/dhg1h5j42swfq.cloudfront.net\/2021\/10\/27190339\/sefaz-pr-1024x536-1.jpg\",\"datePublished\":\"2025-04-16T17:14:00+00:00\",\"dateModified\":\"2025-04-23T13:19:13+00:00\",\"description\":\"Neste presente texto iremos analisar um assunto muito importante para a prova de Auditor Fiscal do Paran\u00e1: Auto de infra\u00e7\u00e3o para SEFAZ PR.\",\"breadcrumb\":{\"@id\":\"https:\/\/www.estrategiaconcursos.com.br\/blog\/auto-infracao-sefaz-pr\/#breadcrumb\"},\"inLanguage\":\"pt-BR\",\"potentialAction\":[{\"@type\":\"ReadAction\",\"target\":[\"https:\/\/www.estrategiaconcursos.com.br\/blog\/auto-infracao-sefaz-pr\/\"]}]},{\"@type\":\"ImageObject\",\"inLanguage\":\"pt-BR\",\"@id\":\"https:\/\/www.estrategiaconcursos.com.br\/blog\/auto-infracao-sefaz-pr\/#primaryimage\",\"url\":\"https:\/\/dhg1h5j42swfq.cloudfront.net\/2021\/10\/27190339\/sefaz-pr-1024x536-1.jpg\",\"contentUrl\":\"https:\/\/dhg1h5j42swfq.cloudfront.net\/2021\/10\/27190339\/sefaz-pr-1024x536-1.jpg\",\"width\":1024,\"height\":536,\"caption\":\"Sefaz PR abre inscri\u00e7\u00f5es com sal\u00e1rios atrativos! Participe!\"},{\"@type\":\"BreadcrumbList\",\"@id\":\"https:\/\/www.estrategiaconcursos.com.br\/blog\/auto-infracao-sefaz-pr\/#breadcrumb\",\"itemListElement\":[{\"@type\":\"ListItem\",\"position\":1,\"name\":\"In\u00edcio\",\"item\":\"https:\/\/www.estrategiaconcursos.com.br\/blog\/\"},{\"@type\":\"ListItem\",\"position\":2,\"name\":\"Auto de infra\u00e7\u00e3o para o concurso SEFAZ PR\"}]},{\"@type\":\"WebSite\",\"@id\":\"https:\/\/www.estrategiaconcursos.com.br\/blog\/#website\",\"url\":\"https:\/\/www.estrategiaconcursos.com.br\/blog\/\",\"name\":\"Estrat\u00e9gia Concursos\",\"description\":\"O blog da Estrat\u00e9gia Concursos traz not\u00edcias sobre concursos e artigos de professores oferecendo cursos para concursos (pdf + videaulas) no site.\",\"publisher\":{\"@id\":\"https:\/\/www.estrategiaconcursos.com.br\/blog\/#organization\"},\"potentialAction\":[{\"@type\":\"SearchAction\",\"target\":{\"@type\":\"EntryPoint\",\"urlTemplate\":\"https:\/\/www.estrategiaconcursos.com.br\/blog\/?s={search_term_string}\"},\"query-input\":{\"@type\":\"PropertyValueSpecification\",\"valueRequired\":true,\"valueName\":\"search_term_string\"}}],\"inLanguage\":\"pt-BR\"},{\"@type\":\"Organization\",\"@id\":\"https:\/\/www.estrategiaconcursos.com.br\/blog\/#organization\",\"name\":\"Estrat\u00e9gia Concursos\",\"url\":\"https:\/\/www.estrategiaconcursos.com.br\/blog\/\",\"logo\":{\"@type\":\"ImageObject\",\"inLanguage\":\"pt-BR\",\"@id\":\"https:\/\/www.estrategiaconcursos.com.br\/blog\/#\/schema\/logo\/image\/\",\"url\":\"https:\/\/dhg1h5j42swfq.cloudfront.net\/2025\/06\/03203428\/logo_concursos-1.jpg\",\"contentUrl\":\"https:\/\/dhg1h5j42swfq.cloudfront.net\/2025\/06\/03203428\/logo_concursos-1.jpg\",\"width\":230,\"height\":60,\"caption\":\"Estrat\u00e9gia Concursos\"},\"image\":{\"@id\":\"https:\/\/www.estrategiaconcursos.com.br\/blog\/#\/schema\/logo\/image\/\"},\"sameAs\":[\"https:\/\/x.com\/EstratConcursos\"]},{\"@type\":\"Person\",\"@id\":\"https:\/\/www.estrategiaconcursos.com.br\/blog\/#\/schema\/person\/b1af3515254fed0a6861d754def3f005\",\"name\":\"F\u00e1bio Prado dos Santos Santana\",\"image\":{\"@type\":\"ImageObject\",\"inLanguage\":\"pt-BR\",\"@id\":\"https:\/\/secure.gravatar.com\/avatar\/0e3399436850f804c1d7731313952ccf303887c14b1711595235048e3ec0299b?s=96&d=mm&r=g\",\"url\":\"https:\/\/secure.gravatar.com\/avatar\/0e3399436850f804c1d7731313952ccf303887c14b1711595235048e3ec0299b?s=96&d=mm&r=g\",\"contentUrl\":\"https:\/\/secure.gravatar.com\/avatar\/0e3399436850f804c1d7731313952ccf303887c14b1711595235048e3ec0299b?s=96&d=mm&r=g\",\"caption\":\"F\u00e1bio Prado dos Santos Santana\"},\"description\":\"Principais Aprova\u00e7\u00f5es em Concursos: Auditor Fiscal Tribut\u00e1rio Municipal - ISS S\u00e3o Paulo (2024); Auditor Fiscal - Receita Federal do Brasil (2023); Professor Efetivo - Universidade Federal de Sergipe (2014).\",\"url\":\"https:\/\/www.estrategiaconcursos.com.br\/blog\/author\/fabioprado-ufsgmail-com\/\"}]}<\/script>\n<!-- \/ Yoast SEO Premium plugin. -->","yoast_head_json":{"title":"Auto de infra\u00e7\u00e3o para o concurso SEFAZ PR","description":"Neste presente texto iremos analisar um assunto muito importante para a prova de Auditor Fiscal do Paran\u00e1: Auto de infra\u00e7\u00e3o para SEFAZ PR.","robots":{"index":"index","follow":"follow","max-snippet":"max-snippet:-1","max-image-preview":"max-image-preview:large","max-video-preview":"max-video-preview:-1"},"canonical":"https:\/\/www.estrategiaconcursos.com.br\/blog\/auto-infracao-sefaz-pr\/","og_locale":"pt_BR","og_type":"article","og_title":"Auto de infra\u00e7\u00e3o para o concurso SEFAZ PR","og_description":"Neste presente texto iremos analisar um assunto muito importante para a prova de Auditor Fiscal do Paran\u00e1: Auto de infra\u00e7\u00e3o para SEFAZ PR.","og_url":"https:\/\/www.estrategiaconcursos.com.br\/blog\/auto-infracao-sefaz-pr\/","og_site_name":"Estrat\u00e9gia Concursos","article_published_time":"2025-04-16T17:14:00+00:00","article_modified_time":"2025-04-23T13:19:13+00:00","og_image":[{"width":1024,"height":536,"url":"https:\/\/dhg1h5j42swfq.cloudfront.net\/2021\/10\/27190339\/sefaz-pr-1024x536-1.jpg","type":"image\/jpeg"}],"author":"F\u00e1bio Prado dos Santos Santana","twitter_card":"summary_large_image","twitter_creator":"@EstratConcursos","twitter_site":"@EstratConcursos","twitter_misc":{"Escrito por":"F\u00e1bio Prado dos Santos Santana","Est. tempo de leitura":"5 minutos"},"schema":{"@context":"https:\/\/schema.org","@graph":[{"@type":"NewsArticle","@id":"https:\/\/www.estrategiaconcursos.com.br\/blog\/auto-infracao-sefaz-pr\/#article","isPartOf":{"@id":"https:\/\/www.estrategiaconcursos.com.br\/blog\/auto-infracao-sefaz-pr\/"},"author":{"name":"F\u00e1bio Prado dos Santos Santana","@id":"https:\/\/www.estrategiaconcursos.com.br\/blog\/#\/schema\/person\/b1af3515254fed0a6861d754def3f005"},"headline":"Auto de infra\u00e7\u00e3o para o concurso SEFAZ PR","datePublished":"2025-04-16T17:14:00+00:00","dateModified":"2025-04-23T13:19:13+00:00","mainEntityOfPage":{"@id":"https:\/\/www.estrategiaconcursos.com.br\/blog\/auto-infracao-sefaz-pr\/"},"wordCount":1004,"commentCount":0,"publisher":{"@id":"https:\/\/www.estrategiaconcursos.com.br\/blog\/#organization"},"image":{"@id":"https:\/\/www.estrategiaconcursos.com.br\/blog\/auto-infracao-sefaz-pr\/#primaryimage"},"thumbnailUrl":"https:\/\/dhg1h5j42swfq.cloudfront.net\/2021\/10\/27190339\/sefaz-pr-1024x536-1.jpg","articleSection":["Fiscal - Estadual (ICMS)"],"inLanguage":"pt-BR","potentialAction":[{"@type":"CommentAction","name":"Comment","target":["https:\/\/www.estrategiaconcursos.com.br\/blog\/auto-infracao-sefaz-pr\/#respond"]}],"copyrightYear":"2025","copyrightHolder":{"@id":"https:\/\/www.estrategiaconcursos.com.br\/blog\/#organization"}},{"@type":"WebPage","@id":"https:\/\/www.estrategiaconcursos.com.br\/blog\/auto-infracao-sefaz-pr\/","url":"https:\/\/www.estrategiaconcursos.com.br\/blog\/auto-infracao-sefaz-pr\/","name":"Auto de infra\u00e7\u00e3o para o concurso SEFAZ PR","isPartOf":{"@id":"https:\/\/www.estrategiaconcursos.com.br\/blog\/#website"},"primaryImageOfPage":{"@id":"https:\/\/www.estrategiaconcursos.com.br\/blog\/auto-infracao-sefaz-pr\/#primaryimage"},"image":{"@id":"https:\/\/www.estrategiaconcursos.com.br\/blog\/auto-infracao-sefaz-pr\/#primaryimage"},"thumbnailUrl":"https:\/\/dhg1h5j42swfq.cloudfront.net\/2021\/10\/27190339\/sefaz-pr-1024x536-1.jpg","datePublished":"2025-04-16T17:14:00+00:00","dateModified":"2025-04-23T13:19:13+00:00","description":"Neste presente texto iremos analisar um assunto muito importante para a prova de Auditor Fiscal do Paran\u00e1: Auto de infra\u00e7\u00e3o para SEFAZ PR.","breadcrumb":{"@id":"https:\/\/www.estrategiaconcursos.com.br\/blog\/auto-infracao-sefaz-pr\/#breadcrumb"},"inLanguage":"pt-BR","potentialAction":[{"@type":"ReadAction","target":["https:\/\/www.estrategiaconcursos.com.br\/blog\/auto-infracao-sefaz-pr\/"]}]},{"@type":"ImageObject","inLanguage":"pt-BR","@id":"https:\/\/www.estrategiaconcursos.com.br\/blog\/auto-infracao-sefaz-pr\/#primaryimage","url":"https:\/\/dhg1h5j42swfq.cloudfront.net\/2021\/10\/27190339\/sefaz-pr-1024x536-1.jpg","contentUrl":"https:\/\/dhg1h5j42swfq.cloudfront.net\/2021\/10\/27190339\/sefaz-pr-1024x536-1.jpg","width":1024,"height":536,"caption":"Sefaz PR abre inscri\u00e7\u00f5es com sal\u00e1rios atrativos! Participe!"},{"@type":"BreadcrumbList","@id":"https:\/\/www.estrategiaconcursos.com.br\/blog\/auto-infracao-sefaz-pr\/#breadcrumb","itemListElement":[{"@type":"ListItem","position":1,"name":"In\u00edcio","item":"https:\/\/www.estrategiaconcursos.com.br\/blog\/"},{"@type":"ListItem","position":2,"name":"Auto de infra\u00e7\u00e3o para o concurso SEFAZ PR"}]},{"@type":"WebSite","@id":"https:\/\/www.estrategiaconcursos.com.br\/blog\/#website","url":"https:\/\/www.estrategiaconcursos.com.br\/blog\/","name":"Estrat\u00e9gia Concursos","description":"O blog da Estrat\u00e9gia Concursos traz not\u00edcias sobre concursos e artigos de professores oferecendo cursos para concursos (pdf + videaulas) no site.","publisher":{"@id":"https:\/\/www.estrategiaconcursos.com.br\/blog\/#organization"},"potentialAction":[{"@type":"SearchAction","target":{"@type":"EntryPoint","urlTemplate":"https:\/\/www.estrategiaconcursos.com.br\/blog\/?s={search_term_string}"},"query-input":{"@type":"PropertyValueSpecification","valueRequired":true,"valueName":"search_term_string"}}],"inLanguage":"pt-BR"},{"@type":"Organization","@id":"https:\/\/www.estrategiaconcursos.com.br\/blog\/#organization","name":"Estrat\u00e9gia Concursos","url":"https:\/\/www.estrategiaconcursos.com.br\/blog\/","logo":{"@type":"ImageObject","inLanguage":"pt-BR","@id":"https:\/\/www.estrategiaconcursos.com.br\/blog\/#\/schema\/logo\/image\/","url":"https:\/\/dhg1h5j42swfq.cloudfront.net\/2025\/06\/03203428\/logo_concursos-1.jpg","contentUrl":"https:\/\/dhg1h5j42swfq.cloudfront.net\/2025\/06\/03203428\/logo_concursos-1.jpg","width":230,"height":60,"caption":"Estrat\u00e9gia Concursos"},"image":{"@id":"https:\/\/www.estrategiaconcursos.com.br\/blog\/#\/schema\/logo\/image\/"},"sameAs":["https:\/\/x.com\/EstratConcursos"]},{"@type":"Person","@id":"https:\/\/www.estrategiaconcursos.com.br\/blog\/#\/schema\/person\/b1af3515254fed0a6861d754def3f005","name":"F\u00e1bio Prado dos Santos Santana","image":{"@type":"ImageObject","inLanguage":"pt-BR","@id":"https:\/\/secure.gravatar.com\/avatar\/0e3399436850f804c1d7731313952ccf303887c14b1711595235048e3ec0299b?s=96&d=mm&r=g","url":"https:\/\/secure.gravatar.com\/avatar\/0e3399436850f804c1d7731313952ccf303887c14b1711595235048e3ec0299b?s=96&d=mm&r=g","contentUrl":"https:\/\/secure.gravatar.com\/avatar\/0e3399436850f804c1d7731313952ccf303887c14b1711595235048e3ec0299b?s=96&d=mm&r=g","caption":"F\u00e1bio Prado dos Santos Santana"},"description":"Principais Aprova\u00e7\u00f5es em Concursos: Auditor Fiscal Tribut\u00e1rio Municipal - ISS S\u00e3o Paulo (2024); Auditor Fiscal - Receita Federal do Brasil (2023); Professor Efetivo - Universidade Federal de Sergipe (2014).","url":"https:\/\/www.estrategiaconcursos.com.br\/blog\/author\/fabioprado-ufsgmail-com\/"}]}},"_links":{"self":[{"href":"https:\/\/www.estrategiaconcursos.com.br\/blog\/wp-json\/wp\/v2\/posts\/1547862","targetHints":{"allow":["GET"]}}],"collection":[{"href":"https:\/\/www.estrategiaconcursos.com.br\/blog\/wp-json\/wp\/v2\/posts"}],"about":[{"href":"https:\/\/www.estrategiaconcursos.com.br\/blog\/wp-json\/wp\/v2\/types\/post"}],"author":[{"embeddable":true,"href":"https:\/\/www.estrategiaconcursos.com.br\/blog\/wp-json\/wp\/v2\/users\/2887"}],"replies":[{"embeddable":true,"href":"https:\/\/www.estrategiaconcursos.com.br\/blog\/wp-json\/wp\/v2\/comments?post=1547862"}],"version-history":[{"count":2,"href":"https:\/\/www.estrategiaconcursos.com.br\/blog\/wp-json\/wp\/v2\/posts\/1547862\/revisions"}],"predecessor-version":[{"id":1566269,"href":"https:\/\/www.estrategiaconcursos.com.br\/blog\/wp-json\/wp\/v2\/posts\/1547862\/revisions\/1566269"}],"wp:featuredmedia":[{"embeddable":true,"href":"https:\/\/www.estrategiaconcursos.com.br\/blog\/wp-json\/wp\/v2\/media\/895393"}],"wp:attachment":[{"href":"https:\/\/www.estrategiaconcursos.com.br\/blog\/wp-json\/wp\/v2\/media?parent=1547862"}],"wp:term":[{"taxonomy":"category","embeddable":true,"href":"https:\/\/www.estrategiaconcursos.com.br\/blog\/wp-json\/wp\/v2\/categories?post=1547862"},{"taxonomy":"post_tag","embeddable":true,"href":"https:\/\/www.estrategiaconcursos.com.br\/blog\/wp-json\/wp\/v2\/tags?post=1547862"},{"taxonomy":"tax_estado","embeddable":true,"href":"https:\/\/www.estrategiaconcursos.com.br\/blog\/wp-json\/wp\/v2\/tax_estado?post=1547862"}],"curies":[{"name":"wp","href":"https:\/\/api.w.org\/{rel}","templated":true}]}}