{"id":1546418,"date":"2025-03-19T08:44:00","date_gmt":"2025-03-19T11:44:00","guid":{"rendered":"https:\/\/www.estrategiaconcursos.com.br\/blog\/?p=1546418"},"modified":"2025-03-19T08:45:04","modified_gmt":"2025-03-19T11:45:04","slug":"concurso-ebserh-recursos-gestao","status":"publish","type":"post","link":"https:\/\/www.estrategiaconcursos.com.br\/blog\/concurso-ebserh-recursos-gestao\/","title":{"rendered":"Concurso EBSERH &#8211; Gest\u00e3o: veja as sugest\u00f5es de recursos!"},"content":{"rendered":"\n<p style=\"font-size:clamp(15.747px, 0.984rem + ((1vw - 3.2px) * 0.809), 24px);\"><em><strong>Quer interpor recursos contra os gabaritos do concurso EBSERH para a \u00e1rea de Gest\u00e3o? Confira as possibilidades neste artigo!<\/strong><\/em><\/p>\n\n\n\n<p>O&nbsp;<strong>concurso p\u00fablico da EBSRH <\/strong>(Empresa Brasileira de Servi\u00e7os Hospitalares)&nbsp;teve suas provas aplicadas no \u00faltimo domingo, 16 de mar\u00e7o. Com isso, j\u00e1 foram divulgados os <a href=\"https:\/\/www.estrategiaconcursos.com.br\/blog\/concurso-ebserh-tem-gabaritos-divulgados-confira\/\" target=\"_blank\" rel=\"noreferrer noopener\">gabaritos preliminares<\/a> da etapa.&nbsp;<\/p>\n\n\n\n<p>Pretende\u00a0<strong>interpor recurso contra o gabarito do concurso EBSERH<\/strong>? Ent\u00e3o, aten\u00e7\u00e3o: todo o processo deve ser realizado at\u00e9 \u00e0s 12h do dia 20 de mar\u00e7o, na \u00e1rea do candidato no site da\u00a0<a href=\"https:\/\/conhecimento.fgv.br\/concursos\/ebserh24\/4\" target=\"_blank\" rel=\"noreferrer noopener\">FGV<\/a>.<\/p>\n\n\n\n<p>E para te ajudar, nossos professores analisaram o resultado e identificaram algumas possibilidades de recursos. Confira abaixo e n\u00e3o perca o prazo:<\/p>\n\n\n\n<h2 class=\"wp-block-heading has-very-light-gray-to-cyan-bluish-gray-gradient-background has-background\" id=\"h-lingua-portuguesa\">L\u00edngua Portuguesa<\/h2>\n\n\n\n<p>Prof. Felipe Luccas<\/p>\n\n\n\n<p><strong><span style=\"text-decoration: underline;\">QUEST\u00c3O 4:<\/span><\/strong><\/p>\n\n\n\n<figure class=\"wp-block-image aligncenter size-full\"><img loading=\"lazy\" decoding=\"async\" width=\"387\" height=\"172\" src=\"https:\/\/dhg1h5j42swfq.cloudfront.net\/2025\/03\/18183922\/image-225.png\" alt=\"\" class=\"wp-image-1547558\" srcset=\"https:\/\/dhg1h5j42swfq.cloudfront.net\/2025\/03\/18183922\/image-225.png 387w, https:\/\/dhg1h5j42swfq.cloudfront.net\/2025\/03\/18183922\/image-225-300x133.png 300w, https:\/\/dhg1h5j42swfq.cloudfront.net\/2025\/03\/18183922\/image-225-150x67.png 150w\" sizes=\"auto, (max-width: 387px) 100vw, 387px\" \/><\/figure>\n\n\n\n<p class=\"has-vivid-red-color has-text-color has-link-color wp-elements-f3c5d61ad31b578c3d0f3b5ae9d91649\"><strong>N\u00e3o h\u00e1 entre as op\u00e7\u00f5es uma frase que se insira entre os textos injuntivos<\/strong>.<\/p>\n\n\n\n<p>Compilando as informa\u00e7\u00f5es sobre esse tipo de texto, temos:<\/p>\n\n\n\n<p><strong>Finalidade:<\/strong> Indica como realizar uma a\u00e7\u00e3o, aconselha, imp\u00f5e, instrui o interlocutor.<\/p>\n\n\n\n<p><strong>Sin\u00f4nimo:<\/strong> Tamb\u00e9m chamado de texto instrucional.<\/p>\n\n\n\n<p><strong>Contexto de uso:<\/strong> Utilizado para predizer acontecimentos e comportamentos, especialmente em leis jur\u00eddicas.<\/p>\n\n\n\n<p><strong>Caracter\u00edsticas principais:<\/strong><\/p>\n\n\n\n<p>Frases curtas e objetivas.<\/p>\n\n\n\n<p class=\"has-vivid-green-cyan-color has-text-color has-link-color wp-elements-67225f74321f61c452dcb119e421f56e\">Uso de <strong>verbos de comando<\/strong> no <strong>imperativo<\/strong> ou no <strong>infinitivo impessoal<\/strong>.<\/p>\n\n\n\n<p>G\u00eaneros em que aparece: <strong>leis, hor\u00f3scopos, receitas de bolo, discursos de autoridades, manuais de instru\u00e7\u00e3o, livros de autoajuda<\/strong>.<\/p>\n\n\n\n<p>Marcas de interlocu\u00e7\u00e3o: <strong>vocativo, verbos e pronomes de 2\u00aa pessoa ou 1\u00aa pessoa do plural, perguntas reflexivas<\/strong>.<\/p>\n\n\n\n<p><strong>Exemplos de textos injuntivos:<\/strong><\/p>\n\n\n\n<p><strong>Leis jur\u00eddicas:<\/strong> &#8220;N\u00e3o podem alistar-se eleitores&#8230;&#8221;<\/p>\n\n\n\n<p><strong>Manual de instru\u00e7\u00f5es:<\/strong> &#8220;Pressione o bot\u00e3o por 5 segundos para ligar o aparelho.&#8221;<\/p>\n\n\n\n<p><strong>Receitas de culin\u00e1ria:<\/strong> &#8220;Misture os ingredientes at\u00e9 obter uma massa homog\u00eanea.&#8221;<\/p>\n\n\n\n<p>Vejam na li\u00e7\u00e3o de Travaglia:<\/p>\n\n\n\n<p>De acordo com Travaglia (2007), na injun\u00e7\u00e3o objetiva-se dizer a a\u00e7\u00e3o requerida, desejada, \u00e9 dizer o que e\/ou como fazer e, assim, incitar o alocut\u00e1rio a realiza\u00e7\u00e3o da situa\u00e7\u00e3o. O autor ainda diz que no tipo injuntivo as informa\u00e7\u00f5es ali descritas podem possuir uma ou v\u00e1rias a\u00e7\u00f5es ou fatos e fen\u00f4menos cuja realiza\u00e7\u00e3o \u00e9 pretendida por algu\u00e9m. Os fatos e fen\u00f4menos aparecem, sobretudo, nos injuntivos de voli\u00e7\u00e3o, os chamados textos optativos (TRAVAGLIA, 1991, p.55-57 apud TRAVAGLIA, 2007).<\/p>\n\n\n\n<p>A injun\u00e7\u00e3o, conforme Travaglia (1991), almeja incitar \u00e0 realiza\u00e7\u00e3o de uma situa\u00e7\u00e3o (a\u00e7\u00e3o, fato, fen\u00f4meno, estado, evento etc.), requerendo-a ou desejando-a, ensinando ou n\u00e3o como realiz\u00e1-la. A informa\u00e7\u00e3o diz respeito a algo a ser feito ou como deve ser feito. Fica a cargo do interlocutor executar aquilo que se solicita ou se define que seja feito, em uma ocasi\u00e3o posterior ao momento da enuncia\u00e7\u00e3o. Est\u00e1 ligada, portanto, a comportamentos futuros (KOCH et al. 2009, p.9 apud Cf. TRAVAGLIA: 1991, p.50). Pode-se observar, desse modo, que s\u00e3o textos que t\u00eam um passo a passo que o destinat\u00e1rio deve seguir, oferecendo instru\u00e7\u00f5es e indica\u00e7\u00f5es para a realiza\u00e7\u00e3o da a\u00e7\u00e3o ou indica\u00e7\u00f5es que auxiliar\u00e3o o sujeito no uso correto de algum objeto. Desta maneira, verifica-se que o texto injuntivo tem a fun\u00e7\u00e3o de transmitir a informa\u00e7\u00e3o usando todos seus m\u00e9todos voltados para a explica\u00e7\u00e3o com palavras objetivas e diretas. <strong>Na maioria das vezes, o tempo verbal se encontra no imperativo e pretende convencer o leitor que o que diz \u00e9 para ser seguido<\/strong>. Segundo Rosa (2003), os comandos propostos nos textos injuntivos podem ser obrigat\u00f3rios ou opcionais.<\/p>\n\n\n\n<p>(KOCH et al. 2009, p. 9, apud ROSA, 2003, p.43)<\/p>\n\n\n\n<p>Portanto, argumenta-se pela anula\u00e7\u00e3o da quest\u00e3o.<\/p>\n\n\n\n<hr class=\"wp-block-separator has-alpha-channel-opacity is-style-dots\"\/>\n\n\n\n<p><strong><span style=\"text-decoration: underline;\">QUEST\u00c3O 8:<\/span><\/strong><\/p>\n\n\n\n<p>Conforme avisado na corre\u00e7\u00e3o, a quest\u00e3o abaixo tamb\u00e9m tem problema no gabarito. Mesmo sabendo que viria alternativa B, j\u00e1 t\u00ednhamos antevisto o recurso.<\/p>\n\n\n\n<figure class=\"wp-block-image aligncenter size-full is-resized\"><img loading=\"lazy\" decoding=\"async\" width=\"692\" height=\"417\" src=\"https:\/\/dhg1h5j42swfq.cloudfront.net\/2025\/03\/18184120\/image-226.png\" alt=\"\" class=\"wp-image-1547561\" style=\"width:546px;height:auto\" srcset=\"https:\/\/dhg1h5j42swfq.cloudfront.net\/2025\/03\/18184120\/image-226.png 692w, https:\/\/dhg1h5j42swfq.cloudfront.net\/2025\/03\/18184120\/image-226-300x181.png 300w, https:\/\/dhg1h5j42swfq.cloudfront.net\/2025\/03\/18184120\/image-226-150x90.png 150w\" sizes=\"auto, (max-width: 692px) 100vw, 692px\" \/><\/figure>\n\n\n\n<p>O gabarito na letra B n\u00e3o \u00e9 integralmente de acordo com a norma culta, pois a gram\u00e1tica tradicional exige a v\u00edrgula antes do \u201ce\u201d adversativo e recomenda o isolamento do adv\u00e9rbio sim\u201d.<\/p>\n\n\n\n<p>Segundo Sacconi, a v\u00edrgula \u00e9 emprega antes do \u201ce\u201d adversativo:<\/p>\n\n\n\n<p>\u201cObserva\u00e7\u00f5es finais<\/p>\n\n\n\n<p>1) Vem separado por v\u00edrgulas o \u201csim\u201d de frases semelhantes a estas:<\/p>\n\n\n\n<p>Eu n\u00e3o se seo Brasil vai poder pagar a d\u00edvida externa; sei, sim, que eu n\u00e3o vou pagar. [&#8230;]<\/p>\n\n\n\n<p>Frases semelhantes podem aparecer com a conjun\u00e7\u00e3o \u201ce\u201d clara, equivalente ao \u201cmas\u201d:<\/p>\n\n\n\n<p>O horizonte est\u00e1 nos olhos, e n\u00e3o na realidade.<\/p>\n\n\n\n<p>SACCONI, Luiz A. Nossa gram\u00e1tica: teoria. 14.ed. S\u00e3o Paulo: Atual, 1990.<\/p>\n\n\n\n<p>A li\u00e7\u00e3o de Celso Pedro Luft tamb\u00e9m \u00e9 no sentido de isolar o \u201csim\u201d com v\u00edrgulas, com exemplos id\u00eanticos ao da prova em an\u00e1lise:<\/p>\n\n\n\n<p><strong>E sim <\/strong>sem v\u00edrgulas &amp; velhos com retic\u00eancias<\/p>\n\n\n\n<p>Veja estas frases:<\/p>\n\n\n\n<p>(1) <em>\u201cEsse <\/em>um <em>n\u00e3o \u00e9 numeral e<strong>, sim,<\/strong> artigo.\u201d<\/em><\/p>\n\n\n\n<p>(2) <em>\u201cN\u00e3o o autoritarismo e<strong>, sim,<\/strong> o esclarecimento.\u201d<\/em><\/p>\n\n\n\n<p>(3) <em>\u201cOs velhos n\u00e3o querem inova\u00e7\u00e3o e<strong>, sim,<\/strong> continuidade.\u201d<\/em><\/p>\n\n\n\n<p><br \/>O Manual de Reda\u00e7\u00e3o Oficial3 afirma que n\u00e3o se usa v\u00edrgula antes de &#8220;e&#8221;, &#8220;ou&#8221; e &#8220;nem&#8221;, <strong>a n\u00e3o ser<\/strong> em alguns casos, incluindo quando o &#8220;e&#8221; liga ora\u00e7\u00f5es de sujeitos diferentes ou quando tem valor adversativo. O manual oferece o exemplo: &#8220;O filho foi reprovado outra vez, <strong>e<\/strong> os pais resolveram tir\u00e1-lo daquela escola&#8221;<\/p>\n\n\n\n<h2 class=\"wp-block-heading has-very-light-gray-to-cyan-bluish-gray-gradient-background has-background\" id=\"h-legislacao-ebserh\">Legisla\u00e7\u00e3o EBSERH<\/h2>\n\n\n\n<p>Prof. Tiago Zanolla<\/p>\n\n\n\n<p><strong><span style=\"text-decoration: underline;\">Quest\u00e3o 12<\/span><\/strong><\/p>\n\n\n\n<figure class=\"wp-block-image aligncenter size-full\"><img loading=\"lazy\" decoding=\"async\" width=\"397\" height=\"412\" src=\"https:\/\/dhg1h5j42swfq.cloudfront.net\/2025\/03\/18081125\/image-195.png\" alt=\"\" class=\"wp-image-1546888\" srcset=\"https:\/\/dhg1h5j42swfq.cloudfront.net\/2025\/03\/18081125\/image-195.png 397w, https:\/\/dhg1h5j42swfq.cloudfront.net\/2025\/03\/18081125\/image-195-289x300.png 289w, https:\/\/dhg1h5j42swfq.cloudfront.net\/2025\/03\/18081125\/image-195-150x156.png 150w\" sizes=\"auto, (max-width: 397px) 100vw, 397px\" \/><\/figure>\n\n\n\n<p><strong>RECURSO<\/strong><\/p>\n\n\n\n<p>Conforme o <strong>Edital n\u00ba 4<\/strong>, houve <strong>modifica\u00e7\u00e3o no conte\u00fado program\u00e1tico<\/strong> das disciplinas, <strong>excluindo<\/strong> o referido Decreto n\u00ba 7.661\/2011 do rol de legisla\u00e7\u00e3o aplic\u00e1vel.<\/p>\n\n\n\n<p>Dessa forma, a expectativa leg\u00edtima do candidato \u00e9 <strong>n\u00e3o precisar<\/strong> estudar esse decreto (revogado e n\u00e3o exigido), pois n\u00e3o consta dentre os conte\u00fados estabelecidos no edital em vigor.<\/p>\n\n\n\n<figure class=\"wp-block-image aligncenter size-full\"><img loading=\"lazy\" decoding=\"async\" width=\"886\" height=\"782\" src=\"https:\/\/dhg1h5j42swfq.cloudfront.net\/2025\/03\/18081402\/image-196.png\" alt=\"\" class=\"wp-image-1546890\" srcset=\"https:\/\/dhg1h5j42swfq.cloudfront.net\/2025\/03\/18081402\/image-196.png 886w, https:\/\/dhg1h5j42swfq.cloudfront.net\/2025\/03\/18081402\/image-196-300x265.png 300w, https:\/\/dhg1h5j42swfq.cloudfront.net\/2025\/03\/18081402\/image-196-768x678.png 768w, https:\/\/dhg1h5j42swfq.cloudfront.net\/2025\/03\/18081402\/image-196-150x132.png 150w\" sizes=\"auto, (max-width: 886px) 100vw, 886px\" \/><\/figure>\n\n\n\n<p>REQUER-SE, portanto, a anula\u00e7\u00e3o da referida quest\u00e3o, pois, ao requerer conhecimento de uma <strong>norma revogada<\/strong> e <strong>fora do conte\u00fado program\u00e1tico<\/strong>, a quest\u00e3o <strong>afronta<\/strong> o princ\u00edpio da vincula\u00e7\u00e3o ao instrumento convocat\u00f3rio (que determina aquilo que ser\u00e1 exigido e o que n\u00e3o ser\u00e1).<\/p>\n\n\n\n<hr class=\"wp-block-separator has-alpha-channel-opacity is-style-dots\"\/>\n\n\n\n<p><strong><span style=\"text-decoration: underline;\">Quest\u00e3o 15<\/span><\/strong><\/p>\n\n\n\n<figure class=\"wp-block-image aligncenter size-full\"><img loading=\"lazy\" decoding=\"async\" width=\"494\" height=\"644\" src=\"https:\/\/dhg1h5j42swfq.cloudfront.net\/2025\/03\/18081429\/image-197.png\" alt=\"\" class=\"wp-image-1546891\" srcset=\"https:\/\/dhg1h5j42swfq.cloudfront.net\/2025\/03\/18081429\/image-197.png 494w, https:\/\/dhg1h5j42swfq.cloudfront.net\/2025\/03\/18081429\/image-197-230x300.png 230w, https:\/\/dhg1h5j42swfq.cloudfront.net\/2025\/03\/18081429\/image-197-150x196.png 150w\" sizes=\"auto, (max-width: 494px) 100vw, 494px\" \/><\/figure>\n\n\n\n<p>A quest\u00e3o 15 aborda a <strong>Norma Operacional de Controle Disciplinar da Ebserh<\/strong>, todavia, baseia-se em uma <strong>vers\u00e3o publicada em 10\/05\/2024<\/strong>, enquanto o <strong>edital<\/strong> determina, expressamente, o estudo da <strong>Norma Operacional de Controle Disciplinar da Ebserh (atualizada em 17\/01\/2023)<\/strong>.<br \/>Com isso, a quest\u00e3o extrapola o conte\u00fado definido no edital, exigindo conhecimento de texto normativo <strong>posterior<\/strong> (e, portanto, <strong>n\u00e3o<\/strong>) previsto no rol de legisla\u00e7\u00f5es oficialmente elencadas.<\/p>\n\n\n\n<p>Conforme o <strong>edital<\/strong> que rege o certame, o candidato deve estudar a <strong>vers\u00e3o da Norma Operacional de Controle Disciplinar da Ebserh vigente em 17\/01\/2023<\/strong>. Ao elaborar a quest\u00e3o com base em uma <strong>nova vers\u00e3o<\/strong> publicada em 10\/05\/2024, a banca cobra mat\u00e9ria <strong>n\u00e3o<\/strong> contemplada no edital.<\/p>\n\n\n\n<p>Ademais, n\u00e3o se trata de norma atualizada, uma vez que a vers\u00e3o de 2024 revogou expressamente a vigente em 2023,<\/p>\n\n\n\n<p><em>Art. 121. Esta norma entrar\u00e1 em vigor ap\u00f3s 60 (sessenta) dias da data de sua publica\u00e7\u00e3o no Boletim de servi\u00e7o.<\/em><\/p>\n\n\n\n<p><em>Par\u00e1grafo \u00fanico. Ao entrar em vigor esta norma, fica revogada a Norma Operacional de Controle Disciplinar aprovada pelo Conselho de Administra\u00e7\u00e3o em 11\/07\/2017 e de todas as suas altera\u00e7\u00f5es posteriores<\/em><\/p>\n\n\n\n<p>Assim:<\/p>\n\n\n\n<ol start=\"1\" class=\"wp-block-list\">\n<li><strong>Extrapola\u00e7\u00e3o de Conte\u00fado<\/strong>: A quest\u00e3o cobra vers\u00e3o normativa editada em data posterior \u00e0quela prevista no edital (17\/01\/2023).<\/li>\n\n\n\n<li><strong>Incompatibilidade com o Edital<\/strong>: Viola a vincula\u00e7\u00e3o ao instrumento convocat\u00f3rio, princ\u00edpio basilar dos concursos p\u00fablicos.<\/li>\n\n\n\n<li><strong>Preju\u00edzo ao Candidato<\/strong>: Nenhum concorrente poderia se basear em regra rec\u00e9m-publicada e n\u00e3o prevista no edital, afrontando a igualdade de condi\u00e7\u00f5es.<\/li>\n<\/ol>\n\n\n\n<p>REQUER-SE, em raz\u00e3o do exposto, <strong>pugna-se pela anula\u00e7\u00e3o da quest\u00e3o 15<\/strong>, por ter se baseado em <strong>norma n\u00e3o prevista no edital<\/strong> e por contrariar frontalmente o princ\u00edpio da vincula\u00e7\u00e3o ao instrumento convocat\u00f3rio.<\/p>\n\n\n\n<h2 class=\"wp-block-heading has-very-light-gray-to-cyan-bluish-gray-gradient-background has-background\" id=\"h-politicas-publicas-de-saude-e-educacao\">Pol\u00edticas P\u00fablicas de Sa\u00fade e Educa\u00e7\u00e3o<\/h2>\n\n\n\n<p>Prof. Breno Caldas<\/p>\n\n\n\n<p><strong><span style=\"text-decoration: underline;\">Quest\u00e3o 22<\/span><\/strong><\/p>\n\n\n\n<p>Os N\u00facleos de Apoio \u00e0 Sa\u00fade da Fam\u00edlia (NASF) foram criados pelo Minist\u00e9rio da Sa\u00fade em 2008 com o objetivo de &#8220;apoiar a consolida\u00e7\u00e3o da Aten\u00e7\u00e3o Prim\u00e1ria no Brasil, ampliando as ofertas de sa\u00fade na rede de servi\u00e7os, assim como a resolutividade, a abrang\u00eancia e o alvo das a\u00e7\u00f5es.&#8221;<\/p>\n\n\n\n<p>Sobre os NASF, avalie as afirmativas a seguir.<\/p>\n\n\n\n<p>I. Os N\u00facleos s\u00e3o compostos por grupos multiprofissionais que atuam de forma integrada com as equipes de Sa\u00fade da Fam\u00edlia e de Aten\u00e7\u00e3o B\u00e1sica, compartilhando as pr\u00e1ticas e os saberes em sa\u00fade sob a responsabilidade dessas equipes.<\/p>\n\n\n\n<p>II. Os N\u00facleos visam contribuir para a integralidade do cuidado aos usu\u00e1rios do Sistema \u00danico de Sa\u00fade (SUS), principalmente por interm\u00e9dio da amplia\u00e7\u00e3o da cl\u00ednica, auxiliando no aumento da capacidade de an\u00e1lise e de interven\u00e7\u00e3o em problemas e necessidades de sa\u00fade, tanto em termos cl\u00ednicos quanto sanit\u00e1rios e ambientais.<\/p>\n\n\n\n<p>III. Os N\u00facleos conduzem atividades de apoio como a discuss\u00e3o de casos, o atendimento conjunto ou n\u00e3o, a interconsulta, a constru\u00e7\u00e3o conjunta de projetos terap\u00eauticos e a educa\u00e7\u00e3o permanente, al\u00e9m de a\u00e7\u00f5es de preven\u00e7\u00e3o e promo\u00e7\u00e3o da sa\u00fade.<\/p>\n\n\n\n<p>Est\u00e1 correto o que se afirma em<\/p>\n\n\n\n<ul class=\"wp-block-list\">\n<li>(A) I, apenas.<\/li>\n\n\n\n<li>(B) I e II, apenas.<\/li>\n\n\n\n<li>(C) I e III, apenas.<\/li>\n\n\n\n<li>(D) II e III, apenas.<\/li>\n\n\n\n<li>(E) I, II e III.<\/li>\n<\/ul>\n\n\n\n<p>Gabarito preliminar: Letra E<\/p>\n\n\n\n<p>Gabarito sugerido: <strong>Letra C<\/strong><\/p>\n\n\n\n<p>Considerando que, a quest\u00e3o aborda especificamente as compet\u00eancias da Equipe do N\u00facleo Ampliado de Sa\u00fade da Fam\u00edlia e Aten\u00e7\u00e3o B\u00e1sica (Nasf-AB). No item II, a afirmativa infere: \u201c<strong>Os N\u00facleos visam contribuir para a integralidade do cuidado aos usu\u00e1rios do Sistema \u00danico de Sa\u00fade (SUS), principalmente por interm\u00e9dio da amplia\u00e7\u00e3o da cl\u00ednica, auxiliando no aumento da capacidade de an\u00e1lise e de interven\u00e7\u00e3o em problemas e necessidades de sa\u00fade, tanto em termos cl\u00ednicos quanto sanit\u00e1rios e ambientais.\u201d<\/strong><\/p>\n\n\n\n<p>Apesar do entendimento da banca, solicito a an\u00e1lise da seguinte pondera\u00e7\u00e3o:<\/p>\n\n\n\n<p>De acordo com a PORTARIA N\u00ba 2.436, DE 21 DE SETEMBRO DE 2017, que aprova a Pol\u00edtica Nacional de Aten\u00e7\u00e3o B\u00e1sica, no item 3, referente \u00e0 infraestrutura, ambi\u00eancia e funcionamento da Aten\u00e7\u00e3o B\u00e1sica, o subitem 4 define as compet\u00eancias do N\u00facleo Ampliado de Sa\u00fade da Fam\u00edlia e Aten\u00e7\u00e3o B\u00e1sica (Nasf-AB), estabelecendo que cabe a essa equipe:<\/p>\n\n\n\n<p><strong>a<\/strong>&#8230;<br \/><strong>b<\/strong>. Contribuir para a integralidade do cuidado aos usu\u00e1rios do SUS, principalmente por interm\u00e9dio da amplia\u00e7\u00e3o da cl\u00ednica, auxiliando no aumento da capacidade de an\u00e1lise e de interven\u00e7\u00e3o sobre problemas e necessidades de sa\u00fade, tanto em termos cl\u00ednicos quanto sanit\u00e1rios.<\/p>\n\n\n\n<p>Portanto, a afirmativa II, ao incluir o termo &#8220;<strong>AMBIENTAIS<\/strong>&#8220;, desvia-se do texto da Portaria, que n\u00e3o menciona essa compet\u00eancia como atribui\u00e7\u00e3o espec\u00edfica do NASF, tornando a afirmativa II incorreta, enquanto as afirmativas I e III est\u00e3o em conformidade com a Portaria citada.<\/p>\n\n\n\n<p>Diante disso, solicito a revis\u00e3o do gabarito divulgado, com a altera\u00e7\u00e3o para a alternativa C, uma vez que apenas as afirmativas I e III est\u00e3o corretas.<\/p>\n\n\n\n<p>Refer\u00eancia: PORTARIA N\u00ba 2.436, DE 21 DE SETEMBRO DE 2017. Dispon\u00edvel em: https:\/\/bvsms.saude.gov.br\/bvs\/saudelegis\/gm\/2017\/prt2436_22_09_2017.html<\/p>\n\n\n\n<h2 class=\"wp-block-heading has-very-light-gray-to-cyan-bluish-gray-gradient-background has-background\" id=\"h-administracao-de-recursos-materiais\">Administra\u00e7\u00e3o de Recursos Materiais<\/h2>\n\n\n\n<p>Prof. Douglas Schneider<\/p>\n\n\n\n<p><strong><span style=\"text-decoration: underline;\">Quest\u00e3o 12<\/span><\/strong><\/p>\n\n\n\n<p>O \u00f3rg\u00e3o de orienta\u00e7\u00e3o superior da Ebserh \u00e9 o Conselho de Administra\u00e7\u00e3o, composto por nove membros, nomeados pelo Ministro de Estado da Educa\u00e7\u00e3o.<\/p>\n\n\n\n<p>A respeito da constitui\u00e7\u00e3o e das compet\u00eancias do Conselho de Administra\u00e7\u00e3o, assinale a afirmativa correta.<\/p>\n\n\n\n<p>A respeito da constitui\u00e7\u00e3o e das compet\u00eancias do Conselho de Administra\u00e7\u00e3o, assinale a afirmativa correta.<\/p>\n\n\n\n<ul class=\"wp-block-list\">\n<li>(A) \u00c9 atribui\u00e7\u00e3o do Conselho de Administra\u00e7\u00e3o editar normas necess\u00e1rias ao funcionamento dos \u00f3rg\u00e3os e servi\u00e7os da Ebserh, de acordo com a distribui\u00e7\u00e3o de compet\u00eancias estabelecidas pela Diretoria.<\/li>\n\n\n\n<li>(B) \u00c9 prerrogativa do Conselho de Administra\u00e7\u00e3o reunir-se ordin\u00e1ria e trimestralmente e, extraordinariamente, sempre que for convocado pelo Presidente.<\/li>\n\n\n\n<li>(C) \u00c9 compet\u00eancia do Conselho de Administra\u00e7\u00e3o aprovar o or\u00e7amento e o programa de investimentos e acompanhar a sua execu\u00e7\u00e3o.<\/li>\n\n\n\n<li>(D) \u00c9 faculdade do Conselho de Administra\u00e7\u00e3o submeter a indica\u00e7\u00e3o de at\u00e9 50% dos seus membros ao Ministro do Planejamento e Or\u00e7amento.<\/li>\n\n\n\n<li>(E) \u00c9 da al\u00e7ada exclusiva do Conselho de Administra\u00e7\u00e3o apresentar, trimestralmente, ao Conselho Consultivo relat\u00f3rios qualificados de metas e atividades da Ebserh.<\/li>\n<\/ul>\n\n\n\n<p>Conforme o <strong>Edital n\u00ba 4<\/strong>, houve <strong>modifica\u00e7\u00e3o no conte\u00fado program\u00e1tico<\/strong> das disciplinas, <strong>excluindo<\/strong> o referido Decreto n\u00ba 7.661\/2011 do rol de legisla\u00e7\u00e3o aplic\u00e1vel.<\/p>\n\n\n\n<p>Dessa forma, a expectativa leg\u00edtima do candidato \u00e9 <strong>n\u00e3o precisar<\/strong> estudar esse decreto (revogado e n\u00e3o exigido), pois n\u00e3o consta dentre os conte\u00fados estabelecidos no edital em vigor.<\/p>\n\n\n\n<p>Gabarito preliminar: Letra A<\/p>\n\n\n\n<p>Gabarito sugerido: <strong>ANULA\u00c7\u00c3O<\/strong><\/p>\n\n\n\n<p><strong><span style=\"text-decoration: underline;\">Quest\u00e3o 49<\/span><\/strong><\/p>\n\n\n\n<p>Um hospital p\u00fablico, localizado em uma zona de dif\u00edcil acesso no pa\u00eds, utiliza um minucioso sistema de gest\u00e3o de estoques para garantir a disponibilidade cont\u00ednua de medicamentos essenciais \u00e0 popula\u00e7\u00e3o local. Para um determinado medicamento de alto consumo, os seguintes par\u00e2metros s\u00e3o estabelecidos: o consumo mensal \u00e9 de 4.500 unidades, o estoque m\u00ednimo \u00e9 de 2.000 unidades, os pedidos de reposi\u00e7\u00e3o s\u00e3o feitos em lotes de 7.500 unidades e o prazo m\u00e9dio de entrega do fornecedor \u00e9 de 60 dias. No entanto, devido \u00e0s melhorias realizadas na infraestrutura vi\u00e1ria local, decorrentes de um programa governamental, o fornecedor consegue antecipar a entrega do lote em 20 dias.<\/p>\n\n\n\n<p>Nesse contexto, considerando o momento logo ap\u00f3s o recebimento do lote, a quantidade em estoque ser\u00e1 de<\/p>\n\n\n\n<ul class=\"wp-block-list\">\n<li>(A) 1.500 unidades.<\/li>\n\n\n\n<li>(B) 7.500 unidades.<\/li>\n\n\n\n<li>(C) 9.000 unidades.<\/li>\n\n\n\n<li>(D) 12.000 unidades.<\/li>\n\n\n\n<li>(E) 14.000 unidades.<\/li>\n<\/ul>\n\n\n\n<p>Gabarito preliminar: Letra C<\/p>\n\n\n\n<p>Gabarito sugerido: <strong>ANULA\u00c7\u00c3O<\/strong><\/p>\n\n\n\n<p>A quest\u00e3o informa os seguintes dados:<\/p>\n\n\n\n<ul class=\"wp-block-list\">\n<li>Consumo (C): 4.500 unidades mensais (ou 150 unidades di\u00e1rias)<\/li>\n\n\n\n<li>Lote de Compra (LC): 7.500 unidades<\/li>\n\n\n\n<li>Estoque m\u00ednimo (ES): 2.000 unidades<\/li>\n\n\n\n<li>Tempo de reposi\u00e7\u00e3o (TR): 60 dias<\/li>\n<\/ul>\n\n\n\n<p>Dadas as informa\u00e7\u00f5es, pode-se calcular o Estoque M\u00e1ximo, por meio da seguinte f\u00f3rmula:<\/p>\n\n\n\n<p>EM\u00e1x = LC + ES<\/p>\n\n\n\n<p>Em\u00e1x = 7.500 + 2000<\/p>\n\n\n\n<p>Em\u00e1x = 9.500 unidades<\/p>\n\n\n\n<p>Por isso, as alternativas A, B e C j\u00e1 estariam descartadas, por apresentarem um valor menor para o estoque m\u00e1ximo da situa\u00e7\u00e3o inicial. Ocorre que a situa\u00e7\u00e3o hipot\u00e9tica leva em considera\u00e7\u00e3o um <strong>adiantamento na entrega do pedido de compras em 20 dias<\/strong>, o que significa que: dada a taxa de consumo di\u00e1ria, haveria um &#8220;saldo n\u00e3o consumido de unidades&#8221;, totalizando 3.000 unidades. Para saber, ent\u00e3o, &#8220;a quantidade em estoque, no momento logo ap\u00f3s o recebimento do lote&#8221;, tem-se de somar o estoque m\u00e1ximo obtido ao saldo de estoque:<\/p>\n\n\n\n<p>Estoque = EM\u00e1x + Saldo<\/p>\n\n\n\n<p>Estoque = 9.500 + 3.000<\/p>\n\n\n\n<p>Estoque = 12.500<\/p>\n\n\n\n<p>Tendo em vista as alternativas apresentadas pela banca e a reda\u00e7\u00e3o do item, sugere-se a <strong>anula\u00e7\u00e3o<\/strong> da quest\u00e3o, pois n\u00e3o h\u00e1 alternativa com 12.500 unidades.<\/p>\n\n\n\n<hr class=\"wp-block-separator has-alpha-channel-opacity is-style-dots\"\/>\n\n\n\n<p><strong><span style=\"text-decoration: underline;\">Quest\u00e3o 50<\/span><\/strong><\/p>\n\n\n\n<p>Em janeiro de 2023, durante uma pandemia, um hospital registrou o seguinte movimento em seu estoque de m\u00e1scaras N95, utilizadas como Equipamento de Prote\u00e7\u00e3o Individual (EPI) pelos seus funcion\u00e1rios:<\/p>\n\n\n\n<ul class=\"wp-block-list\">\n<li>01\/01: Estoque inicial &#8211; 1.000 unidades (R$ 50,00\/unidade);<\/li>\n\n\n\n<li>10\/01: Compra &#8211; 5.000 unidades (R$ 100,00\/unidade);<\/li>\n\n\n\n<li>20\/01: Sa\u00edda &#8211; 4.000 unidades;<\/li>\n\n\n\n<li>21\/01: Compra &#8211; 10.000 unidades (R$ 150,00\/unidade);<\/li>\n\n\n\n<li>30\/01: Sa\u00edda &#8211; 8.000 unidades.<\/li>\n<\/ul>\n\n\n\n<p>Considerando os m\u00e9todos de avalia\u00e7\u00e3o de estoque PEPS, UEPS e Custo M\u00e9dio, assinale a op\u00e7\u00e3o que apresenta o estoque final, utilizando os tr\u00eas m\u00e9todos.<\/p>\n\n\n\n<ul class=\"wp-block-list\">\n<li>(A) PEPS: R$ 600.000, UEPS: R$ 450.000 e Custo M\u00e9dio Ponderado: R$ 512.500.<\/li>\n\n\n\n<li>(B) PEPS: R$ 600.000, UEPS: R$ 450.000 e Custo M\u00e9dio Ponderado: R$ 450.000.<\/li>\n\n\n\n<li>(C) PEPS: R$ 450.000, UEPS: R$ 512.500 e Custo M\u00e9dio Ponderado: R$ 600.000.<\/li>\n\n\n\n<li>(D) PEPS: R$ 512.500, UEPS: R$ 600.000 e Custo M\u00e9dio Ponderado: R$ 450.000.<\/li>\n\n\n\n<li>(E) PEPS: R$ 600.000, UEPS: R$ 600.000 e Custo M\u00e9dio Ponderado: R$ 600.000.<\/li>\n<\/ul>\n\n\n\n<p>Gabarito preliminar: Letra A<\/p>\n\n\n\n<p>Gabarito sugerido: <strong>ANULA\u00c7\u00c3O<\/strong><\/p>\n\n\n\n<p>Vamos refazer os c\u00e1lculos com mais aten\u00e7\u00e3o para garantir que os valores estejam corretos. Vamos recalcular o estoque final utilizando os tr\u00eas m\u00e9todos de avalia\u00e7\u00e3o de estoque: PEPS (Primeiro a Entrar, Primeiro a Sair), UEPS (\u00daltimo a Entrar, Primeiro a Sair) e Custo M\u00e9dio Ponderado.<\/p>\n\n\n\n<p><strong>Dados Iniciais:<\/strong><\/p>\n\n\n\n<ul class=\"wp-block-list\">\n<li><strong>01\/01:<\/strong> Estoque inicial &#8211; 1.000 unidades (R$ 50,00\/unidade)<\/li>\n\n\n\n<li><strong>10\/01:<\/strong> Compra &#8211; 5.000 unidades (R$ 100,00\/unidade)<\/li>\n\n\n\n<li><strong>20\/01:<\/strong> Sa\u00edda &#8211; 4.000 unidades<\/li>\n\n\n\n<li><strong>21\/01:<\/strong> Compra &#8211; 10.000 unidades (R$ 150,00\/unidade)<\/li>\n\n\n\n<li><strong>30\/01:<\/strong> Sa\u00edda &#8211; 8.000 unidades<\/li>\n<\/ul>\n\n\n\n<p><strong>M\u00e9todo PEPS (Primeiro a Entrar, Primeiro a Sair):<\/strong><\/p>\n\n\n\n<figure class=\"wp-block-image aligncenter size-full\"><img loading=\"lazy\" decoding=\"async\" width=\"643\" height=\"414\" src=\"https:\/\/dhg1h5j42swfq.cloudfront.net\/2025\/03\/17113732\/image-180.png\" alt=\"\" class=\"wp-image-1546420\" srcset=\"https:\/\/dhg1h5j42swfq.cloudfront.net\/2025\/03\/17113732\/image-180.png 643w, https:\/\/dhg1h5j42swfq.cloudfront.net\/2025\/03\/17113732\/image-180-300x193.png 300w, https:\/\/dhg1h5j42swfq.cloudfront.net\/2025\/03\/17113732\/image-180-150x97.png 150w\" sizes=\"auto, (max-width: 643px) 100vw, 643px\" \/><\/figure>\n\n\n\n<p><strong>Estoque Final PEPS:<\/strong> R$ 600.000<\/p>\n\n\n\n<p><strong>M\u00e9todo UEPS (\u00daltimo a Entrar, Primeiro a Sair):<\/strong><\/p>\n\n\n\n<figure class=\"wp-block-image aligncenter size-full\"><img loading=\"lazy\" decoding=\"async\" width=\"645\" height=\"347\" src=\"https:\/\/dhg1h5j42swfq.cloudfront.net\/2025\/03\/17113810\/image-181.png\" alt=\"\" class=\"wp-image-1546422\" srcset=\"https:\/\/dhg1h5j42swfq.cloudfront.net\/2025\/03\/17113810\/image-181.png 645w, https:\/\/dhg1h5j42swfq.cloudfront.net\/2025\/03\/17113810\/image-181-300x161.png 300w, https:\/\/dhg1h5j42swfq.cloudfront.net\/2025\/03\/17113810\/image-181-150x81.png 150w\" sizes=\"auto, (max-width: 645px) 100vw, 645px\" \/><\/figure>\n\n\n\n<p><strong>Estoque Final UEPS:<\/strong> R$ 450.000<\/p>\n\n\n\n<figure class=\"wp-block-image aligncenter size-full\"><img loading=\"lazy\" decoding=\"async\" width=\"646\" height=\"320\" src=\"https:\/\/dhg1h5j42swfq.cloudfront.net\/2025\/03\/17113835\/image-182.png\" alt=\"\" class=\"wp-image-1546423\" srcset=\"https:\/\/dhg1h5j42swfq.cloudfront.net\/2025\/03\/17113835\/image-182.png 646w, https:\/\/dhg1h5j42swfq.cloudfront.net\/2025\/03\/17113835\/image-182-300x149.png 300w, https:\/\/dhg1h5j42swfq.cloudfront.net\/2025\/03\/17113835\/image-182-150x74.png 150w\" sizes=\"auto, (max-width: 646px) 100vw, 646px\" \/><\/figure>\n\n\n\n<p><strong>C\u00e1lculo do Custo M\u00e9dio Ponderado:<\/strong><\/p>\n\n\n\n<ul class=\"wp-block-list\">\n<li>Ap\u00f3s a compra de 10\/01: (1.000 * R$ 50,00 + 5.000 * R$ 100,00) \/ 6.000 = R$ 91,67<\/li>\n\n\n\n<li>Ap\u00f3s a compra de 21\/01: (2.000 * R$ 91,67 + 10.000 * R$ 150,00) \/ 12.000 = R$ 140,28<\/li>\n<\/ul>\n\n\n\n<p><strong>Estoque Final Custo M\u00e9dio Ponderado:<\/strong> R$ 561.120<\/p>\n\n\n\n<p><strong>Conclus\u00e3o<\/strong>: apesar da corre\u00e7\u00e3o dos valores dos saldos pelos m\u00e9todos PEPS (R$600.000) e UEPS (R$450.000), o valor do <strong>Custo M\u00e9dio Ponderado<\/strong> na alternativa (A) \u00e9 R$ 512.500, o que \u00e9 diferente do c\u00e1lculo correto <strong>(R$ 561.120)<\/strong>. Sugere-se, portanto, a <strong>anula\u00e7\u00e3o<\/strong> da quest\u00e3o por aus\u00eancia de alternativa correta.<\/p>\n\n\n\n<p class=\"has-text-align-center has-background has-medium-font-size\" style=\"background-color:#dde8ee\"><strong><a href=\"https:\/\/www.estrategiaconcursos.com.br\/blog\/concurso-ebserh\/\" target=\"_blank\" rel=\"noreferrer noopener\">Mais informa\u00e7\u00f5es do concurso EBSRH<\/a><\/strong><\/p>\n\n\n\n<div class=\"container\" id=\"boxes\">\n  <div class=\"row\">\n\n    <div class=\"col-sm\">\n      <div class=\"banner-residencia-medica\" id=\"box-assinatura\">\n        <h3 class=\"titulo-assinatura\">Concurso EBSERH<\/h3>\n        <p class=\"subtitulo-assinatura\">Prepare-se para sua carreira na EBSERH!<\/p>\n        <div class=\"box-botao\">\n          <a class=\"btn-assinatura\" target=\"_blank\" href=\"https:\/\/www.estrategiaconcursos.com.br\/cursosPorConcurso\/ebserh-107\/\" role=\"button\" rel=\"noopener noreferrer\">VER CURSOS<\/a>\n        <\/div>\n      <\/div>\n     \n    <\/div>\n\n  <\/div>\n<\/div>\n\n\n\n<div class=\"container\" id=\"boxes\">\n  <div class=\"row\">\n\n    <div class=\"col-sm\">\n      <div class=\"estrategia\" id=\"box-assinatura\">\n        <h3 class=\"titulo-assinatura\">Assinatura de Concursos<\/h3>\n        <p class=\"subtitulo-assinatura\">Assinatura de 1 ano ou 2 anos<\/p>\n        <div class=\"box-botao\">\n          <a class=\"btn-assinatura\" target=\"_blank\" href=\"https:\/\/www.estrategiaconcursos.com.br\/assinaturas\/\" role=\"button\" rel=\"noopener noreferrer\">ASSINE AGORA<\/a>\n        <\/div>\n      <\/div><\/div><\/div><\/div>\n","protected":false},"excerpt":{"rendered":"<p>Quer interpor recursos contra os gabaritos do concurso EBSERH para a \u00e1rea de Gest\u00e3o? Confira as possibilidades neste artigo! O&nbsp;concurso p\u00fablico da EBSRH (Empresa Brasileira de Servi\u00e7os Hospitalares)&nbsp;teve suas provas aplicadas no \u00faltimo domingo, 16 de mar\u00e7o. Com isso, j\u00e1 foram divulgados os gabaritos preliminares da etapa.&nbsp; Pretende\u00a0interpor recurso contra o gabarito do concurso EBSERH? [&hellip;]<\/p>\n","protected":false},"author":659,"featured_media":827667,"comment_status":"open","ping_status":"closed","sticky":false,"template":"","format":"standard","meta":{"post_tipo":"news","footnotes":""},"categories":[214992,1981,220219],"tags":[8],"tax_estado":[219963],"class_list":["post-1546418","post","type-post","status-publish","format-standard","has-post-thumbnail","hentry","category-concursos-administrativos","category-saude","category-noticias","tag-recurso","tax_estado-concursos-federais"],"acf":[],"yoast_head":"<!-- This site is optimized with the Yoast SEO Premium plugin v27.2 (Yoast SEO v27.2) - https:\/\/yoast.com\/product\/yoast-seo-premium-wordpress\/ -->\n<title>Concurso EBSERH - Gest\u00e3o: veja as sugest\u00f5es de recursos!<\/title>\n<meta name=\"description\" content=\"Quer interpor recursos contra os gabaritos do concurso EBSERH para a \u00e1rea de Gest\u00e3o? Confira as possibilidades neste artigo!\" \/>\n<meta name=\"robots\" content=\"index, follow, max-snippet:-1, max-image-preview:large, max-video-preview:-1\" \/>\n<link rel=\"canonical\" href=\"https:\/\/www.estrategiaconcursos.com.br\/blog\/concurso-ebserh-recursos-gestao\/\" \/>\n<meta property=\"og:locale\" content=\"pt_BR\" \/>\n<meta property=\"og:type\" content=\"article\" \/>\n<meta property=\"og:title\" content=\"Concurso EBSERH - Gest\u00e3o: veja as sugest\u00f5es de recursos!\" \/>\n<meta property=\"og:description\" content=\"Quer interpor recursos contra os gabaritos do concurso EBSERH para a \u00e1rea de Gest\u00e3o? Confira as possibilidades neste artigo!\" \/>\n<meta property=\"og:url\" content=\"https:\/\/www.estrategiaconcursos.com.br\/blog\/concurso-ebserh-recursos-gestao\/\" \/>\n<meta property=\"og:site_name\" content=\"Estrat\u00e9gia Concursos\" \/>\n<meta property=\"article:published_time\" content=\"2025-03-19T11:44:00+00:00\" \/>\n<meta property=\"article:modified_time\" content=\"2025-03-19T11:45:04+00:00\" \/>\n<meta property=\"og:image\" content=\"https:\/\/dhg1h5j42swfq.cloudfront.net\/2021\/04\/03111718\/ebserh.jpeg\" \/>\n\t<meta property=\"og:image:width\" content=\"768\" \/>\n\t<meta property=\"og:image:height\" content=\"432\" \/>\n\t<meta property=\"og:image:type\" content=\"image\/jpeg\" \/>\n<meta name=\"author\" content=\"Camila Leite\" \/>\n<meta name=\"twitter:card\" content=\"summary_large_image\" \/>\n<meta name=\"twitter:creator\" content=\"@EstratConcursos\" \/>\n<meta name=\"twitter:site\" content=\"@EstratConcursos\" \/>\n<meta name=\"twitter:label1\" content=\"Escrito por\" \/>\n\t<meta name=\"twitter:data1\" content=\"Camila Leite\" \/>\n\t<meta name=\"twitter:label2\" content=\"Est. tempo de leitura\" \/>\n\t<meta name=\"twitter:data2\" content=\"14 minutos\" \/>\n<script type=\"application\/ld+json\" class=\"yoast-schema-graph\">{\"@context\":\"https:\/\/schema.org\",\"@graph\":[{\"@type\":\"NewsArticle\",\"@id\":\"https:\/\/www.estrategiaconcursos.com.br\/blog\/concurso-ebserh-recursos-gestao\/#article\",\"isPartOf\":{\"@id\":\"https:\/\/www.estrategiaconcursos.com.br\/blog\/concurso-ebserh-recursos-gestao\/\"},\"author\":{\"name\":\"Camila Leite\",\"@id\":\"https:\/\/www.estrategiaconcursos.com.br\/blog\/#\/schema\/person\/84ecdc6eb58d3cf1689bf76c5cd8fb38\"},\"headline\":\"Concurso EBSERH &#8211; Gest\u00e3o: veja as sugest\u00f5es de recursos!\",\"datePublished\":\"2025-03-19T11:44:00+00:00\",\"dateModified\":\"2025-03-19T11:45:04+00:00\",\"mainEntityOfPage\":{\"@id\":\"https:\/\/www.estrategiaconcursos.com.br\/blog\/concurso-ebserh-recursos-gestao\/\"},\"wordCount\":2825,\"commentCount\":0,\"publisher\":{\"@id\":\"https:\/\/www.estrategiaconcursos.com.br\/blog\/#organization\"},\"image\":{\"@id\":\"https:\/\/www.estrategiaconcursos.com.br\/blog\/concurso-ebserh-recursos-gestao\/#primaryimage\"},\"thumbnailUrl\":\"https:\/\/dhg1h5j42swfq.cloudfront.net\/2021\/04\/03111718\/ebserh.jpeg\",\"keywords\":[\"Recurso\"],\"articleSection\":[\"Executivo (Administrativa)\",\"Sa\u00fade\",\"\u00daltimas not\u00edcias\"],\"inLanguage\":\"pt-BR\",\"potentialAction\":[{\"@type\":\"CommentAction\",\"name\":\"Comment\",\"target\":[\"https:\/\/www.estrategiaconcursos.com.br\/blog\/concurso-ebserh-recursos-gestao\/#respond\"]}],\"copyrightYear\":\"2025\",\"copyrightHolder\":{\"@id\":\"https:\/\/www.estrategiaconcursos.com.br\/blog\/#organization\"}},{\"@type\":\"WebPage\",\"@id\":\"https:\/\/www.estrategiaconcursos.com.br\/blog\/concurso-ebserh-recursos-gestao\/\",\"url\":\"https:\/\/www.estrategiaconcursos.com.br\/blog\/concurso-ebserh-recursos-gestao\/\",\"name\":\"Concurso EBSERH - Gest\u00e3o: veja as sugest\u00f5es de recursos!\",\"isPartOf\":{\"@id\":\"https:\/\/www.estrategiaconcursos.com.br\/blog\/#website\"},\"primaryImageOfPage\":{\"@id\":\"https:\/\/www.estrategiaconcursos.com.br\/blog\/concurso-ebserh-recursos-gestao\/#primaryimage\"},\"image\":{\"@id\":\"https:\/\/www.estrategiaconcursos.com.br\/blog\/concurso-ebserh-recursos-gestao\/#primaryimage\"},\"thumbnailUrl\":\"https:\/\/dhg1h5j42swfq.cloudfront.net\/2021\/04\/03111718\/ebserh.jpeg\",\"datePublished\":\"2025-03-19T11:44:00+00:00\",\"dateModified\":\"2025-03-19T11:45:04+00:00\",\"description\":\"Quer interpor recursos contra os gabaritos do concurso EBSERH para a \u00e1rea de Gest\u00e3o? Confira as possibilidades neste artigo!\",\"breadcrumb\":{\"@id\":\"https:\/\/www.estrategiaconcursos.com.br\/blog\/concurso-ebserh-recursos-gestao\/#breadcrumb\"},\"inLanguage\":\"pt-BR\",\"potentialAction\":[{\"@type\":\"ReadAction\",\"target\":[\"https:\/\/www.estrategiaconcursos.com.br\/blog\/concurso-ebserh-recursos-gestao\/\"]}]},{\"@type\":\"ImageObject\",\"inLanguage\":\"pt-BR\",\"@id\":\"https:\/\/www.estrategiaconcursos.com.br\/blog\/concurso-ebserh-recursos-gestao\/#primaryimage\",\"url\":\"https:\/\/dhg1h5j42swfq.cloudfront.net\/2021\/04\/03111718\/ebserh.jpeg\",\"contentUrl\":\"https:\/\/dhg1h5j42swfq.cloudfront.net\/2021\/04\/03111718\/ebserh.jpeg\",\"width\":768,\"height\":432,\"caption\":\"Concurso EBSERH\"},{\"@type\":\"BreadcrumbList\",\"@id\":\"https:\/\/www.estrategiaconcursos.com.br\/blog\/concurso-ebserh-recursos-gestao\/#breadcrumb\",\"itemListElement\":[{\"@type\":\"ListItem\",\"position\":1,\"name\":\"In\u00edcio\",\"item\":\"https:\/\/www.estrategiaconcursos.com.br\/blog\/\"},{\"@type\":\"ListItem\",\"position\":2,\"name\":\"Concurso EBSERH &#8211; Gest\u00e3o: veja as sugest\u00f5es de recursos!\"}]},{\"@type\":\"WebSite\",\"@id\":\"https:\/\/www.estrategiaconcursos.com.br\/blog\/#website\",\"url\":\"https:\/\/www.estrategiaconcursos.com.br\/blog\/\",\"name\":\"Estrat\u00e9gia Concursos\",\"description\":\"O blog da Estrat\u00e9gia Concursos traz not\u00edcias sobre concursos e artigos de professores oferecendo cursos para concursos (pdf + videaulas) no site.\",\"publisher\":{\"@id\":\"https:\/\/www.estrategiaconcursos.com.br\/blog\/#organization\"},\"potentialAction\":[{\"@type\":\"SearchAction\",\"target\":{\"@type\":\"EntryPoint\",\"urlTemplate\":\"https:\/\/www.estrategiaconcursos.com.br\/blog\/?s={search_term_string}\"},\"query-input\":{\"@type\":\"PropertyValueSpecification\",\"valueRequired\":true,\"valueName\":\"search_term_string\"}}],\"inLanguage\":\"pt-BR\"},{\"@type\":\"Organization\",\"@id\":\"https:\/\/www.estrategiaconcursos.com.br\/blog\/#organization\",\"name\":\"Estrat\u00e9gia Concursos\",\"url\":\"https:\/\/www.estrategiaconcursos.com.br\/blog\/\",\"logo\":{\"@type\":\"ImageObject\",\"inLanguage\":\"pt-BR\",\"@id\":\"https:\/\/www.estrategiaconcursos.com.br\/blog\/#\/schema\/logo\/image\/\",\"url\":\"https:\/\/dhg1h5j42swfq.cloudfront.net\/2025\/06\/03203428\/logo_concursos-1.jpg\",\"contentUrl\":\"https:\/\/dhg1h5j42swfq.cloudfront.net\/2025\/06\/03203428\/logo_concursos-1.jpg\",\"width\":230,\"height\":60,\"caption\":\"Estrat\u00e9gia Concursos\"},\"image\":{\"@id\":\"https:\/\/www.estrategiaconcursos.com.br\/blog\/#\/schema\/logo\/image\/\"},\"sameAs\":[\"https:\/\/x.com\/EstratConcursos\"]},{\"@type\":\"Person\",\"@id\":\"https:\/\/www.estrategiaconcursos.com.br\/blog\/#\/schema\/person\/84ecdc6eb58d3cf1689bf76c5cd8fb38\",\"name\":\"Camila Leite\",\"image\":{\"@type\":\"ImageObject\",\"inLanguage\":\"pt-BR\",\"@id\":\"https:\/\/secure.gravatar.com\/avatar\/f2f8faef639c8a2bfb7fb909912a56917f4c3a0aed064500168e2fb8ea55cf61?s=96&d=mm&r=g\",\"url\":\"https:\/\/secure.gravatar.com\/avatar\/f2f8faef639c8a2bfb7fb909912a56917f4c3a0aed064500168e2fb8ea55cf61?s=96&d=mm&r=g\",\"contentUrl\":\"https:\/\/secure.gravatar.com\/avatar\/f2f8faef639c8a2bfb7fb909912a56917f4c3a0aed064500168e2fb8ea55cf61?s=96&d=mm&r=g\",\"caption\":\"Camila Leite\"},\"description\":\"Formada em Design Gr\u00e1fico e em Propaganda e Marketing pela UNIP, integra a equipe de jornalismo do Estrat\u00e9gia Concursos desde 2018. Ao longo dos anos, construiu uma s\u00f3lida experi\u00eancia na produ\u00e7\u00e3o de conte\u00fado informativo e relevante para concurseiros. Desde 2020, atua na cobertura das \u00e1reas Fiscal \u2014 com \u00eanfase nas Secretarias de Fazenda (Sefaz) das regi\u00f5es Sul e Sudeste \u2014, al\u00e9m da cobertura de concursos federais, como CNU, Petrobras, CGU, Receita Federal, ag\u00eancias reguladoras (Anvisa, ANAC, entre outras) e INSS. Mant\u00e9m contato direto com os principais \u00f3rg\u00e3os p\u00fablicos, acompanhando editais, atualiza\u00e7\u00f5es e movimenta\u00e7\u00f5es importantes para os candidatos.\",\"sameAs\":[\"https:\/\/www.linkedin.com\/in\/camila-pinheiro-leite-9ba135b6\/\"],\"url\":\"https:\/\/www.estrategiaconcursos.com.br\/blog\/author\/camila-leiteestrategiaconcursos-com-br\/\"}]}<\/script>\n<!-- \/ Yoast SEO Premium plugin. -->","yoast_head_json":{"title":"Concurso EBSERH - Gest\u00e3o: veja as sugest\u00f5es de recursos!","description":"Quer interpor recursos contra os gabaritos do concurso EBSERH para a \u00e1rea de Gest\u00e3o? Confira as possibilidades neste artigo!","robots":{"index":"index","follow":"follow","max-snippet":"max-snippet:-1","max-image-preview":"max-image-preview:large","max-video-preview":"max-video-preview:-1"},"canonical":"https:\/\/www.estrategiaconcursos.com.br\/blog\/concurso-ebserh-recursos-gestao\/","og_locale":"pt_BR","og_type":"article","og_title":"Concurso EBSERH - Gest\u00e3o: veja as sugest\u00f5es de recursos!","og_description":"Quer interpor recursos contra os gabaritos do concurso EBSERH para a \u00e1rea de Gest\u00e3o? Confira as possibilidades neste artigo!","og_url":"https:\/\/www.estrategiaconcursos.com.br\/blog\/concurso-ebserh-recursos-gestao\/","og_site_name":"Estrat\u00e9gia Concursos","article_published_time":"2025-03-19T11:44:00+00:00","article_modified_time":"2025-03-19T11:45:04+00:00","og_image":[{"width":768,"height":432,"url":"https:\/\/dhg1h5j42swfq.cloudfront.net\/2021\/04\/03111718\/ebserh.jpeg","type":"image\/jpeg"}],"author":"Camila Leite","twitter_card":"summary_large_image","twitter_creator":"@EstratConcursos","twitter_site":"@EstratConcursos","twitter_misc":{"Escrito por":"Camila Leite","Est. tempo de leitura":"14 minutos"},"schema":{"@context":"https:\/\/schema.org","@graph":[{"@type":"NewsArticle","@id":"https:\/\/www.estrategiaconcursos.com.br\/blog\/concurso-ebserh-recursos-gestao\/#article","isPartOf":{"@id":"https:\/\/www.estrategiaconcursos.com.br\/blog\/concurso-ebserh-recursos-gestao\/"},"author":{"name":"Camila Leite","@id":"https:\/\/www.estrategiaconcursos.com.br\/blog\/#\/schema\/person\/84ecdc6eb58d3cf1689bf76c5cd8fb38"},"headline":"Concurso EBSERH &#8211; Gest\u00e3o: veja as sugest\u00f5es de recursos!","datePublished":"2025-03-19T11:44:00+00:00","dateModified":"2025-03-19T11:45:04+00:00","mainEntityOfPage":{"@id":"https:\/\/www.estrategiaconcursos.com.br\/blog\/concurso-ebserh-recursos-gestao\/"},"wordCount":2825,"commentCount":0,"publisher":{"@id":"https:\/\/www.estrategiaconcursos.com.br\/blog\/#organization"},"image":{"@id":"https:\/\/www.estrategiaconcursos.com.br\/blog\/concurso-ebserh-recursos-gestao\/#primaryimage"},"thumbnailUrl":"https:\/\/dhg1h5j42swfq.cloudfront.net\/2021\/04\/03111718\/ebserh.jpeg","keywords":["Recurso"],"articleSection":["Executivo (Administrativa)","Sa\u00fade","\u00daltimas not\u00edcias"],"inLanguage":"pt-BR","potentialAction":[{"@type":"CommentAction","name":"Comment","target":["https:\/\/www.estrategiaconcursos.com.br\/blog\/concurso-ebserh-recursos-gestao\/#respond"]}],"copyrightYear":"2025","copyrightHolder":{"@id":"https:\/\/www.estrategiaconcursos.com.br\/blog\/#organization"}},{"@type":"WebPage","@id":"https:\/\/www.estrategiaconcursos.com.br\/blog\/concurso-ebserh-recursos-gestao\/","url":"https:\/\/www.estrategiaconcursos.com.br\/blog\/concurso-ebserh-recursos-gestao\/","name":"Concurso EBSERH - Gest\u00e3o: veja as sugest\u00f5es de recursos!","isPartOf":{"@id":"https:\/\/www.estrategiaconcursos.com.br\/blog\/#website"},"primaryImageOfPage":{"@id":"https:\/\/www.estrategiaconcursos.com.br\/blog\/concurso-ebserh-recursos-gestao\/#primaryimage"},"image":{"@id":"https:\/\/www.estrategiaconcursos.com.br\/blog\/concurso-ebserh-recursos-gestao\/#primaryimage"},"thumbnailUrl":"https:\/\/dhg1h5j42swfq.cloudfront.net\/2021\/04\/03111718\/ebserh.jpeg","datePublished":"2025-03-19T11:44:00+00:00","dateModified":"2025-03-19T11:45:04+00:00","description":"Quer interpor recursos contra os gabaritos do concurso EBSERH para a \u00e1rea de Gest\u00e3o? Confira as possibilidades neste artigo!","breadcrumb":{"@id":"https:\/\/www.estrategiaconcursos.com.br\/blog\/concurso-ebserh-recursos-gestao\/#breadcrumb"},"inLanguage":"pt-BR","potentialAction":[{"@type":"ReadAction","target":["https:\/\/www.estrategiaconcursos.com.br\/blog\/concurso-ebserh-recursos-gestao\/"]}]},{"@type":"ImageObject","inLanguage":"pt-BR","@id":"https:\/\/www.estrategiaconcursos.com.br\/blog\/concurso-ebserh-recursos-gestao\/#primaryimage","url":"https:\/\/dhg1h5j42swfq.cloudfront.net\/2021\/04\/03111718\/ebserh.jpeg","contentUrl":"https:\/\/dhg1h5j42swfq.cloudfront.net\/2021\/04\/03111718\/ebserh.jpeg","width":768,"height":432,"caption":"Concurso EBSERH"},{"@type":"BreadcrumbList","@id":"https:\/\/www.estrategiaconcursos.com.br\/blog\/concurso-ebserh-recursos-gestao\/#breadcrumb","itemListElement":[{"@type":"ListItem","position":1,"name":"In\u00edcio","item":"https:\/\/www.estrategiaconcursos.com.br\/blog\/"},{"@type":"ListItem","position":2,"name":"Concurso EBSERH &#8211; Gest\u00e3o: veja as sugest\u00f5es de recursos!"}]},{"@type":"WebSite","@id":"https:\/\/www.estrategiaconcursos.com.br\/blog\/#website","url":"https:\/\/www.estrategiaconcursos.com.br\/blog\/","name":"Estrat\u00e9gia Concursos","description":"O blog da Estrat\u00e9gia Concursos traz not\u00edcias sobre concursos e artigos de professores oferecendo cursos para concursos (pdf + videaulas) no site.","publisher":{"@id":"https:\/\/www.estrategiaconcursos.com.br\/blog\/#organization"},"potentialAction":[{"@type":"SearchAction","target":{"@type":"EntryPoint","urlTemplate":"https:\/\/www.estrategiaconcursos.com.br\/blog\/?s={search_term_string}"},"query-input":{"@type":"PropertyValueSpecification","valueRequired":true,"valueName":"search_term_string"}}],"inLanguage":"pt-BR"},{"@type":"Organization","@id":"https:\/\/www.estrategiaconcursos.com.br\/blog\/#organization","name":"Estrat\u00e9gia Concursos","url":"https:\/\/www.estrategiaconcursos.com.br\/blog\/","logo":{"@type":"ImageObject","inLanguage":"pt-BR","@id":"https:\/\/www.estrategiaconcursos.com.br\/blog\/#\/schema\/logo\/image\/","url":"https:\/\/dhg1h5j42swfq.cloudfront.net\/2025\/06\/03203428\/logo_concursos-1.jpg","contentUrl":"https:\/\/dhg1h5j42swfq.cloudfront.net\/2025\/06\/03203428\/logo_concursos-1.jpg","width":230,"height":60,"caption":"Estrat\u00e9gia Concursos"},"image":{"@id":"https:\/\/www.estrategiaconcursos.com.br\/blog\/#\/schema\/logo\/image\/"},"sameAs":["https:\/\/x.com\/EstratConcursos"]},{"@type":"Person","@id":"https:\/\/www.estrategiaconcursos.com.br\/blog\/#\/schema\/person\/84ecdc6eb58d3cf1689bf76c5cd8fb38","name":"Camila Leite","image":{"@type":"ImageObject","inLanguage":"pt-BR","@id":"https:\/\/secure.gravatar.com\/avatar\/f2f8faef639c8a2bfb7fb909912a56917f4c3a0aed064500168e2fb8ea55cf61?s=96&d=mm&r=g","url":"https:\/\/secure.gravatar.com\/avatar\/f2f8faef639c8a2bfb7fb909912a56917f4c3a0aed064500168e2fb8ea55cf61?s=96&d=mm&r=g","contentUrl":"https:\/\/secure.gravatar.com\/avatar\/f2f8faef639c8a2bfb7fb909912a56917f4c3a0aed064500168e2fb8ea55cf61?s=96&d=mm&r=g","caption":"Camila Leite"},"description":"Formada em Design Gr\u00e1fico e em Propaganda e Marketing pela UNIP, integra a equipe de jornalismo do Estrat\u00e9gia Concursos desde 2018. Ao longo dos anos, construiu uma s\u00f3lida experi\u00eancia na produ\u00e7\u00e3o de conte\u00fado informativo e relevante para concurseiros. Desde 2020, atua na cobertura das \u00e1reas Fiscal \u2014 com \u00eanfase nas Secretarias de Fazenda (Sefaz) das regi\u00f5es Sul e Sudeste \u2014, al\u00e9m da cobertura de concursos federais, como CNU, Petrobras, CGU, Receita Federal, ag\u00eancias reguladoras (Anvisa, ANAC, entre outras) e INSS. Mant\u00e9m contato direto com os principais \u00f3rg\u00e3os p\u00fablicos, acompanhando editais, atualiza\u00e7\u00f5es e movimenta\u00e7\u00f5es importantes para os candidatos.","sameAs":["https:\/\/www.linkedin.com\/in\/camila-pinheiro-leite-9ba135b6\/"],"url":"https:\/\/www.estrategiaconcursos.com.br\/blog\/author\/camila-leiteestrategiaconcursos-com-br\/"}]}},"_links":{"self":[{"href":"https:\/\/www.estrategiaconcursos.com.br\/blog\/wp-json\/wp\/v2\/posts\/1546418","targetHints":{"allow":["GET"]}}],"collection":[{"href":"https:\/\/www.estrategiaconcursos.com.br\/blog\/wp-json\/wp\/v2\/posts"}],"about":[{"href":"https:\/\/www.estrategiaconcursos.com.br\/blog\/wp-json\/wp\/v2\/types\/post"}],"author":[{"embeddable":true,"href":"https:\/\/www.estrategiaconcursos.com.br\/blog\/wp-json\/wp\/v2\/users\/659"}],"replies":[{"embeddable":true,"href":"https:\/\/www.estrategiaconcursos.com.br\/blog\/wp-json\/wp\/v2\/comments?post=1546418"}],"version-history":[{"count":11,"href":"https:\/\/www.estrategiaconcursos.com.br\/blog\/wp-json\/wp\/v2\/posts\/1546418\/revisions"}],"predecessor-version":[{"id":1547642,"href":"https:\/\/www.estrategiaconcursos.com.br\/blog\/wp-json\/wp\/v2\/posts\/1546418\/revisions\/1547642"}],"wp:featuredmedia":[{"embeddable":true,"href":"https:\/\/www.estrategiaconcursos.com.br\/blog\/wp-json\/wp\/v2\/media\/827667"}],"wp:attachment":[{"href":"https:\/\/www.estrategiaconcursos.com.br\/blog\/wp-json\/wp\/v2\/media?parent=1546418"}],"wp:term":[{"taxonomy":"category","embeddable":true,"href":"https:\/\/www.estrategiaconcursos.com.br\/blog\/wp-json\/wp\/v2\/categories?post=1546418"},{"taxonomy":"post_tag","embeddable":true,"href":"https:\/\/www.estrategiaconcursos.com.br\/blog\/wp-json\/wp\/v2\/tags?post=1546418"},{"taxonomy":"tax_estado","embeddable":true,"href":"https:\/\/www.estrategiaconcursos.com.br\/blog\/wp-json\/wp\/v2\/tax_estado?post=1546418"}],"curies":[{"name":"wp","href":"https:\/\/api.w.org\/{rel}","templated":true}]}}