{"id":154611,"date":"2018-12-07T05:05:08","date_gmt":"2018-12-07T08:05:08","guid":{"rendered":"https:\/\/www.estrategiaconcursos.com.br\/blog\/?p=154611"},"modified":"2018-12-07T12:58:09","modified_gmt":"2018-12-07T15:58:09","slug":"edital-see-ac-2018","status":"publish","type":"post","link":"https:\/\/www.estrategiaconcursos.com.br\/blog\/edital-see-ac-2018\/","title":{"rendered":"Edital SEE AC: banca organizadora inicia per\u00edodo de inscri\u00e7\u00e3o de concurso que oferta vagas para o cargo de Professor"},"content":{"rendered":"<p><span style=\"font-size: 18pt;\"><em><strong>Vagas contemplam diversas disciplinas das mais diferentes \u00e1reas<\/strong><\/em><\/span><\/p>\n<p>Est\u00e3o abertas as inscri\u00e7\u00f5es do <em><strong>concurso SEE AC 2018<\/strong><\/em>, com vagas para o cargo de professor. Com <em><strong>remunera\u00e7\u00e3o de R$ 2.402,68<\/strong><\/em> e carga hor\u00e1ria de 30h. As vagas s\u00e3o para cadastro reserva de 15 disciplinas, e o candidato dever\u00e1 no ato da inscri\u00e7\u00e3o informar a mat\u00e9ria, qual o local e zona de atua\u00e7\u00e3o. Al\u00e9m da localidade para realiza\u00e7\u00e3o da prova Objetiva.<\/p>\n<p>Com a publica\u00e7\u00e3o do edital, as inscri\u00e7\u00f5es do concurso <em><strong>ficam abertas entre os dias 7 de dezembro e 6 de janeiro de 2019<\/strong><\/em>. O valor da taxa de inscri\u00e7\u00e3o ficou fixado no edital em <em><strong>R$ 72,00<\/strong><\/em>. As inscri\u00e7\u00f5es podem ser feitas no site da banca organizadora do concurso, o Ibade.<\/p>\n<p>O edital do concurso oferta vagas para o cargo de professor nas disciplinas abaixo relacionadas.<\/p>\n<p><em>&#8211; Artes Visuais<\/em><br \/>\n<em>&#8211; Artes C\u00eanicas<\/em><br \/>\n<em>&#8211; Arte &#8211; M\u00fasica<\/em><br \/>\n<em>&#8211; Biologia<\/em><br \/>\n<em>&#8211; Ci\u00eancias<\/em><br \/>\n<em>&#8211; Educa\u00e7\u00e3o F\u00edsica<\/em><br \/>\n<em>&#8211; Filosofia<\/em><br \/>\n<em>&#8211; F\u00edsica<\/em><br \/>\n<em>&#8211; Geografia<\/em><br \/>\n<em>&#8211; Hist\u00f3ria<\/em><br \/>\n<em>&#8211; Espanhol<\/em><br \/>\n<em>&#8211; Ingl\u00eas<\/em><br \/>\n<em>&#8211; Portugu\u00eas<\/em><br \/>\n<em>&#8211; Matem\u00e1tica<\/em><br \/>\n<em>&#8211; Qu\u00edmica<\/em><\/p>\n<h2>Datas importantes<\/h2>\n<p>Inscri\u00e7\u00e3o: 07\/12 a 06\/01\/2019<br \/>\nTaxa: R$ 72,00<br \/>\nData da prova: 07\/01\/2019<\/p>\n<h2>Fases e Etapas do concurso<\/h2>\n<p>Os candidatos inscritos no concurso ser\u00e3o avaliados a partir da aplica\u00e7\u00e3o das etapas abaixo descritas. O tempo total de realiza\u00e7\u00e3o das Provas Objetiva e Discursiva ser\u00e1 de 5 horas. A primeira fase \u00e9 composta de uma Prova Objetiva, de car\u00e1ter classificat\u00f3rio e eliminat\u00f3rio, que deve acontecer no dia 07 de janeiro de 2019.<\/p>\n<p>A segunda etapa acontece na mesma data. De car\u00e1ter classificat\u00f3rio e eliminat\u00f3rio, os candidatos responder\u00e3o a uma prova composta de uma quest\u00e3o discursiva\u00a0argumentativa em que o candidato dever\u00e1 versar sobre o estudo de caso relacionado \u00e0 educa\u00e7\u00e3o, abrangendo os conhecimentos did\u00e1ticos-pedag\u00f3gicos.<\/p>\n<p>Ambas as provas ser\u00e3o realizadas no per\u00edodo da manh\u00e3 com dura\u00e7\u00e3o m\u00e1xima de 5 horas.<\/p>\n<p><img loading=\"lazy\" decoding=\"async\" class=\"aligncenter wp-image-154623\" src=\"https:\/\/dhg1h5j42swfq.cloudfront.net\/2018\/12\/06112734\/provas-see-ac.png\" alt=\"\" width=\"1286\" height=\"265\" srcset=\"https:\/\/dhg1h5j42swfq.cloudfront.net\/2018\/12\/06112734\/provas-see-ac.png 771w, https:\/\/dhg1h5j42swfq.cloudfront.net\/2018\/12\/06112734\/provas-see-ac.png 300w, https:\/\/dhg1h5j42swfq.cloudfront.net\/2018\/12\/06112734\/provas-see-ac.png 768w, https:\/\/dhg1h5j42swfq.cloudfront.net\/2018\/12\/06112734\/provas-see-ac.png 610w\" sizes=\"auto, (max-width: 1286px) 100vw, 1286px\" \/><\/p>\n<p>Ser\u00e1 reprovado na Prova Objetiva e eliminado do Concurso P\u00fablico o candidato que se enquadrar em pelo menos um dos itens a seguir:<\/p>\n<p>a) obtiver nota inferior a 24 (vinte e quatro) pontos no conjunto das disciplinas de Conhecimentos Did\u00e1ticos-Pedag\u00f3gicos;<br \/>\nb) obtiver nota inferior a 24 (vinte e quatro) pontos na disciplina de Conhecimentos Espec\u00edficos;<br \/>\nc) obtiver nota inferior a 48 (quarenta e oito) pontos no total da Prova Objetiva<\/p>\n<p><strong>3\u00aa Fase:<\/strong> Prova de T\u00edtulos, de car\u00e1ter classificat\u00f3rio.<\/p>\n<p><img loading=\"lazy\" decoding=\"async\" class=\"aligncenter size-full wp-image-154624\" src=\"https:\/\/dhg1h5j42swfq.cloudfront.net\/2018\/12\/06112929\/see-ac-titulos1.png\" alt=\"\" width=\"885\" height=\"92\" srcset=\"https:\/\/dhg1h5j42swfq.cloudfront.net\/2018\/12\/06112929\/see-ac-titulos1.png 885w, https:\/\/dhg1h5j42swfq.cloudfront.net\/2018\/12\/06112929\/see-ac-titulos1.png 300w, https:\/\/dhg1h5j42swfq.cloudfront.net\/2018\/12\/06112929\/see-ac-titulos1.png 768w, https:\/\/dhg1h5j42swfq.cloudfront.net\/2018\/12\/06112929\/see-ac-titulos1.png 610w\" sizes=\"auto, (max-width: 885px) 100vw, 885px\" \/><\/p>\n<p>*As fases ser\u00e3o aplicadas nas cidades do Estado do Acre: Brasil\u00e9ia,\u00a0Cruzeiro do Sul, Feij\u00f3, Jord\u00e3o, Marechal Thaumaturgo, Porto Walter,\u00a0Rio Branco, Santa Rosa do Purus, Sena Madureira e Tarauac\u00e1, conforme\u00a0op\u00e7\u00e3o do candidato no momento da inscri\u00e7\u00e3o.<\/p>\n<p><strong>Atribui\u00e7\u00f5es<\/strong><\/p>\n<p>O selecionado ir\u00e1 participar da proposta pedag\u00f3gica da escola: elaborar e cumprir plano de trabalho, zelar pela aprendizagem dos alunos, estabelecer estrat\u00e9gias de recupera\u00e7\u00e3o para os alunos de menor rendimento. Al\u00e9m de participar do planejamento, avalia\u00e7\u00e3o e desenvolvimento profissional.Tamb\u00e9m, dever\u00e1 colaborar com as atividades de integra\u00e7\u00e3o da escola com as fam\u00edlias e a comunidade.<\/p>\n<p style=\"text-align: center;\"><em><strong>Gostou dessa oportunidade? O Estrat\u00e9gia concursos pode lan\u00e7ar cursos em breve para este certame.<br \/>\n<\/strong><\/em><strong>Fique Atento!!<\/strong><br \/>\n<a href=\"https:\/\/www.estrategiaconcursos.com.br\/cursos\/concurso\" target=\"_blank\" rel=\"noopener\"><strong>CURSOS PARA CONCURSOS\u00a0<\/strong><\/a><\/p>\n<p>&nbsp;<\/p>\n<p>&nbsp;<\/p>\n<p><img loading=\"lazy\" decoding=\"async\" class=\"alignnone wp-image-68542\" src=\"https:\/\/dhg1h5j42swfq.cloudfront.net\/2017\/03\/28152500\/coruja-ficha-tecnica-300x102.png\" alt=\"Ficha t\u00e9cnica concurso guarda civil SJC\" width=\"326\" height=\"112\" \/><\/p>\n<p><strong>\u2666Edital SEE AC 2018<\/strong><br \/>\n\u25baData prevista:\u00a0<strong>27 de janeiro de 2019<\/strong><br \/>\n\u25baVagas:<strong>\u00a0CR<\/strong><br \/>\n\u25baLota\u00e7\u00f5es: Diversas<br \/>\n\u25baRemunera\u00e7\u00e3o inicial:\u00a0<strong>R$\u00a02.402,68<\/strong><br \/>\n\u25baBanca: IBADE<br \/>\n<strong>\u25baEdital:\u00a0<a href=\"https:\/\/www.estrategiaconcursos.com.br\/blog\/wp-content\/uploads\/2018\/12\/DO15440555926226.pdf\" target=\"_blank\" rel=\"noopener\">Edital Di\u00e1rio Oficial AC -p\u00e1g 19<\/a><\/strong><br \/>\n\u25baCursos:\u00a0<a href=\"https:\/\/www.estrategiaconcursos.com.br\/cursos\/concurso\" target=\"_blank\" rel=\"noopener\"><strong>CURSOS PARA CONCURSOS<\/strong><\/a><\/p>\n<p><em>Nat\u00e1lia Scarano<\/em><br \/>\nAscom Estrat\u00e9gia<br \/>\nascomestrategia@gmail.com<\/p>\n<p>&nbsp;<\/p>\n<p>&nbsp;<\/p>\n<p>&nbsp;<\/p>\n","protected":false},"excerpt":{"rendered":"<p>Vagas contemplam diversas disciplinas das mais diferentes \u00e1reas Est\u00e3o abertas as inscri\u00e7\u00f5es do concurso SEE AC 2018, com vagas para o cargo de professor. Com remunera\u00e7\u00e3o de R$ 2.402,68 e carga hor\u00e1ria de 30h. As vagas s\u00e3o para cadastro reserva de 15 disciplinas, e o candidato dever\u00e1 no ato da inscri\u00e7\u00e3o informar a mat\u00e9ria, qual [&hellip;]<\/p>\n","protected":false},"author":1,"featured_media":146144,"comment_status":"open","ping_status":"closed","sticky":false,"template":"","format":"standard","meta":{"post_tipo":"news","footnotes":""},"categories":[1],"tags":[],"tax_estado":[],"class_list":["post-154611","post","type-post","status-publish","format-standard","has-post-thumbnail","hentry","category-cursos-e-concursos"],"acf":[],"yoast_head":"<!-- This site is optimized with the Yoast SEO Premium plugin v27.2 (Yoast SEO v27.2) - https:\/\/yoast.com\/product\/yoast-seo-premium-wordpress\/ -->\n<title>Edital SEE AC 2018: est\u00e3o abertas nesta sexta (7) as inscri\u00e7\u00f5es do certame<\/title>\n<meta name=\"description\" content=\"Edital SEE AC 2018: est\u00e3o abertas nesta sexta-feira (7) de dezembro as inscri\u00e7\u00f5es do certame com vagas para o cargo de Professor\" \/>\n<meta name=\"robots\" content=\"index, follow, max-snippet:-1, max-image-preview:large, max-video-preview:-1\" \/>\n<link rel=\"canonical\" href=\"https:\/\/www.estrategiaconcursos.com.br\/blog\/edital-see-ac-2018\/\" \/>\n<meta property=\"og:locale\" content=\"pt_BR\" \/>\n<meta property=\"og:type\" content=\"article\" \/>\n<meta property=\"og:title\" content=\"Edital SEE AC: banca organizadora inicia per\u00edodo de inscri\u00e7\u00e3o de concurso que oferta vagas para o cargo de Professor\" \/>\n<meta property=\"og:description\" content=\"Edital SEE AC 2018: est\u00e3o abertas nesta sexta-feira (7) de dezembro as inscri\u00e7\u00f5es do certame com vagas para o cargo de Professor\" \/>\n<meta property=\"og:url\" content=\"https:\/\/www.estrategiaconcursos.com.br\/blog\/edital-see-ac-2018\/\" \/>\n<meta property=\"og:site_name\" content=\"Estrat\u00e9gia Concursos\" \/>\n<meta property=\"article:author\" content=\"https:\/\/www.facebook.com\/EstrategiaConcursos\" \/>\n<meta property=\"article:published_time\" content=\"2018-12-07T08:05:08+00:00\" \/>\n<meta property=\"article:modified_time\" content=\"2018-12-07T15:58:09+00:00\" \/>\n<meta property=\"og:image\" content=\"https:\/\/dhg1h5j42swfq.cloudfront.net\/2018\/10\/08173718\/saiu-edital.jpg\" \/>\n\t<meta property=\"og:image:width\" content=\"400\" \/>\n\t<meta property=\"og:image:height\" content=\"209\" \/>\n\t<meta property=\"og:image:type\" content=\"image\/jpeg\" \/>\n<meta name=\"author\" content=\"Coordena\u00e7\u00e3o\" \/>\n<meta name=\"twitter:card\" content=\"summary_large_image\" \/>\n<meta name=\"twitter:creator\" content=\"@EstratConcursos\" \/>\n<meta name=\"twitter:site\" content=\"@EstratConcursos\" \/>\n<meta name=\"twitter:label1\" content=\"Escrito por\" \/>\n\t<meta name=\"twitter:data1\" content=\"Coordena\u00e7\u00e3o\" \/>\n\t<meta name=\"twitter:label2\" content=\"Est. tempo de leitura\" \/>\n\t<meta name=\"twitter:data2\" content=\"3 minutos\" \/>\n<script type=\"application\/ld+json\" class=\"yoast-schema-graph\">{\"@context\":\"https:\/\/schema.org\",\"@graph\":[{\"@type\":\"NewsArticle\",\"@id\":\"https:\/\/www.estrategiaconcursos.com.br\/blog\/edital-see-ac-2018\/#article\",\"isPartOf\":{\"@id\":\"https:\/\/www.estrategiaconcursos.com.br\/blog\/edital-see-ac-2018\/\"},\"author\":{\"name\":\"Coordena\u00e7\u00e3o\",\"@id\":\"https:\/\/www.estrategiaconcursos.com.br\/blog\/#\/schema\/person\/b4a388c97673c5f483d72185668afa1f\"},\"headline\":\"Edital SEE AC: banca organizadora inicia per\u00edodo de inscri\u00e7\u00e3o de concurso que oferta vagas para o cargo de Professor\",\"datePublished\":\"2018-12-07T08:05:08+00:00\",\"dateModified\":\"2018-12-07T15:58:09+00:00\",\"mainEntityOfPage\":{\"@id\":\"https:\/\/www.estrategiaconcursos.com.br\/blog\/edital-see-ac-2018\/\"},\"wordCount\":600,\"commentCount\":2,\"publisher\":{\"@id\":\"https:\/\/www.estrategiaconcursos.com.br\/blog\/#organization\"},\"image\":{\"@id\":\"https:\/\/www.estrategiaconcursos.com.br\/blog\/edital-see-ac-2018\/#primaryimage\"},\"thumbnailUrl\":\"https:\/\/dhg1h5j42swfq.cloudfront.net\/2018\/10\/08173718\/saiu-edital.jpg\",\"articleSection\":[\"Concursos P\u00fablicos\"],\"inLanguage\":\"pt-BR\",\"potentialAction\":[{\"@type\":\"CommentAction\",\"name\":\"Comment\",\"target\":[\"https:\/\/www.estrategiaconcursos.com.br\/blog\/edital-see-ac-2018\/#respond\"]}],\"copyrightYear\":\"2018\",\"copyrightHolder\":{\"@id\":\"https:\/\/www.estrategiaconcursos.com.br\/blog\/#organization\"}},{\"@type\":\"WebPage\",\"@id\":\"https:\/\/www.estrategiaconcursos.com.br\/blog\/edital-see-ac-2018\/\",\"url\":\"https:\/\/www.estrategiaconcursos.com.br\/blog\/edital-see-ac-2018\/\",\"name\":\"Edital SEE AC 2018: est\u00e3o abertas nesta sexta (7) as inscri\u00e7\u00f5es do certame\",\"isPartOf\":{\"@id\":\"https:\/\/www.estrategiaconcursos.com.br\/blog\/#website\"},\"primaryImageOfPage\":{\"@id\":\"https:\/\/www.estrategiaconcursos.com.br\/blog\/edital-see-ac-2018\/#primaryimage\"},\"image\":{\"@id\":\"https:\/\/www.estrategiaconcursos.com.br\/blog\/edital-see-ac-2018\/#primaryimage\"},\"thumbnailUrl\":\"https:\/\/dhg1h5j42swfq.cloudfront.net\/2018\/10\/08173718\/saiu-edital.jpg\",\"datePublished\":\"2018-12-07T08:05:08+00:00\",\"dateModified\":\"2018-12-07T15:58:09+00:00\",\"description\":\"Edital SEE AC 2018: est\u00e3o abertas nesta sexta-feira (7) de dezembro as inscri\u00e7\u00f5es do certame com vagas para o cargo de Professor\",\"breadcrumb\":{\"@id\":\"https:\/\/www.estrategiaconcursos.com.br\/blog\/edital-see-ac-2018\/#breadcrumb\"},\"inLanguage\":\"pt-BR\",\"potentialAction\":[{\"@type\":\"ReadAction\",\"target\":[\"https:\/\/www.estrategiaconcursos.com.br\/blog\/edital-see-ac-2018\/\"]}]},{\"@type\":\"ImageObject\",\"inLanguage\":\"pt-BR\",\"@id\":\"https:\/\/www.estrategiaconcursos.com.br\/blog\/edital-see-ac-2018\/#primaryimage\",\"url\":\"https:\/\/dhg1h5j42swfq.cloudfront.net\/2018\/10\/08173718\/saiu-edital.jpg\",\"contentUrl\":\"https:\/\/dhg1h5j42swfq.cloudfront.net\/2018\/10\/08173718\/saiu-edital.jpg\",\"width\":400,\"height\":209,\"caption\":\"CONCURSO CRESS DF\"},{\"@type\":\"BreadcrumbList\",\"@id\":\"https:\/\/www.estrategiaconcursos.com.br\/blog\/edital-see-ac-2018\/#breadcrumb\",\"itemListElement\":[{\"@type\":\"ListItem\",\"position\":1,\"name\":\"In\u00edcio\",\"item\":\"https:\/\/www.estrategiaconcursos.com.br\/blog\/\"},{\"@type\":\"ListItem\",\"position\":2,\"name\":\"Edital SEE AC: banca organizadora inicia per\u00edodo de inscri\u00e7\u00e3o de concurso que oferta vagas para o cargo de Professor\"}]},{\"@type\":\"WebSite\",\"@id\":\"https:\/\/www.estrategiaconcursos.com.br\/blog\/#website\",\"url\":\"https:\/\/www.estrategiaconcursos.com.br\/blog\/\",\"name\":\"Estrat\u00e9gia Concursos\",\"description\":\"O blog da Estrat\u00e9gia Concursos traz not\u00edcias sobre concursos e artigos de professores oferecendo cursos para concursos (pdf + videaulas) no site.\",\"publisher\":{\"@id\":\"https:\/\/www.estrategiaconcursos.com.br\/blog\/#organization\"},\"potentialAction\":[{\"@type\":\"SearchAction\",\"target\":{\"@type\":\"EntryPoint\",\"urlTemplate\":\"https:\/\/www.estrategiaconcursos.com.br\/blog\/?s={search_term_string}\"},\"query-input\":{\"@type\":\"PropertyValueSpecification\",\"valueRequired\":true,\"valueName\":\"search_term_string\"}}],\"inLanguage\":\"pt-BR\"},{\"@type\":\"Organization\",\"@id\":\"https:\/\/www.estrategiaconcursos.com.br\/blog\/#organization\",\"name\":\"Estrat\u00e9gia Concursos\",\"url\":\"https:\/\/www.estrategiaconcursos.com.br\/blog\/\",\"logo\":{\"@type\":\"ImageObject\",\"inLanguage\":\"pt-BR\",\"@id\":\"https:\/\/www.estrategiaconcursos.com.br\/blog\/#\/schema\/logo\/image\/\",\"url\":\"https:\/\/dhg1h5j42swfq.cloudfront.net\/2025\/06\/03203428\/logo_concursos-1.jpg\",\"contentUrl\":\"https:\/\/dhg1h5j42swfq.cloudfront.net\/2025\/06\/03203428\/logo_concursos-1.jpg\",\"width\":230,\"height\":60,\"caption\":\"Estrat\u00e9gia Concursos\"},\"image\":{\"@id\":\"https:\/\/www.estrategiaconcursos.com.br\/blog\/#\/schema\/logo\/image\/\"},\"sameAs\":[\"https:\/\/x.com\/EstratConcursos\"]},{\"@type\":\"Person\",\"@id\":\"https:\/\/www.estrategiaconcursos.com.br\/blog\/#\/schema\/person\/b4a388c97673c5f483d72185668afa1f\",\"name\":\"Coordena\u00e7\u00e3o\",\"image\":{\"@type\":\"ImageObject\",\"inLanguage\":\"pt-BR\",\"@id\":\"https:\/\/secure.gravatar.com\/avatar\/b720319e4c9a967eb58678d110f4fe35452fc5d5f97b202bac7b8acceb18c6ad?s=96&d=mm&r=g\",\"url\":\"https:\/\/secure.gravatar.com\/avatar\/b720319e4c9a967eb58678d110f4fe35452fc5d5f97b202bac7b8acceb18c6ad?s=96&d=mm&r=g\",\"contentUrl\":\"https:\/\/secure.gravatar.com\/avatar\/b720319e4c9a967eb58678d110f4fe35452fc5d5f97b202bac7b8acceb18c6ad?s=96&d=mm&r=g\",\"caption\":\"Coordena\u00e7\u00e3o\"},\"sameAs\":[\"https:\/\/www.facebook.com\/EstrategiaConcursos\",\"https:\/\/x.com\/EstratConcursos\"],\"url\":\"https:\/\/www.estrategiaconcursos.com.br\/blog\/author\/estrategia2013\/\"}]}<\/script>\n<!-- \/ Yoast SEO Premium plugin. -->","yoast_head_json":{"title":"Edital SEE AC 2018: est\u00e3o abertas nesta sexta (7) as inscri\u00e7\u00f5es do certame","description":"Edital SEE AC 2018: est\u00e3o abertas nesta sexta-feira (7) de dezembro as inscri\u00e7\u00f5es do certame com vagas para o cargo de Professor","robots":{"index":"index","follow":"follow","max-snippet":"max-snippet:-1","max-image-preview":"max-image-preview:large","max-video-preview":"max-video-preview:-1"},"canonical":"https:\/\/www.estrategiaconcursos.com.br\/blog\/edital-see-ac-2018\/","og_locale":"pt_BR","og_type":"article","og_title":"Edital SEE AC: banca organizadora inicia per\u00edodo de inscri\u00e7\u00e3o de concurso que oferta vagas para o cargo de Professor","og_description":"Edital SEE AC 2018: est\u00e3o abertas nesta sexta-feira (7) de dezembro as inscri\u00e7\u00f5es do certame com vagas para o cargo de Professor","og_url":"https:\/\/www.estrategiaconcursos.com.br\/blog\/edital-see-ac-2018\/","og_site_name":"Estrat\u00e9gia Concursos","article_author":"https:\/\/www.facebook.com\/EstrategiaConcursos","article_published_time":"2018-12-07T08:05:08+00:00","article_modified_time":"2018-12-07T15:58:09+00:00","og_image":[{"width":400,"height":209,"url":"https:\/\/dhg1h5j42swfq.cloudfront.net\/2018\/10\/08173718\/saiu-edital.jpg","type":"image\/jpeg"}],"author":"Coordena\u00e7\u00e3o","twitter_card":"summary_large_image","twitter_creator":"@EstratConcursos","twitter_site":"@EstratConcursos","twitter_misc":{"Escrito por":"Coordena\u00e7\u00e3o","Est. tempo de leitura":"3 minutos"},"schema":{"@context":"https:\/\/schema.org","@graph":[{"@type":"NewsArticle","@id":"https:\/\/www.estrategiaconcursos.com.br\/blog\/edital-see-ac-2018\/#article","isPartOf":{"@id":"https:\/\/www.estrategiaconcursos.com.br\/blog\/edital-see-ac-2018\/"},"author":{"name":"Coordena\u00e7\u00e3o","@id":"https:\/\/www.estrategiaconcursos.com.br\/blog\/#\/schema\/person\/b4a388c97673c5f483d72185668afa1f"},"headline":"Edital SEE AC: banca organizadora inicia per\u00edodo de inscri\u00e7\u00e3o de concurso que oferta vagas para o cargo de Professor","datePublished":"2018-12-07T08:05:08+00:00","dateModified":"2018-12-07T15:58:09+00:00","mainEntityOfPage":{"@id":"https:\/\/www.estrategiaconcursos.com.br\/blog\/edital-see-ac-2018\/"},"wordCount":600,"commentCount":2,"publisher":{"@id":"https:\/\/www.estrategiaconcursos.com.br\/blog\/#organization"},"image":{"@id":"https:\/\/www.estrategiaconcursos.com.br\/blog\/edital-see-ac-2018\/#primaryimage"},"thumbnailUrl":"https:\/\/dhg1h5j42swfq.cloudfront.net\/2018\/10\/08173718\/saiu-edital.jpg","articleSection":["Concursos P\u00fablicos"],"inLanguage":"pt-BR","potentialAction":[{"@type":"CommentAction","name":"Comment","target":["https:\/\/www.estrategiaconcursos.com.br\/blog\/edital-see-ac-2018\/#respond"]}],"copyrightYear":"2018","copyrightHolder":{"@id":"https:\/\/www.estrategiaconcursos.com.br\/blog\/#organization"}},{"@type":"WebPage","@id":"https:\/\/www.estrategiaconcursos.com.br\/blog\/edital-see-ac-2018\/","url":"https:\/\/www.estrategiaconcursos.com.br\/blog\/edital-see-ac-2018\/","name":"Edital SEE AC 2018: est\u00e3o abertas nesta sexta (7) as inscri\u00e7\u00f5es do certame","isPartOf":{"@id":"https:\/\/www.estrategiaconcursos.com.br\/blog\/#website"},"primaryImageOfPage":{"@id":"https:\/\/www.estrategiaconcursos.com.br\/blog\/edital-see-ac-2018\/#primaryimage"},"image":{"@id":"https:\/\/www.estrategiaconcursos.com.br\/blog\/edital-see-ac-2018\/#primaryimage"},"thumbnailUrl":"https:\/\/dhg1h5j42swfq.cloudfront.net\/2018\/10\/08173718\/saiu-edital.jpg","datePublished":"2018-12-07T08:05:08+00:00","dateModified":"2018-12-07T15:58:09+00:00","description":"Edital SEE AC 2018: est\u00e3o abertas nesta sexta-feira (7) de dezembro as inscri\u00e7\u00f5es do certame com vagas para o cargo de Professor","breadcrumb":{"@id":"https:\/\/www.estrategiaconcursos.com.br\/blog\/edital-see-ac-2018\/#breadcrumb"},"inLanguage":"pt-BR","potentialAction":[{"@type":"ReadAction","target":["https:\/\/www.estrategiaconcursos.com.br\/blog\/edital-see-ac-2018\/"]}]},{"@type":"ImageObject","inLanguage":"pt-BR","@id":"https:\/\/www.estrategiaconcursos.com.br\/blog\/edital-see-ac-2018\/#primaryimage","url":"https:\/\/dhg1h5j42swfq.cloudfront.net\/2018\/10\/08173718\/saiu-edital.jpg","contentUrl":"https:\/\/dhg1h5j42swfq.cloudfront.net\/2018\/10\/08173718\/saiu-edital.jpg","width":400,"height":209,"caption":"CONCURSO CRESS DF"},{"@type":"BreadcrumbList","@id":"https:\/\/www.estrategiaconcursos.com.br\/blog\/edital-see-ac-2018\/#breadcrumb","itemListElement":[{"@type":"ListItem","position":1,"name":"In\u00edcio","item":"https:\/\/www.estrategiaconcursos.com.br\/blog\/"},{"@type":"ListItem","position":2,"name":"Edital SEE AC: banca organizadora inicia per\u00edodo de inscri\u00e7\u00e3o de concurso que oferta vagas para o cargo de Professor"}]},{"@type":"WebSite","@id":"https:\/\/www.estrategiaconcursos.com.br\/blog\/#website","url":"https:\/\/www.estrategiaconcursos.com.br\/blog\/","name":"Estrat\u00e9gia Concursos","description":"O blog da Estrat\u00e9gia Concursos traz not\u00edcias sobre concursos e artigos de professores oferecendo cursos para concursos (pdf + videaulas) no site.","publisher":{"@id":"https:\/\/www.estrategiaconcursos.com.br\/blog\/#organization"},"potentialAction":[{"@type":"SearchAction","target":{"@type":"EntryPoint","urlTemplate":"https:\/\/www.estrategiaconcursos.com.br\/blog\/?s={search_term_string}"},"query-input":{"@type":"PropertyValueSpecification","valueRequired":true,"valueName":"search_term_string"}}],"inLanguage":"pt-BR"},{"@type":"Organization","@id":"https:\/\/www.estrategiaconcursos.com.br\/blog\/#organization","name":"Estrat\u00e9gia Concursos","url":"https:\/\/www.estrategiaconcursos.com.br\/blog\/","logo":{"@type":"ImageObject","inLanguage":"pt-BR","@id":"https:\/\/www.estrategiaconcursos.com.br\/blog\/#\/schema\/logo\/image\/","url":"https:\/\/dhg1h5j42swfq.cloudfront.net\/2025\/06\/03203428\/logo_concursos-1.jpg","contentUrl":"https:\/\/dhg1h5j42swfq.cloudfront.net\/2025\/06\/03203428\/logo_concursos-1.jpg","width":230,"height":60,"caption":"Estrat\u00e9gia Concursos"},"image":{"@id":"https:\/\/www.estrategiaconcursos.com.br\/blog\/#\/schema\/logo\/image\/"},"sameAs":["https:\/\/x.com\/EstratConcursos"]},{"@type":"Person","@id":"https:\/\/www.estrategiaconcursos.com.br\/blog\/#\/schema\/person\/b4a388c97673c5f483d72185668afa1f","name":"Coordena\u00e7\u00e3o","image":{"@type":"ImageObject","inLanguage":"pt-BR","@id":"https:\/\/secure.gravatar.com\/avatar\/b720319e4c9a967eb58678d110f4fe35452fc5d5f97b202bac7b8acceb18c6ad?s=96&d=mm&r=g","url":"https:\/\/secure.gravatar.com\/avatar\/b720319e4c9a967eb58678d110f4fe35452fc5d5f97b202bac7b8acceb18c6ad?s=96&d=mm&r=g","contentUrl":"https:\/\/secure.gravatar.com\/avatar\/b720319e4c9a967eb58678d110f4fe35452fc5d5f97b202bac7b8acceb18c6ad?s=96&d=mm&r=g","caption":"Coordena\u00e7\u00e3o"},"sameAs":["https:\/\/www.facebook.com\/EstrategiaConcursos","https:\/\/x.com\/EstratConcursos"],"url":"https:\/\/www.estrategiaconcursos.com.br\/blog\/author\/estrategia2013\/"}]}},"_links":{"self":[{"href":"https:\/\/www.estrategiaconcursos.com.br\/blog\/wp-json\/wp\/v2\/posts\/154611","targetHints":{"allow":["GET"]}}],"collection":[{"href":"https:\/\/www.estrategiaconcursos.com.br\/blog\/wp-json\/wp\/v2\/posts"}],"about":[{"href":"https:\/\/www.estrategiaconcursos.com.br\/blog\/wp-json\/wp\/v2\/types\/post"}],"author":[{"embeddable":true,"href":"https:\/\/www.estrategiaconcursos.com.br\/blog\/wp-json\/wp\/v2\/users\/1"}],"replies":[{"embeddable":true,"href":"https:\/\/www.estrategiaconcursos.com.br\/blog\/wp-json\/wp\/v2\/comments?post=154611"}],"version-history":[{"count":8,"href":"https:\/\/www.estrategiaconcursos.com.br\/blog\/wp-json\/wp\/v2\/posts\/154611\/revisions"}],"predecessor-version":[{"id":154744,"href":"https:\/\/www.estrategiaconcursos.com.br\/blog\/wp-json\/wp\/v2\/posts\/154611\/revisions\/154744"}],"wp:featuredmedia":[{"embeddable":true,"href":"https:\/\/www.estrategiaconcursos.com.br\/blog\/wp-json\/wp\/v2\/media\/146144"}],"wp:attachment":[{"href":"https:\/\/www.estrategiaconcursos.com.br\/blog\/wp-json\/wp\/v2\/media?parent=154611"}],"wp:term":[{"taxonomy":"category","embeddable":true,"href":"https:\/\/www.estrategiaconcursos.com.br\/blog\/wp-json\/wp\/v2\/categories?post=154611"},{"taxonomy":"post_tag","embeddable":true,"href":"https:\/\/www.estrategiaconcursos.com.br\/blog\/wp-json\/wp\/v2\/tags?post=154611"},{"taxonomy":"tax_estado","embeddable":true,"href":"https:\/\/www.estrategiaconcursos.com.br\/blog\/wp-json\/wp\/v2\/tax_estado?post=154611"}],"curies":[{"name":"wp","href":"https:\/\/api.w.org\/{rel}","templated":true}]}}