{"id":154455,"date":"2019-01-11T05:00:43","date_gmt":"2019-01-11T08:00:43","guid":{"rendered":"https:\/\/www.estrategiaconcursos.com.br\/blog\/?p=154455"},"modified":"2021-05-13T11:00:46","modified_gmt":"2021-05-13T14:00:46","slug":"concurso-ufpb-2","status":"publish","type":"post","link":"https:\/\/www.estrategiaconcursos.com.br\/blog\/concurso-ufpb-2\/","title":{"rendered":"Concurso UFPB: edital passa por retifica\u00e7\u00f5es"},"content":{"rendered":"\n<p style=\"font-size:clamp(15.747px, 0.984rem + ((1vw - 3.2px) * 0.809), 24px);px\"><em>Concurso UFPB oferece 128 vagas para m\u00e9dio e superior<\/em><\/p>\n\n\n\n<p>Com inscri\u00e7\u00f5es encerradas, o <strong>concurso da Universidade Federal da Para\u00edba, UFPB<\/strong>,<strong>&nbsp;<\/strong>que oferta 128 vagas para T\u00e9cnicos Administrativos em Educa\u00e7\u00e3o, sofreu algumas retifica\u00e7\u00f5es. <\/p>\n\n\n\n<p>As retifica\u00e7\u00f5es ocorreram no acr\u00e9scimo de 01 vaga para o cargo de T\u00e9cnico em Contabilidade e altera\u00e7\u00e3o de conte\u00fado na \u00e1rea de &#8220;conhecimentos espec\u00edficos&#8221; para alguns cargos. Voc\u00ea pode conferir a retifica\u00e7\u00e3o dos conte\u00fados ao final desta mat\u00e9ria.<\/p>\n\n\n\n<p>Tamb\u00e9m foi alterada a exig\u00eancia de &#8220;Prova Pr\u00e1tica&#8221; para o cargo de T\u00e9cnico em Alimentos e Latic\u00ednios, que agora contar\u00e1 apenas com Prova Objetiva em sua avalia\u00e7\u00e3o.<\/p>\n\n\n\n<p>E algumas exig\u00eancias escolares sofreram altera\u00e7\u00f5es como para os cargos abaixo:<br \/><br \/>&#8211; <strong>T\u00e9cnico em Equipamento M\u00e9dico Odontol\u00f3gico<\/strong> &#8211;  <em>M\u00e9dio Profissionalizante ou Curso T\u00e9cnico na \u00e1rea (ap\u00f3s&nbsp;retifica\u00e7\u00e3o)<\/em><\/p>\n\n\n\n<p>&#8211; <strong>M\u00fasico &#8211; Flauta Transversal <\/strong>&#8211;  <em>Curso Superior em M\u00fasica com forma\u00e7\u00e3o em Flauta, mais Lei n\u00ba 3.857, de 22 de dezembro de 1960 &#8211; Cria a ordem dos m\u00fasicos do Brasil e disp\u00f5e sobre a regulamenta\u00e7\u00e3o do exerc\u00edcio da profiss\u00e3o de M\u00fasico. Registro no Conselho competente. (ap\u00f3s&nbsp;retifica\u00e7\u00e3o)<\/em> <\/p>\n\n\n\n<p>&#8211;<strong>Produtor Cultural<\/strong> &#8211;  <em>Diploma devidamente registrado de conclus\u00e3o de curso superior em Produ\u00e7\u00e3o Cultural ou em Comunica\u00e7\u00e3o Social.<\/em> <em>(ap\u00f3s&nbsp;retifica\u00e7\u00e3o)<\/em>  <\/p>\n\n\n\n<p>As oportunidades s\u00e3o para quem tem N\u00edvel M\u00e9dio e N\u00edvel Superior e as inscri\u00e7\u00f5es se encerradas no dia 25 de fevereiro. O valor da taxa variou entre R$ 45,00, R$ 60,00 ou R$ 85,00, a depender da escolaridade exigida.<\/p>\n\n\n\n<p>A prova objetiva do concurso est\u00e1 prevista para ser aplicada no dia 7 de abril de 2019, nos per\u00edodos matutino e vespertino.<\/p>\n\n\n\n<h2 class=\"wp-block-heading\">Quadro de vagas<\/h2>\n\n\n\n<p>Abaixo voc\u00ea confere o quadro completo de vagas oferecidas:<\/p>\n\n\n\n<p><em>Administrador de Edif\u00edcios (1)<br \/>Assistente em Tecnologia da Informa\u00e7\u00e3o (2)<br \/>Assistente em Administra\u00e7\u00e3o (68)<\/em><br \/><\/p>\n\n\n\n<p><strong><em>T\u00e9cnico nas \u00e1reas de&#8230; <br \/><\/em><\/strong> <em>Agropecu\u00e1ria (2)<br \/>Alimentos e Latic\u00ednios (2)<br \/>Contabilidade (4)<br \/>Economia Dom\u00e9stica (1)<br \/>Eletrot\u00e9cnica (1)<br \/>Equipamentos M\u00e9dico- Odontol\u00f3gico (2)<br \/>Farm\u00e1cia (1)<br \/>\u00c1rea Biologia (2)<br \/>An\u00e1lises Cl\u00ednicas (1)<br \/>Biosseguran\u00e7a (1)<br \/>Tecnologia dos Alimentos (2)<br \/>Topografia\/ Geoprocessamento (1)<br \/>Qu\u00edmica (2)<br \/>Necr\u00f3psia e Anatomia (1)<br \/>Mec\u00e2nica (1)<br \/>M\u00fasica (1)<br \/>Pr\u00f3tese Dent\u00e1ria (1)<br \/>Tecnologia de Informa\u00e7\u00e3o (3)<\/em><br \/><br \/><\/p>\n\n\n\n<p><strong>REMUNERA\u00c7\u00c3O<\/strong><br \/>Os vencimentos pagos aos futuros servidores devem variar conforme a classe da carreira. Confira os valores a seguir: <\/p>\n\n\n\n<p><strong><em>Classe C &#8211; R$ 1.945,06<br \/>Classe D &#8211; R$ 2.446,96 <br \/>Classe E &#8211;&nbsp;R$&nbsp;4.180,66<\/em><\/strong><\/p>\n\n\n\n<h2 class=\"wp-block-heading\">Principais datas<\/h2>\n\n\n\n<p><strong>Inscri\u00e7\u00f5es<\/strong>: 21\/01 a 25\/02\/2019<\/p>\n\n\n\n<p><strong>Taxas&nbsp;de&nbsp;inscri\u00e7\u00e3o:&nbsp;<\/strong><br \/>Os valores das taxas de inscri\u00e7\u00e3o s\u00e3o: R$45, R$60 e R$85, para as classes de carreiras C, D e E; respectivamente. <\/p>\n\n\n\n<p><strong>Prova&nbsp;objetiva<\/strong>: 07\/04\/2019<\/p>\n\n\n\n<h2 class=\"wp-block-heading\">Provas<\/h2>\n\n\n\n<p>Todas as provas ser\u00e3o compostas por 50 quest\u00f5es objetivas e ter\u00e3o dura\u00e7\u00e3o m\u00e1xima de 4 h.oras A distribui\u00e7\u00e3o de quest\u00f5es por disciplina varia de acordo com o cargo pretendido. Confira abaixo:<\/p>\n\n\n\n<p>L\u00edngua Portuguesa<br \/>Legisla\u00e7\u00e3o Aplicada \u00e0 Administra\u00e7\u00e3o P\u00fablica <br \/>Inform\u00e1tica ou matem\u00e1tica <br \/><\/p>\n\n\n\n<p>Al\u00e9m da prova de conhecimentos b\u00e1sicos, os candidatos devem responder quest\u00f5es de conhecimentos espec\u00edficos, relativos a cada \u00e1rea de especializa\u00e7\u00e3o.<strong>N<\/strong><\/p>\n\n\n\n<h2 class=\"wp-block-heading\">Prova pr\u00e1tica<\/h2>\n\n\n\n<p>Os t\u00e9cnicos que atuar\u00e3o nos laborat\u00f3rios da UFPB ainda ser\u00e3o submetidos a uma prova pr\u00e1tica. Confira abaixo os convocados por cargo:<\/p>\n\n\n\n<p>Vale lembrar que candidatos que concorrerem \u00e0s vagas como cotistas PCD&#8217;s  ou por etnias t\u00eam direito a duas vagas por \u00e1rea. <\/p>\n\n\n\n<figure class=\"wp-block-image\"><img loading=\"lazy\" decoding=\"async\" width=\"962\" height=\"114\" src=\"https:\/\/dhg1h5j42swfq.cloudfront.net\/2019\/02\/11064935\/tabela-ufpb.png\" alt=\"\" class=\"wp-image-165273\" srcset=\"https:\/\/dhg1h5j42swfq.cloudfront.net\/2019\/02\/11064935\/tabela-ufpb.png 962w, https:\/\/dhg1h5j42swfq.cloudfront.net\/2019\/02\/11064935\/tabela-ufpb.png 300w, https:\/\/dhg1h5j42swfq.cloudfront.net\/2019\/02\/11064935\/tabela-ufpb.png 768w\" sizes=\"auto, (max-width: 962px) 100vw, 962px\" \/><\/figure>\n\n\n\n<figure class=\"wp-block-image\"><img loading=\"lazy\" decoding=\"async\" width=\"961\" height=\"60\" src=\"https:\/\/dhg1h5j42swfq.cloudfront.net\/2019\/02\/11064951\/tabela-ufpb.2.png\" alt=\"\" class=\"wp-image-165274\" srcset=\"https:\/\/dhg1h5j42swfq.cloudfront.net\/2019\/02\/11064951\/tabela-ufpb.2.png 961w, https:\/\/dhg1h5j42swfq.cloudfront.net\/2019\/02\/11064951\/tabela-ufpb.2.png 300w, https:\/\/dhg1h5j42swfq.cloudfront.net\/2019\/02\/11064951\/tabela-ufpb.2.png 768w\" sizes=\"auto, (max-width: 961px) 100vw, 961px\" \/><\/figure>\n\n\n\n<p class=\"has-text-align-center\" style=\"font-size:clamp(14px, 0.875rem + ((1vw - 3.2px) * 0.392), 18px);px\"><br \/><strong><em>Gostou desta oportunidade e deseja se prepara? Confira os cursos dispon\u00edveis para o certame:<\/em><\/strong><\/p>\n\n\n\n<p class=\"has-text-align-center\" style=\"font-size:clamp(14px, 0.875rem + ((1vw - 3.2px) * 0.392), 18px);px\"><u><a href=\"https:\/\/www.estrategiaconcursos.com.br\/cursosPorConcurso\/universidade-federal-da-paraiba-ufpb\/\" target=\"_blank\" rel=\"noreferrer noopener\" aria-label=\"CURSOS PARA CONCURSO DA UNIVERSIDADE FEDERAL DA PARA\u00cdBA (UFPB) (opens in a new tab)\">CURSOS PARA CONCURSO DA UNIVERSIDADE FEDERAL DA PARA\u00cdBA (UFPB)<\/a><\/u><\/p>\n\n\n\n<p class=\"has-text-align-center\" style=\"font-size:clamp(14.642px, 0.915rem + ((1vw - 3.2px) * 0.721), 22px);px\"><em><strong>Assinatura Anual Ilimitada*<\/strong><\/em><\/p>\n\n\n\n<p class=\"has-text-align-center\"><em>Prepare-se com o melhor material e com quem mais aprova em&nbsp;Concursos P\u00fablicos de todo o pa\u00eds. Assine agora a nossa Assinatura Anual e tenha acesso ilimitado* a todos os nossos cursos.<\/em><\/p>\n\n\n\n<figure class=\"wp-block-image\"><a href=\"https:\/\/www.estrategiaconcursos.com.br\/assinaturas\" target=\"_blank\" rel=\"noreferrer noopener\"><img decoding=\"async\" src=\"https:\/\/www.estrategiaconcursos.com.br\/assets\/img\/banner-assinaturas.jpg\" alt=\"Assinatura Ilimitada concurso ufpb\" class=\"wp-image-157836\"\/><\/a><\/figure>\n\n\n\n<figure class=\"wp-block-image\"><img loading=\"lazy\" decoding=\"async\" width=\"300\" height=\"102\" src=\"https:\/\/dhg1h5j42swfq.cloudfront.net\/2017\/03\/28152500\/coruja-ficha-tecnica-300x102.png\" alt=\"Ficha t\u00e9cnica concurso ufpb\" class=\"wp-image-68542\"\/><\/figure>\n\n\n\n<p><strong>Informa\u00e7\u00f5es sobre o concurso UFPB<\/strong><\/p>\n\n\n\n<p>\u25ba<strong>Data prevista da prova<\/strong>: 07 de abril<br \/>\u25ba<strong>Vagas<\/strong>: 128<br \/>\u25ba<strong>Cargos<\/strong>: T\u00e9cnico, Assistente, Analista e Tecn\u00f3logo<br \/>\u25ba<strong>Lota\u00e7\u00f5es<\/strong>: Para\u00edba<br \/>\u25ba<strong>Banca<\/strong>: Instituto AOCP<br \/>\u25ba<strong>Escolaridade<\/strong>: N\u00edvel M\u00e9dio, T\u00e9cnico e Superior<\/p>\n\n\n\n<p style=\"font-size:clamp(14px, 0.875rem + ((1vw - 3.2px) * 0.392), 18px);px\">\u25ba<strong>Edital<\/strong>:&nbsp;<a rel=\"noreferrer noopener\" href=\"https:\/\/dhg1h5j42swfq.cloudfront.net\/2019\/02\/26110919\/ed_abert_ufpb.pdf\" target=\"_blank\">Edital UFPB 2019<\/a><br \/>\u25ba<strong><a rel=\"noreferrer noopener\" href=\"https:\/\/dhg1h5j42swfq.cloudfront.net\/2019\/02\/26111749\/conteudo.pdf\" target=\"_blank\">Conte\u00fado&nbsp;program\u00e1tico<\/a><\/strong><br \/>\u25ba <a href=\"http:\/\/pesquisa.in.gov.br\/imprensa\/jsp\/visualiza\/index.jsp?data=11\/02\/2019&amp;jornal=530&amp;pagina=69&amp;totalArquivos=215\">Retifica\u00e7\u00e3o<\/a><\/p>\n\n\n\n<p><em><strong>Receba not\u00edcias de Concursos no seu WhatsApp e\/ou Telegram!<\/strong><\/em><\/p>\n\n\n\n<p class=\"has-text-align-center\"><em><strong>Cadastre-se clicando no \u00edcone abaixo <\/strong><\/em><\/p>\n\n\n\n<div class=\"wp-block-image\"><figure class=\"aligncenter is-resized\"><a href=\"https:\/\/www.estrategiaconcursos.com.br\/blog\/noticias-de-concursos-whatsapp-estrategia-concursos\/\" target=\"_blank\" rel=\"noreferrer noopener\"><img loading=\"lazy\" decoding=\"async\" src=\"https:\/\/dhg1h5j42swfq.cloudfront.net\/2018\/03\/22113932\/whatsapptelegram-e1548177162795.png\" alt=\"\" class=\"wp-image-112824\" width=\"270\" height=\"152\"\/><\/a><\/figure><\/div>\n\n\n\n<p class=\"has-text-align-center\"><a href=\"https:\/\/www.estrategiaconcursos.com.br\/gratis\/cursos-extensivos\/\" target=\"_blank\" rel=\"noreferrer noopener\"><em><strong>Inscreva-se no Curso Online Gr\u00e1tis!<\/strong><\/em><\/a><\/p>\n\n\n\n<div class=\"wp-block-image\"><figure class=\"aligncenter\"><a href=\"https:\/\/www.estrategiaconcursos.com.br\/gratis\/cursos-extensivos\/\" target=\"_blank\" rel=\"noreferrer noopener\"><img loading=\"lazy\" decoding=\"async\" width=\"1200\" height=\"300\" src=\"https:\/\/dhg1h5j42swfq.cloudfront.net\/2017\/02\/07143618\/curso-online-gratis.jpg\" alt=\"curso online gratis\" class=\"wp-image-105661\" srcset=\"https:\/\/dhg1h5j42swfq.cloudfront.net\/2017\/02\/07143618\/curso-online-gratis.jpg 1200w, https:\/\/dhg1h5j42swfq.cloudfront.net\/2017\/02\/07143618\/curso-online-gratis.jpg 300w, https:\/\/dhg1h5j42swfq.cloudfront.net\/2017\/02\/07143618\/curso-online-gratis.jpg 768w, https:\/\/dhg1h5j42swfq.cloudfront.net\/2017\/02\/07143618\/curso-online-gratis.jpg 1024w, https:\/\/dhg1h5j42swfq.cloudfront.net\/2017\/02\/07143618\/curso-online-gratis.jpg 610w\" sizes=\"auto, (max-width: 1200px) 100vw, 1200px\" \/><\/a><\/figure><\/div>\n","protected":false},"excerpt":{"rendered":"<p>Concurso UFPB oferece 128 vagas para m\u00e9dio e superior Com inscri\u00e7\u00f5es encerradas, o concurso da Universidade Federal da Para\u00edba, UFPB,&nbsp;que oferta 128 vagas para T\u00e9cnicos Administrativos em Educa\u00e7\u00e3o, sofreu algumas retifica\u00e7\u00f5es. As retifica\u00e7\u00f5es ocorreram no acr\u00e9scimo de 01 vaga para o cargo de T\u00e9cnico em Contabilidade e altera\u00e7\u00e3o de conte\u00fado na \u00e1rea de &#8220;conhecimentos espec\u00edficos&#8221; [&hellip;]<\/p>\n","protected":false},"author":1,"featured_media":168153,"comment_status":"open","ping_status":"closed","sticky":false,"template":"","format":"standard","meta":{"post_tipo":"news","footnotes":""},"categories":[1],"tags":[],"tax_estado":[219978],"class_list":["post-154455","post","type-post","status-publish","format-standard","has-post-thumbnail","hentry","category-cursos-e-concursos","tax_estado-pb"],"acf":[],"yoast_head":"<!-- This site is optimized with the Yoast SEO Premium plugin v27.2 (Yoast SEO v27.2) - https:\/\/yoast.com\/product\/yoast-seo-premium-wordpress\/ -->\n<title>Concurso UFPB: edital passa por retifica\u00e7\u00f5es<\/title>\n<meta name=\"description\" content=\"Concurso UFPB: inscri\u00e7\u00f5es abertas com 127 vagas para T\u00e9cnicos Administrativos em Educa\u00e7\u00e3o de n\u00edvel M\u00e9dio e superior; Saiba mais!\" \/>\n<meta name=\"robots\" content=\"index, follow, max-snippet:-1, max-image-preview:large, max-video-preview:-1\" \/>\n<link rel=\"canonical\" href=\"https:\/\/www.estrategiaconcursos.com.br\/blog\/concurso-ufpb-2\/\" \/>\n<meta property=\"og:locale\" content=\"pt_BR\" \/>\n<meta property=\"og:type\" content=\"article\" \/>\n<meta property=\"og:title\" content=\"Concurso UFPB: edital passa por retifica\u00e7\u00f5es\" \/>\n<meta property=\"og:description\" content=\"Concurso UFPB: inscri\u00e7\u00f5es abertas com 127 vagas para T\u00e9cnicos Administrativos em Educa\u00e7\u00e3o de n\u00edvel M\u00e9dio e superior; Saiba mais!\" \/>\n<meta property=\"og:url\" content=\"https:\/\/www.estrategiaconcursos.com.br\/blog\/concurso-ufpb-2\/\" \/>\n<meta property=\"og:site_name\" content=\"Estrat\u00e9gia Concursos\" \/>\n<meta property=\"article:author\" content=\"https:\/\/www.facebook.com\/EstrategiaConcursos\" \/>\n<meta property=\"article:published_time\" content=\"2019-01-11T08:00:43+00:00\" \/>\n<meta property=\"article:modified_time\" content=\"2021-05-13T14:00:46+00:00\" \/>\n<meta property=\"og:image\" content=\"https:\/\/dhg1h5j42swfq.cloudfront.net\/2019\/02\/26105427\/UFPB-e1551189276512.jpg\" \/>\n\t<meta property=\"og:image:width\" content=\"400\" \/>\n\t<meta property=\"og:image:height\" content=\"209\" \/>\n\t<meta property=\"og:image:type\" content=\"image\/jpeg\" \/>\n<meta name=\"author\" content=\"Coordena\u00e7\u00e3o\" \/>\n<meta name=\"twitter:card\" content=\"summary_large_image\" \/>\n<meta name=\"twitter:creator\" content=\"@EstratConcursos\" \/>\n<meta name=\"twitter:site\" content=\"@EstratConcursos\" \/>\n<meta name=\"twitter:label1\" content=\"Escrito por\" \/>\n\t<meta name=\"twitter:data1\" content=\"Coordena\u00e7\u00e3o\" \/>\n\t<meta name=\"twitter:label2\" content=\"Est. tempo de leitura\" \/>\n\t<meta name=\"twitter:data2\" content=\"4 minutos\" \/>\n<script type=\"application\/ld+json\" class=\"yoast-schema-graph\">{\"@context\":\"https:\/\/schema.org\",\"@graph\":[{\"@type\":\"NewsArticle\",\"@id\":\"https:\/\/www.estrategiaconcursos.com.br\/blog\/concurso-ufpb-2\/#article\",\"isPartOf\":{\"@id\":\"https:\/\/www.estrategiaconcursos.com.br\/blog\/concurso-ufpb-2\/\"},\"author\":{\"name\":\"Coordena\u00e7\u00e3o\",\"@id\":\"https:\/\/www.estrategiaconcursos.com.br\/blog\/#\/schema\/person\/b4a388c97673c5f483d72185668afa1f\"},\"headline\":\"Concurso UFPB: edital passa por retifica\u00e7\u00f5es\",\"datePublished\":\"2019-01-11T08:00:43+00:00\",\"dateModified\":\"2021-05-13T14:00:46+00:00\",\"mainEntityOfPage\":{\"@id\":\"https:\/\/www.estrategiaconcursos.com.br\/blog\/concurso-ufpb-2\/\"},\"wordCount\":721,\"commentCount\":27,\"publisher\":{\"@id\":\"https:\/\/www.estrategiaconcursos.com.br\/blog\/#organization\"},\"image\":{\"@id\":\"https:\/\/www.estrategiaconcursos.com.br\/blog\/concurso-ufpb-2\/#primaryimage\"},\"thumbnailUrl\":\"https:\/\/dhg1h5j42swfq.cloudfront.net\/2019\/02\/26105427\/UFPB-e1551189276512.jpg\",\"articleSection\":[\"Concursos P\u00fablicos\"],\"inLanguage\":\"pt-BR\",\"potentialAction\":[{\"@type\":\"CommentAction\",\"name\":\"Comment\",\"target\":[\"https:\/\/www.estrategiaconcursos.com.br\/blog\/concurso-ufpb-2\/#respond\"]}],\"copyrightYear\":\"2019\",\"copyrightHolder\":{\"@id\":\"https:\/\/www.estrategiaconcursos.com.br\/blog\/#organization\"}},{\"@type\":\"WebPage\",\"@id\":\"https:\/\/www.estrategiaconcursos.com.br\/blog\/concurso-ufpb-2\/\",\"url\":\"https:\/\/www.estrategiaconcursos.com.br\/blog\/concurso-ufpb-2\/\",\"name\":\"Concurso UFPB: edital passa por retifica\u00e7\u00f5es\",\"isPartOf\":{\"@id\":\"https:\/\/www.estrategiaconcursos.com.br\/blog\/#website\"},\"primaryImageOfPage\":{\"@id\":\"https:\/\/www.estrategiaconcursos.com.br\/blog\/concurso-ufpb-2\/#primaryimage\"},\"image\":{\"@id\":\"https:\/\/www.estrategiaconcursos.com.br\/blog\/concurso-ufpb-2\/#primaryimage\"},\"thumbnailUrl\":\"https:\/\/dhg1h5j42swfq.cloudfront.net\/2019\/02\/26105427\/UFPB-e1551189276512.jpg\",\"datePublished\":\"2019-01-11T08:00:43+00:00\",\"dateModified\":\"2021-05-13T14:00:46+00:00\",\"description\":\"Concurso UFPB: inscri\u00e7\u00f5es abertas com 127 vagas para T\u00e9cnicos Administrativos em Educa\u00e7\u00e3o de n\u00edvel M\u00e9dio e superior; Saiba mais!\",\"breadcrumb\":{\"@id\":\"https:\/\/www.estrategiaconcursos.com.br\/blog\/concurso-ufpb-2\/#breadcrumb\"},\"inLanguage\":\"pt-BR\",\"potentialAction\":[{\"@type\":\"ReadAction\",\"target\":[\"https:\/\/www.estrategiaconcursos.com.br\/blog\/concurso-ufpb-2\/\"]}]},{\"@type\":\"ImageObject\",\"inLanguage\":\"pt-BR\",\"@id\":\"https:\/\/www.estrategiaconcursos.com.br\/blog\/concurso-ufpb-2\/#primaryimage\",\"url\":\"https:\/\/dhg1h5j42swfq.cloudfront.net\/2019\/02\/26105427\/UFPB-e1551189276512.jpg\",\"contentUrl\":\"https:\/\/dhg1h5j42swfq.cloudfront.net\/2019\/02\/26105427\/UFPB-e1551189276512.jpg\",\"width\":400,\"height\":209,\"caption\":\"edital UFPB\"},{\"@type\":\"BreadcrumbList\",\"@id\":\"https:\/\/www.estrategiaconcursos.com.br\/blog\/concurso-ufpb-2\/#breadcrumb\",\"itemListElement\":[{\"@type\":\"ListItem\",\"position\":1,\"name\":\"In\u00edcio\",\"item\":\"https:\/\/www.estrategiaconcursos.com.br\/blog\/\"},{\"@type\":\"ListItem\",\"position\":2,\"name\":\"Concurso UFPB: edital passa por retifica\u00e7\u00f5es\"}]},{\"@type\":\"WebSite\",\"@id\":\"https:\/\/www.estrategiaconcursos.com.br\/blog\/#website\",\"url\":\"https:\/\/www.estrategiaconcursos.com.br\/blog\/\",\"name\":\"Estrat\u00e9gia Concursos\",\"description\":\"O blog da Estrat\u00e9gia Concursos traz not\u00edcias sobre concursos e artigos de professores oferecendo cursos para concursos (pdf + videaulas) no site.\",\"publisher\":{\"@id\":\"https:\/\/www.estrategiaconcursos.com.br\/blog\/#organization\"},\"potentialAction\":[{\"@type\":\"SearchAction\",\"target\":{\"@type\":\"EntryPoint\",\"urlTemplate\":\"https:\/\/www.estrategiaconcursos.com.br\/blog\/?s={search_term_string}\"},\"query-input\":{\"@type\":\"PropertyValueSpecification\",\"valueRequired\":true,\"valueName\":\"search_term_string\"}}],\"inLanguage\":\"pt-BR\"},{\"@type\":\"Organization\",\"@id\":\"https:\/\/www.estrategiaconcursos.com.br\/blog\/#organization\",\"name\":\"Estrat\u00e9gia Concursos\",\"url\":\"https:\/\/www.estrategiaconcursos.com.br\/blog\/\",\"logo\":{\"@type\":\"ImageObject\",\"inLanguage\":\"pt-BR\",\"@id\":\"https:\/\/www.estrategiaconcursos.com.br\/blog\/#\/schema\/logo\/image\/\",\"url\":\"https:\/\/dhg1h5j42swfq.cloudfront.net\/2025\/06\/03203428\/logo_concursos-1.jpg\",\"contentUrl\":\"https:\/\/dhg1h5j42swfq.cloudfront.net\/2025\/06\/03203428\/logo_concursos-1.jpg\",\"width\":230,\"height\":60,\"caption\":\"Estrat\u00e9gia Concursos\"},\"image\":{\"@id\":\"https:\/\/www.estrategiaconcursos.com.br\/blog\/#\/schema\/logo\/image\/\"},\"sameAs\":[\"https:\/\/x.com\/EstratConcursos\"]},{\"@type\":\"Person\",\"@id\":\"https:\/\/www.estrategiaconcursos.com.br\/blog\/#\/schema\/person\/b4a388c97673c5f483d72185668afa1f\",\"name\":\"Coordena\u00e7\u00e3o\",\"image\":{\"@type\":\"ImageObject\",\"inLanguage\":\"pt-BR\",\"@id\":\"https:\/\/secure.gravatar.com\/avatar\/b720319e4c9a967eb58678d110f4fe35452fc5d5f97b202bac7b8acceb18c6ad?s=96&d=mm&r=g\",\"url\":\"https:\/\/secure.gravatar.com\/avatar\/b720319e4c9a967eb58678d110f4fe35452fc5d5f97b202bac7b8acceb18c6ad?s=96&d=mm&r=g\",\"contentUrl\":\"https:\/\/secure.gravatar.com\/avatar\/b720319e4c9a967eb58678d110f4fe35452fc5d5f97b202bac7b8acceb18c6ad?s=96&d=mm&r=g\",\"caption\":\"Coordena\u00e7\u00e3o\"},\"sameAs\":[\"https:\/\/www.facebook.com\/EstrategiaConcursos\",\"https:\/\/x.com\/EstratConcursos\"],\"url\":\"https:\/\/www.estrategiaconcursos.com.br\/blog\/author\/estrategia2013\/\"}]}<\/script>\n<!-- \/ Yoast SEO Premium plugin. -->","yoast_head_json":{"title":"Concurso UFPB: edital passa por retifica\u00e7\u00f5es","description":"Concurso UFPB: inscri\u00e7\u00f5es abertas com 127 vagas para T\u00e9cnicos Administrativos em Educa\u00e7\u00e3o de n\u00edvel M\u00e9dio e superior; Saiba mais!","robots":{"index":"index","follow":"follow","max-snippet":"max-snippet:-1","max-image-preview":"max-image-preview:large","max-video-preview":"max-video-preview:-1"},"canonical":"https:\/\/www.estrategiaconcursos.com.br\/blog\/concurso-ufpb-2\/","og_locale":"pt_BR","og_type":"article","og_title":"Concurso UFPB: edital passa por retifica\u00e7\u00f5es","og_description":"Concurso UFPB: inscri\u00e7\u00f5es abertas com 127 vagas para T\u00e9cnicos Administrativos em Educa\u00e7\u00e3o de n\u00edvel M\u00e9dio e superior; Saiba mais!","og_url":"https:\/\/www.estrategiaconcursos.com.br\/blog\/concurso-ufpb-2\/","og_site_name":"Estrat\u00e9gia Concursos","article_author":"https:\/\/www.facebook.com\/EstrategiaConcursos","article_published_time":"2019-01-11T08:00:43+00:00","article_modified_time":"2021-05-13T14:00:46+00:00","og_image":[{"width":400,"height":209,"url":"https:\/\/dhg1h5j42swfq.cloudfront.net\/2019\/02\/26105427\/UFPB-e1551189276512.jpg","type":"image\/jpeg"}],"author":"Coordena\u00e7\u00e3o","twitter_card":"summary_large_image","twitter_creator":"@EstratConcursos","twitter_site":"@EstratConcursos","twitter_misc":{"Escrito por":"Coordena\u00e7\u00e3o","Est. tempo de leitura":"4 minutos"},"schema":{"@context":"https:\/\/schema.org","@graph":[{"@type":"NewsArticle","@id":"https:\/\/www.estrategiaconcursos.com.br\/blog\/concurso-ufpb-2\/#article","isPartOf":{"@id":"https:\/\/www.estrategiaconcursos.com.br\/blog\/concurso-ufpb-2\/"},"author":{"name":"Coordena\u00e7\u00e3o","@id":"https:\/\/www.estrategiaconcursos.com.br\/blog\/#\/schema\/person\/b4a388c97673c5f483d72185668afa1f"},"headline":"Concurso UFPB: edital passa por retifica\u00e7\u00f5es","datePublished":"2019-01-11T08:00:43+00:00","dateModified":"2021-05-13T14:00:46+00:00","mainEntityOfPage":{"@id":"https:\/\/www.estrategiaconcursos.com.br\/blog\/concurso-ufpb-2\/"},"wordCount":721,"commentCount":27,"publisher":{"@id":"https:\/\/www.estrategiaconcursos.com.br\/blog\/#organization"},"image":{"@id":"https:\/\/www.estrategiaconcursos.com.br\/blog\/concurso-ufpb-2\/#primaryimage"},"thumbnailUrl":"https:\/\/dhg1h5j42swfq.cloudfront.net\/2019\/02\/26105427\/UFPB-e1551189276512.jpg","articleSection":["Concursos P\u00fablicos"],"inLanguage":"pt-BR","potentialAction":[{"@type":"CommentAction","name":"Comment","target":["https:\/\/www.estrategiaconcursos.com.br\/blog\/concurso-ufpb-2\/#respond"]}],"copyrightYear":"2019","copyrightHolder":{"@id":"https:\/\/www.estrategiaconcursos.com.br\/blog\/#organization"}},{"@type":"WebPage","@id":"https:\/\/www.estrategiaconcursos.com.br\/blog\/concurso-ufpb-2\/","url":"https:\/\/www.estrategiaconcursos.com.br\/blog\/concurso-ufpb-2\/","name":"Concurso UFPB: edital passa por retifica\u00e7\u00f5es","isPartOf":{"@id":"https:\/\/www.estrategiaconcursos.com.br\/blog\/#website"},"primaryImageOfPage":{"@id":"https:\/\/www.estrategiaconcursos.com.br\/blog\/concurso-ufpb-2\/#primaryimage"},"image":{"@id":"https:\/\/www.estrategiaconcursos.com.br\/blog\/concurso-ufpb-2\/#primaryimage"},"thumbnailUrl":"https:\/\/dhg1h5j42swfq.cloudfront.net\/2019\/02\/26105427\/UFPB-e1551189276512.jpg","datePublished":"2019-01-11T08:00:43+00:00","dateModified":"2021-05-13T14:00:46+00:00","description":"Concurso UFPB: inscri\u00e7\u00f5es abertas com 127 vagas para T\u00e9cnicos Administrativos em Educa\u00e7\u00e3o de n\u00edvel M\u00e9dio e superior; Saiba mais!","breadcrumb":{"@id":"https:\/\/www.estrategiaconcursos.com.br\/blog\/concurso-ufpb-2\/#breadcrumb"},"inLanguage":"pt-BR","potentialAction":[{"@type":"ReadAction","target":["https:\/\/www.estrategiaconcursos.com.br\/blog\/concurso-ufpb-2\/"]}]},{"@type":"ImageObject","inLanguage":"pt-BR","@id":"https:\/\/www.estrategiaconcursos.com.br\/blog\/concurso-ufpb-2\/#primaryimage","url":"https:\/\/dhg1h5j42swfq.cloudfront.net\/2019\/02\/26105427\/UFPB-e1551189276512.jpg","contentUrl":"https:\/\/dhg1h5j42swfq.cloudfront.net\/2019\/02\/26105427\/UFPB-e1551189276512.jpg","width":400,"height":209,"caption":"edital UFPB"},{"@type":"BreadcrumbList","@id":"https:\/\/www.estrategiaconcursos.com.br\/blog\/concurso-ufpb-2\/#breadcrumb","itemListElement":[{"@type":"ListItem","position":1,"name":"In\u00edcio","item":"https:\/\/www.estrategiaconcursos.com.br\/blog\/"},{"@type":"ListItem","position":2,"name":"Concurso UFPB: edital passa por retifica\u00e7\u00f5es"}]},{"@type":"WebSite","@id":"https:\/\/www.estrategiaconcursos.com.br\/blog\/#website","url":"https:\/\/www.estrategiaconcursos.com.br\/blog\/","name":"Estrat\u00e9gia Concursos","description":"O blog da Estrat\u00e9gia Concursos traz not\u00edcias sobre concursos e artigos de professores oferecendo cursos para concursos (pdf + videaulas) no site.","publisher":{"@id":"https:\/\/www.estrategiaconcursos.com.br\/blog\/#organization"},"potentialAction":[{"@type":"SearchAction","target":{"@type":"EntryPoint","urlTemplate":"https:\/\/www.estrategiaconcursos.com.br\/blog\/?s={search_term_string}"},"query-input":{"@type":"PropertyValueSpecification","valueRequired":true,"valueName":"search_term_string"}}],"inLanguage":"pt-BR"},{"@type":"Organization","@id":"https:\/\/www.estrategiaconcursos.com.br\/blog\/#organization","name":"Estrat\u00e9gia Concursos","url":"https:\/\/www.estrategiaconcursos.com.br\/blog\/","logo":{"@type":"ImageObject","inLanguage":"pt-BR","@id":"https:\/\/www.estrategiaconcursos.com.br\/blog\/#\/schema\/logo\/image\/","url":"https:\/\/dhg1h5j42swfq.cloudfront.net\/2025\/06\/03203428\/logo_concursos-1.jpg","contentUrl":"https:\/\/dhg1h5j42swfq.cloudfront.net\/2025\/06\/03203428\/logo_concursos-1.jpg","width":230,"height":60,"caption":"Estrat\u00e9gia Concursos"},"image":{"@id":"https:\/\/www.estrategiaconcursos.com.br\/blog\/#\/schema\/logo\/image\/"},"sameAs":["https:\/\/x.com\/EstratConcursos"]},{"@type":"Person","@id":"https:\/\/www.estrategiaconcursos.com.br\/blog\/#\/schema\/person\/b4a388c97673c5f483d72185668afa1f","name":"Coordena\u00e7\u00e3o","image":{"@type":"ImageObject","inLanguage":"pt-BR","@id":"https:\/\/secure.gravatar.com\/avatar\/b720319e4c9a967eb58678d110f4fe35452fc5d5f97b202bac7b8acceb18c6ad?s=96&d=mm&r=g","url":"https:\/\/secure.gravatar.com\/avatar\/b720319e4c9a967eb58678d110f4fe35452fc5d5f97b202bac7b8acceb18c6ad?s=96&d=mm&r=g","contentUrl":"https:\/\/secure.gravatar.com\/avatar\/b720319e4c9a967eb58678d110f4fe35452fc5d5f97b202bac7b8acceb18c6ad?s=96&d=mm&r=g","caption":"Coordena\u00e7\u00e3o"},"sameAs":["https:\/\/www.facebook.com\/EstrategiaConcursos","https:\/\/x.com\/EstratConcursos"],"url":"https:\/\/www.estrategiaconcursos.com.br\/blog\/author\/estrategia2013\/"}]}},"_links":{"self":[{"href":"https:\/\/www.estrategiaconcursos.com.br\/blog\/wp-json\/wp\/v2\/posts\/154455","targetHints":{"allow":["GET"]}}],"collection":[{"href":"https:\/\/www.estrategiaconcursos.com.br\/blog\/wp-json\/wp\/v2\/posts"}],"about":[{"href":"https:\/\/www.estrategiaconcursos.com.br\/blog\/wp-json\/wp\/v2\/types\/post"}],"author":[{"embeddable":true,"href":"https:\/\/www.estrategiaconcursos.com.br\/blog\/wp-json\/wp\/v2\/users\/1"}],"replies":[{"embeddable":true,"href":"https:\/\/www.estrategiaconcursos.com.br\/blog\/wp-json\/wp\/v2\/comments?post=154455"}],"version-history":[{"count":22,"href":"https:\/\/www.estrategiaconcursos.com.br\/blog\/wp-json\/wp\/v2\/posts\/154455\/revisions"}],"predecessor-version":[{"id":739528,"href":"https:\/\/www.estrategiaconcursos.com.br\/blog\/wp-json\/wp\/v2\/posts\/154455\/revisions\/739528"}],"wp:featuredmedia":[{"embeddable":true,"href":"https:\/\/www.estrategiaconcursos.com.br\/blog\/wp-json\/wp\/v2\/media\/168153"}],"wp:attachment":[{"href":"https:\/\/www.estrategiaconcursos.com.br\/blog\/wp-json\/wp\/v2\/media?parent=154455"}],"wp:term":[{"taxonomy":"category","embeddable":true,"href":"https:\/\/www.estrategiaconcursos.com.br\/blog\/wp-json\/wp\/v2\/categories?post=154455"},{"taxonomy":"post_tag","embeddable":true,"href":"https:\/\/www.estrategiaconcursos.com.br\/blog\/wp-json\/wp\/v2\/tags?post=154455"},{"taxonomy":"tax_estado","embeddable":true,"href":"https:\/\/www.estrategiaconcursos.com.br\/blog\/wp-json\/wp\/v2\/tax_estado?post=154455"}],"curies":[{"name":"wp","href":"https:\/\/api.w.org\/{rel}","templated":true}]}}