{"id":1544191,"date":"2025-03-12T17:40:27","date_gmt":"2025-03-12T20:40:27","guid":{"rendered":"https:\/\/www.estrategiaconcursos.com.br\/blog\/?p=1544191"},"modified":"2026-02-03T14:46:51","modified_gmt":"2026-02-03T17:46:51","slug":"concurso-guarda-lajeado-rs","status":"publish","type":"post","link":"https:\/\/www.estrategiaconcursos.com.br\/blog\/concurso-guarda-lajeado-rs\/","title":{"rendered":"Concurso Guarda de Lajeado RS: edital no primeiro semestre"},"content":{"rendered":"\n<p class=\"has-text-align-center\" style=\"font-size:clamp(15.197px, 0.95rem + ((1vw - 3.2px) * 0.765), 23px);\"><em><strong>Edital do Concurso Guarda Lajeado RS \u00e9 previsto para o primeiro semestre de 2025; 13 vagas de n\u00edvel m\u00e9dio est\u00e3o previstas<\/strong><\/em><\/p>\n\n\n\n<div style=\"height:20px\" aria-hidden=\"true\" class=\"wp-block-spacer\"><\/div>\n\n\n\n<hr class=\"wp-block-separator has-alpha-channel-opacity\"\/>\n\n\n<p><center><a id=\"cta-icon\" href=\"https:\/\/sndflw.com\/i\/guarda-lajeado-grupo\" target=\"_blank\" style=\"background:#29a61a; display:inline-flex; align-items:center; padding:10px 15px; border-radius:6px; color:#fff; text-decoration:none; font-weight:500; font-size:15px;\"><img decoding=\"async\" src=\"https:\/\/dhg1h5j42swfq.cloudfront.net\/2023\/12\/07154107\/whatsapp_13851.png\" alt=\"\" style=\"width:20px; height:20px; margin-right:8px;\"><span>Acesse agora o Grupo de Estudos para o Concurso Guarda Lajeado<\/span><\/a><\/center><\/p>\n\n\n\n<div style=\"height:20px\" aria-hidden=\"true\" class=\"wp-block-spacer\"><\/div>\n\n\n\n<p>A realiza\u00e7\u00e3o de um novo <strong>concurso Guarda de Lajeado, <\/strong>localizada no Rio Grande do Sul, est\u00e1 prevista para ocorrer ainda no <strong>primeiro semestre deste ano.<\/strong><\/p>\n\n\n\n<p>A informa\u00e7\u00e3o foi confirmada durante entrevista realizada pelo secret\u00e1rio de Seguran\u00e7a P\u00fablica do Munic\u00edpio, Paulo Locatelli. Este ser\u00e1 o primeiro concurso da carreira, cujo efetivo era composto pelos atuais Fiscais de Tr\u00e2nsito.<\/p>\n\n\n\n<p>Ao todo, ser\u00e3o ofertadas <strong>13 vagas para a carreira,<\/strong> que exige forma\u00e7\u00e3o de n\u00edvel m\u00e9dio. O<strong> sal\u00e1rio inicial \u00e9 de R$ 3.630,10.<\/strong><\/p>\n\n\n\n<ul class=\"wp-block-list has-very-light-gray-to-cyan-bluish-gray-gradient-background has-background\">\n<li><strong>Concurso Guarda de Lajeado &#8211; RS<\/strong><\/li>\n\n\n\n<li><strong>Status<\/strong>: previsto<\/li>\n\n\n\n<li><strong>Banca: <\/strong>a definir<\/li>\n\n\n\n<li><strong style=\"background-color: initial;\">Vagas<\/strong><span style=\"background-color: initial;\">: <\/span>13<\/li>\n\n\n\n<li><strong>Sal\u00e1rio<\/strong>: R$ 3.630,10<\/li>\n<\/ul>\n\n\n\n<p>A fim de te deixar sempre bem informado, elaboramos este artigo com as principais informa\u00e7\u00f5es e novidades sobre o concurso. Acompanhe os t\u00f3picos abaixo e n\u00e3o perca nenhum detalhe!<\/p>\n\n\n\n<ul id=\"indice\" class=\"wp-block-list\">\n<li><a href=\"#situ\">Situa\u00e7\u00e3o atual<\/a>\n<ul class=\"wp-block-list\">\n<li><a href=\"#h-edital-previsto\">Previsto<\/a><\/li>\n<\/ul>\n<\/li>\n\n\n\n<li><a href=\"#gcm\">Sobre a GCM<\/a>\n<ul class=\"wp-block-list\">\n<li><a href=\"#cria\">Cria\u00e7\u00e3o<\/a><\/li>\n\n\n\n<li><a href=\"#remunera\">Remunera\u00e7\u00e3o<\/a><\/li>\n<\/ul>\n<\/li>\n\n\n\n<li><a href=\"#curso\">Cursos e assinaturas<\/a><\/li>\n\n\n\n<li><a href=\"#ficha\">Ficha t\u00e9cnica<\/a><\/li>\n<\/ul>\n\n\n\n<div id=\"boxes\" class=\"container\">\n<div class=\"row\">\n<div class=\"col-sm\">\n<div id=\"box-assinatura\" class=\"banner-guarda-gcm\">\n<h2 class=\"titulo-assinatura\">Concurso Guarda de Lajeado RS<\/h2>\n<p class=\"subtitulo-assinatura\">Prepara\u00e7\u00e3o completa para GCM Lajeado RS!<\/p>\n<div class=\"box-botao\"><a class=\"btn-assinatura\" role=\"button\" href=\"https:\/\/www.estrategiaconcursos.com.br\/pesquisa\/?q=Guarda+de+Lajeado+RS\" target=\"_blank\" rel=\"noopener noreferrer\">VER CURSOS<\/a><\/div>\n<\/div>\n\n<\/div>\n<\/div>\n<\/div>\n\n\n\n<h2 class=\"wp-block-heading\" id=\"situ\">Situa\u00e7\u00e3o atual do concurso Guarda de Lajeado<\/h2>\n\n\n\n<p>Veja abaixo as informa\u00e7\u00f5es mais importantes sobre o Concurso Guarda de Lajeado:<\/p>\n\n\n\n<h3 class=\"wp-block-heading\" id=\"h-edital-previsto\">Edital previsto<\/h3>\n\n\n\n<p>Um novo concurso p\u00fablico para a Guarda de Lajeado, no Rio Grande do Sul, est\u00e1 previsto para o primeiro semestre. A informa\u00e7\u00e3o foi confirmada pelo secret\u00e1rio de Seguran\u00e7a P\u00fablica do munic\u00edpio, Paulo Locatelli, em entrevista.<\/p>\n\n\n\n<p>Ser\u00e3o oferecidas <strong>13 vagas <\/strong>para candidatos com ensino m\u00e9dio completo, com sal\u00e1rio inicial de R$ 3.630,10. Vale destacar que este ser\u00e1 o primeiro concurso da carreira, cujo efetivo, at\u00e9 ent\u00e3o, era formado pelos Fiscais de Tr\u00e2nsito.<\/p>\n\n\n\n<h2 class=\"wp-block-heading\" id=\"h-sobre-a-guarda-de-lajeado-rs\">Sobre a Guarda de Lajeado RS<\/h2>\n\n\n\n<h3 class=\"wp-block-heading\" id=\"h-criacao-da-carreira\">Cria\u00e7\u00e3o da carreira<\/h3>\n\n\n\n<p>Os vereadores de Lajeado aprovaram o Projeto de Lei (PL) n\u00ba 083\/2023, que instituiu a Guarda Civil Municipal (GCML).<\/p>\n\n\n\n<p>O \u00f3rg\u00e3o trata-se de uma for\u00e7a de seguran\u00e7a p\u00fablica, uniformizada e armada, com atribui\u00e7\u00f5es de pol\u00edcia administrativa e fiscaliza\u00e7\u00e3o de tr\u00e2nsito.<\/p>\n\n\n\n<p>A nova guarda ser\u00e1 composta pelos atuais Fiscais de Tr\u00e2nsito que forem aprovados em cursos de forma\u00e7\u00e3o espec\u00edfica, incluindo habilita\u00e7\u00e3o para porte de arma.<\/p>\n\n\n\n<p>Aqueles que n\u00e3o passarem na requalifica\u00e7\u00e3o seguir\u00e3o nas fun\u00e7\u00f5es de tr\u00e2nsito. Al\u00e9m das 35 vagas j\u00e1 existentes, um concurso p\u00fablico ser\u00e1 realizado para preencher mais 13 postos, totalizando 48 agentes.<\/p>\n\n\n\n<h3 class=\"wp-block-heading\" id=\"remunera\">Remunera\u00e7\u00e3o<\/h3>\n\n\n\n<p>O sal\u00e1rio inicial para os novos integrantes da Guarda de Lajeado ser\u00e1 de R$ 3.630,10, conforme informa\u00e7\u00f5es do <a href=\"https:\/\/transparencia.lajeado.rs.gov.br\/rhsysportaltransp\/#!\/relacaoservidoresmes\" target=\"_blank\" rel=\"noreferrer noopener\">Portal da Transpar\u00eancia da prefeitura de Lajeado<\/a>.<\/p>\n\n\n\n<figure class=\"wp-block-image aligncenter size-full\"><img loading=\"lazy\" decoding=\"async\" width=\"961\" height=\"600\" src=\"https:\/\/dhg1h5j42swfq.cloudfront.net\/2025\/03\/12173411\/image-102.png\" alt=\"remunera\u00e7\u00e3o do concurso guarda lajeado rs\" class=\"wp-image-1544192\" srcset=\"https:\/\/dhg1h5j42swfq.cloudfront.net\/2025\/03\/12173411\/image-102.png 961w, https:\/\/dhg1h5j42swfq.cloudfront.net\/2025\/03\/12173411\/image-102-300x187.png 300w, https:\/\/dhg1h5j42swfq.cloudfront.net\/2025\/03\/12173411\/image-102-768x480.png 768w, https:\/\/dhg1h5j42swfq.cloudfront.net\/2025\/03\/12173411\/image-102-150x94.png 150w\" sizes=\"auto, (max-width: 961px) 100vw, 961px\" \/><figcaption class=\"wp-element-caption\">Remunera\u00e7\u00e3o do concurso GCM Lajeado RS<\/figcaption><\/figure>\n\n\n\n<hr class=\"wp-block-separator has-alpha-channel-opacity\"\/>\n\n\n\n<h2 class=\"wp-block-heading has-text-align-center\" id=\"h-quer-saber-tudo-sobre-os-concursos-previstos-confira-nossos-artigos\">Quer saber tudo sobre os concursos previstos?<br \/>Confira nossos artigos!<\/h2>\n\n\n\n<ul class=\"wp-block-list\">\n<li><a href=\"https:\/\/www.estrategiaconcursos.com.br\/blog\/concursos-guarda-municipal\/\" target=\"_blank\" rel=\"noreferrer noopener\">Concursos Guarda Municipal<\/a><\/li>\n\n\n\n<li><a href=\"https:\/\/www.estrategiaconcursos.com.br\/blog\/concursos-abertos\/\" target=\"_blank\" rel=\"noreferrer noopener\">Concursos abertos<\/a><\/li>\n\n\n\n<li><a href=\"https:\/\/www.estrategiaconcursos.com.br\/blog\/concursos-2026\/\" target=\"_blank\" rel=\"noreferrer noopener\">Concursos 2026<\/a><\/li>\n<\/ul>\n\n\n\n<h2 class=\"wp-block-heading has-text-align-center\" id=\"cursos-assinatura\">Quer estudar para o concurso Guarda de Lajeado RS?<\/h2>\n\n\n\n<div id=\"boxes\" class=\"container\">\n<div class=\"row\">\n<div class=\"col-sm\">\n<div id=\"box-assinatura\" class=\"banner-guarda-gcm\">\n<h2 class=\"titulo-assinatura\">Concurso GCM Lajeado<\/h2>\n<p class=\"subtitulo-assinatura\">Prepara\u00e7\u00e3o completa para GCM Lajeado RS!<\/p>\n<div class=\"box-botao\"><a class=\"btn-assinatura\" role=\"button\" href=\"https:\/\/www.estrategiaconcursos.com.br\/pesquisa\/?q=Guarda+de+Lajeado+RS\" target=\"_blank\" rel=\"noopener noreferrer\">VER CURSOS<\/a><\/div>\n<\/div>\n\n<\/div>\n<\/div>\n<\/div>\n\n\n\n<div class=\"container\" id=\"boxes\">\n  <div class=\"row\">\n\n    <div class=\"col-sm\">\n      <div class=\"estrategia\" id=\"box-assinatura\">\n        <h3 class=\"titulo-assinatura\">Assinatura Concursos<\/h3>\n        <p class=\"subtitulo-assinatura\">Assinatura de 1 ano ou 2 anos<\/p>\n        <div class=\"box-botao\">\n          <a class=\"btn-assinatura\" target=\"_blank\" href=\"https:\/\/www.estrategiaconcursos.com.br\/assinaturas\/\" role=\"button\" rel=\"noopener noreferrer\">ASSINE AGORA<\/a>\n        <\/div>\n      <\/div><\/div><\/div><\/div>\n\n\n\n<figure class=\"wp-block-image size-large is-resized\"><img loading=\"lazy\" decoding=\"async\" width=\"1024\" height=\"632\" src=\"https:\/\/dhg1h5j42swfq.cloudfront.net\/2021\/04\/22113656\/ficha-tecnica-1-1024x632-1-8.png\" alt=\"Ficha t\u00e9cnica \" class=\"wp-image-720787\" style=\"width:283px;height:auto\" srcset=\"https:\/\/dhg1h5j42swfq.cloudfront.net\/2021\/04\/22113656\/ficha-tecnica-1-1024x632-1-8.png 1024w, https:\/\/dhg1h5j42swfq.cloudfront.net\/2021\/04\/22113656\/ficha-tecnica-1-1024x632-1-8-300x185.png 300w, https:\/\/dhg1h5j42swfq.cloudfront.net\/2021\/04\/22113656\/ficha-tecnica-1-1024x632-1-8-768x474.png 768w, https:\/\/dhg1h5j42swfq.cloudfront.net\/2021\/04\/22113656\/ficha-tecnica-1-1024x632-1-8-610x376.png 610w\" sizes=\"auto, (max-width: 1024px) 100vw, 1024px\" \/><\/figure>\n\n\n\n<h3 class=\"wp-block-heading\" id=\"h-informacoes-do-concurso-guarda-de-lajeado-rs\">Informa\u00e7\u00f5es do concurso Guarda de Lajeado RS<\/h3>\n\n\n\n<ul class=\"wp-block-list\">\n<li><strong>Previs\u00e3o<\/strong>: 2025<\/li>\n\n\n\n<li><strong>Vagas<\/strong>: 13<\/li>\n\n\n\n<li><strong>Cargos<\/strong>: Guarda Civil Municipal<\/li>\n\n\n\n<li><strong>Banca<\/strong>: a definir<\/li>\n<\/ul>\n","protected":false},"excerpt":{"rendered":"<p>Edital do Concurso Guarda Lajeado RS \u00e9 previsto para o primeiro semestre de 2025; 13 vagas de n\u00edvel m\u00e9dio est\u00e3o previstas A realiza\u00e7\u00e3o de um novo concurso Guarda de Lajeado, localizada no Rio Grande do Sul, est\u00e1 prevista para ocorrer ainda no primeiro semestre deste ano. A informa\u00e7\u00e3o foi confirmada durante entrevista realizada pelo secret\u00e1rio [&hellip;]<\/p>\n","protected":false},"author":1,"featured_media":1544608,"comment_status":"open","ping_status":"closed","sticky":false,"template":"","format":"standard","meta":{"post_tipo":"news_page","footnotes":""},"categories":[220189],"tags":[],"tax_estado":[219986],"class_list":["post-1544191","post","type-post","status-publish","format-standard","has-post-thumbnail","hentry","category-policial-guarda-civis","tax_estado-rs"],"acf":[],"yoast_head":"<!-- This site is optimized with the Yoast SEO Premium plugin v27.2 (Yoast SEO v27.2) - https:\/\/yoast.com\/product\/yoast-seo-premium-wordpress\/ -->\n<title>Concurso Guarda de Lajeado RS: edital no primeiro semestre<\/title>\n<meta name=\"description\" content=\"Edital do Concurso Guarda Lajeado RS \u00e9 previsto para o primeiro semestre de 2025. Ser\u00e3o ofertadas 13 vagas de n\u00edvel m\u00e9dio. Veja os detalhes!\" \/>\n<meta name=\"robots\" content=\"index, follow, max-snippet:-1, max-image-preview:large, max-video-preview:-1\" \/>\n<link rel=\"canonical\" href=\"https:\/\/www.estrategiaconcursos.com.br\/blog\/concurso-guarda-lajeado-rs\/\" \/>\n<meta property=\"og:locale\" content=\"pt_BR\" \/>\n<meta property=\"og:type\" content=\"article\" \/>\n<meta property=\"og:title\" content=\"Concurso Guarda de Lajeado RS: edital no primeiro semestre\" \/>\n<meta property=\"og:description\" content=\"Edital do Concurso Guarda Lajeado RS \u00e9 previsto para o primeiro semestre de 2025. Ser\u00e3o ofertadas 13 vagas de n\u00edvel m\u00e9dio. Veja os detalhes!\" \/>\n<meta property=\"og:url\" content=\"https:\/\/www.estrategiaconcursos.com.br\/blog\/concurso-guarda-lajeado-rs\/\" \/>\n<meta property=\"og:site_name\" content=\"Estrat\u00e9gia Concursos\" \/>\n<meta property=\"article:author\" content=\"https:\/\/www.facebook.com\/EstrategiaConcursos\" \/>\n<meta property=\"article:published_time\" content=\"2025-03-12T20:40:27+00:00\" \/>\n<meta property=\"article:modified_time\" content=\"2026-02-03T17:46:51+00:00\" \/>\n<meta property=\"og:image\" content=\"https:\/\/dhg1h5j42swfq.cloudfront.net\/2025\/03\/13130718\/concurso-guarda-de-lajeado-rs.webp\" \/>\n\t<meta property=\"og:image:width\" content=\"768\" \/>\n\t<meta property=\"og:image:height\" content=\"432\" \/>\n\t<meta property=\"og:image:type\" content=\"image\/webp\" \/>\n<meta name=\"author\" content=\"Coordena\u00e7\u00e3o\" \/>\n<meta name=\"twitter:card\" content=\"summary_large_image\" \/>\n<meta name=\"twitter:creator\" content=\"@EstratConcursos\" \/>\n<meta name=\"twitter:site\" content=\"@EstratConcursos\" \/>\n<meta name=\"twitter:label1\" content=\"Escrito por\" \/>\n\t<meta name=\"twitter:data1\" content=\"Coordena\u00e7\u00e3o\" \/>\n\t<meta name=\"twitter:label2\" content=\"Est. tempo de leitura\" \/>\n\t<meta name=\"twitter:data2\" content=\"3 minutos\" \/>\n<script type=\"application\/ld+json\" class=\"yoast-schema-graph\">{\"@context\":\"https:\/\/schema.org\",\"@graph\":[{\"@type\":\"NewsArticle\",\"@id\":\"https:\/\/www.estrategiaconcursos.com.br\/blog\/concurso-guarda-lajeado-rs\/#article\",\"isPartOf\":{\"@id\":\"https:\/\/www.estrategiaconcursos.com.br\/blog\/concurso-guarda-lajeado-rs\/\"},\"author\":{\"name\":\"Coordena\u00e7\u00e3o\",\"@id\":\"https:\/\/www.estrategiaconcursos.com.br\/blog\/#\/schema\/person\/b4a388c97673c5f483d72185668afa1f\"},\"headline\":\"Concurso Guarda de Lajeado RS: edital no primeiro semestre\",\"datePublished\":\"2025-03-12T20:40:27+00:00\",\"dateModified\":\"2026-02-03T17:46:51+00:00\",\"mainEntityOfPage\":{\"@id\":\"https:\/\/www.estrategiaconcursos.com.br\/blog\/concurso-guarda-lajeado-rs\/\"},\"wordCount\":551,\"commentCount\":0,\"publisher\":{\"@id\":\"https:\/\/www.estrategiaconcursos.com.br\/blog\/#organization\"},\"image\":{\"@id\":\"https:\/\/www.estrategiaconcursos.com.br\/blog\/concurso-guarda-lajeado-rs\/#primaryimage\"},\"thumbnailUrl\":\"https:\/\/dhg1h5j42swfq.cloudfront.net\/2025\/03\/13130718\/concurso-guarda-de-lajeado-rs.webp\",\"articleSection\":[\"Policial (Guardas Civis)\"],\"inLanguage\":\"pt-BR\",\"potentialAction\":[{\"@type\":\"CommentAction\",\"name\":\"Comment\",\"target\":[\"https:\/\/www.estrategiaconcursos.com.br\/blog\/concurso-guarda-lajeado-rs\/#respond\"]}],\"copyrightYear\":\"2025\",\"copyrightHolder\":{\"@id\":\"https:\/\/www.estrategiaconcursos.com.br\/blog\/#organization\"}},{\"@type\":\"WebPage\",\"@id\":\"https:\/\/www.estrategiaconcursos.com.br\/blog\/concurso-guarda-lajeado-rs\/\",\"url\":\"https:\/\/www.estrategiaconcursos.com.br\/blog\/concurso-guarda-lajeado-rs\/\",\"name\":\"Concurso Guarda de Lajeado RS: edital no primeiro semestre\",\"isPartOf\":{\"@id\":\"https:\/\/www.estrategiaconcursos.com.br\/blog\/#website\"},\"primaryImageOfPage\":{\"@id\":\"https:\/\/www.estrategiaconcursos.com.br\/blog\/concurso-guarda-lajeado-rs\/#primaryimage\"},\"image\":{\"@id\":\"https:\/\/www.estrategiaconcursos.com.br\/blog\/concurso-guarda-lajeado-rs\/#primaryimage\"},\"thumbnailUrl\":\"https:\/\/dhg1h5j42swfq.cloudfront.net\/2025\/03\/13130718\/concurso-guarda-de-lajeado-rs.webp\",\"datePublished\":\"2025-03-12T20:40:27+00:00\",\"dateModified\":\"2026-02-03T17:46:51+00:00\",\"description\":\"Edital do Concurso Guarda Lajeado RS \u00e9 previsto para o primeiro semestre de 2025. Ser\u00e3o ofertadas 13 vagas de n\u00edvel m\u00e9dio. Veja os detalhes!\",\"breadcrumb\":{\"@id\":\"https:\/\/www.estrategiaconcursos.com.br\/blog\/concurso-guarda-lajeado-rs\/#breadcrumb\"},\"inLanguage\":\"pt-BR\",\"potentialAction\":[{\"@type\":\"ReadAction\",\"target\":[\"https:\/\/www.estrategiaconcursos.com.br\/blog\/concurso-guarda-lajeado-rs\/\"]}]},{\"@type\":\"ImageObject\",\"inLanguage\":\"pt-BR\",\"@id\":\"https:\/\/www.estrategiaconcursos.com.br\/blog\/concurso-guarda-lajeado-rs\/#primaryimage\",\"url\":\"https:\/\/dhg1h5j42swfq.cloudfront.net\/2025\/03\/13130718\/concurso-guarda-de-lajeado-rs.webp\",\"contentUrl\":\"https:\/\/dhg1h5j42swfq.cloudfront.net\/2025\/03\/13130718\/concurso-guarda-de-lajeado-rs.webp\",\"width\":768,\"height\":432,\"caption\":\"Concurso Guarda de Lajeado RS\"},{\"@type\":\"BreadcrumbList\",\"@id\":\"https:\/\/www.estrategiaconcursos.com.br\/blog\/concurso-guarda-lajeado-rs\/#breadcrumb\",\"itemListElement\":[{\"@type\":\"ListItem\",\"position\":1,\"name\":\"In\u00edcio\",\"item\":\"https:\/\/www.estrategiaconcursos.com.br\/blog\/\"},{\"@type\":\"ListItem\",\"position\":2,\"name\":\"Concurso Guarda de Lajeado RS: edital no primeiro semestre\"}]},{\"@type\":\"WebSite\",\"@id\":\"https:\/\/www.estrategiaconcursos.com.br\/blog\/#website\",\"url\":\"https:\/\/www.estrategiaconcursos.com.br\/blog\/\",\"name\":\"Estrat\u00e9gia Concursos\",\"description\":\"O blog da Estrat\u00e9gia Concursos traz not\u00edcias sobre concursos e artigos de professores oferecendo cursos para concursos (pdf + videaulas) no site.\",\"publisher\":{\"@id\":\"https:\/\/www.estrategiaconcursos.com.br\/blog\/#organization\"},\"potentialAction\":[{\"@type\":\"SearchAction\",\"target\":{\"@type\":\"EntryPoint\",\"urlTemplate\":\"https:\/\/www.estrategiaconcursos.com.br\/blog\/?s={search_term_string}\"},\"query-input\":{\"@type\":\"PropertyValueSpecification\",\"valueRequired\":true,\"valueName\":\"search_term_string\"}}],\"inLanguage\":\"pt-BR\"},{\"@type\":\"Organization\",\"@id\":\"https:\/\/www.estrategiaconcursos.com.br\/blog\/#organization\",\"name\":\"Estrat\u00e9gia Concursos\",\"url\":\"https:\/\/www.estrategiaconcursos.com.br\/blog\/\",\"logo\":{\"@type\":\"ImageObject\",\"inLanguage\":\"pt-BR\",\"@id\":\"https:\/\/www.estrategiaconcursos.com.br\/blog\/#\/schema\/logo\/image\/\",\"url\":\"https:\/\/dhg1h5j42swfq.cloudfront.net\/2025\/06\/03203428\/logo_concursos-1.jpg\",\"contentUrl\":\"https:\/\/dhg1h5j42swfq.cloudfront.net\/2025\/06\/03203428\/logo_concursos-1.jpg\",\"width\":230,\"height\":60,\"caption\":\"Estrat\u00e9gia Concursos\"},\"image\":{\"@id\":\"https:\/\/www.estrategiaconcursos.com.br\/blog\/#\/schema\/logo\/image\/\"},\"sameAs\":[\"https:\/\/x.com\/EstratConcursos\"]},{\"@type\":\"Person\",\"@id\":\"https:\/\/www.estrategiaconcursos.com.br\/blog\/#\/schema\/person\/b4a388c97673c5f483d72185668afa1f\",\"name\":\"Coordena\u00e7\u00e3o\",\"image\":{\"@type\":\"ImageObject\",\"inLanguage\":\"pt-BR\",\"@id\":\"https:\/\/secure.gravatar.com\/avatar\/b720319e4c9a967eb58678d110f4fe35452fc5d5f97b202bac7b8acceb18c6ad?s=96&d=mm&r=g\",\"url\":\"https:\/\/secure.gravatar.com\/avatar\/b720319e4c9a967eb58678d110f4fe35452fc5d5f97b202bac7b8acceb18c6ad?s=96&d=mm&r=g\",\"contentUrl\":\"https:\/\/secure.gravatar.com\/avatar\/b720319e4c9a967eb58678d110f4fe35452fc5d5f97b202bac7b8acceb18c6ad?s=96&d=mm&r=g\",\"caption\":\"Coordena\u00e7\u00e3o\"},\"sameAs\":[\"https:\/\/www.facebook.com\/EstrategiaConcursos\",\"https:\/\/x.com\/EstratConcursos\"],\"url\":\"https:\/\/www.estrategiaconcursos.com.br\/blog\/author\/estrategia2013\/\"}]}<\/script>\n<!-- \/ Yoast SEO Premium plugin. -->","yoast_head_json":{"title":"Concurso Guarda de Lajeado RS: edital no primeiro semestre","description":"Edital do Concurso Guarda Lajeado RS \u00e9 previsto para o primeiro semestre de 2025. Ser\u00e3o ofertadas 13 vagas de n\u00edvel m\u00e9dio. Veja os detalhes!","robots":{"index":"index","follow":"follow","max-snippet":"max-snippet:-1","max-image-preview":"max-image-preview:large","max-video-preview":"max-video-preview:-1"},"canonical":"https:\/\/www.estrategiaconcursos.com.br\/blog\/concurso-guarda-lajeado-rs\/","og_locale":"pt_BR","og_type":"article","og_title":"Concurso Guarda de Lajeado RS: edital no primeiro semestre","og_description":"Edital do Concurso Guarda Lajeado RS \u00e9 previsto para o primeiro semestre de 2025. Ser\u00e3o ofertadas 13 vagas de n\u00edvel m\u00e9dio. Veja os detalhes!","og_url":"https:\/\/www.estrategiaconcursos.com.br\/blog\/concurso-guarda-lajeado-rs\/","og_site_name":"Estrat\u00e9gia Concursos","article_author":"https:\/\/www.facebook.com\/EstrategiaConcursos","article_published_time":"2025-03-12T20:40:27+00:00","article_modified_time":"2026-02-03T17:46:51+00:00","og_image":[{"width":768,"height":432,"url":"https:\/\/dhg1h5j42swfq.cloudfront.net\/2025\/03\/13130718\/concurso-guarda-de-lajeado-rs.webp","type":"image\/webp"}],"author":"Coordena\u00e7\u00e3o","twitter_card":"summary_large_image","twitter_creator":"@EstratConcursos","twitter_site":"@EstratConcursos","twitter_misc":{"Escrito por":"Coordena\u00e7\u00e3o","Est. tempo de leitura":"3 minutos"},"schema":{"@context":"https:\/\/schema.org","@graph":[{"@type":"NewsArticle","@id":"https:\/\/www.estrategiaconcursos.com.br\/blog\/concurso-guarda-lajeado-rs\/#article","isPartOf":{"@id":"https:\/\/www.estrategiaconcursos.com.br\/blog\/concurso-guarda-lajeado-rs\/"},"author":{"name":"Coordena\u00e7\u00e3o","@id":"https:\/\/www.estrategiaconcursos.com.br\/blog\/#\/schema\/person\/b4a388c97673c5f483d72185668afa1f"},"headline":"Concurso Guarda de Lajeado RS: edital no primeiro semestre","datePublished":"2025-03-12T20:40:27+00:00","dateModified":"2026-02-03T17:46:51+00:00","mainEntityOfPage":{"@id":"https:\/\/www.estrategiaconcursos.com.br\/blog\/concurso-guarda-lajeado-rs\/"},"wordCount":551,"commentCount":0,"publisher":{"@id":"https:\/\/www.estrategiaconcursos.com.br\/blog\/#organization"},"image":{"@id":"https:\/\/www.estrategiaconcursos.com.br\/blog\/concurso-guarda-lajeado-rs\/#primaryimage"},"thumbnailUrl":"https:\/\/dhg1h5j42swfq.cloudfront.net\/2025\/03\/13130718\/concurso-guarda-de-lajeado-rs.webp","articleSection":["Policial (Guardas Civis)"],"inLanguage":"pt-BR","potentialAction":[{"@type":"CommentAction","name":"Comment","target":["https:\/\/www.estrategiaconcursos.com.br\/blog\/concurso-guarda-lajeado-rs\/#respond"]}],"copyrightYear":"2025","copyrightHolder":{"@id":"https:\/\/www.estrategiaconcursos.com.br\/blog\/#organization"}},{"@type":"WebPage","@id":"https:\/\/www.estrategiaconcursos.com.br\/blog\/concurso-guarda-lajeado-rs\/","url":"https:\/\/www.estrategiaconcursos.com.br\/blog\/concurso-guarda-lajeado-rs\/","name":"Concurso Guarda de Lajeado RS: edital no primeiro semestre","isPartOf":{"@id":"https:\/\/www.estrategiaconcursos.com.br\/blog\/#website"},"primaryImageOfPage":{"@id":"https:\/\/www.estrategiaconcursos.com.br\/blog\/concurso-guarda-lajeado-rs\/#primaryimage"},"image":{"@id":"https:\/\/www.estrategiaconcursos.com.br\/blog\/concurso-guarda-lajeado-rs\/#primaryimage"},"thumbnailUrl":"https:\/\/dhg1h5j42swfq.cloudfront.net\/2025\/03\/13130718\/concurso-guarda-de-lajeado-rs.webp","datePublished":"2025-03-12T20:40:27+00:00","dateModified":"2026-02-03T17:46:51+00:00","description":"Edital do Concurso Guarda Lajeado RS \u00e9 previsto para o primeiro semestre de 2025. Ser\u00e3o ofertadas 13 vagas de n\u00edvel m\u00e9dio. Veja os detalhes!","breadcrumb":{"@id":"https:\/\/www.estrategiaconcursos.com.br\/blog\/concurso-guarda-lajeado-rs\/#breadcrumb"},"inLanguage":"pt-BR","potentialAction":[{"@type":"ReadAction","target":["https:\/\/www.estrategiaconcursos.com.br\/blog\/concurso-guarda-lajeado-rs\/"]}]},{"@type":"ImageObject","inLanguage":"pt-BR","@id":"https:\/\/www.estrategiaconcursos.com.br\/blog\/concurso-guarda-lajeado-rs\/#primaryimage","url":"https:\/\/dhg1h5j42swfq.cloudfront.net\/2025\/03\/13130718\/concurso-guarda-de-lajeado-rs.webp","contentUrl":"https:\/\/dhg1h5j42swfq.cloudfront.net\/2025\/03\/13130718\/concurso-guarda-de-lajeado-rs.webp","width":768,"height":432,"caption":"Concurso Guarda de Lajeado RS"},{"@type":"BreadcrumbList","@id":"https:\/\/www.estrategiaconcursos.com.br\/blog\/concurso-guarda-lajeado-rs\/#breadcrumb","itemListElement":[{"@type":"ListItem","position":1,"name":"In\u00edcio","item":"https:\/\/www.estrategiaconcursos.com.br\/blog\/"},{"@type":"ListItem","position":2,"name":"Concurso Guarda de Lajeado RS: edital no primeiro semestre"}]},{"@type":"WebSite","@id":"https:\/\/www.estrategiaconcursos.com.br\/blog\/#website","url":"https:\/\/www.estrategiaconcursos.com.br\/blog\/","name":"Estrat\u00e9gia Concursos","description":"O blog da Estrat\u00e9gia Concursos traz not\u00edcias sobre concursos e artigos de professores oferecendo cursos para concursos (pdf + videaulas) no site.","publisher":{"@id":"https:\/\/www.estrategiaconcursos.com.br\/blog\/#organization"},"potentialAction":[{"@type":"SearchAction","target":{"@type":"EntryPoint","urlTemplate":"https:\/\/www.estrategiaconcursos.com.br\/blog\/?s={search_term_string}"},"query-input":{"@type":"PropertyValueSpecification","valueRequired":true,"valueName":"search_term_string"}}],"inLanguage":"pt-BR"},{"@type":"Organization","@id":"https:\/\/www.estrategiaconcursos.com.br\/blog\/#organization","name":"Estrat\u00e9gia Concursos","url":"https:\/\/www.estrategiaconcursos.com.br\/blog\/","logo":{"@type":"ImageObject","inLanguage":"pt-BR","@id":"https:\/\/www.estrategiaconcursos.com.br\/blog\/#\/schema\/logo\/image\/","url":"https:\/\/dhg1h5j42swfq.cloudfront.net\/2025\/06\/03203428\/logo_concursos-1.jpg","contentUrl":"https:\/\/dhg1h5j42swfq.cloudfront.net\/2025\/06\/03203428\/logo_concursos-1.jpg","width":230,"height":60,"caption":"Estrat\u00e9gia Concursos"},"image":{"@id":"https:\/\/www.estrategiaconcursos.com.br\/blog\/#\/schema\/logo\/image\/"},"sameAs":["https:\/\/x.com\/EstratConcursos"]},{"@type":"Person","@id":"https:\/\/www.estrategiaconcursos.com.br\/blog\/#\/schema\/person\/b4a388c97673c5f483d72185668afa1f","name":"Coordena\u00e7\u00e3o","image":{"@type":"ImageObject","inLanguage":"pt-BR","@id":"https:\/\/secure.gravatar.com\/avatar\/b720319e4c9a967eb58678d110f4fe35452fc5d5f97b202bac7b8acceb18c6ad?s=96&d=mm&r=g","url":"https:\/\/secure.gravatar.com\/avatar\/b720319e4c9a967eb58678d110f4fe35452fc5d5f97b202bac7b8acceb18c6ad?s=96&d=mm&r=g","contentUrl":"https:\/\/secure.gravatar.com\/avatar\/b720319e4c9a967eb58678d110f4fe35452fc5d5f97b202bac7b8acceb18c6ad?s=96&d=mm&r=g","caption":"Coordena\u00e7\u00e3o"},"sameAs":["https:\/\/www.facebook.com\/EstrategiaConcursos","https:\/\/x.com\/EstratConcursos"],"url":"https:\/\/www.estrategiaconcursos.com.br\/blog\/author\/estrategia2013\/"}]}},"_links":{"self":[{"href":"https:\/\/www.estrategiaconcursos.com.br\/blog\/wp-json\/wp\/v2\/posts\/1544191","targetHints":{"allow":["GET"]}}],"collection":[{"href":"https:\/\/www.estrategiaconcursos.com.br\/blog\/wp-json\/wp\/v2\/posts"}],"about":[{"href":"https:\/\/www.estrategiaconcursos.com.br\/blog\/wp-json\/wp\/v2\/types\/post"}],"author":[{"embeddable":true,"href":"https:\/\/www.estrategiaconcursos.com.br\/blog\/wp-json\/wp\/v2\/users\/1"}],"replies":[{"embeddable":true,"href":"https:\/\/www.estrategiaconcursos.com.br\/blog\/wp-json\/wp\/v2\/comments?post=1544191"}],"version-history":[{"count":7,"href":"https:\/\/www.estrategiaconcursos.com.br\/blog\/wp-json\/wp\/v2\/posts\/1544191\/revisions"}],"predecessor-version":[{"id":1709658,"href":"https:\/\/www.estrategiaconcursos.com.br\/blog\/wp-json\/wp\/v2\/posts\/1544191\/revisions\/1709658"}],"wp:featuredmedia":[{"embeddable":true,"href":"https:\/\/www.estrategiaconcursos.com.br\/blog\/wp-json\/wp\/v2\/media\/1544608"}],"wp:attachment":[{"href":"https:\/\/www.estrategiaconcursos.com.br\/blog\/wp-json\/wp\/v2\/media?parent=1544191"}],"wp:term":[{"taxonomy":"category","embeddable":true,"href":"https:\/\/www.estrategiaconcursos.com.br\/blog\/wp-json\/wp\/v2\/categories?post=1544191"},{"taxonomy":"post_tag","embeddable":true,"href":"https:\/\/www.estrategiaconcursos.com.br\/blog\/wp-json\/wp\/v2\/tags?post=1544191"},{"taxonomy":"tax_estado","embeddable":true,"href":"https:\/\/www.estrategiaconcursos.com.br\/blog\/wp-json\/wp\/v2\/tax_estado?post=1544191"}],"curies":[{"name":"wp","href":"https:\/\/api.w.org\/{rel}","templated":true}]}}