{"id":154356,"date":"2018-12-04T13:38:55","date_gmt":"2018-12-04T16:38:55","guid":{"rendered":"https:\/\/www.estrategiaconcursos.com.br\/blog\/?p=154356"},"modified":"2018-12-04T13:38:55","modified_gmt":"2018-12-04T16:38:55","slug":"se-feiura-e-feiume-perderam-o-acento-por-que-guaiba-e-guaira-sao-acentuadas-2","status":"publish","type":"post","link":"https:\/\/www.estrategiaconcursos.com.br\/blog\/se-feiura-e-feiume-perderam-o-acento-por-que-guaiba-e-guaira-sao-acentuadas-2\/","title":{"rendered":"Se &#8220;feiura&#8221; e &#8220;feiume&#8221; perderam o acento, por que &#8220;Gua\u00edba&#8221; e &#8220;Gua\u00edra&#8221; s\u00e3o acentuadas?"},"content":{"rendered":"<p style=\"text-align: justify;\">Ol\u00e1, meus amigos!?\u270c<\/p>\n<p style=\"text-align: justify;\">Alguns alunos t\u00eam me perguntado por que as palavras &#8220;Gua\u00edba&#8221; e &#8220;Gua\u00edra&#8221; s\u00e3o acentuadas, se h\u00e1 hiato formado de ditongo mais vogal &#8220;i&#8221; ou &#8220;u&#8221;, algo que ocorre com &#8220;feiume&#8221;, &#8220;feiura&#8221;, &#8220;baiuca&#8221;, palavras que perderam o acento com a Nova Reforma Ortogr\u00e1fica.<\/p>\n<p style=\"text-align: justify;\">Bom, para isso, vamos come\u00e7ar falando um pouco sobre o que \u00e9 hiato e ditongo.<\/p>\n<p style=\"text-align: justify;\"><strong><u>Hiato<\/u><\/strong> = \u00c9 o agrupamento de <strong>duas vogais<\/strong>, <u>cada uma em uma s\u00edlaba diferente<\/u>. lu-a-na, a-fi-a-do, pi-a-da<\/p>\n<p style=\"text-align: justify;\"><strong><u>Ditongo<\/u><\/strong> = \u00c9 o agrupamento de uma <strong>vogal<\/strong> e uma <strong>semivogal<\/strong>, em uma <u>mesma s\u00edlaba<\/u>.<\/p>\n<p style=\"text-align: justify;\">Quando a vogal estiver antes da semivogal, chamaremos de Ditongo Decrescente (ex.: v<strong><u>ai<\/u><\/strong>-dade, l<strong><u>ei<\/u><\/strong>-te, c<strong><u>ai<\/u><\/strong>xa); quando a vogal estiver depois da semivogal, de Ditongo Crescente. (ex.: \u00a0gl\u00f3-r<strong><u>ia<\/u><\/strong>, m\u00e1-g<strong><u>oa<\/u><\/strong>).<\/p>\n<p style=\"text-align: justify;\">Agora, vamos falar da regra de acentua\u00e7\u00e3o do hiato<\/p>\n<p style=\"text-align: justify;\">Vamos record\u00e1-la&#8230;<\/p>\n<p style=\"text-align: justify;\">Os linguistas criaram a regra de acentua\u00e7\u00e3o do hiato, porque, em palavras como &#8220;ai&#8221;, por exemplo, n\u00e3o se sabia se o emissor da mensagem se referia a um adv\u00e9rbio de lugar ou da express\u00e3o de dor. Hoje fica mais f\u00e1cil diferenciar por conta do acento:<\/p>\n<p><strong>ai<\/strong>: grito de dor<\/p>\n<p><strong>a\u00ed<\/strong>: adv\u00e9rbio de lugar<\/p>\n<p>Veja mais:<\/p>\n<p><strong>sai<\/strong>: presente do indicativo do verbo sair (ele <strong>sai<\/strong> todos os dias)<\/p>\n<p><strong>sa\u00ed<\/strong>: pret\u00e9rito perfeito do indicativo (ontem eu <strong>sa\u00ed<\/strong>).<\/p>\n<p><strong>cai<\/strong>: presente do indicativo do verbo cair (ele <strong>cai<\/strong> todos os dias)<\/p>\n<p><strong>ca\u00ed<\/strong>:\u00a0pret\u00e9rito perfeito do indicativo (ontem eu <strong>ca\u00ed<\/strong>).<\/p>\n<p>Lembre-se de que, antes da Nova Reforma Ortogr\u00e1fica, havia acento em hiatos com vogais dobradas (l\u00eaem, v\u00eaem, v\u00f4o, mag\u00f4o). Hoje, n\u00e3o h\u00e1 mais acento, simplesmente porque vogais dobradas s\u00f3 podem ser hiato, por isso n\u00e3o havia motivo do acento. Hoje, essas palavras s\u00e3o grafadas assim:\u00a0<strong>leem<\/strong>, <strong>veem<\/strong>, <strong>voo<\/strong>, <strong>magoo<\/strong>.<\/p>\n<p>Isso refor\u00e7a o motivo de o acento do hiato ocorrer somente na diferencia\u00e7\u00e3o: o &#8220;i&#8221; ou &#8220;u&#8221; podem ser vogais ou semivogais.<\/p>\n<p>Assim, h\u00e1 a regra de hiato , da seguinte forma:<\/p>\n<p style=\"text-align: justify;\">As vogais \u201c<strong>i<\/strong>\u201d ou \u201c<strong>u<\/strong>\u201d recebem acento, quando nas seguintes condi\u00e7\u00f5es:<\/p>\n<p style=\"text-align: justify;\"><em>&#8211; sejam a segunda vogal do hiato;<\/em><\/p>\n<p style=\"text-align: justify;\"><em>&#8211; sejam t\u00f4nicas<\/em>;<\/p>\n<p style=\"text-align: justify;\"><em>&#8211; estejam sozinhas ou com s na mesma s\u00edlaba<\/em>;<\/p>\n<p style=\"text-align: justify;\"><em>&#8211; n\u00e3o sofram nasaliza\u00e7\u00e3o;<\/em><\/p>\n<p>&#8211; n\u00e3o sejam dobradas (ii, uu).<\/p>\n<p style=\"text-align: justify;\">ex.: <em>sa\u00edda<\/em>: sa-<strong>\u00ed<\/strong>-da; <em>fa\u00edsca<\/em>: fa-<strong>\u00eds<\/strong>-ca; <em>bala\u00fastre<\/em>: ba-la-<strong>\u00fas<\/strong>-tre; \u00a0<em>possu\u00edmos<\/em>: pos-su-<strong>\u00ed<\/strong>-mos; <em>possu\u00eda<\/em>: pos-su-<strong>\u00ed<\/strong>-a.<\/p>\n<p>Esta \u00e9 a regra do hiato, mas h\u00e1 uma extens\u00e3o dela, que \u00e9 o hiato formado de ditongo e vogal.<\/p>\n<p>\u00c9 por isso que acentuamos as palavras &#8220;<strong>Piau\u00ed<\/strong>&#8220;, &#8220;<strong>tei\u00fa<\/strong>&#8220;, &#8220;<strong>tuiui\u00fa<\/strong>&#8220;.<\/p>\n<p>Note que esse hiato \u00e9 formado de ditongos &#8220;au&#8221;, &#8220;ei&#8221;, &#8220;ui&#8221; e vogais &#8220;i&#8221; e &#8220;u&#8221;.<\/p>\n<p>Assim, para evitar confus\u00e3o entre &#8220;u&#8221; e &#8220;i&#8221; serem vogais ou n\u00e3o, h\u00e1 o acento na segunda vogal do hiato formado de\u00a0ditongo e vogal.<\/p>\n<p style=\"text-align: justify;\">Com base nesta regra,\u00a0as palavras &#8220;feiura&#8221;, &#8220;feiume&#8221;, &#8220;baiuca&#8221; tinham acento antes da Reforma (: &#8220;fe<strong>i\u00fa<\/strong>ra&#8221;, &#8220;fe<strong>i\u00fa<\/strong>me&#8221;, &#8220;ba<strong>i\u00fa<\/strong>ca&#8221;), porque os linguistas \u00e0 \u00e9poca entendiam que esta seria uma forma pr\u00e1tica de diferenciar o que era semivogal &#8220;i&#8221; e vogal &#8220;u&#8221;. Portanto, com acento, era vogal; sem acento, era semivogal.<\/p>\n<p style=\"text-align: justify;\">Por\u00e9m, com a Nova Reforma Ortogr\u00e1fica, os linguistas entenderam que neste caso n\u00e3o haveria mais confus\u00e3o entre o &#8220;i&#8221; e &#8220;u&#8221; ser vogal ou semivogal. Isso porque, em &#8220;feiura&#8221;, por exemplo, ocorre seguramente a vogal &#8220;e&#8221; e a semivogal &#8220;i&#8221;. Assim, \u00e9 pr\u00e1tico perceber que o pr\u00f3ximo som voc\u00e1lico \u00e9 de uma vogal (e n\u00e3o de uma semivogal): f<strong>E<\/strong>i<strong>U<\/strong>ra (Destaquei a vogal em mai\u00fascula para facilitar seu entendimento).<\/p>\n<p style=\"text-align: justify;\">Como as ox\u00edtonas\u00a0&#8220;<strong>Piau\u00ed<\/strong>&#8220;, &#8220;<strong>tei\u00fa<\/strong>&#8220;, &#8220;<strong>tuiui\u00fa<\/strong>&#8221; t\u00eam uma vogal final mais forte, entenderam os linguistas, ap\u00f3s a Nova Reforma Ortogr\u00e1fica, que se deve acentuar as <strong>ox\u00edtonas<\/strong> com hiato constitu\u00eddo de ditongo mais vogal, em que a segunda vogal do hiato \u00e9 t\u00f4nica. Por\u00e9m, as parox\u00edtonas deixaram de ser acentuadas, como &#8220;feiura&#8221;, &#8220;feiume&#8221;, &#8220;baiuca&#8221;.<\/p>\n<p>Depois de tudo isso que aqui falamos, certamente voc\u00ea pode estar com a seguinte d\u00favida:<\/p>\n<p>Se &#8220;<em>feiura&#8221;<\/em>, &#8220;<em>baiuca&#8221;, &#8220;feiume&#8221;<\/em> perderam o acento por serem parox\u00edtonas com hiato constitu\u00eddo de ditongo mais vogal, por que as palavras \u201cGua\u00edba\u201d e \u201cGua\u00edra\u201d, que tamb\u00e9m s\u00e3o parox\u00edtonas e apresentam\u00a0 hiato constitu\u00eddo de ditongo mais vogal, recebem acento?<\/p>\n<p style=\"text-align: justify;\">Bom, embora o acordo n\u00e3o diga que somente as t\u00f4nicas precedidas de ditongo decrescente ter\u00e3o o acento gr\u00e1fico eliminado, o Vocabul\u00e1rio Ortogr\u00e1fico da L\u00edngua Portuguesa (VOLP) manteve o acento no \u201ci\u201d ap\u00f3s o ditongo crescente. Isso ocorreu por um ajuste interno (no Brasil), em que aparecerem palavras, cuja falta de acento modificaria a tonicidade das mesmas. Note que &#8220;Gua\u00edba&#8221;, sem acento, passaria a ser t\u00f4nica no &#8220;a&#8221; \/<em>Gu<strong>A<\/strong>iba\/<\/em>.<\/p>\n<p style=\"text-align: justify;\">Assim, para evitar tal mudan\u00e7a de tonicidade, arbitrariamente, o Vocabul\u00e1rio Ortogr\u00e1fico da L\u00edngua Portuguesa <u>manteve o acento em palavras com hiato formado de ditongo <strong>crescente<\/strong> seguido de vogal t\u00f4nica &#8220;i&#8221;<\/u>.<\/p>\n<p style=\"text-align: justify;\">Note que nas palavras do novo acordo em que foi retirado o acento (feiura, feiume, baiuca), a tonicidade da palavras continua recaindo sobre o &#8220;u&#8221; da s\u00edlaba t\u00f4nica. Isso porque o &#8220;i&#8221; \u00e9 semivogal, logo a vogal t\u00f4nica &#8220;u&#8221; se encontra ap\u00f3s ditongo <strong>decrescente<\/strong>.<\/p>\n<p style=\"text-align: justify;\">J\u00e1 em &#8220;Gua\u00edba&#8221;, &#8220;Gua\u00edra&#8221;, h\u00e1 ditongo <strong>crescente<\/strong>, e o &#8220;a&#8221; \u00e9 vogal. Assim, sem acento, esta vogal &#8220;a&#8221;, junto ao &#8220;i&#8221;, teria for\u00e7a para ser a t\u00f4nica e passar o &#8220;i&#8221; para semivogal: gu<strong>A<\/strong>ira, gu<strong>A<\/strong>iba.<\/p>\n<p style=\"text-align: justify;\">Portanto, para evitar mudan\u00e7a de s\u00edlaba t\u00f4nica, alterou-se a regra do novo acordo, criando outra, mesmo sem estar prevista l\u00e1, que \u00e9 a seguinte: \u201cAcentua-se o &#8220;i&#8221; t\u00f4nico formado do hiato com<strong> ditongo crescente<\/strong>: Gua\u00edba, Gua\u00edra.\u201d<\/p>\n<p style=\"text-align: justify;\">Entenderam? \u00c9 mais simples do que parece: <strong>se a palavra for parox\u00edtona e o hiato vier depois de <span style=\"text-decoration: underline;\">ditongo decrescente<\/span><\/strong>, N\u00c3O h\u00e1 acento (f<strong><u>ei<\/u><\/strong>ura, b<strong>ai<\/strong>uca, fe<strong>iu<\/strong>me); se o hiato vier depois de ditongo crescente, h\u00e1 acento (G<strong><u>ua<\/u><\/strong>\u00edra).<\/p>\n<p style=\"text-align: justify;\">\u00a0\u00a0\u00a0\u00a0\u00a0\u00a0\u00a0\u00a0\u00a0\u00a0\u00a0 Agora tenho certeza que voc\u00ea n\u00e3o erra mais!??<\/p>\n<p style=\"text-align: justify;\">\u00a0\u00a0\u00a0\u00a0\u00a0\u00a0\u00a0\u00a0\u00a0\u00a0\u00a0 Um grande abra\u00e7o,<\/p>\n<p style=\"text-align: justify;\">\u00a0 \u00a0 \u00a0 \u00a0 \u00a0 \u00a0D\u00e9cio Terror.<\/p>\n<p>Para mais dicas acesse as minhas redes sociais:<\/p>\n<p><a href=\"https:\/\/www.instagram.com\/decioterror\/\" target=\"_blank\" rel=\"noopener\"><img loading=\"lazy\" decoding=\"async\" class=\"alignnone wp-image-139201\" src=\"https:\/\/dhg1h5j42swfq.cloudfront.net\/2018\/09\/04093100\/instagram-logo-g1.jpg\" alt=\"\" width=\"91\" height=\"91\" srcset=\"https:\/\/dhg1h5j42swfq.cloudfront.net\/2018\/09\/04093100\/instagram-logo-g1.jpg 270w, https:\/\/dhg1h5j42swfq.cloudfront.net\/2018\/09\/04093100\/instagram-logo-g1.jpg 150w\" sizes=\"auto, (max-width: 91px) 100vw, 91px\" \/><\/a> <a href=\"https:\/\/www.youtube.com\/channel\/UCu5mMewoQZGIjsbgM6UanLg\" target=\"_blank\" rel=\"noopener\"><img loading=\"lazy\" decoding=\"async\" class=\"alignnone wp-image-139202\" src=\"https:\/\/dhg1h5j42swfq.cloudfront.net\/2018\/09\/04093102\/YouTube-icon-our_icon.png\" alt=\"\" width=\"119\" height=\"86\" \/><\/a> <a href=\"https:\/\/twitter.com\/profdecioterror\" target=\"_blank\" rel=\"noopener\"><img loading=\"lazy\" decoding=\"async\" class=\"alignnone wp-image-143689\" src=\"https:\/\/dhg1h5j42swfq.cloudfront.net\/2018\/09\/27124603\/download1.png\" alt=\"\" width=\"117\" height=\"88\" \/><\/a><\/p>\n","protected":false},"excerpt":{"rendered":"<p>Ol\u00e1, meus amigos!?\u270c Alguns alunos t\u00eam me perguntado por que as palavras &#8220;Gua\u00edba&#8221; e &#8220;Gua\u00edra&#8221; s\u00e3o acentuadas, se h\u00e1 hiato formado de ditongo mais vogal &#8220;i&#8221; ou &#8220;u&#8221;, algo que ocorre com &#8220;feiume&#8221;, &#8220;feiura&#8221;, &#8220;baiuca&#8221;, palavras que perderam o acento com a Nova Reforma Ortogr\u00e1fica. Bom, para isso, vamos come\u00e7ar falando um pouco sobre o [&hellip;]<\/p>\n","protected":false},"author":214,"featured_media":154358,"comment_status":"open","ping_status":"closed","sticky":false,"template":"","format":"standard","meta":{"post_tipo":"article","footnotes":""},"categories":[1],"tags":[2604,44438],"tax_estado":[],"class_list":["post-154356","post","type-post","status-publish","format-standard","has-post-thumbnail","hentry","category-cursos-e-concursos","tag-acentuacao-grafica","tag-regra-de-acentuacao-do-hiato"],"acf":[],"yoast_head":"<!-- This site is optimized with the Yoast SEO Premium plugin v27.2 (Yoast SEO v27.2) - https:\/\/yoast.com\/product\/yoast-seo-premium-wordpress\/ -->\n<title>Se &quot;feiura&quot; e &quot;feiume&quot; perderam o acento, por que &quot;Gua\u00edba&quot; e &quot;Gua\u00edra&quot; s\u00e3o acentuadas?<\/title>\n<meta name=\"robots\" content=\"index, follow, max-snippet:-1, max-image-preview:large, max-video-preview:-1\" \/>\n<link rel=\"canonical\" href=\"https:\/\/www.estrategiaconcursos.com.br\/blog\/se-feiura-e-feiume-perderam-o-acento-por-que-guaiba-e-guaira-sao-acentuadas-2\/\" \/>\n<meta property=\"og:locale\" content=\"pt_BR\" \/>\n<meta property=\"og:type\" content=\"article\" \/>\n<meta property=\"og:title\" content=\"Se &quot;feiura&quot; e &quot;feiume&quot; perderam o acento, por que &quot;Gua\u00edba&quot; e &quot;Gua\u00edra&quot; s\u00e3o acentuadas?\" \/>\n<meta property=\"og:description\" content=\"Ol\u00e1, meus amigos!?\u270c Alguns alunos t\u00eam me perguntado por que as palavras &#8220;Gua\u00edba&#8221; e &#8220;Gua\u00edra&#8221; s\u00e3o acentuadas, se h\u00e1 hiato formado de ditongo mais vogal &#8220;i&#8221; ou &#8220;u&#8221;, algo que ocorre com &#8220;feiume&#8221;, &#8220;feiura&#8221;, &#8220;baiuca&#8221;, palavras que perderam o acento com a Nova Reforma Ortogr\u00e1fica. Bom, para isso, vamos come\u00e7ar falando um pouco sobre o [&hellip;]\" \/>\n<meta property=\"og:url\" content=\"https:\/\/www.estrategiaconcursos.com.br\/blog\/se-feiura-e-feiume-perderam-o-acento-por-que-guaiba-e-guaira-sao-acentuadas-2\/\" \/>\n<meta property=\"og:site_name\" content=\"Estrat\u00e9gia Concursos\" \/>\n<meta property=\"article:published_time\" content=\"2018-12-04T16:38:55+00:00\" \/>\n<meta property=\"og:image\" content=\"https:\/\/dhg1h5j42swfq.cloudfront.net\/2018\/12\/04133817\/logofinal2.png\" \/>\n\t<meta property=\"og:image:width\" content=\"1887\" \/>\n\t<meta property=\"og:image:height\" content=\"1816\" \/>\n\t<meta property=\"og:image:type\" content=\"image\/png\" \/>\n<meta name=\"author\" content=\"D\u00e9cio Terror Filho\" \/>\n<meta name=\"twitter:card\" content=\"summary_large_image\" \/>\n<meta name=\"twitter:creator\" content=\"@EstratConcursos\" \/>\n<meta name=\"twitter:site\" content=\"@EstratConcursos\" \/>\n<meta name=\"twitter:label1\" content=\"Escrito por\" \/>\n\t<meta name=\"twitter:data1\" content=\"D\u00e9cio Terror Filho\" \/>\n\t<meta name=\"twitter:label2\" content=\"Est. tempo de leitura\" \/>\n\t<meta name=\"twitter:data2\" content=\"5 minutos\" \/>\n<script type=\"application\/ld+json\" class=\"yoast-schema-graph\">{\"@context\":\"https:\/\/schema.org\",\"@graph\":[{\"@type\":\"NewsArticle\",\"@id\":\"https:\/\/www.estrategiaconcursos.com.br\/blog\/se-feiura-e-feiume-perderam-o-acento-por-que-guaiba-e-guaira-sao-acentuadas-2\/#article\",\"isPartOf\":{\"@id\":\"https:\/\/www.estrategiaconcursos.com.br\/blog\/se-feiura-e-feiume-perderam-o-acento-por-que-guaiba-e-guaira-sao-acentuadas-2\/\"},\"author\":{\"name\":\"D\u00e9cio Terror Filho\",\"@id\":\"https:\/\/www.estrategiaconcursos.com.br\/blog\/#\/schema\/person\/e8165364027a31208914fc77c3314727\"},\"headline\":\"Se &#8220;feiura&#8221; e &#8220;feiume&#8221; perderam o acento, por que &#8220;Gua\u00edba&#8221; e &#8220;Gua\u00edra&#8221; s\u00e3o acentuadas?\",\"datePublished\":\"2018-12-04T16:38:55+00:00\",\"mainEntityOfPage\":{\"@id\":\"https:\/\/www.estrategiaconcursos.com.br\/blog\/se-feiura-e-feiume-perderam-o-acento-por-que-guaiba-e-guaira-sao-acentuadas-2\/\"},\"wordCount\":1047,\"commentCount\":6,\"publisher\":{\"@id\":\"https:\/\/www.estrategiaconcursos.com.br\/blog\/#organization\"},\"image\":{\"@id\":\"https:\/\/www.estrategiaconcursos.com.br\/blog\/se-feiura-e-feiume-perderam-o-acento-por-que-guaiba-e-guaira-sao-acentuadas-2\/#primaryimage\"},\"thumbnailUrl\":\"https:\/\/dhg1h5j42swfq.cloudfront.net\/2018\/12\/04133817\/logofinal2.png\",\"keywords\":[\"acentua\u00e7\u00e3o gr\u00e1fica\",\"regra de acentua\u00e7\u00e3o do hiato\"],\"articleSection\":[\"Concursos P\u00fablicos\"],\"inLanguage\":\"pt-BR\",\"potentialAction\":[{\"@type\":\"CommentAction\",\"name\":\"Comment\",\"target\":[\"https:\/\/www.estrategiaconcursos.com.br\/blog\/se-feiura-e-feiume-perderam-o-acento-por-que-guaiba-e-guaira-sao-acentuadas-2\/#respond\"]}],\"copyrightYear\":\"2018\",\"copyrightHolder\":{\"@id\":\"https:\/\/www.estrategiaconcursos.com.br\/blog\/#organization\"}},{\"@type\":\"WebPage\",\"@id\":\"https:\/\/www.estrategiaconcursos.com.br\/blog\/se-feiura-e-feiume-perderam-o-acento-por-que-guaiba-e-guaira-sao-acentuadas-2\/\",\"url\":\"https:\/\/www.estrategiaconcursos.com.br\/blog\/se-feiura-e-feiume-perderam-o-acento-por-que-guaiba-e-guaira-sao-acentuadas-2\/\",\"name\":\"Se \\\"feiura\\\" e \\\"feiume\\\" perderam o acento, por que \\\"Gua\u00edba\\\" e \\\"Gua\u00edra\\\" s\u00e3o acentuadas?\",\"isPartOf\":{\"@id\":\"https:\/\/www.estrategiaconcursos.com.br\/blog\/#website\"},\"primaryImageOfPage\":{\"@id\":\"https:\/\/www.estrategiaconcursos.com.br\/blog\/se-feiura-e-feiume-perderam-o-acento-por-que-guaiba-e-guaira-sao-acentuadas-2\/#primaryimage\"},\"image\":{\"@id\":\"https:\/\/www.estrategiaconcursos.com.br\/blog\/se-feiura-e-feiume-perderam-o-acento-por-que-guaiba-e-guaira-sao-acentuadas-2\/#primaryimage\"},\"thumbnailUrl\":\"https:\/\/dhg1h5j42swfq.cloudfront.net\/2018\/12\/04133817\/logofinal2.png\",\"datePublished\":\"2018-12-04T16:38:55+00:00\",\"breadcrumb\":{\"@id\":\"https:\/\/www.estrategiaconcursos.com.br\/blog\/se-feiura-e-feiume-perderam-o-acento-por-que-guaiba-e-guaira-sao-acentuadas-2\/#breadcrumb\"},\"inLanguage\":\"pt-BR\",\"potentialAction\":[{\"@type\":\"ReadAction\",\"target\":[\"https:\/\/www.estrategiaconcursos.com.br\/blog\/se-feiura-e-feiume-perderam-o-acento-por-que-guaiba-e-guaira-sao-acentuadas-2\/\"]}]},{\"@type\":\"ImageObject\",\"inLanguage\":\"pt-BR\",\"@id\":\"https:\/\/www.estrategiaconcursos.com.br\/blog\/se-feiura-e-feiume-perderam-o-acento-por-que-guaiba-e-guaira-sao-acentuadas-2\/#primaryimage\",\"url\":\"https:\/\/dhg1h5j42swfq.cloudfront.net\/2018\/12\/04133817\/logofinal2.png\",\"contentUrl\":\"https:\/\/dhg1h5j42swfq.cloudfront.net\/2018\/12\/04133817\/logofinal2.png\",\"width\":1887,\"height\":1816,\"caption\":\"Recurso Portugu\u00eas BNB\"},{\"@type\":\"BreadcrumbList\",\"@id\":\"https:\/\/www.estrategiaconcursos.com.br\/blog\/se-feiura-e-feiume-perderam-o-acento-por-que-guaiba-e-guaira-sao-acentuadas-2\/#breadcrumb\",\"itemListElement\":[{\"@type\":\"ListItem\",\"position\":1,\"name\":\"In\u00edcio\",\"item\":\"https:\/\/www.estrategiaconcursos.com.br\/blog\/\"},{\"@type\":\"ListItem\",\"position\":2,\"name\":\"Se &#8220;feiura&#8221; e &#8220;feiume&#8221; perderam o acento, por que &#8220;Gua\u00edba&#8221; e &#8220;Gua\u00edra&#8221; s\u00e3o acentuadas?\"}]},{\"@type\":\"WebSite\",\"@id\":\"https:\/\/www.estrategiaconcursos.com.br\/blog\/#website\",\"url\":\"https:\/\/www.estrategiaconcursos.com.br\/blog\/\",\"name\":\"Estrat\u00e9gia Concursos\",\"description\":\"O blog da Estrat\u00e9gia Concursos traz not\u00edcias sobre concursos e artigos de professores oferecendo cursos para concursos (pdf + videaulas) no site.\",\"publisher\":{\"@id\":\"https:\/\/www.estrategiaconcursos.com.br\/blog\/#organization\"},\"potentialAction\":[{\"@type\":\"SearchAction\",\"target\":{\"@type\":\"EntryPoint\",\"urlTemplate\":\"https:\/\/www.estrategiaconcursos.com.br\/blog\/?s={search_term_string}\"},\"query-input\":{\"@type\":\"PropertyValueSpecification\",\"valueRequired\":true,\"valueName\":\"search_term_string\"}}],\"inLanguage\":\"pt-BR\"},{\"@type\":\"Organization\",\"@id\":\"https:\/\/www.estrategiaconcursos.com.br\/blog\/#organization\",\"name\":\"Estrat\u00e9gia Concursos\",\"url\":\"https:\/\/www.estrategiaconcursos.com.br\/blog\/\",\"logo\":{\"@type\":\"ImageObject\",\"inLanguage\":\"pt-BR\",\"@id\":\"https:\/\/www.estrategiaconcursos.com.br\/blog\/#\/schema\/logo\/image\/\",\"url\":\"https:\/\/dhg1h5j42swfq.cloudfront.net\/2025\/06\/03203428\/logo_concursos-1.jpg\",\"contentUrl\":\"https:\/\/dhg1h5j42swfq.cloudfront.net\/2025\/06\/03203428\/logo_concursos-1.jpg\",\"width\":230,\"height\":60,\"caption\":\"Estrat\u00e9gia Concursos\"},\"image\":{\"@id\":\"https:\/\/www.estrategiaconcursos.com.br\/blog\/#\/schema\/logo\/image\/\"},\"sameAs\":[\"https:\/\/x.com\/EstratConcursos\"]},{\"@type\":\"Person\",\"@id\":\"https:\/\/www.estrategiaconcursos.com.br\/blog\/#\/schema\/person\/e8165364027a31208914fc77c3314727\",\"name\":\"D\u00e9cio Terror Filho\",\"image\":{\"@type\":\"ImageObject\",\"inLanguage\":\"pt-BR\",\"@id\":\"https:\/\/secure.gravatar.com\/avatar\/a5b78e734de7c6482e965926e78344deb81abbc34282a3c9536cbb1a59728a37?s=96&d=mm&r=g\",\"url\":\"https:\/\/secure.gravatar.com\/avatar\/a5b78e734de7c6482e965926e78344deb81abbc34282a3c9536cbb1a59728a37?s=96&d=mm&r=g\",\"contentUrl\":\"https:\/\/secure.gravatar.com\/avatar\/a5b78e734de7c6482e965926e78344deb81abbc34282a3c9536cbb1a59728a37?s=96&d=mm&r=g\",\"caption\":\"D\u00e9cio Terror Filho\"},\"url\":\"https:\/\/www.estrategiaconcursos.com.br\/blog\/author\/contatoterrorportugues-com-br\/\"}]}<\/script>\n<!-- \/ Yoast SEO Premium plugin. -->","yoast_head_json":{"title":"Se \"feiura\" e \"feiume\" perderam o acento, por que \"Gua\u00edba\" e \"Gua\u00edra\" s\u00e3o acentuadas?","robots":{"index":"index","follow":"follow","max-snippet":"max-snippet:-1","max-image-preview":"max-image-preview:large","max-video-preview":"max-video-preview:-1"},"canonical":"https:\/\/www.estrategiaconcursos.com.br\/blog\/se-feiura-e-feiume-perderam-o-acento-por-que-guaiba-e-guaira-sao-acentuadas-2\/","og_locale":"pt_BR","og_type":"article","og_title":"Se \"feiura\" e \"feiume\" perderam o acento, por que \"Gua\u00edba\" e \"Gua\u00edra\" s\u00e3o acentuadas?","og_description":"Ol\u00e1, meus amigos!?\u270c Alguns alunos t\u00eam me perguntado por que as palavras &#8220;Gua\u00edba&#8221; e &#8220;Gua\u00edra&#8221; s\u00e3o acentuadas, se h\u00e1 hiato formado de ditongo mais vogal &#8220;i&#8221; ou &#8220;u&#8221;, algo que ocorre com &#8220;feiume&#8221;, &#8220;feiura&#8221;, &#8220;baiuca&#8221;, palavras que perderam o acento com a Nova Reforma Ortogr\u00e1fica. Bom, para isso, vamos come\u00e7ar falando um pouco sobre o [&hellip;]","og_url":"https:\/\/www.estrategiaconcursos.com.br\/blog\/se-feiura-e-feiume-perderam-o-acento-por-que-guaiba-e-guaira-sao-acentuadas-2\/","og_site_name":"Estrat\u00e9gia Concursos","article_published_time":"2018-12-04T16:38:55+00:00","og_image":[{"width":1887,"height":1816,"url":"https:\/\/dhg1h5j42swfq.cloudfront.net\/2018\/12\/04133817\/logofinal2.png","type":"image\/png"}],"author":"D\u00e9cio Terror Filho","twitter_card":"summary_large_image","twitter_creator":"@EstratConcursos","twitter_site":"@EstratConcursos","twitter_misc":{"Escrito por":"D\u00e9cio Terror Filho","Est. tempo de leitura":"5 minutos"},"schema":{"@context":"https:\/\/schema.org","@graph":[{"@type":"NewsArticle","@id":"https:\/\/www.estrategiaconcursos.com.br\/blog\/se-feiura-e-feiume-perderam-o-acento-por-que-guaiba-e-guaira-sao-acentuadas-2\/#article","isPartOf":{"@id":"https:\/\/www.estrategiaconcursos.com.br\/blog\/se-feiura-e-feiume-perderam-o-acento-por-que-guaiba-e-guaira-sao-acentuadas-2\/"},"author":{"name":"D\u00e9cio Terror Filho","@id":"https:\/\/www.estrategiaconcursos.com.br\/blog\/#\/schema\/person\/e8165364027a31208914fc77c3314727"},"headline":"Se &#8220;feiura&#8221; e &#8220;feiume&#8221; perderam o acento, por que &#8220;Gua\u00edba&#8221; e &#8220;Gua\u00edra&#8221; s\u00e3o acentuadas?","datePublished":"2018-12-04T16:38:55+00:00","mainEntityOfPage":{"@id":"https:\/\/www.estrategiaconcursos.com.br\/blog\/se-feiura-e-feiume-perderam-o-acento-por-que-guaiba-e-guaira-sao-acentuadas-2\/"},"wordCount":1047,"commentCount":6,"publisher":{"@id":"https:\/\/www.estrategiaconcursos.com.br\/blog\/#organization"},"image":{"@id":"https:\/\/www.estrategiaconcursos.com.br\/blog\/se-feiura-e-feiume-perderam-o-acento-por-que-guaiba-e-guaira-sao-acentuadas-2\/#primaryimage"},"thumbnailUrl":"https:\/\/dhg1h5j42swfq.cloudfront.net\/2018\/12\/04133817\/logofinal2.png","keywords":["acentua\u00e7\u00e3o gr\u00e1fica","regra de acentua\u00e7\u00e3o do hiato"],"articleSection":["Concursos P\u00fablicos"],"inLanguage":"pt-BR","potentialAction":[{"@type":"CommentAction","name":"Comment","target":["https:\/\/www.estrategiaconcursos.com.br\/blog\/se-feiura-e-feiume-perderam-o-acento-por-que-guaiba-e-guaira-sao-acentuadas-2\/#respond"]}],"copyrightYear":"2018","copyrightHolder":{"@id":"https:\/\/www.estrategiaconcursos.com.br\/blog\/#organization"}},{"@type":"WebPage","@id":"https:\/\/www.estrategiaconcursos.com.br\/blog\/se-feiura-e-feiume-perderam-o-acento-por-que-guaiba-e-guaira-sao-acentuadas-2\/","url":"https:\/\/www.estrategiaconcursos.com.br\/blog\/se-feiura-e-feiume-perderam-o-acento-por-que-guaiba-e-guaira-sao-acentuadas-2\/","name":"Se \"feiura\" e \"feiume\" perderam o acento, por que \"Gua\u00edba\" e \"Gua\u00edra\" s\u00e3o acentuadas?","isPartOf":{"@id":"https:\/\/www.estrategiaconcursos.com.br\/blog\/#website"},"primaryImageOfPage":{"@id":"https:\/\/www.estrategiaconcursos.com.br\/blog\/se-feiura-e-feiume-perderam-o-acento-por-que-guaiba-e-guaira-sao-acentuadas-2\/#primaryimage"},"image":{"@id":"https:\/\/www.estrategiaconcursos.com.br\/blog\/se-feiura-e-feiume-perderam-o-acento-por-que-guaiba-e-guaira-sao-acentuadas-2\/#primaryimage"},"thumbnailUrl":"https:\/\/dhg1h5j42swfq.cloudfront.net\/2018\/12\/04133817\/logofinal2.png","datePublished":"2018-12-04T16:38:55+00:00","breadcrumb":{"@id":"https:\/\/www.estrategiaconcursos.com.br\/blog\/se-feiura-e-feiume-perderam-o-acento-por-que-guaiba-e-guaira-sao-acentuadas-2\/#breadcrumb"},"inLanguage":"pt-BR","potentialAction":[{"@type":"ReadAction","target":["https:\/\/www.estrategiaconcursos.com.br\/blog\/se-feiura-e-feiume-perderam-o-acento-por-que-guaiba-e-guaira-sao-acentuadas-2\/"]}]},{"@type":"ImageObject","inLanguage":"pt-BR","@id":"https:\/\/www.estrategiaconcursos.com.br\/blog\/se-feiura-e-feiume-perderam-o-acento-por-que-guaiba-e-guaira-sao-acentuadas-2\/#primaryimage","url":"https:\/\/dhg1h5j42swfq.cloudfront.net\/2018\/12\/04133817\/logofinal2.png","contentUrl":"https:\/\/dhg1h5j42swfq.cloudfront.net\/2018\/12\/04133817\/logofinal2.png","width":1887,"height":1816,"caption":"Recurso Portugu\u00eas BNB"},{"@type":"BreadcrumbList","@id":"https:\/\/www.estrategiaconcursos.com.br\/blog\/se-feiura-e-feiume-perderam-o-acento-por-que-guaiba-e-guaira-sao-acentuadas-2\/#breadcrumb","itemListElement":[{"@type":"ListItem","position":1,"name":"In\u00edcio","item":"https:\/\/www.estrategiaconcursos.com.br\/blog\/"},{"@type":"ListItem","position":2,"name":"Se &#8220;feiura&#8221; e &#8220;feiume&#8221; perderam o acento, por que &#8220;Gua\u00edba&#8221; e &#8220;Gua\u00edra&#8221; s\u00e3o acentuadas?"}]},{"@type":"WebSite","@id":"https:\/\/www.estrategiaconcursos.com.br\/blog\/#website","url":"https:\/\/www.estrategiaconcursos.com.br\/blog\/","name":"Estrat\u00e9gia Concursos","description":"O blog da Estrat\u00e9gia Concursos traz not\u00edcias sobre concursos e artigos de professores oferecendo cursos para concursos (pdf + videaulas) no site.","publisher":{"@id":"https:\/\/www.estrategiaconcursos.com.br\/blog\/#organization"},"potentialAction":[{"@type":"SearchAction","target":{"@type":"EntryPoint","urlTemplate":"https:\/\/www.estrategiaconcursos.com.br\/blog\/?s={search_term_string}"},"query-input":{"@type":"PropertyValueSpecification","valueRequired":true,"valueName":"search_term_string"}}],"inLanguage":"pt-BR"},{"@type":"Organization","@id":"https:\/\/www.estrategiaconcursos.com.br\/blog\/#organization","name":"Estrat\u00e9gia Concursos","url":"https:\/\/www.estrategiaconcursos.com.br\/blog\/","logo":{"@type":"ImageObject","inLanguage":"pt-BR","@id":"https:\/\/www.estrategiaconcursos.com.br\/blog\/#\/schema\/logo\/image\/","url":"https:\/\/dhg1h5j42swfq.cloudfront.net\/2025\/06\/03203428\/logo_concursos-1.jpg","contentUrl":"https:\/\/dhg1h5j42swfq.cloudfront.net\/2025\/06\/03203428\/logo_concursos-1.jpg","width":230,"height":60,"caption":"Estrat\u00e9gia Concursos"},"image":{"@id":"https:\/\/www.estrategiaconcursos.com.br\/blog\/#\/schema\/logo\/image\/"},"sameAs":["https:\/\/x.com\/EstratConcursos"]},{"@type":"Person","@id":"https:\/\/www.estrategiaconcursos.com.br\/blog\/#\/schema\/person\/e8165364027a31208914fc77c3314727","name":"D\u00e9cio Terror Filho","image":{"@type":"ImageObject","inLanguage":"pt-BR","@id":"https:\/\/secure.gravatar.com\/avatar\/a5b78e734de7c6482e965926e78344deb81abbc34282a3c9536cbb1a59728a37?s=96&d=mm&r=g","url":"https:\/\/secure.gravatar.com\/avatar\/a5b78e734de7c6482e965926e78344deb81abbc34282a3c9536cbb1a59728a37?s=96&d=mm&r=g","contentUrl":"https:\/\/secure.gravatar.com\/avatar\/a5b78e734de7c6482e965926e78344deb81abbc34282a3c9536cbb1a59728a37?s=96&d=mm&r=g","caption":"D\u00e9cio Terror Filho"},"url":"https:\/\/www.estrategiaconcursos.com.br\/blog\/author\/contatoterrorportugues-com-br\/"}]}},"_links":{"self":[{"href":"https:\/\/www.estrategiaconcursos.com.br\/blog\/wp-json\/wp\/v2\/posts\/154356","targetHints":{"allow":["GET"]}}],"collection":[{"href":"https:\/\/www.estrategiaconcursos.com.br\/blog\/wp-json\/wp\/v2\/posts"}],"about":[{"href":"https:\/\/www.estrategiaconcursos.com.br\/blog\/wp-json\/wp\/v2\/types\/post"}],"author":[{"embeddable":true,"href":"https:\/\/www.estrategiaconcursos.com.br\/blog\/wp-json\/wp\/v2\/users\/214"}],"replies":[{"embeddable":true,"href":"https:\/\/www.estrategiaconcursos.com.br\/blog\/wp-json\/wp\/v2\/comments?post=154356"}],"version-history":[{"count":2,"href":"https:\/\/www.estrategiaconcursos.com.br\/blog\/wp-json\/wp\/v2\/posts\/154356\/revisions"}],"predecessor-version":[{"id":159549,"href":"https:\/\/www.estrategiaconcursos.com.br\/blog\/wp-json\/wp\/v2\/posts\/154356\/revisions\/159549"}],"wp:featuredmedia":[{"embeddable":true,"href":"https:\/\/www.estrategiaconcursos.com.br\/blog\/wp-json\/wp\/v2\/media\/154358"}],"wp:attachment":[{"href":"https:\/\/www.estrategiaconcursos.com.br\/blog\/wp-json\/wp\/v2\/media?parent=154356"}],"wp:term":[{"taxonomy":"category","embeddable":true,"href":"https:\/\/www.estrategiaconcursos.com.br\/blog\/wp-json\/wp\/v2\/categories?post=154356"},{"taxonomy":"post_tag","embeddable":true,"href":"https:\/\/www.estrategiaconcursos.com.br\/blog\/wp-json\/wp\/v2\/tags?post=154356"},{"taxonomy":"tax_estado","embeddable":true,"href":"https:\/\/www.estrategiaconcursos.com.br\/blog\/wp-json\/wp\/v2\/tax_estado?post=154356"}],"curies":[{"name":"wp","href":"https:\/\/api.w.org\/{rel}","templated":true}]}}