{"id":154311,"date":"2018-12-04T09:30:31","date_gmt":"2018-12-04T12:30:31","guid":{"rendered":"https:\/\/www.estrategiaconcursos.com.br\/blog\/?p=154311"},"modified":"2018-12-04T09:30:31","modified_gmt":"2018-12-04T12:30:31","slug":"fala-corujas","status":"publish","type":"post","link":"https:\/\/www.estrategiaconcursos.com.br\/blog\/fala-corujas\/","title":{"rendered":"Fala Corujas!!!"},"content":{"rendered":"<p>Vamos dar uma olhada nas quest\u00f5es de Processo Civil do MP-PE?<\/p>\n<p>A profa. Thais Rumstain (acho que \u00e9 assim que se escreve, eu a conhe\u00e7o desde 2004, estudamos juntos e nunca sei se o sobrenome dela est\u00e1 certo, rs) e eu, prof. Jo\u00e3o Maur\u00edcio, comentamos a prova de Processo Civil aplicada pela FCC, para o MPE-PE.<\/p>\n<p>Apenas 1 quest\u00e3o n\u00e3o estava no Relat\u00f3rio do <strong><span style=\"color: #0000ff\">Passo Estrat\u00e9gico<\/span><\/strong> por ser estatisticamente irrelevante para o cargo, mas que a FCC acabou cobrando na prova.<\/p>\n<p>N\u00e3o deixem de nos seguir no Instagram:<\/p>\n<p><span style=\"color: #0000ff\"><a style=\"color: #0000ff\" href=\"https:\/\/www.instagram.com\/professorathaisrumstain\/\" target=\"_blank\" rel=\"noopener\">https:\/\/www.instagram.com\/professorathaisrumstain\/<\/a><\/span><\/p>\n<p><span style=\"color: #0000ff\"><a style=\"color: #0000ff\" href=\"https:\/\/www.instagram.com\/professorjoaomauricio\/\">https:\/\/www.instagram.com\/professorjoaomauricio\/<\/a><\/span><\/p>\n<p>Para quem gosta de imprimir quest\u00e3o comentada para fazer seu pr\u00f3prio material de consulta, recomendo que imprimam o coment\u00e1rio do link\u00a0<a href=\"https:\/\/goo.gl\/acvZsJ\">https:\/\/goo.gl\/acvZsJ<\/a>\u00a0pois ali, a gente deixou alguns esquemas.<\/p>\n<p>&nbsp;<\/p>\n<p>Vamos l\u00e1!<\/p>\n<p>1- Paulo ajuizou a\u00e7\u00e3o de cobran\u00e7a contra Fernanda, que foi citada por edital e n\u00e3o contestou o pedido, tornando-se revel e vindo a ser condenada ao pagamento da quantia de 100 mil reais. Iniciada a fase de cumprimento de senten\u00e7a,<br \/>\n(A) Fernanda dever\u00e1 ser intimada para pagar o valor da condena\u00e7\u00e3o pelo Di\u00e1rio da Justi\u00e7a.<br \/>\n(B) Fernanda dever\u00e1 ser intimada para pagar o valor da condena\u00e7\u00e3o por carta com aviso de recebimento, salvo se residir em edif\u00edcio de apartamentos.<br \/>\n(C) Fernanda dever\u00e1 ser intimada para pagar o valor da condena\u00e7\u00e3o por Oficial de Justi\u00e7a, acrescido de multa de 15% sobre o valor da condena\u00e7\u00e3o.<br \/>\n(D) Fernanda dever\u00e1 ser intimada, por edital, para pagar o valor da condena\u00e7\u00e3o.<br \/>\n(E) dispensa-se a intima\u00e7\u00e3o de Fernanda para o pagamento do valor da condena\u00e7\u00e3o, porquanto revel na fase de conhecimento, salvo se relativa ou absolutamente incapaz.<br \/>\n<span style=\"color: #0000ff\">Vejam que Fernanda \u00e9 revel desde a fase de conhecimento, assim, a intima\u00e7\u00e3o para cumprimento de senten\u00e7a ser\u00e1 feita por edital, por isso, correta a letra \u201cd\u201d.<\/span><\/p>\n<p><span style=\"color: #0000ff\">O devedor ser\u00e1 intimado para cumprir a senten\u00e7a:<\/span><\/p>\n<p><span style=\"color: #0000ff\">&#8211; pelo Di\u00e1rio da Justi\u00e7a, na pessoa de seu advogado constitu\u00eddo nos autos<\/span><\/p>\n<p><span style=\"color: #0000ff\">&#8211; por carta com aviso de recebimento, quando representado pela Defensoria P\u00fablica ou quando n\u00e3o tiver procurador constitu\u00eddo nos autos<\/span><\/p>\n<p><span style=\"color: #0000ff\">&#8211; por meio eletr\u00f4nico, quando n\u00e3o tiver procurador constitu\u00eddo nos autos\u00a0<\/span><span style=\"color: #0000ff\">por edital, quando tiver sido revel na fase de conhecimento.<\/span><\/p>\n<p><span style=\"color: #0000ff\"><strong>Gabarito: &#8220;d&#8221;.<\/strong><\/span><\/p>\n<p>&nbsp;<\/p>\n<p>2- Na audi\u00eancia de instru\u00e7\u00e3o e julgamento ser\u00e3o produzidas as provas orais, ouvindo-se<br \/>\n(A) preferencialmente nesta ordem: o perito e os assistentes t\u00e9cnicos; o autor e o r\u00e9u; e as testemunhas arroladas pelo autor e pelo r\u00e9u.<br \/>\n(B) obrigatoriamente nesta ordem: o perito e os assistentes t\u00e9cnicos; o autor e o r\u00e9u; e as testemunhas arroladas pelo autor e pelo r\u00e9u.<br \/>\n(C) preferencialmente nesta ordem: o autor e o r\u00e9u; as testemunhas arroladas pelo autor e pelo r\u00e9u; e o perito e os assistentes t\u00e9cnicos.<br \/>\n(D) obrigatoriamente nesta ordem: o autor e o r\u00e9u; as testemunhas arroladas pelo autor e pelo r\u00e9u; e o perito e os assistentes t\u00e9cnicos.<br \/>\n(E) obrigatoriamente nesta ordem: o autor e o r\u00e9u; o perito e os assistentes t\u00e9cnicos; e as testemunhas arroladas pelo autor e pelo r\u00e9u.<\/p>\n<p><span style=\"color: #0000ff\">A ordem da oitiva das testemunhas \u00e9 mera faculdade dada ao juiz, por isso, j\u00e1 podemos eliminar as assertivas &#8220;b&#8221;, &#8220;d&#8221; e &#8220;e&#8221;.<\/span><\/p>\n<p><span style=\"color: #0000ff\">As provas orais ser\u00e3o produzidas em audi\u00eancia, ouvindo-se nesta ordem, preferencialmente:<\/span><\/p>\n<p><span style=\"color: #0000ff\">I &#8211; o perito e os assistentes t\u00e9cnicos<\/span><\/p>\n<p><span style=\"color: #0000ff\">II &#8211; o autor e, em seguida, o r\u00e9u, que prestar\u00e3o depoimentos pessoais<\/span><\/p>\n<p><span style=\"color: #0000ff\">III- as testemunhas arroladas pelo autor e pelo r\u00e9u, que ser\u00e3o inquiridas.<\/span><\/p>\n<p><span style=\"color: #0000ff\"><strong>Gabarito: \u201ca\u201d.<\/strong><\/span><\/p>\n<p>&nbsp;<\/p>\n<p>3- Nas causas que dispensem a fase instrut\u00f3ria, o juiz julgar\u00e1 liminarmente improcedente o pedido que contrariar<br \/>\n(A) enunciado de s\u00famula do Supremo Tribunal Federal ou do Superior Tribunal de Justi\u00e7a, desde que j\u00e1 tenha havido a cita\u00e7\u00e3o do r\u00e9u.<br \/>\n(B) enunciado de s\u00famula de tribunal de justi\u00e7a sobre direito local, independentemente da cita\u00e7\u00e3o do r\u00e9u.<br \/>\n(C) decis\u00f5es anteriores suas proferidas em casos an\u00e1logos, independentemente da cita\u00e7\u00e3o do r\u00e9u.<br \/>\n(D) qualquer ac\u00f3rd\u00e3o proferido pelo Supremo Tribunal Federal nos \u00faltimos 5 anos cujo entendimento n\u00e3o tenha sido modificado pelo pr\u00f3prio Relator, independentemente da cita\u00e7\u00e3o do r\u00e9u.<br \/>\n(E) entendimento firmado em incidente de resolu\u00e7\u00e3o de demandas repetitivas ou de assun\u00e7\u00e3o de compet\u00eancia, desde que j\u00e1 tenha havido a cita\u00e7\u00e3o do r\u00e9u<\/p>\n<p><span style=\"color: #0000ff\">a) O julgamento liminar do pedido se d\u00e1 antes da cita\u00e7\u00e3o, por isso, errada a assertiva.\u00a0<\/span><\/p>\n<p><span style=\"color: #0000ff\">b) Item correto, sen\u00e3o vejamos:<\/span><br \/>\n<span style=\"color: #0000ff\">Nas causas que dispensem a fase instrut\u00f3ria, o juiz, <strong>independentemente da cita\u00e7\u00e3o do r\u00e9u<\/strong>, julgar\u00e1 liminarmente improcedente o pedido que contrariar:<\/span><br \/>\n<span style=\"color: #0000ff\">I &#8211; enunciado de s\u00famula do Supremo Tribunal Federal ou do Superior Tribunal de Justi\u00e7a;<\/span><br \/>\n<span style=\"color: #0000ff\">II &#8211; ac\u00f3rd\u00e3o proferido pelo Supremo Tribunal Federal ou pelo Superior Tribunal de Justi\u00e7a em julgamento de recursos repetitivos;<\/span><br \/>\n<span style=\"color: #0000ff\">III &#8211; entendimento firmado em incidente de resolu\u00e7\u00e3o de demandas repetitivas ou de assun\u00e7\u00e3o de compet\u00eancia;<\/span><br \/>\n<span style=\"color: #0000ff\"><strong>IV &#8211; enunciado de s\u00famula de tribunal de justi\u00e7a sobre direito local<\/strong>.<\/span><br \/>\n<span style=\"color: #0000ff\">V- decad\u00eancia ou de prescri\u00e7\u00e3o.<\/span><\/p>\n<p><span style=\"color: #0000ff\">c) N\u00e3o h\u00e1 esta hip\u00f3tese no CPC.\u00a0<\/span><\/p>\n<p><span style=\"color: #0000ff\">d) N\u00e3o \u00e9 qualquer ac\u00f3rd\u00e3o, mas aquele decididos em demandas de recursos repetitivos.\u00a0<\/span><\/p>\n<p><span style=\"color: #0000ff\">e) Na improced\u00eancia liminar do pedido n\u00e3o tem cita\u00e7\u00e3o do r\u00e9u.\u00a0<\/span><\/p>\n<p><strong><span style=\"color: #0000ff\">Gabarito: \u201cb\u201d.<\/span><\/strong><\/p>\n<p>&nbsp;<\/p>\n<p>4- Acerca do processo de invent\u00e1rio e partilha, considere:<br \/>\nI. O processo de invent\u00e1rio e de partilha deve ser instaurado dentro de 6 meses, a contar da abertura da sucess\u00e3o, ultimando-se nos 12 meses subsequentes, podendo o juiz prorrogar esses prazos, para at\u00e9 60 meses, de of\u00edcio ou a requerimento de parte.<br \/>\nII. O legat\u00e1rio n\u00e3o \u00e9 parte leg\u00edtima para manifestar-se sobre as d\u00edvidas do esp\u00f3lio, mesmo se toda a heran\u00e7a for dividida em legados, salvo se estipulados em testamento p\u00fablico.<br \/>\nIII. O inventariante s\u00f3 ser\u00e1 removido do cargo mediante requerimento de qualquer interessado ou do Minist\u00e9rio P\u00fablico, sendo vedada sua remo\u00e7\u00e3o de of\u00edcio.<br \/>\nIV. S\u00f3 se pode arguir sonega\u00e7\u00e3o ao inventariante depois de encerrada a descri\u00e7\u00e3o dos bens, com a declara\u00e7\u00e3o, por ele feita, de n\u00e3o existirem outros por inventariar.<br \/>\nV. O direito \u00e0 anula\u00e7\u00e3o de partilha amig\u00e1vel extingue-se em 1 ano, contado esse prazo, no caso de coa\u00e7\u00e3o, do dia em que ela cessou. Est\u00e1 correto o que se afirma APENAS em:<br \/>\n(A) I e II.<br \/>\n(B) III e V.<br \/>\n(C) II e IV.<br \/>\n(D) IV e V.<br \/>\n(E) I e III.<\/p>\n<p><span style=\"color: #0000ff\">I- O item I contraria o art.611, do CPC:<\/span><br \/>\n<span style=\"color: #0000ff\">Art. 611. O processo de invent\u00e1rio e de partilha deve ser instaurado dentro de 2 (dois) meses, a contar da abertura da sucess\u00e3o, ultimando-se nos 12 (doze) meses subsequentes, podendo o juiz prorrogar esses prazos, de of\u00edcio ou a requerimento de parte.<\/span><\/p>\n<p><span style=\"color: #0000ff\">III- O inventariante pode ser removido de of\u00edcio ou mediante requerimento, por isso, errado o item III.<\/span><br \/>\n<span style=\"color: #0000ff\">Art. 622. O inventariante ser\u00e1 removido de of\u00edcio ou a requerimento:<\/span><br \/>\n<span style=\"color: #0000ff\">I &#8211; se n\u00e3o prestar, no prazo legal, as primeiras ou as \u00faltimas declara\u00e7\u00f5es;<\/span><\/p>\n<p><span style=\"color: #0000ff\">II &#8211; se n\u00e3o der ao invent\u00e1rio andamento regular, se suscitar d\u00favidas infundadas ou se praticar atos meramente protelat\u00f3rios;<\/span><br \/>\n<span style=\"color: #0000ff\">III &#8211; se, por culpa sua, bens do esp\u00f3lio se deteriorarem, forem dilapidados ou sofrerem dano;<\/span><br \/>\n<span style=\"color: #0000ff\">IV &#8211; se n\u00e3o defender o esp\u00f3lio nas a\u00e7\u00f5es em que for citado, se deixar de cobrar d\u00edvidas ativas ou se n\u00e3o promover as medidas necess\u00e1rias para evitar o perecimento de direitos;<\/span><br \/>\n<span style=\"color: #0000ff\">V &#8211; se n\u00e3o prestar contas ou se as que prestar n\u00e3o forem julgadas boas;<\/span><br \/>\n<span style=\"color: #0000ff\">VI &#8211; se sonegar, ocultar ou desviar bens do esp\u00f3lio.<\/span><\/p>\n<p><span style=\"color: #0000ff\">III- Claro que tem. N\u00e3o precisava nem saber o CPC para eliminar este item, n\u00e9? Precisava sim, professor! \u00af\\_(\u30c4)_\/\u00af<\/span><br \/>\n<span style=\"color: #0000ff\">Ent\u00e3o, t\u00e1. Vamos ver o art.615 e art.616:<\/span><br \/>\n<span style=\"color: #0000ff\">Art. 615. O requerimento de invent\u00e1rio e de partilha incumbe a quem estiver na posse e na administra\u00e7\u00e3o do esp\u00f3lio, no prazo estabelecido no art. 611.<\/span><br \/>\n<span style=\"color: #0000ff\">Par\u00e1grafo \u00fanico. O requerimento ser\u00e1 instru\u00eddo com a certid\u00e3o de \u00f3bito do autor da heran\u00e7a.<\/span><br \/>\n<span style=\"color: #0000ff\">Art. 616. T\u00eam, contudo, legitimidade concorrente:<\/span><br \/>\n<span style=\"color: #0000ff\">I &#8211; o c\u00f4njuge ou companheiro sup\u00e9rstite;<\/span><br \/>\n<span style=\"color: #0000ff\">II &#8211; o herdeiro;<\/span><br \/>\n<span style=\"color: #0000ff\">III &#8211; o legat\u00e1rio;<\/span><br \/>\n<span style=\"color: #0000ff\">IV &#8211; o testamenteiro;<\/span><br \/>\n<span style=\"color: #0000ff\">V &#8211; o cession\u00e1rio do herdeiro ou do legat\u00e1rio;<\/span><br \/>\n<span style=\"color: #0000ff\">VI &#8211; o credor do herdeiro, do legat\u00e1rio ou do autor da heran\u00e7a;<\/span><br \/>\n<span style=\"color: #0000ff\">VII &#8211; o Minist\u00e9rio P\u00fablico, havendo herdeiros incapazes;<\/span><br \/>\n<span style=\"color: #0000ff\">VIII &#8211; a Fazenda P\u00fablica, quando tiver interesse;<\/span><br \/>\n<span style=\"color: #0000ff\">IX &#8211; o administrador judicial da fal\u00eancia do herdeiro, do legat\u00e1rio, do autor da heran\u00e7a ou do c\u00f4njuge ou companheiro sup\u00e9rstite.<\/span><\/p>\n<p><span style=\"color: #0000ff\">IV- O item est\u00e1 verdadeiro e \u00e9 a descri\u00e7\u00e3o do art.621:<\/span><br \/>\n<span style=\"color: #0000ff\">Art. 621. S\u00f3 se pode arguir sonega\u00e7\u00e3o ao inventariante depois de encerrada a descri\u00e7\u00e3o dos bens, com a declara\u00e7\u00e3o, por ele feita, de n\u00e3o existirem outros por inventariar.<\/span><br \/>\n<span style=\"color: #0000ff\">V- Em caso de coa\u00e7\u00e3o, a partilha amig\u00e1vel pode ser anulada ap\u00f3s 1 ano de sua cessa\u00e7\u00e3o. Lembrando que a partilha tamb\u00e9m pode ser anulada por dolo, erro essencial ou interven\u00e7\u00e3o de incapaz, estando correto o item.<\/span><\/p>\n<p><span style=\"color: #0000ff\"><strong>Gabarito: \u201cd\u201d.<\/strong><\/span><\/p>\n","protected":false},"excerpt":{"rendered":"<p>Vamos dar uma olhada nas quest\u00f5es de Processo Civil do MP-PE? A profa. Thais Rumstain (acho que \u00e9 assim que se escreve, eu a conhe\u00e7o desde 2004, estudamos juntos e nunca sei se o sobrenome dela est\u00e1 certo, rs) e eu, prof. Jo\u00e3o Maur\u00edcio, comentamos a prova de Processo Civil aplicada pela FCC, para o [&hellip;]<\/p>\n","protected":false},"author":540,"featured_media":0,"comment_status":"open","ping_status":"closed","sticky":false,"template":"","format":"standard","meta":{"post_tipo":"article","footnotes":""},"categories":[1],"tags":[],"tax_estado":[],"class_list":["post-154311","post","type-post","status-publish","format-standard","hentry","category-cursos-e-concursos"],"acf":[],"yoast_head":"<!-- This site is optimized with the Yoast SEO Premium plugin v27.2 (Yoast SEO v27.2) - https:\/\/yoast.com\/product\/yoast-seo-premium-wordpress\/ -->\n<title>Fala Corujas!!!<\/title>\n<meta name=\"robots\" content=\"index, follow, max-snippet:-1, max-image-preview:large, max-video-preview:-1\" \/>\n<link rel=\"canonical\" href=\"https:\/\/www.estrategiaconcursos.com.br\/blog\/fala-corujas\/\" \/>\n<meta property=\"og:locale\" content=\"pt_BR\" \/>\n<meta property=\"og:type\" content=\"article\" \/>\n<meta property=\"og:title\" content=\"Fala Corujas!!!\" \/>\n<meta property=\"og:description\" content=\"Vamos dar uma olhada nas quest\u00f5es de Processo Civil do MP-PE? A profa. Thais Rumstain (acho que \u00e9 assim que se escreve, eu a conhe\u00e7o desde 2004, estudamos juntos e nunca sei se o sobrenome dela est\u00e1 certo, rs) e eu, prof. Jo\u00e3o Maur\u00edcio, comentamos a prova de Processo Civil aplicada pela FCC, para o [&hellip;]\" \/>\n<meta property=\"og:url\" content=\"https:\/\/www.estrategiaconcursos.com.br\/blog\/fala-corujas\/\" \/>\n<meta property=\"og:site_name\" content=\"Estrat\u00e9gia Concursos\" \/>\n<meta property=\"article:published_time\" content=\"2018-12-04T12:30:31+00:00\" \/>\n<meta name=\"author\" content=\"Jo\u00e3o Maur\u00edcio\" \/>\n<meta name=\"twitter:card\" content=\"summary_large_image\" \/>\n<meta name=\"twitter:creator\" content=\"@EstratConcursos\" \/>\n<meta name=\"twitter:site\" content=\"@EstratConcursos\" \/>\n<meta name=\"twitter:label1\" content=\"Escrito por\" \/>\n\t<meta name=\"twitter:data1\" content=\"Jo\u00e3o Maur\u00edcio\" \/>\n\t<meta name=\"twitter:label2\" content=\"Est. tempo de leitura\" \/>\n\t<meta name=\"twitter:data2\" content=\"8 minutos\" \/>\n<script type=\"application\/ld+json\" class=\"yoast-schema-graph\">{\"@context\":\"https:\/\/schema.org\",\"@graph\":[{\"@type\":\"NewsArticle\",\"@id\":\"https:\/\/www.estrategiaconcursos.com.br\/blog\/fala-corujas\/#article\",\"isPartOf\":{\"@id\":\"https:\/\/www.estrategiaconcursos.com.br\/blog\/fala-corujas\/\"},\"author\":{\"name\":\"Jo\u00e3o Maur\u00edcio\",\"@id\":\"https:\/\/www.estrategiaconcursos.com.br\/blog\/#\/schema\/person\/8415307e4dbb76faa389cec19fd69442\"},\"headline\":\"Fala Corujas!!!\",\"datePublished\":\"2018-12-04T12:30:31+00:00\",\"mainEntityOfPage\":{\"@id\":\"https:\/\/www.estrategiaconcursos.com.br\/blog\/fala-corujas\/\"},\"wordCount\":1600,\"commentCount\":0,\"publisher\":{\"@id\":\"https:\/\/www.estrategiaconcursos.com.br\/blog\/#organization\"},\"articleSection\":[\"Concursos P\u00fablicos\"],\"inLanguage\":\"pt-BR\",\"potentialAction\":[{\"@type\":\"CommentAction\",\"name\":\"Comment\",\"target\":[\"https:\/\/www.estrategiaconcursos.com.br\/blog\/fala-corujas\/#respond\"]}],\"copyrightYear\":\"2018\",\"copyrightHolder\":{\"@id\":\"https:\/\/www.estrategiaconcursos.com.br\/blog\/#organization\"}},{\"@type\":\"WebPage\",\"@id\":\"https:\/\/www.estrategiaconcursos.com.br\/blog\/fala-corujas\/\",\"url\":\"https:\/\/www.estrategiaconcursos.com.br\/blog\/fala-corujas\/\",\"name\":\"Fala Corujas!!!\",\"isPartOf\":{\"@id\":\"https:\/\/www.estrategiaconcursos.com.br\/blog\/#website\"},\"datePublished\":\"2018-12-04T12:30:31+00:00\",\"breadcrumb\":{\"@id\":\"https:\/\/www.estrategiaconcursos.com.br\/blog\/fala-corujas\/#breadcrumb\"},\"inLanguage\":\"pt-BR\",\"potentialAction\":[{\"@type\":\"ReadAction\",\"target\":[\"https:\/\/www.estrategiaconcursos.com.br\/blog\/fala-corujas\/\"]}]},{\"@type\":\"BreadcrumbList\",\"@id\":\"https:\/\/www.estrategiaconcursos.com.br\/blog\/fala-corujas\/#breadcrumb\",\"itemListElement\":[{\"@type\":\"ListItem\",\"position\":1,\"name\":\"In\u00edcio\",\"item\":\"https:\/\/www.estrategiaconcursos.com.br\/blog\/\"},{\"@type\":\"ListItem\",\"position\":2,\"name\":\"Fala Corujas!!!\"}]},{\"@type\":\"WebSite\",\"@id\":\"https:\/\/www.estrategiaconcursos.com.br\/blog\/#website\",\"url\":\"https:\/\/www.estrategiaconcursos.com.br\/blog\/\",\"name\":\"Estrat\u00e9gia Concursos\",\"description\":\"O blog da Estrat\u00e9gia Concursos traz not\u00edcias sobre concursos e artigos de professores oferecendo cursos para concursos (pdf + videaulas) no site.\",\"publisher\":{\"@id\":\"https:\/\/www.estrategiaconcursos.com.br\/blog\/#organization\"},\"potentialAction\":[{\"@type\":\"SearchAction\",\"target\":{\"@type\":\"EntryPoint\",\"urlTemplate\":\"https:\/\/www.estrategiaconcursos.com.br\/blog\/?s={search_term_string}\"},\"query-input\":{\"@type\":\"PropertyValueSpecification\",\"valueRequired\":true,\"valueName\":\"search_term_string\"}}],\"inLanguage\":\"pt-BR\"},{\"@type\":\"Organization\",\"@id\":\"https:\/\/www.estrategiaconcursos.com.br\/blog\/#organization\",\"name\":\"Estrat\u00e9gia Concursos\",\"url\":\"https:\/\/www.estrategiaconcursos.com.br\/blog\/\",\"logo\":{\"@type\":\"ImageObject\",\"inLanguage\":\"pt-BR\",\"@id\":\"https:\/\/www.estrategiaconcursos.com.br\/blog\/#\/schema\/logo\/image\/\",\"url\":\"https:\/\/dhg1h5j42swfq.cloudfront.net\/2025\/06\/03203428\/logo_concursos-1.jpg\",\"contentUrl\":\"https:\/\/dhg1h5j42swfq.cloudfront.net\/2025\/06\/03203428\/logo_concursos-1.jpg\",\"width\":230,\"height\":60,\"caption\":\"Estrat\u00e9gia Concursos\"},\"image\":{\"@id\":\"https:\/\/www.estrategiaconcursos.com.br\/blog\/#\/schema\/logo\/image\/\"},\"sameAs\":[\"https:\/\/x.com\/EstratConcursos\"]},{\"@type\":\"Person\",\"@id\":\"https:\/\/www.estrategiaconcursos.com.br\/blog\/#\/schema\/person\/8415307e4dbb76faa389cec19fd69442\",\"name\":\"Jo\u00e3o Maur\u00edcio\",\"image\":{\"@type\":\"ImageObject\",\"inLanguage\":\"pt-BR\",\"@id\":\"https:\/\/secure.gravatar.com\/avatar\/f07f7296087e40c7190d33237be16c42725b662adc227b9e00ee63da1065fc31?s=96&d=mm&r=g\",\"url\":\"https:\/\/secure.gravatar.com\/avatar\/f07f7296087e40c7190d33237be16c42725b662adc227b9e00ee63da1065fc31?s=96&d=mm&r=g\",\"contentUrl\":\"https:\/\/secure.gravatar.com\/avatar\/f07f7296087e40c7190d33237be16c42725b662adc227b9e00ee63da1065fc31?s=96&d=mm&r=g\",\"caption\":\"Jo\u00e3o Maur\u00edcio\"},\"url\":\"https:\/\/www.estrategiaconcursos.com.br\/blog\/author\/joaomauricioestrategiaconcursos-com-br\/\"}]}<\/script>\n<!-- \/ Yoast SEO Premium plugin. -->","yoast_head_json":{"title":"Fala Corujas!!!","robots":{"index":"index","follow":"follow","max-snippet":"max-snippet:-1","max-image-preview":"max-image-preview:large","max-video-preview":"max-video-preview:-1"},"canonical":"https:\/\/www.estrategiaconcursos.com.br\/blog\/fala-corujas\/","og_locale":"pt_BR","og_type":"article","og_title":"Fala Corujas!!!","og_description":"Vamos dar uma olhada nas quest\u00f5es de Processo Civil do MP-PE? A profa. Thais Rumstain (acho que \u00e9 assim que se escreve, eu a conhe\u00e7o desde 2004, estudamos juntos e nunca sei se o sobrenome dela est\u00e1 certo, rs) e eu, prof. Jo\u00e3o Maur\u00edcio, comentamos a prova de Processo Civil aplicada pela FCC, para o [&hellip;]","og_url":"https:\/\/www.estrategiaconcursos.com.br\/blog\/fala-corujas\/","og_site_name":"Estrat\u00e9gia Concursos","article_published_time":"2018-12-04T12:30:31+00:00","author":"Jo\u00e3o Maur\u00edcio","twitter_card":"summary_large_image","twitter_creator":"@EstratConcursos","twitter_site":"@EstratConcursos","twitter_misc":{"Escrito por":"Jo\u00e3o Maur\u00edcio","Est. tempo de leitura":"8 minutos"},"schema":{"@context":"https:\/\/schema.org","@graph":[{"@type":"NewsArticle","@id":"https:\/\/www.estrategiaconcursos.com.br\/blog\/fala-corujas\/#article","isPartOf":{"@id":"https:\/\/www.estrategiaconcursos.com.br\/blog\/fala-corujas\/"},"author":{"name":"Jo\u00e3o Maur\u00edcio","@id":"https:\/\/www.estrategiaconcursos.com.br\/blog\/#\/schema\/person\/8415307e4dbb76faa389cec19fd69442"},"headline":"Fala Corujas!!!","datePublished":"2018-12-04T12:30:31+00:00","mainEntityOfPage":{"@id":"https:\/\/www.estrategiaconcursos.com.br\/blog\/fala-corujas\/"},"wordCount":1600,"commentCount":0,"publisher":{"@id":"https:\/\/www.estrategiaconcursos.com.br\/blog\/#organization"},"articleSection":["Concursos P\u00fablicos"],"inLanguage":"pt-BR","potentialAction":[{"@type":"CommentAction","name":"Comment","target":["https:\/\/www.estrategiaconcursos.com.br\/blog\/fala-corujas\/#respond"]}],"copyrightYear":"2018","copyrightHolder":{"@id":"https:\/\/www.estrategiaconcursos.com.br\/blog\/#organization"}},{"@type":"WebPage","@id":"https:\/\/www.estrategiaconcursos.com.br\/blog\/fala-corujas\/","url":"https:\/\/www.estrategiaconcursos.com.br\/blog\/fala-corujas\/","name":"Fala Corujas!!!","isPartOf":{"@id":"https:\/\/www.estrategiaconcursos.com.br\/blog\/#website"},"datePublished":"2018-12-04T12:30:31+00:00","breadcrumb":{"@id":"https:\/\/www.estrategiaconcursos.com.br\/blog\/fala-corujas\/#breadcrumb"},"inLanguage":"pt-BR","potentialAction":[{"@type":"ReadAction","target":["https:\/\/www.estrategiaconcursos.com.br\/blog\/fala-corujas\/"]}]},{"@type":"BreadcrumbList","@id":"https:\/\/www.estrategiaconcursos.com.br\/blog\/fala-corujas\/#breadcrumb","itemListElement":[{"@type":"ListItem","position":1,"name":"In\u00edcio","item":"https:\/\/www.estrategiaconcursos.com.br\/blog\/"},{"@type":"ListItem","position":2,"name":"Fala Corujas!!!"}]},{"@type":"WebSite","@id":"https:\/\/www.estrategiaconcursos.com.br\/blog\/#website","url":"https:\/\/www.estrategiaconcursos.com.br\/blog\/","name":"Estrat\u00e9gia Concursos","description":"O blog da Estrat\u00e9gia Concursos traz not\u00edcias sobre concursos e artigos de professores oferecendo cursos para concursos (pdf + videaulas) no site.","publisher":{"@id":"https:\/\/www.estrategiaconcursos.com.br\/blog\/#organization"},"potentialAction":[{"@type":"SearchAction","target":{"@type":"EntryPoint","urlTemplate":"https:\/\/www.estrategiaconcursos.com.br\/blog\/?s={search_term_string}"},"query-input":{"@type":"PropertyValueSpecification","valueRequired":true,"valueName":"search_term_string"}}],"inLanguage":"pt-BR"},{"@type":"Organization","@id":"https:\/\/www.estrategiaconcursos.com.br\/blog\/#organization","name":"Estrat\u00e9gia Concursos","url":"https:\/\/www.estrategiaconcursos.com.br\/blog\/","logo":{"@type":"ImageObject","inLanguage":"pt-BR","@id":"https:\/\/www.estrategiaconcursos.com.br\/blog\/#\/schema\/logo\/image\/","url":"https:\/\/dhg1h5j42swfq.cloudfront.net\/2025\/06\/03203428\/logo_concursos-1.jpg","contentUrl":"https:\/\/dhg1h5j42swfq.cloudfront.net\/2025\/06\/03203428\/logo_concursos-1.jpg","width":230,"height":60,"caption":"Estrat\u00e9gia Concursos"},"image":{"@id":"https:\/\/www.estrategiaconcursos.com.br\/blog\/#\/schema\/logo\/image\/"},"sameAs":["https:\/\/x.com\/EstratConcursos"]},{"@type":"Person","@id":"https:\/\/www.estrategiaconcursos.com.br\/blog\/#\/schema\/person\/8415307e4dbb76faa389cec19fd69442","name":"Jo\u00e3o Maur\u00edcio","image":{"@type":"ImageObject","inLanguage":"pt-BR","@id":"https:\/\/secure.gravatar.com\/avatar\/f07f7296087e40c7190d33237be16c42725b662adc227b9e00ee63da1065fc31?s=96&d=mm&r=g","url":"https:\/\/secure.gravatar.com\/avatar\/f07f7296087e40c7190d33237be16c42725b662adc227b9e00ee63da1065fc31?s=96&d=mm&r=g","contentUrl":"https:\/\/secure.gravatar.com\/avatar\/f07f7296087e40c7190d33237be16c42725b662adc227b9e00ee63da1065fc31?s=96&d=mm&r=g","caption":"Jo\u00e3o Maur\u00edcio"},"url":"https:\/\/www.estrategiaconcursos.com.br\/blog\/author\/joaomauricioestrategiaconcursos-com-br\/"}]}},"_links":{"self":[{"href":"https:\/\/www.estrategiaconcursos.com.br\/blog\/wp-json\/wp\/v2\/posts\/154311","targetHints":{"allow":["GET"]}}],"collection":[{"href":"https:\/\/www.estrategiaconcursos.com.br\/blog\/wp-json\/wp\/v2\/posts"}],"about":[{"href":"https:\/\/www.estrategiaconcursos.com.br\/blog\/wp-json\/wp\/v2\/types\/post"}],"author":[{"embeddable":true,"href":"https:\/\/www.estrategiaconcursos.com.br\/blog\/wp-json\/wp\/v2\/users\/540"}],"replies":[{"embeddable":true,"href":"https:\/\/www.estrategiaconcursos.com.br\/blog\/wp-json\/wp\/v2\/comments?post=154311"}],"version-history":[{"count":3,"href":"https:\/\/www.estrategiaconcursos.com.br\/blog\/wp-json\/wp\/v2\/posts\/154311\/revisions"}],"predecessor-version":[{"id":154329,"href":"https:\/\/www.estrategiaconcursos.com.br\/blog\/wp-json\/wp\/v2\/posts\/154311\/revisions\/154329"}],"wp:attachment":[{"href":"https:\/\/www.estrategiaconcursos.com.br\/blog\/wp-json\/wp\/v2\/media?parent=154311"}],"wp:term":[{"taxonomy":"category","embeddable":true,"href":"https:\/\/www.estrategiaconcursos.com.br\/blog\/wp-json\/wp\/v2\/categories?post=154311"},{"taxonomy":"post_tag","embeddable":true,"href":"https:\/\/www.estrategiaconcursos.com.br\/blog\/wp-json\/wp\/v2\/tags?post=154311"},{"taxonomy":"tax_estado","embeddable":true,"href":"https:\/\/www.estrategiaconcursos.com.br\/blog\/wp-json\/wp\/v2\/tax_estado?post=154311"}],"curies":[{"name":"wp","href":"https:\/\/api.w.org\/{rel}","templated":true}]}}