{"id":154305,"date":"2018-12-04T06:42:57","date_gmt":"2018-12-04T09:42:57","guid":{"rendered":"https:\/\/www.estrategiaconcursos.com.br\/blog\/?p=154305"},"modified":"2019-04-16T09:42:17","modified_gmt":"2019-04-16T12:42:17","slug":"gabarito-tj-sp-processo-penal","status":"publish","type":"post","link":"https:\/\/www.estrategiaconcursos.com.br\/blog\/gabarito-tj-sp-processo-penal\/","title":{"rendered":"Gabarito TJ SP: coment\u00e1rios \u00e0 prova de Processo Penal do 188\u00ba concurso da Magistratura"},"content":{"rendered":"<p><em><span style=\"font-size: 18pt;\"><strong>Gabarito TJ SP 2018 Magistratura \u2013 processo penal<\/strong><\/span><\/em><\/p>\n<p>E a\u00ed pessoal, como foram na prova objetiva para magistratura de SP?<\/p>\n<p>Estava aqui dando uma olhada nas 10 (dez) quest\u00f5es de processo penal e pude perceber que <u>pelo menos 3 (tr\u00eas) delas continham temas que foram objeto direto da nossa revis\u00e3o de v\u00e9spera<\/u>: pris\u00e3o tempor\u00e1ria (quest\u00e3o 41); provas (quest\u00e3o 45); \u201cmutatio\u201d e \u201cemendatio libelli\u201d (quest\u00e3o 46 e uma alternativa da 49).<\/p>\n<p>&nbsp;<\/p>\n<p>Tamb\u00e9m como adiantamos, de um modo geral e ressalvadas algumas inconsist\u00eancias, a prova estava em n\u00edvel bem razo\u00e1vel e sem revelar muita dificuldade.<\/p>\n<p>&nbsp;<\/p>\n<p>Vamos comentar as quest\u00f5es rapidamente e formar um gabarito preliminar?<\/p>\n<p>&nbsp;<\/p>\n<ol start=\"41\">\n<li><strong> Em rela\u00e7\u00e3o \u00e0 pris\u00e3o tempor\u00e1ria, prevista na Lei n\u00ba 7.960\/1989, assinale a alternativa correta.<\/strong><\/li>\n<\/ol>\n<p>(A) \u00c9 cab\u00edvel para os crimes que a admitem, tanto na fase pr\u00e9-processual quanto na processual, podendo ser decretada de of\u00edcio, ou a requerimento da Autoridade Policial ou do Minist\u00e9rio P\u00fablico.<\/p>\n<p>(B) \u00c9 cab\u00edvel para os crimes que a admitem, e somente na fase pr\u00e9-processual, sendo imprescind\u00edvel para a decreta\u00e7\u00e3o, quando requerida pela Autoridade Policial,<\/p>\n<p>a concord\u00e2ncia do Minist\u00e9rio P\u00fablico.<\/p>\n<p>(C) \u00c9 cab\u00edvel para os crimes que a admitem, tanto na fase pr\u00e9-processual quanto na processual, a requerimento da Autoridade Policial ou do Minist\u00e9rio P\u00fablico, vedada<\/p>\n<p>a decreta\u00e7\u00e3o de of\u00edcio, por 5 (cinco) dias, prorrog\u00e1veis uma vez e pelo mesmo prazo, em caso de extrema necessidade, devidamente demonstrada.<\/p>\n<p>(D) \u00c9 cab\u00edvel para os crimes que a admitem, e somente na fase pr\u00e9-processual, desde que em aten\u00e7\u00e3o a requerimento da Autoridade Policial ou do Minist\u00e9rio P\u00fablico, vedada a decreta\u00e7\u00e3o de of\u00edcio.<\/p>\n<p>&nbsp;<\/p>\n<p>Essa, quem assistiu nossa revis\u00e3o de v\u00e9spera n\u00e3o pode ter errado. No s\u00e1bado frisei que, de acordo com a Lei em refer\u00eancia, a tempor\u00e1ria s\u00f3 se aplica a determinados crimes (previstos no inciso III do art. 1\u00ba); s\u00f3 pode ser decretada em fase de investiga\u00e7\u00e3o (pr\u00e9-processual), jamais durante o processo; n\u00e3o pode ser decretada de of\u00edcio, ou seja, depende de representa\u00e7\u00e3o ou requerimento da autoridade policial ou do Minist\u00e9rio P\u00fablico; tamb\u00e9m falamos sobre os prazos e a possibilidade de prorroga\u00e7\u00e3o. Se voc\u00ea lembrasse disso, certamente anotaria a <strong>assertiva D<\/strong> &#8211; que deve ser a resposta tida como correta.<\/p>\n<p>&nbsp;<\/p>\n<ol start=\"42\">\n<li><strong> Expedido mandado de pris\u00e3o contra r\u00e9u condenado, o executor do mandado, encontrando-o em casa de terceiro, e no per\u00edodo noturno, dever\u00e1<\/strong><\/li>\n<\/ol>\n<p>(A) entrar na casa do terceiro, mesmo contra sua vontade, e efetuar a pris\u00e3o do condenado em cumprimento ao mandado judicial.<\/p>\n<p>(B) intimar o morador a entregar o condenado e, em caso de recusa, esperar o amanhecer para ingressar na casa e efetuar a pris\u00e3o.<\/p>\n<p>(C) entrar na casa do terceiro, a quem dar\u00e1 voz de pris\u00e3o pelo crime de favorecimento pessoal, cumprir o mandado de pris\u00e3o e conduzir ambos \u00e0 presen\u00e7a da Autoridade policial.<\/p>\n<p>(D) intimar o morador a entregar o r\u00e9u condenado e, em caso de recusa, convocar 2 (duas) testemunhas e entrar imediatamente e \u00e0 for\u00e7a na casa para cumprir a ordem judicial.<\/p>\n<p>&nbsp;<\/p>\n<p>Duas normas respondem essa quest\u00e3o: aquela do inciso XI, art. 5\u00ba da Constitui\u00e7\u00e3o Federal e a do art. 293 do CPP, respectivamente:<\/p>\n<p>\u201cXI &#8211; a casa \u00e9 asilo inviol\u00e1vel do indiv\u00edduo, ningu\u00e9m nela podendo penetrar sem consentimento do morador, salvo em caso de flagrante delito ou desastre, ou para prestar socorro, ou, <u>durante o dia<\/u>, por determina\u00e7\u00e3o judicial;<\/p>\n<p>Art. 293.\u00a0 Se o executor do mandado verificar, com seguran\u00e7a, que o r\u00e9u entrou ou se encontra em alguma casa, o morador ser\u00e1 intimado a entreg\u00e1-lo, \u00e0 vista da ordem de pris\u00e3o. Se n\u00e3o for obedecido imediatamente, o executor convocar\u00e1 duas testemunhas e, <u>sendo dia<\/u>, entrar\u00e1 \u00e0 for\u00e7a na casa, arrombando as portas, se preciso; <u>sendo noite<\/u>, o executor, depois da intima\u00e7\u00e3o ao morador, se n\u00e3o for atendido, far\u00e1 guardar todas as sa\u00eddas, tornando a casa incomunic\u00e1vel, e, logo que amanhe\u00e7a, arrombar\u00e1 as portas e efetuar\u00e1 a pris\u00e3o.<\/p>\n<p>Par\u00e1grafo \u00fanico.\u00a0 O morador que se recusar a entregar o r\u00e9u oculto em sua casa ser\u00e1 levado \u00e0 presen\u00e7a da autoridade, para que se proceda contra ele como for de direito\u201d.<\/p>\n<p>Mandado de pris\u00e3o nada mais \u00e9 sen\u00e3o uma ordem judicial formalizada. Nessa condi\u00e7\u00e3o, segundo a Constitui\u00e7\u00e3o Federal, esse instrumento s\u00f3 permite o ingresso nas casas <u>durante o dia<\/u>. Veja que a quest\u00e3o explica que o executor do mandado encontrou o sujeito passivo \u201cno per\u00edodo noturno\u201d. Assim, n\u00e3o \u00e9 poss\u00edvel ingressar imediatamente e o caminho a ser adotado \u00e9 aquele previsto na parte final do art. 293 do CPP. Ou seja: <strong>a alternativa B deve ser a correta<\/strong>. O favorecimento pessoal do terceiro, dono da casa, s\u00f3 se constituiria se fosse dia. Durante a noite, em havendo a prerrogativa do asilo de sua casa, n\u00e3o se constituiria o crime com a sua recusa de entrega do sujeito \u2013 isso \u00e9 interpretado como uma conduta l\u00edcita (n\u00e3o antijur\u00eddica) admitida pela pr\u00f3pria Constitui\u00e7\u00e3o Federal.<\/p>\n<p>&nbsp;<\/p>\n<ol start=\"43\">\n<li><strong> Sobre a quest\u00e3o prejudicial, \u00e9 correto afirmar que<\/strong><\/li>\n<\/ol>\n<p>(A) para a suspens\u00e3o do curso da a\u00e7\u00e3o penal em decorr\u00eancia de quest\u00e3o prejudicial, \u00e9 imprescind\u00edvel requerimento das partes, vedada decis\u00e3o de of\u00edcio.<\/p>\n<p>(B) contra a decis\u00e3o que reconhece a exist\u00eancia de quest\u00e3o prejudicial, suspendendo ou n\u00e3o o curso da a\u00e7\u00e3o penal, cabe recurso em sentido estrito.<\/p>\n<p>(C) a suspens\u00e3o do processo em decorr\u00eancia de quest\u00e3o prejudicial \u00e9 de exclusiva discricionariedade do magistrado, em ju\u00edzo de preliba\u00e7\u00e3o, n\u00e3o cabendo recurso em sentido estrito em caso de denega\u00e7\u00e3o.<\/p>\n<p>(D) o curso da a\u00e7\u00e3o penal ficar\u00e1 suspenso at\u00e9 a senten\u00e7a transitar em julgado no ju\u00edzo c\u00edvel, sem preju\u00edzo de produ\u00e7\u00e3o das provas de natureza urgente, cabendo contra essa decis\u00e3o recurso em sentido estrito.<\/p>\n<p>&nbsp;<\/p>\n<p><strong>Quest\u00e3o anul\u00e1vel (?!)<\/strong> \u2013 numa an\u00e1lise sum\u00e1ria.<\/p>\n<p>Assertiva A incorreta. A lei viabiliza a suspens\u00e3o de of\u00edcio (art. 94, CPP).<\/p>\n<p>Assertiva B incorreta. Pelo \u00a7 2\u00ba do art. 93 do CPP, do despacho que denega suspens\u00e3o n\u00e3o cabe recurso. O art. 581, XVI do CPP tamb\u00e9m esclarece que s\u00f3 cabe recurso em sentido estrito da decis\u00e3o\/despacho que ordena a suspens\u00e3o do processo em virtude de quest\u00e3o prejudicial.<\/p>\n<p>Assertiva C incorreta. Existem quest\u00f5es prejudiciais obrigat\u00f3rias e facultativas. A alternativa n\u00e3o indicou sobre qual delas tratava. A suspens\u00e3o do processo em caso de quest\u00e3o prejudicial obrigat\u00f3ria n\u00e3o \u00e9 de exclusiva discricionariedade do magistrado. \u00c9 imposi\u00e7\u00e3o legal (art. 92, CPP).<\/p>\n<p>Assertiva D incorreta. Mais uma vez a alternativa n\u00e3o indicou se tratava de quest\u00e3o prejudicial obrigat\u00f3ria ou facultativa. A quest\u00e3o prejudicial obrigat\u00f3ria deve aguardar o tr\u00e2nsito em julgado da senten\u00e7a c\u00edvel; o prazo de suspens\u00e3o do processo, no caso de quest\u00e3o prejudicial facultativa, fica a crit\u00e9rio do juiz.<\/p>\n<p>&nbsp;<\/p>\n<ol start=\"44\">\n<li><strong> Quanto \u00e0s medidas assecurat\u00f3rias, \u00e9 correto afirmar que<\/strong><\/li>\n<\/ol>\n<p>(A) iniciada a a\u00e7\u00e3o penal ou a queixa-crime, o juiz poder\u00e1, de of\u00edcio, mediante requerimento do Minist\u00e9rio P\u00fablico ou do ofendido, ou representa\u00e7\u00e3o da Autoridade Policial, ordenar o sequestro de bens.<\/p>\n<p>(B) depois de recebida a den\u00fancia ou a queixa, quando os bens sequestrados ou arrestados estiverem sujeitos a qualquer grau de deteriora\u00e7\u00e3o ou deprecia\u00e7\u00e3o, ou quando houver dificuldade para sua manuten\u00e7\u00e3o, para preservar-lhes o valor, o juiz determinar\u00e1 a aliena\u00e7\u00e3o.<\/p>\n<p>(C) o sequestro poder\u00e1 recair sobre bens im\u00f3veis adquiridos pelo indiciado com os proventos da infra\u00e7\u00e3o, desde que ainda n\u00e3o tenham sido transferidos a terceiros.<\/p>\n<p>(D) se o respons\u00e1vel n\u00e3o possuir bens im\u00f3veis ou os possuir de valor insuficiente, poder\u00e3o ser arrestados bens m\u00f3veis suscet\u00edveis de penhora, nos termos em que \u00e9 facultada a hipoteca legal dos im\u00f3veis.<\/p>\n<p>Assertiva A incorreta. O juiz pode ordenar o sequestro antes de oferecida a den\u00fancia ou queixa (art. 127, CPP).<\/p>\n<p>Assertiva B incorreta. Poss\u00edvel a aliena\u00e7\u00e3o antecipada antes mesmo da do recebimento da pe\u00e7a acusat\u00f3ria; a lei n\u00e3o restringe (art. 144-A, CPP).<\/p>\n<p>Assertiva C incorreta. Contr\u00e1ria ao art. 125 do CPP.<\/p>\n<p><strong>Assertiva D correta<\/strong>. Literalidade da lei (art. 137, CPP).<\/p>\n<p>&nbsp;<\/p>\n<ol start=\"45\">\n<li><strong> Quanto \u00e0s provas no processo penal, \u00e9 correto afirmar que <\/strong><\/li>\n<\/ol>\n<p>(A) o juiz formar\u00e1 sua convic\u00e7\u00e3o pela livre aprecia\u00e7\u00e3o da prova produzida em contradit\u00f3rio judicial, n\u00e3o podendo fundamentar sua decis\u00e3o exclusivamente nos elementos informativos colhidos na investiga\u00e7\u00e3o, ressalvadas as provas cautelares, n\u00e3o repet\u00edveis e antecipadas.<\/p>\n<p>(B) quanto ao \u00f4nus da prova, no curso da instru\u00e7\u00e3o ou antes de proferir senten\u00e7a, para dirimir d\u00favida sobre ponto relevante, a pedido das partes, o juiz poder\u00e1 determinar a realiza\u00e7\u00e3o de dilig\u00eancias, vedado faz\u00ea-lo de of\u00edcio.<\/p>\n<p>(C) s\u00e3o inadmiss\u00edveis, devendo ser desentranhadas do processo as provas il\u00edcitas e as derivadas delas, mesmo que n\u00e3o evidenciado o nexo de causalidade entre umas e outras, ou quando as derivadas puderem ser obtidas por uma fonte independente das primeiras.<\/p>\n<p>(D) no interrogat\u00f3rio, meio de prova e de defesa, o sil\u00eancio do acusado n\u00e3o importar\u00e1 confiss\u00e3o, mas poder\u00e1 constituir elemento para a forma\u00e7\u00e3o do convencimento do juiz.<\/p>\n<p>&nbsp;<\/p>\n<p><strong>A assertiva A deve ser a correta<\/strong>. Ali\u00e1s, ela \u00e9 c\u00f3pia do art. 155 do CPP que foi trazido, na sua integralidade e com destaques na nossa revis\u00e3o de v\u00e9spera (bingo!).<\/p>\n<p>A assertiva B est\u00e1 errada porque a lei (n\u00e3o obstante a cr\u00edtica da doutrina mais garantista) ainda faculta ao juiz que determine provas de of\u00edcio; veja o art. 156 do CPP (que tamb\u00e9m foi trazido textualmente na nossa revis\u00e3o de v\u00e9spera).<\/p>\n<p>Alternativa C errada na sua segunda parte. Cai na exce\u00e7\u00e3o do \u00a7 1\u00ba do art. 157 do CPP \u2013 desculpe a redund\u00e2ncia, mas tamb\u00e9m trazido expressamente na nossa revis\u00e3o de v\u00e9spera!<\/p>\n<p>A segunda parte da alternativa D tamb\u00e9m est\u00e1 errada. Veja o par\u00e1grafo \u00fanico do art. 186 do CPP.<\/p>\n<p>&nbsp;<\/p>\n<ol start=\"46\">\n<li><strong> Quanto \u00e0 senten\u00e7a penal, \u00e9 correto afirmar que<\/strong><\/li>\n<\/ol>\n<p>(A) encerrada a instru\u00e7\u00e3o probat\u00f3ria, se o juiz entender cab\u00edvel nova defini\u00e7\u00e3o jur\u00eddica do fato, em consequ\u00eancia de prova existente nos autos de elemento ou circunst\u00e2ncia da infra\u00e7\u00e3o penal n\u00e3o contida na acusa\u00e7\u00e3o, prescindir\u00e1 de abertura de vista ao Minist\u00e9rio P\u00fablico para eventual aditamento da den\u00fancia, se n\u00e3o resultar em aplica\u00e7\u00e3o de pena mais grave.<\/p>\n<p>(B) havendo fundada d\u00favida sobre a exist\u00eancia de circunst\u00e2ncias que excluam o crime ou isentem o r\u00e9u de pena, o fundamento legal para a absolvi\u00e7\u00e3o ser\u00e1 o da inexist\u00eancia de prova suficiente para a condena\u00e7\u00e3o.<\/p>\n<p>(C) o amplo efeito devolutivo dos recursos possibilita \u00e0 segunda inst\u00e2ncia dar nova defini\u00e7\u00e3o jur\u00eddica ao fato delituoso em virtude de circunst\u00e2ncia elementar n\u00e3o contida, expl\u00edcita ou implicitamente, na den\u00fancia ou queixa.<\/p>\n<p>(D) preservada sua compet\u00eancia e sem modificar a descri\u00e7\u00e3o do fato contida na den\u00fancia ou queixa, poder\u00e1 o juiz atribuir-lhe defini\u00e7\u00e3o jur\u00eddica diversa, ainda que, em consequ\u00eancia, tenha de aplicar pena mais grave.<\/p>\n<p>&nbsp;<\/p>\n<p>Quest\u00e3o trata da <em>emendatio<\/em> e <em>mutatio libelli<\/em>, institutos que tamb\u00e9m foram objeto da nossa revis\u00e3o de v\u00e9spera, quando trouxemos inclusive quadro comparativo.<\/p>\n<p>A assertiva A est\u00e1 errada quando fala da desnecessidade (\u201cprescindir\u00e1\u201d) de vista do Minist\u00e9rio P\u00fablico. Mesmo que a pena do crime seja menos grave \u2013 diferente do que dizia o CPP antes da reforma de 2008 \u2013 \u00e9 necess\u00e1rio o aditamento; portanto, necess\u00e1ria a abertura de vista.<\/p>\n<p>Errada a B porque o fundamento para a absolvi\u00e7\u00e3o, precisamente falando, seria o do inciso VI e n\u00e3o o do inciso VII (residual) do art. 386 do CPP.<\/p>\n<p>Errada a C. Olha o que colocamos textualmente no \u2018slide\u2019 da revis\u00e3o de v\u00e9spera: \u201cInstituto se aplica na pron\u00fancia (art. 411, \u00a7 3\u00ba, CPP) e <u>n\u00e3o se aplica em segunda inst\u00e2ncia (S\u00fam. 453\/STF<\/u>)\u201d.<\/p>\n<p><strong>Correta a D<\/strong>. Falamos exatamente disso, <em>emendatio libelli<\/em> (art. 383) na revis\u00e3o de v\u00e9spera, inclusive destacando o \u00a7 2\u00ba (trazido integralmente) que trata da mudan\u00e7a de compet\u00eancia.<\/p>\n<p>&nbsp;<\/p>\n<ol start=\"47\">\n<li><strong> Reconheceu o artigo 5\u00ba, inciso XXXVIII, da Constitui\u00e7\u00e3o Federal, a institui\u00e7\u00e3o do j\u00fari. Quanto a ela, \u00e9 correto afirmar que<\/strong><\/li>\n<\/ol>\n<p>(A) constatando o Juiz Presidente haver d\u00favidas sobre a imparcialidade do j\u00fari ou a seguran\u00e7a pessoal do acusado, de of\u00edcio ou a requerimento do Minist\u00e9rio P\u00fablico, do assistente, do querelante ou do acusado, proceder\u00e1 de of\u00edcio o desaforamento, encaminhando os autos para julgamento em outra comarca da mesma regi\u00e3o, comunicando imediatamente ao Presidente do Tribunal de Justi\u00e7a.<\/p>\n<p>(B) o efeito devolutivo da Apela\u00e7\u00e3o contra decis\u00f5es do j\u00fari \u00e9 adstrito aos fundamentos da interposi\u00e7\u00e3o.<\/p>\n<p>(C) n\u00e3o torna nulo o julgamento ulterior pelo j\u00fari a participa\u00e7\u00e3o de jurado que funcionou em julgamento anterior do mesmo processo, embora cindido.<\/p>\n<p>(D) s\u00e3o relativas as nulidades do julgamento pelo j\u00fari, quando os quesitos da defesa n\u00e3o precedem aos<\/p>\n<p>das circunst\u00e2ncias agravantes, bem como a falta de quesito obrigat\u00f3rio.<\/p>\n<p>&nbsp;<\/p>\n<p>Assertiva A errada porque quem pode determina o desaforamento \u00e9 o Tribunal, n\u00e3o o Juiz, que pode apenas representar para isso (art. 427 do CPP).<\/p>\n<p><strong>Assertiva B correta<\/strong> e dentro da exce\u00e7\u00e3o consolidada na S\u00famula 713 do STF.<\/p>\n<p>Alternativa C errada porquanto contraria a S\u00famula 206 do STF.<\/p>\n<p>Errada a D. Veja S\u00famula 162 do STF \u2013 a nulidade \u00e9 absoluta.<\/p>\n<p>&nbsp;<\/p>\n<ol start=\"48\">\n<li><strong> Quanto aos recursos, assinale a alternativa correta.<\/strong><\/li>\n<\/ol>\n<p>(A) No caso de concurso de pessoas, a decis\u00e3o do recurso interposto por um dos r\u00e9us, se fundado em<\/p>\n<p>motivos que n\u00e3o sejam de car\u00e1ter exclusivamente pessoal, aproveitar\u00e1 aos outros, em extens\u00e3o subjetiva do efeito devolutivo do recurso.<\/p>\n<p>(B) N\u00e3o gera nulidade a decis\u00e3o do tribunal que acolhe, contra o r\u00e9u, nulidade n\u00e3o arguida no recurso da<\/p>\n<p>acusa\u00e7\u00e3o, salvo os casos de recurso de of\u00edcio.<\/p>\n<p>(C) O ac\u00f3rd\u00e3o que prov\u00ea o recurso contra a rejei\u00e7\u00e3o da den\u00fancia vale, desde logo, pelo seu recebimento, ainda que nula a decis\u00e3o de primeiro grau.<\/p>\n<p>(D) A ren\u00fancia do r\u00e9u ao direito de Apela\u00e7\u00e3o, manifestada em termo pr\u00f3prio na presen\u00e7a de 2 (duas) testemunhas, sem assist\u00eancia do defensor, impede o conhecimento do recurso por este interposto.<\/p>\n<p>&nbsp;<\/p>\n<p><strong>Correta a assertiva A<\/strong>. Trata do efeito extensivo dos recursos no processo penal, concebido no art. 580 do CPP.<\/p>\n<p>Assertiva B errada porque contraria S\u00famula 160 do STF.<\/p>\n<p>Errada somente a parte final da assertiva C. Veja S\u00famula 709 do STF.<\/p>\n<p>Assertiva D errada porque vai contra o enunciado da S\u00famula 705 do STF.<\/p>\n<p>&nbsp;<\/p>\n<ol start=\"49\">\n<li><strong> Quanto \u00e0 Lei no 9.099\/95, \u00e9 correto afirmar que<\/strong><\/li>\n<\/ol>\n<p>(A) \u00e9 inadmiss\u00edvel o oferecimento de proposta pelo Minist\u00e9rio P\u00fablico, se o autor do fato tiver sido condenado definitivamente pela pr\u00e1tica de crime unicamente \u00e0 pena de multa.<\/p>\n<p>(B) compete originariamente ao Supremo Tribunal Federal o julgamento de habeas corpus contra decis\u00e3o de Turma Recursal de Juizado Especial Criminal.<\/p>\n<p>(C) n\u00e3o se admite a suspens\u00e3o condicional do processo por crime continuado, se a soma da pena m\u00ednima da infra\u00e7\u00e3o mais grave com o aumento m\u00ednimo de 1\/6 (um sexto) for superior a 1 (um) ano.<\/p>\n<p>(D) se em consequ\u00eancia da emendatio libelli estiverem reunidos os pressupostos legais permissivos da suspens\u00e3o condicional do processo, mas se recusando o promotor de justi\u00e7a a prop\u00f4-la, desde que requerido pelo autor do fato, o juiz remeter\u00e1 a quest\u00e3o ao Procurador Geral de Justi\u00e7a, vedada a remessa de of\u00edcio.<\/p>\n<p>&nbsp;<\/p>\n<p>Errada a alternativa A. Embora mal formulada (porque n\u00e3o diz qual proposta), a transa\u00e7\u00e3o penal s\u00f3 \u00e9 impedida em caso de condena\u00e7\u00e3o anterior \u201cpela pr\u00e1tica de crime, <u>\u00e0 pena privativa de liberdade<\/u>, por senten\u00e7a definitiva\u201d (art. 76, \u00a7 2\u00ba, I da Lei 9.099).<\/p>\n<p>Alternativa B incorreta. A \u201cS\u00famula 690\/STF n\u00e3o mais prevalece a partir do julgamento pelo Pleno do HC 86834\/SP, relatado pelo Rel. Ministro Marco Aur\u00e9lio (DJ em 9.3.2007), no qual foi consolidado o entendimento de que compete ao Tribunal de Justi\u00e7a ou ao Tribunal Regional Federal, conforme o caso, julgar <em>habeas corpus<\/em> impetrado contra ato praticado por integrantes de Turmas Recursais de Juizado Especial\u201d. [ARE 676.275 AgR, rel. min. Gilmar Mendes, 2\u00aa T, j. 12-6-2012, DJE 150 de 1\u00ba-8-2012.]<\/p>\n<p><strong>Correta a alternativa C<\/strong>. Retrata o entendimento das S\u00famulas 243 do STJ e, principalmente, 723 do STF (praticamente c\u00f3pia desta).<\/p>\n<p>Tamb\u00e9m tratamos especificamente dessa quest\u00e3o na revis\u00e3o de v\u00e9spera. O caminho a ser seguido, nessas situa\u00e7\u00f5es, \u00e9 aquele previsto no \u00a7 1\u00ba do art. 384 do CPP. Trouxemos textualmente no \u2018slide\u2019 da revis\u00e3o. O juiz pode encaminhar a quest\u00e3o para o Procurador-Geral de of\u00edcio, se for o caso. Errada a D, portanto.<\/p>\n<p>&nbsp;<\/p>\n<ol start=\"50\">\n<li><strong> S\u00e3o princ\u00edpios constitucionais processuais penais expl\u00edcitos e impl\u00edcitos, respectivamente:<\/strong><\/li>\n<\/ol>\n<p>(A) dignidade da pessoa humana e juiz natural; e insignific\u00e2ncia e identidade f\u00edsica do juiz.<\/p>\n<p>(B) intranscend\u00eancia das penas e motiva\u00e7\u00e3o das decis\u00f5es; e interven\u00e7\u00e3o m\u00ednima (ou ultima ratio) e duplo grau de jurisdi\u00e7\u00e3o.<\/p>\n<p>(C) contradit\u00f3rio e impulso oficial; e adequa\u00e7\u00e3o social e favor rei (ou in dubio pro reo).<\/p>\n<p>(D) n\u00e3o culpabilidade (ou presun\u00e7\u00e3o de inoc\u00eancia) e dura\u00e7\u00e3o razo\u00e1vel do processo; e n\u00e3o autoacusa\u00e7\u00e3o<\/p>\n<p>(ou nemo tenetur se detegere) e paridade de armas.<\/p>\n<p>&nbsp;<\/p>\n<p>Esse \u00e9 o tipo de quest\u00e3o que n\u00e3o deveria ser cobrada. Exige uma \u2018decoreba\u2019 in\u00fatil que, com todo o respeito, n\u00e3o mede a compreens\u00e3o aprimorada dos princ\u00edpios. Ali\u00e1s, aparentemente (temos de aguardar o gabarito oficial) exigiu-se uma interpreta\u00e7\u00e3o muito literal do enunciado, inclusive com a separa\u00e7\u00e3o do que seriam princ\u00edpios penais (materiais) daquilo que seriam os princ\u00edpios processuais.<\/p>\n<p>(A) Dignidade da pessoa humana e juiz natural est\u00e3o expl\u00edcitos na Constitui\u00e7\u00e3o Federal (art. 1\u00ba, III e art. 5\u00ba, XXXVII); insignific\u00e2ncia \u00e9 princ\u00edpio <u>penal<\/u> (n\u00e3o processual) e n\u00e3o tem previs\u00e3o na Constitui\u00e7\u00e3o Federal e identidade f\u00edsica est\u00e1 prevista somente no CPP (art. 399, \u00a7 2\u00ba).<\/p>\n<p>(B) Intranscend\u00eancia das penas \u00e9 princ\u00edpio <u>penal<\/u> e est\u00e1 previsto expressamente na Constitui\u00e7\u00e3o Federal (art. 5\u00ba, XLV) e motiva\u00e7\u00e3o est\u00e1 prevista no art. 93, IX; interven\u00e7\u00e3o m\u00ednima \u00e9 <u>penal<\/u> e n\u00e3o tem previs\u00e3o expressa na Constitui\u00e7\u00e3o Federal ao passo que duplo grau n\u00e3o tem previs\u00e3o expl\u00edcita na Constitui\u00e7\u00e3o Federal.<\/p>\n<p>(C) Contradit\u00f3rio tem previs\u00e3o na Constitui\u00e7\u00e3o Federal (art. 5\u00ba, LV), impulso oficial n\u00e3o. Adequa\u00e7\u00e3o social \u00e9 princ\u00edpio penal (material) e n\u00e3o tem previs\u00e3o expl\u00edcita.<\/p>\n<p>(D) N\u00e3o culpabilidade e dura\u00e7\u00e3o razo\u00e1vel do processo t\u00eam previs\u00e3o na Constitui\u00e7\u00e3o Federal (art. 5\u00ba, LVII e LXXVIII); n\u00e3o autoacusa\u00e7\u00e3o e paridade de armas s\u00e3o impl\u00edcitos \u2013 o primeiro decorrente do direito ao sil\u00eancio e o segundo uma especializa\u00e7\u00e3o do contradit\u00f3rio.<\/p>\n<p>Provavelmente a banca deve considerar a <strong>alternativa D como correta<\/strong>.<\/p>\n<p>&nbsp;<\/p>\n<p>Essa \u00e9 uma vis\u00e3o preliminar e sum\u00e1ria, feita \u2018na correria\u2019 para ajudar voc\u00ea a considerar seu resultado!<\/p>\n<p>&nbsp;<\/p>\n<p>Abra\u00e7o!<\/p>\n<p>&nbsp;<\/p>\n<p>Prof. Leonardo Tavares<\/p>\n<p>&nbsp;<\/p>\n","protected":false},"excerpt":{"rendered":"<p>Gabarito TJ SP 2018 Magistratura \u2013 processo penal E a\u00ed pessoal, como foram na prova objetiva para magistratura de SP? Estava aqui dando uma olhada nas 10 (dez) quest\u00f5es de processo penal e pude perceber que pelo menos 3 (tr\u00eas) delas continham temas que foram objeto direto da nossa revis\u00e3o de v\u00e9spera: pris\u00e3o tempor\u00e1ria (quest\u00e3o [&hellip;]<\/p>\n","protected":false},"author":555,"featured_media":153672,"comment_status":"open","ping_status":"closed","sticky":false,"template":"","format":"standard","meta":{"post_tipo":"article","footnotes":""},"categories":[1],"tags":[],"tax_estado":[],"class_list":["post-154305","post","type-post","status-publish","format-standard","has-post-thumbnail","hentry","category-cursos-e-concursos"],"acf":[],"yoast_head":"<!-- This site is optimized with the Yoast SEO Premium plugin v27.2 (Yoast SEO v27.2) - https:\/\/yoast.com\/product\/yoast-seo-premium-wordpress\/ -->\n<title>Gabarito TJ SP: coment\u00e1rios \u00e0 prova de Processo Penal do 188\u00ba concurso<\/title>\n<meta name=\"description\" content=\"Gabarito TJ SP Processo Penal: confira a an\u00e1lise completa da prova de Direito Processual Penal do 188\u00ba concurso da Magistratura de SP.\" \/>\n<meta name=\"robots\" content=\"index, follow, max-snippet:-1, max-image-preview:large, max-video-preview:-1\" \/>\n<link rel=\"canonical\" href=\"https:\/\/www.estrategiaconcursos.com.br\/blog\/gabarito-tj-sp-processo-penal\/\" \/>\n<meta property=\"og:locale\" content=\"pt_BR\" \/>\n<meta property=\"og:type\" content=\"article\" \/>\n<meta property=\"og:title\" content=\"Gabarito TJ SP: coment\u00e1rios \u00e0 prova de Processo Penal do 188\u00ba concurso da Magistratura\" \/>\n<meta property=\"og:description\" content=\"Gabarito TJ SP Processo Penal: confira a an\u00e1lise completa da prova de Direito Processual Penal do 188\u00ba concurso da Magistratura de SP.\" \/>\n<meta property=\"og:url\" content=\"https:\/\/www.estrategiaconcursos.com.br\/blog\/gabarito-tj-sp-processo-penal\/\" \/>\n<meta property=\"og:site_name\" content=\"Estrat\u00e9gia Concursos\" \/>\n<meta property=\"article:published_time\" content=\"2018-12-04T09:42:57+00:00\" \/>\n<meta property=\"article:modified_time\" content=\"2019-04-16T12:42:17+00:00\" \/>\n<meta property=\"og:image\" content=\"https:\/\/dhg1h5j42swfq.cloudfront.net\/2018\/11\/30161319\/gabarito-tj-sp-juiz.jpg\" \/>\n\t<meta property=\"og:image:width\" content=\"1200\" \/>\n\t<meta property=\"og:image:height\" content=\"628\" \/>\n\t<meta property=\"og:image:type\" content=\"image\/jpeg\" \/>\n<meta name=\"author\" content=\"Leonardo Ribas Tavares\" \/>\n<meta name=\"twitter:card\" content=\"summary_large_image\" \/>\n<meta name=\"twitter:creator\" content=\"@EstratConcursos\" \/>\n<meta name=\"twitter:site\" content=\"@EstratConcursos\" \/>\n<meta name=\"twitter:label1\" content=\"Escrito por\" \/>\n\t<meta name=\"twitter:data1\" content=\"Leonardo Ribas Tavares\" \/>\n\t<meta name=\"twitter:label2\" content=\"Est. tempo de leitura\" \/>\n\t<meta name=\"twitter:data2\" content=\"16 minutos\" \/>\n<script type=\"application\/ld+json\" class=\"yoast-schema-graph\">{\"@context\":\"https:\/\/schema.org\",\"@graph\":[{\"@type\":\"NewsArticle\",\"@id\":\"https:\/\/www.estrategiaconcursos.com.br\/blog\/gabarito-tj-sp-processo-penal\/#article\",\"isPartOf\":{\"@id\":\"https:\/\/www.estrategiaconcursos.com.br\/blog\/gabarito-tj-sp-processo-penal\/\"},\"author\":{\"name\":\"Leonardo Ribas Tavares\",\"@id\":\"https:\/\/www.estrategiaconcursos.com.br\/blog\/#\/schema\/person\/d531664e63d1dcee60298ab782d90a08\"},\"headline\":\"Gabarito TJ SP: coment\u00e1rios \u00e0 prova de Processo Penal do 188\u00ba concurso da Magistratura\",\"datePublished\":\"2018-12-04T09:42:57+00:00\",\"dateModified\":\"2019-04-16T12:42:17+00:00\",\"mainEntityOfPage\":{\"@id\":\"https:\/\/www.estrategiaconcursos.com.br\/blog\/gabarito-tj-sp-processo-penal\/\"},\"wordCount\":3274,\"commentCount\":1,\"publisher\":{\"@id\":\"https:\/\/www.estrategiaconcursos.com.br\/blog\/#organization\"},\"image\":{\"@id\":\"https:\/\/www.estrategiaconcursos.com.br\/blog\/gabarito-tj-sp-processo-penal\/#primaryimage\"},\"thumbnailUrl\":\"https:\/\/dhg1h5j42swfq.cloudfront.net\/2018\/11\/30161319\/gabarito-tj-sp-juiz.jpg\",\"articleSection\":[\"Concursos P\u00fablicos\"],\"inLanguage\":\"pt-BR\",\"potentialAction\":[{\"@type\":\"CommentAction\",\"name\":\"Comment\",\"target\":[\"https:\/\/www.estrategiaconcursos.com.br\/blog\/gabarito-tj-sp-processo-penal\/#respond\"]}],\"copyrightYear\":\"2018\",\"copyrightHolder\":{\"@id\":\"https:\/\/www.estrategiaconcursos.com.br\/blog\/#organization\"}},{\"@type\":\"WebPage\",\"@id\":\"https:\/\/www.estrategiaconcursos.com.br\/blog\/gabarito-tj-sp-processo-penal\/\",\"url\":\"https:\/\/www.estrategiaconcursos.com.br\/blog\/gabarito-tj-sp-processo-penal\/\",\"name\":\"Gabarito TJ SP: coment\u00e1rios \u00e0 prova de Processo Penal do 188\u00ba concurso\",\"isPartOf\":{\"@id\":\"https:\/\/www.estrategiaconcursos.com.br\/blog\/#website\"},\"primaryImageOfPage\":{\"@id\":\"https:\/\/www.estrategiaconcursos.com.br\/blog\/gabarito-tj-sp-processo-penal\/#primaryimage\"},\"image\":{\"@id\":\"https:\/\/www.estrategiaconcursos.com.br\/blog\/gabarito-tj-sp-processo-penal\/#primaryimage\"},\"thumbnailUrl\":\"https:\/\/dhg1h5j42swfq.cloudfront.net\/2018\/11\/30161319\/gabarito-tj-sp-juiz.jpg\",\"datePublished\":\"2018-12-04T09:42:57+00:00\",\"dateModified\":\"2019-04-16T12:42:17+00:00\",\"description\":\"Gabarito TJ SP Processo Penal: confira a an\u00e1lise completa da prova de Direito Processual Penal do 188\u00ba concurso da Magistratura de SP.\",\"breadcrumb\":{\"@id\":\"https:\/\/www.estrategiaconcursos.com.br\/blog\/gabarito-tj-sp-processo-penal\/#breadcrumb\"},\"inLanguage\":\"pt-BR\",\"potentialAction\":[{\"@type\":\"ReadAction\",\"target\":[\"https:\/\/www.estrategiaconcursos.com.br\/blog\/gabarito-tj-sp-processo-penal\/\"]}]},{\"@type\":\"ImageObject\",\"inLanguage\":\"pt-BR\",\"@id\":\"https:\/\/www.estrategiaconcursos.com.br\/blog\/gabarito-tj-sp-processo-penal\/#primaryimage\",\"url\":\"https:\/\/dhg1h5j42swfq.cloudfront.net\/2018\/11\/30161319\/gabarito-tj-sp-juiz.jpg\",\"contentUrl\":\"https:\/\/dhg1h5j42swfq.cloudfront.net\/2018\/11\/30161319\/gabarito-tj-sp-juiz.jpg\",\"width\":1200,\"height\":628,\"caption\":\"gabarito tj sp juiz\"},{\"@type\":\"BreadcrumbList\",\"@id\":\"https:\/\/www.estrategiaconcursos.com.br\/blog\/gabarito-tj-sp-processo-penal\/#breadcrumb\",\"itemListElement\":[{\"@type\":\"ListItem\",\"position\":1,\"name\":\"In\u00edcio\",\"item\":\"https:\/\/www.estrategiaconcursos.com.br\/blog\/\"},{\"@type\":\"ListItem\",\"position\":2,\"name\":\"Gabarito TJ SP: coment\u00e1rios \u00e0 prova de Processo Penal do 188\u00ba concurso da Magistratura\"}]},{\"@type\":\"WebSite\",\"@id\":\"https:\/\/www.estrategiaconcursos.com.br\/blog\/#website\",\"url\":\"https:\/\/www.estrategiaconcursos.com.br\/blog\/\",\"name\":\"Estrat\u00e9gia Concursos\",\"description\":\"O blog da Estrat\u00e9gia Concursos traz not\u00edcias sobre concursos e artigos de professores oferecendo cursos para concursos (pdf + videaulas) no site.\",\"publisher\":{\"@id\":\"https:\/\/www.estrategiaconcursos.com.br\/blog\/#organization\"},\"potentialAction\":[{\"@type\":\"SearchAction\",\"target\":{\"@type\":\"EntryPoint\",\"urlTemplate\":\"https:\/\/www.estrategiaconcursos.com.br\/blog\/?s={search_term_string}\"},\"query-input\":{\"@type\":\"PropertyValueSpecification\",\"valueRequired\":true,\"valueName\":\"search_term_string\"}}],\"inLanguage\":\"pt-BR\"},{\"@type\":\"Organization\",\"@id\":\"https:\/\/www.estrategiaconcursos.com.br\/blog\/#organization\",\"name\":\"Estrat\u00e9gia Concursos\",\"url\":\"https:\/\/www.estrategiaconcursos.com.br\/blog\/\",\"logo\":{\"@type\":\"ImageObject\",\"inLanguage\":\"pt-BR\",\"@id\":\"https:\/\/www.estrategiaconcursos.com.br\/blog\/#\/schema\/logo\/image\/\",\"url\":\"https:\/\/dhg1h5j42swfq.cloudfront.net\/2025\/06\/03203428\/logo_concursos-1.jpg\",\"contentUrl\":\"https:\/\/dhg1h5j42swfq.cloudfront.net\/2025\/06\/03203428\/logo_concursos-1.jpg\",\"width\":230,\"height\":60,\"caption\":\"Estrat\u00e9gia Concursos\"},\"image\":{\"@id\":\"https:\/\/www.estrategiaconcursos.com.br\/blog\/#\/schema\/logo\/image\/\"},\"sameAs\":[\"https:\/\/x.com\/EstratConcursos\"]},{\"@type\":\"Person\",\"@id\":\"https:\/\/www.estrategiaconcursos.com.br\/blog\/#\/schema\/person\/d531664e63d1dcee60298ab782d90a08\",\"name\":\"Leonardo Ribas Tavares\",\"image\":{\"@type\":\"ImageObject\",\"inLanguage\":\"pt-BR\",\"@id\":\"https:\/\/secure.gravatar.com\/avatar\/bf395589725dc81456f56ac04b14fa15403ee4891c08dd2199a566b71972df92?s=96&d=mm&r=g\",\"url\":\"https:\/\/secure.gravatar.com\/avatar\/bf395589725dc81456f56ac04b14fa15403ee4891c08dd2199a566b71972df92?s=96&d=mm&r=g\",\"contentUrl\":\"https:\/\/secure.gravatar.com\/avatar\/bf395589725dc81456f56ac04b14fa15403ee4891c08dd2199a566b71972df92?s=96&d=mm&r=g\",\"caption\":\"Leonardo Ribas Tavares\"},\"url\":\"https:\/\/www.estrategiaconcursos.com.br\/blog\/author\/prof-leotavaresgmail-com\/\"}]}<\/script>\n<!-- \/ Yoast SEO Premium plugin. -->","yoast_head_json":{"title":"Gabarito TJ SP: coment\u00e1rios \u00e0 prova de Processo Penal do 188\u00ba concurso","description":"Gabarito TJ SP Processo Penal: confira a an\u00e1lise completa da prova de Direito Processual Penal do 188\u00ba concurso da Magistratura de SP.","robots":{"index":"index","follow":"follow","max-snippet":"max-snippet:-1","max-image-preview":"max-image-preview:large","max-video-preview":"max-video-preview:-1"},"canonical":"https:\/\/www.estrategiaconcursos.com.br\/blog\/gabarito-tj-sp-processo-penal\/","og_locale":"pt_BR","og_type":"article","og_title":"Gabarito TJ SP: coment\u00e1rios \u00e0 prova de Processo Penal do 188\u00ba concurso da Magistratura","og_description":"Gabarito TJ SP Processo Penal: confira a an\u00e1lise completa da prova de Direito Processual Penal do 188\u00ba concurso da Magistratura de SP.","og_url":"https:\/\/www.estrategiaconcursos.com.br\/blog\/gabarito-tj-sp-processo-penal\/","og_site_name":"Estrat\u00e9gia Concursos","article_published_time":"2018-12-04T09:42:57+00:00","article_modified_time":"2019-04-16T12:42:17+00:00","og_image":[{"width":1200,"height":628,"url":"https:\/\/dhg1h5j42swfq.cloudfront.net\/2018\/11\/30161319\/gabarito-tj-sp-juiz.jpg","type":"image\/jpeg"}],"author":"Leonardo Ribas Tavares","twitter_card":"summary_large_image","twitter_creator":"@EstratConcursos","twitter_site":"@EstratConcursos","twitter_misc":{"Escrito por":"Leonardo Ribas Tavares","Est. tempo de leitura":"16 minutos"},"schema":{"@context":"https:\/\/schema.org","@graph":[{"@type":"NewsArticle","@id":"https:\/\/www.estrategiaconcursos.com.br\/blog\/gabarito-tj-sp-processo-penal\/#article","isPartOf":{"@id":"https:\/\/www.estrategiaconcursos.com.br\/blog\/gabarito-tj-sp-processo-penal\/"},"author":{"name":"Leonardo Ribas Tavares","@id":"https:\/\/www.estrategiaconcursos.com.br\/blog\/#\/schema\/person\/d531664e63d1dcee60298ab782d90a08"},"headline":"Gabarito TJ SP: coment\u00e1rios \u00e0 prova de Processo Penal do 188\u00ba concurso da Magistratura","datePublished":"2018-12-04T09:42:57+00:00","dateModified":"2019-04-16T12:42:17+00:00","mainEntityOfPage":{"@id":"https:\/\/www.estrategiaconcursos.com.br\/blog\/gabarito-tj-sp-processo-penal\/"},"wordCount":3274,"commentCount":1,"publisher":{"@id":"https:\/\/www.estrategiaconcursos.com.br\/blog\/#organization"},"image":{"@id":"https:\/\/www.estrategiaconcursos.com.br\/blog\/gabarito-tj-sp-processo-penal\/#primaryimage"},"thumbnailUrl":"https:\/\/dhg1h5j42swfq.cloudfront.net\/2018\/11\/30161319\/gabarito-tj-sp-juiz.jpg","articleSection":["Concursos P\u00fablicos"],"inLanguage":"pt-BR","potentialAction":[{"@type":"CommentAction","name":"Comment","target":["https:\/\/www.estrategiaconcursos.com.br\/blog\/gabarito-tj-sp-processo-penal\/#respond"]}],"copyrightYear":"2018","copyrightHolder":{"@id":"https:\/\/www.estrategiaconcursos.com.br\/blog\/#organization"}},{"@type":"WebPage","@id":"https:\/\/www.estrategiaconcursos.com.br\/blog\/gabarito-tj-sp-processo-penal\/","url":"https:\/\/www.estrategiaconcursos.com.br\/blog\/gabarito-tj-sp-processo-penal\/","name":"Gabarito TJ SP: coment\u00e1rios \u00e0 prova de Processo Penal do 188\u00ba concurso","isPartOf":{"@id":"https:\/\/www.estrategiaconcursos.com.br\/blog\/#website"},"primaryImageOfPage":{"@id":"https:\/\/www.estrategiaconcursos.com.br\/blog\/gabarito-tj-sp-processo-penal\/#primaryimage"},"image":{"@id":"https:\/\/www.estrategiaconcursos.com.br\/blog\/gabarito-tj-sp-processo-penal\/#primaryimage"},"thumbnailUrl":"https:\/\/dhg1h5j42swfq.cloudfront.net\/2018\/11\/30161319\/gabarito-tj-sp-juiz.jpg","datePublished":"2018-12-04T09:42:57+00:00","dateModified":"2019-04-16T12:42:17+00:00","description":"Gabarito TJ SP Processo Penal: confira a an\u00e1lise completa da prova de Direito Processual Penal do 188\u00ba concurso da Magistratura de SP.","breadcrumb":{"@id":"https:\/\/www.estrategiaconcursos.com.br\/blog\/gabarito-tj-sp-processo-penal\/#breadcrumb"},"inLanguage":"pt-BR","potentialAction":[{"@type":"ReadAction","target":["https:\/\/www.estrategiaconcursos.com.br\/blog\/gabarito-tj-sp-processo-penal\/"]}]},{"@type":"ImageObject","inLanguage":"pt-BR","@id":"https:\/\/www.estrategiaconcursos.com.br\/blog\/gabarito-tj-sp-processo-penal\/#primaryimage","url":"https:\/\/dhg1h5j42swfq.cloudfront.net\/2018\/11\/30161319\/gabarito-tj-sp-juiz.jpg","contentUrl":"https:\/\/dhg1h5j42swfq.cloudfront.net\/2018\/11\/30161319\/gabarito-tj-sp-juiz.jpg","width":1200,"height":628,"caption":"gabarito tj sp juiz"},{"@type":"BreadcrumbList","@id":"https:\/\/www.estrategiaconcursos.com.br\/blog\/gabarito-tj-sp-processo-penal\/#breadcrumb","itemListElement":[{"@type":"ListItem","position":1,"name":"In\u00edcio","item":"https:\/\/www.estrategiaconcursos.com.br\/blog\/"},{"@type":"ListItem","position":2,"name":"Gabarito TJ SP: coment\u00e1rios \u00e0 prova de Processo Penal do 188\u00ba concurso da Magistratura"}]},{"@type":"WebSite","@id":"https:\/\/www.estrategiaconcursos.com.br\/blog\/#website","url":"https:\/\/www.estrategiaconcursos.com.br\/blog\/","name":"Estrat\u00e9gia Concursos","description":"O blog da Estrat\u00e9gia Concursos traz not\u00edcias sobre concursos e artigos de professores oferecendo cursos para concursos (pdf + videaulas) no site.","publisher":{"@id":"https:\/\/www.estrategiaconcursos.com.br\/blog\/#organization"},"potentialAction":[{"@type":"SearchAction","target":{"@type":"EntryPoint","urlTemplate":"https:\/\/www.estrategiaconcursos.com.br\/blog\/?s={search_term_string}"},"query-input":{"@type":"PropertyValueSpecification","valueRequired":true,"valueName":"search_term_string"}}],"inLanguage":"pt-BR"},{"@type":"Organization","@id":"https:\/\/www.estrategiaconcursos.com.br\/blog\/#organization","name":"Estrat\u00e9gia Concursos","url":"https:\/\/www.estrategiaconcursos.com.br\/blog\/","logo":{"@type":"ImageObject","inLanguage":"pt-BR","@id":"https:\/\/www.estrategiaconcursos.com.br\/blog\/#\/schema\/logo\/image\/","url":"https:\/\/dhg1h5j42swfq.cloudfront.net\/2025\/06\/03203428\/logo_concursos-1.jpg","contentUrl":"https:\/\/dhg1h5j42swfq.cloudfront.net\/2025\/06\/03203428\/logo_concursos-1.jpg","width":230,"height":60,"caption":"Estrat\u00e9gia Concursos"},"image":{"@id":"https:\/\/www.estrategiaconcursos.com.br\/blog\/#\/schema\/logo\/image\/"},"sameAs":["https:\/\/x.com\/EstratConcursos"]},{"@type":"Person","@id":"https:\/\/www.estrategiaconcursos.com.br\/blog\/#\/schema\/person\/d531664e63d1dcee60298ab782d90a08","name":"Leonardo Ribas Tavares","image":{"@type":"ImageObject","inLanguage":"pt-BR","@id":"https:\/\/secure.gravatar.com\/avatar\/bf395589725dc81456f56ac04b14fa15403ee4891c08dd2199a566b71972df92?s=96&d=mm&r=g","url":"https:\/\/secure.gravatar.com\/avatar\/bf395589725dc81456f56ac04b14fa15403ee4891c08dd2199a566b71972df92?s=96&d=mm&r=g","contentUrl":"https:\/\/secure.gravatar.com\/avatar\/bf395589725dc81456f56ac04b14fa15403ee4891c08dd2199a566b71972df92?s=96&d=mm&r=g","caption":"Leonardo Ribas Tavares"},"url":"https:\/\/www.estrategiaconcursos.com.br\/blog\/author\/prof-leotavaresgmail-com\/"}]}},"_links":{"self":[{"href":"https:\/\/www.estrategiaconcursos.com.br\/blog\/wp-json\/wp\/v2\/posts\/154305","targetHints":{"allow":["GET"]}}],"collection":[{"href":"https:\/\/www.estrategiaconcursos.com.br\/blog\/wp-json\/wp\/v2\/posts"}],"about":[{"href":"https:\/\/www.estrategiaconcursos.com.br\/blog\/wp-json\/wp\/v2\/types\/post"}],"author":[{"embeddable":true,"href":"https:\/\/www.estrategiaconcursos.com.br\/blog\/wp-json\/wp\/v2\/users\/555"}],"replies":[{"embeddable":true,"href":"https:\/\/www.estrategiaconcursos.com.br\/blog\/wp-json\/wp\/v2\/comments?post=154305"}],"version-history":[{"count":1,"href":"https:\/\/www.estrategiaconcursos.com.br\/blog\/wp-json\/wp\/v2\/posts\/154305\/revisions"}],"predecessor-version":[{"id":154306,"href":"https:\/\/www.estrategiaconcursos.com.br\/blog\/wp-json\/wp\/v2\/posts\/154305\/revisions\/154306"}],"wp:featuredmedia":[{"embeddable":true,"href":"https:\/\/www.estrategiaconcursos.com.br\/blog\/wp-json\/wp\/v2\/media\/153672"}],"wp:attachment":[{"href":"https:\/\/www.estrategiaconcursos.com.br\/blog\/wp-json\/wp\/v2\/media?parent=154305"}],"wp:term":[{"taxonomy":"category","embeddable":true,"href":"https:\/\/www.estrategiaconcursos.com.br\/blog\/wp-json\/wp\/v2\/categories?post=154305"},{"taxonomy":"post_tag","embeddable":true,"href":"https:\/\/www.estrategiaconcursos.com.br\/blog\/wp-json\/wp\/v2\/tags?post=154305"},{"taxonomy":"tax_estado","embeddable":true,"href":"https:\/\/www.estrategiaconcursos.com.br\/blog\/wp-json\/wp\/v2\/tax_estado?post=154305"}],"curies":[{"name":"wp","href":"https:\/\/api.w.org\/{rel}","templated":true}]}}