{"id":154199,"date":"2018-12-04T09:00:50","date_gmt":"2018-12-04T12:00:50","guid":{"rendered":"https:\/\/www.estrategiaconcursos.com.br\/blog\/?p=154199"},"modified":"2018-12-04T09:12:28","modified_gmt":"2018-12-04T12:12:28","slug":"locais-de-prova-prf","status":"publish","type":"post","link":"https:\/\/www.estrategiaconcursos.com.br\/blog\/locais-de-prova-prf\/","title":{"rendered":"MPF avalia se provas do concurso PRF devem ocorrer em todas as capitais"},"content":{"rendered":"<p><em><span style=\"font-size: 18pt;\">MPF recebe pedidos amplia\u00e7\u00e3o de n\u00famero de cidades com prova da PRF<\/span><\/em><\/p>\n<p>Ap\u00f3s in\u00fameras solicita\u00e7\u00f5es, o Minist\u00e9rio P\u00fablico Federal foi provocado a apreciar uma not\u00edcia de fato sobre o concurso da Pol\u00edcia Rodovi\u00e1ria Federal. Isso porque o edital imp\u00f5e que os candidatos prestem as primeiras etapas do concurso nos estados onde escolherem como lota\u00e7\u00e3o. A manifesta\u00e7\u00e3o dos candidatos \u00e9 contr\u00e1ria \u00e0 regra.<\/p>\n<p>O argumento que tem provocado o MPF a apreciar o caso, segundo a ementa do procedimento, \u00e9 que a limita\u00e7\u00e3o dos locais de prova \u00e0s capitais com vagas o princ\u00edpio constitucional da isonomia, uma vez que restringe o acesso e a participa\u00e7\u00e3o no concurso, e que nem todos ter\u00e3o condi\u00e7\u00f5es para arcar com custos extras, como deslocamento, hospedagem e alimenta\u00e7\u00e3o.<\/p>\n<p>Mas n\u00e3o \u00e9 o que diz o item 7.4.1 do edital PRF 2018, o qual indica que:<\/p>\n<blockquote><p><em>Antes de efetuar a solicita\u00e7\u00e3o de inscri\u00e7\u00e3o, o candidato dever\u00e1 conhecer o edital e certificar-se de que preenche todos os requisitos exigidos. No sistema de inscri\u00e7\u00e3o, o candidato dever\u00e1 optar por uma cidade de realiza\u00e7\u00e3o das provas, <span style=\"text-decoration: underline;\">que ser\u00e1 obrigatoriamente vinculada \u00e0 UF de vaga para a qual deseja concorrer<\/span>.<\/em><\/p><\/blockquote>\n<p>O procedimento ainda est\u00e1 em seu est\u00e1gio inicial: a Procuradoria da Rep\u00fablica no Rio Grande do Norte, que recebeu a not\u00edcia de fato, ainda deve deliberar pelo seu arquivamento ou pela instaura\u00e7\u00e3o de um inqu\u00e9rito civil. O MPF tem prazo de 30 dias, prorrog\u00e1vel por at\u00e9 90 dias, para dar seu parecer sobre o caso.<\/p>\n<p>Desde 2016, o entendimento j\u00e1 consolidado do MPF \u00e9 que todos os concursos em N\u00edvel Federal devem ter aplica\u00e7\u00e3o de provas em todas as capitais brasileiras e no Distrito Federal.<\/p>\n<p style=\"text-align: center;\"><span style=\"font-size: 18pt;\"><a href=\"https:\/\/www.estrategiaconcursos.com.br\/blog\/edital-prf-banca-cria-pagina\/\" target=\"_blank\" rel=\"noopener\">INFORMA\u00c7\u00d5ES &#8211; EDITAL PRF<\/a><\/span><\/p>\n<p style=\"text-align: center;\"><span style=\"font-size: 18pt;\"><a href=\"https:\/\/www.estrategiaconcursos.com.br\/cursosPorConcurso\/promocao-pacotes-completos-para-prf\/\" target=\"_blank\" rel=\"noopener\"><span style=\"text-decoration: underline;\">PROMO\u00c7\u00c3O &#8211; CURSOS PRF<\/span><\/a><\/span><\/p>\n","protected":false},"excerpt":{"rendered":"<p>MPF recebe pedidos amplia\u00e7\u00e3o de n\u00famero de cidades com prova da PRF Ap\u00f3s in\u00fameras solicita\u00e7\u00f5es, o Minist\u00e9rio P\u00fablico Federal foi provocado a apreciar uma not\u00edcia de fato sobre o concurso da Pol\u00edcia Rodovi\u00e1ria Federal. Isso porque o edital imp\u00f5e que os candidatos prestem as primeiras etapas do concurso nos estados onde escolherem como lota\u00e7\u00e3o. A [&hellip;]<\/p>\n","protected":false},"author":1,"featured_media":154202,"comment_status":"open","ping_status":"closed","sticky":false,"template":"","format":"standard","meta":{"post_tipo":"news","footnotes":""},"categories":[1],"tags":[],"tax_estado":[],"class_list":["post-154199","post","type-post","status-publish","format-standard","has-post-thumbnail","hentry","category-cursos-e-concursos"],"acf":[],"yoast_head":"<!-- This site is optimized with the Yoast SEO Premium plugin v27.2 (Yoast SEO v27.2) - https:\/\/yoast.com\/product\/yoast-seo-premium-wordpress\/ -->\n<title>MPF avalia se Cespe deve ampliar locais de provas da PRF<\/title>\n<meta name=\"description\" content=\"MPF do Rio Grande do Norte recebeu solicita\u00e7\u00f5es de que locais de prova no concurso PRF sejam ampliados para todas as capitais e o Distrito Federal.\" \/>\n<meta name=\"robots\" content=\"index, follow, max-snippet:-1, max-image-preview:large, max-video-preview:-1\" \/>\n<link rel=\"canonical\" href=\"https:\/\/www.estrategiaconcursos.com.br\/blog\/locais-de-prova-prf\/\" \/>\n<meta property=\"og:locale\" content=\"pt_BR\" \/>\n<meta property=\"og:type\" content=\"article\" \/>\n<meta property=\"og:title\" content=\"MPF avalia se provas do concurso PRF devem ocorrer em todas as capitais\" \/>\n<meta property=\"og:description\" content=\"MPF do Rio Grande do Norte recebeu solicita\u00e7\u00f5es de que locais de prova no concurso PRF sejam ampliados para todas as capitais e o Distrito Federal.\" \/>\n<meta property=\"og:url\" content=\"https:\/\/www.estrategiaconcursos.com.br\/blog\/locais-de-prova-prf\/\" \/>\n<meta property=\"og:site_name\" content=\"Estrat\u00e9gia Concursos\" \/>\n<meta property=\"article:author\" content=\"https:\/\/www.facebook.com\/EstrategiaConcursos\" \/>\n<meta property=\"article:published_time\" content=\"2018-12-04T12:00:50+00:00\" \/>\n<meta property=\"article:modified_time\" content=\"2018-12-04T12:12:28+00:00\" \/>\n<meta property=\"og:image\" content=\"https:\/\/dhg1h5j42swfq.cloudfront.net\/2018\/12\/03160851\/prf1-1024x680.jpg\" \/>\n\t<meta property=\"og:image:width\" content=\"1024\" \/>\n\t<meta property=\"og:image:height\" content=\"680\" \/>\n\t<meta property=\"og:image:type\" content=\"image\/jpeg\" \/>\n<meta name=\"author\" content=\"Coordena\u00e7\u00e3o\" \/>\n<meta name=\"twitter:card\" content=\"summary_large_image\" \/>\n<meta name=\"twitter:creator\" content=\"@EstratConcursos\" \/>\n<meta name=\"twitter:site\" content=\"@EstratConcursos\" \/>\n<meta name=\"twitter:label1\" content=\"Escrito por\" \/>\n\t<meta name=\"twitter:data1\" content=\"Coordena\u00e7\u00e3o\" \/>\n\t<meta name=\"twitter:label2\" content=\"Est. tempo de leitura\" \/>\n\t<meta name=\"twitter:data2\" content=\"2 minutos\" \/>\n<script type=\"application\/ld+json\" class=\"yoast-schema-graph\">{\"@context\":\"https:\/\/schema.org\",\"@graph\":[{\"@type\":\"NewsArticle\",\"@id\":\"https:\/\/www.estrategiaconcursos.com.br\/blog\/locais-de-prova-prf\/#article\",\"isPartOf\":{\"@id\":\"https:\/\/www.estrategiaconcursos.com.br\/blog\/locais-de-prova-prf\/\"},\"author\":{\"name\":\"Coordena\u00e7\u00e3o\",\"@id\":\"https:\/\/www.estrategiaconcursos.com.br\/blog\/#\/schema\/person\/b4a388c97673c5f483d72185668afa1f\"},\"headline\":\"MPF avalia se provas do concurso PRF devem ocorrer em todas as capitais\",\"datePublished\":\"2018-12-04T12:00:50+00:00\",\"dateModified\":\"2018-12-04T12:12:28+00:00\",\"mainEntityOfPage\":{\"@id\":\"https:\/\/www.estrategiaconcursos.com.br\/blog\/locais-de-prova-prf\/\"},\"wordCount\":319,\"commentCount\":42,\"publisher\":{\"@id\":\"https:\/\/www.estrategiaconcursos.com.br\/blog\/#organization\"},\"image\":{\"@id\":\"https:\/\/www.estrategiaconcursos.com.br\/blog\/locais-de-prova-prf\/#primaryimage\"},\"thumbnailUrl\":\"https:\/\/dhg1h5j42swfq.cloudfront.net\/2018\/12\/03160851\/prf1.jpg\",\"articleSection\":[\"Concursos P\u00fablicos\"],\"inLanguage\":\"pt-BR\",\"potentialAction\":[{\"@type\":\"CommentAction\",\"name\":\"Comment\",\"target\":[\"https:\/\/www.estrategiaconcursos.com.br\/blog\/locais-de-prova-prf\/#respond\"]}],\"copyrightYear\":\"2018\",\"copyrightHolder\":{\"@id\":\"https:\/\/www.estrategiaconcursos.com.br\/blog\/#organization\"}},{\"@type\":\"WebPage\",\"@id\":\"https:\/\/www.estrategiaconcursos.com.br\/blog\/locais-de-prova-prf\/\",\"url\":\"https:\/\/www.estrategiaconcursos.com.br\/blog\/locais-de-prova-prf\/\",\"name\":\"MPF avalia se Cespe deve ampliar locais de provas da PRF\",\"isPartOf\":{\"@id\":\"https:\/\/www.estrategiaconcursos.com.br\/blog\/#website\"},\"primaryImageOfPage\":{\"@id\":\"https:\/\/www.estrategiaconcursos.com.br\/blog\/locais-de-prova-prf\/#primaryimage\"},\"image\":{\"@id\":\"https:\/\/www.estrategiaconcursos.com.br\/blog\/locais-de-prova-prf\/#primaryimage\"},\"thumbnailUrl\":\"https:\/\/dhg1h5j42swfq.cloudfront.net\/2018\/12\/03160851\/prf1.jpg\",\"datePublished\":\"2018-12-04T12:00:50+00:00\",\"dateModified\":\"2018-12-04T12:12:28+00:00\",\"description\":\"MPF do Rio Grande do Norte recebeu solicita\u00e7\u00f5es de que locais de prova no concurso PRF sejam ampliados para todas as capitais e o Distrito Federal.\",\"breadcrumb\":{\"@id\":\"https:\/\/www.estrategiaconcursos.com.br\/blog\/locais-de-prova-prf\/#breadcrumb\"},\"inLanguage\":\"pt-BR\",\"potentialAction\":[{\"@type\":\"ReadAction\",\"target\":[\"https:\/\/www.estrategiaconcursos.com.br\/blog\/locais-de-prova-prf\/\"]}]},{\"@type\":\"ImageObject\",\"inLanguage\":\"pt-BR\",\"@id\":\"https:\/\/www.estrategiaconcursos.com.br\/blog\/locais-de-prova-prf\/#primaryimage\",\"url\":\"https:\/\/dhg1h5j42swfq.cloudfront.net\/2018\/12\/03160851\/prf1.jpg\",\"contentUrl\":\"https:\/\/dhg1h5j42swfq.cloudfront.net\/2018\/12\/03160851\/prf1.jpg\",\"width\":4288,\"height\":2848,\"caption\":\"concurso prf\"},{\"@type\":\"BreadcrumbList\",\"@id\":\"https:\/\/www.estrategiaconcursos.com.br\/blog\/locais-de-prova-prf\/#breadcrumb\",\"itemListElement\":[{\"@type\":\"ListItem\",\"position\":1,\"name\":\"In\u00edcio\",\"item\":\"https:\/\/www.estrategiaconcursos.com.br\/blog\/\"},{\"@type\":\"ListItem\",\"position\":2,\"name\":\"MPF avalia se provas do concurso PRF devem ocorrer em todas as capitais\"}]},{\"@type\":\"WebSite\",\"@id\":\"https:\/\/www.estrategiaconcursos.com.br\/blog\/#website\",\"url\":\"https:\/\/www.estrategiaconcursos.com.br\/blog\/\",\"name\":\"Estrat\u00e9gia Concursos\",\"description\":\"O blog da Estrat\u00e9gia Concursos traz not\u00edcias sobre concursos e artigos de professores oferecendo cursos para concursos (pdf + videaulas) no site.\",\"publisher\":{\"@id\":\"https:\/\/www.estrategiaconcursos.com.br\/blog\/#organization\"},\"potentialAction\":[{\"@type\":\"SearchAction\",\"target\":{\"@type\":\"EntryPoint\",\"urlTemplate\":\"https:\/\/www.estrategiaconcursos.com.br\/blog\/?s={search_term_string}\"},\"query-input\":{\"@type\":\"PropertyValueSpecification\",\"valueRequired\":true,\"valueName\":\"search_term_string\"}}],\"inLanguage\":\"pt-BR\"},{\"@type\":\"Organization\",\"@id\":\"https:\/\/www.estrategiaconcursos.com.br\/blog\/#organization\",\"name\":\"Estrat\u00e9gia Concursos\",\"url\":\"https:\/\/www.estrategiaconcursos.com.br\/blog\/\",\"logo\":{\"@type\":\"ImageObject\",\"inLanguage\":\"pt-BR\",\"@id\":\"https:\/\/www.estrategiaconcursos.com.br\/blog\/#\/schema\/logo\/image\/\",\"url\":\"https:\/\/dhg1h5j42swfq.cloudfront.net\/2025\/06\/03203428\/logo_concursos-1.jpg\",\"contentUrl\":\"https:\/\/dhg1h5j42swfq.cloudfront.net\/2025\/06\/03203428\/logo_concursos-1.jpg\",\"width\":230,\"height\":60,\"caption\":\"Estrat\u00e9gia Concursos\"},\"image\":{\"@id\":\"https:\/\/www.estrategiaconcursos.com.br\/blog\/#\/schema\/logo\/image\/\"},\"sameAs\":[\"https:\/\/x.com\/EstratConcursos\"]},{\"@type\":\"Person\",\"@id\":\"https:\/\/www.estrategiaconcursos.com.br\/blog\/#\/schema\/person\/b4a388c97673c5f483d72185668afa1f\",\"name\":\"Coordena\u00e7\u00e3o\",\"image\":{\"@type\":\"ImageObject\",\"inLanguage\":\"pt-BR\",\"@id\":\"https:\/\/secure.gravatar.com\/avatar\/b720319e4c9a967eb58678d110f4fe35452fc5d5f97b202bac7b8acceb18c6ad?s=96&d=mm&r=g\",\"url\":\"https:\/\/secure.gravatar.com\/avatar\/b720319e4c9a967eb58678d110f4fe35452fc5d5f97b202bac7b8acceb18c6ad?s=96&d=mm&r=g\",\"contentUrl\":\"https:\/\/secure.gravatar.com\/avatar\/b720319e4c9a967eb58678d110f4fe35452fc5d5f97b202bac7b8acceb18c6ad?s=96&d=mm&r=g\",\"caption\":\"Coordena\u00e7\u00e3o\"},\"sameAs\":[\"https:\/\/www.facebook.com\/EstrategiaConcursos\",\"https:\/\/x.com\/EstratConcursos\"],\"url\":\"https:\/\/www.estrategiaconcursos.com.br\/blog\/author\/estrategia2013\/\"}]}<\/script>\n<!-- \/ Yoast SEO Premium plugin. -->","yoast_head_json":{"title":"MPF avalia se Cespe deve ampliar locais de provas da PRF","description":"MPF do Rio Grande do Norte recebeu solicita\u00e7\u00f5es de que locais de prova no concurso PRF sejam ampliados para todas as capitais e o Distrito Federal.","robots":{"index":"index","follow":"follow","max-snippet":"max-snippet:-1","max-image-preview":"max-image-preview:large","max-video-preview":"max-video-preview:-1"},"canonical":"https:\/\/www.estrategiaconcursos.com.br\/blog\/locais-de-prova-prf\/","og_locale":"pt_BR","og_type":"article","og_title":"MPF avalia se provas do concurso PRF devem ocorrer em todas as capitais","og_description":"MPF do Rio Grande do Norte recebeu solicita\u00e7\u00f5es de que locais de prova no concurso PRF sejam ampliados para todas as capitais e o Distrito Federal.","og_url":"https:\/\/www.estrategiaconcursos.com.br\/blog\/locais-de-prova-prf\/","og_site_name":"Estrat\u00e9gia Concursos","article_author":"https:\/\/www.facebook.com\/EstrategiaConcursos","article_published_time":"2018-12-04T12:00:50+00:00","article_modified_time":"2018-12-04T12:12:28+00:00","og_image":[{"width":1024,"height":680,"url":"https:\/\/dhg1h5j42swfq.cloudfront.net\/2018\/12\/03160851\/prf1-1024x680.jpg","type":"image\/jpeg"}],"author":"Coordena\u00e7\u00e3o","twitter_card":"summary_large_image","twitter_creator":"@EstratConcursos","twitter_site":"@EstratConcursos","twitter_misc":{"Escrito por":"Coordena\u00e7\u00e3o","Est. tempo de leitura":"2 minutos"},"schema":{"@context":"https:\/\/schema.org","@graph":[{"@type":"NewsArticle","@id":"https:\/\/www.estrategiaconcursos.com.br\/blog\/locais-de-prova-prf\/#article","isPartOf":{"@id":"https:\/\/www.estrategiaconcursos.com.br\/blog\/locais-de-prova-prf\/"},"author":{"name":"Coordena\u00e7\u00e3o","@id":"https:\/\/www.estrategiaconcursos.com.br\/blog\/#\/schema\/person\/b4a388c97673c5f483d72185668afa1f"},"headline":"MPF avalia se provas do concurso PRF devem ocorrer em todas as capitais","datePublished":"2018-12-04T12:00:50+00:00","dateModified":"2018-12-04T12:12:28+00:00","mainEntityOfPage":{"@id":"https:\/\/www.estrategiaconcursos.com.br\/blog\/locais-de-prova-prf\/"},"wordCount":319,"commentCount":42,"publisher":{"@id":"https:\/\/www.estrategiaconcursos.com.br\/blog\/#organization"},"image":{"@id":"https:\/\/www.estrategiaconcursos.com.br\/blog\/locais-de-prova-prf\/#primaryimage"},"thumbnailUrl":"https:\/\/dhg1h5j42swfq.cloudfront.net\/2018\/12\/03160851\/prf1.jpg","articleSection":["Concursos P\u00fablicos"],"inLanguage":"pt-BR","potentialAction":[{"@type":"CommentAction","name":"Comment","target":["https:\/\/www.estrategiaconcursos.com.br\/blog\/locais-de-prova-prf\/#respond"]}],"copyrightYear":"2018","copyrightHolder":{"@id":"https:\/\/www.estrategiaconcursos.com.br\/blog\/#organization"}},{"@type":"WebPage","@id":"https:\/\/www.estrategiaconcursos.com.br\/blog\/locais-de-prova-prf\/","url":"https:\/\/www.estrategiaconcursos.com.br\/blog\/locais-de-prova-prf\/","name":"MPF avalia se Cespe deve ampliar locais de provas da PRF","isPartOf":{"@id":"https:\/\/www.estrategiaconcursos.com.br\/blog\/#website"},"primaryImageOfPage":{"@id":"https:\/\/www.estrategiaconcursos.com.br\/blog\/locais-de-prova-prf\/#primaryimage"},"image":{"@id":"https:\/\/www.estrategiaconcursos.com.br\/blog\/locais-de-prova-prf\/#primaryimage"},"thumbnailUrl":"https:\/\/dhg1h5j42swfq.cloudfront.net\/2018\/12\/03160851\/prf1.jpg","datePublished":"2018-12-04T12:00:50+00:00","dateModified":"2018-12-04T12:12:28+00:00","description":"MPF do Rio Grande do Norte recebeu solicita\u00e7\u00f5es de que locais de prova no concurso PRF sejam ampliados para todas as capitais e o Distrito Federal.","breadcrumb":{"@id":"https:\/\/www.estrategiaconcursos.com.br\/blog\/locais-de-prova-prf\/#breadcrumb"},"inLanguage":"pt-BR","potentialAction":[{"@type":"ReadAction","target":["https:\/\/www.estrategiaconcursos.com.br\/blog\/locais-de-prova-prf\/"]}]},{"@type":"ImageObject","inLanguage":"pt-BR","@id":"https:\/\/www.estrategiaconcursos.com.br\/blog\/locais-de-prova-prf\/#primaryimage","url":"https:\/\/dhg1h5j42swfq.cloudfront.net\/2018\/12\/03160851\/prf1.jpg","contentUrl":"https:\/\/dhg1h5j42swfq.cloudfront.net\/2018\/12\/03160851\/prf1.jpg","width":4288,"height":2848,"caption":"concurso prf"},{"@type":"BreadcrumbList","@id":"https:\/\/www.estrategiaconcursos.com.br\/blog\/locais-de-prova-prf\/#breadcrumb","itemListElement":[{"@type":"ListItem","position":1,"name":"In\u00edcio","item":"https:\/\/www.estrategiaconcursos.com.br\/blog\/"},{"@type":"ListItem","position":2,"name":"MPF avalia se provas do concurso PRF devem ocorrer em todas as capitais"}]},{"@type":"WebSite","@id":"https:\/\/www.estrategiaconcursos.com.br\/blog\/#website","url":"https:\/\/www.estrategiaconcursos.com.br\/blog\/","name":"Estrat\u00e9gia Concursos","description":"O blog da Estrat\u00e9gia Concursos traz not\u00edcias sobre concursos e artigos de professores oferecendo cursos para concursos (pdf + videaulas) no site.","publisher":{"@id":"https:\/\/www.estrategiaconcursos.com.br\/blog\/#organization"},"potentialAction":[{"@type":"SearchAction","target":{"@type":"EntryPoint","urlTemplate":"https:\/\/www.estrategiaconcursos.com.br\/blog\/?s={search_term_string}"},"query-input":{"@type":"PropertyValueSpecification","valueRequired":true,"valueName":"search_term_string"}}],"inLanguage":"pt-BR"},{"@type":"Organization","@id":"https:\/\/www.estrategiaconcursos.com.br\/blog\/#organization","name":"Estrat\u00e9gia Concursos","url":"https:\/\/www.estrategiaconcursos.com.br\/blog\/","logo":{"@type":"ImageObject","inLanguage":"pt-BR","@id":"https:\/\/www.estrategiaconcursos.com.br\/blog\/#\/schema\/logo\/image\/","url":"https:\/\/dhg1h5j42swfq.cloudfront.net\/2025\/06\/03203428\/logo_concursos-1.jpg","contentUrl":"https:\/\/dhg1h5j42swfq.cloudfront.net\/2025\/06\/03203428\/logo_concursos-1.jpg","width":230,"height":60,"caption":"Estrat\u00e9gia Concursos"},"image":{"@id":"https:\/\/www.estrategiaconcursos.com.br\/blog\/#\/schema\/logo\/image\/"},"sameAs":["https:\/\/x.com\/EstratConcursos"]},{"@type":"Person","@id":"https:\/\/www.estrategiaconcursos.com.br\/blog\/#\/schema\/person\/b4a388c97673c5f483d72185668afa1f","name":"Coordena\u00e7\u00e3o","image":{"@type":"ImageObject","inLanguage":"pt-BR","@id":"https:\/\/secure.gravatar.com\/avatar\/b720319e4c9a967eb58678d110f4fe35452fc5d5f97b202bac7b8acceb18c6ad?s=96&d=mm&r=g","url":"https:\/\/secure.gravatar.com\/avatar\/b720319e4c9a967eb58678d110f4fe35452fc5d5f97b202bac7b8acceb18c6ad?s=96&d=mm&r=g","contentUrl":"https:\/\/secure.gravatar.com\/avatar\/b720319e4c9a967eb58678d110f4fe35452fc5d5f97b202bac7b8acceb18c6ad?s=96&d=mm&r=g","caption":"Coordena\u00e7\u00e3o"},"sameAs":["https:\/\/www.facebook.com\/EstrategiaConcursos","https:\/\/x.com\/EstratConcursos"],"url":"https:\/\/www.estrategiaconcursos.com.br\/blog\/author\/estrategia2013\/"}]}},"_links":{"self":[{"href":"https:\/\/www.estrategiaconcursos.com.br\/blog\/wp-json\/wp\/v2\/posts\/154199","targetHints":{"allow":["GET"]}}],"collection":[{"href":"https:\/\/www.estrategiaconcursos.com.br\/blog\/wp-json\/wp\/v2\/posts"}],"about":[{"href":"https:\/\/www.estrategiaconcursos.com.br\/blog\/wp-json\/wp\/v2\/types\/post"}],"author":[{"embeddable":true,"href":"https:\/\/www.estrategiaconcursos.com.br\/blog\/wp-json\/wp\/v2\/users\/1"}],"replies":[{"embeddable":true,"href":"https:\/\/www.estrategiaconcursos.com.br\/blog\/wp-json\/wp\/v2\/comments?post=154199"}],"version-history":[{"count":8,"href":"https:\/\/www.estrategiaconcursos.com.br\/blog\/wp-json\/wp\/v2\/posts\/154199\/revisions"}],"predecessor-version":[{"id":154317,"href":"https:\/\/www.estrategiaconcursos.com.br\/blog\/wp-json\/wp\/v2\/posts\/154199\/revisions\/154317"}],"wp:featuredmedia":[{"embeddable":true,"href":"https:\/\/www.estrategiaconcursos.com.br\/blog\/wp-json\/wp\/v2\/media\/154202"}],"wp:attachment":[{"href":"https:\/\/www.estrategiaconcursos.com.br\/blog\/wp-json\/wp\/v2\/media?parent=154199"}],"wp:term":[{"taxonomy":"category","embeddable":true,"href":"https:\/\/www.estrategiaconcursos.com.br\/blog\/wp-json\/wp\/v2\/categories?post=154199"},{"taxonomy":"post_tag","embeddable":true,"href":"https:\/\/www.estrategiaconcursos.com.br\/blog\/wp-json\/wp\/v2\/tags?post=154199"},{"taxonomy":"tax_estado","embeddable":true,"href":"https:\/\/www.estrategiaconcursos.com.br\/blog\/wp-json\/wp\/v2\/tax_estado?post=154199"}],"curies":[{"name":"wp","href":"https:\/\/api.w.org\/{rel}","templated":true}]}}